{"id":1087,"date":"2022-09-16T09:47:00","date_gmt":"2022-09-16T07:47:00","guid":{"rendered":"https:\/\/triny.pl\/blog\/?p=1087"},"modified":"2023-09-01T10:54:36","modified_gmt":"2023-09-01T08:54:36","slug":"podstawy-pielegnacji-suchej-cery","status":"publish","type":"post","link":"https:\/\/triny.pl\/blog\/podstawy-pielegnacji-suchej-cery\/","title":{"rendered":"Jak nawil\u017cy\u0107 sk\u00f3r\u0119 i dba\u0107 o cer\u0119 such\u0105?"},"content":{"rendered":"\n<p>Utrzymanie nawil\u017cenia sk\u00f3ry jest bardzo wa\u017cne, zw\u0142aszcza w przypadku sk\u00f3ry suchej. Czy istnieje co\u015b takiego jak naturalne nawil\u017canie twarzy, czy jeste\u015bmy skazane na zabiegi w gabinetach urody i kupowanie drogich produkt\u00f3w? Dlaczego niekt\u00f3rzy maj\u0105 such\u0105 sk\u00f3r\u0119? W tym artykule analizuj\u0119 sk\u0105d w sk\u00f3rze bierze si\u0119 woda, pokazuj\u0119, jak dba\u0107 o cer\u0119 such\u0105, no i oczywi\u015bcie wskazuj\u0119 domowe sposoby na nawil\u017cenie twarzy.<\/p>\n\n\n\n<!--more-->\n\n\n\n<p>W naszej sk\u00f3rze \u2013 najwi\u0119kszym organie ca\u0142ego cia\u0142a \u2013 zmagazynowane jest niemal 20% ca\u0142ej wody organizmu. Z tej ilo\u015bci a\u017c 60% znajduje si\u0119 w g\u0142\u0119bszych warstwach sk\u00f3ry, a w samej warstwie rogowej nask\u00f3rka \u2013 jedynie 13%. Sk\u0105d tam si\u0119 wzi\u0119\u0142a?<\/p>\n\n\n\n<h2 class=\"wp-block-heading\" id=\"skad-sie-bierze-woda-w-skorze\">Sk\u0105d si\u0119 bierze woda w sk\u00f3rze?<\/h2>\n\n\n<div class=\"wp-block-image\">\n<figure class=\"aligncenter size-large\"><picture><source media=\"(max-width: 450px)\" data-srcset=\"https:\/\/triny.pl\/blog\/wp-content\/uploads\/2022\/09\/woda-w-skorze-375x250.jpeg\"><img data-src=\"https:\/\/triny.pl\/blog\/wp-content\/uploads\/2022\/09\/woda-w-skorze-684x457.jpeg\" class=\"wp-image-24660 lazyload\" alt=\"woda w sk\u00f3rze\"><\/picture><\/figure><\/div>\n\n\n<p><strong>Woda przemieszcza si\u0119 sukcesywnie od sk\u00f3ry w\u0142a\u015bciwej w kierunku powierzchni, nawil\u017caj\u0105c poszczeg\u00f3lne warstwy nask\u00f3rka i ko\u0144cz\u0105c swoj\u0105 w\u0119dr\u00f3wk\u0119 w warstwie rogowej.<\/strong>&nbsp;I to w\u0142a\u015bnie warstwa rogowa nask\u00f3rka, wraz z pokrywaj\u0105cym j\u0105 \u0142ojem na powierzchni, jest zapor\u0105 zatrzymuj\u0105c\u0105 wod\u0119 w sk\u00f3rze przed wyparowaniem. Nask\u00f3rek jest zatem nawil\u017cany od wewn\u0105trz, proces ten nie zachodzi w odwrotn\u0105 stron\u0119.&nbsp;Ma to zapewni\u0107 organom wewn\u0119trznym cia\u0142a w\u0142a\u015bciwe nawodnienie, zapobiega\u0107 wyp\u0142ywowi p\u0142yn\u00f3w tkankowych i hamowa\u0107 utrat\u0119 wody przez parowanie.<\/p>\n\n\n\n<p class=\"note\">Ochrona przed utrat\u0105 wody jest jedn\u0105 z najwa\u017cniejszych funkcji fizjologicznych sk\u00f3ry.<\/p>\n\n\n\n<p>Jej skuteczno\u015b\u0107 zale\u017cy od r\u00f3wnowagi wodno-lipidowej w sk\u00f3rze, czyli od w\u0142a\u015bciwego stopnia jej nawil\u017cenia i nat\u0142uszczenia. To w\u0142a\u015bnie wspomaganie tych mechanizm\u00f3w jest zadaniem kosmetyki. Nale\u017cy dostarcza\u0107 sk\u00f3rze substancji higroskopijnych, kt\u00f3re b\u0119d\u0105 wi\u0105za\u0142y wod\u0119 lub ogranicza\u0142y jej utrat\u0119, oraz sk\u0142adnik\u00f3w lipidowych, kt\u00f3re zregeneruj\u0105 luki w zabezpieczeniach.<\/p>\n\n\n\n<h2 class=\"wp-block-heading\" id=\"czy-wiek-wplywa-na-poziom-nawilzenia-skory\">Czy wiek wp\u0142ywa na poziom nawil\u017cenia sk\u00f3ry?<\/h2>\n\n\n\n<p>Wraz z&nbsp;wiekiem wzrasta <strong>wska\u017anik TEWL<\/strong> (przeznask\u00f3rkowa utrata wody).<\/p>\n\n\n\n<p class=\"alert\">W sytuacji, gdy TEWL jest podwy\u017cszony, ca\u0142y organizm traci wod\u0119, a&nbsp;sk\u00f3ra jest s\u0142abo nawil\u017cona.<\/p>\n\n\n\n<p>Dlatego m\u0142odej cerze suchej wystarczy lekki krem nawil\u017caj\u0105cy, niekoniecznie ju\u017c skuteczny dla kobiety po trzydziestce. Dodatkowo z&nbsp;wiekiem zmniejsza si\u0119 aktywno\u015b\u0107 fibroblast\u00f3w, co skutkuje zmniejszon\u0105 produkcj\u0105 kwasu hialuronowego. Jego niedobory ograniczaj\u0105 zdolno\u015bci magazynowania wody przez sk\u00f3r\u0119 w\u0142a\u015bciw\u0105.<\/p>\n\n\n<div class=\"wp-block-image\">\n<figure class=\"aligncenter size-large\"><picture><source media=\"(max-width: 450px)\" data-srcset=\"https:\/\/triny.pl\/blog\/wp-content\/uploads\/2022\/09\/wiek-a-nawilzenie-skory-375x250.jpeg\"><img data-src=\"https:\/\/triny.pl\/blog\/wp-content\/uploads\/2022\/09\/wiek-a-nawilzenie-skory-684x456.jpeg\" class=\"wp-image-24661 lazyload\" alt=\"wiek a nawil\u017cenie sk\u00f3ry\"><\/picture><\/figure><\/div>\n\n\n<p>Pytanie, czy proces starzenia sk\u00f3ry mo\u017cna zatrzyma\u0107? <strong>Sk\u00f3ra sucha starzeje si\u0119 jako pierwsza<\/strong>, niestety. To na niej najpr\u0119dzej wida\u0107 zmarszczki i przebarwienia, dlatego nale\u017cy o ni\u0105 dba\u0107 szczeg\u00f3lnie. Ochrona przeciws\u0142oneczna mo\u017ce znacz\u0105co przyhamowa\u0107 up\u0142yw czasu widoczny na sk\u00f3rze, a indukowany dzia\u0142aniem promieni s\u0142onecznych \u2013 trzeba tylko nauczy\u0107 si\u0119 j\u0105 stosowa\u0107 codziennie.<\/p>\n\n\n\n<p>Niezwyk\u0142ym bonusem w tym przypadku dla posiadaczek sk\u00f3ry suchej jest mo\u017cliwo\u015b\u0107 stosowania nawet najbardziej t\u0142ustych preparat\u00f3w przeciws\u0142onecznych.<\/p>\n\n\n\n<h2 class=\"wp-block-heading\" id=\"przyczyny-suchej-skory\">Przyczyny suchej sk\u00f3ry<\/h2>\n\n\n\n<p>Wysuszenie sk\u00f3ry mo\u017ce dotyczy\u0107 ka\u017cdego, dos\u0142ownie. Na sucho\u015b\u0107 mog\u0105 uskar\u017ca\u0107 si\u0119 nawet posiadaczki cery t\u0142ustej. Dlaczego sk\u00f3ra w og\u00f3le staje si\u0119 sucha? <\/p>\n\n\n\n<ul>\n<li>Wiek \u2013 ta przyczyna podawana jest jako g\u0142\u00f3wna, dlatego tak sporo m\u00f3wi si\u0119 o nawil\u017caniu ju\u017c w okresie dojrzewania<\/li>\n\n\n\n<li>Stosowanie piel\u0119gnacji specjalistycznej \u2013 sucho\u015b\u0107 mo\u017ce wyst\u0105pi\u0107 np. po zabiegach z kwasami lub po u\u017cywaniu <a href=\"https:\/\/triny.pl\/457-kosmetyki-z-retinolem\">kosmetyk\u00f3w z retinolem<\/a>.<\/li>\n\n\n\n<li>Czynniki zewn\u0119trzne, kt\u00f3re uszkadzaj\u0105 p\u0142aszcz lipidowy nask\u00f3rka, jak promieniowanie s\u0142oneczne, zimne lub gor\u0105ce powietrze, mro\u017any wiatr, przebywanie w klimatyzowanych pomieszczeniach.<\/li>\n\n\n\n<li>Niew\u0142a\u015bciwa piel\u0119gnacja, na przyk\u0142ad kosmetyki z alkoholem, nadmierne oczyszczanie, oszcz\u0119dne nawil\u017canie.<\/li>\n\n\n\n<li>Przyjmowanie niekt\u00f3rych lek\u00f3w, zw\u0142aszcza reguluj\u0105cych ci\u015bnienia krwi.<\/li>\n\n\n\n<li>Choroby, jak cukrzyca, schorzenia tarczycy czy AZS.<\/li>\n<\/ul>\n\n\n\n<h2 class=\"wp-block-heading\">Kosmetolog radzi: Sk\u00f3ra sucha a sk\u00f3ra odwodniona \u2013 r\u00f3\u017cnice<\/h2>\n\n\n<div class=\"wp-block-image\">\n<figure class=\"aligncenter size-large\"><a href=\"https:\/\/triny.pl\/blog\/author\/marta-krajewska\/\"><picture><source media=\"(max-width: 450px)\" data-srcset=\"https:\/\/triny.pl\/blog\/wp-content\/uploads\/2021\/03\/blog-2-375x150.png\"><img data-src=\"https:\/\/triny.pl\/blog\/wp-content\/uploads\/2021\/03\/blog-2-684x274.png\" class=\"wp-image-19572 lazyload\" alt=\"kosmetolog radzi\"><\/picture><\/a><\/figure><\/div>\n\n\n<p>Sk\u00f3ra sucha i odwodniona cz\u0119sto daj\u0105 podobne oznaki i odczucia. Mo\u017ce nam wtedy towarzyszy\u0107 uczucie \u015bci\u0105gni\u0119cia i szorstko\u015bci, uporczywe sw\u0119dzenie sk\u00f3ry oraz jej \u0142uszczenie. Sk\u00f3ra jest bardziej wra\u017cliwa na niekorzystne dzia\u0142anie czynnik\u00f3w zewn\u0119trznych. Mimo tych podobie\u0144stw sk\u00f3ra sucha i odwodniona maj\u0105 nieco inne wymagania i potrzeby piel\u0119gnacyjne. Warto wi\u0119c umie\u0107 je od siebie odr\u00f3\u017cni\u0107.<\/p>\n\n\n\n<p><strong>Sk\u00f3ra sucha to jeden z podstawowych rodzaj\u00f3w sk\u00f3ry. <\/strong>Z uwagi na cienki p\u0142aszcz hydrolipidowy i naturalnie nisk\u0105 produkcj\u0119 sebum jest ona ma\u0142o elastyczna, sk\u0142onna do podra\u017cnie\u0144 i nadmiernego przesuszenia. Jest tak\u017ce podatna na przedwczesne starzenie si\u0119.&nbsp; Sk\u00f3ra mo\u017ce by\u0107 sucha na ca\u0142ym ciele, nie tylko na twarzy.<\/p>\n\n\n\n<p><strong>Odwodnienie odzwierciedla kondycj\u0119 sk\u00f3ry. <\/strong>Jest problemem, kt\u00f3rego mo\u017cemy do\u015bwiadczy\u0107 wszyscy \u2013 nawet w przypadku sk\u00f3ry mieszanej czy t\u0142ustej. Odwodnienie sk\u00f3ry mo\u017ce towarzyszy\u0107 nam przej\u015bciowo, lub przez d\u0142u\u017cszy czas. G\u0142\u00f3wn\u0105 przyczyn\u0105 odwodnienia sk\u00f3ry jest jej niedostateczne nawil\u017cenie. Mo\u017ce by\u0107 tak\u017ce wynikiem nieodpowiedniej lub zbyt agresywnej piel\u0119gnacji, ubogiej diety i innych czynnik\u00f3w. W przypadku sk\u00f3ry t\u0142ustej nast\u0119pstwem odwodnienia mo\u017ce by\u0107 m.in. nasilenie produkcji sebum i wysyp zmian tr\u0105dzikowych. Warto wi\u0119c spr\u00f3bowa\u0107 ustali\u0107 przyczyn\u0119 odwodnienia sk\u00f3ry i wyeliminowa\u0107 czynniki, kt\u00f3re nam szkodz\u0105. Kompleksowe nawil\u017canie od zewn\u0105trz (poprzez ukierunkowana piel\u0119gnacj\u0119) i od wewn\u0105trz (poprzez picie odpowiedniej ilo\u015bci wody) powinno pom\u00f3c skutecznie za\u017cegna\u0107 problem odwodniania sk\u00f3ry.<\/p>\n\n\n\n<p>W tym artykule skupiamy si\u0119 na tym, jak piel\u0119gnowa\u0107 sk\u00f3r\u0119 such\u0105 i jak zwi\u0119kszy\u0107 jej poziom nawil\u017cenia przy pomocy kosmetyk\u00f3w i domowych sposob\u00f3w.<\/p>\n\n\n\n<h2 class=\"wp-block-heading\" id=\"podstawy-pielegnacji-cery-suchej\">Podstawy piel\u0119gnacji cery suchej<\/h2>\n\n\n\n<p>Sucha sk\u00f3ra wymaga odpowiedniego nawil\u017cania i nat\u0142uszczania. Ka\u017cdy kosmetyk, stosowany zar\u00f3wno do oczyszczania, jak i nawil\u017cania, powinien by\u0107 dobrany pod k\u0105tem sk\u00f3ry wymagaj\u0105cej nawil\u017cenia. <\/p>\n\n\n\n<h3 class=\"wp-block-heading\" id=\"oczyszczanie-cery-suchej\">Oczyszczanie cery suchej<\/h3>\n\n\n\n<p>Dla sk\u00f3ry suchej zaleca si\u0119 stosowanie \u015bmietanek, mleczek, a tak\u017ce oliwek hydrofilowych do mycia. Nie pozostawiaj\u0105 one nieprzyjemnego uczucia \u015bci\u0105gni\u0119cia sk\u00f3ry, nie powoduj\u0105 te\u017c podra\u017cnie\u0144, nawet gdy zostaj\u0105 zmyte wod\u0105. Dobrym przyk\u0142adem jest tutaj <a href=\"https:\/\/triny.pl\/11269-joik-olejek-do-mycia-twarzy.html\">olejek do mycia twarzy JOIK<\/a>, kt\u00f3ry ma lekk\u0105 konsystencj\u0119, znakomicie usuwa wszelkie zanieczyszczenia, a przy tym nie wysusza i nie pozostawia wra\u017cenia t\u0142usto\u015bci.<\/p>\n\n\n\n<p class=\"note\">Piel\u0119gnacja cery rozpoczyna si\u0119 ju\u017c od demakija\u017cu, czyli mycia i oczyszczania cery z makija\u017cu. Co wa\u017cne, po umyciu twarzy delikatnie osusz j\u0105 r\u0119cznikiem papierowym i unikaj mocnego pocierania.<\/p>\n\n\n<section class=\"slider-collage-carousel\" data-id=\"11269, 10152, 10211, 11626\"><ul class=\"collage collage-slider\"><li class=\"item\"><a href=\"https:\/\/triny.pl\/11269-joik-olejek-do-mycia-twarzy.html\" target=\"_blank\"><picture><source srcset=\"https:\/\/static.triny.pl\/img\/p\/1\/6\/8\/2\/3\/16823-thickbox_default.webp\"  type=\"image\/webp\"><source srcset=\"https:\/\/static.triny.pl\/img\/p\/1\/6\/8\/2\/3\/16823-thickbox_default.jpg\"  type=\"image\/jpeg\"><img src=\"https:\/\/triny.pl\/blog\/wp-content\/themes\/triny\/assets\/img\/placeholder-600x600.png\" data-src=\"https:\/\/static.triny.pl\/img\/p\/1\/6\/8\/2\/3\/16823-thickbox_default.jpg\" class=\"tns-lazy-img\" alt=\"Olejek do mycia twarzy\"><\/picture><div class=\"brand\">JOIK<\/div><div class=\"title\">Olejek do mycia twarzy<\/div><\/a><a class=\"slider-collage-carousel__btn read-more-button\" href=\"https:\/\/triny.pl\/11269-joik-olejek-do-mycia-twarzy.html\" target=\"_blank\">Zobacz<\/a><\/li><li class=\"item\"><a href=\"https:\/\/triny.pl\/10152-alkemie-ekstremalnie-lagodna-pianka-do-mycia-i-demakijazu-twarzy-foa-m-my-god.html\" target=\"_blank\"><picture><source srcset=\"https:\/\/static.triny.pl\/img\/p\/1\/8\/4\/4\/6\/18446-thickbox_default.webp\"  type=\"image\/webp\"><source srcset=\"https:\/\/static.triny.pl\/img\/p\/1\/8\/4\/4\/6\/18446-thickbox_default.jpg\"  type=\"image\/jpeg\"><img src=\"https:\/\/triny.pl\/blog\/wp-content\/themes\/triny\/assets\/img\/placeholder-600x600.png\" data-src=\"https:\/\/static.triny.pl\/img\/p\/1\/8\/4\/4\/6\/18446-thickbox_default.jpg\" class=\"tns-lazy-img\" alt=\"Ekstremalnie \u0142agodna pianka do mycia i demakija\u017cu twarzy &#8211; Foa-m my god\"><\/picture><div class=\"brand\">Alkemie<\/div><div class=\"title\">Ekstremalnie \u0142agodna pianka do mycia i demakija\u017cu twarzy &#8211; Foa-m my god<\/div><\/a><a class=\"slider-collage-carousel__btn read-more-button\" href=\"https:\/\/triny.pl\/10152-alkemie-ekstremalnie-lagodna-pianka-do-mycia-i-demakijazu-twarzy-foa-m-my-god.html\" target=\"_blank\">Zobacz<\/a><\/li><li class=\"item\"><a href=\"https:\/\/triny.pl\/10211-nacomi-nawilzajaca-pianka-do-twarzy-borowka.html\" target=\"_blank\"><picture><source srcset=\"https:\/\/static.triny.pl\/img\/p\/1\/4\/9\/3\/9\/14939-thickbox_default.webp\"  type=\"image\/webp\"><source srcset=\"https:\/\/static.triny.pl\/img\/p\/1\/4\/9\/3\/9\/14939-thickbox_default.jpg\"  type=\"image\/jpeg\"><img src=\"https:\/\/triny.pl\/blog\/wp-content\/themes\/triny\/assets\/img\/placeholder-600x600.png\" data-src=\"https:\/\/static.triny.pl\/img\/p\/1\/4\/9\/3\/9\/14939-thickbox_default.jpg\" class=\"tns-lazy-img\" alt=\"Nawil\u017caj\u0105ca pianka do twarzy &#8211; Bor\u00f3wka\"><\/picture><div class=\"brand\">Nacomi<\/div><div class=\"title\">Nawil\u017caj\u0105ca pianka do twarzy &#8211; Bor\u00f3wka<\/div><\/a><a class=\"slider-collage-carousel__btn read-more-button\" href=\"https:\/\/triny.pl\/10211-nacomi-nawilzajaca-pianka-do-twarzy-borowka.html\" target=\"_blank\">Zobacz<\/a><\/li><li class=\"item\"><a href=\"https:\/\/triny.pl\/11626-your-natural-side-zel-myjacy-do-twarzy-mandarynka-i-zielona-herbata.html\" target=\"_blank\"><picture><source srcset=\"https:\/\/static.triny.pl\/img\/p\/1\/8\/0\/2\/6\/18026-thickbox_default.webp\"  type=\"image\/webp\"><source srcset=\"https:\/\/static.triny.pl\/img\/p\/1\/8\/0\/2\/6\/18026-thickbox_default.jpg\"  type=\"image\/jpeg\"><img src=\"https:\/\/triny.pl\/blog\/wp-content\/themes\/triny\/assets\/img\/placeholder-600x600.png\" data-src=\"https:\/\/static.triny.pl\/img\/p\/1\/8\/0\/2\/6\/18026-thickbox_default.jpg\" class=\"tns-lazy-img\" alt=\"\u017bel myj\u0105cy do twarzy &#8211; Mandarynka i zielona herbata\"><\/picture><div class=\"brand\">Your Natural Side<\/div><div class=\"title\">\u017bel myj\u0105cy do twarzy &#8211; Mandarynka i zielona herbata<\/div><\/a><a class=\"slider-collage-carousel__btn read-more-button\" href=\"https:\/\/triny.pl\/11626-your-natural-side-zel-myjacy-do-twarzy-mandarynka-i-zielona-herbata.html\" target=\"_blank\">Zobacz<\/a><\/li><\/ul><\/section>\n\n\n\n<h3 class=\"wp-block-heading\" id=\"tonizowanie-cery-suchej\">Tonizowanie cery suchej<\/h3>\n\n\n\n<p><strong>Istotnym elementem piel\u0119gnacji suchej sk\u00f3ry jest zapewnienie jej lekko kwa\u015bnego \u015brodowiska<\/strong>. Przy niedoborach ceramid\u00f3w i \u0142oju, kwa\u015bne \u015brodowisko jest w zasadzie jedyn\u0105 ochron\u0105 sk\u00f3ry przed drobnoustrojami. Dlatego po ka\u017cdym myciu nale\u017cy stosowa\u0107 delikatne, bezalkoholowe toniki o lekko kwa\u015bnym pH.<br \/><br \/><strong>Ranking tonik\u00f3w do cery suchej znajdziesz tutaj:<\/strong><\/p>\n\n\n\n<figure class=\"wp-block-embed is-type-wp-embed is-provider-blog-triny-pl wp-block-embed-blog-triny-pl\"><div class=\"wp-block-embed__wrapper\">\n<blockquote class=\"wp-embedded-content\" data-secret=\"4OfONg0WPe\"><a href=\"https:\/\/triny.pl\/blog\/najlepsze-toniki-do-cery-suchej-ranking-top-10\/\">Najlepsze toniki do cery suchej \u2013 Ranking TOP 10 w 2022 roku<\/a><\/blockquote><iframe class=\"wp-embedded-content\" sandbox=\"allow-scripts\" security=\"restricted\" style=\"position: absolute; clip: rect(1px, 1px, 1px, 1px);\" title=\"&#8222;Najlepsze toniki do cery suchej \u2013 Ranking TOP 10 w 2022 roku&#8221; &#8212; Blog Triny.pl\" src=\"https:\/\/triny.pl\/blog\/najlepsze-toniki-do-cery-suchej-ranking-top-10\/embed\/#?secret=xhVc98cdTx#?secret=4OfONg0WPe\" data-secret=\"4OfONg0WPe\" width=\"600\" height=\"338\" frameborder=\"0\" marginwidth=\"0\" marginheight=\"0\" scrolling=\"no\"><\/iframe>\n<\/div><\/figure>\n\n\n\n<h3 class=\"wp-block-heading\" id=\"nawilzanie-i-natluszczanie-cery-suchej\">Nawil\u017canie i nat\u0142uszczanie cery suchej<\/h3>\n\n\n\n<p>Utartym schematem piel\u0119gnacyjnym jest stosowanie preparat\u00f3w nawil\u017caj\u0105cych i nat\u0142uszczaj\u0105cych wy\u0142\u0105cznie rano i wieczorem. O ile w przypadku najcz\u0119\u015bciej spotykanej cery mieszanej zdaje to egzamin, tak posiadaczki cery suchej mog\u0105 czu\u0107, \u017ce w ci\u0105gu dnia potrzebuj\u0105 \u201epo\u015blizgu\u201d, poniewa\u017c sk\u00f3ra uleg\u0142a \u015bci\u0105gni\u0119ciu. Dlatego w takim przypadku <strong>stosowanie krem\u00f3w w ci\u0105gu dnia nie jest b\u0142\u0119dem piel\u0119gnacyjnym<\/strong>, oczywi\u015bcie pod warunkiem uprzedniego oczyszczenia cery z zanieczyszcze\u0144, \u0142oju i makija\u017cu.<\/p>\n\n\n\n<p>Jakie kremy nawil\u017caj\u0105ce si\u0119 tutaj sprawdz\u0105? Najlepiej wybierz&nbsp;<strong>g\u0142\u0119boko nawil\u017caj\u0105ce i nat\u0142uszczaj\u0105ce<\/strong>, takim jest na przyk\u0142ad <a href=\"https:\/\/triny.pl\/7584-lale-kosmetyki-krem-do-twarzy-dyniowy-gleboko-nawilzajacy-z-olejem-z-pestek-dyni.html\">krem dyniowy od La-Le Kosmetyki<\/a> czy te\u017c <a href=\"https:\/\/triny.pl\/11643-holika-holika-krem-nawilzajacy-z-ceramidami-good-cera-super-ceramide-cream.html\">krem z ceramidami Good Cera Super Ceramide Crea od Holika Holika<\/a>. Zadbaj r\u00f3wnie\u017c o ochron\u0119 przeciws\u0142oneczn\u0105, poniewa\u017c promieniowanie UV r\u00f3wnie\u017c wp\u0142ywa niekorzystnie na poziom nawodnienia sk\u00f3ry &#8211; mo\u017cesz si\u0119gn\u0105\u0107 np. po <a href=\"https:\/\/triny.pl\/11489-nacomi-krem-do-twarzy-nawilzajacy-z-filtrem-spf-50-pa-basic.html\">krem nawil\u017caj\u0105cy z filtrem SPF 50 od Nacomi.<\/a><\/p>\n\n\n<section class=\"slider-collage-carousel\" data-id=\"6551, 2721, 11679, 6928\"><ul class=\"collage collage-slider\"><li class=\"item\"><a href=\"https:\/\/triny.pl\/6551-asoa-krem-do-twarzy-odzywcza-goja.html\" target=\"_blank\"><picture><source srcset=\"https:\/\/static.triny.pl\/img\/p\/1\/9\/7\/6\/0\/19760-thickbox_default.webp\"  type=\"image\/webp\"><source srcset=\"https:\/\/static.triny.pl\/img\/p\/1\/9\/7\/6\/0\/19760-thickbox_default.jpg\"  type=\"image\/jpeg\"><img src=\"https:\/\/triny.pl\/blog\/wp-content\/themes\/triny\/assets\/img\/placeholder-600x600.png\" data-src=\"https:\/\/static.triny.pl\/img\/p\/1\/9\/7\/6\/0\/19760-thickbox_default.jpg\" class=\"tns-lazy-img\" alt=\"Krem do twarzy &#8211; Od\u017cywcza goja\"><\/picture><div class=\"brand\">Asoa<\/div><div class=\"title\">Krem do twarzy &#8211; Od\u017cywcza goja<\/div><\/a><a class=\"slider-collage-carousel__btn read-more-button\" href=\"https:\/\/triny.pl\/6551-asoa-krem-do-twarzy-odzywcza-goja.html\" target=\"_blank\">Zobacz<\/a><\/li><li class=\"item\"><a href=\"https:\/\/triny.pl\/2721-make-me-bio-nawilzajacy-krem-dla-skory-suchej-i-wrazliwej-garden-roses.html\" target=\"_blank\"><picture><source srcset=\"https:\/\/static.triny.pl\/img\/p\/1\/2\/5\/5\/2\/12552-thickbox_default.webp\"  type=\"image\/webp\"><source srcset=\"https:\/\/static.triny.pl\/img\/p\/1\/2\/5\/5\/2\/12552-thickbox_default.jpg\"  type=\"image\/jpeg\"><img src=\"https:\/\/triny.pl\/blog\/wp-content\/themes\/triny\/assets\/img\/placeholder-600x600.png\" data-src=\"https:\/\/static.triny.pl\/img\/p\/1\/2\/5\/5\/2\/12552-thickbox_default.jpg\" class=\"tns-lazy-img\" alt=\"Garden Roses &#8211; Nawil\u017caj\u0105cy krem dla sk\u00f3ry suchej\"><\/picture><div class=\"brand\">Make Me Bio<\/div><div class=\"title\">Garden Roses &#8211; Nawil\u017caj\u0105cy krem dla sk\u00f3ry suchej<\/div><\/a><a class=\"slider-collage-carousel__btn read-more-button\" href=\"https:\/\/triny.pl\/2721-make-me-bio-nawilzajacy-krem-dla-skory-suchej-i-wrazliwej-garden-roses.html\" target=\"_blank\">Zobacz<\/a><\/li><li class=\"item\"><a href=\"https:\/\/triny.pl\/11679-mydlarnia-cztery-szpaki-superkrem-odzywczy-krem-uniwersalny.html\" target=\"_blank\"><picture><source srcset=\"https:\/\/static.triny.pl\/img\/p\/1\/8\/7\/4\/7\/18747-thickbox_default.webp\"  type=\"image\/webp\"><source srcset=\"https:\/\/static.triny.pl\/img\/p\/1\/8\/7\/4\/7\/18747-thickbox_default.jpg\"  type=\"image\/jpeg\"><img src=\"https:\/\/triny.pl\/blog\/wp-content\/themes\/triny\/assets\/img\/placeholder-600x600.png\" data-src=\"https:\/\/static.triny.pl\/img\/p\/1\/8\/7\/4\/7\/18747-thickbox_default.jpg\" class=\"tns-lazy-img\" alt=\"Superkrem &#8211; od\u017cywczy krem uniwersalny (data wa\u017cno\u015bci: 2023-12-16)\"><\/picture><div class=\"brand\">Mydlarnia Cztery Szpaki<\/div><div class=\"title\">Superkrem &#8211; od\u017cywczy krem uniwersalny (data wa\u017cno\u015bci: 2023-12-16)<\/div><\/a><a class=\"slider-collage-carousel__btn read-more-button\" href=\"https:\/\/triny.pl\/11679-mydlarnia-cztery-szpaki-superkrem-odzywczy-krem-uniwersalny.html\" target=\"_blank\">Zobacz<\/a><\/li><li class=\"item\"><a href=\"https:\/\/triny.pl\/6928-polny-warkocz-mazidlo-pszeniczne-krem-do-cery-suchej-i-dojrzalej.html\" target=\"_blank\"><picture><source srcset=\"https:\/\/static.triny.pl\/img\/p\/2\/2\/1\/9\/1\/22191-thickbox_default.webp\"  type=\"image\/webp\"><source srcset=\"https:\/\/static.triny.pl\/img\/p\/2\/2\/1\/9\/1\/22191-thickbox_default.jpg\"  type=\"image\/jpeg\"><img src=\"https:\/\/triny.pl\/blog\/wp-content\/themes\/triny\/assets\/img\/placeholder-600x600.png\" data-src=\"https:\/\/static.triny.pl\/img\/p\/2\/2\/1\/9\/1\/22191-thickbox_default.jpg\" class=\"tns-lazy-img\" alt=\"Mazid\u0142o pszeniczne &#8211; Krem do cery suchej i dojrza\u0142ej\"><\/picture><div class=\"brand\">Polny Warkocz<\/div><div class=\"title\">Mazid\u0142o pszeniczne &#8211; Krem do cery suchej i dojrza\u0142ej<\/div><\/a><a class=\"slider-collage-carousel__btn read-more-button\" href=\"https:\/\/triny.pl\/6928-polny-warkocz-mazidlo-pszeniczne-krem-do-cery-suchej-i-dojrzalej.html\" target=\"_blank\">Zobacz<\/a><\/li><\/ul><\/section>\n\n\n\n<p>W przypadku bardzo suchej sk\u00f3ry zaraz po oczyszczeniu najlepiej zastosowa\u0107 serum nawil\u017caj\u0105ce, a dopiero potem bogaty krem nawil\u017caj\u0105cy lub od\u017cywczy. Bogaty katalog rozmaitych serum, krem\u00f3w i masek do cery suchej znajdziesz w naszym sklepie w kategorii <a href=\"https:\/\/triny.pl\/412-kosmetyki-do-cery-suchej\">Kosmetyki do cery suchej<\/a>.<\/p>\n\n\n\n<h3 class=\"wp-block-heading\" id=\"swiadome-unikanie-czynnikow-wysuszajacych-skore\">\u015awiadome unikanie czynnik\u00f3w wysuszaj\u0105cych sk\u00f3r\u0119<\/h3>\n\n\n<div class=\"wp-block-image is-style-default\">\n<figure class=\"aligncenter size-full\"><picture><source media=\"(max-width: 450px)\" data-srcset=\"https:\/\/triny.pl\/blog\/wp-content\/uploads\/2022\/09\/czynniki-wysuszajace-skore-375x251.jpeg\"><img data-src=\"https:\/\/triny.pl\/blog\/wp-content\/uploads\/2022\/09\/czynniki-wysuszajace-skore.jpeg\" class=\"wp-image-24662 lazyload\" alt=\"czynniki wysuszaj\u0105ce sk\u00f3r\u0119\"><\/picture><\/figure><\/div>\n\n\n<p>Posiadaczki sk\u00f3ry suchej same najcz\u0119\u015bciej wiedz\u0105, co ich cerze nie s\u0142u\u017cy. Nieedukowane przez nikogo unikaj\u0105 cz\u0119sto skrajnych temperatur, jak r\u00f3wnie\u017c chlorowanej wody (k\u0142aniaj\u0105 si\u0119 wody termalne oraz mycie twarzy wod\u0105 butelkowan\u0105!). Cz\u0119sto te\u017c czuj\u0105 nieprzyjemne podra\u017cnienie i \u015bci\u0105gni\u0119cie sk\u00f3ry po kontakcie z dymem papierosowym, wi\u0119c unikaj\u0105 go. Wiedz\u0105 r\u00f3wnie\u017c doskonale, \u017ce mycie twarzy zwyk\u0142ym, agresywnym \u017celem do mycia, sko\u0144czy si\u0119 \u015bci\u0105gni\u0119ciem sk\u00f3ry i nawet wr\u0119cz \u0142uszczeniem, dlatego nigdy nie si\u0119gaj\u0105 po takie specyfiki \u2013 podobnie jak i po peelingi ziarniste, kt\u00f3re dla nich s\u0105 niczym innym, jak wymy\u015bln\u0105 tortur\u0105.<\/p>\n\n\n\n<p><strong>Czego unika\u0107 w piel\u0119gnacji sk\u00f3ry suchej:<\/strong><\/p>\n\n\n\n<ul>\n<li>kosmetyk\u00f3w na bazie alkoholu<\/li>\n\n\n\n<li>myd\u0142a<\/li>\n\n\n\n<li>du\u017cej ilo\u015bci pudru, lepiej wybra\u0107 kremowy podk\u0142ad do twarzy<\/li>\n\n\n\n<li>czynnik\u00f3w \u015brodowiskowych: promieniowanie UV, zanieczyszczone (miejskie) powietrze, skrajnych temperatur<\/li>\n\n\n\n<li>dymu papierosowego<\/li>\n\n\n\n<li>ogrzewania i klimatyzacji<\/li>\n<\/ul>\n\n\n\n<h3 class=\"wp-block-heading\" id=\"jaki-peeling-do-suchej-cery\">Jaki peeling do suchej cery?<\/h3>\n\n\n\n<p>Nie zmienia to jednak faktu, \u017ce peelingowanie&nbsp;jest jak najbardziej wskazane r\u00f3wnie\u017c dla sk\u00f3ry suchej \u2013 trzeba tylko wiedzie\u0107, jaki rodzaj wybra\u0107.<\/p>\n\n\n\n<p class=\"tip\">W piel\u0119gnacji cery suchej sprawdzaj\u0105 si\u0119 peelingi enzymatyczne, tj. zawieraj\u0105ce enzymy ro\u015blinne, np. bromelain\u0119 i papain\u0119. Taki oferuje na przyk\u0142ad <a href=\"https:\/\/triny.pl\/98_biocosmetics\">Biocosmetics<\/a>.<\/p>\n\n\n\n<p>Po ich zastosowaniu nale\u017cy sk\u00f3r\u0119 zabezpieczy\u0107 odpowiednimi preparatami, najlepiej zawieraj\u0105cymi w sk\u0142adzie zar\u00f3wno humektanty, jak i ceramidy, oraz substancje nat\u0142uszczaj\u0105ce.<\/p>\n\n\n\n<p><strong>Poradnik, jak dobra\u0107 peeling enzymatyczny, znajdziesz tu:<\/strong><\/p>\n\n\n\n<figure class=\"wp-block-embed is-type-wp-embed is-provider-blog-triny-pl wp-block-embed-blog-triny-pl\"><div class=\"wp-block-embed__wrapper\">\n<blockquote class=\"wp-embedded-content\" data-secret=\"RJSe7Ahli7\"><a href=\"https:\/\/triny.pl\/blog\/jak-dziala-peeling-enzymatyczny\/\">Jak dzia\u0142a peeling enzymatyczny, kto powinien go u\u017cywa\u0107 i jaki peeling wybra\u0107<\/a><\/blockquote><iframe class=\"wp-embedded-content\" sandbox=\"allow-scripts\" security=\"restricted\" style=\"position: absolute; clip: rect(1px, 1px, 1px, 1px);\" title=\"&#8222;Jak dzia\u0142a peeling enzymatyczny, kto powinien go u\u017cywa\u0107 i jaki peeling wybra\u0107&#8221; &#8212; Blog Triny.pl\" src=\"https:\/\/triny.pl\/blog\/jak-dziala-peeling-enzymatyczny\/embed\/#?secret=Xha4ti3xAV#?secret=RJSe7Ahli7\" data-secret=\"RJSe7Ahli7\" width=\"600\" height=\"338\" frameborder=\"0\" marginwidth=\"0\" marginheight=\"0\" scrolling=\"no\"><\/iframe>\n<\/div><\/figure>\n\n\n\n<h2 class=\"wp-block-heading\" id=\"domowe-sposoby-na-nawilzenie-twarzy\">Domowe sposoby na nawil\u017cenie twarzy<\/h2>\n\n\n\n<p>Niezale\u017cnie od tego, czy sucho\u015b\u0107 sk\u00f3ry jest spowodowana starzeniem si\u0119, podstawowym stanem sk\u00f3ry, z\u0142\u0105 piel\u0119gnacj\u0105 czy czynnikami \u015brodowiskowymi, mo\u017ce wywo\u0142a\u0107 uczucie sw\u0119dzenia, napi\u0119cia i og\u00f3lny dyskomfort. Dost\u0119pnych jest wiele sposob\u00f3w nawil\u017cania sk\u00f3ry w domu \u2013 ale kt\u00f3re s\u0105 najskuteczniejsze? Przejd\u017amy teraz do sposob\u00f3w, jak nawil\u017cy\u0107 sk\u00f3r\u0119 twarzy w domowych warunkach i z wykorzystaniem tego, co masz pod r\u0119k\u0105. Na pocz\u0105tek kr\u00f3tka powt\u00f3rka ze sk\u0142adnik\u00f3w, kt\u00f3re przyczyniaj\u0105 si\u0119 do zwi\u0119kszenia poziomu nawil\u017cenia sk\u00f3ry.<\/p>\n\n\n\n<p><strong>W\u015br\u00f3d popularnych nawil\u017caczy wyr\u00f3\u017cniamy:<\/strong><\/p>\n\n\n\n<ul>\n<li><strong>Humektanty<\/strong>&nbsp;pomagaj\u0105 przyci\u0105ga\u0107 wilgo\u0107 i obejmuj\u0105 np. ceramidy, gliceryn\u0119, sorbitol, kwas hialuronowy i lecytyn\u0119.<\/li>\n\n\n\n<li><strong>Okluzje<\/strong>&nbsp;pomagaj\u0105 uszczelni\u0107 wilgo\u0107 w sk\u00f3rze i mamy tutaj wazelin\u0119, silikony, lanolin\u0119 i r\u00f3\u017cne rodzaje olej\u00f3w.<\/li>\n\n\n\n<li><strong>Emolienty<\/strong>, czyli produkty, kt\u00f3re zawieraj\u0105 olej, wod\u0119 i emulgator, aby zapobiec ich rozdzieleniu. S\u0105 l\u017cejsze i \u0142atwiejsze w aplikacji ni\u017c wazelina czy olejki. Wiele komercyjnych \u015brodk\u00f3w nawil\u017caj\u0105cych zawiera zar\u00f3wno emolient, jak i \u015brodek utrzymuj\u0105cy wilgo\u0107, taki jak kwas linolowy, linolenowy i laurynowy.<\/li>\n<\/ul>\n\n\n\n<p>Og\u00f3lnie rzecz bior\u0105c, im g\u0119stszy i bardziej t\u0142usty produkt, tym skuteczniej nawil\u017cy Twoj\u0105 sk\u00f3r\u0119. Niekt\u00f3re z najbardziej skutecznych i najta\u0144szych to wazelina i jej alternatywy na bazie ro\u015blinnej oraz oleje nawil\u017caj\u0105ce, w tym oleje ro\u015blinne. Poniewa\u017c nie zawieraj\u0105 wody, najlepiej u\u017cywa\u0107 ich, gdy sk\u00f3ra jest jeszcze wilgotna po k\u0105pieli, aby skutecznie zatrzyma\u0107 wilgo\u0107.<\/p>\n\n\n\n<p>Istnieje wiele domowych preparat\u00f3w wpisuj\u0105cych si\u0119 w grup\u0119 wymienionych nawil\u017caczy, kt\u00f3rych mo\u017cesz u\u017cy\u0107 do nawil\u017cenia czy z\u0142agodzenia objaw\u00f3w suchej sk\u00f3ry. Spo\u015br\u00f3d nich wyr\u00f3\u017cniaj\u0105 si\u0119 olej s\u0142onecznikowy, olej kokosowy, p\u0142atki owsiane czy mi\u00f3d.<\/p>\n\n\n<div class=\"wp-block-image is-style-default\">\n<figure class=\"aligncenter size-full is-resized\"><picture><source media=\"(max-width: 450px)\" data-srcset=\"https:\/\/triny.pl\/blog\/wp-content\/uploads\/2019\/07\/oklad-z-ogorka-na-oparzenia-375x250.png\"><img data-src=\"https:\/\/triny.pl\/blog\/wp-content\/uploads\/2019\/07\/oklad-z-ogorka-na-oparzenia.png\" class=\"wp-image-20469 lazyload\" alt=\"ok\u0142ad z og\u00f3rka na oparzenia s\u0142oneczne\"><\/picture><\/figure><\/div>\n\n\n<h3 class=\"wp-block-heading\" id=\"olej-slonecznikowy\">Olej s\u0142onecznikowy<\/h3>\n\n\n\n<p>Jedno z bada\u0144 przeprowadzonych w 2013 roku wykaza\u0142o, \u017ce olej s\u0142onecznikowy poprawia nawil\u017cenie sk\u00f3ry. Uczestnicy badani zaznaczyli, \u017ce olej w szybki spos\u00f3b ukoi\u0142 oznaki suchej sk\u00f3ry jak uczucie \u015bci\u0105gni\u0119cia czy szorstko\u015b\u0107. Co ciekawe, w tym samym badaniu wykazano, \u017ce oliwa z oliwek faktycznie uszkodzi\u0142a barier\u0119 sk\u00f3rn\u0105, co sugeruje, \u017ce nie wszystkie naturalne oleje nadaj\u0105 si\u0119 do stosowania jako \u015brodki nawil\u017caj\u0105ce. Dodam, \u017ce inne badania wykaza\u0142y, \u017ce regularne stosowanie oleju s\u0142onecznikowego na twarz silnie nawil\u017ca i wyg\u0142adza sk\u00f3r\u0119., a tak\u017ce Wzmacnia naturaln\u0105 barier\u0119 ochronn\u0105 sk\u00f3ry. (<a href=\"https:\/\/pubmed.ncbi.nlm.nih.gov\/22995032\/\">\u017ar\u00f3d\u0142o 1<\/a>)<\/p>\n\n\n\n<h3 class=\"wp-block-heading\" id=\"olej-kokosowy\">Olej kokosowy<\/h3>\n\n\n\n<p>Innym naturalnym olejem, kt\u00f3ry ma udowodnione pozytywne dzia\u0142anie na sk\u00f3r\u0119 such\u0105, jest olej kokosowy. Badanie z 2014 r. wykaza\u0142o, \u017ce olej kokosowy jest tak samo bezpieczny i skuteczny jak wazelina w leczeniu suchej sk\u00f3ry. Stwierdzono, \u017ce znacz\u0105co poprawia nawil\u017cenie sk\u00f3ry i zwi\u0119ksza ilo\u015b\u0107 lipid\u00f3w na powierzchni sk\u00f3ry. Wszystko to dzi\u0119ki zawarto\u015bci nasyconych kwas\u00f3w t\u0142uszczowych, kt\u00f3re wykazuj\u0105 w\u0142a\u015bciwo\u015bci zmi\u0119kczaj\u0105ce i tym samym olej wype\u0142nia ubytki w suchej sk\u00f3rze, czyni\u0105c j\u0105 g\u0142adk\u0105. (<a href=\"https:\/\/pubmed.ncbi.nlm.nih.gov\/15724344\/\">\u017ar\u00f3d\u0142o 2<\/a>)<\/p>\n\n\n<div class=\"wp-block-image is-style-default\">\n<figure class=\"aligncenter size-full\"><picture><source media=\"(max-width: 450px)\" data-srcset=\"https:\/\/triny.pl\/blog\/wp-content\/uploads\/2022\/09\/olej-kokosowy-375x249.jpeg\"><img data-src=\"https:\/\/triny.pl\/blog\/wp-content\/uploads\/2022\/09\/olej-kokosowy.jpeg\" class=\"wp-image-24663 lazyload\" alt=\"olej kokosowy\"><\/picture><\/figure><\/div>\n\n\n<h3 class=\"wp-block-heading\" id=\"platki-owsiane\">P\u0142atki owsiane<\/h3>\n\n\n\n<p>Oznaki suchej sk\u00f3ry jak szorstko\u015b\u0107 i \u015bci\u0105gni\u0119cie mog\u0105 ukoi\u0107 p\u0142atki owsiane. W 2015 roku wykazano, \u017ce ekstrakty z p\u0142atk\u00f3w owsianych maj\u0105 w\u0142a\u015bciwo\u015bci przeciwzapalne i przeciwutleniaj\u0105ce, co sugeruje, \u017ce mog\u0105 pom\u00f3c w leczeniu suchej sk\u00f3ry. Jak je wykorzysta\u0107? Najlepiej dodaj sproszkowane p\u0142atki owsiane do k\u0105pieli lub wybierz&nbsp;<a href=\"https:\/\/triny.pl\/10177-e-fiore-krem-do-twarzy-i-ciala-owsiany-z-lnem-i-olejkiem-pomaranczowym.html\">krem owsiany<\/a>&nbsp;do twarzy. (<a href=\"https:\/\/pubmed.ncbi.nlm.nih.gov\/25607907\/\">\u017ar\u00f3d\u0142o 3<\/a>)<\/p>\n\n\n\n<h3 class=\"wp-block-heading\" id=\"miod\">Mi\u00f3d<\/h3>\n\n\n\n<p>Analiza bada\u0144 wykonana w 2012 roku wykaza\u0142a, \u017ce mi\u00f3d jest korzystny w przypadku wielu rodzaj\u00f3w chor\u00f3b sk\u00f3ry. R\u00f3\u017cne badania wskazuj\u0105, \u017ce mi\u00f3d jest nawil\u017caj\u0105cy, wspomaga gojenie i wykazuje dzia\u0142anie przeciwzapalne \u2013 i to sprawia, \u017ce jest \u015bwietnym remedium na such\u0105 sk\u00f3r\u0119. Zalet\u0105 jest r\u00f3wnie\u017c to, \u017ce jest ca\u0142kowicie naturalny i mo\u017cesz go nak\u0142ada\u0107 bezpo\u015brednio na sk\u00f3r\u0119. (<a href=\"https:\/\/www.ncbi.nlm.nih.gov\/pmc\/articles\/PMC3611628\/\">\u017ar\u00f3d\u0142o 4<\/a>)<\/p>\n\n\n\n<p><span class=\"tip\">Wystarczy wetrze\u0107 odrobin\u0119 miodu w sk\u00f3r\u0119 twarzy i pozostawi\u0107 na oko\u0142o 10 minut, a nast\u0119pnie dok\u0142adnie umy\u0107 twarz letni\u0105 wod\u0105.<\/span><\/p>\n\n\n\n<p>Jak jeszcze mo\u017cesz wykorzysta\u0107 mi\u00f3d? Zr\u00f3b w\u0142asn\u0105 maseczk\u0119 z p\u0142atk\u00f3w owsianych i miodu. Mi\u00f3d jest doskona\u0142ym \u015brodkiem, aby szybko nawil\u017cy\u0107 przesuszone partie twarzy, w tym usta, oraz cia\u0142a jak \u0142okcie czy kolana.<\/p>\n\n\n\n<h3 class=\"wp-block-heading\" id=\"awokado\">Awokado<\/h3>\n\n\n\n<p>Awokado zawiera sporo sk\u0142adnik\u00f3w, kt\u00f3re korzystnie dzia\u0142aj\u0105 na sk\u00f3r\u0119. W\u015br\u00f3d nich znajduj\u0105 si\u0119 m.in. kwasy t\u0142uszczowe, antyoksydanty czy witamina E. Jak nawil\u017cy\u0107 sk\u00f3r\u0119 z pomoc\u0105 awokado? Wykonaj past\u0119, czyli rozgnie\u0107 owoc, i na\u0142\u00f3\u017c ja na twarz, pozostawiaj\u0105c na ok. 15 minut. Nawil\u017caj\u0105cy zabieg z awokado mo\u017cesz wykonywa\u0107 nawet codziennie.<\/p>\n\n\n\n<p><span class=\"tip\">Zamiast po owoc awokado mo\u017cesz si\u0119gn\u0105\u0107 po olej z awokado i po\u0142\u0105czy\u0107 go np. z miodem i bananem. W ten spos\u00f3b uzyskasz maseczk\u0119 o dzia\u0142aniu nawil\u017caj\u0105cym i anti-aging.<\/span><\/p>\n\n\n\n<h2 class=\"wp-block-heading\" id=\"co-jeszcze-moze-pomoc-w-naturalnym-nawilzaniu-skory\">Co jeszcze mo\u017ce pom\u00f3c w naturalnym nawil\u017caniu sk\u00f3ry?<\/h2>\n\n\n<div class=\"wp-block-image is-style-default\">\n<figure class=\"aligncenter size-full\"><picture><source media=\"(max-width: 450px)\" data-srcset=\"https:\/\/triny.pl\/blog\/wp-content\/uploads\/2022\/09\/dieta-a-nawilzenie-skory-375x250.jpeg\"><img data-src=\"https:\/\/triny.pl\/blog\/wp-content\/uploads\/2022\/09\/dieta-a-nawilzenie-skory.jpeg\" class=\"wp-image-24664 lazyload\" alt=\"dieta a nawil\u017cenie sk\u00f3ry\"><\/picture><\/figure><\/div>\n\n\n<p>Wa\u017cna jest r\u00f3wnie\u017c dieta. Warto wzbogaci\u0107 j\u0105 o&nbsp;naturalne oleje ro\u015blinne, zawieraj\u0105ce NNKT, kt\u00f3rych suchej sk\u00f3rze brakuje, a&nbsp;tak\u017ce produkty bogate w&nbsp;beta-karoten oraz witaminy C&nbsp;i&nbsp;E.<\/p>\n\n\n\n<p><span class=\"tip\">Podstaw\u0105 jest picie co najmniej 2&nbsp;litr\u00f3w p\u0142yn\u00f3w&nbsp;dziennie oraz jedzenie surowych owoc\u00f3w i&nbsp;warzyw \u2013 naturalnego \u017ar\u00f3d\u0142a witamin i&nbsp;mikroelement\u00f3w.<\/span><\/p>\n\n\n\n<p>W codziennej diecie&nbsp;<strong>nie powinno zabrakn\u0105\u0107 zdrowych t\u0142uszcz\u00f3w<\/strong>&nbsp;w postaci t\u0142ustych ryb, olej\u00f3w, awokado, nasion czy pestek. Nawil\u017caj\u0105co i od\u017cywczo na cer\u0119 dzia\u0142aj\u0105 r\u00f3wnie\u017c takie&nbsp;<strong>warzywa<\/strong>&nbsp;jak marchewka, buraki, pomidor czy szpinak.&nbsp;Ciekawostk\u0105 jest r\u00f3wnie\u017c fakt, \u017ce jedno z bada\u0144 wykaza\u0142o, \u017ce w&nbsp;<strong>zachowaniu optymalnego nawil\u017cenia sk\u00f3ry mo\u017ce pom\u00f3c picie mleka<\/strong>.&nbsp;<a href=\"https:\/\/pubmed.ncbi.nlm.nih.gov\/25816721\/\">Badanie z 2015<\/a>&nbsp;wykaza\u0142o, \u017ce dieta bogata w mleko mo\u017ce poprawi\u0107 og\u00f3lny stan sk\u00f3ry. Wszystko to za spraw\u0105 zawarto\u015bci fosfolipid\u00f3w, kt\u00f3re u mysz poprawia\u0142y barier\u0119 sk\u00f3rn\u0105. Jednak nie przeprowadzono bada\u0144 na ludziach, dlatego do tej kwestii mo\u017cna podej\u015b\u0107 jak do ciekawostki i ewentualnie sprawdzi\u0107 na sobie.<\/p>\n\n\n\n<h2 class=\"wp-block-heading\" id=\"podsumowanie-jak-nawilzyc-skore-twarzy\">Podsumowanie \u2013 jak nawil\u017cy\u0107 sk\u00f3r\u0119 twarzy<\/h2>\n\n\n\n<p>W przypadku suchej sk\u00f3ry lub sucho\u015bci sk\u00f3ry m\u00f3wimy o sk\u00f3rze pozbawionej wilgoci w swojej zewn\u0119trznej warstwie. Nieleczona sucha sk\u00f3ra mo\u017ce p\u0119ka\u0107 i ulega\u0107 infekcji. Zatem utrzymywanie nawil\u017cenia jest bardzo wa\u017cne! W ten spos\u00f3b nie tylko zapewnisz pi\u0119kny wygl\u0105d cery, ale te\u017c nie narazisz si\u0119 na inne przykre konsekwencje jak sw\u0119dzenie, \u0142uszczenie czy te\u017c przyspieszone pojawienie si\u0119 zmarszczek.<\/p>\n\n\n\n<p>Cera sucha wymaga szczeg\u00f3lnie troskliwej piel\u0119gnacji. Mo\u017cesz j\u0105 zapewni\u0107, dbaj\u0105c o odpowiedni poziom nawil\u017cenia, zar\u00f3wno wewn\u0119trznego, jak i zewn\u0119trznego. Stosowanie kosmetyk\u00f3w nawil\u017caj\u0105cych i nat\u0142uszczaj\u0105cych, delikatny demakija\u017c i codzienne tonizowanie powinny by\u0107 na sta\u0142e wpisane w plan codziennej piel\u0119gnacji. Dzi\u0119ki temu Twoja sk\u00f3ra d\u0142u\u017cej zachowa m\u0142ody wygl\u0105d.<\/p>\n\n\n\n<p><strong><em>Masz such\u0105 cer\u0119? Jak o ni\u0105 dbasz?&nbsp;Jakie problemy piel\u0119gnacyjne odczuwasz najcz\u0119\u015bciej?<\/em><\/strong><\/p>\n","protected":false},"excerpt":{"rendered":"<p>Utrzymanie nawil\u017cenia sk\u00f3ry jest bardzo wa\u017cne, zw\u0142aszcza w przypadku sk\u00f3ry suchej. Czy istnieje co\u015b takiego jak naturalne nawil\u017canie twarzy, czy jeste\u015bmy&#8230;<\/p>\n","protected":false},"author":21,"featured_media":20244,"comment_status":"open","ping_status":"open","sticky":false,"template":"","format":"standard","meta":{"footnotes":""},"categories":[1],"tags":[],"acf":[],"yoast_head":"<!-- This site is optimized with the Yoast SEO plugin v21.1 - https:\/\/yoast.com\/wordpress\/plugins\/seo\/ -->\n<title>Jak nawil\u017cy\u0107 sk\u00f3r\u0119 i dba\u0107 o cer\u0119 such\u0105?<\/title>\n<meta name=\"description\" content=\"Dlaczego niekt\u00f3rzy maj\u0105 such\u0105 sk\u00f3r\u0119? Analizuj\u0119 sk\u0105d w sk\u00f3rze bierze si\u0119 woda. No i oczywi\u015bcie pokazuj\u0119 jak dba\u0107 o cer\u0119 such\u0105.\" \/>\n<meta name=\"robots\" content=\"index, follow, max-snippet:-1, max-image-preview:large, max-video-preview:-1\" \/>\n<link rel=\"canonical\" href=\"https:\/\/triny.pl\/blog\/podstawy-pielegnacji-suchej-cery\/\" \/>\n<meta property=\"og:locale\" content=\"pl_PL\" \/>\n<meta property=\"og:type\" content=\"article\" \/>\n<meta property=\"og:title\" content=\"Jak nawil\u017cy\u0107 sk\u00f3r\u0119 i dba\u0107 o cer\u0119 such\u0105?\" \/>\n<meta property=\"og:description\" content=\"Dlaczego niekt\u00f3rzy maj\u0105 such\u0105 sk\u00f3r\u0119? Analizuj\u0119 sk\u0105d w sk\u00f3rze bierze si\u0119 woda. No i oczywi\u015bcie pokazuj\u0119 jak dba\u0107 o cer\u0119 such\u0105.\" \/>\n<meta property=\"og:url\" content=\"https:\/\/triny.pl\/blog\/podstawy-pielegnacji-suchej-cery\/\" \/>\n<meta property=\"og:site_name\" content=\"Blog Triny.pl\" \/>\n<meta property=\"article:publisher\" content=\"https:\/\/www.facebook.com\/trinysklep\" \/>\n<meta property=\"article:published_time\" content=\"2022-09-16T07:47:00+00:00\" \/>\n<meta property=\"article:modified_time\" content=\"2023-09-01T08:54:36+00:00\" \/>\n<meta property=\"og:image\" content=\"https:\/\/triny.pl\/blog\/wp-content\/uploads\/2015\/10\/jak-dbac-cera-sucha.jpeg\" \/>\n\t<meta property=\"og:image:width\" content=\"1200\" \/>\n\t<meta property=\"og:image:height\" content=\"800\" \/>\n\t<meta property=\"og:image:type\" content=\"image\/jpeg\" \/>\n<meta name=\"author\" content=\"Marysia Wajda\" \/>\n<meta name=\"twitter:label1\" content=\"Napisane przez\" \/>\n\t<meta name=\"twitter:data1\" content=\"Marysia Wajda\" \/>\n\t<meta name=\"twitter:label2\" content=\"Szacowany czas czytania\" \/>\n\t<meta name=\"twitter:data2\" content=\"14 minut\" \/>\n<script type=\"application\/ld+json\" class=\"yoast-schema-graph\">{\"@context\":\"https:\/\/schema.org\",\"@graph\":[{\"@type\":\"Article\",\"@id\":\"https:\/\/triny.pl\/blog\/podstawy-pielegnacji-suchej-cery\/#article\",\"isPartOf\":{\"@id\":\"https:\/\/triny.pl\/blog\/podstawy-pielegnacji-suchej-cery\/\"},\"author\":{\"name\":\"Marysia Wajda\",\"@id\":\"https:\/\/triny.pl\/blog\/#\/schema\/person\/1f0cf312784bf4debdc7de4be1475777\"},\"headline\":\"Jak nawil\u017cy\u0107 sk\u00f3r\u0119 i dba\u0107 o cer\u0119 such\u0105?\",\"datePublished\":\"2022-09-16T07:47:00+00:00\",\"dateModified\":\"2023-09-01T08:54:36+00:00\",\"mainEntityOfPage\":{\"@id\":\"https:\/\/triny.pl\/blog\/podstawy-pielegnacji-suchej-cery\/\"},\"wordCount\":2826,\"commentCount\":2,\"publisher\":{\"@id\":\"https:\/\/triny.pl\/blog\/#organization\"},\"inLanguage\":\"pl-PL\",\"potentialAction\":[{\"@type\":\"CommentAction\",\"name\":\"Comment\",\"target\":[\"https:\/\/triny.pl\/blog\/podstawy-pielegnacji-suchej-cery\/#respond\"]}]},{\"@type\":\"WebPage\",\"@id\":\"https:\/\/triny.pl\/blog\/podstawy-pielegnacji-suchej-cery\/\",\"url\":\"https:\/\/triny.pl\/blog\/podstawy-pielegnacji-suchej-cery\/\",\"name\":\"Jak nawil\u017cy\u0107 sk\u00f3r\u0119 i dba\u0107 o cer\u0119 such\u0105?\",\"isPartOf\":{\"@id\":\"https:\/\/triny.pl\/blog\/#website\"},\"datePublished\":\"2022-09-16T07:47:00+00:00\",\"dateModified\":\"2023-09-01T08:54:36+00:00\",\"description\":\"Dlaczego niekt\u00f3rzy maj\u0105 such\u0105 sk\u00f3r\u0119? Analizuj\u0119 sk\u0105d w sk\u00f3rze bierze si\u0119 woda. No i oczywi\u015bcie pokazuj\u0119 jak dba\u0107 o cer\u0119 such\u0105.\",\"breadcrumb\":{\"@id\":\"https:\/\/triny.pl\/blog\/podstawy-pielegnacji-suchej-cery\/#breadcrumb\"},\"inLanguage\":\"pl-PL\",\"potentialAction\":[{\"@type\":\"ReadAction\",\"target\":[\"https:\/\/triny.pl\/blog\/podstawy-pielegnacji-suchej-cery\/\"]}]},{\"@type\":\"BreadcrumbList\",\"@id\":\"https:\/\/triny.pl\/blog\/podstawy-pielegnacji-suchej-cery\/#breadcrumb\",\"itemListElement\":[{\"@type\":\"ListItem\",\"position\":1,\"name\":\"Strona g\u0142\u00f3wna\",\"item\":\"https:\/\/triny.pl\/blog\/\"},{\"@type\":\"ListItem\",\"position\":2,\"name\":\"Jak nawil\u017cy\u0107 sk\u00f3r\u0119 i dba\u0107 o cer\u0119 such\u0105?\"}]},{\"@type\":\"WebSite\",\"@id\":\"https:\/\/triny.pl\/blog\/#website\",\"url\":\"https:\/\/triny.pl\/blog\/\",\"name\":\"Blog Triny.pl\",\"description\":\"Naturalna piel\u0119gnacja bez tajemnic! Pokazujemy jak dba\u0107 o cia\u0142o i w\u0142osy dla optymalnych, d\u0142ugotrwa\u0142ych efekt\u00f3w. Sprawd\u017a te ma\u0142o znane triki :)\",\"publisher\":{\"@id\":\"https:\/\/triny.pl\/blog\/#organization\"},\"potentialAction\":[{\"@type\":\"SearchAction\",\"target\":{\"@type\":\"EntryPoint\",\"urlTemplate\":\"https:\/\/triny.pl\/blog\/?s={search_term_string}\"},\"query-input\":\"required name=search_term_string\"}],\"inLanguage\":\"pl-PL\"},{\"@type\":\"Organization\",\"@id\":\"https:\/\/triny.pl\/blog\/#organization\",\"name\":\"Triny Sp. z o. o.\",\"url\":\"https:\/\/triny.pl\/blog\/\",\"logo\":{\"@type\":\"ImageObject\",\"inLanguage\":\"pl-PL\",\"@id\":\"https:\/\/triny.pl\/blog\/#\/schema\/logo\/image\/\",\"url\":\"https:\/\/triny.pl\/blog\/wp-content\/uploads\/2020\/08\/logo-triny.png\",\"contentUrl\":\"https:\/\/triny.pl\/blog\/wp-content\/uploads\/2020\/08\/logo-triny.png\",\"width\":190,\"height\":78,\"caption\":\"Triny Sp. z o. o.\"},\"image\":{\"@id\":\"https:\/\/triny.pl\/blog\/#\/schema\/logo\/image\/\"},\"sameAs\":[\"https:\/\/www.facebook.com\/trinysklep\",\"https:\/\/www.instagram.com\/trinysklep\/\",\"https:\/\/pl.pinterest.com\/trinypl\/_created\/\"]},{\"@type\":\"Person\",\"@id\":\"https:\/\/triny.pl\/blog\/#\/schema\/person\/1f0cf312784bf4debdc7de4be1475777\",\"name\":\"Marysia Wajda\",\"description\":\"Cze\u015b\u0107! Nazywam si\u0119 Marysia i jestem wielk\u0105 fank\u0105 naturalnej piel\u0119gnacji. Od dawna stosuj\u0119 wy\u0142\u0105cznie kosmetyki naturalne, zwracaj\u0105c bacznie uwag\u0119 na ich sk\u0142ad. Lubi\u0119 testowa\u0107 nowe produkty oraz rozwi\u0105zania urodowe i ch\u0119tnie si\u0119 podziel\u0119 wynikami moich eksperyment\u00f3w na tym blogu. Staram si\u0119 \u017cy\u0107 w zgodzie z natur\u0105 i w stylu zero waste, wi\u0119c ch\u0119tnie b\u0119d\u0119 przekazywa\u0107 Wam r\u00f3wnie\u017c pomys\u0142y na ponownie wykorzystanie kosmetyk\u00f3w i nie tylko. Zapraszam do obserwowania profilu na Facebooku, w kt\u00f3rym zamieszczane s\u0105 codziennie ciekawostki, porady, najlepsze kosmetyki naturalne: https:\/\/www.facebook.com\/trinysklep\",\"url\":\"https:\/\/triny.pl\/blog\/author\/marysia\/\"}]}<\/script>\n<!-- \/ Yoast SEO plugin. -->","yoast_head_json":{"title":"Jak nawil\u017cy\u0107 sk\u00f3r\u0119 i dba\u0107 o cer\u0119 such\u0105?","description":"Dlaczego niekt\u00f3rzy maj\u0105 such\u0105 sk\u00f3r\u0119? Analizuj\u0119 sk\u0105d w sk\u00f3rze bierze si\u0119 woda. No i oczywi\u015bcie pokazuj\u0119 jak dba\u0107 o cer\u0119 such\u0105.","robots":{"index":"index","follow":"follow","max-snippet":"max-snippet:-1","max-image-preview":"max-image-preview:large","max-video-preview":"max-video-preview:-1"},"canonical":"https:\/\/triny.pl\/blog\/podstawy-pielegnacji-suchej-cery\/","og_locale":"pl_PL","og_type":"article","og_title":"Jak nawil\u017cy\u0107 sk\u00f3r\u0119 i dba\u0107 o cer\u0119 such\u0105?","og_description":"Dlaczego niekt\u00f3rzy maj\u0105 such\u0105 sk\u00f3r\u0119? Analizuj\u0119 sk\u0105d w sk\u00f3rze bierze si\u0119 woda. No i oczywi\u015bcie pokazuj\u0119 jak dba\u0107 o cer\u0119 such\u0105.","og_url":"https:\/\/triny.pl\/blog\/podstawy-pielegnacji-suchej-cery\/","og_site_name":"Blog Triny.pl","article_publisher":"https:\/\/www.facebook.com\/trinysklep","article_published_time":"2022-09-16T07:47:00+00:00","article_modified_time":"2023-09-01T08:54:36+00:00","og_image":[{"width":1200,"height":800,"url":"https:\/\/triny.pl\/blog\/wp-content\/uploads\/2015\/10\/jak-dbac-cera-sucha.jpeg","type":"image\/jpeg"}],"author":"Marysia Wajda","twitter_misc":{"Napisane przez":"Marysia Wajda","Szacowany czas czytania":"14 minut"},"schema":{"@context":"https:\/\/schema.org","@graph":[{"@type":"Article","@id":"https:\/\/triny.pl\/blog\/podstawy-pielegnacji-suchej-cery\/#article","isPartOf":{"@id":"https:\/\/triny.pl\/blog\/podstawy-pielegnacji-suchej-cery\/"},"author":{"name":"Marysia Wajda","@id":"https:\/\/triny.pl\/blog\/#\/schema\/person\/1f0cf312784bf4debdc7de4be1475777"},"headline":"Jak nawil\u017cy\u0107 sk\u00f3r\u0119 i dba\u0107 o cer\u0119 such\u0105?","datePublished":"2022-09-16T07:47:00+00:00","dateModified":"2023-09-01T08:54:36+00:00","mainEntityOfPage":{"@id":"https:\/\/triny.pl\/blog\/podstawy-pielegnacji-suchej-cery\/"},"wordCount":2826,"commentCount":2,"publisher":{"@id":"https:\/\/triny.pl\/blog\/#organization"},"inLanguage":"pl-PL","potentialAction":[{"@type":"CommentAction","name":"Comment","target":["https:\/\/triny.pl\/blog\/podstawy-pielegnacji-suchej-cery\/#respond"]}]},{"@type":"WebPage","@id":"https:\/\/triny.pl\/blog\/podstawy-pielegnacji-suchej-cery\/","url":"https:\/\/triny.pl\/blog\/podstawy-pielegnacji-suchej-cery\/","name":"Jak nawil\u017cy\u0107 sk\u00f3r\u0119 i dba\u0107 o cer\u0119 such\u0105?","isPartOf":{"@id":"https:\/\/triny.pl\/blog\/#website"},"datePublished":"2022-09-16T07:47:00+00:00","dateModified":"2023-09-01T08:54:36+00:00","description":"Dlaczego niekt\u00f3rzy maj\u0105 such\u0105 sk\u00f3r\u0119? Analizuj\u0119 sk\u0105d w sk\u00f3rze bierze si\u0119 woda. No i oczywi\u015bcie pokazuj\u0119 jak dba\u0107 o cer\u0119 such\u0105.","breadcrumb":{"@id":"https:\/\/triny.pl\/blog\/podstawy-pielegnacji-suchej-cery\/#breadcrumb"},"inLanguage":"pl-PL","potentialAction":[{"@type":"ReadAction","target":["https:\/\/triny.pl\/blog\/podstawy-pielegnacji-suchej-cery\/"]}]},{"@type":"BreadcrumbList","@id":"https:\/\/triny.pl\/blog\/podstawy-pielegnacji-suchej-cery\/#breadcrumb","itemListElement":[{"@type":"ListItem","position":1,"name":"Strona g\u0142\u00f3wna","item":"https:\/\/triny.pl\/blog\/"},{"@type":"ListItem","position":2,"name":"Jak nawil\u017cy\u0107 sk\u00f3r\u0119 i dba\u0107 o cer\u0119 such\u0105?"}]},{"@type":"WebSite","@id":"https:\/\/triny.pl\/blog\/#website","url":"https:\/\/triny.pl\/blog\/","name":"Blog Triny.pl","description":"Naturalna piel\u0119gnacja bez tajemnic! Pokazujemy jak dba\u0107 o cia\u0142o i w\u0142osy dla optymalnych, d\u0142ugotrwa\u0142ych efekt\u00f3w. Sprawd\u017a te ma\u0142o znane triki :)","publisher":{"@id":"https:\/\/triny.pl\/blog\/#organization"},"potentialAction":[{"@type":"SearchAction","target":{"@type":"EntryPoint","urlTemplate":"https:\/\/triny.pl\/blog\/?s={search_term_string}"},"query-input":"required name=search_term_string"}],"inLanguage":"pl-PL"},{"@type":"Organization","@id":"https:\/\/triny.pl\/blog\/#organization","name":"Triny Sp. z o. o.","url":"https:\/\/triny.pl\/blog\/","logo":{"@type":"ImageObject","inLanguage":"pl-PL","@id":"https:\/\/triny.pl\/blog\/#\/schema\/logo\/image\/","url":"https:\/\/triny.pl\/blog\/wp-content\/uploads\/2020\/08\/logo-triny.png","contentUrl":"https:\/\/triny.pl\/blog\/wp-content\/uploads\/2020\/08\/logo-triny.png","width":190,"height":78,"caption":"Triny Sp. z o. o."},"image":{"@id":"https:\/\/triny.pl\/blog\/#\/schema\/logo\/image\/"},"sameAs":["https:\/\/www.facebook.com\/trinysklep","https:\/\/www.instagram.com\/trinysklep\/","https:\/\/pl.pinterest.com\/trinypl\/_created\/"]},{"@type":"Person","@id":"https:\/\/triny.pl\/blog\/#\/schema\/person\/1f0cf312784bf4debdc7de4be1475777","name":"Marysia Wajda","description":"Cze\u015b\u0107! Nazywam si\u0119 Marysia i jestem wielk\u0105 fank\u0105 naturalnej piel\u0119gnacji. Od dawna stosuj\u0119 wy\u0142\u0105cznie kosmetyki naturalne, zwracaj\u0105c bacznie uwag\u0119 na ich sk\u0142ad. Lubi\u0119 testowa\u0107 nowe produkty oraz rozwi\u0105zania urodowe i ch\u0119tnie si\u0119 podziel\u0119 wynikami moich eksperyment\u00f3w na tym blogu. Staram si\u0119 \u017cy\u0107 w zgodzie z natur\u0105 i w stylu zero waste, wi\u0119c ch\u0119tnie b\u0119d\u0119 przekazywa\u0107 Wam r\u00f3wnie\u017c pomys\u0142y na ponownie wykorzystanie kosmetyk\u00f3w i nie tylko. Zapraszam do obserwowania profilu na Facebooku, w kt\u00f3rym zamieszczane s\u0105 codziennie ciekawostki, porady, najlepsze kosmetyki naturalne: https:\/\/www.facebook.com\/trinysklep","url":"https:\/\/triny.pl\/blog\/author\/marysia\/"}]}},"voteUp":"18","voteDown":"0","authorInfo":{"photo":"https:\/\/triny.pl\/blog\/wp-content\/themes\/triny\/assets\/img\/default-avatar.jpg","url":"https:\/\/triny.pl\/blog\/author\/marysia\/","name":"Marysia Wajda"},"media":{"full":"https:\/\/triny.pl\/blog\/wp-content\/uploads\/2015\/10\/jak-dbac-cera-sucha.jpeg","desktop":"https:\/\/triny.pl\/blog\/wp-content\/uploads\/2015\/10\/jak-dbac-cera-sucha-505x250.jpeg","mobile":"https:\/\/triny.pl\/blog\/wp-content\/uploads\/2015\/10\/jak-dbac-cera-sucha-375x190.jpeg"},"_links":{"self":[{"href":"https:\/\/triny.pl\/blog\/wp-json\/wp\/v2\/posts\/1087"}],"collection":[{"href":"https:\/\/triny.pl\/blog\/wp-json\/wp\/v2\/posts"}],"about":[{"href":"https:\/\/triny.pl\/blog\/wp-json\/wp\/v2\/types\/post"}],"author":[{"embeddable":true,"href":"https:\/\/triny.pl\/blog\/wp-json\/wp\/v2\/users\/21"}],"replies":[{"embeddable":true,"href":"https:\/\/triny.pl\/blog\/wp-json\/wp\/v2\/comments?post=1087"}],"version-history":[{"count":48,"href":"https:\/\/triny.pl\/blog\/wp-json\/wp\/v2\/posts\/1087\/revisions"}],"predecessor-version":[{"id":27635,"href":"https:\/\/triny.pl\/blog\/wp-json\/wp\/v2\/posts\/1087\/revisions\/27635"}],"wp:featuredmedia":[{"embeddable":true,"href":"https:\/\/triny.pl\/blog\/wp-json\/wp\/v2\/media\/20244"}],"wp:attachment":[{"href":"https:\/\/triny.pl\/blog\/wp-json\/wp\/v2\/media?parent=1087"}],"wp:term":[{"taxonomy":"category","embeddable":true,"href":"https:\/\/triny.pl\/blog\/wp-json\/wp\/v2\/categories?post=1087"},{"taxonomy":"post_tag","embeddable":true,"href":"https:\/\/triny.pl\/blog\/wp-json\/wp\/v2\/tags?post=1087"}],"curies":[{"name":"wp","href":"https:\/\/api.w.org\/{rel}","templated":true}]}}