{"id":11192,"date":"2019-02-08T14:45:06","date_gmt":"2019-02-08T13:45:06","guid":{"rendered":"https:\/\/triny.pl\/blog\/?p=11192"},"modified":"2023-11-16T15:58:17","modified_gmt":"2023-11-16T14:58:17","slug":"zniszczone-wlosy-po-rozjasnianiu","status":"publish","type":"post","link":"https:\/\/triny.pl\/blog\/zniszczone-wlosy-po-rozjasnianiu\/","title":{"rendered":"Zniszczone w\u0142osy po rozja\u015bnianiu? Ta regeneracja naprawd\u0119 pomaga!"},"content":{"rendered":"\n<p>W dzisiejszym wpisie zajm\u0119 si\u0119 problemem w\u0142os\u00f3w zniszczonych rozja\u015bnianiem. Podpowiem, jakie zabiegi warto wykona\u0107 i po jakie kosmetyki si\u0119gn\u0105\u0107, aby zniszczone w\u0142osy po rozja\u015bnianiu odzyska\u0142y pi\u0119kny wygl\u0105d. Je\u015bli zmagasz si\u0119 z tym problemem i masz bardzo zniszczone w\u0142osy po rozja\u015bnianiu, zapraszam do czytania.<\/p>\n\n\n\n<p><strong>W\u0142osy rozja\u015bniane mog\u0105 by\u0107 pi\u0119kne, mi\u0119kkie, g\u0142adkie i spr\u0119\u017cyste.<\/strong> Cz\u0119\u015bciej jednak spotykamy w\u0142osy, kt\u00f3re w efekcie rozja\u015bniania staj\u0105 si\u0119 suche, szorstkie, matowe i bardzo wra\u017cliwe na dzia\u0142anie czynnik\u00f3w zewn\u0119trznych. Jest to oczywi\u015bcie spowodowane brakiem odpowiedniej piel\u0119gnacji, kt\u00f3ra w przypadku w\u0142os\u00f3w rozja\u015bnianych na blond powinna by\u0107&#8230; no w\u0142a\u015bnie jaka?<\/p>\n\n\n\n<!--more-->\n\n\n\n<h2 class=\"wp-block-heading\">Czym charakteryzuj\u0105 si\u0119 rozja\u015bniane w\u0142osy?<\/h2>\n\n\n\n<p>Je\u015bli jeste\u015b posiadaczk\u0105 jasnych, rozja\u015bnianych w\u0142os\u00f3w, dobrze wiesz, z jakimi problemami wi\u0105\u017ce si\u0119 posiadanie tak lubianego koloru blond. Porowata struktura w\u0142os\u00f3w rozja\u015bnianych sprzyja bowiem ich sk\u0142onno\u015bci do \u0142amania i rozdwajania, a tak\u017ce tego, \u017ce <strong>staj\u0105 si\u0119 przesuszone, kruche i matowe, <\/strong><strong>trudne do rozczesania, sianowate i \u0142atwo si\u0119 pl\u0105cz\u0105<\/strong>.<\/p>\n\n\n\n<p>Regularnie rozja\u015bniane w\u0142osy s\u0105 bardziej wra\u017cliwe na dzia\u0142anie czynnik\u00f3w zewn\u0119trznych. Nie s\u0142u\u017c\u0105 im skrajne warunki atmosferyczne &#8211; \u017ale toleruj\u0105 mro\u017ane powietrze, du\u017c\u0105 wilgotno\u015b\u0107 powietrza i pal\u0105ce s\u0142o\u0144ce. Zaczynaj\u0105 si\u0119 puszy\u0107, elektryzowa\u0107, cz\u0119sto dochodzi do tego te\u017c <strong>rozdwajanie ko\u0144c\u00f3wek<\/strong> lub <strong>nasilone wypadanie w\u0142os\u00f3w<\/strong>. Nie s\u0142u\u017cy im te\u017c zbyt mocne zwi\u0105zywanie i nieodpowiednie rozczesywanie.<\/p>\n\n\n\n<p>W efekcie w\u0142osy rozja\u015bniane ze zdrowych i ciesz\u0105cych oko pi\u0119knym wygl\u0105dem <strong>staj\u0105 si\u0119 zniszczone i ma\u0142o atrakcyjne<\/strong>. I to w\u0142a\u015bnie najcz\u0119\u015bciej w tym momencie zaczynasz si\u0119 zastanawia\u0107, jak je uratowa\u0107 i czy nawet bardzo zniszczone w\u0142osy po rozja\u015bnianiu mog\u0105 znowu wygl\u0105da\u0107 pi\u0119knie.<\/p>\n\n\n<div class=\"wp-block-image\">\n<figure class=\"aligncenter\"><picture><source media=\"(max-width: 450px)\" data-srcset=\"https:\/\/triny.pl\/blog\/wp-content\/uploads\/2016\/11\/person-1014503_1920-375x250.jpg\"><img data-src=\"https:\/\/triny.pl\/blog\/wp-content\/uploads\/2016\/11\/person-1014503_1920-684x456.jpg\" class=\"wp-image-2499 lazyload\" alt=\"Czy mo\u017cna uratowa\u0107 zniszczone w\u0142osy po rozja\u015bnianiu?\"><\/picture><\/figure><\/div>\n\n\n<h2 class=\"wp-block-heading\">Czy mo\u017cna uratowa\u0107 zniszczone w\u0142osy po rozja\u015bnianiu?<\/h2>\n\n\n\n<p>Oczywi\u015bcie w\u0142osy zniszczone rozja\u015bnianiem mo\u017cna uratowa\u0107. Warto jednak zabra\u0107 si\u0119 za to od razu po zabiegu rozja\u015bniania i konsekwentnie realizowa\u0107 ka\u017cdy z punkt\u00f3w regeneracji w\u0142os\u00f3w po rozja\u015bnianiu.<\/p>\n\n\n\n<p class=\"note\">Jak dba\u0107 o rozja\u015bniane w\u0142osy? Jest wiele metod piel\u0119gnacji, dzi\u0119ki kt\u00f3rym kosmyki zyskaj\u0105 ol\u015bniewaj\u0105cy wygl\u0105d i cudown\u0105 mi\u0119kko\u015b\u0107. Stosuj\u0105c si\u0119 do konkretnych wskaz\u00f3wek, mo\u017cesz oczekiwa\u0107, \u017ce w\u0142osy b\u0119d\u0105 znowu elastyczne, spr\u0119\u017cyste, g\u0142adkie i bardziej odporne na dzia\u0142anie czynnik\u00f3w zewn\u0119trznych.<\/p>\n\n\n\n<p>Przygotowa\u0142am <strong>miniplan regeneracji zniszczonych rozja\u015bnianiem w\u0142os\u00f3w<\/strong>. Jego najwa\u017cniejsze filary to: delikatne mycie, od\u017cywianie, olejowanie, ochrona w\u0142os\u00f3w przed niekorzystnym dzia\u0142aniem czynnik\u00f3w zewn\u0119trznych i regularne wizyty u fryzjera. Warto zastosowa\u0107 te <strong>sprawdzone metody i tajniki pomocne w piel\u0119gnacji w\u0142os\u00f3w rozja\u015bnianych<\/strong>, aby m\u00f3c cieszy\u0107 si\u0119 jedwabistymi, l\u015bni\u0105cymi i zdrowymi pasmami.<\/p>\n\n\n\n<h2 class=\"wp-block-heading\">Jak uratowa\u0107 zniszczone w\u0142osy po rozja\u015bnianiu? Skuteczna piel\u0119gnacja i regeneracja<\/h2>\n\n\n\n<h3 class=\"wp-block-heading\">Delikatne mycie szamponem do w\u0142os\u00f3w rozja\u015bnianych<\/h3>\n\n\n\n<p>Pierwsz\u0105 rzecz\u0105, o kt\u00f3r\u0105 musisz zadba\u0107, aby uratowa\u0107 zniszczone w\u0142osy, jest ich <strong>delikatne mycie<\/strong>. Chocia\u017c jest to czynno\u015b\u0107 wykonywana regularnie, a nawet codziennie, cz\u0119sto w jej trakcie pope\u0142nia si\u0119 wiele b\u0142\u0119d\u00f3w.<\/p>\n\n\n\n<p>Je\u015bli chodzi o mycie w\u0142os\u00f3w rozja\u015bnianych, to najwa\u017cniejsz\u0105 obowi\u0105zuj\u0105c\u0105 zasad\u0105 jest DELIKATNO\u015a\u0106. Efekty piel\u0119gnacji pasm zale\u017c\u0105 w\u0142a\u015bnie od jej przestrzegania. W\u0142osy rozja\u015bnione maj\u0105 uszkodzon\u0105 struktur\u0119, s\u0105 podatne na dalsze uszkodzenia i pl\u0105tanie. Szampony, szczeg\u00f3lnie te zawieraj\u0105ca silne detergenty myj\u0105ce (SLS i jego pochodne), podczas ka\u017cdego mycia b\u0119d\u0105 s\u0142u\u017cy\u0107 mocniejszemu uszkadzaniu kosmyk\u00f3w, dlatego powinna\u015b z nich jak najszybciej zrezygnowa\u0107.<\/p>\n\n\n<div class=\"wp-block-image\">\n<figure class=\"aligncenter\"><picture><source media=\"(max-width: 450px)\" data-srcset=\"https:\/\/triny.pl\/blog\/wp-content\/uploads\/2019\/02\/daniel-corneschi-529456-unsplash-375x250.jpg\"><img data-src=\"https:\/\/triny.pl\/blog\/wp-content\/uploads\/2019\/02\/daniel-corneschi-529456-unsplash-684x456.jpg\" class=\"wp-image-11206 lazyload\" alt=\"Jak uratowa\u0107 zniszczone w\u0142osy po rozja\u015bnianiu\"><\/picture><\/figure><\/div>\n\n\n<p><strong>Si\u0119gnij po \u0142agodne, naturalne <a href=\"https:\/\/triny.pl\/242-szampony-do-wlosow-farbowanych\">szampony do w\u0142os\u00f3w farbowanych<\/a><\/strong>. Dobrym wyborem b\u0119d\u0105 szampony na bazie ro\u015blinnych substancji myj\u0105cych (np. mydlnica lekarska, glukozyd kokosowy) i wyci\u0105g\u00f3w zio\u0142owych. Zrezygnuj ze stosowania szampon\u00f3w zawieraj\u0105cych w sk\u0142adzie silikony i alkohol. Ten ostatni sk\u0142adnik mo\u017ce by\u0107 naprawd\u0119 szkodliwy i jeszcze bardziej os\u0142abia\u0107 zniszczon\u0105 rozja\u015bnieniem struktur\u0119 w\u0142os\u00f3w.<\/p>\n\n\n\n<p class=\"note\">Zniszczone rozja\u015bnieniem w\u0142osy s\u0105 bardzo wra\u017cliwe. Pami\u0119taj o tym podczas ich mycia! B\u0105d\u017a delikatna i staraj si\u0119 nie polewa\u0107 w\u0142os\u00f3w gor\u0105c\u0105 wod\u0105. Myj je letni\u0105 wod\u0105, \u0142agodnie masuj, szampon rozcie\u0144czaj w niewielkiej ilo\u015bci wody i dopiero w takiej formie nak\u0142adaj na w\u0142osy. Po myciu ods\u0105cz nadmiar wody z w\u0142os\u00f3w, nie pocieraj ich r\u0119cznikiem, nie szarp. Staraj si\u0119 te\u017c my\u0107 w\u0142osy jak najrzadziej (je\u015bli masz tak\u0105 mo\u017cliwo\u015b\u0107 to 1-2 razy w tygodniu) i zrezygnuj z ich suszenia gor\u0105cym powietrzem.<\/p>\n\n\n\n<p>Rozwa\u017c <strong>mycie metod\u0105 OMO<\/strong>, czyli mycie pasm od\u017cywk\u0105. Dobrze mie\u0107 nie jedn\u0105, a dwie od\u017cywki o zupe\u0142nie innych sk\u0142adach. Pierwsza z nich ma s\u0142u\u017cy\u0107 myciu w\u0142os\u00f3w, wi\u0119c mo\u017ce mie\u0107 bardzo prosty sk\u0142ad, w kt\u00f3rym na pocz\u0105tku b\u0119d\u0105 wyst\u0119powa\u0107 substancje o dzia\u0142aniu myj\u0105cym jak Behentrimonium Chloride lub Cetrimonium Chloride. Drug\u0105 od\u017cywk\u0105 jest ta, kt\u00f3r\u0105 zastosujesz ju\u017c po umyciu pasm &#8211; najlepiej bez alkoholu, ale za to ze spor\u0105 ilo\u015bci\u0105 olej\u00f3w ro\u015blinnych i lekkich silikon\u00f3w. Jak my\u0107 w\u0142osy od\u017cywk\u0105? Dowiesz si\u0119 tego z wpisu -&gt; <a href=\"https:\/\/triny.pl\/blog\/mycie-wlosow-odzywka-jak-to-sie-robi-i-jakich-efektow-mozna-sie-spodziewac\/\">Mycie w\u0142os\u00f3w od\u017cywk\u0105. Sprawdzone metody, wady i zalety<\/a><\/p>\n\n\n\n<p class=\"tip\">Aby zapewni\u0107 odpowiedni\u0105 piel\u0119gnacj\u0119 nie tylko w\u0142osom, ale te\u017c sk\u00f3rze g\u0142owy, raz na tydzie\u0144 lub raz na dwa tygodnie umyj skalp szamponem oczyszczaj\u0105cym. Dzi\u0119ki temu usuniesz ze sk\u00f3ry wszystkie nabudowane tam pozosta\u0142o\u015bci po maskach, od\u017cywkach, olejach i kosmetykach piel\u0119gnacyjnych.<\/p>\n\n\n\n<p><strong>Polecane szampony:<\/strong><\/p>\n\n\n<section class=\"slider-collage-carousel\" data-id=\"13909, 13850, 8882\"><ul class=\"collage collage-slider\"><li class=\"item\"><a href=\"https:\/\/triny.pl\/13909-saint-eternite-szampon-nawilzajacy-skore-glowy-i-wlosy-z-pantenolem-olejem-makadamia-280-ml.html\" target=\"_blank\"><picture><source srcset=\"https:\/\/static.triny.pl\/img\/p\/2\/3\/2\/6\/5\/23265-thickbox_default.webp\"  type=\"image\/webp\"><source srcset=\"https:\/\/static.triny.pl\/img\/p\/2\/3\/2\/6\/5\/23265-thickbox_default.jpg\"  type=\"image\/jpeg\"><img src=\"https:\/\/triny.pl\/blog\/wp-content\/themes\/triny\/assets\/img\/placeholder-600x600.png\" data-src=\"https:\/\/static.triny.pl\/img\/p\/2\/3\/2\/6\/5\/23265-thickbox_default.jpg\" class=\"tns-lazy-img\" alt=\"Szampon nawil\u017caj\u0105cy sk\u00f3r\u0119 g\u0142owy i w\u0142osy z pantenolem, olejem makadamia\"><\/picture><div class=\"brand\">Saint Eternite<\/div><div class=\"title\">Szampon nawil\u017caj\u0105cy sk\u00f3r\u0119 g\u0142owy i w\u0142osy z pantenolem, olejem makadamia<\/div><\/a><a class=\"slider-collage-carousel__btn read-more-button\" href=\"https:\/\/triny.pl\/13909-saint-eternite-szampon-nawilzajacy-skore-glowy-i-wlosy-z-pantenolem-olejem-makadamia-280-ml.html\" target=\"_blank\">Zobacz<\/a><\/li><li class=\"item\"><a href=\"https:\/\/triny.pl\/13850-mel-skin-szampon-nawilzajacy-do-suchych-wlosow-z-proteinami-pszenicznymi-i-alantoina-mel-200-ml.html\" target=\"_blank\"><picture><source srcset=\"https:\/\/static.triny.pl\/img\/p\/2\/3\/1\/3\/4\/23134-thickbox_default.webp\"  type=\"image\/webp\"><source srcset=\"https:\/\/static.triny.pl\/img\/p\/2\/3\/1\/3\/4\/23134-thickbox_default.jpg\"  type=\"image\/jpeg\"><img src=\"https:\/\/triny.pl\/blog\/wp-content\/themes\/triny\/assets\/img\/placeholder-600x600.png\" data-src=\"https:\/\/static.triny.pl\/img\/p\/2\/3\/1\/3\/4\/23134-thickbox_default.jpg\" class=\"tns-lazy-img\" alt=\"Szampon nawil\u017caj\u0105cy do suchych w\u0142os\u00f3w z proteinami pszenicznymi i alantoin\u0105\"><\/picture><div class=\"brand\">Mel Skin<\/div><div class=\"title\">Szampon nawil\u017caj\u0105cy do suchych w\u0142os\u00f3w z proteinami pszenicznymi i alantoin\u0105<\/div><\/a><a class=\"slider-collage-carousel__btn read-more-button\" href=\"https:\/\/triny.pl\/13850-mel-skin-szampon-nawilzajacy-do-suchych-wlosow-z-proteinami-pszenicznymi-i-alantoina-mel-200-ml.html\" target=\"_blank\">Zobacz<\/a><\/li><li class=\"item\"><a href=\"https:\/\/triny.pl\/8882-e-fiore-oczyszczajacy-szampon-do-wlosow-na-bazie-aloesu-i-ziol.html\" target=\"_blank\"><picture><source srcset=\"https:\/\/static.triny.pl\/img\/p\/1\/2\/5\/9\/2\/12592-thickbox_default.webp\"  type=\"image\/webp\"><source srcset=\"https:\/\/static.triny.pl\/img\/p\/1\/2\/5\/9\/2\/12592-thickbox_default.jpg\"  type=\"image\/jpeg\"><img src=\"https:\/\/triny.pl\/blog\/wp-content\/themes\/triny\/assets\/img\/placeholder-600x600.png\" data-src=\"https:\/\/static.triny.pl\/img\/p\/1\/2\/5\/9\/2\/12592-thickbox_default.jpg\" class=\"tns-lazy-img\" alt=\"Oczyszczaj\u0105cy szampon do w\u0142os\u00f3w na bazie aloesu i zi\u00f3\u0142\"><\/picture><div class=\"brand\">E-FIORE<\/div><div class=\"title\">Oczyszczaj\u0105cy szampon do w\u0142os\u00f3w na bazie aloesu i zi\u00f3\u0142<\/div><\/a><a class=\"slider-collage-carousel__btn read-more-button\" href=\"https:\/\/triny.pl\/8882-e-fiore-oczyszczajacy-szampon-do-wlosow-na-bazie-aloesu-i-ziol.html\" target=\"_blank\">Zobacz<\/a><\/li><\/ul><\/section>\n\n\n\n<h3 class=\"wp-block-heading\">Zamie\u0144 od\u017cywki na maski i stosuj je przy ka\u017cdym myciem w\u0142os\u00f3w<\/h3>\n\n\n\n<p>Je\u015bli na co dzie\u0144 u\u017cywasz od\u017cywek do w\u0142os\u00f3w, to bardzo dobrze, zw\u0142aszcza je\u015bli to <a href=\"https:\/\/triny.pl\/243-odzywki-do-wlosow-farbowanych\">od\u017cywka do w\u0142os\u00f3w farbowanych<\/a>. Teraz jednak proponuj\u0119 zamieni\u0107 od\u017cywk\u0119 na dobr\u0105 mask\u0119 emolientow\u0105 lub emolientowo-proteinow\u0105 i stosowa\u0107 j\u0105 przy ka\u017cdym myciu w\u0142os\u00f3w. Maski do w\u0142os\u00f3w maj\u0105 <strong>bogatsze sk\u0142ady i s\u0105 bardziej tre\u015bciwe<\/strong>.&nbsp;Idealna&nbsp;<strong>maska do w\u0142os\u00f3w rozja\u015bnianych<\/strong> zadba o intensywne nawil\u017cenie, od\u017cywienie i regeneracj\u0119 blond kosmyk\u00f3w. W jej sk\u0142adzie <strong>warto szuka\u0107 olej\u00f3w oraz humektant\u00f3w, czyli naturalnych sk\u0142adnik\u00f3w nawil\u017caj\u0105cych.<\/strong>&nbsp;Pami\u0119taj jednak o tym, \u017ce humektanty nie b\u0119d\u0105 s\u0142u\u017cy\u0142y w\u0142osom podczas wilgotnej pogody.<\/p>\n\n\n\n<h4 class=\"wp-block-heading\"><picture><source media=\"(max-width: 450px)\" data-srcset=\"https:\/\/triny.pl\/blog\/wp-content\/uploads\/2016\/11\/hair-1462984_1920-375x249.jpg\"><img data-src=\"https:\/\/triny.pl\/blog\/wp-content\/uploads\/2016\/11\/hair-1462984_1920-684x454.jpg\" class=\"aligncenter wp-image-2498 size-full lazyload\" alt=\"Jak stosowa\u0107 mask\u0119 do w\u0142os\u00f3w zniszczonych po rozja\u015bnianiu?\"><\/picture><br \/><strong>Jak stosowa\u0107 mask\u0119 do w\u0142os\u00f3w zniszczonych po rozja\u015bnianiu?<\/strong><\/h4>\n\n\n\n<p>Umyj w\u0142osy delikatnym szamponem, ods\u0105cz nadmiar wody mi\u0119kkim r\u0119cznikiem lub bawe\u0142nian\u0105 koszulk\u0105. Na\u0142\u00f3\u017c na w\u0142osy odpowiedni\u0105 ilo\u015b\u0107 maski i wetrzyj starannie w ka\u017cde pasmo. Mo\u017cesz zrobi\u0107 to przeci\u0105gaj\u0105c z\u0142\u0105czonymi d\u0142o\u0144mi po w\u0142osach od nasady a\u017c po ko\u0144ce, albo wmasowuj\u0105c mask\u0119 we w\u0142osy. Innym sposobem jest wczesanie maski we w\u0142osy grzebieniem z szeroko rozstawionymi z\u0119bami. Po na\u0142o\u017ceniu maski w\u0142osy mo\u017cesz owin\u0105\u0107 foliowym czepkiem i r\u0119cznikiem &#8211; ciep\u0142o sprawi, \u017ce sk\u0142adniki maski szybciej wnikn\u0105 w struktur\u0119 w\u0142os\u00f3w. Po 30 minutach zmyj mask\u0119 z w\u0142os\u00f3w.<\/p>\n\n\n\n<p class=\"tip\">Jak nawil\u017cy\u0107 w\u0142osy zniszczone rozja\u015bnianiem? Maskami! Maskami polecanymi do piel\u0119gnacji w\u0142os\u00f3w zniszczonych po rozja\u015bnianiu s\u0105 g\u0142\u00f3wnie maski emolientowe. Mo\u017cesz stosowa\u0107 je na zmian\u0119 z maskami proteinowymi. Maskami, kt\u00f3rych powinna\u015b teraz unika\u0107 (albo u\u017cywa\u0107 jedynie od czasu do czasu), s\u0105 maski nawil\u017caj\u0105ce, zawieraj\u0105ce humektanty, czyli substancje nawil\u017caj\u0105ce (np. aloes). Pod ich wp\u0142ywem rozja\u015bniane w\u0142osy mog\u0105 si\u0119 puszy\u0107.<\/p>\n\n\n\n<p><strong>Polecane maski:<\/strong><\/p>\n\n\n<section class=\"slider-collage-carousel\" data-id=\"13923, 13139, 9767\"><ul class=\"collage collage-slider\"><li class=\"item\"><a href=\"https:\/\/triny.pl\/13923-saint-eternite-maska-nawilzajaca-dobra-do-wlosow-suchych-i-lamliwych-150-ml.html\" target=\"_blank\"><picture><source srcset=\"https:\/\/static.triny.pl\/img\/p\/2\/3\/2\/6\/7\/23267-thickbox_default.webp\"  type=\"image\/webp\"><source srcset=\"https:\/\/static.triny.pl\/img\/p\/2\/3\/2\/6\/7\/23267-thickbox_default.jpg\"  type=\"image\/jpeg\"><img src=\"https:\/\/triny.pl\/blog\/wp-content\/themes\/triny\/assets\/img\/placeholder-600x600.png\" data-src=\"https:\/\/static.triny.pl\/img\/p\/2\/3\/2\/6\/7\/23267-thickbox_default.jpg\" class=\"tns-lazy-img\" alt=\"Maska nawil\u017caj\u0105ca dobra do w\u0142os\u00f3w suchych i \u0142amliwych\"><\/picture><div class=\"brand\">Saint Eternite<\/div><div class=\"title\">Maska nawil\u017caj\u0105ca dobra do w\u0142os\u00f3w suchych i \u0142amliwych<\/div><\/a><a class=\"slider-collage-carousel__btn read-more-button\" href=\"https:\/\/triny.pl\/13923-saint-eternite-maska-nawilzajaca-dobra-do-wlosow-suchych-i-lamliwych-150-ml.html\" target=\"_blank\">Zobacz<\/a><\/li><li class=\"item\"><a href=\"https:\/\/triny.pl\/13139-vis-plantis-vp-professional-maska-do-wlosow-zniszczonych-i-oslabionych-z-ceramidami.html\" target=\"_blank\"><picture><source srcset=\"https:\/\/static.triny.pl\/img\/p\/2\/1\/9\/3\/2\/21932-thickbox_default.webp\"  type=\"image\/webp\"><source srcset=\"https:\/\/static.triny.pl\/img\/p\/2\/1\/9\/3\/2\/21932-thickbox_default.jpg\"  type=\"image\/jpeg\"><img src=\"https:\/\/triny.pl\/blog\/wp-content\/themes\/triny\/assets\/img\/placeholder-600x600.png\" data-src=\"https:\/\/static.triny.pl\/img\/p\/2\/1\/9\/3\/2\/21932-thickbox_default.jpg\" class=\"tns-lazy-img\" alt=\"VP Professional &#8211; Maska do w\u0142os\u00f3w zniszczonych i os\u0142abionych z ceramidami\"><\/picture><div class=\"brand\">Vis Plantis<\/div><div class=\"title\">VP Professional &#8211; Maska do w\u0142os\u00f3w zniszczonych i os\u0142abionych z ceramidami<\/div><\/a><a class=\"slider-collage-carousel__btn read-more-button\" href=\"https:\/\/triny.pl\/13139-vis-plantis-vp-professional-maska-do-wlosow-zniszczonych-i-oslabionych-z-ceramidami.html\" target=\"_blank\">Zobacz<\/a><\/li><li class=\"item\"><a href=\"https:\/\/triny.pl\/9767-equilibra-naprawcza-maska-restrukturyzujaca.html\" target=\"_blank\"><picture><source srcset=\"https:\/\/static.triny.pl\/img\/p\/1\/4\/3\/4\/0\/14340-thickbox_default.webp\"  type=\"image\/webp\"><source srcset=\"https:\/\/static.triny.pl\/img\/p\/1\/4\/3\/4\/0\/14340-thickbox_default.jpg\"  type=\"image\/jpeg\"><img src=\"https:\/\/triny.pl\/blog\/wp-content\/themes\/triny\/assets\/img\/placeholder-600x600.png\" data-src=\"https:\/\/static.triny.pl\/img\/p\/1\/4\/3\/4\/0\/14340-thickbox_default.jpg\" class=\"tns-lazy-img\" alt=\"Naprawcza maska restrukturyzuj\u0105ca\"><\/picture><div class=\"brand\">Equilibra<\/div><div class=\"title\">Naprawcza maska restrukturyzuj\u0105ca<\/div><\/a><a class=\"slider-collage-carousel__btn read-more-button\" href=\"https:\/\/triny.pl\/9767-equilibra-naprawcza-maska-restrukturyzujaca.html\" target=\"_blank\">Zobacz<\/a><\/li><\/ul><\/section>\n\n\n\n<h3 class=\"wp-block-heading\">Cz\u0119ste i regularne olejowanie w\u0142os\u00f3w rozja\u015bnianych<\/h3>\n\n\n\n<p>Je\u015bli chcesz szybko i skutecznie zregenerowa\u0107 zniszczone w\u0142osy, koniecznie si\u0119gnij po naturalne oleje. To moim zdaniem <strong>najlepszy domowy spos\u00f3b na suche i zniszczone w\u0142osy po rozja\u015bnianiu<\/strong>, a jednocze\u015bnie odpowied\u017a na cz\u0119sto pojawiaj\u0105ce si\u0119 pytanie, jak od\u017cywi\u0107 w\u0142osy zniszczone rozja\u015bnianiem. Dzi\u0119ki znajduj\u0105cym si\u0119 w ich sk\u0142adzie kwasom t\u0142uszczowym i witaminom, skutecznie od\u017cywisz w\u0142osy, przywr\u00f3cisz im mi\u0119kko\u015b\u0107, blask i spr\u0119\u017cysto\u015b\u0107. Oleje ochroni\u0105 te\u017c w\u0142osy przed niekorzystnym dzia\u0142aniem czynnik\u00f3w zewn\u0119trznych, wzmocni\u0105 je i zabezpiecz\u0105 koc\u00f3wki w\u0142os\u00f3w.<\/p>\n\n\n\n<p class=\"tip\">Olejowanie w\u0142os\u00f3w wysokoporowatych, suchych, zniszczonych rozja\u015bnianiem i podatnych na niekorzystny wp\u0142yw czynnik\u00f3w zewn\u0119trznych to zabieg, kt\u00f3ry pomo\u017ce przywr\u00f3ci\u0107 im mi\u0119kko\u015b\u0107, g\u0142adko\u015b\u0107, blask i zdrowy wygl\u0105d. Wa\u017cne jednak, \u017ceby\u015b zacz\u0119\u0142a olejowa\u0107 w\u0142osy regularnie, najlepiej przed ka\u017cdym myciem.<\/p>\n\n\n\n<p>Aby olejowanie by\u0142o skuteczne i przynosi\u0142o zamierzone efekty, stosuj je w odpowiedni spos\u00f3b. W przypadku w\u0142os\u00f3w zniszczonych, suchych i wysokoporowatych, najlepsz\u0105 metod\u0105 olejowania jest <strong>olejowanie metod\u0105 na mokro<\/strong>, o kt\u00f3rej pisa\u0142am ju\u017c kiedy\u015b na blogu:<\/p>\n\n\n\n<figure class=\"wp-block-embed is-type-wp-embed is-provider-blog-triny-pl wp-block-embed-blog-triny-pl\"><div class=\"wp-block-embed__wrapper\">\n<blockquote class=\"wp-embedded-content\" data-secret=\"bXTcMOLxIi\"><a href=\"https:\/\/triny.pl\/blog\/olejowanie-wlosow-na-mokro-najlepsze-sposoby\/\">Olejowanie w\u0142os\u00f3w na mokro &#8211; najlepsze sposoby<\/a><\/blockquote><iframe class=\"wp-embedded-content\" sandbox=\"allow-scripts\" security=\"restricted\" style=\"position: absolute; clip: rect(1px, 1px, 1px, 1px);\" title=\"&#8222;Olejowanie w\u0142os\u00f3w na mokro &#8211; najlepsze sposoby&#8221; &#8212; Blog Triny.pl\" src=\"https:\/\/triny.pl\/blog\/olejowanie-wlosow-na-mokro-najlepsze-sposoby\/embed\/#?secret=tzGjWTRHrJ#?secret=bXTcMOLxIi\" data-secret=\"bXTcMOLxIi\" width=\"600\" height=\"338\" frameborder=\"0\" marginwidth=\"0\" marginheight=\"0\" scrolling=\"no\"><\/iframe>\n<\/div><\/figure>\n\n\n\n<p><strong>Pami\u0119taj te\u017c o dok\u0142adnym zmywaniu oleju z w\u0142os\u00f3w<\/strong>. W tym celu zach\u0119cam Ci\u0119 emulgowania oleju od\u017cywk\u0105. Metoda emulgowania polega na na\u0142o\u017ceniu maski\/od\u017cywki do w\u0142os\u00f3w na w\u0142osy pokryte wcze\u015bniej olejem. Robimy to na 10-15 minut przed zmyciem oleju. Maska\/od\u017cywka \u0142\u0105czy si\u0119 z olejem, dzi\u0119ki czemu podczas mycia w\u0142os\u00f3w olej dobrze si\u0119 z nich zmywa.<\/p>\n\n\n\n<p>Wybieraj\u0105c olej do zniszczonych w\u0142os\u00f3w po rozja\u015bnianiu, si\u0119gnij po jeden z olej\u00f3w dedykowanych w\u0142osom wysokoporowatym. Dobrym olejem do w\u0142os\u00f3w blond nie b\u0119dzie ten, kt\u00f3ry mo\u017ce delikatnie przyciemnia\u0107 w\u0142osy. Dlatego odpadaj\u0105 wszystkie indyjskie mieszanki olej\u00f3w typu Amla i olej z orzech\u00f3w w\u0142oskich. W\u0142osy rozja\u015bnianie nie polubi\u0105 te\u017c oleju rycynowego, kt\u00f3ry b\u0119dzie dodatkowo je przesusza\u0142, oraz oleju kokosowego, kt\u00f3ry b\u0119dzie powodowa\u0142 ich puszenie. Podobnie mo\u017ce dzia\u0142a\u0107 r\u00f3wnie\u017c mas\u0142o shea.<\/p>\n\n\n\n<h4 class=\"wp-block-heading\"><strong>Jaki olej wybra\u0107 do w\u0142os\u00f3w rozja\u015bnianych?<\/strong><\/h4>\n\n\n\n<ul>\n<li><a class=\"rank-math-link\" href=\"https:\/\/triny.pl\/2467-etja-organiczny-olej-lniany-bio-50-ml.html\">olej lniany<\/a><\/li>\n\n\n\n<li><a href=\"https:\/\/triny.pl\/blog\/olej-z-pestek-winogron\/\" class=\"rank-math-link\">olej z pestek winogron<\/a><\/li>\n\n\n\n<li>popularny <a href=\"https:\/\/triny.pl\/381-kosmetyki-z-olejem-ze-slodkich-migdalow\" class=\"rank-math-link\">olej ze s\u0142odkich migda\u0142\u00f3w<\/a><\/li>\n\n\n\n<li><a href=\"https:\/\/triny.pl\/1787-nacomi-olejek-z-bawelny.html\" class=\"rank-math-link\">olej z nasion bawe\u0142ny<\/a><\/li>\n\n\n\n<li>uniwersalny <a href=\"https:\/\/triny.pl\/blog\/olejek-jojoba\/\" class=\"rank-math-link\">olej jojoba<\/a><\/li>\n<\/ul>\n\n\n\n<p>Dobrym wyborem b\u0119dzie te\u017c np. olej z pestek moreli. Polecam te\u017c oleje: z orzech\u00f3w laskowych, z pestek \u015bliwki, z czarnuszki, z krokosza, z rokitnika i oliw\u0119 z oliwek. Wi\u0119cej olej\u00f3w dedykowanych w\u0142osom wysokoporowatym znajdziesz w tym wpisie:<\/p>\n\n\n\n<figure class=\"wp-block-embed is-type-wp-embed is-provider-blog-triny-pl wp-block-embed-blog-triny-pl\"><div class=\"wp-block-embed__wrapper\">\n<blockquote class=\"wp-embedded-content\" data-secret=\"sdGQaQffi5\"><a href=\"https:\/\/triny.pl\/blog\/olejowanie-wlosow-kreconych-analizuje-najlepsze-olejki\/\">Olejowanie w\u0142os\u00f3w kr\u0119conych. Analizuj\u0119 najlepsze olejki<\/a><\/blockquote><iframe class=\"wp-embedded-content\" sandbox=\"allow-scripts\" security=\"restricted\" style=\"position: absolute; clip: rect(1px, 1px, 1px, 1px);\" title=\"&#8222;Olejowanie w\u0142os\u00f3w kr\u0119conych. Analizuj\u0119 najlepsze olejki&#8221; &#8212; Blog Triny.pl\" src=\"https:\/\/triny.pl\/blog\/olejowanie-wlosow-kreconych-analizuje-najlepsze-olejki\/embed\/#?secret=XXtjOeZBp3#?secret=sdGQaQffi5\" data-secret=\"sdGQaQffi5\" width=\"600\" height=\"338\" frameborder=\"0\" marginwidth=\"0\" marginheight=\"0\" scrolling=\"no\"><\/iframe>\n<\/div><\/figure>\n\n\n\n<p><strong>Polecane oleje do rozja\u015bnianych w\u0142os\u00f3w:<\/strong><\/p>\n\n\n<section class=\"slider-collage-carousel\" data-id=\"2467, 2474\"><ul class=\"collage collage-slider\"><li class=\"item\"><a href=\"https:\/\/triny.pl\/2467-etja-organiczny-olej-lniany-bio-50-ml.html\" target=\"_blank\"><picture><source srcset=\"https:\/\/static.triny.pl\/img\/p\/1\/7\/8\/1\/4\/17814-thickbox_default.webp\"  type=\"image\/webp\"><source srcset=\"https:\/\/static.triny.pl\/img\/p\/1\/7\/8\/1\/4\/17814-thickbox_default.jpg\"  type=\"image\/jpeg\"><img src=\"https:\/\/triny.pl\/blog\/wp-content\/themes\/triny\/assets\/img\/placeholder-600x600.png\" data-src=\"https:\/\/static.triny.pl\/img\/p\/1\/7\/8\/1\/4\/17814-thickbox_default.jpg\" class=\"tns-lazy-img\" alt=\"Naturalny olej lniany BIO\"><\/picture><div class=\"brand\">Etja<\/div><div class=\"title\">Naturalny olej lniany BIO<\/div><\/a><a class=\"slider-collage-carousel__btn read-more-button\" href=\"https:\/\/triny.pl\/2467-etja-organiczny-olej-lniany-bio-50-ml.html\" target=\"_blank\">Zobacz<\/a><\/li><li class=\"item\"><a href=\"https:\/\/triny.pl\/2474-etja-olej-z-pestek-moreli-50-ml.html\" target=\"_blank\"><picture><source srcset=\"https:\/\/static.triny.pl\/img\/p\/1\/7\/8\/4\/8\/17848-thickbox_default.webp\"  type=\"image\/webp\"><source srcset=\"https:\/\/static.triny.pl\/img\/p\/1\/7\/8\/4\/8\/17848-thickbox_default.jpg\"  type=\"image\/jpeg\"><img src=\"https:\/\/triny.pl\/blog\/wp-content\/themes\/triny\/assets\/img\/placeholder-600x600.png\" data-src=\"https:\/\/static.triny.pl\/img\/p\/1\/7\/8\/4\/8\/17848-thickbox_default.jpg\" class=\"tns-lazy-img\" alt=\"Naturalny olej z pestek moreli\"><\/picture><div class=\"brand\">Etja<\/div><div class=\"title\">Naturalny olej z pestek moreli<\/div><\/a><a class=\"slider-collage-carousel__btn read-more-button\" href=\"https:\/\/triny.pl\/2474-etja-olej-z-pestek-moreli-50-ml.html\" target=\"_blank\">Zobacz<\/a><\/li><\/ul><\/section>\n\n\n\n<h3 class=\"wp-block-heading\">Ochrona w\u0142os\u00f3w przed czynnikami zewn\u0119trznymi<\/h3>\n\n\n\n<p>Po ka\u017cdym rozja\u015bnianiu w\u0142osy staj\u0105 si\u0119 bardziej delikatne, kruche i podatne na dzia\u0142anie czynnik\u00f3w zewn\u0119trznych. Szybciej si\u0119 przesuszaj\u0105, rozdwajaj\u0105, elektryzuj\u0105. W\u0142osy staj\u0105 si\u0119 te\u017c bardziej pusz\u0105ce po rozja\u015bnianiu. Typowym zjawiskiem jest r\u00f3wnie\u017c to, \u017ce w\u0142osy s\u0105 jak guma po rozja\u015bnianiu, tj. ci\u0105gn\u0105 si\u0119 i bardziej hacz\u0105 o szczotk\u0119.<\/p>\n\n\n\n<p>Aby temu zapobiec, warto zadba\u0107 o odpowiedni\u0105 ochron\u0119 w\u0142os\u00f3w przed dzia\u0142aniem niekorzystnych czynnik\u00f3w zewn\u0119trznych, takich jak s\u0142o\u0144ce, niska i wysoka temperatura, wilgo\u0107 itd. Mo\u017cesz dba\u0107 o w\u0142osy rozja\u015bnianie, <strong>stosuj\u0105c oleje ro\u015blinne lub specjalne serum ochronne<\/strong>, dedykowane zniszczonym, suchym i farbowanym w\u0142osom. Pami\u0119taj o tym, \u017ceby sprawdzi\u0107, czy w ich sk\u0142adzie nie ma alkoholu. Tego typu produkty stosuje si\u0119 najcz\u0119\u015bciej na ko\u0144c\u00f3wki w\u0142os\u00f3w i jednym z rekomendowanych produkt\u00f3w jest np. jedwab w p\u0142ynie.<\/p>\n\n\n\n<p class=\"tip\">Poza stosowaniem kosmetyk\u00f3w ochronnych, pami\u0119taj te\u017c o noszeniu czapki zim\u0105 i ochron\u0105 w\u0142os\u00f3w przed s\u0142o\u0144cem latem. Unikaj te\u017c modelowania w\u0142os\u00f3w z u\u017cyciem prostownicy lub lok\u00f3wki, a je\u015bli ju\u017c to robisz, zadbaj o ich termoochron\u0119.<\/p>\n\n\n\n<p><strong>Spalone w\u0142osy po rozja\u015bnianiu tak bardzo lubi\u0105 silikony, \u017ce bez nich ich piel\u0119gnacja naprawd\u0119 mo\u017ce by\u0107 trudna<\/strong>.&nbsp;&nbsp;I nawet je\u015bli uda Ci si\u0119 unikn\u0105\u0107 ich w sk\u0142adzie szamponu i od\u017cywki do w\u0142os\u00f3w, to pomy\u015bl o zabezpieczaniu ko\u0144c\u00f3wek z u\u017cyciem kosmetyku, kt\u00f3ry zawiera silikony. Oczywi\u015bcie, \u017ceby by\u0142o troch\u0119 l\u017cej dla w\u0142os\u00f3w, mo\u017cesz po\u0142\u0105czy\u0107 go z olejem ro\u015blinnym.<\/p>\n\n\n\n<p><strong>Je\u015bli interesuje Ci\u0119 temat silikon\u00f3w w kosmetykach, zach\u0119cam Ci\u0119 do przeczytania tego wpisu:<\/strong><\/p>\n\n\n\n<figure class=\"wp-block-embed is-type-wp-embed is-provider-blog-triny-pl wp-block-embed-blog-triny-pl\"><div class=\"wp-block-embed__wrapper\">\n<blockquote class=\"wp-embedded-content\" data-secret=\"TlBKVssYBS\"><a href=\"https:\/\/triny.pl\/blog\/silikony-w-pielegnacji-wlosow-czy-zawsze-sa-zle\/\">Silikony w kosmetykach &#8211; czy zawsze s\u0105 z\u0142e?<\/a><\/blockquote><iframe class=\"wp-embedded-content\" sandbox=\"allow-scripts\" security=\"restricted\" style=\"position: absolute; clip: rect(1px, 1px, 1px, 1px);\" title=\"&#8222;Silikony w kosmetykach &#8211; czy zawsze s\u0105 z\u0142e?&#8221; &#8212; Blog Triny.pl\" src=\"https:\/\/triny.pl\/blog\/silikony-w-pielegnacji-wlosow-czy-zawsze-sa-zle\/embed\/#?secret=FRH5iV5nQ4#?secret=TlBKVssYBS\" data-secret=\"TlBKVssYBS\" width=\"600\" height=\"338\" frameborder=\"0\" marginwidth=\"0\" marginheight=\"0\" scrolling=\"no\"><\/iframe>\n<\/div><\/figure>\n\n\n\n<p><strong>Przyk\u0142adowy kosmetyk z silikonami, kt\u00f3ry mo\u017ce korzystnie wp\u0142yn\u0105\u0107 na wygl\u0105d rozja\u015bnianych w\u0142os\u00f3w:<\/strong><\/p>\n\n\n\n\n\n\n<h3 class=\"wp-block-heading\">Regularne wizyty u fryzjera<\/h3>\n\n\n\n<p>Ostatnim filarem piel\u0119gnacji w\u0142os\u00f3w zniszczonych rozja\u015bnianiem powinno by\u0107 <strong>regularne podcinanie ko\u0144c\u00f3wek<\/strong>. Istnieje du\u017ce prawdopodobie\u0144stwo, \u017ce przy regularnym rozja\u015bnianiu w\u0142os\u00f3w ich ko\u0144c\u00f3wki b\u0119d\u0105 bardzo s\u0142abe, suche, kruche i rozdwojone. Takie w\u0142osy nie wygl\u0105daj\u0105 \u0142adnie i nie uda si\u0119 ich zregenerowa\u0107, ani przywr\u00f3ci\u0107 im \u0142adnego wygl\u0105du. Dlatego najlepszym rozwi\u0105zaniem b\u0119dzie ich \u015bci\u0119cie. Je\u015bli masz w\u0142osy zniszczone na ca\u0142ej d\u0142ugo\u015bci, a nie chcesz ich bardzo skraca\u0107, odwiedzaj regularnie salon fryzjerski i stopniowo je podcinaj.<\/p>\n\n\n\n<h2 class=\"wp-block-heading\">Naturalne rozja\u015bnianie w\u0142os\u00f3w<\/h2>\n\n\n\n<p>Je\u015bli uda\u0142o Ci si\u0119 ju\u017c zregenerowa\u0107 rozja\u015bnianie w\u0142osy i przywr\u00f3ci\u0107 im \u0142adny wygl\u0105d, czas pomy\u015ble\u0107 nad tym, co dalej.<br \/>Zamiast stosowania szampon\u00f3w o dzia\u0142aniu rozja\u015bniaj\u0105cym lub nak\u0142adania na w\u0142osy kolejnej partii rozja\u015bniacza, <strong>polecam si\u0119gn\u0105\u0107 po du\u017co bardziej naturalne metody<\/strong>.<\/p>\n\n\n\n<p class=\"note\">Istnieje sporo naturalnych sposob\u00f3w rozja\u015bniania w\u0142os\u00f3w. Od zio\u0142owych maseczek i p\u0142ukanek, przez maski z miodu i cytryny, a\u017c do ich koloryzacji przy u\u017cyciu ro\u015blinnych farb do w\u0142os\u00f3w.<\/p>\n\n\n\n<p>By\u0107 mo\u017ce efekt takiego rozja\u015bniania nie b\u0119dzie por\u00f3wnywalny do tego, kt\u00f3ry wykonuje si\u0119 tradycyjnymi metodami w salonach fryzjerskich, ale te\u017c w\u0142osy nie b\u0119d\u0105 po nim tak zniszczone. Sama rozja\u015bnia\u0142am w\u0142osy przez wiele lat i gdy niemal ca\u0142kowicie utraci\u0142am z tego powodu ich skr\u0119t, postanowi\u0142am co\u015b z tym zrobi\u0107. Zrezygnowa\u0142am z rozja\u015bniania, kupi\u0142am pierwsz\u0105 w \u017cyciu mask\u0119 do w\u0142os\u00f3w, zacz\u0119\u0142am regularnie podcina\u0107 ko\u0144c\u00f3wki. Gdy odrosty zacz\u0119\u0142y bardzo rzuca\u0107 si\u0119 w oczy si\u0119gn\u0119\u0142am po ro\u015blinn\u0105 farb\u0119 Sanotint, kt\u00f3ry spisa\u0142a si\u0119 rewelacyjnie i pi\u0119knie wyr\u00f3wna\u0142a mi kolor. Od tamtej pory si\u0119gam tylko po <a href=\"https:\/\/triny.pl\/240-naturalne-farby\">naturalne farby do w\u0142os\u00f3w<\/a>, a moje w\u0142osy s\u0105 w naprawd\u0119 dobrej kondycji.<\/p>\n\n\n\n<p><strong>Wi\u0119cej o naturalnym rozja\u015bnianiu w\u0142os\u00f3w mo\u017cesz przeczyta\u0107 w tym wpisie:<\/strong><\/p>\n\n\n\n<figure class=\"wp-block-embed is-type-wp-embed is-provider-blog-triny-pl wp-block-embed-blog-triny-pl\"><div class=\"wp-block-embed__wrapper\">\n<blockquote class=\"wp-embedded-content\" data-secret=\"tpxg99OJSV\"><a href=\"https:\/\/triny.pl\/blog\/naturalne-rozjasnianie-wlosow\/\">Naturalne rozja\u015bnianie w\u0142os\u00f3w<\/a><\/blockquote><iframe class=\"wp-embedded-content\" sandbox=\"allow-scripts\" security=\"restricted\" style=\"position: absolute; clip: rect(1px, 1px, 1px, 1px);\" title=\"&#8222;Naturalne rozja\u015bnianie w\u0142os\u00f3w&#8221; &#8212; Blog Triny.pl\" src=\"https:\/\/triny.pl\/blog\/naturalne-rozjasnianie-wlosow\/embed\/#?secret=Njzktg6APJ#?secret=tpxg99OJSV\" data-secret=\"tpxg99OJSV\" width=\"600\" height=\"338\" frameborder=\"0\" marginwidth=\"0\" marginheight=\"0\" scrolling=\"no\"><\/iframe>\n<\/div><\/figure>\n\n\n\n<h2 class=\"wp-block-heading\">Czy mo\u017cna farbowa\u0107 w\u0142osy po rozja\u015bnianiu?<\/h2>\n\n\n\n<p>Odpowiem jeszcze na cz\u0119ste pytanie, czy po rozja\u015bniaczu mo\u017cna zastosowa\u0107 od razu farb\u0119 do w\u0142os\u00f3w.<\/p>\n\n\n\n<p>Po zabiegu rozja\u015bniania Twoje w\u0142osy mog\u0105 nie mie\u0107 upragnionego odcienia lub te\u017c rozja\u015bnia\u0142a\u015b w\u0142osy specjalnie pod dany kolor farby, np. przy drastycznej zmianie koloru z ciemnego na jasny. Zanim na\u0142o\u017cysz farb\u0119 do w\u0142os\u00f3w, nawet \u0142agodn\u0105 i naturaln\u0105, najlepiej odczekaj przynajmniej dob\u0119, optymalnie to 3 dni. Jednak nie zawsze ma si\u0119 tak\u0105 mo\u017cliwo\u015b\u0107, zw\u0142aszcza jak w\u0142osy po rozja\u015bnianiu s\u0105 \u017c\u00f3\u0142te, rude czy po prostu maj\u0105 nieciekawy pomara\u0144czowy odcie\u0144. Wtedy ratunkiem mo\u017ce by\u0107 na\u0142o\u017cenie tonera, kt\u00f3ry zlikwiduje ciep\u0142y odcie\u0144. Je\u017celi jednak zdecydowa\u0142a\u015b si\u0119 roz\u0142o\u017cy\u0107 farbowanie w\u0142os\u00f3w na kilka dni, w przerwach mi\u0119dzy zabiegami mocno nawil\u017caj i olejuj w\u0142osy.<\/p>\n\n\n\n<p>Na ko\u0144cu artyku\u0142u rekomenduj\u0119 produkty, kt\u00f3re b\u0119d\u0105 idealne do piel\u0119gnacji i nawil\u017cania w\u0142os\u00f3w farbowanych.<\/p>\n\n\n\n<h2 class=\"wp-block-heading\">Kosmetyki do w\u0142os\u00f3w rozja\u015bnianych &#8211; czego nie lubi\u0105 w\u0142osy rozja\u015bniane<\/h2>\n\n\n\n<p>Czego powinna\u015b si\u0119 wystrzega\u0107 w kosmetykach, je\u015bli masz rozja\u015bniane w\u0142osy? Jak dba\u0107 o pasma, unikaj\u0105c szkodliwych dodatk\u00f3w? W szukaniu odpowiednich produkt\u00f3w przyda Ci si\u0119 poni\u017csza lista.<\/p>\n\n\n\n<h3 class=\"wp-block-heading\"><strong>W\u0142osy rozja\u015bniane nie lubi\u0105:<\/strong><\/h3>\n\n\n\n<ul>\n<li>alkoholu denaturowego (w INCI wyst\u0119puj\u0105cego pod nazw\u0105 alcohol lub alcohol denat)<\/li>\n\n\n\n<li>alkoholu izopropylowego (INCI: isopropyl alcohol)<\/li>\n\n\n\n<li>trudno zmywalnych silikon\u00f3w np. simethicone i&nbsp; trimethicone<\/li>\n\n\n\n<li>du\u017cej ilo\u015bci zi\u00f3\u0142<\/li>\n\n\n\n<li>protein<\/li>\n\n\n\n<li>silnie oczyszczaj\u0105cych detergent\u00f3w myj\u0105cych<\/li>\n\n\n\n<li>kosmetyk\u00f3w o niskim poziomie pH &nbsp;(np.ocet)<\/li>\n\n\n\n<li>tosowane od czasu do czasu nie powinny zaszkodzi\u0107, ale ju\u017c w nadmiernej ilo\u015bci niestety tak.<\/li>\n<\/ul>\n\n\n\n<p>Posiadaczki w\u0142os\u00f3w rozja\u015bnianych powinny jak najszybciej zrezygnowa\u0107 ze stosowania lok\u00f3wki, karbownicy, prostownicy i suszarki. Ich u\u017cywanie warto ograniczy\u0107 jedynie do wyj\u0105tkowych okazji, bo ciep\u0142o, kt\u00f3re jest przez nie wytwarzane, niszczy i tak uszkodzone przez rozja\u015bniacz w\u0142osy.<\/p>\n\n\n\n<p class=\"note\">Je\u015bli stosowanie stylizacji na gor\u0105co cz\u0119\u015bciej ni\u017c tylko na specjalne okazje jest jednak konieczne, absolutnym obowi\u0105zkiem jest na\u0142o\u017cenie na w\u0142osy rozja\u015bnione kosmetyku o dzia\u0142aniu termoochronnym.<\/p>\n\n\n\n<h2 class=\"wp-block-heading\">Delikatne kosmetyki dla rozja\u015bnianych w\u0142os\u00f3w<\/h2>\n\n\n\n<p>Poni\u017cej znajdziesz kilka propozycji kosmetyk\u00f3w, kt\u00f3re warto wypr\u00f3bowa\u0107 do piel\u0119gnacji rozja\u015bnianych w\u0142os\u00f3w.<\/p>\n\n\n<section class=\"slider-collage-carousel\" data-id=\"2467\"><ul class=\"collage collage-slider\"><li class=\"item\"><a href=\"https:\/\/triny.pl\/2467-etja-organiczny-olej-lniany-bio-50-ml.html\" target=\"_blank\"><picture><source srcset=\"https:\/\/static.triny.pl\/img\/p\/1\/7\/8\/1\/4\/17814-thickbox_default.webp\"  type=\"image\/webp\"><source srcset=\"https:\/\/static.triny.pl\/img\/p\/1\/7\/8\/1\/4\/17814-thickbox_default.jpg\"  type=\"image\/jpeg\"><img src=\"https:\/\/triny.pl\/blog\/wp-content\/themes\/triny\/assets\/img\/placeholder-600x600.png\" data-src=\"https:\/\/static.triny.pl\/img\/p\/1\/7\/8\/1\/4\/17814-thickbox_default.jpg\" class=\"tns-lazy-img\" alt=\"Naturalny olej lniany BIO\"><\/picture><div class=\"brand\">Etja<\/div><div class=\"title\">Naturalny olej lniany BIO<\/div><\/a><a class=\"slider-collage-carousel__btn read-more-button\" href=\"https:\/\/triny.pl\/2467-etja-organiczny-olej-lniany-bio-50-ml.html\" target=\"_blank\">Zobacz<\/a><\/li><\/ul><\/section>\n\n\n\n<p><a href=\"https:\/\/triny.pl\/2378-sylveco-balsam-myjacy-do-wlosow-z-betulina-300-ml.html\">Sylveco \u2013 Balsam myj\u0105cy do w\u0142os\u00f3w z betulin\u0105 <\/a>\u2013 je\u015bli nie zdecydujesz si\u0119 na mycie w\u0142os\u00f3w metod\u0105 OMO, si\u0119gnij po balsam myj\u0105cy, kt\u00f3ry zapewni delikatne oczyszczenie Twoim kosmykom, bez ich puszenia, niszczenia i pl\u0105tania.<\/p>\n\n\n\n<p><a href=\"https:\/\/triny.pl\/2467-etja-organiczny-olej-lniany-bio-50-ml.html\">Etja &#8211; Olej lniany<\/a> \u2013 bardzo dobry olej do piel\u0119gnacji rozja\u015bnianych, wysokoporowatych w\u0142os\u00f3w. Zmi\u0119kcza, wyg\u0142adza, nawil\u017ca, od\u017cywia i regeneruje w\u0142osy, a do tego ma bardzo dobre dzia\u0142anie na sk\u00f3r\u0119 g\u0142owy.<\/p>\n\n\n\n<div class=\"wp-block-buttons is-horizontal is-content-justification-center is-layout-flex wp-container-1 wp-block-buttons-is-layout-flex\">\n<div class=\"wp-block-button\"><a class=\"wp-block-button__link wp-element-button\" href=\"https:\/\/triny.pl\/425-kosmetyki-dla-wlosow-zniszczonych\">Sprawd\u017a wi\u0119cej kosmetyk\u00f3w do w\u0142os\u00f3w zniszczonych<\/a><\/div>\n<\/div>\n\n\n\n<h2 class=\"wp-block-heading\">Jak dba\u0107 o rozja\u015bniane w\u0142osy &#8211; podsumowanie<\/h2>\n\n\n\n<p>W piel\u0119gnacji w\u0142os\u00f3w zniszczonych po rozja\u015bnianiu wa\u017cna jest <strong>regularno\u015b\u0107, delikatno\u015b\u0107 i odpowiedni dob\u00f3r kosmetyk\u00f3w<\/strong>. Warto pami\u0119ta\u0107 o tym, \u017ce mocno uszkodzone w\u0142osy nie zregeneruj\u0119 si\u0119 z dnia na dzie\u0144, wi\u0119c ich piel\u0119gnacja b\u0119dzie wymaga\u0142a od nas cierpliwo\u015bci i systematyczno\u015bci. Zach\u0119cam te\u017c do tego, \u017ceby przed zabiegiem rozja\u015bniania porozmawia\u0107 z fryzjerem o mo\u017cliwie najdelikatniejszej metodzie rozja\u015bniania i odpowiednim przygotowaniu do tego w\u0142os\u00f3w. A je\u015bli masz w\u0142osy zniszczone d\u0142ugotrwa\u0142ym rozja\u015bnieniem zastan\u00f3w si\u0119 nad ich obci\u0119ciem i rezygnacj\u0105 z dalszego rozja\u015bniania.<\/p>\n\n\n\n<p><\/p>\n","protected":false},"excerpt":{"rendered":"<p>W dzisiejszym wpisie zajm\u0119 si\u0119 problemem w\u0142os\u00f3w zniszczonych rozja\u015bnianiem. Podpowiem, jakie zabiegi warto wykona\u0107 i po jakie kosmetyki si\u0119gn\u0105\u0107, aby zniszczone&#8230;<\/p>\n","protected":false},"author":6,"featured_media":19859,"comment_status":"open","ping_status":"open","sticky":false,"template":"","format":"standard","meta":{"footnotes":""},"categories":[34],"tags":[],"acf":[],"yoast_head":"<!-- This site is optimized with the Yoast SEO plugin v21.1 - https:\/\/yoast.com\/wordpress\/plugins\/seo\/ -->\n<title>Zniszczone w\u0142osy po rozja\u015bnianiu? Ta regeneracja naprawd\u0119 pomaga!<\/title>\n<meta name=\"description\" content=\"Zniszczone w\u0142osy po rozja\u015bnianiu mo\u017cna uratowa\u0107! Sprawd\u017a, jaka regeneracja jest skuteczna i po jakie kosmetyki si\u0119gn\u0105\u0107, aby uratowa\u0107 rozja\u015bnione w\u0142osy.\" \/>\n<meta name=\"robots\" content=\"index, follow, max-snippet:-1, max-image-preview:large, max-video-preview:-1\" \/>\n<link rel=\"canonical\" href=\"https:\/\/triny.pl\/blog\/zniszczone-wlosy-po-rozjasnianiu\/\" \/>\n<meta property=\"og:locale\" content=\"pl_PL\" \/>\n<meta property=\"og:type\" content=\"article\" \/>\n<meta property=\"og:title\" content=\"Zniszczone w\u0142osy po rozja\u015bnianiu? Ta regeneracja naprawd\u0119 pomaga!\" \/>\n<meta property=\"og:description\" content=\"Zniszczone w\u0142osy po rozja\u015bnianiu mo\u017cna uratowa\u0107! Sprawd\u017a, jaka regeneracja jest skuteczna i po jakie kosmetyki si\u0119gn\u0105\u0107, aby uratowa\u0107 rozja\u015bnione w\u0142osy.\" \/>\n<meta property=\"og:url\" content=\"https:\/\/triny.pl\/blog\/zniszczone-wlosy-po-rozjasnianiu\/\" \/>\n<meta property=\"og:site_name\" content=\"Blog Triny.pl\" \/>\n<meta property=\"article:publisher\" content=\"https:\/\/www.facebook.com\/trinysklep\" \/>\n<meta property=\"article:published_time\" content=\"2019-02-08T13:45:06+00:00\" \/>\n<meta property=\"article:modified_time\" content=\"2023-11-16T14:58:17+00:00\" \/>\n<meta property=\"og:image\" content=\"https:\/\/triny.pl\/blog\/wp-content\/uploads\/2019\/02\/wlosy-zniszczone-rozjasnianiem.jpeg\" \/>\n\t<meta property=\"og:image:width\" content=\"1200\" \/>\n\t<meta property=\"og:image:height\" content=\"800\" \/>\n\t<meta property=\"og:image:type\" content=\"image\/jpeg\" \/>\n<meta name=\"author\" content=\"Olga Pietraszewska\" \/>\n<meta name=\"twitter:label1\" content=\"Napisane przez\" \/>\n\t<meta name=\"twitter:data1\" content=\"Olga Pietraszewska\" \/>\n\t<meta name=\"twitter:label2\" content=\"Szacowany czas czytania\" \/>\n\t<meta name=\"twitter:data2\" content=\"15 minut\" \/>\n<script type=\"application\/ld+json\" class=\"yoast-schema-graph\">{\"@context\":\"https:\/\/schema.org\",\"@graph\":[{\"@type\":\"Article\",\"@id\":\"https:\/\/triny.pl\/blog\/zniszczone-wlosy-po-rozjasnianiu\/#article\",\"isPartOf\":{\"@id\":\"https:\/\/triny.pl\/blog\/zniszczone-wlosy-po-rozjasnianiu\/\"},\"author\":{\"name\":\"Olga Pietraszewska\",\"@id\":\"https:\/\/triny.pl\/blog\/#\/schema\/person\/627fca485014bc94ba34ced7dc5dd756\"},\"headline\":\"Zniszczone w\u0142osy po rozja\u015bnianiu? Ta regeneracja naprawd\u0119 pomaga!\",\"datePublished\":\"2019-02-08T13:45:06+00:00\",\"dateModified\":\"2023-11-16T14:58:17+00:00\",\"mainEntityOfPage\":{\"@id\":\"https:\/\/triny.pl\/blog\/zniszczone-wlosy-po-rozjasnianiu\/\"},\"wordCount\":3079,\"commentCount\":12,\"publisher\":{\"@id\":\"https:\/\/triny.pl\/blog\/#organization\"},\"articleSection\":[\"Naturalna piel\u0119gnacja w\u0142os\u00f3w\"],\"inLanguage\":\"pl-PL\",\"potentialAction\":[{\"@type\":\"CommentAction\",\"name\":\"Comment\",\"target\":[\"https:\/\/triny.pl\/blog\/zniszczone-wlosy-po-rozjasnianiu\/#respond\"]}]},{\"@type\":\"WebPage\",\"@id\":\"https:\/\/triny.pl\/blog\/zniszczone-wlosy-po-rozjasnianiu\/\",\"url\":\"https:\/\/triny.pl\/blog\/zniszczone-wlosy-po-rozjasnianiu\/\",\"name\":\"Zniszczone w\u0142osy po rozja\u015bnianiu? Ta regeneracja naprawd\u0119 pomaga!\",\"isPartOf\":{\"@id\":\"https:\/\/triny.pl\/blog\/#website\"},\"datePublished\":\"2019-02-08T13:45:06+00:00\",\"dateModified\":\"2023-11-16T14:58:17+00:00\",\"description\":\"Zniszczone w\u0142osy po rozja\u015bnianiu mo\u017cna uratowa\u0107! Sprawd\u017a, jaka regeneracja jest skuteczna i po jakie kosmetyki si\u0119gn\u0105\u0107, aby uratowa\u0107 rozja\u015bnione w\u0142osy.\",\"breadcrumb\":{\"@id\":\"https:\/\/triny.pl\/blog\/zniszczone-wlosy-po-rozjasnianiu\/#breadcrumb\"},\"inLanguage\":\"pl-PL\",\"potentialAction\":[{\"@type\":\"ReadAction\",\"target\":[\"https:\/\/triny.pl\/blog\/zniszczone-wlosy-po-rozjasnianiu\/\"]}]},{\"@type\":\"BreadcrumbList\",\"@id\":\"https:\/\/triny.pl\/blog\/zniszczone-wlosy-po-rozjasnianiu\/#breadcrumb\",\"itemListElement\":[{\"@type\":\"ListItem\",\"position\":1,\"name\":\"Strona g\u0142\u00f3wna\",\"item\":\"https:\/\/triny.pl\/blog\/\"},{\"@type\":\"ListItem\",\"position\":2,\"name\":\"Zniszczone w\u0142osy po rozja\u015bnianiu? Ta regeneracja naprawd\u0119 pomaga!\"}]},{\"@type\":\"WebSite\",\"@id\":\"https:\/\/triny.pl\/blog\/#website\",\"url\":\"https:\/\/triny.pl\/blog\/\",\"name\":\"Blog Triny.pl\",\"description\":\"Naturalna piel\u0119gnacja bez tajemnic! Pokazujemy jak dba\u0107 o cia\u0142o i w\u0142osy dla optymalnych, d\u0142ugotrwa\u0142ych efekt\u00f3w. Sprawd\u017a te ma\u0142o znane triki :)\",\"publisher\":{\"@id\":\"https:\/\/triny.pl\/blog\/#organization\"},\"potentialAction\":[{\"@type\":\"SearchAction\",\"target\":{\"@type\":\"EntryPoint\",\"urlTemplate\":\"https:\/\/triny.pl\/blog\/?s={search_term_string}\"},\"query-input\":\"required name=search_term_string\"}],\"inLanguage\":\"pl-PL\"},{\"@type\":\"Organization\",\"@id\":\"https:\/\/triny.pl\/blog\/#organization\",\"name\":\"Triny Sp. z o. o.\",\"url\":\"https:\/\/triny.pl\/blog\/\",\"logo\":{\"@type\":\"ImageObject\",\"inLanguage\":\"pl-PL\",\"@id\":\"https:\/\/triny.pl\/blog\/#\/schema\/logo\/image\/\",\"url\":\"https:\/\/triny.pl\/blog\/wp-content\/uploads\/2020\/08\/logo-triny.png\",\"contentUrl\":\"https:\/\/triny.pl\/blog\/wp-content\/uploads\/2020\/08\/logo-triny.png\",\"width\":190,\"height\":78,\"caption\":\"Triny Sp. z o. o.\"},\"image\":{\"@id\":\"https:\/\/triny.pl\/blog\/#\/schema\/logo\/image\/\"},\"sameAs\":[\"https:\/\/www.facebook.com\/trinysklep\",\"https:\/\/www.instagram.com\/trinysklep\/\",\"https:\/\/pl.pinterest.com\/trinypl\/_created\/\"]},{\"@type\":\"Person\",\"@id\":\"https:\/\/triny.pl\/blog\/#\/schema\/person\/627fca485014bc94ba34ced7dc5dd756\",\"name\":\"Olga Pietraszewska\",\"description\":\"Witaj! Nazywam si\u0119 Olga Pietraszewska. Jestem autork\u0105 bloga Makehappyday.com, pasjonatk\u0105 i propagatork\u0105 naturalnej piel\u0119gnacji oraz zdrowego stylu \u017cycia. Z wykszta\u0142cenia politolog, z zawodu dziennikarka i copywriterka. Je\u015bli akurat nie pisz\u0119, to najpewniej oddaj\u0119 si\u0119 roli \u017cony i mamy, czytam ksi\u0105\u017cki, piek\u0119 chleb, albo spaceruj\u0119, podziwiaj\u0105c malownicze okolice pi\u0119knej Norwegii.\",\"url\":\"https:\/\/triny.pl\/blog\/author\/olga-pietraszewska\/\"}]}<\/script>\n<!-- \/ Yoast SEO plugin. -->","yoast_head_json":{"title":"Zniszczone w\u0142osy po rozja\u015bnianiu? Ta regeneracja naprawd\u0119 pomaga!","description":"Zniszczone w\u0142osy po rozja\u015bnianiu mo\u017cna uratowa\u0107! Sprawd\u017a, jaka regeneracja jest skuteczna i po jakie kosmetyki si\u0119gn\u0105\u0107, aby uratowa\u0107 rozja\u015bnione w\u0142osy.","robots":{"index":"index","follow":"follow","max-snippet":"max-snippet:-1","max-image-preview":"max-image-preview:large","max-video-preview":"max-video-preview:-1"},"canonical":"https:\/\/triny.pl\/blog\/zniszczone-wlosy-po-rozjasnianiu\/","og_locale":"pl_PL","og_type":"article","og_title":"Zniszczone w\u0142osy po rozja\u015bnianiu? Ta regeneracja naprawd\u0119 pomaga!","og_description":"Zniszczone w\u0142osy po rozja\u015bnianiu mo\u017cna uratowa\u0107! Sprawd\u017a, jaka regeneracja jest skuteczna i po jakie kosmetyki si\u0119gn\u0105\u0107, aby uratowa\u0107 rozja\u015bnione w\u0142osy.","og_url":"https:\/\/triny.pl\/blog\/zniszczone-wlosy-po-rozjasnianiu\/","og_site_name":"Blog Triny.pl","article_publisher":"https:\/\/www.facebook.com\/trinysklep","article_published_time":"2019-02-08T13:45:06+00:00","article_modified_time":"2023-11-16T14:58:17+00:00","og_image":[{"width":1200,"height":800,"url":"https:\/\/triny.pl\/blog\/wp-content\/uploads\/2019\/02\/wlosy-zniszczone-rozjasnianiem.jpeg","type":"image\/jpeg"}],"author":"Olga Pietraszewska","twitter_misc":{"Napisane przez":"Olga Pietraszewska","Szacowany czas czytania":"15 minut"},"schema":{"@context":"https:\/\/schema.org","@graph":[{"@type":"Article","@id":"https:\/\/triny.pl\/blog\/zniszczone-wlosy-po-rozjasnianiu\/#article","isPartOf":{"@id":"https:\/\/triny.pl\/blog\/zniszczone-wlosy-po-rozjasnianiu\/"},"author":{"name":"Olga Pietraszewska","@id":"https:\/\/triny.pl\/blog\/#\/schema\/person\/627fca485014bc94ba34ced7dc5dd756"},"headline":"Zniszczone w\u0142osy po rozja\u015bnianiu? Ta regeneracja naprawd\u0119 pomaga!","datePublished":"2019-02-08T13:45:06+00:00","dateModified":"2023-11-16T14:58:17+00:00","mainEntityOfPage":{"@id":"https:\/\/triny.pl\/blog\/zniszczone-wlosy-po-rozjasnianiu\/"},"wordCount":3079,"commentCount":12,"publisher":{"@id":"https:\/\/triny.pl\/blog\/#organization"},"articleSection":["Naturalna piel\u0119gnacja w\u0142os\u00f3w"],"inLanguage":"pl-PL","potentialAction":[{"@type":"CommentAction","name":"Comment","target":["https:\/\/triny.pl\/blog\/zniszczone-wlosy-po-rozjasnianiu\/#respond"]}]},{"@type":"WebPage","@id":"https:\/\/triny.pl\/blog\/zniszczone-wlosy-po-rozjasnianiu\/","url":"https:\/\/triny.pl\/blog\/zniszczone-wlosy-po-rozjasnianiu\/","name":"Zniszczone w\u0142osy po rozja\u015bnianiu? Ta regeneracja naprawd\u0119 pomaga!","isPartOf":{"@id":"https:\/\/triny.pl\/blog\/#website"},"datePublished":"2019-02-08T13:45:06+00:00","dateModified":"2023-11-16T14:58:17+00:00","description":"Zniszczone w\u0142osy po rozja\u015bnianiu mo\u017cna uratowa\u0107! Sprawd\u017a, jaka regeneracja jest skuteczna i po jakie kosmetyki si\u0119gn\u0105\u0107, aby uratowa\u0107 rozja\u015bnione w\u0142osy.","breadcrumb":{"@id":"https:\/\/triny.pl\/blog\/zniszczone-wlosy-po-rozjasnianiu\/#breadcrumb"},"inLanguage":"pl-PL","potentialAction":[{"@type":"ReadAction","target":["https:\/\/triny.pl\/blog\/zniszczone-wlosy-po-rozjasnianiu\/"]}]},{"@type":"BreadcrumbList","@id":"https:\/\/triny.pl\/blog\/zniszczone-wlosy-po-rozjasnianiu\/#breadcrumb","itemListElement":[{"@type":"ListItem","position":1,"name":"Strona g\u0142\u00f3wna","item":"https:\/\/triny.pl\/blog\/"},{"@type":"ListItem","position":2,"name":"Zniszczone w\u0142osy po rozja\u015bnianiu? Ta regeneracja naprawd\u0119 pomaga!"}]},{"@type":"WebSite","@id":"https:\/\/triny.pl\/blog\/#website","url":"https:\/\/triny.pl\/blog\/","name":"Blog Triny.pl","description":"Naturalna piel\u0119gnacja bez tajemnic! Pokazujemy jak dba\u0107 o cia\u0142o i w\u0142osy dla optymalnych, d\u0142ugotrwa\u0142ych efekt\u00f3w. Sprawd\u017a te ma\u0142o znane triki :)","publisher":{"@id":"https:\/\/triny.pl\/blog\/#organization"},"potentialAction":[{"@type":"SearchAction","target":{"@type":"EntryPoint","urlTemplate":"https:\/\/triny.pl\/blog\/?s={search_term_string}"},"query-input":"required name=search_term_string"}],"inLanguage":"pl-PL"},{"@type":"Organization","@id":"https:\/\/triny.pl\/blog\/#organization","name":"Triny Sp. z o. o.","url":"https:\/\/triny.pl\/blog\/","logo":{"@type":"ImageObject","inLanguage":"pl-PL","@id":"https:\/\/triny.pl\/blog\/#\/schema\/logo\/image\/","url":"https:\/\/triny.pl\/blog\/wp-content\/uploads\/2020\/08\/logo-triny.png","contentUrl":"https:\/\/triny.pl\/blog\/wp-content\/uploads\/2020\/08\/logo-triny.png","width":190,"height":78,"caption":"Triny Sp. z o. o."},"image":{"@id":"https:\/\/triny.pl\/blog\/#\/schema\/logo\/image\/"},"sameAs":["https:\/\/www.facebook.com\/trinysklep","https:\/\/www.instagram.com\/trinysklep\/","https:\/\/pl.pinterest.com\/trinypl\/_created\/"]},{"@type":"Person","@id":"https:\/\/triny.pl\/blog\/#\/schema\/person\/627fca485014bc94ba34ced7dc5dd756","name":"Olga Pietraszewska","description":"Witaj! Nazywam si\u0119 Olga Pietraszewska. Jestem autork\u0105 bloga Makehappyday.com, pasjonatk\u0105 i propagatork\u0105 naturalnej piel\u0119gnacji oraz zdrowego stylu \u017cycia. Z wykszta\u0142cenia politolog, z zawodu dziennikarka i copywriterka. Je\u015bli akurat nie pisz\u0119, to najpewniej oddaj\u0119 si\u0119 roli \u017cony i mamy, czytam ksi\u0105\u017cki, piek\u0119 chleb, albo spaceruj\u0119, podziwiaj\u0105c malownicze okolice pi\u0119knej Norwegii.","url":"https:\/\/triny.pl\/blog\/author\/olga-pietraszewska\/"}]}},"voteUp":"483","voteDown":"0","authorInfo":{"photo":"https:\/\/triny.pl\/blog\/wp-content\/uploads\/2019\/03\/web-2-150x150.jpg","url":"https:\/\/triny.pl\/blog\/author\/olga-pietraszewska\/","name":"Olga Pietraszewska"},"media":{"full":"https:\/\/triny.pl\/blog\/wp-content\/uploads\/2019\/02\/wlosy-zniszczone-rozjasnianiem.jpeg","desktop":"https:\/\/triny.pl\/blog\/wp-content\/uploads\/2019\/02\/wlosy-zniszczone-rozjasnianiem-505x250.jpeg","mobile":"https:\/\/triny.pl\/blog\/wp-content\/uploads\/2019\/02\/wlosy-zniszczone-rozjasnianiem-375x190.jpeg"},"_links":{"self":[{"href":"https:\/\/triny.pl\/blog\/wp-json\/wp\/v2\/posts\/11192"}],"collection":[{"href":"https:\/\/triny.pl\/blog\/wp-json\/wp\/v2\/posts"}],"about":[{"href":"https:\/\/triny.pl\/blog\/wp-json\/wp\/v2\/types\/post"}],"author":[{"embeddable":true,"href":"https:\/\/triny.pl\/blog\/wp-json\/wp\/v2\/users\/6"}],"replies":[{"embeddable":true,"href":"https:\/\/triny.pl\/blog\/wp-json\/wp\/v2\/comments?post=11192"}],"version-history":[{"count":41,"href":"https:\/\/triny.pl\/blog\/wp-json\/wp\/v2\/posts\/11192\/revisions"}],"predecessor-version":[{"id":27854,"href":"https:\/\/triny.pl\/blog\/wp-json\/wp\/v2\/posts\/11192\/revisions\/27854"}],"wp:featuredmedia":[{"embeddable":true,"href":"https:\/\/triny.pl\/blog\/wp-json\/wp\/v2\/media\/19859"}],"wp:attachment":[{"href":"https:\/\/triny.pl\/blog\/wp-json\/wp\/v2\/media?parent=11192"}],"wp:term":[{"taxonomy":"category","embeddable":true,"href":"https:\/\/triny.pl\/blog\/wp-json\/wp\/v2\/categories?post=11192"},{"taxonomy":"post_tag","embeddable":true,"href":"https:\/\/triny.pl\/blog\/wp-json\/wp\/v2\/tags?post=11192"}],"curies":[{"name":"wp","href":"https:\/\/api.w.org\/{rel}","templated":true}]}}