{"id":11395,"date":"2019-03-04T14:52:23","date_gmt":"2019-03-04T13:52:23","guid":{"rendered":"https:\/\/triny.pl\/blog\/?p=11395"},"modified":"2023-08-23T12:55:30","modified_gmt":"2023-08-23T10:55:30","slug":"kosmetyki-i-akcesoria-zero-waste","status":"publish","type":"post","link":"https:\/\/triny.pl\/blog\/kosmetyki-i-akcesoria-zero-waste\/","title":{"rendered":"Kosmetyki naturalne i akcesoria piel\u0119gnacyjne w duchu zero waste"},"content":{"rendered":"\n<p>Zero waste to idea zach\u0119caj\u0105ca do tego, by minimalizowa\u0107 ilo\u015b\u0107 \u015bmieci i odpad\u00f3w w swoim otoczeniu. Ma si\u0119 to odbywa\u0107 m.in. przez redukcj\u0119 plastikowych opakowa\u0144, kupowania \u017cywno\u015bci bez foliowych woreczk\u00f3w, pakowanie zakup\u00f3w do swoich toreb. Zero waste to te\u017c zach\u0119canie do tego, by przetwarza\u0107, naprawia\u0107, ogranicza\u0107 i kompostowa\u0107. Wszystko po to, by \u015bmieci w naszym otoczeniu by\u0142o jak najmniej.&nbsp;Dokonuj\u0105c \u015bwiadomych wybor\u00f3w konsumenckich mo\u017cemy wprowadzi\u0107 r\u00f3wnie\u017c zasady zero waste w naszej piel\u0119gnacji. Jak to zrobi\u0107?<\/p>\n\n\n\n<!--more-->\n\n\n\n<h2 class=\"wp-block-heading has-text-align-left\">Na czym polega piel\u0119gnacja zero waste?<\/h2>\n\n\n\n<p><strong>Piel\u0119gnacja zero waste to piel\u0119gnacja oparta na naturalnych kosmetykach o uniwersalnym dzia\u0142aniu (np. oleje i mas\u0142a ro\u015blinne) oraz kosmetykach DIY.<\/strong> Robimy je w oparciu o sk\u0142adniki, kt\u00f3re mamy w kuchni, oraz p\u00f3\u0142produkty i surowce takie jak oleje, glinki, czy hydrolaty. Tego typu piel\u0119gnacja opiera si\u0119 na <strong>stosowaniu jak najmniejszej ilo\u015bci kosmetyk\u00f3w, minimalizmie i prostocie.<\/strong> Zach\u0119ca do tego, by jedynym produktem myj\u0105cym w \u0142azience by\u0142o myd\u0142o w kostce, kt\u00f3rym umyjemy ca\u0142e cia\u0142o, twarz i w\u0142osy. Zamiast krem\u00f3w i balsam\u00f3w mo\u017cemy u\u017cywa\u0107 jeden olej ro\u015blinny o uniwersalnych w\u0142a\u015bciwo\u015bciach. Tym samym olejem mo\u017cemy od\u017cywia\u0107 i nawil\u017ca\u0107 w\u0142osy oraz zmywa\u0107 makija\u017c. Maseczk\u0119 do twarzy mo\u017cemy przygotowa\u0107 samodzielnie, np. z p\u0142atk\u00f3w owsianych, jogurtu i oleju, a do golenia u\u017cywa\u0107 wielorazowej maszynki na \u017cyletki.<\/p>\n\n\n\n<h2 class=\"wp-block-heading\">Sk\u0105d si\u0119 bior\u0105 \u015bmieci w naszej \u0142azience?<\/h2>\n\n\n\n<p>Idea takiej prostej i minimalistycznej piel\u0119gnacji ma prowadzi\u0107 do tego, by w \u0142azience by\u0142o jak najmniej \u015bmieci. Bo w tradycyjnej piel\u0119gnacji, gdy mamy po kilka szampon\u00f3w do w\u0142os\u00f3w, \u017cel pod prysznic, krem i serum do twarzy, kilka szminek i krem\u00f3w do r\u0105k, tych \u015bmieci jest niestety du\u017co. Ka\u017cdy kosmetyk jest przecie\u017c w co\u015b zapakowany i niestety, tym czym\u015b jest najcz\u0119\u015bciej plastik.<\/p>\n\n\n\n<p><strong>Poza plastikowymi opakowaniami kosmetyk\u00f3w, w naszych \u0142azienkach jest mn\u00f3stwo produkt\u00f3w jednorazowego u\u017cytku. Patyczki do uszu, p\u0142atki do demakija\u017cu, podpaski i wk\u0142adki higieniczne, tampony&#8230; Ka\u017cdy z tych produkt\u00f3w u\u017cywamy tylko jeden raz i wyrzucamy do \u015bmieci.<\/strong><\/p>\n\n\n\n<p>Do tego dochodz\u0105 jeszcze plastikowe szczoteczki do z\u0119b\u00f3w. Produkty niezb\u0119dne, ale wymagaj\u0105ce wymiany co 3 miesi\u0105ce.&nbsp;Oznacza to, \u017ce ka\u017cdego roku wyrzucamy 4 plastikowe szczoteczki do z\u0119b\u00f3w na wysypisko, czyli 40 szczoteczek na dekad\u0119. Niestety szczoteczki nie s\u0105 recyklingowane i sp\u0119dz\u0105 na wysypisku d\u0142ugie lata. Podobnie, jak wszystkie \u015brodki higieny osobistej, czy pieluszki jednorazowe.<\/p>\n\n\n<div class=\"wp-block-image\">\n<figure class=\"aligncenter\"><picture><source media=\"(max-width: 450px)\" data-srcset=\"https:\/\/triny.pl\/blog\/wp-content\/uploads\/2019\/03\/soap-3123469_1920-375x250.jpg\"><img data-src=\"https:\/\/triny.pl\/blog\/wp-content\/uploads\/2019\/03\/soap-3123469_1920-684x456.jpg\" class=\"wp-image-11401 lazyload\" alt=\"piel\u0119gnacja zero waste\"><\/picture><\/figure><\/div>\n\n\n<h2 class=\"wp-block-heading\">Masz wyb\u00f3r, czyli zero waste w Twojej kosmetyczce<\/h2>\n\n\n\n<p><strong>Dokonuj\u0105c \u015bwiadomych wybor\u00f3w konsumenckich ka\u017cda z nas mo\u017ce ograniczy\u0107 ilo\u015b\u0107 \u015bmieci w swojej \u0142azience i dbaj\u0105c o siebie, zadba\u0107 r\u00f3wnie\u017c o \u015brodowisko<\/strong>. I wcale nie oznacza to tego, \u017ce mamy my\u0107 si\u0119 tylko myd\u0142em i smarowa\u0107 olejem (je\u015bli chcemy, to czemu nie?), ale nadal mo\u017cemy dba\u0107 o siebie u\u017cywaj\u0105c ulubionych kosmetyk\u00f3w. Co w takim razie mamy zmieni\u0107, \u017ceby nasza piel\u0119gnacja by\u0142a zgodna z ide\u0105 zero waste? Przede wszystkim, <strong>kupowa\u0107 mniej i lepiej<\/strong>. Oznacza to, \u017ce powinny\u015bmy ograniczy\u0107 ilo\u015b\u0107 kosmetyk\u00f3w w \u0142azience do niezb\u0119dnego minimum (jeden szampon, \u017cel pod prysznic i balsam do cia\u0142a w zupe\u0142no\u015bci Ci wystarcz\u0105), <strong>wybiera\u0107 kosmetyki ekologiczne i naturalne produkowane w spos\u00f3b przyjazny \u015brodowisku oraz pakowane w szk\u0142o lub papier.<\/strong> Kolejnym krokiem powinna by\u0107 wymiana akcesori\u00f3w higienicznych i piel\u0119gnacyjnych na takie, kt\u00f3re mo\u017cemy stosowa\u0107 wielokrotnie. Na koniec warto te\u017c zadba\u0107 o to, aby u\u017cywa\u0107 wszystkie kosmetyki do ko\u0144ca i nie wyrzuca\u0107 ich tylko dlatego, \u017ce nie podoba nam si\u0119 zapach. W Twoim otoczeniu na pewno jest kto\u015b, kto ch\u0119tnie taki kosmetyk od Ciebie przyjmie.<\/p>\n\n\n\n<h2 class=\"wp-block-heading\">Kosmetyki naturalne zero waste<\/h2>\n\n\n\n<p>Aby u\u0142atwi\u0107 Ci wprowadzenie zmian prowadz\u0105cych do zero waste w piel\u0119gnacji, przygotowa\u0142am zestawienie kosmetyk\u00f3w zgodnych z ide\u0105 zero waste. S\u0105 to kosmetyki naturalne i ekologiczne, g\u0142\u00f3wnie w szklanych opakowaniach. <strong>Szk\u0142o jest tworzywem bardziej ekologicznym, mniej toksycznym ni\u017c plastik, mog\u0105cym by\u0107 wielokrotnie przetwarzanym.<\/strong> Kupuj\u0105c kosmetyki w szkle pami\u0119taj o tym, aby puste opakowanie wrzuci\u0107 do odpowiedniego pojemnika na odpady. Surowcami, w kt\u00f3re mog\u0105 by\u0107 zapakowane kosmetyki zero waste s\u0105 te\u017c papier i metal.<\/p>\n\n\n\n<h3 class=\"wp-block-heading\">Oleje i mas\u0142a ro\u015blinne<\/h3>\n\n\n<section class=\"slider-collage-carousel\" data-id=\"6743, 3316\"><ul class=\"collage collage-slider\"><li class=\"item\"><a href=\"https:\/\/triny.pl\/6743-your-natural-side-olej-z-pestek-malin-tloczony-na-zimno.html\" target=\"_blank\"><picture><source srcset=\"https:\/\/static.triny.pl\/img\/p\/1\/1\/8\/9\/6\/11896-thickbox_default.webp\"  type=\"image\/webp\"><source srcset=\"https:\/\/static.triny.pl\/img\/p\/1\/1\/8\/9\/6\/11896-thickbox_default.jpg\"  type=\"image\/jpeg\"><img src=\"https:\/\/triny.pl\/blog\/wp-content\/themes\/triny\/assets\/img\/placeholder-600x600.png\" data-src=\"https:\/\/static.triny.pl\/img\/p\/1\/1\/8\/9\/6\/11896-thickbox_default.jpg\" class=\"tns-lazy-img\" alt=\"Olej z pestek malin t\u0142oczony na zimno\"><\/picture><div class=\"brand\">Your Natural Side<\/div><div class=\"title\">Olej z pestek malin t\u0142oczony na zimno<\/div><\/a><a class=\"slider-collage-carousel__btn read-more-button\" href=\"https:\/\/triny.pl\/6743-your-natural-side-olej-z-pestek-malin-tloczony-na-zimno.html\" target=\"_blank\">Zobacz<\/a><\/li><li class=\"item\"><a href=\"https:\/\/triny.pl\/3316-etja-organiczny-olej-z-nasion-kawy-bio.html\" target=\"_blank\"><picture><source srcset=\"https:\/\/static.triny.pl\/img\/p\/1\/7\/8\/1\/1\/17811-thickbox_default.webp\"  type=\"image\/webp\"><source srcset=\"https:\/\/static.triny.pl\/img\/p\/1\/7\/8\/1\/1\/17811-thickbox_default.jpg\"  type=\"image\/jpeg\"><img src=\"https:\/\/triny.pl\/blog\/wp-content\/themes\/triny\/assets\/img\/placeholder-600x600.png\" data-src=\"https:\/\/static.triny.pl\/img\/p\/1\/7\/8\/1\/1\/17811-thickbox_default.jpg\" class=\"tns-lazy-img\" alt=\"Naturalny olej z nasion kawy BIO\"><\/picture><div class=\"brand\">Etja<\/div><div class=\"title\">Naturalny olej z nasion kawy BIO<\/div><\/a><a class=\"slider-collage-carousel__btn read-more-button\" href=\"https:\/\/triny.pl\/3316-etja-organiczny-olej-z-nasion-kawy-bio.html\" target=\"_blank\">Zobacz<\/a><\/li><\/ul><\/section>\n\n\n\n<h3 class=\"wp-block-heading\">Hydrolaty i toniki do twarzy<\/h3>\n\n\n<section class=\"slider-collage-carousel\" data-id=\"7569, 3448, 5653\"><ul class=\"collage collage-slider\"><li class=\"item\"><a href=\"https:\/\/triny.pl\/7569-lale-hydrolat-z-lisci-czarnej-porzeczki.html\" target=\"_blank\"><picture><source srcset=\"https:\/\/static.triny.pl\/img\/p\/1\/0\/5\/2\/4\/10524-thickbox_default.webp\"  type=\"image\/webp\"><source srcset=\"https:\/\/static.triny.pl\/img\/p\/1\/0\/5\/2\/4\/10524-thickbox_default.jpg\"  type=\"image\/jpeg\"><img src=\"https:\/\/triny.pl\/blog\/wp-content\/themes\/triny\/assets\/img\/placeholder-600x600.png\" data-src=\"https:\/\/static.triny.pl\/img\/p\/1\/0\/5\/2\/4\/10524-thickbox_default.jpg\" class=\"tns-lazy-img\" alt=\"Hydrolat z li\u015bci czarnej porzeczki\"><\/picture><div class=\"brand\">La-Le Kosmetyki<\/div><div class=\"title\">Hydrolat z li\u015bci czarnej porzeczki<\/div><\/a><a class=\"slider-collage-carousel__btn read-more-button\" href=\"https:\/\/triny.pl\/7569-lale-hydrolat-z-lisci-czarnej-porzeczki.html\" target=\"_blank\">Zobacz<\/a><\/li><li class=\"item\"><a href=\"https:\/\/triny.pl\/3448-bioline-bio-hydrolat-z-rozmarynu.html\" target=\"_blank\"><picture><source srcset=\"https:\/\/static.triny.pl\/img\/p\/2\/1\/7\/4\/6\/21746-thickbox_default.webp\"  type=\"image\/webp\"><source srcset=\"https:\/\/static.triny.pl\/img\/p\/2\/1\/7\/4\/6\/21746-thickbox_default.jpg\"  type=\"image\/jpeg\"><img src=\"https:\/\/triny.pl\/blog\/wp-content\/themes\/triny\/assets\/img\/placeholder-600x600.png\" data-src=\"https:\/\/static.triny.pl\/img\/p\/2\/1\/7\/4\/6\/21746-thickbox_default.jpg\" class=\"tns-lazy-img\" alt=\"BIO hydrolat z rozmarynu\"><\/picture><div class=\"brand\">Bioline<\/div><div class=\"title\">BIO hydrolat z rozmarynu<\/div><\/a><a class=\"slider-collage-carousel__btn read-more-button\" href=\"https:\/\/triny.pl\/3448-bioline-bio-hydrolat-z-rozmarynu.html\" target=\"_blank\">Zobacz<\/a><\/li><li class=\"item\"><a href=\"https:\/\/triny.pl\/5653-asoa-hydrolat-rumiankowy.html\" target=\"_blank\"><picture><source srcset=\"https:\/\/static.triny.pl\/img\/p\/1\/3\/6\/4\/1\/13641-thickbox_default.webp\"  type=\"image\/webp\"><source srcset=\"https:\/\/static.triny.pl\/img\/p\/1\/3\/6\/4\/1\/13641-thickbox_default.jpg\"  type=\"image\/jpeg\"><img src=\"https:\/\/triny.pl\/blog\/wp-content\/themes\/triny\/assets\/img\/placeholder-600x600.png\" data-src=\"https:\/\/static.triny.pl\/img\/p\/1\/3\/6\/4\/1\/13641-thickbox_default.jpg\" class=\"tns-lazy-img\" alt=\"Hydrolat rumiankowy\"><\/picture><div class=\"brand\">Asoa<\/div><div class=\"title\">Hydrolat rumiankowy<\/div><\/a><a class=\"slider-collage-carousel__btn read-more-button\" href=\"https:\/\/triny.pl\/5653-asoa-hydrolat-rumiankowy.html\" target=\"_blank\">Zobacz<\/a><\/li><\/ul><\/section>\n\n\n\n<h3 class=\"wp-block-heading\">Glinki i maseczki do twarzy<\/h3>\n\n\n<section class=\"slider-collage-carousel\" data-id=\"6555, 7229\"><ul class=\"collage collage-slider\"><li class=\"item\"><a href=\"https:\/\/triny.pl\/6555-asoa-maseczka-do-cery-tlustej-i-tradzikowej-niebieska-glinka-i-olej-z-pestek-moreli.html\" target=\"_blank\"><picture><source srcset=\"https:\/\/static.triny.pl\/img\/p\/1\/3\/6\/5\/3\/13653-thickbox_default.webp\"  type=\"image\/webp\"><source srcset=\"https:\/\/static.triny.pl\/img\/p\/1\/3\/6\/5\/3\/13653-thickbox_default.jpg\"  type=\"image\/jpeg\"><img src=\"https:\/\/triny.pl\/blog\/wp-content\/themes\/triny\/assets\/img\/placeholder-600x600.png\" data-src=\"https:\/\/static.triny.pl\/img\/p\/1\/3\/6\/5\/3\/13653-thickbox_default.jpg\" class=\"tns-lazy-img\" alt=\"Maseczka do cery t\u0142ustej i tr\u0105dzikowej &#8211; Niebieska glinka i olej z pestek moreli\"><\/picture><div class=\"brand\">Asoa<\/div><div class=\"title\">Maseczka do cery t\u0142ustej i tr\u0105dzikowej &#8211; Niebieska glinka i olej z pestek moreli<\/div><\/a><a class=\"slider-collage-carousel__btn read-more-button\" href=\"https:\/\/triny.pl\/6555-asoa-maseczka-do-cery-tlustej-i-tradzikowej-niebieska-glinka-i-olej-z-pestek-moreli.html\" target=\"_blank\">Zobacz<\/a><\/li><li class=\"item\"><a href=\"https:\/\/triny.pl\/7229-asoa-krem-maseczka-do-twarzy-algi-morskie.html\" target=\"_blank\"><picture><source srcset=\"https:\/\/static.triny.pl\/img\/p\/1\/3\/6\/9\/8\/13698-thickbox_default.webp\"  type=\"image\/webp\"><source srcset=\"https:\/\/static.triny.pl\/img\/p\/1\/3\/6\/9\/8\/13698-thickbox_default.jpg\"  type=\"image\/jpeg\"><img src=\"https:\/\/triny.pl\/blog\/wp-content\/themes\/triny\/assets\/img\/placeholder-600x600.png\" data-src=\"https:\/\/static.triny.pl\/img\/p\/1\/3\/6\/9\/8\/13698-thickbox_default.jpg\" class=\"tns-lazy-img\" alt=\"Krem-maseczka do twarzy &#8211; Algi Morskie\"><\/picture><div class=\"brand\">Asoa<\/div><div class=\"title\">Krem-maseczka do twarzy &#8211; Algi Morskie<\/div><\/a><a class=\"slider-collage-carousel__btn read-more-button\" href=\"https:\/\/triny.pl\/7229-asoa-krem-maseczka-do-twarzy-algi-morskie.html\" target=\"_blank\">Zobacz<\/a><\/li><\/ul><\/section>\n\n\n\n<h3 class=\"wp-block-heading\">Kosmetyki do mycia cia\u0142a i w\u0142os\u00f3w<\/h3>\n\n\n\n\n\n\n<h3 class=\"wp-block-heading\">Kosmetyki do piel\u0119gnacji cia\u0142a i w\u0142os\u00f3w<\/h3>\n\n\n<section class=\"slider-collage-carousel\" data-id=\"7131, 4176\"><ul class=\"collage collage-slider\"><li class=\"item\"><a href=\"https:\/\/triny.pl\/4176-iossi-wzmacniajacy-olej-do-wlosow-rozmaryn-i-lawenda.html\" target=\"_blank\"><picture><source srcset=\"https:\/\/static.triny.pl\/img\/p\/1\/7\/1\/2\/2\/17122-thickbox_default.webp\"  type=\"image\/webp\"><source srcset=\"https:\/\/static.triny.pl\/img\/p\/1\/7\/1\/2\/2\/17122-thickbox_default.jpg\"  type=\"image\/jpeg\"><img src=\"https:\/\/triny.pl\/blog\/wp-content\/themes\/triny\/assets\/img\/placeholder-600x600.png\" data-src=\"https:\/\/static.triny.pl\/img\/p\/1\/7\/1\/2\/2\/17122-thickbox_default.jpg\" class=\"tns-lazy-img\" alt=\"Rozmaryn Lawenda &#8211; Wzmacniaj\u0105cy olej do w\u0142os\u00f3w\"><\/picture><div class=\"brand\">IOSSI<\/div><div class=\"title\">Rozmaryn Lawenda &#8211; Wzmacniaj\u0105cy olej do w\u0142os\u00f3w<\/div><\/a><a class=\"slider-collage-carousel__btn read-more-button\" href=\"https:\/\/triny.pl\/4176-iossi-wzmacniajacy-olej-do-wlosow-rozmaryn-i-lawenda.html\" target=\"_blank\">Zobacz<\/a><\/li><\/ul><\/section>\n\n\n\n<h3 class=\"wp-block-heading\">Kremy i sera do twarzy<\/h3>\n\n\n<section class=\"slider-collage-carousel\" data-id=\"3979, 7534, 4182\"><ul class=\"collage collage-slider\"><li class=\"item\"><a href=\"https:\/\/triny.pl\/7534-shy-deer-naturalny-krem-dla-skory-mieszanej-i-tlustej.html\" target=\"_blank\"><picture><source srcset=\"https:\/\/static.triny.pl\/img\/p\/1\/9\/5\/3\/2\/19532-thickbox_default.webp\"  type=\"image\/webp\"><source srcset=\"https:\/\/static.triny.pl\/img\/p\/1\/9\/5\/3\/2\/19532-thickbox_default.jpg\"  type=\"image\/jpeg\"><img src=\"https:\/\/triny.pl\/blog\/wp-content\/themes\/triny\/assets\/img\/placeholder-600x600.png\" data-src=\"https:\/\/static.triny.pl\/img\/p\/1\/9\/5\/3\/2\/19532-thickbox_default.jpg\" class=\"tns-lazy-img\" alt=\"Naturalny krem dla sk\u00f3ry mieszanej i t\u0142ustej\"><\/picture><div class=\"brand\">Shy Deer<\/div><div class=\"title\">Naturalny krem dla sk\u00f3ry mieszanej i t\u0142ustej<\/div><\/a><a class=\"slider-collage-carousel__btn read-more-button\" href=\"https:\/\/triny.pl\/7534-shy-deer-naturalny-krem-dla-skory-mieszanej-i-tlustej.html\" target=\"_blank\">Zobacz<\/a><\/li><li class=\"item\"><a href=\"https:\/\/triny.pl\/4182-iossi-rozswietlajace-serum-do-twarzy.html\" target=\"_blank\"><picture><source srcset=\"https:\/\/static.triny.pl\/img\/p\/2\/2\/4\/8\/5\/22485-thickbox_default.webp\"  type=\"image\/webp\"><source srcset=\"https:\/\/static.triny.pl\/img\/p\/2\/2\/4\/8\/5\/22485-thickbox_default.jpg\"  type=\"image\/jpeg\"><img src=\"https:\/\/triny.pl\/blog\/wp-content\/themes\/triny\/assets\/img\/placeholder-600x600.png\" data-src=\"https:\/\/static.triny.pl\/img\/p\/2\/2\/4\/8\/5\/22485-thickbox_default.jpg\" class=\"tns-lazy-img\" alt=\"Dzika R\u00f3\u017ca &#8211; Serum roz\u015bwietlaj\u0105ce z geranium, cyprysem, witaminami C i E\"><\/picture><div class=\"brand\">IOSSI<\/div><div class=\"title\">Dzika R\u00f3\u017ca &#8211; Serum roz\u015bwietlaj\u0105ce z geranium, cyprysem, witaminami C i E<\/div><\/a><a class=\"slider-collage-carousel__btn read-more-button\" href=\"https:\/\/triny.pl\/4182-iossi-rozswietlajace-serum-do-twarzy.html\" target=\"_blank\">Zobacz<\/a><\/li><\/ul><\/section>\n\n\n\n<h3 class=\"wp-block-heading\">Higiena osobista i higiena jamy ustnej<\/h3>\n\n\n<section class=\"slider-collage-carousel\" data-id=\"2261\"><ul class=\"collage collage-slider\"><li class=\"item\"><a href=\"https:\/\/triny.pl\/2261-najel-alun-w-kostce.html\" target=\"_blank\"><picture><source srcset=\"https:\/\/static.triny.pl\/img\/p\/1\/2\/2\/1\/4\/12214-thickbox_default.webp\"  type=\"image\/webp\"><source srcset=\"https:\/\/static.triny.pl\/img\/p\/1\/2\/2\/1\/4\/12214-thickbox_default.jpg\"  type=\"image\/jpeg\"><img src=\"https:\/\/triny.pl\/blog\/wp-content\/themes\/triny\/assets\/img\/placeholder-600x600.png\" data-src=\"https:\/\/static.triny.pl\/img\/p\/1\/2\/2\/1\/4\/12214-thickbox_default.jpg\" class=\"tns-lazy-img\" alt=\"A\u0142un w kostce\"><\/picture><div class=\"brand\">Najel<\/div><div class=\"title\">A\u0142un w kostce<\/div><\/a><a class=\"slider-collage-carousel__btn read-more-button\" href=\"https:\/\/triny.pl\/2261-najel-alun-w-kostce.html\" target=\"_blank\">Zobacz<\/a><\/li><\/ul><\/section>\n\n\n\n<h2 class=\"wp-block-heading\">Akcesoria higieniczne i piel\u0119gnacyjne zero waste<\/h2>\n\n\n\n<p>Zero waste m\u00f3wi nie wszystkim produktom jednorazowego u\u017cytku. Ciebie zach\u0119cam do tego samego i podpowiadam, na co zamieni\u0107 plastikow\u0105 szczoteczk\u0119 do z\u0119b\u00f3w oraz czego u\u017cywa\u0107 zamiast podpasek higienicznych. Poni\u017cej znajdziesz tylko kilka produkt\u00f3w, kt\u00f3re pomog\u0105 ograniczy\u0107 ilo\u015b\u0107 \u015bmieci w Twojej \u0142azience. Po wi\u0119cej inspiracji zapraszam tutaj: <a href=\"https:\/\/triny.pl\/337-less-waste\">less waste<\/a><\/p>\n\n\n<section class=\"slider-collage-carousel\" data-id=\"5502, 6367, 8225, 6360, 3288\"><ul class=\"collage collage-slider\"><li class=\"item\"><a href=\"https:\/\/triny.pl\/6367-hydrophil-gabka-konjac-dla-dzieci-i-doroslych.html\" target=\"_blank\"><picture><source srcset=\"https:\/\/static.triny.pl\/img\/p\/8\/6\/5\/8\/8658-thickbox_default.webp\"  type=\"image\/webp\"><source srcset=\"https:\/\/static.triny.pl\/img\/p\/8\/6\/5\/8\/8658-thickbox_default.jpg\"  type=\"image\/jpeg\"><img src=\"https:\/\/triny.pl\/blog\/wp-content\/themes\/triny\/assets\/img\/placeholder-600x600.png\" data-src=\"https:\/\/static.triny.pl\/img\/p\/8\/6\/5\/8\/8658-thickbox_default.jpg\" class=\"tns-lazy-img\" alt=\"G\u0105bka Konjac dla dzieci i doros\u0142ych\"><\/picture><div class=\"brand\">Hydrophil<\/div><div class=\"title\">G\u0105bka Konjac dla dzieci i doros\u0142ych<\/div><\/a><a class=\"slider-collage-carousel__btn read-more-button\" href=\"https:\/\/triny.pl\/6367-hydrophil-gabka-konjac-dla-dzieci-i-doroslych.html\" target=\"_blank\">Zobacz<\/a><\/li><li class=\"item\"><a href=\"https:\/\/triny.pl\/8225-triny-szczotka-do-ciala-tampico.html\" target=\"_blank\"><picture><source srcset=\"https:\/\/static.triny.pl\/img\/p\/1\/3\/0\/2\/3\/13023-thickbox_default.webp\"  type=\"image\/webp\"><source srcset=\"https:\/\/static.triny.pl\/img\/p\/1\/3\/0\/2\/3\/13023-thickbox_default.jpg\"  type=\"image\/jpeg\"><img src=\"https:\/\/triny.pl\/blog\/wp-content\/themes\/triny\/assets\/img\/placeholder-600x600.png\" data-src=\"https:\/\/static.triny.pl\/img\/p\/1\/3\/0\/2\/3\/13023-thickbox_default.jpg\" class=\"tns-lazy-img\" alt=\"Szczotka do cia\u0142a tampico\"><\/picture><div class=\"brand\">By Triny<\/div><div class=\"title\">Szczotka do cia\u0142a tampico<\/div><\/a><a class=\"slider-collage-carousel__btn read-more-button\" href=\"https:\/\/triny.pl\/8225-triny-szczotka-do-ciala-tampico.html\" target=\"_blank\">Zobacz<\/a><\/li><li class=\"item\"><a href=\"https:\/\/triny.pl\/6360-hydrophil-biodegradowalne-bambusowe-patyczki-higieniczne-do-uszu-z-bawelna-organiczna.html\" target=\"_blank\"><picture><source srcset=\"https:\/\/static.triny.pl\/img\/p\/8\/6\/5\/0\/8650-thickbox_default.webp\"  type=\"image\/webp\"><source srcset=\"https:\/\/static.triny.pl\/img\/p\/8\/6\/5\/0\/8650-thickbox_default.jpg\"  type=\"image\/jpeg\"><img src=\"https:\/\/triny.pl\/blog\/wp-content\/themes\/triny\/assets\/img\/placeholder-600x600.png\" data-src=\"https:\/\/static.triny.pl\/img\/p\/8\/6\/5\/0\/8650-thickbox_default.jpg\" class=\"tns-lazy-img\" alt=\"Biodegradowalne bambusowe patyczki higieniczne do uszu z bawe\u0142n\u0105 organiczn\u0105\"><\/picture><div class=\"brand\">Hydrophil<\/div><div class=\"title\">Biodegradowalne bambusowe patyczki higieniczne do uszu z bawe\u0142n\u0105 organiczn\u0105<\/div><\/a><a class=\"slider-collage-carousel__btn read-more-button\" href=\"https:\/\/triny.pl\/6360-hydrophil-biodegradowalne-bambusowe-patyczki-higieniczne-do-uszu-z-bawelna-organiczna.html\" target=\"_blank\">Zobacz<\/a><\/li><li class=\"item\"><a href=\"https:\/\/triny.pl\/3288-nacomi-bambusowa-sciereczka-do-demakijazu.html\" target=\"_blank\"><picture><source srcset=\"https:\/\/static.triny.pl\/img\/p\/3\/7\/3\/6\/3736-thickbox_default.webp\"  type=\"image\/webp\"><source srcset=\"https:\/\/static.triny.pl\/img\/p\/3\/7\/3\/6\/3736-thickbox_default.jpg\"  type=\"image\/jpeg\"><img src=\"https:\/\/triny.pl\/blog\/wp-content\/themes\/triny\/assets\/img\/placeholder-600x600.png\" data-src=\"https:\/\/static.triny.pl\/img\/p\/3\/7\/3\/6\/3736-thickbox_default.jpg\" class=\"tns-lazy-img\" alt=\"Bambusowa \u015bciereczka do demakija\u017cu\"><\/picture><div class=\"brand\">Nacomi<\/div><div class=\"title\">Bambusowa \u015bciereczka do demakija\u017cu<\/div><\/a><a class=\"slider-collage-carousel__btn read-more-button\" href=\"https:\/\/triny.pl\/3288-nacomi-bambusowa-sciereczka-do-demakijazu.html\" target=\"_blank\">Zobacz<\/a><\/li><\/ul><\/section>\n\n\n\n<h2 class=\"wp-block-heading\">Podsumowanie<\/h2>\n\n\n\n<p>Mam nadziej\u0119, \u017ce dzisiejszy przegl\u0105d kosmetyk\u00f3w i akcesori\u00f3w w duchu idei zero waste przekona\u0142 Ci\u0119 do tego, \u017ceby zrobi\u0107 ma\u0142y remament w swojej \u0142azience. Zanim jednak postanowisz wyrzuci\u0107 wszystkie plastikowe butelki i s\u0142oiczki, zu\u017cyj do ko\u0144ca ich zawarto\u015b\u0107. Po nowe kosmetyki w szklanych opakowaniach id\u017a do sklepu dopiero wtedy, gdy zu\u017cyjesz wszystko to, czego aktualnie u\u017cywasz. <strong>Pami\u0119taj te\u017c o tym, \u017ce piel\u0119gnacja zero waste to nie wymiana plastiku na szk\u0142o. To te\u017c \u015bwiadome ograniczanie i kupowanie mniej, wytwarzanie i korzystanie z posiadanych zasob\u00f3w.<\/strong> Mo\u017ce p\u0142atki do demakija\u017cu zrobisz sama ze starego r\u0119cznika? A zamiast od\u017cywki do w\u0142os\u00f3w u\u017cyjesz kleiku z siemienia lnianego? Dzi\u0119ki temu nie tylko wykorzystasz to, co ju\u017c masz, ale i kupisz mniej nowych rzeczy.<\/p>\n\n\n\n<p>Powodzenia!<\/p>\n","protected":false},"excerpt":{"rendered":"<p>Zero waste to idea zach\u0119caj\u0105ca do tego, by minimalizowa\u0107 ilo\u015b\u0107 \u015bmieci i odpad\u00f3w w swoim otoczeniu. Ma si\u0119 to odbywa\u0107 m.in&#8230;.<\/p>\n","protected":false},"author":6,"featured_media":19856,"comment_status":"open","ping_status":"open","sticky":false,"template":"","format":"standard","meta":{"footnotes":""},"categories":[34,36,35],"tags":[3214],"acf":[],"yoast_head":"<!-- This site is optimized with the Yoast SEO plugin v21.1 - https:\/\/yoast.com\/wordpress\/plugins\/seo\/ -->\n<title>Kosmetyki naturalne i akcesoria piel\u0119gnacyjne w duchu zero waste<\/title>\n<meta name=\"description\" content=\"Zero waste w Twojej \u0142azience, to mniej plastikowych opakowa\u0144, mniej kosmetyk\u00f3w i mniej produkt\u00f3w jednorazowego u\u017cytku. Czym je zast\u0105pi\u0107?\" \/>\n<meta name=\"robots\" content=\"index, follow, max-snippet:-1, max-image-preview:large, max-video-preview:-1\" \/>\n<link rel=\"canonical\" href=\"https:\/\/triny.pl\/blog\/kosmetyki-i-akcesoria-zero-waste\/\" \/>\n<meta property=\"og:locale\" content=\"pl_PL\" \/>\n<meta property=\"og:type\" content=\"article\" \/>\n<meta property=\"og:title\" content=\"Kosmetyki naturalne i akcesoria piel\u0119gnacyjne w duchu zero waste\" \/>\n<meta property=\"og:description\" content=\"Zero waste w Twojej \u0142azience, to mniej plastikowych opakowa\u0144, mniej kosmetyk\u00f3w i mniej produkt\u00f3w jednorazowego u\u017cytku. Czym je zast\u0105pi\u0107?\" \/>\n<meta property=\"og:url\" content=\"https:\/\/triny.pl\/blog\/kosmetyki-i-akcesoria-zero-waste\/\" \/>\n<meta property=\"og:site_name\" content=\"Blog Triny.pl\" \/>\n<meta property=\"article:publisher\" content=\"https:\/\/www.facebook.com\/trinysklep\" \/>\n<meta property=\"article:published_time\" content=\"2019-03-04T13:52:23+00:00\" \/>\n<meta property=\"article:modified_time\" content=\"2023-08-23T10:55:30+00:00\" \/>\n<meta property=\"og:image\" content=\"https:\/\/triny.pl\/blog\/wp-content\/uploads\/2019\/03\/akcesoria-zero-waste.jpeg\" \/>\n\t<meta property=\"og:image:width\" content=\"1200\" \/>\n\t<meta property=\"og:image:height\" content=\"800\" \/>\n\t<meta property=\"og:image:type\" content=\"image\/jpeg\" \/>\n<meta name=\"author\" content=\"Olga Pietraszewska\" \/>\n<meta name=\"twitter:label1\" content=\"Napisane przez\" \/>\n\t<meta name=\"twitter:data1\" content=\"Olga Pietraszewska\" \/>\n\t<meta name=\"twitter:label2\" content=\"Szacowany czas czytania\" \/>\n\t<meta name=\"twitter:data2\" content=\"7 minut\" \/>\n<script type=\"application\/ld+json\" class=\"yoast-schema-graph\">{\"@context\":\"https:\/\/schema.org\",\"@graph\":[{\"@type\":\"Article\",\"@id\":\"https:\/\/triny.pl\/blog\/kosmetyki-i-akcesoria-zero-waste\/#article\",\"isPartOf\":{\"@id\":\"https:\/\/triny.pl\/blog\/kosmetyki-i-akcesoria-zero-waste\/\"},\"author\":{\"name\":\"Olga Pietraszewska\",\"@id\":\"https:\/\/triny.pl\/blog\/#\/schema\/person\/627fca485014bc94ba34ced7dc5dd756\"},\"headline\":\"Kosmetyki naturalne i akcesoria piel\u0119gnacyjne w duchu zero waste\",\"datePublished\":\"2019-03-04T13:52:23+00:00\",\"dateModified\":\"2023-08-23T10:55:30+00:00\",\"mainEntityOfPage\":{\"@id\":\"https:\/\/triny.pl\/blog\/kosmetyki-i-akcesoria-zero-waste\/\"},\"wordCount\":1007,\"commentCount\":1,\"publisher\":{\"@id\":\"https:\/\/triny.pl\/blog\/#organization\"},\"keywords\":[\"Porady less waste\"],\"articleSection\":[\"Naturalna piel\u0119gnacja w\u0142os\u00f3w\",\"Piel\u0119gnacja cia\u0142a - naturalnie\",\"Piel\u0119gnacja twarzy naturalnie\"],\"inLanguage\":\"pl-PL\",\"potentialAction\":[{\"@type\":\"CommentAction\",\"name\":\"Comment\",\"target\":[\"https:\/\/triny.pl\/blog\/kosmetyki-i-akcesoria-zero-waste\/#respond\"]}]},{\"@type\":\"WebPage\",\"@id\":\"https:\/\/triny.pl\/blog\/kosmetyki-i-akcesoria-zero-waste\/\",\"url\":\"https:\/\/triny.pl\/blog\/kosmetyki-i-akcesoria-zero-waste\/\",\"name\":\"Kosmetyki naturalne i akcesoria piel\u0119gnacyjne w duchu zero waste\",\"isPartOf\":{\"@id\":\"https:\/\/triny.pl\/blog\/#website\"},\"datePublished\":\"2019-03-04T13:52:23+00:00\",\"dateModified\":\"2023-08-23T10:55:30+00:00\",\"description\":\"Zero waste w Twojej \u0142azience, to mniej plastikowych opakowa\u0144, mniej kosmetyk\u00f3w i mniej produkt\u00f3w jednorazowego u\u017cytku. Czym je zast\u0105pi\u0107?\",\"breadcrumb\":{\"@id\":\"https:\/\/triny.pl\/blog\/kosmetyki-i-akcesoria-zero-waste\/#breadcrumb\"},\"inLanguage\":\"pl-PL\",\"potentialAction\":[{\"@type\":\"ReadAction\",\"target\":[\"https:\/\/triny.pl\/blog\/kosmetyki-i-akcesoria-zero-waste\/\"]}]},{\"@type\":\"BreadcrumbList\",\"@id\":\"https:\/\/triny.pl\/blog\/kosmetyki-i-akcesoria-zero-waste\/#breadcrumb\",\"itemListElement\":[{\"@type\":\"ListItem\",\"position\":1,\"name\":\"Strona g\u0142\u00f3wna\",\"item\":\"https:\/\/triny.pl\/blog\/\"},{\"@type\":\"ListItem\",\"position\":2,\"name\":\"Kosmetyki naturalne i akcesoria piel\u0119gnacyjne w duchu zero waste\"}]},{\"@type\":\"WebSite\",\"@id\":\"https:\/\/triny.pl\/blog\/#website\",\"url\":\"https:\/\/triny.pl\/blog\/\",\"name\":\"Blog Triny.pl\",\"description\":\"Naturalna piel\u0119gnacja bez tajemnic! Pokazujemy jak dba\u0107 o cia\u0142o i w\u0142osy dla optymalnych, d\u0142ugotrwa\u0142ych efekt\u00f3w. Sprawd\u017a te ma\u0142o znane triki :)\",\"publisher\":{\"@id\":\"https:\/\/triny.pl\/blog\/#organization\"},\"potentialAction\":[{\"@type\":\"SearchAction\",\"target\":{\"@type\":\"EntryPoint\",\"urlTemplate\":\"https:\/\/triny.pl\/blog\/?s={search_term_string}\"},\"query-input\":\"required name=search_term_string\"}],\"inLanguage\":\"pl-PL\"},{\"@type\":\"Organization\",\"@id\":\"https:\/\/triny.pl\/blog\/#organization\",\"name\":\"Triny Sp. z o. o.\",\"url\":\"https:\/\/triny.pl\/blog\/\",\"logo\":{\"@type\":\"ImageObject\",\"inLanguage\":\"pl-PL\",\"@id\":\"https:\/\/triny.pl\/blog\/#\/schema\/logo\/image\/\",\"url\":\"https:\/\/triny.pl\/blog\/wp-content\/uploads\/2020\/08\/logo-triny.png\",\"contentUrl\":\"https:\/\/triny.pl\/blog\/wp-content\/uploads\/2020\/08\/logo-triny.png\",\"width\":190,\"height\":78,\"caption\":\"Triny Sp. z o. o.\"},\"image\":{\"@id\":\"https:\/\/triny.pl\/blog\/#\/schema\/logo\/image\/\"},\"sameAs\":[\"https:\/\/www.facebook.com\/trinysklep\",\"https:\/\/www.instagram.com\/trinysklep\/\",\"https:\/\/pl.pinterest.com\/trinypl\/_created\/\"]},{\"@type\":\"Person\",\"@id\":\"https:\/\/triny.pl\/blog\/#\/schema\/person\/627fca485014bc94ba34ced7dc5dd756\",\"name\":\"Olga Pietraszewska\",\"description\":\"Witaj! Nazywam si\u0119 Olga Pietraszewska. Jestem autork\u0105 bloga Makehappyday.com, pasjonatk\u0105 i propagatork\u0105 naturalnej piel\u0119gnacji oraz zdrowego stylu \u017cycia. Z wykszta\u0142cenia politolog, z zawodu dziennikarka i copywriterka. Je\u015bli akurat nie pisz\u0119, to najpewniej oddaj\u0119 si\u0119 roli \u017cony i mamy, czytam ksi\u0105\u017cki, piek\u0119 chleb, albo spaceruj\u0119, podziwiaj\u0105c malownicze okolice pi\u0119knej Norwegii.\",\"url\":\"https:\/\/triny.pl\/blog\/author\/olga-pietraszewska\/\"}]}<\/script>\n<!-- \/ Yoast SEO plugin. -->","yoast_head_json":{"title":"Kosmetyki naturalne i akcesoria piel\u0119gnacyjne w duchu zero waste","description":"Zero waste w Twojej \u0142azience, to mniej plastikowych opakowa\u0144, mniej kosmetyk\u00f3w i mniej produkt\u00f3w jednorazowego u\u017cytku. Czym je zast\u0105pi\u0107?","robots":{"index":"index","follow":"follow","max-snippet":"max-snippet:-1","max-image-preview":"max-image-preview:large","max-video-preview":"max-video-preview:-1"},"canonical":"https:\/\/triny.pl\/blog\/kosmetyki-i-akcesoria-zero-waste\/","og_locale":"pl_PL","og_type":"article","og_title":"Kosmetyki naturalne i akcesoria piel\u0119gnacyjne w duchu zero waste","og_description":"Zero waste w Twojej \u0142azience, to mniej plastikowych opakowa\u0144, mniej kosmetyk\u00f3w i mniej produkt\u00f3w jednorazowego u\u017cytku. Czym je zast\u0105pi\u0107?","og_url":"https:\/\/triny.pl\/blog\/kosmetyki-i-akcesoria-zero-waste\/","og_site_name":"Blog Triny.pl","article_publisher":"https:\/\/www.facebook.com\/trinysklep","article_published_time":"2019-03-04T13:52:23+00:00","article_modified_time":"2023-08-23T10:55:30+00:00","og_image":[{"width":1200,"height":800,"url":"https:\/\/triny.pl\/blog\/wp-content\/uploads\/2019\/03\/akcesoria-zero-waste.jpeg","type":"image\/jpeg"}],"author":"Olga Pietraszewska","twitter_misc":{"Napisane przez":"Olga Pietraszewska","Szacowany czas czytania":"7 minut"},"schema":{"@context":"https:\/\/schema.org","@graph":[{"@type":"Article","@id":"https:\/\/triny.pl\/blog\/kosmetyki-i-akcesoria-zero-waste\/#article","isPartOf":{"@id":"https:\/\/triny.pl\/blog\/kosmetyki-i-akcesoria-zero-waste\/"},"author":{"name":"Olga Pietraszewska","@id":"https:\/\/triny.pl\/blog\/#\/schema\/person\/627fca485014bc94ba34ced7dc5dd756"},"headline":"Kosmetyki naturalne i akcesoria piel\u0119gnacyjne w duchu zero waste","datePublished":"2019-03-04T13:52:23+00:00","dateModified":"2023-08-23T10:55:30+00:00","mainEntityOfPage":{"@id":"https:\/\/triny.pl\/blog\/kosmetyki-i-akcesoria-zero-waste\/"},"wordCount":1007,"commentCount":1,"publisher":{"@id":"https:\/\/triny.pl\/blog\/#organization"},"keywords":["Porady less waste"],"articleSection":["Naturalna piel\u0119gnacja w\u0142os\u00f3w","Piel\u0119gnacja cia\u0142a - naturalnie","Piel\u0119gnacja twarzy naturalnie"],"inLanguage":"pl-PL","potentialAction":[{"@type":"CommentAction","name":"Comment","target":["https:\/\/triny.pl\/blog\/kosmetyki-i-akcesoria-zero-waste\/#respond"]}]},{"@type":"WebPage","@id":"https:\/\/triny.pl\/blog\/kosmetyki-i-akcesoria-zero-waste\/","url":"https:\/\/triny.pl\/blog\/kosmetyki-i-akcesoria-zero-waste\/","name":"Kosmetyki naturalne i akcesoria piel\u0119gnacyjne w duchu zero waste","isPartOf":{"@id":"https:\/\/triny.pl\/blog\/#website"},"datePublished":"2019-03-04T13:52:23+00:00","dateModified":"2023-08-23T10:55:30+00:00","description":"Zero waste w Twojej \u0142azience, to mniej plastikowych opakowa\u0144, mniej kosmetyk\u00f3w i mniej produkt\u00f3w jednorazowego u\u017cytku. Czym je zast\u0105pi\u0107?","breadcrumb":{"@id":"https:\/\/triny.pl\/blog\/kosmetyki-i-akcesoria-zero-waste\/#breadcrumb"},"inLanguage":"pl-PL","potentialAction":[{"@type":"ReadAction","target":["https:\/\/triny.pl\/blog\/kosmetyki-i-akcesoria-zero-waste\/"]}]},{"@type":"BreadcrumbList","@id":"https:\/\/triny.pl\/blog\/kosmetyki-i-akcesoria-zero-waste\/#breadcrumb","itemListElement":[{"@type":"ListItem","position":1,"name":"Strona g\u0142\u00f3wna","item":"https:\/\/triny.pl\/blog\/"},{"@type":"ListItem","position":2,"name":"Kosmetyki naturalne i akcesoria piel\u0119gnacyjne w duchu zero waste"}]},{"@type":"WebSite","@id":"https:\/\/triny.pl\/blog\/#website","url":"https:\/\/triny.pl\/blog\/","name":"Blog Triny.pl","description":"Naturalna piel\u0119gnacja bez tajemnic! Pokazujemy jak dba\u0107 o cia\u0142o i w\u0142osy dla optymalnych, d\u0142ugotrwa\u0142ych efekt\u00f3w. Sprawd\u017a te ma\u0142o znane triki :)","publisher":{"@id":"https:\/\/triny.pl\/blog\/#organization"},"potentialAction":[{"@type":"SearchAction","target":{"@type":"EntryPoint","urlTemplate":"https:\/\/triny.pl\/blog\/?s={search_term_string}"},"query-input":"required name=search_term_string"}],"inLanguage":"pl-PL"},{"@type":"Organization","@id":"https:\/\/triny.pl\/blog\/#organization","name":"Triny Sp. z o. o.","url":"https:\/\/triny.pl\/blog\/","logo":{"@type":"ImageObject","inLanguage":"pl-PL","@id":"https:\/\/triny.pl\/blog\/#\/schema\/logo\/image\/","url":"https:\/\/triny.pl\/blog\/wp-content\/uploads\/2020\/08\/logo-triny.png","contentUrl":"https:\/\/triny.pl\/blog\/wp-content\/uploads\/2020\/08\/logo-triny.png","width":190,"height":78,"caption":"Triny Sp. z o. o."},"image":{"@id":"https:\/\/triny.pl\/blog\/#\/schema\/logo\/image\/"},"sameAs":["https:\/\/www.facebook.com\/trinysklep","https:\/\/www.instagram.com\/trinysklep\/","https:\/\/pl.pinterest.com\/trinypl\/_created\/"]},{"@type":"Person","@id":"https:\/\/triny.pl\/blog\/#\/schema\/person\/627fca485014bc94ba34ced7dc5dd756","name":"Olga Pietraszewska","description":"Witaj! Nazywam si\u0119 Olga Pietraszewska. Jestem autork\u0105 bloga Makehappyday.com, pasjonatk\u0105 i propagatork\u0105 naturalnej piel\u0119gnacji oraz zdrowego stylu \u017cycia. Z wykszta\u0142cenia politolog, z zawodu dziennikarka i copywriterka. Je\u015bli akurat nie pisz\u0119, to najpewniej oddaj\u0119 si\u0119 roli \u017cony i mamy, czytam ksi\u0105\u017cki, piek\u0119 chleb, albo spaceruj\u0119, podziwiaj\u0105c malownicze okolice pi\u0119knej Norwegii.","url":"https:\/\/triny.pl\/blog\/author\/olga-pietraszewska\/"}]}},"voteUp":"25","voteDown":"0","authorInfo":{"photo":"https:\/\/triny.pl\/blog\/wp-content\/uploads\/2019\/03\/web-2-150x150.jpg","url":"https:\/\/triny.pl\/blog\/author\/olga-pietraszewska\/","name":"Olga Pietraszewska"},"media":{"full":"https:\/\/triny.pl\/blog\/wp-content\/uploads\/2019\/03\/akcesoria-zero-waste.jpeg","desktop":"https:\/\/triny.pl\/blog\/wp-content\/uploads\/2019\/03\/akcesoria-zero-waste-505x250.jpeg","mobile":"https:\/\/triny.pl\/blog\/wp-content\/uploads\/2019\/03\/akcesoria-zero-waste-375x190.jpeg"},"_links":{"self":[{"href":"https:\/\/triny.pl\/blog\/wp-json\/wp\/v2\/posts\/11395"}],"collection":[{"href":"https:\/\/triny.pl\/blog\/wp-json\/wp\/v2\/posts"}],"about":[{"href":"https:\/\/triny.pl\/blog\/wp-json\/wp\/v2\/types\/post"}],"author":[{"embeddable":true,"href":"https:\/\/triny.pl\/blog\/wp-json\/wp\/v2\/users\/6"}],"replies":[{"embeddable":true,"href":"https:\/\/triny.pl\/blog\/wp-json\/wp\/v2\/comments?post=11395"}],"version-history":[{"count":24,"href":"https:\/\/triny.pl\/blog\/wp-json\/wp\/v2\/posts\/11395\/revisions"}],"predecessor-version":[{"id":27467,"href":"https:\/\/triny.pl\/blog\/wp-json\/wp\/v2\/posts\/11395\/revisions\/27467"}],"wp:featuredmedia":[{"embeddable":true,"href":"https:\/\/triny.pl\/blog\/wp-json\/wp\/v2\/media\/19856"}],"wp:attachment":[{"href":"https:\/\/triny.pl\/blog\/wp-json\/wp\/v2\/media?parent=11395"}],"wp:term":[{"taxonomy":"category","embeddable":true,"href":"https:\/\/triny.pl\/blog\/wp-json\/wp\/v2\/categories?post=11395"},{"taxonomy":"post_tag","embeddable":true,"href":"https:\/\/triny.pl\/blog\/wp-json\/wp\/v2\/tags?post=11395"}],"curies":[{"name":"wp","href":"https:\/\/api.w.org\/{rel}","templated":true}]}}