{"id":12849,"date":"2022-11-10T10:13:00","date_gmt":"2022-11-10T09:13:00","guid":{"rendered":"https:\/\/triny.pl\/blog\/?p=12849"},"modified":"2023-09-01T10:04:35","modified_gmt":"2023-09-01T08:04:35","slug":"balsam-do-ciala-na-jesien-i-zime-jak-wybrac-najlepszy-polecane-produkty-i-rekomendacje","status":"publish","type":"post","link":"https:\/\/triny.pl\/blog\/balsam-do-ciala-na-jesien-i-zime-jak-wybrac-najlepszy-polecane-produkty-i-rekomendacje\/","title":{"rendered":"Balsam do cia\u0142a na jesie\u0144 i zim\u0119 &#8211; jak wybra\u0107 najlepszy? Polecane produkty i rekomendacje"},"content":{"rendered":"\n<p>Jesieni\u0105 i zim\u0105 warto zadba\u0107 o odpowiednie nawil\u017cenie sk\u00f3ry ca\u0142ego cia\u0142a. Pomog\u0105 w tym odpowiednio dobrane balsam lub mas\u0142o do cia\u0142a, bogate w ro\u015blinne, naturalne sk\u0142adniki. Jak wybra\u0107 dobry balsam do cia\u0142a na jesie\u0144 i zim\u0119 i kt\u00f3re produkty warto mie\u0107 na uwadze? Dowiesz si\u0119 z dalszej cz\u0119\u015bci dzisiejszego wpisu.<\/p>\n\n\n\n<!--more-->\n\n\n\n<p>Balsam do cia\u0142a na jesie\u0144 i zim\u0119 powinien mie\u0107 bardziej tre\u015bciw\u0105 konsystencj\u0119 od balsamu stosowanego latem. Bardzo wa\u017cne jest, aby jego dzia\u0142anie opiera\u0142o si\u0119 nie tylko na nawil\u017caniu sk\u00f3ry, ale zapewnia\u0142o te\u017c ochron\u0119 przed niekorzystnym dzia\u0142aniem czynnik\u00f3w zewn\u0119trznych. Dlatego szukaj\u0105c balsamu lub mas\u0142a do cia\u0142a do jesienno-zimowej piel\u0119gnacji sk\u00f3ry, szczeg\u00f3ln\u0105 uwag\u0119 zwr\u00f3\u0107 na jego sk\u0142ad.<\/p>\n\n\n\n<h2 class=\"wp-block-heading\" id=\"co-powinien-zawierac-balsam-do-ciala-na-jesien-i-zime\">Co powinien zawiera\u0107 balsam do cia\u0142a na jesie\u0144 i zim\u0119?<\/h2>\n\n\n\n<p>Najwa\u017cniejszymi sk\u0142adnikami naturalnego balsamu do cia\u0142a, kt\u00f3ry b\u0119dzie dobrze sprawdza\u0142 si\u0119 w jesienno-zimowej piel\u0119gnacji sk\u00f3ry powinny by\u0107 <strong><a class=\"rank-math-link\" href=\"https:\/\/triny.pl\/202-olejki-i-masla-do-twarzy\">oleje ro\u015blinne<\/a><\/strong>. Jak ju\u017c wiesz, oleje s\u0105 niezwykle cennym \u017ar\u00f3d\u0142em niezb\u0119dnych nienasyconych kwas\u00f3w t\u0142uszczowych i witamin. Zapewniaj\u0105 sk\u00f3rze ochron\u0119 przed niekorzystnym dzia\u0142aniem czynnik\u00f3w zewn\u0119trznych, dbaj\u0105 o odpowiedni poziom jej nawil\u017cenia, \u0142agodz\u0105 podra\u017cnienia i wspieraj\u0105 naturalne procesy regeneracji nask\u00f3rka.<\/p>\n\n\n\n<h3 class=\"wp-block-heading\">Jakie s\u0105 najcenniejsze sk\u0142adniki naturalne w balsamie?<\/h3>\n\n\n\n<ul>\n<li>mas\u0142o shea<\/li>\n\n\n\n<li>olej z awokado<\/li>\n\n\n\n<li>mas\u0142o kakaowe<\/li>\n\n\n\n<li>olej z pestek winogron<\/li>\n\n\n\n<li>mas\u0142o mango<\/li>\n\n\n\n<li>olej arganowy<\/li>\n\n\n\n<li>mas\u0142o kokosowe<\/li>\n\n\n\n<li>olej ze s\u0142odkich migda\u0142\u00f3w<\/li>\n\n\n\n<li>wosk\/olej jojoba<\/li>\n<\/ul>\n\n\n\n<p>Chcesz wzbogaci\u0107 zimow\u0105 piel\u0119gnacj\u0119 sk\u00f3ry olejami? W tym wpisie podpowiadam, kt\u00f3ry olejek ro\u015blinny na zim\u0119 wybra\u0107:<\/p>\n\n\n\n<figure class=\"wp-block-embed is-type-wp-embed is-provider-blog-triny-pl wp-block-embed-blog-triny-pl\"><div class=\"wp-block-embed__wrapper\">\n<blockquote class=\"wp-embedded-content\" data-secret=\"lW8kzvGFhH\"><a href=\"https:\/\/triny.pl\/blog\/oleje-roslinne-na-zime\/\">Oleje ro\u015blinne na zim\u0119 &#8211; kt\u00f3re wybra\u0107 i dlaczego warto stosowa\u0107?<\/a><\/blockquote><iframe class=\"wp-embedded-content\" sandbox=\"allow-scripts\" security=\"restricted\" style=\"position: absolute; clip: rect(1px, 1px, 1px, 1px);\" title=\"&#8222;Oleje ro\u015blinne na zim\u0119 &#8211; kt\u00f3re wybra\u0107 i dlaczego warto stosowa\u0107?&#8221; &#8212; Blog Triny.pl\" src=\"https:\/\/triny.pl\/blog\/oleje-roslinne-na-zime\/embed\/#?secret=RyQpA6FZhI#?secret=lW8kzvGFhH\" data-secret=\"lW8kzvGFhH\" width=\"600\" height=\"338\" frameborder=\"0\" marginwidth=\"0\" marginheight=\"0\" scrolling=\"no\"><\/iframe>\n<\/div><\/figure>\n\n\n\n<p>Drug\u0105, niemniej cenn\u0105 grup\u0105 sk\u0142adnik\u00f3w s\u0105 <strong>ekstrakty ro\u015blinne. <\/strong>Pozyskuje si\u0119 je z zi\u00f3\u0142, owoc\u00f3w, kwiat\u00f3w, p\u0119d\u00f3w i innych cz\u0119\u015bci ro\u015blin. Ich zadaniem jest dostarczanie sk\u00f3rze sk\u0142adnik\u00f3w od\u017cywczych, \u0142agodzenie stan\u00f3w zapalnych, szybsza regeneracja podra\u017cnionego nask\u00f3rka, wzmacnianie naczy\u0144 krwiono\u015bnych i poprawa elastyczno\u015b\u0107 nask\u00f3rka.<\/p>\n\n\n\n<h3 class=\"wp-block-heading\">Jakie s\u0105 najcz\u0119\u015bciej stosowane ekstrakty ro\u015blinne w balsamach i mas\u0142ach do cia\u0142a?<\/h3>\n\n\n\n<ul>\n<li>ekstrakt z aloesu<\/li>\n\n\n\n<li>wyci\u0105g\/ekstrakt z rumianku<\/li>\n\n\n\n<li>ekstrakt zielonej herbaty<\/li>\n\n\n\n<li>wyci\u0105g\/ekstrakt z rumianku<\/li>\n\n\n\n<li>ekstrakt z malwy<\/li>\n<\/ul>\n\n\n\n<p>W balsamach i mas\u0142ach do cia\u0142a warto szuka\u0107 te\u017c dodatku <strong>olejk\u00f3w eterycznych<\/strong>, kt\u00f3re nie tylko pi\u0119knie pachn\u0105, ale maj\u0105 te\u017c dzia\u0142anie piel\u0119gnacyjne. W jesiennej i zimowej piel\u0119gnacji sk\u00f3ry \u015bwietnie sprawdzaj\u0105 si\u0119 te\u017c <strong>kosmetyki z dodatkiem miodu, kwasu hialuronowego, wosku pszczelego, witaminy E, mocznika, gliceryny i niacynamidu<\/strong>. Bardzo cenne s\u0105 te\u017c kosmetyki z \u0142agodz\u0105cymi podra\u017cnienia <strong>alantoin\u0105 i d-panthenolem<\/strong> oraz wyg\u0142adzaj\u0105cym sk\u00f3r\u0119 <strong>skwalanem<\/strong>.<\/p>\n\n\n<div class=\"wp-block-image\">\n<figure class=\"aligncenter\"><picture><source media=\"(max-width: 450px)\" data-srcset=\"https:\/\/triny.pl\/blog\/wp-content\/uploads\/2019\/10\/roksolana-zasiadko-cmpvbar1qzk-unsplash-375x250.jpg\"><img data-src=\"https:\/\/triny.pl\/blog\/wp-content\/uploads\/2019\/10\/roksolana-zasiadko-cmpvbar1qzk-unsplash-684x456.jpg\" class=\"wp-image-12856 lazyload\" alt=\"Balsam do cia\u0142a jak wybra\u0107\"><\/picture><\/figure><\/div>\n\n\n<h2 class=\"wp-block-heading\">Jakich sk\u0142adnik\u00f3w w balsamach i mas\u0142ach do cia\u0142a unika\u0107?<\/h2>\n\n\n\n<p>Aby balsam dobrze nawil\u017ca\u0142 sk\u00f3r\u0119, a jednocze\u015bnie dostarcza\u0142 jej sk\u0142adniki od\u017cywcze i zapewnia\u0142 ochron\u0119 przed niekorzystnym dzia\u0142aniem czynnik\u00f3w zewn\u0119trznych, nie powinien zawiera\u0107:<\/p>\n\n\n\n<ul>\n<li>parafiny i olej\u00f3w mineralnych<\/li>\n\n\n\n<li>silikon\u00f3w<\/li>\n\n\n\n<li>formaldehydu i donor\u00f3w formaldehydu<\/li>\n\n\n\n<li>silnych, syntetycznych konserwant\u00f3w<\/li>\n\n\n\n<li>alkoholu denaturowanego<\/li>\n\n\n\n<li>syntetycznych barwnik\u00f3w<\/li>\n\n\n\n<li>sztucznych substancji zapachowych<\/li>\n<\/ul>\n\n\n\n<p>W przypadku substancji zapachowych i konserwant\u00f3w kluczowe miejsce dla dzia\u0142ania balsamu ma ich miejsce w sk\u0142adzie. Zasada jest taka, \u017ce im wy\u017cej znajduj\u0105 si\u0119 w sk\u0142adzie kosmetyku, tym s\u0142absze jest dzia\u0142anie substancji aktywnych znajduj\u0105cych si\u0119 na dalszych pozycjach.<\/p>\n\n\n\n<p class=\"tip\">Pami\u0119taj o tym i wybieraj\u0105c balsam lub mas\u0142o do cia\u0142a (oraz inne kosmetyki piel\u0119gnacyjne), aby sprawdza\u0107, czy sk\u0142adniki aktywne znajduj\u0105 si\u0119 przed substancjami zapachowymi i konserwantami.<\/p>\n\n\n\n<p><strong>Przeczytaj r\u00f3wnie\u017c:<\/strong><\/p>\n\n\n\n<figure class=\"wp-block-embed is-type-wp-embed is-provider-blog-triny-pl wp-block-embed-blog-triny-pl\"><div class=\"wp-block-embed__wrapper\">\n<blockquote class=\"wp-embedded-content\" data-secret=\"NC0SoazMeT\"><a href=\"https:\/\/triny.pl\/blog\/jak-kupic-dobry-balsam-do-ciala\/\">Jak kupi\u0107 dobry balsam do cia\u0142a?<\/a><\/blockquote><iframe class=\"wp-embedded-content\" sandbox=\"allow-scripts\" security=\"restricted\" style=\"position: absolute; clip: rect(1px, 1px, 1px, 1px);\" title=\"&#8222;Jak kupi\u0107 dobry balsam do cia\u0142a?&#8221; &#8212; Blog Triny.pl\" src=\"https:\/\/triny.pl\/blog\/jak-kupic-dobry-balsam-do-ciala\/embed\/#?secret=JRjKGS8mSa#?secret=NC0SoazMeT\" data-secret=\"NC0SoazMeT\" width=\"600\" height=\"338\" frameborder=\"0\" marginwidth=\"0\" marginheight=\"0\" scrolling=\"no\"><\/iframe>\n<\/div><\/figure>\n\n\n\n<h2 class=\"wp-block-heading\" id=\"dobry-balsam-do-ciala-na-jesien-i-zime\">Dobry balsam do cia\u0142a na jesie\u0144 i zim\u0119<\/h2>\n\n\n\n<p>Jak ju\u017c wspomnia\u0142am, balsam do cia\u0142a na jesie\u0144 i zim\u0119 powinien mie\u0107 bardziej tre\u015bciw\u0105 konsystencj\u0119 od balsamu stosowanego latem. Mo\u017ce si\u0119 jednak zdarzy\u0107, \u017ce producentowi balsamu uda si\u0119 utrzyma\u0107 lekk\u0105 formu\u0142\u0119 balsamu pomimo jego bogatego sk\u0142adu. Taki balsam b\u0119dzie super wyborem, bo nie do\u015b\u0107, \u017ce b\u0119dzie przyjemny w aplikacji, to jeszcze zapewni sk\u00f3rze wszystko to, czego ta potrzebuje w jesienno-zimowej piel\u0119gnacji.<\/p>\n\n\n\n<p>Doskona\u0142ym wyborem b\u0119d\u0105 te\u017c balsamy do cia\u0142a, w kt\u00f3rych faza wodna zosta\u0142a zast\u0105piona hydrolatami, lub ca\u0142kowicie pomini\u0119ta. W tym drugim przypadku b\u0119dziesz mia\u0142a ju\u017c do czynienia z mas\u0142em do cia\u0142a, o bardziej nat\u0142uszczaj\u0105cej i od\u017cywczej formule.<\/p>\n\n\n\n<p class=\"note\">Mas\u0142a do cia\u0142a to \u015bwietny wyb\u00f3r do jesienno-zimowej piel\u0119gnacji sk\u00f3ry. Sprawdz\u0105 si\u0119 szczeg\u00f3lnie u os\u00f3b z bardzo such\u0105, podatn\u0105 na dzia\u0142anie czynnik\u00f3w zewn\u0119trznych i wra\u017cliw\u0105 sk\u00f3r\u0105.<\/p>\n\n\n\n<h2 class=\"wp-block-heading\" id=\"balsam-do-ciala-na-jesien-i-zime-moje-typy\">Balsam do cia\u0142a na jesie\u0144 i zim\u0119 &#8211; moje typy<\/h2>\n\n\n<section class=\"slider-collage-carousel\" data-id=\"8272, 13199, 12579, 12525\"><ul class=\"collage collage-slider\"><li class=\"item\"><a href=\"https:\/\/triny.pl\/8272-e-fiore-balsam-do-ciala-zmiekczajaco-nawilzajacy.html\" target=\"_blank\"><picture><source srcset=\"https:\/\/static.triny.pl\/img\/p\/1\/3\/5\/9\/4\/13594-thickbox_default.webp\"  type=\"image\/webp\"><source srcset=\"https:\/\/static.triny.pl\/img\/p\/1\/3\/5\/9\/4\/13594-thickbox_default.jpg\"  type=\"image\/jpeg\"><img src=\"https:\/\/triny.pl\/blog\/wp-content\/themes\/triny\/assets\/img\/placeholder-600x600.png\" data-src=\"https:\/\/static.triny.pl\/img\/p\/1\/3\/5\/9\/4\/13594-thickbox_default.jpg\" class=\"tns-lazy-img\" alt=\"Balsam do cia\u0142a zmi\u0119kczaj\u0105co-nawil\u017caj\u0105cy\"><\/picture><div class=\"brand\">E-FIORE<\/div><div class=\"title\">Balsam do cia\u0142a zmi\u0119kczaj\u0105co-nawil\u017caj\u0105cy<\/div><\/a><a class=\"slider-collage-carousel__btn read-more-button\" href=\"https:\/\/triny.pl\/8272-e-fiore-balsam-do-ciala-zmiekczajaco-nawilzajacy.html\" target=\"_blank\">Zobacz<\/a><\/li><li class=\"item\"><a href=\"https:\/\/triny.pl\/13199-yope-balsam-do-ciala-zimowa-noc.html\" target=\"_blank\"><picture><source srcset=\"https:\/\/static.triny.pl\/img\/p\/2\/2\/0\/2\/6\/22026-thickbox_default.webp\"  type=\"image\/webp\"><source srcset=\"https:\/\/static.triny.pl\/img\/p\/2\/2\/0\/2\/6\/22026-thickbox_default.jpg\"  type=\"image\/jpeg\"><img src=\"https:\/\/triny.pl\/blog\/wp-content\/themes\/triny\/assets\/img\/placeholder-600x600.png\" data-src=\"https:\/\/static.triny.pl\/img\/p\/2\/2\/0\/2\/6\/22026-thickbox_default.jpg\" class=\"tns-lazy-img\" alt=\"Balsam do cia\u0142a Zimowa Noc\"><\/picture><div class=\"brand\">Yope<\/div><div class=\"title\">Balsam do cia\u0142a Zimowa Noc<\/div><\/a><a class=\"slider-collage-carousel__btn read-more-button\" href=\"https:\/\/triny.pl\/13199-yope-balsam-do-ciala-zimowa-noc.html\" target=\"_blank\">Zobacz<\/a><\/li><li class=\"item\"><a href=\"https:\/\/triny.pl\/12579-altruist-dry-skin-repair-cream-regenerujacy-krem-do-skory-suchej-z-10-mocznikiem.html\" target=\"_blank\"><picture><source srcset=\"https:\/\/static.triny.pl\/img\/p\/2\/0\/7\/0\/7\/20707-thickbox_default.webp\"  type=\"image\/webp\"><source srcset=\"https:\/\/static.triny.pl\/img\/p\/2\/0\/7\/0\/7\/20707-thickbox_default.jpg\"  type=\"image\/jpeg\"><img src=\"https:\/\/triny.pl\/blog\/wp-content\/themes\/triny\/assets\/img\/placeholder-600x600.png\" data-src=\"https:\/\/static.triny.pl\/img\/p\/2\/0\/7\/0\/7\/20707-thickbox_default.jpg\" class=\"tns-lazy-img\" alt=\"Dry Skin Repair Cream &#8211; regeneruj\u0105cy krem do sk\u00f3ry suchej z 10% mocznikiem\"><\/picture><div class=\"brand\">Altruist<\/div><div class=\"title\">Dry Skin Repair Cream &#8211; regeneruj\u0105cy krem do sk\u00f3ry suchej z 10% mocznikiem<\/div><\/a><a class=\"slider-collage-carousel__btn read-more-button\" href=\"https:\/\/triny.pl\/12579-altruist-dry-skin-repair-cream-regenerujacy-krem-do-skory-suchej-z-10-mocznikiem.html\" target=\"_blank\">Zobacz<\/a><\/li><li class=\"item\"><a href=\"https:\/\/triny.pl\/12525-eeny-meeny-kojacy-balsam-regenerujacy.html\" target=\"_blank\"><picture><source srcset=\"https:\/\/static.triny.pl\/img\/p\/2\/0\/6\/3\/7\/20637-thickbox_default.webp\"  type=\"image\/webp\"><source srcset=\"https:\/\/static.triny.pl\/img\/p\/2\/0\/6\/3\/7\/20637-thickbox_default.jpg\"  type=\"image\/jpeg\"><img src=\"https:\/\/triny.pl\/blog\/wp-content\/themes\/triny\/assets\/img\/placeholder-600x600.png\" data-src=\"https:\/\/static.triny.pl\/img\/p\/2\/0\/6\/3\/7\/20637-thickbox_default.jpg\" class=\"tns-lazy-img\" alt=\"Koj\u0105cy balsam regeneruj\u0105cy\"><\/picture><div class=\"brand\">Eeny Meeny<\/div><div class=\"title\">Koj\u0105cy balsam regeneruj\u0105cy<\/div><\/a><a class=\"slider-collage-carousel__btn read-more-button\" href=\"https:\/\/triny.pl\/12525-eeny-meeny-kojacy-balsam-regenerujacy.html\" target=\"_blank\">Zobacz<\/a><\/li><\/ul><\/section>\n\n\n\n<h2 class=\"wp-block-heading\" id=\"maslo-do-ciala-na-jesien-i-zime-moi-faworyci\">Mas\u0142o do cia\u0142a na jesie\u0144 i zim\u0119 &#8211; moi faworyci<\/h2>\n\n\n<section class=\"slider-collage-carousel\" data-id=\"2950, 12891\"><ul class=\"collage collage-slider\"><li class=\"item\"><a href=\"https:\/\/triny.pl\/2950-vianek-niebieski-intensywnie-nawilzajace-maslo-do-ciala.html\" target=\"_blank\"><picture><source srcset=\"https:\/\/static.triny.pl\/img\/p\/7\/5\/4\/0\/7540-thickbox_default.webp\"  type=\"image\/webp\"><source srcset=\"https:\/\/static.triny.pl\/img\/p\/7\/5\/4\/0\/7540-thickbox_default.jpg\"  type=\"image\/jpeg\"><img src=\"https:\/\/triny.pl\/blog\/wp-content\/themes\/triny\/assets\/img\/placeholder-600x600.png\" data-src=\"https:\/\/static.triny.pl\/img\/p\/7\/5\/4\/0\/7540-thickbox_default.jpg\" class=\"tns-lazy-img\" alt=\"Intensywnie nawil\u017caj\u0105ce mas\u0142o do cia\u0142a\"><\/picture><div class=\"brand\">Vianek<\/div><div class=\"title\">Intensywnie nawil\u017caj\u0105ce mas\u0142o do cia\u0142a<\/div><\/a><a class=\"slider-collage-carousel__btn read-more-button\" href=\"https:\/\/triny.pl\/2950-vianek-niebieski-intensywnie-nawilzajace-maslo-do-ciala.html\" target=\"_blank\">Zobacz<\/a><\/li><\/ul><\/section>\n\n\n\n<p><\/p>\n\n\n\n<div class=\"wp-block-buttons is-horizontal is-content-justification-center is-layout-flex wp-container-1 wp-block-buttons-is-layout-flex\">\n<div class=\"wp-block-button\"><a class=\"wp-block-button__link wp-element-button\" href=\"https:\/\/triny.pl\/354-nawilzanie-ciala\">Zobacz wi\u0119cej kosmetyk\u00f3w do nawil\u017cania cia\u0142a<\/a><\/div>\n<\/div>\n\n\n\n<h2 class=\"wp-block-heading\" id=\"podsumowanie\">Podsumowanie<\/h2>\n\n\n\n<p>Wybieraj\u0105c balsam do cia\u0142a na jesie\u0144 i zim\u0119 wybierz taki, kt\u00f3rego zapach zadba o Twoje dobre samopoczucie. Szczeg\u00f3lnie zim\u0105 warto otacza\u0107 si\u0119 otulaj\u0105cymi, korzennymi zapachami z cytrusow\u0105 nut\u0105. Je\u015bli kupiony balsam oka\u017ce si\u0119 za s\u0142aby i nie b\u0119dzie odpowiednio nawil\u017ca\u0142 Twojej sk\u00f3ry, dodaj do niego kilka kropli kwasu hialuronowego. Mo\u017cesz te\u017c wzmocni\u0107 jego dzia\u0142anie olejem ro\u015blinnym. Pami\u0119taj te\u017c o tym, by <a href=\"https:\/\/triny.pl\/blog\/woda-pij-dla-zdrowia-i-pieknej-skory\/\">pi\u0107 odpowiedni\u0105 ilo\u015b\u0107 wody<\/a>. Jesieni\u0105 i zim\u0105 bywa to trudne, bo mamy mniejsze pragnienie. Ale pami\u0119taj, \u017ce odpowiednie nawodnienie organizmu to lepiej nawil\u017cona i bardziej spr\u0119\u017cysta sk\u00f3ra.<\/p>\n\n\n\n<p>Na koniec podsuwam Ci kilka porad dotycz\u0105cych jesiennej piel\u0119gnacji sk\u00f3ry:<\/p>\n\n\n\n<figure class=\"wp-block-embed is-type-wp-embed is-provider-blog-triny-pl wp-block-embed-blog-triny-pl\"><div class=\"wp-block-embed__wrapper\">\n<blockquote class=\"wp-embedded-content\" data-secret=\"9WML1dwVjS\"><a href=\"https:\/\/triny.pl\/blog\/jesienna-pielegnacja-skory\/\">Jesienna piel\u0119gnacja sk\u00f3ry<\/a><\/blockquote><iframe class=\"wp-embedded-content\" sandbox=\"allow-scripts\" security=\"restricted\" style=\"position: absolute; clip: rect(1px, 1px, 1px, 1px);\" title=\"&#8222;Jesienna piel\u0119gnacja sk\u00f3ry&#8221; &#8212; Blog Triny.pl\" src=\"https:\/\/triny.pl\/blog\/jesienna-pielegnacja-skory\/embed\/#?secret=dd6OlJVI9U#?secret=9WML1dwVjS\" data-secret=\"9WML1dwVjS\" width=\"600\" height=\"338\" frameborder=\"0\" marginwidth=\"0\" marginheight=\"0\" scrolling=\"no\"><\/iframe>\n<\/div><\/figure>\n\n\n\n<p><strong>A teraz ch\u0119tnie poznam Twoje ulubione balsamy do cia\u0142a na sezon jesienno-zimowy \ud83d\ude42<\/strong><\/p>\n","protected":false},"excerpt":{"rendered":"<p>Jesieni\u0105 i zim\u0105 warto zadba\u0107 o odpowiednie nawil\u017cenie sk\u00f3ry ca\u0142ego cia\u0142a. Pomog\u0105 w tym odpowiednio dobrane balsam lub mas\u0142o do cia\u0142a,&#8230;<\/p>\n","protected":false},"author":6,"featured_media":19836,"comment_status":"open","ping_status":"open","sticky":false,"template":"","format":"standard","meta":{"footnotes":""},"categories":[36],"tags":[8039],"acf":[],"yoast_head":"<!-- This site is optimized with the Yoast SEO plugin v21.1 - https:\/\/yoast.com\/wordpress\/plugins\/seo\/ -->\n<title>Balsam do cia\u0142a na jesie\u0144 i zim\u0119 - przegl\u0105d najlepszych balsam\u00f3w do cia\u0142a<\/title>\n<meta name=\"description\" content=\"Balsam do cia\u0142a na jesie\u0144 i zim\u0119 powinien mie\u0107 bogaty, od\u017cywczy sk\u0142ad i dobrze nawil\u017ca\u0107 sk\u00f3r\u0119. Jaki naturalny balsam do cia\u0142a na jesie\u0144 polecam?\" \/>\n<meta name=\"robots\" content=\"index, follow, max-snippet:-1, max-image-preview:large, max-video-preview:-1\" \/>\n<link rel=\"canonical\" href=\"https:\/\/triny.pl\/blog\/balsam-do-ciala-na-jesien-i-zime-jak-wybrac-najlepszy-polecane-produkty-i-rekomendacje\/\" \/>\n<meta property=\"og:locale\" content=\"pl_PL\" \/>\n<meta property=\"og:type\" content=\"article\" \/>\n<meta property=\"og:title\" content=\"Balsam do cia\u0142a na jesie\u0144 i zim\u0119 - przegl\u0105d najlepszych balsam\u00f3w do cia\u0142a\" \/>\n<meta property=\"og:description\" content=\"Balsam do cia\u0142a na jesie\u0144 i zim\u0119 powinien mie\u0107 bogaty, od\u017cywczy sk\u0142ad i dobrze nawil\u017ca\u0107 sk\u00f3r\u0119. Jaki naturalny balsam do cia\u0142a na jesie\u0144 polecam?\" \/>\n<meta property=\"og:url\" content=\"https:\/\/triny.pl\/blog\/balsam-do-ciala-na-jesien-i-zime-jak-wybrac-najlepszy-polecane-produkty-i-rekomendacje\/\" \/>\n<meta property=\"og:site_name\" content=\"Blog Triny.pl\" \/>\n<meta property=\"article:publisher\" content=\"https:\/\/www.facebook.com\/trinysklep\" \/>\n<meta property=\"article:published_time\" content=\"2022-11-10T09:13:00+00:00\" \/>\n<meta property=\"article:modified_time\" content=\"2023-09-01T08:04:35+00:00\" \/>\n<meta property=\"og:image\" content=\"https:\/\/triny.pl\/blog\/wp-content\/uploads\/2019\/10\/balsam-jesien-zima.jpeg\" \/>\n\t<meta property=\"og:image:width\" content=\"1200\" \/>\n\t<meta property=\"og:image:height\" content=\"800\" \/>\n\t<meta property=\"og:image:type\" content=\"image\/jpeg\" \/>\n<meta name=\"author\" content=\"Olga Pietraszewska\" \/>\n<meta name=\"twitter:label1\" content=\"Napisane przez\" \/>\n\t<meta name=\"twitter:data1\" content=\"Olga Pietraszewska\" \/>\n\t<meta name=\"twitter:label2\" content=\"Szacowany czas czytania\" \/>\n\t<meta name=\"twitter:data2\" content=\"6 minut\" \/>\n<script type=\"application\/ld+json\" class=\"yoast-schema-graph\">{\"@context\":\"https:\/\/schema.org\",\"@graph\":[{\"@type\":\"Article\",\"@id\":\"https:\/\/triny.pl\/blog\/balsam-do-ciala-na-jesien-i-zime-jak-wybrac-najlepszy-polecane-produkty-i-rekomendacje\/#article\",\"isPartOf\":{\"@id\":\"https:\/\/triny.pl\/blog\/balsam-do-ciala-na-jesien-i-zime-jak-wybrac-najlepszy-polecane-produkty-i-rekomendacje\/\"},\"author\":{\"name\":\"Olga Pietraszewska\",\"@id\":\"https:\/\/triny.pl\/blog\/#\/schema\/person\/627fca485014bc94ba34ced7dc5dd756\"},\"headline\":\"Balsam do cia\u0142a na jesie\u0144 i zim\u0119 &#8211; jak wybra\u0107 najlepszy? Polecane produkty i rekomendacje\",\"datePublished\":\"2022-11-10T09:13:00+00:00\",\"dateModified\":\"2023-09-01T08:04:35+00:00\",\"mainEntityOfPage\":{\"@id\":\"https:\/\/triny.pl\/blog\/balsam-do-ciala-na-jesien-i-zime-jak-wybrac-najlepszy-polecane-produkty-i-rekomendacje\/\"},\"wordCount\":966,\"commentCount\":0,\"publisher\":{\"@id\":\"https:\/\/triny.pl\/blog\/#organization\"},\"keywords\":[\"piel\u0119gnacja jesieni\u0105\"],\"articleSection\":[\"Piel\u0119gnacja cia\u0142a - naturalnie\"],\"inLanguage\":\"pl-PL\",\"potentialAction\":[{\"@type\":\"CommentAction\",\"name\":\"Comment\",\"target\":[\"https:\/\/triny.pl\/blog\/balsam-do-ciala-na-jesien-i-zime-jak-wybrac-najlepszy-polecane-produkty-i-rekomendacje\/#respond\"]}]},{\"@type\":\"WebPage\",\"@id\":\"https:\/\/triny.pl\/blog\/balsam-do-ciala-na-jesien-i-zime-jak-wybrac-najlepszy-polecane-produkty-i-rekomendacje\/\",\"url\":\"https:\/\/triny.pl\/blog\/balsam-do-ciala-na-jesien-i-zime-jak-wybrac-najlepszy-polecane-produkty-i-rekomendacje\/\",\"name\":\"Balsam do cia\u0142a na jesie\u0144 i zim\u0119 - przegl\u0105d najlepszych balsam\u00f3w do cia\u0142a\",\"isPartOf\":{\"@id\":\"https:\/\/triny.pl\/blog\/#website\"},\"datePublished\":\"2022-11-10T09:13:00+00:00\",\"dateModified\":\"2023-09-01T08:04:35+00:00\",\"description\":\"Balsam do cia\u0142a na jesie\u0144 i zim\u0119 powinien mie\u0107 bogaty, od\u017cywczy sk\u0142ad i dobrze nawil\u017ca\u0107 sk\u00f3r\u0119. Jaki naturalny balsam do cia\u0142a na jesie\u0144 polecam?\",\"breadcrumb\":{\"@id\":\"https:\/\/triny.pl\/blog\/balsam-do-ciala-na-jesien-i-zime-jak-wybrac-najlepszy-polecane-produkty-i-rekomendacje\/#breadcrumb\"},\"inLanguage\":\"pl-PL\",\"potentialAction\":[{\"@type\":\"ReadAction\",\"target\":[\"https:\/\/triny.pl\/blog\/balsam-do-ciala-na-jesien-i-zime-jak-wybrac-najlepszy-polecane-produkty-i-rekomendacje\/\"]}]},{\"@type\":\"BreadcrumbList\",\"@id\":\"https:\/\/triny.pl\/blog\/balsam-do-ciala-na-jesien-i-zime-jak-wybrac-najlepszy-polecane-produkty-i-rekomendacje\/#breadcrumb\",\"itemListElement\":[{\"@type\":\"ListItem\",\"position\":1,\"name\":\"Strona g\u0142\u00f3wna\",\"item\":\"https:\/\/triny.pl\/blog\/\"},{\"@type\":\"ListItem\",\"position\":2,\"name\":\"Balsam do cia\u0142a na jesie\u0144 i zim\u0119 &#8211; jak wybra\u0107 najlepszy? Polecane produkty i rekomendacje\"}]},{\"@type\":\"WebSite\",\"@id\":\"https:\/\/triny.pl\/blog\/#website\",\"url\":\"https:\/\/triny.pl\/blog\/\",\"name\":\"Blog Triny.pl\",\"description\":\"Naturalna piel\u0119gnacja bez tajemnic! Pokazujemy jak dba\u0107 o cia\u0142o i w\u0142osy dla optymalnych, d\u0142ugotrwa\u0142ych efekt\u00f3w. Sprawd\u017a te ma\u0142o znane triki :)\",\"publisher\":{\"@id\":\"https:\/\/triny.pl\/blog\/#organization\"},\"potentialAction\":[{\"@type\":\"SearchAction\",\"target\":{\"@type\":\"EntryPoint\",\"urlTemplate\":\"https:\/\/triny.pl\/blog\/?s={search_term_string}\"},\"query-input\":\"required name=search_term_string\"}],\"inLanguage\":\"pl-PL\"},{\"@type\":\"Organization\",\"@id\":\"https:\/\/triny.pl\/blog\/#organization\",\"name\":\"Triny Sp. z o. o.\",\"url\":\"https:\/\/triny.pl\/blog\/\",\"logo\":{\"@type\":\"ImageObject\",\"inLanguage\":\"pl-PL\",\"@id\":\"https:\/\/triny.pl\/blog\/#\/schema\/logo\/image\/\",\"url\":\"https:\/\/triny.pl\/blog\/wp-content\/uploads\/2020\/08\/logo-triny.png\",\"contentUrl\":\"https:\/\/triny.pl\/blog\/wp-content\/uploads\/2020\/08\/logo-triny.png\",\"width\":190,\"height\":78,\"caption\":\"Triny Sp. z o. o.\"},\"image\":{\"@id\":\"https:\/\/triny.pl\/blog\/#\/schema\/logo\/image\/\"},\"sameAs\":[\"https:\/\/www.facebook.com\/trinysklep\",\"https:\/\/www.instagram.com\/trinysklep\/\",\"https:\/\/pl.pinterest.com\/trinypl\/_created\/\"]},{\"@type\":\"Person\",\"@id\":\"https:\/\/triny.pl\/blog\/#\/schema\/person\/627fca485014bc94ba34ced7dc5dd756\",\"name\":\"Olga Pietraszewska\",\"description\":\"Witaj! Nazywam si\u0119 Olga Pietraszewska. Jestem autork\u0105 bloga Makehappyday.com, pasjonatk\u0105 i propagatork\u0105 naturalnej piel\u0119gnacji oraz zdrowego stylu \u017cycia. Z wykszta\u0142cenia politolog, z zawodu dziennikarka i copywriterka. Je\u015bli akurat nie pisz\u0119, to najpewniej oddaj\u0119 si\u0119 roli \u017cony i mamy, czytam ksi\u0105\u017cki, piek\u0119 chleb, albo spaceruj\u0119, podziwiaj\u0105c malownicze okolice pi\u0119knej Norwegii.\",\"url\":\"https:\/\/triny.pl\/blog\/author\/olga-pietraszewska\/\"}]}<\/script>\n<!-- \/ Yoast SEO plugin. -->","yoast_head_json":{"title":"Balsam do cia\u0142a na jesie\u0144 i zim\u0119 - przegl\u0105d najlepszych balsam\u00f3w do cia\u0142a","description":"Balsam do cia\u0142a na jesie\u0144 i zim\u0119 powinien mie\u0107 bogaty, od\u017cywczy sk\u0142ad i dobrze nawil\u017ca\u0107 sk\u00f3r\u0119. Jaki naturalny balsam do cia\u0142a na jesie\u0144 polecam?","robots":{"index":"index","follow":"follow","max-snippet":"max-snippet:-1","max-image-preview":"max-image-preview:large","max-video-preview":"max-video-preview:-1"},"canonical":"https:\/\/triny.pl\/blog\/balsam-do-ciala-na-jesien-i-zime-jak-wybrac-najlepszy-polecane-produkty-i-rekomendacje\/","og_locale":"pl_PL","og_type":"article","og_title":"Balsam do cia\u0142a na jesie\u0144 i zim\u0119 - przegl\u0105d najlepszych balsam\u00f3w do cia\u0142a","og_description":"Balsam do cia\u0142a na jesie\u0144 i zim\u0119 powinien mie\u0107 bogaty, od\u017cywczy sk\u0142ad i dobrze nawil\u017ca\u0107 sk\u00f3r\u0119. Jaki naturalny balsam do cia\u0142a na jesie\u0144 polecam?","og_url":"https:\/\/triny.pl\/blog\/balsam-do-ciala-na-jesien-i-zime-jak-wybrac-najlepszy-polecane-produkty-i-rekomendacje\/","og_site_name":"Blog Triny.pl","article_publisher":"https:\/\/www.facebook.com\/trinysklep","article_published_time":"2022-11-10T09:13:00+00:00","article_modified_time":"2023-09-01T08:04:35+00:00","og_image":[{"width":1200,"height":800,"url":"https:\/\/triny.pl\/blog\/wp-content\/uploads\/2019\/10\/balsam-jesien-zima.jpeg","type":"image\/jpeg"}],"author":"Olga Pietraszewska","twitter_misc":{"Napisane przez":"Olga Pietraszewska","Szacowany czas czytania":"6 minut"},"schema":{"@context":"https:\/\/schema.org","@graph":[{"@type":"Article","@id":"https:\/\/triny.pl\/blog\/balsam-do-ciala-na-jesien-i-zime-jak-wybrac-najlepszy-polecane-produkty-i-rekomendacje\/#article","isPartOf":{"@id":"https:\/\/triny.pl\/blog\/balsam-do-ciala-na-jesien-i-zime-jak-wybrac-najlepszy-polecane-produkty-i-rekomendacje\/"},"author":{"name":"Olga Pietraszewska","@id":"https:\/\/triny.pl\/blog\/#\/schema\/person\/627fca485014bc94ba34ced7dc5dd756"},"headline":"Balsam do cia\u0142a na jesie\u0144 i zim\u0119 &#8211; jak wybra\u0107 najlepszy? Polecane produkty i rekomendacje","datePublished":"2022-11-10T09:13:00+00:00","dateModified":"2023-09-01T08:04:35+00:00","mainEntityOfPage":{"@id":"https:\/\/triny.pl\/blog\/balsam-do-ciala-na-jesien-i-zime-jak-wybrac-najlepszy-polecane-produkty-i-rekomendacje\/"},"wordCount":966,"commentCount":0,"publisher":{"@id":"https:\/\/triny.pl\/blog\/#organization"},"keywords":["piel\u0119gnacja jesieni\u0105"],"articleSection":["Piel\u0119gnacja cia\u0142a - naturalnie"],"inLanguage":"pl-PL","potentialAction":[{"@type":"CommentAction","name":"Comment","target":["https:\/\/triny.pl\/blog\/balsam-do-ciala-na-jesien-i-zime-jak-wybrac-najlepszy-polecane-produkty-i-rekomendacje\/#respond"]}]},{"@type":"WebPage","@id":"https:\/\/triny.pl\/blog\/balsam-do-ciala-na-jesien-i-zime-jak-wybrac-najlepszy-polecane-produkty-i-rekomendacje\/","url":"https:\/\/triny.pl\/blog\/balsam-do-ciala-na-jesien-i-zime-jak-wybrac-najlepszy-polecane-produkty-i-rekomendacje\/","name":"Balsam do cia\u0142a na jesie\u0144 i zim\u0119 - przegl\u0105d najlepszych balsam\u00f3w do cia\u0142a","isPartOf":{"@id":"https:\/\/triny.pl\/blog\/#website"},"datePublished":"2022-11-10T09:13:00+00:00","dateModified":"2023-09-01T08:04:35+00:00","description":"Balsam do cia\u0142a na jesie\u0144 i zim\u0119 powinien mie\u0107 bogaty, od\u017cywczy sk\u0142ad i dobrze nawil\u017ca\u0107 sk\u00f3r\u0119. Jaki naturalny balsam do cia\u0142a na jesie\u0144 polecam?","breadcrumb":{"@id":"https:\/\/triny.pl\/blog\/balsam-do-ciala-na-jesien-i-zime-jak-wybrac-najlepszy-polecane-produkty-i-rekomendacje\/#breadcrumb"},"inLanguage":"pl-PL","potentialAction":[{"@type":"ReadAction","target":["https:\/\/triny.pl\/blog\/balsam-do-ciala-na-jesien-i-zime-jak-wybrac-najlepszy-polecane-produkty-i-rekomendacje\/"]}]},{"@type":"BreadcrumbList","@id":"https:\/\/triny.pl\/blog\/balsam-do-ciala-na-jesien-i-zime-jak-wybrac-najlepszy-polecane-produkty-i-rekomendacje\/#breadcrumb","itemListElement":[{"@type":"ListItem","position":1,"name":"Strona g\u0142\u00f3wna","item":"https:\/\/triny.pl\/blog\/"},{"@type":"ListItem","position":2,"name":"Balsam do cia\u0142a na jesie\u0144 i zim\u0119 &#8211; jak wybra\u0107 najlepszy? Polecane produkty i rekomendacje"}]},{"@type":"WebSite","@id":"https:\/\/triny.pl\/blog\/#website","url":"https:\/\/triny.pl\/blog\/","name":"Blog Triny.pl","description":"Naturalna piel\u0119gnacja bez tajemnic! Pokazujemy jak dba\u0107 o cia\u0142o i w\u0142osy dla optymalnych, d\u0142ugotrwa\u0142ych efekt\u00f3w. Sprawd\u017a te ma\u0142o znane triki :)","publisher":{"@id":"https:\/\/triny.pl\/blog\/#organization"},"potentialAction":[{"@type":"SearchAction","target":{"@type":"EntryPoint","urlTemplate":"https:\/\/triny.pl\/blog\/?s={search_term_string}"},"query-input":"required name=search_term_string"}],"inLanguage":"pl-PL"},{"@type":"Organization","@id":"https:\/\/triny.pl\/blog\/#organization","name":"Triny Sp. z o. o.","url":"https:\/\/triny.pl\/blog\/","logo":{"@type":"ImageObject","inLanguage":"pl-PL","@id":"https:\/\/triny.pl\/blog\/#\/schema\/logo\/image\/","url":"https:\/\/triny.pl\/blog\/wp-content\/uploads\/2020\/08\/logo-triny.png","contentUrl":"https:\/\/triny.pl\/blog\/wp-content\/uploads\/2020\/08\/logo-triny.png","width":190,"height":78,"caption":"Triny Sp. z o. o."},"image":{"@id":"https:\/\/triny.pl\/blog\/#\/schema\/logo\/image\/"},"sameAs":["https:\/\/www.facebook.com\/trinysklep","https:\/\/www.instagram.com\/trinysklep\/","https:\/\/pl.pinterest.com\/trinypl\/_created\/"]},{"@type":"Person","@id":"https:\/\/triny.pl\/blog\/#\/schema\/person\/627fca485014bc94ba34ced7dc5dd756","name":"Olga Pietraszewska","description":"Witaj! Nazywam si\u0119 Olga Pietraszewska. Jestem autork\u0105 bloga Makehappyday.com, pasjonatk\u0105 i propagatork\u0105 naturalnej piel\u0119gnacji oraz zdrowego stylu \u017cycia. Z wykszta\u0142cenia politolog, z zawodu dziennikarka i copywriterka. Je\u015bli akurat nie pisz\u0119, to najpewniej oddaj\u0119 si\u0119 roli \u017cony i mamy, czytam ksi\u0105\u017cki, piek\u0119 chleb, albo spaceruj\u0119, podziwiaj\u0105c malownicze okolice pi\u0119knej Norwegii.","url":"https:\/\/triny.pl\/blog\/author\/olga-pietraszewska\/"}]}},"voteUp":"11","voteDown":"0","authorInfo":{"photo":"https:\/\/triny.pl\/blog\/wp-content\/uploads\/2019\/03\/web-2-150x150.jpg","url":"https:\/\/triny.pl\/blog\/author\/olga-pietraszewska\/","name":"Olga Pietraszewska"},"media":{"full":"https:\/\/triny.pl\/blog\/wp-content\/uploads\/2019\/10\/balsam-jesien-zima.jpeg","desktop":"https:\/\/triny.pl\/blog\/wp-content\/uploads\/2019\/10\/balsam-jesien-zima-505x250.jpeg","mobile":"https:\/\/triny.pl\/blog\/wp-content\/uploads\/2019\/10\/balsam-jesien-zima-375x190.jpeg"},"_links":{"self":[{"href":"https:\/\/triny.pl\/blog\/wp-json\/wp\/v2\/posts\/12849"}],"collection":[{"href":"https:\/\/triny.pl\/blog\/wp-json\/wp\/v2\/posts"}],"about":[{"href":"https:\/\/triny.pl\/blog\/wp-json\/wp\/v2\/types\/post"}],"author":[{"embeddable":true,"href":"https:\/\/triny.pl\/blog\/wp-json\/wp\/v2\/users\/6"}],"replies":[{"embeddable":true,"href":"https:\/\/triny.pl\/blog\/wp-json\/wp\/v2\/comments?post=12849"}],"version-history":[{"count":33,"href":"https:\/\/triny.pl\/blog\/wp-json\/wp\/v2\/posts\/12849\/revisions"}],"predecessor-version":[{"id":27559,"href":"https:\/\/triny.pl\/blog\/wp-json\/wp\/v2\/posts\/12849\/revisions\/27559"}],"wp:featuredmedia":[{"embeddable":true,"href":"https:\/\/triny.pl\/blog\/wp-json\/wp\/v2\/media\/19836"}],"wp:attachment":[{"href":"https:\/\/triny.pl\/blog\/wp-json\/wp\/v2\/media?parent=12849"}],"wp:term":[{"taxonomy":"category","embeddable":true,"href":"https:\/\/triny.pl\/blog\/wp-json\/wp\/v2\/categories?post=12849"},{"taxonomy":"post_tag","embeddable":true,"href":"https:\/\/triny.pl\/blog\/wp-json\/wp\/v2\/tags?post=12849"}],"curies":[{"name":"wp","href":"https:\/\/api.w.org\/{rel}","templated":true}]}}