{"id":12897,"date":"2022-11-25T07:51:00","date_gmt":"2022-11-25T06:51:00","guid":{"rendered":"https:\/\/triny.pl\/blog\/?p=12897"},"modified":"2023-09-06T10:46:22","modified_gmt":"2023-09-06T08:46:22","slug":"kremy-na-zime-z-dobrym-skladem","status":"publish","type":"post","link":"https:\/\/triny.pl\/blog\/kremy-na-zime-z-dobrym-skladem\/","title":{"rendered":"Kremy na zim\u0119 z dobrym sk\u0142adem. Sprawd\u017a, czym skutecznie ochronisz sk\u00f3r\u0119 przed zimnem."},"content":{"rendered":"\n<p>Nasza piel\u0119gnacja, podobnie, jak garderoba, powinna by\u0107 dostosowana do konkretnej pory roku. Tak, jak nie chodzimy w lekkiej sukience zim\u0105, tak sam\u0105 nie powinny\u015bmy stosowa\u0107 teraz lekkiego kremu nawil\u017caj\u0105cego, kt\u00f3ry s\u0142u\u017cy\u0142 nam latem. Dlaczego? Bo wraz ze zmian\u0105 p\u00f3r roku, zmieniaj\u0105 si\u0119 potrzeby i wymagania naszej sk\u00f3ry. Dlatego zanim sypnie \u015bniegiem i zrobi si\u0119 ekstremalnie zimno, warto zadba\u0107 o to, aby w naszej kosmetyczce znalaz\u0142y si\u0119 kosmetyki i kremy na zim\u0119 z dobrym sk\u0142adem.<\/p>\n\n\n\n<!--more-->\n\n\n\n<h2 class=\"wp-block-heading\">Dlaczego warto dostosowa\u0107 piel\u0119gnacj\u0119 do pory roku?<\/h2>\n\n\n\n<p><strong>P\u00f3\u017an\u0105 jesieni\u0105 i zim\u0105, gdy na dworze robi si\u0119 zimno, mamy do czynienia z du\u017c\u0105 ilo\u015bci\u0105 opad\u00f3w atmosferycznych i silnym wiatrem, wilgotno\u015bci\u0105 i smogiem, nasza sk\u00f3ra zaczyna traci\u0107 blask, staje si\u0119 bardziej wra\u017cliwa i sucha, szybko ulega podra\u017cnieniom.<\/strong> Cz\u0119sto mo\u017cemy zaobserwowa\u0107, \u017ce w\u0142a\u015bnie o tej porze roku pojawiaj\u0105 si\u0119 na niej zaczerwienienia i paj\u0105czki, sk\u00f3ra staje si\u0119 te\u017c szorstka i szybciej si\u0119 przet\u0142uszcza. Poza niekorzystnymi czynnikami zewn\u0119trznymi wp\u0142ywa na to ubo\u017csza w witaminy i minera\u0142y dieta (zim\u0105 jemy mniej \u015bwie\u017cych warzyw i owoc\u00f3w) oraz nieodpowiednio dobrana piel\u0119gnacja.<\/p>\n\n\n\n<p>Wiele kobiet wci\u0105\u017c nie zdaje sobie sprawy z tego, \u017ce stosowanie tych samych kosmetyk\u00f3w przez ca\u0142y rok nie jest dobrym pomys\u0142em. Robi\u0142am niedawno ankiet\u0119, z kt\u00f3rej wynika, \u017ce 45% kobiet jesieni\u0105 i zim\u0105 stosuje te same kremy i kosmetyki piel\u0119gnacyjne, kt\u00f3rych u\u017cywa przez pozosta\u0142\u0105 cz\u0119\u015b\u0107 roku. To tak jakby przez ca\u0142y rok chodzi\u0142y w tych samym butach, za\u0142\u00f3\u017cmy letnich sanda\u0142ach. Latem, owszem, jest w nich komfortowo. Ale czy zim\u0105 te\u017c?<\/p>\n\n\n\n<h2 class=\"wp-block-heading\">Zimowa piel\u0119gnacja sk\u00f3ry<\/h2>\n\n\n\n<p><strong>Zim\u0105 nasza sk\u00f3ra wymaga zdecydowanie innej piel\u0119gnacji ni\u017c latem. To, o co musimy zadba\u0107, to:<\/strong><\/p>\n\n\n\n<ul>\n<li>ochrona sk\u00f3ry przez nisk\u0105 temperatur\u0105,&nbsp;wiatrem, wilgoci\u0105, suchym powietrzem w pomieszczeniach, smogiem i zanieczyszczeniami powietrza<\/li>\n\n\n\n<li>od\u017cywienie sk\u00f3ry i wzmocnienie p\u0142aszcza hydro-lipidowego<\/li>\n\n\n\n<li>nat\u0142uszczenie i odpowiednie nawil\u017cenie sk\u00f3ry<\/li>\n\n\n\n<li>regeneracja podra\u017cnionego i przesuszonego nask\u00f3rka.<\/li>\n<\/ul>\n\n\n\n<p><strong>W tym celu zmieniamy piel\u0119gnacj\u0119 i w\u0142\u0105czamy do niej:<\/strong><\/p>\n\n\n\n<ul>\n<li>ochronne i od\u017cywcze kremy na zim\u0119<\/li>\n\n\n\n<li>kosmetyki o dzia\u0142aniu nat\u0142uszczaj\u0105cym<\/li>\n\n\n\n<li>od\u017cywcze, nawil\u017caj\u0105ce i regeneruj\u0105ce maseczki &#8211; sprawd\u017a: <a href=\"https:\/\/triny.pl\/blog\/najlepsze-odzywcze-maseczki-do-twarzy-dla-suchej-i-zmeczonej-skory\/\">Najlepsze od\u017cywcze maseczki do twarzy<\/a><\/li>\n\n\n\n<li>peelingi<\/li>\n\n\n\n<li>oleje do demakija\u017cu i oczyszczania twarzy<\/li>\n\n\n\n<li>ochronne pomadki do ust<\/li>\n\n\n\n<li>olejki i olejowe serum do twarzy &#8211; sprawd\u017a: <a href=\"https:\/\/triny.pl\/blog\/oleje-roslinne-na-zime\/\">Oleje ro\u015blinne na zim\u0119 &#8211; kt\u00f3re wybra\u0107 i dlaczego warto stosowa\u0107?<\/a><\/li>\n<\/ul>\n\n\n\n<p>Piel\u0119gnacj\u0119 cia\u0142a wzbogacamy natomiast nat\u0142uszczaj\u0105cymi i ochronnymi mas\u0142ami i balsamami na bazie olej\u00f3w ro\u015blinnych.<\/p>\n\n\n\n<p><strong>Sprawd\u017a r\u00f3wnie\u017c:<\/strong><\/p>\n\n\n\n<figure class=\"wp-block-embed is-type-wp-embed is-provider-blog-triny-pl wp-block-embed-blog-triny-pl\"><div class=\"wp-block-embed__wrapper\">\n<blockquote class=\"wp-embedded-content\" data-secret=\"G996OcDWQY\"><a href=\"https:\/\/triny.pl\/blog\/najlepsze-kosmetyki-na-zime\/\">Najlepsze kosmetyki na zim\u0119 &#8211; kremy, balsamy, pomadki i mas\u0142a. Sprawd\u017a, czym skutecznie si\u0119 chroni\u0107 przed mrozem i wiatrem.<\/a><\/blockquote><iframe class=\"wp-embedded-content\" sandbox=\"allow-scripts\" security=\"restricted\" style=\"position: absolute; clip: rect(1px, 1px, 1px, 1px);\" title=\"&#8222;Najlepsze kosmetyki na zim\u0119 &#8211; kremy, balsamy, pomadki i mas\u0142a. Sprawd\u017a, czym skutecznie si\u0119 chroni\u0107 przed mrozem i wiatrem.&#8221; &#8212; Blog Triny.pl\" src=\"https:\/\/triny.pl\/blog\/najlepsze-kosmetyki-na-zime\/embed\/#?secret=yv4PivSCzL#?secret=G996OcDWQY\" data-secret=\"G996OcDWQY\" width=\"600\" height=\"338\" frameborder=\"0\" marginwidth=\"0\" marginheight=\"0\" scrolling=\"no\"><\/iframe>\n<\/div><\/figure>\n\n\n\n<h2 class=\"wp-block-heading\">Kosmetolog radzi: Kremy SOS na zim\u0119<\/h2>\n\n\n<div class=\"wp-block-image\">\n<figure class=\"aligncenter size-large\"><a href=\"https:\/\/triny.pl\/blog\/author\/marta-krajewska\/\"><picture><source media=\"(max-width: 450px)\" data-srcset=\"https:\/\/triny.pl\/blog\/wp-content\/uploads\/2021\/03\/blog-2-375x150.png\"><img data-src=\"https:\/\/triny.pl\/blog\/wp-content\/uploads\/2021\/03\/blog-2-684x274.png\" class=\"wp-image-19572 lazyload\" alt=\"kosmetolog radzi\"><\/picture><\/a><\/figure><\/div>\n\n\n<p>W okresie zimowym sk\u00f3ra bez w\u0105tpienia wymaga dodatkowej ochrony. W\u0142a\u015bciwie dobrana piel\u0119gnacja zimowa pozwala cieszy\u0107 si\u0119 zim\u0105 bez obaw o podra\u017cnienia i uszkodzenia sk\u00f3ry. Szczeg\u00f3lnym wyzwaniem mo\u017ce okaza\u0107 si\u0119 wyb\u00f3r kosmetyk\u00f3w dla os\u00f3b o sk\u00f3rze bardzo wra\u017cliwej i naczyniowej, a tak\u017ce os\u00f3b, kt\u00f3re aktywnie korzystaj\u0105 z zimowych aktywno\u015bci na \u015bwie\u017cym powietrzu. <strong>Pomocne mog\u0105 okaza\u0107 si\u0119 tutaj tzw. kremy ratunkowe<\/strong>. Kremy te, znane tak\u017ce jako kremy do zada\u0144 specjalnych, <strong>dzia\u0142aj\u0105 na sk\u00f3r\u0119 wielokierunkowo \u2013 przynosz\u0105c ulg\u0119 ju\u017c od pierwszego zastosowania.<\/strong><\/p>\n\n\n\n<p>Krem SOS:<\/p>\n\n\n\n<ul>\n<li>silnie nat\u0142uszcza i nawil\u017ca sk\u00f3r\u0119, wspomagaj\u0105c jej naturaln\u0105 barier\u0119 ochronn\u0105,<\/li>\n\n\n\n<li>wspomaga zatrzymywanie wody w sk\u00f3rze, ogranicza jej nadmiernej utracie przez nask\u00f3rek,<\/li>\n\n\n\n<li>chroni sk\u00f3r\u0119 przed niekorzystnym dzia\u0142aniem czynnik\u00f3w zewn\u0119trznych \u2013 mrozem, wiatrem i promieniowaniem UV,<\/li>\n\n\n\n<li>koi oraz intensywnie regeneruje podra\u017cnion\u0105 i spierzchni\u0119t\u0105 sk\u00f3r\u0119, przyspiesza proces regeneracji nask\u00f3rka,<\/li>\n\n\n\n<li>\u0142agodzi \u015bwi\u0105d i pieczenie sk\u00f3ry, dzia\u0142a przeciwzapalnie.<\/li>\n<\/ul>\n\n\n\n<p>Formu\u0142y krem\u00f3w ratunkowych to najcz\u0119\u015bciej starannie dobrany zestaw naturalnych sk\u0142adnik\u00f3w aktywnych o dzia\u0142aniu nat\u0142uszczaj\u0105cym, nawil\u017caj\u0105cym, ochronnym i regeneruj\u0105cym: oleje ro\u015blinne (jak olej abisy\u0144ski, olej z czarnej porzeczki), mas\u0142a ro\u015blinne (mas\u0142o shea, mas\u0142o z mango), beta-glukan z owsa, hialuronian sodu, mocznik, D-pantenol, alantoina i skwalany.<\/p>\n\n\n\n<p>Kremy SOS nie s\u0105 zarezerwowane wy\u0142\u0105cznie do stosowania zim\u0105 i przez osoby, kt\u00f3re posiadaj\u0105 wra\u017cliw\u0105 sk\u00f3r\u0119. Warto pami\u0119ta\u0107, \u017ce to tak\u017ce \u015bwietne zabezpieczenie sk\u00f3ry dla os\u00f3b, kt\u00f3re korzystaj\u0105 z zabieg\u00f3w medycyny estetycznej \u2013 niezale\u017cnie od typu cery.<\/p>\n\n\n\n<h2 class=\"wp-block-heading\">Kremy na zim\u0119 z dobrym sk\u0142adem &#8211; przegl\u0105d<\/h2>\n\n\n\n<p>W dzisiejszym wpisie przygotowa\u0142am zestawienie zawieraj\u0105ce <strong>kremy na zim\u0119 do twarzy<\/strong>. Znajdziesz w nim typowo zimowe, ochronne kremy na zim\u0119 bez dodatku wody oraz od\u017cywcze, nieco ci\u0119\u017csze kremy, kt\u00f3rych z powodzeniem mo\u017cesz u\u017cywa\u0107 w codziennej piel\u0119gnacji sk\u00f3ry, r\u00f3wnie\u017c pod makija\u017c. Wszystkie proponowane kosmetyki maj\u0105 dobre, naturalne sk\u0142ady i nie zawieraj\u0105 parafiny.<\/p>\n\n\n\n<h3 class=\"wp-block-heading\">Kremy na zim\u0119 bez wody<\/h3>\n\n\n<section class=\"slider-collage-carousel\" data-id=\"6928, 6929, 11736, 12148, 6962\"><ul class=\"collage collage-slider\"><li class=\"item\"><a href=\"https:\/\/triny.pl\/6928-polny-warkocz-mazidlo-pszeniczne-krem-do-cery-suchej-i-dojrzalej.html\" target=\"_blank\"><picture><source srcset=\"https:\/\/static.triny.pl\/img\/p\/2\/2\/1\/9\/1\/22191-thickbox_default.webp\"  type=\"image\/webp\"><source srcset=\"https:\/\/static.triny.pl\/img\/p\/2\/2\/1\/9\/1\/22191-thickbox_default.jpg\"  type=\"image\/jpeg\"><img src=\"https:\/\/triny.pl\/blog\/wp-content\/themes\/triny\/assets\/img\/placeholder-600x600.png\" data-src=\"https:\/\/static.triny.pl\/img\/p\/2\/2\/1\/9\/1\/22191-thickbox_default.jpg\" class=\"tns-lazy-img\" alt=\"Mazid\u0142o pszeniczne &#8211; Krem do cery suchej i dojrza\u0142ej\"><\/picture><div class=\"brand\">Polny Warkocz<\/div><div class=\"title\">Mazid\u0142o pszeniczne &#8211; Krem do cery suchej i dojrza\u0142ej<\/div><\/a><a class=\"slider-collage-carousel__btn read-more-button\" href=\"https:\/\/triny.pl\/6928-polny-warkocz-mazidlo-pszeniczne-krem-do-cery-suchej-i-dojrzalej.html\" target=\"_blank\">Zobacz<\/a><\/li><li class=\"item\"><a href=\"https:\/\/triny.pl\/6929-polny-warkocz-mazidlo-ze-skrzypu-polnego-krem-do-cery-naczynkowej.html\" target=\"_blank\"><picture><source srcset=\"https:\/\/static.triny.pl\/img\/p\/2\/2\/1\/9\/2\/22192-thickbox_default.webp\"  type=\"image\/webp\"><source srcset=\"https:\/\/static.triny.pl\/img\/p\/2\/2\/1\/9\/2\/22192-thickbox_default.jpg\"  type=\"image\/jpeg\"><img src=\"https:\/\/triny.pl\/blog\/wp-content\/themes\/triny\/assets\/img\/placeholder-600x600.png\" data-src=\"https:\/\/static.triny.pl\/img\/p\/2\/2\/1\/9\/2\/22192-thickbox_default.jpg\" class=\"tns-lazy-img\" alt=\"Mazid\u0142o ze skrzypu polnego &#8211; Krem do cery naczynkowej\"><\/picture><div class=\"brand\">Polny Warkocz<\/div><div class=\"title\">Mazid\u0142o ze skrzypu polnego &#8211; Krem do cery naczynkowej<\/div><\/a><a class=\"slider-collage-carousel__btn read-more-button\" href=\"https:\/\/triny.pl\/6929-polny-warkocz-mazidlo-ze-skrzypu-polnego-krem-do-cery-naczynkowej.html\" target=\"_blank\">Zobacz<\/a><\/li><li class=\"item\"><a href=\"https:\/\/triny.pl\/11736-purite-krem-przeciwtradzikowy-normalizujaco-antybakteryjny.html\" target=\"_blank\"><picture><source srcset=\"https:\/\/static.triny.pl\/img\/p\/1\/9\/1\/8\/9\/19189-thickbox_default.webp\"  type=\"image\/webp\"><source srcset=\"https:\/\/static.triny.pl\/img\/p\/1\/9\/1\/8\/9\/19189-thickbox_default.jpg\"  type=\"image\/jpeg\"><img src=\"https:\/\/triny.pl\/blog\/wp-content\/themes\/triny\/assets\/img\/placeholder-600x600.png\" data-src=\"https:\/\/static.triny.pl\/img\/p\/1\/9\/1\/8\/9\/19189-thickbox_default.jpg\" class=\"tns-lazy-img\" alt=\"Krem przeciwtr\u0105dzikowy normalizuj\u0105co &#8211; antybakteryjny\"><\/picture><div class=\"brand\">Purite<\/div><div class=\"title\">Krem przeciwtr\u0105dzikowy normalizuj\u0105co &#8211; antybakteryjny<\/div><\/a><a class=\"slider-collage-carousel__btn read-more-button\" href=\"https:\/\/triny.pl\/11736-purite-krem-przeciwtradzikowy-normalizujaco-antybakteryjny.html\" target=\"_blank\">Zobacz<\/a><\/li><li class=\"item\"><a href=\"https:\/\/triny.pl\/6962-polny-warkocz-mazidlo-konopne-krem-do-cery-tlustej-i-tradzikowej.html\" target=\"_blank\"><picture><source srcset=\"https:\/\/static.triny.pl\/img\/p\/2\/2\/1\/9\/4\/22194-thickbox_default.webp\"  type=\"image\/webp\"><source srcset=\"https:\/\/static.triny.pl\/img\/p\/2\/2\/1\/9\/4\/22194-thickbox_default.jpg\"  type=\"image\/jpeg\"><img src=\"https:\/\/triny.pl\/blog\/wp-content\/themes\/triny\/assets\/img\/placeholder-600x600.png\" data-src=\"https:\/\/static.triny.pl\/img\/p\/2\/2\/1\/9\/4\/22194-thickbox_default.jpg\" class=\"tns-lazy-img\" alt=\"Mazid\u0142o konopne &#8211; Krem do cery t\u0142ustej i tr\u0105dzikowej\"><\/picture><div class=\"brand\">Polny Warkocz<\/div><div class=\"title\">Mazid\u0142o konopne &#8211; Krem do cery t\u0142ustej i tr\u0105dzikowej<\/div><\/a><a class=\"slider-collage-carousel__btn read-more-button\" href=\"https:\/\/triny.pl\/6962-polny-warkocz-mazidlo-konopne-krem-do-cery-tlustej-i-tradzikowej.html\" target=\"_blank\">Zobacz<\/a><\/li><\/ul><\/section>\n\n\n\n<p class=\"l-product__title t-head t-head--default\"><a href=\"https:\/\/triny.pl\/6928-polny-warkocz-mazidlo-pszeniczne-krem-do-cery-suchej-i-dojrzalej.html\">Mazid\u0142o pszeniczne &#8211; Krem do cery suchej i dojrza\u0142ej, Polny Warkocz<\/a> &#8211; zapewni sk\u00f3rze doskona\u0142\u0105 ochron\u0119 przed niekorzystnym dzia\u0142aniem czynnik\u00f3w zewn\u0119trznych, a przy okazji dobrze j\u0105 nawil\u017cy, nat\u0142u\u015bci i uj\u0119drni.<\/p>\n\n\n\n<p class=\"l-product__title t-head t-head--default\"><a href=\"https:\/\/triny.pl\/6929-polny-warkocz-mazidlo-ze-skrzypu-polnego-krem-do-cery-naczynkowej.html\">Mazid\u0142o ze skrzypu polnego &#8211; Krem do cery naczynkowej, Polny Warkocz<\/a> &#8211; wspomaga regeneracj\u0119 zniszczonej sk\u00f3ry, wzmacnia i uszczelnia naczynka, \u0142agodzi podra\u017cnienia.<\/p>\n\n\n\n<h3 class=\"wp-block-heading\">Od\u017cywczo-ochronne kremy na zim\u0119<\/h3>\n\n\n<section class=\"slider-collage-carousel\" data-id=\"6551, 3920, 12011, 4181\"><ul class=\"collage collage-slider\"><li class=\"item\"><a href=\"https:\/\/triny.pl\/6551-asoa-krem-do-twarzy-odzywcza-goja.html\" target=\"_blank\"><picture><source srcset=\"https:\/\/static.triny.pl\/img\/p\/1\/9\/7\/6\/0\/19760-thickbox_default.webp\"  type=\"image\/webp\"><source srcset=\"https:\/\/static.triny.pl\/img\/p\/1\/9\/7\/6\/0\/19760-thickbox_default.jpg\"  type=\"image\/jpeg\"><img src=\"https:\/\/triny.pl\/blog\/wp-content\/themes\/triny\/assets\/img\/placeholder-600x600.png\" data-src=\"https:\/\/static.triny.pl\/img\/p\/1\/9\/7\/6\/0\/19760-thickbox_default.jpg\" class=\"tns-lazy-img\" alt=\"Krem do twarzy &#8211; Od\u017cywcza goja\"><\/picture><div class=\"brand\">Asoa<\/div><div class=\"title\">Krem do twarzy &#8211; Od\u017cywcza goja<\/div><\/a><a class=\"slider-collage-carousel__btn read-more-button\" href=\"https:\/\/triny.pl\/6551-asoa-krem-do-twarzy-odzywcza-goja.html\" target=\"_blank\">Zobacz<\/a><\/li><li class=\"item\"><a href=\"https:\/\/triny.pl\/3920-be-organic-krem-do-twarzy-maslo-kakaowe-i-kwas-hialuronowy.html\" target=\"_blank\"><picture><source srcset=\"https:\/\/static.triny.pl\/img\/p\/1\/8\/9\/8\/9\/18989-thickbox_default.webp\"  type=\"image\/webp\"><source srcset=\"https:\/\/static.triny.pl\/img\/p\/1\/8\/9\/8\/9\/18989-thickbox_default.jpg\"  type=\"image\/jpeg\"><img src=\"https:\/\/triny.pl\/blog\/wp-content\/themes\/triny\/assets\/img\/placeholder-600x600.png\" data-src=\"https:\/\/static.triny.pl\/img\/p\/1\/8\/9\/8\/9\/18989-thickbox_default.jpg\" class=\"tns-lazy-img\" alt=\"Krem do twarzy &#8211; Mas\u0142o kakaowe i kwas hialuronowy\"><\/picture><div class=\"brand\">Be Organic<\/div><div class=\"title\">Krem do twarzy &#8211; Mas\u0142o kakaowe i kwas hialuronowy<\/div><\/a><a class=\"slider-collage-carousel__btn read-more-button\" href=\"https:\/\/triny.pl\/3920-be-organic-krem-do-twarzy-maslo-kakaowe-i-kwas-hialuronowy.html\" target=\"_blank\">Zobacz<\/a><\/li><li class=\"item\"><a href=\"https:\/\/triny.pl\/12011-basiclab-krem-lipidowy-na-zime-ochrona-przed-wiatrem-i-mrozem.html\" target=\"_blank\"><picture><source srcset=\"https:\/\/static.triny.pl\/img\/p\/1\/9\/6\/2\/9\/19629-thickbox_default.webp\"  type=\"image\/webp\"><source srcset=\"https:\/\/static.triny.pl\/img\/p\/1\/9\/6\/2\/9\/19629-thickbox_default.jpg\"  type=\"image\/jpeg\"><img src=\"https:\/\/triny.pl\/blog\/wp-content\/themes\/triny\/assets\/img\/placeholder-600x600.png\" data-src=\"https:\/\/static.triny.pl\/img\/p\/1\/9\/6\/2\/9\/19629-thickbox_default.jpg\" class=\"tns-lazy-img\" alt=\"Krem lipidowy na zim\u0119 &#8211; ochrona przed wiatrem i mrozem\"><\/picture><div class=\"brand\">BasicLab<\/div><div class=\"title\">Krem lipidowy na zim\u0119 &#8211; ochrona przed wiatrem i mrozem<\/div><\/a><a class=\"slider-collage-carousel__btn read-more-button\" href=\"https:\/\/triny.pl\/12011-basiclab-krem-lipidowy-na-zime-ochrona-przed-wiatrem-i-mrozem.html\" target=\"_blank\">Zobacz<\/a><\/li><li class=\"item\"><a href=\"https:\/\/triny.pl\/4181-iossi-krem-nawilzajacy-naffi.html\" target=\"_blank\"><picture><source srcset=\"https:\/\/static.triny.pl\/img\/p\/2\/1\/2\/8\/6\/21286-thickbox_default.webp\"  type=\"image\/webp\"><source srcset=\"https:\/\/static.triny.pl\/img\/p\/2\/1\/2\/8\/6\/21286-thickbox_default.jpg\"  type=\"image\/jpeg\"><img src=\"https:\/\/triny.pl\/blog\/wp-content\/themes\/triny\/assets\/img\/placeholder-600x600.png\" data-src=\"https:\/\/static.triny.pl\/img\/p\/2\/1\/2\/8\/6\/21286-thickbox_default.jpg\" class=\"tns-lazy-img\" alt=\"Naffi &#8211; Krem nawil\u017caj\u0105cy z awokado i jojoba &#8211; 50 ml\"><\/picture><div class=\"brand\">IOSSI<\/div><div class=\"title\">Naffi &#8211; Krem nawil\u017caj\u0105cy z awokado i jojoba &#8211; 50 ml<\/div><\/a><a class=\"slider-collage-carousel__btn read-more-button\" href=\"https:\/\/triny.pl\/4181-iossi-krem-nawilzajacy-naffi.html\" target=\"_blank\">Zobacz<\/a><\/li><\/ul><\/section>\n\n\n\n<p><a href=\"https:\/\/triny.pl\/6551-asoa-krem-do-twarzy-odzywcza-goja.html\">Krem do twarzy Od\u017cywcza Goja, Asoa<\/a> &#8211; bardzo dobry krem z bogatym sk\u0142adem, polecany do cery suchej, t\u0142ustej i mieszanej. Idealny pod makija\u017c.<\/p>\n\n\n\n<p class=\"l-product__title t-head t-head--default\"><a href=\"https:\/\/triny.pl\/3920-be-organic-krem-do-twarzy-maslo-kakaowe-i-kwas-hialuronowy.html\">Krem do twarzy &#8211; Mas\u0142o kakaowe i kwas hialuronowy, Be Organic<\/a> &#8211; doskonale nawil\u017ca sk\u00f3r\u0119, chroni j\u0105 przed wolnymi rodnikami i dzia\u0142aniem niekorzystnych czynnik\u00f3w zewn\u0119trznych. Wspiera te\u017c proces naturalnej regeneracji nask\u00f3rka, \u0142agodzi podra\u017cnienia i zmniejsza ryzyko powstawania stan\u00f3w zapalnych.<\/p>\n\n\n\n<h2 class=\"wp-block-heading\">Podsumowanie<\/h2>\n\n\n\n<p>Na koniec zostawi\u0142am dwie wa\u017cne porady piel\u0119gnacyjne dotycz\u0105ce stosowania krem\u00f3w na zim\u0119.<\/p>\n\n\n\n<p>\u21d2 Stosuj\u0105c kremy na zim\u0119, kt\u00f3re nie zawieraj\u0105 wody, musisz liczy\u0107 si\u0119 z tym, \u017ce sk\u00f3ra mo\u017ce si\u0119 po nich b\u0142yszcze\u0107 i by\u0107 lekko t\u0142usta. Nie rezygnuj jednak z ich u\u017cywania, bo takie kremy to najlepszy spos\u00f3b na unikni\u0119cie podra\u017cnie\u0144 i przesuszenia sk\u00f3ry. Si\u0119gaj po takie kremy zawsze przed wyj\u015bciem na stok, d\u0142ugi zimowy spacer i gdy temperatura spadnie poni\u017cej -10 st. C.<\/p>\n\n\n\n<p>\u21d2 Kremy ochronno-od\u017cywcze mo\u017cesz natomiast stosowa\u0107 na co dzie\u0144. Z regu\u0142y maj\u0105 one l\u017cejsze konsystencje od krem\u00f3w ochronnych bez wody, szybciej i \u0142atwiej si\u0119 wch\u0142aniaj\u0105. Taki krem stanowi dobr\u0105 baz\u0119 pod makija\u017c. Aby znajduj\u0105ca si\u0119 w kremie woda zd\u0105\u017cy\u0142a z niego wyparowa\u0107, na\u0142\u00f3\u017c go na twarz min. 15 minut przed wyj\u015bciem z domu.<\/p>\n\n\n\n<p><strong>Stosujesz naturalne kremy na zim\u0119?&nbsp;<\/strong><\/p>\n","protected":false},"excerpt":{"rendered":"<p>Nasza piel\u0119gnacja, podobnie, jak garderoba, powinna by\u0107 dostosowana do konkretnej pory roku. Tak, jak nie chodzimy w lekkiej sukience zim\u0105, tak&#8230;<\/p>\n","protected":false},"author":6,"featured_media":19833,"comment_status":"open","ping_status":"open","sticky":false,"template":"","format":"standard","meta":{"footnotes":""},"categories":[35],"tags":[8020],"acf":[],"yoast_head":"<!-- This site is optimized with the Yoast SEO plugin v21.1 - https:\/\/yoast.com\/wordpress\/plugins\/seo\/ -->\n<title>Kremy na zim\u0119 do twarzy. Przegl\u0105d najlepszych krem\u00f3w z dobrym sk\u0142adem<\/title>\n<meta name=\"description\" content=\"Kremy na zim\u0119 maj\u0105 za zadanie ochroni\u0107 sk\u00f3r\u0119 przed niekorzystnie dzia\u0142aj\u0105cymi czynnikami zewn\u0119trznymi. Sprawd\u017a, jaki krem na zim\u0119 wybra\u0107.\" \/>\n<meta name=\"robots\" content=\"index, follow, max-snippet:-1, max-image-preview:large, max-video-preview:-1\" \/>\n<link rel=\"canonical\" href=\"https:\/\/triny.pl\/blog\/kremy-na-zime-z-dobrym-skladem\/\" \/>\n<meta property=\"og:locale\" content=\"pl_PL\" \/>\n<meta property=\"og:type\" content=\"article\" \/>\n<meta property=\"og:title\" content=\"Kremy na zim\u0119 do twarzy. Przegl\u0105d najlepszych krem\u00f3w z dobrym sk\u0142adem\" \/>\n<meta property=\"og:description\" content=\"Kremy na zim\u0119 maj\u0105 za zadanie ochroni\u0107 sk\u00f3r\u0119 przed niekorzystnie dzia\u0142aj\u0105cymi czynnikami zewn\u0119trznymi. Sprawd\u017a, jaki krem na zim\u0119 wybra\u0107.\" \/>\n<meta property=\"og:url\" content=\"https:\/\/triny.pl\/blog\/kremy-na-zime-z-dobrym-skladem\/\" \/>\n<meta property=\"og:site_name\" content=\"Blog Triny.pl\" \/>\n<meta property=\"article:publisher\" content=\"https:\/\/www.facebook.com\/trinysklep\" \/>\n<meta property=\"article:published_time\" content=\"2022-11-25T06:51:00+00:00\" \/>\n<meta property=\"article:modified_time\" content=\"2023-09-06T08:46:22+00:00\" \/>\n<meta property=\"og:image\" content=\"https:\/\/triny.pl\/blog\/wp-content\/uploads\/2019\/11\/kremy-na-zime.jpeg\" \/>\n\t<meta property=\"og:image:width\" content=\"1200\" \/>\n\t<meta property=\"og:image:height\" content=\"800\" \/>\n\t<meta property=\"og:image:type\" content=\"image\/jpeg\" \/>\n<meta name=\"author\" content=\"Olga Pietraszewska\" \/>\n<meta name=\"twitter:label1\" content=\"Napisane przez\" \/>\n\t<meta name=\"twitter:data1\" content=\"Olga Pietraszewska\" \/>\n\t<meta name=\"twitter:label2\" content=\"Szacowany czas czytania\" \/>\n\t<meta name=\"twitter:data2\" content=\"6 minut\" \/>\n<script type=\"application\/ld+json\" class=\"yoast-schema-graph\">{\"@context\":\"https:\/\/schema.org\",\"@graph\":[{\"@type\":\"Article\",\"@id\":\"https:\/\/triny.pl\/blog\/kremy-na-zime-z-dobrym-skladem\/#article\",\"isPartOf\":{\"@id\":\"https:\/\/triny.pl\/blog\/kremy-na-zime-z-dobrym-skladem\/\"},\"author\":{\"name\":\"Olga Pietraszewska\",\"@id\":\"https:\/\/triny.pl\/blog\/#\/schema\/person\/627fca485014bc94ba34ced7dc5dd756\"},\"headline\":\"Kremy na zim\u0119 z dobrym sk\u0142adem. Sprawd\u017a, czym skutecznie ochronisz sk\u00f3r\u0119 przed zimnem.\",\"datePublished\":\"2022-11-25T06:51:00+00:00\",\"dateModified\":\"2023-09-06T08:46:22+00:00\",\"mainEntityOfPage\":{\"@id\":\"https:\/\/triny.pl\/blog\/kremy-na-zime-z-dobrym-skladem\/\"},\"wordCount\":1137,\"commentCount\":0,\"publisher\":{\"@id\":\"https:\/\/triny.pl\/blog\/#organization\"},\"keywords\":[\"piel\u0119gnacja zim\u0105\"],\"articleSection\":[\"Piel\u0119gnacja twarzy naturalnie\"],\"inLanguage\":\"pl-PL\",\"potentialAction\":[{\"@type\":\"CommentAction\",\"name\":\"Comment\",\"target\":[\"https:\/\/triny.pl\/blog\/kremy-na-zime-z-dobrym-skladem\/#respond\"]}]},{\"@type\":\"WebPage\",\"@id\":\"https:\/\/triny.pl\/blog\/kremy-na-zime-z-dobrym-skladem\/\",\"url\":\"https:\/\/triny.pl\/blog\/kremy-na-zime-z-dobrym-skladem\/\",\"name\":\"Kremy na zim\u0119 do twarzy. Przegl\u0105d najlepszych krem\u00f3w z dobrym sk\u0142adem\",\"isPartOf\":{\"@id\":\"https:\/\/triny.pl\/blog\/#website\"},\"datePublished\":\"2022-11-25T06:51:00+00:00\",\"dateModified\":\"2023-09-06T08:46:22+00:00\",\"description\":\"Kremy na zim\u0119 maj\u0105 za zadanie ochroni\u0107 sk\u00f3r\u0119 przed niekorzystnie dzia\u0142aj\u0105cymi czynnikami zewn\u0119trznymi. Sprawd\u017a, jaki krem na zim\u0119 wybra\u0107.\",\"breadcrumb\":{\"@id\":\"https:\/\/triny.pl\/blog\/kremy-na-zime-z-dobrym-skladem\/#breadcrumb\"},\"inLanguage\":\"pl-PL\",\"potentialAction\":[{\"@type\":\"ReadAction\",\"target\":[\"https:\/\/triny.pl\/blog\/kremy-na-zime-z-dobrym-skladem\/\"]}]},{\"@type\":\"BreadcrumbList\",\"@id\":\"https:\/\/triny.pl\/blog\/kremy-na-zime-z-dobrym-skladem\/#breadcrumb\",\"itemListElement\":[{\"@type\":\"ListItem\",\"position\":1,\"name\":\"Strona g\u0142\u00f3wna\",\"item\":\"https:\/\/triny.pl\/blog\/\"},{\"@type\":\"ListItem\",\"position\":2,\"name\":\"Kremy na zim\u0119 z dobrym sk\u0142adem. Sprawd\u017a, czym skutecznie ochronisz sk\u00f3r\u0119 przed zimnem.\"}]},{\"@type\":\"WebSite\",\"@id\":\"https:\/\/triny.pl\/blog\/#website\",\"url\":\"https:\/\/triny.pl\/blog\/\",\"name\":\"Blog Triny.pl\",\"description\":\"Naturalna piel\u0119gnacja bez tajemnic! Pokazujemy jak dba\u0107 o cia\u0142o i w\u0142osy dla optymalnych, d\u0142ugotrwa\u0142ych efekt\u00f3w. Sprawd\u017a te ma\u0142o znane triki :)\",\"publisher\":{\"@id\":\"https:\/\/triny.pl\/blog\/#organization\"},\"potentialAction\":[{\"@type\":\"SearchAction\",\"target\":{\"@type\":\"EntryPoint\",\"urlTemplate\":\"https:\/\/triny.pl\/blog\/?s={search_term_string}\"},\"query-input\":\"required name=search_term_string\"}],\"inLanguage\":\"pl-PL\"},{\"@type\":\"Organization\",\"@id\":\"https:\/\/triny.pl\/blog\/#organization\",\"name\":\"Triny Sp. z o. o.\",\"url\":\"https:\/\/triny.pl\/blog\/\",\"logo\":{\"@type\":\"ImageObject\",\"inLanguage\":\"pl-PL\",\"@id\":\"https:\/\/triny.pl\/blog\/#\/schema\/logo\/image\/\",\"url\":\"https:\/\/triny.pl\/blog\/wp-content\/uploads\/2020\/08\/logo-triny.png\",\"contentUrl\":\"https:\/\/triny.pl\/blog\/wp-content\/uploads\/2020\/08\/logo-triny.png\",\"width\":190,\"height\":78,\"caption\":\"Triny Sp. z o. o.\"},\"image\":{\"@id\":\"https:\/\/triny.pl\/blog\/#\/schema\/logo\/image\/\"},\"sameAs\":[\"https:\/\/www.facebook.com\/trinysklep\",\"https:\/\/www.instagram.com\/trinysklep\/\",\"https:\/\/pl.pinterest.com\/trinypl\/_created\/\"]},{\"@type\":\"Person\",\"@id\":\"https:\/\/triny.pl\/blog\/#\/schema\/person\/627fca485014bc94ba34ced7dc5dd756\",\"name\":\"Olga Pietraszewska\",\"description\":\"Witaj! Nazywam si\u0119 Olga Pietraszewska. Jestem autork\u0105 bloga Makehappyday.com, pasjonatk\u0105 i propagatork\u0105 naturalnej piel\u0119gnacji oraz zdrowego stylu \u017cycia. Z wykszta\u0142cenia politolog, z zawodu dziennikarka i copywriterka. Je\u015bli akurat nie pisz\u0119, to najpewniej oddaj\u0119 si\u0119 roli \u017cony i mamy, czytam ksi\u0105\u017cki, piek\u0119 chleb, albo spaceruj\u0119, podziwiaj\u0105c malownicze okolice pi\u0119knej Norwegii.\",\"url\":\"https:\/\/triny.pl\/blog\/author\/olga-pietraszewska\/\"}]}<\/script>\n<!-- \/ Yoast SEO plugin. -->","yoast_head_json":{"title":"Kremy na zim\u0119 do twarzy. Przegl\u0105d najlepszych krem\u00f3w z dobrym sk\u0142adem","description":"Kremy na zim\u0119 maj\u0105 za zadanie ochroni\u0107 sk\u00f3r\u0119 przed niekorzystnie dzia\u0142aj\u0105cymi czynnikami zewn\u0119trznymi. Sprawd\u017a, jaki krem na zim\u0119 wybra\u0107.","robots":{"index":"index","follow":"follow","max-snippet":"max-snippet:-1","max-image-preview":"max-image-preview:large","max-video-preview":"max-video-preview:-1"},"canonical":"https:\/\/triny.pl\/blog\/kremy-na-zime-z-dobrym-skladem\/","og_locale":"pl_PL","og_type":"article","og_title":"Kremy na zim\u0119 do twarzy. Przegl\u0105d najlepszych krem\u00f3w z dobrym sk\u0142adem","og_description":"Kremy na zim\u0119 maj\u0105 za zadanie ochroni\u0107 sk\u00f3r\u0119 przed niekorzystnie dzia\u0142aj\u0105cymi czynnikami zewn\u0119trznymi. Sprawd\u017a, jaki krem na zim\u0119 wybra\u0107.","og_url":"https:\/\/triny.pl\/blog\/kremy-na-zime-z-dobrym-skladem\/","og_site_name":"Blog Triny.pl","article_publisher":"https:\/\/www.facebook.com\/trinysklep","article_published_time":"2022-11-25T06:51:00+00:00","article_modified_time":"2023-09-06T08:46:22+00:00","og_image":[{"width":1200,"height":800,"url":"https:\/\/triny.pl\/blog\/wp-content\/uploads\/2019\/11\/kremy-na-zime.jpeg","type":"image\/jpeg"}],"author":"Olga Pietraszewska","twitter_misc":{"Napisane przez":"Olga Pietraszewska","Szacowany czas czytania":"6 minut"},"schema":{"@context":"https:\/\/schema.org","@graph":[{"@type":"Article","@id":"https:\/\/triny.pl\/blog\/kremy-na-zime-z-dobrym-skladem\/#article","isPartOf":{"@id":"https:\/\/triny.pl\/blog\/kremy-na-zime-z-dobrym-skladem\/"},"author":{"name":"Olga Pietraszewska","@id":"https:\/\/triny.pl\/blog\/#\/schema\/person\/627fca485014bc94ba34ced7dc5dd756"},"headline":"Kremy na zim\u0119 z dobrym sk\u0142adem. Sprawd\u017a, czym skutecznie ochronisz sk\u00f3r\u0119 przed zimnem.","datePublished":"2022-11-25T06:51:00+00:00","dateModified":"2023-09-06T08:46:22+00:00","mainEntityOfPage":{"@id":"https:\/\/triny.pl\/blog\/kremy-na-zime-z-dobrym-skladem\/"},"wordCount":1137,"commentCount":0,"publisher":{"@id":"https:\/\/triny.pl\/blog\/#organization"},"keywords":["piel\u0119gnacja zim\u0105"],"articleSection":["Piel\u0119gnacja twarzy naturalnie"],"inLanguage":"pl-PL","potentialAction":[{"@type":"CommentAction","name":"Comment","target":["https:\/\/triny.pl\/blog\/kremy-na-zime-z-dobrym-skladem\/#respond"]}]},{"@type":"WebPage","@id":"https:\/\/triny.pl\/blog\/kremy-na-zime-z-dobrym-skladem\/","url":"https:\/\/triny.pl\/blog\/kremy-na-zime-z-dobrym-skladem\/","name":"Kremy na zim\u0119 do twarzy. Przegl\u0105d najlepszych krem\u00f3w z dobrym sk\u0142adem","isPartOf":{"@id":"https:\/\/triny.pl\/blog\/#website"},"datePublished":"2022-11-25T06:51:00+00:00","dateModified":"2023-09-06T08:46:22+00:00","description":"Kremy na zim\u0119 maj\u0105 za zadanie ochroni\u0107 sk\u00f3r\u0119 przed niekorzystnie dzia\u0142aj\u0105cymi czynnikami zewn\u0119trznymi. Sprawd\u017a, jaki krem na zim\u0119 wybra\u0107.","breadcrumb":{"@id":"https:\/\/triny.pl\/blog\/kremy-na-zime-z-dobrym-skladem\/#breadcrumb"},"inLanguage":"pl-PL","potentialAction":[{"@type":"ReadAction","target":["https:\/\/triny.pl\/blog\/kremy-na-zime-z-dobrym-skladem\/"]}]},{"@type":"BreadcrumbList","@id":"https:\/\/triny.pl\/blog\/kremy-na-zime-z-dobrym-skladem\/#breadcrumb","itemListElement":[{"@type":"ListItem","position":1,"name":"Strona g\u0142\u00f3wna","item":"https:\/\/triny.pl\/blog\/"},{"@type":"ListItem","position":2,"name":"Kremy na zim\u0119 z dobrym sk\u0142adem. Sprawd\u017a, czym skutecznie ochronisz sk\u00f3r\u0119 przed zimnem."}]},{"@type":"WebSite","@id":"https:\/\/triny.pl\/blog\/#website","url":"https:\/\/triny.pl\/blog\/","name":"Blog Triny.pl","description":"Naturalna piel\u0119gnacja bez tajemnic! Pokazujemy jak dba\u0107 o cia\u0142o i w\u0142osy dla optymalnych, d\u0142ugotrwa\u0142ych efekt\u00f3w. Sprawd\u017a te ma\u0142o znane triki :)","publisher":{"@id":"https:\/\/triny.pl\/blog\/#organization"},"potentialAction":[{"@type":"SearchAction","target":{"@type":"EntryPoint","urlTemplate":"https:\/\/triny.pl\/blog\/?s={search_term_string}"},"query-input":"required name=search_term_string"}],"inLanguage":"pl-PL"},{"@type":"Organization","@id":"https:\/\/triny.pl\/blog\/#organization","name":"Triny Sp. z o. o.","url":"https:\/\/triny.pl\/blog\/","logo":{"@type":"ImageObject","inLanguage":"pl-PL","@id":"https:\/\/triny.pl\/blog\/#\/schema\/logo\/image\/","url":"https:\/\/triny.pl\/blog\/wp-content\/uploads\/2020\/08\/logo-triny.png","contentUrl":"https:\/\/triny.pl\/blog\/wp-content\/uploads\/2020\/08\/logo-triny.png","width":190,"height":78,"caption":"Triny Sp. z o. o."},"image":{"@id":"https:\/\/triny.pl\/blog\/#\/schema\/logo\/image\/"},"sameAs":["https:\/\/www.facebook.com\/trinysklep","https:\/\/www.instagram.com\/trinysklep\/","https:\/\/pl.pinterest.com\/trinypl\/_created\/"]},{"@type":"Person","@id":"https:\/\/triny.pl\/blog\/#\/schema\/person\/627fca485014bc94ba34ced7dc5dd756","name":"Olga Pietraszewska","description":"Witaj! Nazywam si\u0119 Olga Pietraszewska. Jestem autork\u0105 bloga Makehappyday.com, pasjonatk\u0105 i propagatork\u0105 naturalnej piel\u0119gnacji oraz zdrowego stylu \u017cycia. Z wykszta\u0142cenia politolog, z zawodu dziennikarka i copywriterka. Je\u015bli akurat nie pisz\u0119, to najpewniej oddaj\u0119 si\u0119 roli \u017cony i mamy, czytam ksi\u0105\u017cki, piek\u0119 chleb, albo spaceruj\u0119, podziwiaj\u0105c malownicze okolice pi\u0119knej Norwegii.","url":"https:\/\/triny.pl\/blog\/author\/olga-pietraszewska\/"}]}},"voteUp":"33","voteDown":"0","authorInfo":{"photo":"https:\/\/triny.pl\/blog\/wp-content\/uploads\/2019\/03\/web-2-150x150.jpg","url":"https:\/\/triny.pl\/blog\/author\/olga-pietraszewska\/","name":"Olga Pietraszewska"},"media":{"full":"https:\/\/triny.pl\/blog\/wp-content\/uploads\/2019\/11\/kremy-na-zime.jpeg","desktop":"https:\/\/triny.pl\/blog\/wp-content\/uploads\/2019\/11\/kremy-na-zime-505x250.jpeg","mobile":"https:\/\/triny.pl\/blog\/wp-content\/uploads\/2019\/11\/kremy-na-zime-375x190.jpeg"},"_links":{"self":[{"href":"https:\/\/triny.pl\/blog\/wp-json\/wp\/v2\/posts\/12897"}],"collection":[{"href":"https:\/\/triny.pl\/blog\/wp-json\/wp\/v2\/posts"}],"about":[{"href":"https:\/\/triny.pl\/blog\/wp-json\/wp\/v2\/types\/post"}],"author":[{"embeddable":true,"href":"https:\/\/triny.pl\/blog\/wp-json\/wp\/v2\/users\/6"}],"replies":[{"embeddable":true,"href":"https:\/\/triny.pl\/blog\/wp-json\/wp\/v2\/comments?post=12897"}],"version-history":[{"count":15,"href":"https:\/\/triny.pl\/blog\/wp-json\/wp\/v2\/posts\/12897\/revisions"}],"predecessor-version":[{"id":27668,"href":"https:\/\/triny.pl\/blog\/wp-json\/wp\/v2\/posts\/12897\/revisions\/27668"}],"wp:featuredmedia":[{"embeddable":true,"href":"https:\/\/triny.pl\/blog\/wp-json\/wp\/v2\/media\/19833"}],"wp:attachment":[{"href":"https:\/\/triny.pl\/blog\/wp-json\/wp\/v2\/media?parent=12897"}],"wp:term":[{"taxonomy":"category","embeddable":true,"href":"https:\/\/triny.pl\/blog\/wp-json\/wp\/v2\/categories?post=12897"},{"taxonomy":"post_tag","embeddable":true,"href":"https:\/\/triny.pl\/blog\/wp-json\/wp\/v2\/tags?post=12897"}],"curies":[{"name":"wp","href":"https:\/\/api.w.org\/{rel}","templated":true}]}}