{"id":1322,"date":"2020-11-27T09:33:56","date_gmt":"2020-11-27T08:33:56","guid":{"rendered":"https:\/\/triny.pl\/blog\/?p=1322"},"modified":"2022-07-22T13:47:16","modified_gmt":"2022-07-22T11:47:16","slug":"zimowa-pielegnacja-wlosow-co-warto-wiedziec","status":"publish","type":"post","link":"https:\/\/triny.pl\/blog\/zimowa-pielegnacja-wlosow-co-warto-wiedziec\/","title":{"rendered":"Zimowa piel\u0119gnacja w\u0142os\u00f3w. Co warto wiedzie\u0107?"},"content":{"rendered":"\n<p><span style=\"font-weight: 400;\">Zimowa pogoda nie jest \u0142askawa dla Twoich w\u0142os\u00f3w. Niekorzystne czynniki atmosferyczne, czapka na g\u0142owie, ciep\u0142e i suche powietrze w pomieszczeniach mog\u0105 przyczynia\u0107 si\u0119 do os\u0142abiania w\u0142os\u00f3w i pogorszenia ich kondycji. Jak piel\u0119gnowa\u0107 w\u0142osy o tej porze roku, by m\u00f3c cieszy\u0107 si\u0119 ich pi\u0119knym wygl\u0105dem? Co w zimowej piel\u0119gnacji w\u0142os\u00f3w jest najwa\u017cniejsze?<\/span><\/p>\n\n\n\n<!--more-->\n\n\n\n<h2 class=\"wp-block-heading\" id=\"co-szkodzi-wlosom-zima\">Co szkodzi w\u0142osom zim\u0105?<\/h2>\n\n\n\n<p><span style=\"font-weight: 400;\">Tym, co najbardziej pogarsza kondycj\u0119 Twoich w\u0142os\u00f3w zim\u0105 s\u0105 warunki atmosferyczne. Zimne powietrze, silny wiatr, opady \u015bniegu i deszczu, du\u017ca wilgotno\u015b\u0107 powietrza. Zim\u0105 mamy tak\u017ce do czynienia z silnym promieniowaniem UV, o czym cz\u0119sto zapominamy. Os\u0142abieniu kondycji w\u0142os\u00f3w sprzyjaj\u0105 te\u017c suche powietrze w pomieszczeniach, w kt\u00f3rych przebywasz, dieta ubo\u017csza w \u015bwie\u017ce owoce i warzywa oraz suszenie w\u0142os\u00f3w suszark\u0105. <\/span><\/p>\n\n\n\n<h2 class=\"wp-block-heading\" id=\"slabe-rozdwojone-bez-objetosci-wlosy-w-zimie\">S\u0142abe, rozdwojone, bez obj\u0119to\u015bci w\u0142osy w zimie<\/h2>\n\n\n\n<p><span style=\"font-weight: 400;\">Wymienione czynniki wp\u0142ywaj\u0105 na pogorszenie si\u0119 kondycji w\u0142os\u00f3w i przyczyniaj\u0105 do tego, \u017ce w\u0142osy trac\u0105 blask, elastyczno\u015b\u0107 i spr\u0119\u017cysto\u015b\u0107. Staj\u0105 si\u0119 suche, podatne na uszkodzenia, szybciej si\u0119 przet\u0142uszczaj\u0105 i elektryzuj\u0105. Mog\u0105 te\u017c zacz\u0105\u0107 si\u0119 rozdwaja\u0107 i wypada\u0107. Tym, co mo\u017ce im pom\u00f3c jest na pewno odpowiednia piel\u0119gnacja. Na czym j\u0105 oprze\u0107?<\/span><\/p>\n\n\n\n<h2 class=\"wp-block-heading\" id=\"sezon-zimowy-na-olejowanie-wlosow\">Sezon zimowy na olejowanie w\u0142os\u00f3w<\/h2>\n\n\n\n<p><span style=\"font-weight: 400;\">Tym, co na pewno pomo\u017ce przetrwa\u0107 w\u0142osom zim\u0119 bez najmniejszego uszczerbku s\u0105 oleje ro\u015blinne. To w\u0142a\u015bnie teraz jest najlepszy czas na to, by wprowadzi\u0107 je do piel\u0119gnacji. Stosowanie olej\u00f3w ro\u015blinnych, np. <a href=\"https:\/\/triny.pl\/blog\/olej-lniany-w-kosmetyce\/\">oleju lnianego<\/a> lub <a class=\"rank-math-link\" href=\"https:\/\/triny.pl\/381-kosmetyki-z-olejem-ze-slodkich-migdalow\">oleju ze s\u0142odkich migda\u0142\u00f3w<\/a> pomo\u017ce zapewni\u0107 w\u0142osom ochron\u0119 przed dzia\u0142aniem czynnik\u00f3w zewn\u0119trznych, od\u017cywi cebulki i zabezpieczy ko\u0144c\u00f3wki przed rozdwajaniem. Oleje, kt\u00f3re s\u0105 naturalnymi emolientami, maj\u0105 dzia\u0142anie nat\u0142uszczaj\u0105ce i chroni\u0105 w\u0142osy przed utrat\u0105 wilgoci. Sprzyjaj\u0105 te\u017c poprawie elastyczno\u015bci i spr\u0119\u017cysto\u015bci w\u0142os\u00f3w, przyspieszaj\u0105 ich wzrost, nadaj\u0105 mi\u0119kko\u015b\u0107 i blask. <\/span><\/p>\n\n\n\n<h3 class=\"wp-block-heading\" id=\"dlaczego-warto-olejowac-wlosy-zima\">Dlaczego warto olejowa\u0107 w\u0142osy zim\u0105?<\/h3>\n\n\n\n<p>Dzi\u0119ki olejom odzyskuj\u0105 one zdrowy i \u0142adny wygl\u0105d. S\u0105 g\u0142adsze, mi\u0119kkie i bardziej l\u015bni\u0105ce. Oleje od\u017cywiaj\u0105 w\u0142osy, uzupe\u0142niaj\u0105 ubytki w ich strukturze, wzmacniaj\u0105 je i nawil\u017caj\u0105. Przyczyniaj\u0105 si\u0119 do szybszego wzrostu w\u0142os\u00f3w, zmniejszaj\u0105 ich wypadanie, \u0142agodz\u0105 podra\u017cnienia skalpu. Reguluj\u0105 te\u017c wydzielanie sebum, chroni\u0105 ko\u0144c\u00f3wki przed rozdwajaniem i u\u0142atwiaj\u0105 rozczesywanie w\u0142os\u00f3w.&nbsp;<strong>Chroni\u0105 w\u0142osy przed niekorzystnym wp\u0142ywem czynnik\u00f3w zewn\u0119trznych, co warto doceni\u0107 o ka\u017cdej porze roku, a szczeg\u00f3lnie zim\u0105.<\/strong><\/p>\n\n\n\n<p class=\"tip\"><span style=\"font-weight: 400;\">Zim\u0105 sprawdza si\u0119 zar\u00f3wno olejowanie w\u0142os\u00f3w w ca\u0142o\u015bci, jak i codzienne smarowanie olejem ko\u0144c\u00f3wek w\u0142os\u00f3w.<\/span><\/p>\n\n\n\n<h3 class=\"wp-block-heading\" id=\"jak-wybrac-najlepszy-olej-do-olejowania-wlosow-w-zimie\">Jak wybra\u0107 najlepszy olej do olejowania w\u0142os\u00f3w w zimie?<\/h3>\n\n\n\n<p>Wyb\u00f3r oleju ro\u015blinnego do w\u0142os\u00f3w nie jest \u0142atwy. Zw\u0142aszcza, \u017ce mamy z czego wybiera\u0107. Od czego zatem powinna\u015b go uzale\u017cni\u0107? Oto kilka wskaz\u00f3wek:<br \/>&#x2666;&nbsp;<strong>wybieraj zawsze oleje nierafinowane i t\u0142oczone na zimno<\/strong>&nbsp;&#8211; to w nich znajduje si\u0119 najwi\u0119cej substancji od\u017cywczych<br \/>&#x2666;&nbsp;<strong>kupuj oleje bez substancji zapachowych i dodatku olej\u00f3w mineralnych<\/strong>&nbsp;(parafin oil, mineral oil) oraz silikon\u00f3w<br \/>&#x2666;&nbsp;<strong>wyb\u00f3r oleju uzale\u017cnij od tego, jaki masz rodzaj w\u0142os\u00f3w<\/strong>&nbsp;-&gt;&nbsp;<a href=\"https:\/\/triny.pl\/blog\/idealny-olej-do-wlosow\/\">w tym wpisie&nbsp;<\/a>znajdziesz podzia\u0142 olej\u00f3w do w\u0142os\u00f3w nisko, \u015brednio i wysokoporowatych, kt\u00f3rym warto si\u0119 kierowa\u0107.&nbsp;Jest to do\u015b\u0107 istotna kwestia, bo \u017ale dobrany olej mo\u017ce obci\u0105\u017ca\u0107 w\u0142osy, powodowa\u0107 ich puszenie, albo nie robi\u0107 z nimi kompletnie nic, co te\u017c nie jest oczekiwanym efektem.<br \/>&#x2666;&nbsp;<strong>zaczynaj\u0105c olejowanie w\u0142os\u00f3w wybieraj czyste oleje ro\u015blinne<\/strong>. Po mieszanki olej\u00f3w, kt\u00f3re znajdziesz w sklepie pod nazw\u0105 olejki si\u0119gnij dopiero wtedy, gdy b\u0119dziesz wiedzia\u0142a, jakie oleje i w jaki spos\u00f3b dzia\u0142aj\u0105 na Twoje w\u0142osy.<br \/>&#x2666;&nbsp;<strong>pami\u0119taj, \u017ce to, co sprawdza si\u0119 u innych, nie musi by\u0107 dobre dla Ciebie<\/strong>. Dlatego zanim kupisz olej, kt\u00f3ry stosuj\u0105 wszystkie Twoje kole\u017canki, sprawd\u017a, czy na pewno jest to olej, kt\u00f3ry b\u0119dzie odpowiedni dla Twoich w\u0142os\u00f3w.<\/p>\n\n\n\n<h3 class=\"wp-block-heading\" id=\"jakie-sa-najlepsze-naturalne-oleje-do-zimowej-pielegnacji-wlosow\">Jakie s\u0105 najlepsze naturalne oleje do zimowej piel\u0119gnacji w\u0142os\u00f3w?<\/h3>\n\n\n\n<p><strong>&#x2666; Olej lniany<\/strong><br \/><a href=\"https:\/\/triny.pl\/blog\/olej-lniany-w-kosmetyce\/\">Olej lniany<\/a>&nbsp;t\u0142oczony na zimno z dojrza\u0142ych nasion lnu jest jednym z nielicznych, w kt\u00f3rym kwasy t\u0142uszczowe Omega-3 i Omega-6 wyst\u0119puj\u0105 w idealnej proporcji. Jego dzia\u0142anie od\u017cywcze wynika te\u017c z obecno\u015bci sporej ilo\u015bci witaminy E, bia\u0142ka, potasu, cynku i kwas\u00f3w jednonienasyconych. W zwi\u0105zku z tym, \u017ce olej lniany szybko si\u0119 utlenia, nale\u017cy przechowywa\u0107 go w lod\u00f3wce i chroni\u0107 przed bezpo\u015brednim dzia\u0142aniem promieni s\u0142onecznych. A&nbsp;<strong>dlaczego warto stosowa\u0107 go zim\u0105 do olejowania w\u0142os\u00f3w?<\/strong>&nbsp;Przede wszystkim dlatego, \u017ce wspomaga szybk\u0105 regeneracj\u0119 w\u0142os\u00f3w, odbudowuje ich zniszczon\u0105 struktur\u0119, wzmacnia i wyg\u0142adza.<strong>&nbsp;Olej lniany zapobiega \u0142amliwo\u015bci w\u0142os\u00f3w i rozdwajaniu si\u0119 ko\u0144c\u00f3wek<\/strong>. Stymuluje i od\u017cywia cebulki, przyspiesza szybszy wzrost w\u0142os\u00f3w, zapobiega ich wypadaniu. Nadaje te\u017c w\u0142osom mi\u0119kko\u015bci i elastyczno\u015b\u0107, przywraca po\u0142ysk,&nbsp;<strong>doci\u0105\u017ca w\u0142osy, zapobiegaj\u0105c ich puszeniu.<\/strong>&nbsp;Ma koj\u0105ce dzia\u0142anie na sk\u00f3r\u0119 g\u0142owy. \u0141agodzi podra\u017cnienia skalpu i pomaga wyeliminowa\u0107 suchy \u0142upie\u017c. Mo\u017ce by\u0107 stosowany do olejowania wszystkich rodzaj\u00f3w w\u0142os\u00f3w, szczeg\u00f3lnie polecam go jednak do w\u0142os\u00f3w wysokoporowatych.<\/p>\n\n\n\n<p>&#x2666;&nbsp;<strong>Olej z awokado<\/strong><br \/>W sk\u0142ad&nbsp;<a href=\"https:\/\/triny.pl\/455-kosmetyki-z-awokado\">oleju z awokado<\/a>&nbsp;wchodz\u0105 m.in.&nbsp;kwasy t\u0142uszczowe Omega-9 i Omega-6, witaminy&nbsp;E, C, D i K, kompleks witamin&nbsp;z grupy B oraz witamina A wyst\u0119puj\u0105ca w oleju z awokado w postaci karoten\u00f3w. Poza t\u0142uszczami i witaminami, olej jest te\u017c bogaty w sk\u0142adniki mineralne. Zawiera m.in.&nbsp;magnez, mangan, \u017celazo, fosfor, potas, s\u00f3d, cynk.&nbsp;<strong>\u0141\u0105cznie w oleju z awokado jest ponad 20 r\u00f3\u017cnych witamin i minera\u0142\u00f3w, co sprawia, \u017ce jest to jeden z najcenniejszych olej\u00f3w w kosmetyce.<\/strong>&nbsp;Ze wzgl\u0119du na zawarto\u015b\u0107 jednonienasyconych kwas\u00f3w t\u0142uszczowych, olej z awokado jest ceniony w&nbsp;piel\u0119gnacji suchych, zniszczonych i os\u0142abionych w\u0142os\u00f3w. A w\u0142a\u015bnie z takimi mamy do czynienia o tej porze roku.&nbsp;<strong>Olejowanie w\u0142os\u00f3w olejem z awokado wzmacnia i od\u017cywia ich cebulki, chroni przed wypadaniem, \u0142agodzi podra\u017cnienia sk\u00f3ry g\u0142owy.<\/strong>&nbsp;Olej zmi\u0119kcza i nawil\u017ca w\u0142osy, nadaje im elastyczno\u015b\u0107 i \u0142adny po\u0142ysk. Chroni w\u0142osy przed niekorzystnym dzia\u0142aniem niskiej temperatury i utrat\u0105 wilgoci. Jest rekomendowany do \u015brednio i wysokoporowatych w\u0142os\u00f3w.<\/p>\n\n\n\n<p>&#x2666;<strong>&nbsp;Olej z kie\u0142k\u00f3w pszenicy<\/strong><br \/><a href=\"https:\/\/triny.pl\/blog\/olej-z-kielkow-pszenicy-na-twarz-i-wlosy\/\">Olej z kie\u0142k\u00f3w pszenicy<\/a>&nbsp;mo\u017cesz zna\u0107 te\u017c jako olej z zarodk\u00f3w pszenicy. To olej wyj\u0105tkowy ze wzgl\u0119du na najwi\u0119ksz\u0105 zawarto\u015b\u0107 witaminy F oraz du\u017c\u0105 ilo\u015b\u0107 witaminy E. W jego sk\u0142adzie znajduj\u0105 si\u0119 te\u017c witaminy A i D, lecytyna, proteiny i spora dawka minera\u0142\u00f3w.&nbsp;<strong>Stosowany na w\u0142osy pomaga je nawil\u017cy\u0107 i chroni\u0107 przed nadmiern\u0105 utrat\u0105 wilgoci.<\/strong>&nbsp;Wspomaga te\u017c ochron\u0119 w\u0142os\u00f3w przed dzia\u0142aniem promienowania UV, uzupe\u0142nia niedobory protein i witamin.&nbsp;<strong>Zmi\u0119kcza i wyg\u0142adza w\u0142osy, nie obci\u0105\u017ca i nie powoduje ich puszenia.<\/strong>&nbsp;Mo\u017ce by\u0107 stosowany do olejowania w\u0142os\u00f3w \u015brednio i wysokoporowatych. Dobrze sprawdza si\u0119 stosowany na ko\u0144c\u00f3wki w\u0142os\u00f3w, a tak\u017ce w tradycyjnym olejowaniu w\u0142os\u00f3w na ca\u0142ej ich d\u0142ugo\u015bci.<\/p>\n\n\n\n<p>&#x2666;&nbsp;<strong>Mas\u0142o shea<\/strong><br \/><a href=\"https:\/\/triny.pl\/465-maslo-shea\">Mas\u0142o shea<\/a>, kt\u00f3re tak\u017ce jest olejem ro\u015blinnym, to zimowy sprzymierzeniec nie tylko Twojej sk\u00f3ry, ale i w\u0142os\u00f3w. Jest cennym \u017ar\u00f3d\u0142em witamin A, E i F oraz kwas\u00f3w t\u0142uszczowych (oleinowego, stearynowego, palmitynowego i linolenowego). Regularnie stosowane nawil\u017ca, wyg\u0142adza i nadaje w\u0142osom&nbsp;naturalny blask.&nbsp;<strong>Zim\u0105 natomiast chroni przed dzia\u0142aniem czynnik\u00f3w zewn\u0119trznych, przesuszeniem i rozdwajaniem si\u0119 ko\u0144c\u00f3wek.<\/strong>&nbsp;Doskonale sprawdza si\u0119 w piel\u0119gnacji niskoporowatych w\u0142os\u00f3w, mo\u017cesz po nie si\u0119gn\u0105\u0107 tak\u017ce wtedy, gdy masz&nbsp;<strong>w\u0142osy&nbsp;suche, zniszczone i kruche<\/strong>. Poza tradycyjnym olejowanie w\u0142os\u00f3w na ca\u0142ej d\u0142ugo\u015bci, mas\u0142o shea mo\u017cesz stosowa\u0107 te\u017c jako mask\u0119 do w\u0142os\u00f3w, do zabezpieczenia ko\u0144c\u00f3wek przed wyj\u015bciem z domu i bezpo\u015brednio na sk\u00f3r\u0119 g\u0142owy, aby z\u0142agodzi\u0107 podra\u017cnienia i nawil\u017cy\u0107 przesuszon\u0105 sk\u00f3r\u0119. Aby u\u0142atwi\u0107 stosowanie mas\u0142a shea, nale\u017cy podgrza\u0107 je w k\u0105pieli wodnej.<\/p>\n\n\n\n<p>&#x2666;&nbsp;<strong>Olej rokitnikowy<\/strong><br \/>Olej z owoc\u00f3w rokitnika to bomba witamin i sk\u0142adnik\u00f3w od\u017cywczych, kt\u00f3re pokochaj\u0105 nie tylko Twoje w\u0142osy, ale i sk\u00f3ra. W jego sk\u0142adzie znajduj\u0105 si\u0119 m.in. kwasy omega-3 i omega-6, kwas oleinowy i linolowy, prowitamina A, witamina E, bardzo du\u017ca dawka witaminy C, a tak\u017ce witaminy z grupy B, witamina K i D. O tym, dlaczego warto pozna\u0107 ten olej bli\u017cej pisa\u0142am ju\u017c w tym wpisie -&gt;&nbsp;<a href=\"https:\/\/triny.pl\/blog\/rokitnik-zastrzyk-mlodosci-dla-twojej-skory-2\/\">Rokitnik &#8211; zastrzyk m\u0142odo\u015bci dla Twojej sk\u00f3ry.&nbsp;<\/a><br \/><strong>Stosowanie oleju rokitnikowego polecam szczeg\u00f3lnie do olejowania suchych i zniszczonych w\u0142os\u00f3w.<\/strong>&nbsp;Poza popraw\u0105 og\u00f3lnej kondycji w\u0142os\u00f3w, olej rokitnikowy regeneruje ich uszkodzon\u0105 struktur\u0119, nadaje pi\u0119kny po\u0142ysk, wzmacnia, od\u017cywia i nawil\u017ca w\u0142osy.&nbsp;<strong>Chroni je przed niekorzystnym dzia\u0142aniem czynnik\u00f3w zewn\u0119trznych,<\/strong>&nbsp;wzmacnia cebulki, \u0142agodzi stany zapalne i podra\u017cnienia skalpu. Wspomaga szybszy wzrost w\u0142os\u00f3w, poprawia ich spr\u0119\u017cysto\u015b\u0107 i u\u0142atwia uk\u0142adanie.<\/p>\n\n\n\n<p><span style=\"font-weight: 400;\"><strong>Wi\u0119cej o olejowaniu w\u0142os\u00f3w dowiesz si\u0119 z naszego przewodnika:<\/strong><\/span><\/p>\n\n\n\n<figure class=\"wp-block-embed is-type-wp-embed is-provider-blog-triny-pl wp-block-embed-blog-triny-pl\"><div class=\"wp-block-embed__wrapper\">\n<blockquote class=\"wp-embedded-content\" data-secret=\"PDgOXokNhj\"><a href=\"https:\/\/triny.pl\/blog\/olejowanie-wlosow-najlepsze-metody-zmywanie-i-praktyczne-wskazowki\/\">Jak olejowa\u0107 w\u0142osy? Najlepsze metody, zmywanie i praktyczne wskaz\u00f3wki do prawid\u0142owego olejowania w\u0142os\u00f3w<\/a><\/blockquote><iframe class=\"wp-embedded-content\" sandbox=\"allow-scripts\" security=\"restricted\" style=\"position: absolute; clip: rect(1px, 1px, 1px, 1px);\" title=\"&#8222;Jak olejowa\u0107 w\u0142osy? Najlepsze metody, zmywanie i praktyczne wskaz\u00f3wki do prawid\u0142owego olejowania w\u0142os\u00f3w&#8221; &#8212; Blog Triny.pl\" src=\"https:\/\/triny.pl\/blog\/olejowanie-wlosow-najlepsze-metody-zmywanie-i-praktyczne-wskazowki\/embed\/#?secret=m9BYJJCPX7#?secret=PDgOXokNhj\" data-secret=\"PDgOXokNhj\" width=\"600\" height=\"338\" frameborder=\"0\" marginwidth=\"0\" marginheight=\"0\" scrolling=\"no\"><\/iframe>\n<\/div><\/figure>\n\n\n\n<h2 class=\"wp-block-heading\" id=\"humektanty-zima-niekoniecznie\"><strong>Humektanty zim\u0105? Niekoniecznie<\/strong><\/h2>\n\n\n\n<p><span style=\"font-weight: 400;\">Bardzo lubiane przez w\u0142osy humektanty, czyli substancje nawil\u017caj\u0105ce i zatrzymuj\u0105ce wilgo\u0107 wewn\u0105trz w\u0142osa, w zim\u0105 mog\u0105 si\u0119 nie sprawdza\u0107. Dlaczego? Dlatego, \u017ce du\u017ca wilgotno\u015b\u0107 powietrza po\u0142\u0105czona z du\u017c\u0105 ilo\u015bci\u0105 humektant\u00f3w na w\u0142osach, mo\u017ce powodowa\u0107 ich nadmierne puszenie. Zim\u0105 lepiej wi\u0119c zrezygnowa\u0107, albo przynajmniej ograniczy\u0107 stosowanie kosmetyk\u00f3w z aloesem, mocznikiem, gliceryn\u0105 i postawi\u0107 na te, w kt\u00f3rych sk\u0142adach dominuj\u0105 oleje ro\u015blinne. <\/span><\/p>\n\n\n<section class=\"slider-collage-carousel\" data-id=\"12895, 4340, 12633, 12471, 12550\"><ul class=\"collage collage-slider\"><li class=\"item\"><a href=\"https:\/\/triny.pl\/12895-bosphaera-odzywka-do-wlosow-w-kostce.html\" target=\"_blank\"><picture><source srcset=\"https:\/\/static.triny.pl\/img\/p\/2\/1\/2\/0\/6\/21206-thickbox_default.webp\"  type=\"image\/webp\"><source srcset=\"https:\/\/static.triny.pl\/img\/p\/2\/1\/2\/0\/6\/21206-thickbox_default.jpg\"  type=\"image\/jpeg\"><img src=\"https:\/\/triny.pl\/blog\/wp-content\/themes\/triny\/assets\/img\/placeholder-600x600.png\" data-src=\"https:\/\/static.triny.pl\/img\/p\/2\/1\/2\/0\/6\/21206-thickbox_default.jpg\" class=\"tns-lazy-img\" alt=\"Od\u017cywka do w\u0142os\u00f3w w kostce\"><\/picture><div class=\"brand\">Bosphaera<\/div><div class=\"title\">Od\u017cywka do w\u0142os\u00f3w w kostce<\/div><\/a><a class=\"slider-collage-carousel__btn read-more-button\" href=\"https:\/\/triny.pl\/12895-bosphaera-odzywka-do-wlosow-w-kostce.html\" target=\"_blank\">Zobacz<\/a><\/li><li class=\"item\"><a href=\"https:\/\/triny.pl\/4340-anwen-kielki-pszenicy-i-kakao-maska-do-wlosow-wysokoporowatych.html\" target=\"_blank\"><picture><source srcset=\"https:\/\/static.triny.pl\/img\/p\/2\/0\/4\/9\/9\/20499-thickbox_default.webp\"  type=\"image\/webp\"><source srcset=\"https:\/\/static.triny.pl\/img\/p\/2\/0\/4\/9\/9\/20499-thickbox_default.jpg\"  type=\"image\/jpeg\"><img src=\"https:\/\/triny.pl\/blog\/wp-content\/themes\/triny\/assets\/img\/placeholder-600x600.png\" data-src=\"https:\/\/static.triny.pl\/img\/p\/2\/0\/4\/9\/9\/20499-thickbox_default.jpg\" class=\"tns-lazy-img\" alt=\"Maska do w\u0142os\u00f3w wysokoporowatych &#8211; Kie\u0142ki pszenicy i kakao\"><\/picture><div class=\"brand\">Anwen<\/div><div class=\"title\">Maska do w\u0142os\u00f3w wysokoporowatych &#8211; Kie\u0142ki pszenicy i kakao<\/div><\/a><a class=\"slider-collage-carousel__btn read-more-button\" href=\"https:\/\/triny.pl\/4340-anwen-kielki-pszenicy-i-kakao-maska-do-wlosow-wysokoporowatych.html\" target=\"_blank\">Zobacz<\/a><\/li><li class=\"item\"><a href=\"https:\/\/triny.pl\/12633-resibo-shine-club-odzywka-wygladzajaca-emolientowa.html\" target=\"_blank\"><picture><source srcset=\"https:\/\/static.triny.pl\/img\/p\/2\/0\/7\/9\/1\/20791-thickbox_default.webp\"  type=\"image\/webp\"><source srcset=\"https:\/\/static.triny.pl\/img\/p\/2\/0\/7\/9\/1\/20791-thickbox_default.jpg\"  type=\"image\/jpeg\"><img src=\"https:\/\/triny.pl\/blog\/wp-content\/themes\/triny\/assets\/img\/placeholder-600x600.png\" data-src=\"https:\/\/static.triny.pl\/img\/p\/2\/0\/7\/9\/1\/20791-thickbox_default.jpg\" class=\"tns-lazy-img\" alt=\"Shine Club &#8211; od\u017cywka wyg\u0142adzaj\u0105ca &#8211; emolientowa\"><\/picture><div class=\"brand\">Resibo<\/div><div class=\"title\">Shine Club &#8211; od\u017cywka wyg\u0142adzaj\u0105ca &#8211; emolientowa<\/div><\/a><a class=\"slider-collage-carousel__btn read-more-button\" href=\"https:\/\/triny.pl\/12633-resibo-shine-club-odzywka-wygladzajaca-emolientowa.html\" target=\"_blank\">Zobacz<\/a><\/li><li class=\"item\"><a href=\"https:\/\/triny.pl\/12471-yope-bounce-boost-serum-do-koncowek.html\" target=\"_blank\"><picture><source srcset=\"https:\/\/static.triny.pl\/img\/p\/2\/0\/5\/5\/8\/20558-thickbox_default.webp\"  type=\"image\/webp\"><source srcset=\"https:\/\/static.triny.pl\/img\/p\/2\/0\/5\/5\/8\/20558-thickbox_default.jpg\"  type=\"image\/jpeg\"><img src=\"https:\/\/triny.pl\/blog\/wp-content\/themes\/triny\/assets\/img\/placeholder-600x600.png\" data-src=\"https:\/\/static.triny.pl\/img\/p\/2\/0\/5\/5\/8\/20558-thickbox_default.jpg\" class=\"tns-lazy-img\" alt=\"Bounce &#8211; Boost Serum do ko\u0144c\u00f3wek\"><\/picture><div class=\"brand\">Yope<\/div><div class=\"title\">Bounce &#8211; Boost Serum do ko\u0144c\u00f3wek<\/div><\/a><a class=\"slider-collage-carousel__btn read-more-button\" href=\"https:\/\/triny.pl\/12471-yope-bounce-boost-serum-do-koncowek.html\" target=\"_blank\">Zobacz<\/a><\/li><li class=\"item\"><a href=\"https:\/\/triny.pl\/12550-vis-plantis-maska-do-wlosow-suchych-i-matowych-lukrecja-lipa-prawoslaz.html\" target=\"_blank\"><picture><source srcset=\"https:\/\/static.triny.pl\/img\/p\/2\/0\/6\/7\/1\/20671-thickbox_default.webp\"  type=\"image\/webp\"><source srcset=\"https:\/\/static.triny.pl\/img\/p\/2\/0\/6\/7\/1\/20671-thickbox_default.jpg\"  type=\"image\/jpeg\"><img src=\"https:\/\/triny.pl\/blog\/wp-content\/themes\/triny\/assets\/img\/placeholder-600x600.png\" data-src=\"https:\/\/static.triny.pl\/img\/p\/2\/0\/6\/7\/1\/20671-thickbox_default.jpg\" class=\"tns-lazy-img\" alt=\"Maska do w\u0142os\u00f3w suchych i matowych &#8211; lukrecja + lipa + prawo\u015blaz\"><\/picture><div class=\"brand\">Vis Plantis<\/div><div class=\"title\">Maska do w\u0142os\u00f3w suchych i matowych &#8211; lukrecja + lipa + prawo\u015blaz<\/div><\/a><a class=\"slider-collage-carousel__btn read-more-button\" href=\"https:\/\/triny.pl\/12550-vis-plantis-maska-do-wlosow-suchych-i-matowych-lukrecja-lipa-prawoslaz.html\" target=\"_blank\">Zobacz<\/a><\/li><\/ul><\/section>\n\n\n\n<h2 class=\"wp-block-heading\" id=\"lagodne-mycie\"><strong>\u0141agodne mycie <\/strong><\/h2>\n\n\n\n<p><span style=\"font-weight: 400;\">Stosowanie szampon\u00f3w z silnymi detergentami myj\u0105cymi nie jest dobrym pomys\u0142em, zw\u0142aszcza zim\u0105. Szampony zawieraj\u0105ce w sk\u0142adzie SLS-y mog\u0105 podra\u017cnia\u0107 sk\u00f3r\u0119 i narusza\u0107 naturaln\u0105 barier\u0119 ochronn\u0105 sk\u00f3ry g\u0142owy. To z kolei mo\u017ce powodowa\u0107, \u017ce w\u0142osy b\u0119d\u0105 szybciej si\u0119 przet\u0142uszcza\u0107, o co zim\u0105 i tak nie trudno. Szampony z agresywnymi detergentami mog\u0105 te\u017c os\u0142abia\u0107 cebulki i przyczynia\u0107 si\u0119 do wypadania w\u0142os\u00f3w. Dlatego wybieraj\u0105c szampon do zimowej piel\u0119gnacji w\u0142os\u00f3w, si\u0119gnij po ten, w kt\u00f3rym sk\u0142adnikami myj\u0105cymi s\u0105 \u0142agodniejsze substancje uzyskane z ro\u015blin. Mo\u017cesz te\u017c zast\u0105pi\u0107 szampon od\u017cywk\u0105 i wypr\u00f3bowa\u0107 metod\u0119 OMO (wi\u0119cej na jej temat dowiesz si\u0119 z tego artyku\u0142u-&gt; <a class=\"rank-math-link\" href=\"https:\/\/triny.pl\/blog\/mycie-wlosow-odzywka-jak-to-sie-robi-i-jakich-efektow-mozna-sie-spodziewac\/\">Mycie w\u0142os\u00f3w od\u017cywk\u0105. Sprawdzone metody, wady i zalety<\/a>). <\/span><\/p>\n\n\n\n<p class=\"tip\"><span style=\"font-weight: 400;\">Mycie w\u0142os\u00f3w zim\u0105 za pomoc\u0105 od\u017cywki to doskona\u0142y spos\u00f3b na utrzymanie ich w dobrej kondycji.<\/span><\/p>\n\n\n\n<h2 class=\"wp-block-heading\" id=\"co-z-suszeniem-wlosow-w-zimie\"><strong>Co z suszeniem w\u0142os\u00f3w w zimie?<\/strong><\/h2>\n\n\n\n<p><span style=\"font-weight: 400;\">Suszenie w\u0142os\u00f3w suszark\u0105 zim\u0105 jest cz\u0119sto niezb\u0119dne, bo nie zawsze mamy wystarczaj\u0105co du\u017co czasu, aby w\u0142osy mog\u0142y wyschn\u0105\u0107 naturalnie. A wyj\u015bcie z domu z niedosuszonymi w\u0142osami i bez czapki wi\u0105\u017ce si\u0119 z ryzykiem choroby. Jednak gor\u0105ce powietrze z suszarki, co pewnie doskonale wiesz, os\u0142abia w\u0142osy. Czy masz jakie\u015b wyj\u015bcie z tej sytuacji? Oczywi\u015bcie. Mo\u017cesz spr\u00f3bowa\u0107 my\u0107 w\u0142osy wieczorem, przed p\u00f3j\u015bciem spa\u0107. Mo\u017cesz te\u017c si\u0119gn\u0105\u0107 po suszark\u0119 z jonizacj\u0105. Inn\u0105 opcj\u0105 jest stosowanie kosmetyk\u00f3w termoochronnych i suszenie w\u0142os\u00f3w partiami, tak aby w mi\u0119dzyczasie mog\u0142y schn\u0105\u0107 naturalnie.<\/span><\/p>\n\n\n\n<h2 class=\"wp-block-heading\" id=\"czapka-sprzymierzeniec-czy-wrog-dla-wlosow\"><strong>Czapka &#8211; sprzymierzeniec, czy wr\u00f3g dla w\u0142os\u00f3w?<\/strong><\/h2>\n\n\n\n<p>Noszenie czapki chroni sk\u00f3r\u0119 g\u0142owy przed zimnem, w\u0142osy przed dzia\u0142aniem niekorzystnych czynnik\u00f3w atmosferycznych, a cebulki przed os\u0142abieniem. Dlatego jej noszenie powinno by\u0107 dla Ciebie czym\u015b absolutnie normalnym. Wiem jednak dobrze, jak bardzo nielubiane jest noszenie czapki. Fryzura po jej zdj\u0119ciu jest cz\u0119sto w op\u0142akanym stanie, w\u0142osy mog\u0105 si\u0119 elektryzowa\u0107 i szybciej przet\u0142uszcza\u0107. Sposobem na to, aby zaprzyja\u017ani\u0107 si\u0119 z czapk\u0105 jest kupienie czapki z naturalnych w\u0142\u00f3kien &#8211; we\u0142ny lub bawe\u0142ny, a unikanie czapek z akrylu i poliestru. Warto wybra\u0107 te\u017c du\u017c\u0105 czapk\u0119, kt\u00f3r\u0105 nie b\u0119dzie mocno przylega\u0107 do g\u0142owy i zaplata\u0107 w\u0142osy w warkocz, kok lub wi\u0105zanie ich w ko\u0144ski ogon.<\/p>\n\n\n\n<h2 class=\"wp-block-heading\" id=\"jak-chronic-wlosy-zima\">Jak chroni\u0107 w\u0142osy zim\u0105?<\/h2>\n\n\n\n<p>Coraz bardziej suche, matowe i \u0142amliwe, elektryzuj\u0105ce si\u0119, z rozdwojonymi ko\u0144c\u00f3wkami i przet\u0142uszczaj\u0105ce si\u0119 szybciej ni\u017c zwykle &#8211; tak mog\u0105 wygl\u0105da\u0107 Twoje w\u0142osy zim\u0105. Ale na szcz\u0119\u015bcie nie musz\u0105. Wystarczy, \u017ce b\u0119dziesz pami\u0119ta\u0107 o kilku wa\u017cnych zasadach i wprowadzisz je do piel\u0119gnacji.<\/p>\n\n\n\n<ul><li>Zrezygnuj z mycia w\u0142os\u00f3w szampon\u00f3w z silnymi detergentami (SLS i SLES) i zast\u0105p je delikatnymi szamponami na bazie \u0142agodniejszych tensyd\u00f3w ro\u015blinnych<\/li><li>Nie stosuj suszarki, a je\u015bli to konieczne &#8211; si\u0119gnij po kosmetyki termoochronne<\/li><li>Wprowad\u017a do piel\u0119gnacji w\u0142os\u00f3w oleje ro\u015blinne<\/li><li>Przed wyj\u015bciem z domu zabezpiecz ko\u0144c\u00f3wki w\u0142os\u00f3w ochronnym olejkiem<\/li><li>No\u015b czapk\u0119 uszyt\u0105 z naturalnych materia\u0142\u00f3w<\/li><li>Zrezygnuj z codziennego mycia w\u0142os\u00f3w<\/li><\/ul>\n\n\n\n<p>Wa\u017cna jest r\u00f3wnie\u017c dieta, kt\u00f3ra powinna by\u0107 zr\u00f3\u017cnicowana i bogata w witaminy i minera\u0142y. W Twoim jad\u0142ospisie nie mo\u017ce zabrakn\u0105\u0107 owoc\u00f3w i warzyw (zim\u0105 warto postawi\u0107 g\u0142\u00f3wnie na warzywa okopowe), zb\u00f3\u017c i bia\u0142ka. Warto w\u0142\u0105czy\u0107 do diety siemi\u0119 lniane, ryby, p\u0142atki owsiane, pestki dyni, olej lniany i olej z wiesio\u0142ka. Pami\u0119taj te\u017c o wypijaniu du\u017cej ilo\u015bci wody.<\/p>\n\n\n\n<p><strong>Mo\u017ce zainteresuj\u0105 Ci\u0119 r\u00f3wnie\u017c polecane kremy na zim\u0119:<\/strong><\/p>\n\n\n\n<figure class=\"wp-block-embed is-type-wp-embed is-provider-blog-triny-pl wp-block-embed-blog-triny-pl\"><div class=\"wp-block-embed__wrapper\">\n<blockquote class=\"wp-embedded-content\" data-secret=\"HqUb1guv9A\"><a href=\"https:\/\/triny.pl\/blog\/kremy-na-zime-z-dobrym-skladem\/\">Kremy na zim\u0119 z dobrym sk\u0142adem. Sprawd\u017a, czym skutecznie ochronisz sk\u00f3r\u0119 przed zimnem.<\/a><\/blockquote><iframe class=\"wp-embedded-content\" sandbox=\"allow-scripts\" security=\"restricted\" style=\"position: absolute; clip: rect(1px, 1px, 1px, 1px);\" title=\"&#8222;Kremy na zim\u0119 z dobrym sk\u0142adem. Sprawd\u017a, czym skutecznie ochronisz sk\u00f3r\u0119 przed zimnem.&#8221; &#8212; Blog Triny.pl\" src=\"https:\/\/triny.pl\/blog\/kremy-na-zime-z-dobrym-skladem\/embed\/#?secret=g5mddzLuhG#?secret=HqUb1guv9A\" data-secret=\"HqUb1guv9A\" width=\"600\" height=\"338\" frameborder=\"0\" marginwidth=\"0\" marginheight=\"0\" scrolling=\"no\"><\/iframe>\n<\/div><\/figure>\n\n\n\n<p><strong>Jak dbasz o w\u0142osy zim\u0105? Czy zimowa piel\u0119gnacja Twoich w\u0142os\u00f3w r\u00f3\u017cni si\u0119 od tej, kt\u00f3r\u0105 stosujesz podczas pozosta\u0142ych p\u00f3r roku?<\/strong><\/p>\n","protected":false},"excerpt":{"rendered":"<p>Zimowa pogoda nie jest \u0142askawa dla Twoich w\u0142os\u00f3w. Niekorzystne czynniki atmosferyczne, czapka na g\u0142owie, ciep\u0142e i suche powietrze w pomieszczeniach mog\u0105&#8230;<\/p>\n","protected":false},"author":6,"featured_media":19754,"comment_status":"open","ping_status":"open","sticky":false,"template":"","format":"standard","meta":{"footnotes":""},"categories":[66],"tags":[8020],"acf":[],"yoast_head":"<!-- This site is optimized with the Yoast SEO plugin v21.1 - https:\/\/yoast.com\/wordpress\/plugins\/seo\/ -->\n<title>Zimowa piel\u0119gnacja w\u0142os\u00f3w. Co warto wiedzie\u0107?<\/title>\n<meta name=\"description\" content=\"Jak piel\u0119gnowa\u0107 w\u0142osy zim\u0105, by m\u00f3c cieszy\u0107 si\u0119 ich pi\u0119knym wygl\u0105dem? Co w zimowej piel\u0119gnacji w\u0142os\u00f3w jest najwa\u017cniejsze?\" \/>\n<meta name=\"robots\" content=\"index, follow, max-snippet:-1, max-image-preview:large, max-video-preview:-1\" \/>\n<link rel=\"canonical\" href=\"https:\/\/triny.pl\/blog\/zimowa-pielegnacja-wlosow-co-warto-wiedziec\/\" \/>\n<meta property=\"og:locale\" content=\"pl_PL\" \/>\n<meta property=\"og:type\" content=\"article\" \/>\n<meta property=\"og:title\" content=\"Zimowa piel\u0119gnacja w\u0142os\u00f3w. Co warto wiedzie\u0107?\" \/>\n<meta property=\"og:description\" content=\"Jak piel\u0119gnowa\u0107 w\u0142osy zim\u0105, by m\u00f3c cieszy\u0107 si\u0119 ich pi\u0119knym wygl\u0105dem? Co w zimowej piel\u0119gnacji w\u0142os\u00f3w jest najwa\u017cniejsze?\" \/>\n<meta property=\"og:url\" content=\"https:\/\/triny.pl\/blog\/zimowa-pielegnacja-wlosow-co-warto-wiedziec\/\" \/>\n<meta property=\"og:site_name\" content=\"Blog Triny.pl\" \/>\n<meta property=\"article:publisher\" content=\"https:\/\/www.facebook.com\/trinysklep\" \/>\n<meta property=\"article:published_time\" content=\"2020-11-27T08:33:56+00:00\" \/>\n<meta property=\"article:modified_time\" content=\"2022-07-22T11:47:16+00:00\" \/>\n<meta property=\"og:image\" content=\"https:\/\/triny.pl\/blog\/wp-content\/uploads\/2020\/11\/zimowa-pielegnacja-wlosow.jpeg\" \/>\n\t<meta property=\"og:image:width\" content=\"1200\" \/>\n\t<meta property=\"og:image:height\" content=\"800\" \/>\n\t<meta property=\"og:image:type\" content=\"image\/jpeg\" \/>\n<meta name=\"author\" content=\"Olga Pietraszewska\" \/>\n<meta name=\"twitter:label1\" content=\"Napisane przez\" \/>\n\t<meta name=\"twitter:data1\" content=\"Olga Pietraszewska\" \/>\n\t<meta name=\"twitter:label2\" content=\"Szacowany czas czytania\" \/>\n\t<meta name=\"twitter:data2\" content=\"11 minut\" \/>\n<script type=\"application\/ld+json\" class=\"yoast-schema-graph\">{\"@context\":\"https:\/\/schema.org\",\"@graph\":[{\"@type\":\"Article\",\"@id\":\"https:\/\/triny.pl\/blog\/zimowa-pielegnacja-wlosow-co-warto-wiedziec\/#article\",\"isPartOf\":{\"@id\":\"https:\/\/triny.pl\/blog\/zimowa-pielegnacja-wlosow-co-warto-wiedziec\/\"},\"author\":{\"name\":\"Olga Pietraszewska\",\"@id\":\"https:\/\/triny.pl\/blog\/#\/schema\/person\/627fca485014bc94ba34ced7dc5dd756\"},\"headline\":\"Zimowa piel\u0119gnacja w\u0142os\u00f3w. Co warto wiedzie\u0107?\",\"datePublished\":\"2020-11-27T08:33:56+00:00\",\"dateModified\":\"2022-07-22T11:47:16+00:00\",\"mainEntityOfPage\":{\"@id\":\"https:\/\/triny.pl\/blog\/zimowa-pielegnacja-wlosow-co-warto-wiedziec\/\"},\"wordCount\":2404,\"commentCount\":2,\"publisher\":{\"@id\":\"https:\/\/triny.pl\/blog\/#organization\"},\"keywords\":[\"piel\u0119gnacja zim\u0105\"],\"articleSection\":[\"Zimowa piel\u0119gnacja sk\u00f3ry i w\u0142os\u00f3w\"],\"inLanguage\":\"pl-PL\",\"potentialAction\":[{\"@type\":\"CommentAction\",\"name\":\"Comment\",\"target\":[\"https:\/\/triny.pl\/blog\/zimowa-pielegnacja-wlosow-co-warto-wiedziec\/#respond\"]}]},{\"@type\":\"WebPage\",\"@id\":\"https:\/\/triny.pl\/blog\/zimowa-pielegnacja-wlosow-co-warto-wiedziec\/\",\"url\":\"https:\/\/triny.pl\/blog\/zimowa-pielegnacja-wlosow-co-warto-wiedziec\/\",\"name\":\"Zimowa piel\u0119gnacja w\u0142os\u00f3w. Co warto wiedzie\u0107?\",\"isPartOf\":{\"@id\":\"https:\/\/triny.pl\/blog\/#website\"},\"datePublished\":\"2020-11-27T08:33:56+00:00\",\"dateModified\":\"2022-07-22T11:47:16+00:00\",\"description\":\"Jak piel\u0119gnowa\u0107 w\u0142osy zim\u0105, by m\u00f3c cieszy\u0107 si\u0119 ich pi\u0119knym wygl\u0105dem? Co w zimowej piel\u0119gnacji w\u0142os\u00f3w jest najwa\u017cniejsze?\",\"breadcrumb\":{\"@id\":\"https:\/\/triny.pl\/blog\/zimowa-pielegnacja-wlosow-co-warto-wiedziec\/#breadcrumb\"},\"inLanguage\":\"pl-PL\",\"potentialAction\":[{\"@type\":\"ReadAction\",\"target\":[\"https:\/\/triny.pl\/blog\/zimowa-pielegnacja-wlosow-co-warto-wiedziec\/\"]}]},{\"@type\":\"BreadcrumbList\",\"@id\":\"https:\/\/triny.pl\/blog\/zimowa-pielegnacja-wlosow-co-warto-wiedziec\/#breadcrumb\",\"itemListElement\":[{\"@type\":\"ListItem\",\"position\":1,\"name\":\"Strona g\u0142\u00f3wna\",\"item\":\"https:\/\/triny.pl\/blog\/\"},{\"@type\":\"ListItem\",\"position\":2,\"name\":\"Zimowa piel\u0119gnacja w\u0142os\u00f3w. Co warto wiedzie\u0107?\"}]},{\"@type\":\"WebSite\",\"@id\":\"https:\/\/triny.pl\/blog\/#website\",\"url\":\"https:\/\/triny.pl\/blog\/\",\"name\":\"Blog Triny.pl\",\"description\":\"Naturalna piel\u0119gnacja bez tajemnic! Pokazujemy jak dba\u0107 o cia\u0142o i w\u0142osy dla optymalnych, d\u0142ugotrwa\u0142ych efekt\u00f3w. Sprawd\u017a te ma\u0142o znane triki :)\",\"publisher\":{\"@id\":\"https:\/\/triny.pl\/blog\/#organization\"},\"potentialAction\":[{\"@type\":\"SearchAction\",\"target\":{\"@type\":\"EntryPoint\",\"urlTemplate\":\"https:\/\/triny.pl\/blog\/?s={search_term_string}\"},\"query-input\":\"required name=search_term_string\"}],\"inLanguage\":\"pl-PL\"},{\"@type\":\"Organization\",\"@id\":\"https:\/\/triny.pl\/blog\/#organization\",\"name\":\"Triny Sp. z o. o.\",\"url\":\"https:\/\/triny.pl\/blog\/\",\"logo\":{\"@type\":\"ImageObject\",\"inLanguage\":\"pl-PL\",\"@id\":\"https:\/\/triny.pl\/blog\/#\/schema\/logo\/image\/\",\"url\":\"https:\/\/triny.pl\/blog\/wp-content\/uploads\/2020\/08\/logo-triny.png\",\"contentUrl\":\"https:\/\/triny.pl\/blog\/wp-content\/uploads\/2020\/08\/logo-triny.png\",\"width\":190,\"height\":78,\"caption\":\"Triny Sp. z o. o.\"},\"image\":{\"@id\":\"https:\/\/triny.pl\/blog\/#\/schema\/logo\/image\/\"},\"sameAs\":[\"https:\/\/www.facebook.com\/trinysklep\",\"https:\/\/www.instagram.com\/trinysklep\/\",\"https:\/\/pl.pinterest.com\/trinypl\/_created\/\"]},{\"@type\":\"Person\",\"@id\":\"https:\/\/triny.pl\/blog\/#\/schema\/person\/627fca485014bc94ba34ced7dc5dd756\",\"name\":\"Olga Pietraszewska\",\"description\":\"Witaj! Nazywam si\u0119 Olga Pietraszewska. Jestem autork\u0105 bloga Makehappyday.com, pasjonatk\u0105 i propagatork\u0105 naturalnej piel\u0119gnacji oraz zdrowego stylu \u017cycia. Z wykszta\u0142cenia politolog, z zawodu dziennikarka i copywriterka. Je\u015bli akurat nie pisz\u0119, to najpewniej oddaj\u0119 si\u0119 roli \u017cony i mamy, czytam ksi\u0105\u017cki, piek\u0119 chleb, albo spaceruj\u0119, podziwiaj\u0105c malownicze okolice pi\u0119knej Norwegii.\",\"url\":\"https:\/\/triny.pl\/blog\/author\/olga-pietraszewska\/\"}]}<\/script>\n<!-- \/ Yoast SEO plugin. -->","yoast_head_json":{"title":"Zimowa piel\u0119gnacja w\u0142os\u00f3w. Co warto wiedzie\u0107?","description":"Jak piel\u0119gnowa\u0107 w\u0142osy zim\u0105, by m\u00f3c cieszy\u0107 si\u0119 ich pi\u0119knym wygl\u0105dem? Co w zimowej piel\u0119gnacji w\u0142os\u00f3w jest najwa\u017cniejsze?","robots":{"index":"index","follow":"follow","max-snippet":"max-snippet:-1","max-image-preview":"max-image-preview:large","max-video-preview":"max-video-preview:-1"},"canonical":"https:\/\/triny.pl\/blog\/zimowa-pielegnacja-wlosow-co-warto-wiedziec\/","og_locale":"pl_PL","og_type":"article","og_title":"Zimowa piel\u0119gnacja w\u0142os\u00f3w. Co warto wiedzie\u0107?","og_description":"Jak piel\u0119gnowa\u0107 w\u0142osy zim\u0105, by m\u00f3c cieszy\u0107 si\u0119 ich pi\u0119knym wygl\u0105dem? Co w zimowej piel\u0119gnacji w\u0142os\u00f3w jest najwa\u017cniejsze?","og_url":"https:\/\/triny.pl\/blog\/zimowa-pielegnacja-wlosow-co-warto-wiedziec\/","og_site_name":"Blog Triny.pl","article_publisher":"https:\/\/www.facebook.com\/trinysklep","article_published_time":"2020-11-27T08:33:56+00:00","article_modified_time":"2022-07-22T11:47:16+00:00","og_image":[{"width":1200,"height":800,"url":"https:\/\/triny.pl\/blog\/wp-content\/uploads\/2020\/11\/zimowa-pielegnacja-wlosow.jpeg","type":"image\/jpeg"}],"author":"Olga Pietraszewska","twitter_misc":{"Napisane przez":"Olga Pietraszewska","Szacowany czas czytania":"11 minut"},"schema":{"@context":"https:\/\/schema.org","@graph":[{"@type":"Article","@id":"https:\/\/triny.pl\/blog\/zimowa-pielegnacja-wlosow-co-warto-wiedziec\/#article","isPartOf":{"@id":"https:\/\/triny.pl\/blog\/zimowa-pielegnacja-wlosow-co-warto-wiedziec\/"},"author":{"name":"Olga Pietraszewska","@id":"https:\/\/triny.pl\/blog\/#\/schema\/person\/627fca485014bc94ba34ced7dc5dd756"},"headline":"Zimowa piel\u0119gnacja w\u0142os\u00f3w. Co warto wiedzie\u0107?","datePublished":"2020-11-27T08:33:56+00:00","dateModified":"2022-07-22T11:47:16+00:00","mainEntityOfPage":{"@id":"https:\/\/triny.pl\/blog\/zimowa-pielegnacja-wlosow-co-warto-wiedziec\/"},"wordCount":2404,"commentCount":2,"publisher":{"@id":"https:\/\/triny.pl\/blog\/#organization"},"keywords":["piel\u0119gnacja zim\u0105"],"articleSection":["Zimowa piel\u0119gnacja sk\u00f3ry i w\u0142os\u00f3w"],"inLanguage":"pl-PL","potentialAction":[{"@type":"CommentAction","name":"Comment","target":["https:\/\/triny.pl\/blog\/zimowa-pielegnacja-wlosow-co-warto-wiedziec\/#respond"]}]},{"@type":"WebPage","@id":"https:\/\/triny.pl\/blog\/zimowa-pielegnacja-wlosow-co-warto-wiedziec\/","url":"https:\/\/triny.pl\/blog\/zimowa-pielegnacja-wlosow-co-warto-wiedziec\/","name":"Zimowa piel\u0119gnacja w\u0142os\u00f3w. Co warto wiedzie\u0107?","isPartOf":{"@id":"https:\/\/triny.pl\/blog\/#website"},"datePublished":"2020-11-27T08:33:56+00:00","dateModified":"2022-07-22T11:47:16+00:00","description":"Jak piel\u0119gnowa\u0107 w\u0142osy zim\u0105, by m\u00f3c cieszy\u0107 si\u0119 ich pi\u0119knym wygl\u0105dem? Co w zimowej piel\u0119gnacji w\u0142os\u00f3w jest najwa\u017cniejsze?","breadcrumb":{"@id":"https:\/\/triny.pl\/blog\/zimowa-pielegnacja-wlosow-co-warto-wiedziec\/#breadcrumb"},"inLanguage":"pl-PL","potentialAction":[{"@type":"ReadAction","target":["https:\/\/triny.pl\/blog\/zimowa-pielegnacja-wlosow-co-warto-wiedziec\/"]}]},{"@type":"BreadcrumbList","@id":"https:\/\/triny.pl\/blog\/zimowa-pielegnacja-wlosow-co-warto-wiedziec\/#breadcrumb","itemListElement":[{"@type":"ListItem","position":1,"name":"Strona g\u0142\u00f3wna","item":"https:\/\/triny.pl\/blog\/"},{"@type":"ListItem","position":2,"name":"Zimowa piel\u0119gnacja w\u0142os\u00f3w. Co warto wiedzie\u0107?"}]},{"@type":"WebSite","@id":"https:\/\/triny.pl\/blog\/#website","url":"https:\/\/triny.pl\/blog\/","name":"Blog Triny.pl","description":"Naturalna piel\u0119gnacja bez tajemnic! Pokazujemy jak dba\u0107 o cia\u0142o i w\u0142osy dla optymalnych, d\u0142ugotrwa\u0142ych efekt\u00f3w. Sprawd\u017a te ma\u0142o znane triki :)","publisher":{"@id":"https:\/\/triny.pl\/blog\/#organization"},"potentialAction":[{"@type":"SearchAction","target":{"@type":"EntryPoint","urlTemplate":"https:\/\/triny.pl\/blog\/?s={search_term_string}"},"query-input":"required name=search_term_string"}],"inLanguage":"pl-PL"},{"@type":"Organization","@id":"https:\/\/triny.pl\/blog\/#organization","name":"Triny Sp. z o. o.","url":"https:\/\/triny.pl\/blog\/","logo":{"@type":"ImageObject","inLanguage":"pl-PL","@id":"https:\/\/triny.pl\/blog\/#\/schema\/logo\/image\/","url":"https:\/\/triny.pl\/blog\/wp-content\/uploads\/2020\/08\/logo-triny.png","contentUrl":"https:\/\/triny.pl\/blog\/wp-content\/uploads\/2020\/08\/logo-triny.png","width":190,"height":78,"caption":"Triny Sp. z o. o."},"image":{"@id":"https:\/\/triny.pl\/blog\/#\/schema\/logo\/image\/"},"sameAs":["https:\/\/www.facebook.com\/trinysklep","https:\/\/www.instagram.com\/trinysklep\/","https:\/\/pl.pinterest.com\/trinypl\/_created\/"]},{"@type":"Person","@id":"https:\/\/triny.pl\/blog\/#\/schema\/person\/627fca485014bc94ba34ced7dc5dd756","name":"Olga Pietraszewska","description":"Witaj! Nazywam si\u0119 Olga Pietraszewska. Jestem autork\u0105 bloga Makehappyday.com, pasjonatk\u0105 i propagatork\u0105 naturalnej piel\u0119gnacji oraz zdrowego stylu \u017cycia. Z wykszta\u0142cenia politolog, z zawodu dziennikarka i copywriterka. Je\u015bli akurat nie pisz\u0119, to najpewniej oddaj\u0119 si\u0119 roli \u017cony i mamy, czytam ksi\u0105\u017cki, piek\u0119 chleb, albo spaceruj\u0119, podziwiaj\u0105c malownicze okolice pi\u0119knej Norwegii.","url":"https:\/\/triny.pl\/blog\/author\/olga-pietraszewska\/"}]}},"voteUp":"20","voteDown":"0","authorInfo":{"photo":"https:\/\/triny.pl\/blog\/wp-content\/uploads\/2019\/03\/web-2-150x150.jpg","url":"https:\/\/triny.pl\/blog\/author\/olga-pietraszewska\/","name":"Olga Pietraszewska"},"media":{"full":"https:\/\/triny.pl\/blog\/wp-content\/uploads\/2020\/11\/zimowa-pielegnacja-wlosow.jpeg","desktop":"https:\/\/triny.pl\/blog\/wp-content\/uploads\/2020\/11\/zimowa-pielegnacja-wlosow-505x250.jpeg","mobile":"https:\/\/triny.pl\/blog\/wp-content\/uploads\/2020\/11\/zimowa-pielegnacja-wlosow-375x190.jpeg"},"_links":{"self":[{"href":"https:\/\/triny.pl\/blog\/wp-json\/wp\/v2\/posts\/1322"}],"collection":[{"href":"https:\/\/triny.pl\/blog\/wp-json\/wp\/v2\/posts"}],"about":[{"href":"https:\/\/triny.pl\/blog\/wp-json\/wp\/v2\/types\/post"}],"author":[{"embeddable":true,"href":"https:\/\/triny.pl\/blog\/wp-json\/wp\/v2\/users\/6"}],"replies":[{"embeddable":true,"href":"https:\/\/triny.pl\/blog\/wp-json\/wp\/v2\/comments?post=1322"}],"version-history":[{"count":21,"href":"https:\/\/triny.pl\/blog\/wp-json\/wp\/v2\/posts\/1322\/revisions"}],"predecessor-version":[{"id":24280,"href":"https:\/\/triny.pl\/blog\/wp-json\/wp\/v2\/posts\/1322\/revisions\/24280"}],"wp:featuredmedia":[{"embeddable":true,"href":"https:\/\/triny.pl\/blog\/wp-json\/wp\/v2\/media\/19754"}],"wp:attachment":[{"href":"https:\/\/triny.pl\/blog\/wp-json\/wp\/v2\/media?parent=1322"}],"wp:term":[{"taxonomy":"category","embeddable":true,"href":"https:\/\/triny.pl\/blog\/wp-json\/wp\/v2\/categories?post=1322"},{"taxonomy":"post_tag","embeddable":true,"href":"https:\/\/triny.pl\/blog\/wp-json\/wp\/v2\/tags?post=1322"}],"curies":[{"name":"wp","href":"https:\/\/api.w.org\/{rel}","templated":true}]}}