{"id":13827,"date":"2023-03-30T11:15:00","date_gmt":"2023-03-30T09:15:00","guid":{"rendered":"https:\/\/triny.pl\/blog\/?p=13827"},"modified":"2023-08-23T14:39:44","modified_gmt":"2023-08-23T12:39:44","slug":"pielegnacja-na-wiosne-balsam-do-ciala-ktory-zdziala-cuda","status":"publish","type":"post","link":"https:\/\/triny.pl\/blog\/pielegnacja-na-wiosne-balsam-do-ciala-ktory-zdziala-cuda\/","title":{"rendered":"Piel\u0119gnacja na wiosn\u0119 &#8211; balsam do cia\u0142a, kt\u00f3ry zdzia\u0142a cuda"},"content":{"rendered":"\n<p>Dobry balsam do cia\u0142a to kosmetyk niezb\u0119dny w codziennej piel\u0119gnacji sk\u00f3ry. Zawarte w nim sk\u0142adniki pomagaj\u0105 dba\u0107 o nawil\u017cenie sk\u00f3ry, jej g\u0142adko\u015b\u0107, elastyczno\u015b\u0107 i \u0142adny wygl\u0105d. Zadaniem balsamu do cia\u0142a jest te\u017c wzmacnianie ochrony sk\u00f3ry przed niekorzystnym dzia\u0142aniem czynnik\u00f3w zewn\u0119trznych i pomoc w regeneracji podra\u017cnionego nask\u00f3rka. Planuj\u0105c wiosenn\u0105 piel\u0119gnacj\u0119 sk\u00f3ry warto zadba\u0107 o to, aby w naszej \u0142azience pojawi\u0142 si\u0119 balsam do cia\u0142a, kt\u00f3ry nie tylko pomo\u017ce zapomnie\u0107 sk\u00f3rze o zimie, ale i przygotuje j\u0105 na nadchodz\u0105ce lato.<\/p>\n\n\n\n<!--more-->\n\n\n\n<h2 class=\"wp-block-heading\" id=\"balsam-do-ciala-stosuj-nie-tylko-od-swieta\">Balsam do cia\u0142a stosuj nie tylko od \u015bwi\u0119ta<\/h2>\n\n\n\n<p>My\u015bl\u0119, \u017ce zgodzisz si\u0119 ze mn\u0105, \u017ce na co dzie\u0144 najwi\u0119cej uwagi po\u015bwi\u0119camy piel\u0119gnacji twarzy, a cia\u0142o cz\u0119sto pozostaje na ko\u0144cu naszej listy piel\u0119gnacyjnych priorytet\u00f3w. Nic dziwnego, w ko\u0144cu twarz jest jedn\u0105 z naszych wizyt\u00f3wek i w przeciwie\u0144stwie do pozosta\u0142ych cz\u0119\u015bci cia\u0142a, takich jak brzuch, nogi, czy plecy, nie mo\u017cemy jej ukry\u0107 pod ubraniem. Wyj\u0105tkiem s\u0105 tu jedynie d\u0142onie, kt\u00f3re podobnie, jak twarz otaczamy troskliw\u0105 opiek\u0105, a krem do r\u0105k jest dla nas tak samo wa\u017cny, jak krem do twarzy i ochronny balsam do ust. W ko\u0144cu jednak przychodzi taki moment, gdy to, co skrywamy pod ubraniem, zaczyna by\u0107 widoczne. Bo przychodzi wiosna, a wraz z ni\u0105 s\u0142o\u0144ce i wysokie temperatury. Ciep\u0142e swetry zast\u0119pujemy koszulkami z coraz kr\u00f3tszym r\u0119kawem, wyjmujemy z szafy sp\u00f3dnice i szorty. I cz\u0119sto w\u0142a\u015bnie w tym momencie si\u0119gamy po balsam do cia\u0142a, bo okazuje si\u0119, \u017ce nasza sk\u00f3ra jest przesuszona, wiotka, poszarza\u0142a. Zaczynamy wi\u0119c wylewa\u0107 na siebie litry kosmetyk\u00f3w, licz\u0105c na to, \u017ce balsam do cia\u0142a zdzia\u0142a cuda i w ci\u0105gu kilku dni naprawi to, co same przez d\u0142u\u017cszy czas zaniedbywa\u0142y\u015bmy. I oczywi\u015bcie, je\u015bli trafimy na dobry balsam do cia\u0142a, nasza sk\u00f3ra ju\u017c po kilku dniach mo\u017ce wygl\u0105da\u0107 lepiej. Ale je\u015bli b\u0119dziemy stosowa\u0142y balsam regularnie, czyli przez ca\u0142y rok, nasza sk\u00f3ra ma szans\u0119 wygl\u0105da\u0107 bardzo dobrze przez ca\u0142y czas. A czy nie o to nam chodzi?<\/p>\n\n\n\n<h2 class=\"wp-block-heading\" id=\"dlaczego-twoja-skora-potrzebuje-balsamu-do-ciala\">Dlaczego Twoja sk\u00f3ra potrzebuje balsamu do cia\u0142a?<\/h2>\n\n\n\n<p><strong>Nasza sk\u00f3ra ka\u017cdego dnia jest nara\u017cona na dzia\u0142anie szeregu czynnik\u00f3w zewn\u0119trznych, kt\u00f3re uszkadzaj\u0105 jej naturaln\u0105 barier\u0119 ochronn\u0105.<\/strong> Za te najbardziej szkodliwe uznaje si\u0119 skrajnie niskie lub wysokie temperatury powietrza, zbyt ma\u0142\u0105 wilgotno\u015b\u0107 powietrza w domach, wiatr, s\u0142o\u0144ce i klimatyzacj\u0119. Na kondycj\u0119 naszej sk\u00f3ry i jej wygl\u0105d wp\u0142ywaj\u0105 r\u00f3wnie\u017c (a mo\u017ce przede wszystkim?) nasz styl \u017cycia &#8211; spos\u00f3b od\u017cywiania, aktywno\u015b\u0107 fizyczna, ilo\u015b\u0107 snu. By\u0107 mo\u017ce zaskoczy Ci\u0119 r\u00f3wnie\u017c to, \u017ce naturalne substancje wchodz\u0105ce w sk\u0142ad p\u0142aszcza ochronnego naszej sk\u00f3ry \u015bcieraj\u0105 si\u0119 od ubra\u0144 i wyp\u0142ukuj\u0105, kiedy bierzemy k\u0105piel. <strong>Dlatego je\u015bli w codziennej piel\u0119gnacji nie dbamy o to, aby zabezpieczy\u0107 sk\u00f3r\u0119 przed niekorzystnym dzia\u0142aniem czynnik\u00f3w zewn\u0119trznych, jej kondycja i wygl\u0105d ulegaj\u0105 pogorszeniu.<\/strong> Sk\u00f3ra pozbawiona dodatkowej dawki nawil\u017cenia, jak\u0105 zapewniaj\u0105 sk\u0142adniki zawarte w balsamach do cia\u0142a, staje si\u0119 sucha, ma\u0142o elastyczna i spr\u0119\u017cysta. Mo\u017ce by\u0107 te\u017c podra\u017cniona, poszarza\u0142a i nieprzyjemna w dotyku. Konsekwencj\u0105 braku jej piel\u0119gnacji mo\u017ce by\u0107 te\u017c bardziej widoczny cellulit.<\/p>\n\n\n\n<p>Aby tego unikn\u0105\u0107 warto zacz\u0105\u0107 regularnie stosowa\u0107 balsamy do cia\u0142a. Dobrym pomys\u0142em jest te\u017c k\u0105piel z u\u017cyciem olejk\u00f3w do cia\u0142a, kt\u00f3re otulaj\u0105 sk\u00f3r\u0119 ochronnym filmem. Poza nawil\u017caniem sk\u00f3ry balsamem, warto zafundowa\u0107 naszemu cia\u0142u oczyszczaj\u0105cy i wyg\u0142adzaj\u0105cy peeling lub zacz\u0105\u0107 szczotkowa\u0107 cia\u0142o na sucho, do czego zach\u0119ca\u0142am w tym artykule:<\/p>\n\n\n\n<figure class=\"wp-block-embed is-type-wp-embed is-provider-blog-triny-pl wp-block-embed-blog-triny-pl\"><div class=\"wp-block-embed__wrapper\">\n<blockquote class=\"wp-embedded-content\" data-secret=\"7FC0VE5r52\"><a href=\"https:\/\/triny.pl\/blog\/szczotkowanie-skory-na-sucho-dlaczego-warto\/\">Szczotkowanie cia\u0142a na sucho &#8211; dlaczego warto?<\/a><\/blockquote><iframe class=\"wp-embedded-content\" sandbox=\"allow-scripts\" security=\"restricted\" style=\"position: absolute; clip: rect(1px, 1px, 1px, 1px);\" title=\"&#8222;Szczotkowanie cia\u0142a na sucho &#8211; dlaczego warto?&#8221; &#8212; Blog Triny.pl\" src=\"https:\/\/triny.pl\/blog\/szczotkowanie-skory-na-sucho-dlaczego-warto\/embed\/#?secret=I8XxabuLTV#?secret=7FC0VE5r52\" data-secret=\"7FC0VE5r52\" width=\"600\" height=\"338\" frameborder=\"0\" marginwidth=\"0\" marginheight=\"0\" scrolling=\"no\"><\/iframe>\n<\/div><\/figure>\n\n\n\n<p>A wracaj\u0105c do tematu balsamu do cia\u0142a, chc\u0119 po\u015bwi\u0119ci\u0107 troch\u0119 uwagi balsamom, po kt\u00f3re warto si\u0119gn\u0105\u0107 w wiosennej piel\u0119gnacji sk\u00f3ry.<\/p>\n\n\n\n<h2 class=\"wp-block-heading\" id=\"pielegnacja-na-wiosne-o-to-warto-zadbac\">Piel\u0119gnacja na wiosn\u0119 &#8211; o to warto zadba\u0107<\/h2>\n\n\n\n<p>Po zimie sk\u00f3ra naszego cia\u0142a mo\u017ce by\u0107 do\u015b\u0107 mocno przesuszona i podra\u017cniona. Cz\u0119sto brakuje jej niezb\u0119dnych sk\u0142adnik\u00f3w od\u017cywczych, co jest efektem diety ubo\u017cszej w witaminy i minera\u0142y. <strong>Tym, o co powinna\u015b zadba\u0107 na wiosn\u0119, aby sk\u00f3ra odzyska\u0142a \u0142adny i zadbany wygl\u0105d jest wi\u0119c dobrze zbilansowana dieta oraz piel\u0119gnacja, kt\u00f3rej najwa\u017cniejszym elementem b\u0119dzie mocno nawil\u017caj\u0105cy balsam do cia\u0142a.<\/strong> W dalszej kolejno\u015bci warto rozejrze\u0107 si\u0119 te\u017c za balsamem, kt\u00f3ry od\u017cywi koloryt naszej sk\u00f3ry i przygotuje j\u0105 na pierwszy kontakt ze s\u0142o\u0144cem. Nie zaszkodzi te\u017c przy\u0142o\u017cy\u0107 si\u0119 do tego, aby nasza sk\u00f3ra by\u0142a bardziej g\u0142adka, spr\u0119\u017cysta i j\u0119drna. Tutaj, poza uj\u0119drniaj\u0105cym balsamem do cia\u0142a przyda si\u0119 te\u017c regularna aktywno\u015b\u0107 fizyczna, zar\u00f3wno ta w domu, jak i na zewn\u0105trz.<\/p>\n\n\n\n<p><strong>Piel\u0119gnacja na wiosn\u0119:<\/strong><\/p>\n\n\n\n<ul>\n<li>poprawa nawil\u017cenia<\/li>\n\n\n\n<li>z\u0142agodzenie podra\u017cnie\u0144 i regeneracja nask\u00f3rka<\/li>\n\n\n\n<li>zmi\u0119kczenie i uj\u0119drnienie sk\u00f3ry<\/li>\n\n\n\n<li>poprawa elastyczno\u015b\u0107 nask\u00f3rka<\/li>\n\n\n\n<li>od\u017cywienie sk\u00f3ry<\/li>\n\n\n\n<li>przygotowanie sk\u00f3ry na kontakt ze s\u0142o\u0144cem<\/li>\n\n\n\n<li>wyr\u00f3wnanie kolorytu<\/li>\n<\/ul>\n\n\n\n<h2 class=\"wp-block-heading\" id=\"mocno-nawilzajacy-balsam-do-zadan-specjalnych\"><b>Mocno nawil\u017caj\u0105cy balsam do zada\u0144 specjalnych<\/b><\/h2>\n\n\n\n<p><strong>Intensywnie nawil\u017caj\u0105cy balsam do cia\u0142a to absolutne must have w naszej \u0142azience.<\/strong> To dzi\u0119ki jego dzia\u0142aniu zadbasz o to, aby sk\u00f3ra by\u0142a mi\u0119kka, g\u0142adka i przyjemna w dotyku. Mocno nawil\u017caj\u0105cy balsam do cia\u0142a przyda si\u0119 te\u017c wtedy, gdy sk\u00f3ra zaczyna si\u0119 \u0142uszczy\u0107, jest podra\u017cniona, poszarza\u0142a i brakuje jej j\u0119drno\u015bci. Balsam o dzia\u0142aniu nawil\u017caj\u0105cym wzmocni te\u017c naturaln\u0105 barier\u0119 ochronn\u0105 nask\u00f3rka. Oczywi\u015bcie jego dzia\u0142anie b\u0119dzie w najwi\u0119kszym stopniu uzale\u017cnione od tego, co zawiera w sk\u0142adzie. <strong>Za absolutnie niezb\u0119dne sk\u0142adniki w dobrym balsamie do zada\u0144 specjalnych uznaje si\u0119 oleje i mas\u0142a ro\u015blinne, substancje nawil\u017caj\u0105ce takie jak gliceryna, czy mocznik, aloes, witaminy i sk\u0142adniki o w\u0142a\u015bciwo\u015bciach \u0142agodz\u0105cych typu alantoina i panthenol.<\/strong> Dodatkowym atutem nawil\u017caj\u0105cego balsamu do cia\u0142a b\u0119dzie dodatek ekstrakt\u00f3w ro\u015blinnych oraz to, \u017ce w jego sk\u0142adzie nie ma silikon\u00f3w i olej\u00f3w mineralnych.<\/p>\n\n\n\n<p>Je\u015bli szukasz mocno nawil\u017caj\u0105cego balsamu do cia\u0142a, rzu\u0107 okiem na przygotowane przeze mnie mini-zestawienie balsam\u00f3w polecanych na wiosn\u0119.<\/p>\n\n\n\n<h3 class=\"wp-block-heading\" id=\"nawilzajacy-balsam-do-ciala-na-wiosne\">Nawil\u017caj\u0105cy balsam do cia\u0142a na wiosn\u0119 &#8211; moje polecania<\/h3>\n\n\n<section class=\"slider-collage-carousel\" data-id=\"8272, 12430, 12268, 10603, 12936\"><ul class=\"collage collage-slider\"><li class=\"item\"><a href=\"https:\/\/triny.pl\/8272-e-fiore-balsam-do-ciala-zmiekczajaco-nawilzajacy.html\" target=\"_blank\"><picture><source srcset=\"https:\/\/static.triny.pl\/img\/p\/1\/3\/5\/9\/4\/13594-thickbox_default.webp\"  type=\"image\/webp\"><source srcset=\"https:\/\/static.triny.pl\/img\/p\/1\/3\/5\/9\/4\/13594-thickbox_default.jpg\"  type=\"image\/jpeg\"><img src=\"https:\/\/triny.pl\/blog\/wp-content\/themes\/triny\/assets\/img\/placeholder-600x600.png\" data-src=\"https:\/\/static.triny.pl\/img\/p\/1\/3\/5\/9\/4\/13594-thickbox_default.jpg\" class=\"tns-lazy-img\" alt=\"Balsam do cia\u0142a zmi\u0119kczaj\u0105co-nawil\u017caj\u0105cy\"><\/picture><div class=\"brand\">E-FIORE<\/div><div class=\"title\">Balsam do cia\u0142a zmi\u0119kczaj\u0105co-nawil\u017caj\u0105cy<\/div><\/a><a class=\"slider-collage-carousel__btn read-more-button\" href=\"https:\/\/triny.pl\/8272-e-fiore-balsam-do-ciala-zmiekczajaco-nawilzajacy.html\" target=\"_blank\">Zobacz<\/a><\/li><li class=\"item\"><a href=\"https:\/\/triny.pl\/12430-mokosh-balsam-do-ciala-czekolada-z-wisnia.html\" target=\"_blank\"><picture><source srcset=\"https:\/\/static.triny.pl\/img\/p\/2\/0\/5\/0\/2\/20502-thickbox_default.webp\"  type=\"image\/webp\"><source srcset=\"https:\/\/static.triny.pl\/img\/p\/2\/0\/5\/0\/2\/20502-thickbox_default.jpg\"  type=\"image\/jpeg\"><img src=\"https:\/\/triny.pl\/blog\/wp-content\/themes\/triny\/assets\/img\/placeholder-600x600.png\" data-src=\"https:\/\/static.triny.pl\/img\/p\/2\/0\/5\/0\/2\/20502-thickbox_default.jpg\" class=\"tns-lazy-img\" alt=\"Balsam do cia\u0142a &#8211; Czekolada z wi\u015bni\u0105\"><\/picture><div class=\"brand\">Mokosh<\/div><div class=\"title\">Balsam do cia\u0142a &#8211; Czekolada z wi\u015bni\u0105<\/div><\/a><a class=\"slider-collage-carousel__btn read-more-button\" href=\"https:\/\/triny.pl\/12430-mokosh-balsam-do-ciala-czekolada-z-wisnia.html\" target=\"_blank\">Zobacz<\/a><\/li><li class=\"item\"><a href=\"https:\/\/triny.pl\/12268-laq-niezapominajka-maslo-do-ciala.html\" target=\"_blank\"><picture><source srcset=\"https:\/\/static.triny.pl\/img\/p\/2\/0\/1\/5\/9\/20159-thickbox_default.webp\"  type=\"image\/webp\"><source srcset=\"https:\/\/static.triny.pl\/img\/p\/2\/0\/1\/5\/9\/20159-thickbox_default.jpg\"  type=\"image\/jpeg\"><img src=\"https:\/\/triny.pl\/blog\/wp-content\/themes\/triny\/assets\/img\/placeholder-600x600.png\" data-src=\"https:\/\/static.triny.pl\/img\/p\/2\/0\/1\/5\/9\/20159-thickbox_default.jpg\" class=\"tns-lazy-img\" alt=\"Niezapominajka &#8211; mas\u0142o do cia\u0142a\"><\/picture><div class=\"brand\">LAQ<\/div><div class=\"title\">Niezapominajka &#8211; mas\u0142o do cia\u0142a<\/div><\/a><a class=\"slider-collage-carousel__btn read-more-button\" href=\"https:\/\/triny.pl\/12268-laq-niezapominajka-maslo-do-ciala.html\" target=\"_blank\">Zobacz<\/a><\/li><li class=\"item\"><a href=\"https:\/\/triny.pl\/12936-nacomi-next-level-dermo-proteinowy-krem-do-twarzy-i-ciala.html\" target=\"_blank\"><picture><source srcset=\"https:\/\/static.triny.pl\/img\/p\/2\/1\/2\/6\/9\/21269-thickbox_default.webp\"  type=\"image\/webp\"><source srcset=\"https:\/\/static.triny.pl\/img\/p\/2\/1\/2\/6\/9\/21269-thickbox_default.jpg\"  type=\"image\/jpeg\"><img src=\"https:\/\/triny.pl\/blog\/wp-content\/themes\/triny\/assets\/img\/placeholder-600x600.png\" data-src=\"https:\/\/static.triny.pl\/img\/p\/2\/1\/2\/6\/9\/21269-thickbox_default.jpg\" class=\"tns-lazy-img\" alt=\"Next Level Dermo &#8211; Proteinowy krem do twarzy i cia\u0142a\"><\/picture><div class=\"brand\">Nacomi<\/div><div class=\"title\">Next Level Dermo &#8211; Proteinowy krem do twarzy i cia\u0142a<\/div><\/a><a class=\"slider-collage-carousel__btn read-more-button\" href=\"https:\/\/triny.pl\/12936-nacomi-next-level-dermo-proteinowy-krem-do-twarzy-i-ciala.html\" target=\"_blank\">Zobacz<\/a><\/li><\/ul><\/section>\n\n\n\n<h2 class=\"wp-block-heading\" id=\"balsam-ujedrniajacy-przygotuj-skore-na-slonce\"><b>Balsam uj\u0119drniaj\u0105cy \u2013 przygotuj sk\u00f3r\u0119 na s\u0142o\u0144ce<\/b><\/h2>\n\n\n\n<p>Kiedy ju\u017c przywr\u00f3cisz sk\u00f3rze odpowiedni poziom nawil\u017cenia, z\u0142agodzisz podra\u017cnienia i usuniesz z niej martwy nask\u00f3rek, si\u0119gnij po <strong>balsam o dzia\u0142aniu uj\u0119drniaj\u0105cym.<\/strong> Z jego pomoc\u0105 <strong>poprawisz elastyczno\u015b\u0107 i spr\u0119\u017cysto\u015b\u0107 nask\u00f3rka<\/strong>, wyg\u0142adzisz sk\u00f3r\u0119 i sprawisz, \u017ce b\u0119dzie bardziej j\u0119drna. Tym samym przygotujesz sk\u00f3r\u0119 na s\u0142o\u0144ce i pierwsz\u0105, wiosenn\u0105-letni\u0105 opalenizn\u0119.<\/p>\n\n\n\n<p class=\"tip\">Balsam uj\u0119drniaj\u0105cy nale\u017cy stosowa\u0107 regularnie, najlepiej codziennie. Aby efekt uj\u0119drnienia sk\u00f3ry by\u0142 naprawd\u0119 widoczny, razem z balsamem nale\u017cy stosowa\u0107 dobrze zbilansowan\u0105 diet\u0119 bogat\u0105 w zielone warzywa, produkty pe\u0142noziarniste, nasiona, orzechy i ro\u015bliny str\u0105czkowe oraz dba\u0107 o regularn\u0105 aktywno\u015b\u0107 fizyczn\u0105.<\/p>\n\n\n\n<h3 class=\"wp-block-heading\" id=\"balsam-ujedrniajacy-polecane-produkty\">Balsam uj\u0119drniaj\u0105cy &#8211; polecane produkty<\/h3>\n\n\n<section class=\"slider-collage-carousel\" data-id=\"2937, 4341, 2511, 12330, 7545, 10734\"><ul class=\"collage collage-slider\"><li class=\"item\"><a href=\"https:\/\/triny.pl\/2937-vianek-czerwony-ujedrniajacy-balsam-do-ciala.html\" target=\"_blank\"><picture><source srcset=\"https:\/\/static.triny.pl\/img\/p\/3\/3\/0\/7\/3307-thickbox_default.webp\"  type=\"image\/webp\"><source srcset=\"https:\/\/static.triny.pl\/img\/p\/3\/3\/0\/7\/3307-thickbox_default.jpg\"  type=\"image\/jpeg\"><img src=\"https:\/\/triny.pl\/blog\/wp-content\/themes\/triny\/assets\/img\/placeholder-600x600.png\" data-src=\"https:\/\/static.triny.pl\/img\/p\/3\/3\/0\/7\/3307-thickbox_default.jpg\" class=\"tns-lazy-img\" alt=\"Uj\u0119drniaj\u0105cy balsam do cia\u0142a\"><\/picture><div class=\"brand\">Vianek<\/div><div class=\"title\">Uj\u0119drniaj\u0105cy balsam do cia\u0142a<\/div><\/a><a class=\"slider-collage-carousel__btn read-more-button\" href=\"https:\/\/triny.pl\/2937-vianek-czerwony-ujedrniajacy-balsam-do-ciala.html\" target=\"_blank\">Zobacz<\/a><\/li><li class=\"item\"><a href=\"https:\/\/triny.pl\/4341-resibo-specjalistyczny-balsam-wyszczuplajacy.html\" target=\"_blank\"><picture><source srcset=\"https:\/\/static.triny.pl\/img\/p\/2\/0\/3\/0\/2\/20302-thickbox_default.webp\"  type=\"image\/webp\"><source srcset=\"https:\/\/static.triny.pl\/img\/p\/2\/0\/3\/0\/2\/20302-thickbox_default.jpg\"  type=\"image\/jpeg\"><img src=\"https:\/\/triny.pl\/blog\/wp-content\/themes\/triny\/assets\/img\/placeholder-600x600.png\" data-src=\"https:\/\/static.triny.pl\/img\/p\/2\/0\/3\/0\/2\/20302-thickbox_default.jpg\" class=\"tns-lazy-img\" alt=\"Specjalistyczny balsam uj\u0119drniaj\u0105cy Work Work Work\"><\/picture><div class=\"brand\">Resibo<\/div><div class=\"title\">Specjalistyczny balsam uj\u0119drniaj\u0105cy Work Work Work<\/div><\/a><a class=\"slider-collage-carousel__btn read-more-button\" href=\"https:\/\/triny.pl\/4341-resibo-specjalistyczny-balsam-wyszczuplajacy.html\" target=\"_blank\">Zobacz<\/a><\/li><li class=\"item\"><a href=\"https:\/\/triny.pl\/2511-biolaven-balsam-do-ciala-nawilzenie-i-wygladzenie.html\" target=\"_blank\"><picture><source srcset=\"https:\/\/static.triny.pl\/img\/p\/2\/2\/2\/9\/4\/22294-thickbox_default.webp\"  type=\"image\/webp\"><source srcset=\"https:\/\/static.triny.pl\/img\/p\/2\/2\/2\/9\/4\/22294-thickbox_default.jpg\"  type=\"image\/jpeg\"><img src=\"https:\/\/triny.pl\/blog\/wp-content\/themes\/triny\/assets\/img\/placeholder-600x600.png\" data-src=\"https:\/\/static.triny.pl\/img\/p\/2\/2\/2\/9\/4\/22294-thickbox_default.jpg\" class=\"tns-lazy-img\" alt=\"Wyg\u0142adzaj\u0105cy balsam do cia\u0142a\"><\/picture><div class=\"brand\">Biolaven<\/div><div class=\"title\">Wyg\u0142adzaj\u0105cy balsam do cia\u0142a<\/div><\/a><a class=\"slider-collage-carousel__btn read-more-button\" href=\"https:\/\/triny.pl\/2511-biolaven-balsam-do-ciala-nawilzenie-i-wygladzenie.html\" target=\"_blank\">Zobacz<\/a><\/li><li class=\"item\"><a href=\"https:\/\/triny.pl\/12330-bosphaera-specjalistyczny-mus-do-ciala-wyszczuplajaco-ujedrniajacy.html\" target=\"_blank\"><picture><source srcset=\"https:\/\/static.triny.pl\/img\/p\/2\/0\/2\/9\/8\/20298-thickbox_default.webp\"  type=\"image\/webp\"><source srcset=\"https:\/\/static.triny.pl\/img\/p\/2\/0\/2\/9\/8\/20298-thickbox_default.jpg\"  type=\"image\/jpeg\"><img src=\"https:\/\/triny.pl\/blog\/wp-content\/themes\/triny\/assets\/img\/placeholder-600x600.png\" data-src=\"https:\/\/static.triny.pl\/img\/p\/2\/0\/2\/9\/8\/20298-thickbox_default.jpg\" class=\"tns-lazy-img\" alt=\"Specjalistyczny mus do cia\u0142a wyszczuplaj\u0105co-uj\u0119drniaj\u0105cy\"><\/picture><div class=\"brand\">Bosphaera<\/div><div class=\"title\">Specjalistyczny mus do cia\u0142a wyszczuplaj\u0105co-uj\u0119drniaj\u0105cy<\/div><\/a><a class=\"slider-collage-carousel__btn read-more-button\" href=\"https:\/\/triny.pl\/12330-bosphaera-specjalistyczny-mus-do-ciala-wyszczuplajaco-ujedrniajacy.html\" target=\"_blank\">Zobacz<\/a><\/li><li class=\"item\"><a href=\"https:\/\/triny.pl\/7545-lale-kosmetyki-maslo-antycellulitowe-kawowe-z-kofeina.html\" target=\"_blank\"><picture><source srcset=\"https:\/\/static.triny.pl\/img\/p\/1\/0\/5\/3\/0\/10530-thickbox_default.webp\"  type=\"image\/webp\"><source srcset=\"https:\/\/static.triny.pl\/img\/p\/1\/0\/5\/3\/0\/10530-thickbox_default.jpg\"  type=\"image\/jpeg\"><img src=\"https:\/\/triny.pl\/blog\/wp-content\/themes\/triny\/assets\/img\/placeholder-600x600.png\" data-src=\"https:\/\/static.triny.pl\/img\/p\/1\/0\/5\/3\/0\/10530-thickbox_default.jpg\" class=\"tns-lazy-img\" alt=\"Mas\u0142o antycellulitowe &#8211; kawowe z kofein\u0105\"><\/picture><div class=\"brand\">La-Le Kosmetyki<\/div><div class=\"title\">Mas\u0142o antycellulitowe &#8211; kawowe z kofein\u0105<\/div><\/a><a class=\"slider-collage-carousel__btn read-more-button\" href=\"https:\/\/triny.pl\/7545-lale-kosmetyki-maslo-antycellulitowe-kawowe-z-kofeina.html\" target=\"_blank\">Zobacz<\/a><\/li><li class=\"item\"><a href=\"https:\/\/triny.pl\/10734-mokosh-specjalistyczny-balsam-antycellulitowy-icon-wanilia-z-tymiankiem.html\" target=\"_blank\"><picture><source srcset=\"https:\/\/static.triny.pl\/img\/p\/1\/8\/7\/4\/0\/18740-thickbox_default.webp\"  type=\"image\/webp\"><source srcset=\"https:\/\/static.triny.pl\/img\/p\/1\/8\/7\/4\/0\/18740-thickbox_default.jpg\"  type=\"image\/jpeg\"><img src=\"https:\/\/triny.pl\/blog\/wp-content\/themes\/triny\/assets\/img\/placeholder-600x600.png\" data-src=\"https:\/\/static.triny.pl\/img\/p\/1\/8\/7\/4\/0\/18740-thickbox_default.jpg\" class=\"tns-lazy-img\" alt=\"Specjalistyczny balsam antycellulitowy Icon &#8211; Wanilia z tymiankiem\"><\/picture><div class=\"brand\">Mokosh<\/div><div class=\"title\">Specjalistyczny balsam antycellulitowy Icon &#8211; Wanilia z tymiankiem<\/div><\/a><a class=\"slider-collage-carousel__btn read-more-button\" href=\"https:\/\/triny.pl\/10734-mokosh-specjalistyczny-balsam-antycellulitowy-icon-wanilia-z-tymiankiem.html\" target=\"_blank\">Zobacz<\/a><\/li><\/ul><\/section>\n\n\n\n<h2 class=\"wp-block-heading\" id=\"balsam-brazujacy-bezpieczna-opalenizna\"><b>Balsam br\u0105zuj\u0105cy \u2013 bezpieczna opalenizna<\/b><\/h2>\n\n\n\n<p><strong>Piel\u0119gnacja na wiosn\u0119 powinna przygotowa\u0107 nasz\u0105 sk\u00f3r\u0119 na bezpieczn\u0105, zdrowo wygl\u0105daj\u0105c\u0105 opalenizn\u0119.<\/strong> To w\u0142a\u015bnie m.in. w tym celu stosujemy balsamy do cia\u0142a o dzia\u0142aniu nawil\u017caj\u0105cym i uj\u0119drniaj\u0105cym. Ale co mo\u017cemy zrobi\u0107, je\u015bli nie chcemy czeka\u0107 na pierwsze naprawd\u0119 ciep\u0142e dni, kt\u00f3re pozwol\u0105 nam wystawi\u0107 nogi na s\u0142o\u0144ce i naby\u0107 pierwsz\u0105 opalenizn\u0119? <strong>Si\u0119gn\u0105\u0107 po balsam br\u0105zuj\u0105cy!<\/strong><\/p>\n\n\n\n<h3 class=\"wp-block-heading\" id=\"balsam-brazujacy-na-wiosne\">Balsam br\u0105zuj\u0105cy na wiosn\u0119<\/h3>\n\n\n<section class=\"slider-collage-carousel\" data-id=\"11291, 11293, 3986, 11756, 9574, 12272, 13047\"><ul class=\"collage collage-slider\"><li class=\"item\"><a href=\"https:\/\/triny.pl\/11291-joik-sunless-tan-samoopalajacy-balsam-do-ciala-light.html\" target=\"_blank\"><picture><source srcset=\"https:\/\/static.triny.pl\/img\/p\/1\/6\/8\/6\/6\/16866-thickbox_default.webp\"  type=\"image\/webp\"><source srcset=\"https:\/\/static.triny.pl\/img\/p\/1\/6\/8\/6\/6\/16866-thickbox_default.jpg\"  type=\"image\/jpeg\"><img src=\"https:\/\/triny.pl\/blog\/wp-content\/themes\/triny\/assets\/img\/placeholder-600x600.png\" data-src=\"https:\/\/static.triny.pl\/img\/p\/1\/6\/8\/6\/6\/16866-thickbox_default.jpg\" class=\"tns-lazy-img\" alt=\"Sunless Tan &#8211; Samoopalaj\u0105cy balsam do cia\u0142a &#8211; Light\"><\/picture><div class=\"brand\">JOIK<\/div><div class=\"title\">Sunless Tan &#8211; Samoopalaj\u0105cy balsam do cia\u0142a &#8211; Light<\/div><\/a><a class=\"slider-collage-carousel__btn read-more-button\" href=\"https:\/\/triny.pl\/11291-joik-sunless-tan-samoopalajacy-balsam-do-ciala-light.html\" target=\"_blank\">Zobacz<\/a><\/li><li class=\"item\"><a href=\"https:\/\/triny.pl\/3986-mokosh-brazujacy-balsam-do-ciala-i-twarzy-pomarancza-z-cynamonem.html\" target=\"_blank\"><picture><source srcset=\"https:\/\/static.triny.pl\/img\/p\/1\/8\/7\/1\/7\/18717-thickbox_default.webp\"  type=\"image\/webp\"><source srcset=\"https:\/\/static.triny.pl\/img\/p\/1\/8\/7\/1\/7\/18717-thickbox_default.jpg\"  type=\"image\/jpeg\"><img src=\"https:\/\/triny.pl\/blog\/wp-content\/themes\/triny\/assets\/img\/placeholder-600x600.png\" data-src=\"https:\/\/static.triny.pl\/img\/p\/1\/8\/7\/1\/7\/18717-thickbox_default.jpg\" class=\"tns-lazy-img\" alt=\"Br\u0105zuj\u0105cy balsam do cia\u0142a i twarzy &#8211; Pomara\u0144cza z cynamonem\"><\/picture><div class=\"brand\">Mokosh<\/div><div class=\"title\">Br\u0105zuj\u0105cy balsam do cia\u0142a i twarzy &#8211; Pomara\u0144cza z cynamonem<\/div><\/a><a class=\"slider-collage-carousel__btn read-more-button\" href=\"https:\/\/triny.pl\/3986-mokosh-brazujacy-balsam-do-ciala-i-twarzy-pomarancza-z-cynamonem.html\" target=\"_blank\">Zobacz<\/a><\/li><li class=\"item\"><a href=\"https:\/\/triny.pl\/11756-veoli-botanica-it-s-tan-o-clock-samoopalajaca-pianka-z-ekstraktem-z-brazowych-alg.html\" target=\"_blank\"><picture><source srcset=\"https:\/\/static.triny.pl\/img\/p\/1\/9\/2\/2\/4\/19224-thickbox_default.webp\"  type=\"image\/webp\"><source srcset=\"https:\/\/static.triny.pl\/img\/p\/1\/9\/2\/2\/4\/19224-thickbox_default.jpg\"  type=\"image\/jpeg\"><img src=\"https:\/\/triny.pl\/blog\/wp-content\/themes\/triny\/assets\/img\/placeholder-600x600.png\" data-src=\"https:\/\/static.triny.pl\/img\/p\/1\/9\/2\/2\/4\/19224-thickbox_default.jpg\" class=\"tns-lazy-img\" alt=\"Its tan oclock &#8211; samoopalaj\u0105ca pianka z ekstraktem z br\u0105zowych alg\"><\/picture><div class=\"brand\">Veoli Botanica<\/div><div class=\"title\">Its tan oclock &#8211; samoopalaj\u0105ca pianka z ekstraktem z br\u0105zowych alg<\/div><\/a><a class=\"slider-collage-carousel__btn read-more-button\" href=\"https:\/\/triny.pl\/11756-veoli-botanica-it-s-tan-o-clock-samoopalajaca-pianka-z-ekstraktem-z-brazowych-alg.html\" target=\"_blank\">Zobacz<\/a><\/li><li class=\"item\"><a href=\"https:\/\/triny.pl\/12272-ritualia-delight-krem-brazujacy-do-twarzy-i-ciala.html\" target=\"_blank\"><picture><source srcset=\"https:\/\/static.triny.pl\/img\/p\/2\/0\/1\/7\/4\/20174-thickbox_default.webp\"  type=\"image\/webp\"><source srcset=\"https:\/\/static.triny.pl\/img\/p\/2\/0\/1\/7\/4\/20174-thickbox_default.jpg\"  type=\"image\/jpeg\"><img src=\"https:\/\/triny.pl\/blog\/wp-content\/themes\/triny\/assets\/img\/placeholder-600x600.png\" data-src=\"https:\/\/static.triny.pl\/img\/p\/2\/0\/1\/7\/4\/20174-thickbox_default.jpg\" class=\"tns-lazy-img\" alt=\"Ritualia &#8211; Delight &#8211; Krem br\u0105zuj\u0105cy do twarzy i cia\u0142a\"><\/picture><div class=\"brand\">OnlyBio<\/div><div class=\"title\">Ritualia &#8211; Delight &#8211; Krem br\u0105zuj\u0105cy do twarzy i cia\u0142a<\/div><\/a><a class=\"slider-collage-carousel__btn read-more-button\" href=\"https:\/\/triny.pl\/12272-ritualia-delight-krem-brazujacy-do-twarzy-i-ciala.html\" target=\"_blank\">Zobacz<\/a><\/li><li class=\"item\"><a href=\"https:\/\/triny.pl\/13047-mokosh-subtelnie-brazujacy-balsam-do-ciala-i-twarzy-marakuja.html\" target=\"_blank\"><picture><source srcset=\"https:\/\/static.triny.pl\/img\/p\/2\/1\/7\/8\/3\/21783-thickbox_default.webp\"  type=\"image\/webp\"><source srcset=\"https:\/\/static.triny.pl\/img\/p\/2\/1\/7\/8\/3\/21783-thickbox_default.jpg\"  type=\"image\/jpeg\"><img src=\"https:\/\/triny.pl\/blog\/wp-content\/themes\/triny\/assets\/img\/placeholder-600x600.png\" data-src=\"https:\/\/static.triny.pl\/img\/p\/2\/1\/7\/8\/3\/21783-thickbox_default.jpg\" class=\"tns-lazy-img\" alt=\"Subtelnie br\u0105zuj\u0105cy balsam do cia\u0142a i twarzy Marakuja\"><\/picture><div class=\"brand\">Mokosh<\/div><div class=\"title\">Subtelnie br\u0105zuj\u0105cy balsam do cia\u0142a i twarzy Marakuja<\/div><\/a><a class=\"slider-collage-carousel__btn read-more-button\" href=\"https:\/\/triny.pl\/13047-mokosh-subtelnie-brazujacy-balsam-do-ciala-i-twarzy-marakuja.html\" target=\"_blank\">Zobacz<\/a><\/li><\/ul><\/section>\n\n\n\n<p>Moim osobistym ulubie\u0144cem jest <strong>balsam br\u0105zuj\u0105cy Mokosh<\/strong>. Zawarty w jego sk\u0142adzie&nbsp;ekstrakt z niepokalanka pospolitego zwi\u0119ksza pigmentacj\u0119 sk\u00f3ry stymuluj\u0105c produkcj\u0119 melaniny w melanocytach, co sprzyja delikatnemu br\u0105zowieniu sk\u00f3ry. Oleje i mas\u0142a ro\u015blinne, kt\u00f3rych nie brakuje w sk\u0142adzie tego balsamu dbaj\u0105 o mi\u0119kko\u015b\u0107 sk\u00f3ry, jej nawil\u017cenie, ochron\u0119 przed dzia\u0142aniem czynnik\u00f3w zewn\u0119trznych, a przy okazji poprawiaj\u0105 jej j\u0119drno\u015b\u0107 i op\u00f3\u017aniaj\u0105 procesy starzenia si\u0119 sk\u00f3ry.<\/p>\n\n\n\n<p><a href=\"https:\/\/triny.pl\/blog\/brazujacy-balsam-do-ciala-i-twarzy-mokosh-recenzja\/\">Balsam br\u0105zuj\u0105cy Mokosh &#8211; przeczytaj nasz\u0105 recenzj\u0119!<\/a><\/p>\n\n\n\n<p>Kosmetykiem wartym uwagi jest te\u017c <strong>balsam samoopalaj\u0105cy Sunless Tan od JOIK.<\/strong> Nadaje on sk\u00f3rze&nbsp;odcie\u0144 naturalnej, bardzo delikatnej opalenizny i wykazuje przyjemne dzia\u0142anie piel\u0119gnacyjne. Jest przy tym do\u015b\u0107 wydajny, a co najwa\u017cniejsze &#8211; w pe\u0142ni naturalny!<\/p>\n\n\n\n<h2 class=\"wp-block-heading\" id=\"podsumowanie\">Podsumowanie<\/h2>\n\n\n\n<p>Na koniec zostawi\u0142am odpowied\u017a na pytanie, kt\u00f3re by\u0107 mo\u017ce czytaj\u0105c ten tekst zada\u0142a\u015b ju\u017c kilkukrotnie. Jak cz\u0119sto stosowa\u0107 balsam do cia\u0142a? Najlepiej codziennie! Zw\u0142aszcza, je\u015bli borykasz si\u0119 z takimi problemami, jak przesuszona i \u0142uszcz\u0105ca si\u0119 sk\u00f3ra lub cellulit. Je\u015bli natomiast wydaje Ci si\u0119, \u017ce Twoja sk\u00f3ra jest w dobrej kondycji i nie wymaga codziennego nawil\u017cania, staraj si\u0119 wklepywa\u0107 w ni\u0105 balsam przynajmniej 2-3 razy w tygodniu.<\/p>\n","protected":false},"excerpt":{"rendered":"<p>Dobry balsam do cia\u0142a to kosmetyk niezb\u0119dny w codziennej piel\u0119gnacji sk\u00f3ry. Zawarte w nim sk\u0142adniki pomagaj\u0105 dba\u0107 o nawil\u017cenie sk\u00f3ry, jej&#8230;<\/p>\n","protected":false},"author":6,"featured_media":19780,"comment_status":"open","ping_status":"open","sticky":false,"template":"","format":"standard","meta":{"footnotes":""},"categories":[36],"tags":[8027],"acf":[],"yoast_head":"<!-- This site is optimized with the Yoast SEO plugin v21.1 - https:\/\/yoast.com\/wordpress\/plugins\/seo\/ -->\n<title>Piel\u0119gnacja na wiosn\u0119 - balsam do cia\u0142a, kt\u00f3ry zdzia\u0142a cuda<\/title>\n<meta name=\"description\" content=\"Balsam do cia\u0142a to jeden z tych kosmetyk\u00f3w, kt\u00f3rych nie mo\u017ce brakowa\u0107 w codziennej piel\u0119gnacji sk\u00f3ry. Po jaki balsam do cia\u0142a warto si\u0119gn\u0105\u0107 wiosn\u0105?\" \/>\n<meta name=\"robots\" content=\"index, follow, max-snippet:-1, max-image-preview:large, max-video-preview:-1\" \/>\n<link rel=\"canonical\" href=\"https:\/\/triny.pl\/blog\/pielegnacja-na-wiosne-balsam-do-ciala-ktory-zdziala-cuda\/\" \/>\n<meta property=\"og:locale\" content=\"pl_PL\" \/>\n<meta property=\"og:type\" content=\"article\" \/>\n<meta property=\"og:title\" content=\"Piel\u0119gnacja na wiosn\u0119 - balsam do cia\u0142a, kt\u00f3ry zdzia\u0142a cuda\" \/>\n<meta property=\"og:description\" content=\"Balsam do cia\u0142a to jeden z tych kosmetyk\u00f3w, kt\u00f3rych nie mo\u017ce brakowa\u0107 w codziennej piel\u0119gnacji sk\u00f3ry. Po jaki balsam do cia\u0142a warto si\u0119gn\u0105\u0107 wiosn\u0105?\" \/>\n<meta property=\"og:url\" content=\"https:\/\/triny.pl\/blog\/pielegnacja-na-wiosne-balsam-do-ciala-ktory-zdziala-cuda\/\" \/>\n<meta property=\"og:site_name\" content=\"Blog Triny.pl\" \/>\n<meta property=\"article:publisher\" content=\"https:\/\/www.facebook.com\/trinysklep\" \/>\n<meta property=\"article:published_time\" content=\"2023-03-30T09:15:00+00:00\" \/>\n<meta property=\"article:modified_time\" content=\"2023-08-23T12:39:44+00:00\" \/>\n<meta property=\"og:image\" content=\"https:\/\/triny.pl\/blog\/wp-content\/uploads\/2020\/04\/wiosna-balsam.jpeg\" \/>\n\t<meta property=\"og:image:width\" content=\"1200\" \/>\n\t<meta property=\"og:image:height\" content=\"800\" \/>\n\t<meta property=\"og:image:type\" content=\"image\/jpeg\" \/>\n<meta name=\"author\" content=\"Olga Pietraszewska\" \/>\n<meta name=\"twitter:label1\" content=\"Napisane przez\" \/>\n\t<meta name=\"twitter:data1\" content=\"Olga Pietraszewska\" \/>\n\t<meta name=\"twitter:label2\" content=\"Szacowany czas czytania\" \/>\n\t<meta name=\"twitter:data2\" content=\"8 minut\" \/>\n<script type=\"application\/ld+json\" class=\"yoast-schema-graph\">{\"@context\":\"https:\/\/schema.org\",\"@graph\":[{\"@type\":\"Article\",\"@id\":\"https:\/\/triny.pl\/blog\/pielegnacja-na-wiosne-balsam-do-ciala-ktory-zdziala-cuda\/#article\",\"isPartOf\":{\"@id\":\"https:\/\/triny.pl\/blog\/pielegnacja-na-wiosne-balsam-do-ciala-ktory-zdziala-cuda\/\"},\"author\":{\"name\":\"Olga Pietraszewska\",\"@id\":\"https:\/\/triny.pl\/blog\/#\/schema\/person\/627fca485014bc94ba34ced7dc5dd756\"},\"headline\":\"Piel\u0119gnacja na wiosn\u0119 &#8211; balsam do cia\u0142a, kt\u00f3ry zdzia\u0142a cuda\",\"datePublished\":\"2023-03-30T09:15:00+00:00\",\"dateModified\":\"2023-08-23T12:39:44+00:00\",\"mainEntityOfPage\":{\"@id\":\"https:\/\/triny.pl\/blog\/pielegnacja-na-wiosne-balsam-do-ciala-ktory-zdziala-cuda\/\"},\"wordCount\":1576,\"commentCount\":0,\"publisher\":{\"@id\":\"https:\/\/triny.pl\/blog\/#organization\"},\"keywords\":[\"piel\u0119gnacja wiosn\u0105\"],\"articleSection\":[\"Piel\u0119gnacja cia\u0142a - naturalnie\"],\"inLanguage\":\"pl-PL\",\"potentialAction\":[{\"@type\":\"CommentAction\",\"name\":\"Comment\",\"target\":[\"https:\/\/triny.pl\/blog\/pielegnacja-na-wiosne-balsam-do-ciala-ktory-zdziala-cuda\/#respond\"]}]},{\"@type\":\"WebPage\",\"@id\":\"https:\/\/triny.pl\/blog\/pielegnacja-na-wiosne-balsam-do-ciala-ktory-zdziala-cuda\/\",\"url\":\"https:\/\/triny.pl\/blog\/pielegnacja-na-wiosne-balsam-do-ciala-ktory-zdziala-cuda\/\",\"name\":\"Piel\u0119gnacja na wiosn\u0119 - balsam do cia\u0142a, kt\u00f3ry zdzia\u0142a cuda\",\"isPartOf\":{\"@id\":\"https:\/\/triny.pl\/blog\/#website\"},\"datePublished\":\"2023-03-30T09:15:00+00:00\",\"dateModified\":\"2023-08-23T12:39:44+00:00\",\"description\":\"Balsam do cia\u0142a to jeden z tych kosmetyk\u00f3w, kt\u00f3rych nie mo\u017ce brakowa\u0107 w codziennej piel\u0119gnacji sk\u00f3ry. Po jaki balsam do cia\u0142a warto si\u0119gn\u0105\u0107 wiosn\u0105?\",\"breadcrumb\":{\"@id\":\"https:\/\/triny.pl\/blog\/pielegnacja-na-wiosne-balsam-do-ciala-ktory-zdziala-cuda\/#breadcrumb\"},\"inLanguage\":\"pl-PL\",\"potentialAction\":[{\"@type\":\"ReadAction\",\"target\":[\"https:\/\/triny.pl\/blog\/pielegnacja-na-wiosne-balsam-do-ciala-ktory-zdziala-cuda\/\"]}]},{\"@type\":\"BreadcrumbList\",\"@id\":\"https:\/\/triny.pl\/blog\/pielegnacja-na-wiosne-balsam-do-ciala-ktory-zdziala-cuda\/#breadcrumb\",\"itemListElement\":[{\"@type\":\"ListItem\",\"position\":1,\"name\":\"Strona g\u0142\u00f3wna\",\"item\":\"https:\/\/triny.pl\/blog\/\"},{\"@type\":\"ListItem\",\"position\":2,\"name\":\"Piel\u0119gnacja na wiosn\u0119 &#8211; balsam do cia\u0142a, kt\u00f3ry zdzia\u0142a cuda\"}]},{\"@type\":\"WebSite\",\"@id\":\"https:\/\/triny.pl\/blog\/#website\",\"url\":\"https:\/\/triny.pl\/blog\/\",\"name\":\"Blog Triny.pl\",\"description\":\"Naturalna piel\u0119gnacja bez tajemnic! Pokazujemy jak dba\u0107 o cia\u0142o i w\u0142osy dla optymalnych, d\u0142ugotrwa\u0142ych efekt\u00f3w. Sprawd\u017a te ma\u0142o znane triki :)\",\"publisher\":{\"@id\":\"https:\/\/triny.pl\/blog\/#organization\"},\"potentialAction\":[{\"@type\":\"SearchAction\",\"target\":{\"@type\":\"EntryPoint\",\"urlTemplate\":\"https:\/\/triny.pl\/blog\/?s={search_term_string}\"},\"query-input\":\"required name=search_term_string\"}],\"inLanguage\":\"pl-PL\"},{\"@type\":\"Organization\",\"@id\":\"https:\/\/triny.pl\/blog\/#organization\",\"name\":\"Triny Sp. z o. o.\",\"url\":\"https:\/\/triny.pl\/blog\/\",\"logo\":{\"@type\":\"ImageObject\",\"inLanguage\":\"pl-PL\",\"@id\":\"https:\/\/triny.pl\/blog\/#\/schema\/logo\/image\/\",\"url\":\"https:\/\/triny.pl\/blog\/wp-content\/uploads\/2020\/08\/logo-triny.png\",\"contentUrl\":\"https:\/\/triny.pl\/blog\/wp-content\/uploads\/2020\/08\/logo-triny.png\",\"width\":190,\"height\":78,\"caption\":\"Triny Sp. z o. o.\"},\"image\":{\"@id\":\"https:\/\/triny.pl\/blog\/#\/schema\/logo\/image\/\"},\"sameAs\":[\"https:\/\/www.facebook.com\/trinysklep\",\"https:\/\/www.instagram.com\/trinysklep\/\",\"https:\/\/pl.pinterest.com\/trinypl\/_created\/\"]},{\"@type\":\"Person\",\"@id\":\"https:\/\/triny.pl\/blog\/#\/schema\/person\/627fca485014bc94ba34ced7dc5dd756\",\"name\":\"Olga Pietraszewska\",\"description\":\"Witaj! Nazywam si\u0119 Olga Pietraszewska. Jestem autork\u0105 bloga Makehappyday.com, pasjonatk\u0105 i propagatork\u0105 naturalnej piel\u0119gnacji oraz zdrowego stylu \u017cycia. Z wykszta\u0142cenia politolog, z zawodu dziennikarka i copywriterka. Je\u015bli akurat nie pisz\u0119, to najpewniej oddaj\u0119 si\u0119 roli \u017cony i mamy, czytam ksi\u0105\u017cki, piek\u0119 chleb, albo spaceruj\u0119, podziwiaj\u0105c malownicze okolice pi\u0119knej Norwegii.\",\"url\":\"https:\/\/triny.pl\/blog\/author\/olga-pietraszewska\/\"}]}<\/script>\n<!-- \/ Yoast SEO plugin. -->","yoast_head_json":{"title":"Piel\u0119gnacja na wiosn\u0119 - balsam do cia\u0142a, kt\u00f3ry zdzia\u0142a cuda","description":"Balsam do cia\u0142a to jeden z tych kosmetyk\u00f3w, kt\u00f3rych nie mo\u017ce brakowa\u0107 w codziennej piel\u0119gnacji sk\u00f3ry. Po jaki balsam do cia\u0142a warto si\u0119gn\u0105\u0107 wiosn\u0105?","robots":{"index":"index","follow":"follow","max-snippet":"max-snippet:-1","max-image-preview":"max-image-preview:large","max-video-preview":"max-video-preview:-1"},"canonical":"https:\/\/triny.pl\/blog\/pielegnacja-na-wiosne-balsam-do-ciala-ktory-zdziala-cuda\/","og_locale":"pl_PL","og_type":"article","og_title":"Piel\u0119gnacja na wiosn\u0119 - balsam do cia\u0142a, kt\u00f3ry zdzia\u0142a cuda","og_description":"Balsam do cia\u0142a to jeden z tych kosmetyk\u00f3w, kt\u00f3rych nie mo\u017ce brakowa\u0107 w codziennej piel\u0119gnacji sk\u00f3ry. Po jaki balsam do cia\u0142a warto si\u0119gn\u0105\u0107 wiosn\u0105?","og_url":"https:\/\/triny.pl\/blog\/pielegnacja-na-wiosne-balsam-do-ciala-ktory-zdziala-cuda\/","og_site_name":"Blog Triny.pl","article_publisher":"https:\/\/www.facebook.com\/trinysklep","article_published_time":"2023-03-30T09:15:00+00:00","article_modified_time":"2023-08-23T12:39:44+00:00","og_image":[{"width":1200,"height":800,"url":"https:\/\/triny.pl\/blog\/wp-content\/uploads\/2020\/04\/wiosna-balsam.jpeg","type":"image\/jpeg"}],"author":"Olga Pietraszewska","twitter_misc":{"Napisane przez":"Olga Pietraszewska","Szacowany czas czytania":"8 minut"},"schema":{"@context":"https:\/\/schema.org","@graph":[{"@type":"Article","@id":"https:\/\/triny.pl\/blog\/pielegnacja-na-wiosne-balsam-do-ciala-ktory-zdziala-cuda\/#article","isPartOf":{"@id":"https:\/\/triny.pl\/blog\/pielegnacja-na-wiosne-balsam-do-ciala-ktory-zdziala-cuda\/"},"author":{"name":"Olga Pietraszewska","@id":"https:\/\/triny.pl\/blog\/#\/schema\/person\/627fca485014bc94ba34ced7dc5dd756"},"headline":"Piel\u0119gnacja na wiosn\u0119 &#8211; balsam do cia\u0142a, kt\u00f3ry zdzia\u0142a cuda","datePublished":"2023-03-30T09:15:00+00:00","dateModified":"2023-08-23T12:39:44+00:00","mainEntityOfPage":{"@id":"https:\/\/triny.pl\/blog\/pielegnacja-na-wiosne-balsam-do-ciala-ktory-zdziala-cuda\/"},"wordCount":1576,"commentCount":0,"publisher":{"@id":"https:\/\/triny.pl\/blog\/#organization"},"keywords":["piel\u0119gnacja wiosn\u0105"],"articleSection":["Piel\u0119gnacja cia\u0142a - naturalnie"],"inLanguage":"pl-PL","potentialAction":[{"@type":"CommentAction","name":"Comment","target":["https:\/\/triny.pl\/blog\/pielegnacja-na-wiosne-balsam-do-ciala-ktory-zdziala-cuda\/#respond"]}]},{"@type":"WebPage","@id":"https:\/\/triny.pl\/blog\/pielegnacja-na-wiosne-balsam-do-ciala-ktory-zdziala-cuda\/","url":"https:\/\/triny.pl\/blog\/pielegnacja-na-wiosne-balsam-do-ciala-ktory-zdziala-cuda\/","name":"Piel\u0119gnacja na wiosn\u0119 - balsam do cia\u0142a, kt\u00f3ry zdzia\u0142a cuda","isPartOf":{"@id":"https:\/\/triny.pl\/blog\/#website"},"datePublished":"2023-03-30T09:15:00+00:00","dateModified":"2023-08-23T12:39:44+00:00","description":"Balsam do cia\u0142a to jeden z tych kosmetyk\u00f3w, kt\u00f3rych nie mo\u017ce brakowa\u0107 w codziennej piel\u0119gnacji sk\u00f3ry. Po jaki balsam do cia\u0142a warto si\u0119gn\u0105\u0107 wiosn\u0105?","breadcrumb":{"@id":"https:\/\/triny.pl\/blog\/pielegnacja-na-wiosne-balsam-do-ciala-ktory-zdziala-cuda\/#breadcrumb"},"inLanguage":"pl-PL","potentialAction":[{"@type":"ReadAction","target":["https:\/\/triny.pl\/blog\/pielegnacja-na-wiosne-balsam-do-ciala-ktory-zdziala-cuda\/"]}]},{"@type":"BreadcrumbList","@id":"https:\/\/triny.pl\/blog\/pielegnacja-na-wiosne-balsam-do-ciala-ktory-zdziala-cuda\/#breadcrumb","itemListElement":[{"@type":"ListItem","position":1,"name":"Strona g\u0142\u00f3wna","item":"https:\/\/triny.pl\/blog\/"},{"@type":"ListItem","position":2,"name":"Piel\u0119gnacja na wiosn\u0119 &#8211; balsam do cia\u0142a, kt\u00f3ry zdzia\u0142a cuda"}]},{"@type":"WebSite","@id":"https:\/\/triny.pl\/blog\/#website","url":"https:\/\/triny.pl\/blog\/","name":"Blog Triny.pl","description":"Naturalna piel\u0119gnacja bez tajemnic! Pokazujemy jak dba\u0107 o cia\u0142o i w\u0142osy dla optymalnych, d\u0142ugotrwa\u0142ych efekt\u00f3w. Sprawd\u017a te ma\u0142o znane triki :)","publisher":{"@id":"https:\/\/triny.pl\/blog\/#organization"},"potentialAction":[{"@type":"SearchAction","target":{"@type":"EntryPoint","urlTemplate":"https:\/\/triny.pl\/blog\/?s={search_term_string}"},"query-input":"required name=search_term_string"}],"inLanguage":"pl-PL"},{"@type":"Organization","@id":"https:\/\/triny.pl\/blog\/#organization","name":"Triny Sp. z o. o.","url":"https:\/\/triny.pl\/blog\/","logo":{"@type":"ImageObject","inLanguage":"pl-PL","@id":"https:\/\/triny.pl\/blog\/#\/schema\/logo\/image\/","url":"https:\/\/triny.pl\/blog\/wp-content\/uploads\/2020\/08\/logo-triny.png","contentUrl":"https:\/\/triny.pl\/blog\/wp-content\/uploads\/2020\/08\/logo-triny.png","width":190,"height":78,"caption":"Triny Sp. z o. o."},"image":{"@id":"https:\/\/triny.pl\/blog\/#\/schema\/logo\/image\/"},"sameAs":["https:\/\/www.facebook.com\/trinysklep","https:\/\/www.instagram.com\/trinysklep\/","https:\/\/pl.pinterest.com\/trinypl\/_created\/"]},{"@type":"Person","@id":"https:\/\/triny.pl\/blog\/#\/schema\/person\/627fca485014bc94ba34ced7dc5dd756","name":"Olga Pietraszewska","description":"Witaj! Nazywam si\u0119 Olga Pietraszewska. Jestem autork\u0105 bloga Makehappyday.com, pasjonatk\u0105 i propagatork\u0105 naturalnej piel\u0119gnacji oraz zdrowego stylu \u017cycia. Z wykszta\u0142cenia politolog, z zawodu dziennikarka i copywriterka. Je\u015bli akurat nie pisz\u0119, to najpewniej oddaj\u0119 si\u0119 roli \u017cony i mamy, czytam ksi\u0105\u017cki, piek\u0119 chleb, albo spaceruj\u0119, podziwiaj\u0105c malownicze okolice pi\u0119knej Norwegii.","url":"https:\/\/triny.pl\/blog\/author\/olga-pietraszewska\/"}]}},"voteUp":"12","voteDown":"0","authorInfo":{"photo":"https:\/\/triny.pl\/blog\/wp-content\/uploads\/2019\/03\/web-2-150x150.jpg","url":"https:\/\/triny.pl\/blog\/author\/olga-pietraszewska\/","name":"Olga Pietraszewska"},"media":{"full":"https:\/\/triny.pl\/blog\/wp-content\/uploads\/2020\/04\/wiosna-balsam.jpeg","desktop":"https:\/\/triny.pl\/blog\/wp-content\/uploads\/2020\/04\/wiosna-balsam-505x250.jpeg","mobile":"https:\/\/triny.pl\/blog\/wp-content\/uploads\/2020\/04\/wiosna-balsam-375x190.jpeg"},"_links":{"self":[{"href":"https:\/\/triny.pl\/blog\/wp-json\/wp\/v2\/posts\/13827"}],"collection":[{"href":"https:\/\/triny.pl\/blog\/wp-json\/wp\/v2\/posts"}],"about":[{"href":"https:\/\/triny.pl\/blog\/wp-json\/wp\/v2\/types\/post"}],"author":[{"embeddable":true,"href":"https:\/\/triny.pl\/blog\/wp-json\/wp\/v2\/users\/6"}],"replies":[{"embeddable":true,"href":"https:\/\/triny.pl\/blog\/wp-json\/wp\/v2\/comments?post=13827"}],"version-history":[{"count":23,"href":"https:\/\/triny.pl\/blog\/wp-json\/wp\/v2\/posts\/13827\/revisions"}],"predecessor-version":[{"id":27496,"href":"https:\/\/triny.pl\/blog\/wp-json\/wp\/v2\/posts\/13827\/revisions\/27496"}],"wp:featuredmedia":[{"embeddable":true,"href":"https:\/\/triny.pl\/blog\/wp-json\/wp\/v2\/media\/19780"}],"wp:attachment":[{"href":"https:\/\/triny.pl\/blog\/wp-json\/wp\/v2\/media?parent=13827"}],"wp:term":[{"taxonomy":"category","embeddable":true,"href":"https:\/\/triny.pl\/blog\/wp-json\/wp\/v2\/categories?post=13827"},{"taxonomy":"post_tag","embeddable":true,"href":"https:\/\/triny.pl\/blog\/wp-json\/wp\/v2\/tags?post=13827"}],"curies":[{"name":"wp","href":"https:\/\/api.w.org\/{rel}","templated":true}]}}