{"id":13995,"date":"2020-05-29T08:59:34","date_gmt":"2020-05-29T06:59:34","guid":{"rendered":"https:\/\/triny.pl\/blog\/?p=13995"},"modified":"2023-09-06T12:05:09","modified_gmt":"2023-09-06T10:05:09","slug":"poranna-pielegnacja-twarzy-krok-po-kroku-przygotuj-sie-do-wyjscia","status":"publish","type":"post","link":"https:\/\/triny.pl\/blog\/poranna-pielegnacja-twarzy-krok-po-kroku-przygotuj-sie-do-wyjscia\/","title":{"rendered":"Poranna piel\u0119gnacja twarzy krok po kroku \u2013 przygotuj si\u0119 do wyj\u015bcia"},"content":{"rendered":"\n<p>Dobrze rozpocz\u0119ty poranek to gwarancja udanego dnia. Warto sp\u0119dzi\u0107 ten czas w dobrym nastroju, zje\u015b\u0107 zdrowe \u015bniadanie, troch\u0119 si\u0119 porozci\u0105ga\u0107, wypi\u0107 w ciszy fili\u017cank\u0119 ciep\u0142ej kawy. Rano warto zadba\u0107 r\u00f3wnie\u017c o sk\u00f3r\u0119 i za spraw\u0105 porannej rutyny piel\u0119gnacyjnej sprawi\u0107, \u017ce nasza sk\u00f3ra b\u0119dzie wygl\u0105da\u0107 \u015bwie\u017co i pi\u0119knie przez ca\u0142y dzie\u0144. Jak powinna wygl\u0105da\u0107 poranna piel\u0119gnacja twarzy? Czego nie mo\u017ce w niej zabrakn\u0105\u0107? Po jakie kosmetyki si\u0119gn\u0105\u0107 o poranku, aby sk\u00f3ra wygl\u0105da\u0142a perfekcyjnie przez ca\u0142y dzie\u0144? Tego wszystkiego dowiesz si\u0119 z dalszej cz\u0119\u015bci dzisiejszego wpisu.<\/p>\n\n\n\n<!--more-->\n\n\n\n<h2 class=\"wp-block-heading\">Poranna piel\u0119gnacja twarzy krok po kroku<\/h2>\n\n\n\n<p>Poranna piel\u0119gnacja twarzy jest cz\u0119sto lekcewa\u017cona i sprowadzana jedynie do na\u0142o\u017cenia kremu. Wydaje nam si\u0119, \u017ce skoro sk\u00f3ra zosta\u0142a dok\u0142adnie oczyszczona przed snem, rano nadal jest czysta i nie wymaga ponownego oczyszczania, od\u015bwie\u017cania, czy tonizacji. Takie my\u015blenie jest jednak b\u0142\u0119dne. <strong>W nocy nasza sk\u00f3ra si\u0119 poci, przez co rano mo\u017ce by\u0107 na niej nadmiar sebum. Poza \u0142ojem mog\u0105 znajdowa\u0107 si\u0119 na niej te\u017c kurz i innego rodzaju zanieczyszczenia, kt\u00f3re unosz\u0105 si\u0119 w powietrzu, s\u0105 w po\u015bcieli itd. oraz pozosta\u0142o\u015bci kosmetyk\u00f3w, kt\u00f3re na\u0142o\u017cy\u0142y\u015bmy na sk\u00f3r\u0119 przed p\u00f3j\u015bciem spa\u0107.<\/strong> Dlatego rano, podobnie jak wieczorem, nasza sk\u00f3ra wymaga oczyszczenia. Kolejnym krokiem porannej piel\u0119gnacji twarzy powinno by\u0107 przywr\u00f3cenie jej odpowiedniego pH, a na sam koniec na\u0142o\u017cenie wspomnianego ju\u017c wcze\u015bniej kremu nawil\u017caj\u0105cego. Dopiero po tych wszystkich etapach piel\u0119gnacyjnych mo\u017cemy przej\u015b\u0107 do tego, bez czego wiele kobiet nie wyobra\u017ca sobie wyj\u015bcia z domu, czyli wykonania \u0142adnego, trwa\u0142ego i naturalnego makija\u017cu.<\/p>\n\n\n<div class=\"wp-block-image\">\n<figure class=\"aligncenter\"><picture><source media=\"(max-width: 450px)\" data-srcset=\"https:\/\/triny.pl\/blog\/wp-content\/uploads\/2020\/05\/logan-nolin-evcecyopkki-unsplash-375x250.jpg\"><img data-src=\"https:\/\/triny.pl\/blog\/wp-content\/uploads\/2020\/05\/logan-nolin-evcecyopkki-unsplash-684x456.jpg\" class=\"wp-image-14001 lazyload\" alt=\"piel\u0119gnacja twarzy rano\"><\/picture><\/figure><\/div>\n\n\n<h2 class=\"wp-block-heading\"><b>Delikatne oczyszczanie twarzy \u2013 zr\u00f3b to naturalnie<\/b><\/h2>\n\n\n\n<p>Poranna piel\u0119gnacja twarzy powinna by\u0107 szybka i ma\u0142o anga\u017cuj\u0105ca. Nie wiem, jak Ty, ale ja rano mam naprawd\u0119 ma\u0142o czasu na to, \u017ceby sta\u0107 przed lustrem. Jednak tym, od czego zawsze zaczynam porann\u0105 piel\u0119gnacj\u0119 twarzy jest <strong>delikatne oczyszczenie sk\u00f3ry \u0142agodnym kosmetykiem myj\u0105cym i letni\u0105 wod\u0105.<\/strong><\/p>\n\n\n\n<p class=\"note\">Moim wyborem, je\u015bli chodzi o kosmetyki do oczyszczania twarzy o poranku, s\u0105 najcz\u0119\u015bciej delikatne, puszyste pianki do mycia twarzy lub ultradelikatne \u017cele do mycia twarzy z naturalnym sk\u0142adem. Ze wzgl\u0119du na brak czasu pomijam dwuetapowe oczyszczanie twarzy, kt\u00f3re wykonuj\u0119 ka\u017cdego wieczora.<\/p>\n\n\n\n<h3 class=\"wp-block-heading\">Pianka do mycia twarzy &#8211; polecane produkty<\/h3>\n\n\n\n<p><strong>Pianka do mycia twarzy<\/strong> jest jednym z najbardziej lubianych kosmetyk\u00f3w oczyszczaj\u0105cych, po kt\u00f3ry ch\u0119tnie si\u0119gamy w\u0142a\u015bnie rano. Delikatna, puszysta, zawieraj\u0105ca \u0142agodne sk\u0142adniki myj\u0105ce i piel\u0119gnacyjne pianka do mycia twarzy, dobrze oczyszcza sk\u00f3r\u0119, pozostawiaj\u0105c j\u0105 mi\u0119kk\u0105, g\u0142adk\u0105 i przyjemn\u0105 w dotyku. Po u\u017cyciu pianki do mycia twarzy sk\u00f3ra nie jest \u015bci\u0105gni\u0119ta, szorstka i napi\u0119ta. Dlatego jest to kosmetyk, kt\u00f3ry doskonale sprawdza si\u0119 w piel\u0119gnacji sk\u00f3ry suchej, wra\u017cliwej, czy t\u0142ustej i podatnej na podra\u017cnienia oraz stany zapalne. Zalet\u0105 pianki do mycia twarzy jest te\u017c to, \u017ce jest to kosmetyk niezwykle wydajny.<\/p>\n\n\n<section class=\"slider-collage-carousel\" data-id=\"8256, 3140, 6097, 8254\"><ul class=\"collage collage-slider\"><li class=\"item\"><a href=\"https:\/\/triny.pl\/8256-e-fiore-rewitalizujaca-pianka-do-mycia-twarzy-z-kwiatem-neroli.html\" target=\"_blank\"><picture><source srcset=\"https:\/\/static.triny.pl\/img\/p\/1\/4\/5\/6\/4\/14564-thickbox_default.webp\"  type=\"image\/webp\"><source srcset=\"https:\/\/static.triny.pl\/img\/p\/1\/4\/5\/6\/4\/14564-thickbox_default.jpg\"  type=\"image\/jpeg\"><img src=\"https:\/\/triny.pl\/blog\/wp-content\/themes\/triny\/assets\/img\/placeholder-600x600.png\" data-src=\"https:\/\/static.triny.pl\/img\/p\/1\/4\/5\/6\/4\/14564-thickbox_default.jpg\" class=\"tns-lazy-img\" alt=\"Rewitalizuj\u0105ca pianka do mycia twarzy z Kwiatem Neroli\"><\/picture><div class=\"brand\">E-FIORE<\/div><div class=\"title\">Rewitalizuj\u0105ca pianka do mycia twarzy z Kwiatem Neroli<\/div><\/a><a class=\"slider-collage-carousel__btn read-more-button\" href=\"https:\/\/triny.pl\/8256-e-fiore-rewitalizujaca-pianka-do-mycia-twarzy-z-kwiatem-neroli.html\" target=\"_blank\">Zobacz<\/a><\/li><li class=\"item\"><a href=\"https:\/\/triny.pl\/3140-gocranberry-zurawinowa-pianka-do-mycia-twarzy.html\" target=\"_blank\"><picture><source srcset=\"https:\/\/static.triny.pl\/img\/p\/3\/5\/4\/2\/3542-thickbox_default.webp\"  type=\"image\/webp\"><source srcset=\"https:\/\/static.triny.pl\/img\/p\/3\/5\/4\/2\/3542-thickbox_default.jpg\"  type=\"image\/jpeg\"><img src=\"https:\/\/triny.pl\/blog\/wp-content\/themes\/triny\/assets\/img\/placeholder-600x600.png\" data-src=\"https:\/\/static.triny.pl\/img\/p\/3\/5\/4\/2\/3542-thickbox_default.jpg\" class=\"tns-lazy-img\" alt=\"\u017burawinowa pianka do mycia twarzy\"><\/picture><div class=\"brand\">GoCranberry<\/div><div class=\"title\">\u017burawinowa pianka do mycia twarzy<\/div><\/a><a class=\"slider-collage-carousel__btn read-more-button\" href=\"https:\/\/triny.pl\/3140-gocranberry-zurawinowa-pianka-do-mycia-twarzy.html\" target=\"_blank\">Zobacz<\/a><\/li><li class=\"item\"><a href=\"https:\/\/triny.pl\/6097-nacomi-botaniczna-pianka-myjaca-do-twarzy.html\" target=\"_blank\"><picture><source srcset=\"https:\/\/static.triny.pl\/img\/p\/8\/1\/6\/0\/8160-thickbox_default.webp\"  type=\"image\/webp\"><source srcset=\"https:\/\/static.triny.pl\/img\/p\/8\/1\/6\/0\/8160-thickbox_default.jpg\"  type=\"image\/jpeg\"><img src=\"https:\/\/triny.pl\/blog\/wp-content\/themes\/triny\/assets\/img\/placeholder-600x600.png\" data-src=\"https:\/\/static.triny.pl\/img\/p\/8\/1\/6\/0\/8160-thickbox_default.jpg\" class=\"tns-lazy-img\" alt=\"Botaniczna pianka myj\u0105ca do twarzy\"><\/picture><div class=\"brand\">Nacomi<\/div><div class=\"title\">Botaniczna pianka myj\u0105ca do twarzy<\/div><\/a><a class=\"slider-collage-carousel__btn read-more-button\" href=\"https:\/\/triny.pl\/6097-nacomi-botaniczna-pianka-myjaca-do-twarzy.html\" target=\"_blank\">Zobacz<\/a><\/li><li class=\"item\"><a href=\"https:\/\/triny.pl\/8254-e-fiore-odmladzajaca-pianka-do-mycia-twarzy-z-roza-damascenska.html\" target=\"_blank\"><picture><source srcset=\"https:\/\/static.triny.pl\/img\/p\/1\/1\/4\/8\/8\/11488-thickbox_default.webp\"  type=\"image\/webp\"><source srcset=\"https:\/\/static.triny.pl\/img\/p\/1\/1\/4\/8\/8\/11488-thickbox_default.jpg\"  type=\"image\/jpeg\"><img src=\"https:\/\/triny.pl\/blog\/wp-content\/themes\/triny\/assets\/img\/placeholder-600x600.png\" data-src=\"https:\/\/static.triny.pl\/img\/p\/1\/1\/4\/8\/8\/11488-thickbox_default.jpg\" class=\"tns-lazy-img\" alt=\"Odm\u0142adzaj\u0105ca pianka do mycia twarzy z R\u00f3\u017c\u0105 Damasce\u0144sk\u0105\"><\/picture><div class=\"brand\">E-FIORE<\/div><div class=\"title\">Odm\u0142adzaj\u0105ca pianka do mycia twarzy z R\u00f3\u017c\u0105 Damasce\u0144sk\u0105<\/div><\/a><a class=\"slider-collage-carousel__btn read-more-button\" href=\"https:\/\/triny.pl\/8254-e-fiore-odmladzajaca-pianka-do-mycia-twarzy-z-roza-damascenska.html\" target=\"_blank\">Zobacz<\/a><\/li><\/ul><\/section>\n\n\n\n<h3 class=\"wp-block-heading\">\u017bel do mycia twarzy &#8211; moje rekomendacje<\/h3>\n\n\n\n<p>Je\u015bli jednak nie jeste\u015b zwolenniczk\u0105 pianek, czy emulsji do mycia twarzy, do porannej piel\u0119gnacji twarzy mo\u017cesz wybra\u0107<strong> \u0142agodny \u017cel do mycia twarzy.<\/strong> Pami\u0119taj jednak o tym, \u017ceby w jego sk\u0142adzie nie by\u0142o silnie oczyszczaj\u0105cych i przy okazji wysuszaj\u0105cych sk\u00f3r\u0119 detergent\u00f3w myj\u0105cych. <strong>Wybierz kosmetyk na bazie sk\u0142adnik\u00f3w ro\u015blinnych, zawieraj\u0105cy np.&nbsp;Cocoamidopropyl Betaine, czy Lauryl Glucoside. Fajnie, je\u015bli w sk\u0142adzie takiego \u017celu znajd\u0105 si\u0119 te\u017c substancje o dzia\u0142aniu \u0142agodz\u0105cym, nawil\u017caj\u0105cym i od\u015bwie\u017caj\u0105cym<\/strong> sk\u00f3r\u0119. Do porannej piel\u0119gnacji twarzy polecam szczeg\u00f3lnie \u017cele zawieraj\u0105ce aloes, gliceryn\u0119 ro\u015blinn\u0105, oleje ro\u015blinne, alantoin\u0119, panthenol, wyci\u0105g z owsa, ekstrakty ro\u015blinne itd.<\/p>\n\n\n<section class=\"slider-collage-carousel\" data-id=\"2514, 7900, 3468, 9838, 11455, 9653, 1926\"><ul class=\"collage collage-slider\"><li class=\"item\"><a href=\"https:\/\/triny.pl\/2514-biolaven-zel-do-mycia-twarzy-odswiezenie-i-nawilzenie.html\" target=\"_blank\"><picture><source srcset=\"https:\/\/static.triny.pl\/img\/p\/2\/2\/4\/8\/2\/22482-thickbox_default.webp\"  type=\"image\/webp\"><source srcset=\"https:\/\/static.triny.pl\/img\/p\/2\/2\/4\/8\/2\/22482-thickbox_default.jpg\"  type=\"image\/jpeg\"><img src=\"https:\/\/triny.pl\/blog\/wp-content\/themes\/triny\/assets\/img\/placeholder-600x600.png\" data-src=\"https:\/\/static.triny.pl\/img\/p\/2\/2\/4\/8\/2\/22482-thickbox_default.jpg\" class=\"tns-lazy-img\" alt=\"Od\u015bwie\u017caj\u0105cy \u017cel do mycia twarzy\"><\/picture><div class=\"brand\">Biolaven<\/div><div class=\"title\">Od\u015bwie\u017caj\u0105cy \u017cel do mycia twarzy<\/div><\/a><a class=\"slider-collage-carousel__btn read-more-button\" href=\"https:\/\/triny.pl\/2514-biolaven-zel-do-mycia-twarzy-odswiezenie-i-nawilzenie.html\" target=\"_blank\">Zobacz<\/a><\/li><li class=\"item\"><a href=\"https:\/\/triny.pl\/7900-resibo-naturalny-zel-myjacy-do-twarzy-z-ekstraktem-z-brzoskwini.html\" target=\"_blank\"><picture><source srcset=\"https:\/\/static.triny.pl\/img\/p\/2\/1\/6\/5\/1\/21651-thickbox_default.webp\"  type=\"image\/webp\"><source srcset=\"https:\/\/static.triny.pl\/img\/p\/2\/1\/6\/5\/1\/21651-thickbox_default.jpg\"  type=\"image\/jpeg\"><img src=\"https:\/\/triny.pl\/blog\/wp-content\/themes\/triny\/assets\/img\/placeholder-600x600.png\" data-src=\"https:\/\/static.triny.pl\/img\/p\/2\/1\/6\/5\/1\/21651-thickbox_default.jpg\" class=\"tns-lazy-img\" alt=\"Naturalny \u017cel myj\u0105cy do twarzy z ekstraktem z brzoskwini Rich Peach\"><\/picture><div class=\"brand\">Resibo<\/div><div class=\"title\">Naturalny \u017cel myj\u0105cy do twarzy z ekstraktem z brzoskwini Rich Peach<\/div><\/a><a class=\"slider-collage-carousel__btn read-more-button\" href=\"https:\/\/triny.pl\/7900-resibo-naturalny-zel-myjacy-do-twarzy-z-ekstraktem-z-brzoskwini.html\" target=\"_blank\">Zobacz<\/a><\/li><li class=\"item\"><a href=\"https:\/\/triny.pl\/3468-vianek-zielony-normalizujacy-zel-myjacy-do-twarzy.html\" target=\"_blank\"><picture><source srcset=\"https:\/\/static.triny.pl\/img\/p\/4\/2\/8\/8\/4288-thickbox_default.webp\"  type=\"image\/webp\"><source srcset=\"https:\/\/static.triny.pl\/img\/p\/4\/2\/8\/8\/4288-thickbox_default.jpg\"  type=\"image\/jpeg\"><img src=\"https:\/\/triny.pl\/blog\/wp-content\/themes\/triny\/assets\/img\/placeholder-600x600.png\" data-src=\"https:\/\/static.triny.pl\/img\/p\/4\/2\/8\/8\/4288-thickbox_default.jpg\" class=\"tns-lazy-img\" alt=\"Normalizuj\u0105cy \u017cel myj\u0105cy do twarzy\"><\/picture><div class=\"brand\">Vianek<\/div><div class=\"title\">Normalizuj\u0105cy \u017cel myj\u0105cy do twarzy<\/div><\/a><a class=\"slider-collage-carousel__btn read-more-button\" href=\"https:\/\/triny.pl\/3468-vianek-zielony-normalizujacy-zel-myjacy-do-twarzy.html\" target=\"_blank\">Zobacz<\/a><\/li><li class=\"item\"><a href=\"https:\/\/triny.pl\/9838-czarna-porzeczka-slonecznik-zel-do-mycia-twarzy-dla-cery-tradzikowej-i-mieszanej.html\" target=\"_blank\"><picture><source srcset=\"https:\/\/static.triny.pl\/img\/p\/1\/8\/4\/1\/7\/18417-thickbox_default.webp\"  type=\"image\/webp\"><source srcset=\"https:\/\/static.triny.pl\/img\/p\/1\/8\/4\/1\/7\/18417-thickbox_default.jpg\"  type=\"image\/jpeg\"><img src=\"https:\/\/triny.pl\/blog\/wp-content\/themes\/triny\/assets\/img\/placeholder-600x600.png\" data-src=\"https:\/\/static.triny.pl\/img\/p\/1\/8\/4\/1\/7\/18417-thickbox_default.jpg\" class=\"tns-lazy-img\" alt=\"\u017bel do mycia twarzy dla cery tr\u0105dzikowej i mieszanej\"><\/picture><div class=\"brand\">Czarna porzeczka & S\u0142onecznik<\/div><div class=\"title\">\u017bel do mycia twarzy dla cery tr\u0105dzikowej i mieszanej<\/div><\/a><a class=\"slider-collage-carousel__btn read-more-button\" href=\"https:\/\/triny.pl\/9838-czarna-porzeczka-slonecznik-zel-do-mycia-twarzy-dla-cery-tradzikowej-i-mieszanej.html\" target=\"_blank\">Zobacz<\/a><\/li><li class=\"item\"><a href=\"https:\/\/triny.pl\/11455-yope-zel-do-mycia-twarzy-wake-up-cheers-chardonnay-gruszka.html\" target=\"_blank\"><picture><source srcset=\"https:\/\/static.triny.pl\/img\/p\/1\/7\/4\/0\/6\/17406-thickbox_default.webp\"  type=\"image\/webp\"><source srcset=\"https:\/\/static.triny.pl\/img\/p\/1\/7\/4\/0\/6\/17406-thickbox_default.jpg\"  type=\"image\/jpeg\"><img src=\"https:\/\/triny.pl\/blog\/wp-content\/themes\/triny\/assets\/img\/placeholder-600x600.png\" data-src=\"https:\/\/static.triny.pl\/img\/p\/1\/7\/4\/0\/6\/17406-thickbox_default.jpg\" class=\"tns-lazy-img\" alt=\"\u017bel do mycia twarzy &#8211; Wake Up Cheers &#8211; Chardonnay i gruszka\"><\/picture><div class=\"brand\">Yope<\/div><div class=\"title\">\u017bel do mycia twarzy &#8211; Wake Up Cheers &#8211; Chardonnay i gruszka<\/div><\/a><a class=\"slider-collage-carousel__btn read-more-button\" href=\"https:\/\/triny.pl\/11455-yope-zel-do-mycia-twarzy-wake-up-cheers-chardonnay-gruszka.html\" target=\"_blank\">Zobacz<\/a><\/li><li class=\"item\"><a href=\"https:\/\/triny.pl\/9653-basiclab-fizjologiczny-zel-do-mycia-skory-naczynkowej-i-wrazliwej.html\" target=\"_blank\"><picture><source srcset=\"https:\/\/static.triny.pl\/img\/p\/1\/4\/1\/8\/2\/14182-thickbox_default.webp\"  type=\"image\/webp\"><source srcset=\"https:\/\/static.triny.pl\/img\/p\/1\/4\/1\/8\/2\/14182-thickbox_default.jpg\"  type=\"image\/jpeg\"><img src=\"https:\/\/triny.pl\/blog\/wp-content\/themes\/triny\/assets\/img\/placeholder-600x600.png\" data-src=\"https:\/\/static.triny.pl\/img\/p\/1\/4\/1\/8\/2\/14182-thickbox_default.jpg\" class=\"tns-lazy-img\" alt=\"Fizjologiczny \u017cel do mycia sk\u00f3ry naczynkowej i wra\u017cliwej\"><\/picture><div class=\"brand\">BasicLab<\/div><div class=\"title\">Fizjologiczny \u017cel do mycia sk\u00f3ry naczynkowej i wra\u017cliwej<\/div><\/a><a class=\"slider-collage-carousel__btn read-more-button\" href=\"https:\/\/triny.pl\/9653-basiclab-fizjologiczny-zel-do-mycia-skory-naczynkowej-i-wrazliwej.html\" target=\"_blank\">Zobacz<\/a><\/li><li class=\"item\"><a href=\"https:\/\/triny.pl\/1926-sylveco-rumiankowy-zel-do-mycia-twarzy-150-ml.html\" target=\"_blank\"><picture><source srcset=\"https:\/\/static.triny.pl\/img\/p\/1\/4\/7\/8\/1\/14781-thickbox_default.webp\"  type=\"image\/webp\"><source srcset=\"https:\/\/static.triny.pl\/img\/p\/1\/4\/7\/8\/1\/14781-thickbox_default.jpg\"  type=\"image\/jpeg\"><img src=\"https:\/\/triny.pl\/blog\/wp-content\/themes\/triny\/assets\/img\/placeholder-600x600.png\" data-src=\"https:\/\/static.triny.pl\/img\/p\/1\/4\/7\/8\/1\/14781-thickbox_default.jpg\" class=\"tns-lazy-img\" alt=\"Rumiankowy \u017cel do mycia twarzy\"><\/picture><div class=\"brand\">Sylveco<\/div><div class=\"title\">Rumiankowy \u017cel do mycia twarzy<\/div><\/a><a class=\"slider-collage-carousel__btn read-more-button\" href=\"https:\/\/triny.pl\/1926-sylveco-rumiankowy-zel-do-mycia-twarzy-150-ml.html\" target=\"_blank\">Zobacz<\/a><\/li><\/ul><\/section>\n\n\n\n<ul>\n<li><a href=\"https:\/\/triny.pl\/2514-biolaven-zel-do-mycia-twarzy-odswiezenie-i-nawilzenie.html\">Od\u015bwie\u017caj\u0105cy \u017cel do mycia twarzy Biolaven<\/a> oczyszcza, nawil\u017ca, wyg\u0142adza i od\u015bwie\u017ca sk\u00f3r\u0119. Ma \u0142agodny, naturalny sk\u0142ad i delikatny, bardzo przyjemny zapach. Jest odpowiedni dla wszystkich rodzaj\u00f3w sk\u00f3ry.<\/li>\n\n\n\n<li><a href=\"https:\/\/triny.pl\/7900-resibo-naturalny-zel-myjacy-do-twarzy-z-ekstraktem-z-brzoskwini.html\">Naturalny \u017cel myj\u0105cy do twarzy z ekstraktem z brzoskwini Resibo<\/a> jest bardzo delikatny dla sk\u00f3ry, nie przesusza jej i nie podra\u017cnia. Dok\u0142adnie oczyszcza sk\u00f3r\u0119 i przygotowuje j\u0105 do dalszej piel\u0119gnacji. Jest polecany dla wszystkich rodzaj\u00f3w sk\u00f3ry.<\/li>\n\n\n\n<li><a href=\"https:\/\/triny.pl\/3468-vianek-zielony-normalizujacy-zel-myjacy-do-twarzy.html\">Normalizuj\u0105cy \u017cel do mycia twarzy Vianek<\/a> to jeden z najcz\u0119\u015bciej polecanych kosmetyk\u00f3w do piel\u0119gnacji cery t\u0142ustej i tr\u0105dzikowej. \u0141agodnie oczyszcza, nie powoduje uczucia \u015bci\u0105gni\u0119cia, a do tego pomaga normalizowa\u0107 poziom sebum.<\/li>\n<\/ul>\n\n\n\n<p class=\"tip\">Podczas porannego oczyszczania twarzy warto wykona\u0107 szybki, delikatny masa\u017c twarzy, rozprowadzaj\u0105c kosmetyk myj\u0105cy po sk\u00f3rze kolistymi ruchami. Do sp\u0142ukania pianki lub \u017celu u\u017cyj ciep\u0142ej (ale nie gor\u0105cej) wody, a na koniec przemyj sk\u00f3r\u0119 ch\u0142odniejsz\u0105 (ale nie bardzo zimn\u0105) wod\u0105. Ch\u0142odna woda pomo\u017ce zmniejszy\u0107 opuchlizn\u0119, kt\u00f3ra mo\u017ce pojawi\u0107 si\u0119 na twarzy po nocy. Nast\u0119pnie osusz twarz mi\u0119kkim&nbsp;r\u0119cznikiem i przejd\u017a do kolejnego etapu porannej piel\u0119gnacji twarzy, czyli tonizacji sk\u00f3ry.<\/p>\n\n\n\n<div class=\"wp-block-buttons is-horizontal is-content-justification-center is-layout-flex wp-container-1 wp-block-buttons-is-layout-flex\">\n<div class=\"wp-block-button\"><a class=\"wp-block-button__link wp-element-button\" href=\"https:\/\/triny.pl\/184-zele-i-pianki\">Zobacz wi\u0119cej kosmetyk\u00f3w do mycia twarzy<\/a><\/div>\n<\/div>\n\n\n\n<h2 class=\"wp-block-heading\"><b>Tonizacja twarzy \u2013 przywr\u00f3\u0107 pH<\/b><\/h2>\n\n\n\n<p><span style=\"font-weight: 400;\"><strong>Tonizacja twarzy jest bardzo wa\u017cnym etapem piel\u0119gnacji sk\u00f3ry.<\/strong> Niestety wiele kobiet rezygnuje z tego etapu, nie wiedz\u0105c o tym, jak istotne jest przywr\u00f3cenie sk\u00f3rze r\u00f3wnowagi i odpowiedniego poziomu pH, kt\u00f3re zaburzy\u0142y\u015bmy podczas jej oczyszczania. Podczas tonizowania usuwamy te\u017c ze sk\u00f3ry pozosta\u0142o\u015bci zanieczyszcze\u0144, z kt\u00f3rymi nie poradzi\u0142 sobie \u017cel do mycia twarzy. Tonik ma te\u017c w\u0142a\u015bciwo\u015bci koj\u0105ce i od\u015bwie\u017caj\u0105ce, pomaga \u0142agodzi\u0107 podra\u017cnienia i zaczerwienienie sk\u00f3ry. Dlatego po oczyszczeniu sk\u00f3ry, zanim jeszcze na\u0142o\u017cysz na twarz krem nawil\u017caj\u0105cy, si\u0119gnij po naturalny tonik z \u0142agodnym sk\u0142adem lub hydrolat ro\u015blinny, kt\u00f3ry sta\u0142 si\u0119 bardzo popularnym zamiennikiem tonik\u00f3w do twarzy.<\/span><\/p>\n\n\n\n<p class=\"tip\"><span style=\"font-weight: 400;\">Je\u015bli do porannej piel\u0119gnacji twarzy u\u017cywasz kosmetyk\u00f3w na bazie olej\u00f3w (np. serum) tonik lub hydrolat u\u0142atwiaj\u0105 ich wch\u0142anianie.&nbsp;<\/span><\/p>\n\n\n<div class=\"wp-block-image\">\n<figure class=\"aligncenter\"><picture><source media=\"(max-width: 450px)\" data-srcset=\"https:\/\/triny.pl\/blog\/wp-content\/uploads\/2020\/05\/valerie-elash-fj9yd_kmyt8-unsplash-375x250.jpg\"><img data-src=\"https:\/\/triny.pl\/blog\/wp-content\/uploads\/2020\/05\/valerie-elash-fj9yd_kmyt8-unsplash-684x456.jpg\" class=\"wp-image-14003 lazyload\" alt=\"tonizacja twarzy rano\"><\/picture><\/figure><\/div>\n\n\n<p><strong>Jaki tonik do twarzy wybra\u0107?<\/strong> Najlepiej taki, kt\u00f3ry ma naturalny sk\u0142ad i nie zawiera w sk\u0142adzie alkoholu. Wybierz tonik na bazie hydrolat\u00f3w, czyli naturalnych w\u00f3d ro\u015blinnych, z dodatkiem sk\u0142adnik\u00f3w \u0142agodz\u0105cych, nawil\u017caj\u0105cych i antybakteryjnych. Mog\u0105 to by\u0107 aloes, gliceryna, kwas hialuronowy, ekstrakty i wyci\u0105gi ro\u015blinne, olejki eteryczne. A stawiaj\u0105c na prostot\u0119 i 100% natury, zamiast toniku mo\u017cesz u\u017cy\u0107 naturalny hydrolat ro\u015blinny.<\/p>\n\n\n\n<p><strong>Wi\u0119cej na temat tych dw\u00f3ch kosmetyk\u00f3w przeczytasz we wpisie:<\/strong><\/p>\n\n\n\n<figure class=\"wp-block-embed is-type-wp-embed is-provider-blog-triny-pl wp-block-embed-blog-triny-pl\"><div class=\"wp-block-embed__wrapper\">\n<blockquote class=\"wp-embedded-content\" data-secret=\"caq4al0brJ\"><a href=\"https:\/\/triny.pl\/blog\/tonik-czy-hydrolat-co-wybrac\/\">Hydrolat a tonik: Czym si\u0119 r\u00f3\u017cni\u0105 i kt\u00f3ry produkt wybra\u0107?<\/a><\/blockquote><iframe class=\"wp-embedded-content\" sandbox=\"allow-scripts\" security=\"restricted\" style=\"position: absolute; clip: rect(1px, 1px, 1px, 1px);\" title=\"&#8222;Hydrolat a tonik: Czym si\u0119 r\u00f3\u017cni\u0105 i kt\u00f3ry produkt wybra\u0107?&#8221; &#8212; Blog Triny.pl\" src=\"https:\/\/triny.pl\/blog\/tonik-czy-hydrolat-co-wybrac\/embed\/#?secret=8zfgeVI9Ua#?secret=caq4al0brJ\" data-secret=\"caq4al0brJ\" width=\"600\" height=\"338\" frameborder=\"0\" marginwidth=\"0\" marginheight=\"0\" scrolling=\"no\"><\/iframe>\n<\/div><\/figure>\n\n\n\n<h3 class=\"wp-block-heading\">Naturalny tonik do twarzy &#8211; polecane produkty<\/h3>\n\n\n<section class=\"slider-collage-carousel\" data-id=\"2145, 3237, 7858, 6934, 11923, 10190, 8604, 7577\"><ul class=\"collage collage-slider\"><li class=\"item\"><a href=\"https:\/\/triny.pl\/2145-sylveco-tonik-hibiskusowy-do-twarzy-150-ml.html\" target=\"_blank\"><picture><source srcset=\"https:\/\/static.triny.pl\/img\/p\/2\/1\/7\/9\/2179-thickbox_default.webp\"  type=\"image\/webp\"><source srcset=\"https:\/\/static.triny.pl\/img\/p\/2\/1\/7\/9\/2179-thickbox_default.jpg\"  type=\"image\/jpeg\"><img src=\"https:\/\/triny.pl\/blog\/wp-content\/themes\/triny\/assets\/img\/placeholder-600x600.png\" data-src=\"https:\/\/static.triny.pl\/img\/p\/2\/1\/7\/9\/2179-thickbox_default.jpg\" class=\"tns-lazy-img\" alt=\"Tonik hibiskusowy do twarzy\"><\/picture><div class=\"brand\">Sylveco<\/div><div class=\"title\">Tonik hibiskusowy do twarzy<\/div><\/a><a class=\"slider-collage-carousel__btn read-more-button\" href=\"https:\/\/triny.pl\/2145-sylveco-tonik-hibiskusowy-do-twarzy-150-ml.html\" target=\"_blank\">Zobacz<\/a><\/li><li class=\"item\"><a href=\"https:\/\/triny.pl\/3237-make-me-bio-woda-rozana.html\" target=\"_blank\"><picture><source srcset=\"https:\/\/static.triny.pl\/img\/p\/1\/2\/5\/5\/7\/12557-thickbox_default.webp\"  type=\"image\/webp\"><source srcset=\"https:\/\/static.triny.pl\/img\/p\/1\/2\/5\/5\/7\/12557-thickbox_default.jpg\"  type=\"image\/jpeg\"><img src=\"https:\/\/triny.pl\/blog\/wp-content\/themes\/triny\/assets\/img\/placeholder-600x600.png\" data-src=\"https:\/\/static.triny.pl\/img\/p\/1\/2\/5\/5\/7\/12557-thickbox_default.jpg\" class=\"tns-lazy-img\" alt=\"Woda r\u00f3\u017cana\"><\/picture><div class=\"brand\">Make Me Bio<\/div><div class=\"title\">Woda r\u00f3\u017cana<\/div><\/a><a class=\"slider-collage-carousel__btn read-more-button\" href=\"https:\/\/triny.pl\/3237-make-me-bio-woda-rozana.html\" target=\"_blank\">Zobacz<\/a><\/li><li class=\"item\"><a href=\"https:\/\/triny.pl\/7858-natural-secrets-tonik-nawilzajacy-jedwab-i-mak-polny.html\" target=\"_blank\"><picture><source srcset=\"https:\/\/static.triny.pl\/img\/p\/1\/6\/2\/6\/4\/16264-thickbox_default.webp\"  type=\"image\/webp\"><source srcset=\"https:\/\/static.triny.pl\/img\/p\/1\/6\/2\/6\/4\/16264-thickbox_default.jpg\"  type=\"image\/jpeg\"><img src=\"https:\/\/triny.pl\/blog\/wp-content\/themes\/triny\/assets\/img\/placeholder-600x600.png\" data-src=\"https:\/\/static.triny.pl\/img\/p\/1\/6\/2\/6\/4\/16264-thickbox_default.jpg\" class=\"tns-lazy-img\" alt=\"Tonik nawil\u017caj\u0105cy &#8211; jedwab i mak polny\"><\/picture><div class=\"brand\">Natural Secrets<\/div><div class=\"title\">Tonik nawil\u017caj\u0105cy &#8211; jedwab i mak polny<\/div><\/a><a class=\"slider-collage-carousel__btn read-more-button\" href=\"https:\/\/triny.pl\/7858-natural-secrets-tonik-nawilzajacy-jedwab-i-mak-polny.html\" target=\"_blank\">Zobacz<\/a><\/li><li class=\"item\"><a href=\"https:\/\/triny.pl\/6934-polny-warkocz-esencja-kojaca-zloty-korzen-i-czerwony-mak-tonik-do-cery-normalnej-i-wrazliwej.html\" target=\"_blank\"><picture><source srcset=\"https:\/\/static.triny.pl\/img\/p\/9\/3\/5\/2\/9352-thickbox_default.webp\"  type=\"image\/webp\"><source srcset=\"https:\/\/static.triny.pl\/img\/p\/9\/3\/5\/2\/9352-thickbox_default.jpg\"  type=\"image\/jpeg\"><img src=\"https:\/\/triny.pl\/blog\/wp-content\/themes\/triny\/assets\/img\/placeholder-600x600.png\" data-src=\"https:\/\/static.triny.pl\/img\/p\/9\/3\/5\/2\/9352-thickbox_default.jpg\" class=\"tns-lazy-img\" alt=\"Esencja koj\u0105ca z\u0142oty korze\u0144 i czerwony mak &#8211; Tonik do cery normalnej i wra\u017cliwej\"><\/picture><div class=\"brand\">Polny Warkocz<\/div><div class=\"title\">Esencja koj\u0105ca z\u0142oty korze\u0144 i czerwony mak &#8211; Tonik do cery normalnej i wra\u017cliwej<\/div><\/a><a class=\"slider-collage-carousel__btn read-more-button\" href=\"https:\/\/triny.pl\/6934-polny-warkocz-esencja-kojaca-zloty-korzen-i-czerwony-mak-tonik-do-cery-normalnej-i-wrazliwej.html\" target=\"_blank\">Zobacz<\/a><\/li><li class=\"item\"><a href=\"https:\/\/triny.pl\/11923-sylveco-lagodny-ziolowy-tonik-do-twarzy-wow.html\" target=\"_blank\"><picture><source srcset=\"https:\/\/static.triny.pl\/img\/p\/1\/9\/4\/6\/4\/19464-thickbox_default.webp\"  type=\"image\/webp\"><source srcset=\"https:\/\/static.triny.pl\/img\/p\/1\/9\/4\/6\/4\/19464-thickbox_default.jpg\"  type=\"image\/jpeg\"><img src=\"https:\/\/triny.pl\/blog\/wp-content\/themes\/triny\/assets\/img\/placeholder-600x600.png\" data-src=\"https:\/\/static.triny.pl\/img\/p\/1\/9\/4\/6\/4\/19464-thickbox_default.jpg\" class=\"tns-lazy-img\" alt=\"\u0141agodny zio\u0142owy tonik do twarzy WOW\"><\/picture><div class=\"brand\">Sylveco<\/div><div class=\"title\">\u0141agodny zio\u0142owy tonik do twarzy WOW<\/div><\/a><a class=\"slider-collage-carousel__btn read-more-button\" href=\"https:\/\/triny.pl\/11923-sylveco-lagodny-ziolowy-tonik-do-twarzy-wow.html\" target=\"_blank\">Zobacz<\/a><\/li><li class=\"item\"><a href=\"https:\/\/triny.pl\/10190-sensum-mare-bogaty-tonik-do-twarzy-o-dzialaniu-odzywczym-algotonic.html\" target=\"_blank\"><picture><source srcset=\"https:\/\/static.triny.pl\/img\/p\/1\/4\/8\/9\/2\/14892-thickbox_default.webp\"  type=\"image\/webp\"><source srcset=\"https:\/\/static.triny.pl\/img\/p\/1\/4\/8\/9\/2\/14892-thickbox_default.jpg\"  type=\"image\/jpeg\"><img src=\"https:\/\/triny.pl\/blog\/wp-content\/themes\/triny\/assets\/img\/placeholder-600x600.png\" data-src=\"https:\/\/static.triny.pl\/img\/p\/1\/4\/8\/9\/2\/14892-thickbox_default.jpg\" class=\"tns-lazy-img\" alt=\"Algotonic &#8211; Bogaty tonik do twarzy o dzia\u0142aniu od\u017cywczym\"><\/picture><div class=\"brand\">Sensum Mare<\/div><div class=\"title\">Algotonic &#8211; Bogaty tonik do twarzy o dzia\u0142aniu od\u017cywczym<\/div><\/a><a class=\"slider-collage-carousel__btn read-more-button\" href=\"https:\/\/triny.pl\/10190-sensum-mare-bogaty-tonik-do-twarzy-o-dzialaniu-odzywczym-algotonic.html\" target=\"_blank\">Zobacz<\/a><\/li><li class=\"item\"><a href=\"https:\/\/triny.pl\/8604-nowa-kosmetyka-zluszczajacy-tonik-do-twarzy-na-skorki-pory-i-inne-zmory.html\" target=\"_blank\"><picture><source srcset=\"https:\/\/static.triny.pl\/img\/p\/2\/1\/5\/7\/1\/21571-thickbox_default.webp\"  type=\"image\/webp\"><source srcset=\"https:\/\/static.triny.pl\/img\/p\/2\/1\/5\/7\/1\/21571-thickbox_default.jpg\"  type=\"image\/jpeg\"><img src=\"https:\/\/triny.pl\/blog\/wp-content\/themes\/triny\/assets\/img\/placeholder-600x600.png\" data-src=\"https:\/\/static.triny.pl\/img\/p\/2\/1\/5\/7\/1\/21571-thickbox_default.jpg\" class=\"tns-lazy-img\" alt=\"Z\u0142uszczaj\u0105cy tonik do twarzy &#8211; Na sk\u00f3rki, pory i inne zmory\"><\/picture><div class=\"brand\">Nowa Kosmetyka<\/div><div class=\"title\">Z\u0142uszczaj\u0105cy tonik do twarzy &#8211; Na sk\u00f3rki, pory i inne zmory<\/div><\/a><a class=\"slider-collage-carousel__btn read-more-button\" href=\"https:\/\/triny.pl\/8604-nowa-kosmetyka-zluszczajacy-tonik-do-twarzy-na-skorki-pory-i-inne-zmory.html\" target=\"_blank\">Zobacz<\/a><\/li><li class=\"item\"><a href=\"https:\/\/triny.pl\/7577-lale-kosmetyki-hydrolat-malinowy.html\" target=\"_blank\"><picture><source srcset=\"https:\/\/static.triny.pl\/img\/p\/2\/2\/1\/5\/7\/22157-thickbox_default.webp\"  type=\"image\/webp\"><source srcset=\"https:\/\/static.triny.pl\/img\/p\/2\/2\/1\/5\/7\/22157-thickbox_default.jpg\"  type=\"image\/jpeg\"><img src=\"https:\/\/triny.pl\/blog\/wp-content\/themes\/triny\/assets\/img\/placeholder-600x600.png\" data-src=\"https:\/\/static.triny.pl\/img\/p\/2\/2\/1\/5\/7\/22157-thickbox_default.jpg\" class=\"tns-lazy-img\" alt=\"Hydrolat z malin\"><\/picture><div class=\"brand\">La-Le Kosmetyki<\/div><div class=\"title\">Hydrolat z malin<\/div><\/a><a class=\"slider-collage-carousel__btn read-more-button\" href=\"https:\/\/triny.pl\/7577-lale-kosmetyki-hydrolat-malinowy.html\" target=\"_blank\">Zobacz<\/a><\/li><\/ul><\/section>\n\n\n\n<div class=\"wp-block-buttons is-horizontal is-content-justification-center is-layout-flex wp-container-2 wp-block-buttons-is-layout-flex\">\n<div class=\"wp-block-button\"><a class=\"wp-block-button__link wp-element-button\" href=\"https:\/\/triny.pl\/182-toniki-i-hydrolaty\">Zobacz wi\u0119cej dost\u0119pnych tonik\u00f3w i hydrolat\u00f3w<\/a><\/div>\n<\/div>\n\n\n\n<h2 class=\"wp-block-heading\"><b>Naturalny krem do twarzy \u2013 nawil\u017caj&nbsp;&nbsp;<\/b><\/h2>\n\n\n\n<p><strong>Kolejnym krokiem porannej rutyny piel\u0119gnacyjnej jest nawil\u017cenie sk\u00f3ry<\/strong> i tutaj wi\u0119kszo\u015b\u0107 z nas si\u0119ga po naturalny krem do twarzy. Najcz\u0119\u015bciej jest to krem o dzia\u0142aniu nawil\u017caj\u0105cym i od\u017cywczym, a w p\u00f3\u017aniejszym wieku r\u00f3wnie\u017c o dzia\u0142aniu przeciwzmarszczkowym. Ja zach\u0119cam jednak do tego, <strong>aby pami\u0119ta\u0107 r\u00f3wnie\u017c o stosowaniu naturalnego kremu o dzia\u0142aniu ochronnym, kt\u00f3ry pomo\u017ce chroni\u0107 sk\u00f3r\u0119 przed promieniowaniem UV.<\/strong> Taki krem mo\u017cemy na\u0142o\u017cy\u0107 na sk\u00f3r\u0119 przed zrobieniem makija\u017cu, podobnie, jak robimy to z kremem nawil\u017caj\u0105cym.<\/p>\n\n\n\n<p><strong>A jak dobra\u0107 krem do porannej piel\u0119gnacji twarzy?<\/strong> Tym, na co na pewno nale\u017cy zwr\u00f3ci\u0107 uwag\u0119 jest sk\u0142ad kremu &#8211; im wi\u0119cej w nim naturalnych sk\u0142adnik\u00f3w, tym lepiej. Konsystencja kremu na dzie\u0144 powinna by\u0107 nieco l\u017cejsza od tej, jak\u0105 ma krem na noc. W\u015br\u00f3d sk\u0142adnik\u00f3w warto szuka\u0107 substancji aktywnych o dzia\u0142aniu nawil\u017caj\u0105cym, zwalczaj\u0105cym wolne rodniki i chroni\u0105cym sk\u00f3r\u0119 przed dzia\u0142aniem czynnik\u00f3w zewn\u0119trznych. <strong>Doskona\u0142ym wyborem b\u0119d\u0105 kremy zawieraj\u0105ce oleje ro\u015blinne, witaminy C i E, kwas hialuronowy, ekstrakty ro\u015blinne i substancje o dzia\u0142aniu \u0142agodz\u0105cym.<\/strong> Krem dobieramy oczywi\u015bcie do rodzaju cery i jej wymaga\u0144. Osobi\u015bcie nie jestem zwolenniczk\u0105 dobierania krem\u00f3w do konkretnego wieku.<\/p>\n\n\n\n<h3 class=\"wp-block-heading\">Naturalny krem do twarzy &#8211; moje rekomendacje<\/h3>\n\n\n<section class=\"slider-collage-carousel\" data-id=\"2721, 7588, 6930, 9845, 11229, 11922, 6962, 9665, 11913, 6551\"><ul class=\"collage collage-slider\"><li class=\"item\"><a href=\"https:\/\/triny.pl\/2721-make-me-bio-nawilzajacy-krem-dla-skory-suchej-i-wrazliwej-garden-roses.html\" target=\"_blank\"><picture><source srcset=\"https:\/\/static.triny.pl\/img\/p\/1\/2\/5\/5\/2\/12552-thickbox_default.webp\"  type=\"image\/webp\"><source srcset=\"https:\/\/static.triny.pl\/img\/p\/1\/2\/5\/5\/2\/12552-thickbox_default.jpg\"  type=\"image\/jpeg\"><img src=\"https:\/\/triny.pl\/blog\/wp-content\/themes\/triny\/assets\/img\/placeholder-600x600.png\" data-src=\"https:\/\/static.triny.pl\/img\/p\/1\/2\/5\/5\/2\/12552-thickbox_default.jpg\" class=\"tns-lazy-img\" alt=\"Garden Roses &#8211; Nawil\u017caj\u0105cy krem dla sk\u00f3ry suchej\"><\/picture><div class=\"brand\">Make Me Bio<\/div><div class=\"title\">Garden Roses &#8211; Nawil\u017caj\u0105cy krem dla sk\u00f3ry suchej<\/div><\/a><a class=\"slider-collage-carousel__btn read-more-button\" href=\"https:\/\/triny.pl\/2721-make-me-bio-nawilzajacy-krem-dla-skory-suchej-i-wrazliwej-garden-roses.html\" target=\"_blank\">Zobacz<\/a><\/li><li class=\"item\"><a href=\"https:\/\/triny.pl\/7588-lale-kosmetyki-krem-sliwkowo-rozany-z-koenzymem-q10.html\" target=\"_blank\"><picture><source srcset=\"https:\/\/static.triny.pl\/img\/p\/2\/2\/2\/0\/1\/22201-thickbox_default.webp\"  type=\"image\/webp\"><source srcset=\"https:\/\/static.triny.pl\/img\/p\/2\/2\/2\/0\/1\/22201-thickbox_default.jpg\"  type=\"image\/jpeg\"><img src=\"https:\/\/triny.pl\/blog\/wp-content\/themes\/triny\/assets\/img\/placeholder-600x600.png\" data-src=\"https:\/\/static.triny.pl\/img\/p\/2\/2\/2\/0\/1\/22201-thickbox_default.jpg\" class=\"tns-lazy-img\" alt=\"Krem \u015bliwkowo-r\u00f3\u017cany z koenzymem Q10\"><\/picture><div class=\"brand\">La-Le Kosmetyki<\/div><div class=\"title\">Krem \u015bliwkowo-r\u00f3\u017cany z koenzymem Q10<\/div><\/a><a class=\"slider-collage-carousel__btn read-more-button\" href=\"https:\/\/triny.pl\/7588-lale-kosmetyki-krem-sliwkowo-rozany-z-koenzymem-q10.html\" target=\"_blank\">Zobacz<\/a><\/li><li class=\"item\"><a href=\"https:\/\/triny.pl\/6930-polny-warkocz-mazidlo-odzywczo-kojace-tarczyca-bajkalska-i-polny-mak.html\" target=\"_blank\"><picture><source srcset=\"https:\/\/static.triny.pl\/img\/p\/2\/2\/1\/9\/3\/22193-thickbox_default.webp\"  type=\"image\/webp\"><source srcset=\"https:\/\/static.triny.pl\/img\/p\/2\/2\/1\/9\/3\/22193-thickbox_default.jpg\"  type=\"image\/jpeg\"><img src=\"https:\/\/triny.pl\/blog\/wp-content\/themes\/triny\/assets\/img\/placeholder-600x600.png\" data-src=\"https:\/\/static.triny.pl\/img\/p\/2\/2\/1\/9\/3\/22193-thickbox_default.jpg\" class=\"tns-lazy-img\" alt=\"Mazid\u0142o od\u017cywczo koj\u0105ce &#8211; Tarczyca bajkalska i polny mak\"><\/picture><div class=\"brand\">Polny Warkocz<\/div><div class=\"title\">Mazid\u0142o od\u017cywczo koj\u0105ce &#8211; Tarczyca bajkalska i polny mak<\/div><\/a><a class=\"slider-collage-carousel__btn read-more-button\" href=\"https:\/\/triny.pl\/6930-polny-warkocz-mazidlo-odzywczo-kojace-tarczyca-bajkalska-i-polny-mak.html\" target=\"_blank\">Zobacz<\/a><\/li><li class=\"item\"><a href=\"https:\/\/triny.pl\/9845-czarna-porzeczka-slonecznik-krem-odzywczy-do-cery-dojrzalej-i-wrazliwej.html\" target=\"_blank\"><picture><source srcset=\"https:\/\/static.triny.pl\/img\/p\/1\/8\/4\/1\/2\/18412-thickbox_default.webp\"  type=\"image\/webp\"><source srcset=\"https:\/\/static.triny.pl\/img\/p\/1\/8\/4\/1\/2\/18412-thickbox_default.jpg\"  type=\"image\/jpeg\"><img src=\"https:\/\/triny.pl\/blog\/wp-content\/themes\/triny\/assets\/img\/placeholder-600x600.png\" data-src=\"https:\/\/static.triny.pl\/img\/p\/1\/8\/4\/1\/2\/18412-thickbox_default.jpg\" class=\"tns-lazy-img\" alt=\"Krem od\u017cywczy do cery dojrza\u0142ej i wra\u017cliwej\"><\/picture><div class=\"brand\">Czarna porzeczka & S\u0142onecznik<\/div><div class=\"title\">Krem od\u017cywczy do cery dojrza\u0142ej i wra\u017cliwej<\/div><\/a><a class=\"slider-collage-carousel__btn read-more-button\" href=\"https:\/\/triny.pl\/9845-czarna-porzeczka-slonecznik-krem-odzywczy-do-cery-dojrzalej-i-wrazliwej.html\" target=\"_blank\">Zobacz<\/a><\/li><li class=\"item\"><a href=\"https:\/\/triny.pl\/11229-frojo-krem-do-twarzy-pietruszka-mango.html\" target=\"_blank\"><picture><source srcset=\"https:\/\/static.triny.pl\/img\/p\/1\/8\/6\/6\/8\/18668-thickbox_default.webp\"  type=\"image\/webp\"><source srcset=\"https:\/\/static.triny.pl\/img\/p\/1\/8\/6\/6\/8\/18668-thickbox_default.jpg\"  type=\"image\/jpeg\"><img src=\"https:\/\/triny.pl\/blog\/wp-content\/themes\/triny\/assets\/img\/placeholder-600x600.png\" data-src=\"https:\/\/static.triny.pl\/img\/p\/1\/8\/6\/6\/8\/18668-thickbox_default.jpg\" class=\"tns-lazy-img\" alt=\"Krem do twarzy &#8211; Pietruszka-mango\"><\/picture><div class=\"brand\">Frojo<\/div><div class=\"title\">Krem do twarzy &#8211; Pietruszka-mango<\/div><\/a><a class=\"slider-collage-carousel__btn read-more-button\" href=\"https:\/\/triny.pl\/11229-frojo-krem-do-twarzy-pietruszka-mango.html\" target=\"_blank\">Zobacz<\/a><\/li><li class=\"item\"><a href=\"https:\/\/triny.pl\/11922-sylveco-lekki-krem-do-twarzy-wow.html\" target=\"_blank\"><picture><source srcset=\"https:\/\/static.triny.pl\/img\/p\/1\/9\/4\/6\/3\/19463-thickbox_default.webp\"  type=\"image\/webp\"><source srcset=\"https:\/\/static.triny.pl\/img\/p\/1\/9\/4\/6\/3\/19463-thickbox_default.jpg\"  type=\"image\/jpeg\"><img src=\"https:\/\/triny.pl\/blog\/wp-content\/themes\/triny\/assets\/img\/placeholder-600x600.png\" data-src=\"https:\/\/static.triny.pl\/img\/p\/1\/9\/4\/6\/3\/19463-thickbox_default.jpg\" class=\"tns-lazy-img\" alt=\"Lekki krem do twarzy WOW\"><\/picture><div class=\"brand\">Sylveco<\/div><div class=\"title\">Lekki krem do twarzy WOW<\/div><\/a><a class=\"slider-collage-carousel__btn read-more-button\" href=\"https:\/\/triny.pl\/11922-sylveco-lekki-krem-do-twarzy-wow.html\" target=\"_blank\">Zobacz<\/a><\/li><li class=\"item\"><a href=\"https:\/\/triny.pl\/6962-polny-warkocz-mazidlo-konopne-krem-do-cery-tlustej-i-tradzikowej.html\" target=\"_blank\"><picture><source srcset=\"https:\/\/static.triny.pl\/img\/p\/2\/2\/1\/9\/4\/22194-thickbox_default.webp\"  type=\"image\/webp\"><source srcset=\"https:\/\/static.triny.pl\/img\/p\/2\/2\/1\/9\/4\/22194-thickbox_default.jpg\"  type=\"image\/jpeg\"><img src=\"https:\/\/triny.pl\/blog\/wp-content\/themes\/triny\/assets\/img\/placeholder-600x600.png\" data-src=\"https:\/\/static.triny.pl\/img\/p\/2\/2\/1\/9\/4\/22194-thickbox_default.jpg\" class=\"tns-lazy-img\" alt=\"Mazid\u0142o konopne &#8211; Krem do cery t\u0142ustej i tr\u0105dzikowej\"><\/picture><div class=\"brand\">Polny Warkocz<\/div><div class=\"title\">Mazid\u0142o konopne &#8211; Krem do cery t\u0142ustej i tr\u0105dzikowej<\/div><\/a><a class=\"slider-collage-carousel__btn read-more-button\" href=\"https:\/\/triny.pl\/6962-polny-warkocz-mazidlo-konopne-krem-do-cery-tlustej-i-tradzikowej.html\" target=\"_blank\">Zobacz<\/a><\/li><li class=\"item\"><a href=\"https:\/\/triny.pl\/9665-basiciclab-nawilzajacy-krem-dla-calej-rodziny-bogata-konsystencja.html\" target=\"_blank\"><picture><source srcset=\"https:\/\/static.triny.pl\/img\/p\/1\/6\/1\/4\/4\/16144-thickbox_default.webp\"  type=\"image\/webp\"><source srcset=\"https:\/\/static.triny.pl\/img\/p\/1\/6\/1\/4\/4\/16144-thickbox_default.jpg\"  type=\"image\/jpeg\"><img src=\"https:\/\/triny.pl\/blog\/wp-content\/themes\/triny\/assets\/img\/placeholder-600x600.png\" data-src=\"https:\/\/static.triny.pl\/img\/p\/1\/6\/1\/4\/4\/16144-thickbox_default.jpg\" class=\"tns-lazy-img\" alt=\"Nawil\u017caj\u0105cy krem dla ca\u0142ej rodziny &#8211; bogata konsystencja\"><\/picture><div class=\"brand\">BasicLab<\/div><div class=\"title\">Nawil\u017caj\u0105cy krem dla ca\u0142ej rodziny &#8211; bogata konsystencja<\/div><\/a><a class=\"slider-collage-carousel__btn read-more-button\" href=\"https:\/\/triny.pl\/9665-basiciclab-nawilzajacy-krem-dla-calej-rodziny-bogata-konsystencja.html\" target=\"_blank\">Zobacz<\/a><\/li><li class=\"item\"><a href=\"https:\/\/triny.pl\/11913-apis-krem-z-probiotykami-i-prebiotykami-na-dzien.html\" target=\"_blank\"><picture><source srcset=\"https:\/\/static.triny.pl\/img\/p\/1\/9\/4\/4\/8\/19448-thickbox_default.webp\"  type=\"image\/webp\"><source srcset=\"https:\/\/static.triny.pl\/img\/p\/1\/9\/4\/4\/8\/19448-thickbox_default.jpg\"  type=\"image\/jpeg\"><img src=\"https:\/\/triny.pl\/blog\/wp-content\/themes\/triny\/assets\/img\/placeholder-600x600.png\" data-src=\"https:\/\/static.triny.pl\/img\/p\/1\/9\/4\/4\/8\/19448-thickbox_default.jpg\" class=\"tns-lazy-img\" alt=\"Krem z probiotykami i prebiotykami na dzie\u0144\"><\/picture><div class=\"brand\">APIS<\/div><div class=\"title\">Krem z probiotykami i prebiotykami na dzie\u0144<\/div><\/a><a class=\"slider-collage-carousel__btn read-more-button\" href=\"https:\/\/triny.pl\/11913-apis-krem-z-probiotykami-i-prebiotykami-na-dzien.html\" target=\"_blank\">Zobacz<\/a><\/li><li class=\"item\"><a href=\"https:\/\/triny.pl\/6551-asoa-krem-do-twarzy-odzywcza-goja.html\" target=\"_blank\"><picture><source srcset=\"https:\/\/static.triny.pl\/img\/p\/1\/9\/7\/6\/0\/19760-thickbox_default.webp\"  type=\"image\/webp\"><source srcset=\"https:\/\/static.triny.pl\/img\/p\/1\/9\/7\/6\/0\/19760-thickbox_default.jpg\"  type=\"image\/jpeg\"><img src=\"https:\/\/triny.pl\/blog\/wp-content\/themes\/triny\/assets\/img\/placeholder-600x600.png\" data-src=\"https:\/\/static.triny.pl\/img\/p\/1\/9\/7\/6\/0\/19760-thickbox_default.jpg\" class=\"tns-lazy-img\" alt=\"Krem do twarzy &#8211; Od\u017cywcza goja\"><\/picture><div class=\"brand\">Asoa<\/div><div class=\"title\">Krem do twarzy &#8211; Od\u017cywcza goja<\/div><\/a><a class=\"slider-collage-carousel__btn read-more-button\" href=\"https:\/\/triny.pl\/6551-asoa-krem-do-twarzy-odzywcza-goja.html\" target=\"_blank\">Zobacz<\/a><\/li><\/ul><\/section>\n\n\n\n<ul>\n<li><a href=\"https:\/\/triny.pl\/2721-make-me-bio-nawilzajacy-krem-dla-skory-suchej-i-wrazliwej-garden-roses.html\">Garden Roses &#8211; nawil\u017caj\u0105cy krem dla sk\u00f3ry suchej Make Me Bio<\/a><span style=\"color: initial;\"> ma bardzo przyjemn\u0105, lekk\u0105, a przy tym tre\u015bciw\u0105 konsystencj\u0119. Dobrze nawil\u017ca, zmi\u0119kcza i wyg\u0142adza sk\u00f3r\u0119. Idealnie sprawdza si\u0119 jako krem pod makija\u017c. Ma \u0142adny, r\u00f3\u017cany zapach.<\/span><\/li>\n\n\n\n<li>Nawil\u017caj\u0105cy krem do twarzy na dzie\u0144 Vianek z ekstraktem z li\u015bci mniszka dedykowany jest osobom z such\u0105 i wra\u017cliw\u0105 sk\u00f3r\u0105. Stanowi doskona\u0142\u0105 baz\u0119 pod makija\u017c i dobrze sprawdza w codziennej piel\u0119gnacji sk\u00f3ry.<\/li>\n<\/ul>\n\n\n\n<p class=\"tip\">Krem nak\u0142adamy zawsze na oczyszczon\u0105 sk\u00f3r\u0119 i czystymi d\u0142o\u0144mi. Je\u015bli masz krem w s\u0142oiczku, do jego aplikacji mo\u017cesz u\u017cywa\u0107 specjaln\u0105 szpatu\u0142k\u0119. Krem wklepujemy delikatnie w sk\u00f3r\u0119, co jest czynno\u015bci\u0105 relaksuj\u0105c\u0105 i lekko pobudzaj\u0105c\u0105 sk\u00f3r\u0119. Pod oczy nak\u0142adamy specjalnie przeznaczony do tego celu krem pod oczy. Je\u015bli jednak nie masz takiego kremu na p\u00f3\u0142ce, mo\u017cesz zadba\u0107 o sk\u00f3r\u0119 pod oczami u\u017cywaj\u0105c tego samego kremu, kt\u00f3ry nak\u0142adasz na twarz.<\/p>\n\n\n\n<div class=\"wp-block-buttons is-horizontal is-content-justification-center is-layout-flex wp-container-3 wp-block-buttons-is-layout-flex\">\n<div class=\"wp-block-button\"><a class=\"wp-block-button__link wp-element-button\" href=\"https:\/\/triny.pl\/160-kremy-do-twarzy\">Zobacz wi\u0119cej dost\u0119pnych krem\u00f3w do twarzy<\/a><\/div>\n<\/div>\n\n\n\n<h3 class=\"wp-block-heading\">Naturalny krem z filtrem UV &#8211; polecane produkty<\/h3>\n\n\n<section class=\"slider-collage-carousel\" data-id=\"8332, 8411, 11623, 10387, 11490, 11610\"><ul class=\"collage collage-slider\"><li class=\"item\"><a href=\"https:\/\/triny.pl\/8411-make-me-bio-ultralekki-krem-spf-30.html\" target=\"_blank\"><picture><source srcset=\"https:\/\/static.triny.pl\/img\/p\/1\/1\/7\/3\/7\/11737-thickbox_default.webp\"  type=\"image\/webp\"><source srcset=\"https:\/\/static.triny.pl\/img\/p\/1\/1\/7\/3\/7\/11737-thickbox_default.jpg\"  type=\"image\/jpeg\"><img src=\"https:\/\/triny.pl\/blog\/wp-content\/themes\/triny\/assets\/img\/placeholder-600x600.png\" data-src=\"https:\/\/static.triny.pl\/img\/p\/1\/1\/7\/3\/7\/11737-thickbox_default.jpg\" class=\"tns-lazy-img\" alt=\"Ultralekki krem SPF 30\"><\/picture><div class=\"brand\">Make Me Bio<\/div><div class=\"title\">Ultralekki krem SPF 30<\/div><\/a><a class=\"slider-collage-carousel__btn read-more-button\" href=\"https:\/\/triny.pl\/8411-make-me-bio-ultralekki-krem-spf-30.html\" target=\"_blank\">Zobacz<\/a><\/li><li class=\"item\"><a href=\"https:\/\/triny.pl\/11623-lale-kosmetyki-krem-ochronny-z-filtrem-mineralnym-uvauvb-spf-50-roza-malina.html\" target=\"_blank\"><picture><source srcset=\"https:\/\/static.triny.pl\/img\/p\/2\/2\/1\/5\/5\/22155-thickbox_default.webp\"  type=\"image\/webp\"><source srcset=\"https:\/\/static.triny.pl\/img\/p\/2\/2\/1\/5\/5\/22155-thickbox_default.jpg\"  type=\"image\/jpeg\"><img src=\"https:\/\/triny.pl\/blog\/wp-content\/themes\/triny\/assets\/img\/placeholder-600x600.png\" data-src=\"https:\/\/static.triny.pl\/img\/p\/2\/2\/1\/5\/5\/22155-thickbox_default.jpg\" class=\"tns-lazy-img\" alt=\"Krem ochronny z filtrem mineralnym UVA\/UVB &#8211; SPF 50 &#8211; r\u00f3\u017ca-malina\"><\/picture><div class=\"brand\">La-Le Kosmetyki<\/div><div class=\"title\">Krem ochronny z filtrem mineralnym UVA\/UVB &#8211; SPF 50 &#8211; r\u00f3\u017ca-malina<\/div><\/a><a class=\"slider-collage-carousel__btn read-more-button\" href=\"https:\/\/triny.pl\/11623-lale-kosmetyki-krem-ochronny-z-filtrem-mineralnym-uvauvb-spf-50-roza-malina.html\" target=\"_blank\">Zobacz<\/a><\/li><li class=\"item\"><a href=\"https:\/\/triny.pl\/10387-basiclab-lekki-krem-ochronny-spf50.html\" target=\"_blank\"><picture><source srcset=\"https:\/\/static.triny.pl\/img\/p\/1\/5\/2\/4\/0\/15240-thickbox_default.webp\"  type=\"image\/webp\"><source srcset=\"https:\/\/static.triny.pl\/img\/p\/1\/5\/2\/4\/0\/15240-thickbox_default.jpg\"  type=\"image\/jpeg\"><img src=\"https:\/\/triny.pl\/blog\/wp-content\/themes\/triny\/assets\/img\/placeholder-600x600.png\" data-src=\"https:\/\/static.triny.pl\/img\/p\/1\/5\/2\/4\/0\/15240-thickbox_default.jpg\" class=\"tns-lazy-img\" alt=\"Lekki krem ochronny SPF 50+\"><\/picture><div class=\"brand\">BasicLab<\/div><div class=\"title\">Lekki krem ochronny SPF 50+<\/div><\/a><a class=\"slider-collage-carousel__btn read-more-button\" href=\"https:\/\/triny.pl\/10387-basiclab-lekki-krem-ochronny-spf50.html\" target=\"_blank\">Zobacz<\/a><\/li><li class=\"item\"><a href=\"https:\/\/triny.pl\/11490-nacomi-krem-do-twarzy-holiday-formula-z-filtrem-spf-50-pa.html\" target=\"_blank\"><picture><source srcset=\"https:\/\/static.triny.pl\/img\/p\/1\/7\/6\/0\/3\/17603-thickbox_default.webp\"  type=\"image\/webp\"><source srcset=\"https:\/\/static.triny.pl\/img\/p\/1\/7\/6\/0\/3\/17603-thickbox_default.jpg\"  type=\"image\/jpeg\"><img src=\"https:\/\/triny.pl\/blog\/wp-content\/themes\/triny\/assets\/img\/placeholder-600x600.png\" data-src=\"https:\/\/static.triny.pl\/img\/p\/1\/7\/6\/0\/3\/17603-thickbox_default.jpg\" class=\"tns-lazy-img\" alt=\"Next level &#8211; Krem do twarzy przeciwzmarszczkowy z filtrem SPF 50 PA++++ &#8211; Holiday\"><\/picture><div class=\"brand\">Nacomi<\/div><div class=\"title\">Next level &#8211; Krem do twarzy przeciwzmarszczkowy z filtrem SPF 50 PA++++ &#8211; Holiday<\/div><\/a><a class=\"slider-collage-carousel__btn read-more-button\" href=\"https:\/\/triny.pl\/11490-nacomi-krem-do-twarzy-holiday-formula-z-filtrem-spf-50-pa.html\" target=\"_blank\">Zobacz<\/a><\/li><li class=\"item\"><a href=\"https:\/\/triny.pl\/11610-joik-sun-defence-balsam-do-twarzy-i-ciala-spf-25.html\" target=\"_blank\"><picture><source srcset=\"https:\/\/static.triny.pl\/img\/p\/1\/7\/9\/8\/4\/17984-thickbox_default.webp\"  type=\"image\/webp\"><source srcset=\"https:\/\/static.triny.pl\/img\/p\/1\/7\/9\/8\/4\/17984-thickbox_default.jpg\"  type=\"image\/jpeg\"><img src=\"https:\/\/triny.pl\/blog\/wp-content\/themes\/triny\/assets\/img\/placeholder-600x600.png\" data-src=\"https:\/\/static.triny.pl\/img\/p\/1\/7\/9\/8\/4\/17984-thickbox_default.jpg\" class=\"tns-lazy-img\" alt=\"Sun Defence &#8211; Balsam do twarzy i cia\u0142a SPF 25 (data wa\u017cno\u015bci: 2023-12-31)\"><\/picture><div class=\"brand\">JOIK<\/div><div class=\"title\">Sun Defence &#8211; Balsam do twarzy i cia\u0142a SPF 25 (data wa\u017cno\u015bci: 2023-12-31)<\/div><\/a><a class=\"slider-collage-carousel__btn read-more-button\" href=\"https:\/\/triny.pl\/11610-joik-sun-defence-balsam-do-twarzy-i-ciala-spf-25.html\" target=\"_blank\">Zobacz<\/a><\/li><\/ul><\/section>\n\n\n\n<ul>\n<li><a class=\"rank-math-link\" href=\"https:\/\/triny.pl\/8332-asoa-sunny-day-spf-30.html\">Przeciws\u0142oneczny krem do twarzy Sunny Day SPF 30 Asoa<\/a> to naturalny krem o dzia\u0142aniu ochronnym i piel\u0119gnacyjnym, kt\u00f3ry dzi\u0119ki naturalnym pigmentom spe\u0142nia te\u017c rol\u0119 podk\u0142adu do twarzy.<\/li>\n\n\n\n<li><a class=\"rank-math-link\" href=\"https:\/\/triny.pl\/8411-make-me-bio-ultralekki-krem-spf-30.html\">Ultralekki krem SPF 30 Make Me Bio<\/a> szybko i dobrze si\u0119 wch\u0142ania, nie pozostawia t\u0142ustego filmu na sk\u00f3rze i stanowi doskona\u0142\u0105 baz\u0119 pod makija\u017c.<\/li>\n<\/ul>\n\n\n\n<div class=\"wp-block-buttons is-horizontal is-content-justification-center is-layout-flex wp-container-4 wp-block-buttons-is-layout-flex\">\n<div class=\"wp-block-button\"><a class=\"wp-block-button__link wp-element-button\" href=\"https:\/\/triny.pl\/319-ochrona-przeciwsloneczna\">Zobacz wi\u0119cej dost\u0119pnych krem\u00f3w z filtrem SPF<\/a><\/div>\n<\/div>\n\n\n\n<h2 class=\"wp-block-heading\"><b>Naturalny makija\u017c na co dzie\u0144<\/b><\/h2>\n\n\n\n<p><span style=\"font-weight: 400;\">Ostatnim etapem porannej rutyny piel\u0119gnacyjnej mo\u017ce by\u0107 <strong>zrobienie lekkiego, naturalnego i trwa\u0142ego makija\u017cu.<\/strong> Do jego wykonania polecam u\u017cy\u0107 naturalne kosmetyki do makija\u017cu, w tym kosmetyki mineralne o sypkich formu\u0142ach i w 100% naturalnych sk\u0142adach oraz bardzo lekkie, naturalne kremy BB. Si\u0119gaj\u0105c po te produkty b\u0119dziesz mia\u0142a pewno\u015b\u0107, \u017ce Tw\u00f3j makija\u017c b\u0119dzie wygl\u0105da\u0142 \u0142adnie, lekko i bardzo naturalnie. <strong>Kosmetyki naturalne do makija\u017cu delikatnie roz\u015bwietl\u0105 sk\u00f3r\u0119, wyr\u00f3wnaj\u0105 jej koloryt, ukryj\u0105 drobne niedoskona\u0142o\u015bci, podkre\u015bl\u0105 oczy i usta.<\/strong> Nie obci\u0105\u017c\u0105 przy tym sk\u00f3ry, nie b\u0119d\u0105 powodowa\u0142y zatykania por\u00f3w i nie stworz\u0105 na twarzy efektu maski. Uzyskany przy ich pomocy makija\u017c utrzyma si\u0119 w nienagannym stanie przez kilka godzin, a gdy b\u0119dzie wymaga\u0142 od\u015bwie\u017cenia, zrobisz to dos\u0142ownie w kilka minut.&nbsp;<\/span><\/p>\n\n\n<div class=\"wp-block-image\">\n<figure class=\"aligncenter\"><picture><source media=\"(max-width: 450px)\" data-srcset=\"https:\/\/triny.pl\/blog\/wp-content\/uploads\/2020\/05\/magda-fou-h5zpyhsbgdq-unsplash-375x324.jpg\"><img data-src=\"https:\/\/triny.pl\/blog\/wp-content\/uploads\/2020\/05\/magda-fou-h5zpyhsbgdq-unsplash-684x591.jpg\" class=\"wp-image-14002 lazyload\" alt=\"naturalny makija\u017c rano\"><\/picture><\/figure><\/div>\n\n\n<p>Jakich dok\u0142adnie kosmetyk\u00f3w potrzebujesz do stworzenia lekkiego, dziennego makija\u017cu? Moje must have to <strong>naturalny krem BB<\/strong>, po kt\u00f3ry si\u0119gam, gdy chc\u0119 wykona\u0107 makija\u017c w minut\u0119, do tego<strong> mineralny r\u00f3\u017c do policzk\u00f3w<\/strong> (kt\u00f3ry czasami nak\u0142adam te\u017c na powieki) i tusz do rz\u0119s. Ostatnio coraz cz\u0119\u015bciej si\u0119gam te\u017c po <strong>korektor mineralny pod oczy<\/strong>, a przed wyj\u015bciem z domu nak\u0142adam na usta delikatny, <strong>naturalny b\u0142yszczyk<\/strong>. Je\u015bli na wykonanie makija\u017cu mam troch\u0119 wi\u0119cej czasu lub potrzebuj\u0119 stworzy\u0107 tzw. pe\u0142ny makija\u017c, zamiast kremu bb u\u017cywam <strong>naturalny podk\u0142ad mineralny<\/strong> lub krem Asoa z SPF 30 (zast\u0119puj\u0119 nim podk\u0142ad), oczy maluj\u0105 przy pomocy <strong>naturalnych cieni mineralnych<\/strong>, a do wyko\u0144czenia makija\u017cu u\u017cywam<strong> prasowany puder mineralny<\/strong>. W takim wariancie makija\u017cowym r\u00f3\u017c zast\u0119puj\u0119 naturalnym roz\u015bwietlaczem. I to wszystko. Kilka kosmetyk\u00f3w i poci\u0105gni\u0119\u0107 p\u0119dzlem wystarcz\u0105, \u017ceby mie\u0107 podkre\u015blaj\u0105cy urod\u0119 i dodaj\u0105cy sk\u00f3rze blasku, naturalny makija\u017c.<\/p>\n\n\n\n<h3 class=\"wp-block-heading\">Naturalne kosmetyki do makija\u017cu &#8211; polecane kosmetyki mineralne<\/h3>\n\n\n<section class=\"slider-collage-carousel\" data-id=\"7610, 3889, 4809\"><ul class=\"collage collage-slider\"><li class=\"item\"><a href=\"https:\/\/triny.pl\/7610-annabelle-minerals-roz-mineralny-lily-glow.html\" target=\"_blank\"><picture><source srcset=\"https:\/\/static.triny.pl\/img\/p\/2\/1\/4\/5\/0\/21450-thickbox_default.webp\"  type=\"image\/webp\"><source srcset=\"https:\/\/static.triny.pl\/img\/p\/2\/1\/4\/5\/0\/21450-thickbox_default.jpg\"  type=\"image\/jpeg\"><img src=\"https:\/\/triny.pl\/blog\/wp-content\/themes\/triny\/assets\/img\/placeholder-600x600.png\" data-src=\"https:\/\/static.triny.pl\/img\/p\/2\/1\/4\/5\/0\/21450-thickbox_default.jpg\" class=\"tns-lazy-img\" alt=\"Roz\u015bwietlaj\u0105cy r\u00f3\u017c mineralny &#8211; Lily Glow\"><\/picture><div class=\"brand\">Annabelle Minerals<\/div><div class=\"title\">Roz\u015bwietlaj\u0105cy r\u00f3\u017c mineralny &#8211; Lily Glow<\/div><\/a><a class=\"slider-collage-carousel__btn read-more-button\" href=\"https:\/\/triny.pl\/7610-annabelle-minerals-roz-mineralny-lily-glow.html\" target=\"_blank\">Zobacz<\/a><\/li><li class=\"item\"><a href=\"https:\/\/triny.pl\/4809-neve-cosmetics-sypki-podklad-mineralny-high-coverage.html\" target=\"_blank\"><picture><source srcset=\"https:\/\/static.triny.pl\/img\/p\/6\/2\/8\/8\/6288-thickbox_default.webp\"  type=\"image\/webp\"><source srcset=\"https:\/\/static.triny.pl\/img\/p\/6\/2\/8\/8\/6288-thickbox_default.jpg\"  type=\"image\/jpeg\"><img src=\"https:\/\/triny.pl\/blog\/wp-content\/themes\/triny\/assets\/img\/placeholder-600x600.png\" data-src=\"https:\/\/static.triny.pl\/img\/p\/6\/2\/8\/8\/6288-thickbox_default.jpg\" class=\"tns-lazy-img\" alt=\"Sypki podk\u0142ad mineralny &#8211; High Coverage\"><\/picture><div class=\"brand\">Neve Cosmetics<\/div><div class=\"title\">Sypki podk\u0142ad mineralny &#8211; High Coverage<\/div><\/a><a class=\"slider-collage-carousel__btn read-more-button\" href=\"https:\/\/triny.pl\/4809-neve-cosmetics-sypki-podklad-mineralny-high-coverage.html\" target=\"_blank\">Zobacz<\/a><\/li><\/ul><\/section>\n\n\n\n<ul>\n<li><a href=\"https:\/\/triny.pl\/7610-annabelle-minerals-roz-mineralny-lily-glow.html\">R\u00f3\u017c mineralny Annabelle Minerals Lily Glow<\/a> roz\u015bwietla ko\u015bci policzkowe, dodaje cerze blasku i pi\u0119knie uzupe\u0142nia codzienny makija\u017c.<\/li>\n\n\n\n<li><a href=\"https:\/\/triny.pl\/3889-lily-lolo-korektor-mineralny.html#\/lily_lolo-barely_beige_5_g\">Korektor mineralny Lily Lolo<\/a> idealnie pokrywa niedoskona\u0142o\u015bci sk\u00f3ry i pomaga ukry\u0107 cienie pod oczami. Ma naturalne w\u0142a\u015bciwo\u015bci \u0142agodz\u0105ce.<\/li>\n\n\n\n<li><a href=\"https:\/\/triny.pl\/4809-neve-cosmetics-sypki-podklad-mineralny-high-coverage.html#\/neve_cosmetics-fair_neutral\">Sypki podk\u0142ad mineralny Neve Cosmetics High Coverage<\/a> wyr\u00f3wnuje koloryt i zapewnia aksamitne i matowe wyko\u0144czenie bez efektu maski. Nie zatyka por\u00f3w i jest bezpieczny dla sk\u00f3ry.<\/li>\n<\/ul>\n\n\n\n<div class=\"wp-block-buttons is-horizontal is-content-justification-center is-layout-flex wp-container-5 wp-block-buttons-is-layout-flex\">\n<div class=\"wp-block-button\"><a class=\"wp-block-button__link wp-element-button\" href=\"https:\/\/triny.pl\/370-kosmetyki-mineralne\">Zobacz wi\u0119cej kosmetyk\u00f3w mineralnych<\/a><\/div>\n<\/div>\n\n\n\n<h3 class=\"wp-block-heading\">Naturalne kremy BB &#8211; polecane produkty<\/h3>\n\n\n<section class=\"slider-collage-carousel\" data-id=\"9452, 11277, 11068, 11493\"><ul class=\"collage collage-slider\"><li class=\"item\"><a href=\"https:\/\/triny.pl\/9452-resibo-krem-bb-self-love.html\" target=\"_blank\"><picture><source srcset=\"https:\/\/static.triny.pl\/img\/p\/1\/8\/5\/7\/5\/18575-thickbox_default.webp\"  type=\"image\/webp\"><source srcset=\"https:\/\/static.triny.pl\/img\/p\/1\/8\/5\/7\/5\/18575-thickbox_default.jpg\"  type=\"image\/jpeg\"><img src=\"https:\/\/triny.pl\/blog\/wp-content\/themes\/triny\/assets\/img\/placeholder-600x600.png\" data-src=\"https:\/\/static.triny.pl\/img\/p\/1\/8\/5\/7\/5\/18575-thickbox_default.jpg\" class=\"tns-lazy-img\" alt=\"Krem BB &#8211; Self Love\"><\/picture><div class=\"brand\">Resibo<\/div><div class=\"title\">Krem BB &#8211; Self Love<\/div><\/a><a class=\"slider-collage-carousel__btn read-more-button\" href=\"https:\/\/triny.pl\/9452-resibo-krem-bb-self-love.html\" target=\"_blank\">Zobacz<\/a><\/li><li class=\"item\"><a href=\"https:\/\/triny.pl\/11493-veoli-botanica-drop-of-perfection-wygladzajaco-kryjacy-krem-bb-fair.html\" target=\"_blank\"><picture><source srcset=\"https:\/\/static.triny.pl\/img\/p\/2\/0\/8\/5\/9\/20859-thickbox_default.webp\"  type=\"image\/webp\"><source srcset=\"https:\/\/static.triny.pl\/img\/p\/2\/0\/8\/5\/9\/20859-thickbox_default.jpg\"  type=\"image\/jpeg\"><img src=\"https:\/\/triny.pl\/blog\/wp-content\/themes\/triny\/assets\/img\/placeholder-600x600.png\" data-src=\"https:\/\/static.triny.pl\/img\/p\/2\/0\/8\/5\/9\/20859-thickbox_default.jpg\" class=\"tns-lazy-img\" alt=\"Drop of perfection wyg\u0142adzaj\u0105co-kryj\u0105cy krem BB &#8211; odcie\u0144 FAIR (1.0 N) (data wa\u017cno\u015bci: 2024-01-31)\"><\/picture><div class=\"brand\">Veoli Botanica<\/div><div class=\"title\">Drop of perfection wyg\u0142adzaj\u0105co-kryj\u0105cy krem BB &#8211; odcie\u0144 FAIR (1.0 N) (data wa\u017cno\u015bci: 2024-01-31)<\/div><\/a><a class=\"slider-collage-carousel__btn read-more-button\" href=\"https:\/\/triny.pl\/11493-veoli-botanica-drop-of-perfection-wygladzajaco-kryjacy-krem-bb-fair.html\" target=\"_blank\">Zobacz<\/a><\/li><\/ul><\/section>\n\n\n\n<div class=\"wp-block-buttons is-horizontal is-content-justification-center is-layout-flex wp-container-6 wp-block-buttons-is-layout-flex\">\n<div class=\"wp-block-button\"><a class=\"wp-block-button__link wp-element-button\" href=\"https:\/\/triny.pl\/267-bb-kremy\">Zobacz wi\u0119cej dost\u0119pnych krem\u00f3w BB<\/a><\/div>\n<\/div>\n\n\n\n<h2 class=\"wp-block-heading\">Podsumowanie<\/h2>\n\n\n\n<p>Poranna piel\u0119gnacja twarzy u ka\u017cdej z nas b\u0119dzie wygl\u0105da\u0142a nieco inaczej, jednak warto mie\u0107 na uwadze to, by nie pomija\u0107 w niej trzech podstawowych krok\u00f3w piel\u0119gnacyjnych. \u0141agodne oczyszczanie sk\u00f3ry, przywr\u00f3cenie jej r\u00f3wnowagi przy pomocy toniku i na\u0142o\u017cenie na sk\u00f3r\u0119 naturalnego kremu sprawi\u0105, \u017ce nasza sk\u00f3ra b\u0119dzie wygl\u0105da\u0142a \u015bwie\u017co, promiennie i pi\u0119knie przez ca\u0142y dzie\u0144. Nawet je\u015bli nie pojawi si\u0119 na niej nawet odrobina lekkiego makija\u017cu.<\/p>\n\n\n\n<p><strong>Jestem ciekawa, jak wygl\u0105da Twoja codzienna poranna piel\u0119gnacja twarzy? Czy stosujesz ka\u017cdy z om\u00f3wionych w tym wpisie krok\u00f3w piel\u0119gnacyjnych?<\/strong><\/p>\n","protected":false},"excerpt":{"rendered":"<p>Dobrze rozpocz\u0119ty poranek to gwarancja udanego dnia. Warto sp\u0119dzi\u0107 ten czas w dobrym nastroju, zje\u015b\u0107 zdrowe \u015bniadanie, troch\u0119 si\u0119 porozci\u0105ga\u0107, wypi\u0107&#8230;<\/p>\n","protected":false},"author":6,"featured_media":19774,"comment_status":"open","ping_status":"open","sticky":false,"template":"","format":"standard","meta":{"footnotes":""},"categories":[35],"tags":[],"acf":[],"yoast_head":"<!-- This site is optimized with the Yoast SEO plugin v21.1 - https:\/\/yoast.com\/wordpress\/plugins\/seo\/ -->\n<title>Poranna piel\u0119gnacja twarzy krok po kroku \u2013 przygotuj si\u0119 do wyj\u015bcia<\/title>\n<meta name=\"description\" content=\"Poranna piel\u0119gnacja twarzy jest wa\u017cnym etapem codziennej rutyny piel\u0119gnacyjnej. Jak zaplanowa\u0107 porann\u0105 piel\u0119gnacj\u0119 twarzy, jakie zabiegi na twarz wykona\u0107?\" \/>\n<meta name=\"robots\" content=\"index, follow, max-snippet:-1, max-image-preview:large, max-video-preview:-1\" \/>\n<link rel=\"canonical\" href=\"https:\/\/triny.pl\/blog\/poranna-pielegnacja-twarzy-krok-po-kroku-przygotuj-sie-do-wyjscia\/\" \/>\n<meta property=\"og:locale\" content=\"pl_PL\" \/>\n<meta property=\"og:type\" content=\"article\" \/>\n<meta property=\"og:title\" content=\"Poranna piel\u0119gnacja twarzy krok po kroku \u2013 przygotuj si\u0119 do wyj\u015bcia\" \/>\n<meta property=\"og:description\" content=\"Poranna piel\u0119gnacja twarzy jest wa\u017cnym etapem codziennej rutyny piel\u0119gnacyjnej. Jak zaplanowa\u0107 porann\u0105 piel\u0119gnacj\u0119 twarzy, jakie zabiegi na twarz wykona\u0107?\" \/>\n<meta property=\"og:url\" content=\"https:\/\/triny.pl\/blog\/poranna-pielegnacja-twarzy-krok-po-kroku-przygotuj-sie-do-wyjscia\/\" \/>\n<meta property=\"og:site_name\" content=\"Blog Triny.pl\" \/>\n<meta property=\"article:publisher\" content=\"https:\/\/www.facebook.com\/trinysklep\" \/>\n<meta property=\"article:published_time\" content=\"2020-05-29T06:59:34+00:00\" \/>\n<meta property=\"article:modified_time\" content=\"2023-09-06T10:05:09+00:00\" \/>\n<meta property=\"og:image\" content=\"https:\/\/triny.pl\/blog\/wp-content\/uploads\/2020\/05\/poranna-pielegnacja.jpeg\" \/>\n\t<meta property=\"og:image:width\" content=\"1200\" \/>\n\t<meta property=\"og:image:height\" content=\"800\" \/>\n\t<meta property=\"og:image:type\" content=\"image\/jpeg\" \/>\n<meta name=\"author\" content=\"Olga Pietraszewska\" \/>\n<meta name=\"twitter:label1\" content=\"Napisane przez\" \/>\n\t<meta name=\"twitter:data1\" content=\"Olga Pietraszewska\" \/>\n\t<meta name=\"twitter:label2\" content=\"Szacowany czas czytania\" \/>\n\t<meta name=\"twitter:data2\" content=\"11 minut\" \/>\n<script type=\"application\/ld+json\" class=\"yoast-schema-graph\">{\"@context\":\"https:\/\/schema.org\",\"@graph\":[{\"@type\":\"Article\",\"@id\":\"https:\/\/triny.pl\/blog\/poranna-pielegnacja-twarzy-krok-po-kroku-przygotuj-sie-do-wyjscia\/#article\",\"isPartOf\":{\"@id\":\"https:\/\/triny.pl\/blog\/poranna-pielegnacja-twarzy-krok-po-kroku-przygotuj-sie-do-wyjscia\/\"},\"author\":{\"name\":\"Olga Pietraszewska\",\"@id\":\"https:\/\/triny.pl\/blog\/#\/schema\/person\/627fca485014bc94ba34ced7dc5dd756\"},\"headline\":\"Poranna piel\u0119gnacja twarzy krok po kroku \u2013 przygotuj si\u0119 do wyj\u015bcia\",\"datePublished\":\"2020-05-29T06:59:34+00:00\",\"dateModified\":\"2023-09-06T10:05:09+00:00\",\"mainEntityOfPage\":{\"@id\":\"https:\/\/triny.pl\/blog\/poranna-pielegnacja-twarzy-krok-po-kroku-przygotuj-sie-do-wyjscia\/\"},\"wordCount\":2214,\"commentCount\":1,\"publisher\":{\"@id\":\"https:\/\/triny.pl\/blog\/#organization\"},\"articleSection\":[\"Piel\u0119gnacja twarzy naturalnie\"],\"inLanguage\":\"pl-PL\",\"potentialAction\":[{\"@type\":\"CommentAction\",\"name\":\"Comment\",\"target\":[\"https:\/\/triny.pl\/blog\/poranna-pielegnacja-twarzy-krok-po-kroku-przygotuj-sie-do-wyjscia\/#respond\"]}]},{\"@type\":\"WebPage\",\"@id\":\"https:\/\/triny.pl\/blog\/poranna-pielegnacja-twarzy-krok-po-kroku-przygotuj-sie-do-wyjscia\/\",\"url\":\"https:\/\/triny.pl\/blog\/poranna-pielegnacja-twarzy-krok-po-kroku-przygotuj-sie-do-wyjscia\/\",\"name\":\"Poranna piel\u0119gnacja twarzy krok po kroku \u2013 przygotuj si\u0119 do wyj\u015bcia\",\"isPartOf\":{\"@id\":\"https:\/\/triny.pl\/blog\/#website\"},\"datePublished\":\"2020-05-29T06:59:34+00:00\",\"dateModified\":\"2023-09-06T10:05:09+00:00\",\"description\":\"Poranna piel\u0119gnacja twarzy jest wa\u017cnym etapem codziennej rutyny piel\u0119gnacyjnej. Jak zaplanowa\u0107 porann\u0105 piel\u0119gnacj\u0119 twarzy, jakie zabiegi na twarz wykona\u0107?\",\"breadcrumb\":{\"@id\":\"https:\/\/triny.pl\/blog\/poranna-pielegnacja-twarzy-krok-po-kroku-przygotuj-sie-do-wyjscia\/#breadcrumb\"},\"inLanguage\":\"pl-PL\",\"potentialAction\":[{\"@type\":\"ReadAction\",\"target\":[\"https:\/\/triny.pl\/blog\/poranna-pielegnacja-twarzy-krok-po-kroku-przygotuj-sie-do-wyjscia\/\"]}]},{\"@type\":\"BreadcrumbList\",\"@id\":\"https:\/\/triny.pl\/blog\/poranna-pielegnacja-twarzy-krok-po-kroku-przygotuj-sie-do-wyjscia\/#breadcrumb\",\"itemListElement\":[{\"@type\":\"ListItem\",\"position\":1,\"name\":\"Strona g\u0142\u00f3wna\",\"item\":\"https:\/\/triny.pl\/blog\/\"},{\"@type\":\"ListItem\",\"position\":2,\"name\":\"Poranna piel\u0119gnacja twarzy krok po kroku \u2013 przygotuj si\u0119 do wyj\u015bcia\"}]},{\"@type\":\"WebSite\",\"@id\":\"https:\/\/triny.pl\/blog\/#website\",\"url\":\"https:\/\/triny.pl\/blog\/\",\"name\":\"Blog Triny.pl\",\"description\":\"Naturalna piel\u0119gnacja bez tajemnic! Pokazujemy jak dba\u0107 o cia\u0142o i w\u0142osy dla optymalnych, d\u0142ugotrwa\u0142ych efekt\u00f3w. Sprawd\u017a te ma\u0142o znane triki :)\",\"publisher\":{\"@id\":\"https:\/\/triny.pl\/blog\/#organization\"},\"potentialAction\":[{\"@type\":\"SearchAction\",\"target\":{\"@type\":\"EntryPoint\",\"urlTemplate\":\"https:\/\/triny.pl\/blog\/?s={search_term_string}\"},\"query-input\":\"required name=search_term_string\"}],\"inLanguage\":\"pl-PL\"},{\"@type\":\"Organization\",\"@id\":\"https:\/\/triny.pl\/blog\/#organization\",\"name\":\"Triny Sp. z o. o.\",\"url\":\"https:\/\/triny.pl\/blog\/\",\"logo\":{\"@type\":\"ImageObject\",\"inLanguage\":\"pl-PL\",\"@id\":\"https:\/\/triny.pl\/blog\/#\/schema\/logo\/image\/\",\"url\":\"https:\/\/triny.pl\/blog\/wp-content\/uploads\/2020\/08\/logo-triny.png\",\"contentUrl\":\"https:\/\/triny.pl\/blog\/wp-content\/uploads\/2020\/08\/logo-triny.png\",\"width\":190,\"height\":78,\"caption\":\"Triny Sp. z o. o.\"},\"image\":{\"@id\":\"https:\/\/triny.pl\/blog\/#\/schema\/logo\/image\/\"},\"sameAs\":[\"https:\/\/www.facebook.com\/trinysklep\",\"https:\/\/www.instagram.com\/trinysklep\/\",\"https:\/\/pl.pinterest.com\/trinypl\/_created\/\"]},{\"@type\":\"Person\",\"@id\":\"https:\/\/triny.pl\/blog\/#\/schema\/person\/627fca485014bc94ba34ced7dc5dd756\",\"name\":\"Olga Pietraszewska\",\"description\":\"Witaj! Nazywam si\u0119 Olga Pietraszewska. Jestem autork\u0105 bloga Makehappyday.com, pasjonatk\u0105 i propagatork\u0105 naturalnej piel\u0119gnacji oraz zdrowego stylu \u017cycia. Z wykszta\u0142cenia politolog, z zawodu dziennikarka i copywriterka. Je\u015bli akurat nie pisz\u0119, to najpewniej oddaj\u0119 si\u0119 roli \u017cony i mamy, czytam ksi\u0105\u017cki, piek\u0119 chleb, albo spaceruj\u0119, podziwiaj\u0105c malownicze okolice pi\u0119knej Norwegii.\",\"url\":\"https:\/\/triny.pl\/blog\/author\/olga-pietraszewska\/\"}]}<\/script>\n<!-- \/ Yoast SEO plugin. -->","yoast_head_json":{"title":"Poranna piel\u0119gnacja twarzy krok po kroku \u2013 przygotuj si\u0119 do wyj\u015bcia","description":"Poranna piel\u0119gnacja twarzy jest wa\u017cnym etapem codziennej rutyny piel\u0119gnacyjnej. Jak zaplanowa\u0107 porann\u0105 piel\u0119gnacj\u0119 twarzy, jakie zabiegi na twarz wykona\u0107?","robots":{"index":"index","follow":"follow","max-snippet":"max-snippet:-1","max-image-preview":"max-image-preview:large","max-video-preview":"max-video-preview:-1"},"canonical":"https:\/\/triny.pl\/blog\/poranna-pielegnacja-twarzy-krok-po-kroku-przygotuj-sie-do-wyjscia\/","og_locale":"pl_PL","og_type":"article","og_title":"Poranna piel\u0119gnacja twarzy krok po kroku \u2013 przygotuj si\u0119 do wyj\u015bcia","og_description":"Poranna piel\u0119gnacja twarzy jest wa\u017cnym etapem codziennej rutyny piel\u0119gnacyjnej. Jak zaplanowa\u0107 porann\u0105 piel\u0119gnacj\u0119 twarzy, jakie zabiegi na twarz wykona\u0107?","og_url":"https:\/\/triny.pl\/blog\/poranna-pielegnacja-twarzy-krok-po-kroku-przygotuj-sie-do-wyjscia\/","og_site_name":"Blog Triny.pl","article_publisher":"https:\/\/www.facebook.com\/trinysklep","article_published_time":"2020-05-29T06:59:34+00:00","article_modified_time":"2023-09-06T10:05:09+00:00","og_image":[{"width":1200,"height":800,"url":"https:\/\/triny.pl\/blog\/wp-content\/uploads\/2020\/05\/poranna-pielegnacja.jpeg","type":"image\/jpeg"}],"author":"Olga Pietraszewska","twitter_misc":{"Napisane przez":"Olga Pietraszewska","Szacowany czas czytania":"11 minut"},"schema":{"@context":"https:\/\/schema.org","@graph":[{"@type":"Article","@id":"https:\/\/triny.pl\/blog\/poranna-pielegnacja-twarzy-krok-po-kroku-przygotuj-sie-do-wyjscia\/#article","isPartOf":{"@id":"https:\/\/triny.pl\/blog\/poranna-pielegnacja-twarzy-krok-po-kroku-przygotuj-sie-do-wyjscia\/"},"author":{"name":"Olga Pietraszewska","@id":"https:\/\/triny.pl\/blog\/#\/schema\/person\/627fca485014bc94ba34ced7dc5dd756"},"headline":"Poranna piel\u0119gnacja twarzy krok po kroku \u2013 przygotuj si\u0119 do wyj\u015bcia","datePublished":"2020-05-29T06:59:34+00:00","dateModified":"2023-09-06T10:05:09+00:00","mainEntityOfPage":{"@id":"https:\/\/triny.pl\/blog\/poranna-pielegnacja-twarzy-krok-po-kroku-przygotuj-sie-do-wyjscia\/"},"wordCount":2214,"commentCount":1,"publisher":{"@id":"https:\/\/triny.pl\/blog\/#organization"},"articleSection":["Piel\u0119gnacja twarzy naturalnie"],"inLanguage":"pl-PL","potentialAction":[{"@type":"CommentAction","name":"Comment","target":["https:\/\/triny.pl\/blog\/poranna-pielegnacja-twarzy-krok-po-kroku-przygotuj-sie-do-wyjscia\/#respond"]}]},{"@type":"WebPage","@id":"https:\/\/triny.pl\/blog\/poranna-pielegnacja-twarzy-krok-po-kroku-przygotuj-sie-do-wyjscia\/","url":"https:\/\/triny.pl\/blog\/poranna-pielegnacja-twarzy-krok-po-kroku-przygotuj-sie-do-wyjscia\/","name":"Poranna piel\u0119gnacja twarzy krok po kroku \u2013 przygotuj si\u0119 do wyj\u015bcia","isPartOf":{"@id":"https:\/\/triny.pl\/blog\/#website"},"datePublished":"2020-05-29T06:59:34+00:00","dateModified":"2023-09-06T10:05:09+00:00","description":"Poranna piel\u0119gnacja twarzy jest wa\u017cnym etapem codziennej rutyny piel\u0119gnacyjnej. Jak zaplanowa\u0107 porann\u0105 piel\u0119gnacj\u0119 twarzy, jakie zabiegi na twarz wykona\u0107?","breadcrumb":{"@id":"https:\/\/triny.pl\/blog\/poranna-pielegnacja-twarzy-krok-po-kroku-przygotuj-sie-do-wyjscia\/#breadcrumb"},"inLanguage":"pl-PL","potentialAction":[{"@type":"ReadAction","target":["https:\/\/triny.pl\/blog\/poranna-pielegnacja-twarzy-krok-po-kroku-przygotuj-sie-do-wyjscia\/"]}]},{"@type":"BreadcrumbList","@id":"https:\/\/triny.pl\/blog\/poranna-pielegnacja-twarzy-krok-po-kroku-przygotuj-sie-do-wyjscia\/#breadcrumb","itemListElement":[{"@type":"ListItem","position":1,"name":"Strona g\u0142\u00f3wna","item":"https:\/\/triny.pl\/blog\/"},{"@type":"ListItem","position":2,"name":"Poranna piel\u0119gnacja twarzy krok po kroku \u2013 przygotuj si\u0119 do wyj\u015bcia"}]},{"@type":"WebSite","@id":"https:\/\/triny.pl\/blog\/#website","url":"https:\/\/triny.pl\/blog\/","name":"Blog Triny.pl","description":"Naturalna piel\u0119gnacja bez tajemnic! Pokazujemy jak dba\u0107 o cia\u0142o i w\u0142osy dla optymalnych, d\u0142ugotrwa\u0142ych efekt\u00f3w. Sprawd\u017a te ma\u0142o znane triki :)","publisher":{"@id":"https:\/\/triny.pl\/blog\/#organization"},"potentialAction":[{"@type":"SearchAction","target":{"@type":"EntryPoint","urlTemplate":"https:\/\/triny.pl\/blog\/?s={search_term_string}"},"query-input":"required name=search_term_string"}],"inLanguage":"pl-PL"},{"@type":"Organization","@id":"https:\/\/triny.pl\/blog\/#organization","name":"Triny Sp. z o. o.","url":"https:\/\/triny.pl\/blog\/","logo":{"@type":"ImageObject","inLanguage":"pl-PL","@id":"https:\/\/triny.pl\/blog\/#\/schema\/logo\/image\/","url":"https:\/\/triny.pl\/blog\/wp-content\/uploads\/2020\/08\/logo-triny.png","contentUrl":"https:\/\/triny.pl\/blog\/wp-content\/uploads\/2020\/08\/logo-triny.png","width":190,"height":78,"caption":"Triny Sp. z o. o."},"image":{"@id":"https:\/\/triny.pl\/blog\/#\/schema\/logo\/image\/"},"sameAs":["https:\/\/www.facebook.com\/trinysklep","https:\/\/www.instagram.com\/trinysklep\/","https:\/\/pl.pinterest.com\/trinypl\/_created\/"]},{"@type":"Person","@id":"https:\/\/triny.pl\/blog\/#\/schema\/person\/627fca485014bc94ba34ced7dc5dd756","name":"Olga Pietraszewska","description":"Witaj! Nazywam si\u0119 Olga Pietraszewska. Jestem autork\u0105 bloga Makehappyday.com, pasjonatk\u0105 i propagatork\u0105 naturalnej piel\u0119gnacji oraz zdrowego stylu \u017cycia. Z wykszta\u0142cenia politolog, z zawodu dziennikarka i copywriterka. Je\u015bli akurat nie pisz\u0119, to najpewniej oddaj\u0119 si\u0119 roli \u017cony i mamy, czytam ksi\u0105\u017cki, piek\u0119 chleb, albo spaceruj\u0119, podziwiaj\u0105c malownicze okolice pi\u0119knej Norwegii.","url":"https:\/\/triny.pl\/blog\/author\/olga-pietraszewska\/"}]}},"voteUp":"45","voteDown":"0","authorInfo":{"photo":"https:\/\/triny.pl\/blog\/wp-content\/uploads\/2019\/03\/web-2-150x150.jpg","url":"https:\/\/triny.pl\/blog\/author\/olga-pietraszewska\/","name":"Olga Pietraszewska"},"media":{"full":"https:\/\/triny.pl\/blog\/wp-content\/uploads\/2020\/05\/poranna-pielegnacja.jpeg","desktop":"https:\/\/triny.pl\/blog\/wp-content\/uploads\/2020\/05\/poranna-pielegnacja-505x250.jpeg","mobile":"https:\/\/triny.pl\/blog\/wp-content\/uploads\/2020\/05\/poranna-pielegnacja-375x190.jpeg"},"_links":{"self":[{"href":"https:\/\/triny.pl\/blog\/wp-json\/wp\/v2\/posts\/13995"}],"collection":[{"href":"https:\/\/triny.pl\/blog\/wp-json\/wp\/v2\/posts"}],"about":[{"href":"https:\/\/triny.pl\/blog\/wp-json\/wp\/v2\/types\/post"}],"author":[{"embeddable":true,"href":"https:\/\/triny.pl\/blog\/wp-json\/wp\/v2\/users\/6"}],"replies":[{"embeddable":true,"href":"https:\/\/triny.pl\/blog\/wp-json\/wp\/v2\/comments?post=13995"}],"version-history":[{"count":18,"href":"https:\/\/triny.pl\/blog\/wp-json\/wp\/v2\/posts\/13995\/revisions"}],"predecessor-version":[{"id":27701,"href":"https:\/\/triny.pl\/blog\/wp-json\/wp\/v2\/posts\/13995\/revisions\/27701"}],"wp:featuredmedia":[{"embeddable":true,"href":"https:\/\/triny.pl\/blog\/wp-json\/wp\/v2\/media\/19774"}],"wp:attachment":[{"href":"https:\/\/triny.pl\/blog\/wp-json\/wp\/v2\/media?parent=13995"}],"wp:term":[{"taxonomy":"category","embeddable":true,"href":"https:\/\/triny.pl\/blog\/wp-json\/wp\/v2\/categories?post=13995"},{"taxonomy":"post_tag","embeddable":true,"href":"https:\/\/triny.pl\/blog\/wp-json\/wp\/v2\/tags?post=13995"}],"curies":[{"name":"wp","href":"https:\/\/api.w.org\/{rel}","templated":true}]}}