{"id":14066,"date":"2023-06-15T08:08:00","date_gmt":"2023-06-15T06:08:00","guid":{"rendered":"https:\/\/triny.pl\/blog\/?p=14066"},"modified":"2023-09-15T11:46:26","modified_gmt":"2023-09-15T09:46:26","slug":"jak-dbac-o-skore-latem-5-zasad-ktore-warto-przestrzegac","status":"publish","type":"post","link":"https:\/\/triny.pl\/blog\/jak-dbac-o-skore-latem-5-zasad-ktore-warto-przestrzegac\/","title":{"rendered":"Jak dba\u0107 o sk\u00f3r\u0119 latem \u2013 5 zasad, kt\u00f3re warto przestrzega\u0107"},"content":{"rendered":"\n<p>Latem Twoja sk\u00f3ra jest nara\u017cona na dzia\u0142anie wielu niekorzystnych czynnik\u00f3w zewn\u0119trznych. Najbardziej szkodliwe jest oczywi\u015bcie promieniowanie UV, ale nie mo\u017cesz te\u017c lekcewa\u017cy\u0107 dzia\u0142ania wysokiej temperatury, wiatru, czy s\u0142onej morskiej wody. Do tego dochodz\u0105 te\u017c cz\u0119ste podr\u00f3\u017ce, mniej snu (w ko\u0144cu latem jest tyle do zrobienia!) i wi\u0119ksza ni\u017c w pozosta\u0142e cz\u0119\u015bci roku ilo\u015b\u0107 spotka\u0144 towarzyskich. Jak to wszystko wp\u0142ywa na wygl\u0105d sk\u00f3ry? I jak dba\u0107 o sk\u00f3r\u0119 latem, aby cieszy\u0107 si\u0119 \u015bwie\u017c\u0105 i promienn\u0105 cer\u0105? W dzisiejszym wpisie mam dla Ciebie 5 zasad piel\u0119gnacyjnych, kt\u00f3rych warto przestrzega\u0107, dbaj\u0105c o sk\u00f3r\u0119 latem.<\/p>\n\n\n\n<!--more-->\n\n\n\n<h2 class=\"wp-block-heading\">Jak dba\u0107 o sk\u00f3r\u0119 latem?<\/h2>\n\n\n\n<p>Latem nasza sk\u00f3ra lubi si\u0119 buntowa\u0107. <strong>Wysoka temperatura<\/strong> sprawia, \u017ce szybciej si\u0119 poci, co przy niew\u0142a\u015bciwej piel\u0119gnacji mo\u017ce objawia\u0107 si\u0119 wysypem drobnych niedoskona\u0142o\u015bci. <strong>Promieniowanie UV<\/strong> podra\u017cnia naturaln\u0105 barier\u0119 ochronn\u0105 sk\u00f3ry, prowadzi do zaczerwienienia sk\u00f3ry, niedoskona\u0142o\u015bci i przyspiesza procesy starzenia. <strong>S\u0142ona morska woda i chlorowana woda z basenu<\/strong> przesuszaj\u0105 sk\u00f3r\u0119. <strong>Silny wiatr<\/strong> sprawia, \u017ce bywa ona zaczerwieniona i lekko podra\u017cniona. Do tego dochodzi jeszcze mniejsza ilo\u015b\u0107 snu, co nie jest korzystne ani dla naszej sk\u00f3ry, ani dla zdrowia, przebywanie w pomieszczeniach z klimatyzacj\u0105, cz\u0119ste podr\u00f3\u017ce. <strong>W efekcie dzia\u0142ania tych wszystkich czynnik\u00f3w, nasza sk\u00f3ra mo\u017ce szybciej si\u0119 przet\u0142uszcza\u0107, mo\u017ce by\u0107 te\u017c przesuszona, podra\u017cniona, zaczerwieniona.<\/strong> Istnieje spore ryzyko, \u017ce po lecie pojawi\u0105 si\u0119 na niej ma\u0142o estetyczne przebarwienia i plamy pigmentacyjne oraz zmarszczki, kt\u00f3rych przecie\u017c tak bardzo nie chcemy. Dlatego, aby unikn\u0105\u0107 tych wszystkich niemi\u0142ych konsekwencji, warto dba\u0107 o sk\u00f3r\u0119 latem tak, aby jesieni\u0105 nadal wygl\u0105da\u0142a m\u0142odo, \u015bwie\u017co i promiennie. Jak mo\u017cesz to zrobi\u0107? <strong>W dzisiejszym wpisie znajdziesz 5 super porad piel\u0119gnacyjnych, kt\u00f3re pomog\u0105 Ci zadba\u0107 o sk\u00f3r\u0119 latem.<\/strong><\/p>\n\n\n<div class=\"wp-block-image\">\n<figure class=\"aligncenter size-large\"><picture><source media=\"(max-width: 450px)\" data-srcset=\"https:\/\/triny.pl\/blog\/wp-content\/uploads\/2021\/06\/jak-dbac-o-skore-latem-375x199.jpeg\"><img data-src=\"https:\/\/triny.pl\/blog\/wp-content\/uploads\/2021\/06\/jak-dbac-o-skore-latem-684x362.jpeg\" class=\"wp-image-23554 lazyload\" alt=\"piel\u0119gnacja sk\u00f3ry latem\"><\/picture><\/figure><\/div>\n\n\n<h3 class=\"wp-block-heading\"><b>Letnie oczyszczanie twarzy<\/b><\/h3>\n\n\n\n<p>Letnie oczyszczanie twarzy to absolutnie niezb\u0119dny zabieg w jej codziennej piel\u0119gnacji.<\/p>\n\n\n\n<p class=\"note\">Latem, gdy sk\u00f3ra bardziej si\u0119 poci, ma kontakt z g\u0119stymi kremami ochronnymi, kurzem i piaskiem oraz makija\u017cem, kt\u00f3ry cz\u0119sto dok\u0142adamy na sk\u00f3r\u0119 kilka razy w ci\u0105gu dnia, wymaga naprawd\u0119 dobrego oczyszczenia.<\/p>\n\n\n\n<p>Najbardziej skuteczn\u0105 metod\u0105, kt\u00f3ra pomo\u017ce Ci dok\u0142adnie umy\u0107 twarz b\u0119dzie oczywi\u015bcie <strong>oczyszczanie dwuetapowe<\/strong>. Oczyszczenie sk\u00f3ry najpierw za pomoc\u0105 olejku do demakija\u017cu, a dopiero p\u00f3\u017aniej umycie jej \u017celem lub <a href=\"https:\/\/triny.pl\/1146-pianka-do-mycia-twarzy\">piank\u0105 do mycia twarzy<\/a> to gwarancja dobrze oczyszczonej twarzy. <strong>Do zastosowania tej metody potrzebujesz dw\u00f3ch kosmetyk\u00f3w &#8211; olejku do demakija\u017cu i kosmetyku myj\u0105cego na bazie wody<\/strong>. Mo\u017ce to by\u0107 \u017cel do mycia twarzy, pianka oczyszczaj\u0105ca, \u0142agodna emulsja. Twojej uwadze polecam szczeg\u00f3lnie te kosmetyki:<\/p>\n\n\n<section class=\"slider-collage-carousel\" data-id=\"11270, 7233, 12774, 8256, 13621\"><ul class=\"collage collage-slider\"><li class=\"item\"><a href=\"https:\/\/triny.pl\/11270-joik-oczyszczajaca-pianka-do-mycia-twarzy.html\" target=\"_blank\"><picture><source srcset=\"https:\/\/static.triny.pl\/img\/p\/1\/6\/8\/2\/4\/16824-thickbox_default.webp\"  type=\"image\/webp\"><source srcset=\"https:\/\/static.triny.pl\/img\/p\/1\/6\/8\/2\/4\/16824-thickbox_default.jpg\"  type=\"image\/jpeg\"><img src=\"https:\/\/triny.pl\/blog\/wp-content\/themes\/triny\/assets\/img\/placeholder-600x600.png\" data-src=\"https:\/\/static.triny.pl\/img\/p\/1\/6\/8\/2\/4\/16824-thickbox_default.jpg\" class=\"tns-lazy-img\" alt=\"Oczyszczaj\u0105ca pianka do mycia twarzy\"><\/picture><div class=\"brand\">JOIK<\/div><div class=\"title\">Oczyszczaj\u0105ca pianka do mycia twarzy<\/div><\/a><a class=\"slider-collage-carousel__btn read-more-button\" href=\"https:\/\/triny.pl\/11270-joik-oczyszczajaca-pianka-do-mycia-twarzy.html\" target=\"_blank\">Zobacz<\/a><\/li><li class=\"item\"><a href=\"https:\/\/triny.pl\/7233-iossi-ryzowa-pianka-do-mycia-twarzy.html\" target=\"_blank\"><picture><source srcset=\"https:\/\/static.triny.pl\/img\/p\/1\/7\/1\/4\/3\/17143-thickbox_default.webp\"  type=\"image\/webp\"><source srcset=\"https:\/\/static.triny.pl\/img\/p\/1\/7\/1\/4\/3\/17143-thickbox_default.jpg\"  type=\"image\/jpeg\"><img src=\"https:\/\/triny.pl\/blog\/wp-content\/themes\/triny\/assets\/img\/placeholder-600x600.png\" data-src=\"https:\/\/static.triny.pl\/img\/p\/1\/7\/1\/4\/3\/17143-thickbox_default.jpg\" class=\"tns-lazy-img\" alt=\"Ry\u017cowa Piana &#8211; Nawil\u017caj\u0105ca delikatna pianka do mycia twarzy\"><\/picture><div class=\"brand\">IOSSI<\/div><div class=\"title\">Ry\u017cowa Piana &#8211; Nawil\u017caj\u0105ca delikatna pianka do mycia twarzy<\/div><\/a><a class=\"slider-collage-carousel__btn read-more-button\" href=\"https:\/\/triny.pl\/7233-iossi-ryzowa-pianka-do-mycia-twarzy.html\" target=\"_blank\">Zobacz<\/a><\/li><li class=\"item\"><a href=\"https:\/\/triny.pl\/12774-aa-cosmetics-aloes-pianka-do-demakijazu-i-mycia-twarzy-nawilzajaco-kojaca.html\" target=\"_blank\"><picture><source srcset=\"https:\/\/static.triny.pl\/img\/p\/2\/0\/9\/7\/9\/20979-thickbox_default.webp\"  type=\"image\/webp\"><source srcset=\"https:\/\/static.triny.pl\/img\/p\/2\/0\/9\/7\/9\/20979-thickbox_default.jpg\"  type=\"image\/jpeg\"><img src=\"https:\/\/triny.pl\/blog\/wp-content\/themes\/triny\/assets\/img\/placeholder-600x600.png\" data-src=\"https:\/\/static.triny.pl\/img\/p\/2\/0\/9\/7\/9\/20979-thickbox_default.jpg\" class=\"tns-lazy-img\" alt=\"Aloes &#8211; Pianka do demakija\u017cu i mycia twarzy nawil\u017caj\u0105co &#8211; koj\u0105ca\"><\/picture><div class=\"brand\">AA Cosmetics<\/div><div class=\"title\">Aloes &#8211; Pianka do demakija\u017cu i mycia twarzy nawil\u017caj\u0105co &#8211; koj\u0105ca<\/div><\/a><a class=\"slider-collage-carousel__btn read-more-button\" href=\"https:\/\/triny.pl\/12774-aa-cosmetics-aloes-pianka-do-demakijazu-i-mycia-twarzy-nawilzajaco-kojaca.html\" target=\"_blank\">Zobacz<\/a><\/li><li class=\"item\"><a href=\"https:\/\/triny.pl\/8256-e-fiore-rewitalizujaca-pianka-do-mycia-twarzy-z-kwiatem-neroli.html\" target=\"_blank\"><picture><source srcset=\"https:\/\/static.triny.pl\/img\/p\/1\/4\/5\/6\/4\/14564-thickbox_default.webp\"  type=\"image\/webp\"><source srcset=\"https:\/\/static.triny.pl\/img\/p\/1\/4\/5\/6\/4\/14564-thickbox_default.jpg\"  type=\"image\/jpeg\"><img src=\"https:\/\/triny.pl\/blog\/wp-content\/themes\/triny\/assets\/img\/placeholder-600x600.png\" data-src=\"https:\/\/static.triny.pl\/img\/p\/1\/4\/5\/6\/4\/14564-thickbox_default.jpg\" class=\"tns-lazy-img\" alt=\"Rewitalizuj\u0105ca pianka do mycia twarzy z Kwiatem Neroli\"><\/picture><div class=\"brand\">E-FIORE<\/div><div class=\"title\">Rewitalizuj\u0105ca pianka do mycia twarzy z Kwiatem Neroli<\/div><\/a><a class=\"slider-collage-carousel__btn read-more-button\" href=\"https:\/\/triny.pl\/8256-e-fiore-rewitalizujaca-pianka-do-mycia-twarzy-z-kwiatem-neroli.html\" target=\"_blank\">Zobacz<\/a><\/li><li class=\"item\"><a href=\"https:\/\/triny.pl\/13621-himalaya-herbals-rozswietlajaca-micelarna-pianka-do-mycia-twarzy-z-organiczna-roza.html\" target=\"_blank\"><picture><source srcset=\"https:\/\/static.triny.pl\/img\/p\/2\/2\/6\/8\/4\/22684-thickbox_default.webp\"  type=\"image\/webp\"><source srcset=\"https:\/\/static.triny.pl\/img\/p\/2\/2\/6\/8\/4\/22684-thickbox_default.jpg\"  type=\"image\/jpeg\"><img src=\"https:\/\/triny.pl\/blog\/wp-content\/themes\/triny\/assets\/img\/placeholder-600x600.png\" data-src=\"https:\/\/static.triny.pl\/img\/p\/2\/2\/6\/8\/4\/22684-thickbox_default.jpg\" class=\"tns-lazy-img\" alt=\"Roz\u015bwietlaj\u0105ca, micelarna pianka do mycia twarzy z organiczn\u0105 r\u00f3\u017c\u0105\"><\/picture><div class=\"brand\">Himalaya Herbals<\/div><div class=\"title\">Roz\u015bwietlaj\u0105ca, micelarna pianka do mycia twarzy z organiczn\u0105 r\u00f3\u017c\u0105<\/div><\/a><a class=\"slider-collage-carousel__btn read-more-button\" href=\"https:\/\/triny.pl\/13621-himalaya-herbals-rozswietlajaca-micelarna-pianka-do-mycia-twarzy-z-organiczna-roza.html\" target=\"_blank\">Zobacz<\/a><\/li><\/ul><\/section>\n\n\n\n<p>Je\u015bli zale\u017cy Ci na szybkim, ale r\u00f3wnie skutecznym oczyszczeniu sk\u00f3ry, bez u\u017cywania dw\u00f3ch r\u00f3\u017cnych kosmetyk\u00f3w, mo\u017cesz si\u0119gn\u0105\u0107 po <strong><a href=\"https:\/\/triny.pl\/1157-olejek-hydrofilny\">olejek hydrofilny<\/a><\/strong>. Olejek dzi\u0119ki dodatkowi emulgator\u00f3w, w kontakcie z wod\u0105 zmienia si\u0119 w delikatn\u0105 emulsj\u0119 myj\u0105c\u0105. Po zmyciu olejku z twarzy sk\u00f3ra nie jest t\u0142usta, klej\u0105ca i nieprzyjemna w dotyku. Jest za to mi\u0119kka, czysta, \u015bwie\u017ca i g\u0142adka.<\/p>\n\n\n<section class=\"slider-collage-carousel\" data-id=\"12141, 8192\"><ul class=\"collage collage-slider\"><li class=\"item\"><a href=\"https:\/\/triny.pl\/12141-ministerstwo-dobrego-mydla-hydrofilowy-olejek-do-demakijazu-roza-malina.html\" target=\"_blank\"><picture><source srcset=\"https:\/\/static.triny.pl\/img\/p\/1\/9\/9\/5\/4\/19954-thickbox_default.webp\"  type=\"image\/webp\"><source srcset=\"https:\/\/static.triny.pl\/img\/p\/1\/9\/9\/5\/4\/19954-thickbox_default.jpg\"  type=\"image\/jpeg\"><img src=\"https:\/\/triny.pl\/blog\/wp-content\/themes\/triny\/assets\/img\/placeholder-600x600.png\" data-src=\"https:\/\/static.triny.pl\/img\/p\/1\/9\/9\/5\/4\/19954-thickbox_default.jpg\" class=\"tns-lazy-img\" alt=\"Hydrofilowy olejek do demakija\u017cu &#8211; R\u00f3\u017ca-malina\"><\/picture><div class=\"brand\">Ministerstwo Dobrego Myd\u0142a<\/div><div class=\"title\">Hydrofilowy olejek do demakija\u017cu &#8211; R\u00f3\u017ca-malina<\/div><\/a><a class=\"slider-collage-carousel__btn read-more-button\" href=\"https:\/\/triny.pl\/12141-ministerstwo-dobrego-mydla-hydrofilowy-olejek-do-demakijazu-roza-malina.html\" target=\"_blank\">Zobacz<\/a><\/li><li class=\"item\"><a href=\"https:\/\/triny.pl\/8192-bioup-olejek-myjacy-do-twarzy-mini.html\" target=\"_blank\"><picture><source srcset=\"https:\/\/static.triny.pl\/img\/p\/1\/2\/6\/0\/6\/12606-thickbox_default.webp\"  type=\"image\/webp\"><source srcset=\"https:\/\/static.triny.pl\/img\/p\/1\/2\/6\/0\/6\/12606-thickbox_default.jpg\"  type=\"image\/jpeg\"><img src=\"https:\/\/triny.pl\/blog\/wp-content\/themes\/triny\/assets\/img\/placeholder-600x600.png\" data-src=\"https:\/\/static.triny.pl\/img\/p\/1\/2\/6\/0\/6\/12606-thickbox_default.jpg\" class=\"tns-lazy-img\" alt=\"Olejek myj\u0105cy do twarzy\"><\/picture><div class=\"brand\">BIOUP<\/div><div class=\"title\">Olejek myj\u0105cy do twarzy<\/div><\/a><a class=\"slider-collage-carousel__btn read-more-button\" href=\"https:\/\/triny.pl\/8192-bioup-olejek-myjacy-do-twarzy-mini.html\" target=\"_blank\">Zobacz<\/a><\/li><\/ul><\/section>\n\n\n\n<p>Poza olejkami hydrofilnymi, w Twojej letniej kosmetyczce mog\u0105 pojawi\u0107 si\u0119 te\u017c balsam lub pasta do oczyszczania twarzy, kt\u00f3re dzia\u0142aj\u0105 na podobnej zasadzie.<\/p>\n\n\n\n<p><strong>Przeczytaj r\u00f3wnie\u017c:<\/strong><\/p>\n\n\n\n<figure class=\"wp-block-embed is-type-wp-embed is-provider-blog-triny-pl wp-block-embed-blog-triny-pl\"><div class=\"wp-block-embed__wrapper\">\n<blockquote class=\"wp-embedded-content\" data-secret=\"vdgyzAPmrO\"><a href=\"https:\/\/triny.pl\/blog\/olejki-do-oczyszczania-twarzy-i-demakijazu-czy-warto-je-stosowac\/\">Olejek do oczyszczania twarzy i demakija\u017cu &#8211; czy warto go stosowa\u0107?<\/a><\/blockquote><iframe class=\"wp-embedded-content\" sandbox=\"allow-scripts\" security=\"restricted\" style=\"position: absolute; clip: rect(1px, 1px, 1px, 1px);\" title=\"&#8222;Olejek do oczyszczania twarzy i demakija\u017cu &#8211; czy warto go stosowa\u0107?&#8221; &#8212; Blog Triny.pl\" src=\"https:\/\/triny.pl\/blog\/olejki-do-oczyszczania-twarzy-i-demakijazu-czy-warto-je-stosowac\/embed\/#?secret=EiLYlEFtz6#?secret=vdgyzAPmrO\" data-secret=\"vdgyzAPmrO\" width=\"600\" height=\"338\" frameborder=\"0\" marginwidth=\"0\" marginheight=\"0\" scrolling=\"no\"><\/iframe>\n<\/div><\/figure>\n\n\n\n<p>O letnie oczyszczanie twarzy warto zadba\u0107 nie tylko wieczorami, ale i rano. Wiem, \u017ce wiele kobiet wci\u0105\u017c nie ma nawyku mycia twarzy rano, ale latem warto to robi\u0107. G\u0142\u00f3wnym powodem jest oczywi\u015bcie to, \u017ce letnie noce bywaj\u0105 bardzo ciep\u0142e, wi\u0119c nasza sk\u00f3ra, r\u00f3wnie\u017c noc\u0105, mocniej si\u0119 poci. Rano warto zadba\u0107 wi\u0119c o jej delikatne oczyszczenie i od\u015bwie\u017cenie.<\/p>\n\n\n\n<p>Przeczytaj: <a href=\"https:\/\/triny.pl\/blog\/poranna-pielegnacja-twarzy-krok-po-kroku-przygotuj-sie-do-wyjscia\/\">Poranna piel\u0119gnacja twarzy krok po kroku<\/a><\/p>\n\n\n\n<p class=\"tip\">Poranne oczyszczanie twarzy powinno by\u0107 znacznie delikatniejsze od wieczornego, dlatego mo\u017cesz wybra\u0107 do niego delikatne mleczko kosmetyczne, piank\u0119 do mycia twarzy lub jaki\u015b olejek.<\/p>\n\n\n\n<p><strong>Kilka polecanych kosmetyk\u00f3w znajdziesz poni\u017cej:<\/strong><\/p>\n\n\n<section class=\"slider-collage-carousel\" data-id=\"11269, 12125, 2692, 3140, 12714, 11726, 10152, 7862, 13695, 13398\"><ul class=\"collage collage-slider\"><li class=\"item\"><a href=\"https:\/\/triny.pl\/11269-joik-olejek-do-mycia-twarzy.html\" target=\"_blank\"><picture><source srcset=\"https:\/\/static.triny.pl\/img\/p\/1\/6\/8\/2\/3\/16823-thickbox_default.webp\"  type=\"image\/webp\"><source srcset=\"https:\/\/static.triny.pl\/img\/p\/1\/6\/8\/2\/3\/16823-thickbox_default.jpg\"  type=\"image\/jpeg\"><img src=\"https:\/\/triny.pl\/blog\/wp-content\/themes\/triny\/assets\/img\/placeholder-600x600.png\" data-src=\"https:\/\/static.triny.pl\/img\/p\/1\/6\/8\/2\/3\/16823-thickbox_default.jpg\" class=\"tns-lazy-img\" alt=\"Olejek do mycia twarzy\"><\/picture><div class=\"brand\">JOIK<\/div><div class=\"title\">Olejek do mycia twarzy<\/div><\/a><a class=\"slider-collage-carousel__btn read-more-button\" href=\"https:\/\/triny.pl\/11269-joik-olejek-do-mycia-twarzy.html\" target=\"_blank\">Zobacz<\/a><\/li><li class=\"item\"><a href=\"https:\/\/triny.pl\/12125-apis-migdalowy-olejek-do-demakijazu-twarzy-i-oczu-almond-cleansing.html\" target=\"_blank\"><picture><source srcset=\"https:\/\/static.triny.pl\/img\/p\/1\/9\/9\/1\/2\/19912-thickbox_default.webp\"  type=\"image\/webp\"><source srcset=\"https:\/\/static.triny.pl\/img\/p\/1\/9\/9\/1\/2\/19912-thickbox_default.jpg\"  type=\"image\/jpeg\"><img src=\"https:\/\/triny.pl\/blog\/wp-content\/themes\/triny\/assets\/img\/placeholder-600x600.png\" data-src=\"https:\/\/static.triny.pl\/img\/p\/1\/9\/9\/1\/2\/19912-thickbox_default.jpg\" class=\"tns-lazy-img\" alt=\"Migda\u0142owy olejek do demakija\u017cu twarzy i oczu  &#8211; Almond cleansing\"><\/picture><div class=\"brand\">APIS<\/div><div class=\"title\">Migda\u0142owy olejek do demakija\u017cu twarzy i oczu  &#8211; Almond cleansing<\/div><\/a><a class=\"slider-collage-carousel__btn read-more-button\" href=\"https:\/\/triny.pl\/12125-apis-migdalowy-olejek-do-demakijazu-twarzy-i-oczu-almond-cleansing.html\" target=\"_blank\">Zobacz<\/a><\/li><li class=\"item\"><a href=\"https:\/\/triny.pl\/2692-gocranberry-micelarny-zel-do-mycia-twarzy-i-demakijazu.html\" target=\"_blank\"><picture><source srcset=\"https:\/\/static.triny.pl\/img\/p\/9\/0\/7\/3\/9073-thickbox_default.webp\"  type=\"image\/webp\"><source srcset=\"https:\/\/static.triny.pl\/img\/p\/9\/0\/7\/3\/9073-thickbox_default.jpg\"  type=\"image\/jpeg\"><img src=\"https:\/\/triny.pl\/blog\/wp-content\/themes\/triny\/assets\/img\/placeholder-600x600.png\" data-src=\"https:\/\/static.triny.pl\/img\/p\/9\/0\/7\/3\/9073-thickbox_default.jpg\" class=\"tns-lazy-img\" alt=\"Micelarny \u017cel do mycia twarzy i demakija\u017cu\"><\/picture><div class=\"brand\">GoCranberry<\/div><div class=\"title\">Micelarny \u017cel do mycia twarzy i demakija\u017cu<\/div><\/a><a class=\"slider-collage-carousel__btn read-more-button\" href=\"https:\/\/triny.pl\/2692-gocranberry-micelarny-zel-do-mycia-twarzy-i-demakijazu.html\" target=\"_blank\">Zobacz<\/a><\/li><li class=\"item\"><a href=\"https:\/\/triny.pl\/3140-gocranberry-zurawinowa-pianka-do-mycia-twarzy.html\" target=\"_blank\"><picture><source srcset=\"https:\/\/static.triny.pl\/img\/p\/3\/5\/4\/2\/3542-thickbox_default.webp\"  type=\"image\/webp\"><source srcset=\"https:\/\/static.triny.pl\/img\/p\/3\/5\/4\/2\/3542-thickbox_default.jpg\"  type=\"image\/jpeg\"><img src=\"https:\/\/triny.pl\/blog\/wp-content\/themes\/triny\/assets\/img\/placeholder-600x600.png\" data-src=\"https:\/\/static.triny.pl\/img\/p\/3\/5\/4\/2\/3542-thickbox_default.jpg\" class=\"tns-lazy-img\" alt=\"\u017burawinowa pianka do mycia twarzy\"><\/picture><div class=\"brand\">GoCranberry<\/div><div class=\"title\">\u017burawinowa pianka do mycia twarzy<\/div><\/a><a class=\"slider-collage-carousel__btn read-more-button\" href=\"https:\/\/triny.pl\/3140-gocranberry-zurawinowa-pianka-do-mycia-twarzy.html\" target=\"_blank\">Zobacz<\/a><\/li><li class=\"item\"><a href=\"https:\/\/triny.pl\/11726-biolaven-pianka-myjaca-do-twarzy-nawilza-i-lagodzi.html\" target=\"_blank\"><picture><source srcset=\"https:\/\/static.triny.pl\/img\/p\/2\/2\/8\/8\/9\/22889-thickbox_default.webp\"  type=\"image\/webp\"><source srcset=\"https:\/\/static.triny.pl\/img\/p\/2\/2\/8\/8\/9\/22889-thickbox_default.jpg\"  type=\"image\/jpeg\"><img src=\"https:\/\/triny.pl\/blog\/wp-content\/themes\/triny\/assets\/img\/placeholder-600x600.png\" data-src=\"https:\/\/static.triny.pl\/img\/p\/2\/2\/8\/8\/9\/22889-thickbox_default.jpg\" class=\"tns-lazy-img\" alt=\"Pianka myj\u0105ca do twarzy &#8211; nawil\u017ca i \u0142agodzi\"><\/picture><div class=\"brand\">Biolaven<\/div><div class=\"title\">Pianka myj\u0105ca do twarzy &#8211; nawil\u017ca i \u0142agodzi<\/div><\/a><a class=\"slider-collage-carousel__btn read-more-button\" href=\"https:\/\/triny.pl\/11726-biolaven-pianka-myjaca-do-twarzy-nawilza-i-lagodzi.html\" target=\"_blank\">Zobacz<\/a><\/li><li class=\"item\"><a href=\"https:\/\/triny.pl\/10152-alkemie-ekstremalnie-lagodna-pianka-do-mycia-i-demakijazu-twarzy-foa-m-my-god.html\" target=\"_blank\"><picture><source srcset=\"https:\/\/static.triny.pl\/img\/p\/1\/8\/4\/4\/6\/18446-thickbox_default.webp\"  type=\"image\/webp\"><source srcset=\"https:\/\/static.triny.pl\/img\/p\/1\/8\/4\/4\/6\/18446-thickbox_default.jpg\"  type=\"image\/jpeg\"><img src=\"https:\/\/triny.pl\/blog\/wp-content\/themes\/triny\/assets\/img\/placeholder-600x600.png\" data-src=\"https:\/\/static.triny.pl\/img\/p\/1\/8\/4\/4\/6\/18446-thickbox_default.jpg\" class=\"tns-lazy-img\" alt=\"Ekstremalnie \u0142agodna pianka do mycia i demakija\u017cu twarzy &#8211; Foa-m my god\"><\/picture><div class=\"brand\">Alkemie<\/div><div class=\"title\">Ekstremalnie \u0142agodna pianka do mycia i demakija\u017cu twarzy &#8211; Foa-m my god<\/div><\/a><a class=\"slider-collage-carousel__btn read-more-button\" href=\"https:\/\/triny.pl\/10152-alkemie-ekstremalnie-lagodna-pianka-do-mycia-i-demakijazu-twarzy-foa-m-my-god.html\" target=\"_blank\">Zobacz<\/a><\/li><li class=\"item\"><a href=\"https:\/\/triny.pl\/7862-natural-secrets-micelarny-balsam-myjacy-len-z-drzewem-rozanym.html\" target=\"_blank\"><picture><source srcset=\"https:\/\/static.triny.pl\/img\/p\/1\/5\/1\/5\/2\/15152-thickbox_default.webp\"  type=\"image\/webp\"><source srcset=\"https:\/\/static.triny.pl\/img\/p\/1\/5\/1\/5\/2\/15152-thickbox_default.jpg\"  type=\"image\/jpeg\"><img src=\"https:\/\/triny.pl\/blog\/wp-content\/themes\/triny\/assets\/img\/placeholder-600x600.png\" data-src=\"https:\/\/static.triny.pl\/img\/p\/1\/5\/1\/5\/2\/15152-thickbox_default.jpg\" class=\"tns-lazy-img\" alt=\"Micelarny balsam myj\u0105cy len z drzewem r\u00f3\u017canym\"><\/picture><div class=\"brand\">Natural Secrets<\/div><div class=\"title\">Micelarny balsam myj\u0105cy len z drzewem r\u00f3\u017canym<\/div><\/a><a class=\"slider-collage-carousel__btn read-more-button\" href=\"https:\/\/triny.pl\/7862-natural-secrets-micelarny-balsam-myjacy-len-z-drzewem-rozanym.html\" target=\"_blank\">Zobacz<\/a><\/li><li class=\"item\"><a href=\"https:\/\/triny.pl\/13695-veoli-botanica-cleaning-me-softly-nawilzajaco-lagodzacy-zel-do-mycia-twarzy.html\" target=\"_blank\"><picture><source srcset=\"https:\/\/static.triny.pl\/img\/p\/2\/2\/8\/2\/6\/22826-thickbox_default.webp\"  type=\"image\/webp\"><source srcset=\"https:\/\/static.triny.pl\/img\/p\/2\/2\/8\/2\/6\/22826-thickbox_default.jpg\"  type=\"image\/jpeg\"><img src=\"https:\/\/triny.pl\/blog\/wp-content\/themes\/triny\/assets\/img\/placeholder-600x600.png\" data-src=\"https:\/\/static.triny.pl\/img\/p\/2\/2\/8\/2\/6\/22826-thickbox_default.jpg\" class=\"tns-lazy-img\" alt=\"CLEANING ME SOFTLY nawil\u017caj\u0105co &#8211; \u0142agodz\u0105cy \u017cel do mycia twarzy do sk\u00f3ry suchej i wra\u017cliwej z prebiotykiem\"><\/picture><div class=\"brand\">Veoli Botanica<\/div><div class=\"title\">CLEANING ME SOFTLY nawil\u017caj\u0105co &#8211; \u0142agodz\u0105cy \u017cel do mycia twarzy do sk\u00f3ry suchej i wra\u017cliwej z prebiotykiem<\/div><\/a><a class=\"slider-collage-carousel__btn read-more-button\" href=\"https:\/\/triny.pl\/13695-veoli-botanica-cleaning-me-softly-nawilzajaco-lagodzacy-zel-do-mycia-twarzy.html\" target=\"_blank\">Zobacz<\/a><\/li><li class=\"item\"><a href=\"https:\/\/triny.pl\/13398-health-labs-care-lagodny-zel-myjacy-pure-on.html\" target=\"_blank\"><picture><source srcset=\"https:\/\/static.triny.pl\/img\/p\/2\/2\/3\/2\/5\/22325-thickbox_default.webp\"  type=\"image\/webp\"><source srcset=\"https:\/\/static.triny.pl\/img\/p\/2\/2\/3\/2\/5\/22325-thickbox_default.jpg\"  type=\"image\/jpeg\"><img src=\"https:\/\/triny.pl\/blog\/wp-content\/themes\/triny\/assets\/img\/placeholder-600x600.png\" data-src=\"https:\/\/static.triny.pl\/img\/p\/2\/2\/3\/2\/5\/22325-thickbox_default.jpg\" class=\"tns-lazy-img\" alt=\"\u0141agodny \u017cel myj\u0105cy Pure On\"><\/picture><div class=\"brand\">Health Labs Care<\/div><div class=\"title\">\u0141agodny \u017cel myj\u0105cy Pure On<\/div><\/a><a class=\"slider-collage-carousel__btn read-more-button\" href=\"https:\/\/triny.pl\/13398-health-labs-care-lagodny-zel-myjacy-pure-on.html\" target=\"_blank\">Zobacz<\/a><\/li><\/ul><\/section>\n\n\n\n<h3 class=\"wp-block-heading\"><b>Nawil\u017cenie i tonizacja \u2013 hydrolaty i toniki<\/b><\/h3>\n\n\n\n<p>Po oczyszczeniu sk\u00f3ry czas na jej tonizacj\u0119. <strong>Przywr\u00f3cenie odpowiedniego pH sk\u00f3rze ma kluczowe znaczenie w jej piel\u0119gnacji,<\/strong> dlatego warto pami\u0119ta\u0107 o tym etapie piel\u0119gnacyjnym przez ca\u0142y rok. Latem si\u0119gni\u0119cie po tonik lub hydrolat pomo\u017ce nie tylko w przywr\u00f3ceniu sk\u00f3rze odpowiedniego pH, ale zadba te\u017c o dodatkowe nawil\u017cenie sk\u00f3ry, jej od\u015bwie\u017cenie i nawodnienie.<\/p>\n\n\n\n<p><strong>Przeczytaj:<\/strong><\/p>\n\n\n\n<figure class=\"wp-block-embed is-type-wp-embed is-provider-blog-triny-pl wp-block-embed-blog-triny-pl\"><div class=\"wp-block-embed__wrapper\">\n<blockquote class=\"wp-embedded-content\" data-secret=\"EgHS18ArBb\"><a href=\"https:\/\/triny.pl\/blog\/tonik-czy-hydrolat-co-wybrac\/\">Hydrolat a tonik: Czym si\u0119 r\u00f3\u017cni\u0105 i kt\u00f3ry produkt wybra\u0107?<\/a><\/blockquote><iframe class=\"wp-embedded-content\" sandbox=\"allow-scripts\" security=\"restricted\" style=\"position: absolute; clip: rect(1px, 1px, 1px, 1px);\" title=\"&#8222;Hydrolat a tonik: Czym si\u0119 r\u00f3\u017cni\u0105 i kt\u00f3ry produkt wybra\u0107?&#8221; &#8212; Blog Triny.pl\" src=\"https:\/\/triny.pl\/blog\/tonik-czy-hydrolat-co-wybrac\/embed\/#?secret=HuHdooH7VL#?secret=EgHS18ArBb\" data-secret=\"EgHS18ArBb\" width=\"600\" height=\"338\" frameborder=\"0\" marginwidth=\"0\" marginheight=\"0\" scrolling=\"no\"><\/iframe>\n<\/div><\/figure>\n\n\n\n<p class=\"tip\">Delikatny tonik do twarzy i hydrolat ro\u015blinny w letniej piel\u0119gnacji sk\u00f3ry mo\u017cesz u\u017cywa\u0107 nawet kilka razy dziennie. Szczeg\u00f3lnie polecam zabra\u0107 ze sob\u0105 tonik do twarzy w d\u0142u\u017csz\u0105 podr\u00f3\u017c, na piesz\u0105 wycieczk\u0119, na pla\u017c\u0119 i do pracy (szczeg\u00f3lnie, je\u015bli pracujesz w klimatyzowanym miejscu). Je\u015bli zamiast toniku do twarzy wybierzesz hydrolat ro\u015blinny, b\u0119dziesz mog\u0142a spryskiwa\u0107 nim ca\u0142e cia\u0142o i w\u0142osy &#8211; hydrolat to super mgie\u0142ka od\u015bwie\u017caj\u0105ca!<\/p>\n\n\n\n<p><strong>Nie wiesz, jaki tonik\/hydrolat wybra\u0107 do letniej piel\u0119gnacji sk\u00f3ry?<\/strong> Moim zdaniem najlepiej postawi\u0107 na <strong><a href=\"https:\/\/triny.pl\/1190-tonik-nawilzajacy\">tonik nawil\u017caj\u0105cy<\/a>, <a href=\"https:\/\/triny.pl\/1192-tonik-do-twarzy-bez-alkoholu\">tonik bez alkoholu<\/a> i tonik na bazie naturalnych sk\u0142adnik\u00f3w, zawieraj\u0105cy np. aloes.<\/strong> Hydrolatami, kt\u00f3re si\u0119 sprawdz\u0105 b\u0119d\u0105 hydrolaty o dzia\u0142aniu nawil\u017caj\u0105cym i \u0142agodz\u0105cym (np. r\u00f3\u017cany i rumiankowy), hydrolaty pomagaj\u0105cy wyr\u00f3wna\u0107 nadmiar sebum i o w\u0142a\u015bciwo\u015bciach od\u015bwie\u017caj\u0105cych (np. lawendowy) i hydrolaty uniwersalne, takie jak hydrolat malinowy, ja\u015bminowy i z zielonej herbaty.<\/p>\n\n\n<section class=\"slider-collage-carousel\" data-id=\"4019, 12773, 11694, 2700, 12668, 12734, 7858, 13678, 13626\"><ul class=\"collage collage-slider\"><li class=\"item\"><a href=\"https:\/\/triny.pl\/4019-equilibra-aloesowy-tonik.html\" target=\"_blank\"><picture><source srcset=\"https:\/\/static.triny.pl\/img\/p\/2\/1\/1\/9\/1\/21191-thickbox_default.webp\"  type=\"image\/webp\"><source srcset=\"https:\/\/static.triny.pl\/img\/p\/2\/1\/1\/9\/1\/21191-thickbox_default.jpg\"  type=\"image\/jpeg\"><img src=\"https:\/\/triny.pl\/blog\/wp-content\/themes\/triny\/assets\/img\/placeholder-600x600.png\" data-src=\"https:\/\/static.triny.pl\/img\/p\/2\/1\/1\/9\/1\/21191-thickbox_default.jpg\" class=\"tns-lazy-img\" alt=\"Aloesowy tonik\"><\/picture><div class=\"brand\">Equilibra<\/div><div class=\"title\">Aloesowy tonik<\/div><\/a><a class=\"slider-collage-carousel__btn read-more-button\" href=\"https:\/\/triny.pl\/4019-equilibra-aloesowy-tonik.html\" target=\"_blank\">Zobacz<\/a><\/li><li class=\"item\"><a href=\"https:\/\/triny.pl\/12773-aa-cosmetics-aloes-tonik-regenerujaco-kojacy.html\" target=\"_blank\"><picture><source srcset=\"https:\/\/static.triny.pl\/img\/p\/2\/0\/9\/7\/8\/20978-thickbox_default.webp\"  type=\"image\/webp\"><source srcset=\"https:\/\/static.triny.pl\/img\/p\/2\/0\/9\/7\/8\/20978-thickbox_default.jpg\"  type=\"image\/jpeg\"><img src=\"https:\/\/triny.pl\/blog\/wp-content\/themes\/triny\/assets\/img\/placeholder-600x600.png\" data-src=\"https:\/\/static.triny.pl\/img\/p\/2\/0\/9\/7\/8\/20978-thickbox_default.jpg\" class=\"tns-lazy-img\" alt=\"Aloes &#8211;  Tonik regeneruj\u0105co-koj\u0105cy\"><\/picture><div class=\"brand\">AA Cosmetics<\/div><div class=\"title\">Aloes &#8211;  Tonik regeneruj\u0105co-koj\u0105cy<\/div><\/a><a class=\"slider-collage-carousel__btn read-more-button\" href=\"https:\/\/triny.pl\/12773-aa-cosmetics-aloes-tonik-regenerujaco-kojacy.html\" target=\"_blank\">Zobacz<\/a><\/li><li class=\"item\"><a href=\"https:\/\/triny.pl\/11694-e-fiore-naturalny-tonik-regenerujacy-i-rozswietlajacy-sunny-care.html\" target=\"_blank\"><picture><source srcset=\"https:\/\/static.triny.pl\/img\/p\/1\/8\/8\/0\/5\/18805-thickbox_default.webp\"  type=\"image\/webp\"><source srcset=\"https:\/\/static.triny.pl\/img\/p\/1\/8\/8\/0\/5\/18805-thickbox_default.jpg\"  type=\"image\/jpeg\"><img src=\"https:\/\/triny.pl\/blog\/wp-content\/themes\/triny\/assets\/img\/placeholder-600x600.png\" data-src=\"https:\/\/static.triny.pl\/img\/p\/1\/8\/8\/0\/5\/18805-thickbox_default.jpg\" class=\"tns-lazy-img\" alt=\"Naturalny tonik regeneruj\u0105cy i roz\u015bwietlaj\u0105cy &#8211; Sunny Care\"><\/picture><div class=\"brand\">E-FIORE<\/div><div class=\"title\">Naturalny tonik regeneruj\u0105cy i roz\u015bwietlaj\u0105cy &#8211; Sunny Care<\/div><\/a><a class=\"slider-collage-carousel__btn read-more-button\" href=\"https:\/\/triny.pl\/11694-e-fiore-naturalny-tonik-regenerujacy-i-rozswietlajacy-sunny-care.html\" target=\"_blank\">Zobacz<\/a><\/li><li class=\"item\"><a href=\"https:\/\/triny.pl\/2700-orientana-tonik-do-twarzy-jasmin-i-zielona-herbata.html\" target=\"_blank\"><picture><source srcset=\"https:\/\/static.triny.pl\/img\/p\/1\/9\/0\/9\/0\/19090-thickbox_default.webp\"  type=\"image\/webp\"><source srcset=\"https:\/\/static.triny.pl\/img\/p\/1\/9\/0\/9\/0\/19090-thickbox_default.jpg\"  type=\"image\/jpeg\"><img src=\"https:\/\/triny.pl\/blog\/wp-content\/themes\/triny\/assets\/img\/placeholder-600x600.png\" data-src=\"https:\/\/static.triny.pl\/img\/p\/1\/9\/0\/9\/0\/19090-thickbox_default.jpg\" class=\"tns-lazy-img\" alt=\"Tonik do twarzy &#8211; Ja\u015bmin i zielona herbata\"><\/picture><div class=\"brand\">Orientana<\/div><div class=\"title\">Tonik do twarzy &#8211; Ja\u015bmin i zielona herbata<\/div><\/a><a class=\"slider-collage-carousel__btn read-more-button\" href=\"https:\/\/triny.pl\/2700-orientana-tonik-do-twarzy-jasmin-i-zielona-herbata.html\" target=\"_blank\">Zobacz<\/a><\/li><li class=\"item\"><a href=\"https:\/\/triny.pl\/12668-bielenda-supremelab-barrier-renew-tonik-lagodzaco-nawilzajacy-z-aloesem-i-kurkuma.html\" target=\"_blank\"><picture><source srcset=\"https:\/\/static.triny.pl\/img\/p\/2\/0\/8\/5\/0\/20850-thickbox_default.webp\"  type=\"image\/webp\"><source srcset=\"https:\/\/static.triny.pl\/img\/p\/2\/0\/8\/5\/0\/20850-thickbox_default.jpg\"  type=\"image\/jpeg\"><img src=\"https:\/\/triny.pl\/blog\/wp-content\/themes\/triny\/assets\/img\/placeholder-600x600.png\" data-src=\"https:\/\/static.triny.pl\/img\/p\/2\/0\/8\/5\/0\/20850-thickbox_default.jpg\" class=\"tns-lazy-img\" alt=\"Barrier Renew &#8211; Tonik \u0142agodz\u0105co-nawil\u017caj\u0105cy z aloesem i kurkum\u0105\"><\/picture><div class=\"brand\">Bielenda SupremeLab<\/div><div class=\"title\">Barrier Renew &#8211; Tonik \u0142agodz\u0105co-nawil\u017caj\u0105cy z aloesem i kurkum\u0105<\/div><\/a><a class=\"slider-collage-carousel__btn read-more-button\" href=\"https:\/\/triny.pl\/12668-bielenda-supremelab-barrier-renew-tonik-lagodzaco-nawilzajacy-z-aloesem-i-kurkuma.html\" target=\"_blank\">Zobacz<\/a><\/li><li class=\"item\"><a href=\"https:\/\/triny.pl\/7858-natural-secrets-tonik-nawilzajacy-jedwab-i-mak-polny.html\" target=\"_blank\"><picture><source srcset=\"https:\/\/static.triny.pl\/img\/p\/1\/6\/2\/6\/4\/16264-thickbox_default.webp\"  type=\"image\/webp\"><source srcset=\"https:\/\/static.triny.pl\/img\/p\/1\/6\/2\/6\/4\/16264-thickbox_default.jpg\"  type=\"image\/jpeg\"><img src=\"https:\/\/triny.pl\/blog\/wp-content\/themes\/triny\/assets\/img\/placeholder-600x600.png\" data-src=\"https:\/\/static.triny.pl\/img\/p\/1\/6\/2\/6\/4\/16264-thickbox_default.jpg\" class=\"tns-lazy-img\" alt=\"Tonik nawil\u017caj\u0105cy &#8211; jedwab i mak polny\"><\/picture><div class=\"brand\">Natural Secrets<\/div><div class=\"title\">Tonik nawil\u017caj\u0105cy &#8211; jedwab i mak polny<\/div><\/a><a class=\"slider-collage-carousel__btn read-more-button\" href=\"https:\/\/triny.pl\/7858-natural-secrets-tonik-nawilzajacy-jedwab-i-mak-polny.html\" target=\"_blank\">Zobacz<\/a><\/li><li class=\"item\"><a href=\"https:\/\/triny.pl\/13678-yope-hydrobiotyczna-mgielka-do-twarzy-skin-progress.html\" target=\"_blank\"><picture><source srcset=\"https:\/\/static.triny.pl\/img\/p\/2\/2\/7\/8\/1\/22781-thickbox_default.webp\"  type=\"image\/webp\"><source srcset=\"https:\/\/static.triny.pl\/img\/p\/2\/2\/7\/8\/1\/22781-thickbox_default.jpg\"  type=\"image\/jpeg\"><img src=\"https:\/\/triny.pl\/blog\/wp-content\/themes\/triny\/assets\/img\/placeholder-600x600.png\" data-src=\"https:\/\/static.triny.pl\/img\/p\/2\/2\/7\/8\/1\/22781-thickbox_default.jpg\" class=\"tns-lazy-img\" alt=\"Hydrobiotyczna mgie\u0142ka do twarzy SKIN PROGRESS\"><\/picture><div class=\"brand\">Yope<\/div><div class=\"title\">Hydrobiotyczna mgie\u0142ka do twarzy SKIN PROGRESS<\/div><\/a><a class=\"slider-collage-carousel__btn read-more-button\" href=\"https:\/\/triny.pl\/13678-yope-hydrobiotyczna-mgielka-do-twarzy-skin-progress.html\" target=\"_blank\">Zobacz<\/a><\/li><li class=\"item\"><a href=\"https:\/\/triny.pl\/13626-aloesove-hydrolat-z-aloesu.html\" target=\"_blank\"><picture><source srcset=\"https:\/\/static.triny.pl\/img\/p\/2\/2\/6\/8\/9\/22689-thickbox_default.webp\"  type=\"image\/webp\"><source srcset=\"https:\/\/static.triny.pl\/img\/p\/2\/2\/6\/8\/9\/22689-thickbox_default.jpg\"  type=\"image\/jpeg\"><img src=\"https:\/\/triny.pl\/blog\/wp-content\/themes\/triny\/assets\/img\/placeholder-600x600.png\" data-src=\"https:\/\/static.triny.pl\/img\/p\/2\/2\/6\/8\/9\/22689-thickbox_default.jpg\" class=\"tns-lazy-img\" alt=\"Hydrolat z aloesu\"><\/picture><div class=\"brand\">Aloesove<\/div><div class=\"title\">Hydrolat z aloesu<\/div><\/a><a class=\"slider-collage-carousel__btn read-more-button\" href=\"https:\/\/triny.pl\/13626-aloesove-hydrolat-z-aloesu.html\" target=\"_blank\">Zobacz<\/a><\/li><\/ul><\/section>\n\n\n\n<h3 class=\"wp-block-heading\"><b>Krem do twarzy z filtrem \u2013 must have w kosmetyczce<\/b><\/h3>\n\n\n\n<p><span style=\"font-weight: 400;\"><strong>Gdybym na pytanie o to, jak dba\u0107 o sk\u00f3r\u0119 latem mia\u0142a odpowiedzie\u0107 jednym zdaniem, powiedzia\u0142abym: u\u017cywa\u0107 kremu do twarzy z filtrem!<\/strong>&nbsp;Ochrona przeciws\u0142oneczna twarzy i cia\u0142a jest latem absolutnie niezb\u0119dna. Warto, aby\u015b o tym pami\u0119ta\u0142a nie tylko wychodz\u0105c na pla\u017c\u0119, ale r\u00f3wnie\u017c na co dzie\u0144, sp\u0119dzaj\u0105c czas w mie\u015bcie, spaceruj\u0105c w parku, czy wybieraj\u0105c si\u0119 na d\u0142u\u017csz\u0105 rowerow\u0105 przeja\u017cd\u017ck\u0119. <\/span><\/p>\n\n\n\n<p class=\"note\"><span style=\"font-weight: 400;\">Krem do twarzy z filtrem do must w kosmetyczce ka\u017cdej z nas. Krem z filtrem SPF 50 nie tylko zabezpiecza sk\u00f3r\u0119 przed zaczerwienieniem i oparzeniami s\u0142onecznymi, ale spowalnia te\u017c procesy fotostarzenia i chroni przed powstawaniem zmarszczek. <\/span><\/p>\n\n\n\n<p><span style=\"font-weight: 400;\">M\u00f3wi\u0105c o ochronie przeciws\u0142onecznej twarzy nie mog\u0119 nie wspomie\u0107 te\u017c o tym, \u017ce <strong>niestosowanie kremu do twarzy z filtrem mo\u017ce przyczyni\u0107 si\u0119 do pojawienia si\u0119 przebarwie\u0144 i plam pigmentacyjnych, znamion i niedoskona\u0142o\u015bci.&nbsp;<\/strong><\/span><\/p>\n\n\n<div class=\"wp-block-image\">\n<figure class=\"aligncenter size-full\"><picture><source media=\"(max-width: 450px)\" data-srcset=\"https:\/\/triny.pl\/blog\/wp-content\/uploads\/2021\/06\/kremy-spf-2-375x250.png\"><img data-src=\"https:\/\/triny.pl\/blog\/wp-content\/uploads\/2021\/06\/kremy-spf-2.png\" class=\"wp-image-20330 lazyload\" alt=\"filtry w kremach spf\"><\/picture><\/figure><\/div>\n\n\n<p><strong>Najlepszym wyborem na lato jest krem z filtrem o warto\u015bci 50 SPF (lub wi\u0119cej).<\/strong> Taki krem mo\u017cemy nak\u0142ada\u0107 zar\u00f3wno pod makija\u017c jak i solo. Aby krem z filtrem dobrze wsp\u00f3\u0142pracowa\u0142 z makija\u017cem wybierz krem o lekkiej konsystencji, kt\u00f3ry szybko si\u0119 wch\u0142ania i nie pozostawia na sk\u00f3rze t\u0142ustego filmu. Super opcj\u0105 na lato jest krem BB z filtrem przeciws\u0142onecznym. Takie kosmetyki znajdziesz w ofercie wielu marek, m.in. Clochee, Asoa i Mizon.<\/p>\n\n\n\n<p><strong>Ile kremu z filtrem nak\u0142ada\u0107 na twarz?<\/strong> Zaleca si\u0119 nak\u0142adanie oko\u0142o 2 miligram\u00f3w kosmetyku z filtrem na centymetr kwadratowy sk\u00f3ry. Na sam\u0105 twarz jest to oko\u0142o 0,75 grama, a na twarz i szyj\u0119 minimum 1,2 g. To du\u017co i w zale\u017cno\u015bci od konsystencji kremu oraz jego g\u0119sto\u015bci cz\u0119sto wr\u0119cz niemo\u017cliwe. Warto jednak przynajmniej pr\u00f3bowa\u0107 i nak\u0142ada\u0107 tak\u0105 ilo\u015b\u0107 kremu, jak\u0105 jeste\u015bmy w stanie zaakceptowa\u0107 bez uczucia dyskomfortu.<\/p>\n\n\n\n<p><strong>Wa\u017cn\u0105 kwesti\u0105 w stosowaniu krem\u00f3w do twarzy z filtrem jest ich ponowna reaplikacja, nawet co 2-3 godziny.<\/strong> Jest to szczeg\u00f3lnie istotne w gor\u0105ce dni, gdy nasza sk\u00f3ra bardzo si\u0119 poci, przez co krem stopniowo znika ze sk\u00f3ry, a jego dzia\u0142anie jest przez to coraz s\u0142absze.<\/p>\n\n\n\n<p><strong>Przeczytaj koniecznie:<\/strong><\/p>\n\n\n\n<figure class=\"wp-block-embed is-type-wp-embed is-provider-blog-triny-pl wp-block-embed-blog-triny-pl\"><div class=\"wp-block-embed__wrapper\">\n<blockquote class=\"wp-embedded-content\" data-secret=\"XPtaPdgmuH\"><a href=\"https:\/\/triny.pl\/blog\/kremy-z-filtrami-przeciwslonecznymi-co-warto-o-nich-wiedziec\/\">Filtry w kremach przeciws\u0142onecznych. Co warto o nich wiedzie\u0107: jak dzia\u0142aj\u0105, jakie s\u0105 rodzaje filtr\u00f3w, jaki wybra\u0107?<\/a><\/blockquote><iframe class=\"wp-embedded-content\" sandbox=\"allow-scripts\" security=\"restricted\" style=\"position: absolute; clip: rect(1px, 1px, 1px, 1px);\" title=\"&#8222;Filtry w kremach przeciws\u0142onecznych. Co warto o nich wiedzie\u0107: jak dzia\u0142aj\u0105, jakie s\u0105 rodzaje filtr\u00f3w, jaki wybra\u0107?&#8221; &#8212; Blog Triny.pl\" src=\"https:\/\/triny.pl\/blog\/kremy-z-filtrami-przeciwslonecznymi-co-warto-o-nich-wiedziec\/embed\/#?secret=ejopgQyEHp#?secret=XPtaPdgmuH\" data-secret=\"XPtaPdgmuH\" width=\"600\" height=\"338\" frameborder=\"0\" marginwidth=\"0\" marginheight=\"0\" scrolling=\"no\"><\/iframe>\n<\/div><\/figure>\n\n\n\n<p>Je\u015bli nie wiesz, jaki krem z filtrem do twarzy wybra\u0107, poni\u017cej znajdziesz kilka propozycji krem\u00f3w przeciws\u0142onecznych z dobrym sk\u0142adem, krem\u00f3w z filtrem typu BB oraz krem\u00f3w z filtrem idealnych do stosowania pod makija\u017c.<\/p>\n\n\n<section class=\"slider-collage-carousel\" data-id=\"13635, 13706, 13709, 13685, 13597, 12585, 11641, 8411\"><ul class=\"collage collage-slider\"><li class=\"item\"><a href=\"https:\/\/triny.pl\/13635-solverx-krem-do-twarzy-z-filtrem-spf50-sensitive-skin.html\" target=\"_blank\"><picture><source srcset=\"https:\/\/static.triny.pl\/img\/p\/2\/2\/7\/0\/2\/22702-thickbox_default.webp\"  type=\"image\/webp\"><source srcset=\"https:\/\/static.triny.pl\/img\/p\/2\/2\/7\/0\/2\/22702-thickbox_default.jpg\"  type=\"image\/jpeg\"><img src=\"https:\/\/triny.pl\/blog\/wp-content\/themes\/triny\/assets\/img\/placeholder-600x600.png\" data-src=\"https:\/\/static.triny.pl\/img\/p\/2\/2\/7\/0\/2\/22702-thickbox_default.jpg\" class=\"tns-lazy-img\" alt=\"Krem do twarzy z filtrem SPF50+ SENSITIVE SKIN\"><\/picture><div class=\"brand\">SOLVERX<\/div><div class=\"title\">Krem do twarzy z filtrem SPF50+ SENSITIVE SKIN<\/div><\/a><a class=\"slider-collage-carousel__btn read-more-button\" href=\"https:\/\/triny.pl\/13635-solverx-krem-do-twarzy-z-filtrem-spf50-sensitive-skin.html\" target=\"_blank\">Zobacz<\/a><\/li><li class=\"item\"><a href=\"https:\/\/triny.pl\/13706-sylveco-krem-do-twarzy-ochronny-spf-50.html\" target=\"_blank\"><picture><source srcset=\"https:\/\/static.triny.pl\/img\/p\/2\/2\/8\/4\/2\/22842-thickbox_default.webp\"  type=\"image\/webp\"><source srcset=\"https:\/\/static.triny.pl\/img\/p\/2\/2\/8\/4\/2\/22842-thickbox_default.jpg\"  type=\"image\/jpeg\"><img src=\"https:\/\/triny.pl\/blog\/wp-content\/themes\/triny\/assets\/img\/placeholder-600x600.png\" data-src=\"https:\/\/static.triny.pl\/img\/p\/2\/2\/8\/4\/2\/22842-thickbox_default.jpg\" class=\"tns-lazy-img\" alt=\"Krem do twarzy ochronny SPF 50\"><\/picture><div class=\"brand\">Sylveco<\/div><div class=\"title\">Krem do twarzy ochronny SPF 50<\/div><\/a><a class=\"slider-collage-carousel__btn read-more-button\" href=\"https:\/\/triny.pl\/13706-sylveco-krem-do-twarzy-ochronny-spf-50.html\" target=\"_blank\">Zobacz<\/a><\/li><li class=\"item\"><a href=\"https:\/\/triny.pl\/13709-vianek-normalizujacy-krem-ochronny-do-twarzy-spf-50.html\" target=\"_blank\"><picture><source srcset=\"https:\/\/static.triny.pl\/img\/p\/2\/2\/8\/4\/5\/22845-thickbox_default.webp\"  type=\"image\/webp\"><source srcset=\"https:\/\/static.triny.pl\/img\/p\/2\/2\/8\/4\/5\/22845-thickbox_default.jpg\"  type=\"image\/jpeg\"><img src=\"https:\/\/triny.pl\/blog\/wp-content\/themes\/triny\/assets\/img\/placeholder-600x600.png\" data-src=\"https:\/\/static.triny.pl\/img\/p\/2\/2\/8\/4\/5\/22845-thickbox_default.jpg\" class=\"tns-lazy-img\" alt=\"Normalizuj\u0105cy krem ochronny do twarzy SPF 50\"><\/picture><div class=\"brand\">Vianek<\/div><div class=\"title\">Normalizuj\u0105cy krem ochronny do twarzy SPF 50<\/div><\/a><a class=\"slider-collage-carousel__btn read-more-button\" href=\"https:\/\/triny.pl\/13709-vianek-normalizujacy-krem-ochronny-do-twarzy-spf-50.html\" target=\"_blank\">Zobacz<\/a><\/li><li class=\"item\"><a href=\"https:\/\/triny.pl\/13685-alkmie-sun-d-light-ochronny-krem-do-twarzy-spf-50.html\" target=\"_blank\"><picture><source srcset=\"https:\/\/static.triny.pl\/img\/p\/2\/2\/7\/8\/8\/22788-thickbox_default.webp\"  type=\"image\/webp\"><source srcset=\"https:\/\/static.triny.pl\/img\/p\/2\/2\/7\/8\/8\/22788-thickbox_default.jpg\"  type=\"image\/jpeg\"><img src=\"https:\/\/triny.pl\/blog\/wp-content\/themes\/triny\/assets\/img\/placeholder-600x600.png\" data-src=\"https:\/\/static.triny.pl\/img\/p\/2\/2\/7\/8\/8\/22788-thickbox_default.jpg\" class=\"tns-lazy-img\" alt=\"Sun D-Light &#8211; Ochronny krem do twarzy SPF 50\"><\/picture><div class=\"brand\">Alkemie<\/div><div class=\"title\">Sun D-Light &#8211; Ochronny krem do twarzy SPF 50<\/div><\/a><a class=\"slider-collage-carousel__btn read-more-button\" href=\"https:\/\/triny.pl\/13685-alkmie-sun-d-light-ochronny-krem-do-twarzy-spf-50.html\" target=\"_blank\">Zobacz<\/a><\/li><li class=\"item\"><a href=\"https:\/\/triny.pl\/13597-apis-krem-ochronny-do-twarzy-spf-50.html\" target=\"_blank\"><picture><source srcset=\"https:\/\/static.triny.pl\/img\/p\/2\/2\/6\/5\/6\/22656-thickbox_default.webp\"  type=\"image\/webp\"><source srcset=\"https:\/\/static.triny.pl\/img\/p\/2\/2\/6\/5\/6\/22656-thickbox_default.jpg\"  type=\"image\/jpeg\"><img src=\"https:\/\/triny.pl\/blog\/wp-content\/themes\/triny\/assets\/img\/placeholder-600x600.png\" data-src=\"https:\/\/static.triny.pl\/img\/p\/2\/2\/6\/5\/6\/22656-thickbox_default.jpg\" class=\"tns-lazy-img\" alt=\"Krem ochronny do twarzy SPF 50\"><\/picture><div class=\"brand\">APIS<\/div><div class=\"title\">Krem ochronny do twarzy SPF 50<\/div><\/a><a class=\"slider-collage-carousel__btn read-more-button\" href=\"https:\/\/triny.pl\/13597-apis-krem-ochronny-do-twarzy-spf-50.html\" target=\"_blank\">Zobacz<\/a><\/li><li class=\"item\"><a href=\"https:\/\/triny.pl\/12585-apis-krem-do-opalania-twarzy-spf-50-z-nektarem-komorkowym-hello-summer.html\" target=\"_blank\"><picture><source srcset=\"https:\/\/static.triny.pl\/img\/p\/2\/0\/7\/1\/2\/20712-thickbox_default.webp\"  type=\"image\/webp\"><source srcset=\"https:\/\/static.triny.pl\/img\/p\/2\/0\/7\/1\/2\/20712-thickbox_default.jpg\"  type=\"image\/jpeg\"><img src=\"https:\/\/triny.pl\/blog\/wp-content\/themes\/triny\/assets\/img\/placeholder-600x600.png\" data-src=\"https:\/\/static.triny.pl\/img\/p\/2\/0\/7\/1\/2\/20712-thickbox_default.jpg\" class=\"tns-lazy-img\" alt=\"Krem do opalania twarzy SPF 50 z nektarem kom\u00f3rkowym &#8211; Hello Summer\"><\/picture><div class=\"brand\">APIS<\/div><div class=\"title\">Krem do opalania twarzy SPF 50 z nektarem kom\u00f3rkowym &#8211; Hello Summer<\/div><\/a><a class=\"slider-collage-carousel__btn read-more-button\" href=\"https:\/\/triny.pl\/12585-apis-krem-do-opalania-twarzy-spf-50-z-nektarem-komorkowym-hello-summer.html\" target=\"_blank\">Zobacz<\/a><\/li><li class=\"item\"><a href=\"https:\/\/triny.pl\/11641-holika-holika-wodoodporny-zel-przeciwsloneczny-spf-50-aloe-waterproof-sun-gel.html\" target=\"_blank\"><picture><source srcset=\"https:\/\/static.triny.pl\/img\/p\/1\/9\/3\/1\/0\/19310-thickbox_default.webp\"  type=\"image\/webp\"><source srcset=\"https:\/\/static.triny.pl\/img\/p\/1\/9\/3\/1\/0\/19310-thickbox_default.jpg\"  type=\"image\/jpeg\"><img src=\"https:\/\/triny.pl\/blog\/wp-content\/themes\/triny\/assets\/img\/placeholder-600x600.png\" data-src=\"https:\/\/static.triny.pl\/img\/p\/1\/9\/3\/1\/0\/19310-thickbox_default.jpg\" class=\"tns-lazy-img\" alt=\"Wodoodporny \u017cel przeciws\u0142oneczny SPF 50 &#8211; Aloe Waterproof Sun Gel\"><\/picture><div class=\"brand\">Holika Holika<\/div><div class=\"title\">Wodoodporny \u017cel przeciws\u0142oneczny SPF 50 &#8211; Aloe Waterproof Sun Gel<\/div><\/a><a class=\"slider-collage-carousel__btn read-more-button\" href=\"https:\/\/triny.pl\/11641-holika-holika-wodoodporny-zel-przeciwsloneczny-spf-50-aloe-waterproof-sun-gel.html\" target=\"_blank\">Zobacz<\/a><\/li><li class=\"item\"><a href=\"https:\/\/triny.pl\/8411-make-me-bio-ultralekki-krem-spf-30.html\" target=\"_blank\"><picture><source srcset=\"https:\/\/static.triny.pl\/img\/p\/1\/1\/7\/3\/7\/11737-thickbox_default.webp\"  type=\"image\/webp\"><source srcset=\"https:\/\/static.triny.pl\/img\/p\/1\/1\/7\/3\/7\/11737-thickbox_default.jpg\"  type=\"image\/jpeg\"><img src=\"https:\/\/triny.pl\/blog\/wp-content\/themes\/triny\/assets\/img\/placeholder-600x600.png\" data-src=\"https:\/\/static.triny.pl\/img\/p\/1\/1\/7\/3\/7\/11737-thickbox_default.jpg\" class=\"tns-lazy-img\" alt=\"Ultralekki krem SPF 30\"><\/picture><div class=\"brand\">Make Me Bio<\/div><div class=\"title\">Ultralekki krem SPF 30<\/div><\/a><a class=\"slider-collage-carousel__btn read-more-button\" href=\"https:\/\/triny.pl\/8411-make-me-bio-ultralekki-krem-spf-30.html\" target=\"_blank\">Zobacz<\/a><\/li><\/ul><\/section>\n\n\n\n<p><\/p>\n\n\n\n<div class=\"wp-block-buttons is-horizontal is-content-justification-center is-layout-flex wp-container-1 wp-block-buttons-is-layout-flex\">\n<div class=\"wp-block-button\"><a class=\"wp-block-button__link wp-element-button\" href=\"https:\/\/triny.pl\/319-ochrona-przeciwsloneczna\">Sprawd\u017a wi\u0119cej krem\u00f3w do opalania z filtrem<\/a><\/div>\n<\/div>\n\n\n\n<h3 class=\"wp-block-heading\"><b>Makija\u017c na lato \u2013 postaw na naturalno\u015b\u0107<\/b><\/h3>\n\n\n\n<p>Wiele kobiet rezygnuje latem z makija\u017cu, bo w gor\u0105ce dni kosmetyki do makija\u017cu s\u0105 mniej trwa\u0142e, sk\u00f3ra pod nimi szybko si\u0119 poci, a starannie wykonany makija\u017c po kilku godzinach jest ju\u017c zupe\u0142nie niewidoczny. Tymczasem wystarczy tylko wybra\u0107 <strong>dobre, lekkie, niezapychaj\u0105ce sk\u00f3ry kosmetyki mineralne do makija\u017cu<\/strong> i mo\u017cna cieszy\u0107 si\u0119 \u0142adnym, naturalnym makija\u017cem przez kilka godzin.<\/p>\n\n\n\n<p class=\"note\">Kosmetyki mineralne do makija\u017cu to zdecydowanie najlepszy wyb\u00f3r na lato. S\u0105 lekkie, maj\u0105 bardzo naturalne sk\u0142ady, nie s\u0105 komedogenne i nie obci\u0105\u017caj\u0105 sk\u00f3ry. Na\u0142o\u017cone na twarz pozwalaj\u0105 sk\u00f3rze swobodnie &#8222;oddycha\u0107&#8221;, nie przyspieszaj\u0105 produkcji sebum, nie powoduj\u0105 szybszego pocenia si\u0119 sk\u00f3ry. S\u0105 te\u017c trwa\u0142e i mog\u0105 by\u0107 nak\u0142adane na sk\u00f3r\u0119 kilkukrotnie w ci\u0105gu dnia, dzi\u0119ki czemu mo\u017cesz w kilka minut poprawi\u0107 i uzupe\u0142ni\u0107 sw\u00f3j makija\u017c. Warto wspomnie\u0107 te\u017c o tym, \u017ce kosmetyki mineralne do makija\u017cu wzmacniaj\u0105 ochron\u0119 UV sk\u00f3ry.<\/p>\n\n\n\n<p>Wi\u0119cej o makija\u017cu mineralnym, zaletach kosmetyk\u00f3w do makija\u017cu mineralnego i ich stosowaniu przeczytasz w naszym poradniku: <a href=\"https:\/\/triny.pl\/blog\/perfekcyjny-makijaz-kosmetykami-mineralnymi-w-czterech-krokach-przekonaj-sie-ze-to-mozliwe-i-bardzo-latwe\/\" class=\"rank-math-link\">Makija\u017c mineralny<\/a><\/p>\n\n\n\n<p><span style=\"font-weight: 400;\"><strong>Lekki makija\u017c na lato to te\u017c kremy BB<\/strong>. Wiele z nich zapewnia idealne krycie wszelkiego rodzaju niedoskona\u0142o\u015bci, wyr\u00f3wnuje koloryt sk\u00f3ry i nadaje jej \u0142adny, naturalny odcie\u0144. Takie kremy BB z powodzeniem mog\u0105 zast\u0105pi\u0107 podk\u0142ad do twarzy. Po na\u0142o\u017ceniu kremu BB na twarz mo\u017cesz liczy\u0107 te\u017c na roz\u015bwietlenie sk\u00f3ry, a stosuj\u0105c krem BB z filtrem, zapewni\u0107 jej ochron\u0119 przeciws\u0142oneczn\u0105.&nbsp;<\/span><\/p>\n\n\n<section class=\"slider-collage-carousel\" data-id=\"4809, 11067\"><ul class=\"collage collage-slider\"><li class=\"item\"><a href=\"https:\/\/triny.pl\/4809-neve-cosmetics-sypki-podklad-mineralny-high-coverage.html\" target=\"_blank\"><picture><source srcset=\"https:\/\/static.triny.pl\/img\/p\/6\/2\/8\/8\/6288-thickbox_default.webp\"  type=\"image\/webp\"><source srcset=\"https:\/\/static.triny.pl\/img\/p\/6\/2\/8\/8\/6288-thickbox_default.jpg\"  type=\"image\/jpeg\"><img src=\"https:\/\/triny.pl\/blog\/wp-content\/themes\/triny\/assets\/img\/placeholder-600x600.png\" data-src=\"https:\/\/static.triny.pl\/img\/p\/6\/2\/8\/8\/6288-thickbox_default.jpg\" class=\"tns-lazy-img\" alt=\"Sypki podk\u0142ad mineralny &#8211; High Coverage\"><\/picture><div class=\"brand\">Neve Cosmetics<\/div><div class=\"title\">Sypki podk\u0142ad mineralny &#8211; High Coverage<\/div><\/a><a class=\"slider-collage-carousel__btn read-more-button\" href=\"https:\/\/triny.pl\/4809-neve-cosmetics-sypki-podklad-mineralny-high-coverage.html\" target=\"_blank\">Zobacz<\/a><\/li><li class=\"item\"><a href=\"https:\/\/triny.pl\/11067-purito-cica-clearing-bb-cream-krem-bb-z-wyciagiem-z-wakroty-azjatyckiej-21-light-beige.html\" target=\"_blank\"><picture><source srcset=\"https:\/\/static.triny.pl\/img\/p\/1\/9\/1\/6\/0\/19160-thickbox_default.webp\"  type=\"image\/webp\"><source srcset=\"https:\/\/static.triny.pl\/img\/p\/1\/9\/1\/6\/0\/19160-thickbox_default.jpg\"  type=\"image\/jpeg\"><img src=\"https:\/\/triny.pl\/blog\/wp-content\/themes\/triny\/assets\/img\/placeholder-600x600.png\" data-src=\"https:\/\/static.triny.pl\/img\/p\/1\/9\/1\/6\/0\/19160-thickbox_default.jpg\" class=\"tns-lazy-img\" alt=\"Cica Clearing BB Cream &#8211; Krem BB z wyci\u0105giem z w\u0105kroty azjatyckiej &#8211; 21 Light Beige\"><\/picture><div class=\"brand\">Purito<\/div><div class=\"title\">Cica Clearing BB Cream &#8211; Krem BB z wyci\u0105giem z w\u0105kroty azjatyckiej &#8211; 21 Light Beige<\/div><\/a><a class=\"slider-collage-carousel__btn read-more-button\" href=\"https:\/\/triny.pl\/11067-purito-cica-clearing-bb-cream-krem-bb-z-wyciagiem-z-wakroty-azjatyckiej-21-light-beige.html\" target=\"_blank\">Zobacz<\/a><\/li><\/ul><\/section>\n\n\n\n<h3 class=\"wp-block-heading\">Regeneracja i ukojenie sk\u00f3ry<\/h3>\n\n\n\n<p>Na koniec zostawi\u0142am ostatni filar letniej piel\u0119gnacji sk\u00f3ry, kt\u00f3rym jest jej <strong>regeneracja i ukojenie<\/strong>. Warto o tym pami\u0119ta\u0107 szczeg\u00f3lnie po d\u0142ugotrwa\u0142ej ekspozycji sk\u00f3ry na s\u0142o\u0144ce, po przebywaniu w klimatyzowanych pomieszczeniach i k\u0105pielach w morzu, jeziorze, czy basenie.<\/p>\n\n\n\n<p class=\"note\">Na\u0142o\u017cenie na twarz t\u0142ustego kremu, olejku, maseczki lub zrobienie koj\u0105cego ok\u0142adu pomo\u017ce przywr\u00f3ci\u0107 jej nawil\u017cenie, z\u0142agodzi zaczerwienie, ukoi podra\u017cnienia. Dzi\u0119ki temu sk\u00f3ra b\u0119dzie w doskona\u0142ej kondycji i b\u0119dzie prezentowa\u0107 si\u0119 nienagannie przez ca\u0142e lato.<\/p>\n\n\n\n<p><strong>Do regeneracji i ukojenia sk\u00f3ry mo\u017cesz wykorzysta\u0107 kosmetyki na bazie aloesu, miodu, gliceryny, alantoiny i panthenolu.<\/strong> Pomocne b\u0119d\u0105 te\u017c wszystkie <strong>oleje ro\u015blinne, kosmetyki z witamin\u0105 C i E, hydrolaty ro\u015blinne i dobre kremy nawil\u017caj\u0105ce.<\/strong> W maseczkach szukaj takich sk\u0142adnik\u00f3w, jak <strong>wyci\u0105g z owsa, mleko, mocznik, niacynamid i skwalan ro\u015blinny.<\/strong> Po d\u0142ugotrwa\u0142ej ekspozycji sk\u00f3ry na s\u0142o\u0144ce na\u0142\u00f3\u017c na ni\u0105 <strong>mas\u0142o shea<\/strong>, kt\u00f3re potrafi zdzia\u0142a\u0107 cuda i b\u0142yskawicznie z\u0142agodzi\u0107 wszelkiego rodzaju podra\u017cnienia oraz nat\u0142u\u015bci\u0107 sk\u00f3r\u0119.<\/p>\n\n\n<section class=\"slider-collage-carousel\" data-id=\"13608, 13389, 13576, 13326, 13131, 12947, 12851, 8016, 7756, 6652\"><ul class=\"collage collage-slider\"><li class=\"item\"><a href=\"https:\/\/triny.pl\/13608-bielenda-lipidowy-krem-ochronno-odzywczy-z-aminokwasami-i-laktoferyna.html\" target=\"_blank\"><picture><source srcset=\"https:\/\/static.triny.pl\/img\/p\/2\/2\/6\/6\/8\/22668-thickbox_default.webp\"  type=\"image\/webp\"><source srcset=\"https:\/\/static.triny.pl\/img\/p\/2\/2\/6\/6\/8\/22668-thickbox_default.jpg\"  type=\"image\/jpeg\"><img src=\"https:\/\/triny.pl\/blog\/wp-content\/themes\/triny\/assets\/img\/placeholder-600x600.png\" data-src=\"https:\/\/static.triny.pl\/img\/p\/2\/2\/6\/6\/8\/22668-thickbox_default.jpg\" class=\"tns-lazy-img\" alt=\"Lipidowy krem ochronno-od\u017cywczy z Aminokwasami i Laktoferyn\u0105\"><\/picture><div class=\"brand\">Bielenda SupremeLab<\/div><div class=\"title\">Lipidowy krem ochronno-od\u017cywczy z Aminokwasami i Laktoferyn\u0105<\/div><\/a><a class=\"slider-collage-carousel__btn read-more-button\" href=\"https:\/\/triny.pl\/13608-bielenda-lipidowy-krem-ochronno-odzywczy-z-aminokwasami-i-laktoferyna.html\" target=\"_blank\">Zobacz<\/a><\/li><li class=\"item\"><a href=\"https:\/\/triny.pl\/13389-health-labs-care-krem-regenerujacy-glow-on.html\" target=\"_blank\"><picture><source srcset=\"https:\/\/static.triny.pl\/img\/p\/2\/2\/3\/0\/8\/22308-thickbox_default.webp\"  type=\"image\/webp\"><source srcset=\"https:\/\/static.triny.pl\/img\/p\/2\/2\/3\/0\/8\/22308-thickbox_default.jpg\"  type=\"image\/jpeg\"><img src=\"https:\/\/triny.pl\/blog\/wp-content\/themes\/triny\/assets\/img\/placeholder-600x600.png\" data-src=\"https:\/\/static.triny.pl\/img\/p\/2\/2\/3\/0\/8\/22308-thickbox_default.jpg\" class=\"tns-lazy-img\" alt=\"Krem regeneruj\u0105cy Glow On\"><\/picture><div class=\"brand\">Health Labs Care<\/div><div class=\"title\">Krem regeneruj\u0105cy Glow On<\/div><\/a><a class=\"slider-collage-carousel__btn read-more-button\" href=\"https:\/\/triny.pl\/13389-health-labs-care-krem-regenerujacy-glow-on.html\" target=\"_blank\">Zobacz<\/a><\/li><li class=\"item\"><a href=\"https:\/\/triny.pl\/13576-hagi-naturalny-krem-rozswietlajaco-liftingujacy-z-witamina-c-smart-c.html\" target=\"_blank\"><picture><source srcset=\"https:\/\/static.triny.pl\/img\/p\/2\/2\/5\/9\/1\/22591-thickbox_default.webp\"  type=\"image\/webp\"><source srcset=\"https:\/\/static.triny.pl\/img\/p\/2\/2\/5\/9\/1\/22591-thickbox_default.jpg\"  type=\"image\/jpeg\"><img src=\"https:\/\/triny.pl\/blog\/wp-content\/themes\/triny\/assets\/img\/placeholder-600x600.png\" data-src=\"https:\/\/static.triny.pl\/img\/p\/2\/2\/5\/9\/1\/22591-thickbox_default.jpg\" class=\"tns-lazy-img\" alt=\"Naturalny krem roz\u015bwietlaj\u0105co-liftinguj\u0105cy z witamin\u0105 C &#8211; Smart C\"><\/picture><div class=\"brand\">Hagi<\/div><div class=\"title\">Naturalny krem roz\u015bwietlaj\u0105co-liftinguj\u0105cy z witamin\u0105 C &#8211; Smart C<\/div><\/a><a class=\"slider-collage-carousel__btn read-more-button\" href=\"https:\/\/triny.pl\/13576-hagi-naturalny-krem-rozswietlajaco-liftingujacy-z-witamina-c-smart-c.html\" target=\"_blank\">Zobacz<\/a><\/li><li class=\"item\"><a href=\"https:\/\/triny.pl\/13326-sensum-mare-antyoksydacyjny-krem-rewitalizujacy-z-witamina-c-3.html\" target=\"_blank\"><picture><source srcset=\"https:\/\/static.triny.pl\/img\/p\/2\/2\/2\/1\/4\/22214-thickbox_default.webp\"  type=\"image\/webp\"><source srcset=\"https:\/\/static.triny.pl\/img\/p\/2\/2\/2\/1\/4\/22214-thickbox_default.jpg\"  type=\"image\/jpeg\"><img src=\"https:\/\/triny.pl\/blog\/wp-content\/themes\/triny\/assets\/img\/placeholder-600x600.png\" data-src=\"https:\/\/static.triny.pl\/img\/p\/2\/2\/2\/1\/4\/22214-thickbox_default.jpg\" class=\"tns-lazy-img\" alt=\"Antyoksydacyjny krem rewitalizuj\u0105cy z witamin\u0105 C 3% &#8211; ALGOPRO C Revitalizing and Antioxidant Cream\"><\/picture><div class=\"brand\">Sensum Mare<\/div><div class=\"title\">Antyoksydacyjny krem rewitalizuj\u0105cy z witamin\u0105 C 3% &#8211; ALGOPRO C Revitalizing and Antioxidant Cream<\/div><\/a><a class=\"slider-collage-carousel__btn read-more-button\" href=\"https:\/\/triny.pl\/13326-sensum-mare-antyoksydacyjny-krem-rewitalizujacy-z-witamina-c-3.html\" target=\"_blank\">Zobacz<\/a><\/li><li class=\"item\"><a href=\"https:\/\/triny.pl\/13131-apis-odbudowujaca-maska-na-noc-ceramide-power.html\" target=\"_blank\"><picture><source srcset=\"https:\/\/static.triny.pl\/img\/p\/2\/1\/9\/2\/2\/21922-thickbox_default.webp\"  type=\"image\/webp\"><source srcset=\"https:\/\/static.triny.pl\/img\/p\/2\/1\/9\/2\/2\/21922-thickbox_default.jpg\"  type=\"image\/jpeg\"><img src=\"https:\/\/triny.pl\/blog\/wp-content\/themes\/triny\/assets\/img\/placeholder-600x600.png\" data-src=\"https:\/\/static.triny.pl\/img\/p\/2\/1\/9\/2\/2\/21922-thickbox_default.jpg\" class=\"tns-lazy-img\" alt=\"Odbudowuj\u0105ca maska na noc Ceramide Power\"><\/picture><div class=\"brand\">APIS<\/div><div class=\"title\">Odbudowuj\u0105ca maska na noc Ceramide Power<\/div><\/a><a class=\"slider-collage-carousel__btn read-more-button\" href=\"https:\/\/triny.pl\/13131-apis-odbudowujaca-maska-na-noc-ceramide-power.html\" target=\"_blank\">Zobacz<\/a><\/li><li class=\"item\"><a href=\"https:\/\/triny.pl\/12947-naffi-krem-nawilzajacy-z-awokado-i-jojoba-wersja-mini-15-ml.html\" target=\"_blank\"><picture><source srcset=\"https:\/\/static.triny.pl\/img\/p\/2\/1\/2\/8\/8\/21288-thickbox_default.webp\"  type=\"image\/webp\"><source srcset=\"https:\/\/static.triny.pl\/img\/p\/2\/1\/2\/8\/8\/21288-thickbox_default.jpg\"  type=\"image\/jpeg\"><img src=\"https:\/\/triny.pl\/blog\/wp-content\/themes\/triny\/assets\/img\/placeholder-600x600.png\" data-src=\"https:\/\/static.triny.pl\/img\/p\/2\/1\/2\/8\/8\/21288-thickbox_default.jpg\" class=\"tns-lazy-img\" alt=\"Naffi &#8211; Krem nawil\u017caj\u0105cy z awokado i jojoba &#8211; wersja mini &#8211; 15 ml\"><\/picture><div class=\"brand\">IOSSI<\/div><div class=\"title\">Naffi &#8211; Krem nawil\u017caj\u0105cy z awokado i jojoba &#8211; wersja mini &#8211; 15 ml<\/div><\/a><a class=\"slider-collage-carousel__btn read-more-button\" href=\"https:\/\/triny.pl\/12947-naffi-krem-nawilzajacy-z-awokado-i-jojoba-wersja-mini-15-ml.html\" target=\"_blank\">Zobacz<\/a><\/li><li class=\"item\"><a href=\"https:\/\/triny.pl\/12851-aa-cosmetics-my-beauty-power-niacynamid-5-antyoksydacyjny-krem-zel-na-dzien.html\" target=\"_blank\"><picture><source srcset=\"https:\/\/static.triny.pl\/img\/p\/2\/1\/1\/0\/8\/21108-thickbox_default.webp\"  type=\"image\/webp\"><source srcset=\"https:\/\/static.triny.pl\/img\/p\/2\/1\/1\/0\/8\/21108-thickbox_default.jpg\"  type=\"image\/jpeg\"><img src=\"https:\/\/triny.pl\/blog\/wp-content\/themes\/triny\/assets\/img\/placeholder-600x600.png\" data-src=\"https:\/\/static.triny.pl\/img\/p\/2\/1\/1\/0\/8\/21108-thickbox_default.jpg\" class=\"tns-lazy-img\" alt=\"My Beauty Power Niacynamid 5% &#8211; antyoksydacyjny krem-\u017cel na dzie\u0144\"><\/picture><div class=\"brand\">AA Cosmetics<\/div><div class=\"title\">My Beauty Power Niacynamid 5% &#8211; antyoksydacyjny krem-\u017cel na dzie\u0144<\/div><\/a><a class=\"slider-collage-carousel__btn read-more-button\" href=\"https:\/\/triny.pl\/12851-aa-cosmetics-my-beauty-power-niacynamid-5-antyoksydacyjny-krem-zel-na-dzien.html\" target=\"_blank\">Zobacz<\/a><\/li><li class=\"item\"><a href=\"https:\/\/triny.pl\/8016-resibo-instant-beauty-mask-blyskawiczna-maseczka-upiekszajaca.html\" target=\"_blank\"><picture><source srcset=\"https:\/\/static.triny.pl\/img\/p\/2\/0\/1\/4\/3\/20143-thickbox_default.webp\"  type=\"image\/webp\"><source srcset=\"https:\/\/static.triny.pl\/img\/p\/2\/0\/1\/4\/3\/20143-thickbox_default.jpg\"  type=\"image\/jpeg\"><img src=\"https:\/\/triny.pl\/blog\/wp-content\/themes\/triny\/assets\/img\/placeholder-600x600.png\" data-src=\"https:\/\/static.triny.pl\/img\/p\/2\/0\/1\/4\/3\/20143-thickbox_default.jpg\" class=\"tns-lazy-img\" alt=\"Filling Good maska wype\u0142niaj\u0105co-uj\u0119drniaj\u0105ca\"><\/picture><div class=\"brand\">Resibo<\/div><div class=\"title\">Filling Good maska wype\u0142niaj\u0105co-uj\u0119drniaj\u0105ca<\/div><\/a><a class=\"slider-collage-carousel__btn read-more-button\" href=\"https:\/\/triny.pl\/8016-resibo-instant-beauty-mask-blyskawiczna-maseczka-upiekszajaca.html\" target=\"_blank\">Zobacz<\/a><\/li><\/ul><\/section>\n\n\n\n<h2 class=\"wp-block-heading\">Podsumowanie<\/h2>\n\n\n\n<p>Jak sama widzisz, aby dba\u0107 o sk\u00f3r\u0119 latem, nie musisz robi\u0107 nic wi\u0119cej ponad to, co robisz dbaj\u0105c o sk\u00f3r\u0119 przez ca\u0142y rok. Wa\u017cne jest jednak, aby\u015b bez wzgl\u0119du na to, czy jeste\u015b w domu, czy na wakacjach, utrzyma\u0142a sta\u0142\u0105 rutyn\u0119 piel\u0119gnacyjn\u0105 i nie pomija\u0142a tak kluczowych etap\u00f3w piel\u0119gnacji, jakimi s\u0105 oczyszczanie sk\u00f3ry, jej tonizacja, nawil\u017canie i ochrona przeciws\u0142oneczna. Twoja sk\u00f3ra odwdzi\u0119czy Ci si\u0119 za to pi\u0119knym wygl\u0105dem i pozostanie w \u015bwietnej kondycji przez ca\u0142e lato.<\/p>\n","protected":false},"excerpt":{"rendered":"<p>Latem Twoja sk\u00f3ra jest nara\u017cona na dzia\u0142anie wielu niekorzystnych czynnik\u00f3w zewn\u0119trznych. Najbardziej szkodliwe jest oczywi\u015bcie promieniowanie UV, ale nie mo\u017cesz te\u017c&#8230;<\/p>\n","protected":false},"author":6,"featured_media":20270,"comment_status":"open","ping_status":"open","sticky":false,"template":"","format":"standard","meta":{"footnotes":""},"categories":[35],"tags":[8035],"acf":[],"yoast_head":"<!-- This site is optimized with the Yoast SEO plugin v21.1 - https:\/\/yoast.com\/wordpress\/plugins\/seo\/ -->\n<title>Jak dba\u0107 o sk\u00f3r\u0119 latem \u2013 5 zasad, kt\u00f3re warto przestrzega\u0107<\/title>\n<meta name=\"description\" content=\"Nie wiesz, jak dba\u0107 o sk\u00f3r\u0119 latem i jakich kosmetyk\u00f3w u\u017cywa\u0107? Poznaj 5 najwa\u017cniejszych zasad letniej piel\u0119gnacji i ciesz si\u0119 pi\u0119kn\u0105 sk\u00f3r\u0105.\" \/>\n<meta name=\"robots\" content=\"index, follow, max-snippet:-1, max-image-preview:large, max-video-preview:-1\" \/>\n<link rel=\"canonical\" href=\"https:\/\/triny.pl\/blog\/jak-dbac-o-skore-latem-5-zasad-ktore-warto-przestrzegac\/\" \/>\n<meta property=\"og:locale\" content=\"pl_PL\" \/>\n<meta property=\"og:type\" content=\"article\" \/>\n<meta property=\"og:title\" content=\"Jak dba\u0107 o sk\u00f3r\u0119 latem \u2013 5 zasad, kt\u00f3re warto przestrzega\u0107\" \/>\n<meta property=\"og:description\" content=\"Nie wiesz, jak dba\u0107 o sk\u00f3r\u0119 latem i jakich kosmetyk\u00f3w u\u017cywa\u0107? Poznaj 5 najwa\u017cniejszych zasad letniej piel\u0119gnacji i ciesz si\u0119 pi\u0119kn\u0105 sk\u00f3r\u0105.\" \/>\n<meta property=\"og:url\" content=\"https:\/\/triny.pl\/blog\/jak-dbac-o-skore-latem-5-zasad-ktore-warto-przestrzegac\/\" \/>\n<meta property=\"og:site_name\" content=\"Blog Triny.pl\" \/>\n<meta property=\"article:publisher\" content=\"https:\/\/www.facebook.com\/trinysklep\" \/>\n<meta property=\"article:published_time\" content=\"2023-06-15T06:08:00+00:00\" \/>\n<meta property=\"article:modified_time\" content=\"2023-09-15T09:46:26+00:00\" \/>\n<meta property=\"og:image\" content=\"https:\/\/triny.pl\/blog\/wp-content\/uploads\/2020\/07\/pielegnacja-skory-latem.jpeg\" \/>\n\t<meta property=\"og:image:width\" content=\"1200\" \/>\n\t<meta property=\"og:image:height\" content=\"800\" \/>\n\t<meta property=\"og:image:type\" content=\"image\/jpeg\" \/>\n<meta name=\"author\" content=\"Olga Pietraszewska\" \/>\n<meta name=\"twitter:label1\" content=\"Napisane przez\" \/>\n\t<meta name=\"twitter:data1\" content=\"Olga Pietraszewska\" \/>\n\t<meta name=\"twitter:label2\" content=\"Szacowany czas czytania\" \/>\n\t<meta name=\"twitter:data2\" content=\"10 minut\" \/>\n<script type=\"application\/ld+json\" class=\"yoast-schema-graph\">{\"@context\":\"https:\/\/schema.org\",\"@graph\":[{\"@type\":\"Article\",\"@id\":\"https:\/\/triny.pl\/blog\/jak-dbac-o-skore-latem-5-zasad-ktore-warto-przestrzegac\/#article\",\"isPartOf\":{\"@id\":\"https:\/\/triny.pl\/blog\/jak-dbac-o-skore-latem-5-zasad-ktore-warto-przestrzegac\/\"},\"author\":{\"name\":\"Olga Pietraszewska\",\"@id\":\"https:\/\/triny.pl\/blog\/#\/schema\/person\/627fca485014bc94ba34ced7dc5dd756\"},\"headline\":\"Jak dba\u0107 o sk\u00f3r\u0119 latem \u2013 5 zasad, kt\u00f3re warto przestrzega\u0107\",\"datePublished\":\"2023-06-15T06:08:00+00:00\",\"dateModified\":\"2023-09-15T09:46:26+00:00\",\"mainEntityOfPage\":{\"@id\":\"https:\/\/triny.pl\/blog\/jak-dbac-o-skore-latem-5-zasad-ktore-warto-przestrzegac\/\"},\"wordCount\":1957,\"commentCount\":0,\"publisher\":{\"@id\":\"https:\/\/triny.pl\/blog\/#organization\"},\"keywords\":[\"piel\u0119gnacja latem\"],\"articleSection\":[\"Piel\u0119gnacja twarzy naturalnie\"],\"inLanguage\":\"pl-PL\",\"potentialAction\":[{\"@type\":\"CommentAction\",\"name\":\"Comment\",\"target\":[\"https:\/\/triny.pl\/blog\/jak-dbac-o-skore-latem-5-zasad-ktore-warto-przestrzegac\/#respond\"]}]},{\"@type\":\"WebPage\",\"@id\":\"https:\/\/triny.pl\/blog\/jak-dbac-o-skore-latem-5-zasad-ktore-warto-przestrzegac\/\",\"url\":\"https:\/\/triny.pl\/blog\/jak-dbac-o-skore-latem-5-zasad-ktore-warto-przestrzegac\/\",\"name\":\"Jak dba\u0107 o sk\u00f3r\u0119 latem \u2013 5 zasad, kt\u00f3re warto przestrzega\u0107\",\"isPartOf\":{\"@id\":\"https:\/\/triny.pl\/blog\/#website\"},\"datePublished\":\"2023-06-15T06:08:00+00:00\",\"dateModified\":\"2023-09-15T09:46:26+00:00\",\"description\":\"Nie wiesz, jak dba\u0107 o sk\u00f3r\u0119 latem i jakich kosmetyk\u00f3w u\u017cywa\u0107? Poznaj 5 najwa\u017cniejszych zasad letniej piel\u0119gnacji i ciesz si\u0119 pi\u0119kn\u0105 sk\u00f3r\u0105.\",\"breadcrumb\":{\"@id\":\"https:\/\/triny.pl\/blog\/jak-dbac-o-skore-latem-5-zasad-ktore-warto-przestrzegac\/#breadcrumb\"},\"inLanguage\":\"pl-PL\",\"potentialAction\":[{\"@type\":\"ReadAction\",\"target\":[\"https:\/\/triny.pl\/blog\/jak-dbac-o-skore-latem-5-zasad-ktore-warto-przestrzegac\/\"]}]},{\"@type\":\"BreadcrumbList\",\"@id\":\"https:\/\/triny.pl\/blog\/jak-dbac-o-skore-latem-5-zasad-ktore-warto-przestrzegac\/#breadcrumb\",\"itemListElement\":[{\"@type\":\"ListItem\",\"position\":1,\"name\":\"Strona g\u0142\u00f3wna\",\"item\":\"https:\/\/triny.pl\/blog\/\"},{\"@type\":\"ListItem\",\"position\":2,\"name\":\"Jak dba\u0107 o sk\u00f3r\u0119 latem \u2013 5 zasad, kt\u00f3re warto przestrzega\u0107\"}]},{\"@type\":\"WebSite\",\"@id\":\"https:\/\/triny.pl\/blog\/#website\",\"url\":\"https:\/\/triny.pl\/blog\/\",\"name\":\"Blog Triny.pl\",\"description\":\"Naturalna piel\u0119gnacja bez tajemnic! Pokazujemy jak dba\u0107 o cia\u0142o i w\u0142osy dla optymalnych, d\u0142ugotrwa\u0142ych efekt\u00f3w. Sprawd\u017a te ma\u0142o znane triki :)\",\"publisher\":{\"@id\":\"https:\/\/triny.pl\/blog\/#organization\"},\"potentialAction\":[{\"@type\":\"SearchAction\",\"target\":{\"@type\":\"EntryPoint\",\"urlTemplate\":\"https:\/\/triny.pl\/blog\/?s={search_term_string}\"},\"query-input\":\"required name=search_term_string\"}],\"inLanguage\":\"pl-PL\"},{\"@type\":\"Organization\",\"@id\":\"https:\/\/triny.pl\/blog\/#organization\",\"name\":\"Triny Sp. z o. o.\",\"url\":\"https:\/\/triny.pl\/blog\/\",\"logo\":{\"@type\":\"ImageObject\",\"inLanguage\":\"pl-PL\",\"@id\":\"https:\/\/triny.pl\/blog\/#\/schema\/logo\/image\/\",\"url\":\"https:\/\/triny.pl\/blog\/wp-content\/uploads\/2020\/08\/logo-triny.png\",\"contentUrl\":\"https:\/\/triny.pl\/blog\/wp-content\/uploads\/2020\/08\/logo-triny.png\",\"width\":190,\"height\":78,\"caption\":\"Triny Sp. z o. o.\"},\"image\":{\"@id\":\"https:\/\/triny.pl\/blog\/#\/schema\/logo\/image\/\"},\"sameAs\":[\"https:\/\/www.facebook.com\/trinysklep\",\"https:\/\/www.instagram.com\/trinysklep\/\",\"https:\/\/pl.pinterest.com\/trinypl\/_created\/\"]},{\"@type\":\"Person\",\"@id\":\"https:\/\/triny.pl\/blog\/#\/schema\/person\/627fca485014bc94ba34ced7dc5dd756\",\"name\":\"Olga Pietraszewska\",\"description\":\"Witaj! Nazywam si\u0119 Olga Pietraszewska. Jestem autork\u0105 bloga Makehappyday.com, pasjonatk\u0105 i propagatork\u0105 naturalnej piel\u0119gnacji oraz zdrowego stylu \u017cycia. Z wykszta\u0142cenia politolog, z zawodu dziennikarka i copywriterka. Je\u015bli akurat nie pisz\u0119, to najpewniej oddaj\u0119 si\u0119 roli \u017cony i mamy, czytam ksi\u0105\u017cki, piek\u0119 chleb, albo spaceruj\u0119, podziwiaj\u0105c malownicze okolice pi\u0119knej Norwegii.\",\"url\":\"https:\/\/triny.pl\/blog\/author\/olga-pietraszewska\/\"}]}<\/script>\n<!-- \/ Yoast SEO plugin. -->","yoast_head_json":{"title":"Jak dba\u0107 o sk\u00f3r\u0119 latem \u2013 5 zasad, kt\u00f3re warto przestrzega\u0107","description":"Nie wiesz, jak dba\u0107 o sk\u00f3r\u0119 latem i jakich kosmetyk\u00f3w u\u017cywa\u0107? Poznaj 5 najwa\u017cniejszych zasad letniej piel\u0119gnacji i ciesz si\u0119 pi\u0119kn\u0105 sk\u00f3r\u0105.","robots":{"index":"index","follow":"follow","max-snippet":"max-snippet:-1","max-image-preview":"max-image-preview:large","max-video-preview":"max-video-preview:-1"},"canonical":"https:\/\/triny.pl\/blog\/jak-dbac-o-skore-latem-5-zasad-ktore-warto-przestrzegac\/","og_locale":"pl_PL","og_type":"article","og_title":"Jak dba\u0107 o sk\u00f3r\u0119 latem \u2013 5 zasad, kt\u00f3re warto przestrzega\u0107","og_description":"Nie wiesz, jak dba\u0107 o sk\u00f3r\u0119 latem i jakich kosmetyk\u00f3w u\u017cywa\u0107? Poznaj 5 najwa\u017cniejszych zasad letniej piel\u0119gnacji i ciesz si\u0119 pi\u0119kn\u0105 sk\u00f3r\u0105.","og_url":"https:\/\/triny.pl\/blog\/jak-dbac-o-skore-latem-5-zasad-ktore-warto-przestrzegac\/","og_site_name":"Blog Triny.pl","article_publisher":"https:\/\/www.facebook.com\/trinysklep","article_published_time":"2023-06-15T06:08:00+00:00","article_modified_time":"2023-09-15T09:46:26+00:00","og_image":[{"width":1200,"height":800,"url":"https:\/\/triny.pl\/blog\/wp-content\/uploads\/2020\/07\/pielegnacja-skory-latem.jpeg","type":"image\/jpeg"}],"author":"Olga Pietraszewska","twitter_misc":{"Napisane przez":"Olga Pietraszewska","Szacowany czas czytania":"10 minut"},"schema":{"@context":"https:\/\/schema.org","@graph":[{"@type":"Article","@id":"https:\/\/triny.pl\/blog\/jak-dbac-o-skore-latem-5-zasad-ktore-warto-przestrzegac\/#article","isPartOf":{"@id":"https:\/\/triny.pl\/blog\/jak-dbac-o-skore-latem-5-zasad-ktore-warto-przestrzegac\/"},"author":{"name":"Olga Pietraszewska","@id":"https:\/\/triny.pl\/blog\/#\/schema\/person\/627fca485014bc94ba34ced7dc5dd756"},"headline":"Jak dba\u0107 o sk\u00f3r\u0119 latem \u2013 5 zasad, kt\u00f3re warto przestrzega\u0107","datePublished":"2023-06-15T06:08:00+00:00","dateModified":"2023-09-15T09:46:26+00:00","mainEntityOfPage":{"@id":"https:\/\/triny.pl\/blog\/jak-dbac-o-skore-latem-5-zasad-ktore-warto-przestrzegac\/"},"wordCount":1957,"commentCount":0,"publisher":{"@id":"https:\/\/triny.pl\/blog\/#organization"},"keywords":["piel\u0119gnacja latem"],"articleSection":["Piel\u0119gnacja twarzy naturalnie"],"inLanguage":"pl-PL","potentialAction":[{"@type":"CommentAction","name":"Comment","target":["https:\/\/triny.pl\/blog\/jak-dbac-o-skore-latem-5-zasad-ktore-warto-przestrzegac\/#respond"]}]},{"@type":"WebPage","@id":"https:\/\/triny.pl\/blog\/jak-dbac-o-skore-latem-5-zasad-ktore-warto-przestrzegac\/","url":"https:\/\/triny.pl\/blog\/jak-dbac-o-skore-latem-5-zasad-ktore-warto-przestrzegac\/","name":"Jak dba\u0107 o sk\u00f3r\u0119 latem \u2013 5 zasad, kt\u00f3re warto przestrzega\u0107","isPartOf":{"@id":"https:\/\/triny.pl\/blog\/#website"},"datePublished":"2023-06-15T06:08:00+00:00","dateModified":"2023-09-15T09:46:26+00:00","description":"Nie wiesz, jak dba\u0107 o sk\u00f3r\u0119 latem i jakich kosmetyk\u00f3w u\u017cywa\u0107? Poznaj 5 najwa\u017cniejszych zasad letniej piel\u0119gnacji i ciesz si\u0119 pi\u0119kn\u0105 sk\u00f3r\u0105.","breadcrumb":{"@id":"https:\/\/triny.pl\/blog\/jak-dbac-o-skore-latem-5-zasad-ktore-warto-przestrzegac\/#breadcrumb"},"inLanguage":"pl-PL","potentialAction":[{"@type":"ReadAction","target":["https:\/\/triny.pl\/blog\/jak-dbac-o-skore-latem-5-zasad-ktore-warto-przestrzegac\/"]}]},{"@type":"BreadcrumbList","@id":"https:\/\/triny.pl\/blog\/jak-dbac-o-skore-latem-5-zasad-ktore-warto-przestrzegac\/#breadcrumb","itemListElement":[{"@type":"ListItem","position":1,"name":"Strona g\u0142\u00f3wna","item":"https:\/\/triny.pl\/blog\/"},{"@type":"ListItem","position":2,"name":"Jak dba\u0107 o sk\u00f3r\u0119 latem \u2013 5 zasad, kt\u00f3re warto przestrzega\u0107"}]},{"@type":"WebSite","@id":"https:\/\/triny.pl\/blog\/#website","url":"https:\/\/triny.pl\/blog\/","name":"Blog Triny.pl","description":"Naturalna piel\u0119gnacja bez tajemnic! Pokazujemy jak dba\u0107 o cia\u0142o i w\u0142osy dla optymalnych, d\u0142ugotrwa\u0142ych efekt\u00f3w. Sprawd\u017a te ma\u0142o znane triki :)","publisher":{"@id":"https:\/\/triny.pl\/blog\/#organization"},"potentialAction":[{"@type":"SearchAction","target":{"@type":"EntryPoint","urlTemplate":"https:\/\/triny.pl\/blog\/?s={search_term_string}"},"query-input":"required name=search_term_string"}],"inLanguage":"pl-PL"},{"@type":"Organization","@id":"https:\/\/triny.pl\/blog\/#organization","name":"Triny Sp. z o. o.","url":"https:\/\/triny.pl\/blog\/","logo":{"@type":"ImageObject","inLanguage":"pl-PL","@id":"https:\/\/triny.pl\/blog\/#\/schema\/logo\/image\/","url":"https:\/\/triny.pl\/blog\/wp-content\/uploads\/2020\/08\/logo-triny.png","contentUrl":"https:\/\/triny.pl\/blog\/wp-content\/uploads\/2020\/08\/logo-triny.png","width":190,"height":78,"caption":"Triny Sp. z o. o."},"image":{"@id":"https:\/\/triny.pl\/blog\/#\/schema\/logo\/image\/"},"sameAs":["https:\/\/www.facebook.com\/trinysklep","https:\/\/www.instagram.com\/trinysklep\/","https:\/\/pl.pinterest.com\/trinypl\/_created\/"]},{"@type":"Person","@id":"https:\/\/triny.pl\/blog\/#\/schema\/person\/627fca485014bc94ba34ced7dc5dd756","name":"Olga Pietraszewska","description":"Witaj! Nazywam si\u0119 Olga Pietraszewska. Jestem autork\u0105 bloga Makehappyday.com, pasjonatk\u0105 i propagatork\u0105 naturalnej piel\u0119gnacji oraz zdrowego stylu \u017cycia. Z wykszta\u0142cenia politolog, z zawodu dziennikarka i copywriterka. Je\u015bli akurat nie pisz\u0119, to najpewniej oddaj\u0119 si\u0119 roli \u017cony i mamy, czytam ksi\u0105\u017cki, piek\u0119 chleb, albo spaceruj\u0119, podziwiaj\u0105c malownicze okolice pi\u0119knej Norwegii.","url":"https:\/\/triny.pl\/blog\/author\/olga-pietraszewska\/"}]}},"voteUp":"19","voteDown":"0","authorInfo":{"photo":"https:\/\/triny.pl\/blog\/wp-content\/uploads\/2019\/03\/web-2-150x150.jpg","url":"https:\/\/triny.pl\/blog\/author\/olga-pietraszewska\/","name":"Olga Pietraszewska"},"media":{"full":"https:\/\/triny.pl\/blog\/wp-content\/uploads\/2020\/07\/pielegnacja-skory-latem.jpeg","desktop":"https:\/\/triny.pl\/blog\/wp-content\/uploads\/2020\/07\/pielegnacja-skory-latem-505x250.jpeg","mobile":"https:\/\/triny.pl\/blog\/wp-content\/uploads\/2020\/07\/pielegnacja-skory-latem-375x190.jpeg"},"_links":{"self":[{"href":"https:\/\/triny.pl\/blog\/wp-json\/wp\/v2\/posts\/14066"}],"collection":[{"href":"https:\/\/triny.pl\/blog\/wp-json\/wp\/v2\/posts"}],"about":[{"href":"https:\/\/triny.pl\/blog\/wp-json\/wp\/v2\/types\/post"}],"author":[{"embeddable":true,"href":"https:\/\/triny.pl\/blog\/wp-json\/wp\/v2\/users\/6"}],"replies":[{"embeddable":true,"href":"https:\/\/triny.pl\/blog\/wp-json\/wp\/v2\/comments?post=14066"}],"version-history":[{"count":32,"href":"https:\/\/triny.pl\/blog\/wp-json\/wp\/v2\/posts\/14066\/revisions"}],"predecessor-version":[{"id":27776,"href":"https:\/\/triny.pl\/blog\/wp-json\/wp\/v2\/posts\/14066\/revisions\/27776"}],"wp:featuredmedia":[{"embeddable":true,"href":"https:\/\/triny.pl\/blog\/wp-json\/wp\/v2\/media\/20270"}],"wp:attachment":[{"href":"https:\/\/triny.pl\/blog\/wp-json\/wp\/v2\/media?parent=14066"}],"wp:term":[{"taxonomy":"category","embeddable":true,"href":"https:\/\/triny.pl\/blog\/wp-json\/wp\/v2\/categories?post=14066"},{"taxonomy":"post_tag","embeddable":true,"href":"https:\/\/triny.pl\/blog\/wp-json\/wp\/v2\/tags?post=14066"}],"curies":[{"name":"wp","href":"https:\/\/api.w.org\/{rel}","templated":true}]}}