{"id":1818,"date":"2016-05-27T13:40:50","date_gmt":"2016-05-27T11:40:50","guid":{"rendered":"https:\/\/triny.pl\/blog\/?p=1818"},"modified":"2022-06-29T15:17:16","modified_gmt":"2022-06-29T13:17:16","slug":"promienna-cera-w-5-krokach","status":"publish","type":"post","link":"https:\/\/triny.pl\/blog\/promienna-cera-w-5-krokach\/","title":{"rendered":"Promienna cera w 5 krokach"},"content":{"rendered":"\n<p>Aby cieszy\u0107 si\u0119 promienn\u0105, \u015bwie\u017c\u0105 i zdrow\u0105 cer\u0105 wcale nie potrzebujesz tony kosmetyk\u00f3w, kt\u00f3re ledwo mieszcz\u0105 si\u0119 na \u0142azienkowej p\u00f3\u0142ce. Zreszt\u0105 i tak pewnie ju\u017c dobrze wiesz, \u017ce nadmiar kosmetyk\u00f3w mo\u017ce bardziej sk\u00f3rze zaszkodzi\u0107, ni\u017c pom\u00f3c. Co w takim razie powinna\u015b zrobi\u0107, by zacz\u0105\u0107 cieszy\u0107 si\u0119 pi\u0119kn\u0105 cer\u0105? Poznaj sprawdzone sposoby, kt\u00f3re sprawi\u0105, \u017ce Twoja cera b\u0119dzie zachwyca\u0107.<\/p>\n\n\n\n<!--more-->\n\n\n\n<h2 class=\"wp-block-heading\">Sposoby na promienn\u0105 cer\u0119 &#8211; 5 krok\u00f3w, kt\u00f3re przybli\u017c\u0105 Ci\u0119 do wymarzonego efektu<\/h2>\n\n\n<div class=\"wp-block-image\">\n<figure class=\"aligncenter size-large\"><picture><source media=\"(max-width: 450px)\" data-srcset=\"https:\/\/triny.pl\/blog\/wp-content\/uploads\/2022\/06\/sposoby-na-promienna-cere-375x199.jpeg\"><img data-src=\"https:\/\/triny.pl\/blog\/wp-content\/uploads\/2022\/06\/sposoby-na-promienna-cere-684x362.jpeg\" class=\"wp-image-23854 lazyload\" alt=\"sposoby na promienn\u0105 cer\u0119\"><\/picture><\/figure><\/div>\n\n\n<p>Poni\u017cej omawiam sprawdzone sposoby na promienn\u0105 cer\u0119. Dzi\u0119ki nim mo\u017cesz poprawi\u0107 kondycj\u0119 sk\u00f3ry i zniwelowa\u0107 ilo\u015b\u0107 pojawiaj\u0105cych si\u0119 niedoskona\u0142o\u015bci.<\/p>\n\n\n\n<h2 class=\"wp-block-heading\"><span style=\"color: #000000;\">Krok 1. Zdrowy styl \u017cycia<\/span><\/h2>\n\n\n\n<p>Pierwszym krokiem, kt\u00f3ry powinna\u015b podj\u0105\u0107, chc\u0105c pom\u00f3c swojej cerze odzyska\u0107 zdrowy i promienny wygl\u0105d, jest zmiana nawyk\u00f3w, kt\u00f3re towarzysz\u0105 Ci w codziennym \u017cyciu. Zacznij od sposobu od\u017cywiania.<\/p>\n\n\n\n<p class=\"tip\">Je\u015bli do tej pory w Twoim codziennym jad\u0142ospisie pojawia\u0142y si\u0119 fast foody, coca-cola i s\u0142odko\u015bci, posi\u0142ki nie by\u0142y urozmaicone i brakowa\u0142o w nich \u015bwie\u017cych warzyw i owoc\u00f3w &#8211; zmie\u0144 to.<\/p>\n\n\n\n<p>Spos\u00f3b od\u017cywiania ma bardzo du\u017cy wp\u0142yw nie tylko na nasze zdrowie, ale r\u00f3wnie\u017c wygl\u0105d sk\u00f3ry. Nieprawid\u0142owa dieta mo\u017ce utrudnia\u0107 leczenie tr\u0105dziku, powodowa\u0107 nietolerancj\u0119 pokarmow\u0105, kt\u00f3ra r\u00f3wnie\u017c odbija si\u0119 na wygl\u0105dzie cery, pozbawia\u0107 j\u0105 \u0142adnego i zdrowego kolorytu. Aby cera otrzymywa\u0142a wszystkie niezb\u0119dne sk\u0142adniki od\u017cywcze, kt\u00f3re dostarczamy jej w\u0142a\u015bnie z po\u017cywienia, zadbaj o to, by na Twoim talerzu nie brakowa\u0142o warzyw, owoc\u00f3w, produkt\u00f3w pe\u0142noziarnistych, orzech\u00f3w, pestek dyni i s\u0142onecznika. Jedz ryby i dr\u00f3b, w\u0142\u0105cz do diety odt\u0142uszczony nabia\u0142, kasze, soczewic\u0119, ciecierzyc\u0119. Ogranicz cukier, postaraj si\u0119 te\u017c mniej soli\u0107. Po s\u0142odko\u015bci si\u0119gaj od czasu do czasu, a z fast food\u00f3w zrezygnuj ca\u0142kowicie. Doce\u0144 te\u017c <a class=\"rank-math-link\" href=\"https:\/\/triny.pl\/blog\/woda-pij-dla-zdrowia-i-pieknej-skory\/\">znaczenie wody <\/a>i pij jej jak najwi\u0119cej.<\/p>\n\n\n\n<h3 class=\"wp-block-heading\">Podstawowe sposoby na promienn\u0105 cer\u0119, kt\u00f3re warto stosowa\u0107, poza zdrowym od\u017cywianiem:<\/h3>\n\n\n\n<ul><li><strong>Zadbaj o jako\u015b\u0107 swojego snu.<\/strong> W nocy sk\u00f3ra si\u0119 regeneruje i odpoczywa. Je\u015bli \u015bpisz 3-4 godziny, nie b\u0119dzie promienna, szybko straci blask i zyska poszarza\u0142y koloryt. Pod oczami pojawi si\u0119 opuchlizna i nawet najlepsze kosmetyki nie b\u0119d\u0105 mog\u0142y jej pom\u00f3c. Doce\u0144 rol\u0119 snu i staraj si\u0119 odpoczywa\u0107 przynajmniej 6-7 godzin.<\/li><li><strong>Doce\u0144 znaczenie aktywno\u015bci fizycznej.<\/strong> Staraj si\u0119 codziennie p\u00f3j\u015b\u0107 na spacer. Zrezygnuj z palenia papieros\u00f3w (kt\u00f3re s\u0105 jednym z najbardziej niszcz\u0105cych cer\u0119 czynnik\u00f3w), ogranicz picie kawy i mocnej herbaty. A gdy ju\u017c zmienisz styl \u017cycia na zdrowszy, przejd\u017a do kolejnych krok\u00f3w, kt\u00f3re sprawi\u0105, \u017ce Twoja cera b\u0119dzie pi\u0119kna i promienna.<\/li><\/ul>\n\n\n\n<h2 class=\"wp-block-heading\">Krok 2. Staranny demakija\u017c i oczyszczanie sk\u00f3ry<\/h2>\n\n\n<section class=\"slider-collage-carousel\" data-id=\"12813, 2698, 12721, 3291\"><ul class=\"collage collage-slider\"><li class=\"item\"><a href=\"https:\/\/triny.pl\/2698-gocranberry-odzywcze-oczyszczenie-olejek-do-demakijazu-twarzy-i-oczu.html\" target=\"_blank\"><picture><source srcset=\"https:\/\/static.triny.pl\/img\/p\/9\/0\/7\/5\/9075-thickbox_default.webp\"  type=\"image\/webp\"><source srcset=\"https:\/\/static.triny.pl\/img\/p\/9\/0\/7\/5\/9075-thickbox_default.jpg\"  type=\"image\/jpeg\"><img src=\"https:\/\/triny.pl\/blog\/wp-content\/themes\/triny\/assets\/img\/placeholder-600x600.png\" data-src=\"https:\/\/static.triny.pl\/img\/p\/9\/0\/7\/5\/9075-thickbox_default.jpg\" class=\"tns-lazy-img\" alt=\"Olejek do demakija\u017cu &#8211; Od\u017cywcze oczyszczenie\"><\/picture><div class=\"brand\">GoCranberry<\/div><div class=\"title\">Olejek do demakija\u017cu &#8211; Od\u017cywcze oczyszczenie<\/div><\/a><a class=\"slider-collage-carousel__btn read-more-button\" href=\"https:\/\/triny.pl\/2698-gocranberry-odzywcze-oczyszczenie-olejek-do-demakijazu-twarzy-i-oczu.html\" target=\"_blank\">Zobacz<\/a><\/li><li class=\"item\"><a href=\"https:\/\/triny.pl\/3291-nacomi-olejek-do-demakijazu-dla-cery-mieszanej.html\" target=\"_blank\"><picture><source srcset=\"https:\/\/static.triny.pl\/img\/p\/6\/1\/5\/2\/6152-thickbox_default.webp\"  type=\"image\/webp\"><source srcset=\"https:\/\/static.triny.pl\/img\/p\/6\/1\/5\/2\/6152-thickbox_default.jpg\"  type=\"image\/jpeg\"><img src=\"https:\/\/triny.pl\/blog\/wp-content\/themes\/triny\/assets\/img\/placeholder-600x600.png\" data-src=\"https:\/\/static.triny.pl\/img\/p\/6\/1\/5\/2\/6152-thickbox_default.jpg\" class=\"tns-lazy-img\" alt=\"Olejek do demakija\u017cu dla cery mieszanej\"><\/picture><div class=\"brand\">Nacomi<\/div><div class=\"title\">Olejek do demakija\u017cu dla cery mieszanej<\/div><\/a><a class=\"slider-collage-carousel__btn read-more-button\" href=\"https:\/\/triny.pl\/3291-nacomi-olejek-do-demakijazu-dla-cery-mieszanej.html\" target=\"_blank\">Zobacz<\/a><\/li><\/ul><\/section>\n\n\n\n<p>Oczyszczanie sk\u00f3ry, kt\u00f3re ma na celu usuni\u0119cie makija\u017cu i wszelkiego rodzaju zanieczyszcze\u0144, to podstawa codziennej piel\u0119gnacji sk\u00f3ry, kt\u00f3rej nie powinni\u015bmy pomija\u0107. \u017badne inne sposoby na promienn\u0105 cer\u0119 si\u0119 nie sprawdz\u0105, je\u017celi zaniedbasz demakija\u017c i usuwanie zabrudze\u0144 czy \u0142uszcz\u0105cego si\u0119 nask\u00f3rka. W ci\u0105gu dnia Twoja sk\u00f3ra ma kontakt z ca\u0142ym szeregiem niekorzystnych czynnik\u00f3w zewn\u0119trznych. Zanieczyszczone powietrze, kurz, spaliny, dym tytoniowy same si\u0119 z niej nie zmyj\u0105, podobnie jak makija\u017c i nadmiar sebum, kt\u00f3ry przez wiele godzin zgromadzi\u0142 si\u0119 w porach sk\u00f3ry.<\/p>\n\n\n\n<p class=\"alert\">Jedn\u0105 z najgorszych rzeczy, jak\u0105 mo\u017cesz zrobi\u0107 swojej sk\u00f3rze, jest pozostawienie jej nieoczyszczonej i p\u00f3j\u015bcie spa\u0107 z resztkami codziennych zanieczyszcze\u0144 i makija\u017cu na twarzy.<\/p>\n\n\n\n<p>To, \u017ce rano sk\u00f3ra nie b\u0119dzie wygl\u0105da\u0107 \u015bwie\u017co i \u0142adnie, masz zagwarantowane.<\/p>\n\n\n\n<p>Staranny demakija\u017c i oczyszczanie sk\u00f3ry powinny by\u0107 nawykiem, kt\u00f3ry b\u0119dzie nam towarzyszy\u0142 ka\u017cdego dnia. <strong>Oczyszczona sk\u00f3ra to sk\u00f3ra dobrze dotleniona, bez zask\u00f3rnik\u00f3w, o wyr\u00f3wnanym i zdrowym kolorycie.<\/strong> To sk\u00f3ra, kt\u00f3ra dobrze wch\u0142ania wszystkie substancje od\u017cywcze i nawil\u017caj\u0105ce z kosmetyk\u00f3w, jest przyjemna, mi\u0119kka i zawsze wygl\u0105da \u015bwie\u017co.<\/p>\n\n\n\n<p class=\"tip\">Warto wypracowa\u0107 swoje w\u0142asne, codzienne rytua\u0142y piel\u0119gnacyjne, kt\u00f3re b\u0119d\u0105 towarzyszy\u0142y nam podczas oczyszczania sk\u00f3ry i demakija\u017cu i stara\u0107 si\u0119 o nich nie zapomina\u0107.<\/p>\n\n\n\n<p>Wi\u0119cej o skutecznym oczyszczaniu sk\u00f3ry przeczytasz w tym wpisie -&gt; <a href=\"https:\/\/triny.pl\/blog\/oczyszczanie-tonizowanie-nawilzanie-jak-to-robic-dobrze\/\">Oczyszczanie, tonizowanie, nawil\u017canie &#8211; jak to robi\u0107 dobrze<\/a><\/p>\n\n\n\n<p>Zajrzyj te\u017c do wpis\u00f3w o <a href=\"https:\/\/triny.pl\/blog\/skuteczny-demakijaz-naturalnie\/\">naturalnych metodach demakija\u017cu twarzy<\/a> i <a href=\"https:\/\/triny.pl\/blog\/oczyszczanie-twarzy-olejami-o-co-w-tym-chodzi\/\">oczyszczaniu sk\u00f3ry olejami<\/a>.<\/p>\n\n\n\n<h2 class=\"wp-block-heading\">Krok 3. Z\u0142uszczanie martwego nask\u00f3rka<\/h2>\n\n\n\n<p>Kolejny wa\u017cny krok, je\u015bli chodzi o sposoby na promienn\u0105 cer\u0119, to regularne z\u0142uszczanie martwego nask\u00f3rka, czyli jej peelingowanie. Jest to zabieg piel\u0119gnacyjny, kt\u00f3ry bez problemu mo\u017cesz wykona\u0107 w domu. Nie bagatelizuj jego znaczenia, bo<strong> dzi\u0119ki regularnie wykonywanemu peelingowi nie tylko pozb\u0119dziesz si\u0119 martwego nask\u00f3rka, ale te\u017c oczy\u015bcisz pory, pozb\u0119dziesz si\u0119 zask\u00f3rnik\u00f3w, dotlenisz kom\u00f3rki i zmi\u0119kczysz sk\u00f3r\u0119.<\/strong> Peeling pomaga te\u017c wyr\u00f3wna\u0107 koloryt sk\u00f3ry, usun\u0105\u0107 przebarwienia, uregulowa\u0107 poziom sebum i zregenerowa\u0107 sk\u00f3r\u0119. Je\u015bli nie wiesz, na jaki peeling si\u0119 zdecydowa\u0107 i kt\u00f3ry b\u0119dzie najlepszy dla Twojej sk\u00f3ry, przeczytaj ten wpis:<\/p>\n\n\n\n<figure class=\"wp-block-embed is-type-wp-embed is-provider-blog-triny-pl wp-block-embed-blog-triny-pl\"><div class=\"wp-block-embed__wrapper\">\n<blockquote class=\"wp-embedded-content\" data-secret=\"CQ0claeGK1\"><a href=\"https:\/\/triny.pl\/blog\/mechaniczny-enzymatyczny-a-moze-peel-off-jaki-peeling-do-twarzy-wybrac\/\">Jaki peeling do twarzy wybra\u0107? Mechaniczny, enzymatyczny, peel-off?<\/a><\/blockquote><iframe class=\"wp-embedded-content\" sandbox=\"allow-scripts\" security=\"restricted\" style=\"position: absolute; clip: rect(1px, 1px, 1px, 1px);\" title=\"&#8222;Jaki peeling do twarzy wybra\u0107? Mechaniczny, enzymatyczny, peel-off?&#8221; &#8212; Blog Triny.pl\" src=\"https:\/\/triny.pl\/blog\/mechaniczny-enzymatyczny-a-moze-peel-off-jaki-peeling-do-twarzy-wybrac\/embed\/#?secret=7h399TZbTU#?secret=CQ0claeGK1\" data-secret=\"CQ0claeGK1\" width=\"600\" height=\"338\" frameborder=\"0\" marginwidth=\"0\" marginheight=\"0\" scrolling=\"no\"><\/iframe>\n<\/div><\/figure>\n\n\n\n<h2 class=\"wp-block-heading\">Krok 4. Nawil\u017canie i ochrona UV<\/h2>\n\n\n\n<p>Dobrze wiesz, jak wa\u017cne jest codzienne nawil\u017canie sk\u00f3ry. Powinni\u015bmy robi\u0107 to zar\u00f3wno wewn\u0119trznie (wypijaj\u0105c odpowiedni\u0105 ilo\u015b\u0107 wody i dbaj\u0105c o prawid\u0142ow\u0105 diet\u0119), jak i zewn\u0119trznie (dostarczaj\u0105c sk\u00f3rze sk\u0142adniki nawil\u017caj\u0105ce znajduj\u0105ce si\u0119 kosmetykach). Dobrze nawil\u017cona sk\u00f3ra to sk\u00f3ra mi\u0119kka, elastyczna, g\u0142adka i odporna na dzia\u0142anie czynnik\u00f3w zewn\u0119trznych. To te\u017c sk\u00f3ra, kt\u00f3ra wygl\u0105da \u015bwie\u017co i zdrowo.<\/p>\n\n\n\n<p class=\"alert\">Gdy sk\u00f3rze zaczyna brakowa\u0107 nawil\u017cenia, traci spr\u0119\u017cysto\u015b\u0107 i blask, pojawiaj\u0105 si\u0119 obrz\u0119ki, opuchlizna i zmarszczki.<\/p>\n\n\n\n<p>Poza nawil\u017caniem, kt\u00f3re zapewnisz u\u017cywaj\u0105c odpowiednich kosmetyk\u00f3w (g\u0142\u00f3wnie w postaci krem\u00f3w i serum) zadbaj te\u017c o ochron\u0119 sk\u00f3r\u0119 przed promieniowaniem UV. I r\u00f3b to nie tylko latem, gdy s\u0142o\u0144ce \u015bwieci najmocniej.<\/p>\n\n\n\n<p class=\"alert\">Wp\u0142yw promieniowania UVA i UVB jest bardzo szkodliwy dla naszej cery. Przyspiesza proces jej fotostarzenia, sprzyja powstawaniu przebarwie\u0144.<\/p>\n\n\n\n<p>Przyczynia si\u0119 te\u017c do nadmiernej utraty wilgoci, czyli szybkiego przesuszania si\u0119 sk\u00f3ry. Je\u015bli chcesz uchroni\u0107 cer\u0119 przed negatywnym dzia\u0142aniem s\u0142o\u0144ca, stosuj <a href=\"https:\/\/triny.pl\/319-ochrona-przeciwsloneczna\" class=\"rank-math-link\">kremy zawieraj\u0105ce filtry ochronne <\/a>i antyoksydanty oraz <a href=\"https:\/\/triny.pl\/202-olejki-i-masla-do-twarzy\" class=\"rank-math-link\">oleje ro\u015blinne<\/a>, kt\u00f3re wspomagaj\u0105 ochron\u0119 przed promieniowaniem UV. Doce\u0144 te\u017c <a href=\"https:\/\/triny.pl\/267-bb-kremy\" class=\"rank-math-link\">azjatyckie kremy BB<\/a>, kt\u00f3re nie do\u015b\u0107, \u017ce nawil\u017caj\u0105 sk\u00f3r\u0119, pomagaj\u0105 ukry\u0107 jej niedoskona\u0142o\u015bci i \u0142adnie j\u0105 roz\u015bwietlaj\u0105, to zapewniaj\u0105 te\u017c ochron\u0119 przeciws\u0142oneczn\u0105.<\/p>\n\n\n\n<h2 class=\"wp-block-heading\">Krok 5. &nbsp;Naturalne roz\u015bwietlanie<\/h2>\n\n\n\n<p>Oczyszczona, nawil\u017cona i chroniona przed promieniowaniem UV sk\u00f3ra, kt\u00f3r\u0105 od\u017cywiasz te\u017c od wewn\u0105trz, dostarczaj\u0105ce wa\u017cne sk\u0142adniki od\u017cywcze, zyska jeszcze bardziej promienny wygl\u0105d, gdy zadbasz o jej naturalne roz\u015bwietlenie.<\/p>\n\n\n\n<p class=\"tip\">Pomo\u017ce Ci w tym stosowanie kosmetyk\u00f3w z witamin\u0105 C.<\/p>\n\n\n\n<p><strong>Witamina C jest niezast\u0105pionym sk\u0142adnikiem kosmetyk\u00f3w roz\u015bwietalaj\u0105cych.<\/strong> Przyczynia si\u0119 do rozja\u015bniania przebarwie\u0144 i plam pigmentacyjnych, chroni sk\u00f3r\u0119 przed dzia\u0142aniem wolnych rodnik\u00f3w, delikatnie z\u0142uszcza nask\u00f3rek. Pobudza te\u017c produkcj\u0119 kolagenu i jest naturalnym zastrzykiem energii dla Twojej sk\u00f3ry. Stosuj\u0105c <a href=\"https:\/\/triny.pl\/444-kosmetyki-z-witamina-c\" class=\"rank-math-link\">serum z witamin\u0105 C<\/a> lub oleje ro\u015blinne, kt\u00f3re zawieraj\u0105 jej du\u017ce ilo\u015bci (np. <a href=\"https:\/\/triny.pl\/blog\/czy-olej-z-dzikiej-rozy-pomoze-rozjasnic-przebarwienia\/\" class=\"rank-math-link\">olej z dzikiej r\u00f3\u017cy<\/a> i olej z rokitnika) wspomagasz te\u017c procesy odbudowy nask\u00f3rka i wzmacniasz ochron\u0119 przeciws\u0142oneczn\u0105.<\/p>\n\n\n\n<h2 class=\"wp-block-heading\">Sposoby na promienn\u0105 cer\u0119 &#8211; podsumowanie<\/h2>\n\n\n\n<p>Teraz, gdy ju\u017c wiesz, co robi\u0107, aby Twoja sk\u00f3ra by\u0142a promienna, nie pozostaje Ci nic innego, jak wdro\u017cy\u0107 wszystkie rady w \u017cycie. Je\u015bli podejdziesz do tego zadania powa\u017cnie i z nale\u017cyt\u0105 staranno\u015bci\u0105, Twoja sk\u00f3ra szybko Ci za to podzi\u0119kuje i odwdzi\u0119czy \u015bwie\u017cym, promiennym i zdrowym wygl\u0105dem.<\/p>\n\n\n\n<p><strong>A jakie s\u0105 Twoje sposoby na promienn\u0105 cer\u0119? Jak dbasz o to, by wygl\u0105da\u0142a zdrowo, pi\u0119knie i \u015bwie\u017co?<\/strong><\/p>\n","protected":false},"excerpt":{"rendered":"<p>Aby cieszy\u0107 si\u0119 promienn\u0105, \u015bwie\u017c\u0105 i zdrow\u0105 cer\u0105 wcale nie potrzebujesz tony kosmetyk\u00f3w, kt\u00f3re ledwo mieszcz\u0105 si\u0119 na \u0142azienkowej p\u00f3\u0142ce. Zreszt\u0105&#8230;<\/p>\n","protected":false},"author":6,"featured_media":19924,"comment_status":"open","ping_status":"open","sticky":false,"template":"","format":"standard","meta":{"footnotes":""},"categories":[35],"tags":[],"acf":[],"yoast_head":"<!-- This site is optimized with the Yoast SEO plugin v21.1 - https:\/\/yoast.com\/wordpress\/plugins\/seo\/ -->\n<title>Promienna cera w 5 krokach<\/title>\n<meta name=\"description\" content=\"Aby cieszy\u0107 si\u0119 promienn\u0105 cer\u0105 nie potrzebujesz tony kosmetyk\u00f3w. Wystarczy kilka dobrych. I kilka sposob\u00f3w, kt\u00f3re sprawi\u0105, \u017ce Twoja cera b\u0119dzie zachwyca\u0107.\" \/>\n<meta name=\"robots\" content=\"index, follow, max-snippet:-1, max-image-preview:large, max-video-preview:-1\" \/>\n<link rel=\"canonical\" href=\"https:\/\/triny.pl\/blog\/promienna-cera-w-5-krokach\/\" \/>\n<meta property=\"og:locale\" content=\"pl_PL\" \/>\n<meta property=\"og:type\" content=\"article\" \/>\n<meta property=\"og:title\" content=\"Promienna cera w 5 krokach\" \/>\n<meta property=\"og:description\" content=\"Aby cieszy\u0107 si\u0119 promienn\u0105 cer\u0105 nie potrzebujesz tony kosmetyk\u00f3w. Wystarczy kilka dobrych. I kilka sposob\u00f3w, kt\u00f3re sprawi\u0105, \u017ce Twoja cera b\u0119dzie zachwyca\u0107.\" \/>\n<meta property=\"og:url\" content=\"https:\/\/triny.pl\/blog\/promienna-cera-w-5-krokach\/\" \/>\n<meta property=\"og:site_name\" content=\"Blog Triny.pl\" \/>\n<meta property=\"article:publisher\" content=\"https:\/\/www.facebook.com\/trinysklep\" \/>\n<meta property=\"article:published_time\" content=\"2016-05-27T11:40:50+00:00\" \/>\n<meta property=\"article:modified_time\" content=\"2022-06-29T13:17:16+00:00\" \/>\n<meta property=\"og:image\" content=\"https:\/\/triny.pl\/blog\/wp-content\/uploads\/2016\/05\/promienna-cera.jpeg\" \/>\n\t<meta property=\"og:image:width\" content=\"1200\" \/>\n\t<meta property=\"og:image:height\" content=\"800\" \/>\n\t<meta property=\"og:image:type\" content=\"image\/jpeg\" \/>\n<meta name=\"author\" content=\"Olga Pietraszewska\" \/>\n<meta name=\"twitter:label1\" content=\"Napisane przez\" \/>\n\t<meta name=\"twitter:data1\" content=\"Olga Pietraszewska\" \/>\n\t<meta name=\"twitter:label2\" content=\"Szacowany czas czytania\" \/>\n\t<meta name=\"twitter:data2\" content=\"7 minut\" \/>\n<script type=\"application\/ld+json\" class=\"yoast-schema-graph\">{\"@context\":\"https:\/\/schema.org\",\"@graph\":[{\"@type\":\"Article\",\"@id\":\"https:\/\/triny.pl\/blog\/promienna-cera-w-5-krokach\/#article\",\"isPartOf\":{\"@id\":\"https:\/\/triny.pl\/blog\/promienna-cera-w-5-krokach\/\"},\"author\":{\"name\":\"Olga Pietraszewska\",\"@id\":\"https:\/\/triny.pl\/blog\/#\/schema\/person\/627fca485014bc94ba34ced7dc5dd756\"},\"headline\":\"Promienna cera w 5 krokach\",\"datePublished\":\"2016-05-27T11:40:50+00:00\",\"dateModified\":\"2022-06-29T13:17:16+00:00\",\"mainEntityOfPage\":{\"@id\":\"https:\/\/triny.pl\/blog\/promienna-cera-w-5-krokach\/\"},\"wordCount\":1344,\"commentCount\":1,\"publisher\":{\"@id\":\"https:\/\/triny.pl\/blog\/#organization\"},\"articleSection\":[\"Piel\u0119gnacja twarzy naturalnie\"],\"inLanguage\":\"pl-PL\",\"potentialAction\":[{\"@type\":\"CommentAction\",\"name\":\"Comment\",\"target\":[\"https:\/\/triny.pl\/blog\/promienna-cera-w-5-krokach\/#respond\"]}]},{\"@type\":\"WebPage\",\"@id\":\"https:\/\/triny.pl\/blog\/promienna-cera-w-5-krokach\/\",\"url\":\"https:\/\/triny.pl\/blog\/promienna-cera-w-5-krokach\/\",\"name\":\"Promienna cera w 5 krokach\",\"isPartOf\":{\"@id\":\"https:\/\/triny.pl\/blog\/#website\"},\"datePublished\":\"2016-05-27T11:40:50+00:00\",\"dateModified\":\"2022-06-29T13:17:16+00:00\",\"description\":\"Aby cieszy\u0107 si\u0119 promienn\u0105 cer\u0105 nie potrzebujesz tony kosmetyk\u00f3w. Wystarczy kilka dobrych. I kilka sposob\u00f3w, kt\u00f3re sprawi\u0105, \u017ce Twoja cera b\u0119dzie zachwyca\u0107.\",\"breadcrumb\":{\"@id\":\"https:\/\/triny.pl\/blog\/promienna-cera-w-5-krokach\/#breadcrumb\"},\"inLanguage\":\"pl-PL\",\"potentialAction\":[{\"@type\":\"ReadAction\",\"target\":[\"https:\/\/triny.pl\/blog\/promienna-cera-w-5-krokach\/\"]}]},{\"@type\":\"BreadcrumbList\",\"@id\":\"https:\/\/triny.pl\/blog\/promienna-cera-w-5-krokach\/#breadcrumb\",\"itemListElement\":[{\"@type\":\"ListItem\",\"position\":1,\"name\":\"Strona g\u0142\u00f3wna\",\"item\":\"https:\/\/triny.pl\/blog\/\"},{\"@type\":\"ListItem\",\"position\":2,\"name\":\"Promienna cera w 5 krokach\"}]},{\"@type\":\"WebSite\",\"@id\":\"https:\/\/triny.pl\/blog\/#website\",\"url\":\"https:\/\/triny.pl\/blog\/\",\"name\":\"Blog Triny.pl\",\"description\":\"Naturalna piel\u0119gnacja bez tajemnic! Pokazujemy jak dba\u0107 o cia\u0142o i w\u0142osy dla optymalnych, d\u0142ugotrwa\u0142ych efekt\u00f3w. Sprawd\u017a te ma\u0142o znane triki :)\",\"publisher\":{\"@id\":\"https:\/\/triny.pl\/blog\/#organization\"},\"potentialAction\":[{\"@type\":\"SearchAction\",\"target\":{\"@type\":\"EntryPoint\",\"urlTemplate\":\"https:\/\/triny.pl\/blog\/?s={search_term_string}\"},\"query-input\":\"required name=search_term_string\"}],\"inLanguage\":\"pl-PL\"},{\"@type\":\"Organization\",\"@id\":\"https:\/\/triny.pl\/blog\/#organization\",\"name\":\"Triny Sp. z o. o.\",\"url\":\"https:\/\/triny.pl\/blog\/\",\"logo\":{\"@type\":\"ImageObject\",\"inLanguage\":\"pl-PL\",\"@id\":\"https:\/\/triny.pl\/blog\/#\/schema\/logo\/image\/\",\"url\":\"https:\/\/triny.pl\/blog\/wp-content\/uploads\/2020\/08\/logo-triny.png\",\"contentUrl\":\"https:\/\/triny.pl\/blog\/wp-content\/uploads\/2020\/08\/logo-triny.png\",\"width\":190,\"height\":78,\"caption\":\"Triny Sp. z o. o.\"},\"image\":{\"@id\":\"https:\/\/triny.pl\/blog\/#\/schema\/logo\/image\/\"},\"sameAs\":[\"https:\/\/www.facebook.com\/trinysklep\",\"https:\/\/www.instagram.com\/trinysklep\/\",\"https:\/\/pl.pinterest.com\/trinypl\/_created\/\"]},{\"@type\":\"Person\",\"@id\":\"https:\/\/triny.pl\/blog\/#\/schema\/person\/627fca485014bc94ba34ced7dc5dd756\",\"name\":\"Olga Pietraszewska\",\"description\":\"Witaj! Nazywam si\u0119 Olga Pietraszewska. Jestem autork\u0105 bloga Makehappyday.com, pasjonatk\u0105 i propagatork\u0105 naturalnej piel\u0119gnacji oraz zdrowego stylu \u017cycia. Z wykszta\u0142cenia politolog, z zawodu dziennikarka i copywriterka. Je\u015bli akurat nie pisz\u0119, to najpewniej oddaj\u0119 si\u0119 roli \u017cony i mamy, czytam ksi\u0105\u017cki, piek\u0119 chleb, albo spaceruj\u0119, podziwiaj\u0105c malownicze okolice pi\u0119knej Norwegii.\",\"url\":\"https:\/\/triny.pl\/blog\/author\/olga-pietraszewska\/\"}]}<\/script>\n<!-- \/ Yoast SEO plugin. -->","yoast_head_json":{"title":"Promienna cera w 5 krokach","description":"Aby cieszy\u0107 si\u0119 promienn\u0105 cer\u0105 nie potrzebujesz tony kosmetyk\u00f3w. Wystarczy kilka dobrych. I kilka sposob\u00f3w, kt\u00f3re sprawi\u0105, \u017ce Twoja cera b\u0119dzie zachwyca\u0107.","robots":{"index":"index","follow":"follow","max-snippet":"max-snippet:-1","max-image-preview":"max-image-preview:large","max-video-preview":"max-video-preview:-1"},"canonical":"https:\/\/triny.pl\/blog\/promienna-cera-w-5-krokach\/","og_locale":"pl_PL","og_type":"article","og_title":"Promienna cera w 5 krokach","og_description":"Aby cieszy\u0107 si\u0119 promienn\u0105 cer\u0105 nie potrzebujesz tony kosmetyk\u00f3w. Wystarczy kilka dobrych. I kilka sposob\u00f3w, kt\u00f3re sprawi\u0105, \u017ce Twoja cera b\u0119dzie zachwyca\u0107.","og_url":"https:\/\/triny.pl\/blog\/promienna-cera-w-5-krokach\/","og_site_name":"Blog Triny.pl","article_publisher":"https:\/\/www.facebook.com\/trinysklep","article_published_time":"2016-05-27T11:40:50+00:00","article_modified_time":"2022-06-29T13:17:16+00:00","og_image":[{"width":1200,"height":800,"url":"https:\/\/triny.pl\/blog\/wp-content\/uploads\/2016\/05\/promienna-cera.jpeg","type":"image\/jpeg"}],"author":"Olga Pietraszewska","twitter_misc":{"Napisane przez":"Olga Pietraszewska","Szacowany czas czytania":"7 minut"},"schema":{"@context":"https:\/\/schema.org","@graph":[{"@type":"Article","@id":"https:\/\/triny.pl\/blog\/promienna-cera-w-5-krokach\/#article","isPartOf":{"@id":"https:\/\/triny.pl\/blog\/promienna-cera-w-5-krokach\/"},"author":{"name":"Olga Pietraszewska","@id":"https:\/\/triny.pl\/blog\/#\/schema\/person\/627fca485014bc94ba34ced7dc5dd756"},"headline":"Promienna cera w 5 krokach","datePublished":"2016-05-27T11:40:50+00:00","dateModified":"2022-06-29T13:17:16+00:00","mainEntityOfPage":{"@id":"https:\/\/triny.pl\/blog\/promienna-cera-w-5-krokach\/"},"wordCount":1344,"commentCount":1,"publisher":{"@id":"https:\/\/triny.pl\/blog\/#organization"},"articleSection":["Piel\u0119gnacja twarzy naturalnie"],"inLanguage":"pl-PL","potentialAction":[{"@type":"CommentAction","name":"Comment","target":["https:\/\/triny.pl\/blog\/promienna-cera-w-5-krokach\/#respond"]}]},{"@type":"WebPage","@id":"https:\/\/triny.pl\/blog\/promienna-cera-w-5-krokach\/","url":"https:\/\/triny.pl\/blog\/promienna-cera-w-5-krokach\/","name":"Promienna cera w 5 krokach","isPartOf":{"@id":"https:\/\/triny.pl\/blog\/#website"},"datePublished":"2016-05-27T11:40:50+00:00","dateModified":"2022-06-29T13:17:16+00:00","description":"Aby cieszy\u0107 si\u0119 promienn\u0105 cer\u0105 nie potrzebujesz tony kosmetyk\u00f3w. Wystarczy kilka dobrych. I kilka sposob\u00f3w, kt\u00f3re sprawi\u0105, \u017ce Twoja cera b\u0119dzie zachwyca\u0107.","breadcrumb":{"@id":"https:\/\/triny.pl\/blog\/promienna-cera-w-5-krokach\/#breadcrumb"},"inLanguage":"pl-PL","potentialAction":[{"@type":"ReadAction","target":["https:\/\/triny.pl\/blog\/promienna-cera-w-5-krokach\/"]}]},{"@type":"BreadcrumbList","@id":"https:\/\/triny.pl\/blog\/promienna-cera-w-5-krokach\/#breadcrumb","itemListElement":[{"@type":"ListItem","position":1,"name":"Strona g\u0142\u00f3wna","item":"https:\/\/triny.pl\/blog\/"},{"@type":"ListItem","position":2,"name":"Promienna cera w 5 krokach"}]},{"@type":"WebSite","@id":"https:\/\/triny.pl\/blog\/#website","url":"https:\/\/triny.pl\/blog\/","name":"Blog Triny.pl","description":"Naturalna piel\u0119gnacja bez tajemnic! Pokazujemy jak dba\u0107 o cia\u0142o i w\u0142osy dla optymalnych, d\u0142ugotrwa\u0142ych efekt\u00f3w. Sprawd\u017a te ma\u0142o znane triki :)","publisher":{"@id":"https:\/\/triny.pl\/blog\/#organization"},"potentialAction":[{"@type":"SearchAction","target":{"@type":"EntryPoint","urlTemplate":"https:\/\/triny.pl\/blog\/?s={search_term_string}"},"query-input":"required name=search_term_string"}],"inLanguage":"pl-PL"},{"@type":"Organization","@id":"https:\/\/triny.pl\/blog\/#organization","name":"Triny Sp. z o. o.","url":"https:\/\/triny.pl\/blog\/","logo":{"@type":"ImageObject","inLanguage":"pl-PL","@id":"https:\/\/triny.pl\/blog\/#\/schema\/logo\/image\/","url":"https:\/\/triny.pl\/blog\/wp-content\/uploads\/2020\/08\/logo-triny.png","contentUrl":"https:\/\/triny.pl\/blog\/wp-content\/uploads\/2020\/08\/logo-triny.png","width":190,"height":78,"caption":"Triny Sp. z o. o."},"image":{"@id":"https:\/\/triny.pl\/blog\/#\/schema\/logo\/image\/"},"sameAs":["https:\/\/www.facebook.com\/trinysklep","https:\/\/www.instagram.com\/trinysklep\/","https:\/\/pl.pinterest.com\/trinypl\/_created\/"]},{"@type":"Person","@id":"https:\/\/triny.pl\/blog\/#\/schema\/person\/627fca485014bc94ba34ced7dc5dd756","name":"Olga Pietraszewska","description":"Witaj! Nazywam si\u0119 Olga Pietraszewska. Jestem autork\u0105 bloga Makehappyday.com, pasjonatk\u0105 i propagatork\u0105 naturalnej piel\u0119gnacji oraz zdrowego stylu \u017cycia. Z wykszta\u0142cenia politolog, z zawodu dziennikarka i copywriterka. Je\u015bli akurat nie pisz\u0119, to najpewniej oddaj\u0119 si\u0119 roli \u017cony i mamy, czytam ksi\u0105\u017cki, piek\u0119 chleb, albo spaceruj\u0119, podziwiaj\u0105c malownicze okolice pi\u0119knej Norwegii.","url":"https:\/\/triny.pl\/blog\/author\/olga-pietraszewska\/"}]}},"voteUp":"31","voteDown":"0","authorInfo":{"photo":"https:\/\/triny.pl\/blog\/wp-content\/uploads\/2019\/03\/web-2-150x150.jpg","url":"https:\/\/triny.pl\/blog\/author\/olga-pietraszewska\/","name":"Olga Pietraszewska"},"media":{"full":"https:\/\/triny.pl\/blog\/wp-content\/uploads\/2016\/05\/promienna-cera.jpeg","desktop":"https:\/\/triny.pl\/blog\/wp-content\/uploads\/2016\/05\/promienna-cera-505x250.jpeg","mobile":"https:\/\/triny.pl\/blog\/wp-content\/uploads\/2016\/05\/promienna-cera-375x190.jpeg"},"_links":{"self":[{"href":"https:\/\/triny.pl\/blog\/wp-json\/wp\/v2\/posts\/1818"}],"collection":[{"href":"https:\/\/triny.pl\/blog\/wp-json\/wp\/v2\/posts"}],"about":[{"href":"https:\/\/triny.pl\/blog\/wp-json\/wp\/v2\/types\/post"}],"author":[{"embeddable":true,"href":"https:\/\/triny.pl\/blog\/wp-json\/wp\/v2\/users\/6"}],"replies":[{"embeddable":true,"href":"https:\/\/triny.pl\/blog\/wp-json\/wp\/v2\/comments?post=1818"}],"version-history":[{"count":16,"href":"https:\/\/triny.pl\/blog\/wp-json\/wp\/v2\/posts\/1818\/revisions"}],"predecessor-version":[{"id":23856,"href":"https:\/\/triny.pl\/blog\/wp-json\/wp\/v2\/posts\/1818\/revisions\/23856"}],"wp:featuredmedia":[{"embeddable":true,"href":"https:\/\/triny.pl\/blog\/wp-json\/wp\/v2\/media\/19924"}],"wp:attachment":[{"href":"https:\/\/triny.pl\/blog\/wp-json\/wp\/v2\/media?parent=1818"}],"wp:term":[{"taxonomy":"category","embeddable":true,"href":"https:\/\/triny.pl\/blog\/wp-json\/wp\/v2\/categories?post=1818"},{"taxonomy":"post_tag","embeddable":true,"href":"https:\/\/triny.pl\/blog\/wp-json\/wp\/v2\/tags?post=1818"}],"curies":[{"name":"wp","href":"https:\/\/api.w.org\/{rel}","templated":true}]}}