{"id":1961,"date":"2023-07-03T10:04:00","date_gmt":"2023-07-03T08:04:00","guid":{"rendered":"https:\/\/triny.pl\/blog\/?p=1961"},"modified":"2023-09-01T10:56:56","modified_gmt":"2023-09-01T08:56:56","slug":"jak-opalac-sie-zdrowo-i-bezpiecznie-10-najwazniejszych-zasad","status":"publish","type":"post","link":"https:\/\/triny.pl\/blog\/jak-opalac-sie-zdrowo-i-bezpiecznie-10-najwazniejszych-zasad\/","title":{"rendered":"Jak si\u0119 zdrowo opala\u0107 &#8211; 10 najwa\u017cniejszych zasad"},"content":{"rendered":"\n<p>S\u0142o\u0144ce mo\u017ce by\u0107 przyjacielem Twojej&nbsp;sk\u00f3ry, o ile b\u0119dziesz korzysta\u0107 z niego rozs\u0105dnie i z zachowaniem podstawowych zasad bezpiecze\u0144stwa. Dzi\u0119ki temu zyskasz \u0142adn\u0105 i zdrow\u0105 opalenizn\u0119, zgromadzisz cenne zapasy witaminy D i nie nabawisz si\u0119 oparze\u0144 s\u0142onecznych. Jak si\u0119 opala\u0107, by robi\u0107 to zdrowo i bezpiecznie?<\/p>\n\n\n\n<!--more-->\n\n\n\n<p>Wraz z pocz\u0105tkiem wakacji warto przypomnie\u0107 sobie o ochronie przeciws\u0142onecznej i podstawowych zasadach bezpiecznego opalania. To bardzo wa\u017cny temat, bowiem s\u0142o\u0144ce, kt\u00f3rego tak bardzo potrzebujemy dla dobrego samopoczucia i zdrowia, mo\u017ce te\u017c nam zaszkodzi\u0107.<\/p>\n\n\n\n<h2 class=\"wp-block-heading\">UVA i UVB &#8211; przyjaciele, czy wrogowie?<\/h2>\n\n\n\n<p>Promienie s\u0142oneczne, kt\u00f3re do nas docieraj\u0105 dziel\u0105 si\u0119 na dwa rodzaje: <strong>UVA i UVB<\/strong>. Te pierwsze s\u0105 szczeg\u00f3lnie niebezpieczne, bo przenikaj\u0105 do najg\u0142\u0119bszych warstw sk\u00f3ry i chocia\u017c nie pozostawiaj\u0105 po sobie \u015bladu na zewn\u0105trz, to potrafi\u0105 wyrz\u0105dzi\u0107 sporo z\u0142ego wewn\u0105trz sk\u00f3ry. <strong>Promieniowanie UVA mo\u017ce by\u0107 bowiem jedn\u0105 z przyczyn czerniaka, czyli bardzo niebezpiecznego nowotworu sk\u00f3ry.<\/strong> Ma te\u017c wp\u0142yw na fotostarzenie si\u0119 sk\u00f3ry i to ono jest odpowiedzialne za powstawanie nieestetycznych i trudnych do usuni\u0119cia przebarwie\u0144. Warto wiedzie\u0107 o tym, \u017ce <strong>z promieniowaniem UVA mamy do czynienia przez ca\u0142y rok, tak\u017ce zim\u0105.<\/strong><\/p>\n\n\n\n<p>Promieniowanie UVB to z kolei te promienie s\u0142oneczne, dzi\u0119ki kt\u00f3rym sk\u00f3ra zmienia odcie\u0144 i si\u0119 opala. To r\u00f3wnie\u017c promienie UVB odpowiadaj\u0105 za syntezowanie przez nasz organizm witaminy D. S\u0105 one jednak r\u00f3wnie\u017c niebezpieczne, bo <strong>zbyt d\u0142uga i nieodpowiedzialna ekspozycja sk\u00f3ry na ich dzia\u0142anie mo\u017ce sko\u0144czy\u0107 si\u0119 oparzeniami i podra\u017cnieniami,<\/strong> kt\u00f3re s\u0105 nie tylko bolesne, ale mog\u0105 te\u017c pozostawi\u0107 na ciele trwa\u0142e \u015blady.<\/p>\n\n\n\n<p class=\"tip\">Aby uchroni\u0107 sk\u00f3r\u0119 przed negatywnym dzia\u0142aniem promieniowania UVA i UVB i jednocze\u015bnie m\u00f3c cieszy\u0107 si\u0119 pi\u0119kn\u0105, s\u0142oneczn\u0105 pogod\u0105, warto pozna\u0107 najwa\u017cniejsze zasady bezpiecznego opalania i nauczy\u0107 si\u0119 rozs\u0105dnie ze s\u0142o\u0144ca korzysta\u0107.<\/p>\n\n\n\n<h2 class=\"wp-block-heading\">Bezpieczne opalanie &#8211; 10 zasad, o kt\u00f3rych trzeba pami\u0119ta\u0107<\/h2>\n\n\n<div class=\"wp-block-image\">\n<figure class=\"aligncenter size-large\"><picture><source media=\"(max-width: 450px)\" data-srcset=\"https:\/\/triny.pl\/blog\/wp-content\/uploads\/2022\/07\/bezpieczne-opalanie-375x250.jpeg\"><img data-src=\"https:\/\/triny.pl\/blog\/wp-content\/uploads\/2022\/07\/bezpieczne-opalanie-684x457.jpeg\" class=\"wp-image-24175 lazyload\" alt=\"bezpieczne opalanie\"><\/picture><\/figure><\/div>\n\n\n<h3 class=\"wp-block-heading\"><span style=\"color: #ff6600;\">1. Stosowanie krem\u00f3w ochronnych z wysokim SPF<\/span><\/h3>\n\n\n<section class=\"slider-collage-carousel\" data-id=\"13709, 13708, 13706, 13640, 13597, 11491, 11641, 12585\"><ul class=\"collage collage-slider\"><li class=\"item\"><a href=\"https:\/\/triny.pl\/13709-vianek-normalizujacy-krem-ochronny-do-twarzy-spf-50.html\" target=\"_blank\"><picture><source srcset=\"https:\/\/static.triny.pl\/img\/p\/2\/2\/8\/4\/5\/22845-thickbox_default.webp\"  type=\"image\/webp\"><source srcset=\"https:\/\/static.triny.pl\/img\/p\/2\/2\/8\/4\/5\/22845-thickbox_default.jpg\"  type=\"image\/jpeg\"><img src=\"https:\/\/triny.pl\/blog\/wp-content\/themes\/triny\/assets\/img\/placeholder-600x600.png\" data-src=\"https:\/\/static.triny.pl\/img\/p\/2\/2\/8\/4\/5\/22845-thickbox_default.jpg\" class=\"tns-lazy-img\" alt=\"Normalizuj\u0105cy krem ochronny do twarzy SPF 50\"><\/picture><div class=\"brand\">Vianek<\/div><div class=\"title\">Normalizuj\u0105cy krem ochronny do twarzy SPF 50<\/div><\/a><a class=\"slider-collage-carousel__btn read-more-button\" href=\"https:\/\/triny.pl\/13709-vianek-normalizujacy-krem-ochronny-do-twarzy-spf-50.html\" target=\"_blank\">Zobacz<\/a><\/li><li class=\"item\"><a href=\"https:\/\/triny.pl\/13708-vianek-nawilzajacy-krem-ochronny-do-twarzy-spf-50.html\" target=\"_blank\"><picture><source srcset=\"https:\/\/static.triny.pl\/img\/p\/2\/2\/8\/4\/4\/22844-thickbox_default.webp\"  type=\"image\/webp\"><source srcset=\"https:\/\/static.triny.pl\/img\/p\/2\/2\/8\/4\/4\/22844-thickbox_default.jpg\"  type=\"image\/jpeg\"><img src=\"https:\/\/triny.pl\/blog\/wp-content\/themes\/triny\/assets\/img\/placeholder-600x600.png\" data-src=\"https:\/\/static.triny.pl\/img\/p\/2\/2\/8\/4\/4\/22844-thickbox_default.jpg\" class=\"tns-lazy-img\" alt=\"Nawil\u017caj\u0105cy krem ochronny do twarzy SPF 50\"><\/picture><div class=\"brand\">Vianek<\/div><div class=\"title\">Nawil\u017caj\u0105cy krem ochronny do twarzy SPF 50<\/div><\/a><a class=\"slider-collage-carousel__btn read-more-button\" href=\"https:\/\/triny.pl\/13708-vianek-nawilzajacy-krem-ochronny-do-twarzy-spf-50.html\" target=\"_blank\">Zobacz<\/a><\/li><li class=\"item\"><a href=\"https:\/\/triny.pl\/13706-sylveco-krem-do-twarzy-ochronny-spf-50.html\" target=\"_blank\"><picture><source srcset=\"https:\/\/static.triny.pl\/img\/p\/2\/2\/8\/4\/2\/22842-thickbox_default.webp\"  type=\"image\/webp\"><source srcset=\"https:\/\/static.triny.pl\/img\/p\/2\/2\/8\/4\/2\/22842-thickbox_default.jpg\"  type=\"image\/jpeg\"><img src=\"https:\/\/triny.pl\/blog\/wp-content\/themes\/triny\/assets\/img\/placeholder-600x600.png\" data-src=\"https:\/\/static.triny.pl\/img\/p\/2\/2\/8\/4\/2\/22842-thickbox_default.jpg\" class=\"tns-lazy-img\" alt=\"Krem do twarzy ochronny SPF 50\"><\/picture><div class=\"brand\">Sylveco<\/div><div class=\"title\">Krem do twarzy ochronny SPF 50<\/div><\/a><a class=\"slider-collage-carousel__btn read-more-button\" href=\"https:\/\/triny.pl\/13706-sylveco-krem-do-twarzy-ochronny-spf-50.html\" target=\"_blank\">Zobacz<\/a><\/li><li class=\"item\"><a href=\"https:\/\/triny.pl\/13640-solverx-krem-do-twarzy-z-filtrem-spf50-atopic-skin.html\" target=\"_blank\"><picture><source srcset=\"https:\/\/static.triny.pl\/img\/p\/2\/2\/7\/0\/7\/22707-thickbox_default.webp\"  type=\"image\/webp\"><source srcset=\"https:\/\/static.triny.pl\/img\/p\/2\/2\/7\/0\/7\/22707-thickbox_default.jpg\"  type=\"image\/jpeg\"><img src=\"https:\/\/triny.pl\/blog\/wp-content\/themes\/triny\/assets\/img\/placeholder-600x600.png\" data-src=\"https:\/\/static.triny.pl\/img\/p\/2\/2\/7\/0\/7\/22707-thickbox_default.jpg\" class=\"tns-lazy-img\" alt=\"Krem do twarzy z filtrem SPF50+ ATOPIC SKIN\"><\/picture><div class=\"brand\">SOLVERX<\/div><div class=\"title\">Krem do twarzy z filtrem SPF50+ ATOPIC SKIN<\/div><\/a><a class=\"slider-collage-carousel__btn read-more-button\" href=\"https:\/\/triny.pl\/13640-solverx-krem-do-twarzy-z-filtrem-spf50-atopic-skin.html\" target=\"_blank\">Zobacz<\/a><\/li><li class=\"item\"><a href=\"https:\/\/triny.pl\/13597-apis-krem-ochronny-do-twarzy-spf-50.html\" target=\"_blank\"><picture><source srcset=\"https:\/\/static.triny.pl\/img\/p\/2\/2\/6\/5\/6\/22656-thickbox_default.webp\"  type=\"image\/webp\"><source srcset=\"https:\/\/static.triny.pl\/img\/p\/2\/2\/6\/5\/6\/22656-thickbox_default.jpg\"  type=\"image\/jpeg\"><img src=\"https:\/\/triny.pl\/blog\/wp-content\/themes\/triny\/assets\/img\/placeholder-600x600.png\" data-src=\"https:\/\/static.triny.pl\/img\/p\/2\/2\/6\/5\/6\/22656-thickbox_default.jpg\" class=\"tns-lazy-img\" alt=\"Krem ochronny do twarzy SPF 50\"><\/picture><div class=\"brand\">APIS<\/div><div class=\"title\">Krem ochronny do twarzy SPF 50<\/div><\/a><a class=\"slider-collage-carousel__btn read-more-button\" href=\"https:\/\/triny.pl\/13597-apis-krem-ochronny-do-twarzy-spf-50.html\" target=\"_blank\">Zobacz<\/a><\/li><li class=\"item\"><a href=\"https:\/\/triny.pl\/11491-nacomi-krem-do-twarzy-city-formula-z-filtrem-spf-50-pa.html\" target=\"_blank\"><picture><source srcset=\"https:\/\/static.triny.pl\/img\/p\/1\/7\/6\/0\/4\/17604-thickbox_default.webp\"  type=\"image\/webp\"><source srcset=\"https:\/\/static.triny.pl\/img\/p\/1\/7\/6\/0\/4\/17604-thickbox_default.jpg\"  type=\"image\/jpeg\"><img src=\"https:\/\/triny.pl\/blog\/wp-content\/themes\/triny\/assets\/img\/placeholder-600x600.png\" data-src=\"https:\/\/static.triny.pl\/img\/p\/1\/7\/6\/0\/4\/17604-thickbox_default.jpg\" class=\"tns-lazy-img\" alt=\"Next level &#8211; Krem do twarzy antyoksydacyjny z filtrem SPF 50 PA++++ &#8211; City\"><\/picture><div class=\"brand\">Nacomi<\/div><div class=\"title\">Next level &#8211; Krem do twarzy antyoksydacyjny z filtrem SPF 50 PA++++ &#8211; City<\/div><\/a><a class=\"slider-collage-carousel__btn read-more-button\" href=\"https:\/\/triny.pl\/11491-nacomi-krem-do-twarzy-city-formula-z-filtrem-spf-50-pa.html\" target=\"_blank\">Zobacz<\/a><\/li><li class=\"item\"><a href=\"https:\/\/triny.pl\/11641-holika-holika-wodoodporny-zel-przeciwsloneczny-spf-50-aloe-waterproof-sun-gel.html\" target=\"_blank\"><picture><source srcset=\"https:\/\/static.triny.pl\/img\/p\/1\/9\/3\/1\/0\/19310-thickbox_default.webp\"  type=\"image\/webp\"><source srcset=\"https:\/\/static.triny.pl\/img\/p\/1\/9\/3\/1\/0\/19310-thickbox_default.jpg\"  type=\"image\/jpeg\"><img src=\"https:\/\/triny.pl\/blog\/wp-content\/themes\/triny\/assets\/img\/placeholder-600x600.png\" data-src=\"https:\/\/static.triny.pl\/img\/p\/1\/9\/3\/1\/0\/19310-thickbox_default.jpg\" class=\"tns-lazy-img\" alt=\"Wodoodporny \u017cel przeciws\u0142oneczny SPF 50 &#8211; Aloe Waterproof Sun Gel\"><\/picture><div class=\"brand\">Holika Holika<\/div><div class=\"title\">Wodoodporny \u017cel przeciws\u0142oneczny SPF 50 &#8211; Aloe Waterproof Sun Gel<\/div><\/a><a class=\"slider-collage-carousel__btn read-more-button\" href=\"https:\/\/triny.pl\/11641-holika-holika-wodoodporny-zel-przeciwsloneczny-spf-50-aloe-waterproof-sun-gel.html\" target=\"_blank\">Zobacz<\/a><\/li><li class=\"item\"><a href=\"https:\/\/triny.pl\/12585-apis-krem-do-opalania-twarzy-spf-50-z-nektarem-komorkowym-hello-summer.html\" target=\"_blank\"><picture><source srcset=\"https:\/\/static.triny.pl\/img\/p\/2\/0\/7\/1\/2\/20712-thickbox_default.webp\"  type=\"image\/webp\"><source srcset=\"https:\/\/static.triny.pl\/img\/p\/2\/0\/7\/1\/2\/20712-thickbox_default.jpg\"  type=\"image\/jpeg\"><img src=\"https:\/\/triny.pl\/blog\/wp-content\/themes\/triny\/assets\/img\/placeholder-600x600.png\" data-src=\"https:\/\/static.triny.pl\/img\/p\/2\/0\/7\/1\/2\/20712-thickbox_default.jpg\" class=\"tns-lazy-img\" alt=\"Krem do opalania twarzy SPF 50 z nektarem kom\u00f3rkowym &#8211; Hello Summer\"><\/picture><div class=\"brand\">APIS<\/div><div class=\"title\">Krem do opalania twarzy SPF 50 z nektarem kom\u00f3rkowym &#8211; Hello Summer<\/div><\/a><a class=\"slider-collage-carousel__btn read-more-button\" href=\"https:\/\/triny.pl\/12585-apis-krem-do-opalania-twarzy-spf-50-z-nektarem-komorkowym-hello-summer.html\" target=\"_blank\">Zobacz<\/a><\/li><\/ul><\/section>\n\n\n\n<p>Zasad\u0105 numer 1, kt\u00f3rej nale\u017cy przestrzega\u0107, chc\u0105c ochroni\u0107 sk\u00f3r\u0119 nie tylko przed negatywnym dzia\u0142aniem promieniowania UVB, ale te\u017c promieniowaniem UVA, jest stosowanie krem\u00f3w ochronnych z filtrami. Zach\u0119cam oczywi\u015bcie do tego, by si\u0119ga\u0107 po <strong>bezpieczne dla sk\u00f3ry filtry mineralne<\/strong>, czyli <strong>tlenek cynku i dwutlenek tytanu<\/strong>. Aby ochrona by\u0142a optymalna, warto wybiera\u0107 produkty, w kt\u00f3rych sk\u0142adzie znajduj\u0105 si\u0119 obydwa filtry.<\/p>\n\n\n\n<p><strong>Warto\u015b\u0107 SPF kremu powinna by\u0107 dobrana do rodzaju Twojej&nbsp;karnacji<\/strong>, chocia\u017c coraz cz\u0119\u015bciej m\u00f3wi si\u0119 o tym, \u017ce tak naprawd\u0119 odcie\u0144 sk\u00f3ry nie ma znaczenia i niezale\u017cnie od tego, czy jest bardzo jasna, czy te\u017c \u015bniada,&nbsp;<strong>najlepsz\u0105 ochron\u0119 zapewniaj\u0105 kremy z filtrami o minimalnej warto\u015bci SPF 30<\/strong>. Nie ma co si\u0119 przy tym obawia\u0107, \u017ce posmarowanie sk\u00f3ry wysokim filtrem sprawi, \u017ce si\u0119 w og\u00f3le nie opalisz. \u017baden krem nie zabezpieczy sk\u00f3ry przed s\u0142o\u0144cem ca\u0142kowicie. Tak\u017ce sk\u00f3ra posmarowana kremem z filtrem SPF 50 si\u0119 opali, jednak b\u0119dzie potrzebowa\u0142a do tego wi\u0119cej czasu.<\/p>\n\n\n\n<p class=\"alert\">Pami\u0119taj, \u017ce \u017caden filtr przeciws\u0142oneczny i kosmetyk ochronny nie zapewni sk\u00f3rze 100% ochrony przed promieniowaniem UVA i UVB.<\/p>\n\n\n\n<p>Dlatego poza stosowaniem kosmetyk\u00f3w z filtrami nale\u017cy pami\u0119ta\u0107 te\u017c o pozosta\u0142ych zasadach tego, jak si\u0119 bezpiecznie opala\u0107.<\/p>\n\n\n\n<p><strong>Przeczytaj koniecznie:<\/strong><\/p>\n\n\n\n<figure class=\"wp-block-embed is-type-wp-embed is-provider-blog-triny-pl wp-block-embed-blog-triny-pl\"><div class=\"wp-block-embed__wrapper\">\n<blockquote class=\"wp-embedded-content\" data-secret=\"QAmtJmuqop\"><a href=\"https:\/\/triny.pl\/blog\/kremy-z-filtrami-przeciwslonecznymi-co-warto-o-nich-wiedziec\/\">Filtry w kremach przeciws\u0142onecznych. Co warto o nich wiedzie\u0107: jak dzia\u0142aj\u0105, jakie s\u0105 rodzaje filtr\u00f3w, jaki wybra\u0107?<\/a><\/blockquote><iframe class=\"wp-embedded-content\" sandbox=\"allow-scripts\" security=\"restricted\" style=\"position: absolute; clip: rect(1px, 1px, 1px, 1px);\" title=\"&#8222;Filtry w kremach przeciws\u0142onecznych. Co warto o nich wiedzie\u0107: jak dzia\u0142aj\u0105, jakie s\u0105 rodzaje filtr\u00f3w, jaki wybra\u0107?&#8221; &#8212; Blog Triny.pl\" src=\"https:\/\/triny.pl\/blog\/kremy-z-filtrami-przeciwslonecznymi-co-warto-o-nich-wiedziec\/embed\/#?secret=NuPI2E61ap#?secret=QAmtJmuqop\" data-secret=\"QAmtJmuqop\" width=\"600\" height=\"338\" frameborder=\"0\" marginwidth=\"0\" marginheight=\"0\" scrolling=\"no\"><\/iframe>\n<\/div><\/figure>\n\n\n\n<h3 class=\"wp-block-heading\"><strong><span style=\"color: #ff6600;\">2. Cz\u0119sta aplikacja kosmetyk\u00f3w ochronnych na sk\u00f3r\u0119<\/span><\/strong><\/h3>\n\n\n<section class=\"slider-collage-carousel\" data-id=\"6209, 11518\"><ul class=\"collage collage-slider\"><li class=\"item\"><a href=\"https:\/\/triny.pl\/6209-eco-cosmetics-ey-spray-na-slonce-spf-50.html\" target=\"_blank\"><picture><source srcset=\"https:\/\/static.triny.pl\/img\/p\/2\/2\/8\/4\/8\/22848-thickbox_default.webp\"  type=\"image\/webp\"><source srcset=\"https:\/\/static.triny.pl\/img\/p\/2\/2\/8\/4\/8\/22848-thickbox_default.jpg\"  type=\"image\/jpeg\"><img src=\"https:\/\/triny.pl\/blog\/wp-content\/themes\/triny\/assets\/img\/placeholder-600x600.png\" data-src=\"https:\/\/static.triny.pl\/img\/p\/2\/2\/8\/4\/8\/22848-thickbox_default.jpg\" class=\"tns-lazy-img\" alt=\"Ey! Fluid na s\u0142o\u0144ce SPF 50\"><\/picture><div class=\"brand\">Eco Cosmetics<\/div><div class=\"title\">Ey! Fluid na s\u0142o\u0144ce SPF 50<\/div><\/a><a class=\"slider-collage-carousel__btn read-more-button\" href=\"https:\/\/triny.pl\/6209-eco-cosmetics-ey-spray-na-slonce-spf-50.html\" target=\"_blank\">Zobacz<\/a><\/li><li class=\"item\"><a href=\"https:\/\/triny.pl\/11518-apis-krem-ochronny-do-twarzy-spf-30-ochrona-przed-uva-i-uvb-home-terapis.html\" target=\"_blank\"><picture><source srcset=\"https:\/\/static.triny.pl\/img\/p\/2\/1\/2\/7\/2\/21272-thickbox_default.webp\"  type=\"image\/webp\"><source srcset=\"https:\/\/static.triny.pl\/img\/p\/2\/1\/2\/7\/2\/21272-thickbox_default.jpg\"  type=\"image\/jpeg\"><img src=\"https:\/\/triny.pl\/blog\/wp-content\/themes\/triny\/assets\/img\/placeholder-600x600.png\" data-src=\"https:\/\/static.triny.pl\/img\/p\/2\/1\/2\/7\/2\/21272-thickbox_default.jpg\" class=\"tns-lazy-img\" alt=\"Krem ochronny do twarzy SPF 30 ochrona przed UVA i UVB HOME TERAPIS\"><\/picture><div class=\"brand\">APIS<\/div><div class=\"title\">Krem ochronny do twarzy SPF 30 ochrona przed UVA i UVB HOME TERAPIS<\/div><\/a><a class=\"slider-collage-carousel__btn read-more-button\" href=\"https:\/\/triny.pl\/11518-apis-krem-ochronny-do-twarzy-spf-30-ochrona-przed-uva-i-uvb-home-terapis.html\" target=\"_blank\">Zobacz<\/a><\/li><\/ul><\/section>\n\n\n\n<p>Sp\u0119dzaj\u0105c ca\u0142y dzie\u0144 na pla\u017cy, nale\u017cy zdawa\u0107 sobie spraw\u0119 z tego, \u017ce na\u0142o\u017cony na sk\u00f3r\u0119 krem zapewnia jej ochron\u0119 przed poparzeniami tylko przez okre\u015blony czas. Nie warto ulega\u0107 te\u017c zapewnieniom producent\u00f3w kosmetyk\u00f3w i wierzy\u0107 w to, \u017ce je\u015bli kosmetyk jest wodoodporny, to po wyj\u015bciu z k\u0105pieli nasza sk\u00f3ra nadal jest chroniona przed s\u0142o\u0144cem. Aplikacj\u0119 kosmetyk\u00f3w ochronnych nale\u017cy powtarza\u0107 przynajmniej co 2 godziny i po ka\u017cdym wyj\u015bciu z wody.<\/p>\n\n\n\n<h3 class=\"wp-block-heading\"><span style=\"color: #ff6600;\"><strong>3. Wspieranie ochrony przeciws\u0142onecznej olejami ro\u015blinnymi<\/strong><\/span><\/h3>\n\n\n<section class=\"slider-collage-carousel\" data-id=\"2470, 2475, 2471\"><ul class=\"collage collage-slider\"><li class=\"item\"><a href=\"https:\/\/triny.pl\/2470-etja-olej-z-kielkow-pszenicy-50-ml.html\" target=\"_blank\"><picture><source srcset=\"https:\/\/static.triny.pl\/img\/p\/1\/7\/8\/1\/2\/17812-thickbox_default.webp\"  type=\"image\/webp\"><source srcset=\"https:\/\/static.triny.pl\/img\/p\/1\/7\/8\/1\/2\/17812-thickbox_default.jpg\"  type=\"image\/jpeg\"><img src=\"https:\/\/triny.pl\/blog\/wp-content\/themes\/triny\/assets\/img\/placeholder-600x600.png\" data-src=\"https:\/\/static.triny.pl\/img\/p\/1\/7\/8\/1\/2\/17812-thickbox_default.jpg\" class=\"tns-lazy-img\" alt=\"Naturalny olej z kie\u0142k\u00f3w pszenicy\"><\/picture><div class=\"brand\">Etja<\/div><div class=\"title\">Naturalny olej z kie\u0142k\u00f3w pszenicy<\/div><\/a><a class=\"slider-collage-carousel__btn read-more-button\" href=\"https:\/\/triny.pl\/2470-etja-olej-z-kielkow-pszenicy-50-ml.html\" target=\"_blank\">Zobacz<\/a><\/li><li class=\"item\"><a href=\"https:\/\/triny.pl\/2475-etja-olej-z-pestek-malin-50-ml.html\" target=\"_blank\"><picture><source srcset=\"https:\/\/static.triny.pl\/img\/p\/1\/7\/8\/4\/7\/17847-thickbox_default.webp\"  type=\"image\/webp\"><source srcset=\"https:\/\/static.triny.pl\/img\/p\/1\/7\/8\/4\/7\/17847-thickbox_default.jpg\"  type=\"image\/jpeg\"><img src=\"https:\/\/triny.pl\/blog\/wp-content\/themes\/triny\/assets\/img\/placeholder-600x600.png\" data-src=\"https:\/\/static.triny.pl\/img\/p\/1\/7\/8\/4\/7\/17847-thickbox_default.jpg\" class=\"tns-lazy-img\" alt=\"Naturalny olej z pestek malin\"><\/picture><div class=\"brand\">Etja<\/div><div class=\"title\">Naturalny olej z pestek malin<\/div><\/a><a class=\"slider-collage-carousel__btn read-more-button\" href=\"https:\/\/triny.pl\/2475-etja-olej-z-pestek-malin-50-ml.html\" target=\"_blank\">Zobacz<\/a><\/li><li class=\"item\"><a href=\"https:\/\/triny.pl\/2471-etja-olej-z-nasion-marchwi-macerat.html\" target=\"_blank\"><picture><source srcset=\"https:\/\/static.triny.pl\/img\/p\/1\/7\/7\/6\/6\/17766-thickbox_default.webp\"  type=\"image\/webp\"><source srcset=\"https:\/\/static.triny.pl\/img\/p\/1\/7\/7\/6\/6\/17766-thickbox_default.jpg\"  type=\"image\/jpeg\"><img src=\"https:\/\/triny.pl\/blog\/wp-content\/themes\/triny\/assets\/img\/placeholder-600x600.png\" data-src=\"https:\/\/static.triny.pl\/img\/p\/1\/7\/7\/6\/6\/17766-thickbox_default.jpg\" class=\"tns-lazy-img\" alt=\"Macerat z korzenia marchwi\"><\/picture><div class=\"brand\">Etja<\/div><div class=\"title\">Macerat z korzenia marchwi<\/div><\/a><a class=\"slider-collage-carousel__btn read-more-button\" href=\"https:\/\/triny.pl\/2471-etja-olej-z-nasion-marchwi-macerat.html\" target=\"_blank\">Zobacz<\/a><\/li><\/ul><\/section>\n\n\n\n<p><strong>Oleje ro\u015blinne<\/strong>, kt\u00f3re zawieraj\u0105 naturalne filtry przeciws\u0142oneczne, <strong>mog\u0105 wspom\u00f3c ochron\u0119 sk\u00f3ry przed negatywnym dzia\u0142aniem promieniowania UVB<\/strong>. Jednak ze wzgl\u0119du na to, \u017ce nie ma bada\u0144, kt\u00f3re dok\u0142adnie okre\u015blaj\u0105 warto\u015bci ich SPF, warto stosowa\u0107 je pomocniczo oraz w te dni, gdy s\u0142o\u0144ce \u015bwieci mniej intensywnie, ale lepiej nie zast\u0119powa\u0107 nimi kosmetyk\u00f3w ochronnych z filtrami mineralnymi. Po olej mo\u017cesz si\u0119gn\u0105\u0107 wi\u0119c pomi\u0119dzy kolejnymi aplikacjami na sk\u00f3r\u0119 kremu ochronnego, dzi\u0119ki czemu wzmocnisz ochron\u0119 sk\u00f3ry, a do tego ju\u017c w trakcie opalania uchronisz j\u0105 przed utrat\u0105 wilgoci, przesuszeniem i podra\u017cnieniami. <strong>Olejami, kt\u00f3re najlepiej sprawdzaj\u0105 si\u0119 podczas ochrony sk\u00f3ry przed promieniowaniem UVB s\u0105<\/strong> <a class=\"rank-math-link\" href=\"https:\/\/triny.pl\/2471-etja-olej-z-nasion-marchwi-macerat.html\">olej z marchwi <\/a>i <a class=\"rank-math-link\" href=\"https:\/\/triny.pl\/372-kosmetyki-z-olejem-z-pestek-malin\">olej z pestek malin<\/a>.<\/p>\n\n\n\n<h3 class=\"wp-block-heading\"><span style=\"color: #ff6600;\"><strong>4. Unikanie przeterminowanych kosmetyk\u00f3w i uczulaj\u0105cych sk\u0142adnik\u00f3w<\/strong><\/span><\/h3>\n\n\n\n<p>Wa\u017cne podczas ochrony sk\u00f3ry przed s\u0142o\u0144cem jest stosowanie produkt\u00f3w, kt\u00f3re zawieraj\u0105 \u0142agodne i bezpieczne dla sk\u00f3ry sk\u0142adniki. Lepiej unika\u0107 tych, w sk\u0142adzie kt\u00f3rych znajduj\u0105 si\u0119 sztuczne barwniki, silne substancje zapachowe, parabeny, oleje mineralne, PEG-i. Sk\u00f3rze nie s\u0142u\u017c\u0105 te\u017c kosmetyki ochronne z filtrami przenikaj\u0105cymi. Zwr\u00f3\u0107 te\u017c uwag\u0119 na <strong>termin wa\u017cno\u015bci stosowanych kosmetyk\u00f3w i lepiej nie stosuj tych, kt\u00f3re zosta\u0142y po poprzednich wakacjach<\/strong>. Kosmetyki, kt\u00f3re s\u0105 przeterminowane, mog\u0105 powodowa\u0107 na sk\u00f3rze nieprzyjemne wysypki i podra\u017cnienia.<\/p>\n\n\n\n<h3 class=\"wp-block-heading\"><span style=\"color: #ff6600;\"><strong>5. Bezpieczne opalanie &#8211; w jakich godzinach najlepiej korzysta\u0107 ze s\u0142o\u0144ca?<\/strong><\/span><\/h3>\n\n\n\n<p>Chc\u0105c rozs\u0105dnie korzysta\u0107 ze s\u0142o\u0144ca, warto robi\u0107 to w tych godzinach, kiedy promieniowanie jest mniej szkodliwe, czyli <strong>do godziny 11.00 rano i od godziny 15.00 po po\u0142udniu<\/strong>. W czasie, gdy s\u0142o\u0144ce \u015bwieci najintensywniej, lepiej pozosta\u0107 w cieniu. Je\u015bli jednak bardzo zale\u017cy Ci na tym, aby przebywa\u0107 na pla\u017cy w\u0142a\u015bnie mi\u0119dzy 11.00 a 15.00, pami\u0119taj o wysokim filtrze ochronnym, okryciu g\u0142owy i piciu du\u017cej ilo\u015bci wody.<\/p>\n\n\n<div class=\"wp-block-image\">\n<figure class=\"aligncenter size-large\"><picture><source media=\"(max-width: 450px)\" data-srcset=\"https:\/\/triny.pl\/blog\/wp-content\/uploads\/2022\/07\/jak-sie-opalac-375x232.jpeg\"><img data-src=\"https:\/\/triny.pl\/blog\/wp-content\/uploads\/2022\/07\/jak-sie-opalac-684x423.jpeg\" class=\"wp-image-24177 lazyload\" alt=\"Jak opala\u0107 si\u0119 zdrowo i bezpiecznie\"><\/picture><\/figure><\/div>\n\n\n<h3 class=\"wp-block-heading\"><strong><span style=\"color: #ff6600;\">6. Rozs\u0105dne nabywanie opalenizny<\/span><\/strong><\/h3>\n\n\n\n<p>Jednym z najcz\u0119\u015bciej pope\u0142nianych przez nas b\u0142\u0119d\u00f3w podczas opalania jest zbyt d\u0142ugie przebywanie na s\u0142o\u0144cu, bo wierzymy w to, \u017ce im wi\u0119cej czasu na nim sp\u0119dzimy, tym szybciej si\u0119 opalimy. <strong>Zdrowa i \u0142adna opalenizna jest jednak efektem cz\u0119stej, a nie d\u0142ugiej ekspozycji sk\u00f3ry na s\u0142o\u0144ce.<\/strong> Gdy nieprzyzwyczajon\u0105 do s\u0142o\u0144ca sk\u00f3r\u0119 wystawiamy od razu na trwaj\u0105cy kilka godzin kontakt z jego pal\u0105cymi promieniami, zamiast \u0142adnej opalenizny mo\u017cemy nabawi\u0107 si\u0119 bolesnych i nieprzyjemnych podra\u017cnie\u0144, a sk\u00f3ra zamiast br\u0105zowego, zyska czerwony i ma\u0142o estetyczny kolor. Dlatego zdecydowanie bardziej rozs\u0105dne jest cz\u0119ste i trwaj\u0105ce na pocz\u0105tku&nbsp;jedynie kilkana\u015bcie minut opalanie.<\/p>\n\n\n\n<p>Je\u015bli szukasz dodatkowych informacji na temat tego, jak si\u0119 bezpiecznie opala\u0107, zajrzyj do wpisu:<\/p>\n\n\n\n<figure class=\"wp-block-embed is-type-wp-embed is-provider-blog-triny-pl wp-block-embed-blog-triny-pl\"><div class=\"wp-block-embed__wrapper\">\n<blockquote class=\"wp-embedded-content\" data-secret=\"zoHbE2cYMF\"><a href=\"https:\/\/triny.pl\/blog\/antyoksydanty-i-ich-rola-w-ochronie-przeciwslonecznej\/\">Antyoksydanty w kosmetykach i ich rola w ochronie przeciws\u0142onecznej<\/a><\/blockquote><iframe class=\"wp-embedded-content\" sandbox=\"allow-scripts\" security=\"restricted\" style=\"position: absolute; clip: rect(1px, 1px, 1px, 1px);\" title=\"&#8222;Antyoksydanty w kosmetykach i ich rola w ochronie przeciws\u0142onecznej&#8221; &#8212; Blog Triny.pl\" src=\"https:\/\/triny.pl\/blog\/antyoksydanty-i-ich-rola-w-ochronie-przeciwslonecznej\/embed\/#?secret=s7E0dxDcAh#?secret=zoHbE2cYMF\" data-secret=\"zoHbE2cYMF\" width=\"600\" height=\"338\" frameborder=\"0\" marginwidth=\"0\" marginheight=\"0\" scrolling=\"no\"><\/iframe>\n<\/div><\/figure>\n\n\n\n<h3 class=\"wp-block-heading\"><span style=\"color: #ff6600;\"><strong>7. Ochrona miejsc szczeg\u00f3lnie nara\u017conych na poparzenia<\/strong><\/span><\/h3>\n\n\n\n<p>Przed opalaniem warto zadba\u0107 o ochron\u0119 miejsc najbardziej nara\u017conych na poparzenia i pokry\u0107 je grubsz\u0105 warstw\u0105 kremu ochronnego. Do takich miejsc nale\u017c\u0105 na pewno ramiona, kark i nos. Uwag\u0119 warto po\u015bwi\u0119ci\u0107 te\u017c ochronie wszelkiego rodzaju znamion i pieprzyk\u00f3w. Poza konsultacj\u0105 z dermatologiem, te miejsca tak\u017ce nale\u017cy zabezpieczy\u0107 przed dzia\u0142aniem s\u0142o\u0144ca grubsz\u0105 warstw\u0105 kosmetyk\u00f3w albo chowaj\u0105c je pod lekkim i przewiewnym ubraniem.<\/p>\n\n\n\n<h3 class=\"wp-block-heading\"><span style=\"color: #ff6600;\"><strong>8. Okrycie g\u0142owy<\/strong><\/span><\/h3>\n\n\n\n<p>Kapelusz z szerokim rondem nie tylko dodaje uroku na pla\u017cy, ale pe\u0142ni te\u017c wa\u017cn\u0105 rol\u0119 ochronn\u0105. Przede wszystkim zapewnia ochron\u0119 przed udarem cieplnym. Jego wa\u017cn\u0105 rol\u0105 jest te\u017c os\u0142oni\u0119cie twarzy przed pal\u0105cym s\u0142o\u0144cem oraz ochrona w\u0142os\u00f3w, kt\u00f3rym promieniowanie UVB r\u00f3wnie\u017c szkodzi.<\/p>\n\n\n\n<h3 class=\"wp-block-heading\"><span style=\"color: #ff6600;\"><strong>9. Odpowiednie nawadnianie organizmu<\/strong><\/span><\/h3>\n\n\n\n<p>Wychodz\u0105c na pla\u017c\u0119, a tak\u017ce przebywaj\u0105c przez wiele godzin na \u015bwie\u017cym powietrzu w upalny i s\u0142oneczny dzie\u0144, niezb\u0119dne jest odpowiednie nawadnianie organizmu. <strong>Wod\u0119 nale\u017cy pi\u0107 cz\u0119sto, ma\u0142ymi \u0142ykami, nie doprowadzaj\u0105c do nadmiernego uczucia pragnienia, kt\u00f3re jest pierwszym objawem odwodnienia organizmu.<\/strong> W nawadnianiu organizmu pomocne jest tak\u017ce jedzenie \u015bwie\u017cych warzyw i owoc\u00f3w, w tym arbuza, melona, truskawek i og\u00f3rk\u00f3w. Pragnienia nie ugasz\u0105 natomiast s\u0142odzone i gazowane napoje.<\/p>\n\n\n\n<figure class=\"wp-block-embed is-type-wp-embed is-provider-blog-triny-pl wp-block-embed-blog-triny-pl\"><div class=\"wp-block-embed__wrapper\">\n<blockquote class=\"wp-embedded-content\" data-secret=\"obdgrNgNNJ\"><a href=\"https:\/\/triny.pl\/blog\/woda-pij-dla-zdrowia-i-pieknej-skory\/\">Wp\u0142yw wody na sk\u00f3r\u0119 i zdrowie. Warto j\u0105 pi\u0107!<\/a><\/blockquote><iframe class=\"wp-embedded-content\" sandbox=\"allow-scripts\" security=\"restricted\" style=\"position: absolute; clip: rect(1px, 1px, 1px, 1px);\" title=\"&#8222;Wp\u0142yw wody na sk\u00f3r\u0119 i zdrowie. Warto j\u0105 pi\u0107!&#8221; &#8212; Blog Triny.pl\" src=\"https:\/\/triny.pl\/blog\/woda-pij-dla-zdrowia-i-pieknej-skory\/embed\/#?secret=k2yBjX0YC2#?secret=obdgrNgNNJ\" data-secret=\"obdgrNgNNJ\" width=\"600\" height=\"338\" frameborder=\"0\" marginwidth=\"0\" marginheight=\"0\" scrolling=\"no\"><\/iframe>\n<\/div><\/figure>\n\n\n\n<h3 class=\"wp-block-heading\"><span style=\"color: #ff6600;\"><strong>10. Dieta bogata w&nbsp;antyoksydanty<\/strong><\/span><\/h3>\n\n\n\n<p>O dobr\u0105 diet\u0119 warto dba\u0107 zawsze, tak\u017ce podczas wakacyjnych wyjazd\u00f3w i na pla\u017cy. Tym, co wspomo\u017ce ochron\u0119 sk\u00f3ry przed negatywnym wp\u0142ywem promieniowania UV s\u0105 <strong>antyoksydanty, w tym g\u0142\u00f3wnie witamina C i E oraz beta-karoten, kt\u00f3ry r\u00f3wnie\u017c neutralizuje dzia\u0142anie wolnych rodnik\u00f3w i przyczynia si\u0119 do \u0142adniejszego odcienia nabytej opalenizny.<\/strong> Produktami, kt\u00f3re warto w\u0142\u0105czy\u0107 do letniego jad\u0142ospisu, s\u0105 marchew, pomidory, brzoskwinie, papryka, szpinak, broku\u0142y, sa\u0142ata, truskawki oraz wspomniane ju\u017c og\u00f3rki, arbuz i melon, kt\u00f3re pomog\u0105 nawodni\u0107 organizm.<\/p>\n\n\n<div class=\"wp-block-image\">\n<figure class=\"aligncenter size-large\"><picture><source media=\"(max-width: 450px)\" data-srcset=\"https:\/\/triny.pl\/blog\/wp-content\/uploads\/2022\/07\/zdrowe-opalanie-375x250.jpeg\"><img data-src=\"https:\/\/triny.pl\/blog\/wp-content\/uploads\/2022\/07\/zdrowe-opalanie-684x456.jpeg\" class=\"wp-image-24178 lazyload\" alt=\"najwa\u017cniejsze zasady jak si\u0119 opala\u0107 zdrowo\"><\/picture><\/figure><\/div>\n\n\n<h2 class=\"wp-block-heading\">Piel\u0119gnacja sk\u00f3ry po powrocie z pla\u017cy i utrwalanie opalenizny<\/h2>\n\n\n\n<p>Aby opalenizna by\u0142a ozdob\u0105, warto zadba\u0107 o odpowiedni\u0105 piel\u0119gnacj\u0119 sk\u00f3ry, zar\u00f3wno przed wyj\u015bciem na pla\u017c\u0119, jak i po opalaniu. Tym, co niezb\u0119dne jest oczywi\u015bcie <strong>nawil\u017canie, a nawet nat\u0142uszczanie sk\u00f3ry<\/strong>. Dbaj\u0105c o to, aby s\u0142o\u0144ce nie pozbawi\u0142o sk\u00f3ry odpowiedniego poziomu nawil\u017cenia, warto stosowa\u0107 <a href=\"https:\/\/triny.pl\/202-olejki-i-masla-do-twarzy\" class=\"rank-math-link\">oleje ro\u015blinne<\/a> i olejki piel\u0119gnacyjne na ich bazie. Maj\u0105 one za zadanie zmi\u0119kcza\u0107 i nat\u0142uszcza\u0107 sk\u00f3r\u0119, chroni\u0107 j\u0105 przed utrat\u0105 nawil\u017cenia, \u0142agodzi\u0107 podra\u017cnienia i chroni\u0107 przed stanami zapalnymi. Pomocne b\u0119d\u0105 te\u017c balsamy na bazie olej\u00f3w i mase\u0142 ro\u015blinnych, \u0142agodne \u017cele do mycia, kt\u00f3re nie zawieraj\u0105 dra\u017cni\u0105cych substancji myj\u0105cych i nie os\u0142abiaj\u0105 naturalnego p\u0142aszcza ochronnego sk\u00f3ry.<\/p>\n\n\n\n<p class=\"tip\">Po powrocie z pla\u017cy warto si\u0119gn\u0105\u0107 te\u017c po kosmetyki, kt\u00f3re maj\u0105 za zadanie przynie\u015b\u0107 ukojenie i och\u0142odzenie rozpalonej sk\u00f3rze, a tak\u017ce olejki i balsamy, kt\u00f3re pomog\u0105 utrwali\u0107 opalenizn\u0119.<\/p>\n\n\n\n<h2 class=\"wp-block-heading\">Co na podra\u017cnienia?<\/h2>\n\n\n\n<p>Je\u015bli pomimo podj\u0119tych stara\u0144 i przestrzegania zasad tego, jak si\u0119 bezpiecznie opala\u0107, Twoja sk\u00f3ra jest podra\u017cniona i zaczerwieniona, sw\u0119dzi i piecze &#8211; zastosuj jeden ze sprawdzonych sposob\u00f3w, kt\u00f3re przynios\u0105 jej ukojenie. Poza domowymi metodami, takimi jak <strong>ok\u0142ady z ma\u015blanki, czy k\u0105piel w mleku<\/strong>, doce\u0144 te\u017c regeneruj\u0105ce dzia\u0142anie <strong>oleju kokosowego, mas\u0142a shea i \u017celu z aloesu.<\/strong> <\/p>\n\n\n\n<h2 class=\"wp-block-heading\">Bezpieczne opalanie &#8211; to Ci si\u0119 mo\u017ce przyda\u0107<\/h2>\n\n\n<section class=\"slider-collage-carousel\" data-id=\"3237, 2475, 6961\"><ul class=\"collage collage-slider\"><li class=\"item\"><a href=\"https:\/\/triny.pl\/3237-make-me-bio-woda-rozana.html\" target=\"_blank\"><picture><source srcset=\"https:\/\/static.triny.pl\/img\/p\/1\/2\/5\/5\/7\/12557-thickbox_default.webp\"  type=\"image\/webp\"><source srcset=\"https:\/\/static.triny.pl\/img\/p\/1\/2\/5\/5\/7\/12557-thickbox_default.jpg\"  type=\"image\/jpeg\"><img src=\"https:\/\/triny.pl\/blog\/wp-content\/themes\/triny\/assets\/img\/placeholder-600x600.png\" data-src=\"https:\/\/static.triny.pl\/img\/p\/1\/2\/5\/5\/7\/12557-thickbox_default.jpg\" class=\"tns-lazy-img\" alt=\"Woda r\u00f3\u017cana\"><\/picture><div class=\"brand\">Make Me Bio<\/div><div class=\"title\">Woda r\u00f3\u017cana<\/div><\/a><a class=\"slider-collage-carousel__btn read-more-button\" href=\"https:\/\/triny.pl\/3237-make-me-bio-woda-rozana.html\" target=\"_blank\">Zobacz<\/a><\/li><li class=\"item\"><a href=\"https:\/\/triny.pl\/2475-etja-olej-z-pestek-malin-50-ml.html\" target=\"_blank\"><picture><source srcset=\"https:\/\/static.triny.pl\/img\/p\/1\/7\/8\/4\/7\/17847-thickbox_default.webp\"  type=\"image\/webp\"><source srcset=\"https:\/\/static.triny.pl\/img\/p\/1\/7\/8\/4\/7\/17847-thickbox_default.jpg\"  type=\"image\/jpeg\"><img src=\"https:\/\/triny.pl\/blog\/wp-content\/themes\/triny\/assets\/img\/placeholder-600x600.png\" data-src=\"https:\/\/static.triny.pl\/img\/p\/1\/7\/8\/4\/7\/17847-thickbox_default.jpg\" class=\"tns-lazy-img\" alt=\"Naturalny olej z pestek malin\"><\/picture><div class=\"brand\">Etja<\/div><div class=\"title\">Naturalny olej z pestek malin<\/div><\/a><a class=\"slider-collage-carousel__btn read-more-button\" href=\"https:\/\/triny.pl\/2475-etja-olej-z-pestek-malin-50-ml.html\" target=\"_blank\">Zobacz<\/a><\/li><li class=\"item\"><a href=\"https:\/\/triny.pl\/6961-your-natural-side-olej-kokosowy-nierafinowany.html\" target=\"_blank\"><picture><source srcset=\"https:\/\/static.triny.pl\/img\/p\/1\/1\/9\/0\/5\/11905-thickbox_default.webp\"  type=\"image\/webp\"><source srcset=\"https:\/\/static.triny.pl\/img\/p\/1\/1\/9\/0\/5\/11905-thickbox_default.jpg\"  type=\"image\/jpeg\"><img src=\"https:\/\/triny.pl\/blog\/wp-content\/themes\/triny\/assets\/img\/placeholder-600x600.png\" data-src=\"https:\/\/static.triny.pl\/img\/p\/1\/1\/9\/0\/5\/11905-thickbox_default.jpg\" class=\"tns-lazy-img\" alt=\"Olej kokosowy nierafinowany\"><\/picture><div class=\"brand\">Your Natural Side<\/div><div class=\"title\">Olej kokosowy nierafinowany<\/div><\/a><a class=\"slider-collage-carousel__btn read-more-button\" href=\"https:\/\/triny.pl\/6961-your-natural-side-olej-kokosowy-nierafinowany.html\" target=\"_blank\">Zobacz<\/a><\/li><\/ul><\/section>\n\n\n\n<p><a href=\"https:\/\/triny.pl\/3237-make-me-bio-woda-rozana.html\">Woda r\u00f3\u017cana Make Me Bio <\/a>z p\u0142atk\u00f3w r\u00f3\u017cy damasce\u0144skiej jako nawil\u017caj\u0105ca mgie\u0142ka przyda si\u0119 podczas opalania oraz po powrocie z pla\u017cy, gdy sk\u00f3ra b\u0119dzie wymaga\u0142a ukojenia. Mo\u017cesz po ni\u0105 si\u0119gn\u0105\u0107 zar\u00f3wno do piel\u0119gnacji twarzy i cia\u0142a, jak i w\u0142os\u00f3w, kt\u00f3re latem r\u00f3wnie\u017c nara\u017cone s\u0105 na przesuszenie i uszkodzenia.<\/p>\n\n\n\n<p><a class=\"rank-math-link\" href=\"https:\/\/triny.pl\/2475-etja-olej-z-pestek-malin-50-ml.html\">Olej z pestek malin ETJA<\/a> to jeden z najcenniejszych olej\u00f3w kosmetycznych. Zawiera naturalny filtr przeciws\u0142oneczny, karotenoidy, witamin\u0119 E i kwas elagowy. Pomaga wi\u0119c chroni\u0107 sk\u00f3r\u0119 przed s\u0142o\u0144cem, dzia\u0142a przeciwzapalnie, \u0142agodzi, koi i regeneruje.<\/p>\n\n\n\n<p><a href=\"https:\/\/triny.pl\/6961-your-natural-side-olej-kokosowy-nierafinowany.html\" data-type=\"URL\" data-id=\"https:\/\/triny.pl\/6961-your-natural-side-olej-kokosowy-nierafinowany.html\">Olej kokosowy Your Natural Side<\/a> wyg\u0142adza, od\u017cywia i zmi\u0119kcza sk\u00f3r\u0119. Wspomaga jej regeneracj\u0119, \u0142agodzi stany zapalne i podra\u017cnienia. Wspaniale nawil\u017ca i odbudowuje zniszczone w\u0142osy.<\/p>\n\n\n\n<p><strong>Wi\u0119cej kosmetyk\u00f3w przydatnych latem, znajdziesz w osobnym artykule:<\/strong><\/p>\n\n\n\n<figure class=\"wp-block-embed is-type-wp-embed is-provider-blog-triny-pl wp-block-embed-blog-triny-pl\"><div class=\"wp-block-embed__wrapper\">\n<blockquote class=\"wp-embedded-content\" data-secret=\"CrWKue7oDU\"><a href=\"https:\/\/triny.pl\/blog\/naturalne-kosmetyki-na-lato\/\">Naturalne kosmetyki na lato. Skompletuj z nami sw\u00f3j wakacyjny niezb\u0119dnik<\/a><\/blockquote><iframe class=\"wp-embedded-content\" sandbox=\"allow-scripts\" security=\"restricted\" style=\"position: absolute; clip: rect(1px, 1px, 1px, 1px);\" title=\"&#8222;Naturalne kosmetyki na lato. Skompletuj z nami sw\u00f3j wakacyjny niezb\u0119dnik&#8221; &#8212; Blog Triny.pl\" src=\"https:\/\/triny.pl\/blog\/naturalne-kosmetyki-na-lato\/embed\/#?secret=shC17N8szz#?secret=CrWKue7oDU\" data-secret=\"CrWKue7oDU\" width=\"600\" height=\"338\" frameborder=\"0\" marginwidth=\"0\" marginheight=\"0\" scrolling=\"no\"><\/iframe>\n<\/div><\/figure>\n\n\n\n<h2 class=\"wp-block-heading\">Jak si\u0119 bezpiecznie opala\u0107 &#8211; podsumowanie<\/h2>\n\n\n\n<p>S\u0142o\u0144ce jest Twoim przyjacielem, korzystaj wi\u0119c z niego jak najcz\u0119\u015bciej w\u0142a\u015bnie teraz, gdy jest go najwi\u0119cej. Pami\u0119taj jednak o tym, by zachowa\u0107 zdrowy rozs\u0105dek i nie przesadzi\u0107. Dzi\u0119ki temu przez ca\u0142e lato b\u0119dziesz cieszy\u0107 si\u0119 pi\u0119kn\u0105 i co najwa\u017cniejsze, zdrow\u0105 opalenizn\u0105.<\/p>\n\n\n\n<p><strong>Czy wychodz\u0105c na pla\u017c\u0119, pami\u0119tasz o stosowaniu krem\u00f3w z filtrami? Co robisz, aby korzysta\u0107 ze s\u0142onecznej pogody bezpiecznie i zdrowo? Jakie s\u0105 Twoje sprawdzone sposoby na bezpieczne opalanie?<\/strong><\/p>\n\n\n\n<p><strong>Mo\u017ce Ci\u0119 zainteresowa\u0107 r\u00f3wnie\u017c:<\/strong><\/p>\n\n\n\n<figure class=\"wp-block-embed is-type-wp-embed is-provider-blog-triny-pl wp-block-embed-blog-triny-pl\"><div class=\"wp-block-embed__wrapper\">\n<blockquote class=\"wp-embedded-content\" data-secret=\"avw1JMRJG5\"><a href=\"https:\/\/triny.pl\/blog\/9-krokow-do-pieknych-wlosow-latem\/\">10 krok\u00f3w do pi\u0119knych w\u0142os\u00f3w latem<\/a><\/blockquote><iframe class=\"wp-embedded-content\" sandbox=\"allow-scripts\" security=\"restricted\" style=\"position: absolute; clip: rect(1px, 1px, 1px, 1px);\" title=\"&#8222;10 krok\u00f3w do pi\u0119knych w\u0142os\u00f3w latem&#8221; &#8212; Blog Triny.pl\" src=\"https:\/\/triny.pl\/blog\/9-krokow-do-pieknych-wlosow-latem\/embed\/#?secret=NizBrff40p#?secret=avw1JMRJG5\" data-secret=\"avw1JMRJG5\" width=\"600\" height=\"338\" frameborder=\"0\" marginwidth=\"0\" marginheight=\"0\" scrolling=\"no\"><\/iframe>\n<\/div><\/figure>\n","protected":false},"excerpt":{"rendered":"<p>S\u0142o\u0144ce mo\u017ce by\u0107 przyjacielem Twojej&nbsp;sk\u00f3ry, o ile b\u0119dziesz korzysta\u0107 z niego rozs\u0105dnie i z zachowaniem podstawowych zasad bezpiecze\u0144stwa. Dzi\u0119ki temu zyskasz&#8230;<\/p>\n","protected":false},"author":6,"featured_media":19997,"comment_status":"open","ping_status":"open","sticky":false,"template":"","format":"standard","meta":{"footnotes":""},"categories":[36,35],"tags":[86],"acf":[],"yoast_head":"<!-- This site is optimized with the Yoast SEO plugin v21.1 - https:\/\/yoast.com\/wordpress\/plugins\/seo\/ -->\n<title>Jak si\u0119 zdrowo opala\u0107 - 10 najwa\u017cniejszych zasad<\/title>\n<meta name=\"description\" content=\"S\u0142o\u0144ce mo\u017ce by\u0107 przyjacielem Twojej\u00a0sk\u00f3ry. Musisz tylko korzysta\u0107 z niego rozs\u0105dnie i z zachowaniem zasad bezpiecze\u0144stwa. Wi\u0119c... jak si\u0119 zdrowo opala\u0107?\" \/>\n<meta name=\"robots\" content=\"index, follow, max-snippet:-1, max-image-preview:large, max-video-preview:-1\" \/>\n<link rel=\"canonical\" href=\"https:\/\/triny.pl\/blog\/jak-opalac-sie-zdrowo-i-bezpiecznie-10-najwazniejszych-zasad\/\" \/>\n<meta property=\"og:locale\" content=\"pl_PL\" \/>\n<meta property=\"og:type\" content=\"article\" \/>\n<meta property=\"og:title\" content=\"Jak si\u0119 zdrowo opala\u0107 - 10 najwa\u017cniejszych zasad\" \/>\n<meta property=\"og:description\" content=\"S\u0142o\u0144ce mo\u017ce by\u0107 przyjacielem Twojej\u00a0sk\u00f3ry. Musisz tylko korzysta\u0107 z niego rozs\u0105dnie i z zachowaniem zasad bezpiecze\u0144stwa. Wi\u0119c... jak si\u0119 zdrowo opala\u0107?\" \/>\n<meta property=\"og:url\" content=\"https:\/\/triny.pl\/blog\/jak-opalac-sie-zdrowo-i-bezpiecznie-10-najwazniejszych-zasad\/\" \/>\n<meta property=\"og:site_name\" content=\"Blog Triny.pl\" \/>\n<meta property=\"article:publisher\" content=\"https:\/\/www.facebook.com\/trinysklep\" \/>\n<meta property=\"article:published_time\" content=\"2023-07-03T08:04:00+00:00\" \/>\n<meta property=\"article:modified_time\" content=\"2023-09-01T08:56:56+00:00\" \/>\n<meta property=\"og:image\" content=\"https:\/\/triny.pl\/blog\/wp-content\/uploads\/2021\/06\/bezpieczne-opalanie.jpeg\" \/>\n\t<meta property=\"og:image:width\" content=\"1200\" \/>\n\t<meta property=\"og:image:height\" content=\"800\" \/>\n\t<meta property=\"og:image:type\" content=\"image\/jpeg\" \/>\n<meta name=\"author\" content=\"Olga Pietraszewska\" \/>\n<meta name=\"twitter:label1\" content=\"Napisane przez\" \/>\n\t<meta name=\"twitter:data1\" content=\"Olga Pietraszewska\" \/>\n\t<meta name=\"twitter:label2\" content=\"Szacowany czas czytania\" \/>\n\t<meta name=\"twitter:data2\" content=\"10 minut\" \/>\n<script type=\"application\/ld+json\" class=\"yoast-schema-graph\">{\"@context\":\"https:\/\/schema.org\",\"@graph\":[{\"@type\":\"Article\",\"@id\":\"https:\/\/triny.pl\/blog\/jak-opalac-sie-zdrowo-i-bezpiecznie-10-najwazniejszych-zasad\/#article\",\"isPartOf\":{\"@id\":\"https:\/\/triny.pl\/blog\/jak-opalac-sie-zdrowo-i-bezpiecznie-10-najwazniejszych-zasad\/\"},\"author\":{\"name\":\"Olga Pietraszewska\",\"@id\":\"https:\/\/triny.pl\/blog\/#\/schema\/person\/627fca485014bc94ba34ced7dc5dd756\"},\"headline\":\"Jak si\u0119 zdrowo opala\u0107 &#8211; 10 najwa\u017cniejszych zasad\",\"datePublished\":\"2023-07-03T08:04:00+00:00\",\"dateModified\":\"2023-09-01T08:56:56+00:00\",\"mainEntityOfPage\":{\"@id\":\"https:\/\/triny.pl\/blog\/jak-opalac-sie-zdrowo-i-bezpiecznie-10-najwazniejszych-zasad\/\"},\"wordCount\":2010,\"commentCount\":10,\"publisher\":{\"@id\":\"https:\/\/triny.pl\/blog\/#organization\"},\"keywords\":[\"ochrona przeciws\u0142oneczna\"],\"articleSection\":[\"Piel\u0119gnacja cia\u0142a - naturalnie\",\"Piel\u0119gnacja twarzy naturalnie\"],\"inLanguage\":\"pl-PL\",\"potentialAction\":[{\"@type\":\"CommentAction\",\"name\":\"Comment\",\"target\":[\"https:\/\/triny.pl\/blog\/jak-opalac-sie-zdrowo-i-bezpiecznie-10-najwazniejszych-zasad\/#respond\"]}]},{\"@type\":\"WebPage\",\"@id\":\"https:\/\/triny.pl\/blog\/jak-opalac-sie-zdrowo-i-bezpiecznie-10-najwazniejszych-zasad\/\",\"url\":\"https:\/\/triny.pl\/blog\/jak-opalac-sie-zdrowo-i-bezpiecznie-10-najwazniejszych-zasad\/\",\"name\":\"Jak si\u0119 zdrowo opala\u0107 - 10 najwa\u017cniejszych zasad\",\"isPartOf\":{\"@id\":\"https:\/\/triny.pl\/blog\/#website\"},\"datePublished\":\"2023-07-03T08:04:00+00:00\",\"dateModified\":\"2023-09-01T08:56:56+00:00\",\"description\":\"S\u0142o\u0144ce mo\u017ce by\u0107 przyjacielem Twojej\u00a0sk\u00f3ry. Musisz tylko korzysta\u0107 z niego rozs\u0105dnie i z zachowaniem zasad bezpiecze\u0144stwa. Wi\u0119c... jak si\u0119 zdrowo opala\u0107?\",\"breadcrumb\":{\"@id\":\"https:\/\/triny.pl\/blog\/jak-opalac-sie-zdrowo-i-bezpiecznie-10-najwazniejszych-zasad\/#breadcrumb\"},\"inLanguage\":\"pl-PL\",\"potentialAction\":[{\"@type\":\"ReadAction\",\"target\":[\"https:\/\/triny.pl\/blog\/jak-opalac-sie-zdrowo-i-bezpiecznie-10-najwazniejszych-zasad\/\"]}]},{\"@type\":\"BreadcrumbList\",\"@id\":\"https:\/\/triny.pl\/blog\/jak-opalac-sie-zdrowo-i-bezpiecznie-10-najwazniejszych-zasad\/#breadcrumb\",\"itemListElement\":[{\"@type\":\"ListItem\",\"position\":1,\"name\":\"Strona g\u0142\u00f3wna\",\"item\":\"https:\/\/triny.pl\/blog\/\"},{\"@type\":\"ListItem\",\"position\":2,\"name\":\"Jak si\u0119 zdrowo opala\u0107 &#8211; 10 najwa\u017cniejszych zasad\"}]},{\"@type\":\"WebSite\",\"@id\":\"https:\/\/triny.pl\/blog\/#website\",\"url\":\"https:\/\/triny.pl\/blog\/\",\"name\":\"Blog Triny.pl\",\"description\":\"Naturalna piel\u0119gnacja bez tajemnic! Pokazujemy jak dba\u0107 o cia\u0142o i w\u0142osy dla optymalnych, d\u0142ugotrwa\u0142ych efekt\u00f3w. Sprawd\u017a te ma\u0142o znane triki :)\",\"publisher\":{\"@id\":\"https:\/\/triny.pl\/blog\/#organization\"},\"potentialAction\":[{\"@type\":\"SearchAction\",\"target\":{\"@type\":\"EntryPoint\",\"urlTemplate\":\"https:\/\/triny.pl\/blog\/?s={search_term_string}\"},\"query-input\":\"required name=search_term_string\"}],\"inLanguage\":\"pl-PL\"},{\"@type\":\"Organization\",\"@id\":\"https:\/\/triny.pl\/blog\/#organization\",\"name\":\"Triny Sp. z o. o.\",\"url\":\"https:\/\/triny.pl\/blog\/\",\"logo\":{\"@type\":\"ImageObject\",\"inLanguage\":\"pl-PL\",\"@id\":\"https:\/\/triny.pl\/blog\/#\/schema\/logo\/image\/\",\"url\":\"https:\/\/triny.pl\/blog\/wp-content\/uploads\/2020\/08\/logo-triny.png\",\"contentUrl\":\"https:\/\/triny.pl\/blog\/wp-content\/uploads\/2020\/08\/logo-triny.png\",\"width\":190,\"height\":78,\"caption\":\"Triny Sp. z o. o.\"},\"image\":{\"@id\":\"https:\/\/triny.pl\/blog\/#\/schema\/logo\/image\/\"},\"sameAs\":[\"https:\/\/www.facebook.com\/trinysklep\",\"https:\/\/www.instagram.com\/trinysklep\/\",\"https:\/\/pl.pinterest.com\/trinypl\/_created\/\"]},{\"@type\":\"Person\",\"@id\":\"https:\/\/triny.pl\/blog\/#\/schema\/person\/627fca485014bc94ba34ced7dc5dd756\",\"name\":\"Olga Pietraszewska\",\"description\":\"Witaj! Nazywam si\u0119 Olga Pietraszewska. Jestem autork\u0105 bloga Makehappyday.com, pasjonatk\u0105 i propagatork\u0105 naturalnej piel\u0119gnacji oraz zdrowego stylu \u017cycia. Z wykszta\u0142cenia politolog, z zawodu dziennikarka i copywriterka. Je\u015bli akurat nie pisz\u0119, to najpewniej oddaj\u0119 si\u0119 roli \u017cony i mamy, czytam ksi\u0105\u017cki, piek\u0119 chleb, albo spaceruj\u0119, podziwiaj\u0105c malownicze okolice pi\u0119knej Norwegii.\",\"url\":\"https:\/\/triny.pl\/blog\/author\/olga-pietraszewska\/\"}]}<\/script>\n<!-- \/ Yoast SEO plugin. -->","yoast_head_json":{"title":"Jak si\u0119 zdrowo opala\u0107 - 10 najwa\u017cniejszych zasad","description":"S\u0142o\u0144ce mo\u017ce by\u0107 przyjacielem Twojej\u00a0sk\u00f3ry. Musisz tylko korzysta\u0107 z niego rozs\u0105dnie i z zachowaniem zasad bezpiecze\u0144stwa. Wi\u0119c... jak si\u0119 zdrowo opala\u0107?","robots":{"index":"index","follow":"follow","max-snippet":"max-snippet:-1","max-image-preview":"max-image-preview:large","max-video-preview":"max-video-preview:-1"},"canonical":"https:\/\/triny.pl\/blog\/jak-opalac-sie-zdrowo-i-bezpiecznie-10-najwazniejszych-zasad\/","og_locale":"pl_PL","og_type":"article","og_title":"Jak si\u0119 zdrowo opala\u0107 - 10 najwa\u017cniejszych zasad","og_description":"S\u0142o\u0144ce mo\u017ce by\u0107 przyjacielem Twojej\u00a0sk\u00f3ry. Musisz tylko korzysta\u0107 z niego rozs\u0105dnie i z zachowaniem zasad bezpiecze\u0144stwa. Wi\u0119c... jak si\u0119 zdrowo opala\u0107?","og_url":"https:\/\/triny.pl\/blog\/jak-opalac-sie-zdrowo-i-bezpiecznie-10-najwazniejszych-zasad\/","og_site_name":"Blog Triny.pl","article_publisher":"https:\/\/www.facebook.com\/trinysklep","article_published_time":"2023-07-03T08:04:00+00:00","article_modified_time":"2023-09-01T08:56:56+00:00","og_image":[{"width":1200,"height":800,"url":"https:\/\/triny.pl\/blog\/wp-content\/uploads\/2021\/06\/bezpieczne-opalanie.jpeg","type":"image\/jpeg"}],"author":"Olga Pietraszewska","twitter_misc":{"Napisane przez":"Olga Pietraszewska","Szacowany czas czytania":"10 minut"},"schema":{"@context":"https:\/\/schema.org","@graph":[{"@type":"Article","@id":"https:\/\/triny.pl\/blog\/jak-opalac-sie-zdrowo-i-bezpiecznie-10-najwazniejszych-zasad\/#article","isPartOf":{"@id":"https:\/\/triny.pl\/blog\/jak-opalac-sie-zdrowo-i-bezpiecznie-10-najwazniejszych-zasad\/"},"author":{"name":"Olga Pietraszewska","@id":"https:\/\/triny.pl\/blog\/#\/schema\/person\/627fca485014bc94ba34ced7dc5dd756"},"headline":"Jak si\u0119 zdrowo opala\u0107 &#8211; 10 najwa\u017cniejszych zasad","datePublished":"2023-07-03T08:04:00+00:00","dateModified":"2023-09-01T08:56:56+00:00","mainEntityOfPage":{"@id":"https:\/\/triny.pl\/blog\/jak-opalac-sie-zdrowo-i-bezpiecznie-10-najwazniejszych-zasad\/"},"wordCount":2010,"commentCount":10,"publisher":{"@id":"https:\/\/triny.pl\/blog\/#organization"},"keywords":["ochrona przeciws\u0142oneczna"],"articleSection":["Piel\u0119gnacja cia\u0142a - naturalnie","Piel\u0119gnacja twarzy naturalnie"],"inLanguage":"pl-PL","potentialAction":[{"@type":"CommentAction","name":"Comment","target":["https:\/\/triny.pl\/blog\/jak-opalac-sie-zdrowo-i-bezpiecznie-10-najwazniejszych-zasad\/#respond"]}]},{"@type":"WebPage","@id":"https:\/\/triny.pl\/blog\/jak-opalac-sie-zdrowo-i-bezpiecznie-10-najwazniejszych-zasad\/","url":"https:\/\/triny.pl\/blog\/jak-opalac-sie-zdrowo-i-bezpiecznie-10-najwazniejszych-zasad\/","name":"Jak si\u0119 zdrowo opala\u0107 - 10 najwa\u017cniejszych zasad","isPartOf":{"@id":"https:\/\/triny.pl\/blog\/#website"},"datePublished":"2023-07-03T08:04:00+00:00","dateModified":"2023-09-01T08:56:56+00:00","description":"S\u0142o\u0144ce mo\u017ce by\u0107 przyjacielem Twojej\u00a0sk\u00f3ry. Musisz tylko korzysta\u0107 z niego rozs\u0105dnie i z zachowaniem zasad bezpiecze\u0144stwa. Wi\u0119c... jak si\u0119 zdrowo opala\u0107?","breadcrumb":{"@id":"https:\/\/triny.pl\/blog\/jak-opalac-sie-zdrowo-i-bezpiecznie-10-najwazniejszych-zasad\/#breadcrumb"},"inLanguage":"pl-PL","potentialAction":[{"@type":"ReadAction","target":["https:\/\/triny.pl\/blog\/jak-opalac-sie-zdrowo-i-bezpiecznie-10-najwazniejszych-zasad\/"]}]},{"@type":"BreadcrumbList","@id":"https:\/\/triny.pl\/blog\/jak-opalac-sie-zdrowo-i-bezpiecznie-10-najwazniejszych-zasad\/#breadcrumb","itemListElement":[{"@type":"ListItem","position":1,"name":"Strona g\u0142\u00f3wna","item":"https:\/\/triny.pl\/blog\/"},{"@type":"ListItem","position":2,"name":"Jak si\u0119 zdrowo opala\u0107 &#8211; 10 najwa\u017cniejszych zasad"}]},{"@type":"WebSite","@id":"https:\/\/triny.pl\/blog\/#website","url":"https:\/\/triny.pl\/blog\/","name":"Blog Triny.pl","description":"Naturalna piel\u0119gnacja bez tajemnic! Pokazujemy jak dba\u0107 o cia\u0142o i w\u0142osy dla optymalnych, d\u0142ugotrwa\u0142ych efekt\u00f3w. Sprawd\u017a te ma\u0142o znane triki :)","publisher":{"@id":"https:\/\/triny.pl\/blog\/#organization"},"potentialAction":[{"@type":"SearchAction","target":{"@type":"EntryPoint","urlTemplate":"https:\/\/triny.pl\/blog\/?s={search_term_string}"},"query-input":"required name=search_term_string"}],"inLanguage":"pl-PL"},{"@type":"Organization","@id":"https:\/\/triny.pl\/blog\/#organization","name":"Triny Sp. z o. o.","url":"https:\/\/triny.pl\/blog\/","logo":{"@type":"ImageObject","inLanguage":"pl-PL","@id":"https:\/\/triny.pl\/blog\/#\/schema\/logo\/image\/","url":"https:\/\/triny.pl\/blog\/wp-content\/uploads\/2020\/08\/logo-triny.png","contentUrl":"https:\/\/triny.pl\/blog\/wp-content\/uploads\/2020\/08\/logo-triny.png","width":190,"height":78,"caption":"Triny Sp. z o. o."},"image":{"@id":"https:\/\/triny.pl\/blog\/#\/schema\/logo\/image\/"},"sameAs":["https:\/\/www.facebook.com\/trinysklep","https:\/\/www.instagram.com\/trinysklep\/","https:\/\/pl.pinterest.com\/trinypl\/_created\/"]},{"@type":"Person","@id":"https:\/\/triny.pl\/blog\/#\/schema\/person\/627fca485014bc94ba34ced7dc5dd756","name":"Olga Pietraszewska","description":"Witaj! Nazywam si\u0119 Olga Pietraszewska. Jestem autork\u0105 bloga Makehappyday.com, pasjonatk\u0105 i propagatork\u0105 naturalnej piel\u0119gnacji oraz zdrowego stylu \u017cycia. Z wykszta\u0142cenia politolog, z zawodu dziennikarka i copywriterka. Je\u015bli akurat nie pisz\u0119, to najpewniej oddaj\u0119 si\u0119 roli \u017cony i mamy, czytam ksi\u0105\u017cki, piek\u0119 chleb, albo spaceruj\u0119, podziwiaj\u0105c malownicze okolice pi\u0119knej Norwegii.","url":"https:\/\/triny.pl\/blog\/author\/olga-pietraszewska\/"}]}},"voteUp":"39","voteDown":"0","authorInfo":{"photo":"https:\/\/triny.pl\/blog\/wp-content\/uploads\/2019\/03\/web-2-150x150.jpg","url":"https:\/\/triny.pl\/blog\/author\/olga-pietraszewska\/","name":"Olga Pietraszewska"},"media":{"full":"https:\/\/triny.pl\/blog\/wp-content\/uploads\/2021\/06\/bezpieczne-opalanie.jpeg","desktop":"https:\/\/triny.pl\/blog\/wp-content\/uploads\/2021\/06\/bezpieczne-opalanie-505x250.jpeg","mobile":"https:\/\/triny.pl\/blog\/wp-content\/uploads\/2021\/06\/bezpieczne-opalanie-375x190.jpeg"},"_links":{"self":[{"href":"https:\/\/triny.pl\/blog\/wp-json\/wp\/v2\/posts\/1961"}],"collection":[{"href":"https:\/\/triny.pl\/blog\/wp-json\/wp\/v2\/posts"}],"about":[{"href":"https:\/\/triny.pl\/blog\/wp-json\/wp\/v2\/types\/post"}],"author":[{"embeddable":true,"href":"https:\/\/triny.pl\/blog\/wp-json\/wp\/v2\/users\/6"}],"replies":[{"embeddable":true,"href":"https:\/\/triny.pl\/blog\/wp-json\/wp\/v2\/comments?post=1961"}],"version-history":[{"count":29,"href":"https:\/\/triny.pl\/blog\/wp-json\/wp\/v2\/posts\/1961\/revisions"}],"predecessor-version":[{"id":27638,"href":"https:\/\/triny.pl\/blog\/wp-json\/wp\/v2\/posts\/1961\/revisions\/27638"}],"wp:featuredmedia":[{"embeddable":true,"href":"https:\/\/triny.pl\/blog\/wp-json\/wp\/v2\/media\/19997"}],"wp:attachment":[{"href":"https:\/\/triny.pl\/blog\/wp-json\/wp\/v2\/media?parent=1961"}],"wp:term":[{"taxonomy":"category","embeddable":true,"href":"https:\/\/triny.pl\/blog\/wp-json\/wp\/v2\/categories?post=1961"},{"taxonomy":"post_tag","embeddable":true,"href":"https:\/\/triny.pl\/blog\/wp-json\/wp\/v2\/tags?post=1961"}],"curies":[{"name":"wp","href":"https:\/\/api.w.org\/{rel}","templated":true}]}}