{"id":20449,"date":"2022-02-02T10:21:00","date_gmt":"2022-02-02T09:21:00","guid":{"rendered":"https:\/\/triny.pl\/blog\/?p=20449"},"modified":"2023-09-06T11:10:50","modified_gmt":"2023-09-06T09:10:50","slug":"najlepsze-maseczki-do-cery-mieszanej-ranking-top-10","status":"publish","type":"post","link":"https:\/\/triny.pl\/blog\/najlepsze-maseczki-do-cery-mieszanej-ranking-top-10\/","title":{"rendered":"Najlepsze maseczki do cery mieszanej \u2013 Ranking TOP 10 w 2022 roku"},"content":{"rendered":"\n<p>Maseczki do cery mieszanej za g\u0142\u00f3wne zadanie maj\u0105 g\u0142\u0119bokie oczyszczenie sk\u00f3ry. Niekt\u00f3re z nich wykazuj\u0105 r\u00f3wnie\u017c dzia\u0142anie hamuj\u0105ce rozw\u00f3j drobnoustroj\u00f3w, co zapobiega powstawaniu niespodzianek na sk\u00f3rze. Na rynku znajdziesz wiele produkt\u00f3w, kt\u00f3re r\u00f3\u017cni\u0105 si\u0119 sk\u0142adem, a co za tym idzie efektywno\u015bci\u0105 i dzia\u0142aniem. Kt\u00f3r\u0105 wybra\u0107? Podpowiadamy! Oto nasz ranking najlepszych maseczek do cery mieszanej, kt\u00f3ry powsta\u0142 na podstawie m.in. bestseller\u00f3w oraz opinii klientek Triny.<\/p>\n\n\n\n<h2 class=\"wp-block-heading\" id=\"jak-stworzylismy-dla-was-ten-ranking\">Jak stworzyli\u015bmy dla Was ten ranking?<\/h2>\n\n\n\n<p><strong>Jakie maski do cery mieszanej znalaz\u0142y si\u0119 na li\u015bcie TOP10?<\/strong> Przy tworzeniu ka\u017cdego rankingu kierujemy si\u0119 przede wszystkim recenzjami oraz statystykami sprzeda\u017cy. To, na co k\u0142adziemy nacisk, to otwarto\u015b\u0107 na nowo\u015bci, dlatego w naszych rankingach pojawiaj\u0105 si\u0119 r\u00f3wnie\u017c ma\u0142o znane i niszowe marki. Priorytetem dla nas jest bowiem naturalny sk\u0142ad i efektywno\u015b\u0107 danego kosmetyku, a nie status producenta. Dlatego mo\u017cesz by\u0107 pewna, \u017ce TOP10 najlepszych maseczek do cery mieszanej odzwierciedla najcz\u0119\u015bciej wybierane i pozytywne oceniane produkty w sklepie Triny.<\/p>\n\n\n\n<p><strong>Czynniki rankingowe, kt\u00f3re wzi\u0119li\u015bmy pod uwag\u0119 przy tym rankingu to:<\/strong><\/p>\n\n\n\n<ul>\n<li>ilo\u015b\u0107 zam\u00f3wie\u0144 danej maseczki do cery mieszanej<\/li>\n\n\n\n<li>liczba os\u00f3b, kt\u00f3re ponownie zam\u00f3wi\u0142y ten sam produkt<\/li>\n\n\n\n<li>liczba opinii<\/li>\n\n\n\n<li>\u015brednia ocena produktu<\/li>\n\n\n\n<li>co najbardziej by\u0142o doceniane w maseczce, a co krytykowane<\/li>\n\n\n\n<li>sk\u0142ad kosmetyku<\/li>\n\n\n\n<li>od kiedy maseczka do cery mieszanej jest dost\u0119pna w naszej ofercie (aby nie wykluczy\u0107 dobrze zapowiadaj\u0105cych si\u0119 nowo\u015bci)<\/li>\n<\/ul>\n\n\n\n<p>Zanim przejdziemy do om\u00f3wienia wybranych produkt\u00f3w, kilka s\u0142\u00f3w o tym, jaka powinna by\u0107 i co powinna zawiera\u0107<a href=\"https:\/\/triny.pl\/162-maseczki-do-twarzy\"> <\/a>maseczka do cery mieszanej, aby spe\u0142nia\u0142a swoj\u0105 funkcj\u0119.<\/p>\n\n\n<div class=\"wp-block-image\">\n<figure class=\"aligncenter size-full\"><picture><source media=\"(max-width: 450px)\" data-srcset=\"https:\/\/triny.pl\/blog\/wp-content\/uploads\/2021\/07\/top-10-maseczek-do-cery-mieszanej-375x375.png\"><img data-src=\"https:\/\/triny.pl\/blog\/wp-content\/uploads\/2021\/07\/top-10-maseczek-do-cery-mieszanej-684x684.png\" class=\"wp-image-20793 lazyload\" alt=\"najlepsze maseczki dla cery mieszanej\"><\/picture><\/figure><\/div>\n\n\n<h2 class=\"wp-block-heading\" id=\"na-co-zwracac-uwage-przy-wyborze-maseczki-do-cery-mieszanej\">Na co zwraca\u0107 uwag\u0119 przy wyborze maseczki do cery mieszanej?<\/h2>\n\n\n\n<p>Cera mieszana uwa\u017cana jest za cer\u0119 kapry\u015bn\u0105 i do\u015b\u0107 problematyczn\u0105 w piel\u0119gnacji \u2013 wszystko przez to, \u017ce \u0142\u0105czy w sobie cechy sk\u00f3ry suchej oraz t\u0142ustej. St\u0105d trudno dobra\u0107 odpowiednie kosmetyki, kt\u00f3re jednocze\u015bnie nawil\u017c\u0105 przesuszone partie sk\u00f3ry na policzkach i g\u0142\u0119boko oczyszcz\u0105 partie przet\u0142uszczone na czole czy nosie. Dzi\u0119ki w\u0142a\u015bciwemu doborowi i systematycznemu stosowaniu masek do twarzy przywr\u00f3cisz twarzy normalny wygl\u0105d bez \u015bwiec\u0105cego si\u0119 czo\u0142a i \u0142uszcz\u0105cych policzk\u00f3w.<\/p>\n\n\n\n<p><strong>Jakich maseczek tu szuka\u0107? <\/strong>Do cery mieszanej przeznaczone s\u0105 <a href=\"https:\/\/triny.pl\/1173-maseczki-oczyszczajace\">maseczki oczyszczaj\u0105ce<\/a>, kt\u00f3re usuwaj\u0105 nadmiar sebum oraz inne nagromadzone zanieczyszczenia jak kurz, brud czy pot. Dobrze, jakby wykazywa\u0142y r\u00f3wnie\u017c dzia\u0142anie detoksykuj\u0105ce i wspomaga\u0142y oczyszczanie sk\u00f3ry z toksyn, a tak\u017ce \u015bci\u0105gaj\u0105ce, kt\u00f3re odblokuje, nast\u0119pnie oczy\u015bci i zmniejsza widoczno\u015b\u0107 por\u00f3w sk\u00f3rnych.<\/p>\n\n\n\n<p><span class=\"note\">Maseczka do cery mieszanej ma za zadanie poprawi\u0107 og\u00f3lny stan i kondycj\u0119 sk\u00f3ry, a tak\u017ce upora\u0107 si\u0119 z niedoskona\u0142o\u015bciami i zapobiec pojawieniu si\u0119 nowych niespodzianek. Jej dzia\u0142anie opiera si\u0119 na w\u0142a\u015bciwo\u015bciach oczyszczaj\u0105cych, normalizuj\u0105cych i \u015bci\u0105gaj\u0105cych.<\/span><\/p>\n\n\n\n<p>W piel\u0119gnacji cery mieszanej znakomicie sprawdzaj\u0105 si\u0119<a href=\"https:\/\/triny.pl\/blog\/5-super-maseczek-do-twarzy-z-glinka-w-roli-glownej\/\"> maseczki z glinkami<\/a>, zw\u0142aszcza z zielon\u0105, kt\u00f3ra wykazuje dzia\u0142anie silnie oczyszczaj\u0105ce, antybakteryjne, do tego przyspiesza procesy odnowy kom\u00f3rek. Minusem zielonej glinki jest to, \u017ce silnie wysusza, dlatego niekoniecznie jest odpowiednia dla ka\u017cdego \u2013 warto jednak przetestowa\u0107.&nbsp;<\/p>\n\n\n\n<p><strong>Wi\u0119cej o tym, jak dba\u0107 o cer\u0119 mieszan\u0105, dowiesz si\u0119 z artyku\u0142u:<\/strong><\/p>\n\n\n\n<figure class=\"wp-block-embed is-type-wp-embed is-provider-blog-triny-pl wp-block-embed-blog-triny-pl\"><div class=\"wp-block-embed__wrapper\">\n<blockquote class=\"wp-embedded-content\" data-secret=\"xb0uGtGtIw\"><a href=\"https:\/\/triny.pl\/blog\/najlepsze-sposoby-dbania-o-cere-mieszana\/\">Jak dba\u0107 o cer\u0119 mieszan\u0105? Najlepsze sposoby<\/a><\/blockquote><iframe class=\"wp-embedded-content\" sandbox=\"allow-scripts\" security=\"restricted\" style=\"position: absolute; clip: rect(1px, 1px, 1px, 1px);\" title=\"&#8222;Jak dba\u0107 o cer\u0119 mieszan\u0105? Najlepsze sposoby&#8221; &#8212; Blog Triny.pl\" src=\"https:\/\/triny.pl\/blog\/najlepsze-sposoby-dbania-o-cere-mieszana\/embed\/#?secret=tviExOF2UY#?secret=xb0uGtGtIw\" data-secret=\"xb0uGtGtIw\" width=\"600\" height=\"338\" frameborder=\"0\" marginwidth=\"0\" marginheight=\"0\" scrolling=\"no\"><\/iframe>\n<\/div><\/figure>\n\n\n\n<p>Przy wyborze maseczki do cery mieszanej zwr\u00f3\u0107 uwag\u0119 na to, aby <strong>nie zawiera sk\u0142adnik\u00f3w wysuszaj\u0105cych<\/strong>. Nadmierne przesuszenie sk\u00f3ry mo\u017ce zaogni\u0107 Tw\u00f3j problem \u2013 aby przywr\u00f3ci\u0107 sk\u00f3rze odpowiedni poziom nawil\u017cenia, gruczo\u0142y \u0142ojowe zaczn\u0105 intensywniej pracowa\u0107, przez co sk\u00f3ra pokryje si\u0119 \u0142ojem. W rezultacie stanie si\u0119 bardziej b\u0142yszcz\u0105ca i sk\u0142onna do powstawania zask\u00f3rnik\u00f3w, a nawet tr\u0105dziku. Regularne stosowanie masek czy kosmetyk\u00f3w wysuszaj\u0105cych cz\u0119sto ko\u0144czy si\u0119 odwodnieniem, stanami zapalnymi i przyspiesza procesy starzenia si\u0119 sk\u00f3ry.<\/p>\n\n\n\n<p><span class=\"note\">Unikaj maseczek zawieraj\u0105cych alkohol (jest obecny m.in. w maseczkach typu peel-off) i innych sk\u0142adnik\u00f3w typu SLS i SLES, kt\u00f3re mog\u0105 wysuszy\u0107 nawet t\u0142uste obszary twarzy. Je\u015bli to mo\u017cliwe, wybieraj produkty bezzapachowe \u2013 dodany zapach jest jedn\u0105 z g\u0142\u00f3wnych przyczyn nabytej wra\u017cliwo\u015bci sk\u00f3ry.<\/span><\/p>\n\n\n\n<p>W sklepie Triny znajdziesz wy\u0142\u0105cznie <a href=\"https:\/\/triny.pl\/422-kosmetyki-do-cery-mieszanej\">naturalne kosmetyki do cery mieszanej<\/a> z dobrym sk\u0142adem. Poni\u017cej opisujemy wybrane sk\u0142adniki, kt\u00f3re cera mieszana szczeg\u00f3lnie lubi.<\/p>\n\n\n\n<h3 class=\"wp-block-heading\" id=\"jakich-skladnikow-szukac-w-dobrej-maseczce-do-cery-mieszanej\">Jakich sk\u0142adnik\u00f3w szuka\u0107 w dobrej maseczce do cery mieszanej?<\/h3>\n\n\n\n<ul>\n<li><strong>Sk\u0142adniki o potencjale \u015bci\u0105gaj\u0105cym<\/strong>: tlenek cynku, kaolin, kreda, w\u0119glan wapnia, oczar wirginijski.<\/li>\n\n\n\n<li><strong>Sk\u0142adniki o w\u0142a\u015bciwo\u015bciach przeciwzapalnych i antyseptycznych<\/strong>: wyci\u0105g z aloesu, mi\u00f3d, korze\u0144 lukrecji.<\/li>\n\n\n\n<li><strong>Sk\u0142adniki o w\u0142a\u015bciwo\u015bciach z\u0142uszczaj\u0105cych<\/strong>: kwas glikolowy, kwas mlekowy i kwas migda\u0142owy.<\/li>\n\n\n\n<li><strong>Oczyszczaj\u0105ce glinki do cery mieszanej<\/strong>: zw\u0142aszcza glinka zielona, dodatkowo czerwona, r\u00f3\u017cowa.<\/li>\n\n\n\n<li><a href=\"https:\/\/triny.pl\/blog\/jaki-olej-do-cery-tlustej-mieszanej-wybrac\/\"><strong>Oleje <\/strong><strong><\/strong><strong>ro\u015blinne do cery mieszanej<\/strong><\/a>: lekki olej z pestek malin, regeneracyjny olej tamanu, wzmacniaj\u0105cy olej konopny.<\/li>\n\n\n\n<li><strong>Olejki <\/strong><strong><\/strong><strong>eteryczne:<\/strong> olejek rozmarynowy (m.in. ogranicza wydzielanie sebum), olejek z drzewa herbacianego (antybakteryjny i normalizuj\u0105cy), olejek go\u017adzikowy (silne przeciwdrobnoustrojowe w\u0142a\u015bciwo\u015bci).<\/li>\n\n\n\n<li><strong>Kwas <\/strong><strong><\/strong><strong>salicylowy<\/strong>, poniewa\u017c dzia\u0142a \u015bci\u0105gaj\u0105co, reguluje wydzielanie sebum i pomaga zapobiega\u0107 wypryskom.<\/li>\n\n\n\n<li><strong>Witamina C<\/strong>, kt\u00f3ra jest cennym przeciwutleniaczem, wspomaga wzrost kolagenu i rozja\u015bnia koloryt sk\u00f3ry; jeden z najbardziej uniwersalnych i korzystnych sk\u0142adnik\u00f3w do piel\u0119gnacji wszystkich rodzaj\u00f3w sk\u00f3ry, w tym sk\u00f3ry mieszanej.<\/li>\n\n\n\n<li><strong>Kwas <\/strong><strong><\/strong><strong>hialuronowy (HA)<\/strong>, kt\u00f3ry efektywnie nawil\u017ca zar\u00f3wno obszary przesuszone, jak i t\u0142uste, przez co sk\u00f3ra na twarzy zachowuje zr\u00f3wnowa\u017cony poziom nawodnienia.<\/li>\n<\/ul>\n\n\n\n<p>Przegl\u0105d sk\u0142adnik\u00f3w i tego, czego poszukiwa\u0107 w produktach mamy ju\u017c za sob\u0105, czas wi\u0119c przej\u015b\u0107 do konkret\u00f3w! Oto wybrane i sprawdzone przez nasze klientki maseczki do cery mieszanej, kt\u00f3re ciesz\u0105 si\u0119 popularno\u015bci\u0105 i s\u0105 pozytywnie recenzowane.<\/p>\n\n\n\n<p><strong>Warto przeczyta\u0107:<\/strong><\/p>\n\n\n\n<figure class=\"wp-block-embed is-type-wp-embed is-provider-blog-triny-pl wp-block-embed-blog-triny-pl\"><div class=\"wp-block-embed__wrapper\">\n<blockquote class=\"wp-embedded-content\" data-secret=\"XDyZyPeMFf\"><a href=\"https:\/\/triny.pl\/blog\/najlepsze-maseczki-na-zaskorniki\/\">Najlepsze maseczki na zask\u00f3rniki &#8211; domowe i ze sklepu<\/a><\/blockquote><iframe class=\"wp-embedded-content\" sandbox=\"allow-scripts\" security=\"restricted\" style=\"position: absolute; clip: rect(1px, 1px, 1px, 1px);\" title=\"&#8222;Najlepsze maseczki na zask\u00f3rniki &#8211; domowe i ze sklepu&#8221; &#8212; Blog Triny.pl\" src=\"https:\/\/triny.pl\/blog\/najlepsze-maseczki-na-zaskorniki\/embed\/#?secret=y2XdLVtwOU#?secret=XDyZyPeMFf\" data-secret=\"XDyZyPeMFf\" width=\"600\" height=\"338\" frameborder=\"0\" marginwidth=\"0\" marginheight=\"0\" scrolling=\"no\"><\/iframe>\n<\/div><\/figure>\n\n\n\n<h2 class=\"wp-block-heading\" id=\"miejsce-1-rozgrzewajaca-maska-do-twarzy-od-kapiel-agafii-bania-agafii\">Miejsce 1. Rozgrzewaj\u0105ca maska do twarzy od K\u0105piel Agafii Bania Agafii<\/h2>\n\n\n\n<p>Niekwestionowanym faworytem jest fitoaktywna witaminowa maska do twarzy, kt\u00f3ra wykazuje dzia\u0142anie rozgrzewaj\u0105ce, co wspomaga absorpcj\u0119 sk\u0142adnik\u00f3w aktywnych przez sk\u00f3r\u0119. Klientki zauwa\u017cy\u0142y, \u017ce ju\u017c po jednym u\u017cyciu cera staje si\u0119 oczyszczona, nawil\u017cona, wyg\u0142adzona i zr\u00f3wnowa\u017cona. Maska doskonale sprawdza si\u0119 r\u00f3wnie\u017c przy poszarza\u0142ej cerze, poniewa\u017c wykazuje dzia\u0142anie roz\u015bwietlaj\u0105ce. Zamkni\u0119ta jest w wygodnym i du\u017cym woreczku o pojemno\u015bci 100 ml z dzi\u00f3bkiem. Zalet\u0105 jest s\u0142odki, ale nienachalny zapach, oraz fantazyjny r\u00f3\u017cowy kolor maseczki.<\/p>\n\n\n\n<p><strong>Co znajdziemy w tej maseczce?<\/strong><\/p>\n\n\n\n<p>Sok z poziomki, organiczny olej z dzikiej r\u00f3\u017cy, olej z a\u0142tajskiego rokitnika i sok z wiciokrzewu sinego zapewniaj\u0105 sk\u00f3rze bomb\u0119 witaminow\u0105, kt\u00f3ra nie tylko widocznie poprawia stan sk\u00f3ry, ale te\u017c spowalnia procesy jej starzenia.<\/p>\n\n\n\n<blockquote class=\"wp-block-quote\">\n<p>Super maseczka, bardzo wydajna, niewielka ilo\u015b\u0107 starcza na pokrycie ca\u0142ej twarzy. \u015alicznie owocowo pachnie, a nawet dobrze smakuje! \ud83d\ude00 Ma g\u0119st\u0105 konsystencj\u0119 i bardzo \u0142atwo nak\u0142ada si\u0119 go na sk\u00f3r\u0119. Sk\u00f3ra twarzy po u\u017cyciu wygl\u0105da na wypocz\u0119t\u0105. Za tak\u0105 cen\u0119 produkt \u015bmia\u0142o mo\u017cna nazwa\u0107 genialnym \ud83d\ude42<\/p>\n<cite>Aleksandra K.<\/cite><\/blockquote>\n\n\n\n<h2 class=\"wp-block-heading\" id=\"miejsce-2-maska-algowa-lagodzaca-rumianek-od-nacomi\">Miejsce 2. Maska algowa \u0142agodz\u0105ca &#8211; Rumianek od Nacomi<\/h2>\n\n\n\n<p>Na drugim miejscu znajduje si\u0119 profesjonalna maska od Nacomi do zastosowania w domu typu peel-off. Algowa maseczka wykazuje silne dzia\u0142anie oczyszczaj\u0105ce, nawil\u017caj\u0105ce i wspomagaj\u0105ce regeneracj\u0119. Dzi\u0119ki starannemu dobraniu sk\u0142adnik\u00f3w od\u017cywczych pozostawia cer\u0119 nieskazitelnie czyst\u0105, od\u015bwie\u017con\u0105 i ukojon\u0105. Na prowadzenie wychodzi jej dzia\u0142anie \u0142agodz\u0105ce \u2013 klientki zwracaj\u0105 uwag\u0119, \u017ce ju\u017c po jednym u\u017cyciu zaczerwienienia i podra\u017cnienia zostaj\u0105 zmniejszone. Przy regularnym stosowaniu zauwa\u017calne jest te\u017c wyr\u00f3wnanie kolorytu cery.<\/p>\n\n\n\n<p><strong>Co znajdziemy w tej maseczce?<\/strong><\/p>\n\n\n\n<p>Na pierwszym miejscu w INCI jest ziemia okrzemkowa, kt\u00f3ra pomaga utrzyma\u0107 sk\u00f3r\u0119 w dobrej kondycji, od\u015bwie\u017ca j\u0105 i oczyszcza, od\u017cywia. Zaraz po niej znajduje si\u0119 algin, kt\u00f3ry zapobiega wyparowywaniu wody z nask\u00f3rka. Dzia\u0142anie \u0142agodz\u0105ce i przeciwzapalne zapewniaj\u0105 rumianek i wyci\u0105g z bor\u00f3wki.<\/p>\n\n\n\n<blockquote class=\"wp-block-quote\">\n<p>Pi\u0119knie \u0142agodzi podra\u017cnienia i zaczerwienienia, g\u0142\u0119boko nawil\u017ca i pozostawia sk\u00f3r\u0119 niesamowicie mi\u0119kk\u0105. Uwielbiam!<\/p>\n<cite>Monika W.<\/cite><\/blockquote>\n\n\n\n<h2 class=\"wp-block-heading\" id=\"miejsce-3-5-minutowa-maseczka-oczyszczajaca-od-miya\">Miejsce 3. 5-minutowa maseczka oczyszczaj\u0105ca od Miya<\/h2>\n\n\n<section class=\"slider-collage-carousel\" data-id=\"9990\"><ul class=\"collage collage-slider\"><li class=\"item\"><a href=\"https:\/\/triny.pl\/9990-miya-5-minutowa-maseczka-oczyszczajaca.html\" target=\"_blank\"><picture><source srcset=\"https:\/\/static.triny.pl\/img\/p\/1\/7\/4\/9\/8\/17498-thickbox_default.webp\"  type=\"image\/webp\"><source srcset=\"https:\/\/static.triny.pl\/img\/p\/1\/7\/4\/9\/8\/17498-thickbox_default.jpg\"  type=\"image\/jpeg\"><img src=\"https:\/\/triny.pl\/blog\/wp-content\/themes\/triny\/assets\/img\/placeholder-600x600.png\" data-src=\"https:\/\/static.triny.pl\/img\/p\/1\/7\/4\/9\/8\/17498-thickbox_default.jpg\" class=\"tns-lazy-img\" alt=\"5-minutowa maseczka oczyszczaj\u0105ca\"><\/picture><div class=\"brand\">Miya<\/div><div class=\"title\">5-minutowa maseczka oczyszczaj\u0105ca<\/div><\/a><a class=\"slider-collage-carousel__btn read-more-button\" href=\"https:\/\/triny.pl\/9990-miya-5-minutowa-maseczka-oczyszczajaca.html\" target=\"_blank\">Zobacz<\/a><\/li><\/ul><\/section>\n\n\n\n<p>Miya to polska marka kosmetyczna, kt\u00f3ra zas\u0142yn\u0119\u0142a swoimi kremami, ale i maseczki maj\u0105 swoje 5 minut \u2013 dos\u0142ownie! Oczyszczaj\u0105ca maska do twarzy doceniana jest za wysok\u0105 efektywno\u015b\u0107, je\u015bli chodzi o oczyszczenie i od\u015bwie\u017cenie, odblokowanie por\u00f3w sk\u00f3rnych, a tak\u017ce roz\u015bwietlenie cery. W badaniu a\u017c 97% os\u00f3b potwierdzi\u0142o jej skuteczno\u015b\u0107 ju\u017c po jednym u\u017cyciu! Klientki wskazuj\u0105, \u017ce ju\u017c jedna aplikacja wystarczy, aby drobne niedoskona\u0142o\u015bci i rozszerzone pory sta\u0142y si\u0119 mniej widoczne, a cera nabra\u0142a g\u0142adko\u015bci i mi\u0119kko\u015bci.<\/p>\n\n\n\n<p><strong>Co znajdziemy w tej maseczce?<\/strong><\/p>\n\n\n\n<p>G\u0142\u0119bokie oczyszczenie zapewniaj\u0105 glinki r\u00f3\u017cowa i bia\u0142a oraz specjalny kompleks sk\u0142adaj\u0105cy si\u0119 z kwasu azelainowego (5%) i glicyny. W\u0142a\u015bciwo\u015bci piel\u0119gnacyjne zapewnia olej z nasion maliny, olej jojoba, witamina E i prowitamina B5.<\/p>\n\n\n\n<blockquote class=\"wp-block-quote\">\n<p>Bardzo fajna! Wydajna, rzeczywi\u015bcie oczyszcza, zmniejsza widoczno\u015b\u0107 por\u00f3w i drobnych niedoskona\u0142o\u015bci. U\u017cywam na zmian\u0119 z 3-minutow\u0105 maseczk\u0105 wyg\u0142adzaj\u0105c\u0105.<\/p>\n<cite>Joanna G.<\/cite><\/blockquote>\n\n\n\n<div class=\"wp-block-buttons is-horizontal is-content-justification-center is-layout-flex wp-container-1 wp-block-buttons-is-layout-flex\">\n<div class=\"wp-block-button\"><a class=\"wp-block-button__link wp-element-button\" href=\"https:\/\/triny.pl\/9990-miya-5-minutowa-maseczka-oczyszczajaca.html\">Sprawd\u017a cen\u0119 produktu<\/a><\/div>\n<\/div>\n\n\n\n<h2 class=\"wp-block-heading\" id=\"miejsce-4-maska-tkaninowa-aloes-i-algi-filipinskie-od-orientana\">Miejsce 4. Maska tkaninowa &#8211; Aloes i algi filipi\u0144skie od Orientana<\/h2>\n\n\n\n<p>Maska w p\u0142achcie od Orientany to doskona\u0142y spos\u00f3b na oczyszczaj\u0105cy, nawil\u017caj\u0105cy i uj\u0119drniaj\u0105cy zabieg wykonywany 2 razy w tygodniu. Naturalny japo\u0144ski jedwab nas\u0105czony jest sk\u0142adnikami aktywnymi, dzi\u0119ki kt\u00f3rym cera po u\u017cyciu jest widocznie uspokojona, wyg\u0142adzona, przyjemnie zmatowiona i zrewitalizowana. Jak wskazuj\u0105 klientki, efekt nawil\u017cenia utrzymuje si\u0119 nawet ca\u0142y dzie\u0144, sk\u00f3ra r\u00f3wnie\u017c si\u0119 szybko nie t\u0142u\u015bci i zachowuje \u015bwie\u017cy wygl\u0105d. Zalet\u0105 jest r\u00f3wnie\u017c du\u017ca zawarto\u015b\u0107 serum w saszetce.<\/p>\n\n\n\n<p><strong>Co znajdziemy w tej maseczce?<\/strong><\/p>\n\n\n\n<p>Maska to prawdziwe bogactwo sk\u0142adnik\u00f3w aktywnych, w\u015br\u00f3d kt\u00f3rych dominuj\u0105 biopeptydy ro\u015blinne i ekstrakty z alg filipi\u0144skich. Ca\u0142o\u015b\u0107 uzupe\u0142nia silnie nawil\u017caj\u0105cy i koj\u0105cy aloes, alantoina ro\u015blinna, ekstrakt z korzenia lukrecji, kolagen ro\u015blinny, kwas hialuronowy.<\/p>\n\n\n\n<blockquote class=\"wp-block-quote\">\n<p>Super si\u0119 sprawdza na mojej mieszanej sk\u00f3rze. Jest wygodna w stosowaniu , mocno przylega do twarzy. Ma dzia\u0142anie silnie nawil\u017caj\u0105ce i uj\u0119drniaj\u0105ce sk\u00f3r\u0119. Aloes zawarty w sk\u0142adzie dodatkowo j\u0105 wyg\u0142adza. Stosuje mask\u0119 dwa razy w tygodniu.<\/p>\n<cite>Magda R.<\/cite><\/blockquote>\n\n\n\n<h2 class=\"wp-block-heading\" id=\"miejsce-5-detoksykujaca-maska-oczyszczajaca-matcha-i-zielona-glinka-od-joik\">Miejsce 5. Detoksykuj\u0105ca maska oczyszczaj\u0105ca &#8211; Matcha i zielona glinka od JOIK<\/h2>\n\n\n<section class=\"slider-collage-carousel\" data-id=\"11289\"><ul class=\"collage collage-slider\"><li class=\"item\"><a href=\"https:\/\/triny.pl\/11289-joik-matcha-i-zielona-glinka-detoksykujaca-maska-oczyszczajaca.html\" target=\"_blank\"><picture><source srcset=\"https:\/\/static.triny.pl\/img\/p\/1\/6\/8\/6\/4\/16864-thickbox_default.webp\"  type=\"image\/webp\"><source srcset=\"https:\/\/static.triny.pl\/img\/p\/1\/6\/8\/6\/4\/16864-thickbox_default.jpg\"  type=\"image\/jpeg\"><img src=\"https:\/\/triny.pl\/blog\/wp-content\/themes\/triny\/assets\/img\/placeholder-600x600.png\" data-src=\"https:\/\/static.triny.pl\/img\/p\/1\/6\/8\/6\/4\/16864-thickbox_default.jpg\" class=\"tns-lazy-img\" alt=\"Matcha i zielona glinka &#8211; detoksykuj\u0105ca maska oczyszczaj\u0105ca\"><\/picture><div class=\"brand\">JOIK<\/div><div class=\"title\">Matcha i zielona glinka &#8211; detoksykuj\u0105ca maska oczyszczaj\u0105ca<\/div><\/a><a class=\"slider-collage-carousel__btn read-more-button\" href=\"https:\/\/triny.pl\/11289-joik-matcha-i-zielona-glinka-detoksykujaca-maska-oczyszczajaca.html\" target=\"_blank\">Zobacz<\/a><\/li><\/ul><\/section>\n\n\n\n<p>TOP5 zamyka luksusowa marka esto\u0144skich kosmetyk\u00f3w, kt\u00f3ra niedawno zawita\u0142a w Polsce. Jej detoksykuj\u0105ca maseczka z match\u0105 i zielon\u0105 glink\u0105 g\u0142\u0119boko oczyszcza, normalizuje, od\u015bwie\u017ca i rozja\u015bnia. Przy systematycznym stosowaniu przywraca sk\u00f3rze przyjemne napi\u0119cie i \u015bwietlisty, zdrowy blask. Maska jest laureatem konkursu Beauty Shortlist Awards 2020 (Editor&#8217;s Choice) oraz otrzyma\u0142a esto\u0144sk\u0105 nagrod\u0119 Buduaari Lemmik 2020.<\/p>\n\n\n\n<p><strong>Co znajdziemy w tej maseczce?<\/strong><\/p>\n\n\n\n<p>Zawiera a\u017c 99,97% sk\u0142adnik\u00f3w pochodzenia naturalnego. W sk\u0142adzie znajdziesz organiczn\u0105 zielon\u0105 herbat\u0119 matcha, drobnoziarnist\u0105 zielon\u0105 glink\u0119, kt\u00f3re dzia\u0142aj\u0105 silnie oczyszczaj\u0105co i normalizuj\u0105co. Pr\u00f3cz tego wspomagaj\u0105cy regeneracj\u0119 kompleks nordyckich zio\u0142owych ekstrakt\u00f3w z krwawnika pospolitego, mi\u0119ty pieprzowej, babki lancetowatej i melisy; oraz ekstrakty z palmy sabalowej i jag\u00f3d ja\u0142owca, kt\u00f3re pomagaj\u0105 zmniejszy\u0107 widoczno\u015b\u0107 por\u00f3w. Od\u017cywienie zapewnia mas\u0142o shea i olej szafranowy, a organiczny olejek eteryczny z mi\u0119ty pieprzowej przyjemnie ch\u0142odzi i od\u015bwie\u017ca.<\/p>\n\n\n\n<blockquote class=\"wp-block-quote\">\n<p>Maska jest \u015bwietna. Czu\u0107, \u017ce jest to produkt z tzw. wy\u017cszej p\u00f3\u0142ki. Warta ka\u017cdej z\u0142ot\u00f3wki, cera po niej jest jak po wyj\u015bciu z salonu kosmetycznego. Polecam z ca\u0142ego serca!<\/p>\n<cite>Agata W.<\/cite><\/blockquote>\n\n\n\n<div class=\"wp-block-buttons is-horizontal is-content-justification-center is-layout-flex wp-container-2 wp-block-buttons-is-layout-flex\">\n<div class=\"wp-block-button\"><a class=\"wp-block-button__link wp-element-button\" href=\"https:\/\/triny.pl\/11289-joik-matcha-i-zielona-glinka-detoksykujaca-maska-oczyszczajaca.html\">Sprawd\u017a cen\u0119&nbsp;produktu<\/a><\/div>\n<\/div>\n\n\n\n<h2 class=\"wp-block-heading\" id=\"miejsce-6-maska-algowa-dla-cery-tradzikowej-z-bambusem-acne-stop-od-apis\">Miejsce 6. Maska algowa dla cery tr\u0105dzikowej z bambusem &#8211; Acne-stop od APIS<\/h2>\n\n\n<section class=\"slider-collage-carousel\" data-id=\"11593\"><ul class=\"collage collage-slider\"><li class=\"item\"><a href=\"https:\/\/triny.pl\/11593-apis-maska-algowa-dla-cery-tradzikowej-z-bambusem-acne-stop.html\" target=\"_blank\"><picture><source srcset=\"https:\/\/static.triny.pl\/img\/p\/1\/7\/9\/1\/6\/17916-thickbox_default.webp\"  type=\"image\/webp\"><source srcset=\"https:\/\/static.triny.pl\/img\/p\/1\/7\/9\/1\/6\/17916-thickbox_default.jpg\"  type=\"image\/jpeg\"><img src=\"https:\/\/triny.pl\/blog\/wp-content\/themes\/triny\/assets\/img\/placeholder-600x600.png\" data-src=\"https:\/\/static.triny.pl\/img\/p\/1\/7\/9\/1\/6\/17916-thickbox_default.jpg\" class=\"tns-lazy-img\" alt=\"Maska algowa dla cery tr\u0105dzikowej z bambusem &#8211; Acne-stop\"><\/picture><div class=\"brand\">APIS<\/div><div class=\"title\">Maska algowa dla cery tr\u0105dzikowej z bambusem &#8211; Acne-stop<\/div><\/a><a class=\"slider-collage-carousel__btn read-more-button\" href=\"https:\/\/triny.pl\/11593-apis-maska-algowa-dla-cery-tradzikowej-z-bambusem-acne-stop.html\" target=\"_blank\">Zobacz<\/a><\/li><\/ul><\/section>\n\n\n\n<p>Apis to kolejna polska firma kosmetyczna w naszym rankingu. Jej maska z algami stworzona zosta\u0142a dla potrzeb cery tr\u0105dzikowej, ale znakomicie sprawdzi si\u0119 przy cerze mieszanej, zw\u0142aszcza ze sk\u0142onno\u015bci\u0105 do zapychania i niedoskona\u0142o\u015bci. Dzia\u0142a silnie oczyszczaj\u0105co, odblokowuje pory sk\u00f3rne, a tak\u017ce wykazuje dzia\u0142anie antybakteryjne, dzi\u0119ki czemu zapobiega powstawaniu krostek. Zalet\u0105 maski jest proste przygotowanie \u2013 wystarczy doda\u0107 odrobin\u0119 wody. Ju\u017c po jednym u\u017cyciu zmiany staj\u0105 si\u0119 mniej widoczne, a cera odzyskuje zdrowy i promienny wygl\u0105d.<\/p>\n\n\n\n<p><strong>Co znajdziemy w tej maseczce?<\/strong><\/p>\n\n\n\n<p>Ekstrakt z alg nawil\u017ca i uj\u0119drnia sk\u00f3r\u0119. Dzia\u0142anie oczyszczaj\u0105ce zapewnia ekstrakt z zielonej herbaty oraz ziemia okrzemkowa, a ekstrakt z bambusa zmi\u0119kcza i wyg\u0142adza sk\u00f3r\u0119. Zawiera r\u00f3wnie\u017c b\u0142oto z Morza Martwego.<\/p>\n\n\n\n<blockquote class=\"wp-block-quote\">\n<p>Maseczka zapewni Ci dok\u0142adne oczyszczenie twarzy. Jestem zachwycona \u015bwie\u017co\u015bci\u0105 jak\u0105 czuje po jej zastosowaniu, jak te\u017c kondycj\u0105 sk\u00f3ry w d\u0142u\u017cszym okresie podczas regularnego stosowania. Cera jest zdecydowanie bardziej napi\u0119ta i wyg\u0142adzona. Sztos!<\/p>\n<cite>Sylwia M.<\/cite><\/blockquote>\n\n\n\n<div class=\"wp-block-buttons is-horizontal is-content-justification-center is-layout-flex wp-container-3 wp-block-buttons-is-layout-flex\">\n<div class=\"wp-block-button\"><a class=\"wp-block-button__link wp-element-button\" href=\"https:\/\/triny.pl\/11593-apis-maska-algowa-dla-cery-tradzikowej-z-bambusem-acne-stop.html\">Sprawd\u017a cen\u0119&nbsp;produktu<\/a><\/div>\n<\/div>\n\n\n\n<h2 class=\"wp-block-heading\" id=\"miejsce-7-maska-peel-off-do-twarzy-jarmuz-granat-od-frojo\">Miejsce 7. Maska peel-off do twarzy &#8211; Jarmu\u017c-granat od Frojo<\/h2>\n\n\n\n\n\n\n<p>Oczyszczaj\u0105ca maseczka z glink\u0105 Frojo zapewnia b\u0142yskawiczne od\u015bwie\u017cenie i zregenerowanie sk\u00f3ry. Dzi\u0119ki silnym w\u0142a\u015bciwo\u015bciom oczyszczaj\u0105cym i z\u0142uszczaj\u0105cym mo\u017ce by\u0107 alternatyw\u0105 dla peelingu mechanicznego. Jest to maska typu peel-off zatem mo\u017cna z powodzeniem stosowa\u0107 j\u0105 na bardziej problematyczne partie twarzy, jak i na ca\u0142\u0105 twarz. Atutem jest to, \u017ce daje natychmiastowy efekt \u2013 sk\u00f3ra staje si\u0119 oczyszczona, wyg\u0142adzona, a przy tym jest nawil\u017cona. Przy regularnym stosowaniu staje si\u0119 wyra\u017anie zr\u00f3wnowa\u017cona i uj\u0119drniona. Maska nie zawiera silikon\u00f3w, parafiny, sztucznych barwnik\u00f3w i konserwant\u00f3w.<\/p>\n\n\n\n<p><strong>Co znajdziemy w tej maseczce?<\/strong><\/p>\n\n\n\n<p>Zawiera glink\u0119 zielon\u0105, ekstrakt z jarmu\u017cu, ekstrakt z granatu, witamin\u0119 C. Dzi\u0119ki tym sk\u0142adnikom maska nie tylko oczyszcza sk\u00f3r\u0119, ale te\u017c od\u017cywia, nawil\u017ca i wspomaga procesy syntezy kolagenu, co wp\u0142ywa na redukcj\u0119 zmarszczek.<\/p>\n\n\n\n<blockquote class=\"wp-block-quote\">\n<p>Sk\u00f3ra po u\u017cyciu maski jest bardzo przyjemna w dotyku i od\u017cywiona, jeden z nielicznych kosmetyk\u00f3w, po kt\u00f3rych r\u00f3\u017cnice zauwa\u017cy\u0142am ju\u017c po pierwszym u\u017cyciu.<\/p>\n<cite>Urszula G.<\/cite><\/blockquote>\n\n\n\n<div class=\"wp-block-buttons is-horizontal is-content-justification-center is-layout-flex wp-container-4 wp-block-buttons-is-layout-flex\">\n<div class=\"wp-block-button\"><a class=\"wp-block-button__link wp-element-button\" href=\"https:\/\/triny.pl\/11226-frojo-maska-peel-off-do-twarzy-jarmuz-granat.html\">Sprawd\u017a cen\u0119 produktu<\/a><\/div>\n<\/div>\n\n\n\n<h2 class=\"wp-block-heading\" id=\"miejsce-8-niebieska-maseczka-kojaco-nawilzajaca-od-auna\">Miejsce 8. Niebieska maseczka koj\u0105co-nawil\u017caj\u0105ca od Auna<\/h2>\n\n\n\n<p>Koj\u0105co-nawil\u017caj\u0105ca maseczka Auna to produkt wega\u0144ski, bez konserwant\u00f3w. Dzi\u0119ki doborowi glinek sprawdzi si\u0119 w piel\u0119gnacji cery poszarza\u0142ej, suchej i pozbawionej blasku, a cerze mieszanej przywr\u00f3ci naturaln\u0105 r\u00f3wnowag\u0119. B\u0142yskawicznie oczyszcza, bez naruszenia warstwy hydrolipidowej sk\u00f3ry, przez co po zabiegu jest ona nawil\u017cona, bez wra\u017cenia wysuszenia. Za spraw\u0105 glinek domyka pory sk\u00f3rne, poprawia elastyczno\u015b\u0107, a tak\u017ce nadaje cerze blask.<\/p>\n\n\n\n<p><strong>Co znajdziemy w tej maseczce?<\/strong><\/p>\n\n\n\n<p>Baz\u0105 s\u0105 dwie glinki: niebieska, kt\u00f3ra dok\u0142adnie oczyszcza, oraz bia\u0142a, kt\u00f3ra uelastycznia sk\u00f3r\u0119. Alantoina \u0142agodzi podra\u017cnienia. Zawiera r\u00f3wnie\u017c zmi\u0119kczaj\u0105cy nask\u00f3rek mocznik oraz dzia\u0142aj\u0105cy przeciw\u0142ojotokowo niacynamid.<\/p>\n\n\n\n<blockquote class=\"wp-block-quote\">\n<p>Bardzo przyjemna maseczka \ud83d\ude42 Po zastosowaniu wida\u0107 efekt zmi\u0119kczenia sk\u00f3ry, \u0142agodzi drobne niedoskona\u0142o\u015bci, ale te\u017c odrobin\u0119 nawil\u017ca.<\/p>\n<cite>Liliana S.<\/cite><\/blockquote>\n\n\n\n<h2 class=\"wp-block-heading\" id=\"miejsce-9-maseczka-do-twarzy-szyi-i-dekoltu-green-power-od-miodowa-mydlarnia\">Miejsce 9. Maseczka do twarzy szyi i dekoltu &#8211; Green Power od Miodowa Mydlarnia<\/h2>\n\n\n\n<p>Przedostatnie miejsce w rankingu maseczek do cery mieszanej zajmuje produkt od Miodowej Mydlarni zamkni\u0119ty w szklanym s\u0142oiczku. Wyr\u00f3\u017cnia si\u0119 naturalnym i prostym sk\u0142adem (100% natury) oraz wysok\u0105 skuteczno\u015bci\u0105. Klientki zaznaczaj\u0105, \u017ce maseczka super oczyszcza i od\u015bwie\u017ca, a po kilku zastosowaniach zmniejsza nawet objawy tr\u0105dziku. Ju\u017c jedno u\u017cycie przynosi wra\u017cenie nawil\u017cenia i zmniejszenia b\u0142yszczenia \u2013 podra\u017cnienia i stany zapalne zostaj\u0105 z\u0142agodzone, a cera odzyskuje r\u00f3wnowag\u0119.<\/p>\n\n\n\n<p><strong>Co znajdziemy w tej maseczce?<\/strong><\/p>\n\n\n\n<p>Baz\u0105 jest zielona glinka z dodatkiem spiruliny, miodu, m\u0142odego j\u0119czmienia i ekstraktu zielonej herbaty. I to tyle \u2013 zero innych dodatk\u00f3w.<\/p>\n\n\n\n<blockquote class=\"wp-block-quote\">\n<p>Bardzo dobra maseczka, stosuj\u0119 regularnie. Dobrze jest zmiesza\u0107 j\u0105 z miodem. Daje \u015bwietne rezultaty.<\/p>\n<cite>Grzegorz K.<\/cite><\/blockquote>\n\n\n\n<h2 class=\"wp-block-heading\" id=\"miejsce-10-maska-do-twarzy-niebieska-glinka-od-cafe-mimi\">Miejsce 10. Maska do twarzy &#8211; Niebieska Glinka od Cafe Mimi<\/h2>\n\n\n\n<p>Ostatnie miejsce, ale r\u00f3wnie zaszczytne i wyr\u00f3\u017cniaj\u0105ce produkt o wysokiej efektywno\u015bci, to maska rosyjskiej marki Cafe Mimi. Wykazuje dwie bardzo wa\u017cne dla cery mieszanej w\u0142a\u015bciwo\u015bci: g\u0142\u0119boko oczyszcza i dzia\u0142a antybakteryjnie. Do tego silnie od\u017cywia, zatem cera po zabiegu staje si\u0119 czysta, \u015bwie\u017ca i widocznie zrewitalizowana. Regularnie stosowana zapobiega powstawaniu niedoskona\u0142o\u015bci.<\/p>\n\n\n\n<p><strong>Co znajdziemy w tej maseczce?<\/strong><\/p>\n\n\n\n<p>Niebieska glinka z dodatkiem drzewa herbacianego to bardzo mocny duet, kt\u00f3ry przynosi korzy\u015bci cerze mieszanej \u2013 g\u0142\u0119boko oczyszczaj\u0105, dezynfekuj\u0105, zwalczaj\u0105c drobnoustroje, dzia\u0142aj\u0105 \u015bci\u0105gaj\u0105co i tym samym sprawiaj\u0105, \u017ce cera ma mniejsz\u0105 sk\u0142onno\u015b\u0107 do zapychania i b\u0142yszczenia.<\/p>\n\n\n\n<blockquote class=\"wp-block-quote\">\n<p>Idealna maseczka do walki z niedoskona\u0142o\u015bciami sk\u00f3ry. Co jest bardzo wa\u017cne, nie wysusza cery przy tym.<\/p>\n<cite>Agnieszka L.<\/cite><\/blockquote>\n\n\n\n<h2 class=\"wp-block-heading\" id=\"podsumowanie\">Podsumowanie<\/h2>\n\n\n\n<p>Kiedy masz cer\u0119 mieszan\u0105, wa\u017cny jest nie tylko odpowiedni dob\u00f3r maseczki, ale te\u017c regularne je stosowanie. Dobrze, jakby maseczka do cery mieszanej by\u0142a naturalna, na bazie \u0142agodnych i przyjaznych dla sk\u00f3ry sk\u0142adnik\u00f3w oczyszczaj\u0105cych, \u015bci\u0105gaj\u0105cych i \u0142agodz\u0105cych. Tylko dzi\u0119ki temu wspomo\u017ce Ci\u0119 w codziennej walce o czyst\u0105, matow\u0105 sk\u00f3r\u0119, bez b\u0142yszczenia si\u0119 w strefie T.<\/p>\n\n\n\n<p>Mamy nadziej\u0119, \u017ce nasz ranking okaza\u0142 si\u0119 dla Ciebie pomocny. Aby takie TOP10 kosmetyk\u00f3w powstawa\u0142y regularnie, potrzebujemy Twoich opinii. <strong>Zach\u0119camy do wystawiania komentarzy w<\/strong><a href=\"https:\/\/triny.pl\/\"><strong> <\/strong><strong>sklepie Triny<\/strong><\/a><strong>.<\/strong> To w\u0142a\u015bnie dzi\u0119ki nim mo\u017cemy rekomendowa\u0107 najlepsze produkty dla Ciebie, bez kt\u00f3rych naturalna piel\u0119gnacja nie mo\u017ce si\u0119 obej\u015b\u0107!<\/p>\n\n\n\n<p><strong><em>Czy znalaz\u0142a\u015b na li\u015bcie swoj\u0105 maseczk\u0119? A mo\u017ce masz innego faworyta? Podziel si\u0119 w komentarzu!<\/em><\/strong><\/p>\n\n\n\n<p><strong>Pozosta\u0142e rankingi maseczek:<\/strong><\/p>\n\n\n\n<figure class=\"wp-block-embed is-type-wp-embed is-provider-blog-triny-pl wp-block-embed-blog-triny-pl\"><div class=\"wp-block-embed__wrapper\">\n<blockquote class=\"wp-embedded-content\" data-secret=\"mSCiMRWQhG\"><a href=\"https:\/\/triny.pl\/blog\/najlepsze-maseczki-do-cery-mieszanej-ranking-top-10\/\">Najlepsze maseczki do cery mieszanej \u2013 Ranking TOP 10 w 2022 roku<\/a><\/blockquote><iframe class=\"wp-embedded-content\" sandbox=\"allow-scripts\" security=\"restricted\" style=\"position: absolute; clip: rect(1px, 1px, 1px, 1px);\" title=\"&#8222;Najlepsze maseczki do cery mieszanej \u2013 Ranking TOP 10 w 2022 roku&#8221; &#8212; Blog Triny.pl\" src=\"https:\/\/triny.pl\/blog\/najlepsze-maseczki-do-cery-mieszanej-ranking-top-10\/embed\/#?secret=yvEUy50xqi#?secret=mSCiMRWQhG\" data-secret=\"mSCiMRWQhG\" width=\"600\" height=\"338\" frameborder=\"0\" marginwidth=\"0\" marginheight=\"0\" scrolling=\"no\"><\/iframe>\n<\/div><\/figure>\n\n\n\n<figure class=\"wp-block-embed is-type-wp-embed is-provider-blog-triny-pl wp-block-embed-blog-triny-pl\"><div class=\"wp-block-embed__wrapper\">\n<blockquote class=\"wp-embedded-content\" data-secret=\"9ameMcDGsw\"><a href=\"https:\/\/triny.pl\/blog\/najlepsze-maseczki-dla-nastolatkow-ranking-top-10\/\">Najlepsze maseczki dla nastolatk\u00f3w \u2013 Ranking TOP 10 w 2022 roku<\/a><\/blockquote><iframe class=\"wp-embedded-content\" sandbox=\"allow-scripts\" security=\"restricted\" style=\"position: absolute; clip: rect(1px, 1px, 1px, 1px);\" title=\"&#8222;Najlepsze maseczki dla nastolatk\u00f3w \u2013 Ranking TOP 10 w 2022 roku&#8221; &#8212; Blog Triny.pl\" src=\"https:\/\/triny.pl\/blog\/najlepsze-maseczki-dla-nastolatkow-ranking-top-10\/embed\/#?secret=wqJLca8sMI#?secret=9ameMcDGsw\" data-secret=\"9ameMcDGsw\" width=\"600\" height=\"338\" frameborder=\"0\" marginwidth=\"0\" marginheight=\"0\" scrolling=\"no\"><\/iframe>\n<\/div><\/figure>\n","protected":false},"excerpt":{"rendered":"<p>Maseczki do cery mieszanej za g\u0142\u00f3wne zadanie maj\u0105 g\u0142\u0119bokie oczyszczenie sk\u00f3ry. Niekt\u00f3re z nich wykazuj\u0105 r\u00f3wnie\u017c dzia\u0142anie hamuj\u0105ce rozw\u00f3j drobnoustroj\u00f3w, co&#8230;<\/p>\n","protected":false},"author":21,"featured_media":20451,"comment_status":"open","ping_status":"open","sticky":false,"template":"","format":"standard","meta":{"footnotes":""},"categories":[1],"tags":[],"acf":[],"yoast_head":"<!-- This site is optimized with the Yoast SEO plugin v21.1 - https:\/\/yoast.com\/wordpress\/plugins\/seo\/ -->\n<title>Najlepsze maseczki do cery mieszanej \u2013 Ranking TOP 10 w 2022 roku<\/title>\n<meta name=\"description\" content=\"Maseczki do cery mieszanej za g\u0142\u00f3wne zadanie maj\u0105 g\u0142\u0119bokie oczyszczenie sk\u00f3ry. Zobacz najlepsze maseczki wybrane przez nasze klientki!\" \/>\n<meta name=\"robots\" content=\"index, follow, max-snippet:-1, max-image-preview:large, max-video-preview:-1\" \/>\n<link rel=\"canonical\" href=\"https:\/\/triny.pl\/blog\/najlepsze-maseczki-do-cery-mieszanej-ranking-top-10\/\" \/>\n<meta property=\"og:locale\" content=\"pl_PL\" \/>\n<meta property=\"og:type\" content=\"article\" \/>\n<meta property=\"og:title\" content=\"Najlepsze maseczki do cery mieszanej \u2013 Ranking TOP 10 w 2022 roku\" \/>\n<meta property=\"og:description\" content=\"Maseczki do cery mieszanej za g\u0142\u00f3wne zadanie maj\u0105 g\u0142\u0119bokie oczyszczenie sk\u00f3ry. Zobacz najlepsze maseczki wybrane przez nasze klientki!\" \/>\n<meta property=\"og:url\" content=\"https:\/\/triny.pl\/blog\/najlepsze-maseczki-do-cery-mieszanej-ranking-top-10\/\" \/>\n<meta property=\"og:site_name\" content=\"Blog Triny.pl\" \/>\n<meta property=\"article:publisher\" content=\"https:\/\/www.facebook.com\/trinysklep\" \/>\n<meta property=\"article:published_time\" content=\"2022-02-02T09:21:00+00:00\" \/>\n<meta property=\"article:modified_time\" content=\"2023-09-06T09:10:50+00:00\" \/>\n<meta property=\"og:image\" content=\"https:\/\/triny.pl\/blog\/wp-content\/uploads\/2021\/07\/maseczki-do-cery-mieszanej.jpeg\" \/>\n\t<meta property=\"og:image:width\" content=\"1200\" \/>\n\t<meta property=\"og:image:height\" content=\"800\" \/>\n\t<meta property=\"og:image:type\" content=\"image\/jpeg\" \/>\n<meta name=\"author\" content=\"Marysia Wajda\" \/>\n<meta name=\"twitter:label1\" content=\"Napisane przez\" \/>\n\t<meta name=\"twitter:data1\" content=\"Marysia Wajda\" \/>\n\t<meta name=\"twitter:label2\" content=\"Szacowany czas czytania\" \/>\n\t<meta name=\"twitter:data2\" content=\"15 minut\" \/>\n<script type=\"application\/ld+json\" class=\"yoast-schema-graph\">{\"@context\":\"https:\/\/schema.org\",\"@graph\":[{\"@type\":\"Article\",\"@id\":\"https:\/\/triny.pl\/blog\/najlepsze-maseczki-do-cery-mieszanej-ranking-top-10\/#article\",\"isPartOf\":{\"@id\":\"https:\/\/triny.pl\/blog\/najlepsze-maseczki-do-cery-mieszanej-ranking-top-10\/\"},\"author\":{\"name\":\"Marysia Wajda\",\"@id\":\"https:\/\/triny.pl\/blog\/#\/schema\/person\/1f0cf312784bf4debdc7de4be1475777\"},\"headline\":\"Najlepsze maseczki do cery mieszanej \u2013 Ranking TOP 10 w 2022 roku\",\"datePublished\":\"2022-02-02T09:21:00+00:00\",\"dateModified\":\"2023-09-06T09:10:50+00:00\",\"mainEntityOfPage\":{\"@id\":\"https:\/\/triny.pl\/blog\/najlepsze-maseczki-do-cery-mieszanej-ranking-top-10\/\"},\"wordCount\":2942,\"commentCount\":0,\"publisher\":{\"@id\":\"https:\/\/triny.pl\/blog\/#organization\"},\"inLanguage\":\"pl-PL\",\"potentialAction\":[{\"@type\":\"CommentAction\",\"name\":\"Comment\",\"target\":[\"https:\/\/triny.pl\/blog\/najlepsze-maseczki-do-cery-mieszanej-ranking-top-10\/#respond\"]}]},{\"@type\":\"WebPage\",\"@id\":\"https:\/\/triny.pl\/blog\/najlepsze-maseczki-do-cery-mieszanej-ranking-top-10\/\",\"url\":\"https:\/\/triny.pl\/blog\/najlepsze-maseczki-do-cery-mieszanej-ranking-top-10\/\",\"name\":\"Najlepsze maseczki do cery mieszanej \u2013 Ranking TOP 10 w 2022 roku\",\"isPartOf\":{\"@id\":\"https:\/\/triny.pl\/blog\/#website\"},\"datePublished\":\"2022-02-02T09:21:00+00:00\",\"dateModified\":\"2023-09-06T09:10:50+00:00\",\"description\":\"Maseczki do cery mieszanej za g\u0142\u00f3wne zadanie maj\u0105 g\u0142\u0119bokie oczyszczenie sk\u00f3ry. Zobacz najlepsze maseczki wybrane przez nasze klientki!\",\"breadcrumb\":{\"@id\":\"https:\/\/triny.pl\/blog\/najlepsze-maseczki-do-cery-mieszanej-ranking-top-10\/#breadcrumb\"},\"inLanguage\":\"pl-PL\",\"potentialAction\":[{\"@type\":\"ReadAction\",\"target\":[\"https:\/\/triny.pl\/blog\/najlepsze-maseczki-do-cery-mieszanej-ranking-top-10\/\"]}]},{\"@type\":\"BreadcrumbList\",\"@id\":\"https:\/\/triny.pl\/blog\/najlepsze-maseczki-do-cery-mieszanej-ranking-top-10\/#breadcrumb\",\"itemListElement\":[{\"@type\":\"ListItem\",\"position\":1,\"name\":\"Strona g\u0142\u00f3wna\",\"item\":\"https:\/\/triny.pl\/blog\/\"},{\"@type\":\"ListItem\",\"position\":2,\"name\":\"Najlepsze maseczki do cery mieszanej \u2013 Ranking TOP 10 w 2022 roku\"}]},{\"@type\":\"WebSite\",\"@id\":\"https:\/\/triny.pl\/blog\/#website\",\"url\":\"https:\/\/triny.pl\/blog\/\",\"name\":\"Blog Triny.pl\",\"description\":\"Naturalna piel\u0119gnacja bez tajemnic! Pokazujemy jak dba\u0107 o cia\u0142o i w\u0142osy dla optymalnych, d\u0142ugotrwa\u0142ych efekt\u00f3w. Sprawd\u017a te ma\u0142o znane triki :)\",\"publisher\":{\"@id\":\"https:\/\/triny.pl\/blog\/#organization\"},\"potentialAction\":[{\"@type\":\"SearchAction\",\"target\":{\"@type\":\"EntryPoint\",\"urlTemplate\":\"https:\/\/triny.pl\/blog\/?s={search_term_string}\"},\"query-input\":\"required name=search_term_string\"}],\"inLanguage\":\"pl-PL\"},{\"@type\":\"Organization\",\"@id\":\"https:\/\/triny.pl\/blog\/#organization\",\"name\":\"Triny Sp. z o. o.\",\"url\":\"https:\/\/triny.pl\/blog\/\",\"logo\":{\"@type\":\"ImageObject\",\"inLanguage\":\"pl-PL\",\"@id\":\"https:\/\/triny.pl\/blog\/#\/schema\/logo\/image\/\",\"url\":\"https:\/\/triny.pl\/blog\/wp-content\/uploads\/2020\/08\/logo-triny.png\",\"contentUrl\":\"https:\/\/triny.pl\/blog\/wp-content\/uploads\/2020\/08\/logo-triny.png\",\"width\":190,\"height\":78,\"caption\":\"Triny Sp. z o. o.\"},\"image\":{\"@id\":\"https:\/\/triny.pl\/blog\/#\/schema\/logo\/image\/\"},\"sameAs\":[\"https:\/\/www.facebook.com\/trinysklep\",\"https:\/\/www.instagram.com\/trinysklep\/\",\"https:\/\/pl.pinterest.com\/trinypl\/_created\/\"]},{\"@type\":\"Person\",\"@id\":\"https:\/\/triny.pl\/blog\/#\/schema\/person\/1f0cf312784bf4debdc7de4be1475777\",\"name\":\"Marysia Wajda\",\"description\":\"Cze\u015b\u0107! Nazywam si\u0119 Marysia i jestem wielk\u0105 fank\u0105 naturalnej piel\u0119gnacji. Od dawna stosuj\u0119 wy\u0142\u0105cznie kosmetyki naturalne, zwracaj\u0105c bacznie uwag\u0119 na ich sk\u0142ad. Lubi\u0119 testowa\u0107 nowe produkty oraz rozwi\u0105zania urodowe i ch\u0119tnie si\u0119 podziel\u0119 wynikami moich eksperyment\u00f3w na tym blogu. Staram si\u0119 \u017cy\u0107 w zgodzie z natur\u0105 i w stylu zero waste, wi\u0119c ch\u0119tnie b\u0119d\u0119 przekazywa\u0107 Wam r\u00f3wnie\u017c pomys\u0142y na ponownie wykorzystanie kosmetyk\u00f3w i nie tylko. Zapraszam do obserwowania profilu na Facebooku, w kt\u00f3rym zamieszczane s\u0105 codziennie ciekawostki, porady, najlepsze kosmetyki naturalne: https:\/\/www.facebook.com\/trinysklep\",\"url\":\"https:\/\/triny.pl\/blog\/author\/marysia\/\"}]}<\/script>\n<!-- \/ Yoast SEO plugin. -->","yoast_head_json":{"title":"Najlepsze maseczki do cery mieszanej \u2013 Ranking TOP 10 w 2022 roku","description":"Maseczki do cery mieszanej za g\u0142\u00f3wne zadanie maj\u0105 g\u0142\u0119bokie oczyszczenie sk\u00f3ry. Zobacz najlepsze maseczki wybrane przez nasze klientki!","robots":{"index":"index","follow":"follow","max-snippet":"max-snippet:-1","max-image-preview":"max-image-preview:large","max-video-preview":"max-video-preview:-1"},"canonical":"https:\/\/triny.pl\/blog\/najlepsze-maseczki-do-cery-mieszanej-ranking-top-10\/","og_locale":"pl_PL","og_type":"article","og_title":"Najlepsze maseczki do cery mieszanej \u2013 Ranking TOP 10 w 2022 roku","og_description":"Maseczki do cery mieszanej za g\u0142\u00f3wne zadanie maj\u0105 g\u0142\u0119bokie oczyszczenie sk\u00f3ry. Zobacz najlepsze maseczki wybrane przez nasze klientki!","og_url":"https:\/\/triny.pl\/blog\/najlepsze-maseczki-do-cery-mieszanej-ranking-top-10\/","og_site_name":"Blog Triny.pl","article_publisher":"https:\/\/www.facebook.com\/trinysklep","article_published_time":"2022-02-02T09:21:00+00:00","article_modified_time":"2023-09-06T09:10:50+00:00","og_image":[{"width":1200,"height":800,"url":"https:\/\/triny.pl\/blog\/wp-content\/uploads\/2021\/07\/maseczki-do-cery-mieszanej.jpeg","type":"image\/jpeg"}],"author":"Marysia Wajda","twitter_misc":{"Napisane przez":"Marysia Wajda","Szacowany czas czytania":"15 minut"},"schema":{"@context":"https:\/\/schema.org","@graph":[{"@type":"Article","@id":"https:\/\/triny.pl\/blog\/najlepsze-maseczki-do-cery-mieszanej-ranking-top-10\/#article","isPartOf":{"@id":"https:\/\/triny.pl\/blog\/najlepsze-maseczki-do-cery-mieszanej-ranking-top-10\/"},"author":{"name":"Marysia Wajda","@id":"https:\/\/triny.pl\/blog\/#\/schema\/person\/1f0cf312784bf4debdc7de4be1475777"},"headline":"Najlepsze maseczki do cery mieszanej \u2013 Ranking TOP 10 w 2022 roku","datePublished":"2022-02-02T09:21:00+00:00","dateModified":"2023-09-06T09:10:50+00:00","mainEntityOfPage":{"@id":"https:\/\/triny.pl\/blog\/najlepsze-maseczki-do-cery-mieszanej-ranking-top-10\/"},"wordCount":2942,"commentCount":0,"publisher":{"@id":"https:\/\/triny.pl\/blog\/#organization"},"inLanguage":"pl-PL","potentialAction":[{"@type":"CommentAction","name":"Comment","target":["https:\/\/triny.pl\/blog\/najlepsze-maseczki-do-cery-mieszanej-ranking-top-10\/#respond"]}]},{"@type":"WebPage","@id":"https:\/\/triny.pl\/blog\/najlepsze-maseczki-do-cery-mieszanej-ranking-top-10\/","url":"https:\/\/triny.pl\/blog\/najlepsze-maseczki-do-cery-mieszanej-ranking-top-10\/","name":"Najlepsze maseczki do cery mieszanej \u2013 Ranking TOP 10 w 2022 roku","isPartOf":{"@id":"https:\/\/triny.pl\/blog\/#website"},"datePublished":"2022-02-02T09:21:00+00:00","dateModified":"2023-09-06T09:10:50+00:00","description":"Maseczki do cery mieszanej za g\u0142\u00f3wne zadanie maj\u0105 g\u0142\u0119bokie oczyszczenie sk\u00f3ry. Zobacz najlepsze maseczki wybrane przez nasze klientki!","breadcrumb":{"@id":"https:\/\/triny.pl\/blog\/najlepsze-maseczki-do-cery-mieszanej-ranking-top-10\/#breadcrumb"},"inLanguage":"pl-PL","potentialAction":[{"@type":"ReadAction","target":["https:\/\/triny.pl\/blog\/najlepsze-maseczki-do-cery-mieszanej-ranking-top-10\/"]}]},{"@type":"BreadcrumbList","@id":"https:\/\/triny.pl\/blog\/najlepsze-maseczki-do-cery-mieszanej-ranking-top-10\/#breadcrumb","itemListElement":[{"@type":"ListItem","position":1,"name":"Strona g\u0142\u00f3wna","item":"https:\/\/triny.pl\/blog\/"},{"@type":"ListItem","position":2,"name":"Najlepsze maseczki do cery mieszanej \u2013 Ranking TOP 10 w 2022 roku"}]},{"@type":"WebSite","@id":"https:\/\/triny.pl\/blog\/#website","url":"https:\/\/triny.pl\/blog\/","name":"Blog Triny.pl","description":"Naturalna piel\u0119gnacja bez tajemnic! Pokazujemy jak dba\u0107 o cia\u0142o i w\u0142osy dla optymalnych, d\u0142ugotrwa\u0142ych efekt\u00f3w. Sprawd\u017a te ma\u0142o znane triki :)","publisher":{"@id":"https:\/\/triny.pl\/blog\/#organization"},"potentialAction":[{"@type":"SearchAction","target":{"@type":"EntryPoint","urlTemplate":"https:\/\/triny.pl\/blog\/?s={search_term_string}"},"query-input":"required name=search_term_string"}],"inLanguage":"pl-PL"},{"@type":"Organization","@id":"https:\/\/triny.pl\/blog\/#organization","name":"Triny Sp. z o. o.","url":"https:\/\/triny.pl\/blog\/","logo":{"@type":"ImageObject","inLanguage":"pl-PL","@id":"https:\/\/triny.pl\/blog\/#\/schema\/logo\/image\/","url":"https:\/\/triny.pl\/blog\/wp-content\/uploads\/2020\/08\/logo-triny.png","contentUrl":"https:\/\/triny.pl\/blog\/wp-content\/uploads\/2020\/08\/logo-triny.png","width":190,"height":78,"caption":"Triny Sp. z o. o."},"image":{"@id":"https:\/\/triny.pl\/blog\/#\/schema\/logo\/image\/"},"sameAs":["https:\/\/www.facebook.com\/trinysklep","https:\/\/www.instagram.com\/trinysklep\/","https:\/\/pl.pinterest.com\/trinypl\/_created\/"]},{"@type":"Person","@id":"https:\/\/triny.pl\/blog\/#\/schema\/person\/1f0cf312784bf4debdc7de4be1475777","name":"Marysia Wajda","description":"Cze\u015b\u0107! Nazywam si\u0119 Marysia i jestem wielk\u0105 fank\u0105 naturalnej piel\u0119gnacji. Od dawna stosuj\u0119 wy\u0142\u0105cznie kosmetyki naturalne, zwracaj\u0105c bacznie uwag\u0119 na ich sk\u0142ad. Lubi\u0119 testowa\u0107 nowe produkty oraz rozwi\u0105zania urodowe i ch\u0119tnie si\u0119 podziel\u0119 wynikami moich eksperyment\u00f3w na tym blogu. Staram si\u0119 \u017cy\u0107 w zgodzie z natur\u0105 i w stylu zero waste, wi\u0119c ch\u0119tnie b\u0119d\u0119 przekazywa\u0107 Wam r\u00f3wnie\u017c pomys\u0142y na ponownie wykorzystanie kosmetyk\u00f3w i nie tylko. Zapraszam do obserwowania profilu na Facebooku, w kt\u00f3rym zamieszczane s\u0105 codziennie ciekawostki, porady, najlepsze kosmetyki naturalne: https:\/\/www.facebook.com\/trinysklep","url":"https:\/\/triny.pl\/blog\/author\/marysia\/"}]}},"voteUp":"3","voteDown":"0","authorInfo":{"photo":"https:\/\/triny.pl\/blog\/wp-content\/themes\/triny\/assets\/img\/default-avatar.jpg","url":"https:\/\/triny.pl\/blog\/author\/marysia\/","name":"Marysia Wajda"},"media":{"full":"https:\/\/triny.pl\/blog\/wp-content\/uploads\/2021\/07\/maseczki-do-cery-mieszanej.jpeg","desktop":"https:\/\/triny.pl\/blog\/wp-content\/uploads\/2021\/07\/maseczki-do-cery-mieszanej-505x250.jpeg","mobile":"https:\/\/triny.pl\/blog\/wp-content\/uploads\/2021\/07\/maseczki-do-cery-mieszanej-375x190.jpeg"},"_links":{"self":[{"href":"https:\/\/triny.pl\/blog\/wp-json\/wp\/v2\/posts\/20449"}],"collection":[{"href":"https:\/\/triny.pl\/blog\/wp-json\/wp\/v2\/posts"}],"about":[{"href":"https:\/\/triny.pl\/blog\/wp-json\/wp\/v2\/types\/post"}],"author":[{"embeddable":true,"href":"https:\/\/triny.pl\/blog\/wp-json\/wp\/v2\/users\/21"}],"replies":[{"embeddable":true,"href":"https:\/\/triny.pl\/blog\/wp-json\/wp\/v2\/comments?post=20449"}],"version-history":[{"count":8,"href":"https:\/\/triny.pl\/blog\/wp-json\/wp\/v2\/posts\/20449\/revisions"}],"predecessor-version":[{"id":27685,"href":"https:\/\/triny.pl\/blog\/wp-json\/wp\/v2\/posts\/20449\/revisions\/27685"}],"wp:featuredmedia":[{"embeddable":true,"href":"https:\/\/triny.pl\/blog\/wp-json\/wp\/v2\/media\/20451"}],"wp:attachment":[{"href":"https:\/\/triny.pl\/blog\/wp-json\/wp\/v2\/media?parent=20449"}],"wp:term":[{"taxonomy":"category","embeddable":true,"href":"https:\/\/triny.pl\/blog\/wp-json\/wp\/v2\/categories?post=20449"},{"taxonomy":"post_tag","embeddable":true,"href":"https:\/\/triny.pl\/blog\/wp-json\/wp\/v2\/tags?post=20449"}],"curies":[{"name":"wp","href":"https:\/\/api.w.org\/{rel}","templated":true}]}}