{"id":20601,"date":"2021-08-05T08:55:43","date_gmt":"2021-08-05T06:55:43","guid":{"rendered":"https:\/\/triny.pl\/blog\/?p=20601"},"modified":"2023-08-03T14:47:53","modified_gmt":"2023-08-03T12:47:53","slug":"tech-neck-i-swiatlo-hev-wplyw-na-urode","status":"publish","type":"post","link":"https:\/\/triny.pl\/blog\/tech-neck-i-swiatlo-hev-wplyw-na-urode\/","title":{"rendered":"Wp\u0142yw urz\u0105dze\u0144 elektronicznych na urod\u0119, czyli tech-neck i \u015bwiat\u0142o HEV"},"content":{"rendered":"\n<p>Zapewne s\u0142ysza\u0142a\u015b ju\u017c o tym, \u017ce urz\u0105dzenia elektroniczne maj\u0105 wp\u0142yw na ludzki organizm. Coraz wi\u0119cej m\u00f3wi si\u0119 o nich w kontek\u015bcie urody i psychiki, a konkretnie&nbsp; oddzia\u0142ywaniu tzw. tech-neck, HEV i elektrosmogu na sk\u00f3r\u0119, sen czy nastr\u00f3j. Dzisiaj wyja\u015bni\u0119, czym s\u0105 te poj\u0119cia i om\u00f3wi\u0119 ich wp\u0142yw na urod\u0119.<\/p>\n\n\n\n<p>Jeste\u015bmy uzale\u017cnieni od urz\u0105dze\u0144 elektronicznych \u2013 to fakt. Nie mo\u017cemy wyobrazi\u0107 sobie codziennego funkcjonowania bez smartfonu czy telewizora. Nie pomaga r\u00f3wnie\u017c popularno\u015b\u0107 medi\u00f3w spo\u0142eczno\u015bciowych i zjawisko FOMO (ang.<em> fear of missing out<\/em>), kiedy boimy si\u0119 cho\u0107 na chwil\u0119 straci\u0107 kontakt z innymi czy ze \u015bwiatem online. Niestety przesiadywanie godzinami na Facebooku, Twitterze, Instagramie czy maratony z Netfliksem nie pozostaj\u0105 bez wp\u0142ywu na urod\u0119 czy samopoczucie. Naukowcy alarmuj\u0105 \u2013 <strong>urz\u0105dzenia elektroniczne negatywnie wp\u0142ywaj\u0105 na nasz\u0105 psychik\u0119 i urod\u0119<\/strong>. Aby temu zapobiega\u0107, mo\u017cesz uzbroi\u0107 si\u0119 w nowoczesne okulary i innowacyjne kosmetyki, a tak\u017ce wiedz\u0119, jakie czynniki s\u0105 najbardziej destrukcyjne dla Twojego pi\u0119kna.<\/p>\n\n\n\n<h2 class=\"wp-block-heading\" id=\"niebieskie-swiatlo-hev-czyli-szybsze-starzenie-sie-skory\">Niebieskie \u015bwiat\u0142o HEV, czyli szybsze starzenie si\u0119 sk\u00f3ry<\/h2>\n\n\n\n<p>\u015awiat\u0142o niebieskie jest najbardziej podobne do promieniowania UV spo\u015br\u00f3d wszystkich barw t\u0119czy (promienie \u015bwiat\u0142a maj\u0105 r\u00f3\u017cne kolory, a ka\u017cdemu odpowiada inna cz\u0119stotliwo\u015b\u0107 fali i r\u00f3\u017cne efekty, jakie wywo\u0142uje). Z t\u0105 r\u00f3\u017cnic\u0105, \u017ce <strong>jego przenikalno\u015b\u0107 do sk\u00f3ry jest znacznie wi\u0119ksza, na dodatek wyzwala du\u017ce ilo\u015bci wolnych rodnik\u00f3w<\/strong>, w efekcie sk\u00f3ra staje si\u0119 sucha, traci spr\u0119\u017cysto\u015b\u0107 i szybciej si\u0119 starzeje.&nbsp;<\/p>\n\n\n\n<p>Jakby tego by\u0142o ma\u0142o, niebieskie \u015bwiat\u0142o jest szkodliwe dla wzroku. W nadmiarze powoduje rozk\u0142ad retinalu na cz\u0105steczki toksyczne, co prowadzi w konsekwencji do sta\u0142ego uszkodzenia fotoreceptor\u00f3w, a tym samym uszkodzenia wzroku.<\/p>\n\n\n\n<h3 class=\"wp-block-heading\" id=\"co-to-jest-niebieskie-swiatlo-hev\">Co to jest niebieskie \u015bwiat\u0142o HEV?<\/h3>\n\n\n\n<p>Niebieskie \u015bwiat\u0142o, czyli <em>blue light<\/em> lub HEV (z ang. HEV \u2013 <em>high-energy visible light<\/em>) <strong>to bardzo kr\u00f3tkie, wysokoenergetyczne fale magnetyczne<\/strong>, kt\u00f3re pokonuj\u0105 drog\u0119 od ekranu urz\u0105dzenia do Ciebie, a nast\u0119pnie przenikaj\u0105 do najg\u0142\u0119bszych warstw sk\u00f3ry. Niestety nie s\u0105 neutralne \u2013 dzia\u0142aj\u0105 negatywnie, niszcz\u0105c kolagen i elastyn\u0119, zatem pierwsze, co mo\u017cesz odnotowa\u0107, to utrata witalno\u015bci sk\u00f3ry, pog\u0142\u0119bienie si\u0119 zmarszczek, pojawienie si\u0119 kurzych \u0142apek, a nast\u0119pnie powstawanie trudnych do usuni\u0119cia przebarwie\u0144 poprzez wzmocnienie pigmentacji sk\u00f3ry.<\/p>\n\n\n\n<p><span class=\"note\">Ekspozycja na niebieskie \u015bwiat\u0142o mo\u017ce powodowa\u0107 zmniejszenie ilo\u015bci karotenoid\u00f3w w sk\u00f3rze, kt\u00f3re chroni\u0105 przed starzeniem, a ich niedostateczna ilo\u015b\u0107 przyczynia si\u0119 np. do powstawania plam na sk\u00f3rze i do szybszego starzenia si\u0119. Jest to tzw. efekt screen face, czyli ekranowa twarz.<\/span><\/p>\n\n\n\n<p>Badacze od wielu lat zastanawiaj\u0105 si\u0119 nad wp\u0142ywem promieniowania niebieskiego na cykl biologiczny, wydzielanie hormon\u00f3w, funkcjonowanie uk\u0142adu nerwowego, procesy widzenia i oddzia\u0142ywanie na sk\u00f3r\u0119. Wskazuj\u0105, \u017ce HEV ma niekorzystny wp\u0142yw na poziom hormon\u00f3w, zw\u0142aszcza kortyzolu (hormon stresu), co powoduje zaburzenie rytmu dobowego (spadek energii w ci\u0105gu dnia i pobudzenie w nocy) i desynchronizuje fizjologiczny rytm sk\u00f3ry (przez co nie ma ona czasu na regeneracj\u0119).<\/p>\n\n\n\n<h3 class=\"wp-block-heading\" id=\"jak-radzic-sobie-negatywnym-wplywem-hev-na-skore\">Jak radzi\u0107 sobie negatywnym wp\u0142ywem HEV na sk\u00f3r\u0119?<\/h3>\n\n\n\n<p>Pierwszym krokiem by\u0107 <strong>ograniczenie korzystania z urz\u0105dze\u0144 emituj\u0105cych niebieskie \u015bwiat\u0142o<\/strong>. Detoks od \u015bwiata cyfrowego mo\u017ce nie by\u0107 akurat tym sposobem, kt\u00f3rego szukasz, dlatego przygotowa\u0142am inne propozycje.<br \/><br \/>By ochroni\u0107 wzrok, <strong>stosuj okulary z odpowiednimi filtrami blokuj\u0105cymi niebieskie \u015bwiat\u0142o<\/strong>. Musisz jednak wiedzie\u0107, \u017ce nie wszyscy ze \u015bwiata naukowego s\u0105 zgodni co do tego, czy naprawd\u0119 potrzebna jest ochrona oczu. Przyk\u0142adowo Ameryka\u0144ska Akademia Okulistyki twierdzi, \u017ce niebieskie \u015bwiat\u0142o z urz\u0105dze\u0144 nie prowadzi do chor\u00f3b oczu, nie powoduje nawet zm\u0119czenia oczu. Wskazuje natomiast, \u017ce problemy, na kt\u00f3re uskar\u017caj\u0105 si\u0119 u\u017cytkownicy urz\u0105dze\u0144 elektronicznych, wynikaj\u0105 z nadu\u017cywania urz\u0105dze\u0144 cyfrowych. Nie zmienia to jednak faktu, \u017ce o oczy warto dba\u0107 zawsze, wi\u0119c profilaktycznie mo\u017cesz szk\u0142a z filtrami zastosowa\u0107 oraz <strong>uruchomi\u0107 specjalne filtry niebieskiego \u015bwiat\u0142a w swoich urz\u0105dzeniach mobilnych<\/strong> (dost\u0119pne z poziomu urz\u0105dzenia w ustawieniach).<\/p>\n\n\n\n<p>Je\u017celi obawiasz si\u0119 wp\u0142ywu niebieskiego \u015bwiat\u0142a na sk\u00f3r\u0119, potrzebujesz konkretnej ochrony. Jak wspomnia\u0142am, <strong>niebieskie \u015bwiat\u0142o podobne jest do promieniowania UV, dlatego co do zasady wszelkie kremy przeciws\u0142oneczne powinny wystarczy\u0107<\/strong>.<br \/><br \/><span class=\"note\">W kosmetykach szukaj filtru przeciws\u0142onecznego zawieraj\u0105cy tlenki \u017celaza, kt\u00f3ry mo\u017ce chroni\u0107 przed niebieskim \u015bwiat\u0142em. Innymi sk\u0142adnikami o takim dzia\u0142aniu s\u0105 np. substancje ro\u015blinne jak morskie wodorosty czy kakao.<\/span><\/p>\n\n\n\n<p>Dobra wiadomo\u015b\u0107 jest taka, \u017ce coraz wi\u0119cej firm produkuje kosmetyki z filtrem blokuj\u0105cym promienie niebieskiego \u015bwiat\u0142a jak np. innowacyjne <a href=\"https:\/\/triny.pl\/11678-sensum-mare-algodrops-innowacyjne-krople-ochronne-przeciw-fotostarzeniu.html\">krople ochronne przeciw fotostarzeniu od Sensum Mare<\/a>, kt\u00f3re zawieraj\u0105 SPF 50 i zapobiegaj\u0105 fotostarzeniu, blokuj\u0105c promieniowanie UVA, UVB oraz HEV\/IR (podczerwie\u0144). Ponadto istniej\u0105 preparaty, kt\u00f3re w naturalny spos\u00f3b odbijaj\u0105 \u015bwiat\u0142o niebieskie. Przyk\u0142adem jest hydrolat z samopszy, kt\u00f3ry zawiera lutein\u0119 (to ona jest takim lustrem dla HEV).<\/p>\n\n\n\n<p><span class=\"note\">W piel\u0119gnacji i ochrony sk\u00f3ry wa\u017cne s\u0105 r\u00f3wnie\u017c antyoksydanty, kt\u00f3re zwalcz\u0105 wolne rodniki wywo\u0142ane przez niebieskie \u015bwiat\u0142o.<\/span><\/p>\n\n\n<section class=\"slider-collage-carousel\" data-id=\"11474, 10387\"><ul class=\"collage collage-slider\"><li class=\"item\"><a href=\"https:\/\/triny.pl\/11474-lekki-ultranawilzajacy-krem-z-filtrem-chemicznym-spf-50-pa.html\" target=\"_blank\"><picture><source srcset=\"https:\/\/static.triny.pl\/img\/p\/1\/7\/6\/9\/8\/17698-thickbox_default.webp\"  type=\"image\/webp\"><source srcset=\"https:\/\/static.triny.pl\/img\/p\/1\/7\/6\/9\/8\/17698-thickbox_default.jpg\"  type=\"image\/jpeg\"><img src=\"https:\/\/triny.pl\/blog\/wp-content\/themes\/triny\/assets\/img\/placeholder-600x600.png\" data-src=\"https:\/\/static.triny.pl\/img\/p\/1\/7\/6\/9\/8\/17698-thickbox_default.jpg\" class=\"tns-lazy-img\" alt=\"Lekki, ultranawil\u017caj\u0105cy krem z filtrem chemicznym SPF 50+ PA+++\"><\/picture><div class=\"brand\">Asoa<\/div><div class=\"title\">Lekki, ultranawil\u017caj\u0105cy krem z filtrem chemicznym SPF 50+ PA+++<\/div><\/a><a class=\"slider-collage-carousel__btn read-more-button\" href=\"https:\/\/triny.pl\/11474-lekki-ultranawilzajacy-krem-z-filtrem-chemicznym-spf-50-pa.html\" target=\"_blank\">Zobacz<\/a><\/li><li class=\"item\"><a href=\"https:\/\/triny.pl\/10387-basiclab-lekki-krem-ochronny-spf50.html\" target=\"_blank\"><picture><source srcset=\"https:\/\/static.triny.pl\/img\/p\/1\/5\/2\/4\/0\/15240-thickbox_default.webp\"  type=\"image\/webp\"><source srcset=\"https:\/\/static.triny.pl\/img\/p\/1\/5\/2\/4\/0\/15240-thickbox_default.jpg\"  type=\"image\/jpeg\"><img src=\"https:\/\/triny.pl\/blog\/wp-content\/themes\/triny\/assets\/img\/placeholder-600x600.png\" data-src=\"https:\/\/static.triny.pl\/img\/p\/1\/5\/2\/4\/0\/15240-thickbox_default.jpg\" class=\"tns-lazy-img\" alt=\"Lekki krem ochronny SPF 50+\"><\/picture><div class=\"brand\">BasicLab<\/div><div class=\"title\">Lekki krem ochronny SPF 50+<\/div><\/a><a class=\"slider-collage-carousel__btn read-more-button\" href=\"https:\/\/triny.pl\/10387-basiclab-lekki-krem-ochronny-spf50.html\" target=\"_blank\">Zobacz<\/a><\/li><\/ul><\/section>\n\n\n\n<h2 class=\"wp-block-heading\" id=\"tech-neck-czyli-zmarszczki-na-szyi-i-podwojny-podbrodek\">Tech-neck, czyli zmarszczki na szyi i podw\u00f3jny podbr\u00f3dek<\/h2>\n\n\n\n<p>Tech-neck to termin ukuty z j\u0119zyka angielskiego, oznaczaj\u0105cy techniczn\u0105 szyj\u0119. Jest coraz powszechniejszym zjawiskiem XXI wieku, mimo \u017ce nie jest nowy. Wcze\u015bniej sporo m\u00f3wi\u0142o si\u0119 o tech-neck w kontek\u015bcie b\u00f3l\u00f3w plec\u00f3w i kr\u0119gos\u0142upa, dzi\u015b pojawia si\u0119 r\u00f3wnie\u017c w kosmetyce w odniesieniu do sk\u00f3ry, a konkretnie przyspieszenia jej starzenia.<br \/><br \/>Tech-neck dotyczy r\u00f3wnie\u017c m\u0142odych os\u00f3b, przez co nara\u017cone s\u0105 na przedwczesny problem zmarszczek i gorsz\u0105 kondycj\u0119 sk\u00f3ry.<\/p>\n\n\n\n<h3 class=\"wp-block-heading\" id=\"co-to-jest-tech-neck\">Co to jest tech-neck?<\/h3>\n\n\n\n<p>Kiedy pracujesz przy komputerze lub patrzysz na telefon, pochylasz g\u0142ow\u0119, w efekcie mi\u0119\u015bnie karku musz\u0105 si\u0119 kurczy\u0107, aby utrzyma\u0107 g\u0142ow\u0119 w g\u00f3rze. <strong>Im bardziej spogl\u0105dasz w d\u00f3\u0142, tym wi\u0119cej mi\u0119\u015bni musi pracowa\u0107<\/strong>. Na dodatek mi\u0119\u015bnie mog\u0105 by\u0107 nadmiernie zm\u0119czone i obola\u0142e od patrzenia z g\u00f3ry na smartfon, a nadmierna aktywno\u015b\u0107 cienkich mi\u0119\u015bni podsk\u00f3rnych w szyi w po\u0142\u0105czeniu z ci\u0119\u017carem g\u0142owy \u015bciskaj\u0105cej te mi\u0119\u015bnie sprawia, \u017ce szyja b\u0119dzie wygl\u0105da\u0107 na starsz\u0105 ni\u017c w rzeczywisto\u015bci.<br \/><br \/><span class=\"note\">Objawami tech-neck s\u0105 b\u00f3le g\u0142owy, sztywno\u015b\u0107 kark i b\u00f3l mi\u0119dzy \u0142opatkami. Niekt\u00f3rzy m\u00f3wi\u0105, \u017ce po d\u0142ugim czasie patrzenia w d\u00f3\u0142 maj\u0105 trudno\u015bci z podnoszeniem wzroku. To nie wszystko: tech-neck objawia si\u0119 pojawieniem zmarszczek na szyi nawet w m\u0142odym wieku oraz post\u0119puj\u0105c\u0105 utrat\u0105 j\u0119drno\u015bci sk\u00f3ry; mo\u017ce si\u0119 pojawi\u0107 r\u00f3wnie\u017c tzw. drugi podbr\u00f3dek.<\/span><\/p>\n\n\n\n<p><strong>Problemy z tech-neck bior\u0105 si\u0119 z nieprawid\u0142owej pozycji, kt\u00f3r\u0105 przyjmujesz, by spogl\u0105da\u0107 na urz\u0105dzenie<\/strong>. Przyk\u0142adowo przy komputerze nie zaleca si\u0119 siedzie\u0107 w pozycji wyprostowanej \u2013 lepiej pochyli\u0107 krzes\u0142o o 25-30 stopni i wybra\u0107 takie z dobrym podparciem l\u0119d\u017awiowym, aby zapobiec garbieniu si\u0119. Dlaczego? Wielogodzinne pochylenie g\u0142owy i utrzymywanie jej w nienaturalnej pozycji stanowi ogromne obci\u0105\u017cenie dla kr\u0119gos\u0142upa. W rezultacie obok technicznej szyi mog\u0105 pojawi\u0107 si\u0119 b\u00f3le szyi, karku i plec\u00f3w.<\/p>\n\n\n\n<h3 class=\"wp-block-heading\" id=\"jak-zapobiegac-tech-neck\">Jak zapobiega\u0107 tech-neck?<\/h3>\n\n\n\n<p>Podstawowym sposobem zapobiegania i radzenia sobie z efektem tech-neck jest <strong>przyjmowanie prawid\u0142owej pozycji<\/strong> przy korzystaniu z urz\u0105dze\u0144, a tak\u017ce <strong>cz\u0119ste wstawanie i poruszanie si\u0119<\/strong>. Jest to wa\u017cne, zw\u0142aszcza kiedy masz prac\u0119 siedz\u0105c\u0105, w\u00f3wczas zaplanuj 5-minutow\u0105 przerw\u0119 na 1 godziny pracy. Dzi\u0119ki temu zmienisz pozycj\u0119 szyi i usprawnisz kr\u0105\u017cenie krwi. Przerwa jest te\u017c wa\u017cna dla reszty cia\u0142a, np. dla serca, a nawet samopoczucia.<br \/><br \/><span class=\"note\">Zadbaj o to, aby ekran urz\u0105dzenia by\u0142 na wysoko\u015bci Twoich oczu. Unikaj garbienia si\u0119 (kr\u0119gos\u0142up powinien przyj\u0105\u0107 kszta\u0142t litery J, a nie C)&nbsp; i trzymaj g\u0142ow\u0119 w takiej pozycji, aby sk\u00f3ra na szyi by\u0142a ca\u0142y czas w napi\u0119ciu.<br \/><\/span><br \/>Kolejnym krokiem, by zapobiec zmarszczkom na szyi, jest <strong>odpowiednia piel\u0119gnacja<\/strong>. Sk\u00f3ra szyi wymaga takich samych rytua\u0142\u00f3w piel\u0119gnacyjnych, jakich wymaga Twoja cera. Zwr\u00f3\u0107 uwag\u0119 na kategori\u0119 produkt\u00f3w przeznaczonych do szyi i dekoltu, poniewa\u017c jest to obszar szczeg\u00f3lnie wra\u017cliwy, zatem wymaga delikatnych sk\u0142adnik\u00f3w.<br \/><br \/>Znakomicie sprawdz\u0105 si\u0119 tu <strong>rozmaite serum do szyi i dekoltu<\/strong>, np.&nbsp; <a href=\"https:\/\/triny.pl\/5832-freshnatural-przeciwzmarszczkowo-regenerujace-serum-do-twarzy-szyi-i-dekoltu.html\">przeciwzmarszczkowo-regeneruj\u0105ce serum Fresh&amp;Natural<\/a> czy <a href=\"https:\/\/triny.pl\/3096-bioline-serum-liftingujace-chia-na-twarz-szyje-i-dekolt.html\">serum liftinguj\u0105ce chia Bioline<\/a>. Zalet\u0105 serum jest to, \u017ce jest to preparat skoncentrowany, z bogat\u0105 ilo\u015bci\u0105 antyoksydant\u00f3w i sk\u0142adnik\u00f3w nawil\u017caj\u0105cych, przez co poprawia elastyczno\u015b\u0107, j\u0119drno\u015b\u0107 i nadaje efekt napi\u0119cia sk\u00f3ry lepiej ni\u017c krem do twarzy.<\/p>\n\n\n<section class=\"slider-collage-carousel\" data-id=\"3311, 6662, 3102\"><ul class=\"collage collage-slider\"><li class=\"item\"><a href=\"https:\/\/triny.pl\/3311-biolaven-przeciwzmarszczkowe-serum-do-twarzy.html\" target=\"_blank\"><picture><source srcset=\"https:\/\/static.triny.pl\/img\/p\/2\/2\/6\/2\/0\/22620-thickbox_default.webp\"  type=\"image\/webp\"><source srcset=\"https:\/\/static.triny.pl\/img\/p\/2\/2\/6\/2\/0\/22620-thickbox_default.jpg\"  type=\"image\/jpeg\"><img src=\"https:\/\/triny.pl\/blog\/wp-content\/themes\/triny\/assets\/img\/placeholder-600x600.png\" data-src=\"https:\/\/static.triny.pl\/img\/p\/2\/2\/6\/2\/0\/22620-thickbox_default.jpg\" class=\"tns-lazy-img\" alt=\"Przeciwzmarszczkowe serum do twarzy\"><\/picture><div class=\"brand\">Biolaven<\/div><div class=\"title\">Przeciwzmarszczkowe serum do twarzy<\/div><\/a><a class=\"slider-collage-carousel__btn read-more-button\" href=\"https:\/\/triny.pl\/3311-biolaven-przeciwzmarszczkowe-serum-do-twarzy.html\" target=\"_blank\">Zobacz<\/a><\/li><\/ul><\/section>\n\n\n\n<p><br \/>Warto wybra\u0107 <a href=\"https:\/\/triny.pl\/508-kwas-hialuronowy-kosmetyki\">kosmetyki bogate w kwas hialuronowy<\/a>, poniewa\u017c on w g\u0142\u00f3wnej mierze odpowiada za prawid\u0142owe nawil\u017cenie sk\u00f3ry, oraz <a href=\"https:\/\/triny.pl\/509-kolagen-kosmetyki\">kosmetyki z kolagenem<\/a>, poniewa\u017c ten wykazuje w\u0142a\u015bciwo\u015bci poprawiaj\u0105ce elastyczno\u015b\u0107. Opr\u00f3cz tego cenne jest mas\u0142o shea czy oleje ro\u015blinne jak uj\u0119drniaj\u0105cy i wyg\u0142adzaj\u0105cy olej migda\u0142owy. Warte polecenia s\u0105 <a href=\"https:\/\/triny.pl\/457-kosmetyki-z-retinolem\">kosmetyki zawieraj\u0105ce retinol<\/a> oraz witamin\u0119 C, poniewa\u017c te sk\u0142adniki dzia\u0142aj\u0105 na g\u0142\u0119bsze warstwy sk\u00f3ry, wi\u0119c pomog\u0105 j\u0105 wzmocni\u0107, uj\u0119drni\u0107 oraz op\u00f3\u017ani\u0107 pojawienie si\u0119 zmarszczek.<br \/><br \/><strong>Dowiedz si\u0119 wi\u0119cej, jak dzia\u0142aj\u0105 kosmetyki z witamin\u0105 C:<\/strong><\/p>\n\n\n\n<figure class=\"wp-block-embed is-type-wp-embed is-provider-blog-triny-pl wp-block-embed-blog-triny-pl\"><div class=\"wp-block-embed__wrapper\">\n<blockquote class=\"wp-embedded-content\" data-secret=\"VzHdoxTPwJ\"><a href=\"https:\/\/triny.pl\/blog\/witamina-c-na-twarz-jaka-wybrac\/\">Witamina C na twarz. Jak prawid\u0142owo wykorzysta\u0107 witamin\u0119 C w kosmetykach?<\/a><\/blockquote><iframe class=\"wp-embedded-content\" sandbox=\"allow-scripts\" security=\"restricted\" style=\"position: absolute; clip: rect(1px, 1px, 1px, 1px);\" title=\"&#8222;Witamina C na twarz. Jak prawid\u0142owo wykorzysta\u0107 witamin\u0119 C w kosmetykach?&#8221; &#8212; Blog Triny.pl\" src=\"https:\/\/triny.pl\/blog\/witamina-c-na-twarz-jaka-wybrac\/embed\/#?secret=VzHdoxTPwJ\" data-secret=\"VzHdoxTPwJ\" width=\"600\" height=\"338\" frameborder=\"0\" marginwidth=\"0\" marginheight=\"0\" scrolling=\"no\"><\/iframe>\n<\/div><\/figure>\n\n\n\n<h2 class=\"wp-block-heading\" id=\"kilka-slow-o-elektrosmogu-ktory-niszczy-twoja-skore\">Kilka s\u0142\u00f3w o elektrosmogu, kt\u00f3ry niszczy Twoj\u0105 sk\u00f3r\u0119<\/h2>\n\n\n\n<p>Na koniec chcia\u0142abym pokr\u00f3tce opisa\u0107 elektrosmog, kt\u00f3ry r\u00f3wnie\u017c mo\u017ce wp\u0142ywa\u0107 na stan Twojej sk\u00f3ry. To jeden z tych czynnik\u00f3w zewn\u0119trznych, kt\u00f3ry mo\u017ce powodowa\u0107 przedwczesne zmniejszanie si\u0119 ilo\u015bci kolagenu w sk\u00f3rze, w rezultacie sk\u00f3ra traci spr\u0119\u017cysto\u015b\u0107 i szybciej pojawiaj\u0105 si\u0119 na niej pierwsze zmarszczki.<br \/><br \/>Czym jest smog elektromagnetyczny? Nagromadzenie pola magnetycznego, wytwarzanego przez urz\u0105dzenia elektroniczne, razem ze \u015bwiat\u0142em niebieskim tworzy w\u0142a\u015bnie elektrosmog, kt\u00f3rego konsekwencj\u0105 jest zazwyczaj przedwczesne starzenie si\u0119 sk\u00f3ry. Z definicji jest to potoczne okre\u015blenie promieniowania elektromagnetycznego o r\u00f3\u017cnej cz\u0119stotliwo\u015bci, nale\u017c\u0105cego do zakresu promieniowania niejonizuj\u0105cego.&nbsp;<\/p>\n\n\n\n<h3 class=\"wp-block-heading\" id=\"kosmetolog-radzi-jak-chronic-skore-przed-elektrosmogiem\">Kosmetolog radzi: Jak chroni\u0107 sk\u00f3r\u0119 przed elektrosmogiem?<\/h3>\n\n\n<div class=\"wp-block-image\">\n<figure class=\"aligncenter size-large\"><a href=\"https:\/\/triny.pl\/blog\/author\/marta-krajewska\/\"><picture><source media=\"(max-width: 450px)\" data-srcset=\"https:\/\/triny.pl\/blog\/wp-content\/uploads\/2021\/03\/blog-2-375x150.png\"><img data-src=\"https:\/\/triny.pl\/blog\/wp-content\/uploads\/2021\/03\/blog-2-684x274.png\" class=\"wp-image-19572 lazyload\" alt=\"kosmetolog radzi\"><\/picture><\/a><\/figure><\/div>\n\n\n<p>Codzienne korzystanie z urz\u0105dze\u0144 elektronicznych mo\u017ce wywiera\u0107 negatywny wp\u0142yw zar\u00f3wno na zdrowie, jak i na sk\u00f3r\u0119 \u2013 jej wygl\u0105d i kondycj\u0119. Przed elektrosmogiem na szcz\u0119\u015bcie mo\u017cna si\u0119 chroni\u0107. I to na co najmniej dwa sposoby:&nbsp;<\/p>\n\n\n\n<ul>\n<li><strong>poprzez wypracowanie prawid\u0142owych nawyk\u00f3w korzystania z urz\u0105dze\u0144 wytwarzaj\u0105cych pole elektromagnetyczne i \u015bwiat\u0142o niebieskie<\/strong>. Pierwszym krokiem ku temu mo\u017ce by\u0107 np. zmniejszenie jasno\u015bci ekranu smartfona, wy\u0142\u0105czanie Wi-Fi i Bluetooth na noc i korzystanie ze s\u0142uchawek czy zestawu g\u0142o\u015bnom\u00f3wi\u0105cego podczas rozm\u00f3w telefonicznych \u2013 aby nie przyk\u0142ada\u0107 telefonu do twarzy;<\/li>\n\n\n\n<li><strong>poprzez ochron\u0119 sk\u00f3ry za pomoc\u0105 odpowiedniej piel\u0119gnacji i kosmetyk\u00f3w wzmacniaj\u0105cych jej naturalne funkcje obronne<\/strong>.<\/li>\n\n\n\n<li>Jak zatem zadba\u0107 o ochron\u0119 sk\u00f3ry przed elektrosmogiem?&nbsp;<\/li>\n\n\n\n<li><strong>dok\u0142adnie oczyszczaj sk\u00f3r\u0119 \u2013 rano i wieczorem.<\/strong> To absolutna podstawa piel\u0119gnacji, kt\u00f3ra umo\u017cliwia nie tylko usun\u0105\u0107 r\u00f3\u017cnego rodzaju zanieczyszczenia, ale i przygotowa\u0107 sk\u00f3r\u0119 na dzia\u0142anie sk\u0142adnik\u00f3w aktywnych zawartych w kremie czy serum.<\/li>\n\n\n\n<li><strong>zadbaj o kosmetyki bogate w antyoksydant<\/strong>y \u2013 witaminy A, C, E, koenzym Q10, wyci\u0105gi ro\u015blinne bogate w polifenole (np. z zielonej herbaty czy winogron), karotenoidy (jak np. likopen). Pomo\u017ce to zabezpieczy\u0107 sk\u00f3r\u0119 przed szkodliwym dzia\u0142aniem wolnych rodnik\u00f3w, kt\u00f3re przyspieszaj\u0105 procesy starzenia si\u0119 sk\u00f3ry.<\/li>\n\n\n\n<li><strong>postaw na nawil\u017canie sk\u00f3ry<\/strong> \u2013 sk\u0142adniki takie jak hialuronian sodu, gliceryna czy aktywne peptydy pomog\u0105 uszczelni\u0107 i wzmocni\u0107 barier\u0119 hydrolipidow\u0105 sk\u00f3ry. Pami\u0119taj tak\u017ce o odpowiednim nawodnieniu organizmu (nawil\u017caniu sk\u00f3ry od \u015brodka).<\/li>\n\n\n\n<li><strong>si\u0119gaj po kosmetyki przeciwzmarszczkowe i odm\u0142adzaj\u0105ce<\/strong> \u2013 pomo\u017ce to od\u017cywi\u0107, uj\u0119drni\u0107 i uelastyczni\u0107 sk\u00f3r\u0119. Elektrosmog mo\u017ce przyczyni\u0107 si\u0119 do degradacji w\u0142\u00f3kien kolagenowych w sk\u00f3rze, co przyspiesza jej starzenie. Nie czekaj wi\u0119c, a\u017c Twoja cera osi\u0105gnie status \u201edojrza\u0142ej\u201d, aby rozpocz\u0105\u0107 stosowanie kosmetyk\u00f3w anti-aging.<\/li>\n<\/ul>\n\n\n\n<p>Po\u0142\u0105czenie tych dzia\u0142a\u0144 z pewno\u015bci\u0105 pomo\u017ce Ci racjonalniej korzysta\u0107 z wynalazk\u00f3w i dobrodziejstw XXI wieku \u2013 z korzy\u015bci\u0105 dla zdrowia i urody.<\/p>\n\n\n\n<p><meta charset=\"utf-8\"\/>Dobrze jest wprowadzi\u0107 tu tzw. kosmetyki miejskie czy inaczej <a href=\"https:\/\/triny.pl\/447-kosmetyki-antysmogowe\">kosmetyki antysmogowe<\/a>, kt\u00f3re zapewni\u0105 sk\u00f3rze ochron\u0119 przed smogiem, promieniowaniem UV, zanieczyszczeniami \u015brodowiska i innymi czynnikami zewn\u0119trznymi niekorzystnie wp\u0142ywaj\u0105cymi na jej kondycj\u0119.<\/p>\n\n\n<section class=\"slider-collage-carousel\" data-id=\"7187, 10307\"><ul class=\"collage collage-slider\"><li class=\"item\"><a href=\"https:\/\/triny.pl\/7187-mokosh-regenerujacy-krem-do-twarzy-anti-pollution-malina.html\" target=\"_blank\"><picture><source srcset=\"https:\/\/static.triny.pl\/img\/p\/1\/8\/7\/2\/3\/18723-thickbox_default.webp\"  type=\"image\/webp\"><source srcset=\"https:\/\/static.triny.pl\/img\/p\/1\/8\/7\/2\/3\/18723-thickbox_default.jpg\"  type=\"image\/jpeg\"><img src=\"https:\/\/triny.pl\/blog\/wp-content\/themes\/triny\/assets\/img\/placeholder-600x600.png\" data-src=\"https:\/\/static.triny.pl\/img\/p\/1\/8\/7\/2\/3\/18723-thickbox_default.jpg\" class=\"tns-lazy-img\" alt=\"Regeneruj\u0105cy krem do twarzy anti-pollution &#8211; Malina\"><\/picture><div class=\"brand\">Mokosh<\/div><div class=\"title\">Regeneruj\u0105cy krem do twarzy anti-pollution &#8211; Malina<\/div><\/a><a class=\"slider-collage-carousel__btn read-more-button\" href=\"https:\/\/triny.pl\/7187-mokosh-regenerujacy-krem-do-twarzy-anti-pollution-malina.html\" target=\"_blank\">Zobacz<\/a><\/li><li class=\"item\"><a href=\"https:\/\/triny.pl\/10307-sylveco-serum-z-witamina-c.html\" target=\"_blank\"><picture><source srcset=\"https:\/\/static.triny.pl\/img\/p\/1\/5\/0\/0\/8\/15008-thickbox_default.webp\"  type=\"image\/webp\"><source srcset=\"https:\/\/static.triny.pl\/img\/p\/1\/5\/0\/0\/8\/15008-thickbox_default.jpg\"  type=\"image\/jpeg\"><img src=\"https:\/\/triny.pl\/blog\/wp-content\/themes\/triny\/assets\/img\/placeholder-600x600.png\" data-src=\"https:\/\/static.triny.pl\/img\/p\/1\/5\/0\/0\/8\/15008-thickbox_default.jpg\" class=\"tns-lazy-img\" alt=\"Serum do twarzy z witamin\u0105 C\"><\/picture><div class=\"brand\">Sylveco<\/div><div class=\"title\">Serum do twarzy z witamin\u0105 C<\/div><\/a><a class=\"slider-collage-carousel__btn read-more-button\" href=\"https:\/\/triny.pl\/10307-sylveco-serum-z-witamina-c.html\" target=\"_blank\">Zobacz<\/a><\/li><\/ul><\/section>\n\n\n\n<p><span class=\"note\">Kosmetyki ochronne, zar\u00f3wno te przed HEV, elektrosmogiem czy efektem tech-neck, nale\u017cy stosowa\u0107 r\u00f3wnie\u017c wtedy, kiedy nie planujesz wychodzi\u0107 z domu. Z urz\u0105dze\u0144 elektronicznych korzystasz praktycznie ca\u0142y czas, wi\u0119c Twoja sk\u00f3ra potrzebuje ca\u0142odobowej ochrony. Dostarcz jej wymaganych sk\u0142adnik\u00f3w i nie doprowadzaj do sytuacji jej przesuszenia czy zanieczyszczenia.<br \/><\/span><\/p>\n\n\n\n<h2 class=\"wp-block-heading\" id=\"podsumowanie-ochrona-skory-przed-hev-i-tech-neck\">Podsumowanie \u2013 ochrona sk\u00f3ry przed HEV i tech-neck<\/h2>\n\n\n\n<p>Mimo \u017ce dbasz o kondycj\u0119 cery, piel\u0119gnujesz j\u0105 i nawil\u017casz, to nieprawid\u0142owa postawa podczas korzystania z urz\u0105dze\u0144 oraz brak ochrony sk\u00f3ry powoduje utrat\u0119 elastyczno\u015bci i zmarszczki. Kremy przeciwzmarszczkowe, serum nawil\u017caj\u0105 czy odm\u0142adzaj\u0105ce maseczki na twarz mog\u0105 nie przynie\u015b\u0107 upragnionych efekt\u00f3w, je\u017celi nie zmienisz swoich nawyk\u00f3w i nie zadbasz o prawid\u0142ow\u0105 postaw\u0119, jednak na pewno wspomog\u0105 Twoj\u0105 codzienn\u0105 walk\u0119 o pi\u0119kn\u0105 i zdrow\u0105 sk\u00f3r\u0119!<br \/><br \/><strong><em>Jak chronisz swoj\u0105 sk\u00f3r\u0119 przed promieniowaniem i \u015bwiat\u0142em z urz\u0105dze\u0144? Masz mo\u017ce inne sposoby? Podziel si\u0119 w komentarzu!<\/em><\/strong><\/p>\n","protected":false},"excerpt":{"rendered":"<p>Zapewne s\u0142ysza\u0142a\u015b ju\u017c o tym, \u017ce urz\u0105dzenia elektroniczne maj\u0105 wp\u0142yw na ludzki organizm. Coraz wi\u0119cej m\u00f3wi si\u0119 o nich w kontek\u015bcie&#8230;<\/p>\n","protected":false},"author":21,"featured_media":20608,"comment_status":"open","ping_status":"open","sticky":false,"template":"","format":"standard","meta":{"footnotes":""},"categories":[1],"tags":[],"acf":[],"yoast_head":"<!-- This site is optimized with the Yoast SEO plugin v21.1 - https:\/\/yoast.com\/wordpress\/plugins\/seo\/ -->\n<title>Wp\u0142yw urz\u0105dze\u0144 elektronicznych na urod\u0119, czyli tech-neck i \u015bwiat\u0142o HEV<\/title>\n<meta name=\"robots\" content=\"index, follow, max-snippet:-1, max-image-preview:large, max-video-preview:-1\" \/>\n<link rel=\"canonical\" href=\"https:\/\/triny.pl\/blog\/tech-neck-i-swiatlo-hev-wplyw-na-urode\/\" \/>\n<meta property=\"og:locale\" content=\"pl_PL\" \/>\n<meta property=\"og:type\" content=\"article\" \/>\n<meta property=\"og:title\" content=\"Wp\u0142yw urz\u0105dze\u0144 elektronicznych na urod\u0119, czyli tech-neck i \u015bwiat\u0142o HEV\" \/>\n<meta property=\"og:description\" content=\"Zapewne s\u0142ysza\u0142a\u015b ju\u017c o tym, \u017ce urz\u0105dzenia elektroniczne maj\u0105 wp\u0142yw na ludzki organizm. Coraz wi\u0119cej m\u00f3wi si\u0119 o nich w kontek\u015bcie...\" \/>\n<meta property=\"og:url\" content=\"https:\/\/triny.pl\/blog\/tech-neck-i-swiatlo-hev-wplyw-na-urode\/\" \/>\n<meta property=\"og:site_name\" content=\"Blog Triny.pl\" \/>\n<meta property=\"article:publisher\" content=\"https:\/\/www.facebook.com\/trinysklep\" \/>\n<meta property=\"article:published_time\" content=\"2021-08-05T06:55:43+00:00\" \/>\n<meta property=\"article:modified_time\" content=\"2023-08-03T12:47:53+00:00\" \/>\n<meta property=\"og:image\" content=\"https:\/\/triny.pl\/blog\/wp-content\/uploads\/2021\/08\/urzadzenia-elektroniczne-a-uroda.jpeg\" \/>\n\t<meta property=\"og:image:width\" content=\"1200\" \/>\n\t<meta property=\"og:image:height\" content=\"800\" \/>\n\t<meta property=\"og:image:type\" content=\"image\/jpeg\" \/>\n<meta name=\"author\" content=\"Marysia Wajda\" \/>\n<meta name=\"twitter:label1\" content=\"Napisane przez\" \/>\n\t<meta name=\"twitter:data1\" content=\"Marysia Wajda\" \/>\n\t<meta name=\"twitter:label2\" content=\"Szacowany czas czytania\" \/>\n\t<meta name=\"twitter:data2\" content=\"11 minut\" \/>\n<script type=\"application\/ld+json\" class=\"yoast-schema-graph\">{\"@context\":\"https:\/\/schema.org\",\"@graph\":[{\"@type\":\"Article\",\"@id\":\"https:\/\/triny.pl\/blog\/tech-neck-i-swiatlo-hev-wplyw-na-urode\/#article\",\"isPartOf\":{\"@id\":\"https:\/\/triny.pl\/blog\/tech-neck-i-swiatlo-hev-wplyw-na-urode\/\"},\"author\":{\"name\":\"Marysia Wajda\",\"@id\":\"https:\/\/triny.pl\/blog\/#\/schema\/person\/1f0cf312784bf4debdc7de4be1475777\"},\"headline\":\"Wp\u0142yw urz\u0105dze\u0144 elektronicznych na urod\u0119, czyli tech-neck i \u015bwiat\u0142o HEV\",\"datePublished\":\"2021-08-05T06:55:43+00:00\",\"dateModified\":\"2023-08-03T12:47:53+00:00\",\"mainEntityOfPage\":{\"@id\":\"https:\/\/triny.pl\/blog\/tech-neck-i-swiatlo-hev-wplyw-na-urode\/\"},\"wordCount\":2235,\"commentCount\":0,\"publisher\":{\"@id\":\"https:\/\/triny.pl\/blog\/#organization\"},\"inLanguage\":\"pl-PL\",\"potentialAction\":[{\"@type\":\"CommentAction\",\"name\":\"Comment\",\"target\":[\"https:\/\/triny.pl\/blog\/tech-neck-i-swiatlo-hev-wplyw-na-urode\/#respond\"]}]},{\"@type\":\"WebPage\",\"@id\":\"https:\/\/triny.pl\/blog\/tech-neck-i-swiatlo-hev-wplyw-na-urode\/\",\"url\":\"https:\/\/triny.pl\/blog\/tech-neck-i-swiatlo-hev-wplyw-na-urode\/\",\"name\":\"Wp\u0142yw urz\u0105dze\u0144 elektronicznych na urod\u0119, czyli tech-neck i \u015bwiat\u0142o HEV\",\"isPartOf\":{\"@id\":\"https:\/\/triny.pl\/blog\/#website\"},\"datePublished\":\"2021-08-05T06:55:43+00:00\",\"dateModified\":\"2023-08-03T12:47:53+00:00\",\"breadcrumb\":{\"@id\":\"https:\/\/triny.pl\/blog\/tech-neck-i-swiatlo-hev-wplyw-na-urode\/#breadcrumb\"},\"inLanguage\":\"pl-PL\",\"potentialAction\":[{\"@type\":\"ReadAction\",\"target\":[\"https:\/\/triny.pl\/blog\/tech-neck-i-swiatlo-hev-wplyw-na-urode\/\"]}]},{\"@type\":\"BreadcrumbList\",\"@id\":\"https:\/\/triny.pl\/blog\/tech-neck-i-swiatlo-hev-wplyw-na-urode\/#breadcrumb\",\"itemListElement\":[{\"@type\":\"ListItem\",\"position\":1,\"name\":\"Strona g\u0142\u00f3wna\",\"item\":\"https:\/\/triny.pl\/blog\/\"},{\"@type\":\"ListItem\",\"position\":2,\"name\":\"Wp\u0142yw urz\u0105dze\u0144 elektronicznych na urod\u0119, czyli tech-neck i \u015bwiat\u0142o HEV\"}]},{\"@type\":\"WebSite\",\"@id\":\"https:\/\/triny.pl\/blog\/#website\",\"url\":\"https:\/\/triny.pl\/blog\/\",\"name\":\"Blog Triny.pl\",\"description\":\"Naturalna piel\u0119gnacja bez tajemnic! Pokazujemy jak dba\u0107 o cia\u0142o i w\u0142osy dla optymalnych, d\u0142ugotrwa\u0142ych efekt\u00f3w. Sprawd\u017a te ma\u0142o znane triki :)\",\"publisher\":{\"@id\":\"https:\/\/triny.pl\/blog\/#organization\"},\"potentialAction\":[{\"@type\":\"SearchAction\",\"target\":{\"@type\":\"EntryPoint\",\"urlTemplate\":\"https:\/\/triny.pl\/blog\/?s={search_term_string}\"},\"query-input\":\"required name=search_term_string\"}],\"inLanguage\":\"pl-PL\"},{\"@type\":\"Organization\",\"@id\":\"https:\/\/triny.pl\/blog\/#organization\",\"name\":\"Triny Sp. z o. o.\",\"url\":\"https:\/\/triny.pl\/blog\/\",\"logo\":{\"@type\":\"ImageObject\",\"inLanguage\":\"pl-PL\",\"@id\":\"https:\/\/triny.pl\/blog\/#\/schema\/logo\/image\/\",\"url\":\"https:\/\/triny.pl\/blog\/wp-content\/uploads\/2020\/08\/logo-triny.png\",\"contentUrl\":\"https:\/\/triny.pl\/blog\/wp-content\/uploads\/2020\/08\/logo-triny.png\",\"width\":190,\"height\":78,\"caption\":\"Triny Sp. z o. o.\"},\"image\":{\"@id\":\"https:\/\/triny.pl\/blog\/#\/schema\/logo\/image\/\"},\"sameAs\":[\"https:\/\/www.facebook.com\/trinysklep\",\"https:\/\/www.instagram.com\/trinysklep\/\",\"https:\/\/pl.pinterest.com\/trinypl\/_created\/\"]},{\"@type\":\"Person\",\"@id\":\"https:\/\/triny.pl\/blog\/#\/schema\/person\/1f0cf312784bf4debdc7de4be1475777\",\"name\":\"Marysia Wajda\",\"description\":\"Cze\u015b\u0107! Nazywam si\u0119 Marysia i jestem wielk\u0105 fank\u0105 naturalnej piel\u0119gnacji. Od dawna stosuj\u0119 wy\u0142\u0105cznie kosmetyki naturalne, zwracaj\u0105c bacznie uwag\u0119 na ich sk\u0142ad. Lubi\u0119 testowa\u0107 nowe produkty oraz rozwi\u0105zania urodowe i ch\u0119tnie si\u0119 podziel\u0119 wynikami moich eksperyment\u00f3w na tym blogu. Staram si\u0119 \u017cy\u0107 w zgodzie z natur\u0105 i w stylu zero waste, wi\u0119c ch\u0119tnie b\u0119d\u0119 przekazywa\u0107 Wam r\u00f3wnie\u017c pomys\u0142y na ponownie wykorzystanie kosmetyk\u00f3w i nie tylko. Zapraszam do obserwowania profilu na Facebooku, w kt\u00f3rym zamieszczane s\u0105 codziennie ciekawostki, porady, najlepsze kosmetyki naturalne: https:\/\/www.facebook.com\/trinysklep\",\"url\":\"https:\/\/triny.pl\/blog\/author\/marysia\/\"}]}<\/script>\n<!-- \/ Yoast SEO plugin. -->","yoast_head_json":{"title":"Wp\u0142yw urz\u0105dze\u0144 elektronicznych na urod\u0119, czyli tech-neck i \u015bwiat\u0142o HEV","robots":{"index":"index","follow":"follow","max-snippet":"max-snippet:-1","max-image-preview":"max-image-preview:large","max-video-preview":"max-video-preview:-1"},"canonical":"https:\/\/triny.pl\/blog\/tech-neck-i-swiatlo-hev-wplyw-na-urode\/","og_locale":"pl_PL","og_type":"article","og_title":"Wp\u0142yw urz\u0105dze\u0144 elektronicznych na urod\u0119, czyli tech-neck i \u015bwiat\u0142o HEV","og_description":"Zapewne s\u0142ysza\u0142a\u015b ju\u017c o tym, \u017ce urz\u0105dzenia elektroniczne maj\u0105 wp\u0142yw na ludzki organizm. Coraz wi\u0119cej m\u00f3wi si\u0119 o nich w kontek\u015bcie...","og_url":"https:\/\/triny.pl\/blog\/tech-neck-i-swiatlo-hev-wplyw-na-urode\/","og_site_name":"Blog Triny.pl","article_publisher":"https:\/\/www.facebook.com\/trinysklep","article_published_time":"2021-08-05T06:55:43+00:00","article_modified_time":"2023-08-03T12:47:53+00:00","og_image":[{"width":1200,"height":800,"url":"https:\/\/triny.pl\/blog\/wp-content\/uploads\/2021\/08\/urzadzenia-elektroniczne-a-uroda.jpeg","type":"image\/jpeg"}],"author":"Marysia Wajda","twitter_misc":{"Napisane przez":"Marysia Wajda","Szacowany czas czytania":"11 minut"},"schema":{"@context":"https:\/\/schema.org","@graph":[{"@type":"Article","@id":"https:\/\/triny.pl\/blog\/tech-neck-i-swiatlo-hev-wplyw-na-urode\/#article","isPartOf":{"@id":"https:\/\/triny.pl\/blog\/tech-neck-i-swiatlo-hev-wplyw-na-urode\/"},"author":{"name":"Marysia Wajda","@id":"https:\/\/triny.pl\/blog\/#\/schema\/person\/1f0cf312784bf4debdc7de4be1475777"},"headline":"Wp\u0142yw urz\u0105dze\u0144 elektronicznych na urod\u0119, czyli tech-neck i \u015bwiat\u0142o HEV","datePublished":"2021-08-05T06:55:43+00:00","dateModified":"2023-08-03T12:47:53+00:00","mainEntityOfPage":{"@id":"https:\/\/triny.pl\/blog\/tech-neck-i-swiatlo-hev-wplyw-na-urode\/"},"wordCount":2235,"commentCount":0,"publisher":{"@id":"https:\/\/triny.pl\/blog\/#organization"},"inLanguage":"pl-PL","potentialAction":[{"@type":"CommentAction","name":"Comment","target":["https:\/\/triny.pl\/blog\/tech-neck-i-swiatlo-hev-wplyw-na-urode\/#respond"]}]},{"@type":"WebPage","@id":"https:\/\/triny.pl\/blog\/tech-neck-i-swiatlo-hev-wplyw-na-urode\/","url":"https:\/\/triny.pl\/blog\/tech-neck-i-swiatlo-hev-wplyw-na-urode\/","name":"Wp\u0142yw urz\u0105dze\u0144 elektronicznych na urod\u0119, czyli tech-neck i \u015bwiat\u0142o HEV","isPartOf":{"@id":"https:\/\/triny.pl\/blog\/#website"},"datePublished":"2021-08-05T06:55:43+00:00","dateModified":"2023-08-03T12:47:53+00:00","breadcrumb":{"@id":"https:\/\/triny.pl\/blog\/tech-neck-i-swiatlo-hev-wplyw-na-urode\/#breadcrumb"},"inLanguage":"pl-PL","potentialAction":[{"@type":"ReadAction","target":["https:\/\/triny.pl\/blog\/tech-neck-i-swiatlo-hev-wplyw-na-urode\/"]}]},{"@type":"BreadcrumbList","@id":"https:\/\/triny.pl\/blog\/tech-neck-i-swiatlo-hev-wplyw-na-urode\/#breadcrumb","itemListElement":[{"@type":"ListItem","position":1,"name":"Strona g\u0142\u00f3wna","item":"https:\/\/triny.pl\/blog\/"},{"@type":"ListItem","position":2,"name":"Wp\u0142yw urz\u0105dze\u0144 elektronicznych na urod\u0119, czyli tech-neck i \u015bwiat\u0142o HEV"}]},{"@type":"WebSite","@id":"https:\/\/triny.pl\/blog\/#website","url":"https:\/\/triny.pl\/blog\/","name":"Blog Triny.pl","description":"Naturalna piel\u0119gnacja bez tajemnic! Pokazujemy jak dba\u0107 o cia\u0142o i w\u0142osy dla optymalnych, d\u0142ugotrwa\u0142ych efekt\u00f3w. Sprawd\u017a te ma\u0142o znane triki :)","publisher":{"@id":"https:\/\/triny.pl\/blog\/#organization"},"potentialAction":[{"@type":"SearchAction","target":{"@type":"EntryPoint","urlTemplate":"https:\/\/triny.pl\/blog\/?s={search_term_string}"},"query-input":"required name=search_term_string"}],"inLanguage":"pl-PL"},{"@type":"Organization","@id":"https:\/\/triny.pl\/blog\/#organization","name":"Triny Sp. z o. o.","url":"https:\/\/triny.pl\/blog\/","logo":{"@type":"ImageObject","inLanguage":"pl-PL","@id":"https:\/\/triny.pl\/blog\/#\/schema\/logo\/image\/","url":"https:\/\/triny.pl\/blog\/wp-content\/uploads\/2020\/08\/logo-triny.png","contentUrl":"https:\/\/triny.pl\/blog\/wp-content\/uploads\/2020\/08\/logo-triny.png","width":190,"height":78,"caption":"Triny Sp. z o. o."},"image":{"@id":"https:\/\/triny.pl\/blog\/#\/schema\/logo\/image\/"},"sameAs":["https:\/\/www.facebook.com\/trinysklep","https:\/\/www.instagram.com\/trinysklep\/","https:\/\/pl.pinterest.com\/trinypl\/_created\/"]},{"@type":"Person","@id":"https:\/\/triny.pl\/blog\/#\/schema\/person\/1f0cf312784bf4debdc7de4be1475777","name":"Marysia Wajda","description":"Cze\u015b\u0107! Nazywam si\u0119 Marysia i jestem wielk\u0105 fank\u0105 naturalnej piel\u0119gnacji. Od dawna stosuj\u0119 wy\u0142\u0105cznie kosmetyki naturalne, zwracaj\u0105c bacznie uwag\u0119 na ich sk\u0142ad. Lubi\u0119 testowa\u0107 nowe produkty oraz rozwi\u0105zania urodowe i ch\u0119tnie si\u0119 podziel\u0119 wynikami moich eksperyment\u00f3w na tym blogu. Staram si\u0119 \u017cy\u0107 w zgodzie z natur\u0105 i w stylu zero waste, wi\u0119c ch\u0119tnie b\u0119d\u0119 przekazywa\u0107 Wam r\u00f3wnie\u017c pomys\u0142y na ponownie wykorzystanie kosmetyk\u00f3w i nie tylko. Zapraszam do obserwowania profilu na Facebooku, w kt\u00f3rym zamieszczane s\u0105 codziennie ciekawostki, porady, najlepsze kosmetyki naturalne: https:\/\/www.facebook.com\/trinysklep","url":"https:\/\/triny.pl\/blog\/author\/marysia\/"}]}},"voteUp":"4","voteDown":"0","authorInfo":{"photo":"https:\/\/triny.pl\/blog\/wp-content\/themes\/triny\/assets\/img\/default-avatar.jpg","url":"https:\/\/triny.pl\/blog\/author\/marysia\/","name":"Marysia Wajda"},"media":{"full":"https:\/\/triny.pl\/blog\/wp-content\/uploads\/2021\/08\/urzadzenia-elektroniczne-a-uroda.jpeg","desktop":"https:\/\/triny.pl\/blog\/wp-content\/uploads\/2021\/08\/urzadzenia-elektroniczne-a-uroda-505x250.jpeg","mobile":"https:\/\/triny.pl\/blog\/wp-content\/uploads\/2021\/08\/urzadzenia-elektroniczne-a-uroda-375x190.jpeg"},"_links":{"self":[{"href":"https:\/\/triny.pl\/blog\/wp-json\/wp\/v2\/posts\/20601"}],"collection":[{"href":"https:\/\/triny.pl\/blog\/wp-json\/wp\/v2\/posts"}],"about":[{"href":"https:\/\/triny.pl\/blog\/wp-json\/wp\/v2\/types\/post"}],"author":[{"embeddable":true,"href":"https:\/\/triny.pl\/blog\/wp-json\/wp\/v2\/users\/21"}],"replies":[{"embeddable":true,"href":"https:\/\/triny.pl\/blog\/wp-json\/wp\/v2\/comments?post=20601"}],"version-history":[{"count":13,"href":"https:\/\/triny.pl\/blog\/wp-json\/wp\/v2\/posts\/20601\/revisions"}],"predecessor-version":[{"id":27283,"href":"https:\/\/triny.pl\/blog\/wp-json\/wp\/v2\/posts\/20601\/revisions\/27283"}],"wp:featuredmedia":[{"embeddable":true,"href":"https:\/\/triny.pl\/blog\/wp-json\/wp\/v2\/media\/20608"}],"wp:attachment":[{"href":"https:\/\/triny.pl\/blog\/wp-json\/wp\/v2\/media?parent=20601"}],"wp:term":[{"taxonomy":"category","embeddable":true,"href":"https:\/\/triny.pl\/blog\/wp-json\/wp\/v2\/categories?post=20601"},{"taxonomy":"post_tag","embeddable":true,"href":"https:\/\/triny.pl\/blog\/wp-json\/wp\/v2\/tags?post=20601"}],"curies":[{"name":"wp","href":"https:\/\/api.w.org\/{rel}","templated":true}]}}