{"id":20987,"date":"2021-10-14T08:37:16","date_gmt":"2021-10-14T06:37:16","guid":{"rendered":"https:\/\/triny.pl\/blog\/?p=20987"},"modified":"2023-08-23T11:41:05","modified_gmt":"2023-08-23T09:41:05","slug":"woda-w-kosmetykach-to-musisz-wiedziec","status":"publish","type":"post","link":"https:\/\/triny.pl\/blog\/woda-w-kosmetykach-to-musisz-wiedziec\/","title":{"rendered":"Woda w kosmetykach \u2013 to musisz wiedzie\u0107!"},"content":{"rendered":"\n<p>Woda jest \u017ar\u00f3d\u0142em zdrowia i pi\u0119kna, ale to zapewne wiesz. Jest te\u017c g\u0142\u00f3wnym sk\u0142adnikiem wielu produkt\u00f3w do piel\u0119gnacji sk\u00f3ry i szacuje si\u0119, \u017ce stanowi nawet 70% sk\u0142adu kosmetyku. Co wa\u017cne, nie pe\u0142ni funkcji wype\u0142niacza \u2013 jest potrzebna, poniewa\u017c poch\u0142ania i ekstrahuje zwi\u0105zki z innych sk\u0142adnik\u00f3w. Dzi\u0119ki temu kosmetyki s\u0105 bardziej przyst\u0119pne i przyjazne dla Twojej sk\u00f3ry. Dowiedz si\u0119 wi\u0119cej o wodzie w kosmetykach!<\/p>\n\n\n\n<p>Woda jest cz\u0119sto g\u0142\u00f3wnym sk\u0142adnikiem produkt\u00f3w piel\u0119gnacyjnych i upi\u0119kszaj\u0105cych, z kt\u00f3rych korzystasz na co dzie\u0144. To wiele m\u00f3wi o jej znaczeniu. Mo\u017cesz j\u0105 znale\u017a\u0107 w kremach, balsamach, produktach do k\u0105pieli, produktach oczyszczaj\u0105cych, a nawet w kosmetykach do makija\u017cu. Kosmetyk mo\u017cemy przyr\u00f3wna\u0107 do ludzkiego organizmu, a sk\u0142ada si\u0119 on z oko\u0142o 60-70% wody. W kosmetykach mo\u017ce by\u0107 jej jeszcze wi\u0119cej \u2013 tj. stanowi\u0107 nawet 80%. Czy to \u017ale? Absolutnie! W tym artykule wyja\u015bnimy, dlaczego woda w kosmetykach jest wa\u017cna.<\/p>\n\n\n\n<h2 class=\"wp-block-heading\" id=\"rola-wody-w-kosmetykach\">Rola wody w kosmetykach<\/h2>\n\n\n\n<p>Je\u015bli chodzi o piel\u0119gnacj\u0119 sk\u00f3ry, zapewne wiesz, jakie sk\u0142adniki sprzyjaj\u0105 Twojej sk\u00f3rze. Na przyk\u0142ad poszukujesz silnie nawil\u017caj\u0105cych substancji jak kwas hialuronowy czy aloes albo te\u017c formu\u0142, kt\u00f3re nie zatykaj\u0105 por\u00f3w sk\u00f3rnych. Je\u017celi jeste\u015b wielbicielk\u0105 kosmetyk\u00f3w naturalnych, skupiasz si\u0119 na takich sk\u0142adnikach jak ekstrakty ro\u015blinne, aktywne witaminy i zwi\u0105zki przeciwutleniaj\u0105ce, a nast\u0119pnie upewniasz si\u0119, \u017ce sk\u0142ad pozbawiony jest sztucznych zapach\u00f3w, barwnik\u00f3w czy innych zwi\u0105zk\u00f3w uwa\u017canych za kontrowersyjne. Co jednak z wod\u0105? Czy sprawdzasz r\u00f3wnie\u017c j\u0105? Czy powinna si\u0119 pojawia\u0107 w sk\u0142adzie, czy mo\u017ce jej obecno\u015b\u0107 jest niepo\u017c\u0105dana?<\/p>\n\n\n\n<p><span class=\"tip\">Wed\u0142ug ekspert\u00f3w laboratoryjnych Univar Solutions receptura kremu zawiera od 60-85% wody, balsam do 90%, a \u017cel pod prysznic lub szampon \u2013 do 95%.<\/span><\/p>\n\n\n\n<p>Zacznijmy od tego, <strong>po co woda jest w kosmetykach<\/strong>. Woda jest znana jako uniwersalny rozpuszczalnik, co oznacza, \u017ce rozpuszcza wi\u0119cej substancji ni\u017c jakakolwiek inna substancja chemiczna \u2013 to tak w najwi\u0119kszym uproszczeniu. Nie powinna wi\u0119c dziwi\u0107 to, \u017ce jest g\u0142\u00f3wnym sk\u0142adnikiem wielu kosmetyk\u00f3w.<\/p>\n\n\n\n<p><strong>Dwa g\u0142\u00f3wne powody, dlaczego woda jest stosowana w kosmetykach:<\/strong><\/p>\n\n\n\n<ul>\n<li>jest rozpuszczalnikiem i to w niej rozpuszczaj\u0105 si\u0119 zwi\u0105zki zawarte w formule, w tym \u015brodki kondycjonuj\u0105ce i myj\u0105ce<\/li>\n\n\n\n<li>s\u0142u\u017cy do emulgowania olejk\u00f3w, dzi\u0119ki czemu uzyskuje si\u0119 kremow\u0105 konsystencj\u0119<\/li>\n<\/ul>\n\n\n\n<p>Co wa\u017cne, <strong>woda nie jest traktowana jako wype\u0142niacz, poniewa\u017c pe\u0142ni okre\u015blone funkcje<\/strong> \u2013 poch\u0142ania i ekstrahuje zwi\u0105zki z innych sk\u0142adnik\u00f3w, tym samym sprawia, \u017ce dany produkt jest bardziej przyst\u0119pny dla sk\u00f3ry. To dlatego woda cz\u0119sto pojawia si\u0119 jako pierwszy sk\u0142adnik w INCI.<\/p>\n\n\n\n<h2 class=\"wp-block-heading\" id=\"korzysci-z-wody-w-kosmetykach\">Korzy\u015bci z wody w kosmetykach<\/h2>\n\n\n\n<p>Dodanie wody do produktu sprawia, \u017ce staje si\u0119 on g\u0142adszy, \u0142atwiej si\u0119 rozprowadza, co stanowi dobr\u0105 przeciwwag\u0119 dla bogatych mase\u0142 i balsam\u00f3w do cia\u0142a. Ponadto woda obecna w kosmetykach ma kilka zalet piel\u0119gnacyjnych.<\/p>\n\n\n\n<p><span class=\"tip\">Receptury wysokiej jako\u015bci kosmetyk\u00f3w zamiast wody zawieraj\u0105 cz\u0119sto wyci\u0105gi ro\u015blinne b\u0105d\u017a hydrolaty (wody kwiatowe), dzi\u0119ki czemu zapewniaj\u0105 lepsze rezultaty piel\u0119gnacyjne. Hydrolaty w sk\u0142adach INCI po nazwie danej ro\u015bliny maj\u0105 s\u0142owo \u201ewater\u201d.<\/span><\/p>\n\n\n\n<p><strong>Polecane kosmetyki na bazie hydrolat\u00f3w:<\/strong><\/p>\n\n\n<section class=\"slider-collage-carousel\" data-id=\"11376, 8254, 7229, 8391, 10725, 2721, 7759, 6551\"><ul class=\"collage collage-slider\"><li class=\"item\"><a href=\"https:\/\/triny.pl\/11376-la-le-kosmetyki-plyn-do-demakijazu-dwufazowy-hydrolat-z-bialej-i-zielonej-herbaty-i-olej-ryzowy.html\" target=\"_blank\"><picture><source srcset=\"https:\/\/static.triny.pl\/img\/p\/1\/7\/2\/0\/9\/17209-thickbox_default.webp\"  type=\"image\/webp\"><source srcset=\"https:\/\/static.triny.pl\/img\/p\/1\/7\/2\/0\/9\/17209-thickbox_default.jpg\"  type=\"image\/jpeg\"><img src=\"https:\/\/triny.pl\/blog\/wp-content\/themes\/triny\/assets\/img\/placeholder-600x600.png\" data-src=\"https:\/\/static.triny.pl\/img\/p\/1\/7\/2\/0\/9\/17209-thickbox_default.jpg\" class=\"tns-lazy-img\" alt=\"P\u0142yn do demakija\u017cu dwufazowy &#8211; Hydrolat z bia\u0142ej i zielonej herbaty i olej ry\u017cowy\"><\/picture><div class=\"brand\">La-Le Kosmetyki<\/div><div class=\"title\">P\u0142yn do demakija\u017cu dwufazowy &#8211; Hydrolat z bia\u0142ej i zielonej herbaty i olej ry\u017cowy<\/div><\/a><a class=\"slider-collage-carousel__btn read-more-button\" href=\"https:\/\/triny.pl\/11376-la-le-kosmetyki-plyn-do-demakijazu-dwufazowy-hydrolat-z-bialej-i-zielonej-herbaty-i-olej-ryzowy.html\" target=\"_blank\">Zobacz<\/a><\/li><li class=\"item\"><a href=\"https:\/\/triny.pl\/8254-e-fiore-odmladzajaca-pianka-do-mycia-twarzy-z-roza-damascenska.html\" target=\"_blank\"><picture><source srcset=\"https:\/\/static.triny.pl\/img\/p\/1\/1\/4\/8\/8\/11488-thickbox_default.webp\"  type=\"image\/webp\"><source srcset=\"https:\/\/static.triny.pl\/img\/p\/1\/1\/4\/8\/8\/11488-thickbox_default.jpg\"  type=\"image\/jpeg\"><img src=\"https:\/\/triny.pl\/blog\/wp-content\/themes\/triny\/assets\/img\/placeholder-600x600.png\" data-src=\"https:\/\/static.triny.pl\/img\/p\/1\/1\/4\/8\/8\/11488-thickbox_default.jpg\" class=\"tns-lazy-img\" alt=\"Odm\u0142adzaj\u0105ca pianka do mycia twarzy z R\u00f3\u017c\u0105 Damasce\u0144sk\u0105\"><\/picture><div class=\"brand\">E-FIORE<\/div><div class=\"title\">Odm\u0142adzaj\u0105ca pianka do mycia twarzy z R\u00f3\u017c\u0105 Damasce\u0144sk\u0105<\/div><\/a><a class=\"slider-collage-carousel__btn read-more-button\" href=\"https:\/\/triny.pl\/8254-e-fiore-odmladzajaca-pianka-do-mycia-twarzy-z-roza-damascenska.html\" target=\"_blank\">Zobacz<\/a><\/li><li class=\"item\"><a href=\"https:\/\/triny.pl\/7229-asoa-krem-maseczka-do-twarzy-algi-morskie.html\" target=\"_blank\"><picture><source srcset=\"https:\/\/static.triny.pl\/img\/p\/1\/3\/6\/9\/8\/13698-thickbox_default.webp\"  type=\"image\/webp\"><source srcset=\"https:\/\/static.triny.pl\/img\/p\/1\/3\/6\/9\/8\/13698-thickbox_default.jpg\"  type=\"image\/jpeg\"><img src=\"https:\/\/triny.pl\/blog\/wp-content\/themes\/triny\/assets\/img\/placeholder-600x600.png\" data-src=\"https:\/\/static.triny.pl\/img\/p\/1\/3\/6\/9\/8\/13698-thickbox_default.jpg\" class=\"tns-lazy-img\" alt=\"Krem-maseczka do twarzy &#8211; Algi Morskie\"><\/picture><div class=\"brand\">Asoa<\/div><div class=\"title\">Krem-maseczka do twarzy &#8211; Algi Morskie<\/div><\/a><a class=\"slider-collage-carousel__btn read-more-button\" href=\"https:\/\/triny.pl\/7229-asoa-krem-maseczka-do-twarzy-algi-morskie.html\" target=\"_blank\">Zobacz<\/a><\/li><li class=\"item\"><a href=\"https:\/\/triny.pl\/8391-iossi-cytrusowa-esencja-z-kwasami-aha-kwasem-hialuronowym-i-niacynamidem.html\" target=\"_blank\"><picture><source srcset=\"https:\/\/static.triny.pl\/img\/p\/1\/7\/1\/4\/1\/17141-thickbox_default.webp\"  type=\"image\/webp\"><source srcset=\"https:\/\/static.triny.pl\/img\/p\/1\/7\/1\/4\/1\/17141-thickbox_default.jpg\"  type=\"image\/jpeg\"><img src=\"https:\/\/triny.pl\/blog\/wp-content\/themes\/triny\/assets\/img\/placeholder-600x600.png\" data-src=\"https:\/\/static.triny.pl\/img\/p\/1\/7\/1\/4\/1\/17141-thickbox_default.jpg\" class=\"tns-lazy-img\" alt=\"Acerola &#8211; Cytrusowa esencja z kwasami AHA kwasem hialuronowym i niacynamidem &#8211; 200 ml\"><\/picture><div class=\"brand\">IOSSI<\/div><div class=\"title\">Acerola &#8211; Cytrusowa esencja z kwasami AHA kwasem hialuronowym i niacynamidem &#8211; 200 ml<\/div><\/a><a class=\"slider-collage-carousel__btn read-more-button\" href=\"https:\/\/triny.pl\/8391-iossi-cytrusowa-esencja-z-kwasami-aha-kwasem-hialuronowym-i-niacynamidem.html\" target=\"_blank\">Zobacz<\/a><\/li><li class=\"item\"><a href=\"https:\/\/triny.pl\/2721-make-me-bio-nawilzajacy-krem-dla-skory-suchej-i-wrazliwej-garden-roses.html\" target=\"_blank\"><picture><source srcset=\"https:\/\/static.triny.pl\/img\/p\/1\/2\/5\/5\/2\/12552-thickbox_default.webp\"  type=\"image\/webp\"><source srcset=\"https:\/\/static.triny.pl\/img\/p\/1\/2\/5\/5\/2\/12552-thickbox_default.jpg\"  type=\"image\/jpeg\"><img src=\"https:\/\/triny.pl\/blog\/wp-content\/themes\/triny\/assets\/img\/placeholder-600x600.png\" data-src=\"https:\/\/static.triny.pl\/img\/p\/1\/2\/5\/5\/2\/12552-thickbox_default.jpg\" class=\"tns-lazy-img\" alt=\"Garden Roses &#8211; Nawil\u017caj\u0105cy krem dla sk\u00f3ry suchej\"><\/picture><div class=\"brand\">Make Me Bio<\/div><div class=\"title\">Garden Roses &#8211; Nawil\u017caj\u0105cy krem dla sk\u00f3ry suchej<\/div><\/a><a class=\"slider-collage-carousel__btn read-more-button\" href=\"https:\/\/triny.pl\/2721-make-me-bio-nawilzajacy-krem-dla-skory-suchej-i-wrazliwej-garden-roses.html\" target=\"_blank\">Zobacz<\/a><\/li><li class=\"item\"><a href=\"https:\/\/triny.pl\/6551-asoa-krem-do-twarzy-odzywcza-goja.html\" target=\"_blank\"><picture><source srcset=\"https:\/\/static.triny.pl\/img\/p\/1\/9\/7\/6\/0\/19760-thickbox_default.webp\"  type=\"image\/webp\"><source srcset=\"https:\/\/static.triny.pl\/img\/p\/1\/9\/7\/6\/0\/19760-thickbox_default.jpg\"  type=\"image\/jpeg\"><img src=\"https:\/\/triny.pl\/blog\/wp-content\/themes\/triny\/assets\/img\/placeholder-600x600.png\" data-src=\"https:\/\/static.triny.pl\/img\/p\/1\/9\/7\/6\/0\/19760-thickbox_default.jpg\" class=\"tns-lazy-img\" alt=\"Krem do twarzy &#8211; Od\u017cywcza goja\"><\/picture><div class=\"brand\">Asoa<\/div><div class=\"title\">Krem do twarzy &#8211; Od\u017cywcza goja<\/div><\/a><a class=\"slider-collage-carousel__btn read-more-button\" href=\"https:\/\/triny.pl\/6551-asoa-krem-do-twarzy-odzywcza-goja.html\" target=\"_blank\">Zobacz<\/a><\/li><\/ul><\/section>\n\n\n\n<p>Woda w kosmetykach dzia\u0142a jako \u015bwietna baza, poniewa\u017c jest <strong>hipoalergiczna, naturalnie bezzapachowa i wykazuje niskie ryzyko, \u017ce wywo\u0142a niepo\u017c\u0105dane reakcje<\/strong>. Je\u017celi wybierasz produkty z g\u00f3rnych p\u00f3\u0142ek, jak kosmetyki luksusowe, to dodanie wody sprawia, \u017ce b\u0119dziesz korzysta\u0107 z produktu d\u0142u\u017cej przy zachowaniu wysokich w\u0142a\u015bciwo\u015bci i skuteczno\u015bci zastosowanych sk\u0142adnik\u00f3w aktywnych (pami\u0119taj, woda jest tu rozpuszczalnikiem). Kosmetyki z bardzo wysok\u0105 wody mog\u0105 by\u0107 atrakcyjne ze wzgl\u0119du na \u0142atw\u0105 i lekk\u0105 do rozsmarowania form\u0119.<\/p>\n\n\n\n<p>Dodajmy, \u017ce <strong>sk\u00f3ra potrzebuje wody, aby zachowa\u0107 r\u00f3wnowag\u0119 wodno-lipidow\u0105<\/strong>. Wiele problem\u00f3w zwi\u0105zanych z nieprawid\u0142owym funkcjonowaniem sk\u00f3ry, takich jak brak elastyczno\u015bci, mi\u0119kko\u015bci i g\u0142adko\u015bci, wynika z niedoboru wody. Najcz\u0119\u015bciej jednak dotyczy to dostarczania wody od zewn\u0105trz, poniewa\u017c woda w kosmetykach jako tako nie odgrywa roli kosmetyczno-piel\u0119gnacyjnej.<\/p>\n\n\n\n<p><strong>Poczytaj wi\u0119cej o wp\u0142ywie wody na urod\u0119:<\/strong><\/p>\n\n\n\n<figure class=\"wp-block-embed is-type-wp-embed is-provider-blog-triny-pl wp-block-embed-blog-triny-pl\"><div class=\"wp-block-embed__wrapper\">\n<blockquote class=\"wp-embedded-content\" data-secret=\"8EJA2w3LiV\"><a href=\"https:\/\/triny.pl\/blog\/woda-pij-dla-zdrowia-i-pieknej-skory\/\">Wp\u0142yw wody na sk\u00f3r\u0119 i zdrowie. Warto j\u0105 pi\u0107!<\/a><\/blockquote><iframe class=\"wp-embedded-content\" sandbox=\"allow-scripts\" security=\"restricted\" style=\"position: absolute; clip: rect(1px, 1px, 1px, 1px);\" title=\"&#8222;Wp\u0142yw wody na sk\u00f3r\u0119 i zdrowie. Warto j\u0105 pi\u0107!&#8221; &#8212; Blog Triny.pl\" src=\"https:\/\/triny.pl\/blog\/woda-pij-dla-zdrowia-i-pieknej-skory\/embed\/#?secret=8EJA2w3LiV\" data-secret=\"8EJA2w3LiV\" width=\"600\" height=\"338\" frameborder=\"0\" marginwidth=\"0\" marginheight=\"0\" scrolling=\"no\"><\/iframe>\n<\/div><\/figure>\n\n\n\n<h2 class=\"wp-block-heading\" id=\"jakiej-wody-uzywa-sie-w-kosmetykach\">Jakiej wody u\u017cywa si\u0119 w kosmetykach?<\/h2>\n\n\n\n<p>Ze wzgl\u0119du na to, \u017ce woda stanowi jeden z g\u0142\u00f3wnych sk\u0142adnik\u00f3w kosmetyku, jej <strong>jako\u015b\u0107 wp\u0142ywa znacz\u0105co na jego jako\u015b\u0107 i w\u0142a\u015bciwo\u015bci<\/strong>. Dlatego tak wa\u017cne jest, aby woda by\u0142a oczyszczona (najcz\u0119\u015bciej stosuje si\u0119 tu metod\u0119 odwr\u00f3conej osmozy). Zamiast lub dodatkowo mog\u0105 by\u0107 te\u017c stosowane takie sk\u0142adniki wodne jak hydrolaty, wody termalne czy oligoce\u0144skie.<\/p>\n\n\n\n<p><span class=\"note\">Do produkcji kosmetyk\u00f3w i produkt\u00f3w do piel\u0119gnacji cia\u0142a u\u017cywana jest wy\u0142\u0105cznie woda wolna od toksyn, zanieczyszcze\u0144 i drobnoustroj\u00f3w. Woda wykorzystywana do tego celu jest r\u00f3wnie\u017c okre\u015blana jako woda destylowana, woda demineralizowana lub oczyszczona \u2013 s\u0105 to nazwy powszechnie stosowane w Unii Europejskiej.<\/span><\/p>\n\n\n\n<p>Woda oligoce\u0144ska charakteryzuje si\u0119 wyj\u0105tkow\u0105 czysto\u015bci\u0105 i naturalnym sk\u0142adem, ponadto zawiera krzemionk\u0119, magnez, wap\u0144, fluor, \u017celazo i selen. Natomiast wody termalne wykazuj\u0105 w\u0142a\u015bciwo\u015bci lecznicze, s\u0105 czyste mikrobiologicznie i bogate w mikroelementy. <\/p>\n\n\n\n<h2 class=\"wp-block-heading\" id=\"kosmetyki-na-bazie-wody\">Kosmetyki na bazie wody<\/h2>\n\n\n<section class=\"slider-collage-carousel\" data-id=\"2720, 11799, 3902, 6934, 7586, 11863, 11940, 7900, 11623, 11930\"><ul class=\"collage collage-slider\"><li class=\"item\"><a href=\"https:\/\/triny.pl\/11799-fluff-krem-chmurka-nawilzajaca-aqua-bomb.html\" target=\"_blank\"><picture><source srcset=\"https:\/\/static.triny.pl\/img\/p\/1\/9\/3\/0\/7\/19307-thickbox_default.webp\"  type=\"image\/webp\"><source srcset=\"https:\/\/static.triny.pl\/img\/p\/1\/9\/3\/0\/7\/19307-thickbox_default.jpg\"  type=\"image\/jpeg\"><img src=\"https:\/\/triny.pl\/blog\/wp-content\/themes\/triny\/assets\/img\/placeholder-600x600.png\" data-src=\"https:\/\/static.triny.pl\/img\/p\/1\/9\/3\/0\/7\/19307-thickbox_default.jpg\" class=\"tns-lazy-img\" alt=\"Krem chmurka nawil\u017caj\u0105ca Aqua Bomb\"><\/picture><div class=\"brand\">Fluff<\/div><div class=\"title\">Krem chmurka nawil\u017caj\u0105ca Aqua Bomb<\/div><\/a><a class=\"slider-collage-carousel__btn read-more-button\" href=\"https:\/\/triny.pl\/11799-fluff-krem-chmurka-nawilzajaca-aqua-bomb.html\" target=\"_blank\">Zobacz<\/a><\/li><li class=\"item\"><a href=\"https:\/\/triny.pl\/3902-nacomi-nawilzajacy-koktajl-do-twarzy-3w1-aqua-hydra-skin.html\" target=\"_blank\"><picture><source srcset=\"https:\/\/static.triny.pl\/img\/p\/4\/9\/4\/8\/4948-thickbox_default.webp\"  type=\"image\/webp\"><source srcset=\"https:\/\/static.triny.pl\/img\/p\/4\/9\/4\/8\/4948-thickbox_default.jpg\"  type=\"image\/jpeg\"><img src=\"https:\/\/triny.pl\/blog\/wp-content\/themes\/triny\/assets\/img\/placeholder-600x600.png\" data-src=\"https:\/\/static.triny.pl\/img\/p\/4\/9\/4\/8\/4948-thickbox_default.jpg\" class=\"tns-lazy-img\" alt=\"Aqua hydra skin &#8211; Nawil\u017caj\u0105cy koktajl do twarzy 3w1\"><\/picture><div class=\"brand\">Nacomi<\/div><div class=\"title\">Aqua hydra skin &#8211; Nawil\u017caj\u0105cy koktajl do twarzy 3w1<\/div><\/a><a class=\"slider-collage-carousel__btn read-more-button\" href=\"https:\/\/triny.pl\/3902-nacomi-nawilzajacy-koktajl-do-twarzy-3w1-aqua-hydra-skin.html\" target=\"_blank\">Zobacz<\/a><\/li><li class=\"item\"><a href=\"https:\/\/triny.pl\/6934-polny-warkocz-esencja-kojaca-zloty-korzen-i-czerwony-mak-tonik-do-cery-normalnej-i-wrazliwej.html\" target=\"_blank\"><picture><source srcset=\"https:\/\/static.triny.pl\/img\/p\/9\/3\/5\/2\/9352-thickbox_default.webp\"  type=\"image\/webp\"><source srcset=\"https:\/\/static.triny.pl\/img\/p\/9\/3\/5\/2\/9352-thickbox_default.jpg\"  type=\"image\/jpeg\"><img src=\"https:\/\/triny.pl\/blog\/wp-content\/themes\/triny\/assets\/img\/placeholder-600x600.png\" data-src=\"https:\/\/static.triny.pl\/img\/p\/9\/3\/5\/2\/9352-thickbox_default.jpg\" class=\"tns-lazy-img\" alt=\"Esencja koj\u0105ca z\u0142oty korze\u0144 i czerwony mak &#8211; Tonik do cery normalnej i wra\u017cliwej\"><\/picture><div class=\"brand\">Polny Warkocz<\/div><div class=\"title\">Esencja koj\u0105ca z\u0142oty korze\u0144 i czerwony mak &#8211; Tonik do cery normalnej i wra\u017cliwej<\/div><\/a><a class=\"slider-collage-carousel__btn read-more-button\" href=\"https:\/\/triny.pl\/6934-polny-warkocz-esencja-kojaca-zloty-korzen-i-czerwony-mak-tonik-do-cery-normalnej-i-wrazliwej.html\" target=\"_blank\">Zobacz<\/a><\/li><li class=\"item\"><a href=\"https:\/\/triny.pl\/7586-lale-kosmetyki-krem-z-olejkiem-z-opuncji-figowej.html\" target=\"_blank\"><picture><source srcset=\"https:\/\/static.triny.pl\/img\/p\/1\/0\/5\/5\/2\/10552-thickbox_default.webp\"  type=\"image\/webp\"><source srcset=\"https:\/\/static.triny.pl\/img\/p\/1\/0\/5\/5\/2\/10552-thickbox_default.jpg\"  type=\"image\/jpeg\"><img src=\"https:\/\/triny.pl\/blog\/wp-content\/themes\/triny\/assets\/img\/placeholder-600x600.png\" data-src=\"https:\/\/static.triny.pl\/img\/p\/1\/0\/5\/5\/2\/10552-thickbox_default.jpg\" class=\"tns-lazy-img\" alt=\"Krem do twarzy z olejkiem z opuncji figowej\"><\/picture><div class=\"brand\">La-Le Kosmetyki<\/div><div class=\"title\">Krem do twarzy z olejkiem z opuncji figowej<\/div><\/a><a class=\"slider-collage-carousel__btn read-more-button\" href=\"https:\/\/triny.pl\/7586-lale-kosmetyki-krem-z-olejkiem-z-opuncji-figowej.html\" target=\"_blank\">Zobacz<\/a><\/li><li class=\"item\"><a href=\"https:\/\/triny.pl\/11863-aloe-organic-serum-do-twarzy-anti-aging.html\" target=\"_blank\"><picture><source srcset=\"https:\/\/static.triny.pl\/img\/p\/1\/9\/5\/1\/3\/19513-thickbox_default.webp\"  type=\"image\/webp\"><source srcset=\"https:\/\/static.triny.pl\/img\/p\/1\/9\/5\/1\/3\/19513-thickbox_default.jpg\"  type=\"image\/jpeg\"><img src=\"https:\/\/triny.pl\/blog\/wp-content\/themes\/triny\/assets\/img\/placeholder-600x600.png\" data-src=\"https:\/\/static.triny.pl\/img\/p\/1\/9\/5\/1\/3\/19513-thickbox_default.jpg\" class=\"tns-lazy-img\" alt=\"Aloe Organic &#8211; Serum do twarzy anti-aging\"><\/picture><div class=\"brand\">AVA Laboratorium<\/div><div class=\"title\">Aloe Organic &#8211; Serum do twarzy anti-aging<\/div><\/a><a class=\"slider-collage-carousel__btn read-more-button\" href=\"https:\/\/triny.pl\/11863-aloe-organic-serum-do-twarzy-anti-aging.html\" target=\"_blank\">Zobacz<\/a><\/li><li class=\"item\"><a href=\"https:\/\/triny.pl\/11940-fluff-serum-booster-dwufazowe-algi-i-glony-wakame-przeciwzmarszczkowe.html\" target=\"_blank\"><picture><source srcset=\"https:\/\/static.triny.pl\/img\/p\/1\/9\/5\/1\/6\/19516-thickbox_default.webp\"  type=\"image\/webp\"><source srcset=\"https:\/\/static.triny.pl\/img\/p\/1\/9\/5\/1\/6\/19516-thickbox_default.jpg\"  type=\"image\/jpeg\"><img src=\"https:\/\/triny.pl\/blog\/wp-content\/themes\/triny\/assets\/img\/placeholder-600x600.png\" data-src=\"https:\/\/static.triny.pl\/img\/p\/1\/9\/5\/1\/6\/19516-thickbox_default.jpg\" class=\"tns-lazy-img\" alt=\"Serum booster dwufazowe &#8211; algi i glony Wakame &#8211; przeciwzmarszczkowe\"><\/picture><div class=\"brand\">Fluff<\/div><div class=\"title\">Serum booster dwufazowe &#8211; algi i glony Wakame &#8211; przeciwzmarszczkowe<\/div><\/a><a class=\"slider-collage-carousel__btn read-more-button\" href=\"https:\/\/triny.pl\/11940-fluff-serum-booster-dwufazowe-algi-i-glony-wakame-przeciwzmarszczkowe.html\" target=\"_blank\">Zobacz<\/a><\/li><li class=\"item\"><a href=\"https:\/\/triny.pl\/7900-resibo-naturalny-zel-myjacy-do-twarzy-z-ekstraktem-z-brzoskwini.html\" target=\"_blank\"><picture><source srcset=\"https:\/\/static.triny.pl\/img\/p\/2\/1\/6\/5\/1\/21651-thickbox_default.webp\"  type=\"image\/webp\"><source srcset=\"https:\/\/static.triny.pl\/img\/p\/2\/1\/6\/5\/1\/21651-thickbox_default.jpg\"  type=\"image\/jpeg\"><img src=\"https:\/\/triny.pl\/blog\/wp-content\/themes\/triny\/assets\/img\/placeholder-600x600.png\" data-src=\"https:\/\/static.triny.pl\/img\/p\/2\/1\/6\/5\/1\/21651-thickbox_default.jpg\" class=\"tns-lazy-img\" alt=\"Naturalny \u017cel myj\u0105cy do twarzy z ekstraktem z brzoskwini Rich Peach\"><\/picture><div class=\"brand\">Resibo<\/div><div class=\"title\">Naturalny \u017cel myj\u0105cy do twarzy z ekstraktem z brzoskwini Rich Peach<\/div><\/a><a class=\"slider-collage-carousel__btn read-more-button\" href=\"https:\/\/triny.pl\/7900-resibo-naturalny-zel-myjacy-do-twarzy-z-ekstraktem-z-brzoskwini.html\" target=\"_blank\">Zobacz<\/a><\/li><li class=\"item\"><a href=\"https:\/\/triny.pl\/11623-lale-kosmetyki-krem-ochronny-z-filtrem-mineralnym-uvauvb-spf-50-roza-malina.html\" target=\"_blank\"><picture><source srcset=\"https:\/\/static.triny.pl\/img\/p\/2\/2\/1\/5\/5\/22155-thickbox_default.webp\"  type=\"image\/webp\"><source srcset=\"https:\/\/static.triny.pl\/img\/p\/2\/2\/1\/5\/5\/22155-thickbox_default.jpg\"  type=\"image\/jpeg\"><img src=\"https:\/\/triny.pl\/blog\/wp-content\/themes\/triny\/assets\/img\/placeholder-600x600.png\" data-src=\"https:\/\/static.triny.pl\/img\/p\/2\/2\/1\/5\/5\/22155-thickbox_default.jpg\" class=\"tns-lazy-img\" alt=\"Krem ochronny z filtrem mineralnym UVA\/UVB &#8211; SPF 50 &#8211; r\u00f3\u017ca-malina\"><\/picture><div class=\"brand\">La-Le Kosmetyki<\/div><div class=\"title\">Krem ochronny z filtrem mineralnym UVA\/UVB &#8211; SPF 50 &#8211; r\u00f3\u017ca-malina<\/div><\/a><a class=\"slider-collage-carousel__btn read-more-button\" href=\"https:\/\/triny.pl\/11623-lale-kosmetyki-krem-ochronny-z-filtrem-mineralnym-uvauvb-spf-50-roza-malina.html\" target=\"_blank\">Zobacz<\/a><\/li><li class=\"item\"><a href=\"https:\/\/triny.pl\/11930-lale-kosmetyki-kawowy-szampon-stymulujacy-wzrost-wlosow.html\" target=\"_blank\"><picture><source srcset=\"https:\/\/static.triny.pl\/img\/p\/1\/9\/4\/8\/2\/19482-thickbox_default.webp\"  type=\"image\/webp\"><source srcset=\"https:\/\/static.triny.pl\/img\/p\/1\/9\/4\/8\/2\/19482-thickbox_default.jpg\"  type=\"image\/jpeg\"><img src=\"https:\/\/triny.pl\/blog\/wp-content\/themes\/triny\/assets\/img\/placeholder-600x600.png\" data-src=\"https:\/\/static.triny.pl\/img\/p\/1\/9\/4\/8\/2\/19482-thickbox_default.jpg\" class=\"tns-lazy-img\" alt=\"Kawowy szampon stymuluj\u0105cy wzrost w\u0142os\u00f3w\"><\/picture><div class=\"brand\">La-Le Kosmetyki<\/div><div class=\"title\">Kawowy szampon stymuluj\u0105cy wzrost w\u0142os\u00f3w<\/div><\/a><a class=\"slider-collage-carousel__btn read-more-button\" href=\"https:\/\/triny.pl\/11930-lale-kosmetyki-kawowy-szampon-stymulujacy-wzrost-wlosow.html\" target=\"_blank\">Zobacz<\/a><\/li><\/ul><\/section>\n\n\n\n<p>Dost\u0119pne kosmetyki, a zw\u0142aszcza kremy do twarzy, mog\u0105 by\u0107 na bazie oleju b\u0105d\u017a wody. Jak mo\u017cesz si\u0119 domy\u015bli\u0107, g\u0142\u00f3wnym sk\u0142adnikiem nawil\u017caj\u0105cym tego drugiego jest woda, obok kt\u00f3rej mog\u0105 pojawi\u0107 si\u0119 te\u017c takie p\u0142ynne sk\u0142adniki jak wyci\u0105gi i hydrolaty. Cz\u0119\u015b\u0107 tej wody wsi\u0105knie w sk\u00f3r\u0119 po na\u0142o\u017ceniu kosmetyku, a cz\u0119\u015b\u0107 wyparuje. Aby zapobiec parowaniu, <strong>cz\u0119sto do kosmetyku dodawana jest substancja utrzymuj\u0105ca wilgo\u0107<\/strong> jak gliceryna, aminokwasy, peptydy, mocznik i kwas hialuronowy. Co ciekawe, kosmetyk (nawil\u017cacz) na bazie wody mo\u017ce r\u00f3wnie\u017c zawiera\u0107 olej lub okluzyjne emolienty, aby zapobiec parowaniu wody.<\/p>\n\n\n\n<p><span class=\"note\">Kosmetyk na bazie wody jest najlepszy dla os\u00f3b z odwodnion\u0105 sk\u00f3r\u0105. To r\u00f3wnie\u017c dobry wyb\u00f3r na lato, poniewa\u017c takie nawil\u017cacze s\u0105 l\u017cejsze ni\u017c te na bazie oleju. Zapewniaj\u0105 silne nawil\u017cenie, a dodatkowe sk\u0142adniki przeciwstarzeniowe mog\u0105 dodatkowo wyg\u0142adzi\u0107 i poprawi\u0107 elastyczno\u015b\u0107 sk\u00f3ry.<\/span><\/p>\n\n\n\n<p>Kosmetyki na bazie wody to kremy, balsamy lub \u017cele. Podstawowa r\u00f3\u017cnica mi\u0119dzy nimi to ilo\u015b\u0107 wody, kt\u00f3ra wp\u0142ywa na konsystencj\u0119 i te\u017c doznania przy aplikacji. Kremy maj\u0105 najmniejsz\u0105 ilo\u015b\u0107 wody, dzi\u0119ki czemu maj\u0105 g\u0119stsz\u0105 konsystencj\u0119 ni\u017c balsamy i \u017cele. Nawil\u017caj\u0105cy \u017cel wodny zawiera du\u017c\u0105 zawarto\u015b\u0107 wody, dzi\u0119ki czemu jest lekki i mniej obci\u0105\u017caj\u0105cy. Balsam na bazie wody znajduje si\u0119 po\u015brodku \u2013 ma wi\u0119cej wody ni\u017c kremy, ale mniej ni\u017c \u017cele. Je\u015bli wi\u0119c poszukujesz lekkiego kremu nawil\u017caj\u0105cego, najprawdopodobniej najlepsz\u0105 opcj\u0105 b\u0119dzie taki w formie kremowego balsamu lub \u017celu.<\/p>\n\n\n\n<h2 class=\"wp-block-heading\" id=\"formuly-bezwodne-co-to-takiego\">Formu\u0142y bezwodne \u2013 co to takiego?<\/h2>\n\n\n\n<p>Woda nie jest wykorzystywana tylko jako sk\u0142adnik kosmetyk\u00f3w, ale te\u017c w ca\u0142ym procesie produkcyjnym, cho\u0107by do mycia czy op\u0142ukiwania sk\u0142adnik\u00f3w, narz\u0119dzi i linii produkcyjnej. Okazuje si\u0119, \u017ce produkty mog\u0105 by\u0107 tak opracowane, aby ograniczy\u0107 zu\u017cycie wody produkcyjnej, wody w recepturze czy te\u017c wod\u0119, kt\u00f3ra jest konieczna do u\u017cycia produktu (np. szampon wymaga wody, by si\u0119 pieni\u0107). Coraz wi\u0119ksz\u0105 popularno\u015b\u0107 zyskuj\u0105 kosmetyki niezawieraj\u0105ce wody.&nbsp;<\/p>\n\n\n\n<p><strong>Formu\u0142y bezwodne pojawiaj\u0105 si\u0119 w ka\u017cdej z grup kosmetyk\u00f3w do piel\u0119gnacji sk\u00f3ry, w\u0142os\u00f3w czy do makija\u017cu<\/strong>. Dobrym przyk\u0142adem s\u0105 balsamy oczyszczaj\u0105ce do w\u0142os\u00f3w (szampon i od\u017cywka w jednym) czy te\u017c suche szampony, kt\u00f3re pozwalaj\u0105 na mniejsze zu\u017cycie wody przed konsument\u00f3w.&nbsp;<\/p>\n\n\n\n<p><span class=\"tip\">Produkty naturalnie bezwodne to na przyk\u0142ad formu\u0142y olejowe, olejki i serum, kosmetyki na bazie t\u0142uszcz\u00f3w (kosmetyki w kostkach) czy te\u017c produkty suche, np. pudrowe. Niekt\u00f3re firmy reklamuj\u0105 produkty jako \u201ebezwodne\u201d, zast\u0119puj\u0105c zawarto\u015b\u0107 wody wod\u0105 r\u00f3\u017can\u0105 lub aloe vera (to wci\u0105\u017c sk\u0142adniki wodne).&nbsp;<\/span><\/p>\n\n\n\n<p>Koncepcja bezwodnych produkt\u00f3w narodzi\u0142a si\u0119 w Korei Po\u0142udniowej. Wzrost ich popularno\u015bci w Europie obserwujemy od 2015 roku. Pierwotnie ograniczenie wody w kosmetykach mia\u0142o zwi\u0119kszy\u0107 korzy\u015bci piel\u0119gnacyjne ze wzgl\u0119du na wi\u0119ksz\u0105 koncentracj\u0119 sk\u0142adnik\u00f3w aktywnych. Dzi\u015b jednak <strong>bezwodne kosmetyki wpisuj\u0105 si\u0119 nie tylko w \u015bwiadom\u0105 piel\u0119gnacj\u0119, ale tak\u017ce w trosk\u0119 o \u015brodowisko i zr\u00f3wnowa\u017con\u0105 produkcj\u0119<\/strong>. Przede wszystkim formu\u0142y bezwodne umo\u017cliwiaj\u0105 zmniejszenie lub ca\u0142kowite wyeliminowanie konserwant\u00f3w, poniewa\u017c nie ma tu wody, kt\u00f3ra jest idealnym \u015brodowiskiem do namna\u017cania si\u0119 bakterii.<\/p>\n\n\n\n<p><span class=\"note\">Trend na bezwodne pi\u0119kno zwi\u0105zany jest g\u0142\u00f3wnie z powa\u017cnym problemem niedoboru wody s\u0142odkiej na \u015bwiecie i inicjatywami proekologicznymi.<\/span><\/p>\n\n\n\n<p>Kosmetyki bezwodne s\u0105 cz\u0119sto dro\u017csze od tradycyjnych, poniewa\u017c koszt ich wyprodukowania jest wy\u017cszy \u2013 dotyczy to zar\u00f3wno stosowanej technologii, jak i sk\u0142adnik\u00f3w. Jednak za cen\u0105 stoj\u0105 r\u00f3wnie\u017c zalety, jak w\u0142a\u015bnie lepsza efektywno\u015b\u0107, wydajno\u015b\u0107 kosmetyku, dba\u0142o\u015b\u0107 o ekologi\u0119, a tak\u017ce nietoksyczne formu\u0142y.<\/p>\n\n\n\n<h2 class=\"wp-block-heading\" id=\"kosmetolog-radzi-czy-mozna-stosowac-kosmetyki-z-woda-zima\">Kosmetolog radzi: Czy mo\u017cna stosowa\u0107 kosmetyki z wod\u0105 zim\u0105?<\/h2>\n\n\n<div class=\"wp-block-image\">\n<figure class=\"aligncenter size-large\"><a href=\"https:\/\/triny.pl\/blog\/author\/marta-krajewska\/\"><picture><source media=\"(max-width: 450px)\" data-srcset=\"https:\/\/triny.pl\/blog\/wp-content\/uploads\/2021\/03\/blog-2-375x150.png\"><img data-src=\"https:\/\/triny.pl\/blog\/wp-content\/uploads\/2021\/03\/blog-2-684x274.png\" class=\"wp-image-19572 lazyload\" alt=\"kosmetolog radzi\"><\/picture><\/a><\/figure><\/div>\n\n\n<p>Wiele os\u00f3b uwa\u017ca, \u017ce zim\u0105 nale\u017cy zmieni\u0107 kosmetyki z nawil\u017caj\u0105cych na od\u017cywcze, w tym na kosmetyki przeznaczone typowo do zimowej piel\u0119gnacji sk\u00f3ry. Z obawy o zamarzni\u0119cie kosmetyku na twarzy, jak ognia wystrzegaj\u0105 si\u0119 obecno\u015bci wody w sk\u0142adzie krem\u00f3w. Czy faktycznie tak jest? Czy powinni\u015bmy ba\u0107 si\u0119 wody w kosmetykach, kt\u00f3re stosujemy zim\u0105?<\/p>\n\n\n\n<p><strong>Zamarzanie kremu na twarzy jest mitem.<\/strong> Po na\u0142o\u017ceniu kosmetyku na sk\u00f3r\u0119 woda&nbsp; w nim zawarta odparowuje samoistnie w ci\u0105gu oko\u0142o 10 minut \u2013 czyli mniej wi\u0119cej tyle, ile zajmuje nam uszykowanie si\u0119 zim\u0105 do wyj\u015bcia na dw\u00f3r. Konieczno\u015b\u0107 ponownej aplikacji kosmetyku, np. w g\u00f3rach czy na stoku narciarskim, te\u017c nie powinna wzbudza\u0107 obaw. Temperatura sk\u00f3ry nie pozwoli na zamarzni\u0119cie nak\u0142adanego kremu.<\/p>\n\n\n\n<p><strong>Faktem jest, \u017ce t\u0142uste formu\u0142y wzmacniaj\u0105 naturaln\u0105 warstw\u0119 ochronn\u0105 sk\u00f3ry i zapobiegaj\u0105 utracie wody z nask\u00f3rka. <\/strong>W zimowej piel\u0119gnacji wskazana jest obecno\u015b\u0107 sk\u0142adnik\u00f3w o w\u0142a\u015bciwo\u015bciach emoliencyjnych \u2013 jak np. naturalnych olej\u00f3w, mase\u0142 i wosk\u00f3w. Sk\u0142adniki te pozostawiaj\u0105 jednak na sk\u00f3rze wyra\u017any, t\u0142usty film, kt\u00f3ry nie ka\u017cdy lubi i kt\u00f3ry nie wszystkim s\u0142u\u017cy.<\/p>\n\n\n\n<p><strong>Wybieraj\u0105c kosmetyki, powinni\u015bmy kierowa\u0107 si\u0119 przede wszystkim rodzajem sk\u00f3ry i jej potrzebami.<\/strong> Zim\u0105 nie trzeba (a nawet nie nale\u017cy!) rezygnowa\u0107 z kosmetyk\u00f3w nawil\u017caj\u0105cych, trzeba jednak zadba\u0107 o to, aby dany kosmetyk na mrozie nie dzia\u0142a\u0142 odwadniaj\u0105co oraz odpowiednio chroni\u0142 sk\u00f3r\u0119 przed mrozem i wiatrem. W tym celu warto spojrze\u0107 na sk\u0142ad kosmetyku pod k\u0105tem obecno\u015bci humektant\u00f3w.<\/p>\n\n\n\n<p>Humektanty, jak np. kwas hialuronowy, gliceryna, mocznik czy ekstrakt z aloesu, silnie wi\u0105\u017c\u0105 wod\u0119 w nask\u00f3rku i \u015bwietnie nawil\u017caj\u0105 sk\u00f3r\u0119, ALE na mrozie b\u0119d\u0105 dzia\u0142a\u0142y wr\u0119cz przeciwnie. Aby tego unikn\u0105\u0107, <strong>zim\u0105 humektanty powinny by\u0107 stosowane w po\u0142\u0105czeniu z emolientami. <\/strong>Je\u017celi na krem nak\u0142adamy np. filtr SPF lub p\u0142ynny podk\u0142ad, wtedy zachowujemy r\u00f3wnowag\u0119, kt\u00f3ra jest kluczem do sukcesu.<\/p>\n\n\n\n<h2 class=\"wp-block-heading\" id=\"woda-w-kosmetykach-podsumowanie\">Woda w kosmetykach \u2013 podsumowanie<\/h2>\n\n\n\n<p>Woda jest jednym z bazowych sk\u0142adnik\u00f3w kosmetyku i najcz\u0119\u015bciej pojawia si\u0119 na pierwszym miejscu w INCI. Mimo tego, \u017ce obecne trendy sk\u0142aniaj\u0105 si\u0119 bardziej ku bezwodnym formu\u0142om i\/lub zast\u0119powaniu wody innymi p\u0142ynnymi substancjami, jest ona potrzebna w kosmetykach. Pe\u0142ni okre\u015blone funkcje i wp\u0142ywa m.in. na konsystencj\u0119 i spos\u00f3b rozprowadzania danego produktu. Jej obecno\u015b\u0107 natomiast nie oznacza od razu silnego nawil\u017cenia sk\u00f3ry, dlatego te\u017c szukaj\u0105c produktu dla siebie koniecznie sprawdzaj sk\u0142ad. Tylko synergiczne dzia\u0142anie zawartych sk\u0142adnik\u00f3w aktywnych, jak np. wzmacniaj\u0105cych naturaln\u0105 barier\u0119 hydrolipidow\u0105 sk\u00f3ry i zapewniaj\u0105cych ochron\u0119 przed przeznask\u00f3rkow\u0105 utrat\u0105 wilgoci, zapewni efekt g\u0142adkiej i silnie nawodnionej sk\u00f3ry.&nbsp;<\/p>\n\n\n\n<p>Oczywi\u015bcie nie zapomnij o zdrowej diecie i piciu wystarczaj\u0105cej ilo\u015bci p\u0142yn\u00f3w dziennie \u2013 Twoja sk\u00f3ra powinna by\u0107 nawadniania od wewn\u0105trz!<\/p>\n\n\n\n<p><strong><em>Czy lubisz kosmetyki o wodnej konsystencji? A mo\u017ce sk\u0142aniasz si\u0119 bardziej ku bezwodnym recepturom ze wzgl\u0119du na ochron\u0119 zasob\u00f3w wodnych i \u015brodowiska? Podziel si\u0119 w komentarzu swoimi do\u015bwiadczeniami!<\/em><\/strong><\/p>\n","protected":false},"excerpt":{"rendered":"<p>Woda jest \u017ar\u00f3d\u0142em zdrowia i pi\u0119kna, ale to zapewne wiesz. Jest te\u017c g\u0142\u00f3wnym sk\u0142adnikiem wielu produkt\u00f3w do piel\u0119gnacji sk\u00f3ry i szacuje&#8230;<\/p>\n","protected":false},"author":21,"featured_media":20988,"comment_status":"open","ping_status":"open","sticky":false,"template":"","format":"standard","meta":{"footnotes":""},"categories":[35,8186],"tags":[],"acf":[],"yoast_head":"<!-- This site is optimized with the Yoast SEO plugin v21.1 - https:\/\/yoast.com\/wordpress\/plugins\/seo\/ -->\n<title>Woda w kosmetykach \u2013 to musisz wiedzie\u0107!<\/title>\n<meta name=\"robots\" content=\"index, follow, max-snippet:-1, max-image-preview:large, max-video-preview:-1\" \/>\n<link rel=\"canonical\" href=\"https:\/\/triny.pl\/blog\/woda-w-kosmetykach-to-musisz-wiedziec\/\" \/>\n<meta property=\"og:locale\" content=\"pl_PL\" \/>\n<meta property=\"og:type\" content=\"article\" \/>\n<meta property=\"og:title\" content=\"Woda w kosmetykach \u2013 to musisz wiedzie\u0107!\" \/>\n<meta property=\"og:description\" content=\"Woda jest \u017ar\u00f3d\u0142em zdrowia i pi\u0119kna, ale to zapewne wiesz. Jest te\u017c g\u0142\u00f3wnym sk\u0142adnikiem wielu produkt\u00f3w do piel\u0119gnacji sk\u00f3ry i szacuje...\" \/>\n<meta property=\"og:url\" content=\"https:\/\/triny.pl\/blog\/woda-w-kosmetykach-to-musisz-wiedziec\/\" \/>\n<meta property=\"og:site_name\" content=\"Blog Triny.pl\" \/>\n<meta property=\"article:publisher\" content=\"https:\/\/www.facebook.com\/trinysklep\" \/>\n<meta property=\"article:published_time\" content=\"2021-10-14T06:37:16+00:00\" \/>\n<meta property=\"article:modified_time\" content=\"2023-08-23T09:41:05+00:00\" \/>\n<meta property=\"og:image\" content=\"https:\/\/triny.pl\/blog\/wp-content\/uploads\/2021\/10\/woda-w-kosmetykach.jpeg\" \/>\n\t<meta property=\"og:image:width\" content=\"1200\" \/>\n\t<meta property=\"og:image:height\" content=\"800\" \/>\n\t<meta property=\"og:image:type\" content=\"image\/jpeg\" \/>\n<meta name=\"author\" content=\"Marysia Wajda\" \/>\n<meta name=\"twitter:label1\" content=\"Napisane przez\" \/>\n\t<meta name=\"twitter:data1\" content=\"Marysia Wajda\" \/>\n\t<meta name=\"twitter:label2\" content=\"Szacowany czas czytania\" \/>\n\t<meta name=\"twitter:data2\" content=\"11 minut\" \/>\n<script type=\"application\/ld+json\" class=\"yoast-schema-graph\">{\"@context\":\"https:\/\/schema.org\",\"@graph\":[{\"@type\":\"Article\",\"@id\":\"https:\/\/triny.pl\/blog\/woda-w-kosmetykach-to-musisz-wiedziec\/#article\",\"isPartOf\":{\"@id\":\"https:\/\/triny.pl\/blog\/woda-w-kosmetykach-to-musisz-wiedziec\/\"},\"author\":{\"name\":\"Marysia Wajda\",\"@id\":\"https:\/\/triny.pl\/blog\/#\/schema\/person\/1f0cf312784bf4debdc7de4be1475777\"},\"headline\":\"Woda w kosmetykach \u2013 to musisz wiedzie\u0107!\",\"datePublished\":\"2021-10-14T06:37:16+00:00\",\"dateModified\":\"2023-08-23T09:41:05+00:00\",\"mainEntityOfPage\":{\"@id\":\"https:\/\/triny.pl\/blog\/woda-w-kosmetykach-to-musisz-wiedziec\/\"},\"wordCount\":2067,\"commentCount\":0,\"publisher\":{\"@id\":\"https:\/\/triny.pl\/blog\/#organization\"},\"articleSection\":[\"Piel\u0119gnacja twarzy naturalnie\",\"S\u0142ownik\"],\"inLanguage\":\"pl-PL\",\"potentialAction\":[{\"@type\":\"CommentAction\",\"name\":\"Comment\",\"target\":[\"https:\/\/triny.pl\/blog\/woda-w-kosmetykach-to-musisz-wiedziec\/#respond\"]}]},{\"@type\":\"WebPage\",\"@id\":\"https:\/\/triny.pl\/blog\/woda-w-kosmetykach-to-musisz-wiedziec\/\",\"url\":\"https:\/\/triny.pl\/blog\/woda-w-kosmetykach-to-musisz-wiedziec\/\",\"name\":\"Woda w kosmetykach \u2013 to musisz wiedzie\u0107!\",\"isPartOf\":{\"@id\":\"https:\/\/triny.pl\/blog\/#website\"},\"datePublished\":\"2021-10-14T06:37:16+00:00\",\"dateModified\":\"2023-08-23T09:41:05+00:00\",\"breadcrumb\":{\"@id\":\"https:\/\/triny.pl\/blog\/woda-w-kosmetykach-to-musisz-wiedziec\/#breadcrumb\"},\"inLanguage\":\"pl-PL\",\"potentialAction\":[{\"@type\":\"ReadAction\",\"target\":[\"https:\/\/triny.pl\/blog\/woda-w-kosmetykach-to-musisz-wiedziec\/\"]}]},{\"@type\":\"BreadcrumbList\",\"@id\":\"https:\/\/triny.pl\/blog\/woda-w-kosmetykach-to-musisz-wiedziec\/#breadcrumb\",\"itemListElement\":[{\"@type\":\"ListItem\",\"position\":1,\"name\":\"Strona g\u0142\u00f3wna\",\"item\":\"https:\/\/triny.pl\/blog\/\"},{\"@type\":\"ListItem\",\"position\":2,\"name\":\"Woda w kosmetykach \u2013 to musisz wiedzie\u0107!\"}]},{\"@type\":\"WebSite\",\"@id\":\"https:\/\/triny.pl\/blog\/#website\",\"url\":\"https:\/\/triny.pl\/blog\/\",\"name\":\"Blog Triny.pl\",\"description\":\"Naturalna piel\u0119gnacja bez tajemnic! Pokazujemy jak dba\u0107 o cia\u0142o i w\u0142osy dla optymalnych, d\u0142ugotrwa\u0142ych efekt\u00f3w. Sprawd\u017a te ma\u0142o znane triki :)\",\"publisher\":{\"@id\":\"https:\/\/triny.pl\/blog\/#organization\"},\"potentialAction\":[{\"@type\":\"SearchAction\",\"target\":{\"@type\":\"EntryPoint\",\"urlTemplate\":\"https:\/\/triny.pl\/blog\/?s={search_term_string}\"},\"query-input\":\"required name=search_term_string\"}],\"inLanguage\":\"pl-PL\"},{\"@type\":\"Organization\",\"@id\":\"https:\/\/triny.pl\/blog\/#organization\",\"name\":\"Triny Sp. z o. o.\",\"url\":\"https:\/\/triny.pl\/blog\/\",\"logo\":{\"@type\":\"ImageObject\",\"inLanguage\":\"pl-PL\",\"@id\":\"https:\/\/triny.pl\/blog\/#\/schema\/logo\/image\/\",\"url\":\"https:\/\/triny.pl\/blog\/wp-content\/uploads\/2020\/08\/logo-triny.png\",\"contentUrl\":\"https:\/\/triny.pl\/blog\/wp-content\/uploads\/2020\/08\/logo-triny.png\",\"width\":190,\"height\":78,\"caption\":\"Triny Sp. z o. o.\"},\"image\":{\"@id\":\"https:\/\/triny.pl\/blog\/#\/schema\/logo\/image\/\"},\"sameAs\":[\"https:\/\/www.facebook.com\/trinysklep\",\"https:\/\/www.instagram.com\/trinysklep\/\",\"https:\/\/pl.pinterest.com\/trinypl\/_created\/\"]},{\"@type\":\"Person\",\"@id\":\"https:\/\/triny.pl\/blog\/#\/schema\/person\/1f0cf312784bf4debdc7de4be1475777\",\"name\":\"Marysia Wajda\",\"description\":\"Cze\u015b\u0107! Nazywam si\u0119 Marysia i jestem wielk\u0105 fank\u0105 naturalnej piel\u0119gnacji. Od dawna stosuj\u0119 wy\u0142\u0105cznie kosmetyki naturalne, zwracaj\u0105c bacznie uwag\u0119 na ich sk\u0142ad. Lubi\u0119 testowa\u0107 nowe produkty oraz rozwi\u0105zania urodowe i ch\u0119tnie si\u0119 podziel\u0119 wynikami moich eksperyment\u00f3w na tym blogu. Staram si\u0119 \u017cy\u0107 w zgodzie z natur\u0105 i w stylu zero waste, wi\u0119c ch\u0119tnie b\u0119d\u0119 przekazywa\u0107 Wam r\u00f3wnie\u017c pomys\u0142y na ponownie wykorzystanie kosmetyk\u00f3w i nie tylko. Zapraszam do obserwowania profilu na Facebooku, w kt\u00f3rym zamieszczane s\u0105 codziennie ciekawostki, porady, najlepsze kosmetyki naturalne: https:\/\/www.facebook.com\/trinysklep\",\"url\":\"https:\/\/triny.pl\/blog\/author\/marysia\/\"}]}<\/script>\n<!-- \/ Yoast SEO plugin. -->","yoast_head_json":{"title":"Woda w kosmetykach \u2013 to musisz wiedzie\u0107!","robots":{"index":"index","follow":"follow","max-snippet":"max-snippet:-1","max-image-preview":"max-image-preview:large","max-video-preview":"max-video-preview:-1"},"canonical":"https:\/\/triny.pl\/blog\/woda-w-kosmetykach-to-musisz-wiedziec\/","og_locale":"pl_PL","og_type":"article","og_title":"Woda w kosmetykach \u2013 to musisz wiedzie\u0107!","og_description":"Woda jest \u017ar\u00f3d\u0142em zdrowia i pi\u0119kna, ale to zapewne wiesz. Jest te\u017c g\u0142\u00f3wnym sk\u0142adnikiem wielu produkt\u00f3w do piel\u0119gnacji sk\u00f3ry i szacuje...","og_url":"https:\/\/triny.pl\/blog\/woda-w-kosmetykach-to-musisz-wiedziec\/","og_site_name":"Blog Triny.pl","article_publisher":"https:\/\/www.facebook.com\/trinysklep","article_published_time":"2021-10-14T06:37:16+00:00","article_modified_time":"2023-08-23T09:41:05+00:00","og_image":[{"width":1200,"height":800,"url":"https:\/\/triny.pl\/blog\/wp-content\/uploads\/2021\/10\/woda-w-kosmetykach.jpeg","type":"image\/jpeg"}],"author":"Marysia Wajda","twitter_misc":{"Napisane przez":"Marysia Wajda","Szacowany czas czytania":"11 minut"},"schema":{"@context":"https:\/\/schema.org","@graph":[{"@type":"Article","@id":"https:\/\/triny.pl\/blog\/woda-w-kosmetykach-to-musisz-wiedziec\/#article","isPartOf":{"@id":"https:\/\/triny.pl\/blog\/woda-w-kosmetykach-to-musisz-wiedziec\/"},"author":{"name":"Marysia Wajda","@id":"https:\/\/triny.pl\/blog\/#\/schema\/person\/1f0cf312784bf4debdc7de4be1475777"},"headline":"Woda w kosmetykach \u2013 to musisz wiedzie\u0107!","datePublished":"2021-10-14T06:37:16+00:00","dateModified":"2023-08-23T09:41:05+00:00","mainEntityOfPage":{"@id":"https:\/\/triny.pl\/blog\/woda-w-kosmetykach-to-musisz-wiedziec\/"},"wordCount":2067,"commentCount":0,"publisher":{"@id":"https:\/\/triny.pl\/blog\/#organization"},"articleSection":["Piel\u0119gnacja twarzy naturalnie","S\u0142ownik"],"inLanguage":"pl-PL","potentialAction":[{"@type":"CommentAction","name":"Comment","target":["https:\/\/triny.pl\/blog\/woda-w-kosmetykach-to-musisz-wiedziec\/#respond"]}]},{"@type":"WebPage","@id":"https:\/\/triny.pl\/blog\/woda-w-kosmetykach-to-musisz-wiedziec\/","url":"https:\/\/triny.pl\/blog\/woda-w-kosmetykach-to-musisz-wiedziec\/","name":"Woda w kosmetykach \u2013 to musisz wiedzie\u0107!","isPartOf":{"@id":"https:\/\/triny.pl\/blog\/#website"},"datePublished":"2021-10-14T06:37:16+00:00","dateModified":"2023-08-23T09:41:05+00:00","breadcrumb":{"@id":"https:\/\/triny.pl\/blog\/woda-w-kosmetykach-to-musisz-wiedziec\/#breadcrumb"},"inLanguage":"pl-PL","potentialAction":[{"@type":"ReadAction","target":["https:\/\/triny.pl\/blog\/woda-w-kosmetykach-to-musisz-wiedziec\/"]}]},{"@type":"BreadcrumbList","@id":"https:\/\/triny.pl\/blog\/woda-w-kosmetykach-to-musisz-wiedziec\/#breadcrumb","itemListElement":[{"@type":"ListItem","position":1,"name":"Strona g\u0142\u00f3wna","item":"https:\/\/triny.pl\/blog\/"},{"@type":"ListItem","position":2,"name":"Woda w kosmetykach \u2013 to musisz wiedzie\u0107!"}]},{"@type":"WebSite","@id":"https:\/\/triny.pl\/blog\/#website","url":"https:\/\/triny.pl\/blog\/","name":"Blog Triny.pl","description":"Naturalna piel\u0119gnacja bez tajemnic! Pokazujemy jak dba\u0107 o cia\u0142o i w\u0142osy dla optymalnych, d\u0142ugotrwa\u0142ych efekt\u00f3w. Sprawd\u017a te ma\u0142o znane triki :)","publisher":{"@id":"https:\/\/triny.pl\/blog\/#organization"},"potentialAction":[{"@type":"SearchAction","target":{"@type":"EntryPoint","urlTemplate":"https:\/\/triny.pl\/blog\/?s={search_term_string}"},"query-input":"required name=search_term_string"}],"inLanguage":"pl-PL"},{"@type":"Organization","@id":"https:\/\/triny.pl\/blog\/#organization","name":"Triny Sp. z o. o.","url":"https:\/\/triny.pl\/blog\/","logo":{"@type":"ImageObject","inLanguage":"pl-PL","@id":"https:\/\/triny.pl\/blog\/#\/schema\/logo\/image\/","url":"https:\/\/triny.pl\/blog\/wp-content\/uploads\/2020\/08\/logo-triny.png","contentUrl":"https:\/\/triny.pl\/blog\/wp-content\/uploads\/2020\/08\/logo-triny.png","width":190,"height":78,"caption":"Triny Sp. z o. o."},"image":{"@id":"https:\/\/triny.pl\/blog\/#\/schema\/logo\/image\/"},"sameAs":["https:\/\/www.facebook.com\/trinysklep","https:\/\/www.instagram.com\/trinysklep\/","https:\/\/pl.pinterest.com\/trinypl\/_created\/"]},{"@type":"Person","@id":"https:\/\/triny.pl\/blog\/#\/schema\/person\/1f0cf312784bf4debdc7de4be1475777","name":"Marysia Wajda","description":"Cze\u015b\u0107! Nazywam si\u0119 Marysia i jestem wielk\u0105 fank\u0105 naturalnej piel\u0119gnacji. Od dawna stosuj\u0119 wy\u0142\u0105cznie kosmetyki naturalne, zwracaj\u0105c bacznie uwag\u0119 na ich sk\u0142ad. Lubi\u0119 testowa\u0107 nowe produkty oraz rozwi\u0105zania urodowe i ch\u0119tnie si\u0119 podziel\u0119 wynikami moich eksperyment\u00f3w na tym blogu. Staram si\u0119 \u017cy\u0107 w zgodzie z natur\u0105 i w stylu zero waste, wi\u0119c ch\u0119tnie b\u0119d\u0119 przekazywa\u0107 Wam r\u00f3wnie\u017c pomys\u0142y na ponownie wykorzystanie kosmetyk\u00f3w i nie tylko. Zapraszam do obserwowania profilu na Facebooku, w kt\u00f3rym zamieszczane s\u0105 codziennie ciekawostki, porady, najlepsze kosmetyki naturalne: https:\/\/www.facebook.com\/trinysklep","url":"https:\/\/triny.pl\/blog\/author\/marysia\/"}]}},"voteUp":"4","voteDown":"0","authorInfo":{"photo":"https:\/\/triny.pl\/blog\/wp-content\/themes\/triny\/assets\/img\/default-avatar.jpg","url":"https:\/\/triny.pl\/blog\/author\/marysia\/","name":"Marysia Wajda"},"media":{"full":"https:\/\/triny.pl\/blog\/wp-content\/uploads\/2021\/10\/woda-w-kosmetykach.jpeg","desktop":"https:\/\/triny.pl\/blog\/wp-content\/uploads\/2021\/10\/woda-w-kosmetykach-505x250.jpeg","mobile":"https:\/\/triny.pl\/blog\/wp-content\/uploads\/2021\/10\/woda-w-kosmetykach-375x190.jpeg"},"_links":{"self":[{"href":"https:\/\/triny.pl\/blog\/wp-json\/wp\/v2\/posts\/20987"}],"collection":[{"href":"https:\/\/triny.pl\/blog\/wp-json\/wp\/v2\/posts"}],"about":[{"href":"https:\/\/triny.pl\/blog\/wp-json\/wp\/v2\/types\/post"}],"author":[{"embeddable":true,"href":"https:\/\/triny.pl\/blog\/wp-json\/wp\/v2\/users\/21"}],"replies":[{"embeddable":true,"href":"https:\/\/triny.pl\/blog\/wp-json\/wp\/v2\/comments?post=20987"}],"version-history":[{"count":7,"href":"https:\/\/triny.pl\/blog\/wp-json\/wp\/v2\/posts\/20987\/revisions"}],"predecessor-version":[{"id":27384,"href":"https:\/\/triny.pl\/blog\/wp-json\/wp\/v2\/posts\/20987\/revisions\/27384"}],"wp:featuredmedia":[{"embeddable":true,"href":"https:\/\/triny.pl\/blog\/wp-json\/wp\/v2\/media\/20988"}],"wp:attachment":[{"href":"https:\/\/triny.pl\/blog\/wp-json\/wp\/v2\/media?parent=20987"}],"wp:term":[{"taxonomy":"category","embeddable":true,"href":"https:\/\/triny.pl\/blog\/wp-json\/wp\/v2\/categories?post=20987"},{"taxonomy":"post_tag","embeddable":true,"href":"https:\/\/triny.pl\/blog\/wp-json\/wp\/v2\/tags?post=20987"}],"curies":[{"name":"wp","href":"https:\/\/api.w.org\/{rel}","templated":true}]}}