{"id":2146,"date":"2016-08-16T21:37:20","date_gmt":"2016-08-16T19:37:20","guid":{"rendered":"https:\/\/triny.pl\/blog\/?p=2146"},"modified":"2023-03-23T14:21:39","modified_gmt":"2023-03-23T13:21:39","slug":"5-powodow-dla-ktorych-warto-siegnac-po-maseczki-w-plachcie","status":"publish","type":"post","link":"https:\/\/triny.pl\/blog\/5-powodow-dla-ktorych-warto-siegnac-po-maseczki-w-plachcie\/","title":{"rendered":"Maseczki w p\u0142achcie &#8211; dlaczego warto po nie si\u0119gn\u0105\u0107? [5 powod\u00f3w]"},"content":{"rendered":"\n<p>Charlotte Cho w ksi\u0105\u017cce &#8222;Sekrety urody Koreanek&#8221; pisze, \u017ce <a href=\"https:\/\/triny.pl\/201-maski-w-plachcie\" class=\"rank-math-link\">maseczki w p\u0142achcie<\/a> s\u0105 w Korei tak popularne, \u017ce bez trudu mo\u017cna znale\u017a\u0107 je niemal w ka\u017cdym domu i nazywa je gwiazdami w\u015br\u00f3d produkt\u00f3w upi\u0119kszaj\u0105cych. Wyja\u015bniaj\u0105c ich fenomen odwo\u0142uje si\u0119 do skuteczno\u015bci ich dzia\u0142ania, r\u00f3\u017cnorodno\u015bci, a tak\u017ce przyjemno\u015bci, jak\u0105 sprawia u\u017cycie takiej maseczki.<\/p>\n\n\n\n<!--more-->\n\n\n\n<p><strong>Maseczki w p\u0142achcie (znane te\u017c jako maseczki na tkaninie), czyli korea\u0144skie sheet mask, dzia\u0142aj\u0105 na zasadzie okluzji, czyli s\u0105 niczym super od\u017cywczy i nawil\u017caj\u0105cy kompres dla naszej sk\u00f3ry.<\/strong> Wykonane s\u0105 z cienkiej, nas\u0105czonej aktywnymi sk\u0142adnikami tkaniny przypominaj\u0105cej bawe\u0142n\u0119 (mikrofibry) lub hydro\u017celu. Kszta\u0142t takiej maseczki&nbsp;pasuje do twarzy, ma wyci\u0119cia na oczy, nos i usta. W&nbsp;Korei maseczki tkaninowe znane s\u0105 od ponad dekady i dost\u0119pne w ofercie niemal ka\u017cdego producenta azjatyckich&nbsp;kosmetyk\u00f3w. &nbsp;Od niedawna zdobywaj\u0105 te\u017c nasze uznanie i sympati\u0119. Nic dziwnego. Wystarczy raz si\u0119gn\u0105\u0107 po <a href=\"https:\/\/triny.pl\/1177-maseczki-koreanskie\">mask\u0119 korea\u0144sk\u0105<\/a>, by ju\u017c nie chcie\u0107 stosowa\u0107 tych dost\u0119pnych w formie past i krem\u00f3w. W czym tkwi fenomen maseczek w p\u0142achcie i jakie s\u0105 najwa\u017cniejsze powody, by zacz\u0105\u0107 je u\u017cywa\u0107?<\/p>\n\n\n\n<h2 class=\"wp-block-heading\" id=\"maseczki-w-plachcie-5-powodow-dla-ktorych-warto-po-nie-siegnac\">Maseczki w p\u0142achcie &#8211; 5 powod\u00f3w, dla kt\u00f3rych warto po nie si\u0119gn\u0105\u0107<\/h2>\n\n\n<div class=\"wp-block-image\">\n<figure class=\"aligncenter size-large\"><picture><source media=\"(max-width: 450px)\" data-srcset=\"https:\/\/triny.pl\/blog\/wp-content\/uploads\/2022\/06\/maseczki-w-plachcie-czy-warto-375x199.jpeg\"><img data-src=\"https:\/\/triny.pl\/blog\/wp-content\/uploads\/2022\/06\/maseczki-w-plachcie-czy-warto-684x362.jpeg\" class=\"wp-image-23891 lazyload\" alt=\"maseczki w p\u0142achcie czy warto\"><\/picture><\/figure><\/div>\n\n\n<h3 class=\"wp-block-heading\" id=\"1-skuteczne-i-intensywne-dzialanie\">Skuteczne i intensywne dzia\u0142anie<\/h3>\n\n\n\n<p>Maseczki w formie tkaniny nas\u0105czonej aktywnymi substancjami od\u017cywczymi, nawil\u017caj\u0105cymi i \u0142agodz\u0105cymi, wykazuj\u0105 intensywniejsze i skuteczniejsze dzia\u0142anie od tradycyjnych maseczek w formie pasty lub kremu. Dzieje si\u0119 tak dlatego, \u017ce <strong>tkanina&nbsp;nas\u0105czona aktywnymi sk\u0142adnikami piel\u0119gnacyjnymi, takimi jak witaminy, antyoksydanty, peptydy, czy kwas hialuronowy przylega \u015bci\u015ble do sk\u00f3ry i nie pozwala tym cennym sk\u0142adnikom si\u0119 ulotni\u0107<\/strong>. Jednocze\u015bnie u\u0142atwia im przenikanie do najg\u0142\u0119bszych warstw sk\u00f3ry. Kolejn\u0105 zalet\u0105 maseczek w p\u0142achcie jest to, \u017ce poza od\u017cywcz\u0105 esencj\u0105, sk\u0142ad takiej maseczki ograniczony jest do niezb\u0119dnego minimum. Nie ma wi\u0119c w niej dodatkowych wype\u0142niaczy, czy substancji zag\u0119szczaj\u0105cych (odpowiadaj\u0105cych za konsystencj\u0119 maseczek w kremie), kt\u00f3re mog\u0105 ogranicza\u0107 dzia\u0142anie sk\u0142adnik\u00f3w aktywnych.<\/p>\n\n\n\n<h3 class=\"wp-block-heading\" id=\"2-widoczne-efekty\">Widoczne efekty<\/h3>\n\n\n\n<p>Tym, co najbardziej przekonuje do stosowania maseczek w p\u0142achcie, jest ich <strong>b\u0142yskawiczne i niemal natychmiastowe dzia\u0142anie<\/strong>. Ju\u017c po pierwszym zastosowaniu takiej maseczki wida\u0107 oczekiwane efekty. Sk\u00f3ra staje si\u0119 bardziej promienna, mi\u0119kka i g\u0142adka. Odzyskuje \u015bwie\u017co\u015b\u0107, jest perfekcyjnie nawil\u017cona, bardziej j\u0119drna i doskonale od\u017cywiona. Dlatego maseczki w p\u0142achcie tak <strong>dobrze sprawdzaj\u0105 si\u0119 w sytuacjach awaryjnych,<\/strong> gdy potrzebujemy w ci\u0105gu kilku minut poprawi\u0107 wygl\u0105d sk\u00f3ry, np. przed wyj\u015bciem na imprez\u0119 albo wa\u017cnym spotkaniem.<\/p>\n\n\n\n<h3 class=\"wp-block-heading\" id=\"3-wygoda-i-latwosc-uzycia\">Wygoda i \u0142atwo\u015b\u0107 u\u017cycia<\/h3>\n\n\n\n<p>Kolejn\u0105 zalet\u0105 i jednocze\u015bnie powodem, by si\u0119gn\u0105\u0107 po maseczki w p\u0142achcie, jest \u0142atwo\u015b\u0107 ich u\u017cycia. Taka maseczka <strong>nie wymaga wcze\u015bniejszego rozrabiania<\/strong> (jak np. maseczki z glinki mineralnej) i jest <strong>gotowa do u\u017cycia od razu po otwarciu opakowania.<\/strong> Nie \u015bcieka z twarzy, nie brudzi ubra\u0144. Nie wymaga te\u017c &#8211; tak jak klasyczne maseczki &#8211; zmywania, kt\u00f3re cz\u0119sto bywa do\u015b\u0107 trudnym (i przy okazji brudz\u0105cym \u0142azienk\u0119) zadaniem &#8211; zw\u0142aszcza, gdy maseczka za mocno zaschnie. Fajne jest te\u017c to, \u017ce maseczki w p\u0142achcie mo\u017cemy na\u0142o\u017cy\u0107 na sk\u00f3r\u0119 nawet na kanapie w salonie, bez konieczno\u015bci wchodzenia do \u0142azienki. I nie musimy chroni\u0107 przed nimi w\u0142os\u00f3w \ud83d\ude42<\/p>\n\n\n\n<h3 class=\"wp-block-heading\" id=\"4-cena-maseczki-w-plachcie\">Cena maseczki w p\u0142achcie<\/h3>\n\n\n\n<p>Skuteczno\u015b\u0107 dzia\u0142ania maseczek tkaninowych cz\u0119sto jest por\u00f3wnywalna do zabieg\u00f3w w salonie kosmetycznym, ale ich cena jest znacznie ni\u017csza. P\u0142ac\u0105c za tak\u0105 maseczk\u0119 6-20 z\u0142 (w zale\u017cno\u015bci od producenta oraz sk\u0142adnik\u00f3w, kt\u00f3rymi zosta\u0142a nas\u0105czona) kupujesz<strong>&nbsp;skutecznie&nbsp;dzia\u0142aj\u0105cy kosmetyk o intensywnym dzia\u0142aniu<\/strong> od\u017cywczym, nawil\u017caj\u0105cym i przeciwzmarszczkowym, kt\u00f3rego zastosowanie sprawi przyjemno\u015b\u0107 nie tylko Twojej sk\u00f3rze, ale i Tobie. Maseczki w p\u0142achcie maj\u0105 nie tylko dzia\u0142anie piel\u0119gnacyjne, ale i relaksuj\u0105ce.<\/p>\n\n\n\n<h3 class=\"wp-block-heading\" id=\"5-roznorodnosc\">R\u00f3\u017cnorodno\u015b\u0107<\/h3>\n\n\n\n<p>Kolejnym powodem, by si\u0119gn\u0105\u0107 po maseczki w p\u0142achcie, jest ich r\u00f3\u017cnorodno\u015b\u0107. W zale\u017cno\u015bci od tego, czego akurat potrzebuje Twoja sk\u00f3ra, pory roku, czy problem\u00f3w piel\u0119gnacyjnych, z kt\u00f3rymi si\u0119 borykasz, bez problemu znajdziesz maseczk\u0119, kt\u00f3ra spe\u0142ni Twoje oczekiwania. <strong>Maseczki w p\u0142achcie s\u0105 odpowiednie dla wszystkich&nbsp;rodzaj\u00f3w cery, a bogactwo sk\u0142adnik\u00f3w esencji, kt\u00f3rymi s\u0105 nas\u0105czane, w pe\u0142ni zaspokaja ich potrzeby.<\/strong> Je\u015bli masz cer\u0119&nbsp;such\u0105, mo\u017cesz na\u0142o\u017cy\u0107 na sk\u00f3r\u0119 maseczk\u0119 z nawil\u017caj\u0105cym kwasem hialuronowym i zwalczaj\u0105c\u0105 wolne rodniki witamin\u0105 C. Chc\u0105c z\u0142agodzi\u0107 podra\u017cniania masz do dyspozycji maseczki z aloesem i miodem, a szukaj\u0105c maseczki o dzia\u0142aniu od\u017cywczym wybierz t\u0119, kt\u00f3ra zawiera olej z awokado. Bez problemu znajdziesz te\u017c maseczki w p\u0142achcie o dzia\u0142aniu oczyszczaj\u0105cym, regeneracyjnym, przeciwzmarszczkowym, czy rozja\u015bniaj\u0105cym. Ich wyb\u00f3r jest tak du\u017cy, a dzia\u0142anie tak r\u00f3\u017cnorodne, \u017ce codziennie mo\u017cesz mie\u0107 na twarzy inn\u0105 maseczk\u0119.<\/p>\n\n\n\n<p><strong>Zobacz r\u00f3wnie\u017c:<\/strong><\/p>\n\n\n\n<figure class=\"wp-block-embed is-type-wp-embed is-provider-blog-triny-pl wp-block-embed-blog-triny-pl\"><div class=\"wp-block-embed__wrapper\">\n<blockquote class=\"wp-embedded-content\" data-secret=\"6VaqgLNXlV\"><a href=\"https:\/\/triny.pl\/blog\/najlepsze-odzywcze-maseczki-do-twarzy-dla-suchej-i-zmeczonej-skory\/\">Najlepsze od\u017cywcze maseczki do twarzy dla suchej i zm\u0119czonej sk\u00f3ry<\/a><\/blockquote><iframe class=\"wp-embedded-content\" sandbox=\"allow-scripts\" security=\"restricted\" style=\"position: absolute; clip: rect(1px, 1px, 1px, 1px);\" title=\"&#8222;Najlepsze od\u017cywcze maseczki do twarzy dla suchej i zm\u0119czonej sk\u00f3ry&#8221; &#8212; Blog Triny.pl\" src=\"https:\/\/triny.pl\/blog\/najlepsze-odzywcze-maseczki-do-twarzy-dla-suchej-i-zmeczonej-skory\/embed\/#?secret=YzhkQ7KWO6#?secret=6VaqgLNXlV\" data-secret=\"6VaqgLNXlV\" width=\"600\" height=\"338\" frameborder=\"0\" marginwidth=\"0\" marginheight=\"0\" scrolling=\"no\"><\/iframe>\n<\/div><\/figure>\n\n\n\n<h2 class=\"wp-block-heading\" id=\"koreanskie-maseczki-na-twarz-i-ich-wlasciwosci\">Korea\u0144skie maseczki na twarz i ich w\u0142a\u015bciwo\u015bci<\/h2>\n\n\n\n<ul>\n<li><strong>Maseczki w p\u0142achcie maj\u0105 realny wp\u0142yw na popraw\u0119 nawil\u017cenia sk\u00f3ry.<\/strong> Dzieje si\u0119 tak dlatego, \u017ce ich sk\u0142adniki docieraj\u0105 do g\u0142\u0119bszych warstw sk\u00f3ry lepiej ni\u017c kremy, czy sera o dzia\u0142aniu nawil\u017caj\u0105cym. Po\u0142o\u017cenie maski na twarz zwi\u0119ksza te\u017c poziom wody w sk\u00f3rze. Jej sk\u0142adniki dostarczaj\u0105 sk\u00f3rze mikroelement\u00f3w niezb\u0119dnych dla uzupe\u0142nienia mikroubytk\u00f3w w naturalnej barierze lipidowej sk\u00f3ry.<\/li>\n\n\n\n<li><strong>Doskonale sprawdzaj\u0105 si\u0119 w podr\u00f3\u017cy i przed wielkim wyj\u015bciem<\/strong> &#8211; maseczki na tkaninie mo\u017cesz traktowa\u0107 te\u017c jako SOS dla sk\u00f3ry na chwil\u0119 przed wielkim wyj\u015bciem, wa\u017cnym spotkaniem, w podr\u00f3\u017cy, czy na wakacjach. Ich szybkie i skuteczne dzia\u0142anie sprawia, \u017ce w ci\u0105gu kilkunastu minut sk\u00f3ra odzyskuje zdrowy i promienny wygl\u0105d. Dzi\u0119ki \u0142atwo\u015bci u\u017cycia mo\u017cemy wygodne przewozi\u0107 maseczki w p\u0142achcie nawet w baga\u017cu podr\u0119cznym, czy niewielkiej torebce i nak\u0142ada\u0107 na sk\u00f3r\u0119 nawet podczas nocnej podr\u00f3\u017cy autobusem, samochodem, czy samolotem.<\/li>\n\n\n\n<li><strong>S\u0105 higieniczne<\/strong> &#8211; maseczki w p\u0142achcie, o czym ju\u017c wspomina\u0142am, nie brudz\u0105 r\u0105k, w\u0142os\u00f3w i ubra\u0144. Nak\u0142adamy je na sk\u00f3r\u0119 bezpo\u015brednio po wyj\u0119ciu z opakowania i nie musimy te\u017c martwi\u0107 si\u0119 o to, \u017ce zabrudzimy nimi wszystko wok\u00f3\u0142 siebie.<\/li>\n\n\n\n<li><strong>Maj\u0105 dzia\u0142anie relaksuj\u0105ce<\/strong> &#8211; nak\u0142adaj\u0105c na sk\u00f3r\u0119 maseczk\u0119 w p\u0142achcie poczujesz przyjemy ch\u0142\u00f3d, kt\u00f3remu b\u0119d\u0105 towarzyszy\u0107 te\u017c uczucie odpr\u0119\u017cenia i regeneracji.&nbsp;Maseczka, dzia\u0142aj\u0105c jak ch\u0142odz\u0105cy kompres, dostarcza sk\u00f3rze cenne witaminy i minera\u0142y, poprawia przy okazji te\u017c Twoje samopoczucie i uprzyjemnia relaks.<\/li>\n<\/ul>\n\n\n\n<figure class=\"wp-block-embed is-type-wp-embed is-provider-blog-triny-pl wp-block-embed-blog-triny-pl\"><div class=\"wp-block-embed__wrapper\">\n<blockquote class=\"wp-embedded-content\" data-secret=\"tNzCiyoETh\"><a href=\"https:\/\/triny.pl\/blog\/najlepsze-maseczki-do-tlustej-skory\/\">Najlepsze maseczki do t\u0142ustej cery<\/a><\/blockquote><iframe class=\"wp-embedded-content\" sandbox=\"allow-scripts\" security=\"restricted\" style=\"position: absolute; clip: rect(1px, 1px, 1px, 1px);\" title=\"&#8222;Najlepsze maseczki do t\u0142ustej cery&#8221; &#8212; Blog Triny.pl\" src=\"https:\/\/triny.pl\/blog\/najlepsze-maseczki-do-tlustej-skory\/embed\/#?secret=BgGPEJzym4#?secret=tNzCiyoETh\" data-secret=\"tNzCiyoETh\" width=\"600\" height=\"338\" frameborder=\"0\" marginwidth=\"0\" marginheight=\"0\" scrolling=\"no\"><\/iframe>\n<\/div><\/figure>\n\n\n\n<h2 class=\"wp-block-heading\" id=\"czym-sa-nasaczone-maski-w-plachcie\">Czym s\u0105 nas\u0105czone maski w p\u0142achcie?<\/h2>\n\n\n\n<p>Maseczki tkaninowe <strong>nas\u0105czone s\u0105 esencj\u0105,<\/strong> kt\u00f3r\u0105 tworz\u0105 aktywne sk\u0142adniki o w\u0142a\u015bciwo\u015bciach nawil\u017caj\u0105cych, przeciwstarzeniowych i od\u017cywczych. Cz\u0119sto s\u0105 to <strong>innowacyjne sk\u0142adniki<\/strong>, takie jak np. filtrat ze \u015bluzu \u015blimaka, glikolowy wyci\u0105g z ry\u017cu, czy ekstrakt ze sproszkowanej per\u0142y. Azjatyckie maseczki w p\u0142achcie zwykle zawieraj\u0105 te\u017c kwas hialuronowy, fito-kolagen, witamin\u0119 C, a tak\u017ce wszelkiego rodzaju ekstrakty i wyci\u0105gi ro\u015blinne, np. z lawendy, morwy bia\u0142ej, zielonej herbaty, bia\u0142ej lilii, bor\u00f3wki, cytryny, czy marchewki. Ich dzia\u0142anie jest intensywne i bardzo skuteczne, natomiast same maseczki s\u0105<strong> \u0142agodne i bezpieczne dla sk\u00f3ry<\/strong>.<\/p>\n\n\n<div class=\"wp-block-image\">\n<figure class=\"aligncenter size-large\"><picture><source media=\"(max-width: 450px)\" data-srcset=\"https:\/\/triny.pl\/blog\/wp-content\/uploads\/2022\/06\/czym-sa-nasaczone-maseczki-w-plachcie-375x199.jpeg\"><img data-src=\"https:\/\/triny.pl\/blog\/wp-content\/uploads\/2022\/06\/czym-sa-nasaczone-maseczki-w-plachcie-684x362.jpeg\" class=\"wp-image-23893 lazyload\" alt=\"czym s\u0105 nas\u0105czone maseczki tkaninowe\"><\/picture><\/figure><\/div>\n\n\n<h2 class=\"wp-block-heading\" id=\"maseczka-w-plachcie-nakladanie-krok-po-kroku\">Maseczka w p\u0142achcie &#8211; nak\u0142adanie krok po kroku<\/h2>\n\n\n\n<p class=\"tip\">Przestrzegaj\u0105c zasad korea\u0144skiego rytua\u0142u piel\u0119gnacyjnego, maseczk\u0119 w p\u0142achcie nak\u0142adamy na sk\u00f3r\u0119 po dwukrotnym oczyszczeniu sk\u00f3ry (olejem i \u017celem do mycia twarzy) i tonizacji.<\/p>\n\n\n\n<p><strong>Krok 1.<\/strong> Otw\u00f3rz opakowanie i wyjmij maseczk\u0119. Na wszelki wypadek miej przy sobie r\u0119cznik &#8211; maseczka mo\u017ce ocieka\u0107 p\u0142ynem, kt\u00f3rym jest nas\u0105czona.<\/p>\n\n\n\n<p><strong>Krok 2.<\/strong> Sprawd\u017a, czy maseczka nie jest pokryta plastikow\u0105 foli\u0105. Je\u015bli tak &#8211; \u015bci\u0105gnij j\u0105, a maseczk\u0119 na\u0142\u00f3\u017c na twarz, tak aby otwory na oczy, nos i usta by\u0142y we w\u0142a\u015bciwych miejscach.<\/p>\n\n\n\n<p><strong>Krok 3.<\/strong> Pozosta\u0142\u0105 w opakowaniu po maseczce esencj\u0119 rozsmaruj na sk\u00f3rze szyi, ramion i r\u0119kach. Mask\u0119 pozostaw na twarzy na 20-30 minut (zgodnie z zaleceniami na opakowaniu).<\/p>\n\n\n\n<p><strong>Krok 4.<\/strong> Po up\u0142ywie zalecanego czasu, zdejmij maseczk\u0119 z twarzy i j\u0105 wyrzu\u0107. Nie usuwaj ze sk\u00f3ry pozosta\u0142ej na niej esencji &#8211; pozw\u00f3l jej si\u0119 wch\u0142on\u0105\u0107.<\/p>\n\n\n\n<p><strong>Krok 5.<\/strong> Na\u0142\u00f3\u017c na sk\u00f3r\u0119 kosmetyk nawil\u017caj\u0105cy.<\/p>\n\n\n\n<figure class=\"wp-block-embed is-type-wp-embed is-provider-blog-triny-pl wp-block-embed-blog-triny-pl\"><div class=\"wp-block-embed__wrapper\">\n<blockquote class=\"wp-embedded-content\" data-secret=\"JHA1zSPRLp\"><a href=\"https:\/\/triny.pl\/blog\/najlepsze-maseczki-do-cery-mieszanej-ranking-top-10\/\">Najlepsze maseczki do cery mieszanej \u2013 Ranking TOP 10 w 2022 roku<\/a><\/blockquote><iframe class=\"wp-embedded-content\" sandbox=\"allow-scripts\" security=\"restricted\" style=\"position: absolute; clip: rect(1px, 1px, 1px, 1px);\" title=\"&#8222;Najlepsze maseczki do cery mieszanej \u2013 Ranking TOP 10 w 2022 roku&#8221; &#8212; Blog Triny.pl\" src=\"https:\/\/triny.pl\/blog\/najlepsze-maseczki-do-cery-mieszanej-ranking-top-10\/embed\/#?secret=YTiraLXlHK#?secret=JHA1zSPRLp\" data-secret=\"JHA1zSPRLp\" width=\"600\" height=\"338\" frameborder=\"0\" marginwidth=\"0\" marginheight=\"0\" scrolling=\"no\"><\/iframe>\n<\/div><\/figure>\n\n\n\n<h2 class=\"wp-block-heading\" id=\"najlepsze-maseczki-w-plachcie-sprawdz-nasze-typy-i-poznaj-opinie-o-maseczkach-koreanskich\">Najlepsze maseczki w p\u0142achcie &#8211; sprawd\u017a nasze typy i poznaj opinie o maseczkach korea\u0144skich<\/h2>\n\n\n<section class=\"slider-collage-carousel\" data-id=\"2463, 1737\"><ul class=\"collage collage-slider\"><li class=\"item\"><a href=\"https:\/\/triny.pl\/2463-orientana-maska-tkaninowa-do-twarzy-z-naturalnego-jedwabiu-azjatycka-luffa.html\" target=\"_blank\"><picture><source srcset=\"https:\/\/static.triny.pl\/img\/p\/1\/9\/1\/4\/4\/19144-thickbox_default.webp\"  type=\"image\/webp\"><source srcset=\"https:\/\/static.triny.pl\/img\/p\/1\/9\/1\/4\/4\/19144-thickbox_default.jpg\"  type=\"image\/jpeg\"><img src=\"https:\/\/triny.pl\/blog\/wp-content\/themes\/triny\/assets\/img\/placeholder-600x600.png\" data-src=\"https:\/\/static.triny.pl\/img\/p\/1\/9\/1\/4\/4\/19144-thickbox_default.jpg\" class=\"tns-lazy-img\" alt=\"Maska tkaninowa z naturalnego jedwabiu &#8211; Azjatycka luffa\"><\/picture><div class=\"brand\">Orientana<\/div><div class=\"title\">Maska tkaninowa z naturalnego jedwabiu &#8211; Azjatycka luffa<\/div><\/a><a class=\"slider-collage-carousel__btn read-more-button\" href=\"https:\/\/triny.pl\/2463-orientana-maska-tkaninowa-do-twarzy-z-naturalnego-jedwabiu-azjatycka-luffa.html\" target=\"_blank\">Zobacz<\/a><\/li><li class=\"item\"><a href=\"https:\/\/triny.pl\/1737-orientana-maska-tkaninowa-pod-oczy-kaskaryla.html\" target=\"_blank\"><picture><source srcset=\"https:\/\/static.triny.pl\/img\/p\/1\/9\/1\/1\/9\/19119-thickbox_default.webp\"  type=\"image\/webp\"><source srcset=\"https:\/\/static.triny.pl\/img\/p\/1\/9\/1\/1\/9\/19119-thickbox_default.jpg\"  type=\"image\/jpeg\"><img src=\"https:\/\/triny.pl\/blog\/wp-content\/themes\/triny\/assets\/img\/placeholder-600x600.png\" data-src=\"https:\/\/static.triny.pl\/img\/p\/1\/9\/1\/1\/9\/19119-thickbox_default.jpg\" class=\"tns-lazy-img\" alt=\"Maska tkaninowa pod oczy &#8211; Kaskaryla\"><\/picture><div class=\"brand\">Orientana<\/div><div class=\"title\">Maska tkaninowa pod oczy &#8211; Kaskaryla<\/div><\/a><a class=\"slider-collage-carousel__btn read-more-button\" href=\"https:\/\/triny.pl\/1737-orientana-maska-tkaninowa-pod-oczy-kaskaryla.html\" target=\"_blank\">Zobacz<\/a><\/li><\/ul><\/section>\n\n\n\n<ul>\n<li><a href=\"https:\/\/triny.pl\/2463-orientana-maska-tkaninowa-do-twarzy-z-naturalnego-jedwabiu-azjatycka-luffa.html\">Maska tkaninowa do twarzy z naturalnego jedwabiu &#8211; Azjatycka Luffa Orientana&nbsp;<\/a>&nbsp;to wykonana z japo\u0144skiego jedawabiu maseczka, kt\u00f3ra jest polecana jest do piel\u0119gnacji cery podra\u017cnionej i problematycznej. Dzia\u0142a koj\u0105co, nawil\u017ca, oczyszcza i zapobiega powstawaniu zmarszczek. W\u015br\u00f3d jej aktywnych sk\u0142adnik\u00f3w znalaz\u0142y si\u0119 mocznik, kolagen oraz wyci\u0105g z korzenia lukrecji.<\/li>\n\n\n\n<li><a href=\"https:\/\/triny.pl\/1737-orientana-maska-tkaninowa-pod-oczy-kaskaryla.html\">Maska tkaninowa pod oczy Kaskaryla Orientana<\/a> zosta\u0142a wzbogacona ro\u015blinnymi biopeptydami i nas\u0105czona wyci\u0105giem z czere\u015bni japo\u0144skiej. Akcesorium, podobnie jak inne maseczki tkaninowe zawieraj\u0105ce wspomniane sk\u0142adniki, ma dzia\u0142anie uj\u0119drniaj\u0105ce, wyg\u0142adza drobne zmarszczki, \u0142agodzi podra\u017cnienia i chroni delikatn\u0105 sk\u00f3r\u0119 przed dzia\u0142aniem wolnych rodnik\u00f3w.<\/li>\n\n\n\n<li>Tkaninowa maska do twarzy od\u017cywcza z olejem z awokado IT&#8217;S SKIN&nbsp;sprawdzi si\u0119 w piel\u0119gnacji ka\u017cdego rodzaju cery.&nbsp; Zawarty w jej sk\u0142adzie olej z awokado zapewnia intensywne dzia\u0142anie od\u017cywcze i wyg\u0142adzaj\u0105ce, poprawia elastyczno\u015b\u0107 sk\u00f3ry i jej napi\u0119cie, pobudza te\u017c syntez\u0119 kolagenu.<\/li>\n<\/ul>\n\n\n\n<div class=\"wp-block-buttons is-horizontal is-content-justification-center is-layout-flex wp-container-1 wp-block-buttons-is-layout-flex\">\n<div class=\"wp-block-button\"><a class=\"wp-block-button__link wp-element-button\" href=\"https:\/\/triny.pl\/201-maski-w-plachcie\">Zobacz wi\u0119cej maseczek w p\u0142achcie<\/a><\/div>\n<\/div>\n\n\n\n<h2 class=\"wp-block-heading\" id=\"maseczki-w-plachcie-dlaczego-warto-podsumowanie\">Maseczki w p\u0142achcie &#8211; dlaczego warto &#8211; podsumowanie<\/h2>\n\n\n\n<p>Aby zrozumie\u0107 fenomen maseczek w p\u0142achcie, wystarczy si\u0119gn\u0105\u0107 po jedna z nich i na w\u0142asnej sk\u00f3rze odczu\u0107 dzia\u0142anie aktywnych sk\u0142adnik\u00f3w, kt\u00f3rymi zosta\u0142a nas\u0105czona. Przyjemno\u015b\u0107 dla sk\u00f3ry oraz natychmiastowy efekt poprawy wygl\u0105du sk\u00f3ry masz gwarantowane.<\/p>\n\n\n\n<p><strong>Stosujesz ju\u017c maseczki w p\u0142achcie?&nbsp;Jak oceniasz efekty ich dzia\u0142ania?&nbsp;<\/strong><\/p>\n\n\n\n<p><em><strong>Przeczytaj te\u017c:<\/strong><\/em><\/p>\n\n\n\n<figure class=\"wp-block-embed is-type-wp-embed is-provider-blog-triny-pl wp-block-embed-blog-triny-pl\"><div class=\"wp-block-embed__wrapper\">\n<blockquote class=\"wp-embedded-content\" data-secret=\"qKvMGlYy5A\"><a href=\"https:\/\/triny.pl\/blog\/10-krokow-koreanskiej-pielegnacji\/\">10 krok\u00f3w korea\u0144skiej piel\u0119gnacji &#8211; tajemnica doskona\u0142ej cery<\/a><\/blockquote><iframe class=\"wp-embedded-content\" sandbox=\"allow-scripts\" security=\"restricted\" style=\"position: absolute; clip: rect(1px, 1px, 1px, 1px);\" title=\"&#8222;10 krok\u00f3w korea\u0144skiej piel\u0119gnacji &#8211; tajemnica doskona\u0142ej cery&#8221; &#8212; Blog Triny.pl\" src=\"https:\/\/triny.pl\/blog\/10-krokow-koreanskiej-pielegnacji\/embed\/#?secret=RA8KGEWcoc#?secret=qKvMGlYy5A\" data-secret=\"qKvMGlYy5A\" width=\"600\" height=\"338\" frameborder=\"0\" marginwidth=\"0\" marginheight=\"0\" scrolling=\"no\"><\/iframe>\n<\/div><\/figure>\n","protected":false},"excerpt":{"rendered":"<p>Charlotte Cho w ksi\u0105\u017cce &#8222;Sekrety urody Koreanek&#8221; pisze, \u017ce maseczki w p\u0142achcie s\u0105 w Korei tak popularne, \u017ce bez trudu mo\u017cna&#8230;<\/p>\n","protected":false},"author":6,"featured_media":20164,"comment_status":"open","ping_status":"open","sticky":false,"template":"","format":"standard","meta":{"footnotes":""},"categories":[35],"tags":[],"acf":[],"yoast_head":"<!-- This site is optimized with the Yoast SEO plugin v21.1 - https:\/\/yoast.com\/wordpress\/plugins\/seo\/ -->\n<title>Maseczki w p\u0142achcie - dlaczego warto po nie si\u0119gn\u0105\u0107? [5 powod\u00f3w]<\/title>\n<meta name=\"description\" content=\"Maseczki w p\u0142achcie to doskna\u0142a alternatywa do tradycyjnych masek w kremie. Zobacz, dlaczego jeszcze warto je stosowa\u0107? Jakie s\u0105 ich ceny? Podpowiadamy!\" \/>\n<meta name=\"robots\" content=\"index, follow, max-snippet:-1, max-image-preview:large, max-video-preview:-1\" \/>\n<link rel=\"canonical\" href=\"https:\/\/triny.pl\/blog\/5-powodow-dla-ktorych-warto-siegnac-po-maseczki-w-plachcie\/\" \/>\n<meta property=\"og:locale\" content=\"pl_PL\" \/>\n<meta property=\"og:type\" content=\"article\" \/>\n<meta property=\"og:title\" content=\"Maseczki w p\u0142achcie - dlaczego warto po nie si\u0119gn\u0105\u0107? [5 powod\u00f3w]\" \/>\n<meta property=\"og:description\" content=\"Maseczki w p\u0142achcie to doskna\u0142a alternatywa do tradycyjnych masek w kremie. Zobacz, dlaczego jeszcze warto je stosowa\u0107? Jakie s\u0105 ich ceny? Podpowiadamy!\" \/>\n<meta property=\"og:url\" content=\"https:\/\/triny.pl\/blog\/5-powodow-dla-ktorych-warto-siegnac-po-maseczki-w-plachcie\/\" \/>\n<meta property=\"og:site_name\" content=\"Blog Triny.pl\" \/>\n<meta property=\"article:publisher\" content=\"https:\/\/www.facebook.com\/trinysklep\" \/>\n<meta property=\"article:published_time\" content=\"2016-08-16T19:37:20+00:00\" \/>\n<meta property=\"article:modified_time\" content=\"2023-03-23T13:21:39+00:00\" \/>\n<meta property=\"og:image\" content=\"https:\/\/triny.pl\/blog\/wp-content\/uploads\/2016\/08\/maseczki-w-plachcie.jpeg\" \/>\n\t<meta property=\"og:image:width\" content=\"1200\" \/>\n\t<meta property=\"og:image:height\" content=\"800\" \/>\n\t<meta property=\"og:image:type\" content=\"image\/jpeg\" \/>\n<meta name=\"author\" content=\"Olga Pietraszewska\" \/>\n<meta name=\"twitter:label1\" content=\"Napisane przez\" \/>\n\t<meta name=\"twitter:data1\" content=\"Olga Pietraszewska\" \/>\n\t<meta name=\"twitter:label2\" content=\"Szacowany czas czytania\" \/>\n\t<meta name=\"twitter:data2\" content=\"9 minut\" \/>\n<script type=\"application\/ld+json\" class=\"yoast-schema-graph\">{\"@context\":\"https:\/\/schema.org\",\"@graph\":[{\"@type\":\"Article\",\"@id\":\"https:\/\/triny.pl\/blog\/5-powodow-dla-ktorych-warto-siegnac-po-maseczki-w-plachcie\/#article\",\"isPartOf\":{\"@id\":\"https:\/\/triny.pl\/blog\/5-powodow-dla-ktorych-warto-siegnac-po-maseczki-w-plachcie\/\"},\"author\":{\"name\":\"Olga Pietraszewska\",\"@id\":\"https:\/\/triny.pl\/blog\/#\/schema\/person\/627fca485014bc94ba34ced7dc5dd756\"},\"headline\":\"Maseczki w p\u0142achcie &#8211; dlaczego warto po nie si\u0119gn\u0105\u0107? [5 powod\u00f3w]\",\"datePublished\":\"2016-08-16T19:37:20+00:00\",\"dateModified\":\"2023-03-23T13:21:39+00:00\",\"mainEntityOfPage\":{\"@id\":\"https:\/\/triny.pl\/blog\/5-powodow-dla-ktorych-warto-siegnac-po-maseczki-w-plachcie\/\"},\"wordCount\":1742,\"commentCount\":6,\"publisher\":{\"@id\":\"https:\/\/triny.pl\/blog\/#organization\"},\"articleSection\":[\"Piel\u0119gnacja twarzy naturalnie\"],\"inLanguage\":\"pl-PL\",\"potentialAction\":[{\"@type\":\"CommentAction\",\"name\":\"Comment\",\"target\":[\"https:\/\/triny.pl\/blog\/5-powodow-dla-ktorych-warto-siegnac-po-maseczki-w-plachcie\/#respond\"]}]},{\"@type\":\"WebPage\",\"@id\":\"https:\/\/triny.pl\/blog\/5-powodow-dla-ktorych-warto-siegnac-po-maseczki-w-plachcie\/\",\"url\":\"https:\/\/triny.pl\/blog\/5-powodow-dla-ktorych-warto-siegnac-po-maseczki-w-plachcie\/\",\"name\":\"Maseczki w p\u0142achcie - dlaczego warto po nie si\u0119gn\u0105\u0107? [5 powod\u00f3w]\",\"isPartOf\":{\"@id\":\"https:\/\/triny.pl\/blog\/#website\"},\"datePublished\":\"2016-08-16T19:37:20+00:00\",\"dateModified\":\"2023-03-23T13:21:39+00:00\",\"description\":\"Maseczki w p\u0142achcie to doskna\u0142a alternatywa do tradycyjnych masek w kremie. Zobacz, dlaczego jeszcze warto je stosowa\u0107? Jakie s\u0105 ich ceny? Podpowiadamy!\",\"breadcrumb\":{\"@id\":\"https:\/\/triny.pl\/blog\/5-powodow-dla-ktorych-warto-siegnac-po-maseczki-w-plachcie\/#breadcrumb\"},\"inLanguage\":\"pl-PL\",\"potentialAction\":[{\"@type\":\"ReadAction\",\"target\":[\"https:\/\/triny.pl\/blog\/5-powodow-dla-ktorych-warto-siegnac-po-maseczki-w-plachcie\/\"]}]},{\"@type\":\"BreadcrumbList\",\"@id\":\"https:\/\/triny.pl\/blog\/5-powodow-dla-ktorych-warto-siegnac-po-maseczki-w-plachcie\/#breadcrumb\",\"itemListElement\":[{\"@type\":\"ListItem\",\"position\":1,\"name\":\"Strona g\u0142\u00f3wna\",\"item\":\"https:\/\/triny.pl\/blog\/\"},{\"@type\":\"ListItem\",\"position\":2,\"name\":\"Maseczki w p\u0142achcie &#8211; dlaczego warto po nie si\u0119gn\u0105\u0107? [5 powod\u00f3w]\"}]},{\"@type\":\"WebSite\",\"@id\":\"https:\/\/triny.pl\/blog\/#website\",\"url\":\"https:\/\/triny.pl\/blog\/\",\"name\":\"Blog Triny.pl\",\"description\":\"Naturalna piel\u0119gnacja bez tajemnic! Pokazujemy jak dba\u0107 o cia\u0142o i w\u0142osy dla optymalnych, d\u0142ugotrwa\u0142ych efekt\u00f3w. Sprawd\u017a te ma\u0142o znane triki :)\",\"publisher\":{\"@id\":\"https:\/\/triny.pl\/blog\/#organization\"},\"potentialAction\":[{\"@type\":\"SearchAction\",\"target\":{\"@type\":\"EntryPoint\",\"urlTemplate\":\"https:\/\/triny.pl\/blog\/?s={search_term_string}\"},\"query-input\":\"required name=search_term_string\"}],\"inLanguage\":\"pl-PL\"},{\"@type\":\"Organization\",\"@id\":\"https:\/\/triny.pl\/blog\/#organization\",\"name\":\"Triny Sp. z o. o.\",\"url\":\"https:\/\/triny.pl\/blog\/\",\"logo\":{\"@type\":\"ImageObject\",\"inLanguage\":\"pl-PL\",\"@id\":\"https:\/\/triny.pl\/blog\/#\/schema\/logo\/image\/\",\"url\":\"https:\/\/triny.pl\/blog\/wp-content\/uploads\/2020\/08\/logo-triny.png\",\"contentUrl\":\"https:\/\/triny.pl\/blog\/wp-content\/uploads\/2020\/08\/logo-triny.png\",\"width\":190,\"height\":78,\"caption\":\"Triny Sp. z o. o.\"},\"image\":{\"@id\":\"https:\/\/triny.pl\/blog\/#\/schema\/logo\/image\/\"},\"sameAs\":[\"https:\/\/www.facebook.com\/trinysklep\",\"https:\/\/www.instagram.com\/trinysklep\/\",\"https:\/\/pl.pinterest.com\/trinypl\/_created\/\"]},{\"@type\":\"Person\",\"@id\":\"https:\/\/triny.pl\/blog\/#\/schema\/person\/627fca485014bc94ba34ced7dc5dd756\",\"name\":\"Olga Pietraszewska\",\"description\":\"Witaj! Nazywam si\u0119 Olga Pietraszewska. Jestem autork\u0105 bloga Makehappyday.com, pasjonatk\u0105 i propagatork\u0105 naturalnej piel\u0119gnacji oraz zdrowego stylu \u017cycia. Z wykszta\u0142cenia politolog, z zawodu dziennikarka i copywriterka. Je\u015bli akurat nie pisz\u0119, to najpewniej oddaj\u0119 si\u0119 roli \u017cony i mamy, czytam ksi\u0105\u017cki, piek\u0119 chleb, albo spaceruj\u0119, podziwiaj\u0105c malownicze okolice pi\u0119knej Norwegii.\",\"url\":\"https:\/\/triny.pl\/blog\/author\/olga-pietraszewska\/\"}]}<\/script>\n<!-- \/ Yoast SEO plugin. -->","yoast_head_json":{"title":"Maseczki w p\u0142achcie - dlaczego warto po nie si\u0119gn\u0105\u0107? [5 powod\u00f3w]","description":"Maseczki w p\u0142achcie to doskna\u0142a alternatywa do tradycyjnych masek w kremie. Zobacz, dlaczego jeszcze warto je stosowa\u0107? Jakie s\u0105 ich ceny? Podpowiadamy!","robots":{"index":"index","follow":"follow","max-snippet":"max-snippet:-1","max-image-preview":"max-image-preview:large","max-video-preview":"max-video-preview:-1"},"canonical":"https:\/\/triny.pl\/blog\/5-powodow-dla-ktorych-warto-siegnac-po-maseczki-w-plachcie\/","og_locale":"pl_PL","og_type":"article","og_title":"Maseczki w p\u0142achcie - dlaczego warto po nie si\u0119gn\u0105\u0107? [5 powod\u00f3w]","og_description":"Maseczki w p\u0142achcie to doskna\u0142a alternatywa do tradycyjnych masek w kremie. Zobacz, dlaczego jeszcze warto je stosowa\u0107? Jakie s\u0105 ich ceny? Podpowiadamy!","og_url":"https:\/\/triny.pl\/blog\/5-powodow-dla-ktorych-warto-siegnac-po-maseczki-w-plachcie\/","og_site_name":"Blog Triny.pl","article_publisher":"https:\/\/www.facebook.com\/trinysklep","article_published_time":"2016-08-16T19:37:20+00:00","article_modified_time":"2023-03-23T13:21:39+00:00","og_image":[{"width":1200,"height":800,"url":"https:\/\/triny.pl\/blog\/wp-content\/uploads\/2016\/08\/maseczki-w-plachcie.jpeg","type":"image\/jpeg"}],"author":"Olga Pietraszewska","twitter_misc":{"Napisane przez":"Olga Pietraszewska","Szacowany czas czytania":"9 minut"},"schema":{"@context":"https:\/\/schema.org","@graph":[{"@type":"Article","@id":"https:\/\/triny.pl\/blog\/5-powodow-dla-ktorych-warto-siegnac-po-maseczki-w-plachcie\/#article","isPartOf":{"@id":"https:\/\/triny.pl\/blog\/5-powodow-dla-ktorych-warto-siegnac-po-maseczki-w-plachcie\/"},"author":{"name":"Olga Pietraszewska","@id":"https:\/\/triny.pl\/blog\/#\/schema\/person\/627fca485014bc94ba34ced7dc5dd756"},"headline":"Maseczki w p\u0142achcie &#8211; dlaczego warto po nie si\u0119gn\u0105\u0107? [5 powod\u00f3w]","datePublished":"2016-08-16T19:37:20+00:00","dateModified":"2023-03-23T13:21:39+00:00","mainEntityOfPage":{"@id":"https:\/\/triny.pl\/blog\/5-powodow-dla-ktorych-warto-siegnac-po-maseczki-w-plachcie\/"},"wordCount":1742,"commentCount":6,"publisher":{"@id":"https:\/\/triny.pl\/blog\/#organization"},"articleSection":["Piel\u0119gnacja twarzy naturalnie"],"inLanguage":"pl-PL","potentialAction":[{"@type":"CommentAction","name":"Comment","target":["https:\/\/triny.pl\/blog\/5-powodow-dla-ktorych-warto-siegnac-po-maseczki-w-plachcie\/#respond"]}]},{"@type":"WebPage","@id":"https:\/\/triny.pl\/blog\/5-powodow-dla-ktorych-warto-siegnac-po-maseczki-w-plachcie\/","url":"https:\/\/triny.pl\/blog\/5-powodow-dla-ktorych-warto-siegnac-po-maseczki-w-plachcie\/","name":"Maseczki w p\u0142achcie - dlaczego warto po nie si\u0119gn\u0105\u0107? [5 powod\u00f3w]","isPartOf":{"@id":"https:\/\/triny.pl\/blog\/#website"},"datePublished":"2016-08-16T19:37:20+00:00","dateModified":"2023-03-23T13:21:39+00:00","description":"Maseczki w p\u0142achcie to doskna\u0142a alternatywa do tradycyjnych masek w kremie. Zobacz, dlaczego jeszcze warto je stosowa\u0107? Jakie s\u0105 ich ceny? Podpowiadamy!","breadcrumb":{"@id":"https:\/\/triny.pl\/blog\/5-powodow-dla-ktorych-warto-siegnac-po-maseczki-w-plachcie\/#breadcrumb"},"inLanguage":"pl-PL","potentialAction":[{"@type":"ReadAction","target":["https:\/\/triny.pl\/blog\/5-powodow-dla-ktorych-warto-siegnac-po-maseczki-w-plachcie\/"]}]},{"@type":"BreadcrumbList","@id":"https:\/\/triny.pl\/blog\/5-powodow-dla-ktorych-warto-siegnac-po-maseczki-w-plachcie\/#breadcrumb","itemListElement":[{"@type":"ListItem","position":1,"name":"Strona g\u0142\u00f3wna","item":"https:\/\/triny.pl\/blog\/"},{"@type":"ListItem","position":2,"name":"Maseczki w p\u0142achcie &#8211; dlaczego warto po nie si\u0119gn\u0105\u0107? [5 powod\u00f3w]"}]},{"@type":"WebSite","@id":"https:\/\/triny.pl\/blog\/#website","url":"https:\/\/triny.pl\/blog\/","name":"Blog Triny.pl","description":"Naturalna piel\u0119gnacja bez tajemnic! Pokazujemy jak dba\u0107 o cia\u0142o i w\u0142osy dla optymalnych, d\u0142ugotrwa\u0142ych efekt\u00f3w. Sprawd\u017a te ma\u0142o znane triki :)","publisher":{"@id":"https:\/\/triny.pl\/blog\/#organization"},"potentialAction":[{"@type":"SearchAction","target":{"@type":"EntryPoint","urlTemplate":"https:\/\/triny.pl\/blog\/?s={search_term_string}"},"query-input":"required name=search_term_string"}],"inLanguage":"pl-PL"},{"@type":"Organization","@id":"https:\/\/triny.pl\/blog\/#organization","name":"Triny Sp. z o. o.","url":"https:\/\/triny.pl\/blog\/","logo":{"@type":"ImageObject","inLanguage":"pl-PL","@id":"https:\/\/triny.pl\/blog\/#\/schema\/logo\/image\/","url":"https:\/\/triny.pl\/blog\/wp-content\/uploads\/2020\/08\/logo-triny.png","contentUrl":"https:\/\/triny.pl\/blog\/wp-content\/uploads\/2020\/08\/logo-triny.png","width":190,"height":78,"caption":"Triny Sp. z o. o."},"image":{"@id":"https:\/\/triny.pl\/blog\/#\/schema\/logo\/image\/"},"sameAs":["https:\/\/www.facebook.com\/trinysklep","https:\/\/www.instagram.com\/trinysklep\/","https:\/\/pl.pinterest.com\/trinypl\/_created\/"]},{"@type":"Person","@id":"https:\/\/triny.pl\/blog\/#\/schema\/person\/627fca485014bc94ba34ced7dc5dd756","name":"Olga Pietraszewska","description":"Witaj! Nazywam si\u0119 Olga Pietraszewska. Jestem autork\u0105 bloga Makehappyday.com, pasjonatk\u0105 i propagatork\u0105 naturalnej piel\u0119gnacji oraz zdrowego stylu \u017cycia. Z wykszta\u0142cenia politolog, z zawodu dziennikarka i copywriterka. Je\u015bli akurat nie pisz\u0119, to najpewniej oddaj\u0119 si\u0119 roli \u017cony i mamy, czytam ksi\u0105\u017cki, piek\u0119 chleb, albo spaceruj\u0119, podziwiaj\u0105c malownicze okolice pi\u0119knej Norwegii.","url":"https:\/\/triny.pl\/blog\/author\/olga-pietraszewska\/"}]}},"voteUp":"34","voteDown":"1","authorInfo":{"photo":"https:\/\/triny.pl\/blog\/wp-content\/uploads\/2019\/03\/web-2-150x150.jpg","url":"https:\/\/triny.pl\/blog\/author\/olga-pietraszewska\/","name":"Olga Pietraszewska"},"media":{"full":"https:\/\/triny.pl\/blog\/wp-content\/uploads\/2016\/08\/maseczki-w-plachcie.jpeg","desktop":"https:\/\/triny.pl\/blog\/wp-content\/uploads\/2016\/08\/maseczki-w-plachcie-505x250.jpeg","mobile":"https:\/\/triny.pl\/blog\/wp-content\/uploads\/2016\/08\/maseczki-w-plachcie-375x190.jpeg"},"_links":{"self":[{"href":"https:\/\/triny.pl\/blog\/wp-json\/wp\/v2\/posts\/2146"}],"collection":[{"href":"https:\/\/triny.pl\/blog\/wp-json\/wp\/v2\/posts"}],"about":[{"href":"https:\/\/triny.pl\/blog\/wp-json\/wp\/v2\/types\/post"}],"author":[{"embeddable":true,"href":"https:\/\/triny.pl\/blog\/wp-json\/wp\/v2\/users\/6"}],"replies":[{"embeddable":true,"href":"https:\/\/triny.pl\/blog\/wp-json\/wp\/v2\/comments?post=2146"}],"version-history":[{"count":33,"href":"https:\/\/triny.pl\/blog\/wp-json\/wp\/v2\/posts\/2146\/revisions"}],"predecessor-version":[{"id":26295,"href":"https:\/\/triny.pl\/blog\/wp-json\/wp\/v2\/posts\/2146\/revisions\/26295"}],"wp:featuredmedia":[{"embeddable":true,"href":"https:\/\/triny.pl\/blog\/wp-json\/wp\/v2\/media\/20164"}],"wp:attachment":[{"href":"https:\/\/triny.pl\/blog\/wp-json\/wp\/v2\/media?parent=2146"}],"wp:term":[{"taxonomy":"category","embeddable":true,"href":"https:\/\/triny.pl\/blog\/wp-json\/wp\/v2\/categories?post=2146"},{"taxonomy":"post_tag","embeddable":true,"href":"https:\/\/triny.pl\/blog\/wp-json\/wp\/v2\/tags?post=2146"}],"curies":[{"name":"wp","href":"https:\/\/api.w.org\/{rel}","templated":true}]}}