{"id":22308,"date":"2023-01-20T12:43:00","date_gmt":"2023-01-20T11:43:00","guid":{"rendered":"https:\/\/triny.pl\/blog\/?p=22308"},"modified":"2023-09-06T11:09:52","modified_gmt":"2023-09-06T09:09:52","slug":"najlepsze-kremy-i-balsamy-dla-niemowlat-ranking-top-15","status":"publish","type":"post","link":"https:\/\/triny.pl\/blog\/najlepsze-kremy-i-balsamy-dla-niemowlat-ranking-top-15\/","title":{"rendered":"Najlepsze kremy i balsamy dla niemowl\u0105t \u2013 Ranking TOP7 w 2023 roku"},"content":{"rendered":"\n<p>Delikatna i wra\u017cliwa sk\u00f3ra niemowl\u0119cia powinna by\u0107 chroniona za pomoc\u0105 dobrze dobranego kosmetyku, kt\u00f3ry b\u0119dzie dzia\u0142a\u0107 wielokierunkowo, m.in. nawil\u017ca\u0107, od\u017cywia\u0107, a przy tym chroni\u0107 przed odparzeniami czy uszkodzeniami. Kremy i balsamy dla niemowl\u0105t powinny mie\u0107 przyjazny i prosty sk\u0142ad. Tylko jakie wybra\u0107? W tym pomo\u017ce Ci nasz ranking, w kt\u00f3rym przedstawiamy list\u0119 15 najlepszych kosmetyk\u00f3w do piel\u0119gnacji sk\u00f3ry maluszka.<\/p>\n\n\n\n<p>Noworodki i niemowlaki maj\u0105 bardzo wra\u017cliw\u0105 sk\u00f3r\u0119, kt\u00f3ra wymaga szczeg\u00f3lnej piel\u0119gnacji. Musisz wiedzie\u0107, \u017ce r\u00f3\u017cni si\u0119 ona od sk\u00f3ry os\u00f3b doros\u0142ych \u2013 dopiero w okolicach 2-3. roku \u017cycia zaczyna j\u0105 przypomina\u0107. Z tego te\u017c wzgl\u0119du do jej piel\u0119gnacji nie powinno si\u0119 u\u017cywa\u0107 kosmetyk\u00f3w przeznaczonych dla doros\u0142ych, kt\u00f3re mog\u0105 dra\u017cni\u0107 i uczula\u0107. Czego zatem szuka\u0107? Balsamy i kremy dla niemowl\u0105t powinny mie\u0107 prosty sk\u0142ad pozbawiony substancji dra\u017cni\u0105cych i kontrowersyjnych. Nie wiesz, kt\u00f3ry produkt wybra\u0107? Spokojnie, przychodzimy z pomoc\u0105!<\/p>\n\n\n\n<p>Specjalnie dla zagubionych rodzic\u00f3w opracowali\u015bmy <strong>ranking 15 balsam\u00f3w dla niemowl\u0105t<\/strong>. Punktem wyj\u015bcia jest nasz sklep. Przyjrzeli\u015bmy si\u0119 statystykom sprzeda\u017cy, opiniom oraz sk\u0142adom i na tej podstawie przygotowali\u015bmy nasze rekomendacje. Co istotne, pod lup\u0119 wzi\u0119li\u015bmy r\u00f3wnie\u017c ma\u0142e i rodzime marki, dzi\u0119ki czemu nasz ranking nie tylko uwzgl\u0119dnia popularne kosmetyki, z kt\u00f3rymi mo\u017ce si\u0119 ju\u017c spotka\u0142a\u015b, ale i mniej znane, kt\u00f3re s\u0105 odkryciem m\u0142odych mam.<\/p>\n\n\n\n<p><strong>Przy opracowaniu rankingu wzi\u0119li\u015bmy pod uwag\u0119 m.in.:<\/strong><\/p>\n\n\n\n<ul>\n<li>liczb\u0119 zam\u00f3wie\u0144 danego kosmetyku<\/li>\n\n\n\n<li>liczb\u0119 os\u00f3b, kt\u00f3re ponownie zam\u00f3wi\u0142y ten sam produkt<\/li>\n\n\n\n<li>liczb\u0119 opinii<\/li>\n\n\n\n<li>\u015bredni\u0105 ocen\u0119 produktu<\/li>\n\n\n\n<li>wady i zalety wskazywane przez klientki<\/li>\n\n\n\n<li>sk\u0142ad kosmetyku<\/li>\n\n\n\n<li>to, od kiedy dany balsam dla niemowl\u0105t jest dost\u0119pny w naszej ofercie (aby nie wykluczy\u0107 dobrze zapowiadaj\u0105cych si\u0119 nowo\u015bci)<\/li>\n<\/ul>\n\n\n\n<h2 class=\"wp-block-heading\" id=\"jakie-powinny-byc-kosmetyki-dla-niemowlat\">Jakie powinny by\u0107 kosmetyki dla niemowl\u0105t?<\/h2>\n\n\n\n<p>Zanim przejdziemy do TOP7 kilka s\u0142\u00f3w wprowadzenia. Jak ju\u017c wspomnieli\u015bmy, sk\u00f3ra niemowl\u0119cia jest bardzo delikatna, jest cienka i niezwykle wra\u017cliwa przez to, \u017ce ma bardzo s\u0142abo rozwini\u0119t\u0105 warstw\u0119 rogow\u0105 nask\u00f3rka. Dlatego nale\u017cy j\u0105 chroni\u0107 od zewn\u0105trz odpowiednio dobranymi kosmetykami. W pierwszej kolejno\u015bci nale\u017cy zwr\u00f3ci\u0107 uwag\u0119 na <strong>emolienty<\/strong>, kt\u00f3re pe\u0142ni\u0105 funkcj\u0119 ochronn\u0105 i tworz\u0105 swego rodzaju pancerz, a konkretnie p\u0142aszcz lipidowy. To dzi\u0119ki niemu sk\u00f3ra nie traci wilgoci oraz jest dodatkowo chroniona przed szkodliwym wp\u0142ywem czynnik\u00f3w zewn\u0119trznych.<\/p>\n\n\n\n<p>Co bardzo wa\u017cne, <strong>sk\u0142ad powinien by\u0107 kr\u00f3tki i prosty<\/strong>. Dzi\u0119ki temu b\u0119dziesz mie\u0107 pewno\u015b\u0107, \u017ce dana substancja, dobra dla Twojego maluszka, ma wysoki udzia\u0142 procentowy w danym produkcie. Jest to szczeg\u00f3lnie wa\u017cne, kiedy niemowl\u0119 ma sk\u00f3r\u0119 niezwykle wra\u017cliw\u0105 i potrzebuje ukojenia \u2013 wtedy szukaj kosmetyk\u00f3w z du\u017c\u0105 zawarto\u015bci\u0105 <strong>alantoiny<\/strong> czy <strong>d-panthenolu<\/strong>.<\/p>\n\n\n\n<p><span class=\"note\">Do piel\u0119gnacji sk\u00f3ry niemowl\u0119cia wybieraj kremy i balsamy hipoalergiczne, z atestem Pa\u0144stwowego Zak\u0142adu Higieny i Instytutu Matki i Dziecka lub Centrum Zdrowia Dziecka. Kieruj si\u0119 sk\u0142adem: im mniej sk\u0142adnik\u00f3w, tym lepiej.<br \/><\/span><br \/><a href=\"https:\/\/triny.pl\/144-dla-dzieci-i-niemowlat\">Kosmetyki dla niemowl\u0105t<\/a> powinny by\u0107 pozbawione takich substancji, jak: sztuczne zapachy, barwniki, emulgatory PEG, silikony i substancje pochodzenia petrochemicznego. <strong>Nie b\u00f3j si\u0119 konserwant\u00f3w<\/strong> \u2013 powszechnie uwa\u017ca si\u0119, \u017ce mog\u0105 by\u0107 szkodliwe, ale prawd\u0105 jest, \u017ce je\u015bli kosmetyk zawiera wod\u0119, powinien zawiera\u0107 konserwant (aby zapobiec rozwojowi mikroorganizm\u00f3w). Dobra wiadomo\u015b\u0107 jest taka, \u017ce konserwanty w kosmetykach dla niemowl\u0105t przechodz\u0105 rygorystyczne testy i oceny bezpiecze\u0144stwa, a ich ilo\u015b\u0107 jest \u015bci\u015ble okre\u015blona prawem. Zatem mo\u017cna przyj\u0105\u0107, \u017ce s\u0105 bezpieczne, za wyj\u0105tkiem tych, kt\u00f3re s\u0105 znane z wysokiego potencja\u0142u dra\u017cni\u0105cego, jak np. glikol propylenowy.<br \/><br \/>Ostro\u017cnie za to podejd\u017a do niekt\u00f3rych sk\u0142adnik\u00f3w ro\u015blinnych, kt\u00f3re mog\u0105 kojarzy\u0107 si\u0119 pozytywnie, ale w przypadku sk\u00f3ry maluszka mog\u0105 okaza\u0107 si\u0119 alergizuj\u0105ce. Mowa tu m.in. o wyci\u0105gu z rumianku (uczula tutaj m.in. \u017c\u00f3\u0142ty barwnik z kwiat\u00f3w), propolis oraz aloes.<\/p>\n\n\n\n<h3 class=\"wp-block-heading\" id=\"co-powinny-zawierac-kremy-i-balsamy-dla-niemowlat\">Co powinny zawiera\u0107 kremy i balsamy dla niemowl\u0105t?<\/h3>\n\n\n\n<ol>\n<li><strong>Emolienty<\/strong> zapewniaj\u0105 odpowiednie nat\u0142uszczenie i ochron\u0119, np. mas\u0142o shea, oleje pozyskiwane z migda\u0142\u00f3w, orzech\u00f3w makadamia, orzeszk\u00f3w cedrowych, nasion r\u0105cznika, jojoby.<\/li>\n\n\n\n<li><strong>Biooleje<\/strong> o w\u0142a\u015bciwo\u015bciach nat\u0142uszczaj\u0105cych, wyg\u0142adzaj\u0105cych i od\u017cywczych, tutaj g\u0142\u00f3wnie o wysokiej zawarto\u015bci NNKT, jak np. olej lniany, konopny, s\u0142onecznikowy czy olej canola z wysok\u0105 zawarto\u015bci\u0105 wielonienasyconych kwas\u00f3w t\u0142uszczowych.<\/li>\n\n\n\n<li><strong>Substancje \u0142agodz\u0105ce<\/strong> jak alantoina i d-panthenol.<\/li>\n\n\n\n<li><strong>Nawil\u017cacze <\/strong>jak urea czy hialuronian sodu.<\/li>\n\n\n\n<li><strong>Ekstrakty o dzia\u0142aniu przeciwzapalnym<\/strong> jak ziele \u015bwietlika, li\u015bcie babki, kwiat nagietka, korze\u0144 lukrecji czy kwiat rumianku.<\/li>\n\n\n\n<li><strong>Filtry UVB i UVA<\/strong> \u2013 zaleca si\u0119, aby warto\u015b\u0107 SPF produktu do ochrony przeciws\u0142onecznej dla dzieci wynios\u0142a co najmniej 30; dla pe\u0142nej ochrony sk\u00f3ry rekomendowane jest wyb\u00f3r takiego, kt\u00f3ry zawiera filtry fizyczne oraz chemiczne<\/li>\n<\/ol>\n\n\n\n<p>Czas przej\u015b\u0107 do konkret\u00f3w. Oto lista najcz\u0119\u015bciej kupowanych i komentowanych przez m\u0142ode mamy balsam\u00f3w do sk\u00f3ry niemowl\u0119cia.<\/p>\n\n\n\n<h2 class=\"wp-block-heading\" id=\"miejsce-1-krem-pielegnujacy-do-twarzy-i-ciala-dla-niemowlat-i-dzieci-od-sylveco\">Miejsce 1. Krem piel\u0119gnuj\u0105cy do twarzy i cia\u0142a dla niemowl\u0105t i dzieci od Sylveco<\/h2>\n\n\n<section class=\"slider-collage-carousel\" data-id=\"2565\"><ul class=\"collage collage-slider\"><li class=\"item\"><a href=\"https:\/\/triny.pl\/2565-sylveco-krem-pielegnujacy-do-twarzy-i-ciala-dla-niemowlat-i-dzieci.html\" target=\"_blank\"><picture><source srcset=\"https:\/\/static.triny.pl\/img\/p\/4\/6\/6\/7\/4667-thickbox_default.webp\"  type=\"image\/webp\"><source srcset=\"https:\/\/static.triny.pl\/img\/p\/4\/6\/6\/7\/4667-thickbox_default.jpg\"  type=\"image\/jpeg\"><img src=\"https:\/\/triny.pl\/blog\/wp-content\/themes\/triny\/assets\/img\/placeholder-600x600.png\" data-src=\"https:\/\/static.triny.pl\/img\/p\/4\/6\/6\/7\/4667-thickbox_default.jpg\" class=\"tns-lazy-img\" alt=\"Krem piel\u0119gnuj\u0105cy do twarzy i cia\u0142a dla niemowl\u0105t i dzieci\"><\/picture><div class=\"brand\">Sylveco<\/div><div class=\"title\">Krem piel\u0119gnuj\u0105cy do twarzy i cia\u0142a dla niemowl\u0105t i dzieci<\/div><\/a><a class=\"slider-collage-carousel__btn read-more-button\" href=\"https:\/\/triny.pl\/2565-sylveco-krem-pielegnujacy-do-twarzy-i-ciala-dla-niemowlat-i-dzieci.html\" target=\"_blank\">Zobacz<\/a><\/li><\/ul><\/section>\n\n\n\n<p>Ranking otwiera polski krem dla niemowl\u0105t Sylveco na bazie oliwy i oleju ze s\u0142odkich migda\u0142\u00f3w. Dzi\u0119ki starannie opracowanemu sk\u0142adowi pod k\u0105tem potrzeb sk\u00f3ry dziecka krem skutecznie chroni i piel\u0119gnuje. W pierwszej kolejno\u015bci widoczne s\u0105 jego w\u0142a\u015bciwo\u015bci <strong>nawil\u017caj\u0105ce i nat\u0142uszczaj\u0105ce, ponadto wykazuje dzia\u0142anie \u0142agodz\u0105ce<\/strong>, co jest bardzo wa\u017cne w przypadku sk\u00f3ry delikatnej i podatnej na uszkodzenia. Uszczelnia barier\u0119 lipidow\u0105 sk\u00f3r\u0119, przez co staje si\u0119 ona bardziej odporna na szkodliwe dzia\u0142anie czynnik\u00f3w zewn\u0119trznych. M\u0142ode mamy zaznaczaj\u0105, \u017ce krem <strong>bardzo \u0142atwo si\u0119 rozprowadza i szybko wch\u0142ania<\/strong>, a przy tym w niekt\u00f3rych przypadkach sprawdzi\u0142 si\u0119 przy atopowej sk\u00f3rze i za\u0142agodzi\u0142 dokuczliwe objawy. Produkt jest hipoalergiczny i przeznaczony jest do stosowania od 1. dnia \u017cycia dziecka.<\/p>\n\n\n\n<p><strong>Co znajdziesz w tym kremie?<\/strong><\/p>\n\n\n\n<p>Zacznijmy od listy sk\u0142adnik\u00f3w, kt\u00f3rych tu nie ma: parafina, parabeny, szkodliwe konserwanty, syntetyczne barwniki, substancje zapachowe, glikole i PEG. Za to jest prosty sk\u0142ad, w kt\u00f3rym dominuje oliwa i olej ze s\u0142odkich migda\u0142\u00f3w. Dodatek witaminy E chroni sk\u00f3r\u0119, a pantenol \u0142agodzi podra\u017cnienia.<\/p>\n\n\n\n<blockquote class=\"wp-block-quote\">\n<p>Pomimo, \u017ce krem jest lekki to bardzo dobrze nawil\u017ca sk\u00f3r\u0119 c\u00f3rki. Jest alergikiem wi\u0119c przetestowa\u0142am bardzo du\u017co kosmetyk\u00f3w i z czystym sumieniem mog\u0119 poleci\u0107 ca\u0142\u0105 seri\u0119 dla dzieci. Prosty, naturalny sk\u0142ad, nie pozostawia t\u0142ustego filmu.<\/p>\n<cite>Renata H.<\/cite><\/blockquote>\n\n\n\n<div class=\"wp-block-buttons is-layout-flex wp-block-buttons-is-layout-flex\">\n<div class=\"wp-block-button aligncenter\"><a class=\"wp-block-button__link wp-element-button\" href=\"https:\/\/triny.pl\/2565-sylveco-krem-pielegnujacy-do-twarzy-i-ciala-dla-niemowlat-i-dzieci.html\">Sprawd\u017a cen\u0119&nbsp;produktu<\/a><\/div>\n<\/div>\n\n\n\n<h2 class=\"wp-block-heading\" id=\"miejsce-2-delikatny-krem-ochronny-do-twarzy-i-ciala-dla-dzieci-0m-od-equilibra\">Miejsce 2. Delikatny krem ochronny do twarzy i cia\u0142a dla dzieci 0m+ od Equilibra<\/h2>\n\n\n<section class=\"slider-collage-carousel\" data-id=\"4768\"><ul class=\"collage collage-slider\"><li class=\"item\"><a href=\"https:\/\/triny.pl\/4768-equilibra-baby-delikatny-krem-ochronny-do-twarzy-i-ciala-0m.html\" target=\"_blank\"><picture><source srcset=\"https:\/\/static.triny.pl\/img\/p\/1\/7\/6\/6\/9\/17669-thickbox_default.webp\"  type=\"image\/webp\"><source srcset=\"https:\/\/static.triny.pl\/img\/p\/1\/7\/6\/6\/9\/17669-thickbox_default.jpg\"  type=\"image\/jpeg\"><img src=\"https:\/\/triny.pl\/blog\/wp-content\/themes\/triny\/assets\/img\/placeholder-600x600.png\" data-src=\"https:\/\/static.triny.pl\/img\/p\/1\/7\/6\/6\/9\/17669-thickbox_default.jpg\" class=\"tns-lazy-img\" alt=\"Delikatny krem zmi\u0119kczaj\u0105cy dla dzieci\"><\/picture><div class=\"brand\">Equilibra<\/div><div class=\"title\">Delikatny krem zmi\u0119kczaj\u0105cy dla dzieci<\/div><\/a><a class=\"slider-collage-carousel__btn read-more-button\" href=\"https:\/\/triny.pl\/4768-equilibra-baby-delikatny-krem-ochronny-do-twarzy-i-ciala-0m.html\" target=\"_blank\">Zobacz<\/a><\/li><\/ul><\/section>\n\n\n\n<p>Na drugim miejscu znajduje si\u0119 krem ochronny w\u0142oskiej marki przeznaczony do piel\u0119gnacji dziecka od momentu narodzin (jest odpowiedni dla noworodk\u00f3w). Jest to niezwykle delikatny produkt, kt\u00f3ry <strong>szybko si\u0119 wch\u0142ania, bez t\u0142usto\u015bci i lepko\u015bci<\/strong>. Zapewnia za to efekt aksamitnej sk\u00f3ry i szybkiego ukojenia. Klientki zwracaj\u0105 uwag\u0119, \u017ce jest przy tym niezwykle wydajny. Na ma\u0142y minus wskazuj\u0105 zapach, kt\u00f3ry nie ka\u017cdemu mo\u017ce si\u0119 spodoba\u0107, ale przy skuteczno\u015bci i dzia\u0142aniu kremu jest to cecha drugorz\u0119dna. Regularnie stosowany <strong>poprawia stan przesuszonej i podra\u017cnionej sk\u00f3ry maluszka<\/strong>. Ponadto chroni przed podra\u017cnieniami dzi\u0119ki substancjom ochronnym i \u0142agodz\u0105cym.<\/p>\n\n\n\n<p><strong>Co znajdziesz w tym kremie?<\/strong><\/p>\n\n\n\n<p>Krem zawiera a\u017c 97% sk\u0142adnik\u00f3w pochodzenia naturalnego i 20% aloesu. Nie zawiera parafiny, wazeliny, silikon\u00f3w, paraben\u00f3w, barwnik\u00f3w i sk\u0142adnik\u00f3w mog\u0105cych wywo\u0142a\u0107 alergie. Zosta\u0142 przebadany klinicznie i dermatologicznie, w tym na zawarto\u015b\u0107 niklu. W sk\u0142adzie znajdziesz od\u017cywcze mas\u0142o shea, koj\u0105ce wyci\u0105gi z nagietka i owsa, zmi\u0119kczaj\u0105cy olej ze s\u0142odkich migda\u0142\u00f3w oraz witamin\u0119 E.&nbsp;<\/p>\n\n\n\n<blockquote class=\"wp-block-quote\">\n<p>Dobrze nawil\u017ca, c\u00f3rka nie dosta\u0142a po nim wysypki, nie zawiera parafiny co dla mojego dziecka i mnie jest bardzo wa\u017cne, wydajny. Jedyne do czego mog\u0119 si\u0119 przyczepi\u0107 to zapach, kt\u00f3ry jest ma\u0142o przyjemny, na szcz\u0119\u015bcie w miar\u0119 szybko si\u0119 ulatnia.<\/p>\n<cite>Krystyna S.<\/cite><\/blockquote>\n\n\n\n<div class=\"wp-block-buttons is-layout-flex wp-block-buttons-is-layout-flex\">\n<div class=\"wp-block-button aligncenter\"><a class=\"wp-block-button__link wp-element-button\" href=\"https:\/\/triny.pl\/4768-equilibra-baby-delikatny-krem-ochronny-do-twarzy-i-ciala-0m.html\">Sprawd\u017a cen\u0119&nbsp;produktu<\/a><\/div>\n<\/div>\n\n\n\n<h2 class=\"wp-block-heading\" id=\"miejsce-7-kremowe-mleczko-nawilzajace-z-aloesem-i-ekstraktem-z-alg-morskich-od-pierpaoli-anthyllis\">Miejsce 3. Kremowe mleczko nawil\u017caj\u0105ce z aloesem i ekstraktem z alg morskich od Pierpaoli Anthyllis<\/h2>\n\n\n\n\n\n\n<p>Podium zamyka w\u0142oska firma, kt\u00f3ra istnieje od 1939 roku. W ofercie Pierpaoli znajduje si\u0119 kremowe mleczko z linii Anthyllis, kt\u00f3re mo\u017ce by\u0107 stosowane od pierwszych chwil \u017cycia maluszka. Kosmetyk wyr\u00f3\u017cnia si\u0119 <strong>prostym i bezpiecznym sk\u0142adem<\/strong> oraz delikatn\u0105 konsystencj\u0105, dzi\u0119ki kt\u00f3rej szybko si\u0119 wch\u0142ania. Produkt zosta\u0142 przez mamy okre\u015blony jako wy\u015bmienity \u2013 sprawdzi\u0142 si\u0119 nawet w przypadku sk\u00f3ry sk\u0142onnej do alergii i przy atopowym zapaleniu sk\u00f3ry. Mleczko skutecznie <strong>nawil\u017ca, koi podra\u017cnienia<\/strong> i <strong>wzmacnia odporno\u015b\u0107 sk\u00f3ry<\/strong>. Wykazuje dzia\u0142anie ochronne i wzmacniaj\u0105ce. Ma \u0142agodny zapach i fizjologiczne pH. Produkt certyfikowany ICEA.<\/p>\n\n\n\n<p><strong>Co znajdziesz w tym kremie?<\/strong><\/p>\n\n\n\n<p>Sk\u0142ad mleczka zosta\u0142 przetestowany na obecno\u015b\u0107 metali ci\u0119\u017ckich. Nie zawiera parafiny i olej\u00f3w mineralnych, silikon\u00f3w, PEG-\u00f3w, paraben\u00f3w, sztucznych barwnik\u00f3w, zapach\u00f3w i alergen\u00f3w. Zawiera ekstrakt z li\u015bci aloesu pochodz\u0105cy z biologicznych kontrolowanych upraw, a tak\u017ce olej sojowy i puder z chrz\u0105stnicy k\u0119dzierzawej.<\/p>\n\n\n\n<blockquote class=\"wp-block-quote\">\n<p>Jest zaskakuj\u0105co wy\u015bmienite. Nie trafi\u0142am nigdy na r\u00f3wnie dobry produkt dla dzieci<\/p>\n<cite>Malwina P.<\/cite><\/blockquote>\n\n\n\n<div class=\"wp-block-buttons is-layout-flex wp-block-buttons-is-layout-flex\">\n<div class=\"wp-block-button aligncenter\"><a class=\"wp-block-button__link wp-element-button\" href=\"https:\/\/triny.pl\/6562-pierpaoli-anthyllis-baby-kremowe-mleczko-nawilzajace-z-aloesem-i-ekstraktem-z-alg-morskich.html\">Sprawd\u017a cen\u0119&nbsp;produktu<\/a><\/div>\n<\/div>\n\n\n\n<h2 class=\"wp-block-heading\" id=\"miejsce-9-krem-lagodzacy-dla-dzieci-i-niemowlat-do-twarzy-i-ciala-od-e-fiore\">Miejsce 4. Krem \u0142agodz\u0105cy dla dzieci i niemowl\u0105t do twarzy i cia\u0142a od E-FIORE<\/h2>\n\n\n<section class=\"slider-collage-carousel\" data-id=\"8407\"><ul class=\"collage collage-slider\"><li class=\"item\"><a href=\"https:\/\/triny.pl\/8407-e-fiore-krem-lagodzacy-dla-dzieci-i-niemowlat-do-twarzy-i-ciala.html\" target=\"_blank\"><picture><source srcset=\"https:\/\/static.triny.pl\/img\/p\/1\/2\/4\/9\/3\/12493-thickbox_default.webp\"  type=\"image\/webp\"><source srcset=\"https:\/\/static.triny.pl\/img\/p\/1\/2\/4\/9\/3\/12493-thickbox_default.jpg\"  type=\"image\/jpeg\"><img src=\"https:\/\/triny.pl\/blog\/wp-content\/themes\/triny\/assets\/img\/placeholder-600x600.png\" data-src=\"https:\/\/static.triny.pl\/img\/p\/1\/2\/4\/9\/3\/12493-thickbox_default.jpg\" class=\"tns-lazy-img\" alt=\"Krem \u0142agodz\u0105cy dla dzieci i niemowl\u0105t do twarzy i cia\u0142a\"><\/picture><div class=\"brand\">E-FIORE<\/div><div class=\"title\">Krem \u0142agodz\u0105cy dla dzieci i niemowl\u0105t do twarzy i cia\u0142a<\/div><\/a><a class=\"slider-collage-carousel__btn read-more-button\" href=\"https:\/\/triny.pl\/8407-e-fiore-krem-lagodzacy-dla-dzieci-i-niemowlat-do-twarzy-i-ciala.html\" target=\"_blank\">Zobacz<\/a><\/li><\/ul><\/section>\n\n\n\n<p>Bogaty w sk\u0142adniki krem dla niemowl\u0105t od polskiej marki kosmetycznej E-FIORE okaza\u0142 si\u0119 dla niekt\u00f3rych mam strza\u0142em w dziesi\u0105tk\u0119. Po pierwsze, ma prosty sk\u0142ad. Po drugie, jest niezwykle lekki i szybko si\u0119 wch\u0142ania. Po trzecie, dzia\u0142a, tj. <strong>szybko nawil\u017ca sk\u00f3r\u0119 i wyg\u0142adza j\u0105<\/strong>, a przy tym tworzy na niej delikatn\u0105 ochronn\u0105 os\u0142onk\u0119. Ma tak\u017ce przyjemny zapach okre\u015blany jest jako s\u0142odki i budyniowy, niekt\u00f3re mamy czuj\u0105 w nim \u015bmietank\u0119 i morele. Polecany zw\u0142aszcza podczas spacer\u00f3w z maluszkiem jako <strong>ochrona przed s\u0142o\u0144cem i wiatrem<\/strong>. Co wi\u0119cej, krem nadaje si\u0119 do stosowania przez kobiety w ci\u0105\u017cy oraz podczas po\u0142ogu.<\/p>\n\n\n\n<p><strong>Co znajdziesz w tym kremie?<\/strong><\/p>\n\n\n\n<p>Lista sk\u0142adnik\u00f3w kremu obejmuje mas\u0142o shea, mas\u0142o z nasion kakaowca, witamin\u0119 E, olej morelowy, olej lniany, olej z nasion s\u0142onecznika, oliw\u0119, d-panthenol, wosk pszczeli oraz sproszkowany sok z li\u015bci aloesu.<\/p>\n\n\n\n<blockquote class=\"wp-block-quote\">\n<p>Krem jest rewelacyjny! Ma cudowny, s\u0142odki, ale delikatny zapach ( \u015bmietankowo-morelowy) &#8211; m\u00f3j syn go uwielbia i pyta si\u0119 mnie czy mo\u017ce go zje\u015b\u0107. \u015awietnie nawil\u017ca moje bardzo suche d\u0142onie. Bardzo polecam! \ud83d\ude42<\/p>\n<cite>Katarzyna J.<\/cite><\/blockquote>\n\n\n\n<div class=\"wp-block-buttons is-layout-flex wp-block-buttons-is-layout-flex\">\n<div class=\"wp-block-button aligncenter\"><a class=\"wp-block-button__link wp-element-button\" href=\"https:\/\/triny.pl\/8407-e-fiore-krem-lagodzacy-dla-dzieci-i-niemowlat-do-twarzy-i-ciala.html\">Sprawd\u017a cen\u0119&nbsp;produktu<\/a><\/div>\n<\/div>\n\n\n\n<h2 class=\"wp-block-heading\" id=\"miejsce-11-ochronny-krem-pod-pieluszke-z-cynkiem-i-olejami-od-lullalove\">Miejsce 5. Ochronny krem pod pieluszk\u0119 z cynkiem i olejami od Lullalove<\/h2>\n\n\n\n<p>Polska marka kosmetyczna Lullalove zadba\u0142a o pup\u0119 maluszka i przygotowa\u0142a ochronny krem, kt\u00f3ry szybko przywraca komfort w przypadku podra\u017cnie\u0144 i odparze\u0144. Jest to produkt <strong>polecany przez ekspert\u00f3w z CzytamyEtykiety.pl<\/strong>, kt\u00f3rzy zajmuj\u0105 si\u0119 sprawdzaniem sk\u0142ad\u00f3w produkt\u00f3w. Regularnie stosowany chroni przed powstawaniem nowych niespodzianek i poprawia komfort maluszka. Ma lekk\u0105 konsystencj\u0119, dzi\u0119ki kt\u00f3rej szybko si\u0119 wch\u0142ania. Pozostawia te\u017c ochronn\u0105 warstw\u0119 z cynku, kt\u00f3ry zabezpiecza przed podra\u017cnieniami. Mo\u017ce by\u0107 stosowany r\u00f3wnie\u017c w innych miejscach, np. na zgi\u0119ciach n\u00f3\u017cek czy szyi. Pachnie przyjemnie malinami.<\/p>\n\n\n\n<p><strong>Co znajdziesz w tym kremie?<\/strong><\/p>\n\n\n\n<p>W sk\u0142adzie znajdziesz drogocenne oleje, w\u015br\u00f3d kt\u00f3rych kr\u00f3luj\u0105: olej z pestek winogron, oliwa, olej rycynowy, orzech\u00f3w babassu oraz z pestek malin. Do tego mamy tu mas\u0142o shea, d-panthenol, gliceryn\u0119, alantoin\u0119 i ekstrakt z arniki. Zawiera 10% tlenku cynku. Nie zawiera natomiast alergen\u00f3w, parafiny ani \u017cadnych pochodnych ropy naftowej.<\/p>\n\n\n\n<blockquote class=\"wp-block-quote\">\n<p>\u015awietny sk\u0142ad produktu. Wiem, \u017ce to dobry kosmetyk dla moich dzieci. Dzia\u0142a koj\u0105co na sk\u00f3r\u0119 maluszk\u00f3w<\/p>\n<cite>Agata M.<\/cite><\/blockquote>\n\n\n\n<h2 class=\"wp-block-heading\" id=\"miejsce-14-krem-lipidowy-na-zime-ochrona-przed-wiatrem-i-mrozem-od-basiclab\">Miejsce 6. Krem lipidowy na zim\u0119 \u2013 ochrona przed wiatrem i mrozem od BasicLab<\/h2>\n\n\n<section class=\"slider-collage-carousel\" data-id=\"12011\"><ul class=\"collage collage-slider\"><li class=\"item\"><a href=\"https:\/\/triny.pl\/12011-basiclab-krem-lipidowy-na-zime-ochrona-przed-wiatrem-i-mrozem.html\" target=\"_blank\"><picture><source srcset=\"https:\/\/static.triny.pl\/img\/p\/1\/9\/6\/2\/9\/19629-thickbox_default.webp\"  type=\"image\/webp\"><source srcset=\"https:\/\/static.triny.pl\/img\/p\/1\/9\/6\/2\/9\/19629-thickbox_default.jpg\"  type=\"image\/jpeg\"><img src=\"https:\/\/triny.pl\/blog\/wp-content\/themes\/triny\/assets\/img\/placeholder-600x600.png\" data-src=\"https:\/\/static.triny.pl\/img\/p\/1\/9\/6\/2\/9\/19629-thickbox_default.jpg\" class=\"tns-lazy-img\" alt=\"Krem lipidowy na zim\u0119 &#8211; ochrona przed wiatrem i mrozem\"><\/picture><div class=\"brand\">BasicLab<\/div><div class=\"title\">Krem lipidowy na zim\u0119 &#8211; ochrona przed wiatrem i mrozem<\/div><\/a><a class=\"slider-collage-carousel__btn read-more-button\" href=\"https:\/\/triny.pl\/12011-basiclab-krem-lipidowy-na-zime-ochrona-przed-wiatrem-i-mrozem.html\" target=\"_blank\">Zobacz<\/a><\/li><\/ul><\/section>\n\n\n\n<p>Przedostatnie miejsce w rankingu nale\u017cy do BasicLab, polskiej firmy produkuj\u0105cej dermokosmetyki. Rodzinny krem przeznaczony jest do piel\u0119gnacji sk\u00f3ry w ka\u017cdym wieku, r\u00f3wnie\u017c niemowl\u0105t od 1. miesi\u0105ca \u017cycia, kobiet w ci\u0105\u017cy czy w okresie karmienia piersi\u0105. Efektywnie chroni przed negatywnym oddzia\u0142ywaniem czynnik\u00f3w zewn\u0119trznych. Mimo bogatego sk\u0142adu <strong>nie obci\u0105\u017ca sk\u00f3ry<\/strong>, za to szybko si\u0119 wch\u0142ania, daj\u0105c uczucie nawil\u017cenia, wyg\u0142adzenia i zmi\u0119kczenia. Systematycznie stosowany <strong>zapobiega zaczerwienieniom i przesuszeniu sk\u00f3ry wywo\u0142anych zimnem<\/strong>. Klientki w opiniach zaznaczaj\u0105, \u017ce krem ten nadaje si\u0119 do codziennego stosowania przez ca\u0142y rok. Zalet\u0105 produktu jest naturalny sk\u0142ad, pozbawiony syntetycznych dodatk\u00f3w.<\/p>\n\n\n\n<p><strong>Co znajdziesz w tym kremie?<\/strong><\/p>\n\n\n\n<p>Sk\u0142ad to przede wszystkim kompleks 7 olej\u00f3w: oliwy, makadamia, kokosowego, lnianego, z arganu, awokado i s\u0142onecznikowego. Dzia\u0142anie \u0142agodz\u0105ce zapewniaj\u0105 d-panthenol i alantoina. Dodatek trehalozy poprawia poziom nawil\u017cenia i elastyczno\u015bci sk\u00f3ry. Witamina E chroni przed wolnymi rodnikami, a wielkocz\u0105steczkowy kwas hialuronowy utrzymuje odpowiednie nawil\u017cenie.<\/p>\n\n\n\n<blockquote class=\"wp-block-quote\">\n<p>Bardzo dobry krem, zapobiega zaczerwieniom i przesuszeniu sk\u00f3ry twarzy wywo\u0142anych zimnem.<\/p>\n<cite>Ma\u0142gorzata J.<\/cite><\/blockquote>\n\n\n\n<div class=\"wp-block-buttons is-layout-flex wp-block-buttons-is-layout-flex\">\n<div class=\"wp-block-button aligncenter\"><a class=\"wp-block-button__link wp-element-button\" href=\"https:\/\/triny.pl\/12011-basiclab-krem-lipidowy-na-zime-ochrona-przed-wiatrem-i-mrozem.html\">Sprawd\u017a cen\u0119&nbsp;produktu<\/a><\/div>\n<\/div>\n\n\n\n<h2 class=\"wp-block-heading\" id=\"miejsce-15-ochronny-i-delikatny-krem-dla-dzieci-baltazar-od-mydlostacja\">Miejsce 7. Ochronny i delikatny krem dla dzieci BALTAZAR od Myd\u0142ostacja<\/h2>\n\n\n\n<p>Ranking zamyka krem od polskiej marki, kt\u00f3ra zas\u0142yn\u0119\u0142a swoimi naturalnymi myd\u0142ami. W jej ofercie znajduje si\u0119 krem dla dzieci, kt\u00f3ry wyr\u00f3\u017cnia si\u0119 <strong>lekk\u0105 i szybko wch\u0142aniaj\u0105c\u0105 si\u0119 konsystencj\u0105<\/strong> oraz sk\u0142adem dostosowanym do sk\u00f3ry maluszka. Zalet\u0105 produktu jest higieniczne i wydajne opakowanie typu airless, dzi\u0119ki kt\u00f3remu wydob\u0119dziesz tyle produktu, ile potrzebujesz, a sam krem nie b\u0119dzie mia\u0142 kontaktu z czynnikami zewn\u0119trznymi. Krem polecany jest zw\u0142aszcza do sk\u00f3ry suchej, wra\u017cliwej, r\u00f3wnie\u017c doros\u0142ych.<\/p>\n\n\n\n<p><strong>Co znajdziesz w tym kremie?<\/strong><\/p>\n\n\n\n<p>W sk\u0142adzie tego kremu dla niemowl\u0105t znajdziesz to, czego powinno si\u0119 szuka\u0107 w tego typu produktach, a mianowicie: d-panthenol, alantoina, ekstrakt z kwiatu nagietka, sok z aloesu. Zawiera ponadto olejek eteryczny z lawendy w\u0105skolistnej, za kt\u00f3rej spraw\u0105 krem wykazuje dzia\u0142anie koj\u0105ce i antybakteryjne, ponadto subtelnie pachnie relaksuj\u0105c\u0105 lawend\u0105.<\/p>\n\n\n\n<blockquote class=\"wp-block-quote\">\n<p>\u015awietny krem, kt\u00f3ry mog\u0119 stosowa\u0107 razem z moim dzieckiem. Jest bardzo delikatny, ale skutecznie nawil\u017ca i od\u017cywia sk\u00f3r\u0119.<\/p>\n<cite>Daria L.<\/cite><\/blockquote>\n\n\n\n<h2 class=\"wp-block-heading\" id=\"balsamy-dla-niemowlat-podsumowanie\">Balsamy dla niemowl\u0105t \u2013 podsumowanie<\/h2>\n\n\n\n<p>\u015awie\u017co upieczeni rodzice borykaj\u0105 si\u0119 z wieloma zagadnieniami i dylematami, bo wszystkiego ucz\u0105 si\u0119 od podstaw. Dotyczy to r\u00f3wnie\u017c piel\u0119gnacji. Nie tylko ucz\u0105 si\u0119, jak k\u0105pa\u0107 czy przewija\u0107 maluszka, ale te\u017c jak dba\u0107 o jego sk\u00f3r\u0119. Na rynku znajdziesz wiele kosmetyk\u00f3w dla dzieci, w tym niemowl\u0105t, przez co wyb\u00f3r odpowiedniego produktu mo\u017ce by\u0107 utrudniony. Pami\u0119taj jednak, \u017ce najwa\u017cniejszym zadaniem balsamu jest ochrona \u2013 zar\u00f3wno przed promieniowaniem UV, jak i warstwy nask\u00f3rkowej. Dlatego dobieraj tylko te kremy czy balsamy, kt\u00f3re zosta\u0142y opracowywane pod k\u0105tem specyficznych potrzeb sk\u00f3ry i z uwzgl\u0119dnieniem jej podwy\u017cszonej wra\u017cliwo\u015bci. Takie w\u0142a\u015bnie przedstawili\u015bmy w naszym TOP7 balsam\u00f3w dla niemowl\u0105t.<\/p>\n\n\n\n<p><br \/><strong>Mamy nadziej\u0119, \u017ce nasz ranking u\u0142atwi\u0142 Ci wyb\u00f3r najlepszego balsamu dla Twojego dziecka. Pami\u0119taj, \u017ce rankingi takie jak ten powstaj\u0105 g\u0142\u00f3wnie na podstawie opinii, zatem zach\u0119camy do dzielenia si\u0119 swoimi wra\u017ceniami w <\/strong><a href=\"https:\/\/triny.pl\/\"><strong>sklepie Triny<\/strong><\/a><strong>.<\/strong><\/p>\n","protected":false},"excerpt":{"rendered":"<p>Delikatna i wra\u017cliwa sk\u00f3ra niemowl\u0119cia powinna by\u0107 chroniona za pomoc\u0105 dobrze dobranego kosmetyku, kt\u00f3ry b\u0119dzie dzia\u0142a\u0107 wielokierunkowo, m.in. nawil\u017ca\u0107, od\u017cywia\u0107, a&#8230;<\/p>\n","protected":false},"author":21,"featured_media":22312,"comment_status":"open","ping_status":"open","sticky":false,"template":"","format":"standard","meta":{"footnotes":""},"categories":[8092],"tags":[],"acf":[],"yoast_head":"<!-- This site is optimized with the Yoast SEO plugin v21.1 - https:\/\/yoast.com\/wordpress\/plugins\/seo\/ -->\n<title>Najlepsze kremy i balsamy dla niemowl\u0105t \u2013 Ranking TOP7 w 2023 roku<\/title>\n<meta name=\"description\" content=\"Kremy i balsamy dla niemowl\u0105t powinny mie\u0107 przyjazny i prosty sk\u0142ad. Sprawd\u017a ranking 15 najlepszych kosmetyk\u00f3w do piel\u0119gnacji sk\u00f3ry maluszka.\" \/>\n<meta name=\"robots\" content=\"index, follow, max-snippet:-1, max-image-preview:large, max-video-preview:-1\" \/>\n<link rel=\"canonical\" href=\"https:\/\/triny.pl\/blog\/najlepsze-kremy-i-balsamy-dla-niemowlat-ranking-top-15\/\" \/>\n<meta property=\"og:locale\" content=\"pl_PL\" \/>\n<meta property=\"og:type\" content=\"article\" \/>\n<meta property=\"og:title\" content=\"Najlepsze kremy i balsamy dla niemowl\u0105t \u2013 Ranking TOP7 w 2023 roku\" \/>\n<meta property=\"og:description\" content=\"Kremy i balsamy dla niemowl\u0105t powinny mie\u0107 przyjazny i prosty sk\u0142ad. Sprawd\u017a ranking 15 najlepszych kosmetyk\u00f3w do piel\u0119gnacji sk\u00f3ry maluszka.\" \/>\n<meta property=\"og:url\" content=\"https:\/\/triny.pl\/blog\/najlepsze-kremy-i-balsamy-dla-niemowlat-ranking-top-15\/\" \/>\n<meta property=\"og:site_name\" content=\"Blog Triny.pl\" \/>\n<meta property=\"article:publisher\" content=\"https:\/\/www.facebook.com\/trinysklep\" \/>\n<meta property=\"article:published_time\" content=\"2023-01-20T11:43:00+00:00\" \/>\n<meta property=\"article:modified_time\" content=\"2023-09-06T09:09:52+00:00\" \/>\n<meta property=\"og:image\" content=\"https:\/\/triny.pl\/blog\/wp-content\/uploads\/2022\/02\/najlepszy-balsam-dla-dzieci.jpeg\" \/>\n\t<meta property=\"og:image:width\" content=\"1200\" \/>\n\t<meta property=\"og:image:height\" content=\"800\" \/>\n\t<meta property=\"og:image:type\" content=\"image\/jpeg\" \/>\n<meta name=\"author\" content=\"Marysia Wajda\" \/>\n<meta name=\"twitter:label1\" content=\"Napisane przez\" \/>\n\t<meta name=\"twitter:data1\" content=\"Marysia Wajda\" \/>\n\t<meta name=\"twitter:label2\" content=\"Szacowany czas czytania\" \/>\n\t<meta name=\"twitter:data2\" content=\"22 minuty\" \/>\n<script type=\"application\/ld+json\" class=\"yoast-schema-graph\">{\"@context\":\"https:\/\/schema.org\",\"@graph\":[{\"@type\":\"Article\",\"@id\":\"https:\/\/triny.pl\/blog\/najlepsze-kremy-i-balsamy-dla-niemowlat-ranking-top-15\/#article\",\"isPartOf\":{\"@id\":\"https:\/\/triny.pl\/blog\/najlepsze-kremy-i-balsamy-dla-niemowlat-ranking-top-15\/\"},\"author\":{\"name\":\"Marysia Wajda\",\"@id\":\"https:\/\/triny.pl\/blog\/#\/schema\/person\/1f0cf312784bf4debdc7de4be1475777\"},\"headline\":\"Najlepsze kremy i balsamy dla niemowl\u0105t \u2013 Ranking TOP7 w 2023 roku\",\"datePublished\":\"2023-01-20T11:43:00+00:00\",\"dateModified\":\"2023-09-06T09:09:52+00:00\",\"mainEntityOfPage\":{\"@id\":\"https:\/\/triny.pl\/blog\/najlepsze-kremy-i-balsamy-dla-niemowlat-ranking-top-15\/\"},\"wordCount\":2556,\"commentCount\":0,\"publisher\":{\"@id\":\"https:\/\/triny.pl\/blog\/#organization\"},\"articleSection\":[\"Ranking kosmetyk\u00f3w\"],\"inLanguage\":\"pl-PL\",\"potentialAction\":[{\"@type\":\"CommentAction\",\"name\":\"Comment\",\"target\":[\"https:\/\/triny.pl\/blog\/najlepsze-kremy-i-balsamy-dla-niemowlat-ranking-top-15\/#respond\"]}]},{\"@type\":\"WebPage\",\"@id\":\"https:\/\/triny.pl\/blog\/najlepsze-kremy-i-balsamy-dla-niemowlat-ranking-top-15\/\",\"url\":\"https:\/\/triny.pl\/blog\/najlepsze-kremy-i-balsamy-dla-niemowlat-ranking-top-15\/\",\"name\":\"Najlepsze kremy i balsamy dla niemowl\u0105t \u2013 Ranking TOP7 w 2023 roku\",\"isPartOf\":{\"@id\":\"https:\/\/triny.pl\/blog\/#website\"},\"datePublished\":\"2023-01-20T11:43:00+00:00\",\"dateModified\":\"2023-09-06T09:09:52+00:00\",\"description\":\"Kremy i balsamy dla niemowl\u0105t powinny mie\u0107 przyjazny i prosty sk\u0142ad. Sprawd\u017a ranking 15 najlepszych kosmetyk\u00f3w do piel\u0119gnacji sk\u00f3ry maluszka.\",\"breadcrumb\":{\"@id\":\"https:\/\/triny.pl\/blog\/najlepsze-kremy-i-balsamy-dla-niemowlat-ranking-top-15\/#breadcrumb\"},\"inLanguage\":\"pl-PL\",\"potentialAction\":[{\"@type\":\"ReadAction\",\"target\":[\"https:\/\/triny.pl\/blog\/najlepsze-kremy-i-balsamy-dla-niemowlat-ranking-top-15\/\"]}]},{\"@type\":\"BreadcrumbList\",\"@id\":\"https:\/\/triny.pl\/blog\/najlepsze-kremy-i-balsamy-dla-niemowlat-ranking-top-15\/#breadcrumb\",\"itemListElement\":[{\"@type\":\"ListItem\",\"position\":1,\"name\":\"Strona g\u0142\u00f3wna\",\"item\":\"https:\/\/triny.pl\/blog\/\"},{\"@type\":\"ListItem\",\"position\":2,\"name\":\"Najlepsze kremy i balsamy dla niemowl\u0105t \u2013 Ranking TOP7 w 2023 roku\"}]},{\"@type\":\"WebSite\",\"@id\":\"https:\/\/triny.pl\/blog\/#website\",\"url\":\"https:\/\/triny.pl\/blog\/\",\"name\":\"Blog Triny.pl\",\"description\":\"Naturalna piel\u0119gnacja bez tajemnic! Pokazujemy jak dba\u0107 o cia\u0142o i w\u0142osy dla optymalnych, d\u0142ugotrwa\u0142ych efekt\u00f3w. Sprawd\u017a te ma\u0142o znane triki :)\",\"publisher\":{\"@id\":\"https:\/\/triny.pl\/blog\/#organization\"},\"potentialAction\":[{\"@type\":\"SearchAction\",\"target\":{\"@type\":\"EntryPoint\",\"urlTemplate\":\"https:\/\/triny.pl\/blog\/?s={search_term_string}\"},\"query-input\":\"required name=search_term_string\"}],\"inLanguage\":\"pl-PL\"},{\"@type\":\"Organization\",\"@id\":\"https:\/\/triny.pl\/blog\/#organization\",\"name\":\"Triny Sp. z o. o.\",\"url\":\"https:\/\/triny.pl\/blog\/\",\"logo\":{\"@type\":\"ImageObject\",\"inLanguage\":\"pl-PL\",\"@id\":\"https:\/\/triny.pl\/blog\/#\/schema\/logo\/image\/\",\"url\":\"https:\/\/triny.pl\/blog\/wp-content\/uploads\/2020\/08\/logo-triny.png\",\"contentUrl\":\"https:\/\/triny.pl\/blog\/wp-content\/uploads\/2020\/08\/logo-triny.png\",\"width\":190,\"height\":78,\"caption\":\"Triny Sp. z o. o.\"},\"image\":{\"@id\":\"https:\/\/triny.pl\/blog\/#\/schema\/logo\/image\/\"},\"sameAs\":[\"https:\/\/www.facebook.com\/trinysklep\",\"https:\/\/www.instagram.com\/trinysklep\/\",\"https:\/\/pl.pinterest.com\/trinypl\/_created\/\"]},{\"@type\":\"Person\",\"@id\":\"https:\/\/triny.pl\/blog\/#\/schema\/person\/1f0cf312784bf4debdc7de4be1475777\",\"name\":\"Marysia Wajda\",\"description\":\"Cze\u015b\u0107! Nazywam si\u0119 Marysia i jestem wielk\u0105 fank\u0105 naturalnej piel\u0119gnacji. Od dawna stosuj\u0119 wy\u0142\u0105cznie kosmetyki naturalne, zwracaj\u0105c bacznie uwag\u0119 na ich sk\u0142ad. Lubi\u0119 testowa\u0107 nowe produkty oraz rozwi\u0105zania urodowe i ch\u0119tnie si\u0119 podziel\u0119 wynikami moich eksperyment\u00f3w na tym blogu. Staram si\u0119 \u017cy\u0107 w zgodzie z natur\u0105 i w stylu zero waste, wi\u0119c ch\u0119tnie b\u0119d\u0119 przekazywa\u0107 Wam r\u00f3wnie\u017c pomys\u0142y na ponownie wykorzystanie kosmetyk\u00f3w i nie tylko. Zapraszam do obserwowania profilu na Facebooku, w kt\u00f3rym zamieszczane s\u0105 codziennie ciekawostki, porady, najlepsze kosmetyki naturalne: https:\/\/www.facebook.com\/trinysklep\",\"url\":\"https:\/\/triny.pl\/blog\/author\/marysia\/\"}]}<\/script>\n<!-- \/ Yoast SEO plugin. -->","yoast_head_json":{"title":"Najlepsze kremy i balsamy dla niemowl\u0105t \u2013 Ranking TOP7 w 2023 roku","description":"Kremy i balsamy dla niemowl\u0105t powinny mie\u0107 przyjazny i prosty sk\u0142ad. Sprawd\u017a ranking 15 najlepszych kosmetyk\u00f3w do piel\u0119gnacji sk\u00f3ry maluszka.","robots":{"index":"index","follow":"follow","max-snippet":"max-snippet:-1","max-image-preview":"max-image-preview:large","max-video-preview":"max-video-preview:-1"},"canonical":"https:\/\/triny.pl\/blog\/najlepsze-kremy-i-balsamy-dla-niemowlat-ranking-top-15\/","og_locale":"pl_PL","og_type":"article","og_title":"Najlepsze kremy i balsamy dla niemowl\u0105t \u2013 Ranking TOP7 w 2023 roku","og_description":"Kremy i balsamy dla niemowl\u0105t powinny mie\u0107 przyjazny i prosty sk\u0142ad. Sprawd\u017a ranking 15 najlepszych kosmetyk\u00f3w do piel\u0119gnacji sk\u00f3ry maluszka.","og_url":"https:\/\/triny.pl\/blog\/najlepsze-kremy-i-balsamy-dla-niemowlat-ranking-top-15\/","og_site_name":"Blog Triny.pl","article_publisher":"https:\/\/www.facebook.com\/trinysklep","article_published_time":"2023-01-20T11:43:00+00:00","article_modified_time":"2023-09-06T09:09:52+00:00","og_image":[{"width":1200,"height":800,"url":"https:\/\/triny.pl\/blog\/wp-content\/uploads\/2022\/02\/najlepszy-balsam-dla-dzieci.jpeg","type":"image\/jpeg"}],"author":"Marysia Wajda","twitter_misc":{"Napisane przez":"Marysia Wajda","Szacowany czas czytania":"22 minuty"},"schema":{"@context":"https:\/\/schema.org","@graph":[{"@type":"Article","@id":"https:\/\/triny.pl\/blog\/najlepsze-kremy-i-balsamy-dla-niemowlat-ranking-top-15\/#article","isPartOf":{"@id":"https:\/\/triny.pl\/blog\/najlepsze-kremy-i-balsamy-dla-niemowlat-ranking-top-15\/"},"author":{"name":"Marysia Wajda","@id":"https:\/\/triny.pl\/blog\/#\/schema\/person\/1f0cf312784bf4debdc7de4be1475777"},"headline":"Najlepsze kremy i balsamy dla niemowl\u0105t \u2013 Ranking TOP7 w 2023 roku","datePublished":"2023-01-20T11:43:00+00:00","dateModified":"2023-09-06T09:09:52+00:00","mainEntityOfPage":{"@id":"https:\/\/triny.pl\/blog\/najlepsze-kremy-i-balsamy-dla-niemowlat-ranking-top-15\/"},"wordCount":2556,"commentCount":0,"publisher":{"@id":"https:\/\/triny.pl\/blog\/#organization"},"articleSection":["Ranking kosmetyk\u00f3w"],"inLanguage":"pl-PL","potentialAction":[{"@type":"CommentAction","name":"Comment","target":["https:\/\/triny.pl\/blog\/najlepsze-kremy-i-balsamy-dla-niemowlat-ranking-top-15\/#respond"]}]},{"@type":"WebPage","@id":"https:\/\/triny.pl\/blog\/najlepsze-kremy-i-balsamy-dla-niemowlat-ranking-top-15\/","url":"https:\/\/triny.pl\/blog\/najlepsze-kremy-i-balsamy-dla-niemowlat-ranking-top-15\/","name":"Najlepsze kremy i balsamy dla niemowl\u0105t \u2013 Ranking TOP7 w 2023 roku","isPartOf":{"@id":"https:\/\/triny.pl\/blog\/#website"},"datePublished":"2023-01-20T11:43:00+00:00","dateModified":"2023-09-06T09:09:52+00:00","description":"Kremy i balsamy dla niemowl\u0105t powinny mie\u0107 przyjazny i prosty sk\u0142ad. Sprawd\u017a ranking 15 najlepszych kosmetyk\u00f3w do piel\u0119gnacji sk\u00f3ry maluszka.","breadcrumb":{"@id":"https:\/\/triny.pl\/blog\/najlepsze-kremy-i-balsamy-dla-niemowlat-ranking-top-15\/#breadcrumb"},"inLanguage":"pl-PL","potentialAction":[{"@type":"ReadAction","target":["https:\/\/triny.pl\/blog\/najlepsze-kremy-i-balsamy-dla-niemowlat-ranking-top-15\/"]}]},{"@type":"BreadcrumbList","@id":"https:\/\/triny.pl\/blog\/najlepsze-kremy-i-balsamy-dla-niemowlat-ranking-top-15\/#breadcrumb","itemListElement":[{"@type":"ListItem","position":1,"name":"Strona g\u0142\u00f3wna","item":"https:\/\/triny.pl\/blog\/"},{"@type":"ListItem","position":2,"name":"Najlepsze kremy i balsamy dla niemowl\u0105t \u2013 Ranking TOP7 w 2023 roku"}]},{"@type":"WebSite","@id":"https:\/\/triny.pl\/blog\/#website","url":"https:\/\/triny.pl\/blog\/","name":"Blog Triny.pl","description":"Naturalna piel\u0119gnacja bez tajemnic! Pokazujemy jak dba\u0107 o cia\u0142o i w\u0142osy dla optymalnych, d\u0142ugotrwa\u0142ych efekt\u00f3w. Sprawd\u017a te ma\u0142o znane triki :)","publisher":{"@id":"https:\/\/triny.pl\/blog\/#organization"},"potentialAction":[{"@type":"SearchAction","target":{"@type":"EntryPoint","urlTemplate":"https:\/\/triny.pl\/blog\/?s={search_term_string}"},"query-input":"required name=search_term_string"}],"inLanguage":"pl-PL"},{"@type":"Organization","@id":"https:\/\/triny.pl\/blog\/#organization","name":"Triny Sp. z o. o.","url":"https:\/\/triny.pl\/blog\/","logo":{"@type":"ImageObject","inLanguage":"pl-PL","@id":"https:\/\/triny.pl\/blog\/#\/schema\/logo\/image\/","url":"https:\/\/triny.pl\/blog\/wp-content\/uploads\/2020\/08\/logo-triny.png","contentUrl":"https:\/\/triny.pl\/blog\/wp-content\/uploads\/2020\/08\/logo-triny.png","width":190,"height":78,"caption":"Triny Sp. z o. o."},"image":{"@id":"https:\/\/triny.pl\/blog\/#\/schema\/logo\/image\/"},"sameAs":["https:\/\/www.facebook.com\/trinysklep","https:\/\/www.instagram.com\/trinysklep\/","https:\/\/pl.pinterest.com\/trinypl\/_created\/"]},{"@type":"Person","@id":"https:\/\/triny.pl\/blog\/#\/schema\/person\/1f0cf312784bf4debdc7de4be1475777","name":"Marysia Wajda","description":"Cze\u015b\u0107! Nazywam si\u0119 Marysia i jestem wielk\u0105 fank\u0105 naturalnej piel\u0119gnacji. Od dawna stosuj\u0119 wy\u0142\u0105cznie kosmetyki naturalne, zwracaj\u0105c bacznie uwag\u0119 na ich sk\u0142ad. Lubi\u0119 testowa\u0107 nowe produkty oraz rozwi\u0105zania urodowe i ch\u0119tnie si\u0119 podziel\u0119 wynikami moich eksperyment\u00f3w na tym blogu. Staram si\u0119 \u017cy\u0107 w zgodzie z natur\u0105 i w stylu zero waste, wi\u0119c ch\u0119tnie b\u0119d\u0119 przekazywa\u0107 Wam r\u00f3wnie\u017c pomys\u0142y na ponownie wykorzystanie kosmetyk\u00f3w i nie tylko. Zapraszam do obserwowania profilu na Facebooku, w kt\u00f3rym zamieszczane s\u0105 codziennie ciekawostki, porady, najlepsze kosmetyki naturalne: https:\/\/www.facebook.com\/trinysklep","url":"https:\/\/triny.pl\/blog\/author\/marysia\/"}]}},"voteUp":"3","voteDown":"0","authorInfo":{"photo":"https:\/\/triny.pl\/blog\/wp-content\/themes\/triny\/assets\/img\/default-avatar.jpg","url":"https:\/\/triny.pl\/blog\/author\/marysia\/","name":"Marysia Wajda"},"media":{"full":"https:\/\/triny.pl\/blog\/wp-content\/uploads\/2022\/02\/najlepszy-balsam-dla-dzieci.jpeg","desktop":"https:\/\/triny.pl\/blog\/wp-content\/uploads\/2022\/02\/najlepszy-balsam-dla-dzieci-505x250.jpeg","mobile":"https:\/\/triny.pl\/blog\/wp-content\/uploads\/2022\/02\/najlepszy-balsam-dla-dzieci-375x190.jpeg"},"_links":{"self":[{"href":"https:\/\/triny.pl\/blog\/wp-json\/wp\/v2\/posts\/22308"}],"collection":[{"href":"https:\/\/triny.pl\/blog\/wp-json\/wp\/v2\/posts"}],"about":[{"href":"https:\/\/triny.pl\/blog\/wp-json\/wp\/v2\/types\/post"}],"author":[{"embeddable":true,"href":"https:\/\/triny.pl\/blog\/wp-json\/wp\/v2\/users\/21"}],"replies":[{"embeddable":true,"href":"https:\/\/triny.pl\/blog\/wp-json\/wp\/v2\/comments?post=22308"}],"version-history":[{"count":5,"href":"https:\/\/triny.pl\/blog\/wp-json\/wp\/v2\/posts\/22308\/revisions"}],"predecessor-version":[{"id":27683,"href":"https:\/\/triny.pl\/blog\/wp-json\/wp\/v2\/posts\/22308\/revisions\/27683"}],"wp:featuredmedia":[{"embeddable":true,"href":"https:\/\/triny.pl\/blog\/wp-json\/wp\/v2\/media\/22312"}],"wp:attachment":[{"href":"https:\/\/triny.pl\/blog\/wp-json\/wp\/v2\/media?parent=22308"}],"wp:term":[{"taxonomy":"category","embeddable":true,"href":"https:\/\/triny.pl\/blog\/wp-json\/wp\/v2\/categories?post=22308"},{"taxonomy":"post_tag","embeddable":true,"href":"https:\/\/triny.pl\/blog\/wp-json\/wp\/v2\/tags?post=22308"}],"curies":[{"name":"wp","href":"https:\/\/api.w.org\/{rel}","templated":true}]}}