{"id":23058,"date":"2022-04-26T08:26:00","date_gmt":"2022-04-26T06:26:00","guid":{"rendered":"https:\/\/triny.pl\/blog\/?p=23058"},"modified":"2023-09-01T10:14:24","modified_gmt":"2023-09-01T08:14:24","slug":"czarna-maseczka-do-twarzy-ranking-top10","status":"publish","type":"post","link":"https:\/\/triny.pl\/blog\/czarna-maseczka-do-twarzy-ranking-top10\/","title":{"rendered":"Czarna maseczka do twarzy &#8211; Ranking TOP 10 w 2022 roku"},"content":{"rendered":"\n<p>Czarna maseczka jest hitem w piel\u0119gnacji. \u015awietnie oczyszcza, odblokowuje pory, pomaga pozby\u0107 si\u0119 w\u0105gr\u00f3w, pryszczy i zask\u00f3rnik\u00f3w, do tego wyr\u00f3wnuje struktur\u0119 sk\u00f3ry. Mo\u017ce zrobi\u0107 znacznie wi\u0119cej! Sprawd\u017a koniecznie nasz ranking najlepszych czarnych maseczek do twarzy z w\u0119glem, czarn\u0105 glink\u0105 i czarnym b\u0142otem, kt\u00f3re nawil\u017caj\u0105, wyg\u0142adzaj\u0105 i wyr\u00f3wnuj\u0105 koloryt sk\u00f3ry. Mamy nadziej\u0119, \u017ce nasze TOP10 pomo\u017ce Ci dobra\u0107 najlepszy produkt pod potrzeby sk\u00f3ry!<\/p>\n\n\n\n<p>Czarna maseczka do twarzy to najcz\u0119stszy wyb\u00f3r posiadaczek sk\u00f3ry problematycznej. Wynika to z tego, \u017ce maseczka wykazuje silne w\u0142a\u015bciwo\u015bci oczyszczaj\u0105ce i pomaga pozby\u0107 si\u0119 niedoskona\u0142o\u015bci sk\u00f3ry. G\u0142\u00f3wnym sk\u0142adnikiem czarnych maseczek jest w\u0119giel aktywny (ale nie zawsze \u2013 o tym za chwil\u0119), kt\u00f3ry ma zdolno\u015b\u0107 absorbowania toksyn, nadmiaru sebum i zanieczyszcze\u0144. Jednocze\u015bnie wykazuje dzia\u0142anie antybakteryjne, co ma znaczenie przy zmianach sk\u00f3rnych. Co istotne, maseczka mo\u017ce si\u0119 sprawdzi\u0107 w piel\u0119gnacji ka\u017cdego rodzaju sk\u00f3ry \u2013 kluczowy staje si\u0119 tutaj wyb\u00f3r takiej maseczki, kt\u00f3ra wesprze Twoj\u0105 codzienn\u0105 piel\u0119gnacj\u0119. I tutaj wkracza nasz <strong>ranking TOP10 najlepszych czarnych masek do twarzy<\/strong>.<\/p>\n\n\n\n<p>Przygotowali\u015bmy list\u0119 najlepiej sprzedaj\u0105cych i pozytywnie ocenianych czarnych maseczek w naszej ofercie. Wzi\u0119li\u015bmy pod uwag\u0119 przede wszystkim bestsellery, kt\u00f3re ciesz\u0105 si\u0119 uznaniem naszych klientek. Przy czym niewa\u017cny jest status producenta \u2013 na pierwszym miejscu stawiamy skuteczno\u015b\u0107 oraz sk\u0142ad produktu.<\/p>\n\n\n\n<p><strong>Przy opracowaniu najpopularniejszych maseczek czarnych wzi\u0119li\u015bmy pod uwag\u0119:<\/strong><\/p>\n\n\n\n<ul>\n<li>ilo\u015b\u0107 zam\u00f3wie\u0144 czarnej maseczki<\/li>\n\n\n\n<li>liczba os\u00f3b, kt\u00f3re ponownie zam\u00f3wi\u0142y ten sam produkt<\/li>\n\n\n\n<li>liczba opinii<\/li>\n\n\n\n<li>\u015brednia ocena produktu<\/li>\n\n\n\n<li>wady i zalety maseczki<\/li>\n\n\n\n<li>sk\u0142ad kosmetyku<\/li>\n\n\n\n<li>od kiedy maseczka jest dost\u0119pna w naszej ofercie, by nie wykluczy\u0107 dobrze zapowiadaj\u0105cych si\u0119 nowo\u015bci<\/li>\n<\/ul>\n\n\n\n<h2 class=\"wp-block-heading\">Jak dzia\u0142a i jakie sk\u0142adniki zawiera czarna maseczka?<\/h2>\n\n\n\n<p>Na rynku znajdziesz trzy rodzaje czarnych masek, mianowicie <strong>maseczki peel off, w p\u0142achcie i do sp\u0142ukiwania<\/strong>. Najpopularniejsze s\u0105 maski peel off oraz do sp\u0142ukiwania.<\/p>\n\n\n\n<p><strong>Czarne maski peel off maj\u0105 konsystencj\u0119 g\u0119stego \u017celu, gumy, galaretki lub kremu<\/strong>. Zawieraj\u0105 polimery b\u0142onotw\u00f3rcze, przez co na\u0142o\u017cone na twarz grub\u0105 warstw\u0105 zamieniaj\u0105 si\u0119 w pewnego rodzaju foli\u0119 (b\u0142on\u0119), kt\u00f3r\u0105 nast\u0119pnie nale\u017cy \u015bci\u0105gn\u0105\u0107 (zerwa\u0107). To w\u0142a\u015bnie wysychanie maseczki na twarzy odpowiada za jej w\u0142a\u015bciwo\u015bci. Pozostawiona na sk\u00f3rze do wyschni\u0119cia \u015bci\u0105ga pory, poch\u0142ania zanieczyszczenia, bakterie i usuwa zask\u00f3rniki, do tego napina sk\u00f3r\u0119 i nadaje jej zdrowy blask.<br \/><br \/><strong>Czarne maseczki do sp\u0142ukiwania maj\u0105 konsystencj\u0119 aksamitnego kremu<\/strong> i sprawdz\u0105 si\u0119 \u015bwietnie w przypadku sk\u00f3ry wra\u017cliwej, naczynkowej, tr\u0105dzikowej i ze stanami zapalnymi. Przez fakt, \u017ce delikatnie zmywa si\u0119 je z twarzy wod\u0105, nie podra\u017cniaj\u0105 tak sk\u00f3ry jak \u015bci\u0105gane maski peel off.<\/p>\n\n\n\n<p>Popularno\u015b\u0107 i dost\u0119pno\u015b\u0107 czarnych maseczek, zw\u0142aszcza peel off, zawdzi\u0119czamy korea\u0144skiej piel\u0119gnacji, poniewa\u017c wraz z ni\u0105 na naszym rynku zadomowi\u0142y si\u0119 maski na bazie w\u0119gla aktywnego. No w\u0142a\u015bnie, w\u0119giel \u2013 to w\u0119giel aktywny jest g\u0142\u00f3wnym sk\u0142adnikiem czarnej maseczki. Mo\u017ce by\u0107 to <strong>w\u0119giel drzewny, kokosowy lub w\u0119giel z bambusa<\/strong>. Czasem zamiast w\u0119gla maska do twarzy zawiera <strong>czarn\u0105 glink\u0119 lub czarne b\u0142oto<\/strong>, kt\u00f3re podobnie jak aktywny w\u0119giel wykazuj\u0105 znakomite w\u0142a\u015bciwo\u015bci oczyszczaj\u0105ce \u2013 dotyczy to maseczek do zmywania.<\/p>\n\n\n\n<p><span class=\"note\">Czarna maseczka wype\u0142niona jest oczyszczaj\u0105cym w\u0119glem, glink\u0105 lub b\u0142otem, kt\u00f3re nadaj\u0105 jej charakterystycznego czarnego koloru. Maska dzi\u0119ki nim dzia\u0142a jak zasysacz zanieczyszcze\u0144 i bakterii, co sprzyja g\u0142\u0119bokiemu oczyszczeniu cery.<\/span><\/p>\n\n\n\n<p>Opr\u00f3cz tego maseczki czarne zawieraj\u0105 substancje nawil\u017caj\u0105ce, uj\u0119drniaj\u0105ce i napinaj\u0105ce sk\u00f3r\u0119 oraz oczyszczaj\u0105ce. W zale\u017cno\u015bci od rodzaju i przeznaczenia maseczka mo\u017ce zawiera\u0107 <strong>algi, kwas hialuronowy, aloes<\/strong> oraz <strong>ekstrakty ro\u015blinne<\/strong>.<\/p>\n\n\n\n<h2 class=\"wp-block-heading\">Na co pomaga czarna maseczka?<\/h2>\n\n\n\n<p>Czarna maska do twarzy jest rodzajem <a href=\"https:\/\/triny.pl\/1173-maseczki-oczyszczajace\">maseczki oczyszczaj\u0105cej<\/a>, jednak r\u00f3\u017cni si\u0119 od typowych produkt\u00f3w przede wszystkim swoj\u0105 moc\u0105 i przeznaczeniem. Ot\u00f3\u017c maska dzia\u0142a silnie oczyszczaj\u0105c, przez co<strong> sprawdza si\u0119 g\u0142\u00f3wnie w przypadku cer mocno zanieczyszczonych<\/strong>.<\/p>\n\n\n\n<p>Warto przy tym zaznaczy\u0107, \u017ce czarna maseczka nie jest zalecana w przypadku cery tr\u0105dzikowej z otwartymi rankami i stanami zapalnymi, poniewa\u017c mo\u017ce podra\u017cni\u0107. Ponadto maseczka peel off nie jest polecana w przypadku cery zwiotcza\u0142ej, poniewa\u017c zastyga na twarzy i p\u00f3\u017aniej nale\u017cy j\u0105 \u015bci\u0105gn\u0105\u0107. Cz\u0119ste ci\u0105gni\u0119cie sk\u00f3ry mo\u017ce powodowa\u0107 utrat\u0119 elastyczno\u015bci, co ostatecznie mo\u017ce prowadzi\u0107 do jeszcze wi\u0119kszej wiotko\u015bci.<\/p>\n\n\n\n<p><span class=\"tip\">Czarna maseczka mo\u017ce by\u0107 stosowana bez wzgl\u0119du na wiek i p\u0142e\u0107. Polecana jest osobom z cer\u0105 t\u0142ust\u0105, mieszan\u0105, zanieczyszczon\u0105, z zask\u00f3rnikami i w\u0105grami. Ze wzgl\u0119du na silne w\u0142a\u015bciwo\u015bci oczyszczaj\u0105ce czarna maseczka nie powinna by\u0107 cz\u0119\u015bciej stosowana ni\u017c 1-2 razy w tygodniu.<\/span><\/p>\n\n\n\n<p>W\u0119glowa maseczka typu peel off wykazuje<strong> dzia\u0142anie antybakteryjne, przeciwzapalne i intensywnie oczyszczaj\u0105ce<\/strong>. Do tego redukuje suche ogniska i \u0142uszcz\u0105ce si\u0119 sk\u00f3rki oraz pomaga wyg\u0142adzi\u0107 drobne zmarszczki. Wszystko dzi\u0119ki temu \u017ce dzia\u0142a \u015bci\u0105gaj\u0105co, a przy zrywaniu dodatkowo wyg\u0142adza tekstur\u0119 sk\u00f3ry. Czarna maseczka na bazie czarnej glinki lub czarnego b\u0142ota r\u00f3wnie\u017c <strong>dzia\u0142a oczyszczaj\u0105co i wyr\u00f3wnuj\u0105co<\/strong>,<strong> reguluje wydzielanie sebum<\/strong>. Poprawia te\u017c spr\u0119\u017cysto\u015b\u0107 sk\u00f3ry i wyr\u00f3wnuje jej koloryt.<\/p>\n\n\n\n<p><strong>W\u0142a\u015bciwo\u015bci ka\u017cdej czarnej maseczki:<\/strong><\/p>\n\n\n\n<ul>\n<li>oczyszcza sk\u00f3r\u0119 z zanieczyszcze\u0144<\/li>\n\n\n\n<li>usuwa martwy nask\u00f3rek<\/li>\n\n\n\n<li>zmniejsza widoczno\u015b\u0107 por\u00f3w sk\u00f3rnych<\/li>\n\n\n\n<li>rozja\u015bnia cer\u0119<\/li>\n\n\n\n<li>wyg\u0142adza i wyr\u00f3wnuje struktur\u0119 sk\u00f3ry<\/li>\n\n\n\n<li>poch\u0142ania nadmiar sebum i zanieczyszczenia<\/li>\n\n\n\n<li>reguluje prace gruczo\u0142\u00f3w \u0142ojowych<\/li>\n<\/ul>\n\n\n\n<p>Zalet\u0105 czarnej maseczki jest to, \u017ce mo\u017cesz wykona\u0107 j\u0105 w domu \u2013 do peel off wystarczy \u017celatyna i w\u0119giel aktywowany. Jednak na rynku znajdziesz tyle \u015bwietnych produkt\u00f3w, z dobrym sk\u0142adem, \u017ce warto i je przetestowa\u0107. Tym samym przechodzimy do najch\u0119tniej kupowanych maseczek czarnych do twarzy w sklepie Triny!<\/p>\n\n\n\n<h2 class=\"wp-block-heading\">Miejsce 1. Maseczka do twarzy \u2013 Regeneracja, detoksykacja i nawil\u017cenie od Deutus<\/h2>\n\n\n<section class=\"slider-collage-carousel\" data-id=\"6467\"><ul class=\"collage collage-slider\"><li class=\"item\"><a href=\"https:\/\/triny.pl\/6467-duetus-maseczka-do-twarzy.html\" target=\"_blank\"><picture><source srcset=\"https:\/\/static.triny.pl\/img\/p\/2\/0\/5\/4\/0\/20540-thickbox_default.webp\"  type=\"image\/webp\"><source srcset=\"https:\/\/static.triny.pl\/img\/p\/2\/0\/5\/4\/0\/20540-thickbox_default.jpg\"  type=\"image\/jpeg\"><img src=\"https:\/\/triny.pl\/blog\/wp-content\/themes\/triny\/assets\/img\/placeholder-600x600.png\" data-src=\"https:\/\/static.triny.pl\/img\/p\/2\/0\/5\/4\/0\/20540-thickbox_default.jpg\" class=\"tns-lazy-img\" alt=\"Maseczka do twarzy\"><\/picture><div class=\"brand\">Duetus<\/div><div class=\"title\">Maseczka do twarzy<\/div><\/a><a class=\"slider-collage-carousel__btn read-more-button\" href=\"https:\/\/triny.pl\/6467-duetus-maseczka-do-twarzy.html\" target=\"_blank\">Zobacz<\/a><\/li><\/ul><\/section>\n\n\n\n<p>Na pierwszym miejscu znajduje si\u0119 maska oczyszczaj\u0105ca polskiej marki kosmetycznej Deutus, kt\u00f3ra za cel wzi\u0119\u0142a sobie stworzenie linii kosmetyk\u00f3w, kt\u00f3re b\u0119d\u0105 rozwi\u0105zywa\u0107 problemy cery mieszanej. Jej maseczka nie tylko <strong>oczyszcza i pomaga pozby\u0107 si\u0119 niedoskona\u0142o\u015bci, ale te\u017c regeneruje i nawil\u017ca<\/strong>. Zalet\u0105 jest sk\u0142ad pozbawiony substancji dra\u017cni\u0105cych, przez co cera po u\u017cyciu produktu jest przyjemnie od\u015bwie\u017cona i zr\u00f3wnowa\u017cona. W\u015br\u00f3d opinii klientek przewa\u017ca zachwyt nad jej skuteczno\u015bci\u0105, nawet w przypadku cery tr\u0105dzikowej. Maseczka wycisza cer\u0119, zmniejsza stany zapalne i zaczerwienienia, do tego wyr\u00f3wnuje koloryt cery i dzia\u0142a lekko rozja\u015bniaj\u0105co. Zauwa\u017calnie te\u017c zmniejsza widoczno\u015b\u0107 por\u00f3w sk\u00f3rnych.<\/p>\n\n\n\n<p><strong>Co znajdziesz w tej masce?<\/strong><\/p>\n\n\n\n<p>W sk\u0142adzie maseczki jest oczywi\u015bcie w\u0119giel aktywny. Opr\u00f3cz niego mamy olej konopny i zielon\u0105 glink\u0119, kt\u00f3re wzmacniaj\u0105 efekt oczyszczenia. Dodatek kwasu salicylowego sprawia, \u017ce cera odzyskuje \u015bwie\u017cy blask, a ekstrakt z lukrecji g\u0142adkiej, sorbitol i olej z pestek winogron zapewniaj\u0105 efektywne nawil\u017cenie.<\/p>\n\n\n\n<div class=\"wp-block-buttons is-content-justification-center is-layout-flex wp-container-1 wp-block-buttons-is-layout-flex\">\n<div class=\"wp-block-button\"><a class=\"wp-block-button__link wp-element-button\" href=\"https:\/\/triny.pl\/6467-duetus-maseczka-do-twarzy.html\">Sprawd\u017a cen\u0119&nbsp;maseczki<\/a><\/div>\n<\/div>\n\n\n\n<h2 class=\"wp-block-heading\">Miejsce 2. Maseczka przeciw zask\u00f3rnikom \u2013 No More Pores \u2013 Next level od Nacomi<\/h2>\n\n\n<section class=\"slider-collage-carousel\" data-id=\"11581\"><ul class=\"collage collage-slider\"><li class=\"item\"><a href=\"https:\/\/triny.pl\/11581-nacomi-next-level-maseczka-przeciw-zaskornikom-no-more-pores.html\" target=\"_blank\"><picture><source srcset=\"https:\/\/static.triny.pl\/img\/p\/1\/7\/8\/9\/0\/17890-thickbox_default.webp\"  type=\"image\/webp\"><source srcset=\"https:\/\/static.triny.pl\/img\/p\/1\/7\/8\/9\/0\/17890-thickbox_default.jpg\"  type=\"image\/jpeg\"><img src=\"https:\/\/triny.pl\/blog\/wp-content\/themes\/triny\/assets\/img\/placeholder-600x600.png\" data-src=\"https:\/\/static.triny.pl\/img\/p\/1\/7\/8\/9\/0\/17890-thickbox_default.jpg\" class=\"tns-lazy-img\" alt=\"Next level &#8211; Maseczka przeciw zask\u00f3rnikom &#8211; No More Pores\"><\/picture><div class=\"brand\">Nacomi<\/div><div class=\"title\">Next level &#8211; Maseczka przeciw zask\u00f3rnikom &#8211; No More Pores<\/div><\/a><a class=\"slider-collage-carousel__btn read-more-button\" href=\"https:\/\/triny.pl\/11581-nacomi-next-level-maseczka-przeciw-zaskornikom-no-more-pores.html\" target=\"_blank\">Zobacz<\/a><\/li><\/ul><\/section>\n\n\n\n<p>Czarna maska od Nacomi polecana jest do wszystkich rodzaj\u00f3w sk\u00f3ry, zw\u0142aszcza cery t\u0142ustej i zanieczyszczonej. Co ciekawe, nie mamy tu w\u0119gla czarnego, kt\u00f3ry jest kojarzony z tego typu produktem, ale czarn\u0105 glink\u0119, kt\u00f3ra r\u00f3wnie skutecznie odblokowuje pory i oczyszcza cer\u0119. Jest to maseczka, kt\u00f3ra nie zastyga na twarzy \u2013 nale\u017cy j\u0105 zmy\u0107 wod\u0105, przez co znakomicie si\u0119 sprawdzi przy sk\u00f3rze podra\u017cnionej, wymagaj\u0105cej delikatnego traktowania. Klientki w opiniach o maseczce z czarn\u0105 glink\u0105 zaznaczaj\u0105, \u017ce jest skuteczna i <strong>widocznie poprawia wygl\u0105d cery, do tego \u0142adnie pachnie i przyjemnie si\u0119 nak\u0142ada<\/strong>. Przy regularnym stosowaniu wyr\u00f3wnuje cer\u0119 oraz zmniejsza pigmentacj\u0119. Zalet\u0105 jest wygodne i higieniczne opakowanie, kt\u00f3re pozwala wydoby\u0107 dok\u0142adnie tyle produktu, ile potrzebujesz; dodatkowo chroni kosmetyk przed utlenianiem.<\/p>\n\n\n\n<p><strong>Co znajdziesz w tej masce?<\/strong><\/p>\n\n\n\n<p>W sk\u0142adzie mamy same dobroci, kt\u00f3re sprzyjaj\u0105 dok\u0142adnemu oczyszczeniu sk\u00f3ry jak kwas salicylowy i czarna glinka. Dzi\u0119ki dodatkowi witaminy B3 maska dzia\u0142a reguluj\u0105co na gruczo\u0142y \u0142ojowe, przez co cera d\u0142u\u017cej zachowuje \u015bwie\u017cy i matowy wygl\u0105d. Kwas hialuronowy nawil\u017ca i wspiera regeneracj\u0119 nask\u00f3rka. <\/p>\n\n\n\n<div class=\"wp-block-buttons is-content-justification-center is-layout-flex wp-container-2 wp-block-buttons-is-layout-flex\">\n<div class=\"wp-block-button\"><a class=\"wp-block-button__link wp-element-button\" href=\"https:\/\/triny.pl\/11581-nacomi-next-level-maseczka-przeciw-zaskornikom-no-more-pores.html\">Sprawd\u017a cen\u0119&nbsp;maseczki<\/a><\/div>\n<\/div>\n\n\n\n<h2 class=\"wp-block-heading\">Miejsce 3. Czarna maska w\u0119glowa peel off \u2013 G\u0142\u0119bokie oczyszczenie od L\u2019biotica<\/h2>\n\n\n\n<p>Maska zastygaj\u0105ca typu peel off od polskiej firmy L&#8217;biotica nie tylko \u015bwietnie oczyszcza, ale te\u017c bez problemu odchodzi od sk\u00f3ry, przez co nie trzeba je zeskrobywa\u0107 czy domywa\u0107 resztek. Konsystencja jest typowa dla tego rodzaju masek, czyli g\u0119sta, przez co najlepiej nak\u0142ada\u0107 j\u0105 palcami. Polecana jest do ka\u017cdego typu cery, w szczeg\u00f3lno\u015bci do t\u0142ustej i mieszanej ze sk\u0142onno\u015bci\u0105 do wyst\u0119powania zask\u00f3rnik\u00f3w. Maska L&#8217;biotica <strong>pozostawia sk\u00f3r\u0119 matow\u0105, oczyszczon\u0105, wyg\u0142adzon\u0105<\/strong> i gotow\u0105 na przyj\u0119cie dalszych kosmetyk\u00f3w. Na\u0142o\u017cony makija\u017c po zabiegu prezentuje si\u0119 perfekcyjnie \u2013 dzi\u0119ki wyr\u00f3wnanej sk\u00f3rze wszelkie drobne w\u0142oski czy niedoskona\u0142o\u015bci staj\u0105 si\u0119 niewidoczne. Regularnie stosowana poprawia koloryt cery. Dost\u0119pna jest jako pojedyncza saszetka, kt\u00f3ra wystarcza na jedno u\u017cycie.<\/p>\n\n\n\n<p><strong>Co znajdziesz w tej masce?<\/strong><\/p>\n\n\n\n<p>Czarna maseczka nie zawiera paraben\u00f3w i SLS. Za w\u0142a\u015bciwo\u015bci oczyszczaj\u0105ce maseczki odpowiada w\u0119giel bambusowy. Do tego mamy tu cenne ekstrakty ro\u015blinne, kt\u00f3re zapewniaj\u0105 efekt od\u015bwie\u017caj\u0105cy, nawil\u017caj\u0105cy i rozja\u015bniaj\u0105cy. Wystarczy wymieni\u0107: ekstrakt z soku granatu, ekstrakt z korzenia lukrecji g\u0142adkiej, ekstrakt z og\u00f3rka oraz woda z li\u015bci oczaru wirginijskiego.<\/p>\n\n\n\n<div class=\"wp-block-buttons is-content-justification-center is-layout-flex wp-container-3 wp-block-buttons-is-layout-flex\">\n<div class=\"wp-block-button\"><a class=\"wp-block-button__link wp-element-button\">Sprawd\u017a cen\u0119&nbsp;maseczki<\/a><\/div>\n<\/div>\n\n\n\n<h2 class=\"wp-block-heading\">Miejsce 4. Maska peel-off w\u0119glowa \u2013 Oczyszczaj\u0105co-\u015bci\u0105gaj\u0105ca od La-Le Kosmetyki<\/h2>\n\n\n\n<p>W naszym rankingu nie mog\u0142o zabrakn\u0105\u0107 r\u0119cznie wytwarzanej w\u0119glowej maseczki od La-Le Kosmetyki, czyli polskiej marki oferuj\u0105cej kosmetyki wega\u0144skie. Aby u\u017cy\u0107 maski, nale\u017cy j\u0105 rozcie\u0144czy\u0107 wod\u0105, najlepiej sprawdzi si\u0119 tu hydrolat. Nale\u017cy przy tym pilnowa\u0107 g\u0119sto\u015bci maski, aby nie sp\u0142ywa\u0142a z twarzy zanim zastygnie, co mo\u017ce by\u0107 problematyczne dla os\u00f3b, kt\u00f3re maj\u0105 pierwszy raz maj\u0105 z ni\u0105 do czynienia. Je\u015bli chodzi o efekty, to klientki Triny zaznaczaj\u0105, \u017ce jest skuteczna i daje wra\u017cenie dobrze od\u015bwie\u017conej i wyg\u0142adzonej cery.&nbsp; Maska <strong>doskonale oczyszcza, dodatkowo dzia\u0142a \u0142agodz\u0105co<\/strong>. Producent zaznacza, \u017ce przy regularnym stosowaniu czarna maska pomaga pozby\u0107 si\u0119 niedoskona\u0142o\u015bci i paj\u0105czk\u00f3w, a przy tym pomaga zregenerowa\u0107 zniszczon\u0105 sk\u00f3r\u0119.<\/p>\n\n\n\n<p><strong>Co znajdziesz w tej masce?<\/strong><\/p>\n\n\n\n<p>W sk\u0142adzie mamy same dobroci: nawil\u017caj\u0105ce kozie mleko, detoksykuj\u0105ce algi i oczyszczaj\u0105cy w\u0119giel. Dodatek ziemi okrzemkowej sprawia, \u017ce maseczka dzia\u0142a koj\u0105co i pomaga wyeliminowa\u0107 podra\u017cnienia i zaczerwienienia. Maseczka nie zawiera substancji chemicznych, a rol\u0119 perfum odgrywaj\u0105 olejki eteryczne.<\/p>\n\n\n\n<div class=\"wp-block-buttons is-content-justification-center is-layout-flex wp-container-4 wp-block-buttons-is-layout-flex\">\n<div class=\"wp-block-button\"><a class=\"wp-block-button__link wp-element-button\">Sprawd\u017a cen\u0119&nbsp;maseczki<\/a><\/div>\n<\/div>\n\n\n\n<h2 class=\"wp-block-heading\">Miejsce 5. 3-minutowa maseczka wyg\u0142adzaj\u0105ca z aktywnym w\u0119glem kokosowym od Miya<\/h2>\n\n\n\n\n\n\n<p>Kolejnym bestsellerem jest maseczka od polskiej firmy Miya, kt\u00f3re oferuje naturalne kosmetyki. Jest to ekspresowa maseczka do zmywania, kt\u00f3ra w zaledwie 3 minuty <strong>przywraca sk\u00f3rze blask, g\u0142adko\u015b\u0107 i nawil\u017cenie<\/strong>. Przez to znakomicie sprawdzi zw\u0142aszcza po ci\u0119\u017ckim dniu czy na specjalne okazje. Jej zalet\u0105 jest to, \u017ce ma lekk\u0105 konsystencj\u0119, szybko si\u0119 rozprowadza i dobrze zmywa. Nie zapycha por\u00f3w sk\u00f3rnych, dlatego sprawdzi si\u0119 nawet przy cerze zanieczyszczonej i t\u0142ustej. Za skuteczno\u015bci\u0105 czarnej maseczki Miya przemawiaj\u0105 badania: a\u017c 100% os\u00f3b odnotowa\u0142o popraw\u0119 og\u00f3lnego wygl\u0105du i kondycji sk\u00f3ry, 95% potwierdzi\u0142o, \u017ce sk\u00f3ra by\u0142a dobrze oczyszczona z nadmiaru sebum, a 93% os\u00f3b zauwa\u017cy\u0142o popraw\u0119 wyg\u0142adzenia nask\u00f3rka. Przemawiaj\u0105 r\u00f3wnie\u017c opinie klientek o maseczce Miya, kt\u00f3re zaznaczaj\u0105, \u017ce jest ona wydajna, rewelacyjna i robi dok\u0142adnie to, co producent obiecuje.<\/p>\n\n\n\n<p><strong>Co znajdziesz w tej masce?<\/strong><\/p>\n\n\n\n<p>Receptura maseczki bazuje na 95,1% sk\u0142adnikach pochodzenia naturalnego. Nie mamy tu paraben\u00f3w, silikon\u00f3w, parafiny, olej\u00f3w mineralnych, PEG, sztucznych barwnik\u00f3w, glikolu propylenowego. W sk\u0142adzie jest za to aktywny w\u0119giel kokosowy, bia\u0142a glinka, ekstrakt z kwiat\u00f3w rumianku, witamina E, prowitamina B5 oraz olej z pestek winogron.<\/p>\n\n\n\n<div class=\"wp-block-buttons is-content-justification-center is-layout-flex wp-container-5 wp-block-buttons-is-layout-flex\">\n<div class=\"wp-block-button\"><a class=\"wp-block-button__link wp-element-button\" href=\"https:\/\/triny.pl\/9989-miya-3-minutowa-maseczka-wygladzajaca-z-aktywnym-weglem-kokosowym.html\">Sprawd\u017a cen\u0119&nbsp;maseczki<\/a><\/div>\n<\/div>\n\n\n\n<h2 class=\"wp-block-heading\">Miejsce 6. Maska z ekstraktem z pere\u0142 na czarnym p\u0142acie bawe\u0142ny \u2013 Pearl Solution Black Mask od Mizon<\/h2>\n\n\n\n<p>Korea\u0144ska piel\u0119gnacja bazuje na maskach na tkaninie, wi\u0119c nie mog\u0142o zabrakn\u0105\u0107 w naszym zestawieniu czarnej maski w p\u0142achcie od marki Mizon, za kt\u00f3r\u0105 stoj\u0105 eksperci od azjatyckiej piel\u0119gnacji. Jej zalet\u0105 jest to, \u017ce jest gotowa do u\u017cycia i pozwala si\u0119 wyciszy\u0107 po ci\u0119\u017ckim dniu. Maseczka dobrze przylega do sk\u00f3ry i nasyca j\u0105 sk\u0142adnikami od\u017cywczymi, kt\u00f3re sprawiaj\u0105, \u017ce <strong>cera staje si\u0119 nawil\u017cona, g\u0142adka, zrelaksowana i roz\u015bwietlona<\/strong>. Maseczka \u0142agodzi stany zapalne i podra\u017cnienia, a przy regularnym stosowaniu spowalnia procesy starzenia si\u0119 sk\u00f3ry.&nbsp;<\/p>\n\n\n\n<p><strong>Co znajdziesz w tej masce?<\/strong><\/p>\n\n\n\n<p>Czarna tkanina wykonana z bawe\u0142ny i py\u0142u wulkanicznego nasycona jest ekstraktem z pere\u0142, niacynamidem, ekstraktem&nbsp; pachnotki, adenozyn\u0105 i alantoina. To ekstrakt z pere\u0142 jest tu prawdziwym dobrodziejstwem \u2013 wykazuje dzia\u0142anie nawil\u017caj\u0105ce, wyr\u00f3wnuj\u0105ce, reguluj\u0105ce i relaksuj\u0105ce.<\/p>\n\n\n\n<h2 class=\"wp-block-heading\">Miejsce 7. Maska b\u0142otna do twarzy ze spirulin\u0105 od E-FIORE<\/h2>\n\n\n<section class=\"slider-collage-carousel\" data-id=\"8257\"><ul class=\"collage collage-slider\"><li class=\"item\"><a href=\"https:\/\/triny.pl\/8257-efiore-maska-blotna-do-twarzy-ze-spirulina.html\" target=\"_blank\"><picture><source srcset=\"https:\/\/static.triny.pl\/img\/p\/1\/1\/4\/9\/0\/11490-thickbox_default.webp\"  type=\"image\/webp\"><source srcset=\"https:\/\/static.triny.pl\/img\/p\/1\/1\/4\/9\/0\/11490-thickbox_default.jpg\"  type=\"image\/jpeg\"><img src=\"https:\/\/triny.pl\/blog\/wp-content\/themes\/triny\/assets\/img\/placeholder-600x600.png\" data-src=\"https:\/\/static.triny.pl\/img\/p\/1\/1\/4\/9\/0\/11490-thickbox_default.jpg\" class=\"tns-lazy-img\" alt=\"Maska b\u0142otna do twarzy ze spirulin\u0105\"><\/picture><div class=\"brand\">E-FIORE<\/div><div class=\"title\">Maska b\u0142otna do twarzy ze spirulin\u0105<\/div><\/a><a class=\"slider-collage-carousel__btn read-more-button\" href=\"https:\/\/triny.pl\/8257-efiore-maska-blotna-do-twarzy-ze-spirulina.html\" target=\"_blank\">Zobacz<\/a><\/li><\/ul><\/section>\n\n\n\n<p>Szcz\u0119\u015bliwe miejsce w rankingu czarnych masek do twarzy zajmuje marka E-FIORE z jej mask\u0105 na bazie b\u0142ota z Morza Martwego. Jest to maseczka do zmywania, kt\u00f3r\u0105 usuwa si\u0119 z twarzy przy pomocy ciep\u0142ej wody. Wystarczy cienka warstwa, by odczu\u0107 jej wyj\u0105tkowe w\u0142a\u015bciwo\u015bci piel\u0119gnacyjne. Przede wszystkim maska <strong>znakomicie od\u015bwie\u017ca i odblokowuje pory sk\u00f3ry<\/strong>. Do tego silnie nawil\u017ca i koi podra\u017cnienia. Po zabiegu sk\u00f3ra staje si\u0119 przyjemnie wyg\u0142adzona i napi\u0119ta. Atutem kosmetyku jest to, \u017ce ma g\u0119st\u0105 konsystencj\u0119, kt\u00f3r\u0105 dobrze si\u0119 rozprowadza po sk\u00f3rze. Do tego jest wydajny, wi\u0119c wystarcza na d\u0142u\u017cej. Maska sprawdzi si\u0119 szczeg\u00f3lnie w piel\u0119gnacji cery wra\u017cliwej i zm\u0119czonej<\/p>\n\n\n\n<p><strong>Co znajdziesz w tej masce?<\/strong><\/p>\n\n\n\n<p>Jest to maska w 100% naturalna, pozbawiona&nbsp;barwnik\u00f3w, substancji zapachowych i konserwant\u00f3w. Mamy tu czarne b\u0142oto bogate w takie minera\u0142y jak cynk, magnez czy wap\u0144, kt\u00f3re sprzyja redukcji niedoskona\u0142o\u015bci, w tym wyprysk\u00f3w i tr\u0105dziku. Ponadto w sk\u0142adzie jest obecna spirulina, kt\u00f3ra reguluje czynno\u015bci gruczo\u0142\u00f3w \u0142ojowych, poprawia koloryt sk\u00f3ry oraz jej wygl\u0105d. Opr\u00f3cz niej maseczka zawiera cenny olej z opuncji oraz potr\u00f3jny kwas hialuronowy.<\/p>\n\n\n\n<div class=\"wp-block-buttons is-content-justification-center is-layout-flex wp-container-6 wp-block-buttons-is-layout-flex\">\n<div class=\"wp-block-button\"><a class=\"wp-block-button__link wp-element-button\" href=\"https:\/\/triny.pl\/8257-efiore-maska-blotna-do-twarzy-ze-spirulina.html\">Sprawd\u017a cen\u0119&nbsp;maseczki<\/a><\/div>\n<\/div>\n\n\n\n<h2 class=\"wp-block-heading\">Miejsce 8. Detoksykuj\u0105ca maska \u017celowa z w\u0119glem z bambusa i jonizowanym srebrem od APIS<\/h2>\n\n\n\n<p>Czas na co\u015b innego w naszym rankingu, a mianowicie maseczk\u0119 w formie \u017celu, kt\u00f3ra sprawdzi si\u0119 \u015bwietnie przy sk\u00f3rze t\u0142ustej i tr\u0105dzikowej. Jest to propozycja kolejnej polskiej marki w naszym rankingu. APIS w swoich recepturach si\u0119ga po wyci\u0105gi z owoc\u00f3w i ro\u015blin o wysokim potencjale od\u017cywczym i nawil\u017caj\u0105cym, co ma prze\u0142o\u017cenie na znakomite efekty piel\u0119gnacyjne. Czarna maska nie tylko <strong>\u015bwietnie oczyszcza z toksyn, sebum i zanieczyszcze\u0144, ale te\u017c wykazuje dzia\u0142anie bakteriob\u00f3jcze i nawil\u017caj\u0105ce<\/strong>. Dzi\u0119ki ekstraktom ro\u015blinnym od\u015bwie\u017ca i wspomaga regeneracj\u0119 sk\u00f3ry.<\/p>\n\n\n\n<p><strong>Co znajdziesz w tej masce?<\/strong><\/p>\n\n\n\n<p>Czarny kolor maseczce APIS nadaje w\u0119giel z bambusa, kt\u00f3rego oczyszczaj\u0105ce dzia\u0142anie wzbogaca ekstrakt z zielonej herbaty. Produkt zawiera kompleks Hydromanil Tm odpowiedzialny za g\u0142\u0119bokie nawil\u017cenie. Ekstrakt z kiwi, bogaty w witamin\u0119 C, dzia\u0142a regeneruj\u0105co. Maska zawiera jonizowane srebro, kt\u00f3re zabija bakterie odpowiedzialne za powstawanie grudek, krost i zaczerwienionych stan\u00f3w zapalnych.<\/p>\n\n\n\n<h2 class=\"wp-block-heading\">Miejsce 9. Wyg\u0142adzaj\u0105co-oczyszczaj\u0105ca maska do twarzy \u2013 Figa z w\u0119glem od Mokosh<\/h2>\n\n\n<section class=\"slider-collage-carousel\" data-id=\"12427\"><ul class=\"collage collage-slider\"><li class=\"item\"><a href=\"https:\/\/triny.pl\/12427-mokosh-wygladzajaco-oczyszczajaca-maska-do-twarzy-figa-z-weglem.html\" target=\"_blank\"><picture><source srcset=\"https:\/\/static.triny.pl\/img\/p\/2\/0\/4\/9\/8\/20498-thickbox_default.webp\"  type=\"image\/webp\"><source srcset=\"https:\/\/static.triny.pl\/img\/p\/2\/0\/4\/9\/8\/20498-thickbox_default.jpg\"  type=\"image\/jpeg\"><img src=\"https:\/\/triny.pl\/blog\/wp-content\/themes\/triny\/assets\/img\/placeholder-600x600.png\" data-src=\"https:\/\/static.triny.pl\/img\/p\/2\/0\/4\/9\/8\/20498-thickbox_default.jpg\" class=\"tns-lazy-img\" alt=\"Wyg\u0142adzaj\u0105co-oczyszczaj\u0105ca maska do twarzy &#8211; Figa z w\u0119glem\"><\/picture><div class=\"brand\">Mokosh<\/div><div class=\"title\">Wyg\u0142adzaj\u0105co-oczyszczaj\u0105ca maska do twarzy &#8211; Figa z w\u0119glem<\/div><\/a><a class=\"slider-collage-carousel__btn read-more-button\" href=\"https:\/\/triny.pl\/12427-mokosh-wygladzajaco-oczyszczajaca-maska-do-twarzy-figa-z-weglem.html\" target=\"_blank\">Zobacz<\/a><\/li><\/ul><\/section>\n\n\n\n<p>Zbli\u017camy si\u0119 do ko\u0144ca naszego rankingu. Tym razem przedstawiamy wyg\u0142adzaj\u0105c\u0105 maseczk\u0119 do twarzy, kt\u00f3ra zawiera w\u0119giel aktywny pozyskany z recyklingu zgodnie z zasadami zr\u00f3wnowa\u017conego rozwoju. Czarna maseczka Mokosh ju\u017c po jednym u\u017cyciu bardzo dok\u0142adnie oczyszcza sk\u00f3r\u0119 z toksyn i absorbuje nadmiar sebum. Wykazuje te\u017c delikatne dzia\u0142anie z\u0142uszczaj\u0105ce, co <strong>poprawia g\u0142adko\u015b\u0107 sk\u00f3ry oraz wspomaga procesy regeneracyjne nask\u00f3rka<\/strong>. Maska polecana jest do cer wymagaj\u0105cych, w tym t\u0142ustych i mieszanych. Jest to kosmetyk wega\u0144ski. Osoby u\u017cywaj\u0105ce tej maseczki zwracaj\u0105 uwag\u0119, \u017ce cera po niej jest oczyszczona, od\u017cywiona, nawil\u017cona, a przy tym promienieje zdrowym blaskiem.<\/p>\n\n\n\n<p><strong>Co znajdziesz w tej masce?<\/strong><\/p>\n\n\n\n<p>Obok w\u0119gla aktywnego mamy tu kwas mlekowy, sfermentowany ekstrakt z dyni, bioferment z rzodkwi, ekstrakty z kory wierzby i korzenia lukrecji. Do tego oleje ze s\u0142odkich migda\u0142\u00f3w, jojoba oraz hemiskwalan i mleczan sodu. Dodatek soku z aloesu i bisabololu sprawiaj\u0105, \u017ce maseczka wykazuje silne w\u0142a\u015bciwo\u015bci koj\u0105ce.<\/p>\n\n\n\n<div class=\"wp-block-buttons is-content-justification-center is-layout-flex wp-container-7 wp-block-buttons-is-layout-flex\">\n<div class=\"wp-block-button\"><a class=\"wp-block-button__link wp-element-button\" href=\"https:\/\/triny.pl\/12427-mokosh-wygladzajaco-oczyszczajaca-maska-do-twarzy-figa-z-weglem.html\">Sprawd\u017a cen\u0119&nbsp;maseczki<\/a><\/div>\n<\/div>\n\n\n\n<h2 class=\"wp-block-heading\">Miejsce 10. Maska z w\u0119glem aktywnym na czarnym p\u0142acie bawe\u0142ny \u2013 Charcoal Solution Black Mask od Mizon<\/h2>\n\n\n\n<p>Ostatnie miejsce nale\u017cy do marki Mizon. Przy czym warto zaznaczy\u0107, \u017ce ostatnie miejsce w naszym rankingu nie oznacza gorszego jako\u015bciowo produktu. Ponownie mamy tu bawe\u0142nian\u0105 mask\u0119 do twarzy z w\u0119glem aktywnym w formie p\u0142achty gotowej do na\u0142o\u017cenia na twarz. To, co zwraca uwag\u0119, to bogactwo sk\u0142adnik\u00f3w aktywnych, kt\u00f3re sprawiaj\u0105, \u017ce maska <strong>intensywnie oczyszcza, nawil\u017ca, koi i \u0142agodzi, a przy tym wspiera procesy regeneracyjne<\/strong>. Ze wzgl\u0119du na silne w\u0142a\u015bciwo\u015bci absorbuj\u0105ce, oczyszczaj\u0105ce i antybakteryjne maseczka polecana jest sk\u00f3rze t\u0142ustej, z rozszerzonymi porami i problemami z nadmiernym wydzielaniem sebum.<\/p>\n\n\n\n<p><strong>Co znajdziesz w tej masce?<\/strong><\/p>\n\n\n\n<p>Bawe\u0142niana tkanina nas\u0105czona jest w\u0119glem aktywnym, adenozyn\u0105 i alantoin\u0105. Ponadto zawiera betain\u0119, kt\u00f3ra tworzy ochronny film zabezpieczaj\u0105cy przed ucieczk\u0105 wilgoci. Dodatek wyci\u0105gu z kwiat\u00f3w rumianku sprawia, \u017ce maska \u0142agodzi podra\u017cnienia i stany zapalne. Opr\u00f3cz tego w sk\u0142adzie znajdziesz wyci\u0105gi ro\u015blinne, m.in. z portulaki pospolitej, rzepika pospolitego, korzenia lukrecji g\u0142adkiej oraz ekstrakt z zielonej herbaty.<\/p>\n\n\n\n<h2 class=\"wp-block-heading\">Najlepsza czarna maseczka do twarzy \u2013 podsumowanie<\/h2>\n\n\n\n<p>Czarne maseczki do twarzy zdecydowanie podbijaj\u0105 rynek kosmetyczny. Dzi\u0119ki obecno\u015bci r\u00f3\u017cnorodnych sk\u0142adnik\u00f3w wykazuj\u0105 szeroki spektrum dzia\u0142ania. Po zastosowaniu maseczki cera staje si\u0119 oczyszczona, dobrze nawodniona, j\u0119drna i g\u0142adka. Zalet\u0105 jest r\u00f3wnie\u017c to, \u017ce jest dost\u0119pna w niskiej cenie, a przy tym wykazuje wysok\u0105 skuteczno\u015b\u0107. To sprawia, \u017ce jest bardzo popularna i cz\u0119sto wybierana przez nasze klientki.<\/p>\n\n\n\n<p><strong>Mamy nadziej\u0119, \u017ce nasz ranking z 10 najlepszymi maseczkami czarnymi do twarzy pom\u00f3g\u0142 Ci dokona\u0107 w\u0142a\u015bciwego wyboru<\/strong>. Pami\u0119taj, \u017ce rankingi w <a href=\"https:\/\/triny.pl\/\">sklepie Triny<\/a> powstaj\u0105 na bazie do\u015bwiadcze\u0144 kobiet takich jak Ty, tym bardziej zach\u0119camy do dzielenia si\u0119 opiniami o produktach oraz swoim do\u015bwiadczeniem w komentarzach!<\/p>\n","protected":false},"excerpt":{"rendered":"<p>Czarna maseczka jest hitem w piel\u0119gnacji. \u015awietnie oczyszcza, odblokowuje pory, pomaga pozby\u0107 si\u0119 w\u0105gr\u00f3w, pryszczy i zask\u00f3rnik\u00f3w, do tego wyr\u00f3wnuje struktur\u0119&#8230;<\/p>\n","protected":false},"author":21,"featured_media":23060,"comment_status":"open","ping_status":"open","sticky":false,"template":"","format":"standard","meta":{"footnotes":""},"categories":[8092],"tags":[],"acf":[],"yoast_head":"<!-- This site is optimized with the Yoast SEO plugin v21.1 - https:\/\/yoast.com\/wordpress\/plugins\/seo\/ -->\n<title>Czarna maseczka do twarzy - Ranking TOP 10 w 2022 roku<\/title>\n<meta name=\"robots\" content=\"index, follow, max-snippet:-1, max-image-preview:large, max-video-preview:-1\" \/>\n<link rel=\"canonical\" href=\"https:\/\/triny.pl\/blog\/czarna-maseczka-do-twarzy-ranking-top10\/\" \/>\n<meta property=\"og:locale\" content=\"pl_PL\" \/>\n<meta property=\"og:type\" content=\"article\" \/>\n<meta property=\"og:title\" content=\"Czarna maseczka do twarzy - Ranking TOP 10 w 2022 roku\" \/>\n<meta property=\"og:description\" content=\"Czarna maseczka jest hitem w piel\u0119gnacji. \u015awietnie oczyszcza, odblokowuje pory, pomaga pozby\u0107 si\u0119 w\u0105gr\u00f3w, pryszczy i zask\u00f3rnik\u00f3w, do tego wyr\u00f3wnuje struktur\u0119...\" \/>\n<meta property=\"og:url\" content=\"https:\/\/triny.pl\/blog\/czarna-maseczka-do-twarzy-ranking-top10\/\" \/>\n<meta property=\"og:site_name\" content=\"Blog Triny.pl\" \/>\n<meta property=\"article:publisher\" content=\"https:\/\/www.facebook.com\/trinysklep\" \/>\n<meta property=\"article:published_time\" content=\"2022-04-26T06:26:00+00:00\" \/>\n<meta property=\"article:modified_time\" content=\"2023-09-01T08:14:24+00:00\" \/>\n<meta property=\"og:image\" content=\"https:\/\/triny.pl\/blog\/wp-content\/uploads\/2022\/04\/czarna-maseczka.jpeg\" \/>\n\t<meta property=\"og:image:width\" content=\"1200\" \/>\n\t<meta property=\"og:image:height\" content=\"800\" \/>\n\t<meta property=\"og:image:type\" content=\"image\/jpeg\" \/>\n<meta name=\"author\" content=\"Marysia Wajda\" \/>\n<meta name=\"twitter:label1\" content=\"Napisane przez\" \/>\n\t<meta name=\"twitter:data1\" content=\"Marysia Wajda\" \/>\n\t<meta name=\"twitter:label2\" content=\"Szacowany czas czytania\" \/>\n\t<meta name=\"twitter:data2\" content=\"16 minut\" \/>\n<script type=\"application\/ld+json\" class=\"yoast-schema-graph\">{\"@context\":\"https:\/\/schema.org\",\"@graph\":[{\"@type\":\"Article\",\"@id\":\"https:\/\/triny.pl\/blog\/czarna-maseczka-do-twarzy-ranking-top10\/#article\",\"isPartOf\":{\"@id\":\"https:\/\/triny.pl\/blog\/czarna-maseczka-do-twarzy-ranking-top10\/\"},\"author\":{\"name\":\"Marysia Wajda\",\"@id\":\"https:\/\/triny.pl\/blog\/#\/schema\/person\/1f0cf312784bf4debdc7de4be1475777\"},\"headline\":\"Czarna maseczka do twarzy &#8211; Ranking TOP 10 w 2022 roku\",\"datePublished\":\"2022-04-26T06:26:00+00:00\",\"dateModified\":\"2023-09-01T08:14:24+00:00\",\"mainEntityOfPage\":{\"@id\":\"https:\/\/triny.pl\/blog\/czarna-maseczka-do-twarzy-ranking-top10\/\"},\"wordCount\":3155,\"commentCount\":0,\"publisher\":{\"@id\":\"https:\/\/triny.pl\/blog\/#organization\"},\"articleSection\":[\"Ranking kosmetyk\u00f3w\"],\"inLanguage\":\"pl-PL\",\"potentialAction\":[{\"@type\":\"CommentAction\",\"name\":\"Comment\",\"target\":[\"https:\/\/triny.pl\/blog\/czarna-maseczka-do-twarzy-ranking-top10\/#respond\"]}]},{\"@type\":\"WebPage\",\"@id\":\"https:\/\/triny.pl\/blog\/czarna-maseczka-do-twarzy-ranking-top10\/\",\"url\":\"https:\/\/triny.pl\/blog\/czarna-maseczka-do-twarzy-ranking-top10\/\",\"name\":\"Czarna maseczka do twarzy - Ranking TOP 10 w 2022 roku\",\"isPartOf\":{\"@id\":\"https:\/\/triny.pl\/blog\/#website\"},\"datePublished\":\"2022-04-26T06:26:00+00:00\",\"dateModified\":\"2023-09-01T08:14:24+00:00\",\"breadcrumb\":{\"@id\":\"https:\/\/triny.pl\/blog\/czarna-maseczka-do-twarzy-ranking-top10\/#breadcrumb\"},\"inLanguage\":\"pl-PL\",\"potentialAction\":[{\"@type\":\"ReadAction\",\"target\":[\"https:\/\/triny.pl\/blog\/czarna-maseczka-do-twarzy-ranking-top10\/\"]}]},{\"@type\":\"BreadcrumbList\",\"@id\":\"https:\/\/triny.pl\/blog\/czarna-maseczka-do-twarzy-ranking-top10\/#breadcrumb\",\"itemListElement\":[{\"@type\":\"ListItem\",\"position\":1,\"name\":\"Strona g\u0142\u00f3wna\",\"item\":\"https:\/\/triny.pl\/blog\/\"},{\"@type\":\"ListItem\",\"position\":2,\"name\":\"Czarna maseczka do twarzy &#8211; Ranking TOP 10 w 2022 roku\"}]},{\"@type\":\"WebSite\",\"@id\":\"https:\/\/triny.pl\/blog\/#website\",\"url\":\"https:\/\/triny.pl\/blog\/\",\"name\":\"Blog Triny.pl\",\"description\":\"Naturalna piel\u0119gnacja bez tajemnic! Pokazujemy jak dba\u0107 o cia\u0142o i w\u0142osy dla optymalnych, d\u0142ugotrwa\u0142ych efekt\u00f3w. Sprawd\u017a te ma\u0142o znane triki :)\",\"publisher\":{\"@id\":\"https:\/\/triny.pl\/blog\/#organization\"},\"potentialAction\":[{\"@type\":\"SearchAction\",\"target\":{\"@type\":\"EntryPoint\",\"urlTemplate\":\"https:\/\/triny.pl\/blog\/?s={search_term_string}\"},\"query-input\":\"required name=search_term_string\"}],\"inLanguage\":\"pl-PL\"},{\"@type\":\"Organization\",\"@id\":\"https:\/\/triny.pl\/blog\/#organization\",\"name\":\"Triny Sp. z o. o.\",\"url\":\"https:\/\/triny.pl\/blog\/\",\"logo\":{\"@type\":\"ImageObject\",\"inLanguage\":\"pl-PL\",\"@id\":\"https:\/\/triny.pl\/blog\/#\/schema\/logo\/image\/\",\"url\":\"https:\/\/triny.pl\/blog\/wp-content\/uploads\/2020\/08\/logo-triny.png\",\"contentUrl\":\"https:\/\/triny.pl\/blog\/wp-content\/uploads\/2020\/08\/logo-triny.png\",\"width\":190,\"height\":78,\"caption\":\"Triny Sp. z o. o.\"},\"image\":{\"@id\":\"https:\/\/triny.pl\/blog\/#\/schema\/logo\/image\/\"},\"sameAs\":[\"https:\/\/www.facebook.com\/trinysklep\",\"https:\/\/www.instagram.com\/trinysklep\/\",\"https:\/\/pl.pinterest.com\/trinypl\/_created\/\"]},{\"@type\":\"Person\",\"@id\":\"https:\/\/triny.pl\/blog\/#\/schema\/person\/1f0cf312784bf4debdc7de4be1475777\",\"name\":\"Marysia Wajda\",\"description\":\"Cze\u015b\u0107! Nazywam si\u0119 Marysia i jestem wielk\u0105 fank\u0105 naturalnej piel\u0119gnacji. Od dawna stosuj\u0119 wy\u0142\u0105cznie kosmetyki naturalne, zwracaj\u0105c bacznie uwag\u0119 na ich sk\u0142ad. Lubi\u0119 testowa\u0107 nowe produkty oraz rozwi\u0105zania urodowe i ch\u0119tnie si\u0119 podziel\u0119 wynikami moich eksperyment\u00f3w na tym blogu. Staram si\u0119 \u017cy\u0107 w zgodzie z natur\u0105 i w stylu zero waste, wi\u0119c ch\u0119tnie b\u0119d\u0119 przekazywa\u0107 Wam r\u00f3wnie\u017c pomys\u0142y na ponownie wykorzystanie kosmetyk\u00f3w i nie tylko. Zapraszam do obserwowania profilu na Facebooku, w kt\u00f3rym zamieszczane s\u0105 codziennie ciekawostki, porady, najlepsze kosmetyki naturalne: https:\/\/www.facebook.com\/trinysklep\",\"url\":\"https:\/\/triny.pl\/blog\/author\/marysia\/\"}]}<\/script>\n<!-- \/ Yoast SEO plugin. -->","yoast_head_json":{"title":"Czarna maseczka do twarzy - Ranking TOP 10 w 2022 roku","robots":{"index":"index","follow":"follow","max-snippet":"max-snippet:-1","max-image-preview":"max-image-preview:large","max-video-preview":"max-video-preview:-1"},"canonical":"https:\/\/triny.pl\/blog\/czarna-maseczka-do-twarzy-ranking-top10\/","og_locale":"pl_PL","og_type":"article","og_title":"Czarna maseczka do twarzy - Ranking TOP 10 w 2022 roku","og_description":"Czarna maseczka jest hitem w piel\u0119gnacji. \u015awietnie oczyszcza, odblokowuje pory, pomaga pozby\u0107 si\u0119 w\u0105gr\u00f3w, pryszczy i zask\u00f3rnik\u00f3w, do tego wyr\u00f3wnuje struktur\u0119...","og_url":"https:\/\/triny.pl\/blog\/czarna-maseczka-do-twarzy-ranking-top10\/","og_site_name":"Blog Triny.pl","article_publisher":"https:\/\/www.facebook.com\/trinysklep","article_published_time":"2022-04-26T06:26:00+00:00","article_modified_time":"2023-09-01T08:14:24+00:00","og_image":[{"width":1200,"height":800,"url":"https:\/\/triny.pl\/blog\/wp-content\/uploads\/2022\/04\/czarna-maseczka.jpeg","type":"image\/jpeg"}],"author":"Marysia Wajda","twitter_misc":{"Napisane przez":"Marysia Wajda","Szacowany czas czytania":"16 minut"},"schema":{"@context":"https:\/\/schema.org","@graph":[{"@type":"Article","@id":"https:\/\/triny.pl\/blog\/czarna-maseczka-do-twarzy-ranking-top10\/#article","isPartOf":{"@id":"https:\/\/triny.pl\/blog\/czarna-maseczka-do-twarzy-ranking-top10\/"},"author":{"name":"Marysia Wajda","@id":"https:\/\/triny.pl\/blog\/#\/schema\/person\/1f0cf312784bf4debdc7de4be1475777"},"headline":"Czarna maseczka do twarzy &#8211; Ranking TOP 10 w 2022 roku","datePublished":"2022-04-26T06:26:00+00:00","dateModified":"2023-09-01T08:14:24+00:00","mainEntityOfPage":{"@id":"https:\/\/triny.pl\/blog\/czarna-maseczka-do-twarzy-ranking-top10\/"},"wordCount":3155,"commentCount":0,"publisher":{"@id":"https:\/\/triny.pl\/blog\/#organization"},"articleSection":["Ranking kosmetyk\u00f3w"],"inLanguage":"pl-PL","potentialAction":[{"@type":"CommentAction","name":"Comment","target":["https:\/\/triny.pl\/blog\/czarna-maseczka-do-twarzy-ranking-top10\/#respond"]}]},{"@type":"WebPage","@id":"https:\/\/triny.pl\/blog\/czarna-maseczka-do-twarzy-ranking-top10\/","url":"https:\/\/triny.pl\/blog\/czarna-maseczka-do-twarzy-ranking-top10\/","name":"Czarna maseczka do twarzy - Ranking TOP 10 w 2022 roku","isPartOf":{"@id":"https:\/\/triny.pl\/blog\/#website"},"datePublished":"2022-04-26T06:26:00+00:00","dateModified":"2023-09-01T08:14:24+00:00","breadcrumb":{"@id":"https:\/\/triny.pl\/blog\/czarna-maseczka-do-twarzy-ranking-top10\/#breadcrumb"},"inLanguage":"pl-PL","potentialAction":[{"@type":"ReadAction","target":["https:\/\/triny.pl\/blog\/czarna-maseczka-do-twarzy-ranking-top10\/"]}]},{"@type":"BreadcrumbList","@id":"https:\/\/triny.pl\/blog\/czarna-maseczka-do-twarzy-ranking-top10\/#breadcrumb","itemListElement":[{"@type":"ListItem","position":1,"name":"Strona g\u0142\u00f3wna","item":"https:\/\/triny.pl\/blog\/"},{"@type":"ListItem","position":2,"name":"Czarna maseczka do twarzy &#8211; Ranking TOP 10 w 2022 roku"}]},{"@type":"WebSite","@id":"https:\/\/triny.pl\/blog\/#website","url":"https:\/\/triny.pl\/blog\/","name":"Blog Triny.pl","description":"Naturalna piel\u0119gnacja bez tajemnic! Pokazujemy jak dba\u0107 o cia\u0142o i w\u0142osy dla optymalnych, d\u0142ugotrwa\u0142ych efekt\u00f3w. Sprawd\u017a te ma\u0142o znane triki :)","publisher":{"@id":"https:\/\/triny.pl\/blog\/#organization"},"potentialAction":[{"@type":"SearchAction","target":{"@type":"EntryPoint","urlTemplate":"https:\/\/triny.pl\/blog\/?s={search_term_string}"},"query-input":"required name=search_term_string"}],"inLanguage":"pl-PL"},{"@type":"Organization","@id":"https:\/\/triny.pl\/blog\/#organization","name":"Triny Sp. z o. o.","url":"https:\/\/triny.pl\/blog\/","logo":{"@type":"ImageObject","inLanguage":"pl-PL","@id":"https:\/\/triny.pl\/blog\/#\/schema\/logo\/image\/","url":"https:\/\/triny.pl\/blog\/wp-content\/uploads\/2020\/08\/logo-triny.png","contentUrl":"https:\/\/triny.pl\/blog\/wp-content\/uploads\/2020\/08\/logo-triny.png","width":190,"height":78,"caption":"Triny Sp. z o. o."},"image":{"@id":"https:\/\/triny.pl\/blog\/#\/schema\/logo\/image\/"},"sameAs":["https:\/\/www.facebook.com\/trinysklep","https:\/\/www.instagram.com\/trinysklep\/","https:\/\/pl.pinterest.com\/trinypl\/_created\/"]},{"@type":"Person","@id":"https:\/\/triny.pl\/blog\/#\/schema\/person\/1f0cf312784bf4debdc7de4be1475777","name":"Marysia Wajda","description":"Cze\u015b\u0107! Nazywam si\u0119 Marysia i jestem wielk\u0105 fank\u0105 naturalnej piel\u0119gnacji. Od dawna stosuj\u0119 wy\u0142\u0105cznie kosmetyki naturalne, zwracaj\u0105c bacznie uwag\u0119 na ich sk\u0142ad. Lubi\u0119 testowa\u0107 nowe produkty oraz rozwi\u0105zania urodowe i ch\u0119tnie si\u0119 podziel\u0119 wynikami moich eksperyment\u00f3w na tym blogu. Staram si\u0119 \u017cy\u0107 w zgodzie z natur\u0105 i w stylu zero waste, wi\u0119c ch\u0119tnie b\u0119d\u0119 przekazywa\u0107 Wam r\u00f3wnie\u017c pomys\u0142y na ponownie wykorzystanie kosmetyk\u00f3w i nie tylko. Zapraszam do obserwowania profilu na Facebooku, w kt\u00f3rym zamieszczane s\u0105 codziennie ciekawostki, porady, najlepsze kosmetyki naturalne: https:\/\/www.facebook.com\/trinysklep","url":"https:\/\/triny.pl\/blog\/author\/marysia\/"}]}},"voteUp":"3","voteDown":"0","authorInfo":{"photo":"https:\/\/triny.pl\/blog\/wp-content\/themes\/triny\/assets\/img\/default-avatar.jpg","url":"https:\/\/triny.pl\/blog\/author\/marysia\/","name":"Marysia Wajda"},"media":{"full":"https:\/\/triny.pl\/blog\/wp-content\/uploads\/2022\/04\/czarna-maseczka.jpeg","desktop":"https:\/\/triny.pl\/blog\/wp-content\/uploads\/2022\/04\/czarna-maseczka-505x250.jpeg","mobile":"https:\/\/triny.pl\/blog\/wp-content\/uploads\/2022\/04\/czarna-maseczka-375x190.jpeg"},"_links":{"self":[{"href":"https:\/\/triny.pl\/blog\/wp-json\/wp\/v2\/posts\/23058"}],"collection":[{"href":"https:\/\/triny.pl\/blog\/wp-json\/wp\/v2\/posts"}],"about":[{"href":"https:\/\/triny.pl\/blog\/wp-json\/wp\/v2\/types\/post"}],"author":[{"embeddable":true,"href":"https:\/\/triny.pl\/blog\/wp-json\/wp\/v2\/users\/21"}],"replies":[{"embeddable":true,"href":"https:\/\/triny.pl\/blog\/wp-json\/wp\/v2\/comments?post=23058"}],"version-history":[{"count":16,"href":"https:\/\/triny.pl\/blog\/wp-json\/wp\/v2\/posts\/23058\/revisions"}],"predecessor-version":[{"id":27577,"href":"https:\/\/triny.pl\/blog\/wp-json\/wp\/v2\/posts\/23058\/revisions\/27577"}],"wp:featuredmedia":[{"embeddable":true,"href":"https:\/\/triny.pl\/blog\/wp-json\/wp\/v2\/media\/23060"}],"wp:attachment":[{"href":"https:\/\/triny.pl\/blog\/wp-json\/wp\/v2\/media?parent=23058"}],"wp:term":[{"taxonomy":"category","embeddable":true,"href":"https:\/\/triny.pl\/blog\/wp-json\/wp\/v2\/categories?post=23058"},{"taxonomy":"post_tag","embeddable":true,"href":"https:\/\/triny.pl\/blog\/wp-json\/wp\/v2\/tags?post=23058"}],"curies":[{"name":"wp","href":"https:\/\/api.w.org\/{rel}","templated":true}]}}