{"id":24914,"date":"2023-06-13T16:00:48","date_gmt":"2023-06-13T14:00:48","guid":{"rendered":"https:\/\/triny.pl\/blog\/?p=24914"},"modified":"2023-06-26T12:29:45","modified_gmt":"2023-06-26T10:29:45","slug":"kann","status":"publish","type":"post","link":"https:\/\/triny.pl\/blog\/kann\/","title":{"rendered":"Kann"},"content":{"rendered":"\n<p>Kto powiedzia\u0142, \u017ce m\u0119skie kosmetyki nie mog\u0105 by\u0107 jednocze\u015bnie praktyczne i naturalne? Z ca\u0142\u0105 pewno\u015bci\u0105 nie powiedzieli tak tw\u00f3rcy marki KANN oferuj\u0105cej produkty do piel\u0119gnacji dla m\u0119\u017cczyzn. Czerpi\u0105 z wszystkiego, co najlepsze, a mianowicie z substancji ro\u015blinnych jak oleje, olejki eteryczne czy ekstrakty ro\u015blinne. Lekkie kremy do twarzy i pod oczy czy superoczyszczaj\u0105cy \u017cel do mycia twarzy \u2013 to w\u0142a\u015bnie ich kanoniczne produkty.<\/p>\n\n\n\n<h2 class=\"wp-block-heading\">Co oznacza nazwa KANN?<\/h2>\n\n\n\n<p>Tw\u00f3rcy marki od pocz\u0105tku zmagali si\u0119 z pytaniami, dlaczego nazwa nawi\u0105zuje do j\u0119zyka niemieckiego i s\u0142owa \u201ek\u00f6nnen\u201d, czy te\u017c dlaczego jest to inny zapis s\u0142owa \u201epuszka\u201d z j\u0119zyka angielskiego. Prawda jest taka, \u017ce nazwa KANN narodzi\u0142a si\u0119 spontanicznie na wy\u0142\u0105czonych torach, kt\u00f3rymi od lat nie przejecha\u0142 \u017caden poci\u0105g\u2026 I tak naprawd\u0119 nie pochodzi z j\u0119zyk\u00f3w obcych, jest po prostu zlepkiem imion dw\u00f3ch os\u00f3b, kt\u00f3re stwierdzi\u0142y, \u017ce chc\u0105 zrobi\u0107 co\u015b swojego.<\/p>\n\n\n\n<p>Anna i Kacper Po\u0142ochaj\u0142o-Migda to ma\u0142\u017ce\u0144stwo, kt\u00f3re postanowi\u0142o wkroczy\u0107 i zrewolucjonizowa\u0107 m\u0119ski rynek kosmetyczny, tworz\u0105c mark\u0119 KANN. Ona, z wykszta\u0142cenia kosmetolog, zaj\u0119\u0142a si\u0119 przygotowywaniem receptur. On, grafik komputerowy, zacz\u0105\u0142 tworzy\u0107 etykiety i system identyfikacji wizualnej dla kosmetyk\u00f3w. Zadebiutowali ze swoimi autorskimi produktami w drugiej po\u0142owie 2018 roku i okazuje si\u0119, \u017ce to, co robi\u0105, robi\u0105 bardzo dobrze, poniewa\u017c marka KANN zdoby\u0142a Tytu\u0142 Tw\u00f3rc\u00f3w Pi\u0119kna 2018.<\/p>\n\n\n\n<h2 class=\"wp-block-heading\">Polskie kosmetyki dla m\u0119\u017cczyzn<\/h2>\n\n\n\n<p>Ofert\u0119 KANN otwieraj\u0105 produkty niezb\u0119dne w codziennej piel\u0119gnacji twarzy, a mianowicie oczyszczaj\u0105cy \u017cel do mycia twarzy i brody, a tak\u017ce trzy kremy: nawil\u017caj\u0105cy krem na dzie\u0144, od\u017cywczy i regeneruj\u0105cy krem na noc oraz lekki krem pod oczy. Co ciekawe, kosmetyki u\u0142o\u017cone jeden obok drugiego tworz\u0105 napis MAN \u03b1, co odczytuje si\u0119 jako m\u0119\u017cczyzna alfa. Wszystkie kosmetyki maj\u0105 metk\u0119 \u201eMade in Poland\u201d \u2013 w ko\u0144cu tw\u00f3rcy KANN pochodz\u0105 ze \u015awidnicy i stamt\u0105d rozpocz\u0119li swoj\u0105 kosmetyczn\u0105 w\u0119dr\u00f3wk\u0119 po ca\u0142ym kraju.<\/p>\n\n\n\n<p>Bardzo ciekawym faktem jest to, \u017ce kosmetyki KANN maj\u0105 w sk\u0142adzie substancje, kt\u00f3rych na co dzie\u0144 u\u017cywa si\u0119 do produkcji r\u00f3\u017cnego rodzaju alkoholi. Do tego zamkni\u0119te s\u0105 w opakowaniach imituj\u0105cych beczk\u0119, w kt\u00f3rych po opr\u00f3\u017cnieniu mo\u017cna przechowywa\u0107 \u015brubki czy inne m\u0119skie drobiazgi. Nie ma wi\u0119c co ukrywa\u0107 \u2013 zar\u00f3wno pod k\u0105tem wizualnym, jak i sk\u0142adowym niew\u0105tpliwie s\u0105 to najbardziej m\u0119skie kosmetyki w Polsce, a mo\u017ce i na ca\u0142ym \u015bwiecie!<\/p>\n\n\n\n<p><strong>Przeczytaj r\u00f3wnie\u017c:<\/strong><\/p>\n\n\n\n<figure class=\"wp-block-embed is-type-wp-embed is-provider-blog-triny-pl wp-block-embed-blog-triny-pl\"><div class=\"wp-block-embed__wrapper\">\n<blockquote class=\"wp-embedded-content\" data-secret=\"iICNyxYmLM\"><a href=\"https:\/\/triny.pl\/blog\/twoj-facet-tez-moze-byc-eko-naturalna-pielegnacja-meskiej-skory-dlaczego-warto\/\">Naturalna piel\u0119gnacja m\u0119skiej sk\u00f3ry &#8211; dlaczego warto?<\/a><\/blockquote><iframe class=\"wp-embedded-content\" sandbox=\"allow-scripts\" security=\"restricted\" style=\"position: absolute; clip: rect(1px, 1px, 1px, 1px);\" title=\"&#8222;Naturalna piel\u0119gnacja m\u0119skiej sk\u00f3ry &#8211; dlaczego warto?&#8221; &#8212; Blog Triny.pl\" src=\"https:\/\/triny.pl\/blog\/twoj-facet-tez-moze-byc-eko-naturalna-pielegnacja-meskiej-skory-dlaczego-warto\/embed\/#?secret=6fP4NbvCKz#?secret=iICNyxYmLM\" data-secret=\"iICNyxYmLM\" width=\"600\" height=\"338\" frameborder=\"0\" marginwidth=\"0\" marginheight=\"0\" scrolling=\"no\"><\/iframe>\n<\/div><\/figure>\n\n\n\n<h2 class=\"wp-block-heading\">M\u0119skie kremy do zada\u0144 specjalnych od KANN<\/h2>\n\n\n\n<p>Kosmetyki m\u0119skie KANN to produkty do zada\u0144 specjalnych. Dzia\u0142aj\u0105 wielokierunkowo, co umo\u017cliwia selektywne i staranne dobrane sk\u0142adnik\u00f3w aktywnych skoncentrowanych w bogatej formule. Kosmetyki KANN s\u0105 wielosk\u0142adnikowe, przez co czytanie sk\u0142adu u niekt\u00f3rych pan\u00f3w mo\u017ce wywo\u0142a\u0107 zawroty g\u0142owy, ale instrukcja obs\u0142ugi okazuje si\u0119 tu niezwykle prosta i klarowna, poniewa\u017c producent zadba\u0142 o przejrzyste wskaz\u00f3wki i opisanie, co do czego s\u0142u\u017cy, aby nie by\u0142o \u017cadnych niedom\u00f3wie\u0144. Dla u\u0142atwienia na ka\u017cdym opakowaniu produkt\u00f3w KANN znajduje si\u0119 prosta grafika.<\/p>\n\n\n\n<p><strong>Podobne kosmetyki:<\/strong><\/p>\n\n\n<section class=\"slider-collage-carousel\" data-id=\"10504, 8399, 10656, 6539, 10509, 7967, 7130, 12093, 13610, 13350, 7573, 13261, 8423, 13517\"><ul class=\"collage collage-slider\"><li class=\"item\"><a href=\"https:\/\/triny.pl\/10504-laq-maslo-do-twarzy-dla-mezczyzn-dzik.html\" target=\"_blank\"><picture><source srcset=\"https:\/\/static.triny.pl\/img\/p\/1\/5\/3\/8\/0\/15380-thickbox_default.webp\"  type=\"image\/webp\"><source srcset=\"https:\/\/static.triny.pl\/img\/p\/1\/5\/3\/8\/0\/15380-thickbox_default.jpg\"  type=\"image\/jpeg\"><img src=\"https:\/\/triny.pl\/blog\/wp-content\/themes\/triny\/assets\/img\/placeholder-600x600.png\" data-src=\"https:\/\/static.triny.pl\/img\/p\/1\/5\/3\/8\/0\/15380-thickbox_default.jpg\" class=\"tns-lazy-img\" alt=\"Mas\u0142o do twarzy dla m\u0119\u017cczyzn &#8211; Dzik\"><\/picture><div class=\"brand\">LAQ<\/div><div class=\"title\">Mas\u0142o do twarzy dla m\u0119\u017cczyzn &#8211; Dzik<\/div><\/a><a class=\"slider-collage-carousel__btn read-more-button\" href=\"https:\/\/triny.pl\/10504-laq-maslo-do-twarzy-dla-mezczyzn-dzik.html\" target=\"_blank\">Zobacz<\/a><\/li><li class=\"item\"><a href=\"https:\/\/triny.pl\/8399-mydlarnia-cztery-szpaki-olejek-do-brody-brodomir.html\" target=\"_blank\"><picture><source srcset=\"https:\/\/static.triny.pl\/img\/p\/1\/1\/6\/8\/7\/11687-thickbox_default.webp\"  type=\"image\/webp\"><source srcset=\"https:\/\/static.triny.pl\/img\/p\/1\/1\/6\/8\/7\/11687-thickbox_default.jpg\"  type=\"image\/jpeg\"><img src=\"https:\/\/triny.pl\/blog\/wp-content\/themes\/triny\/assets\/img\/placeholder-600x600.png\" data-src=\"https:\/\/static.triny.pl\/img\/p\/1\/1\/6\/8\/7\/11687-thickbox_default.jpg\" class=\"tns-lazy-img\" alt=\"Olejek do brody &#8211; Brodomir\"><\/picture><div class=\"brand\">Mydlarnia Cztery Szpaki<\/div><div class=\"title\">Olejek do brody &#8211; Brodomir<\/div><\/a><a class=\"slider-collage-carousel__btn read-more-button\" href=\"https:\/\/triny.pl\/8399-mydlarnia-cztery-szpaki-olejek-do-brody-brodomir.html\" target=\"_blank\">Zobacz<\/a><\/li><li class=\"item\"><a href=\"https:\/\/triny.pl\/6539-organic-life-balsam-po-goleniu-regenerujacy.html\" target=\"_blank\"><picture><source srcset=\"https:\/\/static.triny.pl\/img\/p\/1\/8\/3\/6\/8\/18368-thickbox_default.webp\"  type=\"image\/webp\"><source srcset=\"https:\/\/static.triny.pl\/img\/p\/1\/8\/3\/6\/8\/18368-thickbox_default.jpg\"  type=\"image\/jpeg\"><img src=\"https:\/\/triny.pl\/blog\/wp-content\/themes\/triny\/assets\/img\/placeholder-600x600.png\" data-src=\"https:\/\/static.triny.pl\/img\/p\/1\/8\/3\/6\/8\/18368-thickbox_default.jpg\" class=\"tns-lazy-img\" alt=\"Balsam po goleniu regeneruj\u0105cy\"><\/picture><div class=\"brand\">Organic Life<\/div><div class=\"title\">Balsam po goleniu regeneruj\u0105cy<\/div><\/a><a class=\"slider-collage-carousel__btn read-more-button\" href=\"https:\/\/triny.pl\/6539-organic-life-balsam-po-goleniu-regenerujacy.html\" target=\"_blank\">Zobacz<\/a><\/li><li class=\"item\"><a href=\"https:\/\/triny.pl\/10509-laq-olejek-do-brody-i-po-goleniu-dzik.html\" target=\"_blank\"><picture><source srcset=\"https:\/\/static.triny.pl\/img\/p\/1\/5\/3\/7\/9\/15379-thickbox_default.webp\"  type=\"image\/webp\"><source srcset=\"https:\/\/static.triny.pl\/img\/p\/1\/5\/3\/7\/9\/15379-thickbox_default.jpg\"  type=\"image\/jpeg\"><img src=\"https:\/\/triny.pl\/blog\/wp-content\/themes\/triny\/assets\/img\/placeholder-600x600.png\" data-src=\"https:\/\/static.triny.pl\/img\/p\/1\/5\/3\/7\/9\/15379-thickbox_default.jpg\" class=\"tns-lazy-img\" alt=\"Olejek do brody i po goleniu &#8211; Dzik\"><\/picture><div class=\"brand\">LAQ<\/div><div class=\"title\">Olejek do brody i po goleniu &#8211; Dzik<\/div><\/a><a class=\"slider-collage-carousel__btn read-more-button\" href=\"https:\/\/triny.pl\/10509-laq-olejek-do-brody-i-po-goleniu-dzik.html\" target=\"_blank\">Zobacz<\/a><\/li><li class=\"item\"><a href=\"https:\/\/triny.pl\/7967-wyrwidab-mydlo-prawdziwych-mezczyzn.html\" target=\"_blank\"><picture><source srcset=\"https:\/\/static.triny.pl\/img\/p\/1\/0\/9\/6\/2\/10962-thickbox_default.webp\"  type=\"image\/webp\"><source srcset=\"https:\/\/static.triny.pl\/img\/p\/1\/0\/9\/6\/2\/10962-thickbox_default.jpg\"  type=\"image\/jpeg\"><img src=\"https:\/\/triny.pl\/blog\/wp-content\/themes\/triny\/assets\/img\/placeholder-600x600.png\" data-src=\"https:\/\/static.triny.pl\/img\/p\/1\/0\/9\/6\/2\/10962-thickbox_default.jpg\" class=\"tns-lazy-img\" alt=\"Wyrwid\u0105b myd\u0142o prawdziwych m\u0119\u017cczyzn\"><\/picture><div class=\"brand\">Mydlarnia Cztery Szpaki<\/div><div class=\"title\">Wyrwid\u0105b myd\u0142o prawdziwych m\u0119\u017cczyzn<\/div><\/a><a class=\"slider-collage-carousel__btn read-more-button\" href=\"https:\/\/triny.pl\/7967-wyrwidab-mydlo-prawdziwych-mezczyzn.html\" target=\"_blank\">Zobacz<\/a><\/li><li class=\"item\"><a href=\"https:\/\/triny.pl\/7130-miodowa-mydlarnia-maslo-do-twarzy-i-ciala-gentleman.html\" target=\"_blank\"><picture><source srcset=\"https:\/\/static.triny.pl\/img\/p\/9\/6\/8\/2\/9682-thickbox_default.webp\"  type=\"image\/webp\"><source srcset=\"https:\/\/static.triny.pl\/img\/p\/9\/6\/8\/2\/9682-thickbox_default.jpg\"  type=\"image\/jpeg\"><img src=\"https:\/\/triny.pl\/blog\/wp-content\/themes\/triny\/assets\/img\/placeholder-600x600.png\" data-src=\"https:\/\/static.triny.pl\/img\/p\/9\/6\/8\/2\/9682-thickbox_default.jpg\" class=\"tns-lazy-img\" alt=\"Mas\u0142o do twarzy i cia\u0142a &#8211; Gentleman\"><\/picture><div class=\"brand\">Miodowa Mydlarnia<\/div><div class=\"title\">Mas\u0142o do twarzy i cia\u0142a &#8211; Gentleman<\/div><\/a><a class=\"slider-collage-carousel__btn read-more-button\" href=\"https:\/\/triny.pl\/7130-miodowa-mydlarnia-maslo-do-twarzy-i-ciala-gentleman.html\" target=\"_blank\">Zobacz<\/a><\/li><li class=\"item\"><a href=\"https:\/\/triny.pl\/12093-orientana-balsam-po-goleniu-bambus-i-tulsi.html\" target=\"_blank\"><picture><source srcset=\"https:\/\/static.triny.pl\/img\/p\/1\/9\/8\/3\/3\/19833-thickbox_default.webp\"  type=\"image\/webp\"><source srcset=\"https:\/\/static.triny.pl\/img\/p\/1\/9\/8\/3\/3\/19833-thickbox_default.jpg\"  type=\"image\/jpeg\"><img src=\"https:\/\/triny.pl\/blog\/wp-content\/themes\/triny\/assets\/img\/placeholder-600x600.png\" data-src=\"https:\/\/static.triny.pl\/img\/p\/1\/9\/8\/3\/3\/19833-thickbox_default.jpg\" class=\"tns-lazy-img\" alt=\"Balsam po goleniu bambus i tulsi\"><\/picture><div class=\"brand\">Orientana<\/div><div class=\"title\">Balsam po goleniu bambus i tulsi<\/div><\/a><a class=\"slider-collage-carousel__btn read-more-button\" href=\"https:\/\/triny.pl\/12093-orientana-balsam-po-goleniu-bambus-i-tulsi.html\" target=\"_blank\">Zobacz<\/a><\/li><li class=\"item\"><a href=\"https:\/\/triny.pl\/13350-laq-olej-po-goleniu-i-do-brody-ryszard-z-bieszczad.html\" target=\"_blank\"><picture><source srcset=\"https:\/\/static.triny.pl\/img\/p\/2\/2\/2\/5\/2\/22252-thickbox_default.webp\"  type=\"image\/webp\"><source srcset=\"https:\/\/static.triny.pl\/img\/p\/2\/2\/2\/5\/2\/22252-thickbox_default.jpg\"  type=\"image\/jpeg\"><img src=\"https:\/\/triny.pl\/blog\/wp-content\/themes\/triny\/assets\/img\/placeholder-600x600.png\" data-src=\"https:\/\/static.triny.pl\/img\/p\/2\/2\/2\/5\/2\/22252-thickbox_default.jpg\" class=\"tns-lazy-img\" alt=\"Olej po goleniu i do brody &#8211; Ryszard z Bieszczad\"><\/picture><div class=\"brand\">LAQ<\/div><div class=\"title\">Olej po goleniu i do brody &#8211; Ryszard z Bieszczad<\/div><\/a><a class=\"slider-collage-carousel__btn read-more-button\" href=\"https:\/\/triny.pl\/13350-laq-olej-po-goleniu-i-do-brody-ryszard-z-bieszczad.html\" target=\"_blank\">Zobacz<\/a><\/li><li class=\"item\"><a href=\"https:\/\/triny.pl\/7573-lale-kosmetyki-hydrolat-meski-rumianek-mieta-lawenda-szalwia.html\" target=\"_blank\"><picture><source srcset=\"https:\/\/static.triny.pl\/img\/p\/1\/0\/5\/1\/9\/10519-thickbox_default.webp\"  type=\"image\/webp\"><source srcset=\"https:\/\/static.triny.pl\/img\/p\/1\/0\/5\/1\/9\/10519-thickbox_default.jpg\"  type=\"image\/jpeg\"><img src=\"https:\/\/triny.pl\/blog\/wp-content\/themes\/triny\/assets\/img\/placeholder-600x600.png\" data-src=\"https:\/\/static.triny.pl\/img\/p\/1\/0\/5\/1\/9\/10519-thickbox_default.jpg\" class=\"tns-lazy-img\" alt=\"Hydrolat m\u0119ski &#8211; Rumianek, mi\u0119ta, lawenda, sza\u0142wia\"><\/picture><div class=\"brand\">La-Le Kosmetyki<\/div><div class=\"title\">Hydrolat m\u0119ski &#8211; Rumianek, mi\u0119ta, lawenda, sza\u0142wia<\/div><\/a><a class=\"slider-collage-carousel__btn read-more-button\" href=\"https:\/\/triny.pl\/7573-lale-kosmetyki-hydrolat-meski-rumianek-mieta-lawenda-szalwia.html\" target=\"_blank\">Zobacz<\/a><\/li><li class=\"item\"><a href=\"https:\/\/triny.pl\/13261-cosnature-kompleksowy-krem-do-twarzy-i-ciala-z-wyciagiem-z-szyszek-chmielu.html\" target=\"_blank\"><picture><source srcset=\"https:\/\/static.triny.pl\/img\/p\/2\/2\/1\/0\/5\/22105-thickbox_default.webp\"  type=\"image\/webp\"><source srcset=\"https:\/\/static.triny.pl\/img\/p\/2\/2\/1\/0\/5\/22105-thickbox_default.jpg\"  type=\"image\/jpeg\"><img src=\"https:\/\/triny.pl\/blog\/wp-content\/themes\/triny\/assets\/img\/placeholder-600x600.png\" data-src=\"https:\/\/static.triny.pl\/img\/p\/2\/2\/1\/0\/5\/22105-thickbox_default.jpg\" class=\"tns-lazy-img\" alt=\"Kompleksowy krem do twarzy i cia\u0142a z wyci\u0105giem z szyszek chmielu\"><\/picture><div class=\"brand\">Cosnature<\/div><div class=\"title\">Kompleksowy krem do twarzy i cia\u0142a z wyci\u0105giem z szyszek chmielu<\/div><\/a><a class=\"slider-collage-carousel__btn read-more-button\" href=\"https:\/\/triny.pl\/13261-cosnature-kompleksowy-krem-do-twarzy-i-ciala-z-wyciagiem-z-szyszek-chmielu.html\" target=\"_blank\">Zobacz<\/a><\/li><li class=\"item\"><a href=\"https:\/\/triny.pl\/8423-laq-pasta-szlifierska-dla-gruboskornych-mezczyzn.html\" target=\"_blank\"><picture><source srcset=\"https:\/\/static.triny.pl\/img\/p\/1\/1\/7\/2\/8\/11728-thickbox_default.webp\"  type=\"image\/webp\"><source srcset=\"https:\/\/static.triny.pl\/img\/p\/1\/1\/7\/2\/8\/11728-thickbox_default.jpg\"  type=\"image\/jpeg\"><img src=\"https:\/\/triny.pl\/blog\/wp-content\/themes\/triny\/assets\/img\/placeholder-600x600.png\" data-src=\"https:\/\/static.triny.pl\/img\/p\/1\/1\/7\/2\/8\/11728-thickbox_default.jpg\" class=\"tns-lazy-img\" alt=\"Kozio\u0142 &#8211; Pasta szlifierska dla grubosk\u00f3rnych m\u0119\u017cczyzn\"><\/picture><div class=\"brand\">LAQ<\/div><div class=\"title\">Kozio\u0142 &#8211; Pasta szlifierska dla grubosk\u00f3rnych m\u0119\u017cczyzn<\/div><\/a><a class=\"slider-collage-carousel__btn read-more-button\" href=\"https:\/\/triny.pl\/8423-laq-pasta-szlifierska-dla-gruboskornych-mezczyzn.html\" target=\"_blank\">Zobacz<\/a><\/li><li class=\"item\"><a href=\"https:\/\/triny.pl\/13517-hagi-naturalny-krem-do-twarzy-przeciwzmarszczkowy-ahoj-kapitanie.html\" target=\"_blank\"><picture><source srcset=\"https:\/\/static.triny.pl\/img\/p\/2\/2\/4\/7\/9\/22479-thickbox_default.webp\"  type=\"image\/webp\"><source srcset=\"https:\/\/static.triny.pl\/img\/p\/2\/2\/4\/7\/9\/22479-thickbox_default.jpg\"  type=\"image\/jpeg\"><img src=\"https:\/\/triny.pl\/blog\/wp-content\/themes\/triny\/assets\/img\/placeholder-600x600.png\" data-src=\"https:\/\/static.triny.pl\/img\/p\/2\/2\/4\/7\/9\/22479-thickbox_default.jpg\" class=\"tns-lazy-img\" alt=\"Naturalny krem do twarzy przeciwzmarszczkowy &#8211; Ahoj kapitanie\"><\/picture><div class=\"brand\">Hagi<\/div><div class=\"title\">Naturalny krem do twarzy przeciwzmarszczkowy &#8211; Ahoj kapitanie<\/div><\/a><a class=\"slider-collage-carousel__btn read-more-button\" href=\"https:\/\/triny.pl\/13517-hagi-naturalny-krem-do-twarzy-przeciwzmarszczkowy-ahoj-kapitanie.html\" target=\"_blank\">Zobacz<\/a><\/li><\/ul><\/section>\n\n\n\n<h2 class=\"wp-block-heading\">Naturalno\u015b\u0107 i uniwersalno\u015b\u0107 przede wszystkim<\/h2>\n\n\n\n<p>Wytwarzaj\u0105c swoje wyj\u0105tkowe wyroby, polski producent kosmetyk\u00f3w si\u0119ga po surowce, kt\u00f3re powszechnie i od wielu lat stosowane s\u0105 w piel\u0119gnacji. Przyk\u0142adem jest w\u0119giel, kt\u00f3ry ma konsystencj\u0119 oleju silnikowego, a wykazuje wyj\u0105tkowe w\u0142a\u015bciwo\u015bci \u2013 dok\u0142adnie oczyszcza, dzia\u0142a antybakteryjnie, a do tego \u0142agodzi i regeneruje nask\u00f3rek, zatem sprawdzi si\u0119 nawet przy podra\u017cnionej sk\u00f3rze, r\u00f3wnie\u017c po goleniu.<\/p>\n\n\n\n<p>W recepturach KANN nie brakuje typowego dla m\u0119skich kosmetyk\u00f3w olejku z drzewa herbacianego o w\u0142a\u015bciwo\u015bciach odka\u017caj\u0105cych, bakteriob\u00f3jczych, czy te\u017c ekstraktu z chmielu, kt\u00f3ry dzia\u0142a oczyszczaj\u0105co i antyseptycznie. Ponadto w sk\u0142adzie znajdziesz takie pozycje jak ekstrakt z kory d\u0119bu bezszypu\u0142kowego, ekstrakt z pokrzywy czy ekstrakt z nasion czarnego pieprzu. A to nie koniec listy! Jednak uspokajamy: ka\u017cdy sk\u0142adnik zosta\u0142 tak dobrany, aby kosmetyki KANN by\u0142y odpowiednie do ka\u017cdego rodzaju sk\u00f3ry, w tym alergicznej i wra\u017cliwej, a przy tym nie powodowa\u0142y podra\u017cnie\u0144. To produkty uniwersalne \u2013 mo\u017cna wypr\u00f3bowa\u0107 je bez obaw o kondycj\u0119 cery.<\/p>\n","protected":false},"excerpt":{"rendered":"<p>Kto powiedzia\u0142, \u017ce m\u0119skie kosmetyki nie mog\u0105 by\u0107 jednocze\u015bnie praktyczne i naturalne? Z ca\u0142\u0105 pewno\u015bci\u0105 nie powiedzieli tak tw\u00f3rcy marki KANN&#8230;<\/p>\n","protected":false},"author":21,"featured_media":26889,"comment_status":"open","ping_status":"open","sticky":false,"template":"","format":"standard","meta":{"footnotes":""},"categories":[8186],"tags":[],"acf":[],"yoast_head":"<!-- This site is optimized with the Yoast SEO plugin v21.1 - https:\/\/yoast.com\/wordpress\/plugins\/seo\/ -->\n<title>Kann<\/title>\n<meta name=\"robots\" content=\"index, follow, max-snippet:-1, max-image-preview:large, max-video-preview:-1\" \/>\n<link rel=\"canonical\" href=\"https:\/\/triny.pl\/blog\/kann\/\" \/>\n<meta property=\"og:locale\" content=\"pl_PL\" \/>\n<meta property=\"og:type\" content=\"article\" \/>\n<meta property=\"og:title\" content=\"Kann\" \/>\n<meta property=\"og:description\" content=\"Kto powiedzia\u0142, \u017ce m\u0119skie kosmetyki nie mog\u0105 by\u0107 jednocze\u015bnie praktyczne i naturalne? Z ca\u0142\u0105 pewno\u015bci\u0105 nie powiedzieli tak tw\u00f3rcy marki KANN...\" \/>\n<meta property=\"og:url\" content=\"https:\/\/triny.pl\/blog\/kann\/\" \/>\n<meta property=\"og:site_name\" content=\"Blog Triny.pl\" \/>\n<meta property=\"article:publisher\" content=\"https:\/\/www.facebook.com\/trinysklep\" \/>\n<meta property=\"article:published_time\" content=\"2023-06-13T14:00:48+00:00\" \/>\n<meta property=\"article:modified_time\" content=\"2023-06-26T10:29:45+00:00\" \/>\n<meta property=\"og:image\" content=\"https:\/\/triny.pl\/blog\/wp-content\/uploads\/2023\/06\/kann.jpeg\" \/>\n\t<meta property=\"og:image:width\" content=\"1200\" \/>\n\t<meta property=\"og:image:height\" content=\"800\" \/>\n\t<meta property=\"og:image:type\" content=\"image\/jpeg\" \/>\n<meta name=\"author\" content=\"Marysia Wajda\" \/>\n<meta name=\"twitter:label1\" content=\"Napisane przez\" \/>\n\t<meta name=\"twitter:data1\" content=\"Marysia Wajda\" \/>\n\t<meta name=\"twitter:label2\" content=\"Szacowany czas czytania\" \/>\n\t<meta name=\"twitter:data2\" content=\"4 minuty\" \/>\n<script type=\"application\/ld+json\" class=\"yoast-schema-graph\">{\"@context\":\"https:\/\/schema.org\",\"@graph\":[{\"@type\":\"Article\",\"@id\":\"https:\/\/triny.pl\/blog\/kann\/#article\",\"isPartOf\":{\"@id\":\"https:\/\/triny.pl\/blog\/kann\/\"},\"author\":{\"name\":\"Marysia Wajda\",\"@id\":\"https:\/\/triny.pl\/blog\/#\/schema\/person\/1f0cf312784bf4debdc7de4be1475777\"},\"headline\":\"Kann\",\"datePublished\":\"2023-06-13T14:00:48+00:00\",\"dateModified\":\"2023-06-26T10:29:45+00:00\",\"mainEntityOfPage\":{\"@id\":\"https:\/\/triny.pl\/blog\/kann\/\"},\"wordCount\":739,\"commentCount\":0,\"publisher\":{\"@id\":\"https:\/\/triny.pl\/blog\/#organization\"},\"articleSection\":[\"S\u0142ownik\"],\"inLanguage\":\"pl-PL\",\"potentialAction\":[{\"@type\":\"CommentAction\",\"name\":\"Comment\",\"target\":[\"https:\/\/triny.pl\/blog\/kann\/#respond\"]}]},{\"@type\":\"WebPage\",\"@id\":\"https:\/\/triny.pl\/blog\/kann\/\",\"url\":\"https:\/\/triny.pl\/blog\/kann\/\",\"name\":\"Kann\",\"isPartOf\":{\"@id\":\"https:\/\/triny.pl\/blog\/#website\"},\"datePublished\":\"2023-06-13T14:00:48+00:00\",\"dateModified\":\"2023-06-26T10:29:45+00:00\",\"breadcrumb\":{\"@id\":\"https:\/\/triny.pl\/blog\/kann\/#breadcrumb\"},\"inLanguage\":\"pl-PL\",\"potentialAction\":[{\"@type\":\"ReadAction\",\"target\":[\"https:\/\/triny.pl\/blog\/kann\/\"]}]},{\"@type\":\"BreadcrumbList\",\"@id\":\"https:\/\/triny.pl\/blog\/kann\/#breadcrumb\",\"itemListElement\":[{\"@type\":\"ListItem\",\"position\":1,\"name\":\"Strona g\u0142\u00f3wna\",\"item\":\"https:\/\/triny.pl\/blog\/\"},{\"@type\":\"ListItem\",\"position\":2,\"name\":\"Kann\"}]},{\"@type\":\"WebSite\",\"@id\":\"https:\/\/triny.pl\/blog\/#website\",\"url\":\"https:\/\/triny.pl\/blog\/\",\"name\":\"Blog Triny.pl\",\"description\":\"Naturalna piel\u0119gnacja bez tajemnic! Pokazujemy jak dba\u0107 o cia\u0142o i w\u0142osy dla optymalnych, d\u0142ugotrwa\u0142ych efekt\u00f3w. Sprawd\u017a te ma\u0142o znane triki :)\",\"publisher\":{\"@id\":\"https:\/\/triny.pl\/blog\/#organization\"},\"potentialAction\":[{\"@type\":\"SearchAction\",\"target\":{\"@type\":\"EntryPoint\",\"urlTemplate\":\"https:\/\/triny.pl\/blog\/?s={search_term_string}\"},\"query-input\":\"required name=search_term_string\"}],\"inLanguage\":\"pl-PL\"},{\"@type\":\"Organization\",\"@id\":\"https:\/\/triny.pl\/blog\/#organization\",\"name\":\"Triny Sp. z o. o.\",\"url\":\"https:\/\/triny.pl\/blog\/\",\"logo\":{\"@type\":\"ImageObject\",\"inLanguage\":\"pl-PL\",\"@id\":\"https:\/\/triny.pl\/blog\/#\/schema\/logo\/image\/\",\"url\":\"https:\/\/triny.pl\/blog\/wp-content\/uploads\/2020\/08\/logo-triny.png\",\"contentUrl\":\"https:\/\/triny.pl\/blog\/wp-content\/uploads\/2020\/08\/logo-triny.png\",\"width\":190,\"height\":78,\"caption\":\"Triny Sp. z o. o.\"},\"image\":{\"@id\":\"https:\/\/triny.pl\/blog\/#\/schema\/logo\/image\/\"},\"sameAs\":[\"https:\/\/www.facebook.com\/trinysklep\",\"https:\/\/www.instagram.com\/trinysklep\/\",\"https:\/\/pl.pinterest.com\/trinypl\/_created\/\"]},{\"@type\":\"Person\",\"@id\":\"https:\/\/triny.pl\/blog\/#\/schema\/person\/1f0cf312784bf4debdc7de4be1475777\",\"name\":\"Marysia Wajda\",\"description\":\"Cze\u015b\u0107! Nazywam si\u0119 Marysia i jestem wielk\u0105 fank\u0105 naturalnej piel\u0119gnacji. Od dawna stosuj\u0119 wy\u0142\u0105cznie kosmetyki naturalne, zwracaj\u0105c bacznie uwag\u0119 na ich sk\u0142ad. Lubi\u0119 testowa\u0107 nowe produkty oraz rozwi\u0105zania urodowe i ch\u0119tnie si\u0119 podziel\u0119 wynikami moich eksperyment\u00f3w na tym blogu. Staram si\u0119 \u017cy\u0107 w zgodzie z natur\u0105 i w stylu zero waste, wi\u0119c ch\u0119tnie b\u0119d\u0119 przekazywa\u0107 Wam r\u00f3wnie\u017c pomys\u0142y na ponownie wykorzystanie kosmetyk\u00f3w i nie tylko. Zapraszam do obserwowania profilu na Facebooku, w kt\u00f3rym zamieszczane s\u0105 codziennie ciekawostki, porady, najlepsze kosmetyki naturalne: https:\/\/www.facebook.com\/trinysklep\",\"url\":\"https:\/\/triny.pl\/blog\/author\/marysia\/\"}]}<\/script>\n<!-- \/ Yoast SEO plugin. -->","yoast_head_json":{"title":"Kann","robots":{"index":"index","follow":"follow","max-snippet":"max-snippet:-1","max-image-preview":"max-image-preview:large","max-video-preview":"max-video-preview:-1"},"canonical":"https:\/\/triny.pl\/blog\/kann\/","og_locale":"pl_PL","og_type":"article","og_title":"Kann","og_description":"Kto powiedzia\u0142, \u017ce m\u0119skie kosmetyki nie mog\u0105 by\u0107 jednocze\u015bnie praktyczne i naturalne? Z ca\u0142\u0105 pewno\u015bci\u0105 nie powiedzieli tak tw\u00f3rcy marki KANN...","og_url":"https:\/\/triny.pl\/blog\/kann\/","og_site_name":"Blog Triny.pl","article_publisher":"https:\/\/www.facebook.com\/trinysklep","article_published_time":"2023-06-13T14:00:48+00:00","article_modified_time":"2023-06-26T10:29:45+00:00","og_image":[{"width":1200,"height":800,"url":"https:\/\/triny.pl\/blog\/wp-content\/uploads\/2023\/06\/kann.jpeg","type":"image\/jpeg"}],"author":"Marysia Wajda","twitter_misc":{"Napisane przez":"Marysia Wajda","Szacowany czas czytania":"4 minuty"},"schema":{"@context":"https:\/\/schema.org","@graph":[{"@type":"Article","@id":"https:\/\/triny.pl\/blog\/kann\/#article","isPartOf":{"@id":"https:\/\/triny.pl\/blog\/kann\/"},"author":{"name":"Marysia Wajda","@id":"https:\/\/triny.pl\/blog\/#\/schema\/person\/1f0cf312784bf4debdc7de4be1475777"},"headline":"Kann","datePublished":"2023-06-13T14:00:48+00:00","dateModified":"2023-06-26T10:29:45+00:00","mainEntityOfPage":{"@id":"https:\/\/triny.pl\/blog\/kann\/"},"wordCount":739,"commentCount":0,"publisher":{"@id":"https:\/\/triny.pl\/blog\/#organization"},"articleSection":["S\u0142ownik"],"inLanguage":"pl-PL","potentialAction":[{"@type":"CommentAction","name":"Comment","target":["https:\/\/triny.pl\/blog\/kann\/#respond"]}]},{"@type":"WebPage","@id":"https:\/\/triny.pl\/blog\/kann\/","url":"https:\/\/triny.pl\/blog\/kann\/","name":"Kann","isPartOf":{"@id":"https:\/\/triny.pl\/blog\/#website"},"datePublished":"2023-06-13T14:00:48+00:00","dateModified":"2023-06-26T10:29:45+00:00","breadcrumb":{"@id":"https:\/\/triny.pl\/blog\/kann\/#breadcrumb"},"inLanguage":"pl-PL","potentialAction":[{"@type":"ReadAction","target":["https:\/\/triny.pl\/blog\/kann\/"]}]},{"@type":"BreadcrumbList","@id":"https:\/\/triny.pl\/blog\/kann\/#breadcrumb","itemListElement":[{"@type":"ListItem","position":1,"name":"Strona g\u0142\u00f3wna","item":"https:\/\/triny.pl\/blog\/"},{"@type":"ListItem","position":2,"name":"Kann"}]},{"@type":"WebSite","@id":"https:\/\/triny.pl\/blog\/#website","url":"https:\/\/triny.pl\/blog\/","name":"Blog Triny.pl","description":"Naturalna piel\u0119gnacja bez tajemnic! Pokazujemy jak dba\u0107 o cia\u0142o i w\u0142osy dla optymalnych, d\u0142ugotrwa\u0142ych efekt\u00f3w. Sprawd\u017a te ma\u0142o znane triki :)","publisher":{"@id":"https:\/\/triny.pl\/blog\/#organization"},"potentialAction":[{"@type":"SearchAction","target":{"@type":"EntryPoint","urlTemplate":"https:\/\/triny.pl\/blog\/?s={search_term_string}"},"query-input":"required name=search_term_string"}],"inLanguage":"pl-PL"},{"@type":"Organization","@id":"https:\/\/triny.pl\/blog\/#organization","name":"Triny Sp. z o. o.","url":"https:\/\/triny.pl\/blog\/","logo":{"@type":"ImageObject","inLanguage":"pl-PL","@id":"https:\/\/triny.pl\/blog\/#\/schema\/logo\/image\/","url":"https:\/\/triny.pl\/blog\/wp-content\/uploads\/2020\/08\/logo-triny.png","contentUrl":"https:\/\/triny.pl\/blog\/wp-content\/uploads\/2020\/08\/logo-triny.png","width":190,"height":78,"caption":"Triny Sp. z o. o."},"image":{"@id":"https:\/\/triny.pl\/blog\/#\/schema\/logo\/image\/"},"sameAs":["https:\/\/www.facebook.com\/trinysklep","https:\/\/www.instagram.com\/trinysklep\/","https:\/\/pl.pinterest.com\/trinypl\/_created\/"]},{"@type":"Person","@id":"https:\/\/triny.pl\/blog\/#\/schema\/person\/1f0cf312784bf4debdc7de4be1475777","name":"Marysia Wajda","description":"Cze\u015b\u0107! Nazywam si\u0119 Marysia i jestem wielk\u0105 fank\u0105 naturalnej piel\u0119gnacji. Od dawna stosuj\u0119 wy\u0142\u0105cznie kosmetyki naturalne, zwracaj\u0105c bacznie uwag\u0119 na ich sk\u0142ad. Lubi\u0119 testowa\u0107 nowe produkty oraz rozwi\u0105zania urodowe i ch\u0119tnie si\u0119 podziel\u0119 wynikami moich eksperyment\u00f3w na tym blogu. Staram si\u0119 \u017cy\u0107 w zgodzie z natur\u0105 i w stylu zero waste, wi\u0119c ch\u0119tnie b\u0119d\u0119 przekazywa\u0107 Wam r\u00f3wnie\u017c pomys\u0142y na ponownie wykorzystanie kosmetyk\u00f3w i nie tylko. Zapraszam do obserwowania profilu na Facebooku, w kt\u00f3rym zamieszczane s\u0105 codziennie ciekawostki, porady, najlepsze kosmetyki naturalne: https:\/\/www.facebook.com\/trinysklep","url":"https:\/\/triny.pl\/blog\/author\/marysia\/"}]}},"voteUp":"0","voteDown":"0","authorInfo":{"photo":"https:\/\/triny.pl\/blog\/wp-content\/themes\/triny\/assets\/img\/default-avatar.jpg","url":"https:\/\/triny.pl\/blog\/author\/marysia\/","name":"Marysia Wajda"},"media":{"full":"https:\/\/triny.pl\/blog\/wp-content\/uploads\/2023\/06\/kann.jpeg","desktop":"https:\/\/triny.pl\/blog\/wp-content\/uploads\/2023\/06\/kann-505x250.jpeg","mobile":"https:\/\/triny.pl\/blog\/wp-content\/uploads\/2023\/06\/kann-375x190.jpeg"},"_links":{"self":[{"href":"https:\/\/triny.pl\/blog\/wp-json\/wp\/v2\/posts\/24914"}],"collection":[{"href":"https:\/\/triny.pl\/blog\/wp-json\/wp\/v2\/posts"}],"about":[{"href":"https:\/\/triny.pl\/blog\/wp-json\/wp\/v2\/types\/post"}],"author":[{"embeddable":true,"href":"https:\/\/triny.pl\/blog\/wp-json\/wp\/v2\/users\/21"}],"replies":[{"embeddable":true,"href":"https:\/\/triny.pl\/blog\/wp-json\/wp\/v2\/comments?post=24914"}],"version-history":[{"count":2,"href":"https:\/\/triny.pl\/blog\/wp-json\/wp\/v2\/posts\/24914\/revisions"}],"predecessor-version":[{"id":26890,"href":"https:\/\/triny.pl\/blog\/wp-json\/wp\/v2\/posts\/24914\/revisions\/26890"}],"wp:featuredmedia":[{"embeddable":true,"href":"https:\/\/triny.pl\/blog\/wp-json\/wp\/v2\/media\/26889"}],"wp:attachment":[{"href":"https:\/\/triny.pl\/blog\/wp-json\/wp\/v2\/media?parent=24914"}],"wp:term":[{"taxonomy":"category","embeddable":true,"href":"https:\/\/triny.pl\/blog\/wp-json\/wp\/v2\/categories?post=24914"},{"taxonomy":"post_tag","embeddable":true,"href":"https:\/\/triny.pl\/blog\/wp-json\/wp\/v2\/tags?post=24914"}],"curies":[{"name":"wp","href":"https:\/\/api.w.org\/{rel}","templated":true}]}}