{"id":24922,"date":"2023-06-05T16:02:21","date_gmt":"2023-06-05T14:02:21","guid":{"rendered":"https:\/\/triny.pl\/blog\/?p=24922"},"modified":"2023-09-06T11:07:35","modified_gmt":"2023-09-06T09:07:35","slug":"moja-farma-urody","status":"publish","type":"post","link":"https:\/\/triny.pl\/blog\/moja-farma-urody\/","title":{"rendered":"Moja Farma Urody"},"content":{"rendered":"\n<p>Kosmetyki Moja Farma Urody powstaj\u0105 z sok\u00f3w, owoc\u00f3w, warzyw, zi\u00f3\u0142, nasion oraz \u015bwie\u017cych olej\u00f3w. Powstaj\u0105 niespiesznie w\u015br\u00f3d ekologicznych, pi\u0119knych podlaskich \u0142\u0105k, p\u00f3l i las\u00f3w po\u0142o\u017conych na obszarze Natura 2000.<\/p>\n\n\n\n<p>Zapraszamy na podlaskie \u0142\u0105ki, na kt\u00f3rych \u0142agodnie szumi wiatr, a delikatne promienie s\u0142o\u0144ca rozpieszczaj\u0105 sk\u00f3r\u0119, kiedy Ty rozkoszujesz si\u0119 zapachem \u015bwie\u017co skoszonej trawy. Oprowadzi Ci\u0119 Monika oraz Marta, dwie siostry, kt\u00f3re stoj\u0105 za polsk\u0105 mark\u0105 Moja Farma Urody i naturalnymi kosmetykami powstaj\u0105cymi wy\u0142\u0105cznie na bazie rodzinnych zielarskich receptur.<\/p>\n\n\n\n<h2 class=\"wp-block-heading\">Kosmetyki z Puszczy Bia\u0142owieskiej<\/h2>\n\n\n\n<p><strong>Polskie kosmetyki Moja Farma Urody<\/strong>&nbsp;wytwarzane s\u0105 wed\u0142ug receptur przygotowanych przez Monik\u0119 G\u00f3rsk\u0105, kt\u00f3ra czerpie z pokoleniowej, rodzinnej wiedzy o zielarstwie i zio\u0142olecznictwie. Co istotne, baz\u0105 kosmetyk\u00f3w s\u0105 wy\u0142\u0105cznie \u015bwie\u017ce ro\u015bliny \u2013 zio\u0142a, kwiaty, warzywa i owoce \u2013 z otuliny Puszczy Bia\u0142owieskiej. Kluczem jest tu&nbsp;<strong>ekologiczna manufaktura<\/strong>, na kt\u00f3rej rz\u0105dzi spok\u00f3j i powolny rytm, co jest niezb\u0119dne, aby ro\u015bliny ros\u0142y zgodnie ze swoimi naturalnym zegarem, niepospieszane przez cz\u0142owieka. Rezultatem takiego podej\u015bcia jest oferta z kosmetykami naturalnymi, kt\u00f3re wyr\u00f3\u017cniaj\u0105 si\u0119 unikalnym sk\u0142adem i wyj\u0105tkowymi w\u0142a\u015bciwo\u015bciami piel\u0119gnacyjnymi.<\/p>\n\n\n\n<h2 class=\"wp-block-heading\">Moja Farma Urody \u2013 nakarm sk\u00f3r\u0119 naturalnym pi\u0119knem<\/h2>\n\n\n\n<p>Monik\u0119 w pomys\u0142ach wspiera Marta, jej siostra. Obie wierz\u0105, \u017ce tylko nasycenie sk\u00f3ry substancjami p\u0142yn\u0105cymi z jadalnych ro\u015blin gwarantuje \u015bwietne efekty. S\u0105 przekonane, \u017ce sk\u00f3ra jako bardzo du\u017cy organ jest w stanie wch\u0142on\u0105\u0107 nawet 70 procent tego, co na ni\u0105 na\u0142o\u017cysz. Dlatego stawiaj\u0105 na tak zwane naturalne po\u017cywienie dla sk\u00f3ry. Maliny, jagody, truskawki, jarmu\u017c, pokrzywa, marchew, broku\u0142y \u2013 to tylko niekt\u00f3re ze stosowanych w kosmetykach Moja Farma Urody owoc\u00f3w i warzyw. Wymienione sk\u0142adniki wyr\u00f3\u017cniaj\u0105 si\u0119 ciekawym i bogatym sk\u0142adem, s\u0105 pe\u0142ne witamin, minera\u0142\u00f3w, aminokwas\u00f3w, antyoksydant\u00f3w, flawonoid\u00f3w, a jednocze\u015bnie pomagaj\u0105 zadba\u0107 o sk\u00f3r\u0119. Dzi\u0119ki temu w ka\u017cdej okazji i przy ka\u017cdym \u015bwietle Twoja cera b\u0119dzie wygl\u0105da\u0107 perfekcyjnie, nawet bez makija\u017cu.<\/p>\n\n\n\n<h2 class=\"wp-block-heading\">Allelopatia i rolnictwo ekologiczne<\/h2>\n\n\n\n<p><strong>Moja Farma Urody do ochrony ro\u015blin stosuje wy\u0142\u0105cznie tworzone w\u0142asnor\u0119cznie wyci\u0105gi z pokrzywy i skrzypu, do tego u\u017cywa ekologicznych nasion warzyw i zi\u00f3\u0142<\/strong>. Jest to o tyle wa\u017cne, bo ca\u0142y zbi\u00f3r odbywa si\u0119 w zgodzie z natur\u0105 i marka bazuje na starodawnej wiedzy o wzajemnym dzia\u0142aniu na siebie ro\u015blin, tak zwanej allelopatii. To nie tylko wiedza, jakie ro\u015bliny sia\u0107 obok siebie, ale te\u017c \u015bwiadomo\u015b\u0107, jakie substancje dzia\u0142aj\u0105 na nie dobroczynnie. Takie podej\u015bcie jest gwarancj\u0105, \u017ce pozyskane w ogrodzie zielarsko-warzywnym wyci\u0105gi do kosmetyk\u00f3w Moja Farma Urody maj\u0105 pe\u0142n\u0105 moc piel\u0119gnacyjn\u0105!<\/p>\n\n\n\n<p>Rytm natury to nie tylko stosowanie przyjaznych \u015brodk\u00f3w ochronnych, ale te\u017c uprawianie ogrodu zgodnie z kalendarzem biodynamicznym, kt\u00f3ry okre\u015bla termin przygotowania gleby, sadzenia, piel\u0119gnacji i zbior\u00f3w wed\u0142ug cykli ksi\u0119\u017cyca.<\/p>\n\n\n\n<p><strong>Polska marka kosmetyczna Moja Farma Urody bardzo mocno anga\u017cuje si\u0119 w dba\u0142o\u015b\u0107 o natur\u0119 i \u015brodowisko<\/strong>, chroni r\u00f3wnie\u017c ptaki i inne gatunki zwierz\u0105t, kt\u00f3re przebywaj\u0105 na terenie rodzinnej farmy. Ch\u0119tnie si\u0119 te\u017c dzieli swoim do\u015bwiadczeniem i otoczeniem, poniewa\u017c wsp\u00f3\u0142pracuje z uczelniami i przez to wielu doktorant\u00f3w korzysta z pi\u0119knie zielonych i zamieszka\u0142ych przez r\u00f3\u017cne zwierz\u0119ta teren\u00f3w, by przeprowadzi\u0107 badania naukowe.<\/p>\n\n\n\n<h2 class=\"wp-block-heading\">Jedyny w Polsce producent oct\u00f3w zio\u0142owych do piel\u0119gnacji<\/h2>\n\n\n\n<p>Oferta marki Moja Farma Urody stale si\u0119 rozszerza. Zacz\u0119\u0142a od takich sta\u0142ych produkt\u00f3w jak toniki do piel\u0119gnacji poszczeg\u00f3lnych typ\u00f3w cery. Mamy wi\u0119c \u0142agodz\u0105cy tonik do cery wra\u017cliwej, tonik nawil\u017caj\u0105cy do cery normalnej i suchej, a tak\u017ce liftinguj\u0105cy tonik, z kt\u00f3rego pomoc\u0105 wyg\u0142adzisz sk\u00f3r\u0119 i zahamujesz proces powstawania nowych zmarszczek. Opr\u00f3cz tonik\u00f3w i olej\u00f3w upi\u0119kszaj\u0105cych, czyli skoncentrowanych zio\u0142owych eliksir\u00f3w, kt\u00f3re wspaniale wyg\u0142adzaj\u0105, napinaj\u0105 i od\u017cywiaj\u0105, marka Moja Farma Urody postawi\u0142a r\u00f3wnie\u017c na piel\u0119gnacj\u0119 od wewn\u0105trz. Chodzi o octy zio\u0142owe, kt\u00f3re witaminizuj\u0105 organizm od \u015brodka. Jakie jest ich zadanie? Szybkie od\u017cywienie, dodanie witamin w naturalny spos\u00f3b, przyspieszenie regeneracji i poprawa elastyczno\u015bci. Dlatego octy r\u00f3wnie\u017c bazuj\u0105 na samych zio\u0142ach lub maj\u0105 niewielki dodatek warzyw, kt\u00f3re wzmacniaj\u0105 ich dzia\u0142anie.<\/p>\n\n\n\n<p><strong>Co wa\u017cne, Moja Farma Urody to prawdopodobnie pierwszy producent oct\u00f3w tego typu w Polsce, a mo\u017ce i w ca\u0142ej Europie.<\/strong><\/p>\n\n\n\n<p><strong>Podobne produkty:<\/strong><\/p>\n\n\n<section class=\"slider-collage-carousel\" data-id=\"11706, 6933, 11624, 9835, 10987, 11724\"><ul class=\"collage collage-slider\"><li class=\"item\"><a href=\"https:\/\/triny.pl\/11706-fitomed-tonik-do-twarzy-cera-tlusta.html\" target=\"_blank\"><picture><source srcset=\"https:\/\/static.triny.pl\/img\/p\/1\/8\/8\/2\/6\/18826-thickbox_default.webp\"  type=\"image\/webp\"><source srcset=\"https:\/\/static.triny.pl\/img\/p\/1\/8\/8\/2\/6\/18826-thickbox_default.jpg\"  type=\"image\/jpeg\"><img src=\"https:\/\/triny.pl\/blog\/wp-content\/themes\/triny\/assets\/img\/placeholder-600x600.png\" data-src=\"https:\/\/static.triny.pl\/img\/p\/1\/8\/8\/2\/6\/18826-thickbox_default.jpg\" class=\"tns-lazy-img\" alt=\"Tonik do twarzy &#8211; Sza\u0142wia i nagietek &#8211;  cera t\u0142usta\"><\/picture><div class=\"brand\">Fitomed<\/div><div class=\"title\">Tonik do twarzy &#8211; Sza\u0142wia i nagietek &#8211;  cera t\u0142usta<\/div><\/a><a class=\"slider-collage-carousel__btn read-more-button\" href=\"https:\/\/triny.pl\/11706-fitomed-tonik-do-twarzy-cera-tlusta.html\" target=\"_blank\">Zobacz<\/a><\/li><li class=\"item\"><a href=\"https:\/\/triny.pl\/6933-polny-warkocz-nawilzajaca-esencja-z-mleczkiem-pszczelim-tonik-do-cery-suchej.html\" target=\"_blank\"><picture><source srcset=\"https:\/\/static.triny.pl\/img\/p\/9\/3\/5\/1\/9351-thickbox_default.webp\"  type=\"image\/webp\"><source srcset=\"https:\/\/static.triny.pl\/img\/p\/9\/3\/5\/1\/9351-thickbox_default.jpg\"  type=\"image\/jpeg\"><img src=\"https:\/\/triny.pl\/blog\/wp-content\/themes\/triny\/assets\/img\/placeholder-600x600.png\" data-src=\"https:\/\/static.triny.pl\/img\/p\/9\/3\/5\/1\/9351-thickbox_default.jpg\" class=\"tns-lazy-img\" alt=\"Nawil\u017caj\u0105ca esencja z mleczkiem pszczelim &#8211; Tonik do cery suchej\"><\/picture><div class=\"brand\">Polny Warkocz<\/div><div class=\"title\">Nawil\u017caj\u0105ca esencja z mleczkiem pszczelim &#8211; Tonik do cery suchej<\/div><\/a><a class=\"slider-collage-carousel__btn read-more-button\" href=\"https:\/\/triny.pl\/6933-polny-warkocz-nawilzajaca-esencja-z-mleczkiem-pszczelim-tonik-do-cery-suchej.html\" target=\"_blank\">Zobacz<\/a><\/li><li class=\"item\"><a href=\"https:\/\/triny.pl\/9835-czarna-porzeczka-slonecznik-tonik-do-twarzy-nawilzajacy.html\" target=\"_blank\"><picture><source srcset=\"https:\/\/static.triny.pl\/img\/p\/1\/8\/4\/2\/0\/18420-thickbox_default.webp\"  type=\"image\/webp\"><source srcset=\"https:\/\/static.triny.pl\/img\/p\/1\/8\/4\/2\/0\/18420-thickbox_default.jpg\"  type=\"image\/jpeg\"><img src=\"https:\/\/triny.pl\/blog\/wp-content\/themes\/triny\/assets\/img\/placeholder-600x600.png\" data-src=\"https:\/\/static.triny.pl\/img\/p\/1\/8\/4\/2\/0\/18420-thickbox_default.jpg\" class=\"tns-lazy-img\" alt=\"Tonik do twarzy nawil\u017caj\u0105cy\"><\/picture><div class=\"brand\">Czarna porzeczka & S\u0142onecznik<\/div><div class=\"title\">Tonik do twarzy nawil\u017caj\u0105cy<\/div><\/a><a class=\"slider-collage-carousel__btn read-more-button\" href=\"https:\/\/triny.pl\/9835-czarna-porzeczka-slonecznik-tonik-do-twarzy-nawilzajacy.html\" target=\"_blank\">Zobacz<\/a><\/li><li class=\"item\"><a href=\"https:\/\/triny.pl\/11724-biolaven-tonik-do-wlosow-i-skory-glowy-z-octem-winogronowym.html\" target=\"_blank\"><picture><source srcset=\"https:\/\/static.triny.pl\/img\/p\/2\/2\/6\/2\/3\/22623-thickbox_default.webp\"  type=\"image\/webp\"><source srcset=\"https:\/\/static.triny.pl\/img\/p\/2\/2\/6\/2\/3\/22623-thickbox_default.jpg\"  type=\"image\/jpeg\"><img src=\"https:\/\/triny.pl\/blog\/wp-content\/themes\/triny\/assets\/img\/placeholder-600x600.png\" data-src=\"https:\/\/static.triny.pl\/img\/p\/2\/2\/6\/2\/3\/22623-thickbox_default.jpg\" class=\"tns-lazy-img\" alt=\"Tonik do w\u0142os\u00f3w i sk\u00f3ry g\u0142owy z octem winogronowym\"><\/picture><div class=\"brand\">Biolaven<\/div><div class=\"title\">Tonik do w\u0142os\u00f3w i sk\u00f3ry g\u0142owy z octem winogronowym<\/div><\/a><a class=\"slider-collage-carousel__btn read-more-button\" href=\"https:\/\/triny.pl\/11724-biolaven-tonik-do-wlosow-i-skory-glowy-z-octem-winogronowym.html\" target=\"_blank\">Zobacz<\/a><\/li><\/ul><\/section>\n\n\n\n<h2 class=\"wp-block-heading\">Moja Farma Urody \u2013 rodzinne kosmetyki o \u015bwiatowym zasi\u0119gu<\/h2>\n\n\n\n<p>Polskie kosmetyki naturalne Moja Farma Urody pod nazw\u0105 Skinbiofood dost\u0119pne s\u0105 na ca\u0142ym w \u015bwiecie \u2013 w Europie, USA, Australii, Kanadzie i Zjednoczonych Emiratach Arabskich. S\u0105 wszechobecne na rozmaitych targach ekologicznych i promuj\u0105cych naturaln\u0105 piel\u0119gnacj\u0119. Mimo tego, \u017ce marka obecna jest niemal wsz\u0119dzie, tworzy ograniczon\u0105 ilo\u015b\u0107 kosmetyk\u00f3w, co r\u00f3wnie\u017c jest zwi\u0105zane z wielko\u015bci\u0105 zbior\u00f3w oraz sezonowo\u015bci\u0105. Niekt\u00f3re kosmetyki firmy Moja Farma Urody s\u0105 dost\u0119pne na przyk\u0142ad tylko do trzech miesi\u0119cy po zbiorach.<\/p>\n","protected":false},"excerpt":{"rendered":"<p>Kosmetyki Moja Farma Urody powstaj\u0105 z sok\u00f3w, owoc\u00f3w, warzyw, zi\u00f3\u0142, nasion oraz \u015bwie\u017cych olej\u00f3w. Powstaj\u0105 niespiesznie w\u015br\u00f3d ekologicznych, pi\u0119knych podlaskich \u0142\u0105k,&#8230;<\/p>\n","protected":false},"author":21,"featured_media":26877,"comment_status":"open","ping_status":"open","sticky":false,"template":"","format":"standard","meta":{"footnotes":""},"categories":[8186],"tags":[],"acf":[],"yoast_head":"<!-- This site is optimized with the Yoast SEO plugin v21.1 - https:\/\/yoast.com\/wordpress\/plugins\/seo\/ -->\n<title>Moja Farma Urody<\/title>\n<meta name=\"robots\" content=\"index, follow, max-snippet:-1, max-image-preview:large, max-video-preview:-1\" \/>\n<link rel=\"canonical\" href=\"https:\/\/triny.pl\/blog\/moja-farma-urody\/\" \/>\n<meta property=\"og:locale\" content=\"pl_PL\" \/>\n<meta property=\"og:type\" content=\"article\" \/>\n<meta property=\"og:title\" content=\"Moja Farma Urody\" \/>\n<meta property=\"og:description\" content=\"Kosmetyki Moja Farma Urody powstaj\u0105 z sok\u00f3w, owoc\u00f3w, warzyw, zi\u00f3\u0142, nasion oraz \u015bwie\u017cych olej\u00f3w. Powstaj\u0105 niespiesznie w\u015br\u00f3d ekologicznych, pi\u0119knych podlaskich \u0142\u0105k,...\" \/>\n<meta property=\"og:url\" content=\"https:\/\/triny.pl\/blog\/moja-farma-urody\/\" \/>\n<meta property=\"og:site_name\" content=\"Blog Triny.pl\" \/>\n<meta property=\"article:publisher\" content=\"https:\/\/www.facebook.com\/trinysklep\" \/>\n<meta property=\"article:published_time\" content=\"2023-06-05T14:02:21+00:00\" \/>\n<meta property=\"article:modified_time\" content=\"2023-09-06T09:07:35+00:00\" \/>\n<meta property=\"og:image\" content=\"https:\/\/triny.pl\/blog\/wp-content\/uploads\/2023\/06\/moja-farma-urody.jpeg\" \/>\n\t<meta property=\"og:image:width\" content=\"1200\" \/>\n\t<meta property=\"og:image:height\" content=\"800\" \/>\n\t<meta property=\"og:image:type\" content=\"image\/jpeg\" \/>\n<meta name=\"author\" content=\"Marysia Wajda\" \/>\n<meta name=\"twitter:label1\" content=\"Napisane przez\" \/>\n\t<meta name=\"twitter:data1\" content=\"Marysia Wajda\" \/>\n\t<meta name=\"twitter:label2\" content=\"Szacowany czas czytania\" \/>\n\t<meta name=\"twitter:data2\" content=\"4 minuty\" \/>\n<script type=\"application\/ld+json\" class=\"yoast-schema-graph\">{\"@context\":\"https:\/\/schema.org\",\"@graph\":[{\"@type\":\"Article\",\"@id\":\"https:\/\/triny.pl\/blog\/moja-farma-urody\/#article\",\"isPartOf\":{\"@id\":\"https:\/\/triny.pl\/blog\/moja-farma-urody\/\"},\"author\":{\"name\":\"Marysia Wajda\",\"@id\":\"https:\/\/triny.pl\/blog\/#\/schema\/person\/1f0cf312784bf4debdc7de4be1475777\"},\"headline\":\"Moja Farma Urody\",\"datePublished\":\"2023-06-05T14:02:21+00:00\",\"dateModified\":\"2023-09-06T09:07:35+00:00\",\"mainEntityOfPage\":{\"@id\":\"https:\/\/triny.pl\/blog\/moja-farma-urody\/\"},\"wordCount\":870,\"commentCount\":0,\"publisher\":{\"@id\":\"https:\/\/triny.pl\/blog\/#organization\"},\"articleSection\":[\"S\u0142ownik\"],\"inLanguage\":\"pl-PL\",\"potentialAction\":[{\"@type\":\"CommentAction\",\"name\":\"Comment\",\"target\":[\"https:\/\/triny.pl\/blog\/moja-farma-urody\/#respond\"]}]},{\"@type\":\"WebPage\",\"@id\":\"https:\/\/triny.pl\/blog\/moja-farma-urody\/\",\"url\":\"https:\/\/triny.pl\/blog\/moja-farma-urody\/\",\"name\":\"Moja Farma Urody\",\"isPartOf\":{\"@id\":\"https:\/\/triny.pl\/blog\/#website\"},\"datePublished\":\"2023-06-05T14:02:21+00:00\",\"dateModified\":\"2023-09-06T09:07:35+00:00\",\"breadcrumb\":{\"@id\":\"https:\/\/triny.pl\/blog\/moja-farma-urody\/#breadcrumb\"},\"inLanguage\":\"pl-PL\",\"potentialAction\":[{\"@type\":\"ReadAction\",\"target\":[\"https:\/\/triny.pl\/blog\/moja-farma-urody\/\"]}]},{\"@type\":\"BreadcrumbList\",\"@id\":\"https:\/\/triny.pl\/blog\/moja-farma-urody\/#breadcrumb\",\"itemListElement\":[{\"@type\":\"ListItem\",\"position\":1,\"name\":\"Strona g\u0142\u00f3wna\",\"item\":\"https:\/\/triny.pl\/blog\/\"},{\"@type\":\"ListItem\",\"position\":2,\"name\":\"Moja Farma Urody\"}]},{\"@type\":\"WebSite\",\"@id\":\"https:\/\/triny.pl\/blog\/#website\",\"url\":\"https:\/\/triny.pl\/blog\/\",\"name\":\"Blog Triny.pl\",\"description\":\"Naturalna piel\u0119gnacja bez tajemnic! Pokazujemy jak dba\u0107 o cia\u0142o i w\u0142osy dla optymalnych, d\u0142ugotrwa\u0142ych efekt\u00f3w. Sprawd\u017a te ma\u0142o znane triki :)\",\"publisher\":{\"@id\":\"https:\/\/triny.pl\/blog\/#organization\"},\"potentialAction\":[{\"@type\":\"SearchAction\",\"target\":{\"@type\":\"EntryPoint\",\"urlTemplate\":\"https:\/\/triny.pl\/blog\/?s={search_term_string}\"},\"query-input\":\"required name=search_term_string\"}],\"inLanguage\":\"pl-PL\"},{\"@type\":\"Organization\",\"@id\":\"https:\/\/triny.pl\/blog\/#organization\",\"name\":\"Triny Sp. z o. o.\",\"url\":\"https:\/\/triny.pl\/blog\/\",\"logo\":{\"@type\":\"ImageObject\",\"inLanguage\":\"pl-PL\",\"@id\":\"https:\/\/triny.pl\/blog\/#\/schema\/logo\/image\/\",\"url\":\"https:\/\/triny.pl\/blog\/wp-content\/uploads\/2020\/08\/logo-triny.png\",\"contentUrl\":\"https:\/\/triny.pl\/blog\/wp-content\/uploads\/2020\/08\/logo-triny.png\",\"width\":190,\"height\":78,\"caption\":\"Triny Sp. z o. o.\"},\"image\":{\"@id\":\"https:\/\/triny.pl\/blog\/#\/schema\/logo\/image\/\"},\"sameAs\":[\"https:\/\/www.facebook.com\/trinysklep\",\"https:\/\/www.instagram.com\/trinysklep\/\",\"https:\/\/pl.pinterest.com\/trinypl\/_created\/\"]},{\"@type\":\"Person\",\"@id\":\"https:\/\/triny.pl\/blog\/#\/schema\/person\/1f0cf312784bf4debdc7de4be1475777\",\"name\":\"Marysia Wajda\",\"description\":\"Cze\u015b\u0107! Nazywam si\u0119 Marysia i jestem wielk\u0105 fank\u0105 naturalnej piel\u0119gnacji. Od dawna stosuj\u0119 wy\u0142\u0105cznie kosmetyki naturalne, zwracaj\u0105c bacznie uwag\u0119 na ich sk\u0142ad. Lubi\u0119 testowa\u0107 nowe produkty oraz rozwi\u0105zania urodowe i ch\u0119tnie si\u0119 podziel\u0119 wynikami moich eksperyment\u00f3w na tym blogu. Staram si\u0119 \u017cy\u0107 w zgodzie z natur\u0105 i w stylu zero waste, wi\u0119c ch\u0119tnie b\u0119d\u0119 przekazywa\u0107 Wam r\u00f3wnie\u017c pomys\u0142y na ponownie wykorzystanie kosmetyk\u00f3w i nie tylko. Zapraszam do obserwowania profilu na Facebooku, w kt\u00f3rym zamieszczane s\u0105 codziennie ciekawostki, porady, najlepsze kosmetyki naturalne: https:\/\/www.facebook.com\/trinysklep\",\"url\":\"https:\/\/triny.pl\/blog\/author\/marysia\/\"}]}<\/script>\n<!-- \/ Yoast SEO plugin. -->","yoast_head_json":{"title":"Moja Farma Urody","robots":{"index":"index","follow":"follow","max-snippet":"max-snippet:-1","max-image-preview":"max-image-preview:large","max-video-preview":"max-video-preview:-1"},"canonical":"https:\/\/triny.pl\/blog\/moja-farma-urody\/","og_locale":"pl_PL","og_type":"article","og_title":"Moja Farma Urody","og_description":"Kosmetyki Moja Farma Urody powstaj\u0105 z sok\u00f3w, owoc\u00f3w, warzyw, zi\u00f3\u0142, nasion oraz \u015bwie\u017cych olej\u00f3w. Powstaj\u0105 niespiesznie w\u015br\u00f3d ekologicznych, pi\u0119knych podlaskich \u0142\u0105k,...","og_url":"https:\/\/triny.pl\/blog\/moja-farma-urody\/","og_site_name":"Blog Triny.pl","article_publisher":"https:\/\/www.facebook.com\/trinysklep","article_published_time":"2023-06-05T14:02:21+00:00","article_modified_time":"2023-09-06T09:07:35+00:00","og_image":[{"width":1200,"height":800,"url":"https:\/\/triny.pl\/blog\/wp-content\/uploads\/2023\/06\/moja-farma-urody.jpeg","type":"image\/jpeg"}],"author":"Marysia Wajda","twitter_misc":{"Napisane przez":"Marysia Wajda","Szacowany czas czytania":"4 minuty"},"schema":{"@context":"https:\/\/schema.org","@graph":[{"@type":"Article","@id":"https:\/\/triny.pl\/blog\/moja-farma-urody\/#article","isPartOf":{"@id":"https:\/\/triny.pl\/blog\/moja-farma-urody\/"},"author":{"name":"Marysia Wajda","@id":"https:\/\/triny.pl\/blog\/#\/schema\/person\/1f0cf312784bf4debdc7de4be1475777"},"headline":"Moja Farma Urody","datePublished":"2023-06-05T14:02:21+00:00","dateModified":"2023-09-06T09:07:35+00:00","mainEntityOfPage":{"@id":"https:\/\/triny.pl\/blog\/moja-farma-urody\/"},"wordCount":870,"commentCount":0,"publisher":{"@id":"https:\/\/triny.pl\/blog\/#organization"},"articleSection":["S\u0142ownik"],"inLanguage":"pl-PL","potentialAction":[{"@type":"CommentAction","name":"Comment","target":["https:\/\/triny.pl\/blog\/moja-farma-urody\/#respond"]}]},{"@type":"WebPage","@id":"https:\/\/triny.pl\/blog\/moja-farma-urody\/","url":"https:\/\/triny.pl\/blog\/moja-farma-urody\/","name":"Moja Farma Urody","isPartOf":{"@id":"https:\/\/triny.pl\/blog\/#website"},"datePublished":"2023-06-05T14:02:21+00:00","dateModified":"2023-09-06T09:07:35+00:00","breadcrumb":{"@id":"https:\/\/triny.pl\/blog\/moja-farma-urody\/#breadcrumb"},"inLanguage":"pl-PL","potentialAction":[{"@type":"ReadAction","target":["https:\/\/triny.pl\/blog\/moja-farma-urody\/"]}]},{"@type":"BreadcrumbList","@id":"https:\/\/triny.pl\/blog\/moja-farma-urody\/#breadcrumb","itemListElement":[{"@type":"ListItem","position":1,"name":"Strona g\u0142\u00f3wna","item":"https:\/\/triny.pl\/blog\/"},{"@type":"ListItem","position":2,"name":"Moja Farma Urody"}]},{"@type":"WebSite","@id":"https:\/\/triny.pl\/blog\/#website","url":"https:\/\/triny.pl\/blog\/","name":"Blog Triny.pl","description":"Naturalna piel\u0119gnacja bez tajemnic! Pokazujemy jak dba\u0107 o cia\u0142o i w\u0142osy dla optymalnych, d\u0142ugotrwa\u0142ych efekt\u00f3w. Sprawd\u017a te ma\u0142o znane triki :)","publisher":{"@id":"https:\/\/triny.pl\/blog\/#organization"},"potentialAction":[{"@type":"SearchAction","target":{"@type":"EntryPoint","urlTemplate":"https:\/\/triny.pl\/blog\/?s={search_term_string}"},"query-input":"required name=search_term_string"}],"inLanguage":"pl-PL"},{"@type":"Organization","@id":"https:\/\/triny.pl\/blog\/#organization","name":"Triny Sp. z o. o.","url":"https:\/\/triny.pl\/blog\/","logo":{"@type":"ImageObject","inLanguage":"pl-PL","@id":"https:\/\/triny.pl\/blog\/#\/schema\/logo\/image\/","url":"https:\/\/triny.pl\/blog\/wp-content\/uploads\/2020\/08\/logo-triny.png","contentUrl":"https:\/\/triny.pl\/blog\/wp-content\/uploads\/2020\/08\/logo-triny.png","width":190,"height":78,"caption":"Triny Sp. z o. o."},"image":{"@id":"https:\/\/triny.pl\/blog\/#\/schema\/logo\/image\/"},"sameAs":["https:\/\/www.facebook.com\/trinysklep","https:\/\/www.instagram.com\/trinysklep\/","https:\/\/pl.pinterest.com\/trinypl\/_created\/"]},{"@type":"Person","@id":"https:\/\/triny.pl\/blog\/#\/schema\/person\/1f0cf312784bf4debdc7de4be1475777","name":"Marysia Wajda","description":"Cze\u015b\u0107! Nazywam si\u0119 Marysia i jestem wielk\u0105 fank\u0105 naturalnej piel\u0119gnacji. Od dawna stosuj\u0119 wy\u0142\u0105cznie kosmetyki naturalne, zwracaj\u0105c bacznie uwag\u0119 na ich sk\u0142ad. Lubi\u0119 testowa\u0107 nowe produkty oraz rozwi\u0105zania urodowe i ch\u0119tnie si\u0119 podziel\u0119 wynikami moich eksperyment\u00f3w na tym blogu. Staram si\u0119 \u017cy\u0107 w zgodzie z natur\u0105 i w stylu zero waste, wi\u0119c ch\u0119tnie b\u0119d\u0119 przekazywa\u0107 Wam r\u00f3wnie\u017c pomys\u0142y na ponownie wykorzystanie kosmetyk\u00f3w i nie tylko. Zapraszam do obserwowania profilu na Facebooku, w kt\u00f3rym zamieszczane s\u0105 codziennie ciekawostki, porady, najlepsze kosmetyki naturalne: https:\/\/www.facebook.com\/trinysklep","url":"https:\/\/triny.pl\/blog\/author\/marysia\/"}]}},"voteUp":"2","voteDown":"0","authorInfo":{"photo":"https:\/\/triny.pl\/blog\/wp-content\/themes\/triny\/assets\/img\/default-avatar.jpg","url":"https:\/\/triny.pl\/blog\/author\/marysia\/","name":"Marysia Wajda"},"media":{"full":"https:\/\/triny.pl\/blog\/wp-content\/uploads\/2023\/06\/moja-farma-urody.jpeg","desktop":"https:\/\/triny.pl\/blog\/wp-content\/uploads\/2023\/06\/moja-farma-urody-505x250.jpeg","mobile":"https:\/\/triny.pl\/blog\/wp-content\/uploads\/2023\/06\/moja-farma-urody-375x190.jpeg"},"_links":{"self":[{"href":"https:\/\/triny.pl\/blog\/wp-json\/wp\/v2\/posts\/24922"}],"collection":[{"href":"https:\/\/triny.pl\/blog\/wp-json\/wp\/v2\/posts"}],"about":[{"href":"https:\/\/triny.pl\/blog\/wp-json\/wp\/v2\/types\/post"}],"author":[{"embeddable":true,"href":"https:\/\/triny.pl\/blog\/wp-json\/wp\/v2\/users\/21"}],"replies":[{"embeddable":true,"href":"https:\/\/triny.pl\/blog\/wp-json\/wp\/v2\/comments?post=24922"}],"version-history":[{"count":3,"href":"https:\/\/triny.pl\/blog\/wp-json\/wp\/v2\/posts\/24922\/revisions"}],"predecessor-version":[{"id":27679,"href":"https:\/\/triny.pl\/blog\/wp-json\/wp\/v2\/posts\/24922\/revisions\/27679"}],"wp:featuredmedia":[{"embeddable":true,"href":"https:\/\/triny.pl\/blog\/wp-json\/wp\/v2\/media\/26877"}],"wp:attachment":[{"href":"https:\/\/triny.pl\/blog\/wp-json\/wp\/v2\/media?parent=24922"}],"wp:term":[{"taxonomy":"category","embeddable":true,"href":"https:\/\/triny.pl\/blog\/wp-json\/wp\/v2\/categories?post=24922"},{"taxonomy":"post_tag","embeddable":true,"href":"https:\/\/triny.pl\/blog\/wp-json\/wp\/v2\/tags?post=24922"}],"curies":[{"name":"wp","href":"https:\/\/api.w.org\/{rel}","templated":true}]}}