{"id":2521,"date":"2016-11-29T09:22:31","date_gmt":"2016-11-29T08:22:31","guid":{"rendered":"https:\/\/triny.pl\/blog\/?p=2521"},"modified":"2023-09-01T10:08:32","modified_gmt":"2023-09-01T08:08:32","slug":"chcesz-miec-piekne-wlosy-nos-czapke","status":"publish","type":"post","link":"https:\/\/triny.pl\/blog\/chcesz-miec-piekne-wlosy-nos-czapke\/","title":{"rendered":"Chcesz mie\u0107 pi\u0119kne w\u0142osy? No\u015b czapk\u0119!"},"content":{"rendered":"\n<p>Czapka chroni w\u0142osy przed niekorzystnym wp\u0142ywem czynnik\u00f3w zewn\u0119trznych. Warto jednak pami\u0119ta\u0107 o kilku podstawowych zasadach, kt\u00f3re przys\u0142u\u017c\u0105 si\u0119 fryzurze&#8230;<\/p>\n\n\n\n<!--more-->\n\n\n\n<p>Szczeg\u00f3lnie zim\u0105, ale te\u017c p\u00f3\u017an\u0105 jesieni\u0105 i wczesn\u0105 wiosn\u0105 warto mie\u0107 na g\u0142owie czapk\u0119.&nbsp;Dobrze dobrana mo\u017ce by\u0107 \u0142adnym uzupe\u0142nieniem Twojej zimowej garderoby i korzystnie wp\u0142ywa\u0107 na wygl\u0105d w\u0142os\u00f3w. Noszenie czapki ma te\u017c oczywi\u015bcie znaczenie z punktu widzenia naszego zdrowia i to w\u0142a\u015bnie o tych korzy\u015bciach opowiem Ci w pierwszej kolejno\u015bci.<\/p>\n\n\n\n<h2 class=\"wp-block-heading\">Dlaczego warto nosi\u0107 czapk\u0119?<\/h2>\n\n\n\n<p>Zadaniem czapki jest zapewnienie naszej g\u0142owie ochrony przed utrat\u0105 ciep\u0142a. I jest to zadanie bardzo wa\u017cne, bo to przez g\u0142ow\u0119 ucieka ok. 70 proc. ciep\u0142a. Je\u015bli wi\u0119c nie masz czapki na g\u0142owie, a na dworze jest ch\u0142odno, wieje wiatr i pada deszcz, to nawet najcieplejsze ubrania i we\u0142niane skarpety nie zapewni\u0105 Ci ciep\u0142a.<\/p>\n\n\n\n<p>Ale to nie wszystko. Bo nosz\u0105c czapk\u0119 nie tylko chronisz organizm przed wyzi\u0119bieniem, ale te\u017c swoje zatoki i uszy, kt\u00f3re s\u0105 bardzo wra\u017cliwe na dzia\u0142anie niskiej temperatury, wiatru i niekorzystnych warunk\u00f3w atmosferycznych. Noszenie czapki sprzyja wi\u0119c zdrowiu i ochronie przed chorobami. Z czapk\u0105 na g\u0142owie trudniej o przezi\u0119bienie i zimowe infekcje.<\/p>\n\n\n\n<h2 class=\"wp-block-heading\">W\u0142osy bez czapki &#8211; czy wiesz co im grozi?<\/h2>\n\n\n<div class=\"wp-block-image\">\n<figure class=\"aligncenter size-large\"><picture><source media=\"(max-width: 450px)\" data-srcset=\"https:\/\/triny.pl\/blog\/wp-content\/uploads\/2022\/06\/czapka-zima-375x199.jpeg\"><img data-src=\"https:\/\/triny.pl\/blog\/wp-content\/uploads\/2022\/06\/czapka-zima-684x362.jpeg\" class=\"wp-image-23904 lazyload\" alt=\"czy trzeba nosi\u0107 czapk\u0119 zim\u0105\"><\/picture><\/figure><\/div>\n\n\n<p>Czynniki zdrowotne to jedno, a kondycja w\u0142os\u00f3w to drugie. Jednak w obu tych przypadkach noszenie zim\u0105 czapki jest niezb\u0119dne. I niestety, nie uda nam si\u0119 jej zast\u0105pi\u0107 nawet najlepszym olejkiem ochronnym. Bez czapki Twoje w\u0142osy b\u0119d\u0105 stawa\u0142y si\u0119 coraz bardziej suche, kruche i matowe. Strac\u0105 blask, mog\u0105 zacz\u0105\u0107 wypada\u0107 i by\u0107 wyra\u017anie os\u0142abione. Czy wiesz dlaczego tak si\u0119 dzieje? Maj\u0105 na to wp\u0142yw oczywi\u015bcie niekorzystnie dzia\u0142aj\u0105ce czynniki atmosferyczne, takie jak mr\u00f3z, wiatr i nag\u0142e skoki temperatury (gdy wchodzimy z zimnego podw\u00f3rka do ciep\u0142ego pomieszczenia i na odwr\u00f3t).<\/p>\n\n\n\n<h2 class=\"wp-block-heading\">Jak czynniki zewn\u0119trzne wp\u0142ywaj\u0105 na kondycj\u0119 i wygl\u0105d w\u0142os\u00f3w?<\/h2>\n\n\n\n<ul>\n<li>temperatura &#8211; w\u0142osom szkodzi zar\u00f3wno zbyt wysoka, jak i zbyt niska temperatura. Zim\u0105 mamy do czynienia raczej z temperaturami niskimi, cz\u0119sto nawet ekstremalnie niskimi, a ich dzia\u0142anie na w\u0142osy mo\u017cesz zaobserwowa\u0107 naprawd\u0119 bardzo szybko. Przebywaj\u0105c na zewn\u0105trz w mro\u017an\u0105 pogod\u0105, sprawiasz, \u017ce w\u0142osy zaczynaj\u0105 si\u0119 pokrywa\u0107 warstw\u0105 szronu, kt\u00f3rego wcale nie musisz widzie\u0107. Zamarzaj\u0105ca na w\u0142osach woda niszczy ich struktur\u0119, a gdy rozmarza (po powrocie do ciep\u0142ego pomieszczenia) zaczyna odparowywa\u0107, doprowadzaj\u0105c do przesuszenia w\u0142os\u00f3w. Zimno w podobny spos\u00f3b dzia\u0142a na cebulki w\u0142os\u00f3w, kt\u00f3re os\u0142abia, przyczyniaj\u0105c si\u0119 do tego, \u017ce wygl\u0105d i zdrowie w\u0142os\u00f3w zaczynaj\u0105 si\u0119 pogarsza\u0107, czego skutkiem jest te\u017c ich wypadanie.<\/li>\n\n\n\n<li>wiatr &#8211; pl\u0105cz\u0105cy w\u0142osy wiatr mo\u017ce powodowa\u0107 ich uszkodzenia &#8211; z\u0142amanie i kruszenie. Na dodatek wiatr pozbawia w\u0142osy wilgoci i sprawia, \u017ce zaczynaj\u0105 si\u0119 przesusza\u0107, trac\u0105 swoj\u0105 mi\u0119kko\u015b\u0107 i elastyczno\u015b\u0107.<\/li>\n\n\n\n<li>zmiany temperatury &#8211; gwa\u0142towne zmiany temperatury, np. po wej\u015bciu do ciep\u0142ego pomieszczenia albo po wyj\u015bciu z domu na zewn\u0119trz w mro\u017any dzie\u0144, zaburza prawid\u0142ow\u0105 prac\u0119 gruczo\u0142\u00f3w \u0142ojowych.&nbsp;Zaczynaj\u0105 one wytwarza\u0107 nadmiern\u0105 ilo\u015b\u0107 sebum i w ten spos\u00f3b przyczyniaj\u0105 si\u0119 do szybszego przet\u0142uszczania w\u0142os\u00f3w i powstawania \u0142upie\u017cu.<\/li>\n<\/ul>\n\n\n\n<p class=\"note\">Zimno i wiatr os\u0142abiaj\u0105 g\u0142\u00f3wnie cebulki w\u0142os\u00f3w. Maj\u0105 jednak te\u017c niekorzystny wp\u0142yw na og\u00f3ln\u0105 kondycj\u0119 w\u0142os\u00f3w i powoduj\u0105 rozdwajanie si\u0119 ko\u0144c\u00f3wek w\u0142os\u00f3w.<\/p>\n\n\n\n<p>Dlatego noszenie czapki zim\u0105 (albo przynajmniej dobrze okalaj\u0105cego g\u0142ow\u0119 kaptura) powinno by\u0107 niezb\u0119dne. Tylko jak prawid\u0142owo nosi\u0107 czapk\u0119 i jak\u0105 czapk\u0119 kupi\u0107, \u017ceby w\u0142osy nie elektryzowa\u0142y si\u0119 i nie przet\u0142uszcza\u0142y?<\/p>\n\n\n\n<h2 class=\"wp-block-heading\">Jak nosi\u0107 czapk\u0119?<\/h2>\n\n\n<div class=\"wp-block-image\">\n<figure class=\"aligncenter size-large\"><picture><source media=\"(max-width: 450px)\" data-srcset=\"https:\/\/triny.pl\/blog\/wp-content\/uploads\/2022\/06\/jak-nosic-czapke-375x199.jpeg\"><img data-src=\"https:\/\/triny.pl\/blog\/wp-content\/uploads\/2022\/06\/jak-nosic-czapke-684x362.jpeg\" class=\"wp-image-23906 lazyload\" alt=\"jak nosi\u0107 czapk\u0119 dla w\u0142os\u00f3w\"><\/picture><\/figure><\/div>\n\n\n<p>Chc\u0105c ochroni\u0107 w\u0142osy i sk\u00f3r\u0119 g\u0142owy przed zimnem i pozosta\u0142ymi czynnikami zewn\u0119trznymi, musimy schowa\u0107 ca\u0142e w\u0142osy pod czapk\u0119. Nie wystarczy, \u017ce za\u0142o\u017cymy j\u0105 tylko na czubek g\u0142owy, a pozosta\u0142e w\u0142osy (cz\u0119sto rozpuszczone) zostawimy bez ochrony. W ten spos\u00f3b zabezpieczymy cebulki w\u0142os\u00f3w, ale ju\u017c du\u017c\u0105 ich powierzchni\u0119 oraz ko\u0144c\u00f3wki narazimy na niekorzystne warunki pogodowe. Dlatego kupuj\u0105c czapk\u0119 wybierz tak\u0105, kt\u00f3ra pozwoli schowa\u0107 Ci wszystkie w\u0142osy &#8211; czy w formie koka, warkocza, czy nawet rozpuszczone i przerzucone na jeden bok, \u017ceby nie straci\u0142y obj\u0119to\u015bci. Je\u015bli nie mo\u017cesz znale\u017a\u0107 takiej czapki, albo nie lubisz takich obszernych fason\u00f3w, wystaj\u0105ce spod czapki w\u0142osy schowaj pod kurtk\u0119 albo pod szalik.<\/p>\n\n\n\n<p class=\"tip\">Pami\u0119taj te\u017c o tym, aby po wej\u015bciu do ciep\u0142ego pomieszczenia, zdj\u0105\u0107 czapk\u0119 z g\u0142owy. Nawet je\u015bli b\u0119dziesz przebywa\u0107 w nim tylko kilka minut. W ten spos\u00f3b uchronisz w\u0142osy przed przet\u0142uszczeniem i \u0142upie\u017cem.<\/p>\n\n\n\n<h2 class=\"wp-block-heading\">Jak\u0105 czapk\u0119 kupi\u0107?<\/h2>\n\n\n\n<p>Wyb\u00f3r czapki nie jest zadaniem \u0142atwym. Priorytetem jest oczywi\u015bcie to, \u017ce musisz w niej dobrze wygl\u0105da\u0107. Ale \u017ceby czapka spe\u0142nia\u0142a te\u017c swoje zadania, zwr\u00f3\u0107 uwag\u0119 na to, \u017ceby nie obciska\u0142a g\u0142owy i jednocze\u015bnie przylega\u0142a do uszu. Wybierz te\u017c czapk\u0119 uszyt\u0105 z naturalnych materia\u0142\u00f3w, np. we\u0142ny lub bawe\u0142ny i mieszanek, kt\u00f3re je zawieraj\u0105. Staraj si\u0119 unika\u0107 czapek akrylowych, bo chocia\u017c s\u0105 przyjemne dla sk\u00f3ry i mi\u0119ciutkie, to niestety sk\u00f3ra pod nimi nie oddycha i szybciej si\u0119 poci. A to oczywi\u015bcie przyspiesza przet\u0142uszczanie si\u0119 w\u0142os\u00f3w.<\/p>\n\n\n\n<p class=\"tip\">Je\u015bli chcesz unikn\u0105\u0107 elektryzowania si\u0119 w\u0142os\u00f3w wyp\u0142ukaj czapk\u0119 w p\u0142ynie do p\u0142ukania. A chc\u0105c unikn\u0105\u0107 \u0142upie\u017cu wyp\u0142ukaj j\u0105 w occie, kt\u00f3ry dzia\u0142a przeciwgrzybiczo i przeciwbakteryjnie.<\/p>\n\n\n\n<p><strong>Przydatne produkty na elektryzowanie si\u0119 w\u0142os\u00f3w:<\/strong><\/p>\n\n\n<section class=\"slider-collage-carousel\" data-id=\"11930, 6823, 6824, 8901\"><ul class=\"collage collage-slider\"><li class=\"item\"><a href=\"https:\/\/triny.pl\/11930-lale-kosmetyki-kawowy-szampon-stymulujacy-wzrost-wlosow.html\" target=\"_blank\"><picture><source srcset=\"https:\/\/static.triny.pl\/img\/p\/1\/9\/4\/8\/2\/19482-thickbox_default.webp\"  type=\"image\/webp\"><source srcset=\"https:\/\/static.triny.pl\/img\/p\/1\/9\/4\/8\/2\/19482-thickbox_default.jpg\"  type=\"image\/jpeg\"><img src=\"https:\/\/triny.pl\/blog\/wp-content\/themes\/triny\/assets\/img\/placeholder-600x600.png\" data-src=\"https:\/\/static.triny.pl\/img\/p\/1\/9\/4\/8\/2\/19482-thickbox_default.jpg\" class=\"tns-lazy-img\" alt=\"Kawowy szampon stymuluj\u0105cy wzrost w\u0142os\u00f3w\"><\/picture><div class=\"brand\">La-Le Kosmetyki<\/div><div class=\"title\">Kawowy szampon stymuluj\u0105cy wzrost w\u0142os\u00f3w<\/div><\/a><a class=\"slider-collage-carousel__btn read-more-button\" href=\"https:\/\/triny.pl\/11930-lale-kosmetyki-kawowy-szampon-stymulujacy-wzrost-wlosow.html\" target=\"_blank\">Zobacz<\/a><\/li><li class=\"item\"><a href=\"https:\/\/triny.pl\/6824-anwen-odzywka-do-wlosow-o-sredniej-porowatosci-emolientowy-irys.html\" target=\"_blank\"><picture><source srcset=\"https:\/\/static.triny.pl\/img\/p\/9\/3\/3\/5\/9335-thickbox_default.webp\"  type=\"image\/webp\"><source srcset=\"https:\/\/static.triny.pl\/img\/p\/9\/3\/3\/5\/9335-thickbox_default.jpg\"  type=\"image\/jpeg\"><img src=\"https:\/\/triny.pl\/blog\/wp-content\/themes\/triny\/assets\/img\/placeholder-600x600.png\" data-src=\"https:\/\/static.triny.pl\/img\/p\/9\/3\/3\/5\/9335-thickbox_default.jpg\" class=\"tns-lazy-img\" alt=\"Od\u017cywka do w\u0142os\u00f3w o \u015bredniej porowato\u015bci &#8211; Emolientowy Irys\"><\/picture><div class=\"brand\">Anwen<\/div><div class=\"title\">Od\u017cywka do w\u0142os\u00f3w o \u015bredniej porowato\u015bci &#8211; Emolientowy Irys<\/div><\/a><a class=\"slider-collage-carousel__btn read-more-button\" href=\"https:\/\/triny.pl\/6824-anwen-odzywka-do-wlosow-o-sredniej-porowatosci-emolientowy-irys.html\" target=\"_blank\">Zobacz<\/a><\/li><\/ul><\/section>\n\n\n\n<h2 class=\"wp-block-heading\">Podsumowanie<\/h2>\n\n\n\n<p>By\u0107 mo\u017ce do noszenia czapki przekona Ci\u0119 te\u017c to, \u017ce jest to coraz modniejszy element zimowej garderoby. Obecnie czapki dost\u0119pne s\u0105 w tak wielu wzorach i fasonach, \u017ce na pewno znajdziesz co\u015b dla siebie, a jak ju\u017c zaczniesz j\u0105 nosi\u0107, szybko si\u0119 do niej przyzwyczaisz. Na czym oczywi\u015bcie zyskaj\u0105 Twoje zdrowie i w\u0142osy.<\/p>\n\n\n\n<p><strong>A czy Ty nosisz ju\u017c czapk\u0119?<\/strong><\/p>\n","protected":false},"excerpt":{"rendered":"<p>Czapka chroni w\u0142osy przed niekorzystnym wp\u0142ywem czynnik\u00f3w zewn\u0119trznych. Warto jednak pami\u0119ta\u0107 o kilku podstawowych zasadach, kt\u00f3re przys\u0142u\u017c\u0105 si\u0119 fryzurze&#8230;<\/p>\n","protected":false},"author":6,"featured_media":20124,"comment_status":"open","ping_status":"open","sticky":false,"template":"","format":"standard","meta":{"footnotes":""},"categories":[34],"tags":[8020],"acf":[],"yoast_head":"<!-- This site is optimized with the Yoast SEO plugin v21.1 - https:\/\/yoast.com\/wordpress\/plugins\/seo\/ -->\n<title>Chcesz mie\u0107 pi\u0119kne w\u0142osy? No\u015b czapk\u0119!<\/title>\n<meta name=\"description\" content=\"Czapk chroni wlosy przed niekorzystnym wp\u0142ywem czynnik\u00f3w zewn\u0119trznych. Warto jednak pami\u0119ta\u0107 o kilku podstawowych zasadach, kt\u00f3re przys\u0142u\u017c\u0105 sie fryzurze...\" \/>\n<meta name=\"robots\" content=\"index, follow, max-snippet:-1, max-image-preview:large, max-video-preview:-1\" \/>\n<link rel=\"canonical\" href=\"https:\/\/triny.pl\/blog\/chcesz-miec-piekne-wlosy-nos-czapke\/\" \/>\n<meta property=\"og:locale\" content=\"pl_PL\" \/>\n<meta property=\"og:type\" content=\"article\" \/>\n<meta property=\"og:title\" content=\"Chcesz mie\u0107 pi\u0119kne w\u0142osy? No\u015b czapk\u0119!\" \/>\n<meta property=\"og:description\" content=\"Czapk chroni wlosy przed niekorzystnym wp\u0142ywem czynnik\u00f3w zewn\u0119trznych. Warto jednak pami\u0119ta\u0107 o kilku podstawowych zasadach, kt\u00f3re przys\u0142u\u017c\u0105 sie fryzurze...\" \/>\n<meta property=\"og:url\" content=\"https:\/\/triny.pl\/blog\/chcesz-miec-piekne-wlosy-nos-czapke\/\" \/>\n<meta property=\"og:site_name\" content=\"Blog Triny.pl\" \/>\n<meta property=\"article:publisher\" content=\"https:\/\/www.facebook.com\/trinysklep\" \/>\n<meta property=\"article:published_time\" content=\"2016-11-29T08:22:31+00:00\" \/>\n<meta property=\"article:modified_time\" content=\"2023-09-01T08:08:32+00:00\" \/>\n<meta property=\"og:image\" content=\"https:\/\/triny.pl\/blog\/wp-content\/uploads\/2016\/11\/nos-czapke.jpeg\" \/>\n\t<meta property=\"og:image:width\" content=\"1200\" \/>\n\t<meta property=\"og:image:height\" content=\"800\" \/>\n\t<meta property=\"og:image:type\" content=\"image\/jpeg\" \/>\n<meta name=\"author\" content=\"Olga Pietraszewska\" \/>\n<meta name=\"twitter:label1\" content=\"Napisane przez\" \/>\n\t<meta name=\"twitter:data1\" content=\"Olga Pietraszewska\" \/>\n\t<meta name=\"twitter:label2\" content=\"Szacowany czas czytania\" \/>\n\t<meta name=\"twitter:data2\" content=\"6 minut\" \/>\n<script type=\"application\/ld+json\" class=\"yoast-schema-graph\">{\"@context\":\"https:\/\/schema.org\",\"@graph\":[{\"@type\":\"Article\",\"@id\":\"https:\/\/triny.pl\/blog\/chcesz-miec-piekne-wlosy-nos-czapke\/#article\",\"isPartOf\":{\"@id\":\"https:\/\/triny.pl\/blog\/chcesz-miec-piekne-wlosy-nos-czapke\/\"},\"author\":{\"name\":\"Olga Pietraszewska\",\"@id\":\"https:\/\/triny.pl\/blog\/#\/schema\/person\/627fca485014bc94ba34ced7dc5dd756\"},\"headline\":\"Chcesz mie\u0107 pi\u0119kne w\u0142osy? No\u015b czapk\u0119!\",\"datePublished\":\"2016-11-29T08:22:31+00:00\",\"dateModified\":\"2023-09-01T08:08:32+00:00\",\"mainEntityOfPage\":{\"@id\":\"https:\/\/triny.pl\/blog\/chcesz-miec-piekne-wlosy-nos-czapke\/\"},\"wordCount\":1049,\"commentCount\":0,\"publisher\":{\"@id\":\"https:\/\/triny.pl\/blog\/#organization\"},\"keywords\":[\"piel\u0119gnacja zim\u0105\"],\"articleSection\":[\"Naturalna piel\u0119gnacja w\u0142os\u00f3w\"],\"inLanguage\":\"pl-PL\",\"potentialAction\":[{\"@type\":\"CommentAction\",\"name\":\"Comment\",\"target\":[\"https:\/\/triny.pl\/blog\/chcesz-miec-piekne-wlosy-nos-czapke\/#respond\"]}]},{\"@type\":\"WebPage\",\"@id\":\"https:\/\/triny.pl\/blog\/chcesz-miec-piekne-wlosy-nos-czapke\/\",\"url\":\"https:\/\/triny.pl\/blog\/chcesz-miec-piekne-wlosy-nos-czapke\/\",\"name\":\"Chcesz mie\u0107 pi\u0119kne w\u0142osy? No\u015b czapk\u0119!\",\"isPartOf\":{\"@id\":\"https:\/\/triny.pl\/blog\/#website\"},\"datePublished\":\"2016-11-29T08:22:31+00:00\",\"dateModified\":\"2023-09-01T08:08:32+00:00\",\"description\":\"Czapk chroni wlosy przed niekorzystnym wp\u0142ywem czynnik\u00f3w zewn\u0119trznych. Warto jednak pami\u0119ta\u0107 o kilku podstawowych zasadach, kt\u00f3re przys\u0142u\u017c\u0105 sie fryzurze...\",\"breadcrumb\":{\"@id\":\"https:\/\/triny.pl\/blog\/chcesz-miec-piekne-wlosy-nos-czapke\/#breadcrumb\"},\"inLanguage\":\"pl-PL\",\"potentialAction\":[{\"@type\":\"ReadAction\",\"target\":[\"https:\/\/triny.pl\/blog\/chcesz-miec-piekne-wlosy-nos-czapke\/\"]}]},{\"@type\":\"BreadcrumbList\",\"@id\":\"https:\/\/triny.pl\/blog\/chcesz-miec-piekne-wlosy-nos-czapke\/#breadcrumb\",\"itemListElement\":[{\"@type\":\"ListItem\",\"position\":1,\"name\":\"Strona g\u0142\u00f3wna\",\"item\":\"https:\/\/triny.pl\/blog\/\"},{\"@type\":\"ListItem\",\"position\":2,\"name\":\"Chcesz mie\u0107 pi\u0119kne w\u0142osy? No\u015b czapk\u0119!\"}]},{\"@type\":\"WebSite\",\"@id\":\"https:\/\/triny.pl\/blog\/#website\",\"url\":\"https:\/\/triny.pl\/blog\/\",\"name\":\"Blog Triny.pl\",\"description\":\"Naturalna piel\u0119gnacja bez tajemnic! Pokazujemy jak dba\u0107 o cia\u0142o i w\u0142osy dla optymalnych, d\u0142ugotrwa\u0142ych efekt\u00f3w. Sprawd\u017a te ma\u0142o znane triki :)\",\"publisher\":{\"@id\":\"https:\/\/triny.pl\/blog\/#organization\"},\"potentialAction\":[{\"@type\":\"SearchAction\",\"target\":{\"@type\":\"EntryPoint\",\"urlTemplate\":\"https:\/\/triny.pl\/blog\/?s={search_term_string}\"},\"query-input\":\"required name=search_term_string\"}],\"inLanguage\":\"pl-PL\"},{\"@type\":\"Organization\",\"@id\":\"https:\/\/triny.pl\/blog\/#organization\",\"name\":\"Triny Sp. z o. o.\",\"url\":\"https:\/\/triny.pl\/blog\/\",\"logo\":{\"@type\":\"ImageObject\",\"inLanguage\":\"pl-PL\",\"@id\":\"https:\/\/triny.pl\/blog\/#\/schema\/logo\/image\/\",\"url\":\"https:\/\/triny.pl\/blog\/wp-content\/uploads\/2020\/08\/logo-triny.png\",\"contentUrl\":\"https:\/\/triny.pl\/blog\/wp-content\/uploads\/2020\/08\/logo-triny.png\",\"width\":190,\"height\":78,\"caption\":\"Triny Sp. z o. o.\"},\"image\":{\"@id\":\"https:\/\/triny.pl\/blog\/#\/schema\/logo\/image\/\"},\"sameAs\":[\"https:\/\/www.facebook.com\/trinysklep\",\"https:\/\/www.instagram.com\/trinysklep\/\",\"https:\/\/pl.pinterest.com\/trinypl\/_created\/\"]},{\"@type\":\"Person\",\"@id\":\"https:\/\/triny.pl\/blog\/#\/schema\/person\/627fca485014bc94ba34ced7dc5dd756\",\"name\":\"Olga Pietraszewska\",\"description\":\"Witaj! Nazywam si\u0119 Olga Pietraszewska. Jestem autork\u0105 bloga Makehappyday.com, pasjonatk\u0105 i propagatork\u0105 naturalnej piel\u0119gnacji oraz zdrowego stylu \u017cycia. Z wykszta\u0142cenia politolog, z zawodu dziennikarka i copywriterka. Je\u015bli akurat nie pisz\u0119, to najpewniej oddaj\u0119 si\u0119 roli \u017cony i mamy, czytam ksi\u0105\u017cki, piek\u0119 chleb, albo spaceruj\u0119, podziwiaj\u0105c malownicze okolice pi\u0119knej Norwegii.\",\"url\":\"https:\/\/triny.pl\/blog\/author\/olga-pietraszewska\/\"}]}<\/script>\n<!-- \/ Yoast SEO plugin. -->","yoast_head_json":{"title":"Chcesz mie\u0107 pi\u0119kne w\u0142osy? No\u015b czapk\u0119!","description":"Czapk chroni wlosy przed niekorzystnym wp\u0142ywem czynnik\u00f3w zewn\u0119trznych. Warto jednak pami\u0119ta\u0107 o kilku podstawowych zasadach, kt\u00f3re przys\u0142u\u017c\u0105 sie fryzurze...","robots":{"index":"index","follow":"follow","max-snippet":"max-snippet:-1","max-image-preview":"max-image-preview:large","max-video-preview":"max-video-preview:-1"},"canonical":"https:\/\/triny.pl\/blog\/chcesz-miec-piekne-wlosy-nos-czapke\/","og_locale":"pl_PL","og_type":"article","og_title":"Chcesz mie\u0107 pi\u0119kne w\u0142osy? No\u015b czapk\u0119!","og_description":"Czapk chroni wlosy przed niekorzystnym wp\u0142ywem czynnik\u00f3w zewn\u0119trznych. Warto jednak pami\u0119ta\u0107 o kilku podstawowych zasadach, kt\u00f3re przys\u0142u\u017c\u0105 sie fryzurze...","og_url":"https:\/\/triny.pl\/blog\/chcesz-miec-piekne-wlosy-nos-czapke\/","og_site_name":"Blog Triny.pl","article_publisher":"https:\/\/www.facebook.com\/trinysklep","article_published_time":"2016-11-29T08:22:31+00:00","article_modified_time":"2023-09-01T08:08:32+00:00","og_image":[{"width":1200,"height":800,"url":"https:\/\/triny.pl\/blog\/wp-content\/uploads\/2016\/11\/nos-czapke.jpeg","type":"image\/jpeg"}],"author":"Olga Pietraszewska","twitter_misc":{"Napisane przez":"Olga Pietraszewska","Szacowany czas czytania":"6 minut"},"schema":{"@context":"https:\/\/schema.org","@graph":[{"@type":"Article","@id":"https:\/\/triny.pl\/blog\/chcesz-miec-piekne-wlosy-nos-czapke\/#article","isPartOf":{"@id":"https:\/\/triny.pl\/blog\/chcesz-miec-piekne-wlosy-nos-czapke\/"},"author":{"name":"Olga Pietraszewska","@id":"https:\/\/triny.pl\/blog\/#\/schema\/person\/627fca485014bc94ba34ced7dc5dd756"},"headline":"Chcesz mie\u0107 pi\u0119kne w\u0142osy? No\u015b czapk\u0119!","datePublished":"2016-11-29T08:22:31+00:00","dateModified":"2023-09-01T08:08:32+00:00","mainEntityOfPage":{"@id":"https:\/\/triny.pl\/blog\/chcesz-miec-piekne-wlosy-nos-czapke\/"},"wordCount":1049,"commentCount":0,"publisher":{"@id":"https:\/\/triny.pl\/blog\/#organization"},"keywords":["piel\u0119gnacja zim\u0105"],"articleSection":["Naturalna piel\u0119gnacja w\u0142os\u00f3w"],"inLanguage":"pl-PL","potentialAction":[{"@type":"CommentAction","name":"Comment","target":["https:\/\/triny.pl\/blog\/chcesz-miec-piekne-wlosy-nos-czapke\/#respond"]}]},{"@type":"WebPage","@id":"https:\/\/triny.pl\/blog\/chcesz-miec-piekne-wlosy-nos-czapke\/","url":"https:\/\/triny.pl\/blog\/chcesz-miec-piekne-wlosy-nos-czapke\/","name":"Chcesz mie\u0107 pi\u0119kne w\u0142osy? No\u015b czapk\u0119!","isPartOf":{"@id":"https:\/\/triny.pl\/blog\/#website"},"datePublished":"2016-11-29T08:22:31+00:00","dateModified":"2023-09-01T08:08:32+00:00","description":"Czapk chroni wlosy przed niekorzystnym wp\u0142ywem czynnik\u00f3w zewn\u0119trznych. Warto jednak pami\u0119ta\u0107 o kilku podstawowych zasadach, kt\u00f3re przys\u0142u\u017c\u0105 sie fryzurze...","breadcrumb":{"@id":"https:\/\/triny.pl\/blog\/chcesz-miec-piekne-wlosy-nos-czapke\/#breadcrumb"},"inLanguage":"pl-PL","potentialAction":[{"@type":"ReadAction","target":["https:\/\/triny.pl\/blog\/chcesz-miec-piekne-wlosy-nos-czapke\/"]}]},{"@type":"BreadcrumbList","@id":"https:\/\/triny.pl\/blog\/chcesz-miec-piekne-wlosy-nos-czapke\/#breadcrumb","itemListElement":[{"@type":"ListItem","position":1,"name":"Strona g\u0142\u00f3wna","item":"https:\/\/triny.pl\/blog\/"},{"@type":"ListItem","position":2,"name":"Chcesz mie\u0107 pi\u0119kne w\u0142osy? No\u015b czapk\u0119!"}]},{"@type":"WebSite","@id":"https:\/\/triny.pl\/blog\/#website","url":"https:\/\/triny.pl\/blog\/","name":"Blog Triny.pl","description":"Naturalna piel\u0119gnacja bez tajemnic! Pokazujemy jak dba\u0107 o cia\u0142o i w\u0142osy dla optymalnych, d\u0142ugotrwa\u0142ych efekt\u00f3w. Sprawd\u017a te ma\u0142o znane triki :)","publisher":{"@id":"https:\/\/triny.pl\/blog\/#organization"},"potentialAction":[{"@type":"SearchAction","target":{"@type":"EntryPoint","urlTemplate":"https:\/\/triny.pl\/blog\/?s={search_term_string}"},"query-input":"required name=search_term_string"}],"inLanguage":"pl-PL"},{"@type":"Organization","@id":"https:\/\/triny.pl\/blog\/#organization","name":"Triny Sp. z o. o.","url":"https:\/\/triny.pl\/blog\/","logo":{"@type":"ImageObject","inLanguage":"pl-PL","@id":"https:\/\/triny.pl\/blog\/#\/schema\/logo\/image\/","url":"https:\/\/triny.pl\/blog\/wp-content\/uploads\/2020\/08\/logo-triny.png","contentUrl":"https:\/\/triny.pl\/blog\/wp-content\/uploads\/2020\/08\/logo-triny.png","width":190,"height":78,"caption":"Triny Sp. z o. o."},"image":{"@id":"https:\/\/triny.pl\/blog\/#\/schema\/logo\/image\/"},"sameAs":["https:\/\/www.facebook.com\/trinysklep","https:\/\/www.instagram.com\/trinysklep\/","https:\/\/pl.pinterest.com\/trinypl\/_created\/"]},{"@type":"Person","@id":"https:\/\/triny.pl\/blog\/#\/schema\/person\/627fca485014bc94ba34ced7dc5dd756","name":"Olga Pietraszewska","description":"Witaj! Nazywam si\u0119 Olga Pietraszewska. Jestem autork\u0105 bloga Makehappyday.com, pasjonatk\u0105 i propagatork\u0105 naturalnej piel\u0119gnacji oraz zdrowego stylu \u017cycia. Z wykszta\u0142cenia politolog, z zawodu dziennikarka i copywriterka. Je\u015bli akurat nie pisz\u0119, to najpewniej oddaj\u0119 si\u0119 roli \u017cony i mamy, czytam ksi\u0105\u017cki, piek\u0119 chleb, albo spaceruj\u0119, podziwiaj\u0105c malownicze okolice pi\u0119knej Norwegii.","url":"https:\/\/triny.pl\/blog\/author\/olga-pietraszewska\/"}]}},"voteUp":"26","voteDown":"1","authorInfo":{"photo":"https:\/\/triny.pl\/blog\/wp-content\/uploads\/2019\/03\/web-2-150x150.jpg","url":"https:\/\/triny.pl\/blog\/author\/olga-pietraszewska\/","name":"Olga Pietraszewska"},"media":{"full":"https:\/\/triny.pl\/blog\/wp-content\/uploads\/2016\/11\/nos-czapke.jpeg","desktop":"https:\/\/triny.pl\/blog\/wp-content\/uploads\/2016\/11\/nos-czapke-505x250.jpeg","mobile":"https:\/\/triny.pl\/blog\/wp-content\/uploads\/2016\/11\/nos-czapke-375x190.jpeg"},"_links":{"self":[{"href":"https:\/\/triny.pl\/blog\/wp-json\/wp\/v2\/posts\/2521"}],"collection":[{"href":"https:\/\/triny.pl\/blog\/wp-json\/wp\/v2\/posts"}],"about":[{"href":"https:\/\/triny.pl\/blog\/wp-json\/wp\/v2\/types\/post"}],"author":[{"embeddable":true,"href":"https:\/\/triny.pl\/blog\/wp-json\/wp\/v2\/users\/6"}],"replies":[{"embeddable":true,"href":"https:\/\/triny.pl\/blog\/wp-json\/wp\/v2\/comments?post=2521"}],"version-history":[{"count":13,"href":"https:\/\/triny.pl\/blog\/wp-json\/wp\/v2\/posts\/2521\/revisions"}],"predecessor-version":[{"id":27572,"href":"https:\/\/triny.pl\/blog\/wp-json\/wp\/v2\/posts\/2521\/revisions\/27572"}],"wp:featuredmedia":[{"embeddable":true,"href":"https:\/\/triny.pl\/blog\/wp-json\/wp\/v2\/media\/20124"}],"wp:attachment":[{"href":"https:\/\/triny.pl\/blog\/wp-json\/wp\/v2\/media?parent=2521"}],"wp:term":[{"taxonomy":"category","embeddable":true,"href":"https:\/\/triny.pl\/blog\/wp-json\/wp\/v2\/categories?post=2521"},{"taxonomy":"post_tag","embeddable":true,"href":"https:\/\/triny.pl\/blog\/wp-json\/wp\/v2\/tags?post=2521"}],"curies":[{"name":"wp","href":"https:\/\/api.w.org\/{rel}","templated":true}]}}