{"id":25967,"date":"2023-01-05T10:31:30","date_gmt":"2023-01-05T09:31:30","guid":{"rendered":"https:\/\/triny.pl\/blog\/?p=25967"},"modified":"2023-02-16T10:33:27","modified_gmt":"2023-02-16T09:33:27","slug":"aldehyd-benzoesowy-w-kosmetykach","status":"publish","type":"post","link":"https:\/\/triny.pl\/blog\/aldehyd-benzoesowy-w-kosmetykach\/","title":{"rendered":"Aldehyd benzoesowy w kosmetykach"},"content":{"rendered":"\n<p>Aldehyd benzoesowy mo\u017ce wydawa\u0107 si\u0119 do\u015b\u0107 enigmatycznym sk\u0142adnikiem kosmetyk\u00f3w. Tymczasem to w\u0142a\u015bnie benzaldehyd nadaje im przyjemny, migda\u0142owy zapach. Czy to jedyne jego zastosowanie? Czy znajdziesz go w sk\u0142adzie kosmetyk\u00f3w naturalnych? I czy sk\u0142adnik ten jest w pe\u0142ni bezpieczny? Czas odpowiedzie\u0107 na te pytania!<\/p>\n\n\n\n<h2 class=\"wp-block-heading\">Aldehyd benzoesowy \u2013 co to jest?<\/h2>\n\n\n\n<p>Aldehyd benzoesowy, znany tak\u017ce jako benzaldehyd, to organiczny zwi\u0105zek chemiczny, nale\u017c\u0105cy do grupy aldehyd\u00f3w aromatycznych. Substancja ta jest nietoksyczna. Ma posta\u0107 \u017c\u00f3\u0142tawej, oleistej cieczy o charakterystycznym, migda\u0142owym zapachu. To w\u0142a\u015bnie zapach aldehydu benzoesowego sprawia, \u017ce sk\u0142adnik ten jest ch\u0119tnie wykorzystywany w kosmetyce i przemy\u015ble perfumeryjnym.<\/p>\n\n\n\n<p>Benzaldehyd wyst\u0119puje naturalnie m.in. w pestkach gorzkich migda\u0142\u00f3w, wi\u015bni i brzoskwi\u0144. Mo\u017cna go pozyskiwa\u0107 tak\u017ce w laboratorium \u2013 z toluenu lub na drodze reakcji biotechnologicznych. W kosmetykach wykorzystywana jest syntetyczna wersja aldehydu benzoesowego.<\/p>\n\n\n\n<h2 class=\"wp-block-heading\">Zastosowanie aldehydu benzoesowego w kosmetyce<\/h2>\n\n\n\n<p>Benzaldehyd w kosmetykach wykorzystywany jest przede wszystkim jako <strong>substancja zapachowa<\/strong>. Sk\u0142adnik ten mo\u017ce tworzy\u0107 kompozycje zapachowe z innymi zwi\u0105zkami aromatycznymi, utrwala je i wzmacnia. Dzi\u0119ki temu zapachy kosmetyk\u00f3w staj\u0105 si\u0119 jeszcze bogatsze. Maskuje r\u00f3wnie\u017c zapach mniej przyjemnych sk\u0142adnik\u00f3w. Benzaldehyd stosowany jest tak\u017ce do tworzenia barwnik\u00f3w.&nbsp;<\/p>\n\n\n\n<h3 class=\"wp-block-heading\">W jakich kosmetykach mo\u017cesz spotka\u0107 aldehyd benzoesowy?<\/h3>\n\n\n<section class=\"slider-collage-carousel\" data-id=\"12198\"><ul class=\"collage collage-slider\"><li class=\"item\"><a href=\"https:\/\/triny.pl\/12198-joik-mydlo-peelingujace-platki-owsiane-z-miodem.html\" target=\"_blank\"><picture><source srcset=\"https:\/\/static.triny.pl\/img\/p\/2\/0\/0\/4\/1\/20041-thickbox_default.webp\"  type=\"image\/webp\"><source srcset=\"https:\/\/static.triny.pl\/img\/p\/2\/0\/0\/4\/1\/20041-thickbox_default.jpg\"  type=\"image\/jpeg\"><img src=\"https:\/\/triny.pl\/blog\/wp-content\/themes\/triny\/assets\/img\/placeholder-600x600.png\" data-src=\"https:\/\/static.triny.pl\/img\/p\/2\/0\/0\/4\/1\/20041-thickbox_default.jpg\" class=\"tns-lazy-img\" alt=\"Myd\u0142o peelinguj\u0105ce &#8211; P\u0142atki owsiane z miodem\"><\/picture><div class=\"brand\">JOIK<\/div><div class=\"title\">Myd\u0142o peelinguj\u0105ce &#8211; P\u0142atki owsiane z miodem<\/div><\/a><a class=\"slider-collage-carousel__btn read-more-button\" href=\"https:\/\/triny.pl\/12198-joik-mydlo-peelingujace-platki-owsiane-z-miodem.html\" target=\"_blank\">Zobacz<\/a><\/li><\/ul><\/section>\n\n\n\n<p>Aldehyd benzoesowy mo\u017cna znale\u017a\u0107 w sk\u0142adzie \u201epachn\u0105cych\u201d kosmetyk\u00f3w. Zapach bywa wa\u017cnym kryterium przy wyborze produkt\u00f3w, dlatego producenci kosmetyk\u00f3w staraj\u0105 si\u0119 odpowiednio zadba\u0107 o ten aspekt. Przy \u0142atwej dost\u0119pno\u015bci benzaldehydu i przyst\u0119pnej cenie tego sk\u0142adnika mo\u017cna w \u0142atwy spos\u00f3b wzbogaci\u0107 formu\u0142\u0119 produkt\u00f3w o przyjemn\u0105 nut\u0119 zapachow\u0105.&nbsp;<\/p>\n\n\n\n<p>Aldehyd benzoesowy mo\u017ce by\u0107 sk\u0142adnikiem perfum, w\u00f3d perfumowanych i toaletowych, a tak\u017ce wielu kosmetyk\u00f3w do piel\u0119gnacji twarzy, cia\u0142a i w\u0142os\u00f3w. Mo\u017ce by\u0107 obecny w sk\u0142adzie m.in.:<\/p>\n\n\n\n<ul>\n<li>krem\u00f3w do twarzy, r\u0105k i st\u00f3p,<\/li>\n\n\n\n<li>balsam\u00f3w do cia\u0142a,<\/li>\n\n\n\n<li>myde\u0142, \u017celi pod prysznic i p\u0142yn\u00f3w do k\u0105pieli,<\/li>\n\n\n\n<li>szampon\u00f3w, od\u017cywek i masek do w\u0142os\u00f3w,<\/li>\n\n\n\n<li>kosmetyk\u00f3w do makija\u017cu,<\/li>\n\n\n\n<li>dezodorant\u00f3w i antyperspirant\u00f3w,<\/li>\n\n\n\n<li>kosmetyk\u00f3w do golenia,<\/li>\n\n\n\n<li>produkt\u00f3w odstraszaj\u0105cych komary.<\/li>\n<\/ul>\n\n\n\n<p><span class=\"note\">Aldehyd benzoesowy w sk\u0142adzie INCI kosmetyk\u00f3w oznaczany jest jako Benzaldehyde.<\/span><\/p>\n\n\n\n<p>Przeczytaj r\u00f3wnie\u017c:<\/p>\n\n\n\n<figure class=\"wp-block-embed is-type-wp-embed is-provider-blog-triny-pl wp-block-embed-blog-triny-pl\"><div class=\"wp-block-embed__wrapper\">\n<blockquote class=\"wp-embedded-content\" data-secret=\"NGCYpL6Ed2\"><a href=\"https:\/\/triny.pl\/blog\/aldehydy-zastosowanie-w-kosmetyce\/\">Aldehydy &#8211; zastosowanie w kosmetyce<\/a><\/blockquote><iframe class=\"wp-embedded-content\" sandbox=\"allow-scripts\" security=\"restricted\" style=\"position: absolute; clip: rect(1px, 1px, 1px, 1px);\" title=\"&#8222;Aldehydy &#8211; zastosowanie w kosmetyce&#8221; &#8212; Blog Triny.pl\" src=\"https:\/\/triny.pl\/blog\/aldehydy-zastosowanie-w-kosmetyce\/embed\/#?secret=ZWKo1u39GZ#?secret=NGCYpL6Ed2\" data-secret=\"NGCYpL6Ed2\" width=\"600\" height=\"338\" frameborder=\"0\" marginwidth=\"0\" marginheight=\"0\" scrolling=\"no\"><\/iframe>\n<\/div><\/figure>\n\n\n\n<h2 class=\"wp-block-heading\">Czy aldehyd benzoesowy jest bezpieczny do stosowania?<\/h2>\n\n\n\n<p><strong>Benzaldehyd to substancja, kt\u00f3ra jest bezpieczna do stosowania w kosmetykach<\/strong>. Zosta\u0142o to potwierdzone przez instytucje i organizacje, czuwaj\u0105ce nad bezpiecze\u0144stwem sk\u0142adnik\u00f3w produkt\u00f3w kosmetycznych. Aldehyd benzoesowy nie dzia\u0142a fototoksycznie i nie jest szkodliwy dla sk\u00f3ry w kontakcie ze s\u0142o\u0144cem. Sk\u0142adnik ten mo\u017ce przyczynia\u0107 si\u0119 do powstawania odczyn\u00f3w alergicznych na sk\u00f3rze \u2013 tak jak w przypadku innych aromat\u00f3w obecnych w kosmetykach. Powinny o tym pami\u0119ta\u0107 zw\u0142aszcza osoby o sk\u00f3rze wra\u017cliwej i alergicznej.<\/p>\n\n\n\n<p>W okresie ci\u0105\u017cy i karmienia piersi\u0105 nie wskaza\u0144, aby rezygnowa\u0107 z kosmetyk\u00f3w zawieraj\u0105cych aldehyd benzoesowy. Rezygnacja z silnych zwi\u0105zk\u00f3w aromatycznych bywa w tym czasie zalecana, z uwagi na wi\u0119ksz\u0105 wra\u017cliwo\u015b\u0107 sk\u00f3ry i zwi\u0119kszon\u0105 podatno\u015b\u0107 na podra\u017cnienia.<\/p>\n\n\n\n<p>Aldehyd benzoesowy jest odpowiedni do stosowania przez wegan, poniewa\u017c nie zawiera \u017cadnych substancji pochodzenia zwierz\u0119cego. Substancja te jest r\u00f3wnie\u017c bezpieczna dla \u015brodowiska naturalnego i nie szkodzi naszej planecie.<\/p>\n\n\n\n<p><span class=\"note\">Aldehyd beznoesowy to bezpieczny sk\u0142adnik kosmetyk\u00f3w \u2013 w tym kosmetyk\u00f3w naturalnych.<\/span><\/p>\n\n\n\n<p>Obecno\u015b\u0107 benzaldehydu na etykiecie produktu pozwala wnioskowa\u0107, \u017ce b\u0119dzie on przyjemnie pachnie\u0107, a to z pewno\u015bci\u0105 uprzyjemni i uatrakcyjni twoj\u0105 piel\u0119gnacj\u0119.<\/p>\n\n\n\n<p><strong>\u0179r\u00f3d\u0142a:<\/strong><\/p>\n\n\n\n<ol>\n<li>https:\/\/www.kosmopedia.org. <a href=\"https:\/\/www.kosmopedia.org\/encyklopedia\/benzaldehyde\/\">Benzaldehyde<\/a>. Dost\u0119p: 18.11.2022<\/li>\n\n\n\n<li>https:\/\/incibeauty.com. <a href=\"https:\/\/incibeauty.com\/en\/ingredients\/4394-benzaldehyde\">Benzaldehyde<\/a>. Dost\u0119p: 18.11.2022<\/li>\n<\/ol>\n","protected":false},"excerpt":{"rendered":"<p>Aldehyd benzoesowy mo\u017ce wydawa\u0107 si\u0119 do\u015b\u0107 enigmatycznym sk\u0142adnikiem kosmetyk\u00f3w. Tymczasem to w\u0142a\u015bnie benzaldehyd nadaje im przyjemny, migda\u0142owy zapach. Czy to jedyne&#8230;<\/p>\n","protected":false},"author":24,"featured_media":25969,"comment_status":"open","ping_status":"open","sticky":false,"template":"","format":"standard","meta":{"footnotes":""},"categories":[8186],"tags":[],"acf":[],"yoast_head":"<!-- This site is optimized with the Yoast SEO plugin v21.1 - https:\/\/yoast.com\/wordpress\/plugins\/seo\/ -->\n<title>Aldehyd benzoesowy w kosmetykach<\/title>\n<meta name=\"robots\" content=\"index, follow, max-snippet:-1, max-image-preview:large, max-video-preview:-1\" \/>\n<link rel=\"canonical\" href=\"https:\/\/triny.pl\/blog\/aldehyd-benzoesowy-w-kosmetykach\/\" \/>\n<meta property=\"og:locale\" content=\"pl_PL\" \/>\n<meta property=\"og:type\" content=\"article\" \/>\n<meta property=\"og:title\" content=\"Aldehyd benzoesowy w kosmetykach\" \/>\n<meta property=\"og:description\" content=\"Aldehyd benzoesowy mo\u017ce wydawa\u0107 si\u0119 do\u015b\u0107 enigmatycznym sk\u0142adnikiem kosmetyk\u00f3w. Tymczasem to w\u0142a\u015bnie benzaldehyd nadaje im przyjemny, migda\u0142owy zapach. Czy to jedyne...\" \/>\n<meta property=\"og:url\" content=\"https:\/\/triny.pl\/blog\/aldehyd-benzoesowy-w-kosmetykach\/\" \/>\n<meta property=\"og:site_name\" content=\"Blog Triny.pl\" \/>\n<meta property=\"article:publisher\" content=\"https:\/\/www.facebook.com\/trinysklep\" \/>\n<meta property=\"article:published_time\" content=\"2023-01-05T09:31:30+00:00\" \/>\n<meta property=\"article:modified_time\" content=\"2023-02-16T09:33:27+00:00\" \/>\n<meta property=\"og:image\" content=\"https:\/\/triny.pl\/blog\/wp-content\/uploads\/2023\/02\/aldehyd-benzoesowy.jpeg\" \/>\n\t<meta property=\"og:image:width\" content=\"1200\" \/>\n\t<meta property=\"og:image:height\" content=\"800\" \/>\n\t<meta property=\"og:image:type\" content=\"image\/jpeg\" \/>\n<meta name=\"author\" content=\"Marta Krajewska\" \/>\n<meta name=\"twitter:label1\" content=\"Napisane przez\" \/>\n\t<meta name=\"twitter:data1\" content=\"Marta Krajewska\" \/>\n\t<meta name=\"twitter:label2\" content=\"Szacowany czas czytania\" \/>\n\t<meta name=\"twitter:data2\" content=\"3 minuty\" \/>\n<script type=\"application\/ld+json\" class=\"yoast-schema-graph\">{\"@context\":\"https:\/\/schema.org\",\"@graph\":[{\"@type\":\"Article\",\"@id\":\"https:\/\/triny.pl\/blog\/aldehyd-benzoesowy-w-kosmetykach\/#article\",\"isPartOf\":{\"@id\":\"https:\/\/triny.pl\/blog\/aldehyd-benzoesowy-w-kosmetykach\/\"},\"author\":{\"name\":\"Marta Krajewska\",\"@id\":\"https:\/\/triny.pl\/blog\/#\/schema\/person\/c0e2923c39e69c7d20512546eccf8d72\"},\"headline\":\"Aldehyd benzoesowy w kosmetykach\",\"datePublished\":\"2023-01-05T09:31:30+00:00\",\"dateModified\":\"2023-02-16T09:33:27+00:00\",\"mainEntityOfPage\":{\"@id\":\"https:\/\/triny.pl\/blog\/aldehyd-benzoesowy-w-kosmetykach\/\"},\"wordCount\":623,\"commentCount\":0,\"publisher\":{\"@id\":\"https:\/\/triny.pl\/blog\/#organization\"},\"articleSection\":[\"S\u0142ownik\"],\"inLanguage\":\"pl-PL\",\"potentialAction\":[{\"@type\":\"CommentAction\",\"name\":\"Comment\",\"target\":[\"https:\/\/triny.pl\/blog\/aldehyd-benzoesowy-w-kosmetykach\/#respond\"]}]},{\"@type\":\"WebPage\",\"@id\":\"https:\/\/triny.pl\/blog\/aldehyd-benzoesowy-w-kosmetykach\/\",\"url\":\"https:\/\/triny.pl\/blog\/aldehyd-benzoesowy-w-kosmetykach\/\",\"name\":\"Aldehyd benzoesowy w kosmetykach\",\"isPartOf\":{\"@id\":\"https:\/\/triny.pl\/blog\/#website\"},\"datePublished\":\"2023-01-05T09:31:30+00:00\",\"dateModified\":\"2023-02-16T09:33:27+00:00\",\"breadcrumb\":{\"@id\":\"https:\/\/triny.pl\/blog\/aldehyd-benzoesowy-w-kosmetykach\/#breadcrumb\"},\"inLanguage\":\"pl-PL\",\"potentialAction\":[{\"@type\":\"ReadAction\",\"target\":[\"https:\/\/triny.pl\/blog\/aldehyd-benzoesowy-w-kosmetykach\/\"]}]},{\"@type\":\"BreadcrumbList\",\"@id\":\"https:\/\/triny.pl\/blog\/aldehyd-benzoesowy-w-kosmetykach\/#breadcrumb\",\"itemListElement\":[{\"@type\":\"ListItem\",\"position\":1,\"name\":\"Strona g\u0142\u00f3wna\",\"item\":\"https:\/\/triny.pl\/blog\/\"},{\"@type\":\"ListItem\",\"position\":2,\"name\":\"Aldehyd benzoesowy w kosmetykach\"}]},{\"@type\":\"WebSite\",\"@id\":\"https:\/\/triny.pl\/blog\/#website\",\"url\":\"https:\/\/triny.pl\/blog\/\",\"name\":\"Blog Triny.pl\",\"description\":\"Naturalna piel\u0119gnacja bez tajemnic! Pokazujemy jak dba\u0107 o cia\u0142o i w\u0142osy dla optymalnych, d\u0142ugotrwa\u0142ych efekt\u00f3w. Sprawd\u017a te ma\u0142o znane triki :)\",\"publisher\":{\"@id\":\"https:\/\/triny.pl\/blog\/#organization\"},\"potentialAction\":[{\"@type\":\"SearchAction\",\"target\":{\"@type\":\"EntryPoint\",\"urlTemplate\":\"https:\/\/triny.pl\/blog\/?s={search_term_string}\"},\"query-input\":\"required name=search_term_string\"}],\"inLanguage\":\"pl-PL\"},{\"@type\":\"Organization\",\"@id\":\"https:\/\/triny.pl\/blog\/#organization\",\"name\":\"Triny Sp. z o. o.\",\"url\":\"https:\/\/triny.pl\/blog\/\",\"logo\":{\"@type\":\"ImageObject\",\"inLanguage\":\"pl-PL\",\"@id\":\"https:\/\/triny.pl\/blog\/#\/schema\/logo\/image\/\",\"url\":\"https:\/\/triny.pl\/blog\/wp-content\/uploads\/2020\/08\/logo-triny.png\",\"contentUrl\":\"https:\/\/triny.pl\/blog\/wp-content\/uploads\/2020\/08\/logo-triny.png\",\"width\":190,\"height\":78,\"caption\":\"Triny Sp. z o. o.\"},\"image\":{\"@id\":\"https:\/\/triny.pl\/blog\/#\/schema\/logo\/image\/\"},\"sameAs\":[\"https:\/\/www.facebook.com\/trinysklep\",\"https:\/\/www.instagram.com\/trinysklep\/\",\"https:\/\/pl.pinterest.com\/trinypl\/_created\/\"]},{\"@type\":\"Person\",\"@id\":\"https:\/\/triny.pl\/blog\/#\/schema\/person\/c0e2923c39e69c7d20512546eccf8d72\",\"name\":\"Marta Krajewska\",\"description\":\"Witaj! Nazywam si\u0119 Marta Krajewska. Jestem absolwentk\u0105 kosmetologii i analityki medycznej Uniwersytetu Medycznego w Poznaniu oraz absolwentk\u0105 biologii molekularnej Uniwersytetu im. Adama Mickiewicza w Poznaniu. To do\u015b\u0107 nieoczekiwane po\u0142\u0105czenie pozwoli\u0142o mi powi\u0105za\u0107 r\u00f3\u017cne obszary moich zainteresowa\u0144. Zdobyta wiedza, praca laboratoryjna z surowcami ro\u015blinnymi i ciekawo\u015b\u0107 innowacyjnych rozwi\u0105za\u0144 diagnostycznych zaowocowa\u0142a u mnie prac\u0105 w klinice kosmetologii estetycznej LABC. Realizuj\u0119 si\u0119 tak\u017ce jako Product Owner portalu Medsowa.pl, kt\u00f3rego misj\u0105 jest zwi\u0119kszanie \u015bwiadomo\u015bci spo\u0142ecznej w zakresie zdrowia i profilaktyki zdrowotnej. Promuj\u0119 kompleksowe podej\u015bcie do piel\u0119gnacji. Zdrowy styl \u017cycia, racjonalna dieta i m\u0105dry wyb\u00f3r kosmetyk\u00f3w to integralne elementy wspierania dobrej kondycji sk\u00f3ry. Uwa\u017cam, \u017ce ka\u017cdy moment jest dobry na wdro\u017cenie zdrowych nawyk\u00f3w i ch\u0119tnie podpowiem Ci, jak to zrobi\u0107. Prywatnie jestem szcz\u0119\u015bliw\u0105 \u017con\u0105, mam\u0105 \u017cywio\u0142owej tr\u00f3jki, wielbicielk\u0105 g\u00f3rskich w\u0119dr\u00f3wek i ogromnej ilo\u015bci zielonej herbaty.\",\"url\":\"https:\/\/triny.pl\/blog\/author\/marta-krajewska\/\"}]}<\/script>\n<!-- \/ Yoast SEO plugin. -->","yoast_head_json":{"title":"Aldehyd benzoesowy w kosmetykach","robots":{"index":"index","follow":"follow","max-snippet":"max-snippet:-1","max-image-preview":"max-image-preview:large","max-video-preview":"max-video-preview:-1"},"canonical":"https:\/\/triny.pl\/blog\/aldehyd-benzoesowy-w-kosmetykach\/","og_locale":"pl_PL","og_type":"article","og_title":"Aldehyd benzoesowy w kosmetykach","og_description":"Aldehyd benzoesowy mo\u017ce wydawa\u0107 si\u0119 do\u015b\u0107 enigmatycznym sk\u0142adnikiem kosmetyk\u00f3w. Tymczasem to w\u0142a\u015bnie benzaldehyd nadaje im przyjemny, migda\u0142owy zapach. Czy to jedyne...","og_url":"https:\/\/triny.pl\/blog\/aldehyd-benzoesowy-w-kosmetykach\/","og_site_name":"Blog Triny.pl","article_publisher":"https:\/\/www.facebook.com\/trinysklep","article_published_time":"2023-01-05T09:31:30+00:00","article_modified_time":"2023-02-16T09:33:27+00:00","og_image":[{"width":1200,"height":800,"url":"https:\/\/triny.pl\/blog\/wp-content\/uploads\/2023\/02\/aldehyd-benzoesowy.jpeg","type":"image\/jpeg"}],"author":"Marta Krajewska","twitter_misc":{"Napisane przez":"Marta Krajewska","Szacowany czas czytania":"3 minuty"},"schema":{"@context":"https:\/\/schema.org","@graph":[{"@type":"Article","@id":"https:\/\/triny.pl\/blog\/aldehyd-benzoesowy-w-kosmetykach\/#article","isPartOf":{"@id":"https:\/\/triny.pl\/blog\/aldehyd-benzoesowy-w-kosmetykach\/"},"author":{"name":"Marta Krajewska","@id":"https:\/\/triny.pl\/blog\/#\/schema\/person\/c0e2923c39e69c7d20512546eccf8d72"},"headline":"Aldehyd benzoesowy w kosmetykach","datePublished":"2023-01-05T09:31:30+00:00","dateModified":"2023-02-16T09:33:27+00:00","mainEntityOfPage":{"@id":"https:\/\/triny.pl\/blog\/aldehyd-benzoesowy-w-kosmetykach\/"},"wordCount":623,"commentCount":0,"publisher":{"@id":"https:\/\/triny.pl\/blog\/#organization"},"articleSection":["S\u0142ownik"],"inLanguage":"pl-PL","potentialAction":[{"@type":"CommentAction","name":"Comment","target":["https:\/\/triny.pl\/blog\/aldehyd-benzoesowy-w-kosmetykach\/#respond"]}]},{"@type":"WebPage","@id":"https:\/\/triny.pl\/blog\/aldehyd-benzoesowy-w-kosmetykach\/","url":"https:\/\/triny.pl\/blog\/aldehyd-benzoesowy-w-kosmetykach\/","name":"Aldehyd benzoesowy w kosmetykach","isPartOf":{"@id":"https:\/\/triny.pl\/blog\/#website"},"datePublished":"2023-01-05T09:31:30+00:00","dateModified":"2023-02-16T09:33:27+00:00","breadcrumb":{"@id":"https:\/\/triny.pl\/blog\/aldehyd-benzoesowy-w-kosmetykach\/#breadcrumb"},"inLanguage":"pl-PL","potentialAction":[{"@type":"ReadAction","target":["https:\/\/triny.pl\/blog\/aldehyd-benzoesowy-w-kosmetykach\/"]}]},{"@type":"BreadcrumbList","@id":"https:\/\/triny.pl\/blog\/aldehyd-benzoesowy-w-kosmetykach\/#breadcrumb","itemListElement":[{"@type":"ListItem","position":1,"name":"Strona g\u0142\u00f3wna","item":"https:\/\/triny.pl\/blog\/"},{"@type":"ListItem","position":2,"name":"Aldehyd benzoesowy w kosmetykach"}]},{"@type":"WebSite","@id":"https:\/\/triny.pl\/blog\/#website","url":"https:\/\/triny.pl\/blog\/","name":"Blog Triny.pl","description":"Naturalna piel\u0119gnacja bez tajemnic! Pokazujemy jak dba\u0107 o cia\u0142o i w\u0142osy dla optymalnych, d\u0142ugotrwa\u0142ych efekt\u00f3w. Sprawd\u017a te ma\u0142o znane triki :)","publisher":{"@id":"https:\/\/triny.pl\/blog\/#organization"},"potentialAction":[{"@type":"SearchAction","target":{"@type":"EntryPoint","urlTemplate":"https:\/\/triny.pl\/blog\/?s={search_term_string}"},"query-input":"required name=search_term_string"}],"inLanguage":"pl-PL"},{"@type":"Organization","@id":"https:\/\/triny.pl\/blog\/#organization","name":"Triny Sp. z o. o.","url":"https:\/\/triny.pl\/blog\/","logo":{"@type":"ImageObject","inLanguage":"pl-PL","@id":"https:\/\/triny.pl\/blog\/#\/schema\/logo\/image\/","url":"https:\/\/triny.pl\/blog\/wp-content\/uploads\/2020\/08\/logo-triny.png","contentUrl":"https:\/\/triny.pl\/blog\/wp-content\/uploads\/2020\/08\/logo-triny.png","width":190,"height":78,"caption":"Triny Sp. z o. o."},"image":{"@id":"https:\/\/triny.pl\/blog\/#\/schema\/logo\/image\/"},"sameAs":["https:\/\/www.facebook.com\/trinysklep","https:\/\/www.instagram.com\/trinysklep\/","https:\/\/pl.pinterest.com\/trinypl\/_created\/"]},{"@type":"Person","@id":"https:\/\/triny.pl\/blog\/#\/schema\/person\/c0e2923c39e69c7d20512546eccf8d72","name":"Marta Krajewska","description":"Witaj! Nazywam si\u0119 Marta Krajewska. Jestem absolwentk\u0105 kosmetologii i analityki medycznej Uniwersytetu Medycznego w Poznaniu oraz absolwentk\u0105 biologii molekularnej Uniwersytetu im. Adama Mickiewicza w Poznaniu. To do\u015b\u0107 nieoczekiwane po\u0142\u0105czenie pozwoli\u0142o mi powi\u0105za\u0107 r\u00f3\u017cne obszary moich zainteresowa\u0144. Zdobyta wiedza, praca laboratoryjna z surowcami ro\u015blinnymi i ciekawo\u015b\u0107 innowacyjnych rozwi\u0105za\u0144 diagnostycznych zaowocowa\u0142a u mnie prac\u0105 w klinice kosmetologii estetycznej LABC. Realizuj\u0119 si\u0119 tak\u017ce jako Product Owner portalu Medsowa.pl, kt\u00f3rego misj\u0105 jest zwi\u0119kszanie \u015bwiadomo\u015bci spo\u0142ecznej w zakresie zdrowia i profilaktyki zdrowotnej. Promuj\u0119 kompleksowe podej\u015bcie do piel\u0119gnacji. Zdrowy styl \u017cycia, racjonalna dieta i m\u0105dry wyb\u00f3r kosmetyk\u00f3w to integralne elementy wspierania dobrej kondycji sk\u00f3ry. Uwa\u017cam, \u017ce ka\u017cdy moment jest dobry na wdro\u017cenie zdrowych nawyk\u00f3w i ch\u0119tnie podpowiem Ci, jak to zrobi\u0107. Prywatnie jestem szcz\u0119\u015bliw\u0105 \u017con\u0105, mam\u0105 \u017cywio\u0142owej tr\u00f3jki, wielbicielk\u0105 g\u00f3rskich w\u0119dr\u00f3wek i ogromnej ilo\u015bci zielonej herbaty.","url":"https:\/\/triny.pl\/blog\/author\/marta-krajewska\/"}]}},"voteUp":"2","voteDown":"0","authorInfo":{"photo":"https:\/\/triny.pl\/blog\/wp-content\/uploads\/2021\/05\/marta-krajewska-150x150.jpeg","url":"https:\/\/triny.pl\/blog\/author\/marta-krajewska\/","name":"Marta Krajewska"},"media":{"full":"https:\/\/triny.pl\/blog\/wp-content\/uploads\/2023\/02\/aldehyd-benzoesowy.jpeg","desktop":"https:\/\/triny.pl\/blog\/wp-content\/uploads\/2023\/02\/aldehyd-benzoesowy-505x250.jpeg","mobile":"https:\/\/triny.pl\/blog\/wp-content\/uploads\/2023\/02\/aldehyd-benzoesowy-375x190.jpeg"},"_links":{"self":[{"href":"https:\/\/triny.pl\/blog\/wp-json\/wp\/v2\/posts\/25967"}],"collection":[{"href":"https:\/\/triny.pl\/blog\/wp-json\/wp\/v2\/posts"}],"about":[{"href":"https:\/\/triny.pl\/blog\/wp-json\/wp\/v2\/types\/post"}],"author":[{"embeddable":true,"href":"https:\/\/triny.pl\/blog\/wp-json\/wp\/v2\/users\/24"}],"replies":[{"embeddable":true,"href":"https:\/\/triny.pl\/blog\/wp-json\/wp\/v2\/comments?post=25967"}],"version-history":[{"count":1,"href":"https:\/\/triny.pl\/blog\/wp-json\/wp\/v2\/posts\/25967\/revisions"}],"predecessor-version":[{"id":25968,"href":"https:\/\/triny.pl\/blog\/wp-json\/wp\/v2\/posts\/25967\/revisions\/25968"}],"wp:featuredmedia":[{"embeddable":true,"href":"https:\/\/triny.pl\/blog\/wp-json\/wp\/v2\/media\/25969"}],"wp:attachment":[{"href":"https:\/\/triny.pl\/blog\/wp-json\/wp\/v2\/media?parent=25967"}],"wp:term":[{"taxonomy":"category","embeddable":true,"href":"https:\/\/triny.pl\/blog\/wp-json\/wp\/v2\/categories?post=25967"},{"taxonomy":"post_tag","embeddable":true,"href":"https:\/\/triny.pl\/blog\/wp-json\/wp\/v2\/tags?post=25967"}],"curies":[{"name":"wp","href":"https:\/\/api.w.org\/{rel}","templated":true}]}}