{"id":25973,"date":"2023-02-16T10:49:36","date_gmt":"2023-02-16T09:49:36","guid":{"rendered":"https:\/\/triny.pl\/blog\/?p=25973"},"modified":"2023-02-16T10:49:37","modified_gmt":"2023-02-16T09:49:37","slug":"sodium-lauryl-sulfate-sls-w-kosmetykach","status":"publish","type":"post","link":"https:\/\/triny.pl\/blog\/sodium-lauryl-sulfate-sls-w-kosmetykach\/","title":{"rendered":"Sodium Lauryl Sulfate (SLS) w kosmetykach&nbsp;"},"content":{"rendered":"\n<p>Laurylosiarczan sodu, znany bardziej jako SLS, to sk\u0142adnik kosmetyk\u00f3w, kt\u00f3ry wzbudza kontrowersje i niema\u0142e emocje. Powszechnie uznawany jest za sk\u0142adnik, kt\u00f3rego najlepiej si\u0119 wystrzega\u0107. Jak jest naprawd\u0119? Czy SLS-u faktycznie nale\u017cy unika\u0107 jak ognia? Na jakie zamienniki laurylosiarczanu sodu warto postawi\u0107 i dlaczego?&nbsp;<\/p>\n\n\n\n<h2 class=\"wp-block-heading\">Laurylosiarczan sodu \u2013 co to jest?<\/h2>\n\n\n\n<p>Laurylosiarczan sodu (Sodium Lauryl Sulfate, SLS) to anionowa substancja powierzchniowo czynna o w\u0142a\u015bciwo\u015bciach myj\u0105cych i pianotw\u00f3rczych. Jego g\u0142\u00f3wne funkcje w produktach myj\u0105cych, czyszcz\u0105cych i pior\u0105cych to usuwanie t\u0142uszczu, obni\u017canie napi\u0119cia powierzchniowego wody oraz wytwarzanie obfitej piany. SLS mo\u017cna pozyskiwa\u0107 z kwasu laurynowego wyodr\u0119bnionego z kokosa, jednak w wi\u0119kszo\u015bci produkt\u00f3w dost\u0119pnych na sklepowych p\u00f3\u0142kach mamy do czynienia ze zwi\u0105zkiem syntetycznym.<\/p>\n\n\n\n<h2 class=\"wp-block-heading\">Zastosowanie laurylosiarczanu sodu w kosmetyce<\/h2>\n\n\n\n<p>Laurylosiarczan sodu jest szeroko wykorzystywany w kosmetyce ze wzgl\u0119du na swoje w\u0142a\u015bciwo\u015bci, \u0142atw\u0105 dost\u0119pno\u015b\u0107 i niewyg\u00f3rowan\u0105 cen\u0119. Bezpieczne st\u0119\u017cenie SLS-u w kosmetykach jest regulowane prawnie i <strong>nie mo\u017ce przekracza\u0107 1%<\/strong>.&nbsp;<\/p>\n\n\n\n<p><strong>SLS w kosmetykach:<\/strong><\/p>\n\n\n\n<ul>\n<li><strong>oczyszcza<\/strong> \u2013 skutecznie usuwa zanieczyszczenia z powierzchni sk\u00f3ry i w\u0142os\u00f3w,<\/li>\n\n\n\n<li><strong>emulguje<\/strong> \u2013 rozbija du\u017ce cz\u0105steczki t\u0142uszcz\u00f3w na mniejsze, u\u0142atwiaj\u0105c usuni\u0119cie np. olej\u00f3w i makija\u017cu,<\/li>\n\n\n\n<li><strong>wytwarza obfit\u0105 pian\u0119<\/strong> \u2013 kt\u00f3ra daje przyjemne wra\u017cenia sensoryczne,<\/li>\n\n\n\n<li><strong>zwalcza bakterie<\/strong> \u2013 dzia\u0142a przeciwbakteryjnie i przeciwdrobnoustrojowo.<\/li>\n<\/ul>\n\n\n\n<h3 class=\"wp-block-heading\">W jakich kosmetykach mo\u017cesz spotka\u0107 laurylosiarczan sodu?<\/h3>\n\n\n\n<p>SLS to substancja, kt\u00f3r\u0105 mo\u017cesz znale\u017a\u0107 w praktycznie ka\u017cdym kosmetyku myj\u0105cym. Wyst\u0119puje m.in. w sk\u0142adzie:<\/p>\n\n\n\n<ul>\n<li>myde\u0142,<\/li>\n\n\n\n<li>\u017celi i p\u0142yn\u00f3w do mycia twarzy,<\/li>\n\n\n\n<li>\u017celi pod prysznic i p\u0142yn\u00f3w do k\u0105pieli,<\/li>\n\n\n\n<li>szampon\u00f3w i od\u017cywek do w\u0142os\u00f3w,<\/li>\n\n\n\n<li>kosmetyk\u00f3w do golenia,<\/li>\n<\/ul>\n\n\n\n<p>To tak\u017ce cz\u0119sty sk\u0142adnik past do mycia z\u0119b\u00f3w i produkt\u00f3w do piel\u0119gnacji jamy ustnej.<\/p>\n\n\n\n<h2 class=\"wp-block-heading\">Czy laurylosiarczan sodu jest bezpieczny do stosowania?<\/h2>\n\n\n\n<p>Zgodnie z opini\u0105 ekspert\u00f3w czuwaj\u0105cych nad bezpiecze\u0144stwem sk\u0142adnik\u00f3w kosmetyk\u00f3w, <strong>laurylosiarczan sodu jest bezpiecznym sk\u0142adnikiem produkt\u00f3w kosmetycznych<\/strong>. Dotyczy to kosmetyk\u00f3w sp\u0142ukiwalnych, przeznaczonych do nieci\u0105g\u0142ego i kr\u00f3tkotrwa\u0142ego stosowania.&nbsp;<\/p>\n\n\n\n<p>SLS nie jest oboj\u0119tny dla sk\u00f3ry i w\u0142a\u015bnie z tego powodu zosta\u0142 okryty z\u0142\u0105 s\u0142aw\u0105. Regularne stosowanie kosmetyk\u00f3w zawieraj\u0105cych laurylosiarczan sodu uszkadza naturaln\u0105 barier\u0119 hydrolipidow\u0105 sk\u00f3ry. Mo\u017ce to skutkowa\u0107 zwi\u0119kszon\u0105 utrat\u0105 wody przez nask\u00f3rek i przyczynia\u0107 si\u0119 do odwodnienia sk\u00f3ry. SLS mo\u017ce powodowa\u0107 pozdra\u017cnienie sk\u00f3ry i wywo\u0142ywa\u0107 reakcj\u0119 alergiczn\u0105. Mo\u017ce r\u00f3wnie\u017c zaostrza\u0107 zmiany sk\u00f3rne w przypadku problem\u00f3w dermatologicznych \u2013 jak tr\u0105dzik, \u0142uszczyca i atopowe zapalenie sk\u00f3ry.&nbsp;<\/p>\n\n\n\n<p>Cz\u0119ste stosowanie kosmetyk\u00f3w do w\u0142os\u00f3w z laurylosiarczanem sodu mo\u017ce uszkadza\u0107 mieszki w\u0142osowe i by\u0107 przyczyn\u0105 wypadania w\u0142os\u00f3w.&nbsp;<\/p>\n\n\n\n<h2 class=\"wp-block-heading\">Jak u\u017cywa\u0107 kosmetyk\u00f3w zawieraj\u0105cych laurylosiarczan sodu?<\/h2>\n\n\n\n<p>Aby w\u0142a\u015bciwie u\u017cy\u0107 kosmetyk\u00f3w myj\u0105cych na bazie SLS-u, nale\u017cy:<\/p>\n\n\n\n<ul>\n<li><strong>nak\u0142ada\u0107 je na zwil\u017con\u0105 sk\u00f3r\u0119<\/strong> \u2013 na\u0142o\u017cenie produktu z laurylosiarczanem sodu na such\u0105 sk\u00f3r\u0119 zwi\u0119ksza ryzyko wyst\u0105pienia podra\u017cnienia;<\/li>\n\n\n\n<li><strong>dok\u0142adnie je sp\u0142ukiwa\u0107<\/strong> \u2013 d\u0142ugotrwa\u0142e pozostawienie kosmetyk\u00f3w z SLS-em mo\u017ce r\u00f3wnie\u017c prowadzi\u0107 do podra\u017cnienia i wysuszenia sk\u00f3ry. Zabiegi piel\u0119gnacyjne z udzia\u0142em produkt\u00f3w zawieraj\u0105cych SLS powinny wi\u0119c trwa\u0107 jak najkr\u00f3cej;<\/li>\n\n\n\n<li><strong>unika\u0107 ich cz\u0119stego stosowania<\/strong> \u2013 warto u\u017cywa\u0107 zamiennie delikatniejszych dla sk\u00f3ry kosmetyk\u00f3w, kt\u00f3re zawieraj\u0105 \u0142agodniejsze sk\u0142adniki myj\u0105ce,<\/li>\n\n\n\n<li><strong>pami\u0119ta\u0107 o kosmetykach nawil\u017caj\u0105cych<\/strong> \u2013 po oczyszczeniu sk\u00f3ry kosmetykiem z SLS-em najlepiej od razu na\u0142o\u017cy\u0107 produkt nawil\u017caj\u0105cy \u2013 krem, mleczko lub balsam.<\/li>\n<\/ul>\n\n\n\n<p><span class=\"note\">Producenci kosmetyk\u00f3w zawieraj\u0105cych SLS cz\u0119sto wzbogacj\u0105 sk\u0142ad takich produkt\u00f3w o sk\u0142adniki, kt\u00f3re ograniczaj\u0105 ewentualne dzia\u0142anie podra\u017cniaj\u0105ce. Je\u015bli u\u017cywasz kosmetyk\u00f3w z SLS-em od czasu do czasu i zgodnie z przeznaczeniem, nie musisz z nich rezygnowa\u0107 wy\u0142\u0105cznie z obawy o to, \u017ce ci zaszkodz\u0105.\u00a0<\/span><\/p>\n\n\n\n<h2 class=\"wp-block-heading\">SLS \u2013 oznaczenie w kosmetykach<\/h2>\n\n\n<section class=\"slider-collage-carousel\" data-id=\"1950, 8337, 4083\"><ul class=\"collage collage-slider\"><li class=\"item\"><a href=\"https:\/\/triny.pl\/1950-dabur-pasta-do-zebow-z-korzenia-drzewa-neem-bez-fluoru-100-ml.html\" target=\"_blank\"><picture><source srcset=\"https:\/\/static.triny.pl\/img\/p\/2\/3\/0\/7\/1\/23071-thickbox_default.webp\"  type=\"image\/webp\"><source srcset=\"https:\/\/static.triny.pl\/img\/p\/2\/3\/0\/7\/1\/23071-thickbox_default.jpg\"  type=\"image\/jpeg\"><img src=\"https:\/\/triny.pl\/blog\/wp-content\/themes\/triny\/assets\/img\/placeholder-600x600.png\" data-src=\"https:\/\/static.triny.pl\/img\/p\/2\/3\/0\/7\/1\/23071-thickbox_default.jpg\" class=\"tns-lazy-img\" alt=\"Pasta do z\u0119b\u00f3w z ekstraktem z neem bez fluoru\"><\/picture><div class=\"brand\">Dabur<\/div><div class=\"title\">Pasta do z\u0119b\u00f3w z ekstraktem z neem bez fluoru<\/div><\/a><a class=\"slider-collage-carousel__btn read-more-button\" href=\"https:\/\/triny.pl\/1950-dabur-pasta-do-zebow-z-korzenia-drzewa-neem-bez-fluoru-100-ml.html\" target=\"_blank\">Zobacz<\/a><\/li><li class=\"item\"><a href=\"https:\/\/triny.pl\/8337-kaminomoto-szampon-kondycjonujacy-skore-glowy.html\" target=\"_blank\"><picture><source srcset=\"https:\/\/static.triny.pl\/img\/p\/1\/1\/5\/7\/9\/11579-thickbox_default.webp\"  type=\"image\/webp\"><source srcset=\"https:\/\/static.triny.pl\/img\/p\/1\/1\/5\/7\/9\/11579-thickbox_default.jpg\"  type=\"image\/jpeg\"><img src=\"https:\/\/triny.pl\/blog\/wp-content\/themes\/triny\/assets\/img\/placeholder-600x600.png\" data-src=\"https:\/\/static.triny.pl\/img\/p\/1\/1\/5\/7\/9\/11579-thickbox_default.jpg\" class=\"tns-lazy-img\" alt=\"Szampon kondycjonuj\u0105cy sk\u00f3r\u0119 g\u0142owy\"><\/picture><div class=\"brand\">Kaminomoto<\/div><div class=\"title\">Szampon kondycjonuj\u0105cy sk\u00f3r\u0119 g\u0142owy<\/div><\/a><a class=\"slider-collage-carousel__btn read-more-button\" href=\"https:\/\/triny.pl\/8337-kaminomoto-szampon-kondycjonujacy-skore-glowy.html\" target=\"_blank\">Zobacz<\/a><\/li><\/ul><\/section>\n\n\n\n<p><strong>Laurylosiarczan sodu mo\u017ce wyst\u0119powa\u0107 w kosmetykach pod r\u00f3\u017cnymi nazwami<\/strong>. W sk\u0142adzie INCI mo\u017ce by\u0107 oznaczony jako:<\/p>\n\n\n\n<ul>\n<li>Sodium Lauryl Sulfate,<\/li>\n\n\n\n<li>SDS,<\/li>\n\n\n\n<li>Sodium Dodecyl Sulfate,<\/li>\n\n\n\n<li>Sulfuric Acid,\u00a0<\/li>\n\n\n\n<li>Monododecyl Ester,\u00a0<\/li>\n\n\n\n<li>Sodium Salt,<\/li>\n\n\n\n<li>Lauryl Sodium Sulfate,<\/li>\n\n\n\n<li>Sodium N-dodecyl Sulf\u200bate,<\/li>\n\n\n\n<li>Lauryl Sulfate Sodium Salt.<\/li>\n<\/ul>\n\n\n\n<p><strong>Zwr\u00f3\u0107 uwag\u0119<\/strong><\/p>\n\n\n\n<p>Has\u0142o: \u201ebez SLS\u201d mo\u017ce by\u0107 tylko chwytem marketingowym, kt\u00f3rym producenci kosmetyk\u00f3w pr\u00f3buj\u0105 przyci\u0105gn\u0105\u0107 nasz\u0105 uwag\u0119. Przed zakupem oznaczonego w ten spos\u00f3b produktu warto zawsze spojrze\u0107 na jego sk\u0142ad i upewni\u0107 si\u0119, \u017ce kosmetyk nie zawiera sk\u0142adnik\u00f3w wymienionych powy\u017cej.&nbsp;<\/p>\n\n\n\n<p>Producenci kosmetyk\u00f3w coraz cz\u0119\u015bciej zast\u0119puj\u0105 laurylosiarczan sodu innymi siarczanami, kt\u00f3re wykazuj\u0105 nieco s\u0142absze dzia\u0142anie dra\u017cni\u0105ce ni\u017c SLS. Do takich sk\u0142adnik\u00f3w nale\u017c\u0105 m.in.:<\/p>\n\n\n\n<ul>\n<li>Sodium Laureth Sulfate (SLES),<\/li>\n\n\n\n<li>Sodium Coco Sulfate (SCS) \u2013 naturalny odpowiednik laurylosiarczanu sodu, kt\u00f3ry wg Chemical Abstracts Service jest dok\u0142adnie t\u0105 sam\u0105 substancj\u0105, co SLS i r\u00f3wnie\u017c mo\u017ce podra\u017cnia\u0107 sk\u00f3r\u0119,<\/li>\n\n\n\n<li>Ammonium Lauryl Sulfate (ALS),<\/li>\n\n\n\n<li>Magnesium Lauryl Sulfate (MLS),<\/li>\n\n\n\n<li>Sodium Cetearyl Sulfate.<\/li>\n<\/ul>\n\n\n\n<h2 class=\"wp-block-heading\">Czy SLS i SLES to to samo?<\/h2>\n\n\n\n<p>Mimo \u017ce SLS i SLES cz\u0119sto id\u0105 razem w parze, sk\u0142adniki te nie s\u0105 swoimi zamiennikami. SLES (Sodium Laureth Sulfate ) to etoksylowana pochodna laurylosiarczanu sodu. W kosmetykach pe\u0142ni podobn\u0105 funkcj\u0119 jak SLS, jest jednak nieco \u0142agodniejszy dla sk\u00f3ry i w\u0142os\u00f3w. Nadal jednak mo\u017ce wywo\u0142ywa\u0107 podra\u017cnienia \u2013 zw\u0142aszcza u os\u00f3b o wra\u017cliwej sk\u00f3rze. Wi\u0119cej informacji o SLES znajdziesz tutaj: <\/p>\n\n\n\n<figure class=\"wp-block-embed is-type-wp-embed is-provider-blog-triny-pl wp-block-embed-blog-triny-pl\"><div class=\"wp-block-embed__wrapper\">\n<blockquote class=\"wp-embedded-content\" data-secret=\"jBxmHUPGRO\"><a href=\"https:\/\/triny.pl\/blog\/sodium-laureth-sulfate-sles-w-kosmetykach\/\">Sodium Laureth Sulfate (SLES) w kosmetykach<\/a><\/blockquote><iframe class=\"wp-embedded-content\" sandbox=\"allow-scripts\" security=\"restricted\" style=\"position: absolute; clip: rect(1px, 1px, 1px, 1px);\" title=\"&#8222;Sodium Laureth Sulfate (SLES) w kosmetykach&#8221; &#8212; Blog Triny.pl\" src=\"https:\/\/triny.pl\/blog\/sodium-laureth-sulfate-sles-w-kosmetykach\/embed\/#?secret=L1AzYrLX5d#?secret=jBxmHUPGRO\" data-secret=\"jBxmHUPGRO\" width=\"600\" height=\"338\" frameborder=\"0\" marginwidth=\"0\" marginheight=\"0\" scrolling=\"no\"><\/iframe>\n<\/div><\/figure>\n\n\n\n<h2 class=\"wp-block-heading\">Kiedy warto unika\u0107 SLS?<\/h2>\n\n\n\n<p>Laurylosiarczanu sodu jest agresywnym \u015brodkiem myj\u0105cym, dlatego w trosce o zdrowie sk\u00f3ry mo\u017cna (i warto!) szuka\u0107 \u0142agodniejszych rozwi\u0105za\u0144. Powinny o tym pami\u0119ta\u0107 zw\u0142aszcza:<\/p>\n\n\n\n<ul>\n<li>osoby o sk\u00f3rze wra\u017cliwej, sk\u0142onnej do podra\u017cnie\u0144 i \u0142ojotokowej,<\/li>\n\n\n\n<li>osoby borykaj\u0105ce si\u0119 z problemami dermatologicznymi,<\/li>\n\n\n\n<li>kobiety w okresie ci\u0105\u017cy i karmienia piersi\u0105.<\/li>\n<\/ul>\n\n\n\n<p>Warto r\u00f3wnie\u017c unika\u0107 SLS w piel\u0119gnacji delikatnej sk\u00f3ry niemowl\u0105t i ma\u0142ych dzieci.<\/p>\n\n\n\n<h2 class=\"wp-block-heading\">Laurylosiarczan sodu \u2013 zamienniki\u00a0<\/h2>\n\n\n<section class=\"slider-collage-carousel\" data-id=\"6452, 4017, 2790, 8003, 2378, 12731, 8735, 11626\"><ul class=\"collage collage-slider\"><li class=\"item\"><a href=\"https:\/\/triny.pl\/6452-aloesove-plyn-micelarny-do-demakijazu-twarzy-i-oczu.html\" target=\"_blank\"><picture><source srcset=\"https:\/\/static.triny.pl\/img\/p\/2\/2\/8\/5\/5\/22855-thickbox_default.webp\"  type=\"image\/webp\"><source srcset=\"https:\/\/static.triny.pl\/img\/p\/2\/2\/8\/5\/5\/22855-thickbox_default.jpg\"  type=\"image\/jpeg\"><img src=\"https:\/\/triny.pl\/blog\/wp-content\/themes\/triny\/assets\/img\/placeholder-600x600.png\" data-src=\"https:\/\/static.triny.pl\/img\/p\/2\/2\/8\/5\/5\/22855-thickbox_default.jpg\" class=\"tns-lazy-img\" alt=\"P\u0142yn micelarny do demakija\u017cu twarzy i oczu\"><\/picture><div class=\"brand\">Aloesove<\/div><div class=\"title\">P\u0142yn micelarny do demakija\u017cu twarzy i oczu<\/div><\/a><a class=\"slider-collage-carousel__btn read-more-button\" href=\"https:\/\/triny.pl\/6452-aloesove-plyn-micelarny-do-demakijazu-twarzy-i-oczu.html\" target=\"_blank\">Zobacz<\/a><\/li><li class=\"item\"><a href=\"https:\/\/triny.pl\/4017-equilibra-aloesowy-szampon.html\" target=\"_blank\"><picture><source srcset=\"https:\/\/static.triny.pl\/img\/p\/2\/0\/2\/4\/0\/20240-thickbox_default.webp\"  type=\"image\/webp\"><source srcset=\"https:\/\/static.triny.pl\/img\/p\/2\/0\/2\/4\/0\/20240-thickbox_default.jpg\"  type=\"image\/jpeg\"><img src=\"https:\/\/triny.pl\/blog\/wp-content\/themes\/triny\/assets\/img\/placeholder-600x600.png\" data-src=\"https:\/\/static.triny.pl\/img\/p\/2\/0\/2\/4\/0\/20240-thickbox_default.jpg\" class=\"tns-lazy-img\" alt=\"Aloesowy szampon\"><\/picture><div class=\"brand\">Equilibra<\/div><div class=\"title\">Aloesowy szampon<\/div><\/a><a class=\"slider-collage-carousel__btn read-more-button\" href=\"https:\/\/triny.pl\/4017-equilibra-aloesowy-szampon.html\" target=\"_blank\">Zobacz<\/a><\/li><li class=\"item\"><a href=\"https:\/\/triny.pl\/2790-orientana-ajurwedyjski-szampon-neem-i-zielona-herbata.html\" target=\"_blank\"><picture><source srcset=\"https:\/\/static.triny.pl\/img\/p\/1\/9\/1\/5\/8\/19158-thickbox_default.webp\"  type=\"image\/webp\"><source srcset=\"https:\/\/static.triny.pl\/img\/p\/1\/9\/1\/5\/8\/19158-thickbox_default.jpg\"  type=\"image\/jpeg\"><img src=\"https:\/\/triny.pl\/blog\/wp-content\/themes\/triny\/assets\/img\/placeholder-600x600.png\" data-src=\"https:\/\/static.triny.pl\/img\/p\/1\/9\/1\/5\/8\/19158-thickbox_default.jpg\" class=\"tns-lazy-img\" alt=\"Ajurwedyjski szampon &#8211; Neem i zielona herbata\"><\/picture><div class=\"brand\">Orientana<\/div><div class=\"title\">Ajurwedyjski szampon &#8211; Neem i zielona herbata<\/div><\/a><a class=\"slider-collage-carousel__btn read-more-button\" href=\"https:\/\/triny.pl\/2790-orientana-ajurwedyjski-szampon-neem-i-zielona-herbata.html\" target=\"_blank\">Zobacz<\/a><\/li><li class=\"item\"><a href=\"https:\/\/triny.pl\/2378-sylveco-balsam-myjacy-do-wlosow-z-betulina-300-ml.html\" target=\"_blank\"><picture><source srcset=\"https:\/\/static.triny.pl\/img\/p\/2\/6\/1\/1\/2611-thickbox_default.webp\"  type=\"image\/webp\"><source srcset=\"https:\/\/static.triny.pl\/img\/p\/2\/6\/1\/1\/2611-thickbox_default.jpg\"  type=\"image\/jpeg\"><img src=\"https:\/\/triny.pl\/blog\/wp-content\/themes\/triny\/assets\/img\/placeholder-600x600.png\" data-src=\"https:\/\/static.triny.pl\/img\/p\/2\/6\/1\/1\/2611-thickbox_default.jpg\" class=\"tns-lazy-img\" alt=\"Balsam myj\u0105cy do w\u0142os\u00f3w z betulin\u0105\"><\/picture><div class=\"brand\">Sylveco<\/div><div class=\"title\">Balsam myj\u0105cy do w\u0142os\u00f3w z betulin\u0105<\/div><\/a><a class=\"slider-collage-carousel__btn read-more-button\" href=\"https:\/\/triny.pl\/2378-sylveco-balsam-myjacy-do-wlosow-z-betulina-300-ml.html\" target=\"_blank\">Zobacz<\/a><\/li><li class=\"item\"><a href=\"https:\/\/triny.pl\/12731-needit-nature-naturalny-zel-do-mycia-twarzy-hibiskus-i-chmiel.html\" target=\"_blank\"><picture><source srcset=\"https:\/\/static.triny.pl\/img\/p\/2\/0\/9\/2\/3\/20923-thickbox_default.webp\"  type=\"image\/webp\"><source srcset=\"https:\/\/static.triny.pl\/img\/p\/2\/0\/9\/2\/3\/20923-thickbox_default.jpg\"  type=\"image\/jpeg\"><img src=\"https:\/\/triny.pl\/blog\/wp-content\/themes\/triny\/assets\/img\/placeholder-600x600.png\" data-src=\"https:\/\/static.triny.pl\/img\/p\/2\/0\/9\/2\/3\/20923-thickbox_default.jpg\" class=\"tns-lazy-img\" alt=\"Naturalny \u017cel do mycia twarzy Hibiskus i Chmiel\"><\/picture><div class=\"brand\">Needit Nature<\/div><div class=\"title\">Naturalny \u017cel do mycia twarzy Hibiskus i Chmiel<\/div><\/a><a class=\"slider-collage-carousel__btn read-more-button\" href=\"https:\/\/triny.pl\/12731-needit-nature-naturalny-zel-do-mycia-twarzy-hibiskus-i-chmiel.html\" target=\"_blank\">Zobacz<\/a><\/li><li class=\"item\"><a href=\"https:\/\/triny.pl\/11626-your-natural-side-zel-myjacy-do-twarzy-mandarynka-i-zielona-herbata.html\" target=\"_blank\"><picture><source srcset=\"https:\/\/static.triny.pl\/img\/p\/1\/8\/0\/2\/6\/18026-thickbox_default.webp\"  type=\"image\/webp\"><source srcset=\"https:\/\/static.triny.pl\/img\/p\/1\/8\/0\/2\/6\/18026-thickbox_default.jpg\"  type=\"image\/jpeg\"><img src=\"https:\/\/triny.pl\/blog\/wp-content\/themes\/triny\/assets\/img\/placeholder-600x600.png\" data-src=\"https:\/\/static.triny.pl\/img\/p\/1\/8\/0\/2\/6\/18026-thickbox_default.jpg\" class=\"tns-lazy-img\" alt=\"\u017bel myj\u0105cy do twarzy &#8211; Mandarynka i zielona herbata\"><\/picture><div class=\"brand\">Your Natural Side<\/div><div class=\"title\">\u017bel myj\u0105cy do twarzy &#8211; Mandarynka i zielona herbata<\/div><\/a><a class=\"slider-collage-carousel__btn read-more-button\" href=\"https:\/\/triny.pl\/11626-your-natural-side-zel-myjacy-do-twarzy-mandarynka-i-zielona-herbata.html\" target=\"_blank\">Zobacz<\/a><\/li><\/ul><\/section>\n\n\n\n<p>Je\u017celi musisz lub z r\u00f3\u017cnych wzgl\u0119d\u00f3w chcesz wyeliminowa\u0107 SLS z codziennej piel\u0119gnacji, warto rozejrze\u0107 si\u0119 za kosmetykami zawieraj\u0105cymi sk\u0142adniki, kt\u00f3re s\u0105 zdrowsze dla sk\u00f3ry.<\/p>\n\n\n\n<p>Warto\u015bciowe alternatywy dla SLS to m.in.:<\/p>\n\n\n\n<ul>\n<li>Coco Glucoside,<\/li>\n\n\n\n<li>Decyl Glucoside,<\/li>\n\n\n\n<li>Disodium Cocoyl Glutamate,<\/li>\n\n\n\n<li>Lauryl Glucoside.<\/li>\n<\/ul>\n\n\n\n<p>Sk\u0142adniki te, chocia\u017c nie daj\u0105 tak intensywnej piany, jak SLS, oczyszczaj\u0105 sk\u00f3r\u0119 tak samo dok\u0142adnie. S\u0105 przy tym znacznie delikatniejsze i bardziej bezpieczne dla sk\u00f3ry. Nie zaburzaj\u0105 jej pH i nie pogarszaj\u0105 jej kondycji.&nbsp;<\/p>\n\n\n\n<p>A jak twoja sk\u00f3ra reaguje na SLS? Czy odczuwasz r\u00f3\u017cnic\u0119 mi\u0119dzy kosmetykami, kt\u00f3re zawieraj\u0105 ten sk\u0142adnik, a tymi, kt\u00f3re nie? Podziel si\u0119 swoimi do\u015bwiadczeniami w komentarzu.<\/p>\n\n\n\n<p><strong>\u0179r\u00f3d\u0142a:<\/strong><\/p>\n\n\n\n<ol>\n<li>https:\/\/www.cir-safety.org. <a href=\"https:\/\/www.cir-safety.org\/sites\/default\/files\/imports\/alerts.pdf\">SLS<\/a>. Dost\u0119p: 18.11.2022<\/li>\n\n\n\n<li>https:\/\/biotechnologia.pl. <a href=\"https:\/\/biotechnologia.pl\/kosmetologia\/sls-sles-i-inne-substancje-pieniace-w-kosmetykach,15403\">SLS, SLES i inne substancje pieni\u0105ce w kosmetykach<\/a>. Dost\u0119p: 18.11.2022<\/li>\n<\/ol>\n","protected":false},"excerpt":{"rendered":"<p>Laurylosiarczan sodu, znany bardziej jako SLS, to sk\u0142adnik kosmetyk\u00f3w, kt\u00f3ry wzbudza kontrowersje i niema\u0142e emocje. Powszechnie uznawany jest za sk\u0142adnik, kt\u00f3rego&#8230;<\/p>\n","protected":false},"author":24,"featured_media":25974,"comment_status":"open","ping_status":"open","sticky":false,"template":"","format":"standard","meta":{"footnotes":""},"categories":[8186],"tags":[],"acf":[],"yoast_head":"<!-- This site is optimized with the Yoast SEO plugin v21.1 - https:\/\/yoast.com\/wordpress\/plugins\/seo\/ -->\n<title>Sodium Lauryl Sulfate (SLS) w kosmetykach&nbsp;<\/title>\n<meta name=\"robots\" content=\"index, follow, max-snippet:-1, max-image-preview:large, max-video-preview:-1\" \/>\n<link rel=\"canonical\" href=\"https:\/\/triny.pl\/blog\/sodium-lauryl-sulfate-sls-w-kosmetykach\/\" \/>\n<meta property=\"og:locale\" content=\"pl_PL\" \/>\n<meta property=\"og:type\" content=\"article\" \/>\n<meta property=\"og:title\" content=\"Sodium Lauryl Sulfate (SLS) w kosmetykach&nbsp;\" \/>\n<meta property=\"og:description\" content=\"Laurylosiarczan sodu, znany bardziej jako SLS, to sk\u0142adnik kosmetyk\u00f3w, kt\u00f3ry wzbudza kontrowersje i niema\u0142e emocje. Powszechnie uznawany jest za sk\u0142adnik, kt\u00f3rego...\" \/>\n<meta property=\"og:url\" content=\"https:\/\/triny.pl\/blog\/sodium-lauryl-sulfate-sls-w-kosmetykach\/\" \/>\n<meta property=\"og:site_name\" content=\"Blog Triny.pl\" \/>\n<meta property=\"article:publisher\" content=\"https:\/\/www.facebook.com\/trinysklep\" \/>\n<meta property=\"article:published_time\" content=\"2023-02-16T09:49:36+00:00\" \/>\n<meta property=\"article:modified_time\" content=\"2023-02-16T09:49:37+00:00\" \/>\n<meta property=\"og:image\" content=\"https:\/\/triny.pl\/blog\/wp-content\/uploads\/2023\/02\/sls-w-kosmetykach.jpeg\" \/>\n\t<meta property=\"og:image:width\" content=\"1200\" \/>\n\t<meta property=\"og:image:height\" content=\"800\" \/>\n\t<meta property=\"og:image:type\" content=\"image\/jpeg\" \/>\n<meta name=\"author\" content=\"Marta Krajewska\" \/>\n<meta name=\"twitter:label1\" content=\"Napisane przez\" \/>\n\t<meta name=\"twitter:data1\" content=\"Marta Krajewska\" \/>\n\t<meta name=\"twitter:label2\" content=\"Szacowany czas czytania\" \/>\n\t<meta name=\"twitter:data2\" content=\"6 minut\" \/>\n<script type=\"application\/ld+json\" class=\"yoast-schema-graph\">{\"@context\":\"https:\/\/schema.org\",\"@graph\":[{\"@type\":\"Article\",\"@id\":\"https:\/\/triny.pl\/blog\/sodium-lauryl-sulfate-sls-w-kosmetykach\/#article\",\"isPartOf\":{\"@id\":\"https:\/\/triny.pl\/blog\/sodium-lauryl-sulfate-sls-w-kosmetykach\/\"},\"author\":{\"name\":\"Marta Krajewska\",\"@id\":\"https:\/\/triny.pl\/blog\/#\/schema\/person\/c0e2923c39e69c7d20512546eccf8d72\"},\"headline\":\"Sodium Lauryl Sulfate (SLS) w kosmetykach&nbsp;\",\"datePublished\":\"2023-02-16T09:49:36+00:00\",\"dateModified\":\"2023-02-16T09:49:37+00:00\",\"mainEntityOfPage\":{\"@id\":\"https:\/\/triny.pl\/blog\/sodium-lauryl-sulfate-sls-w-kosmetykach\/\"},\"wordCount\":1178,\"commentCount\":0,\"publisher\":{\"@id\":\"https:\/\/triny.pl\/blog\/#organization\"},\"articleSection\":[\"S\u0142ownik\"],\"inLanguage\":\"pl-PL\",\"potentialAction\":[{\"@type\":\"CommentAction\",\"name\":\"Comment\",\"target\":[\"https:\/\/triny.pl\/blog\/sodium-lauryl-sulfate-sls-w-kosmetykach\/#respond\"]}]},{\"@type\":\"WebPage\",\"@id\":\"https:\/\/triny.pl\/blog\/sodium-lauryl-sulfate-sls-w-kosmetykach\/\",\"url\":\"https:\/\/triny.pl\/blog\/sodium-lauryl-sulfate-sls-w-kosmetykach\/\",\"name\":\"Sodium Lauryl Sulfate (SLS) w kosmetykach&nbsp;\",\"isPartOf\":{\"@id\":\"https:\/\/triny.pl\/blog\/#website\"},\"datePublished\":\"2023-02-16T09:49:36+00:00\",\"dateModified\":\"2023-02-16T09:49:37+00:00\",\"breadcrumb\":{\"@id\":\"https:\/\/triny.pl\/blog\/sodium-lauryl-sulfate-sls-w-kosmetykach\/#breadcrumb\"},\"inLanguage\":\"pl-PL\",\"potentialAction\":[{\"@type\":\"ReadAction\",\"target\":[\"https:\/\/triny.pl\/blog\/sodium-lauryl-sulfate-sls-w-kosmetykach\/\"]}]},{\"@type\":\"BreadcrumbList\",\"@id\":\"https:\/\/triny.pl\/blog\/sodium-lauryl-sulfate-sls-w-kosmetykach\/#breadcrumb\",\"itemListElement\":[{\"@type\":\"ListItem\",\"position\":1,\"name\":\"Strona g\u0142\u00f3wna\",\"item\":\"https:\/\/triny.pl\/blog\/\"},{\"@type\":\"ListItem\",\"position\":2,\"name\":\"Sodium Lauryl Sulfate (SLS) w kosmetykach&nbsp;\"}]},{\"@type\":\"WebSite\",\"@id\":\"https:\/\/triny.pl\/blog\/#website\",\"url\":\"https:\/\/triny.pl\/blog\/\",\"name\":\"Blog Triny.pl\",\"description\":\"Naturalna piel\u0119gnacja bez tajemnic! Pokazujemy jak dba\u0107 o cia\u0142o i w\u0142osy dla optymalnych, d\u0142ugotrwa\u0142ych efekt\u00f3w. Sprawd\u017a te ma\u0142o znane triki :)\",\"publisher\":{\"@id\":\"https:\/\/triny.pl\/blog\/#organization\"},\"potentialAction\":[{\"@type\":\"SearchAction\",\"target\":{\"@type\":\"EntryPoint\",\"urlTemplate\":\"https:\/\/triny.pl\/blog\/?s={search_term_string}\"},\"query-input\":\"required name=search_term_string\"}],\"inLanguage\":\"pl-PL\"},{\"@type\":\"Organization\",\"@id\":\"https:\/\/triny.pl\/blog\/#organization\",\"name\":\"Triny Sp. z o. o.\",\"url\":\"https:\/\/triny.pl\/blog\/\",\"logo\":{\"@type\":\"ImageObject\",\"inLanguage\":\"pl-PL\",\"@id\":\"https:\/\/triny.pl\/blog\/#\/schema\/logo\/image\/\",\"url\":\"https:\/\/triny.pl\/blog\/wp-content\/uploads\/2020\/08\/logo-triny.png\",\"contentUrl\":\"https:\/\/triny.pl\/blog\/wp-content\/uploads\/2020\/08\/logo-triny.png\",\"width\":190,\"height\":78,\"caption\":\"Triny Sp. z o. o.\"},\"image\":{\"@id\":\"https:\/\/triny.pl\/blog\/#\/schema\/logo\/image\/\"},\"sameAs\":[\"https:\/\/www.facebook.com\/trinysklep\",\"https:\/\/www.instagram.com\/trinysklep\/\",\"https:\/\/pl.pinterest.com\/trinypl\/_created\/\"]},{\"@type\":\"Person\",\"@id\":\"https:\/\/triny.pl\/blog\/#\/schema\/person\/c0e2923c39e69c7d20512546eccf8d72\",\"name\":\"Marta Krajewska\",\"description\":\"Witaj! Nazywam si\u0119 Marta Krajewska. Jestem absolwentk\u0105 kosmetologii i analityki medycznej Uniwersytetu Medycznego w Poznaniu oraz absolwentk\u0105 biologii molekularnej Uniwersytetu im. Adama Mickiewicza w Poznaniu. To do\u015b\u0107 nieoczekiwane po\u0142\u0105czenie pozwoli\u0142o mi powi\u0105za\u0107 r\u00f3\u017cne obszary moich zainteresowa\u0144. Zdobyta wiedza, praca laboratoryjna z surowcami ro\u015blinnymi i ciekawo\u015b\u0107 innowacyjnych rozwi\u0105za\u0144 diagnostycznych zaowocowa\u0142a u mnie prac\u0105 w klinice kosmetologii estetycznej LABC. Realizuj\u0119 si\u0119 tak\u017ce jako Product Owner portalu Medsowa.pl, kt\u00f3rego misj\u0105 jest zwi\u0119kszanie \u015bwiadomo\u015bci spo\u0142ecznej w zakresie zdrowia i profilaktyki zdrowotnej. Promuj\u0119 kompleksowe podej\u015bcie do piel\u0119gnacji. Zdrowy styl \u017cycia, racjonalna dieta i m\u0105dry wyb\u00f3r kosmetyk\u00f3w to integralne elementy wspierania dobrej kondycji sk\u00f3ry. Uwa\u017cam, \u017ce ka\u017cdy moment jest dobry na wdro\u017cenie zdrowych nawyk\u00f3w i ch\u0119tnie podpowiem Ci, jak to zrobi\u0107. Prywatnie jestem szcz\u0119\u015bliw\u0105 \u017con\u0105, mam\u0105 \u017cywio\u0142owej tr\u00f3jki, wielbicielk\u0105 g\u00f3rskich w\u0119dr\u00f3wek i ogromnej ilo\u015bci zielonej herbaty.\",\"url\":\"https:\/\/triny.pl\/blog\/author\/marta-krajewska\/\"}]}<\/script>\n<!-- \/ Yoast SEO plugin. -->","yoast_head_json":{"title":"Sodium Lauryl Sulfate (SLS) w kosmetykach&nbsp;","robots":{"index":"index","follow":"follow","max-snippet":"max-snippet:-1","max-image-preview":"max-image-preview:large","max-video-preview":"max-video-preview:-1"},"canonical":"https:\/\/triny.pl\/blog\/sodium-lauryl-sulfate-sls-w-kosmetykach\/","og_locale":"pl_PL","og_type":"article","og_title":"Sodium Lauryl Sulfate (SLS) w kosmetykach&nbsp;","og_description":"Laurylosiarczan sodu, znany bardziej jako SLS, to sk\u0142adnik kosmetyk\u00f3w, kt\u00f3ry wzbudza kontrowersje i niema\u0142e emocje. Powszechnie uznawany jest za sk\u0142adnik, kt\u00f3rego...","og_url":"https:\/\/triny.pl\/blog\/sodium-lauryl-sulfate-sls-w-kosmetykach\/","og_site_name":"Blog Triny.pl","article_publisher":"https:\/\/www.facebook.com\/trinysklep","article_published_time":"2023-02-16T09:49:36+00:00","article_modified_time":"2023-02-16T09:49:37+00:00","og_image":[{"width":1200,"height":800,"url":"https:\/\/triny.pl\/blog\/wp-content\/uploads\/2023\/02\/sls-w-kosmetykach.jpeg","type":"image\/jpeg"}],"author":"Marta Krajewska","twitter_misc":{"Napisane przez":"Marta Krajewska","Szacowany czas czytania":"6 minut"},"schema":{"@context":"https:\/\/schema.org","@graph":[{"@type":"Article","@id":"https:\/\/triny.pl\/blog\/sodium-lauryl-sulfate-sls-w-kosmetykach\/#article","isPartOf":{"@id":"https:\/\/triny.pl\/blog\/sodium-lauryl-sulfate-sls-w-kosmetykach\/"},"author":{"name":"Marta Krajewska","@id":"https:\/\/triny.pl\/blog\/#\/schema\/person\/c0e2923c39e69c7d20512546eccf8d72"},"headline":"Sodium Lauryl Sulfate (SLS) w kosmetykach&nbsp;","datePublished":"2023-02-16T09:49:36+00:00","dateModified":"2023-02-16T09:49:37+00:00","mainEntityOfPage":{"@id":"https:\/\/triny.pl\/blog\/sodium-lauryl-sulfate-sls-w-kosmetykach\/"},"wordCount":1178,"commentCount":0,"publisher":{"@id":"https:\/\/triny.pl\/blog\/#organization"},"articleSection":["S\u0142ownik"],"inLanguage":"pl-PL","potentialAction":[{"@type":"CommentAction","name":"Comment","target":["https:\/\/triny.pl\/blog\/sodium-lauryl-sulfate-sls-w-kosmetykach\/#respond"]}]},{"@type":"WebPage","@id":"https:\/\/triny.pl\/blog\/sodium-lauryl-sulfate-sls-w-kosmetykach\/","url":"https:\/\/triny.pl\/blog\/sodium-lauryl-sulfate-sls-w-kosmetykach\/","name":"Sodium Lauryl Sulfate (SLS) w kosmetykach&nbsp;","isPartOf":{"@id":"https:\/\/triny.pl\/blog\/#website"},"datePublished":"2023-02-16T09:49:36+00:00","dateModified":"2023-02-16T09:49:37+00:00","breadcrumb":{"@id":"https:\/\/triny.pl\/blog\/sodium-lauryl-sulfate-sls-w-kosmetykach\/#breadcrumb"},"inLanguage":"pl-PL","potentialAction":[{"@type":"ReadAction","target":["https:\/\/triny.pl\/blog\/sodium-lauryl-sulfate-sls-w-kosmetykach\/"]}]},{"@type":"BreadcrumbList","@id":"https:\/\/triny.pl\/blog\/sodium-lauryl-sulfate-sls-w-kosmetykach\/#breadcrumb","itemListElement":[{"@type":"ListItem","position":1,"name":"Strona g\u0142\u00f3wna","item":"https:\/\/triny.pl\/blog\/"},{"@type":"ListItem","position":2,"name":"Sodium Lauryl Sulfate (SLS) w kosmetykach&nbsp;"}]},{"@type":"WebSite","@id":"https:\/\/triny.pl\/blog\/#website","url":"https:\/\/triny.pl\/blog\/","name":"Blog Triny.pl","description":"Naturalna piel\u0119gnacja bez tajemnic! Pokazujemy jak dba\u0107 o cia\u0142o i w\u0142osy dla optymalnych, d\u0142ugotrwa\u0142ych efekt\u00f3w. Sprawd\u017a te ma\u0142o znane triki :)","publisher":{"@id":"https:\/\/triny.pl\/blog\/#organization"},"potentialAction":[{"@type":"SearchAction","target":{"@type":"EntryPoint","urlTemplate":"https:\/\/triny.pl\/blog\/?s={search_term_string}"},"query-input":"required name=search_term_string"}],"inLanguage":"pl-PL"},{"@type":"Organization","@id":"https:\/\/triny.pl\/blog\/#organization","name":"Triny Sp. z o. o.","url":"https:\/\/triny.pl\/blog\/","logo":{"@type":"ImageObject","inLanguage":"pl-PL","@id":"https:\/\/triny.pl\/blog\/#\/schema\/logo\/image\/","url":"https:\/\/triny.pl\/blog\/wp-content\/uploads\/2020\/08\/logo-triny.png","contentUrl":"https:\/\/triny.pl\/blog\/wp-content\/uploads\/2020\/08\/logo-triny.png","width":190,"height":78,"caption":"Triny Sp. z o. o."},"image":{"@id":"https:\/\/triny.pl\/blog\/#\/schema\/logo\/image\/"},"sameAs":["https:\/\/www.facebook.com\/trinysklep","https:\/\/www.instagram.com\/trinysklep\/","https:\/\/pl.pinterest.com\/trinypl\/_created\/"]},{"@type":"Person","@id":"https:\/\/triny.pl\/blog\/#\/schema\/person\/c0e2923c39e69c7d20512546eccf8d72","name":"Marta Krajewska","description":"Witaj! Nazywam si\u0119 Marta Krajewska. Jestem absolwentk\u0105 kosmetologii i analityki medycznej Uniwersytetu Medycznego w Poznaniu oraz absolwentk\u0105 biologii molekularnej Uniwersytetu im. Adama Mickiewicza w Poznaniu. To do\u015b\u0107 nieoczekiwane po\u0142\u0105czenie pozwoli\u0142o mi powi\u0105za\u0107 r\u00f3\u017cne obszary moich zainteresowa\u0144. Zdobyta wiedza, praca laboratoryjna z surowcami ro\u015blinnymi i ciekawo\u015b\u0107 innowacyjnych rozwi\u0105za\u0144 diagnostycznych zaowocowa\u0142a u mnie prac\u0105 w klinice kosmetologii estetycznej LABC. Realizuj\u0119 si\u0119 tak\u017ce jako Product Owner portalu Medsowa.pl, kt\u00f3rego misj\u0105 jest zwi\u0119kszanie \u015bwiadomo\u015bci spo\u0142ecznej w zakresie zdrowia i profilaktyki zdrowotnej. Promuj\u0119 kompleksowe podej\u015bcie do piel\u0119gnacji. Zdrowy styl \u017cycia, racjonalna dieta i m\u0105dry wyb\u00f3r kosmetyk\u00f3w to integralne elementy wspierania dobrej kondycji sk\u00f3ry. Uwa\u017cam, \u017ce ka\u017cdy moment jest dobry na wdro\u017cenie zdrowych nawyk\u00f3w i ch\u0119tnie podpowiem Ci, jak to zrobi\u0107. Prywatnie jestem szcz\u0119\u015bliw\u0105 \u017con\u0105, mam\u0105 \u017cywio\u0142owej tr\u00f3jki, wielbicielk\u0105 g\u00f3rskich w\u0119dr\u00f3wek i ogromnej ilo\u015bci zielonej herbaty.","url":"https:\/\/triny.pl\/blog\/author\/marta-krajewska\/"}]}},"voteUp":"5","voteDown":"0","authorInfo":{"photo":"https:\/\/triny.pl\/blog\/wp-content\/uploads\/2021\/05\/marta-krajewska-150x150.jpeg","url":"https:\/\/triny.pl\/blog\/author\/marta-krajewska\/","name":"Marta Krajewska"},"media":{"full":"https:\/\/triny.pl\/blog\/wp-content\/uploads\/2023\/02\/sls-w-kosmetykach.jpeg","desktop":"https:\/\/triny.pl\/blog\/wp-content\/uploads\/2023\/02\/sls-w-kosmetykach-505x250.jpeg","mobile":"https:\/\/triny.pl\/blog\/wp-content\/uploads\/2023\/02\/sls-w-kosmetykach-375x190.jpeg"},"_links":{"self":[{"href":"https:\/\/triny.pl\/blog\/wp-json\/wp\/v2\/posts\/25973"}],"collection":[{"href":"https:\/\/triny.pl\/blog\/wp-json\/wp\/v2\/posts"}],"about":[{"href":"https:\/\/triny.pl\/blog\/wp-json\/wp\/v2\/types\/post"}],"author":[{"embeddable":true,"href":"https:\/\/triny.pl\/blog\/wp-json\/wp\/v2\/users\/24"}],"replies":[{"embeddable":true,"href":"https:\/\/triny.pl\/blog\/wp-json\/wp\/v2\/comments?post=25973"}],"version-history":[{"count":1,"href":"https:\/\/triny.pl\/blog\/wp-json\/wp\/v2\/posts\/25973\/revisions"}],"predecessor-version":[{"id":25975,"href":"https:\/\/triny.pl\/blog\/wp-json\/wp\/v2\/posts\/25973\/revisions\/25975"}],"wp:featuredmedia":[{"embeddable":true,"href":"https:\/\/triny.pl\/blog\/wp-json\/wp\/v2\/media\/25974"}],"wp:attachment":[{"href":"https:\/\/triny.pl\/blog\/wp-json\/wp\/v2\/media?parent=25973"}],"wp:term":[{"taxonomy":"category","embeddable":true,"href":"https:\/\/triny.pl\/blog\/wp-json\/wp\/v2\/categories?post=25973"},{"taxonomy":"post_tag","embeddable":true,"href":"https:\/\/triny.pl\/blog\/wp-json\/wp\/v2\/tags?post=25973"}],"curies":[{"name":"wp","href":"https:\/\/api.w.org\/{rel}","templated":true}]}}