{"id":26675,"date":"2023-05-24T11:31:36","date_gmt":"2023-05-24T09:31:36","guid":{"rendered":"https:\/\/triny.pl\/blog\/?p=26675"},"modified":"2023-05-24T11:47:06","modified_gmt":"2023-05-24T09:47:06","slug":"polietylen-polyethylene-w-kosmetykach-wlasciwosci-zastosowanie-i-alternatywy","status":"publish","type":"post","link":"https:\/\/triny.pl\/blog\/polietylen-polyethylene-w-kosmetykach-wlasciwosci-zastosowanie-i-alternatywy\/","title":{"rendered":"Polietylen (Polyethylene) w kosmetykach \u2013 w\u0142a\u015bciwo\u015bci, zastosowanie i alternatywy"},"content":{"rendered":"\n<p><strong>Polietylen (<\/strong><strong><em>Polyethylene<\/em><\/strong><strong>) jest ch\u0119tnie stosowany przez bran\u017c\u0119 kosmetyczn\u0105 ze wzgl\u0119du na jego w\u0142a\u015bciwo\u015bci oraz trwa\u0142o\u015b\u0107. Jako substancja syntetyczna budzi sporo kontrowersji, zw\u0142aszcza w tematyce mikroplastiku i jego wp\u0142ywie na \u015brodowisko. Czy polietylenu w kosmetykach nale\u017cy unika\u0107? Czy jest bezpieczny dla zdrowia? Jakie ma w\u0142a\u015bciwo\u015bci? Odpowiadamy!<\/strong><\/p>\n\n\n\n<p>Polietylen to substancja syntetyczna, kt\u00f3ra jest sk\u0142adnikiem wielu kosmetyk\u00f3w, g\u0142\u00f3wnie peeling\u00f3w do cia\u0142a, lakier\u00f3w do paznokci, cieni do powiek, past do z\u0119b\u00f3w, ale nie tylko. Producenci ch\u0119tnie po niego si\u0119gaj\u0105, poniewa\u017c dobrze wp\u0142ywa na konsystencj\u0119 kosmetyk\u00f3w, do tego zwi\u0119ksza ich w\u0142a\u015bciwo\u015bci \u015bcieraj\u0105ce oraz ochronne. Jak dzia\u0142a polietylen w kosmetykach? Gdzie go si\u0119 stosuje? Czy nale\u017cy go unika\u0107, a je\u015bli tak \u2013 jakie s\u0105 jego alternatywy? Zanim odpowiemy na najwa\u017cniejsze pytania, kilka s\u0142\u00f3w wprowadzenia.<\/p>\n\n\n\n<h2 class=\"wp-block-heading\">Czy polietylen to mikroplastik?<\/h2>\n\n\n\n<p>Polietylen (<em>Polyethylene<\/em>, w skr\u00f3cie PE, w postaci ciek\u0142ej nazywany woskiem syntetycznym) jest<strong> polimerem nale\u017c\u0105cym do grupy poliolefin\u00f3w, sk\u0142adaj\u0105cym si\u0119 z powtarzaj\u0105cych si\u0119 element\u00f3w w\u0119gla i wodoru<\/strong> (mer\u00f3w).<strong> <\/strong>Wytwarzany jest przez \u0142\u0105czenie cz\u0105steczek etylenu, dzi\u0119ki czemu tworzy si\u0119 wi\u0119ksz\u0105 cz\u0105steczk\u0119 o strukturze rozga\u0142\u0119zionego \u0142a\u0144cucha. Twardo\u015b\u0107 substancji i rozpuszczalno\u015b\u0107 zale\u017cy od rozmiaru cz\u0105steczki. Masa cz\u0105steczkowa polietylenu mo\u017ce waha\u0107 si\u0119 od 198 do 150 000 w zale\u017cno\u015bci od d\u0142ugo\u015bci \u0142a\u0144cucha.<\/p>\n\n\n\n<p>Kontrowersje wok\u00f3\u0142 polietylenu wynikaj\u0105 z postrzegania syntetycznych polimer\u00f3w jako mikroplastik\u00f3w, kt\u00f3re zanieczyszczaj\u0105 \u015brodowisko i mog\u0105 by\u0107 m.in. po\u0142ykane przez organizmy wodne. Jest to zbytnie uproszczenie, poniewa\u017c<strong> nie ka\u017cdy polimer w sk\u0142adzie kosmetyku jest mikroplastikiem<\/strong>. Co wi\u0119cej, og\u00f3lnie wyr\u00f3\u017cnia si\u0119 siedem g\u0142\u00f3wnych rodzaj\u00f3w plastik\u00f3w i ka\u017cdy ma inne w\u0142a\u015bciwo\u015bci, mo\u017ce by\u0107 te\u017c wykorzystywany do innych cel\u00f3w. Skupimy si\u0119 jednak na bohaterze naszego artyku\u0142u, a mianowicie na polietylenie.<\/p>\n\n\n\n<p><span class=\"alert\">Nawet je\u015bli produkt zawiera polietylen w sk\u0142adzie, nie jest to r\u00f3wnoznaczne z tym, \u017ce zawiera mikroplastik. Sk\u0142adnik polietylenowy jest dodawany w postaci p\u0142ynnej lub innej, co ma zapewni\u0107 konkretne korzy\u015bci piel\u0119gnacyjne.<\/span><\/p>\n\n\n\n<p><strong>Dwie najcz\u0119stsze postacie polietylenu wynikaj\u0105ce z rozmiaru cz\u0105steczki:<\/strong><\/p>\n\n\n\n<ol>\n<li>Polietylen wysokocz\u0105steczkowy wyst\u0119puje w kosmetykach w postaci mikrogranulek i odpowiada za w\u0142asno\u015bci \u015bcieralne.&nbsp;<\/li>\n\n\n\n<li>Polimer niskocz\u0105steczkowy przyjmuje posta\u0107 p\u0142ynn\u0105 i pe\u0142ni funkcj\u0119 wype\u0142niaj\u0105c\u0105, wi\u0105\u017c\u0105c\u0105 i stabilizuj\u0105c\u0105.<\/li>\n<\/ol>\n\n\n\n<p>Kt\u00f3ry z nich jest bezpieczniejszy? Nietrudno domy\u015bli\u0107 si\u0119, \u017ce polietylen wysokocz\u0105steczkowy jest tym, kt\u00f3ry spowodowa\u0142 zamieszanie w kontek\u015bcie troski o ekosystem wodny i \u015brodowisko. Wszystko przez fakt, \u017ce ma posta\u0107 plastikowych mikrogranulek (inaczej: mikrokulek, mikrodrobinek), kt\u00f3re zaliczane s\u0105 do mikroplastik\u00f3w pierwotnych, czyli dodawanych celowo do produkt\u00f3w kosmetycznych. Plastikowe mikrokulki mog\u0105 by\u0107 po\u0142ykane przez organizmy wodne; do tego nie s\u0105 biodegradowalne.<\/p>\n\n\n\n<h2 class=\"wp-block-heading\">Szkodliwo\u015b\u0107 polietylenu i wp\u0142yw na \u015brodowisko<\/h2>\n\n\n\n<p>Wed\u0142ug r\u00f3\u017cnych analiz <strong>mikroplastiki z produkt\u00f3w kosmetycznych stanowi\u0105 jedynie 2% wszystkich drobin zanieczyszczaj\u0105cych \u015brodowisko<\/strong>. Mimo tego minimalnego wp\u0142ywu, na skutek zarzut\u00f3w i wprowadzenia m.in. w USA w roku 2015 zakazu stosowania mikrogranulek (ang. <em>microbeads<\/em>) w produktach kosmetycznych, bran\u017ca kosmetyczna zacz\u0119\u0142a wycofywa\u0107 mikroplastik ze sk\u0142ad\u00f3w kosmetyk\u00f3w z\u0142uszczaj\u0105cych do sp\u0142ukiwania w kanalizacji.<\/p>\n\n\n\n<p>Je\u015bli chodzi o Polsk\u0119, to tu mikroplastik wci\u0105\u017c jest dopuszczony bez ogranicze\u0144. Zmieni si\u0119 to na przestrzeni lat. Unia Europejska pracuje nad regulacjami co do stosowania mikroplastik\u00f3w w kosmetykach. Jest to tzw. <strong>propozycja ECHA, kt\u00f3ra zak\u0142ada, \u017ce do ok. 2035 roku z kosmetyk\u00f3w znikn\u0105 mikrodrobiny plastiku<\/strong>, w tym z kosmetyk\u00f3w sp\u0142ukiwalnych, bez sp\u0142ukiwania, a nawet z niekt\u00f3rych produkt\u00f3w do ust i makija\u017cu.<\/p>\n\n\n\n<p><span class=\"note\">Mikroplastik w postaci mikrogranulek zosta\u0142 zakazany m.in. w USA, Kanadzie, Wielkiej Brytanii, Irlandii i we W\u0142oszech w produktach do sp\u0142ukiwania. Obecnie trwaj\u0105 intensywne prace Komisji Europejskiej i Europejskiej Agencji Chemikali\u00f3w nad wprowadzeniem regulacji na rynku UE.<\/span><\/p>\n\n\n\n<p>Dodajmy, \u017ce powy\u017csze zakazy dotycz\u0105 mikrogranulek, czyli polietylenu wysokocz\u0105steczkowego. Co z drugim polietylenem?&nbsp;<\/p>\n\n\n\n<p>Polietylen niskocz\u0105steczkowy jest tworzywem sztucznym, okre\u015blanym jako bezpieczny dla zdrowia. Odpowiednio zmodyfikowany ulega szybszej biodegradacji w \u015brodowisku naturalnym, np. w glebie, ni\u017c polietylen wysokocz\u0105steczkowy. Jest to <strong>polimer ciek\u0142y i nie stanowi ryzyka dla organizm\u00f3w wodnych<\/strong> (np. mikrogranulki mog\u0142y by\u0107 mylone przez ryby z ikr\u0105 i po\u0142ykane). Co wi\u0119cej, uznani eksperci uwa\u017caj\u0105, \u017ce ciek\u0142e syntetyczne polimery nie s\u0105 szkodliwe i toksyczne dla \u015brodowiska, poniewa\u017c w wi\u0119kszo\u015bci s\u0105 odfiltrowywane w oczyszczalni \u015bciek\u00f3w.<\/p>\n\n\n\n<p><span class=\"note\">Terminy \u201emikroplastik\u201d, \u201emikrodrobiny plastikowe\u201d i \u201epolimery syntetyczne\u201d to nie synonimy! R\u00f3\u017cni\u0105 si\u0119 kszta\u0142tem, rozmiarem i w\u0142a\u015bciwo\u015bciami. Przyjmuje si\u0119, \u017ce mikrogranulki to sta\u0142e drobiny polimer\u00f3w syntetycznych, kt\u00f3rych \u015brednica jest mniejsza ni\u017c 5 mm (za: raport ECHA). Natomiast ciek\u0142e polimery nie s\u0105 zaliczane do mikroplastik\u00f3w.<\/span><\/p>\n\n\n\n<p>Mimo informacji o bezpiecze\u0144stwie i braku szkodliwo\u015bci ciek\u0142ego polietylenu wraz z zakazem stosowania mikrogranulek producenci zacz\u0119li unika\u0107 innych postaci polietylenu w swoich kosmetykach. Wzi\u0119\u0142o si\u0119 to g\u0142\u00f3wnie z niskiej \u015bwiadomo\u015bci konsument\u00f3w, kt\u00f3rzy polietylen zacz\u0119li uto\u017csamia\u0107 wy\u0142\u0105cznie z mikroplastikiem, bez rozr\u00f3\u017cniania na bezpieczne polimery ciek\u0142e.<\/p>\n\n\n\n<p>Warto w tym miejscu podkre\u015bli\u0107, \u017ce <strong>nie ka\u017cdego polimeru syntetycznego nale\u017cy si\u0119 obawia\u0107<\/strong>!<strong> <\/strong>Ka\u017cdy sk\u0142adnik nale\u017cy analizowa\u0107 indywidualnie, chocia\u017cby dlatego, \u017ce pe\u0142ni okre\u015blon\u0105 i wa\u017cn\u0105 funkcj\u0119 w kosmetykach.<\/p>\n\n\n\n<p>Polietylen jest najcz\u0119\u015bciej stosowanym plastikiem na \u015bwiecie. W kosmetykach pe\u0142ni funkcj\u0119 modyfikatora reologii. Inaczej m\u00f3wi\u0105c, <strong>wp\u0142ywa na konsystencj\u0119 oraz zwi\u0119ksza lepko\u015b\u0107 fazy olejowej preparatu<\/strong>. To nie wszystko. Przejd\u017amy teraz do w\u0142a\u015bciwo\u015bci i zastosowania polietylenu.<\/p>\n\n\n\n<h2 class=\"wp-block-heading\">Do czego stosuje si\u0119 polietylen?<\/h2>\n\n\n\n<p>Polietylen w produktach kosmetycznych jest stosowany jako <strong>\u015brodek \u015bcierny, wi\u0105\u017c\u0105cy i adhezyjny<\/strong> (\u0142\u0105czy dwie substancje), <strong>wype\u0142niaj\u0105cy, stabilizuj\u0105cy i filmotw\u00f3rczy<\/strong>. Jest jednym z najcz\u0119\u015bciej stosowanych mikroplastik\u00f3w w produktach kosmetycznych, takich jak: produkty do stylizacji, kredki do oczu, tusze do rz\u0119s, cienie do powiek, kredki do brwi, pomadki i szminki, pudry i podk\u0142ady do twarzy, a tak\u017ce produkty do oczyszczania i piel\u0119gnacji sk\u00f3ry, w tym kremy i pianki.<\/p>\n\n\n\n<p>Polietylen jest <strong>szeroko stosowany do tworzenia mikrogranulek<\/strong>, czyli charakterystycznych drobinek, kt\u00f3re s\u0105 dodawane np. do peeling\u00f3w do sk\u00f3ry i produkt\u00f3w z\u0142uszczaj\u0105cych. Obecnie si\u0119 tego nie praktykuje, przynajmniej nie w USA, Kanadzie, Chinach itd., gdzie dodawanie mikrogranulek do produkt\u00f3w z\u0142uszczaj\u0105cych zosta\u0142o zakazane. Wkr\u00f3tce zostanie to zakazane r\u00f3wnie\u017c na rynku UE \u2013 trwaj\u0105 intensywne prace nad regulacjami bran\u017cy kosmetycznej.<\/p>\n\n\n\n<p><span class=\"note\">Polietylen w kosmetykach jest uznawany za bezpieczny \u2013 potwierdza to analiza takich uznanych organizacji jak EWG, CIR oraz (BfR).<\/span><\/p>\n\n\n\n<p>Opr\u00f3cz zastosowania w kosmetykach i produktach higieny osobistej polietylen jest szeroko stosowany w materia\u0142ach do pakowania \u017cywno\u015bci, do produkcji sprz\u0119tu jednorazowego, folii (work\u00f3w, toreb), pojemnik\u00f3w, a nawet \u017cagli i nart. Korzysta z niego bran\u017ca odzie\u017cowa oraz medyczna (tutaj g\u0142\u00f3wnie w urz\u0105dzeniach medycznych do protetyki).<\/p>\n\n\n\n<h2 class=\"wp-block-heading\">Czy polietylen w kosmetykach jest bezpieczny?<\/h2>\n\n\n\n<p><strong>Polietylen jest bezpieczny w stosowaniu i nie stanowi zagro\u017cenia dla zdrowia cz\u0142owieka<\/strong> \u2013 gwarantuj\u0105 to rygorystyczne unijne przepisy. Wed\u0142ug EWG (Environmental Working Group) oceniaj\u0105cej kosmetyki w skali od 1 do 10 ma przyznan\u0105 ocen\u0119 1, co oznacza sk\u0142adnik bezpieczny, niepowoduj\u0105cy podra\u017cnie\u0144, chor\u00f3b ani alergii. Bezpiecze\u0144stwo polietylenu zosta\u0142o potwierdzone przez panel ekspert\u00f3w CIR (Cosmetic Ingredient Review) oraz niemiecki Federalny Instytut Oceny Ryzyka (BfR).&nbsp;<\/p>\n\n\n\n<p>Dodajmy, \u017ce \u015awiatowa Organizacja Zdrowia (WHO) w raporcie z 2019 roku stwierdzi\u0142a, \u017ce zgodnie z obecnym stanem wiedzy <strong>nie ma dowod\u00f3w na zagro\u017cenie zdrowia przez mikrodrobiny plastiku w wodzie pitnej<\/strong>.<\/p>\n\n\n\n<p>Zalet\u0105 polietylenu jest <strong>wysoka efektywno\u015b\u0107 kosmetyczna<\/strong>. Dodatkowo rzadko prowadzi do reakcji ubocznych, ma niski potencja\u0142 alergenny. Warto jednak zapami\u0119ta\u0107, \u017ce nie nale\u017cy go stosowa\u0107 na uszkodzon\u0105 sk\u00f3r\u0119 i nie jest zalecany w kosmetykach dla dzieci. Ponadto mechaniczne peelingi z polietylenem nie s\u0105 zalecane do cery tr\u0105dzikowej i problematycznej.<\/p>\n\n\n\n<h2 class=\"wp-block-heading\">W\u0142a\u015bciwo\u015bci kosmetyczne polietylenu<\/h2>\n\n\n\n<p><strong>Dlaczego tak ch\u0119tnie wykorzystuje si\u0119 polietylen w kosmetykach? <\/strong>Wynika to z w\u0142a\u015bciwo\u015bci oraz wysokiej efektywno\u015bci polietylenu, przy czym mo\u017ce by\u0107 stosowany do r\u00f3\u017cnych cel\u00f3w \u2013 do stabilizowania formu\u0142, emulgowania lub jako \u015brodek okluzyjny (filmotw\u00f3rczy).&nbsp;<\/p>\n\n\n\n<p><strong>Najwa\u017cniejsze w\u0142a\u015bciwo\u015bci polietylenu:<\/strong><\/p>\n\n\n\n<ul>\n<li>tworzy ochronny film zabezpieczaj\u0105cy przed utrat\u0105 wilgoci<\/li>\n\n\n\n<li>dobrze \u015bciera i poleruje<\/li>\n\n\n\n<li>poprawia lepko\u015b\u0107 i konsystencj\u0119 kosmetyku<\/li>\n\n\n\n<li>zmniejsza kruszenie si\u0119 kosmetyk\u00f3w w sztyfcie<\/li>\n<\/ul>\n\n\n\n<p>Polietylen s\u0142u\u017cy do \u0142\u0105czenia i utrzymywania razem bazy olejowej i p\u0142ynnej, co poprawia konsystencj\u0119 i zapobiega jej rozdzieleniu. Mo\u017ce by\u0107 stosowany do rozcie\u0144czania r\u00f3\u017cnych substancji sta\u0142ych lub do zwi\u0119kszania g\u0119sto\u015bci lipidowej (olejowej). Stosowany w <a href=\"https:\/\/triny.pl\/145-higiena-jamy-ustnej\">produktach do piel\u0119gnacji jamy ustnej<\/a> poleruje z\u0119by i pomaga usun\u0105\u0107 p\u0142ytk\u0119 naz\u0119bn\u0105, kt\u00f3ra mo\u017ce by\u0107 odpowiedzialna za nieprzyjemny zapach z ust.<\/p>\n\n\n\n<p>Polietylen niskocz\u0105steczkowy tworzy na powierzchni sk\u00f3ry, w\u0142os\u00f3w i paznokciach cienk\u0105 pow\u0142ok\u0119 ograniczaj\u0105c\u0105 nadmiern\u0105 utrat\u0119 wody z powierzchni. Dzi\u0119ki temu kondycjonuje, czyli zmi\u0119kcza i wyg\u0142adza.<\/p>\n\n\n\n<h2 class=\"wp-block-heading\">Alternatywy dla polietylenu<\/h2>\n\n\n\n<p>Wprawdzie polietylen uznawany jest za wysoce efektywny i bezpieczny w kosmetykach, zw\u0142aszcza myj\u0105cych jak peelingi i \u017cele do mycia cia\u0142a, ale istniej\u0105 alternatywy, kt\u00f3re warto rozwa\u017cy\u0107. Szczeg\u00f3lnie je\u015bli zale\u017cy Ci na <strong>naturalnej piel\u0119gnacji i losie planety<\/strong>. Polietylen to tworzywo sztuczne i chocia\u017cby dlatego warto unika\u0107 go w kosmetykach \u2013 zar\u00f3wno w ich sk\u0142adzie, jak i w opakowaniu.<\/p>\n\n\n\n<p>Je\u015bli chcesz zrezygnowa\u0107 z polietylenu i innych mikroplastik\u00f3w, masz do wyboru produkty naturalne, w kt\u00f3rych stosuje si\u0119 substancje zamienne ulegaj\u0105ce biodegradacji. Pocieszaj\u0105cy jest fakt, \u017ce nawet producenci kosmetyk\u00f3w drogeryjnych zacz\u0119li wprowadza\u0107 z\u0142uszczaj\u0105ce drobinki pochodz\u0105ce wprost z natury zamiast plastikowych kuleczek. Przyk\u0142adem jest <strong>rosn\u0105ca popularno\u015b\u0107 peeling\u00f3w z sol\u0105 lub cukrem do cia\u0142a<\/strong>. Ponadto zacz\u0119li zast\u0119powa\u0107 polietylen w formie emulgatora i stabilizatora, np. metyloceluloz\u0105 pochodzenia naturalnego.&nbsp;<\/p>\n\n\n\n<p><strong>Co stosuje si\u0119 zamiast polietylenu?<\/strong> W roli \u201ez\u0142uszczacza\u201d w <a href=\"https:\/\/triny.pl\/151-peelingi-do-ciala\">peelingach do cia\u0142a<\/a> doskonale sprawdzaj\u0105 si\u0119 komponenty owocowe jak nasiona i pestki. Mo\u017cesz spotka\u0107 si\u0119 ze zmielonymi \u0142upinami orzech\u00f3w i pestek owoc\u00f3w. Wykorzystuje si\u0119 r\u00f3wnie\u017c w\u0142\u00f3kna owocowe, kt\u00f3re s\u0105 suszone, a nast\u0119pnie przesiewane i mielone \u2013 one najcz\u0119\u015bciej wyst\u0119puj\u0105 w produktach przeznaczonych do delikatnej eksfoliacji (z\u0142uszczania).<\/p>\n\n\n\n<p><strong>Jakie s\u0105 alternatywy dla polietylenu w peelingach:<\/strong><\/p>\n\n\n\n<ul>\n<li>s\u00f3l<\/li>\n\n\n\n<li>cukier<\/li>\n\n\n\n<li>zmielone ziarna, pestki i nasiona ro\u015blin<\/li>\n\n\n\n<li>zmielone orzechy i \u0142upiny orzech\u00f3w<\/li>\n\n\n\n<li>zmielona kawa<\/li>\n\n\n\n<li>ziemia okrzemkowa<\/li>\n\n\n\n<li>sk\u00f3rki owoc\u00f3w<\/li>\n\n\n\n<li>celuloza<\/li>\n<\/ul>\n\n\n\n<p>W przypadku kosmetyk\u00f3w o dzia\u0142aniu nat\u0142uszczaj\u0105cym i zmi\u0119kczaj\u0105cym <strong>zamiast polietylenu stosuje si\u0119 np. wosk pszczeli lub wosk carnauba<\/strong>, kt\u00f3re tworz\u0105 na sk\u00f3rze ochronn\u0105 warstw\u0119 okluzyjn\u0105.<\/p>\n\n\n\n<p>W Triny promujemy \u015bwiadom\u0105 piel\u0119gnacj\u0119 bez kontrowersyjnych sk\u0142adnik\u00f3w, dlatego znajdziesz u nas kosmetyki naturalne bez polietylenu, kt\u00f3re znakomicie z\u0142uszczaj\u0105 i piel\u0119gnuj\u0105 sk\u00f3r\u0119. Poni\u017cej kilka naszych propozycji.<\/p>\n\n\n\n<p><strong>Te kosmetyki mog\u0105 Ci si\u0119 spodoba\u0107:<\/strong><\/p>\n\n\n<section class=\"slider-collage-carousel\" data-id=\"13558, 13389, 13659, 13679, 13701, 13667, 13606, 6830, 13536, 13333, 12830, 12766\"><ul class=\"collage collage-slider\"><li class=\"item\"><a href=\"https:\/\/triny.pl\/13558-joik-organic-odswiezajaca-sol-magnezowa-do-kapieli-stop.html\" target=\"_blank\"><picture><source srcset=\"https:\/\/static.triny.pl\/img\/p\/2\/2\/6\/2\/4\/22624-thickbox_default.webp\"  type=\"image\/webp\"><source srcset=\"https:\/\/static.triny.pl\/img\/p\/2\/2\/6\/2\/4\/22624-thickbox_default.jpg\"  type=\"image\/jpeg\"><img src=\"https:\/\/triny.pl\/blog\/wp-content\/themes\/triny\/assets\/img\/placeholder-600x600.png\" data-src=\"https:\/\/static.triny.pl\/img\/p\/2\/2\/6\/2\/4\/22624-thickbox_default.jpg\" class=\"tns-lazy-img\" alt=\"Organic &#8211; Od\u015bwie\u017caj\u0105ca s\u00f3l magnezowa do k\u0105pieli st\u00f3p\"><\/picture><div class=\"brand\">JOIK<\/div><div class=\"title\">Organic &#8211; Od\u015bwie\u017caj\u0105ca s\u00f3l magnezowa do k\u0105pieli st\u00f3p<\/div><\/a><a class=\"slider-collage-carousel__btn read-more-button\" href=\"https:\/\/triny.pl\/13558-joik-organic-odswiezajaca-sol-magnezowa-do-kapieli-stop.html\" target=\"_blank\">Zobacz<\/a><\/li><li class=\"item\"><a href=\"https:\/\/triny.pl\/13389-health-labs-care-krem-regenerujacy-glow-on.html\" target=\"_blank\"><picture><source srcset=\"https:\/\/static.triny.pl\/img\/p\/2\/2\/3\/0\/8\/22308-thickbox_default.webp\"  type=\"image\/webp\"><source srcset=\"https:\/\/static.triny.pl\/img\/p\/2\/2\/3\/0\/8\/22308-thickbox_default.jpg\"  type=\"image\/jpeg\"><img src=\"https:\/\/triny.pl\/blog\/wp-content\/themes\/triny\/assets\/img\/placeholder-600x600.png\" data-src=\"https:\/\/static.triny.pl\/img\/p\/2\/2\/3\/0\/8\/22308-thickbox_default.jpg\" class=\"tns-lazy-img\" alt=\"Krem regeneruj\u0105cy Glow On\"><\/picture><div class=\"brand\">Health Labs Care<\/div><div class=\"title\">Krem regeneruj\u0105cy Glow On<\/div><\/a><a class=\"slider-collage-carousel__btn read-more-button\" href=\"https:\/\/triny.pl\/13389-health-labs-care-krem-regenerujacy-glow-on.html\" target=\"_blank\">Zobacz<\/a><\/li><li class=\"item\"><a href=\"https:\/\/triny.pl\/13659-fluff-peeling-do-ciala-o-zapachu-slodkich-cukierkow.html\" target=\"_blank\"><picture><source srcset=\"https:\/\/static.triny.pl\/img\/p\/2\/2\/7\/4\/5\/22745-thickbox_default.webp\"  type=\"image\/webp\"><source srcset=\"https:\/\/static.triny.pl\/img\/p\/2\/2\/7\/4\/5\/22745-thickbox_default.jpg\"  type=\"image\/jpeg\"><img src=\"https:\/\/triny.pl\/blog\/wp-content\/themes\/triny\/assets\/img\/placeholder-600x600.png\" data-src=\"https:\/\/static.triny.pl\/img\/p\/2\/2\/7\/4\/5\/22745-thickbox_default.jpg\" class=\"tns-lazy-img\" alt=\"Peeling do cia\u0142a o zapachu s\u0142odkich cukierk\u00f3w\"><\/picture><div class=\"brand\">Fluff<\/div><div class=\"title\">Peeling do cia\u0142a o zapachu s\u0142odkich cukierk\u00f3w<\/div><\/a><a class=\"slider-collage-carousel__btn read-more-button\" href=\"https:\/\/triny.pl\/13659-fluff-peeling-do-ciala-o-zapachu-slodkich-cukierkow.html\" target=\"_blank\">Zobacz<\/a><\/li><li class=\"item\"><a href=\"https:\/\/triny.pl\/13679-yope-hydroaktywny-balsam-do-ciala-ukojona-skora-soft-fruits.html\" target=\"_blank\"><picture><source srcset=\"https:\/\/static.triny.pl\/img\/p\/2\/2\/7\/8\/2\/22782-thickbox_default.webp\"  type=\"image\/webp\"><source srcset=\"https:\/\/static.triny.pl\/img\/p\/2\/2\/7\/8\/2\/22782-thickbox_default.jpg\"  type=\"image\/jpeg\"><img src=\"https:\/\/triny.pl\/blog\/wp-content\/themes\/triny\/assets\/img\/placeholder-600x600.png\" data-src=\"https:\/\/static.triny.pl\/img\/p\/2\/2\/7\/8\/2\/22782-thickbox_default.jpg\" class=\"tns-lazy-img\" alt=\"Hydroaktywny balsam do cia\u0142a UKOJONA SK\u00d3RA &#8211; SOFT FRUITS\"><\/picture><div class=\"brand\">Yope<\/div><div class=\"title\">Hydroaktywny balsam do cia\u0142a UKOJONA SK\u00d3RA &#8211; SOFT FRUITS<\/div><\/a><a class=\"slider-collage-carousel__btn read-more-button\" href=\"https:\/\/triny.pl\/13679-yope-hydroaktywny-balsam-do-ciala-ukojona-skora-soft-fruits.html\" target=\"_blank\">Zobacz<\/a><\/li><li class=\"item\"><a href=\"https:\/\/triny.pl\/13701-hagi-naturalny-olejek-do-ciala-malinowy-chrusniak.html\" target=\"_blank\"><picture><source srcset=\"https:\/\/static.triny.pl\/img\/p\/2\/2\/8\/3\/1\/22831-thickbox_default.webp\"  type=\"image\/webp\"><source srcset=\"https:\/\/static.triny.pl\/img\/p\/2\/2\/8\/3\/1\/22831-thickbox_default.jpg\"  type=\"image\/jpeg\"><img src=\"https:\/\/triny.pl\/blog\/wp-content\/themes\/triny\/assets\/img\/placeholder-600x600.png\" data-src=\"https:\/\/static.triny.pl\/img\/p\/2\/2\/8\/3\/1\/22831-thickbox_default.jpg\" class=\"tns-lazy-img\" alt=\"Naturalny olejek do cia\u0142a Malinowy Chru\u015bniak\"><\/picture><div class=\"brand\">Hagi<\/div><div class=\"title\">Naturalny olejek do cia\u0142a Malinowy Chru\u015bniak<\/div><\/a><a class=\"slider-collage-carousel__btn read-more-button\" href=\"https:\/\/triny.pl\/13701-hagi-naturalny-olejek-do-ciala-malinowy-chrusniak.html\" target=\"_blank\">Zobacz<\/a><\/li><li class=\"item\"><a href=\"https:\/\/triny.pl\/13667-eeny-meeny-ochronny-balsam-do-ciala-uva-uvb-spf-50.html\" target=\"_blank\"><picture><source srcset=\"https:\/\/static.triny.pl\/img\/p\/2\/2\/7\/6\/5\/22765-thickbox_default.webp\"  type=\"image\/webp\"><source srcset=\"https:\/\/static.triny.pl\/img\/p\/2\/2\/7\/6\/5\/22765-thickbox_default.jpg\"  type=\"image\/jpeg\"><img src=\"https:\/\/triny.pl\/blog\/wp-content\/themes\/triny\/assets\/img\/placeholder-600x600.png\" data-src=\"https:\/\/static.triny.pl\/img\/p\/2\/2\/7\/6\/5\/22765-thickbox_default.jpg\" class=\"tns-lazy-img\" alt=\"Ochronny balsam do cia\u0142a UVA UVB SPF 50+\"><\/picture><div class=\"brand\">Eeny Meeny<\/div><div class=\"title\">Ochronny balsam do cia\u0142a UVA UVB SPF 50+<\/div><\/a><a class=\"slider-collage-carousel__btn read-more-button\" href=\"https:\/\/triny.pl\/13667-eeny-meeny-ochronny-balsam-do-ciala-uva-uvb-spf-50.html\" target=\"_blank\">Zobacz<\/a><\/li><li class=\"item\"><a href=\"https:\/\/triny.pl\/13606-bielenda-krem-dermorewitalizujacy-z-peptydem-miedzi-i-polinukleotydami.html\" target=\"_blank\"><picture><source srcset=\"https:\/\/static.triny.pl\/img\/p\/2\/2\/6\/7\/0\/22670-thickbox_default.webp\"  type=\"image\/webp\"><source srcset=\"https:\/\/static.triny.pl\/img\/p\/2\/2\/6\/7\/0\/22670-thickbox_default.jpg\"  type=\"image\/jpeg\"><img src=\"https:\/\/triny.pl\/blog\/wp-content\/themes\/triny\/assets\/img\/placeholder-600x600.png\" data-src=\"https:\/\/static.triny.pl\/img\/p\/2\/2\/6\/7\/0\/22670-thickbox_default.jpg\" class=\"tns-lazy-img\" alt=\"Krem dermorewitalizuj\u0105cy z Peptydem Miedzi i Polinukleotydami\"><\/picture><div class=\"brand\">Bielenda SupremeLab<\/div><div class=\"title\">Krem dermorewitalizuj\u0105cy z Peptydem Miedzi i Polinukleotydami<\/div><\/a><a class=\"slider-collage-carousel__btn read-more-button\" href=\"https:\/\/triny.pl\/13606-bielenda-krem-dermorewitalizujacy-z-peptydem-miedzi-i-polinukleotydami.html\" target=\"_blank\">Zobacz<\/a><\/li><li class=\"item\"><a href=\"https:\/\/triny.pl\/6830-organic-life-balsam-do-mycia-i-demakijazu-twarzy-do-cery-naczynkowej-redness-solution.html\" target=\"_blank\"><picture><source srcset=\"https:\/\/static.triny.pl\/img\/p\/9\/2\/2\/5\/9225-thickbox_default.webp\"  type=\"image\/webp\"><source srcset=\"https:\/\/static.triny.pl\/img\/p\/9\/2\/2\/5\/9225-thickbox_default.jpg\"  type=\"image\/jpeg\"><img src=\"https:\/\/triny.pl\/blog\/wp-content\/themes\/triny\/assets\/img\/placeholder-600x600.png\" data-src=\"https:\/\/static.triny.pl\/img\/p\/9\/2\/2\/5\/9225-thickbox_default.jpg\" class=\"tns-lazy-img\" alt=\"Balsam do mycia i demakija\u017cu twarzy do cery naczynkowej &#8211; Redness Solution\"><\/picture><div class=\"brand\">Organic Life<\/div><div class=\"title\">Balsam do mycia i demakija\u017cu twarzy do cery naczynkowej &#8211; Redness Solution<\/div><\/a><a class=\"slider-collage-carousel__btn read-more-button\" href=\"https:\/\/triny.pl\/6830-organic-life-balsam-do-mycia-i-demakijazu-twarzy-do-cery-naczynkowej-redness-solution.html\" target=\"_blank\">Zobacz<\/a><\/li><li class=\"item\"><a href=\"https:\/\/triny.pl\/13536-nowa-kosmetyka-maseczka-z-kurkuma-dla-odwaznych.html\" target=\"_blank\"><picture><source srcset=\"https:\/\/static.triny.pl\/img\/p\/2\/2\/5\/1\/2\/22512-thickbox_default.webp\"  type=\"image\/webp\"><source srcset=\"https:\/\/static.triny.pl\/img\/p\/2\/2\/5\/1\/2\/22512-thickbox_default.jpg\"  type=\"image\/jpeg\"><img src=\"https:\/\/triny.pl\/blog\/wp-content\/themes\/triny\/assets\/img\/placeholder-600x600.png\" data-src=\"https:\/\/static.triny.pl\/img\/p\/2\/2\/5\/1\/2\/22512-thickbox_default.jpg\" class=\"tns-lazy-img\" alt=\"Maseczka z kurkum\u0105 dla odwa\u017cnych\"><\/picture><div class=\"brand\">Nowa Kosmetyka<\/div><div class=\"title\">Maseczka z kurkum\u0105 dla odwa\u017cnych<\/div><\/a><a class=\"slider-collage-carousel__btn read-more-button\" href=\"https:\/\/triny.pl\/13536-nowa-kosmetyka-maseczka-z-kurkuma-dla-odwaznych.html\" target=\"_blank\">Zobacz<\/a><\/li><li class=\"item\"><a href=\"https:\/\/triny.pl\/13333-nacomi-serum-do-twarzy-glass-skin.html\" target=\"_blank\"><picture><source srcset=\"https:\/\/static.triny.pl\/img\/p\/2\/2\/2\/2\/7\/22227-thickbox_default.webp\"  type=\"image\/webp\"><source srcset=\"https:\/\/static.triny.pl\/img\/p\/2\/2\/2\/2\/7\/22227-thickbox_default.jpg\"  type=\"image\/jpeg\"><img src=\"https:\/\/triny.pl\/blog\/wp-content\/themes\/triny\/assets\/img\/placeholder-600x600.png\" data-src=\"https:\/\/static.triny.pl\/img\/p\/2\/2\/2\/2\/7\/22227-thickbox_default.jpg\" class=\"tns-lazy-img\" alt=\"Serum do twarzy &#8211; Glass Skin\"><\/picture><div class=\"brand\">Nacomi<\/div><div class=\"title\">Serum do twarzy &#8211; Glass Skin<\/div><\/a><a class=\"slider-collage-carousel__btn read-more-button\" href=\"https:\/\/triny.pl\/13333-nacomi-serum-do-twarzy-glass-skin.html\" target=\"_blank\">Zobacz<\/a><\/li><li class=\"item\"><a href=\"https:\/\/triny.pl\/12830-laq-lama-zel-do-mycia-i-szampon-2w1-o-zapachu-owocow-tropikalnych.html\" target=\"_blank\"><picture><source srcset=\"https:\/\/static.triny.pl\/img\/p\/2\/1\/0\/6\/0\/21060-thickbox_default.webp\"  type=\"image\/webp\"><source srcset=\"https:\/\/static.triny.pl\/img\/p\/2\/1\/0\/6\/0\/21060-thickbox_default.jpg\"  type=\"image\/jpeg\"><img src=\"https:\/\/triny.pl\/blog\/wp-content\/themes\/triny\/assets\/img\/placeholder-600x600.png\" data-src=\"https:\/\/static.triny.pl\/img\/p\/2\/1\/0\/6\/0\/21060-thickbox_default.jpg\" class=\"tns-lazy-img\" alt=\"Lama &#8211; \u017cel do mycia i szampon 2w1 o zapachu owoc\u00f3w tropikalnych\"><\/picture><div class=\"brand\">LAQ<\/div><div class=\"title\">Lama &#8211; \u017cel do mycia i szampon 2w1 o zapachu owoc\u00f3w tropikalnych<\/div><\/a><a class=\"slider-collage-carousel__btn read-more-button\" href=\"https:\/\/triny.pl\/12830-laq-lama-zel-do-mycia-i-szampon-2w1-o-zapachu-owocow-tropikalnych.html\" target=\"_blank\">Zobacz<\/a><\/li><\/ul><\/section>\n\n\n\n<h2 class=\"wp-block-heading\">Podsumowanie<\/h2>\n\n\n\n<p>O polietylenie jest g\u0142o\u015bno w zwi\u0105zku z zanieczyszczeniem \u015brodowiska mikroplastikiem. W niekt\u00f3rych krajach problem praktycznie nie wyst\u0119puje z prostej przyczyny \u2013 mikrogranulki zosta\u0142y zakazane w produktach kosmetycznych i chemicznych do sp\u0142ukiwania, dzi\u0119ki czemu ich u\u017cycie w kosmetykach zmniejszy\u0142o si\u0119 o 97,6% w latach 2012-2017 (za: raport Cosmetics Europe). Je\u015bli chodzi o rynek polski, to mikrodrobiny plastiku wci\u0105\u017c s\u0105 stosowane w kosmetykach.<\/p>\n\n\n\n<p>Opr\u00f3cz tego w kosmetykach wyst\u0119puje polietylen ciek\u0142y, kt\u00f3ry jest bezpieczny dla zdrowia i \u015brodowiska \u2013 takie stanowisko reprezentuje wiele \u015bwiatowych i proekologicznych organizacji. Stosuje si\u0119 jego posta\u0107 p\u0142ynn\u0105, a zgodnie z aktualnym stanem wiedzy, polimery ciek\u0142e nie stanowi\u0105 zagro\u017cenia ani dla zdrowia ludzkiego, ani dla \u015brodowiska i organizm\u00f3w wodnych. Co wi\u0119cej, dobrze sobie z nim radz\u0105 oczyszczalnie \u015bciek\u00f3w.<\/p>\n\n\n\n<p>Czy zatem unika\u0107 polietylenu? Obecno\u015b\u0107 mikroplastik\u00f3w w \u015brodowisku naturalnym jest problemem, i to powa\u017cnym. <strong>Dlatego warto unika\u0107 kosmetyk\u00f3w z mikrodrobinkami<\/strong>.<\/p>\n\n\n\n<p>Je\u015bli zale\u017cy Ci na \u015bwiadomej piel\u0119gnacji i chcesz mie\u0107 pewno\u015b\u0107, \u017ce w \u017caden spos\u00f3b nie przyczyniasz si\u0119 do zanieczyszczenia \u015brodowiska,<strong> postaw na kosmetyki naturalne<\/strong>. W ich produkcji zamiast polietylenu wykorzystuje si\u0119 sk\u0142adniki, kt\u00f3re s\u0105 bardziej przyjazne dla sk\u00f3ry i \u015brodowiska, w tym dobrze Ci znane jak s\u00f3l, kawa czy woski naturalne. Nie wspominaj\u0105c, \u017ce takie produkty cz\u0119sto skrywaj\u0105 bogactwo innych sk\u0142adnik\u00f3w aktywnych o wysokim potencjale piel\u0119gnuj\u0105cym. Twoja sk\u00f3ra b\u0119dzie Ci wdzi\u0119czna!<\/p>\n\n\n\n<p><strong><em>Czy unikasz polietylenu lub innych mikroplastik\u00f3w w kosmetykach? A mo\u017ce masz inne alternatywy dla niego? Podziel si\u0119 w komentarzu!<\/em><\/strong><\/p>\n\n\n\n<p>Bibliografia:<\/p>\n\n\n\n<ol>\n<li>\u201e<a href=\"https:\/\/www.chemiaibiznes.com.pl\/artykuly\/mikroplastiki-nie-taki-maly-problem\">Mikroplastiki \u2013 nie taki ma\u0142y problem<\/a>\u201d, kwartalnik \u201eChemia i biznes. Rynek kosmetyczny i chemii gospodarczej\u201d nr 4\/2016 (Chemiaibiznes.pl).<\/li>\n\n\n\n<li>Dr in\u017c. Magdalena Sikora, \u201e<a href=\"https:\/\/lupakosmetyczna.pl\/porady-ekspertow\/mikroplastiki-jezeli-nie-polietylen-to-co\">Mikroplastiki&#8230; Je\u017celi nie polietylen, to co?<\/a>\u201d, Lupa Kosmetyczna 04.02.2021 (LupaKosmetyczna.pl).<\/li>\n\n\n\n<li>Mgr farm. Micha\u0142 Rudko, \u201e<a href=\"https:\/\/pharmacopola.pl\/polimery-w-farmacji-czesc-i-masa-makroczastek\/\">Polimery w farmacji. Cz\u0119\u015b\u0107 I: masa makrocz\u0105stek<\/a>\u201d, Pharmacopola, numer 3\/2021 (Pharmacopola.pl).<\/li>\n\n\n\n<li>Iwona Stachurek, \u201eProblemy z biodegradacj\u0105 tworzyw sztucznych w \u015brodowisku\u201d, Zeszyty Naukowe Wy\u017cszej Szko\u0142y Zarz\u0105dzania Ochron\u0105 Pracy w Katowicach nr 1(8)\/2012, s. 74-108.<\/li>\n\n\n\n<li>\u201e<a href=\"https:\/\/www.kosmopedia.org\/o-tym-sie-mowi\/mikroplastiki-mikrodrobiny-polimery-krotkie-abc-dla-uzytkownikow-kosmetykow\/\">Mikroplastiki, mikrodrobiny, polimery. Kr\u00f3tkie ABC dla u\u017cytkownik\u00f3w kosmetyk\u00f3w!<\/a>\u201d (Kosmopedia.org)<\/li>\n<\/ol>\n\n\n\n<p>PS Poczytaj r\u00f3wnie\u017c o innym \u201ekontrowersyjnym\u201d sk\u0142adniku, a mianowicie o glikolu polietylenowym, czyli popularnym PEG-u:<\/p>\n\n\n\n<figure class=\"wp-block-embed is-type-wp-embed is-provider-blog-triny-pl wp-block-embed-blog-triny-pl\"><div class=\"wp-block-embed__wrapper\">\n<blockquote class=\"wp-embedded-content\" data-secret=\"DBy9ZKZmb0\"><a href=\"https:\/\/triny.pl\/blog\/glikol-polietylenowy-peg-w-kosmetykach-wlasciwosci-zastosowanie-i-bezpieczenstwo\/\">Glikol polietylenowy (PEG) w kosmetykach \u2013 w\u0142a\u015bciwo\u015bci, zastosowanie i bezpiecze\u0144stwo<\/a><\/blockquote><iframe class=\"wp-embedded-content\" sandbox=\"allow-scripts\" security=\"restricted\" style=\"position: absolute; clip: rect(1px, 1px, 1px, 1px);\" title=\"&#8222;Glikol polietylenowy (PEG) w kosmetykach \u2013 w\u0142a\u015bciwo\u015bci, zastosowanie i bezpiecze\u0144stwo&#8221; &#8212; Blog Triny.pl\" src=\"https:\/\/triny.pl\/blog\/glikol-polietylenowy-peg-w-kosmetykach-wlasciwosci-zastosowanie-i-bezpieczenstwo\/embed\/#?secret=Z6IZZRyKA9#?secret=DBy9ZKZmb0\" data-secret=\"DBy9ZKZmb0\" width=\"600\" height=\"338\" frameborder=\"0\" marginwidth=\"0\" marginheight=\"0\" scrolling=\"no\"><\/iframe>\n<\/div><\/figure>\n","protected":false},"excerpt":{"rendered":"<p>Polietylen (Polyethylene) jest ch\u0119tnie stosowany przez bran\u017c\u0119 kosmetyczn\u0105 ze wzgl\u0119du na jego w\u0142a\u015bciwo\u015bci oraz trwa\u0142o\u015b\u0107. Jako substancja syntetyczna budzi sporo kontrowersji,&#8230;<\/p>\n","protected":false},"author":21,"featured_media":26676,"comment_status":"open","ping_status":"open","sticky":false,"template":"","format":"standard","meta":{"footnotes":""},"categories":[8019,8186],"tags":[],"acf":[],"yoast_head":"<!-- This site is optimized with the Yoast SEO plugin v21.1 - https:\/\/yoast.com\/wordpress\/plugins\/seo\/ -->\n<title>Polietylen (Polyethylene) w kosmetykach \u2013 w\u0142a\u015bciwo\u015bci, zastosowanie i alternatywy<\/title>\n<meta name=\"robots\" content=\"index, follow, max-snippet:-1, max-image-preview:large, max-video-preview:-1\" \/>\n<link rel=\"canonical\" href=\"https:\/\/triny.pl\/blog\/polietylen-polyethylene-w-kosmetykach-wlasciwosci-zastosowanie-i-alternatywy\/\" \/>\n<meta property=\"og:locale\" content=\"pl_PL\" \/>\n<meta property=\"og:type\" content=\"article\" \/>\n<meta property=\"og:title\" content=\"Polietylen (Polyethylene) w kosmetykach \u2013 w\u0142a\u015bciwo\u015bci, zastosowanie i alternatywy\" \/>\n<meta property=\"og:description\" content=\"Polietylen (Polyethylene) jest ch\u0119tnie stosowany przez bran\u017c\u0119 kosmetyczn\u0105 ze wzgl\u0119du na jego w\u0142a\u015bciwo\u015bci oraz trwa\u0142o\u015b\u0107. Jako substancja syntetyczna budzi sporo kontrowersji,...\" \/>\n<meta property=\"og:url\" content=\"https:\/\/triny.pl\/blog\/polietylen-polyethylene-w-kosmetykach-wlasciwosci-zastosowanie-i-alternatywy\/\" \/>\n<meta property=\"og:site_name\" content=\"Blog Triny.pl\" \/>\n<meta property=\"article:publisher\" content=\"https:\/\/www.facebook.com\/trinysklep\" \/>\n<meta property=\"article:published_time\" content=\"2023-05-24T09:31:36+00:00\" \/>\n<meta property=\"article:modified_time\" content=\"2023-05-24T09:47:06+00:00\" \/>\n<meta property=\"og:image\" content=\"https:\/\/triny.pl\/blog\/wp-content\/uploads\/2023\/05\/polietylen.jpeg\" \/>\n\t<meta property=\"og:image:width\" content=\"1200\" \/>\n\t<meta property=\"og:image:height\" content=\"800\" \/>\n\t<meta property=\"og:image:type\" content=\"image\/jpeg\" \/>\n<meta name=\"author\" content=\"Marysia Wajda\" \/>\n<meta name=\"twitter:label1\" content=\"Napisane przez\" \/>\n\t<meta name=\"twitter:data1\" content=\"Marysia Wajda\" \/>\n\t<meta name=\"twitter:label2\" content=\"Szacowany czas czytania\" \/>\n\t<meta name=\"twitter:data2\" content=\"11 minut\" \/>\n<script type=\"application\/ld+json\" class=\"yoast-schema-graph\">{\"@context\":\"https:\/\/schema.org\",\"@graph\":[{\"@type\":\"Article\",\"@id\":\"https:\/\/triny.pl\/blog\/polietylen-polyethylene-w-kosmetykach-wlasciwosci-zastosowanie-i-alternatywy\/#article\",\"isPartOf\":{\"@id\":\"https:\/\/triny.pl\/blog\/polietylen-polyethylene-w-kosmetykach-wlasciwosci-zastosowanie-i-alternatywy\/\"},\"author\":{\"name\":\"Marysia Wajda\",\"@id\":\"https:\/\/triny.pl\/blog\/#\/schema\/person\/1f0cf312784bf4debdc7de4be1475777\"},\"headline\":\"Polietylen (Polyethylene) w kosmetykach \u2013 w\u0142a\u015bciwo\u015bci, zastosowanie i alternatywy\",\"datePublished\":\"2023-05-24T09:31:36+00:00\",\"dateModified\":\"2023-05-24T09:47:06+00:00\",\"mainEntityOfPage\":{\"@id\":\"https:\/\/triny.pl\/blog\/polietylen-polyethylene-w-kosmetykach-wlasciwosci-zastosowanie-i-alternatywy\/\"},\"wordCount\":2243,\"commentCount\":0,\"publisher\":{\"@id\":\"https:\/\/triny.pl\/blog\/#organization\"},\"articleSection\":[\"Porady\",\"S\u0142ownik\"],\"inLanguage\":\"pl-PL\",\"potentialAction\":[{\"@type\":\"CommentAction\",\"name\":\"Comment\",\"target\":[\"https:\/\/triny.pl\/blog\/polietylen-polyethylene-w-kosmetykach-wlasciwosci-zastosowanie-i-alternatywy\/#respond\"]}]},{\"@type\":\"WebPage\",\"@id\":\"https:\/\/triny.pl\/blog\/polietylen-polyethylene-w-kosmetykach-wlasciwosci-zastosowanie-i-alternatywy\/\",\"url\":\"https:\/\/triny.pl\/blog\/polietylen-polyethylene-w-kosmetykach-wlasciwosci-zastosowanie-i-alternatywy\/\",\"name\":\"Polietylen (Polyethylene) w kosmetykach \u2013 w\u0142a\u015bciwo\u015bci, zastosowanie i alternatywy\",\"isPartOf\":{\"@id\":\"https:\/\/triny.pl\/blog\/#website\"},\"datePublished\":\"2023-05-24T09:31:36+00:00\",\"dateModified\":\"2023-05-24T09:47:06+00:00\",\"breadcrumb\":{\"@id\":\"https:\/\/triny.pl\/blog\/polietylen-polyethylene-w-kosmetykach-wlasciwosci-zastosowanie-i-alternatywy\/#breadcrumb\"},\"inLanguage\":\"pl-PL\",\"potentialAction\":[{\"@type\":\"ReadAction\",\"target\":[\"https:\/\/triny.pl\/blog\/polietylen-polyethylene-w-kosmetykach-wlasciwosci-zastosowanie-i-alternatywy\/\"]}]},{\"@type\":\"BreadcrumbList\",\"@id\":\"https:\/\/triny.pl\/blog\/polietylen-polyethylene-w-kosmetykach-wlasciwosci-zastosowanie-i-alternatywy\/#breadcrumb\",\"itemListElement\":[{\"@type\":\"ListItem\",\"position\":1,\"name\":\"Strona g\u0142\u00f3wna\",\"item\":\"https:\/\/triny.pl\/blog\/\"},{\"@type\":\"ListItem\",\"position\":2,\"name\":\"Polietylen (Polyethylene) w kosmetykach \u2013 w\u0142a\u015bciwo\u015bci, zastosowanie i alternatywy\"}]},{\"@type\":\"WebSite\",\"@id\":\"https:\/\/triny.pl\/blog\/#website\",\"url\":\"https:\/\/triny.pl\/blog\/\",\"name\":\"Blog Triny.pl\",\"description\":\"Naturalna piel\u0119gnacja bez tajemnic! Pokazujemy jak dba\u0107 o cia\u0142o i w\u0142osy dla optymalnych, d\u0142ugotrwa\u0142ych efekt\u00f3w. Sprawd\u017a te ma\u0142o znane triki :)\",\"publisher\":{\"@id\":\"https:\/\/triny.pl\/blog\/#organization\"},\"potentialAction\":[{\"@type\":\"SearchAction\",\"target\":{\"@type\":\"EntryPoint\",\"urlTemplate\":\"https:\/\/triny.pl\/blog\/?s={search_term_string}\"},\"query-input\":\"required name=search_term_string\"}],\"inLanguage\":\"pl-PL\"},{\"@type\":\"Organization\",\"@id\":\"https:\/\/triny.pl\/blog\/#organization\",\"name\":\"Triny Sp. z o. o.\",\"url\":\"https:\/\/triny.pl\/blog\/\",\"logo\":{\"@type\":\"ImageObject\",\"inLanguage\":\"pl-PL\",\"@id\":\"https:\/\/triny.pl\/blog\/#\/schema\/logo\/image\/\",\"url\":\"https:\/\/triny.pl\/blog\/wp-content\/uploads\/2020\/08\/logo-triny.png\",\"contentUrl\":\"https:\/\/triny.pl\/blog\/wp-content\/uploads\/2020\/08\/logo-triny.png\",\"width\":190,\"height\":78,\"caption\":\"Triny Sp. z o. o.\"},\"image\":{\"@id\":\"https:\/\/triny.pl\/blog\/#\/schema\/logo\/image\/\"},\"sameAs\":[\"https:\/\/www.facebook.com\/trinysklep\",\"https:\/\/www.instagram.com\/trinysklep\/\",\"https:\/\/pl.pinterest.com\/trinypl\/_created\/\"]},{\"@type\":\"Person\",\"@id\":\"https:\/\/triny.pl\/blog\/#\/schema\/person\/1f0cf312784bf4debdc7de4be1475777\",\"name\":\"Marysia Wajda\",\"description\":\"Cze\u015b\u0107! Nazywam si\u0119 Marysia i jestem wielk\u0105 fank\u0105 naturalnej piel\u0119gnacji. Od dawna stosuj\u0119 wy\u0142\u0105cznie kosmetyki naturalne, zwracaj\u0105c bacznie uwag\u0119 na ich sk\u0142ad. Lubi\u0119 testowa\u0107 nowe produkty oraz rozwi\u0105zania urodowe i ch\u0119tnie si\u0119 podziel\u0119 wynikami moich eksperyment\u00f3w na tym blogu. Staram si\u0119 \u017cy\u0107 w zgodzie z natur\u0105 i w stylu zero waste, wi\u0119c ch\u0119tnie b\u0119d\u0119 przekazywa\u0107 Wam r\u00f3wnie\u017c pomys\u0142y na ponownie wykorzystanie kosmetyk\u00f3w i nie tylko. Zapraszam do obserwowania profilu na Facebooku, w kt\u00f3rym zamieszczane s\u0105 codziennie ciekawostki, porady, najlepsze kosmetyki naturalne: https:\/\/www.facebook.com\/trinysklep\",\"url\":\"https:\/\/triny.pl\/blog\/author\/marysia\/\"}]}<\/script>\n<!-- \/ Yoast SEO plugin. -->","yoast_head_json":{"title":"Polietylen (Polyethylene) w kosmetykach \u2013 w\u0142a\u015bciwo\u015bci, zastosowanie i alternatywy","robots":{"index":"index","follow":"follow","max-snippet":"max-snippet:-1","max-image-preview":"max-image-preview:large","max-video-preview":"max-video-preview:-1"},"canonical":"https:\/\/triny.pl\/blog\/polietylen-polyethylene-w-kosmetykach-wlasciwosci-zastosowanie-i-alternatywy\/","og_locale":"pl_PL","og_type":"article","og_title":"Polietylen (Polyethylene) w kosmetykach \u2013 w\u0142a\u015bciwo\u015bci, zastosowanie i alternatywy","og_description":"Polietylen (Polyethylene) jest ch\u0119tnie stosowany przez bran\u017c\u0119 kosmetyczn\u0105 ze wzgl\u0119du na jego w\u0142a\u015bciwo\u015bci oraz trwa\u0142o\u015b\u0107. Jako substancja syntetyczna budzi sporo kontrowersji,...","og_url":"https:\/\/triny.pl\/blog\/polietylen-polyethylene-w-kosmetykach-wlasciwosci-zastosowanie-i-alternatywy\/","og_site_name":"Blog Triny.pl","article_publisher":"https:\/\/www.facebook.com\/trinysklep","article_published_time":"2023-05-24T09:31:36+00:00","article_modified_time":"2023-05-24T09:47:06+00:00","og_image":[{"width":1200,"height":800,"url":"https:\/\/triny.pl\/blog\/wp-content\/uploads\/2023\/05\/polietylen.jpeg","type":"image\/jpeg"}],"author":"Marysia Wajda","twitter_misc":{"Napisane przez":"Marysia Wajda","Szacowany czas czytania":"11 minut"},"schema":{"@context":"https:\/\/schema.org","@graph":[{"@type":"Article","@id":"https:\/\/triny.pl\/blog\/polietylen-polyethylene-w-kosmetykach-wlasciwosci-zastosowanie-i-alternatywy\/#article","isPartOf":{"@id":"https:\/\/triny.pl\/blog\/polietylen-polyethylene-w-kosmetykach-wlasciwosci-zastosowanie-i-alternatywy\/"},"author":{"name":"Marysia Wajda","@id":"https:\/\/triny.pl\/blog\/#\/schema\/person\/1f0cf312784bf4debdc7de4be1475777"},"headline":"Polietylen (Polyethylene) w kosmetykach \u2013 w\u0142a\u015bciwo\u015bci, zastosowanie i alternatywy","datePublished":"2023-05-24T09:31:36+00:00","dateModified":"2023-05-24T09:47:06+00:00","mainEntityOfPage":{"@id":"https:\/\/triny.pl\/blog\/polietylen-polyethylene-w-kosmetykach-wlasciwosci-zastosowanie-i-alternatywy\/"},"wordCount":2243,"commentCount":0,"publisher":{"@id":"https:\/\/triny.pl\/blog\/#organization"},"articleSection":["Porady","S\u0142ownik"],"inLanguage":"pl-PL","potentialAction":[{"@type":"CommentAction","name":"Comment","target":["https:\/\/triny.pl\/blog\/polietylen-polyethylene-w-kosmetykach-wlasciwosci-zastosowanie-i-alternatywy\/#respond"]}]},{"@type":"WebPage","@id":"https:\/\/triny.pl\/blog\/polietylen-polyethylene-w-kosmetykach-wlasciwosci-zastosowanie-i-alternatywy\/","url":"https:\/\/triny.pl\/blog\/polietylen-polyethylene-w-kosmetykach-wlasciwosci-zastosowanie-i-alternatywy\/","name":"Polietylen (Polyethylene) w kosmetykach \u2013 w\u0142a\u015bciwo\u015bci, zastosowanie i alternatywy","isPartOf":{"@id":"https:\/\/triny.pl\/blog\/#website"},"datePublished":"2023-05-24T09:31:36+00:00","dateModified":"2023-05-24T09:47:06+00:00","breadcrumb":{"@id":"https:\/\/triny.pl\/blog\/polietylen-polyethylene-w-kosmetykach-wlasciwosci-zastosowanie-i-alternatywy\/#breadcrumb"},"inLanguage":"pl-PL","potentialAction":[{"@type":"ReadAction","target":["https:\/\/triny.pl\/blog\/polietylen-polyethylene-w-kosmetykach-wlasciwosci-zastosowanie-i-alternatywy\/"]}]},{"@type":"BreadcrumbList","@id":"https:\/\/triny.pl\/blog\/polietylen-polyethylene-w-kosmetykach-wlasciwosci-zastosowanie-i-alternatywy\/#breadcrumb","itemListElement":[{"@type":"ListItem","position":1,"name":"Strona g\u0142\u00f3wna","item":"https:\/\/triny.pl\/blog\/"},{"@type":"ListItem","position":2,"name":"Polietylen (Polyethylene) w kosmetykach \u2013 w\u0142a\u015bciwo\u015bci, zastosowanie i alternatywy"}]},{"@type":"WebSite","@id":"https:\/\/triny.pl\/blog\/#website","url":"https:\/\/triny.pl\/blog\/","name":"Blog Triny.pl","description":"Naturalna piel\u0119gnacja bez tajemnic! Pokazujemy jak dba\u0107 o cia\u0142o i w\u0142osy dla optymalnych, d\u0142ugotrwa\u0142ych efekt\u00f3w. Sprawd\u017a te ma\u0142o znane triki :)","publisher":{"@id":"https:\/\/triny.pl\/blog\/#organization"},"potentialAction":[{"@type":"SearchAction","target":{"@type":"EntryPoint","urlTemplate":"https:\/\/triny.pl\/blog\/?s={search_term_string}"},"query-input":"required name=search_term_string"}],"inLanguage":"pl-PL"},{"@type":"Organization","@id":"https:\/\/triny.pl\/blog\/#organization","name":"Triny Sp. z o. o.","url":"https:\/\/triny.pl\/blog\/","logo":{"@type":"ImageObject","inLanguage":"pl-PL","@id":"https:\/\/triny.pl\/blog\/#\/schema\/logo\/image\/","url":"https:\/\/triny.pl\/blog\/wp-content\/uploads\/2020\/08\/logo-triny.png","contentUrl":"https:\/\/triny.pl\/blog\/wp-content\/uploads\/2020\/08\/logo-triny.png","width":190,"height":78,"caption":"Triny Sp. z o. o."},"image":{"@id":"https:\/\/triny.pl\/blog\/#\/schema\/logo\/image\/"},"sameAs":["https:\/\/www.facebook.com\/trinysklep","https:\/\/www.instagram.com\/trinysklep\/","https:\/\/pl.pinterest.com\/trinypl\/_created\/"]},{"@type":"Person","@id":"https:\/\/triny.pl\/blog\/#\/schema\/person\/1f0cf312784bf4debdc7de4be1475777","name":"Marysia Wajda","description":"Cze\u015b\u0107! Nazywam si\u0119 Marysia i jestem wielk\u0105 fank\u0105 naturalnej piel\u0119gnacji. Od dawna stosuj\u0119 wy\u0142\u0105cznie kosmetyki naturalne, zwracaj\u0105c bacznie uwag\u0119 na ich sk\u0142ad. Lubi\u0119 testowa\u0107 nowe produkty oraz rozwi\u0105zania urodowe i ch\u0119tnie si\u0119 podziel\u0119 wynikami moich eksperyment\u00f3w na tym blogu. Staram si\u0119 \u017cy\u0107 w zgodzie z natur\u0105 i w stylu zero waste, wi\u0119c ch\u0119tnie b\u0119d\u0119 przekazywa\u0107 Wam r\u00f3wnie\u017c pomys\u0142y na ponownie wykorzystanie kosmetyk\u00f3w i nie tylko. Zapraszam do obserwowania profilu na Facebooku, w kt\u00f3rym zamieszczane s\u0105 codziennie ciekawostki, porady, najlepsze kosmetyki naturalne: https:\/\/www.facebook.com\/trinysklep","url":"https:\/\/triny.pl\/blog\/author\/marysia\/"}]}},"voteUp":"0","voteDown":"0","authorInfo":{"photo":"https:\/\/triny.pl\/blog\/wp-content\/themes\/triny\/assets\/img\/default-avatar.jpg","url":"https:\/\/triny.pl\/blog\/author\/marysia\/","name":"Marysia Wajda"},"media":{"full":"https:\/\/triny.pl\/blog\/wp-content\/uploads\/2023\/05\/polietylen.jpeg","desktop":"https:\/\/triny.pl\/blog\/wp-content\/uploads\/2023\/05\/polietylen-505x250.jpeg","mobile":"https:\/\/triny.pl\/blog\/wp-content\/uploads\/2023\/05\/polietylen-375x190.jpeg"},"_links":{"self":[{"href":"https:\/\/triny.pl\/blog\/wp-json\/wp\/v2\/posts\/26675"}],"collection":[{"href":"https:\/\/triny.pl\/blog\/wp-json\/wp\/v2\/posts"}],"about":[{"href":"https:\/\/triny.pl\/blog\/wp-json\/wp\/v2\/types\/post"}],"author":[{"embeddable":true,"href":"https:\/\/triny.pl\/blog\/wp-json\/wp\/v2\/users\/21"}],"replies":[{"embeddable":true,"href":"https:\/\/triny.pl\/blog\/wp-json\/wp\/v2\/comments?post=26675"}],"version-history":[{"count":2,"href":"https:\/\/triny.pl\/blog\/wp-json\/wp\/v2\/posts\/26675\/revisions"}],"predecessor-version":[{"id":26682,"href":"https:\/\/triny.pl\/blog\/wp-json\/wp\/v2\/posts\/26675\/revisions\/26682"}],"wp:featuredmedia":[{"embeddable":true,"href":"https:\/\/triny.pl\/blog\/wp-json\/wp\/v2\/media\/26676"}],"wp:attachment":[{"href":"https:\/\/triny.pl\/blog\/wp-json\/wp\/v2\/media?parent=26675"}],"wp:term":[{"taxonomy":"category","embeddable":true,"href":"https:\/\/triny.pl\/blog\/wp-json\/wp\/v2\/categories?post=26675"},{"taxonomy":"post_tag","embeddable":true,"href":"https:\/\/triny.pl\/blog\/wp-json\/wp\/v2\/tags?post=26675"}],"curies":[{"name":"wp","href":"https:\/\/api.w.org\/{rel}","templated":true}]}}