{"id":27044,"date":"2023-06-24T11:15:30","date_gmt":"2023-06-24T09:15:30","guid":{"rendered":"https:\/\/triny.pl\/blog\/?p=27044"},"modified":"2023-09-01T10:17:03","modified_gmt":"2023-09-01T08:17:03","slug":"depilacja-laserowa-czy-warto-ja-wykonac","status":"publish","type":"post","link":"https:\/\/triny.pl\/blog\/depilacja-laserowa-czy-warto-ja-wykonac\/","title":{"rendered":"Depilacja laserowa &#8211; czy warto j\u0105 wykona\u0107?"},"content":{"rendered":"\n<p>Depilacja laserowa to temat, kt\u00f3ry zyskuje na popularno\u015bci w\u015br\u00f3d kobiet na ca\u0142ym \u015bwiecie. Wiele z nas marzy o g\u0142adkiej, jedwabistej sk\u00f3rze bez konieczno\u015bci codziennego golenia czy te\u017c bolesnej depilacji woskiem. Odnajduj\u0105c swoje rozwi\u0105zanie w technologii laserowej, wiele z nas zastanawia si\u0119, czy to w\u0142a\u015bciwy wyb\u00f3r. Czy depilacja laserowa jest bezpieczna? Czy jest skuteczna? Dla kogo jest przeznaczona i jak przebiega taki zabieg?<\/p>\n\n\n\n<p>W tym artykule przygotowa\u0142am dla Ciebie kompleksowy przewodnik po depilacji laserowej. Om\u00f3wimy wszystko, co musisz wiedzie\u0107 &#8211; od tego, na czym polega zabieg, przez r\u00f3\u017cne rodzaje laser\u00f3w, przeciwwskazania, a\u017c po porady dotycz\u0105ce przygotowania i piel\u0119gnacji po zabiegu. Czy wypr\u00f3bowa\u0142a\u015b ju\u017c depilacj\u0119 laserow\u0105, czy dopiero rozwa\u017casz ten krok &#8211; mam nadziej\u0119, \u017ce znajdziesz tu wszystkie informacje, kt\u00f3rych potrzebujesz, aby podj\u0105\u0107 \u015bwiadom\u0105 decyzj\u0119. Zapraszam do lektury!<\/p>\n\n\n\n<h2 class=\"wp-block-heading\">Na czym polega depilacja laserowa?<\/h2>\n\n\n\n<p>Depilacja laserowa to metoda pozbywania si\u0119 niechcianych w\u0142osk\u00f3w, kt\u00f3ra zyska\u0142a na popularno\u015bci dzi\u0119ki swojej skuteczno\u015bci i d\u0142ugotrwa\u0142o\u015bci efekt\u00f3w. W tym zabiegu, specjalistyczny laser emituje \u015bwiat\u0142o, kt\u00f3re przenika przez sk\u00f3r\u0119 do melaniny w w\u0142osie. Melanina absorbuje to \u015bwiat\u0142o, kt\u00f3re zamienia si\u0119 w ciep\u0142o, niszcz\u0105c mieszek w\u0142osowy i zapobiegaj\u0105c regeneracji w\u0142osa. W\u0142a\u015bnie to jest sekretem d\u0142ugotrwa\u0142ej g\u0142adko\u015bci po depilacji laserowej. <\/p>\n\n\n\n<h2 class=\"wp-block-heading\">Dla kogo jest depilacja laserowa?<\/h2>\n\n\n\n<p>Depilacja laserowa to skuteczna metoda na usuwanie niechcianych w\u0142osk\u00f3w, jednak nie jest odpowiednia dla ka\u017cdej z nas. Istniej\u0105 pewne kryteria, kt\u00f3re najlepiej spe\u0142nia\u0107, aby osi\u0105gn\u0105\u0107 optymalne rezultaty i unikn\u0105\u0107 potencjalnych ryzyk.<\/p>\n\n\n\n<p>Przede wszystkim, depilacja laserowa jest najskuteczniejsza dla os\u00f3b o jasnej sk\u00f3rze i ciemnych w\u0142osach. Dzieje si\u0119 tak, poniewa\u017c laser celuje w melanin\u0119 &#8211; pigment, kt\u00f3ry nadaje w\u0142osom kolor. Im wi\u0119kszy kontrast mi\u0119dzy kolorem sk\u00f3ry a kolorem w\u0142os\u00f3w, tym lepsze s\u0105 efekty zabiegu. Nie oznacza to jednak, \u017ce osoby o ciemniejszej karnacji lub jasnych w\u0142osach nie mog\u0105 korzysta\u0107 z depilacji laserowej. Rozw\u00f3j technologii umo\u017cliwia skorzystanie z r\u00f3\u017cnych typ\u00f3w laser\u00f3w, kt\u00f3re s\u0105 bezpieczne i skuteczne dla r\u00f3\u017cnych typ\u00f3w sk\u00f3ry i w\u0142os\u00f3w. <\/p>\n\n\n\n<p>Depilacja laserowa mo\u017ce by\u0107 wykonywana na wielu r\u00f3\u017cnych obszarach cia\u0142a, w tym na twarzy, pachach, nogach, bikini i innych. Niemniej jednak, istniej\u0105 pewne przeciwwskazania do zabiegu, o kt\u00f3rych opowiem dalej w tym artykule.<\/p>\n\n\n\n<h2 class=\"wp-block-heading\">Jakie s\u0105 rodzaje laser\u00f3w do depilacji laserowej? Na co zwr\u00f3ci\u0107 uwag\u0119?<\/h2>\n\n\n\n<p>Istniej\u0105 r\u00f3\u017cne rodzaje laser\u00f3w u\u017cywanych do depilacji. G\u0142\u00f3wnie zaliczamy do nich lasery diodowe, aleksandrytowe, neodymowo-yagowe (ND-YAG) oraz IPL (Intense Pulsed Light). Ka\u017cdy z nich ma inne w\u0142a\u015bciwo\u015bci, a wyb\u00f3r zale\u017cy od indywidualnych potrzeb. Lasery diodowe s\u0105 doskona\u0142e dla r\u00f3\u017cnych typ\u00f3w sk\u00f3ry i kolor\u00f3w w\u0142os\u00f3w, podczas gdy lasery aleksandrytowe s\u0105 najskuteczniejsze na jasnej sk\u00f3rze z ciemnymi w\u0142osami. Z kolei lasery neodymowo-yagowe s\u0105 najlepsze do usuwania ciemnych, grubych w\u0142os\u00f3w na ciemnej sk\u00f3rze. Przy wyborze miejsca, zwr\u00f3\u0107 uwag\u0119 na do\u015bwiadczenie specjalist\u00f3w, typy dost\u0119pnych laser\u00f3w oraz opinie innych klientek.<\/p>\n\n\n\n<p>Najni\u017csza cena nie zawsze jest dobrym wyznacznikiem. Mo\u017ce si\u0119 zdarzy\u0107, \u017ce wykonanie 5 zabieg\u00f3w po 300 z\u0142otych, b\u0119dzie mniej skuteczne ni\u017c wykonanie 3 zabieg\u00f3w po 500 z\u0142otych. Z w\u0142asnego do\u015bwiadczenia wiem, \u017ce lepiej nie oszcz\u0119dza\u0107 na sprz\u0119cie i kompetentnej specjalistce, kt\u00f3ra dobierze odpowiedni\u0105 ilo\u015b\u0107&nbsp;zabieg\u00f3w w odpowiednich odst\u0119pach. Niestety mia\u0142am styczno\u015b\u0107 z salonami, gdzie umawiane wizyty depilacji by\u0142y zbyt szybkie, aby w\u0142os by\u0142 w odpowiedniej fazie wzrostu. Przez to zabiegi nie by\u0142y w pe\u0142ni efektywne. Moja rada jest prosta: znajd\u017a kosmetolog, kt\u00f3rej w pe\u0142ni zaufasz i kt\u00f3ra nie b\u0119dzie liczy\u0142a wy\u0142\u0105cznie na najszybszy zarobek. <\/p>\n\n\n\n<h2 class=\"wp-block-heading\">Jak przygotowa\u0107 si\u0119 do depilacji laserowej?<\/h2>\n\n\n\n<p>Przygotowanie do depilacji laserowej jest prostsze, ni\u017c mog\u0142oby si\u0119 wydawa\u0107. Trzy tygodnie przed planowanym zabiegiem, powinna\u015b zaprzesta\u0107 wszelkich form depilacji mechanicznej, takich jak wosk czy p\u0119seta. Dodatkowo, na 4 tygodnie przed zabiegiem zalecane jest unikanie opalania sk\u00f3ry, zar\u00f3wno naturalnego, jak i w solarium. Bezpo\u015brednio przed zabiegiem, sk\u00f3r\u0119 nale\u017cy dok\u0142adnie umy\u0107 i ogoli\u0107. Na tydzie\u0144 przed zabiegiem nale\u017cy r\u00f3wnie\u017c zaprzesta\u0107 u\u017cywania produkt\u00f3w z retinolem lub kwasami, kt\u00f3re mog\u0105 uczula\u0107 sk\u00f3r\u0119. W dniu zabiegu, sk\u00f3ra powinna by\u0107 czysta, bez makija\u017cu, krem\u00f3w lub olejk\u00f3w.<\/p>\n\n\n\n<p><strong>Do domowej depilacji mechanicznej przydadz\u0105&nbsp;Ci si\u0119:<\/strong><\/p>\n\n\n<section class=\"slider-collage-carousel\" data-id=\"12974, 12975, 9901, 9926, 4369, 4888, 4007, 4189, 2259, 12793\"><ul class=\"collage collage-slider\"><li class=\"item\"><a href=\"https:\/\/triny.pl\/12974-fluff-mus-do-golenia-z-awokado-i-niacynamidem.html\" target=\"_blank\"><picture><source srcset=\"https:\/\/static.triny.pl\/img\/p\/2\/1\/5\/9\/9\/21599-thickbox_default.webp\"  type=\"image\/webp\"><source srcset=\"https:\/\/static.triny.pl\/img\/p\/2\/1\/5\/9\/9\/21599-thickbox_default.jpg\"  type=\"image\/jpeg\"><img src=\"https:\/\/triny.pl\/blog\/wp-content\/themes\/triny\/assets\/img\/placeholder-600x600.png\" data-src=\"https:\/\/static.triny.pl\/img\/p\/2\/1\/5\/9\/9\/21599-thickbox_default.jpg\" class=\"tns-lazy-img\" alt=\"Mus do golenia z awokado i niacynamidem\"><\/picture><div class=\"brand\">Fluff<\/div><div class=\"title\">Mus do golenia z awokado i niacynamidem<\/div><\/a><a class=\"slider-collage-carousel__btn read-more-button\" href=\"https:\/\/triny.pl\/12974-fluff-mus-do-golenia-z-awokado-i-niacynamidem.html\" target=\"_blank\">Zobacz<\/a><\/li><li class=\"item\"><a href=\"https:\/\/triny.pl\/12975-fluff-pianka-do-golenia-z-awokado-i-niacynamidem.html\" target=\"_blank\"><picture><source srcset=\"https:\/\/static.triny.pl\/img\/p\/2\/1\/6\/0\/2\/21602-thickbox_default.webp\"  type=\"image\/webp\"><source srcset=\"https:\/\/static.triny.pl\/img\/p\/2\/1\/6\/0\/2\/21602-thickbox_default.jpg\"  type=\"image\/jpeg\"><img src=\"https:\/\/triny.pl\/blog\/wp-content\/themes\/triny\/assets\/img\/placeholder-600x600.png\" data-src=\"https:\/\/static.triny.pl\/img\/p\/2\/1\/6\/0\/2\/21602-thickbox_default.jpg\" class=\"tns-lazy-img\" alt=\"Pianka do golenia z awokado i niacynamidem\"><\/picture><div class=\"brand\">Fluff<\/div><div class=\"title\">Pianka do golenia z awokado i niacynamidem<\/div><\/a><a class=\"slider-collage-carousel__btn read-more-button\" href=\"https:\/\/triny.pl\/12975-fluff-pianka-do-golenia-z-awokado-i-niacynamidem.html\" target=\"_blank\">Zobacz<\/a><\/li><li class=\"item\"><a href=\"https:\/\/triny.pl\/9901-bambaw-wielorazowa-maszynka-do-golenia-srebrna.html\" target=\"_blank\"><picture><source srcset=\"https:\/\/static.triny.pl\/img\/p\/1\/4\/4\/3\/4\/14434-thickbox_default.webp\"  type=\"image\/webp\"><source srcset=\"https:\/\/static.triny.pl\/img\/p\/1\/4\/4\/3\/4\/14434-thickbox_default.jpg\"  type=\"image\/jpeg\"><img src=\"https:\/\/triny.pl\/blog\/wp-content\/themes\/triny\/assets\/img\/placeholder-600x600.png\" data-src=\"https:\/\/static.triny.pl\/img\/p\/1\/4\/4\/3\/4\/14434-thickbox_default.jpg\" class=\"tns-lazy-img\" alt=\"Wielorazowa maszynka do golenia &#8211; Srebrna\"><\/picture><div class=\"brand\">Bambaw<\/div><div class=\"title\">Wielorazowa maszynka do golenia &#8211; Srebrna<\/div><\/a><a class=\"slider-collage-carousel__btn read-more-button\" href=\"https:\/\/triny.pl\/9901-bambaw-wielorazowa-maszynka-do-golenia-srebrna.html\" target=\"_blank\">Zobacz<\/a><\/li><li class=\"item\"><a href=\"https:\/\/triny.pl\/9926-bambaw-zyletka-do-golenia-astra.html\" target=\"_blank\"><picture><source srcset=\"https:\/\/static.triny.pl\/img\/p\/1\/6\/8\/5\/7\/16857-thickbox_default.webp\"  type=\"image\/webp\"><source srcset=\"https:\/\/static.triny.pl\/img\/p\/1\/6\/8\/5\/7\/16857-thickbox_default.jpg\"  type=\"image\/jpeg\"><img src=\"https:\/\/triny.pl\/blog\/wp-content\/themes\/triny\/assets\/img\/placeholder-600x600.png\" data-src=\"https:\/\/static.triny.pl\/img\/p\/1\/6\/8\/5\/7\/16857-thickbox_default.jpg\" class=\"tns-lazy-img\" alt=\"\u017byletki do golenia\"><\/picture><div class=\"brand\">Bambaw<\/div><div class=\"title\">\u017byletki do golenia<\/div><\/a><a class=\"slider-collage-carousel__btn read-more-button\" href=\"https:\/\/triny.pl\/9926-bambaw-zyletka-do-golenia-astra.html\" target=\"_blank\">Zobacz<\/a><\/li><li class=\"item\"><a href=\"https:\/\/triny.pl\/4888-alepia-mydlo-alep-do-golenia.html\" target=\"_blank\"><picture><source srcset=\"https:\/\/static.triny.pl\/img\/p\/6\/4\/4\/9\/6449-thickbox_default.webp\"  type=\"image\/webp\"><source srcset=\"https:\/\/static.triny.pl\/img\/p\/6\/4\/4\/9\/6449-thickbox_default.jpg\"  type=\"image\/jpeg\"><img src=\"https:\/\/triny.pl\/blog\/wp-content\/themes\/triny\/assets\/img\/placeholder-600x600.png\" data-src=\"https:\/\/static.triny.pl\/img\/p\/6\/4\/4\/9\/6449-thickbox_default.jpg\" class=\"tns-lazy-img\" alt=\"Myd\u0142o Alep do golenia\"><\/picture><div class=\"brand\">Alepia<\/div><div class=\"title\">Myd\u0142o Alep do golenia<\/div><\/a><a class=\"slider-collage-carousel__btn read-more-button\" href=\"https:\/\/triny.pl\/4888-alepia-mydlo-alep-do-golenia.html\" target=\"_blank\">Zobacz<\/a><\/li><li class=\"item\"><a href=\"https:\/\/triny.pl\/4007-equilibra-extra-aloesowy-dermo-zel-multi-active-150-ml.html\" target=\"_blank\"><picture><source srcset=\"https:\/\/static.triny.pl\/img\/p\/2\/1\/1\/9\/8\/21198-thickbox_default.webp\"  type=\"image\/webp\"><source srcset=\"https:\/\/static.triny.pl\/img\/p\/2\/1\/1\/9\/8\/21198-thickbox_default.jpg\"  type=\"image\/jpeg\"><img src=\"https:\/\/triny.pl\/blog\/wp-content\/themes\/triny\/assets\/img\/placeholder-600x600.png\" data-src=\"https:\/\/static.triny.pl\/img\/p\/2\/1\/1\/9\/8\/21198-thickbox_default.jpg\" class=\"tns-lazy-img\" alt=\"Wielofunkcyjny aloesowy Dermo \u017bel Multi-Active\"><\/picture><div class=\"brand\">Equilibra<\/div><div class=\"title\">Wielofunkcyjny aloesowy Dermo \u017bel Multi-Active<\/div><\/a><a class=\"slider-collage-carousel__btn read-more-button\" href=\"https:\/\/triny.pl\/4007-equilibra-extra-aloesowy-dermo-zel-multi-active-150-ml.html\" target=\"_blank\">Zobacz<\/a><\/li><li class=\"item\"><a href=\"https:\/\/triny.pl\/4189-holika-holika-aloe-99-soothing-gel-zel-aloesowy.html\" target=\"_blank\"><picture><source srcset=\"https:\/\/static.triny.pl\/img\/p\/5\/3\/5\/0\/5350-thickbox_default.webp\"  type=\"image\/webp\"><source srcset=\"https:\/\/static.triny.pl\/img\/p\/5\/3\/5\/0\/5350-thickbox_default.jpg\"  type=\"image\/jpeg\"><img src=\"https:\/\/triny.pl\/blog\/wp-content\/themes\/triny\/assets\/img\/placeholder-600x600.png\" data-src=\"https:\/\/static.triny.pl\/img\/p\/5\/3\/5\/0\/5350-thickbox_default.jpg\" class=\"tns-lazy-img\" alt=\"\u017bel aloesowy &#8211; Aloe 99% Soothing Gel\"><\/picture><div class=\"brand\">Holika Holika<\/div><div class=\"title\">\u017bel aloesowy &#8211; Aloe 99% Soothing Gel<\/div><\/a><a class=\"slider-collage-carousel__btn read-more-button\" href=\"https:\/\/triny.pl\/4189-holika-holika-aloe-99-soothing-gel-zel-aloesowy.html\" target=\"_blank\">Zobacz<\/a><\/li><li class=\"item\"><a href=\"https:\/\/triny.pl\/2259-najel-alun-w-sprayu-125-ml.html\" target=\"_blank\"><picture><source srcset=\"https:\/\/static.triny.pl\/img\/p\/1\/2\/2\/1\/5\/12215-thickbox_default.webp\"  type=\"image\/webp\"><source srcset=\"https:\/\/static.triny.pl\/img\/p\/1\/2\/2\/1\/5\/12215-thickbox_default.jpg\"  type=\"image\/jpeg\"><img src=\"https:\/\/triny.pl\/blog\/wp-content\/themes\/triny\/assets\/img\/placeholder-600x600.png\" data-src=\"https:\/\/static.triny.pl\/img\/p\/1\/2\/2\/1\/5\/12215-thickbox_default.jpg\" class=\"tns-lazy-img\" alt=\"A\u0142un w spray\u2019u\"><\/picture><div class=\"brand\">Najel<\/div><div class=\"title\">A\u0142un w spray\u2019u<\/div><\/a><a class=\"slider-collage-carousel__btn read-more-button\" href=\"https:\/\/triny.pl\/2259-najel-alun-w-sprayu-125-ml.html\" target=\"_blank\">Zobacz<\/a><\/li><li class=\"item\"><a href=\"https:\/\/triny.pl\/12793-mydlarnia-cztery-szpaki-superkostka-myjaca-do-ciala-twarzy-i-wlosow.html\" target=\"_blank\"><picture><source srcset=\"https:\/\/static.triny.pl\/img\/p\/2\/1\/0\/0\/5\/21005-thickbox_default.webp\"  type=\"image\/webp\"><source srcset=\"https:\/\/static.triny.pl\/img\/p\/2\/1\/0\/0\/5\/21005-thickbox_default.jpg\"  type=\"image\/jpeg\"><img src=\"https:\/\/triny.pl\/blog\/wp-content\/themes\/triny\/assets\/img\/placeholder-600x600.png\" data-src=\"https:\/\/static.triny.pl\/img\/p\/2\/1\/0\/0\/5\/21005-thickbox_default.jpg\" class=\"tns-lazy-img\" alt=\"Superkostka myj\u0105ca &#8211; do cia\u0142a, twarzy i w\u0142os\u00f3w\"><\/picture><div class=\"brand\">Mydlarnia Cztery Szpaki<\/div><div class=\"title\">Superkostka myj\u0105ca &#8211; do cia\u0142a, twarzy i w\u0142os\u00f3w<\/div><\/a><a class=\"slider-collage-carousel__btn read-more-button\" href=\"https:\/\/triny.pl\/12793-mydlarnia-cztery-szpaki-superkostka-myjaca-do-ciala-twarzy-i-wlosow.html\" target=\"_blank\">Zobacz<\/a><\/li><\/ul><\/section>\n\n\n\n<h2 class=\"wp-block-heading\">Jakie s\u0105 przeciwwskazania do depilacji laserowej?<\/h2>\n\n\n\n<p>Chocia\u017c depilacja laserowa jest og\u00f3lnie uwa\u017cana za bezpieczn\u0105 metod\u0119 usuwania niechcianych w\u0142os\u00f3w, istniej\u0105 pewne przeciwwskazania, kt\u00f3re powinny by\u0107 wzi\u0119te pod uwag\u0119 przed przyst\u0105pieniem do zabiegu.<\/p>\n\n\n\n<ul>\n<li><strong>Ci\u0105\u017ca i karmienie piersi\u0105<\/strong>: Ze wzgl\u0119du na zmiany hormonalne, kt\u00f3re wyst\u0119puj\u0105 podczas ci\u0105\u017cy i karmienia piersi\u0105, depilacja laserowa jest zazwyczaj odradzana.<\/li>\n\n\n\n<li><strong>Okre\u015blone leki<\/strong>: Niekt\u00f3re leki, w tym niekt\u00f3re antybiotyki i leki przeciwtr\u0105dzikowe, mog\u0105 zwi\u0119kszy\u0107 wra\u017cliwo\u015b\u0107 sk\u00f3ry na \u015bwiat\u0142o, co zwi\u0119ksza ryzyko powstania oparze\u0144 po zabiegu.<\/li>\n\n\n\n<li><strong>Stan sk\u00f3ry<\/strong>: Osoby z aktywnymi infekcjami sk\u00f3rnymi, opryszczk\u0105, tr\u0105dzikiem ropnym czy \u0142uszczyc\u0105 powinny unika\u0107 depilacji laserowej na obszarach dotkni\u0119tych chorob\u0105.<\/li>\n\n\n\n<li><strong>\u015awie\u017ce opalenizna<\/strong>: Sk\u00f3ra, kt\u00f3ra jest \u015bwie\u017co opalona, jest bardziej podatna na uszkodzenia spowodowane zabiegiem laserowym.<\/li>\n\n\n\n<li><strong>Zaburzenia pigmentacji sk\u00f3ry<\/strong>: Osoby z zaburzeniami pigmentacji, takimi jak melasma, powinny by\u0107 ostro\u017cne, gdy\u017c depilacja laserowa mo\u017ce pogorszy\u0107 te stany.<\/li>\n\n\n\n<li><strong>Niekt\u00f3re schorzenia og\u00f3lnoustrojowe<\/strong>: Np. cukrzyca, choroby autoimmunologiczne, epilepsja.<\/li>\n\n\n\n<li><strong>Nowotwory<\/strong>: W przypadku istnienia nowotwor\u00f3w sk\u00f3ry lub innych form rak\u00f3w, zabieg depilacji laserowej jest przeciwwskazany.<\/li>\n<\/ul>\n\n\n\n<h2 class=\"wp-block-heading\">Czy depilacja laserowa boli?<\/h2>\n\n\n\n<p>Depilacja laserowa mo\u017ce by\u0107 nieco niewygodna, ale na og\u00f3\u0142 nie jest bolesna. Wielu klientek por\u00f3wnuje uczucie do lekkiego szczypania, podobnego do uderzenia gumk\u0105. Dla tych, kt\u00f3re s\u0105 bardziej wra\u017cliwe na b\u00f3l, dost\u0119pne s\u0105 r\u00f3\u017cne metody znieczulenia, takie jak kremy znieczulaj\u0105ce czy g\u0142owice ch\u0142odz\u0105ce. Wielko\u015b\u0107 dyskomfortu mo\u017ce r\u00f3wnie\u017c zale\u017ce\u0107 od obszaru, kt\u00f3ry jest traktowany, a tak\u017ce od indywidualnej wra\u017cliwo\u015bci na b\u00f3l. Wiele zale\u017cy r\u00f3wnie\u017c od sprz\u0119tu, kt\u00f3rym wykonywana jest depilacja. <\/p>\n\n\n\n<h2 class=\"wp-block-heading\">Ile kosztuje depilacja laserowa?<\/h2>\n\n\n\n<p>Cena depilacji laserowej zale\u017cy od wielu czynnik\u00f3w. G\u0142\u00f3wnym czynnikiem jest obszar cia\u0142a, na kt\u00f3ry ma by\u0107 wykonany zabieg. Du\u017cy wp\u0142yw na cen\u0119 ma r\u00f3wnie\u017c sprz\u0119t oraz salon. Ostatecznie trzeba wzi\u0105\u0107 pod uwag\u0119 ilo\u015b\u0107 sesji potrzebnych do osi\u0105gni\u0119cia po\u017c\u0105danych efekt\u00f3w. Na og\u00f3\u0142, ceny za jedn\u0105 sesj\u0119 mog\u0105 oscylowa\u0107 od kilkudziesi\u0119ciu do kilkuset z\u0142otych. Pami\u0119taj, \u017ce depilacja laserowa to inwestycja w Twoje samopoczucie i komfort, dlatego warto poszuka\u0107 do\u015bwiadczonej kliniki z dobrymi opiniami.<\/p>\n\n\n\n<h2 class=\"wp-block-heading\">Ile trzeba wykona\u0107 zabieg\u00f3w?<\/h2>\n\n\n\n<p>Ilo\u015b\u0107 zabieg\u00f3w depilacji laserowej potrzebnych do osi\u0105gni\u0119cia satysfakcjonuj\u0105cych efekt\u00f3w zale\u017cy od indywidualnych cech organizmu, takich jak typ sk\u00f3ry, kolor i grubo\u015b\u0107 w\u0142os\u00f3w, a tak\u017ce obszar cia\u0142a poddany depilacji. Na og\u00f3\u0142, zaleca si\u0119 seri\u0119 od 4 do 12 zabieg\u00f3w, przeprowadzanych w odst\u0119pach od 4 do 10 tygodni. Ka\u017cda z nas jest inna, dlatego najlepiej skonsultowa\u0107 to z profesjonalistk\u0105 w salonie.<\/p>\n\n\n\n<h2 class=\"wp-block-heading\">Jak cz\u0119sto wykonywa\u0107 zabieg depilacji laserowej?<\/h2>\n\n\n\n<p>Cz\u0119stotliwo\u015b\u0107 wykonywania zabieg\u00f3w depilacji laserowej zale\u017cy od wielu czynnik\u00f3w, takich jak obszar cia\u0142a, na kt\u00f3rym jest przeprowadzany zabieg, typ i kolor sk\u00f3ry, a tak\u017ce typ i kolor w\u0142os\u00f3w. Generalnie, zabiegi depilacji laserowej przeprowadza si\u0119 w odst\u0119pach od 4 do 10 tygodni. W\u0142osy na r\u00f3\u017cnych cz\u0119\u015bciach cia\u0142a rosn\u0105 w r\u00f3\u017cnym tempie, dlatego na przyk\u0142ad zabiegi na twarzy mog\u0105 by\u0107 potrzebne co 4-6 tygodni, podczas gdy na nogach, pachach czy bikini zaleca si\u0119 robi\u0107 je co 6-9 tygodni. Im wi\u0119cej wykonanych zabieg\u00f3w, tym przerwy mi\u0119dzy nimi mog\u0105 by\u0107 d\u0142u\u017csze.<\/p>\n\n\n\n<p>Ka\u017cdy z nas jest inny, dlatego optymalna cz\u0119stotliwo\u015b\u0107 zabieg\u00f3w mo\u017ce si\u0119 r\u00f3\u017cni\u0107. Zawsze najlepiej jest skonsultowa\u0107 si\u0119 ze specjalist\u0105, kt\u00f3ry b\u0119dzie w stanie dostosowa\u0107 plan leczenia do Twoich indywidualnych potrzeb.<\/p>\n\n\n\n<p>Po serii zabieg\u00f3w, gdy osi\u0105gniesz po\u017c\u0105dane efekty, mo\u017cesz potrzebowa\u0107 zabieg\u00f3w przypominaj\u0105cych (tzw. touch-ups) co kilka miesi\u0119cy lub raz do roku, aby utrzyma\u0107 sk\u00f3r\u0119 g\u0142adk\u0105. To r\u00f3wnie\u017c zale\u017cy od indywidualnej reakcji sk\u00f3ry i w\u0142os\u00f3w na leczenie. W\u0142osy mog\u0105 odrosn\u0105\u0107, ale s\u0105 zazwyczaj cie\u0144sze i rzadsze ni\u017c przed leczeniem.<\/p>\n\n\n\n<p><span class=\"note\">Ka\u017cdy zabieg powinien by\u0107 przeprowadzany przez do\u015bwiadczonego specjalist\u0119, kt\u00f3ry zapewni bezpiecze\u0144stwo i skuteczno\u015b\u0107 dzia\u0142ania.<\/span><\/p>\n\n\n\n<h2 class=\"wp-block-heading\">Czy efekt po depilacji laserowej utrzymuje si\u0119 na sta\u0142e?<\/h2>\n\n\n\n<p>Depilacja laserowa daje d\u0142ugotrwa\u0142e efekty, ale nie zawsze s\u0105 one sta\u0142e. Po serii zabieg\u00f3w wi\u0119kszo\u015b\u0107 w\u0142osk\u00f3w zostaje trwale usuni\u0119ta, jednak hormony, zmiany w diecie lub stylu \u017cycia mog\u0105 czasem spowodowa\u0107 wzrost nowych w\u0142osk\u00f3w. Niezale\u017cnie od tego, depilacja laserowa znacz\u0105co redukuje ilo\u015b\u0107 w\u0142os\u00f3w i ich grubo\u015b\u0107, wi\u0119c nawet je\u015bli niekt\u00f3re w\u0142oski wr\u00f3c\u0105, b\u0119d\u0105 znacznie mniej widoczne i mniej uci\u0105\u017cliwe.<\/p>\n\n\n\n<h2 class=\"wp-block-heading\">Jakie s\u0105 zalecenia po depilacji laserowej?<\/h2>\n\n\n\n<p>Po depilacji laserowej zaleca si\u0119 unikanie ekspozycji na s\u0142o\u0144ce i opalania przez co najmniej dwa tygodnie, aby unikn\u0105\u0107 dyskomfortu i potencjalnego podra\u017cnienia. Powinna\u015b r\u00f3wnie\u017c unika\u0107 gor\u0105cych k\u0105pieli, saun i intensywnych \u0107wicze\u0144 przez kilka dni po zabiegu. Sk\u00f3ra mo\u017ce by\u0107 delikatna i wra\u017cliwa, wi\u0119c zaleca si\u0119 u\u017cywanie \u0142agodnych, nawil\u017caj\u0105cych krem\u00f3w.<\/p>\n\n\n\n<h2 class=\"wp-block-heading\">Co z opalaniem po depilacji laserowej?<\/h2>\n\n\n\n<p>Opalanie, zar\u00f3wno naturalne, jak i w solarium, jest zdecydowanie odradzane przez co najmniej dwa tygodnie po depilacji laserowej. Sk\u00f3ra po zabiegu jest szczeg\u00f3lnie wra\u017cliwa i podatna na podra\u017cnienia, a ekspozycja na s\u0142o\u0144ce mo\u017ce prowadzi\u0107 do niepo\u017c\u0105danych reakcji, takich jak przebarwienia. Po tym czasie, mo\u017cna stopniowo wraca\u0107 do ekspozycji na s\u0142o\u0144ce, pami\u0119taj\u0105c jednak o zastosowaniu kremu z wysokim filtrem UV, aby chroni\u0107 sk\u00f3r\u0119.<\/p>\n\n\n\n<h2 class=\"wp-block-heading\">Podsumowanie: Czy warto wykona\u0107 depilacj\u0119 laserow\u0105?<\/h2>\n\n\n\n<p>Depilacja laserowa to jedna z najbardziej skutecznych i trwa\u0142ych metod pozbywania si\u0119 niechcianych w\u0142osk\u00f3w. Mo\u017cemy j\u0105 wykonywa\u0107 na prawie ka\u017cdym obszarze cia\u0142a, a efekty s\u0105 widoczne ju\u017c po kilku zabiegach. Zatem, czy warto zdecydowa\u0107 si\u0119 na depilacj\u0119 laserow\u0105? Odpowied\u017a zale\u017cy od Twoich indywidualnych potrzeb i preferencji.<\/p>\n\n\n\n<p>Je\u015bli jeste\u015b zm\u0119czona codziennym goleniem, bolesnymi zabiegami woskowymi lub je\u017celi borykasz si\u0119 z problemem nadmiernego ow\u0142osienia, depilacja laserowa mo\u017ce by\u0107 dla Ciebie idealnym rozwi\u0105zaniem. Daje ona d\u0142ugotrwa\u0142e efekty, dzi\u0119ki czemu oszcz\u0119dzasz czas i pieni\u0105dze na codzienne golenie czy regularne wizyty w salonach kosmetycznych. Zabieg jest bezpieczny, gdy jest przeprowadzany przez do\u015bwiadczonego specjalist\u0119, i na og\u00f3\u0142 nie wywo\u0142uje powa\u017cnych skutk\u00f3w ubocznych. Niewielki dyskomfort podczas zabiegu jest zdecydowanie rekompensowany efektami, kt\u00f3re przek\u0142adaj\u0105 si\u0119 na wygod\u0119 i satysfakcj\u0119 z g\u0142adkiej sk\u00f3ry.<\/p>\n\n\n\n<p><span class=\"note\">Pami\u0119taj, \u017ce jak ka\u017cdy zabieg medycyny estetycznej, depilacja laserowa to inwestycja. Wymaga ona kilku sesji, aby osi\u0105gn\u0105\u0107 pe\u0142ne efekty, ale dzi\u0119ki temu efekty s\u0105 d\u0142ugotrwa\u0142e, a nawet trwa\u0142e.<\/span><\/p>\n\n\n\n<p>Warto te\u017c mie\u0107 na uwadze, \u017ce depilacja laserowa nie jest odpowiednia dla ka\u017cdego. Osoby z bardzo jasnymi, cienkimi w\u0142osami lub ciemn\u0105 sk\u00f3r\u0105 mog\u0105 nie osi\u0105gn\u0105\u0107 po\u017c\u0105danych efekt\u00f3w, a niekt\u00f3re osoby mog\u0105 mie\u0107 przeciwwskazania do zabiegu, takie jak ci\u0105\u017ca, niekt\u00f3re schorzenia czy stosowanie pewnych lek\u00f3w.<\/p>\n\n\n\n<p>Podsumowuj\u0105c, decyzja o wypr\u00f3bowaniu depilacji laserowej zale\u017cy od Twojego komfortu, preferencji i bud\u017cetu. Je\u015bli niechciane ow\u0142osienie jest dla Ciebie problemem, warto rozwa\u017cy\u0107 t\u0119 metod\u0119. Kolejny raz zaznacz\u0119, aby zawsze skonsultowa\u0107 si\u0119 ze specjalist\u0105 i wybra\u0107 renomowane miejsce do przeprowadzenia zabiegu. Z w\u0142asnego do\u015bwiadczenia wiem, \u017ce wybranie nieodpowiedniego salonu, a co za tym im idzie sprz\u0119tu do depilacji laserowej, mo\u017ce wi\u0105za\u0107 si\u0119 z wydanymi pieni\u0119dzmi na nieskuteczne zabiegi. <\/p>\n","protected":false},"excerpt":{"rendered":"<p>Depilacja laserowa to temat, kt\u00f3ry zyskuje na popularno\u015bci w\u015br\u00f3d kobiet na ca\u0142ym \u015bwiecie. Wiele z nas marzy o g\u0142adkiej, jedwabistej sk\u00f3rze&#8230;<\/p>\n","protected":false},"author":21,"featured_media":27046,"comment_status":"open","ping_status":"open","sticky":false,"template":"","format":"standard","meta":{"footnotes":""},"categories":[8186],"tags":[],"acf":[],"yoast_head":"<!-- This site is optimized with the Yoast SEO plugin v21.1 - https:\/\/yoast.com\/wordpress\/plugins\/seo\/ -->\n<title>Depilacja laserowa - czy warto j\u0105 wykona\u0107?<\/title>\n<meta name=\"robots\" content=\"index, follow, max-snippet:-1, max-image-preview:large, max-video-preview:-1\" \/>\n<link rel=\"canonical\" href=\"https:\/\/triny.pl\/blog\/depilacja-laserowa-czy-warto-ja-wykonac\/\" \/>\n<meta property=\"og:locale\" content=\"pl_PL\" \/>\n<meta property=\"og:type\" content=\"article\" \/>\n<meta property=\"og:title\" content=\"Depilacja laserowa - czy warto j\u0105 wykona\u0107?\" \/>\n<meta property=\"og:description\" content=\"Depilacja laserowa to temat, kt\u00f3ry zyskuje na popularno\u015bci w\u015br\u00f3d kobiet na ca\u0142ym \u015bwiecie. Wiele z nas marzy o g\u0142adkiej, jedwabistej sk\u00f3rze...\" \/>\n<meta property=\"og:url\" content=\"https:\/\/triny.pl\/blog\/depilacja-laserowa-czy-warto-ja-wykonac\/\" \/>\n<meta property=\"og:site_name\" content=\"Blog Triny.pl\" \/>\n<meta property=\"article:publisher\" content=\"https:\/\/www.facebook.com\/trinysklep\" \/>\n<meta property=\"article:published_time\" content=\"2023-06-24T09:15:30+00:00\" \/>\n<meta property=\"article:modified_time\" content=\"2023-09-01T08:17:03+00:00\" \/>\n<meta property=\"og:image\" content=\"https:\/\/triny.pl\/blog\/wp-content\/uploads\/2023\/07\/depilacja-laserowa.jpeg\" \/>\n\t<meta property=\"og:image:width\" content=\"1200\" \/>\n\t<meta property=\"og:image:height\" content=\"800\" \/>\n\t<meta property=\"og:image:type\" content=\"image\/jpeg\" \/>\n<meta name=\"author\" content=\"Marysia Wajda\" \/>\n<meta name=\"twitter:label1\" content=\"Napisane przez\" \/>\n\t<meta name=\"twitter:data1\" content=\"Marysia Wajda\" \/>\n\t<meta name=\"twitter:label2\" content=\"Szacowany czas czytania\" \/>\n\t<meta name=\"twitter:data2\" content=\"10 minut\" \/>\n<script type=\"application\/ld+json\" class=\"yoast-schema-graph\">{\"@context\":\"https:\/\/schema.org\",\"@graph\":[{\"@type\":\"Article\",\"@id\":\"https:\/\/triny.pl\/blog\/depilacja-laserowa-czy-warto-ja-wykonac\/#article\",\"isPartOf\":{\"@id\":\"https:\/\/triny.pl\/blog\/depilacja-laserowa-czy-warto-ja-wykonac\/\"},\"author\":{\"name\":\"Marysia Wajda\",\"@id\":\"https:\/\/triny.pl\/blog\/#\/schema\/person\/1f0cf312784bf4debdc7de4be1475777\"},\"headline\":\"Depilacja laserowa &#8211; czy warto j\u0105 wykona\u0107?\",\"datePublished\":\"2023-06-24T09:15:30+00:00\",\"dateModified\":\"2023-09-01T08:17:03+00:00\",\"mainEntityOfPage\":{\"@id\":\"https:\/\/triny.pl\/blog\/depilacja-laserowa-czy-warto-ja-wykonac\/\"},\"wordCount\":2034,\"commentCount\":1,\"publisher\":{\"@id\":\"https:\/\/triny.pl\/blog\/#organization\"},\"articleSection\":[\"S\u0142ownik\"],\"inLanguage\":\"pl-PL\",\"potentialAction\":[{\"@type\":\"CommentAction\",\"name\":\"Comment\",\"target\":[\"https:\/\/triny.pl\/blog\/depilacja-laserowa-czy-warto-ja-wykonac\/#respond\"]}]},{\"@type\":\"WebPage\",\"@id\":\"https:\/\/triny.pl\/blog\/depilacja-laserowa-czy-warto-ja-wykonac\/\",\"url\":\"https:\/\/triny.pl\/blog\/depilacja-laserowa-czy-warto-ja-wykonac\/\",\"name\":\"Depilacja laserowa - czy warto j\u0105 wykona\u0107?\",\"isPartOf\":{\"@id\":\"https:\/\/triny.pl\/blog\/#website\"},\"datePublished\":\"2023-06-24T09:15:30+00:00\",\"dateModified\":\"2023-09-01T08:17:03+00:00\",\"breadcrumb\":{\"@id\":\"https:\/\/triny.pl\/blog\/depilacja-laserowa-czy-warto-ja-wykonac\/#breadcrumb\"},\"inLanguage\":\"pl-PL\",\"potentialAction\":[{\"@type\":\"ReadAction\",\"target\":[\"https:\/\/triny.pl\/blog\/depilacja-laserowa-czy-warto-ja-wykonac\/\"]}]},{\"@type\":\"BreadcrumbList\",\"@id\":\"https:\/\/triny.pl\/blog\/depilacja-laserowa-czy-warto-ja-wykonac\/#breadcrumb\",\"itemListElement\":[{\"@type\":\"ListItem\",\"position\":1,\"name\":\"Strona g\u0142\u00f3wna\",\"item\":\"https:\/\/triny.pl\/blog\/\"},{\"@type\":\"ListItem\",\"position\":2,\"name\":\"Depilacja laserowa &#8211; czy warto j\u0105 wykona\u0107?\"}]},{\"@type\":\"WebSite\",\"@id\":\"https:\/\/triny.pl\/blog\/#website\",\"url\":\"https:\/\/triny.pl\/blog\/\",\"name\":\"Blog Triny.pl\",\"description\":\"Naturalna piel\u0119gnacja bez tajemnic! Pokazujemy jak dba\u0107 o cia\u0142o i w\u0142osy dla optymalnych, d\u0142ugotrwa\u0142ych efekt\u00f3w. Sprawd\u017a te ma\u0142o znane triki :)\",\"publisher\":{\"@id\":\"https:\/\/triny.pl\/blog\/#organization\"},\"potentialAction\":[{\"@type\":\"SearchAction\",\"target\":{\"@type\":\"EntryPoint\",\"urlTemplate\":\"https:\/\/triny.pl\/blog\/?s={search_term_string}\"},\"query-input\":\"required name=search_term_string\"}],\"inLanguage\":\"pl-PL\"},{\"@type\":\"Organization\",\"@id\":\"https:\/\/triny.pl\/blog\/#organization\",\"name\":\"Triny Sp. z o. o.\",\"url\":\"https:\/\/triny.pl\/blog\/\",\"logo\":{\"@type\":\"ImageObject\",\"inLanguage\":\"pl-PL\",\"@id\":\"https:\/\/triny.pl\/blog\/#\/schema\/logo\/image\/\",\"url\":\"https:\/\/triny.pl\/blog\/wp-content\/uploads\/2020\/08\/logo-triny.png\",\"contentUrl\":\"https:\/\/triny.pl\/blog\/wp-content\/uploads\/2020\/08\/logo-triny.png\",\"width\":190,\"height\":78,\"caption\":\"Triny Sp. z o. o.\"},\"image\":{\"@id\":\"https:\/\/triny.pl\/blog\/#\/schema\/logo\/image\/\"},\"sameAs\":[\"https:\/\/www.facebook.com\/trinysklep\",\"https:\/\/www.instagram.com\/trinysklep\/\",\"https:\/\/pl.pinterest.com\/trinypl\/_created\/\"]},{\"@type\":\"Person\",\"@id\":\"https:\/\/triny.pl\/blog\/#\/schema\/person\/1f0cf312784bf4debdc7de4be1475777\",\"name\":\"Marysia Wajda\",\"description\":\"Cze\u015b\u0107! Nazywam si\u0119 Marysia i jestem wielk\u0105 fank\u0105 naturalnej piel\u0119gnacji. Od dawna stosuj\u0119 wy\u0142\u0105cznie kosmetyki naturalne, zwracaj\u0105c bacznie uwag\u0119 na ich sk\u0142ad. Lubi\u0119 testowa\u0107 nowe produkty oraz rozwi\u0105zania urodowe i ch\u0119tnie si\u0119 podziel\u0119 wynikami moich eksperyment\u00f3w na tym blogu. Staram si\u0119 \u017cy\u0107 w zgodzie z natur\u0105 i w stylu zero waste, wi\u0119c ch\u0119tnie b\u0119d\u0119 przekazywa\u0107 Wam r\u00f3wnie\u017c pomys\u0142y na ponownie wykorzystanie kosmetyk\u00f3w i nie tylko. Zapraszam do obserwowania profilu na Facebooku, w kt\u00f3rym zamieszczane s\u0105 codziennie ciekawostki, porady, najlepsze kosmetyki naturalne: https:\/\/www.facebook.com\/trinysklep\",\"url\":\"https:\/\/triny.pl\/blog\/author\/marysia\/\"}]}<\/script>\n<!-- \/ Yoast SEO plugin. -->","yoast_head_json":{"title":"Depilacja laserowa - czy warto j\u0105 wykona\u0107?","robots":{"index":"index","follow":"follow","max-snippet":"max-snippet:-1","max-image-preview":"max-image-preview:large","max-video-preview":"max-video-preview:-1"},"canonical":"https:\/\/triny.pl\/blog\/depilacja-laserowa-czy-warto-ja-wykonac\/","og_locale":"pl_PL","og_type":"article","og_title":"Depilacja laserowa - czy warto j\u0105 wykona\u0107?","og_description":"Depilacja laserowa to temat, kt\u00f3ry zyskuje na popularno\u015bci w\u015br\u00f3d kobiet na ca\u0142ym \u015bwiecie. Wiele z nas marzy o g\u0142adkiej, jedwabistej sk\u00f3rze...","og_url":"https:\/\/triny.pl\/blog\/depilacja-laserowa-czy-warto-ja-wykonac\/","og_site_name":"Blog Triny.pl","article_publisher":"https:\/\/www.facebook.com\/trinysklep","article_published_time":"2023-06-24T09:15:30+00:00","article_modified_time":"2023-09-01T08:17:03+00:00","og_image":[{"width":1200,"height":800,"url":"https:\/\/triny.pl\/blog\/wp-content\/uploads\/2023\/07\/depilacja-laserowa.jpeg","type":"image\/jpeg"}],"author":"Marysia Wajda","twitter_misc":{"Napisane przez":"Marysia Wajda","Szacowany czas czytania":"10 minut"},"schema":{"@context":"https:\/\/schema.org","@graph":[{"@type":"Article","@id":"https:\/\/triny.pl\/blog\/depilacja-laserowa-czy-warto-ja-wykonac\/#article","isPartOf":{"@id":"https:\/\/triny.pl\/blog\/depilacja-laserowa-czy-warto-ja-wykonac\/"},"author":{"name":"Marysia Wajda","@id":"https:\/\/triny.pl\/blog\/#\/schema\/person\/1f0cf312784bf4debdc7de4be1475777"},"headline":"Depilacja laserowa &#8211; czy warto j\u0105 wykona\u0107?","datePublished":"2023-06-24T09:15:30+00:00","dateModified":"2023-09-01T08:17:03+00:00","mainEntityOfPage":{"@id":"https:\/\/triny.pl\/blog\/depilacja-laserowa-czy-warto-ja-wykonac\/"},"wordCount":2034,"commentCount":1,"publisher":{"@id":"https:\/\/triny.pl\/blog\/#organization"},"articleSection":["S\u0142ownik"],"inLanguage":"pl-PL","potentialAction":[{"@type":"CommentAction","name":"Comment","target":["https:\/\/triny.pl\/blog\/depilacja-laserowa-czy-warto-ja-wykonac\/#respond"]}]},{"@type":"WebPage","@id":"https:\/\/triny.pl\/blog\/depilacja-laserowa-czy-warto-ja-wykonac\/","url":"https:\/\/triny.pl\/blog\/depilacja-laserowa-czy-warto-ja-wykonac\/","name":"Depilacja laserowa - czy warto j\u0105 wykona\u0107?","isPartOf":{"@id":"https:\/\/triny.pl\/blog\/#website"},"datePublished":"2023-06-24T09:15:30+00:00","dateModified":"2023-09-01T08:17:03+00:00","breadcrumb":{"@id":"https:\/\/triny.pl\/blog\/depilacja-laserowa-czy-warto-ja-wykonac\/#breadcrumb"},"inLanguage":"pl-PL","potentialAction":[{"@type":"ReadAction","target":["https:\/\/triny.pl\/blog\/depilacja-laserowa-czy-warto-ja-wykonac\/"]}]},{"@type":"BreadcrumbList","@id":"https:\/\/triny.pl\/blog\/depilacja-laserowa-czy-warto-ja-wykonac\/#breadcrumb","itemListElement":[{"@type":"ListItem","position":1,"name":"Strona g\u0142\u00f3wna","item":"https:\/\/triny.pl\/blog\/"},{"@type":"ListItem","position":2,"name":"Depilacja laserowa &#8211; czy warto j\u0105 wykona\u0107?"}]},{"@type":"WebSite","@id":"https:\/\/triny.pl\/blog\/#website","url":"https:\/\/triny.pl\/blog\/","name":"Blog Triny.pl","description":"Naturalna piel\u0119gnacja bez tajemnic! Pokazujemy jak dba\u0107 o cia\u0142o i w\u0142osy dla optymalnych, d\u0142ugotrwa\u0142ych efekt\u00f3w. Sprawd\u017a te ma\u0142o znane triki :)","publisher":{"@id":"https:\/\/triny.pl\/blog\/#organization"},"potentialAction":[{"@type":"SearchAction","target":{"@type":"EntryPoint","urlTemplate":"https:\/\/triny.pl\/blog\/?s={search_term_string}"},"query-input":"required name=search_term_string"}],"inLanguage":"pl-PL"},{"@type":"Organization","@id":"https:\/\/triny.pl\/blog\/#organization","name":"Triny Sp. z o. o.","url":"https:\/\/triny.pl\/blog\/","logo":{"@type":"ImageObject","inLanguage":"pl-PL","@id":"https:\/\/triny.pl\/blog\/#\/schema\/logo\/image\/","url":"https:\/\/triny.pl\/blog\/wp-content\/uploads\/2020\/08\/logo-triny.png","contentUrl":"https:\/\/triny.pl\/blog\/wp-content\/uploads\/2020\/08\/logo-triny.png","width":190,"height":78,"caption":"Triny Sp. z o. o."},"image":{"@id":"https:\/\/triny.pl\/blog\/#\/schema\/logo\/image\/"},"sameAs":["https:\/\/www.facebook.com\/trinysklep","https:\/\/www.instagram.com\/trinysklep\/","https:\/\/pl.pinterest.com\/trinypl\/_created\/"]},{"@type":"Person","@id":"https:\/\/triny.pl\/blog\/#\/schema\/person\/1f0cf312784bf4debdc7de4be1475777","name":"Marysia Wajda","description":"Cze\u015b\u0107! Nazywam si\u0119 Marysia i jestem wielk\u0105 fank\u0105 naturalnej piel\u0119gnacji. Od dawna stosuj\u0119 wy\u0142\u0105cznie kosmetyki naturalne, zwracaj\u0105c bacznie uwag\u0119 na ich sk\u0142ad. Lubi\u0119 testowa\u0107 nowe produkty oraz rozwi\u0105zania urodowe i ch\u0119tnie si\u0119 podziel\u0119 wynikami moich eksperyment\u00f3w na tym blogu. Staram si\u0119 \u017cy\u0107 w zgodzie z natur\u0105 i w stylu zero waste, wi\u0119c ch\u0119tnie b\u0119d\u0119 przekazywa\u0107 Wam r\u00f3wnie\u017c pomys\u0142y na ponownie wykorzystanie kosmetyk\u00f3w i nie tylko. Zapraszam do obserwowania profilu na Facebooku, w kt\u00f3rym zamieszczane s\u0105 codziennie ciekawostki, porady, najlepsze kosmetyki naturalne: https:\/\/www.facebook.com\/trinysklep","url":"https:\/\/triny.pl\/blog\/author\/marysia\/"}]}},"voteUp":"2","voteDown":"0","authorInfo":{"photo":"https:\/\/triny.pl\/blog\/wp-content\/themes\/triny\/assets\/img\/default-avatar.jpg","url":"https:\/\/triny.pl\/blog\/author\/marysia\/","name":"Marysia Wajda"},"media":{"full":"https:\/\/triny.pl\/blog\/wp-content\/uploads\/2023\/07\/depilacja-laserowa.jpeg","desktop":"https:\/\/triny.pl\/blog\/wp-content\/uploads\/2023\/07\/depilacja-laserowa-505x250.jpeg","mobile":"https:\/\/triny.pl\/blog\/wp-content\/uploads\/2023\/07\/depilacja-laserowa-375x190.jpeg"},"_links":{"self":[{"href":"https:\/\/triny.pl\/blog\/wp-json\/wp\/v2\/posts\/27044"}],"collection":[{"href":"https:\/\/triny.pl\/blog\/wp-json\/wp\/v2\/posts"}],"about":[{"href":"https:\/\/triny.pl\/blog\/wp-json\/wp\/v2\/types\/post"}],"author":[{"embeddable":true,"href":"https:\/\/triny.pl\/blog\/wp-json\/wp\/v2\/users\/21"}],"replies":[{"embeddable":true,"href":"https:\/\/triny.pl\/blog\/wp-json\/wp\/v2\/comments?post=27044"}],"version-history":[{"count":3,"href":"https:\/\/triny.pl\/blog\/wp-json\/wp\/v2\/posts\/27044\/revisions"}],"predecessor-version":[{"id":27581,"href":"https:\/\/triny.pl\/blog\/wp-json\/wp\/v2\/posts\/27044\/revisions\/27581"}],"wp:featuredmedia":[{"embeddable":true,"href":"https:\/\/triny.pl\/blog\/wp-json\/wp\/v2\/media\/27046"}],"wp:attachment":[{"href":"https:\/\/triny.pl\/blog\/wp-json\/wp\/v2\/media?parent=27044"}],"wp:term":[{"taxonomy":"category","embeddable":true,"href":"https:\/\/triny.pl\/blog\/wp-json\/wp\/v2\/categories?post=27044"},{"taxonomy":"post_tag","embeddable":true,"href":"https:\/\/triny.pl\/blog\/wp-json\/wp\/v2\/tags?post=27044"}],"curies":[{"name":"wp","href":"https:\/\/api.w.org\/{rel}","templated":true}]}}