{"id":27069,"date":"2023-06-25T09:24:37","date_gmt":"2023-06-25T07:24:37","guid":{"rendered":"https:\/\/triny.pl\/blog\/?p=27069"},"modified":"2023-09-15T08:38:15","modified_gmt":"2023-09-15T06:38:15","slug":"affect","status":"publish","type":"post","link":"https:\/\/triny.pl\/blog\/affect\/","title":{"rendered":"Affect"},"content":{"rendered":"\n<p>Affect Cosmetics to marka kosmetyk\u00f3w z siedzib\u0105 w Polsce, kt\u00f3ra jest znana z wysokiej jako\u015bci produkt\u00f3w do makija\u017cu. Marka zosta\u0142a za\u0142o\u017cona w 2009 roku i od tego czasu zyska\u0142a popularno\u015b\u0107 r\u00f3wnie\u017c na mi\u0119dzynarodowym rynku kosmetycznym.<\/p>\n\n\n\n<p>Oferta Affect Cosmetics obejmuje szeroki zakres produkt\u00f3w, w tym cienie do powiek, r\u00f3\u017ce, b\u0142yszczyki do ust, bronzer, r\u00f3\u017cnego rodzaju p\u0119dzle do makija\u017cu i wiele innych. Produkty Affect s\u0105 cenione za to, \u017ce s\u0105 dobrze pigmentowane, d\u0142ugotrwa\u0142e i \u0142atwe w u\u017cyciu, a tak\u017ce za atrakcyjne, eleganckie opakowania.<\/p>\n\n\n\n<p><strong>Zobacz podobne produkty:<\/strong><\/p>\n\n\n<section class=\"slider-collage-carousel\" data-id=\"3391, 3386, 4797, 13774, 13753, 6223, 13110, 5398, 3415, 4814, 4831, 3394, 4817, 9170\"><ul class=\"collage collage-slider\"><li class=\"item\"><a href=\"https:\/\/triny.pl\/3391-annabelle-minerals-mineralny-podklad-kryjacy-4-g.html\" target=\"_blank\"><picture><source srcset=\"https:\/\/static.triny.pl\/img\/p\/2\/1\/4\/0\/7\/21407-thickbox_default.webp\"  type=\"image\/webp\"><source srcset=\"https:\/\/static.triny.pl\/img\/p\/2\/1\/4\/0\/7\/21407-thickbox_default.jpg\"  type=\"image\/jpeg\"><img src=\"https:\/\/triny.pl\/blog\/wp-content\/themes\/triny\/assets\/img\/placeholder-600x600.png\" data-src=\"https:\/\/static.triny.pl\/img\/p\/2\/1\/4\/0\/7\/21407-thickbox_default.jpg\" class=\"tns-lazy-img\" alt=\"Mineralny podk\u0142ad kryj\u0105cy &#8211; 4g\"><\/picture><div class=\"brand\">Annabelle Minerals<\/div><div class=\"title\">Mineralny podk\u0142ad kryj\u0105cy &#8211; 4g<\/div><\/a><a class=\"slider-collage-carousel__btn read-more-button\" href=\"https:\/\/triny.pl\/3391-annabelle-minerals-mineralny-podklad-kryjacy-4-g.html\" target=\"_blank\">Zobacz<\/a><\/li><li class=\"item\"><a href=\"https:\/\/triny.pl\/3386-annabelle-minerals-mineralny-podklad-rozswietlajacy-10-g.html\" target=\"_blank\"><picture><source srcset=\"https:\/\/static.triny.pl\/img\/p\/2\/1\/3\/3\/6\/21336-thickbox_default.webp\"  type=\"image\/webp\"><source srcset=\"https:\/\/static.triny.pl\/img\/p\/2\/1\/3\/3\/6\/21336-thickbox_default.jpg\"  type=\"image\/jpeg\"><img src=\"https:\/\/triny.pl\/blog\/wp-content\/themes\/triny\/assets\/img\/placeholder-600x600.png\" data-src=\"https:\/\/static.triny.pl\/img\/p\/2\/1\/3\/3\/6\/21336-thickbox_default.jpg\" class=\"tns-lazy-img\" alt=\"Mineralny podk\u0142ad roz\u015bwietlaj\u0105cy &#8211; 10g\"><\/picture><div class=\"brand\">Annabelle Minerals<\/div><div class=\"title\">Mineralny podk\u0142ad roz\u015bwietlaj\u0105cy &#8211; 10g<\/div><\/a><a class=\"slider-collage-carousel__btn read-more-button\" href=\"https:\/\/triny.pl\/3386-annabelle-minerals-mineralny-podklad-rozswietlajacy-10-g.html\" target=\"_blank\">Zobacz<\/a><\/li><li class=\"item\"><a href=\"https:\/\/triny.pl\/4797-neve-cosmetics-mineralny-podklad-prasowany-flat-perfection.html\" target=\"_blank\"><picture><source srcset=\"https:\/\/static.triny.pl\/img\/p\/6\/2\/9\/6\/6296-thickbox_default.webp\"  type=\"image\/webp\"><source srcset=\"https:\/\/static.triny.pl\/img\/p\/6\/2\/9\/6\/6296-thickbox_default.jpg\"  type=\"image\/jpeg\"><img src=\"https:\/\/triny.pl\/blog\/wp-content\/themes\/triny\/assets\/img\/placeholder-600x600.png\" data-src=\"https:\/\/static.triny.pl\/img\/p\/6\/2\/9\/6\/6296-thickbox_default.jpg\" class=\"tns-lazy-img\" alt=\"Mineralny podk\u0142ad prasowany &#8211; Flat Perfection\"><\/picture><div class=\"brand\">Neve Cosmetics<\/div><div class=\"title\">Mineralny podk\u0142ad prasowany &#8211; Flat Perfection<\/div><\/a><a class=\"slider-collage-carousel__btn read-more-button\" href=\"https:\/\/triny.pl\/4797-neve-cosmetics-mineralny-podklad-prasowany-flat-perfection.html\" target=\"_blank\">Zobacz<\/a><\/li><li class=\"item\"><a href=\"https:\/\/triny.pl\/13774-nowa-kosmetyka-kremowy-roz-pomadka-roz-i-juz.html\" target=\"_blank\"><picture><source srcset=\"https:\/\/static.triny.pl\/img\/p\/2\/2\/9\/8\/5\/22985-thickbox_default.webp\"  type=\"image\/webp\"><source srcset=\"https:\/\/static.triny.pl\/img\/p\/2\/2\/9\/8\/5\/22985-thickbox_default.jpg\"  type=\"image\/jpeg\"><img src=\"https:\/\/triny.pl\/blog\/wp-content\/themes\/triny\/assets\/img\/placeholder-600x600.png\" data-src=\"https:\/\/static.triny.pl\/img\/p\/2\/2\/9\/8\/5\/22985-thickbox_default.jpg\" class=\"tns-lazy-img\" alt=\"Kremowy r\u00f3\u017c-pomadka &#8211; R\u00f3\u017c i ju\u017c!\"><\/picture><div class=\"brand\">Nowa Kosmetyka<\/div><div class=\"title\">Kremowy r\u00f3\u017c-pomadka &#8211; R\u00f3\u017c i ju\u017c!<\/div><\/a><a class=\"slider-collage-carousel__btn read-more-button\" href=\"https:\/\/triny.pl\/13774-nowa-kosmetyka-kremowy-roz-pomadka-roz-i-juz.html\" target=\"_blank\">Zobacz<\/a><\/li><li class=\"item\"><a href=\"https:\/\/triny.pl\/13753-veoli-roz-do-policzkow-z-witamina-c-i-roslinnym-kolagenem-time-to-blush.html\" target=\"_blank\"><picture><source srcset=\"https:\/\/static.triny.pl\/img\/p\/2\/2\/9\/4\/1\/22941-thickbox_default.webp\"  type=\"image\/webp\"><source srcset=\"https:\/\/static.triny.pl\/img\/p\/2\/2\/9\/4\/1\/22941-thickbox_default.jpg\"  type=\"image\/jpeg\"><img src=\"https:\/\/triny.pl\/blog\/wp-content\/themes\/triny\/assets\/img\/placeholder-600x600.png\" data-src=\"https:\/\/static.triny.pl\/img\/p\/2\/2\/9\/4\/1\/22941-thickbox_default.jpg\" class=\"tns-lazy-img\" alt=\"R\u00f3\u017c do policzk\u00f3w z witamin\u0105 C i ro\u015blinnym kolagenem TIME TO BLUSH\"><\/picture><div class=\"brand\">Veoli Botanica<\/div><div class=\"title\">R\u00f3\u017c do policzk\u00f3w z witamin\u0105 C i ro\u015blinnym kolagenem TIME TO BLUSH<\/div><\/a><a class=\"slider-collage-carousel__btn read-more-button\" href=\"https:\/\/triny.pl\/13753-veoli-roz-do-policzkow-z-witamina-c-i-roslinnym-kolagenem-time-to-blush.html\" target=\"_blank\">Zobacz<\/a><\/li><li class=\"item\"><a href=\"https:\/\/triny.pl\/6223-mineralna-kredka-do-ust.html\" target=\"_blank\"><picture><source srcset=\"https:\/\/static.triny.pl\/img\/p\/8\/4\/5\/3\/8453-thickbox_default.webp\"  type=\"image\/webp\"><source srcset=\"https:\/\/static.triny.pl\/img\/p\/8\/4\/5\/3\/8453-thickbox_default.jpg\"  type=\"image\/jpeg\"><img src=\"https:\/\/triny.pl\/blog\/wp-content\/themes\/triny\/assets\/img\/placeholder-600x600.png\" data-src=\"https:\/\/static.triny.pl\/img\/p\/8\/4\/5\/3\/8453-thickbox_default.jpg\" class=\"tns-lazy-img\" alt=\"Mineralna kredka do ust\"><\/picture><div class=\"brand\">Neve Cosmetics<\/div><div class=\"title\">Mineralna kredka do ust<\/div><\/a><a class=\"slider-collage-carousel__btn read-more-button\" href=\"https:\/\/triny.pl\/6223-mineralna-kredka-do-ust.html\" target=\"_blank\">Zobacz<\/a><\/li><li class=\"item\"><a href=\"https:\/\/triny.pl\/13110-asoa-mineralny-podklad-kryjacy.html\" target=\"_blank\"><picture><source srcset=\"https:\/\/static.triny.pl\/img\/p\/2\/1\/8\/6\/9\/21869-thickbox_default.webp\"  type=\"image\/webp\"><source srcset=\"https:\/\/static.triny.pl\/img\/p\/2\/1\/8\/6\/9\/21869-thickbox_default.jpg\"  type=\"image\/jpeg\"><img src=\"https:\/\/triny.pl\/blog\/wp-content\/themes\/triny\/assets\/img\/placeholder-600x600.png\" data-src=\"https:\/\/static.triny.pl\/img\/p\/2\/1\/8\/6\/9\/21869-thickbox_default.jpg\" class=\"tns-lazy-img\" alt=\"Mineralny podk\u0142ad kryj\u0105cy\"><\/picture><div class=\"brand\">Asoa<\/div><div class=\"title\">Mineralny podk\u0142ad kryj\u0105cy<\/div><\/a><a class=\"slider-collage-carousel__btn read-more-button\" href=\"https:\/\/triny.pl\/13110-asoa-mineralny-podklad-kryjacy.html\" target=\"_blank\">Zobacz<\/a><\/li><li class=\"item\"><a href=\"https:\/\/triny.pl\/5398-neve-cosmetics-cien-mineralny-prasowany-do-powiek.html\" target=\"_blank\"><picture><source srcset=\"https:\/\/static.triny.pl\/img\/p\/7\/3\/1\/3\/7313-thickbox_default.webp\"  type=\"image\/webp\"><source srcset=\"https:\/\/static.triny.pl\/img\/p\/7\/3\/1\/3\/7313-thickbox_default.jpg\"  type=\"image\/jpeg\"><img src=\"https:\/\/triny.pl\/blog\/wp-content\/themes\/triny\/assets\/img\/placeholder-600x600.png\" data-src=\"https:\/\/static.triny.pl\/img\/p\/7\/3\/1\/3\/7313-thickbox_default.jpg\" class=\"tns-lazy-img\" alt=\"Cie\u0144 mineralny prasowany do powiek\"><\/picture><div class=\"brand\">Neve Cosmetics<\/div><div class=\"title\">Cie\u0144 mineralny prasowany do powiek<\/div><\/a><a class=\"slider-collage-carousel__btn read-more-button\" href=\"https:\/\/triny.pl\/5398-neve-cosmetics-cien-mineralny-prasowany-do-powiek.html\" target=\"_blank\">Zobacz<\/a><\/li><li class=\"item\"><a href=\"https:\/\/triny.pl\/3415-annabelle-minerals-roz-mineralny-4-g.html\" target=\"_blank\"><picture><source srcset=\"https:\/\/static.triny.pl\/img\/p\/2\/1\/4\/5\/2\/21452-thickbox_default.webp\"  type=\"image\/webp\"><source srcset=\"https:\/\/static.triny.pl\/img\/p\/2\/1\/4\/5\/2\/21452-thickbox_default.jpg\"  type=\"image\/jpeg\"><img src=\"https:\/\/triny.pl\/blog\/wp-content\/themes\/triny\/assets\/img\/placeholder-600x600.png\" data-src=\"https:\/\/static.triny.pl\/img\/p\/2\/1\/4\/5\/2\/21452-thickbox_default.jpg\" class=\"tns-lazy-img\" alt=\"R\u00f3\u017c mineralny &#8211; 4g\"><\/picture><div class=\"brand\">Annabelle Minerals<\/div><div class=\"title\">R\u00f3\u017c mineralny &#8211; 4g<\/div><\/a><a class=\"slider-collage-carousel__btn read-more-button\" href=\"https:\/\/triny.pl\/3415-annabelle-minerals-roz-mineralny-4-g.html\" target=\"_blank\">Zobacz<\/a><\/li><li class=\"item\"><a href=\"https:\/\/triny.pl\/4814-neve-cosmetics-sypki-roz-mineralny.html\" target=\"_blank\"><picture><source srcset=\"https:\/\/static.triny.pl\/img\/p\/6\/2\/7\/5\/6275-thickbox_default.webp\"  type=\"image\/webp\"><source srcset=\"https:\/\/static.triny.pl\/img\/p\/6\/2\/7\/5\/6275-thickbox_default.jpg\"  type=\"image\/jpeg\"><img src=\"https:\/\/triny.pl\/blog\/wp-content\/themes\/triny\/assets\/img\/placeholder-600x600.png\" data-src=\"https:\/\/static.triny.pl\/img\/p\/6\/2\/7\/5\/6275-thickbox_default.jpg\" class=\"tns-lazy-img\" alt=\"Sypki r\u00f3\u017c mineralny\"><\/picture><div class=\"brand\">Neve Cosmetics<\/div><div class=\"title\">Sypki r\u00f3\u017c mineralny<\/div><\/a><a class=\"slider-collage-carousel__btn read-more-button\" href=\"https:\/\/triny.pl\/4814-neve-cosmetics-sypki-roz-mineralny.html\" target=\"_blank\">Zobacz<\/a><\/li><li class=\"item\"><a href=\"https:\/\/triny.pl\/4831-neve-cosmetics-szminka-mineralna-do-ust-dessert-a-levres.html\" target=\"_blank\"><picture><source srcset=\"https:\/\/static.triny.pl\/img\/p\/1\/0\/2\/4\/4\/10244-thickbox_default.webp\"  type=\"image\/webp\"><source srcset=\"https:\/\/static.triny.pl\/img\/p\/1\/0\/2\/4\/4\/10244-thickbox_default.jpg\"  type=\"image\/jpeg\"><img src=\"https:\/\/triny.pl\/blog\/wp-content\/themes\/triny\/assets\/img\/placeholder-600x600.png\" data-src=\"https:\/\/static.triny.pl\/img\/p\/1\/0\/2\/4\/4\/10244-thickbox_default.jpg\" class=\"tns-lazy-img\" alt=\"Szminka mineralna do ust &#8211; Dessert a Levres\"><\/picture><div class=\"brand\">Neve Cosmetics<\/div><div class=\"title\">Szminka mineralna do ust &#8211; Dessert a Levres<\/div><\/a><a class=\"slider-collage-carousel__btn read-more-button\" href=\"https:\/\/triny.pl\/4831-neve-cosmetics-szminka-mineralna-do-ust-dessert-a-levres.html\" target=\"_blank\">Zobacz<\/a><\/li><li class=\"item\"><a href=\"https:\/\/triny.pl\/3394-annabelle-minerals-mineralny-cien-do-powiek-3-g.html\" target=\"_blank\"><picture><source srcset=\"https:\/\/static.triny.pl\/img\/p\/2\/1\/4\/2\/3\/21423-thickbox_default.webp\"  type=\"image\/webp\"><source srcset=\"https:\/\/static.triny.pl\/img\/p\/2\/1\/4\/2\/3\/21423-thickbox_default.jpg\"  type=\"image\/jpeg\"><img src=\"https:\/\/triny.pl\/blog\/wp-content\/themes\/triny\/assets\/img\/placeholder-600x600.png\" data-src=\"https:\/\/static.triny.pl\/img\/p\/2\/1\/4\/2\/3\/21423-thickbox_default.jpg\" class=\"tns-lazy-img\" alt=\"Mineralny cie\u0144 do powiek &#8211; 3g\"><\/picture><div class=\"brand\">Annabelle Minerals<\/div><div class=\"title\">Mineralny cie\u0144 do powiek &#8211; 3g<\/div><\/a><a class=\"slider-collage-carousel__btn read-more-button\" href=\"https:\/\/triny.pl\/3394-annabelle-minerals-mineralny-cien-do-powiek-3-g.html\" target=\"_blank\">Zobacz<\/a><\/li><li class=\"item\"><a href=\"https:\/\/triny.pl\/4817-neve-cosmetics-cien-mineralny-sypki.html\" target=\"_blank\"><picture><source srcset=\"https:\/\/static.triny.pl\/img\/p\/6\/2\/6\/3\/6263-thickbox_default.webp\"  type=\"image\/webp\"><source srcset=\"https:\/\/static.triny.pl\/img\/p\/6\/2\/6\/3\/6263-thickbox_default.jpg\"  type=\"image\/jpeg\"><img src=\"https:\/\/triny.pl\/blog\/wp-content\/themes\/triny\/assets\/img\/placeholder-600x600.png\" data-src=\"https:\/\/static.triny.pl\/img\/p\/6\/2\/6\/3\/6263-thickbox_default.jpg\" class=\"tns-lazy-img\" alt=\"Cie\u0144 mineralny &#8211; sypki\"><\/picture><div class=\"brand\">Neve Cosmetics<\/div><div class=\"title\">Cie\u0144 mineralny &#8211; sypki<\/div><\/a><a class=\"slider-collage-carousel__btn read-more-button\" href=\"https:\/\/triny.pl\/4817-neve-cosmetics-cien-mineralny-sypki.html\" target=\"_blank\">Zobacz<\/a><\/li><li class=\"item\"><a href=\"https:\/\/triny.pl\/9170-equilibra-podklad-w-kompakcie.html\" target=\"_blank\"><picture><source srcset=\"https:\/\/static.triny.pl\/img\/p\/1\/8\/2\/3\/4\/18234-thickbox_default.webp\"  type=\"image\/webp\"><source srcset=\"https:\/\/static.triny.pl\/img\/p\/1\/8\/2\/3\/4\/18234-thickbox_default.jpg\"  type=\"image\/jpeg\"><img src=\"https:\/\/triny.pl\/blog\/wp-content\/themes\/triny\/assets\/img\/placeholder-600x600.png\" data-src=\"https:\/\/static.triny.pl\/img\/p\/1\/8\/2\/3\/4\/18234-thickbox_default.jpg\" class=\"tns-lazy-img\" alt=\"Loves Nature &#8211; Podk\u0142ad w kompakcie\"><\/picture><div class=\"brand\">Equilibra<\/div><div class=\"title\">Loves Nature &#8211; Podk\u0142ad w kompakcie<\/div><\/a><a class=\"slider-collage-carousel__btn read-more-button\" href=\"https:\/\/triny.pl\/9170-equilibra-podklad-w-kompakcie.html\" target=\"_blank\">Zobacz<\/a><\/li><\/ul><\/section>\n\n\n\n<p>Marka jest r\u00f3wnie\u017c znana z kolaboracji z znanymi osobowo\u015bciami ze \u015bwiata makija\u017cu. Na przyk\u0142ad, jednym z najbardziej znanych produkt\u00f3w Affect Cosmetics jest paleta cieni do powiek stworzona we wsp\u00f3\u0142pracy z polsk\u0105 makija\u017cystk\u0105 Karolin\u0105 Matraszek.<\/p>\n\n\n\n<p>Affect Cosmetics koncentruje si\u0119 na tworzeniu produkt\u00f3w, kt\u00f3re s\u0105 dost\u0119pne dla szerokiej grupy konsument\u00f3w. Firma oferuje zar\u00f3wno produkty do codziennego, naturalnego makija\u017cu, jak i do bardziej odwa\u017cnych, artystycznych stylizacji. Marka jest r\u00f3wnie\u017c zaanga\u017cowana w promowanie etycznej produkcji kosmetyk\u00f3w i nie testuje swoich produkt\u00f3w na zwierz\u0119tach.<\/p>\n","protected":false},"excerpt":{"rendered":"<p>Affect Cosmetics to marka kosmetyk\u00f3w z siedzib\u0105 w Polsce, kt\u00f3ra jest znana z wysokiej jako\u015bci produkt\u00f3w do makija\u017cu. Marka zosta\u0142a za\u0142o\u017cona&#8230;<\/p>\n","protected":false},"author":21,"featured_media":27148,"comment_status":"open","ping_status":"open","sticky":false,"template":"","format":"standard","meta":{"footnotes":""},"categories":[8186],"tags":[],"acf":[],"yoast_head":"<!-- This site is optimized with the Yoast SEO plugin v21.1 - https:\/\/yoast.com\/wordpress\/plugins\/seo\/ -->\n<title>Affect<\/title>\n<meta name=\"robots\" content=\"index, follow, max-snippet:-1, max-image-preview:large, max-video-preview:-1\" \/>\n<link rel=\"canonical\" href=\"https:\/\/triny.pl\/blog\/affect\/\" \/>\n<meta property=\"og:locale\" content=\"pl_PL\" \/>\n<meta property=\"og:type\" content=\"article\" \/>\n<meta property=\"og:title\" content=\"Affect\" \/>\n<meta property=\"og:description\" content=\"Affect Cosmetics to marka kosmetyk\u00f3w z siedzib\u0105 w Polsce, kt\u00f3ra jest znana z wysokiej jako\u015bci produkt\u00f3w do makija\u017cu. Marka zosta\u0142a za\u0142o\u017cona...\" \/>\n<meta property=\"og:url\" content=\"https:\/\/triny.pl\/blog\/affect\/\" \/>\n<meta property=\"og:site_name\" content=\"Blog Triny.pl\" \/>\n<meta property=\"article:publisher\" content=\"https:\/\/www.facebook.com\/trinysklep\" \/>\n<meta property=\"article:published_time\" content=\"2023-06-25T07:24:37+00:00\" \/>\n<meta property=\"article:modified_time\" content=\"2023-09-15T06:38:15+00:00\" \/>\n<meta property=\"og:image\" content=\"https:\/\/triny.pl\/blog\/wp-content\/uploads\/2023\/07\/affect.jpeg\" \/>\n\t<meta property=\"og:image:width\" content=\"1200\" \/>\n\t<meta property=\"og:image:height\" content=\"800\" \/>\n\t<meta property=\"og:image:type\" content=\"image\/jpeg\" \/>\n<meta name=\"author\" content=\"Marysia Wajda\" \/>\n<meta name=\"twitter:label1\" content=\"Napisane przez\" \/>\n\t<meta name=\"twitter:data1\" content=\"Marysia Wajda\" \/>\n\t<meta name=\"twitter:label2\" content=\"Szacowany czas czytania\" \/>\n\t<meta name=\"twitter:data2\" content=\"1 minuta\" \/>\n<script type=\"application\/ld+json\" class=\"yoast-schema-graph\">{\"@context\":\"https:\/\/schema.org\",\"@graph\":[{\"@type\":\"Article\",\"@id\":\"https:\/\/triny.pl\/blog\/affect\/#article\",\"isPartOf\":{\"@id\":\"https:\/\/triny.pl\/blog\/affect\/\"},\"author\":{\"name\":\"Marysia Wajda\",\"@id\":\"https:\/\/triny.pl\/blog\/#\/schema\/person\/1f0cf312784bf4debdc7de4be1475777\"},\"headline\":\"Affect\",\"datePublished\":\"2023-06-25T07:24:37+00:00\",\"dateModified\":\"2023-09-15T06:38:15+00:00\",\"mainEntityOfPage\":{\"@id\":\"https:\/\/triny.pl\/blog\/affect\/\"},\"wordCount\":205,\"commentCount\":0,\"publisher\":{\"@id\":\"https:\/\/triny.pl\/blog\/#organization\"},\"articleSection\":[\"S\u0142ownik\"],\"inLanguage\":\"pl-PL\",\"potentialAction\":[{\"@type\":\"CommentAction\",\"name\":\"Comment\",\"target\":[\"https:\/\/triny.pl\/blog\/affect\/#respond\"]}]},{\"@type\":\"WebPage\",\"@id\":\"https:\/\/triny.pl\/blog\/affect\/\",\"url\":\"https:\/\/triny.pl\/blog\/affect\/\",\"name\":\"Affect\",\"isPartOf\":{\"@id\":\"https:\/\/triny.pl\/blog\/#website\"},\"datePublished\":\"2023-06-25T07:24:37+00:00\",\"dateModified\":\"2023-09-15T06:38:15+00:00\",\"breadcrumb\":{\"@id\":\"https:\/\/triny.pl\/blog\/affect\/#breadcrumb\"},\"inLanguage\":\"pl-PL\",\"potentialAction\":[{\"@type\":\"ReadAction\",\"target\":[\"https:\/\/triny.pl\/blog\/affect\/\"]}]},{\"@type\":\"BreadcrumbList\",\"@id\":\"https:\/\/triny.pl\/blog\/affect\/#breadcrumb\",\"itemListElement\":[{\"@type\":\"ListItem\",\"position\":1,\"name\":\"Strona g\u0142\u00f3wna\",\"item\":\"https:\/\/triny.pl\/blog\/\"},{\"@type\":\"ListItem\",\"position\":2,\"name\":\"Affect\"}]},{\"@type\":\"WebSite\",\"@id\":\"https:\/\/triny.pl\/blog\/#website\",\"url\":\"https:\/\/triny.pl\/blog\/\",\"name\":\"Blog Triny.pl\",\"description\":\"Naturalna piel\u0119gnacja bez tajemnic! Pokazujemy jak dba\u0107 o cia\u0142o i w\u0142osy dla optymalnych, d\u0142ugotrwa\u0142ych efekt\u00f3w. Sprawd\u017a te ma\u0142o znane triki :)\",\"publisher\":{\"@id\":\"https:\/\/triny.pl\/blog\/#organization\"},\"potentialAction\":[{\"@type\":\"SearchAction\",\"target\":{\"@type\":\"EntryPoint\",\"urlTemplate\":\"https:\/\/triny.pl\/blog\/?s={search_term_string}\"},\"query-input\":\"required name=search_term_string\"}],\"inLanguage\":\"pl-PL\"},{\"@type\":\"Organization\",\"@id\":\"https:\/\/triny.pl\/blog\/#organization\",\"name\":\"Triny Sp. z o. o.\",\"url\":\"https:\/\/triny.pl\/blog\/\",\"logo\":{\"@type\":\"ImageObject\",\"inLanguage\":\"pl-PL\",\"@id\":\"https:\/\/triny.pl\/blog\/#\/schema\/logo\/image\/\",\"url\":\"https:\/\/triny.pl\/blog\/wp-content\/uploads\/2020\/08\/logo-triny.png\",\"contentUrl\":\"https:\/\/triny.pl\/blog\/wp-content\/uploads\/2020\/08\/logo-triny.png\",\"width\":190,\"height\":78,\"caption\":\"Triny Sp. z o. o.\"},\"image\":{\"@id\":\"https:\/\/triny.pl\/blog\/#\/schema\/logo\/image\/\"},\"sameAs\":[\"https:\/\/www.facebook.com\/trinysklep\",\"https:\/\/www.instagram.com\/trinysklep\/\",\"https:\/\/pl.pinterest.com\/trinypl\/_created\/\"]},{\"@type\":\"Person\",\"@id\":\"https:\/\/triny.pl\/blog\/#\/schema\/person\/1f0cf312784bf4debdc7de4be1475777\",\"name\":\"Marysia Wajda\",\"description\":\"Cze\u015b\u0107! Nazywam si\u0119 Marysia i jestem wielk\u0105 fank\u0105 naturalnej piel\u0119gnacji. Od dawna stosuj\u0119 wy\u0142\u0105cznie kosmetyki naturalne, zwracaj\u0105c bacznie uwag\u0119 na ich sk\u0142ad. Lubi\u0119 testowa\u0107 nowe produkty oraz rozwi\u0105zania urodowe i ch\u0119tnie si\u0119 podziel\u0119 wynikami moich eksperyment\u00f3w na tym blogu. Staram si\u0119 \u017cy\u0107 w zgodzie z natur\u0105 i w stylu zero waste, wi\u0119c ch\u0119tnie b\u0119d\u0119 przekazywa\u0107 Wam r\u00f3wnie\u017c pomys\u0142y na ponownie wykorzystanie kosmetyk\u00f3w i nie tylko. Zapraszam do obserwowania profilu na Facebooku, w kt\u00f3rym zamieszczane s\u0105 codziennie ciekawostki, porady, najlepsze kosmetyki naturalne: https:\/\/www.facebook.com\/trinysklep\",\"url\":\"https:\/\/triny.pl\/blog\/author\/marysia\/\"}]}<\/script>\n<!-- \/ Yoast SEO plugin. -->","yoast_head_json":{"title":"Affect","robots":{"index":"index","follow":"follow","max-snippet":"max-snippet:-1","max-image-preview":"max-image-preview:large","max-video-preview":"max-video-preview:-1"},"canonical":"https:\/\/triny.pl\/blog\/affect\/","og_locale":"pl_PL","og_type":"article","og_title":"Affect","og_description":"Affect Cosmetics to marka kosmetyk\u00f3w z siedzib\u0105 w Polsce, kt\u00f3ra jest znana z wysokiej jako\u015bci produkt\u00f3w do makija\u017cu. Marka zosta\u0142a za\u0142o\u017cona...","og_url":"https:\/\/triny.pl\/blog\/affect\/","og_site_name":"Blog Triny.pl","article_publisher":"https:\/\/www.facebook.com\/trinysklep","article_published_time":"2023-06-25T07:24:37+00:00","article_modified_time":"2023-09-15T06:38:15+00:00","og_image":[{"width":1200,"height":800,"url":"https:\/\/triny.pl\/blog\/wp-content\/uploads\/2023\/07\/affect.jpeg","type":"image\/jpeg"}],"author":"Marysia Wajda","twitter_misc":{"Napisane przez":"Marysia Wajda","Szacowany czas czytania":"1 minuta"},"schema":{"@context":"https:\/\/schema.org","@graph":[{"@type":"Article","@id":"https:\/\/triny.pl\/blog\/affect\/#article","isPartOf":{"@id":"https:\/\/triny.pl\/blog\/affect\/"},"author":{"name":"Marysia Wajda","@id":"https:\/\/triny.pl\/blog\/#\/schema\/person\/1f0cf312784bf4debdc7de4be1475777"},"headline":"Affect","datePublished":"2023-06-25T07:24:37+00:00","dateModified":"2023-09-15T06:38:15+00:00","mainEntityOfPage":{"@id":"https:\/\/triny.pl\/blog\/affect\/"},"wordCount":205,"commentCount":0,"publisher":{"@id":"https:\/\/triny.pl\/blog\/#organization"},"articleSection":["S\u0142ownik"],"inLanguage":"pl-PL","potentialAction":[{"@type":"CommentAction","name":"Comment","target":["https:\/\/triny.pl\/blog\/affect\/#respond"]}]},{"@type":"WebPage","@id":"https:\/\/triny.pl\/blog\/affect\/","url":"https:\/\/triny.pl\/blog\/affect\/","name":"Affect","isPartOf":{"@id":"https:\/\/triny.pl\/blog\/#website"},"datePublished":"2023-06-25T07:24:37+00:00","dateModified":"2023-09-15T06:38:15+00:00","breadcrumb":{"@id":"https:\/\/triny.pl\/blog\/affect\/#breadcrumb"},"inLanguage":"pl-PL","potentialAction":[{"@type":"ReadAction","target":["https:\/\/triny.pl\/blog\/affect\/"]}]},{"@type":"BreadcrumbList","@id":"https:\/\/triny.pl\/blog\/affect\/#breadcrumb","itemListElement":[{"@type":"ListItem","position":1,"name":"Strona g\u0142\u00f3wna","item":"https:\/\/triny.pl\/blog\/"},{"@type":"ListItem","position":2,"name":"Affect"}]},{"@type":"WebSite","@id":"https:\/\/triny.pl\/blog\/#website","url":"https:\/\/triny.pl\/blog\/","name":"Blog Triny.pl","description":"Naturalna piel\u0119gnacja bez tajemnic! Pokazujemy jak dba\u0107 o cia\u0142o i w\u0142osy dla optymalnych, d\u0142ugotrwa\u0142ych efekt\u00f3w. Sprawd\u017a te ma\u0142o znane triki :)","publisher":{"@id":"https:\/\/triny.pl\/blog\/#organization"},"potentialAction":[{"@type":"SearchAction","target":{"@type":"EntryPoint","urlTemplate":"https:\/\/triny.pl\/blog\/?s={search_term_string}"},"query-input":"required name=search_term_string"}],"inLanguage":"pl-PL"},{"@type":"Organization","@id":"https:\/\/triny.pl\/blog\/#organization","name":"Triny Sp. z o. o.","url":"https:\/\/triny.pl\/blog\/","logo":{"@type":"ImageObject","inLanguage":"pl-PL","@id":"https:\/\/triny.pl\/blog\/#\/schema\/logo\/image\/","url":"https:\/\/triny.pl\/blog\/wp-content\/uploads\/2020\/08\/logo-triny.png","contentUrl":"https:\/\/triny.pl\/blog\/wp-content\/uploads\/2020\/08\/logo-triny.png","width":190,"height":78,"caption":"Triny Sp. z o. o."},"image":{"@id":"https:\/\/triny.pl\/blog\/#\/schema\/logo\/image\/"},"sameAs":["https:\/\/www.facebook.com\/trinysklep","https:\/\/www.instagram.com\/trinysklep\/","https:\/\/pl.pinterest.com\/trinypl\/_created\/"]},{"@type":"Person","@id":"https:\/\/triny.pl\/blog\/#\/schema\/person\/1f0cf312784bf4debdc7de4be1475777","name":"Marysia Wajda","description":"Cze\u015b\u0107! Nazywam si\u0119 Marysia i jestem wielk\u0105 fank\u0105 naturalnej piel\u0119gnacji. Od dawna stosuj\u0119 wy\u0142\u0105cznie kosmetyki naturalne, zwracaj\u0105c bacznie uwag\u0119 na ich sk\u0142ad. Lubi\u0119 testowa\u0107 nowe produkty oraz rozwi\u0105zania urodowe i ch\u0119tnie si\u0119 podziel\u0119 wynikami moich eksperyment\u00f3w na tym blogu. Staram si\u0119 \u017cy\u0107 w zgodzie z natur\u0105 i w stylu zero waste, wi\u0119c ch\u0119tnie b\u0119d\u0119 przekazywa\u0107 Wam r\u00f3wnie\u017c pomys\u0142y na ponownie wykorzystanie kosmetyk\u00f3w i nie tylko. Zapraszam do obserwowania profilu na Facebooku, w kt\u00f3rym zamieszczane s\u0105 codziennie ciekawostki, porady, najlepsze kosmetyki naturalne: https:\/\/www.facebook.com\/trinysklep","url":"https:\/\/triny.pl\/blog\/author\/marysia\/"}]}},"voteUp":"0","voteDown":"0","authorInfo":{"photo":"https:\/\/triny.pl\/blog\/wp-content\/themes\/triny\/assets\/img\/default-avatar.jpg","url":"https:\/\/triny.pl\/blog\/author\/marysia\/","name":"Marysia Wajda"},"media":{"full":"https:\/\/triny.pl\/blog\/wp-content\/uploads\/2023\/07\/affect.jpeg","desktop":"https:\/\/triny.pl\/blog\/wp-content\/uploads\/2023\/07\/affect-505x250.jpeg","mobile":"https:\/\/triny.pl\/blog\/wp-content\/uploads\/2023\/07\/affect-375x190.jpeg"},"_links":{"self":[{"href":"https:\/\/triny.pl\/blog\/wp-json\/wp\/v2\/posts\/27069"}],"collection":[{"href":"https:\/\/triny.pl\/blog\/wp-json\/wp\/v2\/posts"}],"about":[{"href":"https:\/\/triny.pl\/blog\/wp-json\/wp\/v2\/types\/post"}],"author":[{"embeddable":true,"href":"https:\/\/triny.pl\/blog\/wp-json\/wp\/v2\/users\/21"}],"replies":[{"embeddable":true,"href":"https:\/\/triny.pl\/blog\/wp-json\/wp\/v2\/comments?post=27069"}],"version-history":[{"count":4,"href":"https:\/\/triny.pl\/blog\/wp-json\/wp\/v2\/posts\/27069\/revisions"}],"predecessor-version":[{"id":27726,"href":"https:\/\/triny.pl\/blog\/wp-json\/wp\/v2\/posts\/27069\/revisions\/27726"}],"wp:featuredmedia":[{"embeddable":true,"href":"https:\/\/triny.pl\/blog\/wp-json\/wp\/v2\/media\/27148"}],"wp:attachment":[{"href":"https:\/\/triny.pl\/blog\/wp-json\/wp\/v2\/media?parent=27069"}],"wp:term":[{"taxonomy":"category","embeddable":true,"href":"https:\/\/triny.pl\/blog\/wp-json\/wp\/v2\/categories?post=27069"},{"taxonomy":"post_tag","embeddable":true,"href":"https:\/\/triny.pl\/blog\/wp-json\/wp\/v2\/tags?post=27069"}],"curies":[{"name":"wp","href":"https:\/\/api.w.org\/{rel}","templated":true}]}}