{"id":27208,"date":"2023-07-16T13:03:03","date_gmt":"2023-07-16T11:03:03","guid":{"rendered":"https:\/\/triny.pl\/blog\/?p=27208"},"modified":"2023-08-11T12:25:47","modified_gmt":"2023-08-11T10:25:47","slug":"kolorowki-tajemnice-profesjonalnego-makijazu","status":"publish","type":"post","link":"https:\/\/triny.pl\/blog\/kolorowki-tajemnice-profesjonalnego-makijazu\/","title":{"rendered":"Kolor\u00f3wki &#8211; tajemnice profesjonalnego makija\u017cu"},"content":{"rendered":"\n<p>W kr\u0119gu profesjonalnych stylist\u00f3w, makija\u017cyst\u00f3w oraz mi\u0142o\u015bnik\u00f3w kosmetyki, poj\u0119cie &#8222;kolor\u00f3wka&#8221; oznacza wszystko, co jest potrzebne do wykonania makija\u017cu. M\u00f3wi\u0105c najpro\u015bciej, to kosmetyki do twarzy, kt\u00f3re dodaj\u0105 kolor. Przyjrzyjmy si\u0119 bli\u017cej, co kryje si\u0119 za tym terminem i jak efektywnie wykorzysta\u0107 kolor\u00f3wk\u0119 w codziennej piel\u0119gnacji.<\/p>\n\n\n\n<h2 class=\"wp-block-heading\">Podstawy kolor\u00f3wki: co to jest?<\/h2>\n\n\n\n<p>Kolor\u00f3wka to potocznie og\u00f3\u0142 kosmetyk\u00f3w u\u017cywanych do wykonywania makija\u017cu. S\u0105 to produkty, kt\u00f3re nadaj\u0105 kolor i wyko\u0144czenie sk\u00f3rze, pomagaj\u0105c wykonturowa\u0107, podkre\u015bli\u0107 lub ukry\u0107 pewne cechy twarzy. Pod t\u0119 kategori\u0119 podchodz\u0105 takie produkty jak podk\u0142ady, korektory, pudry, r\u00f3\u017ce, bronzery, roz\u015bwietlacze, cienie do powiek, kredki i tusze do rz\u0119s, pomadki, b\u0142yszczyki i wiele innych.<\/p>\n\n\n<section class=\"slider-collage-carousel\" data-id=\"9181, 13776, 6223, 3386, 9174, 4826, 9169, 12231, 11495, 13117, 9180, 4817, 13115, 4836, 12252\"><ul class=\"collage collage-slider\"><li class=\"item\"><a href=\"https:\/\/triny.pl\/9181-equilibra-naturalny-blyszczyk-do-ust.html\" target=\"_blank\"><picture><source srcset=\"https:\/\/static.triny.pl\/img\/p\/1\/8\/1\/9\/5\/18195-thickbox_default.webp\"  type=\"image\/webp\"><source srcset=\"https:\/\/static.triny.pl\/img\/p\/1\/8\/1\/9\/5\/18195-thickbox_default.jpg\"  type=\"image\/jpeg\"><img src=\"https:\/\/triny.pl\/blog\/wp-content\/themes\/triny\/assets\/img\/placeholder-600x600.png\" data-src=\"https:\/\/static.triny.pl\/img\/p\/1\/8\/1\/9\/5\/18195-thickbox_default.jpg\" class=\"tns-lazy-img\" alt=\"Loves Nature &#8211; Naturalny b\u0142yszczyk do ust\"><\/picture><div class=\"brand\">Equilibra<\/div><div class=\"title\">Loves Nature &#8211; Naturalny b\u0142yszczyk do ust<\/div><\/a><a class=\"slider-collage-carousel__btn read-more-button\" href=\"https:\/\/triny.pl\/9181-equilibra-naturalny-blyszczyk-do-ust.html\" target=\"_blank\">Zobacz<\/a><\/li><li class=\"item\"><a href=\"https:\/\/triny.pl\/13776-nowa-kosmetyka-kremowy-rozswietlacz-rzuc-swiatlo.html\" target=\"_blank\"><picture><source srcset=\"https:\/\/static.triny.pl\/img\/p\/2\/2\/9\/8\/7\/22987-thickbox_default.webp\"  type=\"image\/webp\"><source srcset=\"https:\/\/static.triny.pl\/img\/p\/2\/2\/9\/8\/7\/22987-thickbox_default.jpg\"  type=\"image\/jpeg\"><img src=\"https:\/\/triny.pl\/blog\/wp-content\/themes\/triny\/assets\/img\/placeholder-600x600.png\" data-src=\"https:\/\/static.triny.pl\/img\/p\/2\/2\/9\/8\/7\/22987-thickbox_default.jpg\" class=\"tns-lazy-img\" alt=\"Kremowy roz\u015bwietlacz &#8211; Rzu\u0107 \u015bwiat\u0142o\"><\/picture><div class=\"brand\">Nowa Kosmetyka<\/div><div class=\"title\">Kremowy roz\u015bwietlacz &#8211; Rzu\u0107 \u015bwiat\u0142o<\/div><\/a><a class=\"slider-collage-carousel__btn read-more-button\" href=\"https:\/\/triny.pl\/13776-nowa-kosmetyka-kremowy-rozswietlacz-rzuc-swiatlo.html\" target=\"_blank\">Zobacz<\/a><\/li><li class=\"item\"><a href=\"https:\/\/triny.pl\/6223-mineralna-kredka-do-ust.html\" target=\"_blank\"><picture><source srcset=\"https:\/\/static.triny.pl\/img\/p\/8\/4\/5\/3\/8453-thickbox_default.webp\"  type=\"image\/webp\"><source srcset=\"https:\/\/static.triny.pl\/img\/p\/8\/4\/5\/3\/8453-thickbox_default.jpg\"  type=\"image\/jpeg\"><img src=\"https:\/\/triny.pl\/blog\/wp-content\/themes\/triny\/assets\/img\/placeholder-600x600.png\" data-src=\"https:\/\/static.triny.pl\/img\/p\/8\/4\/5\/3\/8453-thickbox_default.jpg\" class=\"tns-lazy-img\" alt=\"Mineralna kredka do ust\"><\/picture><div class=\"brand\">Neve Cosmetics<\/div><div class=\"title\">Mineralna kredka do ust<\/div><\/a><a class=\"slider-collage-carousel__btn read-more-button\" href=\"https:\/\/triny.pl\/6223-mineralna-kredka-do-ust.html\" target=\"_blank\">Zobacz<\/a><\/li><li class=\"item\"><a href=\"https:\/\/triny.pl\/3386-annabelle-minerals-mineralny-podklad-rozswietlajacy-10-g.html\" target=\"_blank\"><picture><source srcset=\"https:\/\/static.triny.pl\/img\/p\/2\/1\/3\/3\/6\/21336-thickbox_default.webp\"  type=\"image\/webp\"><source srcset=\"https:\/\/static.triny.pl\/img\/p\/2\/1\/3\/3\/6\/21336-thickbox_default.jpg\"  type=\"image\/jpeg\"><img src=\"https:\/\/triny.pl\/blog\/wp-content\/themes\/triny\/assets\/img\/placeholder-600x600.png\" data-src=\"https:\/\/static.triny.pl\/img\/p\/2\/1\/3\/3\/6\/21336-thickbox_default.jpg\" class=\"tns-lazy-img\" alt=\"Mineralny podk\u0142ad roz\u015bwietlaj\u0105cy &#8211; 10g\"><\/picture><div class=\"brand\">Annabelle Minerals<\/div><div class=\"title\">Mineralny podk\u0142ad roz\u015bwietlaj\u0105cy &#8211; 10g<\/div><\/a><a class=\"slider-collage-carousel__btn read-more-button\" href=\"https:\/\/triny.pl\/3386-annabelle-minerals-mineralny-podklad-rozswietlajacy-10-g.html\" target=\"_blank\">Zobacz<\/a><\/li><li class=\"item\"><a href=\"https:\/\/triny.pl\/4826-neve-cosmetics-mineralna-kredka-do-oczu.html\" target=\"_blank\"><picture><source srcset=\"https:\/\/static.triny.pl\/img\/p\/6\/3\/7\/2\/6372-thickbox_default.webp\"  type=\"image\/webp\"><source srcset=\"https:\/\/static.triny.pl\/img\/p\/6\/3\/7\/2\/6372-thickbox_default.jpg\"  type=\"image\/jpeg\"><img src=\"https:\/\/triny.pl\/blog\/wp-content\/themes\/triny\/assets\/img\/placeholder-600x600.png\" data-src=\"https:\/\/static.triny.pl\/img\/p\/6\/3\/7\/2\/6372-thickbox_default.jpg\" class=\"tns-lazy-img\" alt=\"Mineralna kredka do oczu\"><\/picture><div class=\"brand\">Neve Cosmetics<\/div><div class=\"title\">Mineralna kredka do oczu<\/div><\/a><a class=\"slider-collage-carousel__btn read-more-button\" href=\"https:\/\/triny.pl\/4826-neve-cosmetics-mineralna-kredka-do-oczu.html\" target=\"_blank\">Zobacz<\/a><\/li><li class=\"item\"><a href=\"https:\/\/triny.pl\/9169-equilibra-nawilzajacy-podklad-w-plynie.html\" target=\"_blank\"><picture><source srcset=\"https:\/\/static.triny.pl\/img\/p\/1\/8\/2\/5\/0\/18250-thickbox_default.webp\"  type=\"image\/webp\"><source srcset=\"https:\/\/static.triny.pl\/img\/p\/1\/8\/2\/5\/0\/18250-thickbox_default.jpg\"  type=\"image\/jpeg\"><img src=\"https:\/\/triny.pl\/blog\/wp-content\/themes\/triny\/assets\/img\/placeholder-600x600.png\" data-src=\"https:\/\/static.triny.pl\/img\/p\/1\/8\/2\/5\/0\/18250-thickbox_default.jpg\" class=\"tns-lazy-img\" alt=\"Loves Nature &#8211; Nawil\u017caj\u0105cy podk\u0142ad w p\u0142ynie\"><\/picture><div class=\"brand\">Equilibra<\/div><div class=\"title\">Loves Nature &#8211; Nawil\u017caj\u0105cy podk\u0142ad w p\u0142ynie<\/div><\/a><a class=\"slider-collage-carousel__btn read-more-button\" href=\"https:\/\/triny.pl\/9169-equilibra-nawilzajacy-podklad-w-plynie.html\" target=\"_blank\">Zobacz<\/a><\/li><li class=\"item\"><a href=\"https:\/\/triny.pl\/11495-veoli-botanica-drop-of-perfection-wygladzjaco-kryjacy-krem-bb-odcien-golden-beige.html\" target=\"_blank\"><picture><source srcset=\"https:\/\/static.triny.pl\/img\/p\/2\/0\/8\/5\/7\/20857-thickbox_default.webp\"  type=\"image\/webp\"><source srcset=\"https:\/\/static.triny.pl\/img\/p\/2\/0\/8\/5\/7\/20857-thickbox_default.jpg\"  type=\"image\/jpeg\"><img src=\"https:\/\/triny.pl\/blog\/wp-content\/themes\/triny\/assets\/img\/placeholder-600x600.png\" data-src=\"https:\/\/static.triny.pl\/img\/p\/2\/0\/8\/5\/7\/20857-thickbox_default.jpg\" class=\"tns-lazy-img\" alt=\"Drop of perfection wyg\u0142adzaj\u0105co-kryj\u0105cy krem BB &#8211; odcie\u0144 GOLDEN BEIGE (3.0 W) (data wa\u017cno\u015bci: 2024-01-30)\"><\/picture><div class=\"brand\">Veoli Botanica<\/div><div class=\"title\">Drop of perfection wyg\u0142adzaj\u0105co-kryj\u0105cy krem BB &#8211; odcie\u0144 GOLDEN BEIGE (3.0 W) (data wa\u017cno\u015bci: 2024-01-30)<\/div><\/a><a class=\"slider-collage-carousel__btn read-more-button\" href=\"https:\/\/triny.pl\/11495-veoli-botanica-drop-of-perfection-wygladzjaco-kryjacy-krem-bb-odcien-golden-beige.html\" target=\"_blank\">Zobacz<\/a><\/li><li class=\"item\"><a href=\"https:\/\/triny.pl\/13117-asoa-paleta-cieni-glam-nude.html\" target=\"_blank\"><picture><source srcset=\"https:\/\/static.triny.pl\/img\/p\/2\/1\/8\/9\/8\/21898-thickbox_default.webp\"  type=\"image\/webp\"><source srcset=\"https:\/\/static.triny.pl\/img\/p\/2\/1\/8\/9\/8\/21898-thickbox_default.jpg\"  type=\"image\/jpeg\"><img src=\"https:\/\/triny.pl\/blog\/wp-content\/themes\/triny\/assets\/img\/placeholder-600x600.png\" data-src=\"https:\/\/static.triny.pl\/img\/p\/2\/1\/8\/9\/8\/21898-thickbox_default.jpg\" class=\"tns-lazy-img\" alt=\"Paleta cieni &#8211; Glam Nude\"><\/picture><div class=\"brand\">Asoa<\/div><div class=\"title\">Paleta cieni &#8211; Glam Nude<\/div><\/a><a class=\"slider-collage-carousel__btn read-more-button\" href=\"https:\/\/triny.pl\/13117-asoa-paleta-cieni-glam-nude.html\" target=\"_blank\">Zobacz<\/a><\/li><li class=\"item\"><a href=\"https:\/\/triny.pl\/9180-equilibra-naturalny-tusz-do-rzes.html\" target=\"_blank\"><picture><source srcset=\"https:\/\/static.triny.pl\/img\/p\/1\/8\/2\/1\/0\/18210-thickbox_default.webp\"  type=\"image\/webp\"><source srcset=\"https:\/\/static.triny.pl\/img\/p\/1\/8\/2\/1\/0\/18210-thickbox_default.jpg\"  type=\"image\/jpeg\"><img src=\"https:\/\/triny.pl\/blog\/wp-content\/themes\/triny\/assets\/img\/placeholder-600x600.png\" data-src=\"https:\/\/static.triny.pl\/img\/p\/1\/8\/2\/1\/0\/18210-thickbox_default.jpg\" class=\"tns-lazy-img\" alt=\"Loves Nature &#8211; Naturalny tusz do rz\u0119s\"><\/picture><div class=\"brand\">Equilibra<\/div><div class=\"title\">Loves Nature &#8211; Naturalny tusz do rz\u0119s<\/div><\/a><a class=\"slider-collage-carousel__btn read-more-button\" href=\"https:\/\/triny.pl\/9180-equilibra-naturalny-tusz-do-rzes.html\" target=\"_blank\">Zobacz<\/a><\/li><li class=\"item\"><a href=\"https:\/\/triny.pl\/4817-neve-cosmetics-cien-mineralny-sypki.html\" target=\"_blank\"><picture><source srcset=\"https:\/\/static.triny.pl\/img\/p\/6\/2\/6\/3\/6263-thickbox_default.webp\"  type=\"image\/webp\"><source srcset=\"https:\/\/static.triny.pl\/img\/p\/6\/2\/6\/3\/6263-thickbox_default.jpg\"  type=\"image\/jpeg\"><img src=\"https:\/\/triny.pl\/blog\/wp-content\/themes\/triny\/assets\/img\/placeholder-600x600.png\" data-src=\"https:\/\/static.triny.pl\/img\/p\/6\/2\/6\/3\/6263-thickbox_default.jpg\" class=\"tns-lazy-img\" alt=\"Cie\u0144 mineralny &#8211; sypki\"><\/picture><div class=\"brand\">Neve Cosmetics<\/div><div class=\"title\">Cie\u0144 mineralny &#8211; sypki<\/div><\/a><a class=\"slider-collage-carousel__btn read-more-button\" href=\"https:\/\/triny.pl\/4817-neve-cosmetics-cien-mineralny-sypki.html\" target=\"_blank\">Zobacz<\/a><\/li><li class=\"item\"><a href=\"https:\/\/triny.pl\/13115-asoa-bronzer-mineralny.html\" target=\"_blank\"><picture><source srcset=\"https:\/\/static.triny.pl\/img\/p\/2\/1\/8\/9\/1\/21891-thickbox_default.webp\"  type=\"image\/webp\"><source srcset=\"https:\/\/static.triny.pl\/img\/p\/2\/1\/8\/9\/1\/21891-thickbox_default.jpg\"  type=\"image\/jpeg\"><img src=\"https:\/\/triny.pl\/blog\/wp-content\/themes\/triny\/assets\/img\/placeholder-600x600.png\" data-src=\"https:\/\/static.triny.pl\/img\/p\/2\/1\/8\/9\/1\/21891-thickbox_default.jpg\" class=\"tns-lazy-img\" alt=\"Bronzer mineralny\"><\/picture><div class=\"brand\">Asoa<\/div><div class=\"title\">Bronzer mineralny<\/div><\/a><a class=\"slider-collage-carousel__btn read-more-button\" href=\"https:\/\/triny.pl\/13115-asoa-bronzer-mineralny.html\" target=\"_blank\">Zobacz<\/a><\/li><li class=\"item\"><a href=\"https:\/\/triny.pl\/4836-neve-cosmetics-podwojna-kredka-ze-szczoteczka-do-stylizacji-brwi-mangabrows.html\" target=\"_blank\"><picture><source srcset=\"https:\/\/static.triny.pl\/img\/p\/6\/3\/7\/7\/6377-thickbox_default.webp\"  type=\"image\/webp\"><source srcset=\"https:\/\/static.triny.pl\/img\/p\/6\/3\/7\/7\/6377-thickbox_default.jpg\"  type=\"image\/jpeg\"><img src=\"https:\/\/triny.pl\/blog\/wp-content\/themes\/triny\/assets\/img\/placeholder-600x600.png\" data-src=\"https:\/\/static.triny.pl\/img\/p\/6\/3\/7\/7\/6377-thickbox_default.jpg\" class=\"tns-lazy-img\" alt=\"Podw\u00f3jna kredka ze szczoteczk\u0105 do stylizacji brwi &#8211; MangaBrows\"><\/picture><div class=\"brand\">Neve Cosmetics<\/div><div class=\"title\">Podw\u00f3jna kredka ze szczoteczk\u0105 do stylizacji brwi &#8211; MangaBrows<\/div><\/a><a class=\"slider-collage-carousel__btn read-more-button\" href=\"https:\/\/triny.pl\/4836-neve-cosmetics-podwojna-kredka-ze-szczoteczka-do-stylizacji-brwi-mangabrows.html\" target=\"_blank\">Zobacz<\/a><\/li><li class=\"item\"><a href=\"https:\/\/triny.pl\/12252-felicea-naturalna-szminka-refill-me-216r-amethyst-wklad.html\" target=\"_blank\"><picture><source srcset=\"https:\/\/static.triny.pl\/img\/p\/2\/0\/1\/2\/3\/20123-thickbox_default.webp\"  type=\"image\/webp\"><source srcset=\"https:\/\/static.triny.pl\/img\/p\/2\/0\/1\/2\/3\/20123-thickbox_default.jpg\"  type=\"image\/jpeg\"><img src=\"https:\/\/triny.pl\/blog\/wp-content\/themes\/triny\/assets\/img\/placeholder-600x600.png\" data-src=\"https:\/\/static.triny.pl\/img\/p\/2\/0\/1\/2\/3\/20123-thickbox_default.jpg\" class=\"tns-lazy-img\" alt=\"Naturalna szminka Refill Me &#8211; 216R Amethyst &#8211; wk\u0142ad\"><\/picture><div class=\"brand\">Felicea<\/div><div class=\"title\">Naturalna szminka Refill Me &#8211; 216R Amethyst &#8211; wk\u0142ad<\/div><\/a><a class=\"slider-collage-carousel__btn read-more-button\" href=\"https:\/\/triny.pl\/12252-felicea-naturalna-szminka-refill-me-216r-amethyst-wklad.html\" target=\"_blank\">Zobacz<\/a><\/li><\/ul><\/section>\n\n\n\n<h2 class=\"wp-block-heading\">Jak dobra\u0107 kosmetyki kolorowe do swojego typu sk\u00f3ry?<\/h2>\n\n\n\n<p>Zrozumienie, jakie kosmetyki pasuj\u0105 do Twojego typu sk\u00f3ry, jest kluczowe dla dobrego wygl\u0105du.<\/p>\n\n\n\n<ul>\n<li><strong>Sucha sk\u00f3ra<\/strong> potrzebuje produkt\u00f3w, kt\u00f3re dodadz\u0105 jej nawil\u017cenia i blasku. Stawiaj na podk\u0142ady z dodatkiem olej\u00f3w, kremowe r\u00f3\u017ce i roz\u015bwietlacze.<\/li>\n\n\n\n<li><strong>T\u0142usta sk\u00f3ra<\/strong> najlepiej komponuje si\u0119 z matowymi formu\u0142ami, kt\u00f3re pomog\u0105 zneutralizowa\u0107 niepo\u017c\u0105dany po\u0142ysk. Dla takiego typu sk\u00f3ry polecane s\u0105 podk\u0142ady matuj\u0105ce, pudry ry\u017cowe czy sypkie.<\/li>\n\n\n\n<li><strong>Mieszana sk\u00f3ra<\/strong> wymaga po\u0142\u0105czenia powy\u017cszych podej\u015b\u0107 &#8211; matuj\u0105ce produkty na stref\u0119 T (czo\u0142o, nos, broda) i nawil\u017caj\u0105ce na reszt\u0119 twarzy.<\/li>\n\n\n\n<li><strong>Dojrza\u0142a sk\u00f3ra<\/strong> ceni sobie produkty, kt\u00f3re nie podkre\u015blaj\u0105 zmarszczek i dodaj\u0105 sk\u00f3rze m\u0142odzie\u0144czego blasku. \u015awietnie sprawdz\u0105 si\u0119 tu lekkie, nawil\u017caj\u0105ce podk\u0142ady, kremowe r\u00f3\u017ce i delikatne roz\u015bwietlacze.<\/li>\n<\/ul>\n\n\n\n<h2 class=\"wp-block-heading\">Jak wybra\u0107 odpowiednie kolory?<\/h2>\n\n\n\n<p>Wyb\u00f3r odpowiednich kolor\u00f3w kosmetyk\u00f3w do makija\u017cu mo\u017ce by\u0107 kluczowym krokiem w kreowaniu efektownego looku, kt\u00f3ry podkre\u015bli twoje naturalne pi\u0119kno. Oto kilka wskaz\u00f3wek, kt\u00f3re mog\u0105 Ci pom\u00f3c w tym zadaniu.<\/p>\n\n\n\n<h3 class=\"wp-block-heading\">Zrozumienie podstaw kolor\u00f3wki<\/h3>\n\n\n\n<p>Podstawowa wiedza na temat kolor\u00f3w i jak one wsp\u00f3\u0142graj\u0105 ze sob\u0105 jest kluczowa. Przydatnym narz\u0119dziem jest ko\u0142o kolor\u00f3w, kt\u00f3re pokazuje, jakie kolory si\u0119 uzupe\u0142niaj\u0105. Na przyk\u0142ad, kolory po przeciwnych stronach ko\u0142a s\u0105 komplementarne, co oznacza, \u017ce dobrze ze sob\u0105 wygl\u0105daj\u0105. Niebieski i pomara\u0144czowy to kolory komplementarne, tak jak czerwony i zielony, czy fioletowy i \u017c\u00f3\u0142ty.<\/p>\n\n\n\n<h3 class=\"wp-block-heading\">Znajd\u017a sw\u00f3j podton sk\u00f3ry<\/h3>\n\n\n\n<p>Twoja sk\u00f3ra ma podton, kt\u00f3ry mo\u017ce by\u0107 ciep\u0142y, zimny lub neutralny. Osoby o ciep\u0142ym podtonie sk\u00f3ry zazwyczaj maj\u0105 \u017c\u00f3\u0142te, z\u0142ote lub brzoskwiniowe odcienie sk\u00f3ry. Osoby o zimnym podtonie maj\u0105 sk\u00f3r\u0119 z r\u00f3\u017cowymi, czerwonymi lub niebieskimi odcieniami. Neutralny podton to mieszanka obu. Tw\u00f3j podton sk\u00f3ry b\u0119dzie wp\u0142ywa\u0142 na to, jakie kolory kosmetyk\u00f3w b\u0119d\u0105 Ci najbardziej pasowa\u0107.<\/p>\n\n\n\n<h3 class=\"wp-block-heading\">Dobieraj kolory do swojego podtonu sk\u00f3ry<\/h3>\n\n\n\n<p>Je\u015bli masz ciep\u0142y podton sk\u00f3ry, zazwyczaj dobrze wygl\u0105daj\u0105 na Tobie ciep\u0142e odcienie. Dla podk\u0142adu szukaj s\u0142\u00f3w kluczowych, takich jak &#8222;z\u0142oty&#8221;, &#8222;be\u017cowy&#8221; czy &#8222;brzoskwiniowy&#8221;. W przypadku szminek, odcienie pomara\u0144czowe, czerwieni, ciep\u0142e br\u0105zy czy z\u0142ote be\u017ce b\u0119d\u0105 dobr\u0105 opcj\u0105. Cienie do powiek w odcieniach br\u0105zu, z\u0142ota czy brzoskwini b\u0119d\u0105 komplementowa\u0107 Tw\u00f3j ciep\u0142y podton.<\/p>\n\n\n\n<p>Je\u015bli masz zimny podton sk\u00f3ry, zazwyczaj dobrze wygl\u0105daj\u0105 na Tobie zimne odcienie. Podk\u0142ady z r\u00f3\u017cowym lub porcelanowym odcieniem b\u0119d\u0105 pasowa\u0107. Szminek szukaj w r\u00f3\u017cowym, malinowym czy \u015bliwkowym zakresie. Cienie do powiek w odcieniach srebra, r\u00f3\u017cu, fioletu czy niebieskiego podkre\u015bl\u0105 Tw\u00f3j zimny podton.<\/p>\n\n\n\n<p>Osoby o neutralnym podtonie sk\u00f3ry cz\u0119sto mog\u0105 nosi\u0107 zar\u00f3wno ciep\u0142e, jak i zimne kolory.<\/p>\n\n\n\n<h3 class=\"wp-block-heading\">Nie b\u00f3j si\u0119 eksperymentowa\u0107<\/h3>\n\n\n\n<p>Pami\u0119taj, \u017ce te wskaz\u00f3wki s\u0105 og\u00f3lnymi zasadami, a nie koniecznymi regu\u0142ami. Ka\u017cda osoba jest inna, a co najwa\u017cniejsze, powinna\u015b czu\u0107 si\u0119 dobrze i pewnie w wybranym makija\u017cu. Eksperymentuj z r\u00f3\u017cnymi odcieniami i teksturami, a\u017c znajdziesz te, kt\u00f3re najbardziej Ci odpowiadaj\u0105.<\/p>\n\n\n\n<h3 class=\"wp-block-heading\">Zwr\u00f3\u0107 uwag\u0119 na kolor w\u0142os\u00f3w i oczu<\/h3>\n\n\n\n<p>Kolor w\u0142os\u00f3w i oczu r\u00f3wnie\u017c maj\u0105 wp\u0142yw na to, jakie kolory b\u0119d\u0105 Ci dobrze pasowa\u0107. Na przyk\u0142ad, osoby o bardzo jasnej karnacji i w\u0142osach cz\u0119sto dobrze wygl\u0105daj\u0105 w delikatnych, pastelowych odcieniach, podczas gdy osoby o ciemnej karnacji i w\u0142osach mog\u0105 wybiera\u0107 mocniejsze, bardziej nasycone kolory.<\/p>\n\n\n\n<p>Kolor\u00f3wka to sztuka, a nie nauka, wi\u0119c wa\u017cne jest, aby bawi\u0107 si\u0119 i eksperymentowa\u0107, a\u017c znajdziesz kolory, kt\u00f3re sprawiaj\u0105, \u017ce czujesz si\u0119 pewna siebie i pi\u0119kna.<\/p>\n\n\n\n<h2 class=\"wp-block-heading\">Jak prawid\u0142owo nak\u0142ada\u0107 kolor\u00f3wk\u0119?<\/h2>\n\n\n\n<p>Kolejno\u015b\u0107 nak\u0142adania kosmetyk\u00f3w jest istotna. Podk\u0142ad stanowi baz\u0119, na kt\u00f3rej b\u0119dziemy pracowa\u0107. Korektor s\u0142u\u017cy do ukrywania niedoskona\u0142o\u015bci lub podkre\u015blenia pewnych obszar\u00f3w (tzw. contouring). Puder ustala makija\u017c i nadaje mu trwa\u0142o\u015b\u0107. R\u00f3\u017c, bronzer i roz\u015bwietlacz pomagaj\u0105 w modelowaniu twarzy. Cienie, eyeliner i tusz do rz\u0119s podkre\u015blaj\u0105 oczy, a pomadka lub b\u0142yszczyk dodaj\u0105 ustom koloru i pe\u0142no\u015bci.<\/p>\n\n\n\n<p><strong>Przeczytaj r\u00f3wnie\u017c:<\/strong><\/p>\n\n\n\n<figure class=\"wp-block-embed is-type-wp-embed is-provider-blog-triny-pl wp-block-embed-blog-triny-pl\"><div class=\"wp-block-embed__wrapper\">\n<blockquote class=\"wp-embedded-content\" data-secret=\"uvCey4YIri\"><a href=\"https:\/\/triny.pl\/blog\/konturowanie-twarzy-krok-po-kroku-przewodnik-nie-tylko-dla-poczatkujacych\/\">Konturowanie twarzy krok po kroku \u2013 przewodnik nie tylko dla pocz\u0105tkuj\u0105cych<\/a><\/blockquote><iframe class=\"wp-embedded-content\" sandbox=\"allow-scripts\" security=\"restricted\" style=\"position: absolute; clip: rect(1px, 1px, 1px, 1px);\" title=\"&#8222;Konturowanie twarzy krok po kroku \u2013 przewodnik nie tylko dla pocz\u0105tkuj\u0105cych&#8221; &#8212; Blog Triny.pl\" src=\"https:\/\/triny.pl\/blog\/konturowanie-twarzy-krok-po-kroku-przewodnik-nie-tylko-dla-poczatkujacych\/embed\/#?secret=e0O2B6r2d5#?secret=uvCey4YIri\" data-secret=\"uvCey4YIri\" width=\"600\" height=\"338\" frameborder=\"0\" marginwidth=\"0\" marginheight=\"0\" scrolling=\"no\"><\/iframe>\n<\/div><\/figure>\n\n\n\n<h2 class=\"wp-block-heading\">Podsumowanie<\/h2>\n\n\n\n<p>Kolor\u00f3wka to nieod\u0142\u0105czny element ka\u017cdego makija\u017cu, od codziennego po wieczorowy look. Wybieraj\u0105c odpowiednie produkty do swojego typu sk\u00f3ry i preferencji kolorystycznych, mo\u017cemy stworzy\u0107 makija\u017c, kt\u00f3ry podkre\u015bli nasz\u0105 naturaln\u0105 urod\u0119 i doda pewno\u015bci siebie. Pami\u0119taj, \u017ce makija\u017c to forma ekspresji siebie &#8211; baw si\u0119 nim i eksperymentuj, aby znale\u017a\u0107 swoje idealne kombinacje.<\/p>\n","protected":false},"excerpt":{"rendered":"<p>W kr\u0119gu profesjonalnych stylist\u00f3w, makija\u017cyst\u00f3w oraz mi\u0142o\u015bnik\u00f3w kosmetyki, poj\u0119cie &#8222;kolor\u00f3wka&#8221; oznacza wszystko, co jest potrzebne do wykonania makija\u017cu. M\u00f3wi\u0105c najpro\u015bciej, to&#8230;<\/p>\n","protected":false},"author":21,"featured_media":27209,"comment_status":"open","ping_status":"open","sticky":false,"template":"","format":"standard","meta":{"footnotes":""},"categories":[8186],"tags":[],"acf":[],"yoast_head":"<!-- This site is optimized with the Yoast SEO plugin v21.1 - https:\/\/yoast.com\/wordpress\/plugins\/seo\/ -->\n<title>Kolor\u00f3wki - tajemnice profesjonalnego makija\u017cu<\/title>\n<meta name=\"robots\" content=\"index, follow, max-snippet:-1, max-image-preview:large, max-video-preview:-1\" \/>\n<link rel=\"canonical\" href=\"https:\/\/triny.pl\/blog\/kolorowki-tajemnice-profesjonalnego-makijazu\/\" \/>\n<meta property=\"og:locale\" content=\"pl_PL\" \/>\n<meta property=\"og:type\" content=\"article\" \/>\n<meta property=\"og:title\" content=\"Kolor\u00f3wki - tajemnice profesjonalnego makija\u017cu\" \/>\n<meta property=\"og:description\" content=\"W kr\u0119gu profesjonalnych stylist\u00f3w, makija\u017cyst\u00f3w oraz mi\u0142o\u015bnik\u00f3w kosmetyki, poj\u0119cie &#8222;kolor\u00f3wka&#8221; oznacza wszystko, co jest potrzebne do wykonania makija\u017cu. M\u00f3wi\u0105c najpro\u015bciej, to...\" \/>\n<meta property=\"og:url\" content=\"https:\/\/triny.pl\/blog\/kolorowki-tajemnice-profesjonalnego-makijazu\/\" \/>\n<meta property=\"og:site_name\" content=\"Blog Triny.pl\" \/>\n<meta property=\"article:publisher\" content=\"https:\/\/www.facebook.com\/trinysklep\" \/>\n<meta property=\"article:published_time\" content=\"2023-07-16T11:03:03+00:00\" \/>\n<meta property=\"article:modified_time\" content=\"2023-08-11T10:25:47+00:00\" \/>\n<meta property=\"og:image\" content=\"https:\/\/triny.pl\/blog\/wp-content\/uploads\/2023\/07\/kolorowka.jpeg\" \/>\n\t<meta property=\"og:image:width\" content=\"1200\" \/>\n\t<meta property=\"og:image:height\" content=\"800\" \/>\n\t<meta property=\"og:image:type\" content=\"image\/jpeg\" \/>\n<meta name=\"author\" content=\"Marysia Wajda\" \/>\n<meta name=\"twitter:label1\" content=\"Napisane przez\" \/>\n\t<meta name=\"twitter:data1\" content=\"Marysia Wajda\" \/>\n\t<meta name=\"twitter:label2\" content=\"Szacowany czas czytania\" \/>\n\t<meta name=\"twitter:data2\" content=\"5 minut\" \/>\n<script type=\"application\/ld+json\" class=\"yoast-schema-graph\">{\"@context\":\"https:\/\/schema.org\",\"@graph\":[{\"@type\":\"Article\",\"@id\":\"https:\/\/triny.pl\/blog\/kolorowki-tajemnice-profesjonalnego-makijazu\/#article\",\"isPartOf\":{\"@id\":\"https:\/\/triny.pl\/blog\/kolorowki-tajemnice-profesjonalnego-makijazu\/\"},\"author\":{\"name\":\"Marysia Wajda\",\"@id\":\"https:\/\/triny.pl\/blog\/#\/schema\/person\/1f0cf312784bf4debdc7de4be1475777\"},\"headline\":\"Kolor\u00f3wki &#8211; tajemnice profesjonalnego makija\u017cu\",\"datePublished\":\"2023-07-16T11:03:03+00:00\",\"dateModified\":\"2023-08-11T10:25:47+00:00\",\"mainEntityOfPage\":{\"@id\":\"https:\/\/triny.pl\/blog\/kolorowki-tajemnice-profesjonalnego-makijazu\/\"},\"wordCount\":933,\"commentCount\":0,\"publisher\":{\"@id\":\"https:\/\/triny.pl\/blog\/#organization\"},\"articleSection\":[\"S\u0142ownik\"],\"inLanguage\":\"pl-PL\",\"potentialAction\":[{\"@type\":\"CommentAction\",\"name\":\"Comment\",\"target\":[\"https:\/\/triny.pl\/blog\/kolorowki-tajemnice-profesjonalnego-makijazu\/#respond\"]}]},{\"@type\":\"WebPage\",\"@id\":\"https:\/\/triny.pl\/blog\/kolorowki-tajemnice-profesjonalnego-makijazu\/\",\"url\":\"https:\/\/triny.pl\/blog\/kolorowki-tajemnice-profesjonalnego-makijazu\/\",\"name\":\"Kolor\u00f3wki - tajemnice profesjonalnego makija\u017cu\",\"isPartOf\":{\"@id\":\"https:\/\/triny.pl\/blog\/#website\"},\"datePublished\":\"2023-07-16T11:03:03+00:00\",\"dateModified\":\"2023-08-11T10:25:47+00:00\",\"breadcrumb\":{\"@id\":\"https:\/\/triny.pl\/blog\/kolorowki-tajemnice-profesjonalnego-makijazu\/#breadcrumb\"},\"inLanguage\":\"pl-PL\",\"potentialAction\":[{\"@type\":\"ReadAction\",\"target\":[\"https:\/\/triny.pl\/blog\/kolorowki-tajemnice-profesjonalnego-makijazu\/\"]}]},{\"@type\":\"BreadcrumbList\",\"@id\":\"https:\/\/triny.pl\/blog\/kolorowki-tajemnice-profesjonalnego-makijazu\/#breadcrumb\",\"itemListElement\":[{\"@type\":\"ListItem\",\"position\":1,\"name\":\"Strona g\u0142\u00f3wna\",\"item\":\"https:\/\/triny.pl\/blog\/\"},{\"@type\":\"ListItem\",\"position\":2,\"name\":\"Kolor\u00f3wki &#8211; tajemnice profesjonalnego makija\u017cu\"}]},{\"@type\":\"WebSite\",\"@id\":\"https:\/\/triny.pl\/blog\/#website\",\"url\":\"https:\/\/triny.pl\/blog\/\",\"name\":\"Blog Triny.pl\",\"description\":\"Naturalna piel\u0119gnacja bez tajemnic! Pokazujemy jak dba\u0107 o cia\u0142o i w\u0142osy dla optymalnych, d\u0142ugotrwa\u0142ych efekt\u00f3w. Sprawd\u017a te ma\u0142o znane triki :)\",\"publisher\":{\"@id\":\"https:\/\/triny.pl\/blog\/#organization\"},\"potentialAction\":[{\"@type\":\"SearchAction\",\"target\":{\"@type\":\"EntryPoint\",\"urlTemplate\":\"https:\/\/triny.pl\/blog\/?s={search_term_string}\"},\"query-input\":\"required name=search_term_string\"}],\"inLanguage\":\"pl-PL\"},{\"@type\":\"Organization\",\"@id\":\"https:\/\/triny.pl\/blog\/#organization\",\"name\":\"Triny Sp. z o. o.\",\"url\":\"https:\/\/triny.pl\/blog\/\",\"logo\":{\"@type\":\"ImageObject\",\"inLanguage\":\"pl-PL\",\"@id\":\"https:\/\/triny.pl\/blog\/#\/schema\/logo\/image\/\",\"url\":\"https:\/\/triny.pl\/blog\/wp-content\/uploads\/2020\/08\/logo-triny.png\",\"contentUrl\":\"https:\/\/triny.pl\/blog\/wp-content\/uploads\/2020\/08\/logo-triny.png\",\"width\":190,\"height\":78,\"caption\":\"Triny Sp. z o. o.\"},\"image\":{\"@id\":\"https:\/\/triny.pl\/blog\/#\/schema\/logo\/image\/\"},\"sameAs\":[\"https:\/\/www.facebook.com\/trinysklep\",\"https:\/\/www.instagram.com\/trinysklep\/\",\"https:\/\/pl.pinterest.com\/trinypl\/_created\/\"]},{\"@type\":\"Person\",\"@id\":\"https:\/\/triny.pl\/blog\/#\/schema\/person\/1f0cf312784bf4debdc7de4be1475777\",\"name\":\"Marysia Wajda\",\"description\":\"Cze\u015b\u0107! Nazywam si\u0119 Marysia i jestem wielk\u0105 fank\u0105 naturalnej piel\u0119gnacji. Od dawna stosuj\u0119 wy\u0142\u0105cznie kosmetyki naturalne, zwracaj\u0105c bacznie uwag\u0119 na ich sk\u0142ad. Lubi\u0119 testowa\u0107 nowe produkty oraz rozwi\u0105zania urodowe i ch\u0119tnie si\u0119 podziel\u0119 wynikami moich eksperyment\u00f3w na tym blogu. Staram si\u0119 \u017cy\u0107 w zgodzie z natur\u0105 i w stylu zero waste, wi\u0119c ch\u0119tnie b\u0119d\u0119 przekazywa\u0107 Wam r\u00f3wnie\u017c pomys\u0142y na ponownie wykorzystanie kosmetyk\u00f3w i nie tylko. Zapraszam do obserwowania profilu na Facebooku, w kt\u00f3rym zamieszczane s\u0105 codziennie ciekawostki, porady, najlepsze kosmetyki naturalne: https:\/\/www.facebook.com\/trinysklep\",\"url\":\"https:\/\/triny.pl\/blog\/author\/marysia\/\"}]}<\/script>\n<!-- \/ Yoast SEO plugin. -->","yoast_head_json":{"title":"Kolor\u00f3wki - tajemnice profesjonalnego makija\u017cu","robots":{"index":"index","follow":"follow","max-snippet":"max-snippet:-1","max-image-preview":"max-image-preview:large","max-video-preview":"max-video-preview:-1"},"canonical":"https:\/\/triny.pl\/blog\/kolorowki-tajemnice-profesjonalnego-makijazu\/","og_locale":"pl_PL","og_type":"article","og_title":"Kolor\u00f3wki - tajemnice profesjonalnego makija\u017cu","og_description":"W kr\u0119gu profesjonalnych stylist\u00f3w, makija\u017cyst\u00f3w oraz mi\u0142o\u015bnik\u00f3w kosmetyki, poj\u0119cie &#8222;kolor\u00f3wka&#8221; oznacza wszystko, co jest potrzebne do wykonania makija\u017cu. M\u00f3wi\u0105c najpro\u015bciej, to...","og_url":"https:\/\/triny.pl\/blog\/kolorowki-tajemnice-profesjonalnego-makijazu\/","og_site_name":"Blog Triny.pl","article_publisher":"https:\/\/www.facebook.com\/trinysklep","article_published_time":"2023-07-16T11:03:03+00:00","article_modified_time":"2023-08-11T10:25:47+00:00","og_image":[{"width":1200,"height":800,"url":"https:\/\/triny.pl\/blog\/wp-content\/uploads\/2023\/07\/kolorowka.jpeg","type":"image\/jpeg"}],"author":"Marysia Wajda","twitter_misc":{"Napisane przez":"Marysia Wajda","Szacowany czas czytania":"5 minut"},"schema":{"@context":"https:\/\/schema.org","@graph":[{"@type":"Article","@id":"https:\/\/triny.pl\/blog\/kolorowki-tajemnice-profesjonalnego-makijazu\/#article","isPartOf":{"@id":"https:\/\/triny.pl\/blog\/kolorowki-tajemnice-profesjonalnego-makijazu\/"},"author":{"name":"Marysia Wajda","@id":"https:\/\/triny.pl\/blog\/#\/schema\/person\/1f0cf312784bf4debdc7de4be1475777"},"headline":"Kolor\u00f3wki &#8211; tajemnice profesjonalnego makija\u017cu","datePublished":"2023-07-16T11:03:03+00:00","dateModified":"2023-08-11T10:25:47+00:00","mainEntityOfPage":{"@id":"https:\/\/triny.pl\/blog\/kolorowki-tajemnice-profesjonalnego-makijazu\/"},"wordCount":933,"commentCount":0,"publisher":{"@id":"https:\/\/triny.pl\/blog\/#organization"},"articleSection":["S\u0142ownik"],"inLanguage":"pl-PL","potentialAction":[{"@type":"CommentAction","name":"Comment","target":["https:\/\/triny.pl\/blog\/kolorowki-tajemnice-profesjonalnego-makijazu\/#respond"]}]},{"@type":"WebPage","@id":"https:\/\/triny.pl\/blog\/kolorowki-tajemnice-profesjonalnego-makijazu\/","url":"https:\/\/triny.pl\/blog\/kolorowki-tajemnice-profesjonalnego-makijazu\/","name":"Kolor\u00f3wki - tajemnice profesjonalnego makija\u017cu","isPartOf":{"@id":"https:\/\/triny.pl\/blog\/#website"},"datePublished":"2023-07-16T11:03:03+00:00","dateModified":"2023-08-11T10:25:47+00:00","breadcrumb":{"@id":"https:\/\/triny.pl\/blog\/kolorowki-tajemnice-profesjonalnego-makijazu\/#breadcrumb"},"inLanguage":"pl-PL","potentialAction":[{"@type":"ReadAction","target":["https:\/\/triny.pl\/blog\/kolorowki-tajemnice-profesjonalnego-makijazu\/"]}]},{"@type":"BreadcrumbList","@id":"https:\/\/triny.pl\/blog\/kolorowki-tajemnice-profesjonalnego-makijazu\/#breadcrumb","itemListElement":[{"@type":"ListItem","position":1,"name":"Strona g\u0142\u00f3wna","item":"https:\/\/triny.pl\/blog\/"},{"@type":"ListItem","position":2,"name":"Kolor\u00f3wki &#8211; tajemnice profesjonalnego makija\u017cu"}]},{"@type":"WebSite","@id":"https:\/\/triny.pl\/blog\/#website","url":"https:\/\/triny.pl\/blog\/","name":"Blog Triny.pl","description":"Naturalna piel\u0119gnacja bez tajemnic! Pokazujemy jak dba\u0107 o cia\u0142o i w\u0142osy dla optymalnych, d\u0142ugotrwa\u0142ych efekt\u00f3w. Sprawd\u017a te ma\u0142o znane triki :)","publisher":{"@id":"https:\/\/triny.pl\/blog\/#organization"},"potentialAction":[{"@type":"SearchAction","target":{"@type":"EntryPoint","urlTemplate":"https:\/\/triny.pl\/blog\/?s={search_term_string}"},"query-input":"required name=search_term_string"}],"inLanguage":"pl-PL"},{"@type":"Organization","@id":"https:\/\/triny.pl\/blog\/#organization","name":"Triny Sp. z o. o.","url":"https:\/\/triny.pl\/blog\/","logo":{"@type":"ImageObject","inLanguage":"pl-PL","@id":"https:\/\/triny.pl\/blog\/#\/schema\/logo\/image\/","url":"https:\/\/triny.pl\/blog\/wp-content\/uploads\/2020\/08\/logo-triny.png","contentUrl":"https:\/\/triny.pl\/blog\/wp-content\/uploads\/2020\/08\/logo-triny.png","width":190,"height":78,"caption":"Triny Sp. z o. o."},"image":{"@id":"https:\/\/triny.pl\/blog\/#\/schema\/logo\/image\/"},"sameAs":["https:\/\/www.facebook.com\/trinysklep","https:\/\/www.instagram.com\/trinysklep\/","https:\/\/pl.pinterest.com\/trinypl\/_created\/"]},{"@type":"Person","@id":"https:\/\/triny.pl\/blog\/#\/schema\/person\/1f0cf312784bf4debdc7de4be1475777","name":"Marysia Wajda","description":"Cze\u015b\u0107! Nazywam si\u0119 Marysia i jestem wielk\u0105 fank\u0105 naturalnej piel\u0119gnacji. Od dawna stosuj\u0119 wy\u0142\u0105cznie kosmetyki naturalne, zwracaj\u0105c bacznie uwag\u0119 na ich sk\u0142ad. Lubi\u0119 testowa\u0107 nowe produkty oraz rozwi\u0105zania urodowe i ch\u0119tnie si\u0119 podziel\u0119 wynikami moich eksperyment\u00f3w na tym blogu. Staram si\u0119 \u017cy\u0107 w zgodzie z natur\u0105 i w stylu zero waste, wi\u0119c ch\u0119tnie b\u0119d\u0119 przekazywa\u0107 Wam r\u00f3wnie\u017c pomys\u0142y na ponownie wykorzystanie kosmetyk\u00f3w i nie tylko. Zapraszam do obserwowania profilu na Facebooku, w kt\u00f3rym zamieszczane s\u0105 codziennie ciekawostki, porady, najlepsze kosmetyki naturalne: https:\/\/www.facebook.com\/trinysklep","url":"https:\/\/triny.pl\/blog\/author\/marysia\/"}]}},"voteUp":"0","voteDown":"0","authorInfo":{"photo":"https:\/\/triny.pl\/blog\/wp-content\/themes\/triny\/assets\/img\/default-avatar.jpg","url":"https:\/\/triny.pl\/blog\/author\/marysia\/","name":"Marysia Wajda"},"media":{"full":"https:\/\/triny.pl\/blog\/wp-content\/uploads\/2023\/07\/kolorowka.jpeg","desktop":"https:\/\/triny.pl\/blog\/wp-content\/uploads\/2023\/07\/kolorowka-505x250.jpeg","mobile":"https:\/\/triny.pl\/blog\/wp-content\/uploads\/2023\/07\/kolorowka-375x190.jpeg"},"_links":{"self":[{"href":"https:\/\/triny.pl\/blog\/wp-json\/wp\/v2\/posts\/27208"}],"collection":[{"href":"https:\/\/triny.pl\/blog\/wp-json\/wp\/v2\/posts"}],"about":[{"href":"https:\/\/triny.pl\/blog\/wp-json\/wp\/v2\/types\/post"}],"author":[{"embeddable":true,"href":"https:\/\/triny.pl\/blog\/wp-json\/wp\/v2\/users\/21"}],"replies":[{"embeddable":true,"href":"https:\/\/triny.pl\/blog\/wp-json\/wp\/v2\/comments?post=27208"}],"version-history":[{"count":3,"href":"https:\/\/triny.pl\/blog\/wp-json\/wp\/v2\/posts\/27208\/revisions"}],"predecessor-version":[{"id":27329,"href":"https:\/\/triny.pl\/blog\/wp-json\/wp\/v2\/posts\/27208\/revisions\/27329"}],"wp:featuredmedia":[{"embeddable":true,"href":"https:\/\/triny.pl\/blog\/wp-json\/wp\/v2\/media\/27209"}],"wp:attachment":[{"href":"https:\/\/triny.pl\/blog\/wp-json\/wp\/v2\/media?parent=27208"}],"wp:term":[{"taxonomy":"category","embeddable":true,"href":"https:\/\/triny.pl\/blog\/wp-json\/wp\/v2\/categories?post=27208"},{"taxonomy":"post_tag","embeddable":true,"href":"https:\/\/triny.pl\/blog\/wp-json\/wp\/v2\/tags?post=27208"}],"curies":[{"name":"wp","href":"https:\/\/api.w.org\/{rel}","templated":true}]}}