{"id":2928,"date":"2023-03-21T08:29:00","date_gmt":"2023-03-21T07:29:00","guid":{"rendered":"https:\/\/triny.pl\/blog\/?p=2928"},"modified":"2023-08-23T11:58:31","modified_gmt":"2023-08-23T09:58:31","slug":"czy-wegiel-moze-oczyscic-skore-poznaj-kosmetyki-sadza-soap","status":"publish","type":"post","link":"https:\/\/triny.pl\/blog\/czy-wegiel-moze-oczyscic-skore-poznaj-kosmetyki-sadza-soap\/","title":{"rendered":"Sadza Soap"},"content":{"rendered":"\n<p>Producenci kosmetyk\u00f3w przyzwyczaili nas ju\u017c do tego, \u017ce w ich produktach pojawiaj\u0105 si\u0119 coraz bardziej oryginalne sk\u0142adniki. A to jad w\u0119\u017ca, a to \u015bluz \u015blimaka, gdzieniegdzie py\u0142 wulkaniczny, albo olej sprowadzony z drugiego ko\u0144ca \u015bwiata. Ale w\u0119giel? Brudz\u0105cy, czarny w\u0119giel w kosmetykach? I to tych, kt\u00f3re maj\u0105 oczyszcza\u0107 sk\u00f3r\u0119?<\/p>\n\n\n\n<!--more-->\n\n\n\n<p>Zaskoczona? Ja w pierwszym momencie, widz\u0105c kosmetyki z w\u0119glem w sk\u0142adzie, te\u017c by\u0142am. Szybko jednak wyszuka\u0142am informacje na temat dzia\u0142ania w\u0119gla aktywnego i jego zastosowania w kosmetykach. Okaza\u0142o si\u0119, \u017ce ma on wyj\u0105tkowe w\u0142a\u015bciwo\u015bci, o kt\u00f3rych w\u0142a\u015bnie dzisiaj chc\u0119 Ci opowiedzie\u0107. Przy okazji poznasz te\u017c ciekaw\u0105, polsk\u0105 mark\u0119 kosmetyk\u00f3w naturalnych, w produktach kt\u00f3rej w\u0119giel odgrywa kluczow\u0105 rol\u0119. Zapraszam \ud83d\ude42<\/p>\n\n\n\n<h2 class=\"wp-block-heading\">W\u0142a\u015bciwo\u015bci piel\u0119gnacyjne w\u0119gla<\/h2>\n\n\n\n<p><span style=\"font-weight: 400;\">W\u0142a\u015bciwo\u015bci w\u0119gla, kt\u00f3re wykorzystuje si\u0119 w kosmetyce, s\u0105 wynikiem jego budowy, porowatej i lu\u017anej struktury oraz w\u0142a\u015bciwo\u015bci adsorpcyjnych. To w\u0142a\u015bnie one oraz r\u00f3\u017cnica \u0142adunk\u00f3w w\u0119gla i zanieczyszcze\u0144 sprawiaj\u0105, \u017ce w\u0119giel aktywny tak dobrze oczyszcza sk\u00f3r\u0119, usuwa z niej toksyny, odtyka zatkane pory. Jest wi\u0119c z powodzeniem wykorzystywany w kosmetykach do oczyszczania sk\u00f3ry, w tym myd\u0142ach, \u017celach pod prysznic, maseczkach do twarzy i szamponach do w\u0142os\u00f3w.<\/span><\/p>\n\n\n\n<h2 class=\"wp-block-heading\">Dlaczego warto stosowa\u0107 kosmetyki z w\u0119glem aktywnym?<\/h2>\n\n\n\n<p><span style=\"font-weight: 400;\">W\u0119giel jest sk\u0142adnikiem naturalnym. Nie wykazuje dzia\u0142ania alergizuj\u0105cego i nie podra\u017cnia sk\u00f3ry. Pomaga natomiast sk\u00f3rze zachowa\u0107 czysty, promienny i zdrowy wygl\u0105d. <\/span><\/p>\n\n\n\n<p><strong>Jak dzia\u0142a?<\/strong><\/p>\n\n\n\n<ul>\n<li>przyci\u0105ga wszelkiego rodzaju zanieczyszczenia nagromadzone na sk\u00f3rze w ci\u0105gu dnia: kurz, pot, smog, sebum,<\/li>\n\n\n\n<li><span style=\"font-weight: 400;\">absorbuje nadmiar sebum,<\/span><\/li>\n\n\n\n<li><span style=\"font-weight: 400;\">oczyszcza i odtyka zatkane pory,<\/span><\/li>\n\n\n\n<li><span style=\"font-weight: 400;\">poch\u0142ania toksyny znajduj\u0105ce si\u0119 w porach sk\u00f3ry,<\/span><\/li>\n\n\n\n<li><span style=\"font-weight: 400;\">pomaga usun\u0105\u0107 zrogowacia\u0142y nask\u00f3rek,<\/span><\/li>\n\n\n\n<li><span style=\"font-weight: 400;\">wykazuje dzia\u0142anie przeciwzapalne,<\/span><\/li>\n\n\n\n<li><span style=\"font-weight: 400;\">od\u015bwie\u017ca sk\u00f3r\u0119,<\/span><\/li>\n\n\n\n<li><span style=\"font-weight: 400;\">eliminuje przykre zapachy,<\/span><\/li>\n\n\n\n<li><span style=\"font-weight: 400;\">dzia\u0142a przeciwbakteryjnie,<\/span><\/li>\n\n\n\n<li><span style=\"font-weight: 400;\">\u0142agodzi zmiany tr\u0105dzikowe,<\/span><\/li>\n\n\n\n<li><span style=\"font-weight: 400;\">wspomaga oczyszczanie sk\u00f3ry z zask\u00f3rnik\u00f3w,<\/span><\/li>\n\n\n\n<li>pomaga wybieli\u0107 z\u0119by.<\/li>\n<\/ul>\n\n\n<section class=\"slider-collage-carousel\" data-id=\"8934, 7653, 9193, 12199, 7985, 7661, 7965\"><ul class=\"collage collage-slider\"><li class=\"item\"><a href=\"https:\/\/triny.pl\/8934-miodowa-mydlarnia-szampon-do-wlosow-w-kostce-miodowo-weglowy-dla-mezczyzn-refill.html\" target=\"_blank\"><picture><source srcset=\"https:\/\/static.triny.pl\/img\/p\/1\/2\/7\/4\/1\/12741-thickbox_default.webp\"  type=\"image\/webp\"><source srcset=\"https:\/\/static.triny.pl\/img\/p\/1\/2\/7\/4\/1\/12741-thickbox_default.jpg\"  type=\"image\/jpeg\"><img src=\"https:\/\/triny.pl\/blog\/wp-content\/themes\/triny\/assets\/img\/placeholder-600x600.png\" data-src=\"https:\/\/static.triny.pl\/img\/p\/1\/2\/7\/4\/1\/12741-thickbox_default.jpg\" class=\"tns-lazy-img\" alt=\"Szampon do w\u0142os\u00f3w w kostce miodowo-w\u0119glowy dla m\u0119\u017cczyzn &#8211; refill\"><\/picture><div class=\"brand\">Miodowa Mydlarnia<\/div><div class=\"title\">Szampon do w\u0142os\u00f3w w kostce miodowo-w\u0119glowy dla m\u0119\u017cczyzn &#8211; refill<\/div><\/a><a class=\"slider-collage-carousel__btn read-more-button\" href=\"https:\/\/triny.pl\/8934-miodowa-mydlarnia-szampon-do-wlosow-w-kostce-miodowo-weglowy-dla-mezczyzn-refill.html\" target=\"_blank\">Zobacz<\/a><\/li><li class=\"item\"><a href=\"https:\/\/triny.pl\/7653-equilibra-mydlo-oczyszczajace-z-aktywnym-weglem.html\" target=\"_blank\"><picture><source srcset=\"https:\/\/static.triny.pl\/img\/p\/1\/0\/5\/6\/5\/10565-thickbox_default.webp\"  type=\"image\/webp\"><source srcset=\"https:\/\/static.triny.pl\/img\/p\/1\/0\/5\/6\/5\/10565-thickbox_default.jpg\"  type=\"image\/jpeg\"><img src=\"https:\/\/triny.pl\/blog\/wp-content\/themes\/triny\/assets\/img\/placeholder-600x600.png\" data-src=\"https:\/\/static.triny.pl\/img\/p\/1\/0\/5\/6\/5\/10565-thickbox_default.jpg\" class=\"tns-lazy-img\" alt=\"Myd\u0142o oczyszczaj\u0105ce z aktywnym w\u0119glem\"><\/picture><div class=\"brand\">Equilibra<\/div><div class=\"title\">Myd\u0142o oczyszczaj\u0105ce z aktywnym w\u0119glem<\/div><\/a><a class=\"slider-collage-carousel__btn read-more-button\" href=\"https:\/\/triny.pl\/7653-equilibra-mydlo-oczyszczajace-z-aktywnym-weglem.html\" target=\"_blank\">Zobacz<\/a><\/li><li class=\"item\"><a href=\"https:\/\/triny.pl\/7985-lale-kosmetyki-pasta-do-mycia-twarzy.html\" target=\"_blank\"><picture><source srcset=\"https:\/\/static.triny.pl\/img\/p\/1\/5\/8\/1\/8\/15818-thickbox_default.webp\"  type=\"image\/webp\"><source srcset=\"https:\/\/static.triny.pl\/img\/p\/1\/5\/8\/1\/8\/15818-thickbox_default.jpg\"  type=\"image\/jpeg\"><img src=\"https:\/\/triny.pl\/blog\/wp-content\/themes\/triny\/assets\/img\/placeholder-600x600.png\" data-src=\"https:\/\/static.triny.pl\/img\/p\/1\/5\/8\/1\/8\/15818-thickbox_default.jpg\" class=\"tns-lazy-img\" alt=\"Peeling do twarzy z w\u0119glem bambusowym i py\u0142em wulkanicznym\"><\/picture><div class=\"brand\">La-Le Kosmetyki<\/div><div class=\"title\">Peeling do twarzy z w\u0119glem bambusowym i py\u0142em wulkanicznym<\/div><\/a><a class=\"slider-collage-carousel__btn read-more-button\" href=\"https:\/\/triny.pl\/7985-lale-kosmetyki-pasta-do-mycia-twarzy.html\" target=\"_blank\">Zobacz<\/a><\/li><li class=\"item\"><a href=\"https:\/\/triny.pl\/7661-equilibra-oczyszczajacy-zel-pod-prysznic-z-aktywnym-weglem.html\" target=\"_blank\"><picture><source srcset=\"https:\/\/static.triny.pl\/img\/p\/1\/0\/5\/6\/4\/10564-thickbox_default.webp\"  type=\"image\/webp\"><source srcset=\"https:\/\/static.triny.pl\/img\/p\/1\/0\/5\/6\/4\/10564-thickbox_default.jpg\"  type=\"image\/jpeg\"><img src=\"https:\/\/triny.pl\/blog\/wp-content\/themes\/triny\/assets\/img\/placeholder-600x600.png\" data-src=\"https:\/\/static.triny.pl\/img\/p\/1\/0\/5\/6\/4\/10564-thickbox_default.jpg\" class=\"tns-lazy-img\" alt=\"Oczyszczaj\u0105cy \u017cel pod prysznic z aktywnym w\u0119glem\"><\/picture><div class=\"brand\">Equilibra<\/div><div class=\"title\">Oczyszczaj\u0105cy \u017cel pod prysznic z aktywnym w\u0119glem<\/div><\/a><a class=\"slider-collage-carousel__btn read-more-button\" href=\"https:\/\/triny.pl\/7661-equilibra-oczyszczajacy-zel-pod-prysznic-z-aktywnym-weglem.html\" target=\"_blank\">Zobacz<\/a><\/li><li class=\"item\"><a href=\"https:\/\/triny.pl\/7965-mydlarnia-cztery-szpaki-detoksykujace-mydlo-weglowe.html\" target=\"_blank\"><picture><source srcset=\"https:\/\/static.triny.pl\/img\/p\/1\/0\/9\/6\/0\/10960-thickbox_default.webp\"  type=\"image\/webp\"><source srcset=\"https:\/\/static.triny.pl\/img\/p\/1\/0\/9\/6\/0\/10960-thickbox_default.jpg\"  type=\"image\/jpeg\"><img src=\"https:\/\/triny.pl\/blog\/wp-content\/themes\/triny\/assets\/img\/placeholder-600x600.png\" data-src=\"https:\/\/static.triny.pl\/img\/p\/1\/0\/9\/6\/0\/10960-thickbox_default.jpg\" class=\"tns-lazy-img\" alt=\"Detoksykuj\u0105ce myd\u0142o w\u0119glowe\"><\/picture><div class=\"brand\">Mydlarnia Cztery Szpaki<\/div><div class=\"title\">Detoksykuj\u0105ce myd\u0142o w\u0119glowe<\/div><\/a><a class=\"slider-collage-carousel__btn read-more-button\" href=\"https:\/\/triny.pl\/7965-mydlarnia-cztery-szpaki-detoksykujace-mydlo-weglowe.html\" target=\"_blank\">Zobacz<\/a><\/li><\/ul><\/section>\n\n\n\n<h2 class=\"wp-block-heading\">Dla kogo s\u0105 kosmetyki z w\u0119glem?<\/h2>\n\n\n\n<p><span style=\"font-weight: 400;\">Kosmetyki naturalne, kt\u00f3re swoje dzia\u0142anie opieraj\u0105 na w\u0142a\u015bciwo\u015bciach piel\u0119gnacyjnych i dzia\u0142aniu w\u0119gla aktywnego, s\u0105 \u0142agodne dla sk\u00f3ry. Sam w\u0119giel nie narusza naturalnej bariery ochronnej sk\u00f3ry, nie przesusza jej, nie powoduje reakcji alergicznych. To sprawia, \u017ce mo\u017ce by\u0107 wykorzystywany do piel\u0119gnacji sk\u00f3ry ca\u0142ej rodziny, nawet dzieci. Ale najcz\u0119\u015bciej poleca si\u0119 go <strong>do piel\u0119gnacji sk\u00f3ry tr\u0105dzikowej, t\u0142ustej, zmagaj\u0105cej si\u0119 z cz\u0119stymi stanami zapalnymi i niedoskona\u0142o\u015bciami. <\/strong><\/span><\/p>\n\n\n\n<p class=\"tip\"><span style=\"font-weight: 400;\">Mo\u017cesz wykorzysta\u0107 sam w\u0119giel aktywny, kt\u00f3ry kupisz np. w aptece i zrobi\u0107 z niego np. oczyszczaj\u0105c\u0105 maseczk\u0119 do twarzy.&nbsp;<\/span><\/p>\n\n\n\n<p><span style=\"font-weight: 400;\">Ale mo\u017cesz te\u017c si\u0119gn\u0105\u0107 po gotowe <a href=\"https:\/\/triny.pl\/330-kosmetyki-z-czarnym-weglem\" data-type=\"URL\" data-id=\"https:\/\/triny.pl\/330-kosmetyki-z-czarnym-weglem\">kosmetyki piel\u0119gnacyjne z w\u0119glem<\/a>, z naturalnymi i bardzo prostymi sk\u0142adami, kt\u00f3re Twoja sk\u00f3ra polubi od pierwszego u\u017cycia.<\/span><\/p>\n\n\n\n<h2 class=\"wp-block-heading\">Kosmetyki Sadza Soap<\/h2>\n\n\n\n<p><span style=\"font-weight: 400;\">Kilka lat temu na pomys\u0142 wykorzystania polskiego w\u0119gla w kosmetykach wpad\u0142a Marta Frank, zwi\u0105zana w\u00f3wczas z bran\u017c\u0105 muzyczn\u0105 i o produkcji kosmetyk\u00f3w nie wiedz\u0105ca niemal nic. Chcia\u0142a jednak stworzy\u0107 co\u015b, co b\u0119dzie bardzo nawi\u0105zywa\u0142o do tradycji \u015bl\u0105ska, b\u0119dzie lokalne, a jednocze\u015bnie oryginalne. Tak w\u0142a\u015bnie powsta\u0142y pierwsze kostki myd\u0142a Sadza Soap, kt\u00f3re dzisiaj jest uznawane za kosmetyk kultowy. &nbsp;Du\u017ce zainteresowanie myd\u0142em szybko doprowadzi\u0142o do powstania marki i firmy kosmetyk\u00f3w naturalnych Sadza Soap, kt\u00f3r\u0105 Marta Frank prowadzi z m\u0119\u017cem, Marcinem Babko.<\/span><\/p>\n\n\n\n<p><strong>Kosmetyki Sadza Soap zawieraj\u0105 w\u0119giel drzewny, wydobywany 320 m pod ziemi\u0105 w kopalni w Zabrzu. <\/strong><\/p>\n\n\n\n<p class=\"note\"><span style=\"font-weight: 400;\">W ich sk\u0142adach nie stosuje si\u0119 pochodnych ropy naftowej, paraben\u00f3w, SLS i SLES. Wszystkie sk\u0142adniki s\u0105 pochodzenia naturalnego i zapewniaj\u0105 bezpieczne stosowanie kosmetyk\u00f3w. Nie wykazuj\u0105 dzia\u0142ania alergizuj\u0105cego. <\/span><\/p>\n\n\n\n<p><span style=\"font-weight: 400;\">Poza w\u0119glem aktywnym, kt\u00f3ry jest kluczowym sk\u0142adnikiem kosmetyk\u00f3w Sadza Soap, w ich sk\u0142adach wyst\u0119puje te\u017c <strong>gliceryna ro\u015blinna<\/strong>, wykazuj\u0105ca dzia\u0142anie zmi\u0119kczaj\u0105ce i nawil\u017caj\u0105ce. Gliceryna chroni te\u017c sk\u00f3r\u0119 przed niekorzystnym dzia\u0142aniem czynnik\u00f3w zewn\u0119trznych, regeneruje podra\u017cniony nask\u00f3rek i poprawia elastyczno\u015b\u0107. <\/span><\/p>\n\n\n\n<p><span style=\"font-weight: 400;\">Kosmetyki Sadza Soap znane s\u0105 nie tylko na \u015al\u0105sku i w Polsce. Mo\u017cna je kupi\u0107 m.in. w Czechach, Francji, Wielkiej Brytanii i Portugalii. Tym, co je wyr\u00f3\u017cnia (poza w\u0119glem w sk\u0142adzie) jest oryginalny design ich opakowa\u0144. Warto doda\u0107, \u017ce opakowania s\u0105 ekologiczne, wykonane z ca\u0142kowicie przetwarzalnego surowca PET. <\/span><span style=\"font-weight: 400;\">&nbsp;<\/span><\/p>\n\n\n\n<h2 class=\"wp-block-heading\">Myd\u0142o Sadza Soap <\/h2>\n\n\n\n<p><span style=\"font-weight: 400;\">Symbolem marki Sadza Soap jest kultowe ju\u017c myd\u0142o w\u0119glowe, kt\u00f3rego kszta\u0142t przypomina bry\u0142\u0119 w\u0119gla. Jego sk\u0142ad oparty jest na ro\u015blinnej glicerynie, nie zawiera PEG-\u00f3w, paraben\u00f3w, SLS-\u00f3w, sk\u0142adnik\u00f3w pochodzenia zwierz\u0119cego i sztucznych aromat\u00f3w. <strong>Wykazuje dzia\u0142anie antybakteryjne, \u0142agodz\u0105ce i detoksykuj\u0105ce.<\/strong> Mo\u017ce by\u0107 stosowane do oczyszczania i codziennej piel\u0119gnacji ka\u017cdego rodzaju sk\u00f3ry, \u015bwietnie sprawdza si\u0119 jako myd\u0142o do twarzy. Podczas mycia tworzy delikatn\u0105 pian\u0119 w szarym kolorze. Ale nie ma dzia\u0142ania barwi\u0105cego \ud83d\ude42 Pozostawia sk\u00f3r\u0119 idealnie czyst\u0105, mi\u0119kk\u0105 i przyjemn\u0105 w dotyku.<\/span><\/p>\n\n\n\n<h2 class=\"wp-block-heading\">Sadza Soap &#8211; kosmetyki dla ca\u0142ej rodziny<\/h2>\n\n\n\n<p><span style=\"font-weight: 400;\">Po sukcesie myd\u0142a Sadza Soap oferta marki zosta\u0142a wzbogacona kosmetykami piel\u0119gnacyjnymi dla ca\u0142ej rodziny.<\/span><\/p>\n\n\n\n<p>\u2666&nbsp;<span style=\"font-weight: 400;\">Peeling do cia\u0142a z w\u0119glem aktywnym wykazuje dzia\u0142anie oczyszczaj\u0105ce, odtyka zatkane pory sk\u00f3ry, dzia\u0142a przeciwzapalnie. Poza w\u0119glem zawiera certyfikowane oleje: kokosowy i s\u0142onecznikowy, organiczn\u0105 gliceryn\u0119 i wyci\u0105g z ziaren palmowca. Za usuwanie martwego nask\u00f3rka odpowiada natomiast s\u00f3l morska, kt\u00f3ra nasyca te\u017c sk\u00f3r\u0119 cennymi minera\u0142ami.<\/span><\/p>\n\n\n\n<p>\u2666&nbsp;<span style=\"font-weight: 400;\">Czarny szampon z w\u0119glem aktywnym dobrze myje i oczyszcza sk\u00f3r\u0119 g\u0142owy oraz w\u0142osy. Od\u015bwie\u017ca, dzia\u0142a przeciwzapalnie i antybakteryjnie. Sprawia, \u017ce w\u0142osy wolniej si\u0119 przet\u0142uszczaj\u0105. Jest \u0142agodny, nie zawiera SLS, SLES, MPG, PPG, PEG, paraben\u00f3w, syntetycznych barwnik\u00f3w i aromat\u00f3w.<\/span><\/p>\n\n\n\n<p><span style=\"font-weight: 400;\">\u2666&nbsp;\u017bel pod prysznic z w\u0119glem aktywnym \u0142agodnie oczyszcza sk\u00f3r\u0119 z codziennych zanieczyszcze\u0144, odtyka zatkane pory, usuwa toksyny. Jego sk\u0142ad wzbogacaj\u0105 ro\u015blinna gliceryna i wyci\u0105g z ziaren palmowca. Dobrze sprawdza si\u0119 w piel\u0119gnacji nawet wra\u017cliwej sk\u00f3ry. Nie tylko myje, ale te\u017c zmi\u0119kcza, nawil\u017ca i wyg\u0142adza.<\/span><\/p>\n\n\n\n<p><strong>Mog\u0105 ci si\u0119 spodoba\u0107:<\/strong><\/p>\n\n\n<section class=\"slider-collage-carousel\" data-id=\"6463, 12427, 7654, 6424\"><ul class=\"collage collage-slider\"><li class=\"item\"><a href=\"https:\/\/triny.pl\/6463-duetus-krem-na-dzien.html\" target=\"_blank\"><picture><source srcset=\"https:\/\/static.triny.pl\/img\/p\/8\/7\/6\/0\/8760-thickbox_default.webp\"  type=\"image\/webp\"><source srcset=\"https:\/\/static.triny.pl\/img\/p\/8\/7\/6\/0\/8760-thickbox_default.jpg\"  type=\"image\/jpeg\"><img src=\"https:\/\/triny.pl\/blog\/wp-content\/themes\/triny\/assets\/img\/placeholder-600x600.png\" data-src=\"https:\/\/static.triny.pl\/img\/p\/8\/7\/6\/0\/8760-thickbox_default.jpg\" class=\"tns-lazy-img\" alt=\"Krem na dzie\u0144\"><\/picture><div class=\"brand\">Duetus<\/div><div class=\"title\">Krem na dzie\u0144<\/div><\/a><a class=\"slider-collage-carousel__btn read-more-button\" href=\"https:\/\/triny.pl\/6463-duetus-krem-na-dzien.html\" target=\"_blank\">Zobacz<\/a><\/li><li class=\"item\"><a href=\"https:\/\/triny.pl\/12427-mokosh-wygladzajaco-oczyszczajaca-maska-do-twarzy-figa-z-weglem.html\" target=\"_blank\"><picture><source srcset=\"https:\/\/static.triny.pl\/img\/p\/2\/0\/4\/9\/8\/20498-thickbox_default.webp\"  type=\"image\/webp\"><source srcset=\"https:\/\/static.triny.pl\/img\/p\/2\/0\/4\/9\/8\/20498-thickbox_default.jpg\"  type=\"image\/jpeg\"><img src=\"https:\/\/triny.pl\/blog\/wp-content\/themes\/triny\/assets\/img\/placeholder-600x600.png\" data-src=\"https:\/\/static.triny.pl\/img\/p\/2\/0\/4\/9\/8\/20498-thickbox_default.jpg\" class=\"tns-lazy-img\" alt=\"Wyg\u0142adzaj\u0105co-oczyszczaj\u0105ca maska do twarzy &#8211; Figa z w\u0119glem\"><\/picture><div class=\"brand\">Mokosh<\/div><div class=\"title\">Wyg\u0142adzaj\u0105co-oczyszczaj\u0105ca maska do twarzy &#8211; Figa z w\u0119glem<\/div><\/a><a class=\"slider-collage-carousel__btn read-more-button\" href=\"https:\/\/triny.pl\/12427-mokosh-wygladzajaco-oczyszczajaca-maska-do-twarzy-figa-z-weglem.html\" target=\"_blank\">Zobacz<\/a><\/li><li class=\"item\"><a href=\"https:\/\/triny.pl\/7654-equilibra-szampon-oczyszczajacy-z-aktywnym-weglem.html\" target=\"_blank\"><picture><source srcset=\"https:\/\/static.triny.pl\/img\/p\/2\/0\/2\/8\/7\/20287-thickbox_default.webp\"  type=\"image\/webp\"><source srcset=\"https:\/\/static.triny.pl\/img\/p\/2\/0\/2\/8\/7\/20287-thickbox_default.jpg\"  type=\"image\/jpeg\"><img src=\"https:\/\/triny.pl\/blog\/wp-content\/themes\/triny\/assets\/img\/placeholder-600x600.png\" data-src=\"https:\/\/static.triny.pl\/img\/p\/2\/0\/2\/8\/7\/20287-thickbox_default.jpg\" class=\"tns-lazy-img\" alt=\"Szampon oczyszczaj\u0105cy z aktywnym w\u0119glem\"><\/picture><div class=\"brand\">Equilibra<\/div><div class=\"title\">Szampon oczyszczaj\u0105cy z aktywnym w\u0119glem<\/div><\/a><a class=\"slider-collage-carousel__btn read-more-button\" href=\"https:\/\/triny.pl\/7654-equilibra-szampon-oczyszczajacy-z-aktywnym-weglem.html\" target=\"_blank\">Zobacz<\/a><\/li><li class=\"item\"><a href=\"https:\/\/triny.pl\/6424-iossi-oczyszczajaca-pasta-do-mycia-twarzy.html\" target=\"_blank\"><picture><source srcset=\"https:\/\/static.triny.pl\/img\/p\/1\/7\/1\/3\/5\/17135-thickbox_default.webp\"  type=\"image\/webp\"><source srcset=\"https:\/\/static.triny.pl\/img\/p\/1\/7\/1\/3\/5\/17135-thickbox_default.jpg\"  type=\"image\/jpeg\"><img src=\"https:\/\/triny.pl\/blog\/wp-content\/themes\/triny\/assets\/img\/placeholder-600x600.png\" data-src=\"https:\/\/static.triny.pl\/img\/p\/1\/7\/1\/3\/5\/17135-thickbox_default.jpg\" class=\"tns-lazy-img\" alt=\"W\u0119giel &#8211; Oczyszczaj\u0105ca pasta do mycia twarzy\"><\/picture><div class=\"brand\">IOSSI<\/div><div class=\"title\">W\u0119giel &#8211; Oczyszczaj\u0105ca pasta do mycia twarzy<\/div><\/a><a class=\"slider-collage-carousel__btn read-more-button\" href=\"https:\/\/triny.pl\/6424-iossi-oczyszczajaca-pasta-do-mycia-twarzy.html\" target=\"_blank\">Zobacz<\/a><\/li><\/ul><\/section>\n\n\n\n<h2 class=\"wp-block-heading\">Podsumowanie<\/h2>\n\n\n\n<p><span style=\"font-weight: 400;\">Oczyszczanie sk\u00f3ry kosmetykami z w\u0119glem mo\u017ce wydawa\u0107 si\u0119 nieco zaskakuj\u0105ce. Ale tylko na pocz\u0105tku, bo si\u0119gaj\u0105c po produkty w\u0119glowe marki Sadza Soap szybko przyzwyczaisz si\u0119 do ich koloru i bardzo docenisz za to, jak dzia\u0142aj\u0105 na sk\u00f3r\u0119. Zw\u0142aszcza, je\u015bli zmagasz si\u0119 z tr\u0105dzikiem, t\u0142ust\u0105 cer\u0105, niedoskona\u0142o\u015bciami albo szybko przet\u0142uszczaj\u0105cymi si\u0119 w\u0142osami.<\/span><\/p>\n\n\n\n<p><strong>Znasz kosmetyki marki Sadza Soap? Czy wypr\u00f3bowa\u0142a\u015b ju\u017c myd\u0142o czarne jak w\u0119giel? \ud83d\ude42<\/strong><\/p>\n","protected":false},"excerpt":{"rendered":"<p>Producenci kosmetyk\u00f3w przyzwyczaili nas ju\u017c do tego, \u017ce w ich produktach pojawiaj\u0105 si\u0119 coraz bardziej oryginalne sk\u0142adniki. A to jad w\u0119\u017ca,&#8230;<\/p>\n","protected":false},"author":6,"featured_media":20102,"comment_status":"open","ping_status":"open","sticky":false,"template":"","format":"standard","meta":{"footnotes":""},"categories":[8186],"tags":[],"acf":[],"yoast_head":"<!-- This site is optimized with the Yoast SEO plugin v21.1 - https:\/\/yoast.com\/wordpress\/plugins\/seo\/ -->\n<title>Sadza Soap<\/title>\n<meta name=\"description\" content=\"Brudz\u0105cy, czarny w\u0119giel w kosmetykach? I to tych, kt\u00f3re maj\u0105 oczyszcza\u0107 sk\u00f3r\u0119? Co to za fanaberia! Sprawdzamy, czy kosmetyki z w\u0119glem faktycnie maj\u0105 sens.\" \/>\n<meta name=\"robots\" content=\"index, follow, max-snippet:-1, max-image-preview:large, max-video-preview:-1\" \/>\n<link rel=\"canonical\" href=\"https:\/\/triny.pl\/blog\/czy-wegiel-moze-oczyscic-skore-poznaj-kosmetyki-sadza-soap\/\" \/>\n<meta property=\"og:locale\" content=\"pl_PL\" \/>\n<meta property=\"og:type\" content=\"article\" \/>\n<meta property=\"og:title\" content=\"Sadza Soap\" \/>\n<meta property=\"og:description\" content=\"Brudz\u0105cy, czarny w\u0119giel w kosmetykach? I to tych, kt\u00f3re maj\u0105 oczyszcza\u0107 sk\u00f3r\u0119? Co to za fanaberia! Sprawdzamy, czy kosmetyki z w\u0119glem faktycnie maj\u0105 sens.\" \/>\n<meta property=\"og:url\" content=\"https:\/\/triny.pl\/blog\/czy-wegiel-moze-oczyscic-skore-poznaj-kosmetyki-sadza-soap\/\" \/>\n<meta property=\"og:site_name\" content=\"Blog Triny.pl\" \/>\n<meta property=\"article:publisher\" content=\"https:\/\/www.facebook.com\/trinysklep\" \/>\n<meta property=\"article:published_time\" content=\"2023-03-21T07:29:00+00:00\" \/>\n<meta property=\"article:modified_time\" content=\"2023-08-23T09:58:31+00:00\" \/>\n<meta property=\"og:image\" content=\"https:\/\/triny.pl\/blog\/wp-content\/uploads\/2017\/03\/sadza-soap-1.jpeg\" \/>\n\t<meta property=\"og:image:width\" content=\"1200\" \/>\n\t<meta property=\"og:image:height\" content=\"800\" \/>\n\t<meta property=\"og:image:type\" content=\"image\/jpeg\" \/>\n<meta name=\"author\" content=\"Olga Pietraszewska\" \/>\n<meta name=\"twitter:label1\" content=\"Napisane przez\" \/>\n\t<meta name=\"twitter:data1\" content=\"Olga Pietraszewska\" \/>\n\t<meta name=\"twitter:label2\" content=\"Szacowany czas czytania\" \/>\n\t<meta name=\"twitter:data2\" content=\"6 minut\" \/>\n<script type=\"application\/ld+json\" class=\"yoast-schema-graph\">{\"@context\":\"https:\/\/schema.org\",\"@graph\":[{\"@type\":\"Article\",\"@id\":\"https:\/\/triny.pl\/blog\/czy-wegiel-moze-oczyscic-skore-poznaj-kosmetyki-sadza-soap\/#article\",\"isPartOf\":{\"@id\":\"https:\/\/triny.pl\/blog\/czy-wegiel-moze-oczyscic-skore-poznaj-kosmetyki-sadza-soap\/\"},\"author\":{\"name\":\"Olga Pietraszewska\",\"@id\":\"https:\/\/triny.pl\/blog\/#\/schema\/person\/627fca485014bc94ba34ced7dc5dd756\"},\"headline\":\"Sadza Soap\",\"datePublished\":\"2023-03-21T07:29:00+00:00\",\"dateModified\":\"2023-08-23T09:58:31+00:00\",\"mainEntityOfPage\":{\"@id\":\"https:\/\/triny.pl\/blog\/czy-wegiel-moze-oczyscic-skore-poznaj-kosmetyki-sadza-soap\/\"},\"wordCount\":1153,\"commentCount\":0,\"publisher\":{\"@id\":\"https:\/\/triny.pl\/blog\/#organization\"},\"articleSection\":[\"S\u0142ownik\"],\"inLanguage\":\"pl-PL\",\"potentialAction\":[{\"@type\":\"CommentAction\",\"name\":\"Comment\",\"target\":[\"https:\/\/triny.pl\/blog\/czy-wegiel-moze-oczyscic-skore-poznaj-kosmetyki-sadza-soap\/#respond\"]}]},{\"@type\":\"WebPage\",\"@id\":\"https:\/\/triny.pl\/blog\/czy-wegiel-moze-oczyscic-skore-poznaj-kosmetyki-sadza-soap\/\",\"url\":\"https:\/\/triny.pl\/blog\/czy-wegiel-moze-oczyscic-skore-poznaj-kosmetyki-sadza-soap\/\",\"name\":\"Sadza Soap\",\"isPartOf\":{\"@id\":\"https:\/\/triny.pl\/blog\/#website\"},\"datePublished\":\"2023-03-21T07:29:00+00:00\",\"dateModified\":\"2023-08-23T09:58:31+00:00\",\"description\":\"Brudz\u0105cy, czarny w\u0119giel w kosmetykach? I to tych, kt\u00f3re maj\u0105 oczyszcza\u0107 sk\u00f3r\u0119? Co to za fanaberia! Sprawdzamy, czy kosmetyki z w\u0119glem faktycnie maj\u0105 sens.\",\"breadcrumb\":{\"@id\":\"https:\/\/triny.pl\/blog\/czy-wegiel-moze-oczyscic-skore-poznaj-kosmetyki-sadza-soap\/#breadcrumb\"},\"inLanguage\":\"pl-PL\",\"potentialAction\":[{\"@type\":\"ReadAction\",\"target\":[\"https:\/\/triny.pl\/blog\/czy-wegiel-moze-oczyscic-skore-poznaj-kosmetyki-sadza-soap\/\"]}]},{\"@type\":\"BreadcrumbList\",\"@id\":\"https:\/\/triny.pl\/blog\/czy-wegiel-moze-oczyscic-skore-poznaj-kosmetyki-sadza-soap\/#breadcrumb\",\"itemListElement\":[{\"@type\":\"ListItem\",\"position\":1,\"name\":\"Strona g\u0142\u00f3wna\",\"item\":\"https:\/\/triny.pl\/blog\/\"},{\"@type\":\"ListItem\",\"position\":2,\"name\":\"Sadza Soap\"}]},{\"@type\":\"WebSite\",\"@id\":\"https:\/\/triny.pl\/blog\/#website\",\"url\":\"https:\/\/triny.pl\/blog\/\",\"name\":\"Blog Triny.pl\",\"description\":\"Naturalna piel\u0119gnacja bez tajemnic! Pokazujemy jak dba\u0107 o cia\u0142o i w\u0142osy dla optymalnych, d\u0142ugotrwa\u0142ych efekt\u00f3w. Sprawd\u017a te ma\u0142o znane triki :)\",\"publisher\":{\"@id\":\"https:\/\/triny.pl\/blog\/#organization\"},\"potentialAction\":[{\"@type\":\"SearchAction\",\"target\":{\"@type\":\"EntryPoint\",\"urlTemplate\":\"https:\/\/triny.pl\/blog\/?s={search_term_string}\"},\"query-input\":\"required name=search_term_string\"}],\"inLanguage\":\"pl-PL\"},{\"@type\":\"Organization\",\"@id\":\"https:\/\/triny.pl\/blog\/#organization\",\"name\":\"Triny Sp. z o. o.\",\"url\":\"https:\/\/triny.pl\/blog\/\",\"logo\":{\"@type\":\"ImageObject\",\"inLanguage\":\"pl-PL\",\"@id\":\"https:\/\/triny.pl\/blog\/#\/schema\/logo\/image\/\",\"url\":\"https:\/\/triny.pl\/blog\/wp-content\/uploads\/2020\/08\/logo-triny.png\",\"contentUrl\":\"https:\/\/triny.pl\/blog\/wp-content\/uploads\/2020\/08\/logo-triny.png\",\"width\":190,\"height\":78,\"caption\":\"Triny Sp. z o. o.\"},\"image\":{\"@id\":\"https:\/\/triny.pl\/blog\/#\/schema\/logo\/image\/\"},\"sameAs\":[\"https:\/\/www.facebook.com\/trinysklep\",\"https:\/\/www.instagram.com\/trinysklep\/\",\"https:\/\/pl.pinterest.com\/trinypl\/_created\/\"]},{\"@type\":\"Person\",\"@id\":\"https:\/\/triny.pl\/blog\/#\/schema\/person\/627fca485014bc94ba34ced7dc5dd756\",\"name\":\"Olga Pietraszewska\",\"description\":\"Witaj! Nazywam si\u0119 Olga Pietraszewska. Jestem autork\u0105 bloga Makehappyday.com, pasjonatk\u0105 i propagatork\u0105 naturalnej piel\u0119gnacji oraz zdrowego stylu \u017cycia. Z wykszta\u0142cenia politolog, z zawodu dziennikarka i copywriterka. Je\u015bli akurat nie pisz\u0119, to najpewniej oddaj\u0119 si\u0119 roli \u017cony i mamy, czytam ksi\u0105\u017cki, piek\u0119 chleb, albo spaceruj\u0119, podziwiaj\u0105c malownicze okolice pi\u0119knej Norwegii.\",\"url\":\"https:\/\/triny.pl\/blog\/author\/olga-pietraszewska\/\"}]}<\/script>\n<!-- \/ Yoast SEO plugin. -->","yoast_head_json":{"title":"Sadza Soap","description":"Brudz\u0105cy, czarny w\u0119giel w kosmetykach? I to tych, kt\u00f3re maj\u0105 oczyszcza\u0107 sk\u00f3r\u0119? Co to za fanaberia! Sprawdzamy, czy kosmetyki z w\u0119glem faktycnie maj\u0105 sens.","robots":{"index":"index","follow":"follow","max-snippet":"max-snippet:-1","max-image-preview":"max-image-preview:large","max-video-preview":"max-video-preview:-1"},"canonical":"https:\/\/triny.pl\/blog\/czy-wegiel-moze-oczyscic-skore-poznaj-kosmetyki-sadza-soap\/","og_locale":"pl_PL","og_type":"article","og_title":"Sadza Soap","og_description":"Brudz\u0105cy, czarny w\u0119giel w kosmetykach? I to tych, kt\u00f3re maj\u0105 oczyszcza\u0107 sk\u00f3r\u0119? Co to za fanaberia! Sprawdzamy, czy kosmetyki z w\u0119glem faktycnie maj\u0105 sens.","og_url":"https:\/\/triny.pl\/blog\/czy-wegiel-moze-oczyscic-skore-poznaj-kosmetyki-sadza-soap\/","og_site_name":"Blog Triny.pl","article_publisher":"https:\/\/www.facebook.com\/trinysklep","article_published_time":"2023-03-21T07:29:00+00:00","article_modified_time":"2023-08-23T09:58:31+00:00","og_image":[{"width":1200,"height":800,"url":"https:\/\/triny.pl\/blog\/wp-content\/uploads\/2017\/03\/sadza-soap-1.jpeg","type":"image\/jpeg"}],"author":"Olga Pietraszewska","twitter_misc":{"Napisane przez":"Olga Pietraszewska","Szacowany czas czytania":"6 minut"},"schema":{"@context":"https:\/\/schema.org","@graph":[{"@type":"Article","@id":"https:\/\/triny.pl\/blog\/czy-wegiel-moze-oczyscic-skore-poznaj-kosmetyki-sadza-soap\/#article","isPartOf":{"@id":"https:\/\/triny.pl\/blog\/czy-wegiel-moze-oczyscic-skore-poznaj-kosmetyki-sadza-soap\/"},"author":{"name":"Olga Pietraszewska","@id":"https:\/\/triny.pl\/blog\/#\/schema\/person\/627fca485014bc94ba34ced7dc5dd756"},"headline":"Sadza Soap","datePublished":"2023-03-21T07:29:00+00:00","dateModified":"2023-08-23T09:58:31+00:00","mainEntityOfPage":{"@id":"https:\/\/triny.pl\/blog\/czy-wegiel-moze-oczyscic-skore-poznaj-kosmetyki-sadza-soap\/"},"wordCount":1153,"commentCount":0,"publisher":{"@id":"https:\/\/triny.pl\/blog\/#organization"},"articleSection":["S\u0142ownik"],"inLanguage":"pl-PL","potentialAction":[{"@type":"CommentAction","name":"Comment","target":["https:\/\/triny.pl\/blog\/czy-wegiel-moze-oczyscic-skore-poznaj-kosmetyki-sadza-soap\/#respond"]}]},{"@type":"WebPage","@id":"https:\/\/triny.pl\/blog\/czy-wegiel-moze-oczyscic-skore-poznaj-kosmetyki-sadza-soap\/","url":"https:\/\/triny.pl\/blog\/czy-wegiel-moze-oczyscic-skore-poznaj-kosmetyki-sadza-soap\/","name":"Sadza Soap","isPartOf":{"@id":"https:\/\/triny.pl\/blog\/#website"},"datePublished":"2023-03-21T07:29:00+00:00","dateModified":"2023-08-23T09:58:31+00:00","description":"Brudz\u0105cy, czarny w\u0119giel w kosmetykach? I to tych, kt\u00f3re maj\u0105 oczyszcza\u0107 sk\u00f3r\u0119? Co to za fanaberia! Sprawdzamy, czy kosmetyki z w\u0119glem faktycnie maj\u0105 sens.","breadcrumb":{"@id":"https:\/\/triny.pl\/blog\/czy-wegiel-moze-oczyscic-skore-poznaj-kosmetyki-sadza-soap\/#breadcrumb"},"inLanguage":"pl-PL","potentialAction":[{"@type":"ReadAction","target":["https:\/\/triny.pl\/blog\/czy-wegiel-moze-oczyscic-skore-poznaj-kosmetyki-sadza-soap\/"]}]},{"@type":"BreadcrumbList","@id":"https:\/\/triny.pl\/blog\/czy-wegiel-moze-oczyscic-skore-poznaj-kosmetyki-sadza-soap\/#breadcrumb","itemListElement":[{"@type":"ListItem","position":1,"name":"Strona g\u0142\u00f3wna","item":"https:\/\/triny.pl\/blog\/"},{"@type":"ListItem","position":2,"name":"Sadza Soap"}]},{"@type":"WebSite","@id":"https:\/\/triny.pl\/blog\/#website","url":"https:\/\/triny.pl\/blog\/","name":"Blog Triny.pl","description":"Naturalna piel\u0119gnacja bez tajemnic! Pokazujemy jak dba\u0107 o cia\u0142o i w\u0142osy dla optymalnych, d\u0142ugotrwa\u0142ych efekt\u00f3w. Sprawd\u017a te ma\u0142o znane triki :)","publisher":{"@id":"https:\/\/triny.pl\/blog\/#organization"},"potentialAction":[{"@type":"SearchAction","target":{"@type":"EntryPoint","urlTemplate":"https:\/\/triny.pl\/blog\/?s={search_term_string}"},"query-input":"required name=search_term_string"}],"inLanguage":"pl-PL"},{"@type":"Organization","@id":"https:\/\/triny.pl\/blog\/#organization","name":"Triny Sp. z o. o.","url":"https:\/\/triny.pl\/blog\/","logo":{"@type":"ImageObject","inLanguage":"pl-PL","@id":"https:\/\/triny.pl\/blog\/#\/schema\/logo\/image\/","url":"https:\/\/triny.pl\/blog\/wp-content\/uploads\/2020\/08\/logo-triny.png","contentUrl":"https:\/\/triny.pl\/blog\/wp-content\/uploads\/2020\/08\/logo-triny.png","width":190,"height":78,"caption":"Triny Sp. z o. o."},"image":{"@id":"https:\/\/triny.pl\/blog\/#\/schema\/logo\/image\/"},"sameAs":["https:\/\/www.facebook.com\/trinysklep","https:\/\/www.instagram.com\/trinysklep\/","https:\/\/pl.pinterest.com\/trinypl\/_created\/"]},{"@type":"Person","@id":"https:\/\/triny.pl\/blog\/#\/schema\/person\/627fca485014bc94ba34ced7dc5dd756","name":"Olga Pietraszewska","description":"Witaj! Nazywam si\u0119 Olga Pietraszewska. Jestem autork\u0105 bloga Makehappyday.com, pasjonatk\u0105 i propagatork\u0105 naturalnej piel\u0119gnacji oraz zdrowego stylu \u017cycia. Z wykszta\u0142cenia politolog, z zawodu dziennikarka i copywriterka. Je\u015bli akurat nie pisz\u0119, to najpewniej oddaj\u0119 si\u0119 roli \u017cony i mamy, czytam ksi\u0105\u017cki, piek\u0119 chleb, albo spaceruj\u0119, podziwiaj\u0105c malownicze okolice pi\u0119knej Norwegii.","url":"https:\/\/triny.pl\/blog\/author\/olga-pietraszewska\/"}]}},"voteUp":"3","voteDown":"0","authorInfo":{"photo":"https:\/\/triny.pl\/blog\/wp-content\/uploads\/2019\/03\/web-2-150x150.jpg","url":"https:\/\/triny.pl\/blog\/author\/olga-pietraszewska\/","name":"Olga Pietraszewska"},"media":{"full":"https:\/\/triny.pl\/blog\/wp-content\/uploads\/2017\/03\/sadza-soap-1.jpeg","desktop":"https:\/\/triny.pl\/blog\/wp-content\/uploads\/2017\/03\/sadza-soap-1-505x250.jpeg","mobile":"https:\/\/triny.pl\/blog\/wp-content\/uploads\/2017\/03\/sadza-soap-1-375x190.jpeg"},"_links":{"self":[{"href":"https:\/\/triny.pl\/blog\/wp-json\/wp\/v2\/posts\/2928"}],"collection":[{"href":"https:\/\/triny.pl\/blog\/wp-json\/wp\/v2\/posts"}],"about":[{"href":"https:\/\/triny.pl\/blog\/wp-json\/wp\/v2\/types\/post"}],"author":[{"embeddable":true,"href":"https:\/\/triny.pl\/blog\/wp-json\/wp\/v2\/users\/6"}],"replies":[{"embeddable":true,"href":"https:\/\/triny.pl\/blog\/wp-json\/wp\/v2\/comments?post=2928"}],"version-history":[{"count":37,"href":"https:\/\/triny.pl\/blog\/wp-json\/wp\/v2\/posts\/2928\/revisions"}],"predecessor-version":[{"id":27416,"href":"https:\/\/triny.pl\/blog\/wp-json\/wp\/v2\/posts\/2928\/revisions\/27416"}],"wp:featuredmedia":[{"embeddable":true,"href":"https:\/\/triny.pl\/blog\/wp-json\/wp\/v2\/media\/20102"}],"wp:attachment":[{"href":"https:\/\/triny.pl\/blog\/wp-json\/wp\/v2\/media?parent=2928"}],"wp:term":[{"taxonomy":"category","embeddable":true,"href":"https:\/\/triny.pl\/blog\/wp-json\/wp\/v2\/categories?post=2928"},{"taxonomy":"post_tag","embeddable":true,"href":"https:\/\/triny.pl\/blog\/wp-json\/wp\/v2\/tags?post=2928"}],"curies":[{"name":"wp","href":"https:\/\/api.w.org\/{rel}","templated":true}]}}