{"id":3796,"date":"2018-04-06T15:38:46","date_gmt":"2018-04-06T13:38:46","guid":{"rendered":"https:\/\/triny.pl\/blog\/?p=3796"},"modified":"2022-10-19T15:54:59","modified_gmt":"2022-10-19T13:54:59","slug":"trudnosci-w-makijazu-mineralnym","status":"publish","type":"post","link":"https:\/\/triny.pl\/blog\/trudnosci-w-makijazu-mineralnym\/","title":{"rendered":"Najcz\u0119stsze trudno\u015bci w makija\u017cu mineralnym \u2013 jak sobie z nimi poradzi\u0107?"},"content":{"rendered":"\n<p>Makija\u017c mineralny nie jest tak naprawd\u0119 trudniejszy do wykonania od makija\u017cu kosmetykami o p\u0142ynnej i utwardzonej konsystencji. Jednak przy pocz\u0105tkowym braku wprawy w pos\u0142ugiwaniu si\u0119 sypkimi kosmetykami, mo\u017cesz napotka\u0107 pewne trudno\u015bci, a co za tym idzie &#8211; szybko zniech\u0119ci\u0107 si\u0119 do ich stosowania. S\u0105 to jednak problemy, kt\u00f3re mo\u017cesz w &nbsp;\u0142atwy spos\u00f3b rozwi\u0105za\u0107 i dzi\u015b podpowiem Ci jak poradzi\u0107 sobie z drobnymi przeszkodami, jakie by\u0107 mo\u017ce napotkasz rozpoczynaj\u0105c mineraln\u0105 przygod\u0119.<\/p>\n\n\n\n<!--more-->\n\n\n\n<h2 class=\"wp-block-heading\">Najcz\u0119stsze trudno\u015bci w makija\u017cu mineralnym<\/h2>\n\n\n\n<p><span style=\"font-weight: 400;\">Produkty do makija\u017cu powinny by\u0107 dopasowane pod ka\u017cdym k\u0105tem. A tym, co przysparza najwi\u0119cej problem\u00f3w w makija\u017cu mineralnym i jest przeszkod\u0105 w jego stosowaniu, jest wyb\u00f3r odpowiedniego podk\u0142adu. Trudno\u015bci w makija\u017cu mineralnym mo\u017ce sprawia\u0107 te\u017c aplikacja kosmetyk\u00f3w o sypkiej formule i utrzymanie trwa\u0142o\u015bci makija\u017cu. I w\u0142a\u015bnie o tym &#8211; jak dobra\u0107 podk\u0142ad, aplikowa\u0107 kosmetyki mineralne i przed\u0142u\u017cy\u0107 trwa\u0142o\u015b\u0107 makija\u017cu mineralnego, opowiem w dalszej cz\u0119\u015bci tego wpisu.&nbsp;<\/span><\/p>\n\n\n\n<h2 class=\"wp-block-heading\">Jak dobra\u0107 podk\u0142ad idealny?<\/h2>\n\n\n<div class=\"wp-block-image wp-image-3807 size-large\">\n<figure class=\"aligncenter\"><picture><source media=\"(max-width: 450px)\" data-srcset=\"https:\/\/triny.pl\/blog\/wp-content\/uploads\/2018\/04\/pod1-375x281.jpg\"><img data-src=\"https:\/\/triny.pl\/blog\/wp-content\/uploads\/2018\/04\/pod1-684x513.jpg\" class=\"wp-image-3807 lazyload\" alt=\"Jak dobra\u0107 mineralny podk\u0142ad idealny?\"><\/picture><figcaption>Fot. Olga Pietraszewska<\/figcaption><\/figure><\/div>\n\n\n<p><span style=\"font-weight: 400;\">Jak ju\u017c na pewno wiesz, szukaj\u0105c idealnego <a href=\"https:\/\/triny.pl\/268-podklady\">podk\u0142adu mineralnego<\/a>, musisz bra\u0107 pod uwag\u0119 zar\u00f3wno rodzaj swojej cery, jak i kolor karnacji. To pomo\u017ce dobra\u0107 odpowiedni\u0105 formu\u0142\u0119 oraz idealny odcie\u0144 podk\u0142adu. I o ile w pierwszym przypadku opcje s\u0105 ograniczone do dw\u00f3ch, g\u00f3ra trzech (formu\u0142a matuj\u0105ca, kryj\u0105ca lub roz\u015bwietlaj\u0105ca), tak wyb\u00f3r odcienia nie jest ju\u017c \u0142atwy, bo kolor\u00f3w do wyboru jest zwykle bardzo du\u017co. Poni\u017cej znajdziesz kilka wskaz\u00f3wek, jak&nbsp;wybra\u0107 formu\u0142\u0119 podk\u0142adu i dobra\u0107 odpowiedni odcie\u0144.<\/span><\/p>\n\n\n<section class=\"slider-collage-carousel\" data-id=\"3392, 9169, 3391, 3386, 3388\"><ul class=\"collage collage-slider\"><li class=\"item\"><a href=\"https:\/\/triny.pl\/3392-annabelle-minerals-mineralny-podklad-kryjacy-10-g.html\" target=\"_blank\"><picture><source srcset=\"https:\/\/static.triny.pl\/img\/p\/2\/1\/3\/9\/4\/21394-thickbox_default.webp\"  type=\"image\/webp\"><source srcset=\"https:\/\/static.triny.pl\/img\/p\/2\/1\/3\/9\/4\/21394-thickbox_default.jpg\"  type=\"image\/jpeg\"><img src=\"https:\/\/triny.pl\/blog\/wp-content\/themes\/triny\/assets\/img\/placeholder-600x600.png\" data-src=\"https:\/\/static.triny.pl\/img\/p\/2\/1\/3\/9\/4\/21394-thickbox_default.jpg\" class=\"tns-lazy-img\" alt=\"Mineralny podk\u0142ad kryj\u0105cy &#8211; 10g\"><\/picture><div class=\"brand\">Annabelle Minerals<\/div><div class=\"title\">Mineralny podk\u0142ad kryj\u0105cy &#8211; 10g<\/div><\/a><a class=\"slider-collage-carousel__btn read-more-button\" href=\"https:\/\/triny.pl\/3392-annabelle-minerals-mineralny-podklad-kryjacy-10-g.html\" target=\"_blank\">Zobacz<\/a><\/li><li class=\"item\"><a href=\"https:\/\/triny.pl\/9169-equilibra-nawilzajacy-podklad-w-plynie.html\" target=\"_blank\"><picture><source srcset=\"https:\/\/static.triny.pl\/img\/p\/1\/8\/2\/5\/0\/18250-thickbox_default.webp\"  type=\"image\/webp\"><source srcset=\"https:\/\/static.triny.pl\/img\/p\/1\/8\/2\/5\/0\/18250-thickbox_default.jpg\"  type=\"image\/jpeg\"><img src=\"https:\/\/triny.pl\/blog\/wp-content\/themes\/triny\/assets\/img\/placeholder-600x600.png\" data-src=\"https:\/\/static.triny.pl\/img\/p\/1\/8\/2\/5\/0\/18250-thickbox_default.jpg\" class=\"tns-lazy-img\" alt=\"Loves Nature &#8211; Nawil\u017caj\u0105cy podk\u0142ad w p\u0142ynie\"><\/picture><div class=\"brand\">Equilibra<\/div><div class=\"title\">Loves Nature &#8211; Nawil\u017caj\u0105cy podk\u0142ad w p\u0142ynie<\/div><\/a><a class=\"slider-collage-carousel__btn read-more-button\" href=\"https:\/\/triny.pl\/9169-equilibra-nawilzajacy-podklad-w-plynie.html\" target=\"_blank\">Zobacz<\/a><\/li><li class=\"item\"><a href=\"https:\/\/triny.pl\/3391-annabelle-minerals-mineralny-podklad-kryjacy-4-g.html\" target=\"_blank\"><picture><source srcset=\"https:\/\/static.triny.pl\/img\/p\/2\/1\/4\/0\/7\/21407-thickbox_default.webp\"  type=\"image\/webp\"><source srcset=\"https:\/\/static.triny.pl\/img\/p\/2\/1\/4\/0\/7\/21407-thickbox_default.jpg\"  type=\"image\/jpeg\"><img src=\"https:\/\/triny.pl\/blog\/wp-content\/themes\/triny\/assets\/img\/placeholder-600x600.png\" data-src=\"https:\/\/static.triny.pl\/img\/p\/2\/1\/4\/0\/7\/21407-thickbox_default.jpg\" class=\"tns-lazy-img\" alt=\"Mineralny podk\u0142ad kryj\u0105cy &#8211; 4g\"><\/picture><div class=\"brand\">Annabelle Minerals<\/div><div class=\"title\">Mineralny podk\u0142ad kryj\u0105cy &#8211; 4g<\/div><\/a><a class=\"slider-collage-carousel__btn read-more-button\" href=\"https:\/\/triny.pl\/3391-annabelle-minerals-mineralny-podklad-kryjacy-4-g.html\" target=\"_blank\">Zobacz<\/a><\/li><li class=\"item\"><a href=\"https:\/\/triny.pl\/3386-annabelle-minerals-mineralny-podklad-rozswietlajacy-10-g.html\" target=\"_blank\"><picture><source srcset=\"https:\/\/static.triny.pl\/img\/p\/2\/1\/3\/3\/6\/21336-thickbox_default.webp\"  type=\"image\/webp\"><source srcset=\"https:\/\/static.triny.pl\/img\/p\/2\/1\/3\/3\/6\/21336-thickbox_default.jpg\"  type=\"image\/jpeg\"><img src=\"https:\/\/triny.pl\/blog\/wp-content\/themes\/triny\/assets\/img\/placeholder-600x600.png\" data-src=\"https:\/\/static.triny.pl\/img\/p\/2\/1\/3\/3\/6\/21336-thickbox_default.jpg\" class=\"tns-lazy-img\" alt=\"Mineralny podk\u0142ad roz\u015bwietlaj\u0105cy &#8211; 10g\"><\/picture><div class=\"brand\">Annabelle Minerals<\/div><div class=\"title\">Mineralny podk\u0142ad roz\u015bwietlaj\u0105cy &#8211; 10g<\/div><\/a><a class=\"slider-collage-carousel__btn read-more-button\" href=\"https:\/\/triny.pl\/3386-annabelle-minerals-mineralny-podklad-rozswietlajacy-10-g.html\" target=\"_blank\">Zobacz<\/a><\/li><li class=\"item\"><a href=\"https:\/\/triny.pl\/3388-annabelle-minerals-mineralny-podklad-matujacy-4-g.html\" target=\"_blank\"><picture><source srcset=\"https:\/\/static.triny.pl\/img\/p\/2\/1\/3\/8\/4\/21384-thickbox_default.webp\"  type=\"image\/webp\"><source srcset=\"https:\/\/static.triny.pl\/img\/p\/2\/1\/3\/8\/4\/21384-thickbox_default.jpg\"  type=\"image\/jpeg\"><img src=\"https:\/\/triny.pl\/blog\/wp-content\/themes\/triny\/assets\/img\/placeholder-600x600.png\" data-src=\"https:\/\/static.triny.pl\/img\/p\/2\/1\/3\/8\/4\/21384-thickbox_default.jpg\" class=\"tns-lazy-img\" alt=\"Mineralny podk\u0142ad matuj\u0105cy &#8211; 4g\"><\/picture><div class=\"brand\">Annabelle Minerals<\/div><div class=\"title\">Mineralny podk\u0142ad matuj\u0105cy &#8211; 4g<\/div><\/a><a class=\"slider-collage-carousel__btn read-more-button\" href=\"https:\/\/triny.pl\/3388-annabelle-minerals-mineralny-podklad-matujacy-4-g.html\" target=\"_blank\">Zobacz<\/a><\/li><\/ul><\/section>\n\n\n\n<h3 class=\"wp-block-heading\">Formu\u0142a podk\u0142adu<\/h3>\n\n\n\n<p><span style=\"font-weight: 400;\">Zwykle firmy oferuj\u0105ce podk\u0142ady mineralne maj\u0105 w swojej ofercie do wyboru wersj\u0119 roz\u015bwietlaj\u0105c\u0105, matuj\u0105c\u0105 i kryj\u0105c\u0105. Kt\u00f3ra z nich b\u0119dzie najlepsza dla Twojej cery?<\/span><\/p>\n\n\n\n<p><b>PO WERSJ\u0118 ROZ\u015aWIETLAJ\u0104CA SI\u0118GNIJ, gdy:<\/b><\/p>\n\n\n\n<p><span style=\"font-weight: 400;\">&#8211; Twoja cera nie ma wi\u0119kszych problem\u00f3w z wypryskami, rozszerzonymi porami, nadprodukcj\u0105 sebum,<\/span><\/p>\n\n\n\n<p><span style=\"font-weight: 400;\">&#8211; Twoja sk\u00f3ra jest ziemista, szara, sucha i zale\u017cy Ci na uzyskaniu promiennego wygl\u0105du,<\/span><\/p>\n\n\n\n<p><span style=\"font-weight: 400;\">&#8211; chcesz wyr\u00f3wna\u0107 koloryt sk\u00f3ry i uzyska\u0107 satynowe wyko\u0144czenie bez efektu maski,<\/span><\/p>\n\n\n\n<p><span style=\"font-weight: 400;\">&#8211; lubisz subtelny efekt glow (drobinki roz\u015bwietlaj\u0105ce nie s\u0105 mocno widoczne, maj\u0105 za zadanie odbija\u0107 \u015bwiat\u0142o i sprawia\u0107, \u017ce sk\u00f3ra wygl\u0105da na wypocz\u0119t\u0105).<\/span><\/p>\n\n\n\n<p><b>WERSJA MATUJ\u0104CA SPRAWDZI SI\u0118, je\u015bli: <\/b><\/p>\n\n\n\n<p><span style=\"font-weight: 400;\">&#8211; jeste\u015b posiadaczk\u0105 cery mieszanej w kierunku t\u0142ustej, a Twoja sk\u00f3ra ma tendencje do szybkiego \u015bwiecenia si\u0119,<\/span><\/p>\n\n\n\n<p><span style=\"font-weight: 400;\">&#8211; Twoja cera ma drobne niedoskona\u0142o\u015bci wymagaj\u0105ce zakrycia.<\/span><\/p>\n\n\n\n<p><b>Na wersj\u0119 KRYJ\u0104C\u0104 POSTAW wtedy, gdy:<\/b><\/p>\n\n\n\n<p><span style=\"font-weight: 400;\">&#8211; borykasz si\u0119 z wi\u0119kszymi problemami sk\u00f3rnymi w postaci blizn, przebarwie\u0144, wyprysk\u00f3w, rozleg\u0142ych zaczerwienie\u0144 i potrzebujesz mocniejszego kamufla\u017cu.&nbsp;<\/span><\/p>\n\n\n\n<p class=\"tip\"><span style=\"font-weight: 400;\">Trzeba wzi\u0105\u0107 pod uwag\u0119, \u017ce wersja kryj\u0105ca jest zazwyczaj do\u015b\u0107 ci\u0119\u017cka, przez co ma tendencje do wchodzenia w zmarszczki i rozszerzone pory. Je\u015bli podk\u0142ad kryj\u0105cy b\u0119dzie dla Ciebie wybawieniem, u\u017cywaj go w bardzo niewielkiej ilo\u015bci, prawdopodobnie ju\u017c jedna warstwa wystarczy, aby uzyska\u0107 po\u017c\u0105dany stopie\u0144 krycia. Zamiast dok\u0142ada\u0107 kolejn\u0105, lepiej utrwali\u0107 pierwsz\u0105 pudrem matuj\u0105cym. Na koniec dobrze jest spryska\u0107 twarz hydrolatem lub mgie\u0142k\u0105, aby zdj\u0105\u0107 pudrowo\u015b\u0107.<\/span><\/p>\n\n\n\n<p><span style=\"font-weight: 400;\">Alternatywnie, zanim si\u0119gniesz po wersj\u0119 kryj\u0105c\u0105, proponuj\u0119, aby\u015b sprawdzi\u0142a, <strong>po\u0142\u0105czenie wariantu matuj\u0105cego z korektorem<\/strong>. By\u0107 mo\u017ce to rozwi\u0105zanie oka\u017ce si\u0119 wystarczaj\u0105ce. Dobrze mo\u017ce sprawdzi\u0107 si\u0119 r\u00f3wnie\u017c <strong>podk\u0142ad wymieszany z korektorem w ilo\u015bci np. 1:3<\/strong> (w zale\u017cno\u015bci od potrzeb).<\/span><\/p>\n\n\n\n<p><strong>Je\u015bli borykasz si\u0119 z niedoskona\u0142o\u015bciami i chcesz wiedzie\u0107 jak skutecznie zmniejszy\u0107 ich widoczno\u015b\u0107, zajrzyj te\u017c do jednego z moich poprzednich wpis\u00f3w: &nbsp;<\/strong><\/p>\n\n\n<blockquote class=\"wp-embedded-content\" data-secret=\"UfOqiWXdub\"><p><a href=\"https:\/\/triny.pl\/blog\/skuteczne-maskowanie-niedoskonalosci-produktami-mineralnymi\/\">Krycie niedoskona\u0142o\u015bci i kosmetyki mineralne: tak, to mo\u017cliwe!<\/a><\/p><\/blockquote>\n<p><iframe class=\"wp-embedded-content\" sandbox=\"allow-scripts\" security=\"restricted\" style=\"position: absolute; clip: rect(1px, 1px, 1px, 1px);\" title=\"&#8222;Krycie niedoskona\u0142o\u015bci i kosmetyki mineralne: tak, to mo\u017cliwe!&#8221; &#8212; Blog Triny.pl\" src=\"https:\/\/triny.pl\/blog\/skuteczne-maskowanie-niedoskonalosci-produktami-mineralnymi\/embed\/#?secret=LphLDYru9q#?secret=UfOqiWXdub\" data-secret=\"UfOqiWXdub\" width=\"600\" height=\"338\" frameborder=\"0\" marginwidth=\"0\" marginheight=\"0\" scrolling=\"no\"><\/iframe><\/p>\n\n\n\n<h3 class=\"wp-block-heading\"><strong>Odcie\u0144 podk\u0142adu<\/strong><\/h3>\n\n\n<div class=\"wp-block-image wp-image-3808 size-large\">\n<figure class=\"aligncenter\"><picture><source media=\"(max-width: 450px)\" data-srcset=\"https:\/\/triny.pl\/blog\/wp-content\/uploads\/2018\/04\/pod2-375x281.jpg\"><img data-src=\"https:\/\/triny.pl\/blog\/wp-content\/uploads\/2018\/04\/pod2-684x513.jpg\" class=\"wp-image-3808 lazyload\" alt=\"jak dobra\u0107 odcie\u0144 podk\u0142adu mineralnego\"><\/picture><figcaption>Fot. Olga Pietraszewska<\/figcaption><\/figure><\/div>\n\n\n<p><b>Jak dobra\u0107 odcie\u0144, aby \u0142adnie stapia\u0142 si\u0119 z kolorem sk\u00f3ry? <\/b><\/p>\n\n\n\n<p><span style=\"font-weight: 400;\">Wychodz\u0105c naprzeciw oczekiwaniom konsumentek, marki produkuj\u0105ce podk\u0142ady mineralne oferuj\u0105 wiele odcieni do wyboru \u2013 od kilkunastu do nawet kilkudziesi\u0119ciu. Jak zatem wybra\u0107 sw\u00f3j idealny kolor spo\u015br\u00f3d tak wielu opcji? <\/span><\/p>\n\n\n\n<p><span style=\"font-weight: 400;\"><strong>W pierwszym kroku powinna\u015b ustali\u0107, czy Twoja cera ma odcie\u0144 ciep\u0142y, czy ch\u0142odny.<\/strong> To podstawowy punkt wyj\u015bcia do wyboru odcienia z danej gamy kolorystycznej. <\/span><\/p>\n\n\n\n<p><span style=\"font-weight: 400;\">Jak to zrobi\u0107? Przyjrzyj si\u0119 i oce\u0144, czy Twoja cera jest bardziej brzoskwiniowa \u2013 be\u017cowa (typ ciep\u0142y), czy mleczna, oliwkowa \u2013 r\u00f3\u017cowa (tym ch\u0142odny). Czy nosisz srebro (typ ch\u0142odny), czy z\u0142oto (typ ciep\u0142y). Czy \u017cy\u0142ki kt\u00f3re masz na r\u0119kach wpadaj\u0105 w ziele\u0144 (typ ciep\u0142y), czy w niebieski (typ ch\u0142odny). Taki prosty test pozwoli Ci oceni\u0107 z kt\u00f3rej palety barw dobra\u0107 kolor.<\/span><\/p>\n\n\n\n<p><strong>Oczywi\u015bcie analiza kolorystyczna to nieco bardziej skomplikowany proces, ale takie wst\u0119pne rozeznanie mo\u017ce znacz\u0105co u\u0142atwi\u0107 podj\u0119cie decyzji, w kt\u00f3rym p\u00f3j\u015b\u0107 kierunku.<\/strong><\/p>\n\n\n\n<p><b>\u00bb&nbsp;<\/b><span style=\"font-weight: 400;\">Je\u015bli Twoja sk\u00f3ra jest bardzo jasna, bezpiecznie b\u0119dzie postawi\u0107 na kolory najja\u015bniejsze z danej palety.<\/span><\/p>\n\n\n\n<p><b>\u00bb <\/b><span style=\"font-weight: 400;\">Je\u017celi jest jasna, ale nie porcelanowa, wybierz odcienie po\u015brednie, ale bli\u017cej tych najja\u015bniejszych. <\/span><\/p>\n\n\n\n<p><b>\u00bb<\/b><span style=\"font-weight: 400;\">Je\u015bli jeste\u015b posiadaczk\u0105 ciemniejszej sk\u00f3ry, masz \u015bniad\u0105 karnacj\u0119, kieruj si\u0119 w stron\u0119 ciemniejszych kolor\u00f3w.<\/span><\/p>\n\n\n\n<p class=\"tip\"><span style=\"font-weight: 400;\">Je\u015bli wahasz si\u0119 mi\u0119dzy dwoma odcieniami, wybierz ten ja\u015bniejszy. \u0141atwiej wyr\u00f3wna\u0107 kolor dobrze dobranym pudrem wyko\u0144czeniowym. Pr\u00f3ba rozja\u015bnienia zbyt ciemnego podk\u0142adu zawsze wychodzi gorzej. Efekt zbyt jasnej twarzy mo\u017cna te\u017c ratowa\u0107 mocniejszym konturowaniem bronzerem.<\/span><\/p>\n\n\n\n<p><span style=\"font-weight: 400;\">Je\u015bli wci\u0105\u017c masz w\u0105tpliwo\u015b\u0107, kt\u00f3ry kolor b\u0119dzie Tw\u00f3j, zam\u00f3w kilka pr\u00f3bek. Oferuje je wi\u0119kszo\u015b\u0107 producent\u00f3w, bo maj\u0105 \u015bwiadomo\u015b\u0107, \u017ce sprawa wyboru odpowiedniego odcienia nie jest prosta, szczeg\u00f3lnie przy zam\u00f3wieniu internetowym, kiedy nie mo\u017cemy oceni\u0107 koloru na \u017cywo.<\/span><\/p>\n\n\n\n<p><b>A co je\u015bli kupi\u0142a\u015b z\u0142y odcie\u0144?<\/b><\/p>\n\n\n\n<p><span style=\"font-weight: 400;\">W przypadku kosmetyk\u00f3w mineralnych do\u015b\u0107 \u0142atwo wybrn\u0105\u0107 z tej pomy\u0142ki \u2013 mo\u017cna po prostu zmiesza\u0107 ze sob\u0105 dwa kolory uzyskuj\u0105c po\u015bredni odcie\u0144. <\/span><\/p>\n\n\n\n<h2 class=\"wp-block-heading\"><span style=\"font-weight: 400;\">Trudno\u015bci w makija\u017cu mineralnym &#8211; aplikacja podk\u0142adu mineralnego<\/span><\/h2>\n\n\n<div class=\"wp-block-image wp-image-3811 size-large\">\n<figure class=\"aligncenter\"><picture><source media=\"(max-width: 450px)\" data-srcset=\"https:\/\/triny.pl\/blog\/wp-content\/uploads\/2018\/04\/pod5-375x281.jpg\"><img data-src=\"https:\/\/triny.pl\/blog\/wp-content\/uploads\/2018\/04\/pod5-684x513.jpg\" class=\"wp-image-3811 lazyload\" alt=\"aplikacja podk\u0142adu mineralnego\"><\/picture><figcaption>Fot. Olga Pietraszewska<\/figcaption><\/figure><\/div>\n\n\n<p><span style=\"font-weight: 400;\">Od przygotowania cery pod minera\u0142y i sposobu aplikacji podk\u0142adu i pudru, zale\u017cy to jaki b\u0119dzie finalny efekt wykonanego makija\u017cu. Ca\u0142y artyku\u0142 na ten temat mo\u017cesz znale\u017a\u0107 ju\u017c na blogu:&nbsp;<\/span><\/p>\n\n\n<blockquote class=\"wp-embedded-content\" data-secret=\"pkVBxt16nv\"><p><a href=\"https:\/\/triny.pl\/blog\/makijaz-mineralny-sposoby-aplikacji-kosmetykow-niezbedne-akcesoria-i-pomocne-triki\/\">Podstawy makija\u017cu mineralnego:  sposoby aplikacji kosmetyk\u00f3w, niezb\u0119dne akcesoria i pomocne triki<\/a><\/p><\/blockquote>\n<p><iframe class=\"wp-embedded-content\" sandbox=\"allow-scripts\" security=\"restricted\" style=\"position: absolute; clip: rect(1px, 1px, 1px, 1px);\" title=\"&#8222;Podstawy makija\u017cu mineralnego:  sposoby aplikacji kosmetyk\u00f3w, niezb\u0119dne akcesoria i pomocne triki&#8221; &#8212; Blog Triny.pl\" src=\"https:\/\/triny.pl\/blog\/makijaz-mineralny-sposoby-aplikacji-kosmetykow-niezbedne-akcesoria-i-pomocne-triki\/embed\/#?secret=2BnXylhfrK#?secret=pkVBxt16nv\" data-secret=\"pkVBxt16nv\" width=\"600\" height=\"338\" frameborder=\"0\" marginwidth=\"0\" marginheight=\"0\" scrolling=\"no\"><\/iframe><\/p>\n\n\n\n<p><span style=\"font-weight: 400;\">Je\u015bli mimo wszystkich polecanych zabieg\u00f3w nasza sk\u00f3ra nadal nie chce dogada\u0107 si\u0119 z wybranym podk\u0142adem, &nbsp;dobrym posuni\u0119ciem jest <strong>wypr\u00f3bowanie kosmetyk\u00f3w innej marki.<\/strong> Mimo, \u017ce wszystkie kosmetyki maj\u0105 form\u0119 sypk\u0105, to r\u00f3\u017cni\u0105 si\u0119 sk\u0142adem, stopniem zmielenia, konsystencj\u0105 (bardziej sucha lub wilgotna). <strong>Ma to du\u017cy wp\u0142yw na to, jak podk\u0142ad zachowuje si\u0119 na sk\u00f3rze i cz\u0119sto to w\u0142a\u015bnie wymiana produkt\u00f3w na kosmetyki mineralne od innego producenta pomaga rozwi\u0105za\u0107 problem sprawiaj\u0105cej trudno\u015bci aplikacji i \u017ale wygl\u0105daj\u0105cego makija\u017cu.<\/strong> Dlatego, je\u015bli nie chcesz nara\u017ca\u0107 si\u0119 na du\u017ce koszty, zacznij od zakupu mniejszych opakowa\u0144 lub pr\u00f3bek. I dopiero wtedy, gdy przetestujesz kilka marek i znajdziesz podk\u0142ad idealny, kup normalne, pe\u0142nowymiarowe opakowanie i ciesz si\u0119 pi\u0119knym efektem naturalnego, doskonale wygl\u0105daj\u0105cego makija\u017cu mineralnego.&nbsp;<\/span><\/p>\n\n\n\n<h2 class=\"wp-block-heading\">Trwa\u0142o\u015b\u0107 makija\u017cu mineralnego, a raczej jej brak. Jak sobie z tym poradzi\u0107?<\/h2>\n\n\n<div class=\"wp-block-image wp-image-3814 size-large\">\n<figure class=\"aligncenter\"><picture><source media=\"(max-width: 450px)\" data-srcset=\"https:\/\/triny.pl\/blog\/wp-content\/uploads\/2018\/04\/pod8-375x281.jpg\"><img data-src=\"https:\/\/triny.pl\/blog\/wp-content\/uploads\/2018\/04\/pod8-684x513.jpg\" class=\"wp-image-3814 lazyload\" alt=\"jak przed\u0142u\u017cy\u0107 trwa\u0142o\u015b\u0107 podk\u0142adu mineralnego\"><\/picture><figcaption>Fot. Olga Pietraszewska<\/figcaption><\/figure><\/div>\n\n\n<p><span style=\"font-weight: 400;\"><strong>W przypadku makija\u017cu mineralnego najwa\u017cniejsze jest, \u017ceby u\u017cyty podk\u0142ad by\u0142 trwa\u0142y, nie \u015bciera\u0142 si\u0119, nie migrowa\u0142, po prostu by\u0142 na miejscu, bez potrzeby ci\u0105g\u0142ego kontrolowania sytuacji w lusterku<\/strong>. I chocia\u017c osi\u0105gni\u0119cie tego efektu mo\u017ce sprawia\u0107 trudno\u015b\u0107, to jak najbardziej jest to mo\u017cliwe! A tym, o co nale\u017cy zadba\u0107 jest odpowiednie przygotowanie sk\u00f3ry i poprawny spos\u00f3b aplikacji.<\/span><\/p>\n\n\n\n<p><span style=\"font-weight: 400;\">Tematowi dotycz\u0105cemu sposob\u00f3w na przed\u0142u\u017cenie trwa\u0142o\u015bci makija\u017cu po\u015bwi\u0119ci\u0142am odr\u0119bny wpis:&nbsp;<\/span><\/p>\n\n\n<blockquote class=\"wp-embedded-content\" data-secret=\"Sr2IHfvQhP\"><p><a href=\"https:\/\/triny.pl\/blog\/najlepsze-sposoby-na-przedluzenie-trwalosci-makijazu-mineralnego\/\">Jak przed\u0142u\u017cy\u0107 trwa\u0142o\u015b\u0107 makija\u017cu mineralnego &#8211; najlepsze sposoby<\/a><\/p><\/blockquote>\n<p><iframe class=\"wp-embedded-content\" sandbox=\"allow-scripts\" security=\"restricted\" style=\"position: absolute; clip: rect(1px, 1px, 1px, 1px);\" title=\"&#8222;Jak przed\u0142u\u017cy\u0107 trwa\u0142o\u015b\u0107 makija\u017cu mineralnego &#8211; najlepsze sposoby&#8221; &#8212; Blog Triny.pl\" src=\"https:\/\/triny.pl\/blog\/najlepsze-sposoby-na-przedluzenie-trwalosci-makijazu-mineralnego\/embed\/#?secret=rjeBHK54VJ#?secret=Sr2IHfvQhP\" data-secret=\"Sr2IHfvQhP\" width=\"600\" height=\"338\" frameborder=\"0\" marginwidth=\"0\" marginheight=\"0\" scrolling=\"no\"><\/iframe><\/p>\n\n\n\n<p><span style=\"font-weight: 400;\">Zach\u0119cam Ci\u0119 do zapoznania si\u0119 z nim, a teraz kr\u00f3tko podsumuj\u0119 co robi\u0107, a czego unika\u0107, aby makija\u017c wygl\u0105da\u0142 nieskazitelnie przez ca\u0142y dzie\u0144.<\/span><\/p>\n\n\n\n<p><b>\u00bb <\/b><span style=\"font-weight: 400;\"><strong>Odpowiednie przygotowanie cery to klucz do sukcesu!<\/strong>&nbsp;Raz w tygodniu wykonuj peeling dostosowany do potrzeb sk\u00f3ry (mechaniczny lub enzymatyczny), dbaj o jej odpowiedni poziom nawil\u017cenia, przed aplikacj\u0105 podk\u0142adu poczekaj, a\u017c krem dobrze si\u0119 wch\u0142onie. W przypadku je\u015bli Twoja sk\u00f3ra zaczyna szybko produkowa\u0107 sebum, odci\u015bnij jego nadmiar w chusteczk\u0119 przyk\u0142adaj\u0105c miejsce przy miejscu zanim przyst\u0105pisz do aplikacji podk\u0142adu.<\/span><\/p>\n\n\n\n<p><span style=\"font-weight: 400;\">\u00bb <strong>Nak\u0142adaj niewielk\u0105 ilo\u015b\u0107 podk\u0142adu<\/strong>, lepiej sprawdzi si\u0119 kilka cienkich warstw (nawet dwie-trzy), ni\u017c jedna gruba.<\/span><\/p>\n\n\n\n<p><span style=\"font-weight: 400;\">\u00bb Znaczenie ma r\u00f3wnie\u017c <strong>ruch jakim nak\u0142adamy podk\u0142ad<\/strong> \u2013 kolisty sprawdzi si\u0119 u posiadaczek cery mieszanej i t\u0142ustej, posuwisty (g\u00f3ra-d\u00f3\u0142) odpowiedni b\u0119dzie w przypadku cery suchej i naczynkowej, a najlepsze krycie w przypadku niedoskona\u0142o\u015bci uzyskasz poprzez stemplowanie.<\/span><\/p>\n\n\n\n<p><span style=\"font-weight: 400;\">\u00bb Je\u015bli Twoja cera ma tendencje do szybkiego \u015bwiecenia si\u0119, <strong>zastosuj <a href=\"https:\/\/triny.pl\/269-pudry\">puder wyko\u0144czeniowy<\/a><\/strong>. Poprawi on trwa\u0142o\u015b\u0107 podk\u0142adu i dodatkowo zmatowi sk\u00f3r\u0119. Aby unikn\u0105\u0107 pudrowego efektu scal ca\u0142o\u015b\u0107 makija\u017cu poprzez spryskanie wod\u0105 termaln\u0105 lub hydrolatem z odleg\u0142o\u015bci oko\u0142o 20 centymetr\u00f3w. Pocz\u0105tkowo mo\u017ce to wygl\u0105da\u0107 gorzej, ale po kilku minutach przekonasz si\u0119, \u017ce mia\u0142o to sens!<\/span><\/p>\n\n\n\n<p><span style=\"font-weight: 400;\">\u00bb W przypadku cieni do powiek, <strong>warto zastosowa\u0107 <a href=\"https:\/\/triny.pl\/275-bazy-pod-cienie\">baz\u0119 pod cienie<\/a><\/strong>, zw\u0142aszcza je\u015bli powieki maj\u0105 tendencj\u0119 do przet\u0142uszczania si\u0119. Proszek lepiej przyklei si\u0119 do takiej lepkiej powierzchni i cie\u0144 d\u0142u\u017cej utrzyma na miejscu. Dodatkowo podbijesz dzi\u0119ki temu ich pigmentacj\u0119. <\/span><\/p>\n\n\n\n<p><span style=\"font-weight: 400;\">\u00bb <strong>Warto si\u0119gn\u0105\u0107 te\u017c po produkty, kt\u00f3re zosta\u0142y stworzone po to, aby przed\u0142u\u017cy\u0107 trwa\u0142o\u015b\u0107 makija\u017cu.<\/strong> Primery, bazy, mgie\u0142ki utrwalaj\u0105ce. Nie s\u0105 wcale zb\u0119dnymi gad\u017cetami, warto po nie si\u0119gn\u0105\u0107, aby d\u0142u\u017cej cieszy\u0107 si\u0119 nienagannym makija\u017cem niewymagaj\u0105cym poprawek w ci\u0105gu dnia.&nbsp;<\/span><span style=\"font-weight: 400;\">Jak je stosowa\u0107 podpowiada\u0142am w tym wpisie:&nbsp;<\/span><a href=\"https:\/\/triny.pl\/blog\/primer-baza-pod-makijaz-mgielka\/\">Primer, baza pod makija\u017c, mgie\u0142ka utrwalaj\u0105ca \u2013 jak ich u\u017cywa\u0107, aby by\u0142y skuteczne?<\/a><\/p>\n\n\n\n<h2 class=\"wp-block-heading\">Podsumowanie<\/h2>\n\n\n\n<p><span style=\"font-weight: 400;\">To ju\u017c wszystkie podpowiedzi dotycz\u0105ce rozwi\u0105zywania trudno\u015bci w makija\u017cu mineralnym, jakimi chcia\u0142am si\u0119 z Tob\u0105 podzieli\u0107. Jak widzisz, z ka\u017cdej sytuacji jest wyj\u015bcie. Mam nadziej\u0119 \u017ce ten wpis sprawi, \u017ce nawet je\u015bli rzuci\u0142a\u015b minera\u0142y w k\u0105t stwierdzaj\u0105c, \u017ce nie s\u0105 dla Ciebie, wr\u00f3cisz do nich i dasz im jeszcze jedn\u0105 szans\u0119. Zdecydowanie warto to zrobi\u0107!<\/span><\/p>\n\n\n\n<p><b>Czy makija\u017c mineralny przysparza Ci jaki\u015b problem\u00f3w? Jak sobie z nimi radzisz? Wymie\u0144my si\u0119 do\u015bwiadczeniami w komentarzach, bo przecie\u017c ka\u017cda z nas ma swoje sprawdzone triki! <\/b><\/p>\n","protected":false},"excerpt":{"rendered":"<p>Makija\u017c mineralny nie jest tak naprawd\u0119 trudniejszy do wykonania od makija\u017cu kosmetykami o p\u0142ynnej i utwardzonej konsystencji. Jednak przy pocz\u0105tkowym braku&#8230;<\/p>\n","protected":false},"author":10,"featured_media":20034,"comment_status":"open","ping_status":"open","sticky":false,"template":"","format":"standard","meta":{"footnotes":""},"categories":[93,35],"tags":[91],"acf":[],"yoast_head":"<!-- This site is optimized with the Yoast SEO plugin v21.1 - https:\/\/yoast.com\/wordpress\/plugins\/seo\/ -->\n<title>Trudno\u015bci w makija\u017cu mineralnym - jak sobie z nimi poradzi\u0107?<\/title>\n<meta name=\"description\" content=\"Trudno\u015bci w makija\u017cu mineralnym, kt\u00f3re mog\u0105 zniech\u0119ca\u0107 do jego stosowania to g\u0142\u00f3wnie problem z dobraniem odpowiedniego koloru podk\u0142adu, s\u0142aba trwa\u0142o\u015b\u0107 makija\u017cu i \u017ale wykonana aplikacja sypkich produkt\u00f3w. Sprawd\u017a, jak sobie z nimi poradzi\u0107.\" \/>\n<meta name=\"robots\" content=\"index, follow, max-snippet:-1, max-image-preview:large, max-video-preview:-1\" \/>\n<link rel=\"canonical\" href=\"https:\/\/triny.pl\/blog\/trudnosci-w-makijazu-mineralnym\/\" \/>\n<meta property=\"og:locale\" content=\"pl_PL\" \/>\n<meta property=\"og:type\" content=\"article\" \/>\n<meta property=\"og:title\" content=\"Trudno\u015bci w makija\u017cu mineralnym - jak sobie z nimi poradzi\u0107?\" \/>\n<meta property=\"og:description\" content=\"Trudno\u015bci w makija\u017cu mineralnym, kt\u00f3re mog\u0105 zniech\u0119ca\u0107 do jego stosowania to g\u0142\u00f3wnie problem z dobraniem odpowiedniego koloru podk\u0142adu, s\u0142aba trwa\u0142o\u015b\u0107 makija\u017cu i \u017ale wykonana aplikacja sypkich produkt\u00f3w. Sprawd\u017a, jak sobie z nimi poradzi\u0107.\" \/>\n<meta property=\"og:url\" content=\"https:\/\/triny.pl\/blog\/trudnosci-w-makijazu-mineralnym\/\" \/>\n<meta property=\"og:site_name\" content=\"Blog Triny.pl\" \/>\n<meta property=\"article:publisher\" content=\"https:\/\/www.facebook.com\/trinysklep\" \/>\n<meta property=\"article:published_time\" content=\"2018-04-06T13:38:46+00:00\" \/>\n<meta property=\"article:modified_time\" content=\"2022-10-19T13:54:59+00:00\" \/>\n<meta property=\"og:image\" content=\"https:\/\/triny.pl\/blog\/wp-content\/uploads\/2018\/04\/trudnosci-makijaz-mineralny.jpeg\" \/>\n\t<meta property=\"og:image:width\" content=\"1200\" \/>\n\t<meta property=\"og:image:height\" content=\"800\" \/>\n\t<meta property=\"og:image:type\" content=\"image\/jpeg\" \/>\n<meta name=\"author\" content=\"Magda \u017b\u00f3\u0142ci\u0144ska\" \/>\n<meta name=\"twitter:label1\" content=\"Napisane przez\" \/>\n\t<meta name=\"twitter:data1\" content=\"Magda \u017b\u00f3\u0142ci\u0144ska\" \/>\n\t<meta name=\"twitter:label2\" content=\"Szacowany czas czytania\" \/>\n\t<meta name=\"twitter:data2\" content=\"10 minut\" \/>\n<script type=\"application\/ld+json\" class=\"yoast-schema-graph\">{\"@context\":\"https:\/\/schema.org\",\"@graph\":[{\"@type\":\"Article\",\"@id\":\"https:\/\/triny.pl\/blog\/trudnosci-w-makijazu-mineralnym\/#article\",\"isPartOf\":{\"@id\":\"https:\/\/triny.pl\/blog\/trudnosci-w-makijazu-mineralnym\/\"},\"author\":{\"name\":\"Magda \u017b\u00f3\u0142ci\u0144ska\",\"@id\":\"https:\/\/triny.pl\/blog\/#\/schema\/person\/7738c0df7e9c2be03e31bac6f9d7a1ba\"},\"headline\":\"Najcz\u0119stsze trudno\u015bci w makija\u017cu mineralnym \u2013 jak sobie z nimi poradzi\u0107?\",\"datePublished\":\"2018-04-06T13:38:46+00:00\",\"dateModified\":\"2022-10-19T13:54:59+00:00\",\"mainEntityOfPage\":{\"@id\":\"https:\/\/triny.pl\/blog\/trudnosci-w-makijazu-mineralnym\/\"},\"wordCount\":1781,\"commentCount\":0,\"publisher\":{\"@id\":\"https:\/\/triny.pl\/blog\/#organization\"},\"keywords\":[\"makija\u017c mineralny\"],\"articleSection\":[\"Makija\u017c mineralny\",\"Piel\u0119gnacja twarzy naturalnie\"],\"inLanguage\":\"pl-PL\",\"potentialAction\":[{\"@type\":\"CommentAction\",\"name\":\"Comment\",\"target\":[\"https:\/\/triny.pl\/blog\/trudnosci-w-makijazu-mineralnym\/#respond\"]}]},{\"@type\":\"WebPage\",\"@id\":\"https:\/\/triny.pl\/blog\/trudnosci-w-makijazu-mineralnym\/\",\"url\":\"https:\/\/triny.pl\/blog\/trudnosci-w-makijazu-mineralnym\/\",\"name\":\"Trudno\u015bci w makija\u017cu mineralnym - jak sobie z nimi poradzi\u0107?\",\"isPartOf\":{\"@id\":\"https:\/\/triny.pl\/blog\/#website\"},\"datePublished\":\"2018-04-06T13:38:46+00:00\",\"dateModified\":\"2022-10-19T13:54:59+00:00\",\"description\":\"Trudno\u015bci w makija\u017cu mineralnym, kt\u00f3re mog\u0105 zniech\u0119ca\u0107 do jego stosowania to g\u0142\u00f3wnie problem z dobraniem odpowiedniego koloru podk\u0142adu, s\u0142aba trwa\u0142o\u015b\u0107 makija\u017cu i \u017ale wykonana aplikacja sypkich produkt\u00f3w. Sprawd\u017a, jak sobie z nimi poradzi\u0107.\",\"breadcrumb\":{\"@id\":\"https:\/\/triny.pl\/blog\/trudnosci-w-makijazu-mineralnym\/#breadcrumb\"},\"inLanguage\":\"pl-PL\",\"potentialAction\":[{\"@type\":\"ReadAction\",\"target\":[\"https:\/\/triny.pl\/blog\/trudnosci-w-makijazu-mineralnym\/\"]}]},{\"@type\":\"BreadcrumbList\",\"@id\":\"https:\/\/triny.pl\/blog\/trudnosci-w-makijazu-mineralnym\/#breadcrumb\",\"itemListElement\":[{\"@type\":\"ListItem\",\"position\":1,\"name\":\"Strona g\u0142\u00f3wna\",\"item\":\"https:\/\/triny.pl\/blog\/\"},{\"@type\":\"ListItem\",\"position\":2,\"name\":\"Najcz\u0119stsze trudno\u015bci w makija\u017cu mineralnym \u2013 jak sobie z nimi poradzi\u0107?\"}]},{\"@type\":\"WebSite\",\"@id\":\"https:\/\/triny.pl\/blog\/#website\",\"url\":\"https:\/\/triny.pl\/blog\/\",\"name\":\"Blog Triny.pl\",\"description\":\"Naturalna piel\u0119gnacja bez tajemnic! Pokazujemy jak dba\u0107 o cia\u0142o i w\u0142osy dla optymalnych, d\u0142ugotrwa\u0142ych efekt\u00f3w. Sprawd\u017a te ma\u0142o znane triki :)\",\"publisher\":{\"@id\":\"https:\/\/triny.pl\/blog\/#organization\"},\"potentialAction\":[{\"@type\":\"SearchAction\",\"target\":{\"@type\":\"EntryPoint\",\"urlTemplate\":\"https:\/\/triny.pl\/blog\/?s={search_term_string}\"},\"query-input\":\"required name=search_term_string\"}],\"inLanguage\":\"pl-PL\"},{\"@type\":\"Organization\",\"@id\":\"https:\/\/triny.pl\/blog\/#organization\",\"name\":\"Triny Sp. z o. o.\",\"url\":\"https:\/\/triny.pl\/blog\/\",\"logo\":{\"@type\":\"ImageObject\",\"inLanguage\":\"pl-PL\",\"@id\":\"https:\/\/triny.pl\/blog\/#\/schema\/logo\/image\/\",\"url\":\"https:\/\/triny.pl\/blog\/wp-content\/uploads\/2020\/08\/logo-triny.png\",\"contentUrl\":\"https:\/\/triny.pl\/blog\/wp-content\/uploads\/2020\/08\/logo-triny.png\",\"width\":190,\"height\":78,\"caption\":\"Triny Sp. z o. o.\"},\"image\":{\"@id\":\"https:\/\/triny.pl\/blog\/#\/schema\/logo\/image\/\"},\"sameAs\":[\"https:\/\/www.facebook.com\/trinysklep\",\"https:\/\/www.instagram.com\/trinysklep\/\",\"https:\/\/pl.pinterest.com\/trinypl\/_created\/\"]},{\"@type\":\"Person\",\"@id\":\"https:\/\/triny.pl\/blog\/#\/schema\/person\/7738c0df7e9c2be03e31bac6f9d7a1ba\",\"name\":\"Magda \u017b\u00f3\u0142ci\u0144ska\",\"description\":\"Witaj :) Mam na imi\u0119 Magda, z wykszta\u0142cenia jestem psychologiem, z zami\u0142owania wiza\u017cystk\u0105. Prowadz\u0119 bloga Feminine, na kt\u00f3rym propaguj\u0119 naturaln\u0105 piel\u0119gnacj\u0119 i makija\u017c. Najlepiej relaksuj\u0119 si\u0119 przy dobrym kryminale i w trakcie uprawiania aktywno\u015bci fizycznej.\",\"sameAs\":[\"http:\/\/www.feminine.pl\/blog\"],\"url\":\"https:\/\/triny.pl\/blog\/author\/magda-feminine\/\"}]}<\/script>\n<!-- \/ Yoast SEO plugin. -->","yoast_head_json":{"title":"Trudno\u015bci w makija\u017cu mineralnym - jak sobie z nimi poradzi\u0107?","description":"Trudno\u015bci w makija\u017cu mineralnym, kt\u00f3re mog\u0105 zniech\u0119ca\u0107 do jego stosowania to g\u0142\u00f3wnie problem z dobraniem odpowiedniego koloru podk\u0142adu, s\u0142aba trwa\u0142o\u015b\u0107 makija\u017cu i \u017ale wykonana aplikacja sypkich produkt\u00f3w. Sprawd\u017a, jak sobie z nimi poradzi\u0107.","robots":{"index":"index","follow":"follow","max-snippet":"max-snippet:-1","max-image-preview":"max-image-preview:large","max-video-preview":"max-video-preview:-1"},"canonical":"https:\/\/triny.pl\/blog\/trudnosci-w-makijazu-mineralnym\/","og_locale":"pl_PL","og_type":"article","og_title":"Trudno\u015bci w makija\u017cu mineralnym - jak sobie z nimi poradzi\u0107?","og_description":"Trudno\u015bci w makija\u017cu mineralnym, kt\u00f3re mog\u0105 zniech\u0119ca\u0107 do jego stosowania to g\u0142\u00f3wnie problem z dobraniem odpowiedniego koloru podk\u0142adu, s\u0142aba trwa\u0142o\u015b\u0107 makija\u017cu i \u017ale wykonana aplikacja sypkich produkt\u00f3w. Sprawd\u017a, jak sobie z nimi poradzi\u0107.","og_url":"https:\/\/triny.pl\/blog\/trudnosci-w-makijazu-mineralnym\/","og_site_name":"Blog Triny.pl","article_publisher":"https:\/\/www.facebook.com\/trinysklep","article_published_time":"2018-04-06T13:38:46+00:00","article_modified_time":"2022-10-19T13:54:59+00:00","og_image":[{"width":1200,"height":800,"url":"https:\/\/triny.pl\/blog\/wp-content\/uploads\/2018\/04\/trudnosci-makijaz-mineralny.jpeg","type":"image\/jpeg"}],"author":"Magda \u017b\u00f3\u0142ci\u0144ska","twitter_misc":{"Napisane przez":"Magda \u017b\u00f3\u0142ci\u0144ska","Szacowany czas czytania":"10 minut"},"schema":{"@context":"https:\/\/schema.org","@graph":[{"@type":"Article","@id":"https:\/\/triny.pl\/blog\/trudnosci-w-makijazu-mineralnym\/#article","isPartOf":{"@id":"https:\/\/triny.pl\/blog\/trudnosci-w-makijazu-mineralnym\/"},"author":{"name":"Magda \u017b\u00f3\u0142ci\u0144ska","@id":"https:\/\/triny.pl\/blog\/#\/schema\/person\/7738c0df7e9c2be03e31bac6f9d7a1ba"},"headline":"Najcz\u0119stsze trudno\u015bci w makija\u017cu mineralnym \u2013 jak sobie z nimi poradzi\u0107?","datePublished":"2018-04-06T13:38:46+00:00","dateModified":"2022-10-19T13:54:59+00:00","mainEntityOfPage":{"@id":"https:\/\/triny.pl\/blog\/trudnosci-w-makijazu-mineralnym\/"},"wordCount":1781,"commentCount":0,"publisher":{"@id":"https:\/\/triny.pl\/blog\/#organization"},"keywords":["makija\u017c mineralny"],"articleSection":["Makija\u017c mineralny","Piel\u0119gnacja twarzy naturalnie"],"inLanguage":"pl-PL","potentialAction":[{"@type":"CommentAction","name":"Comment","target":["https:\/\/triny.pl\/blog\/trudnosci-w-makijazu-mineralnym\/#respond"]}]},{"@type":"WebPage","@id":"https:\/\/triny.pl\/blog\/trudnosci-w-makijazu-mineralnym\/","url":"https:\/\/triny.pl\/blog\/trudnosci-w-makijazu-mineralnym\/","name":"Trudno\u015bci w makija\u017cu mineralnym - jak sobie z nimi poradzi\u0107?","isPartOf":{"@id":"https:\/\/triny.pl\/blog\/#website"},"datePublished":"2018-04-06T13:38:46+00:00","dateModified":"2022-10-19T13:54:59+00:00","description":"Trudno\u015bci w makija\u017cu mineralnym, kt\u00f3re mog\u0105 zniech\u0119ca\u0107 do jego stosowania to g\u0142\u00f3wnie problem z dobraniem odpowiedniego koloru podk\u0142adu, s\u0142aba trwa\u0142o\u015b\u0107 makija\u017cu i \u017ale wykonana aplikacja sypkich produkt\u00f3w. Sprawd\u017a, jak sobie z nimi poradzi\u0107.","breadcrumb":{"@id":"https:\/\/triny.pl\/blog\/trudnosci-w-makijazu-mineralnym\/#breadcrumb"},"inLanguage":"pl-PL","potentialAction":[{"@type":"ReadAction","target":["https:\/\/triny.pl\/blog\/trudnosci-w-makijazu-mineralnym\/"]}]},{"@type":"BreadcrumbList","@id":"https:\/\/triny.pl\/blog\/trudnosci-w-makijazu-mineralnym\/#breadcrumb","itemListElement":[{"@type":"ListItem","position":1,"name":"Strona g\u0142\u00f3wna","item":"https:\/\/triny.pl\/blog\/"},{"@type":"ListItem","position":2,"name":"Najcz\u0119stsze trudno\u015bci w makija\u017cu mineralnym \u2013 jak sobie z nimi poradzi\u0107?"}]},{"@type":"WebSite","@id":"https:\/\/triny.pl\/blog\/#website","url":"https:\/\/triny.pl\/blog\/","name":"Blog Triny.pl","description":"Naturalna piel\u0119gnacja bez tajemnic! Pokazujemy jak dba\u0107 o cia\u0142o i w\u0142osy dla optymalnych, d\u0142ugotrwa\u0142ych efekt\u00f3w. Sprawd\u017a te ma\u0142o znane triki :)","publisher":{"@id":"https:\/\/triny.pl\/blog\/#organization"},"potentialAction":[{"@type":"SearchAction","target":{"@type":"EntryPoint","urlTemplate":"https:\/\/triny.pl\/blog\/?s={search_term_string}"},"query-input":"required name=search_term_string"}],"inLanguage":"pl-PL"},{"@type":"Organization","@id":"https:\/\/triny.pl\/blog\/#organization","name":"Triny Sp. z o. o.","url":"https:\/\/triny.pl\/blog\/","logo":{"@type":"ImageObject","inLanguage":"pl-PL","@id":"https:\/\/triny.pl\/blog\/#\/schema\/logo\/image\/","url":"https:\/\/triny.pl\/blog\/wp-content\/uploads\/2020\/08\/logo-triny.png","contentUrl":"https:\/\/triny.pl\/blog\/wp-content\/uploads\/2020\/08\/logo-triny.png","width":190,"height":78,"caption":"Triny Sp. z o. o."},"image":{"@id":"https:\/\/triny.pl\/blog\/#\/schema\/logo\/image\/"},"sameAs":["https:\/\/www.facebook.com\/trinysklep","https:\/\/www.instagram.com\/trinysklep\/","https:\/\/pl.pinterest.com\/trinypl\/_created\/"]},{"@type":"Person","@id":"https:\/\/triny.pl\/blog\/#\/schema\/person\/7738c0df7e9c2be03e31bac6f9d7a1ba","name":"Magda \u017b\u00f3\u0142ci\u0144ska","description":"Witaj :) Mam na imi\u0119 Magda, z wykszta\u0142cenia jestem psychologiem, z zami\u0142owania wiza\u017cystk\u0105. Prowadz\u0119 bloga Feminine, na kt\u00f3rym propaguj\u0119 naturaln\u0105 piel\u0119gnacj\u0119 i makija\u017c. Najlepiej relaksuj\u0119 si\u0119 przy dobrym kryminale i w trakcie uprawiania aktywno\u015bci fizycznej.","sameAs":["http:\/\/www.feminine.pl\/blog"],"url":"https:\/\/triny.pl\/blog\/author\/magda-feminine\/"}]}},"voteUp":"10","voteDown":"0","authorInfo":{"photo":"https:\/\/triny.pl\/blog\/wp-content\/uploads\/2018\/06\/magda-zolcinska.jpg","url":"https:\/\/triny.pl\/blog\/author\/magda-feminine\/","name":"Magda \u017b\u00f3\u0142ci\u0144ska"},"media":{"full":"https:\/\/triny.pl\/blog\/wp-content\/uploads\/2018\/04\/trudnosci-makijaz-mineralny.jpeg","desktop":"https:\/\/triny.pl\/blog\/wp-content\/uploads\/2018\/04\/trudnosci-makijaz-mineralny-505x250.jpeg","mobile":"https:\/\/triny.pl\/blog\/wp-content\/uploads\/2018\/04\/trudnosci-makijaz-mineralny-375x190.jpeg"},"_links":{"self":[{"href":"https:\/\/triny.pl\/blog\/wp-json\/wp\/v2\/posts\/3796"}],"collection":[{"href":"https:\/\/triny.pl\/blog\/wp-json\/wp\/v2\/posts"}],"about":[{"href":"https:\/\/triny.pl\/blog\/wp-json\/wp\/v2\/types\/post"}],"author":[{"embeddable":true,"href":"https:\/\/triny.pl\/blog\/wp-json\/wp\/v2\/users\/10"}],"replies":[{"embeddable":true,"href":"https:\/\/triny.pl\/blog\/wp-json\/wp\/v2\/comments?post=3796"}],"version-history":[{"count":14,"href":"https:\/\/triny.pl\/blog\/wp-json\/wp\/v2\/posts\/3796\/revisions"}],"predecessor-version":[{"id":25111,"href":"https:\/\/triny.pl\/blog\/wp-json\/wp\/v2\/posts\/3796\/revisions\/25111"}],"wp:featuredmedia":[{"embeddable":true,"href":"https:\/\/triny.pl\/blog\/wp-json\/wp\/v2\/media\/20034"}],"wp:attachment":[{"href":"https:\/\/triny.pl\/blog\/wp-json\/wp\/v2\/media?parent=3796"}],"wp:term":[{"taxonomy":"category","embeddable":true,"href":"https:\/\/triny.pl\/blog\/wp-json\/wp\/v2\/categories?post=3796"},{"taxonomy":"post_tag","embeddable":true,"href":"https:\/\/triny.pl\/blog\/wp-json\/wp\/v2\/tags?post=3796"}],"curies":[{"name":"wp","href":"https:\/\/api.w.org\/{rel}","templated":true}]}}