{"id":597,"date":"2023-03-24T08:54:00","date_gmt":"2023-03-24T07:54:00","guid":{"rendered":"https:\/\/triny.pl\/blog\/?p=597"},"modified":"2023-03-24T09:03:13","modified_gmt":"2023-03-24T08:03:13","slug":"wiosenne-porzadki-w-kosmetyczce","status":"publish","type":"post","link":"https:\/\/triny.pl\/blog\/wiosenne-porzadki-w-kosmetyczce\/","title":{"rendered":"Wiosenne porz\u0105dki w kosmetyczce"},"content":{"rendered":"\n<p>Wysprz\u0105ta\u0142a\u015b ju\u017c mieszkanie, wymieni\u0142a\u015b zawarto\u015b\u0107 szafy na l\u017cejsze, wiosenne ubrania? A czy zrobi\u0142a\u015b przy okazji porz\u0105dek w kosmetyczce? Kiedy ostatni raz sprawdza\u0142a\u015b daty przydatno\u015bci swoich kosmetyk\u00f3w oraz zawarto\u015b\u0107 otwartych ju\u017c tubek i s\u0142oiczk\u00f3w? Czy nie s\u0105dzisz, \u017ce Twojej kosmetyczce dobrze by zrobi\u0142 ma\u0142y, wiosenny przegl\u0105d?<\/p>\n\n\n\n<!--more-->\n\n\n\n<p>Wiosenne porz\u0105dki w kosmetyczce proponuj\u0119 rozpocz\u0105\u0107 od sprawdzenia dat wa\u017cno\u015bci kosmetyk\u00f3w. Poni\u017cej odpowiadam na najwa\u017cniejsze pytanie dotycz\u0105ce terminu wa\u017cno\u015bci kosmetyk\u00f3w?<\/p>\n\n\n\n<h2 class=\"wp-block-heading\" id=\"czy-mozna-stosowac-przeterminowane-kosmetyki\">Czy mo\u017cna stosowa\u0107 przeterminowane kosmetyki?<\/h2>\n\n\n\n<p>U\u017cywanie przeterminowanych kosmetyk\u00f3w mo\u017ce zaszkodzi\u0107 Twojej sk\u00f3rze. Je\u0142czej\u0105cy balsam do cia\u0142a lub krem do twarzy jest pe\u0142en dra\u017cni\u0105cych substancji, mikroorganizm\u00f3w, bakterii. Przeterminowane kosmetyki mog\u0105 podra\u017cni\u0107 sk\u00f3r\u0119, spowodowa\u0107 zaczerwienie, a nast\u0119pnie silne odczyny zapalne. To samo dotyczy tuszu do rz\u0119s, kt\u00f3ry mo\u017ce wywo\u0142a\u0107 bakteryjne zapalenie spoj\u00f3wek, czy szminki do ust. Dlatego je\u015bli w Twojej kosmetyczce s\u0105 kosmetyki, kt\u00f3rych termin przydatno\u015bci ju\u017c min\u0105\u0142 &#8211; wyrzu\u0107 je do kosza jak najszybciej.<\/p>\n\n\n\n<h2 class=\"wp-block-heading\" id=\"gdzie-znajde-informacje-o-dacie-waznosci-produktu\"><strong>Gdzie znajd\u0119 informacj\u0119 o dacie wa\u017cno\u015bci produktu?<\/strong><\/h2>\n\n\n\n<p>Niekt\u00f3re kosmetyki posiadaj\u0105 sztywn\u0105 dat\u0119 wa\u017cno\u015bci, niezale\u017cnie od czasu otwarcia. Jak dla wi\u0119kszo\u015bci produkt\u00f3w, znajdziesz tak\u0105 informacj\u0119 na opakowaniu.&nbsp;<strong>Nie zapominaj te\u017c o tym, \u017ce dla otwartych ju\u017c kosmetyk\u00f3w kluczowy jest termin okre\u015blaj\u0105cy ich przydatno\u015b\u0107 do u\u017cycia od pierwszego otwarcia s\u0142oiczka, czy butelki.<\/strong>&nbsp;Termin ten oznaczony jest w spos\u00f3b graficzny &#8211;&nbsp;<strong>symbolem otwartego s\u0142oiczka.<\/strong>&nbsp;Tu\u017c obok podana jest liczba miesi\u0119cy:&nbsp;<strong>3M, 6M, 9M, 12M.<\/strong>&nbsp;To w\u0142a\u015bnie one okre\u015blaj\u0105, w jakim czasie od otwarcia kosmetyk powinien zosta\u0107 zu\u017cyty.<\/p>\n\n\n\n<h2 class=\"wp-block-heading\" id=\"jak-rozpoznac-zepsuty-kosmetyk-krem-olej-tusz-do-rzes-szminke-perfumy\"><strong>Jak rozpozna\u0107 zepsuty kosmetyk<\/strong>: krem, olej, tusz do rz\u0119s, szmink\u0119, perfumy?<\/h2>\n\n\n\n<p>\u015awie\u017co\u015b\u0107 kosmetyku i jego przydatno\u015b\u0107 mo\u017cesz rozpozna\u0107 chocia\u017cby po zmieniaj\u0105cym si\u0119 zapachu i konsystencji. Krem, kt\u00f3ry zaczyna je\u0142cze\u0107 zmienia zapach, mo\u017ce si\u0119 rozwarstwia\u0107, by\u0107 g\u0119stszy lub bardziej wodnisty. Lakier do paznokci z trudem mo\u017cna wydoby\u0107 z buteleczki, a perfumy nie pachn\u0105 ju\u017c tak intensywnie jak powinny.<\/p>\n\n\n\n<ul>\n<li>krem &#8211; zmienia kolor i zapach. Na wierzchu mo\u017ce by\u0107 widoczny nalot lub warstwa \u017c\u00f3\u0142tego t\u0142uszczu. Krem mo\u017ce te\u017c si\u0119 rozwarstwia\u0107, by\u0107 bardziej g\u0119sty lub wodnisty Podobnie dzieje si\u0119 w przypadku balsamu do cia\u0142a<\/li>\n\n\n\n<li>olej &#8211; staje si\u0119 g\u0119stszy, bardzie lepki, intensywnie pachnie<br \/>tusz do rz\u0119s &#8211; staje si\u0119 g\u0119sty, \u017ale rozprowadza si\u0119 po rz\u0119sach, skleja je i si\u0119 kruszy. Mo\u017ce te\u017c powodowa\u0107 \u0142zawienie i pieczenie oczu, gdy tylko naniesiesz go na rz\u0119sy<\/li>\n\n\n\n<li>lakier do paznokci &#8211; g\u0119stnieje, ci\u0119\u017cko si\u0119 rozprowadza, d\u0142ugo schnie<\/li>\n\n\n\n<li>szminka &#8211; zmienia zapach, robi si\u0119 sucha, kruszy si\u0119, \u017ale si\u0119 rozprowadza i pozostawia na ustach grudki<\/li>\n\n\n\n<li>perfumy &#8211; ich zapach si\u0119 ulatnia, cz\u0119sto g\u0142\u00f3wn\u0105, wyczuwaln\u0105 nut\u0105 jest alkohol<\/li>\n\n\n\n<li>podk\u0142ad w kremie &#8211; zmienia zapach i konsystencj\u0119. Robi si\u0119 bardzo p\u0142ynny, albo bardzo g\u0119sty. Gorzej si\u0119 rozprowadza i pozostawia ciemne smugi na sk\u00f3rze.<\/li>\n<\/ul>\n\n\n\n<h2 class=\"wp-block-heading\" id=\"jak-oznaczyc-date-otwarcia-kosmetyku\">Jak oznaczy\u0107 dat\u0119 otwarcia kosmetyku?<\/h2>\n\n\n\n<p>Najprostszym sposobem b\u0119dzie zanotowanie markerem na kosmetyku dat\u0119 jego otwarcia. Dzi\u0119ki temu b\u0119dziesz wiedzia\u0142a, do kiedy mo\u017cesz go u\u017cywa\u0107. Bardziej estetyczn\u0105 opcj\u0105 b\u0119dzie u\u017cycie wodoodpornych i wielorazowych naklejek z miejscem na wpisanie daty otwarcia:\u00a0<a href=\"https:\/\/triny.pl\/11259-komplet-naklejek-do-oznaczania-daty-otwarcia-produktu.html\">https:\/\/triny.pl\/11259-komplet-naklejek-do-oznaczania-daty-otwarcia-produktu.html<\/a>.<\/p>\n\n\n\n\n\n\n<h2 class=\"wp-block-heading\" id=\"gdzie-wyrzucic-przeterminowane-kosmetyki\">Gdzie wyrzuci\u0107 przeterminowane kosmetyki?<\/h2>\n\n\n\n<p>Opakowania niezu\u017cytych kosmetyk\u00f3w po terminie powinni\u015bmy wyrzuci\u0107 do odpad\u00f3w zmieszanych. Po opr\u00f3\u017cnieniu zawarto\u015bci oraz umyciu resztek kosmetyku, puste opakowanie wyrzucamy odpowiednio do szk\u0142a b\u0105d\u017a metali i tworzyw sztucznych (zale\u017cnie z czego jest).<\/p>\n\n\n<div class=\"wp-block-image\">\n<figure class=\"aligncenter size-large\"><picture><source media=\"(max-width: 450px)\" data-srcset=\"https:\/\/triny.pl\/blog\/wp-content\/uploads\/2021\/03\/img-6983-min-2-281x375.jpeg\"><img data-src=\"https:\/\/triny.pl\/blog\/wp-content\/uploads\/2021\/03\/img-6983-min-2-513x684.jpeg\" class=\"wp-image-18564 lazyload\" alt=\"Olej do w\u0142os\u00f3w ze sfermentowanego ry\u017cu\"><\/picture><\/figure><\/div>\n\n\n<h2 class=\"wp-block-heading\" id=\"w-jakim-czasie-nalezy-zuzyc-kosmetyk\">W jakim czasie nale\u017cy zu\u017cy\u0107 kosmetyk?<\/h2>\n\n\n\n<p>Wszystkie kosmetyki, co do kt\u00f3rych masz w\u0105tpliwo\u015bci powinna\u015b wyrzuci\u0107. Nie warto kombinowa\u0107 i dawa\u0107 przeterminowanym kosmetykom drugiego \u017cycia, stosuj\u0105c zepsuty balsam np. do piel\u0119gnacji pi\u0119t. W ten spos\u00f3b nadal b\u0119dziesz rozprowadza\u0107 po sk\u00f3rze bakterie i szkodliwe zwi\u0105zki chemiczne.<\/p>\n\n\n<div class=\"wp-block-image\">\n<figure class=\"aligncenter size-large\"><picture><source media=\"(max-width: 450px)\" data-srcset=\"https:\/\/triny.pl\/blog\/wp-content\/uploads\/2019\/08\/img_8852-375x300.jpg\"><img data-src=\"https:\/\/triny.pl\/blog\/wp-content\/uploads\/2019\/08\/img_8852-684x547.jpg\" class=\"wp-image-12428 lazyload\" alt=\"termin zu\u017cycia otwartych kosmetyk\u00f3w\"><\/picture><\/figure><\/div>\n\n\n<p><strong>Najcz\u0119\u015bciej zalecane przez producent\u00f3w&nbsp;terminy zu\u017cycia kosmetyk\u00f3w podaj\u0119 ni\u017cej:<\/strong><\/p>\n\n\n\n<figure class=\"wp-block-table\"><table><tbody><tr><th>Kosmetyk<\/th><th>Termin<\/th><\/tr><tr><td>krem w tubce lub dozowniku<\/td><td>24 miesi\u0105ce od otwarcia<\/td><\/tr><tr><td>krem w s\u0142oiku<\/td><td>9 miesi\u0119cy od otwarcia<\/td><\/tr><tr><td>mleczko i balsam do cia\u0142a<\/td><td>6 miesi\u0119cy od otwarcia<\/td><\/tr><tr><td>podk\u0142ad (fluid)<\/td><td>12 miesi\u0119cy od otwarcia<\/td><\/tr><tr><td>tusz do rz\u0119s<\/td><td>6 miesi\u0105ce od otwarcia<\/td><\/tr><tr><td>szminka<\/td><td>24 miesi\u0105ce od otwarcia<\/td><\/tr><tr><td>puder, cienie do powiek, r\u00f3\u017c w kremie<\/td><td>9 miesi\u0119cy od otwarcia<\/td><\/tr><tr><td>puder, cienie do powiek, r\u00f3\u017c w kamieniu<\/td><td>30 miesi\u0119cy od otwarcia<\/td><\/tr><\/tbody><\/table><\/figure>\n\n\n\n<p>W przypadku kosmetyk\u00f3w naturalnych terminy przydatno\u015bci b\u0119d\u0105&nbsp;r\u00f3\u017cne dla ka\u017cdego produktu. Stosuje si\u0119 w nich bowiem \u0142agodne konserwanty, kt\u00f3re utrzymuj\u0105 \u015bwie\u017co\u015b\u0107 produktu znacznie kr\u00f3cej. I tak, kremy do twarzy cz\u0119sto nale\u017cy zu\u017cy\u0107 ju\u017c w ci\u0105gu 3 miesi\u0119cy od otwarcia opakowania.<\/p>\n\n\n\n<p>Podobnie jest z olejami, dlatego lepiej jest kupowa\u0107 je w mniejszych opakowaniach, bo cz\u0119sto zu\u017cycie 100 ml butelki w ci\u0105gu 3 miesi\u0119cy jest niewykonalne. Wiele olej\u00f3w trzeba te\u017c przechowywa\u0107 w lod\u00f3wce, o czym warto pami\u0119ta\u0107. W przeciwnym razie olej mo\u017ce nie nadawa\u0107 si\u0119 do u\u017cycia ju\u017c po kilkunastu dniach.<\/p>\n\n\n\n<p>Nieco d\u0142u\u017cej od drogeryjnych kosmetyk\u00f3w, mo\u017cesz u\u017cywa\u0107 kosmetyk\u00f3w mineralnych do makija\u017cu. Je\u015bli chcesz, by jak najd\u0142u\u017cej zachowa\u0142y \u015bwie\u017co\u015b\u0107, pami\u0119taj o regularnym myciu p\u0119dzli, kt\u00f3rymi wykonujesz makija\u017c.<\/p>\n\n\n\n<h2 class=\"wp-block-heading\" id=\"co-zrobic-z-nietrafionym-kosmetykiem-czyli-recykling-kosmetyczny\">Co zrobi\u0107 z nietrafionym kosmetykiem, czyli recykling kosmetyczny<\/h2>\n\n\n\n<p>Kosmetyki, kt\u00f3re po zakupie okaza\u0142y si\u0119 kompletnie nietrafione nie musz\u0105 l\u0105dowa\u0107 od razu w koszu na \u015bmieci, albo zalega\u0107 na \u0142azienkowej p\u00f3\u0142ce w oczekiwaniu, \u017ce mo\u017ce jednak kiedy\u015b je zu\u017cyjesz. Najpro\u015bciej odda\u0107 je mamie, siostrze, kole\u017cance, kt\u00f3rym by\u0107 mo\u017ce bardziej przypadn\u0105 do gustu. Mo\u017cesz te\u017c spr\u00f3bowa\u0107 lekko je zmodyfikowa\u0107, albo wykorzysta\u0107 do innych cel\u00f3w, ni\u017c planowa\u0142a\u015b w momencie zakupu.<\/p>\n\n\n\n<h2 class=\"wp-block-heading\" id=\"5-pomyslow-na-drugie-zycie-kosmetykow\"><b>5 pomys\u0142\u00f3w na drugie \u017cycie kosmetyk\u00f3w<\/b><\/h2>\n\n\n\n<h3 class=\"wp-block-heading\" id=\"jak-wykorzystac-inaczej-odzywke-do-wlosow\"><span style=\"color: #008000;\"><b>Jak wykorzysta\u0107 inaczej od\u017cywk\u0119 do w\u0142os\u00f3w?<\/b><\/span><\/h3>\n\n\n\n<p>Je\u015bli kupi\u0142a\u015b od\u017cywk\u0119, kt\u00f3ra nie robi na Twoich w\u0142osach kompletnie nic, albo dzia\u0142a w spos\u00f3b odwrotny ni\u017c mia\u0142a i zamiast wyg\u0142adza\u0107 w\u0142osy, robi z nich siano, mo\u017cesz \u0142atwo ulepszy\u0107. Wystarczy, \u017ce dodasz do niej kilka kropli ulubionego oleju do w\u0142os\u00f3w. Je\u015bli mimo wszystko jej dzia\u0142anie nadal nie b\u0119dzie zadowalaj\u0105ce &#8211; wykorzystaj j\u0105 do depilacji. Wybieraj\u0105c si\u0119 kiedy\u015b na wakacje kupi\u0142am zestaw mini-produkt\u00f3w, w kt\u00f3rym by\u0142 produkt emulsja do depilacji i od\u017cywka do w\u0142os\u00f3w 2w1. Jako emulsja do depilacji kosmetyk mia\u0142 nawil\u017cy\u0107 sk\u00f3r\u0119, zapewni\u0107 po\u015blizg przy goleniu maszynk\u0105 i zmi\u0119kczy\u0107 w\u0142oski. By\u0142am zaskoczona, bo pierwszy raz spotka\u0142am si\u0119 z takim kosmetykiem, my\u015bla\u0142am nawet, \u017ce to pomy\u0142ka. Ale spr\u00f3bowa\u0142am. I do w\u0142os\u00f3w i do depilacji by\u0142 to produkt super trafiony. Od tamtej pory cz\u0119sto si\u0119gam po od\u017cywk\u0119 przy depilacji. Doskonale zmi\u0119kcza w\u0142osy, nie wch\u0142ania si\u0119 w sk\u00f3r\u0119 i zapobiega powstawaniu podra\u017cnie\u0144. Pozostawia te\u017c na sk\u00f3rze \u0142adny zapach, wi\u0119c cz\u0119sto balsam nie jest ju\u017c konieczny.<\/p>\n\n\n\n<h3 class=\"wp-block-heading\" id=\"co-zrobic-z-nietrafionym-kremem-do-twarzy\"><span style=\"color: #008000;\"><b>Co zrobi\u0107 z nietrafionym kremem do twarz<\/b>y?<\/span><\/h3>\n\n\n\n<p>Masz w kosmetyczce krem do twarzy, kt\u00f3ry wywo\u0142uje podra\u017cnienia, za s\u0142abo nawil\u017ca, albo wr\u0119cz odwrotnie &#8211; za bardzo nat\u0142uszcza sk\u00f3r\u0119? Spr\u00f3buj zu\u017cy\u0107 go do kremowania w\u0142os\u00f3w. To metoda nieco mniej popularna ni\u017c olejowanie, czy od\u017cywianie w\u0142os\u00f3w kosmetykami do tego przeznaczonymi, ale r\u00f3wnie skuteczna. Na czym polega? Krem nale\u017cy wetrze\u0107 we w\u0142osy jeszcze przed ich umyciem i pozostawi\u0107 na kilka godzin. Czyli post\u0119powa\u0107 dok\u0142adnie tak, jak z olejem. Kremem do twarzy mo\u017cesz te\u017c zast\u0105pi\u0107 krem do r\u0105k, albo krem do st\u00f3p.<\/p>\n\n\n\n<h3 class=\"wp-block-heading\" id=\"jak-zuzyc-nielubiany-szampon-do-wlosow\"><span style=\"color: #008000;\"><b>Jak zu\u017cy\u0107 nielubiany szampon do w\u0142os\u00f3w?<\/b><\/span><\/h3>\n\n\n\n<p>Szampon do w\u0142os\u00f3w mo\u017cesz wykorzysta\u0107 na wiele sposob\u00f3w. Je\u015bli podra\u017cnia sk\u00f3r\u0119 i wywo\u0142uje stany zapalne &#8211; zu\u017cyj go do mycia p\u0119dzli do makija\u017cu. A je\u015bli nie sprawdzi\u0142 si\u0119 dlatego, \u017ce w\u0142osy s\u0105 po nim za s\u0142abo oczyszczone, spuszone, sztywne, albo szybciej si\u0119 przet\u0142uszczaj\u0105, ale sk\u00f3ra nie jest podra\u017cniona, wykorzystaj go jako \u017cel pod prysznic, p\u0142yn do k\u0105pieli, albo myd\u0142o do mycia r\u0105k.<\/p>\n\n\n\n<h3 class=\"wp-block-heading\" id=\"jak-wykorzystac-olej-kosmetyczny\"><span style=\"color: #008000;\"><b>Jak wykorzysta\u0107 olej kosmetyczny?<\/b><\/span><\/h3>\n\n\n\n<p>Kupi\u0142a\u015b olej z my\u015bl\u0105 o w\u0142osach i okaza\u0142 si\u0119 zupe\u0142nie nie trafiony? Wykorzystaj go do nawil\u017cania twarzy. Je\u015bli i na tym polu olej zawodzi, dodaj go do od\u017cywki lub maski do w\u0142os\u00f3w. Mo\u017cesz te\u017c zafundowa\u0107 sobie nawil\u017caj\u0105c\u0105 k\u0105piel dodaj\u0105c do wody kilka kropli oleju, albo wmasowa\u0107 olej po k\u0105pieli w sk\u00f3r\u0119. Doskona\u0142ym pomys\u0142em na zu\u017cycie oleju mo\u017ce by\u0107 te\u017c nat\u0142uszczaj\u0105ca k\u0105piel dla d\u0142oni i st\u00f3p. Olej mo\u017ce te\u017c zmi\u0119kczy\u0107 sk\u00f3rki wok\u00f3\u0142 paznokci i wzmocni\u0107 ich p\u0142ytk\u0119. I to jeszcze nie koniec. Bo olej pomo\u017ce te\u017c usun\u0105\u0107 makija\u017c &#8211; mo\u017cesz nim z powodzeniem zast\u0105pi\u0107 ulubiony p\u0142yn do demakija\u017cu.<\/p>\n\n\n\n<h3 class=\"wp-block-heading\" id=\"inne-uzycie-balsamu-do-ciala\"><b><span style=\"color: #008000;\">Inne u\u017cycie balsamu do cia\u0142a<\/span> <\/b><\/h3>\n\n\n\n<p>Balsam do cia\u0142a mo\u017ce by\u0107 \u015bwietn\u0105 baz\u0105 do przygotowania peelingu. Je\u015bli masz k\u0142opot ze zu\u017cyciem poka\u017anej butli balsamu lub mleczka do cia\u0142a, wymieszaj go z kaw\u0105, p\u0142atkami owsianymi, cukrem lub sol\u0105 &#8211; peeling do cia\u0142a gotowy.<\/p>\n\n\n\n<h2 class=\"wp-block-heading\" id=\"pusto-czas-na-nowe-6-moich-propozycji-na-nowosci-w-kosmetyczce\">Pusto? Czas na nowo\u015bci w kosmetyczce<\/h2>\n\n\n\n<p>Wiosna to te\u017c czas, kiedy warto pomy\u015ble\u0107 nad wprowadzeniem zmian w piel\u0119gnacji sk\u00f3ry. T\u0142uste, ci\u0119\u017ckie i mocno nawil\u017caj\u0105ce kremy i balsamy nie b\u0119d\u0105 ju\u017c raczej potrzebne. Nasza sk\u00f3ra potrzebuje teraz przede wszystkim kosmetyk\u00f3w, kt\u00f3re nasyc\u0105 j\u0105 substancjami od\u017cywczymi, dodadz\u0105 energii, blasku i \u015bwie\u017co\u015bci.<\/p>\n\n\n\n<p><strong>Zobacz te nowo\u015bci kosmetyczne:<\/strong><\/p>\n\n\n<section class=\"slider-collage-carousel\" data-id=\"13551, 13543, 13533, 13529, 13535, 13515, 13518, 13509\"><ul class=\"collage collage-slider\"><li class=\"item\"><a href=\"https:\/\/triny.pl\/13551-felicea-naturalny-blyszczyk-do-ust-36-slodki-roz.html\" target=\"_blank\"><picture><source srcset=\"https:\/\/static.triny.pl\/img\/p\/2\/2\/5\/6\/2\/22562-thickbox_default.webp\"  type=\"image\/webp\"><source srcset=\"https:\/\/static.triny.pl\/img\/p\/2\/2\/5\/6\/2\/22562-thickbox_default.jpg\"  type=\"image\/jpeg\"><img src=\"https:\/\/triny.pl\/blog\/wp-content\/themes\/triny\/assets\/img\/placeholder-600x600.png\" data-src=\"https:\/\/static.triny.pl\/img\/p\/2\/2\/5\/6\/2\/22562-thickbox_default.jpg\" class=\"tns-lazy-img\" alt=\"Naturalny b\u0142yszczyk do ust &#8211; 36 s\u0142odki r\u00f3\u017c\"><\/picture><div class=\"brand\">Felicea<\/div><div class=\"title\">Naturalny b\u0142yszczyk do ust &#8211; 36 s\u0142odki r\u00f3\u017c<\/div><\/a><a class=\"slider-collage-carousel__btn read-more-button\" href=\"https:\/\/triny.pl\/13551-felicea-naturalny-blyszczyk-do-ust-36-slodki-roz.html\" target=\"_blank\">Zobacz<\/a><\/li><li class=\"item\"><a href=\"https:\/\/triny.pl\/13543-resibo-ready-to-wear-365-zaawansowany-krem-do-twarzy-spf-50.html\" target=\"_blank\"><picture><source srcset=\"https:\/\/static.triny.pl\/img\/p\/2\/2\/5\/4\/1\/22541-thickbox_default.webp\"  type=\"image\/webp\"><source srcset=\"https:\/\/static.triny.pl\/img\/p\/2\/2\/5\/4\/1\/22541-thickbox_default.jpg\"  type=\"image\/jpeg\"><img src=\"https:\/\/triny.pl\/blog\/wp-content\/themes\/triny\/assets\/img\/placeholder-600x600.png\" data-src=\"https:\/\/static.triny.pl\/img\/p\/2\/2\/5\/4\/1\/22541-thickbox_default.jpg\" class=\"tns-lazy-img\" alt=\"READY TO WEAR 365 Zaawansowany krem do twarzy SPF 50\"><\/picture><div class=\"brand\">Resibo<\/div><div class=\"title\">READY TO WEAR 365 Zaawansowany krem do twarzy SPF 50<\/div><\/a><a class=\"slider-collage-carousel__btn read-more-button\" href=\"https:\/\/triny.pl\/13543-resibo-ready-to-wear-365-zaawansowany-krem-do-twarzy-spf-50.html\" target=\"_blank\">Zobacz<\/a><\/li><li class=\"item\"><a href=\"https:\/\/triny.pl\/13533-mydlarnia-cztery-szpaki-krem-do-rak-rokitnik-i-bergamotka.html\" target=\"_blank\"><picture><source srcset=\"https:\/\/static.triny.pl\/img\/p\/2\/2\/5\/0\/7\/22507-thickbox_default.webp\"  type=\"image\/webp\"><source srcset=\"https:\/\/static.triny.pl\/img\/p\/2\/2\/5\/0\/7\/22507-thickbox_default.jpg\"  type=\"image\/jpeg\"><img src=\"https:\/\/triny.pl\/blog\/wp-content\/themes\/triny\/assets\/img\/placeholder-600x600.png\" data-src=\"https:\/\/static.triny.pl\/img\/p\/2\/2\/5\/0\/7\/22507-thickbox_default.jpg\" class=\"tns-lazy-img\" alt=\"Krem do r\u0105k rokitnik i bergamotka\"><\/picture><div class=\"brand\">Mydlarnia Cztery Szpaki<\/div><div class=\"title\">Krem do r\u0105k rokitnik i bergamotka<\/div><\/a><a class=\"slider-collage-carousel__btn read-more-button\" href=\"https:\/\/triny.pl\/13533-mydlarnia-cztery-szpaki-krem-do-rak-rokitnik-i-bergamotka.html\" target=\"_blank\">Zobacz<\/a><\/li><li class=\"item\"><a href=\"https:\/\/triny.pl\/13529-4organic-naturalny-balsam-do-ust-mango-pin-up-girl.html\" target=\"_blank\"><picture><source srcset=\"https:\/\/static.triny.pl\/img\/p\/2\/2\/4\/9\/6\/22496-thickbox_default.webp\"  type=\"image\/webp\"><source srcset=\"https:\/\/static.triny.pl\/img\/p\/2\/2\/4\/9\/6\/22496-thickbox_default.jpg\"  type=\"image\/jpeg\"><img src=\"https:\/\/triny.pl\/blog\/wp-content\/themes\/triny\/assets\/img\/placeholder-600x600.png\" data-src=\"https:\/\/static.triny.pl\/img\/p\/2\/2\/4\/9\/6\/22496-thickbox_default.jpg\" class=\"tns-lazy-img\" alt=\"Naturalny balsam do ust &#8211; Mango &#8211; Pin-up Girl\"><\/picture><div class=\"brand\">4organic<\/div><div class=\"title\">Naturalny balsam do ust &#8211; Mango &#8211; Pin-up Girl<\/div><\/a><a class=\"slider-collage-carousel__btn read-more-button\" href=\"https:\/\/triny.pl\/13529-4organic-naturalny-balsam-do-ust-mango-pin-up-girl.html\" target=\"_blank\">Zobacz<\/a><\/li><li class=\"item\"><a href=\"https:\/\/triny.pl\/13535-lale-kosmetyki-hydrolat-wisniowy.html\" target=\"_blank\"><picture><source srcset=\"https:\/\/static.triny.pl\/img\/p\/2\/2\/5\/0\/9\/22509-thickbox_default.webp\"  type=\"image\/webp\"><source srcset=\"https:\/\/static.triny.pl\/img\/p\/2\/2\/5\/0\/9\/22509-thickbox_default.jpg\"  type=\"image\/jpeg\"><img src=\"https:\/\/triny.pl\/blog\/wp-content\/themes\/triny\/assets\/img\/placeholder-600x600.png\" data-src=\"https:\/\/static.triny.pl\/img\/p\/2\/2\/5\/0\/9\/22509-thickbox_default.jpg\" class=\"tns-lazy-img\" alt=\"Hydrolat wi\u015bniowy\"><\/picture><div class=\"brand\">La-Le Kosmetyki<\/div><div class=\"title\">Hydrolat wi\u015bniowy<\/div><\/a><a class=\"slider-collage-carousel__btn read-more-button\" href=\"https:\/\/triny.pl\/13535-lale-kosmetyki-hydrolat-wisniowy.html\" target=\"_blank\">Zobacz<\/a><\/li><li class=\"item\"><a href=\"https:\/\/triny.pl\/13515-orientana-witaminowy-krem-maska-na-noc-hello-daktyl.html\" target=\"_blank\"><picture><source srcset=\"https:\/\/static.triny.pl\/img\/p\/2\/2\/4\/7\/3\/22473-thickbox_default.webp\"  type=\"image\/webp\"><source srcset=\"https:\/\/static.triny.pl\/img\/p\/2\/2\/4\/7\/3\/22473-thickbox_default.jpg\"  type=\"image\/jpeg\"><img src=\"https:\/\/triny.pl\/blog\/wp-content\/themes\/triny\/assets\/img\/placeholder-600x600.png\" data-src=\"https:\/\/static.triny.pl\/img\/p\/2\/2\/4\/7\/3\/22473-thickbox_default.jpg\" class=\"tns-lazy-img\" alt=\"Witaminowy krem-maska na noc &#8211; Hello Daktyl\"><\/picture><div class=\"brand\">Orientana<\/div><div class=\"title\">Witaminowy krem-maska na noc &#8211; Hello Daktyl<\/div><\/a><a class=\"slider-collage-carousel__btn read-more-button\" href=\"https:\/\/triny.pl\/13515-orientana-witaminowy-krem-maska-na-noc-hello-daktyl.html\" target=\"_blank\">Zobacz<\/a><\/li><li class=\"item\"><a href=\"https:\/\/triny.pl\/13509-sattva-ayurveda-olej-do-wlosow-ze-sfermentowanego-ryzu.html\" target=\"_blank\"><picture><source srcset=\"https:\/\/static.triny.pl\/img\/p\/2\/2\/4\/6\/8\/22468-thickbox_default.webp\"  type=\"image\/webp\"><source srcset=\"https:\/\/static.triny.pl\/img\/p\/2\/2\/4\/6\/8\/22468-thickbox_default.jpg\"  type=\"image\/jpeg\"><img src=\"https:\/\/triny.pl\/blog\/wp-content\/themes\/triny\/assets\/img\/placeholder-600x600.png\" data-src=\"https:\/\/static.triny.pl\/img\/p\/2\/2\/4\/6\/8\/22468-thickbox_default.jpg\" class=\"tns-lazy-img\" alt=\"Olej do w\u0142os\u00f3w ze sfermentowanego ry\u017cu\"><\/picture><div class=\"brand\">Sattva Ayurveda<\/div><div class=\"title\">Olej do w\u0142os\u00f3w ze sfermentowanego ry\u017cu<\/div><\/a><a class=\"slider-collage-carousel__btn read-more-button\" href=\"https:\/\/triny.pl\/13509-sattva-ayurveda-olej-do-wlosow-ze-sfermentowanego-ryzu.html\" target=\"_blank\">Zobacz<\/a><\/li><\/ul><\/section>\n\n\n\n<h2 class=\"wp-block-heading\" id=\"podsumowanie\">Podsumowanie<\/h2>\n\n\n\n<p>Sezonowe porz\u0105dkowanie zawarto\u015bci kosmetyczki, toaletki, czy \u0142azienkowej szafki powinno wej\u015b\u0107 w trwa\u0142y nawyk. Zw\u0142aszcza je\u015bli kupujesz du\u017co kosmetyk\u00f3w i nie zu\u017cywasz ich do ko\u0144ca. Warto raz na kilka miesi\u0119cy przejrze\u0107 wszystkie otwarte opakowania, sprawdzi\u0107 daty wa\u017cno\u015bci i przydatno\u015bci, wyrzuci\u0107 kosmetyki, kt\u00f3re nie nadaj\u0105 si\u0119 ju\u017c do u\u017cycia. Dzi\u0119ki temu unikniesz niepo\u017c\u0105danych skutk\u00f3w ich dzia\u0142ania, a przy okazji zrobisz te\u017c miejsce na nowe kosmetyki. Bez wyrzut\u00f3w sumienia, \u017ce przecie\u017c masz ju\u017c dwa kremy, po co wi\u0119c trzeci \ud83d\ude42 Nadej\u015bcie wiosny jest doskona\u0142ym momentem na taki kosmetyczny remament. Ja u siebie ju\u017c posprz\u0105ta\u0142am \ud83d\ude42<\/p>\n\n\n\n<p><b><i>Jak cz\u0119sto porz\u0105dkujesz swoj\u0105 kosmetyczk\u0119? Co robisz z kosmetykami, kt\u00f3rych dzia\u0142anie Ci\u0119 rozczarowa\u0142o? <\/i><\/b><\/p>\n","protected":false},"excerpt":{"rendered":"<p>Wysprz\u0105ta\u0142a\u015b ju\u017c mieszkanie, wymieni\u0142a\u015b zawarto\u015b\u0107 szafy na l\u017cejsze, wiosenne ubrania? A czy zrobi\u0142a\u015b przy okazji porz\u0105dek w kosmetyczce? Kiedy ostatni raz&#8230;<\/p>\n","protected":false},"author":6,"featured_media":19724,"comment_status":"open","ping_status":"open","sticky":false,"template":"","format":"standard","meta":{"footnotes":""},"categories":[34,36,35],"tags":[8027],"acf":[],"yoast_head":"<!-- This site is optimized with the Yoast SEO plugin v21.1 - https:\/\/yoast.com\/wordpress\/plugins\/seo\/ -->\n<title>Wiosenne porz\u0105dki w kosmetyczce<\/title>\n<meta name=\"description\" content=\"Czy nie s\u0105dzisz, \u017ce Twojej kosmetyczce dobrze by zrobi\u0142 wiosenny przegl\u0105d? Zebra\u0142am kilka porad, jak si\u0119 do tego zabra\u0107 :)\" \/>\n<meta name=\"robots\" content=\"index, follow, max-snippet:-1, max-image-preview:large, max-video-preview:-1\" \/>\n<link rel=\"canonical\" href=\"https:\/\/triny.pl\/blog\/wiosenne-porzadki-w-kosmetyczce\/\" \/>\n<meta property=\"og:locale\" content=\"pl_PL\" \/>\n<meta property=\"og:type\" content=\"article\" \/>\n<meta property=\"og:title\" content=\"Wiosenne porz\u0105dki w kosmetyczce\" \/>\n<meta property=\"og:description\" content=\"Czy nie s\u0105dzisz, \u017ce Twojej kosmetyczce dobrze by zrobi\u0142 wiosenny przegl\u0105d? Zebra\u0142am kilka porad, jak si\u0119 do tego zabra\u0107 :)\" \/>\n<meta property=\"og:url\" content=\"https:\/\/triny.pl\/blog\/wiosenne-porzadki-w-kosmetyczce\/\" \/>\n<meta property=\"og:site_name\" content=\"Blog Triny.pl\" \/>\n<meta property=\"article:publisher\" content=\"https:\/\/www.facebook.com\/trinysklep\" \/>\n<meta property=\"article:published_time\" content=\"2023-03-24T07:54:00+00:00\" \/>\n<meta property=\"article:modified_time\" content=\"2023-03-24T08:03:13+00:00\" \/>\n<meta property=\"og:image\" content=\"https:\/\/triny.pl\/blog\/wp-content\/uploads\/2021\/03\/wiosenne-porzadki-kosmetyczka.png\" \/>\n\t<meta property=\"og:image:width\" content=\"1200\" \/>\n\t<meta property=\"og:image:height\" content=\"800\" \/>\n\t<meta property=\"og:image:type\" content=\"image\/png\" \/>\n<meta name=\"author\" content=\"Olga Pietraszewska\" \/>\n<meta name=\"twitter:label1\" content=\"Napisane przez\" \/>\n\t<meta name=\"twitter:data1\" content=\"Olga Pietraszewska\" \/>\n\t<meta name=\"twitter:label2\" content=\"Szacowany czas czytania\" \/>\n\t<meta name=\"twitter:data2\" content=\"9 minut\" \/>\n<script type=\"application\/ld+json\" class=\"yoast-schema-graph\">{\"@context\":\"https:\/\/schema.org\",\"@graph\":[{\"@type\":\"Article\",\"@id\":\"https:\/\/triny.pl\/blog\/wiosenne-porzadki-w-kosmetyczce\/#article\",\"isPartOf\":{\"@id\":\"https:\/\/triny.pl\/blog\/wiosenne-porzadki-w-kosmetyczce\/\"},\"author\":{\"name\":\"Olga Pietraszewska\",\"@id\":\"https:\/\/triny.pl\/blog\/#\/schema\/person\/627fca485014bc94ba34ced7dc5dd756\"},\"headline\":\"Wiosenne porz\u0105dki w kosmetyczce\",\"datePublished\":\"2023-03-24T07:54:00+00:00\",\"dateModified\":\"2023-03-24T08:03:13+00:00\",\"mainEntityOfPage\":{\"@id\":\"https:\/\/triny.pl\/blog\/wiosenne-porzadki-w-kosmetyczce\/\"},\"wordCount\":1807,\"commentCount\":1,\"publisher\":{\"@id\":\"https:\/\/triny.pl\/blog\/#organization\"},\"keywords\":[\"piel\u0119gnacja wiosn\u0105\"],\"articleSection\":[\"Naturalna piel\u0119gnacja w\u0142os\u00f3w\",\"Piel\u0119gnacja cia\u0142a - naturalnie\",\"Piel\u0119gnacja twarzy naturalnie\"],\"inLanguage\":\"pl-PL\",\"potentialAction\":[{\"@type\":\"CommentAction\",\"name\":\"Comment\",\"target\":[\"https:\/\/triny.pl\/blog\/wiosenne-porzadki-w-kosmetyczce\/#respond\"]}]},{\"@type\":\"WebPage\",\"@id\":\"https:\/\/triny.pl\/blog\/wiosenne-porzadki-w-kosmetyczce\/\",\"url\":\"https:\/\/triny.pl\/blog\/wiosenne-porzadki-w-kosmetyczce\/\",\"name\":\"Wiosenne porz\u0105dki w kosmetyczce\",\"isPartOf\":{\"@id\":\"https:\/\/triny.pl\/blog\/#website\"},\"datePublished\":\"2023-03-24T07:54:00+00:00\",\"dateModified\":\"2023-03-24T08:03:13+00:00\",\"description\":\"Czy nie s\u0105dzisz, \u017ce Twojej kosmetyczce dobrze by zrobi\u0142 wiosenny przegl\u0105d? Zebra\u0142am kilka porad, jak si\u0119 do tego zabra\u0107 :)\",\"breadcrumb\":{\"@id\":\"https:\/\/triny.pl\/blog\/wiosenne-porzadki-w-kosmetyczce\/#breadcrumb\"},\"inLanguage\":\"pl-PL\",\"potentialAction\":[{\"@type\":\"ReadAction\",\"target\":[\"https:\/\/triny.pl\/blog\/wiosenne-porzadki-w-kosmetyczce\/\"]}]},{\"@type\":\"BreadcrumbList\",\"@id\":\"https:\/\/triny.pl\/blog\/wiosenne-porzadki-w-kosmetyczce\/#breadcrumb\",\"itemListElement\":[{\"@type\":\"ListItem\",\"position\":1,\"name\":\"Strona g\u0142\u00f3wna\",\"item\":\"https:\/\/triny.pl\/blog\/\"},{\"@type\":\"ListItem\",\"position\":2,\"name\":\"Wiosenne porz\u0105dki w kosmetyczce\"}]},{\"@type\":\"WebSite\",\"@id\":\"https:\/\/triny.pl\/blog\/#website\",\"url\":\"https:\/\/triny.pl\/blog\/\",\"name\":\"Blog Triny.pl\",\"description\":\"Naturalna piel\u0119gnacja bez tajemnic! Pokazujemy jak dba\u0107 o cia\u0142o i w\u0142osy dla optymalnych, d\u0142ugotrwa\u0142ych efekt\u00f3w. Sprawd\u017a te ma\u0142o znane triki :)\",\"publisher\":{\"@id\":\"https:\/\/triny.pl\/blog\/#organization\"},\"potentialAction\":[{\"@type\":\"SearchAction\",\"target\":{\"@type\":\"EntryPoint\",\"urlTemplate\":\"https:\/\/triny.pl\/blog\/?s={search_term_string}\"},\"query-input\":\"required name=search_term_string\"}],\"inLanguage\":\"pl-PL\"},{\"@type\":\"Organization\",\"@id\":\"https:\/\/triny.pl\/blog\/#organization\",\"name\":\"Triny Sp. z o. o.\",\"url\":\"https:\/\/triny.pl\/blog\/\",\"logo\":{\"@type\":\"ImageObject\",\"inLanguage\":\"pl-PL\",\"@id\":\"https:\/\/triny.pl\/blog\/#\/schema\/logo\/image\/\",\"url\":\"https:\/\/triny.pl\/blog\/wp-content\/uploads\/2020\/08\/logo-triny.png\",\"contentUrl\":\"https:\/\/triny.pl\/blog\/wp-content\/uploads\/2020\/08\/logo-triny.png\",\"width\":190,\"height\":78,\"caption\":\"Triny Sp. z o. o.\"},\"image\":{\"@id\":\"https:\/\/triny.pl\/blog\/#\/schema\/logo\/image\/\"},\"sameAs\":[\"https:\/\/www.facebook.com\/trinysklep\",\"https:\/\/www.instagram.com\/trinysklep\/\",\"https:\/\/pl.pinterest.com\/trinypl\/_created\/\"]},{\"@type\":\"Person\",\"@id\":\"https:\/\/triny.pl\/blog\/#\/schema\/person\/627fca485014bc94ba34ced7dc5dd756\",\"name\":\"Olga Pietraszewska\",\"description\":\"Witaj! Nazywam si\u0119 Olga Pietraszewska. Jestem autork\u0105 bloga Makehappyday.com, pasjonatk\u0105 i propagatork\u0105 naturalnej piel\u0119gnacji oraz zdrowego stylu \u017cycia. Z wykszta\u0142cenia politolog, z zawodu dziennikarka i copywriterka. Je\u015bli akurat nie pisz\u0119, to najpewniej oddaj\u0119 si\u0119 roli \u017cony i mamy, czytam ksi\u0105\u017cki, piek\u0119 chleb, albo spaceruj\u0119, podziwiaj\u0105c malownicze okolice pi\u0119knej Norwegii.\",\"url\":\"https:\/\/triny.pl\/blog\/author\/olga-pietraszewska\/\"}]}<\/script>\n<!-- \/ Yoast SEO plugin. -->","yoast_head_json":{"title":"Wiosenne porz\u0105dki w kosmetyczce","description":"Czy nie s\u0105dzisz, \u017ce Twojej kosmetyczce dobrze by zrobi\u0142 wiosenny przegl\u0105d? Zebra\u0142am kilka porad, jak si\u0119 do tego zabra\u0107 :)","robots":{"index":"index","follow":"follow","max-snippet":"max-snippet:-1","max-image-preview":"max-image-preview:large","max-video-preview":"max-video-preview:-1"},"canonical":"https:\/\/triny.pl\/blog\/wiosenne-porzadki-w-kosmetyczce\/","og_locale":"pl_PL","og_type":"article","og_title":"Wiosenne porz\u0105dki w kosmetyczce","og_description":"Czy nie s\u0105dzisz, \u017ce Twojej kosmetyczce dobrze by zrobi\u0142 wiosenny przegl\u0105d? Zebra\u0142am kilka porad, jak si\u0119 do tego zabra\u0107 :)","og_url":"https:\/\/triny.pl\/blog\/wiosenne-porzadki-w-kosmetyczce\/","og_site_name":"Blog Triny.pl","article_publisher":"https:\/\/www.facebook.com\/trinysklep","article_published_time":"2023-03-24T07:54:00+00:00","article_modified_time":"2023-03-24T08:03:13+00:00","og_image":[{"width":1200,"height":800,"url":"https:\/\/triny.pl\/blog\/wp-content\/uploads\/2021\/03\/wiosenne-porzadki-kosmetyczka.png","type":"image\/png"}],"author":"Olga Pietraszewska","twitter_misc":{"Napisane przez":"Olga Pietraszewska","Szacowany czas czytania":"9 minut"},"schema":{"@context":"https:\/\/schema.org","@graph":[{"@type":"Article","@id":"https:\/\/triny.pl\/blog\/wiosenne-porzadki-w-kosmetyczce\/#article","isPartOf":{"@id":"https:\/\/triny.pl\/blog\/wiosenne-porzadki-w-kosmetyczce\/"},"author":{"name":"Olga Pietraszewska","@id":"https:\/\/triny.pl\/blog\/#\/schema\/person\/627fca485014bc94ba34ced7dc5dd756"},"headline":"Wiosenne porz\u0105dki w kosmetyczce","datePublished":"2023-03-24T07:54:00+00:00","dateModified":"2023-03-24T08:03:13+00:00","mainEntityOfPage":{"@id":"https:\/\/triny.pl\/blog\/wiosenne-porzadki-w-kosmetyczce\/"},"wordCount":1807,"commentCount":1,"publisher":{"@id":"https:\/\/triny.pl\/blog\/#organization"},"keywords":["piel\u0119gnacja wiosn\u0105"],"articleSection":["Naturalna piel\u0119gnacja w\u0142os\u00f3w","Piel\u0119gnacja cia\u0142a - naturalnie","Piel\u0119gnacja twarzy naturalnie"],"inLanguage":"pl-PL","potentialAction":[{"@type":"CommentAction","name":"Comment","target":["https:\/\/triny.pl\/blog\/wiosenne-porzadki-w-kosmetyczce\/#respond"]}]},{"@type":"WebPage","@id":"https:\/\/triny.pl\/blog\/wiosenne-porzadki-w-kosmetyczce\/","url":"https:\/\/triny.pl\/blog\/wiosenne-porzadki-w-kosmetyczce\/","name":"Wiosenne porz\u0105dki w kosmetyczce","isPartOf":{"@id":"https:\/\/triny.pl\/blog\/#website"},"datePublished":"2023-03-24T07:54:00+00:00","dateModified":"2023-03-24T08:03:13+00:00","description":"Czy nie s\u0105dzisz, \u017ce Twojej kosmetyczce dobrze by zrobi\u0142 wiosenny przegl\u0105d? Zebra\u0142am kilka porad, jak si\u0119 do tego zabra\u0107 :)","breadcrumb":{"@id":"https:\/\/triny.pl\/blog\/wiosenne-porzadki-w-kosmetyczce\/#breadcrumb"},"inLanguage":"pl-PL","potentialAction":[{"@type":"ReadAction","target":["https:\/\/triny.pl\/blog\/wiosenne-porzadki-w-kosmetyczce\/"]}]},{"@type":"BreadcrumbList","@id":"https:\/\/triny.pl\/blog\/wiosenne-porzadki-w-kosmetyczce\/#breadcrumb","itemListElement":[{"@type":"ListItem","position":1,"name":"Strona g\u0142\u00f3wna","item":"https:\/\/triny.pl\/blog\/"},{"@type":"ListItem","position":2,"name":"Wiosenne porz\u0105dki w kosmetyczce"}]},{"@type":"WebSite","@id":"https:\/\/triny.pl\/blog\/#website","url":"https:\/\/triny.pl\/blog\/","name":"Blog Triny.pl","description":"Naturalna piel\u0119gnacja bez tajemnic! Pokazujemy jak dba\u0107 o cia\u0142o i w\u0142osy dla optymalnych, d\u0142ugotrwa\u0142ych efekt\u00f3w. Sprawd\u017a te ma\u0142o znane triki :)","publisher":{"@id":"https:\/\/triny.pl\/blog\/#organization"},"potentialAction":[{"@type":"SearchAction","target":{"@type":"EntryPoint","urlTemplate":"https:\/\/triny.pl\/blog\/?s={search_term_string}"},"query-input":"required name=search_term_string"}],"inLanguage":"pl-PL"},{"@type":"Organization","@id":"https:\/\/triny.pl\/blog\/#organization","name":"Triny Sp. z o. o.","url":"https:\/\/triny.pl\/blog\/","logo":{"@type":"ImageObject","inLanguage":"pl-PL","@id":"https:\/\/triny.pl\/blog\/#\/schema\/logo\/image\/","url":"https:\/\/triny.pl\/blog\/wp-content\/uploads\/2020\/08\/logo-triny.png","contentUrl":"https:\/\/triny.pl\/blog\/wp-content\/uploads\/2020\/08\/logo-triny.png","width":190,"height":78,"caption":"Triny Sp. z o. o."},"image":{"@id":"https:\/\/triny.pl\/blog\/#\/schema\/logo\/image\/"},"sameAs":["https:\/\/www.facebook.com\/trinysklep","https:\/\/www.instagram.com\/trinysklep\/","https:\/\/pl.pinterest.com\/trinypl\/_created\/"]},{"@type":"Person","@id":"https:\/\/triny.pl\/blog\/#\/schema\/person\/627fca485014bc94ba34ced7dc5dd756","name":"Olga Pietraszewska","description":"Witaj! Nazywam si\u0119 Olga Pietraszewska. Jestem autork\u0105 bloga Makehappyday.com, pasjonatk\u0105 i propagatork\u0105 naturalnej piel\u0119gnacji oraz zdrowego stylu \u017cycia. Z wykszta\u0142cenia politolog, z zawodu dziennikarka i copywriterka. Je\u015bli akurat nie pisz\u0119, to najpewniej oddaj\u0119 si\u0119 roli \u017cony i mamy, czytam ksi\u0105\u017cki, piek\u0119 chleb, albo spaceruj\u0119, podziwiaj\u0105c malownicze okolice pi\u0119knej Norwegii.","url":"https:\/\/triny.pl\/blog\/author\/olga-pietraszewska\/"}]}},"voteUp":"18","voteDown":"0","authorInfo":{"photo":"https:\/\/triny.pl\/blog\/wp-content\/uploads\/2019\/03\/web-2-150x150.jpg","url":"https:\/\/triny.pl\/blog\/author\/olga-pietraszewska\/","name":"Olga Pietraszewska"},"media":{"full":"https:\/\/triny.pl\/blog\/wp-content\/uploads\/2021\/03\/wiosenne-porzadki-kosmetyczka.png","desktop":"https:\/\/triny.pl\/blog\/wp-content\/uploads\/2021\/03\/wiosenne-porzadki-kosmetyczka-505x250.png","mobile":"https:\/\/triny.pl\/blog\/wp-content\/uploads\/2021\/03\/wiosenne-porzadki-kosmetyczka-375x190.png"},"_links":{"self":[{"href":"https:\/\/triny.pl\/blog\/wp-json\/wp\/v2\/posts\/597"}],"collection":[{"href":"https:\/\/triny.pl\/blog\/wp-json\/wp\/v2\/posts"}],"about":[{"href":"https:\/\/triny.pl\/blog\/wp-json\/wp\/v2\/types\/post"}],"author":[{"embeddable":true,"href":"https:\/\/triny.pl\/blog\/wp-json\/wp\/v2\/users\/6"}],"replies":[{"embeddable":true,"href":"https:\/\/triny.pl\/blog\/wp-json\/wp\/v2\/comments?post=597"}],"version-history":[{"count":22,"href":"https:\/\/triny.pl\/blog\/wp-json\/wp\/v2\/posts\/597\/revisions"}],"predecessor-version":[{"id":26325,"href":"https:\/\/triny.pl\/blog\/wp-json\/wp\/v2\/posts\/597\/revisions\/26325"}],"wp:featuredmedia":[{"embeddable":true,"href":"https:\/\/triny.pl\/blog\/wp-json\/wp\/v2\/media\/19724"}],"wp:attachment":[{"href":"https:\/\/triny.pl\/blog\/wp-json\/wp\/v2\/media?parent=597"}],"wp:term":[{"taxonomy":"category","embeddable":true,"href":"https:\/\/triny.pl\/blog\/wp-json\/wp\/v2\/categories?post=597"},{"taxonomy":"post_tag","embeddable":true,"href":"https:\/\/triny.pl\/blog\/wp-json\/wp\/v2\/tags?post=597"}],"curies":[{"name":"wp","href":"https:\/\/api.w.org\/{rel}","templated":true}]}}