{"id":913,"date":"2022-09-08T09:13:00","date_gmt":"2022-09-08T07:13:00","guid":{"rendered":"https:\/\/triny.pl\/blog\/?p=913"},"modified":"2023-01-20T13:15:01","modified_gmt":"2023-01-20T12:15:01","slug":"regeneracja-skory-po-lecie-o-czym-pamietac-plan-pielegnacji","status":"publish","type":"post","link":"https:\/\/triny.pl\/blog\/regeneracja-skory-po-lecie-o-czym-pamietac-plan-pielegnacji\/","title":{"rendered":"Regeneracja sk\u00f3ry po lecie? O czym pami\u0119ta\u0107? Plan piel\u0119gnacji"},"content":{"rendered":"\n<p><span style=\"font-weight: 400;\"><meta charset=\"utf-8\"\/>Ze zniszczon\u0105 sk\u00f3r\u0105 po wakacjach mo\u017cna sobie poradzi\u0107. Zobacz jak szybko zregenerowa\u0107 sk\u00f3r\u0119 po wakacjach. Wybra\u0142am te\u017c kilka skutecznych kosmetyk\u00f3w.<\/span><\/p>\n\n\n\n<!--more-->\n\n\n\n<p>Latem i podczas wakacyjnych wyjazd\u00f3w<strong> Twoja sk\u00f3ra by\u0142a nara\u017cona na wiele niekorzystnie wp\u0142ywaj\u0105cych na jej wygl\u0105d i kondycj\u0119 czynnik\u00f3w zewn\u0119trznych.<\/strong> Tym, co mog\u0142o zaszkodzi\u0107 jej najbardziej jest z pewno\u015bci\u0105 promieniowanie UVA i UVB. To pierwsze przyczynia si\u0119 do szybszego fotostarzenia sk\u00f3ry, to drugie natomiast mo\u017ce powodowa\u0107 podra\u017cnienia, zaczerwienia i poparzenia s\u0142oneczne. Poza s\u0142o\u0144cem, na wygl\u0105d i zdrowie Twojej sk\u00f3ry wp\u0142yw mia\u0142y tak\u017ce wysokie temperatury, wiatr, s\u0142ona i chlorowowana woda, a tak\u017ce czynniki zwi\u0105zane z nieodpowiedni\u0105 diet\u0105 i zbyt ma\u0142ym nawodnieniem organizmu, o kt\u00f3re w ciep\u0142e, letnie dni nie trudno. Je\u015bli wi\u0119c widzisz, \u017ce <strong>Twoja sk\u00f3ra jest sucha, sw\u0119dzi i si\u0119 \u0142uszczy, brak jej j\u0119drno\u015bci i elastyczno\u015b\u0107, ma nier\u00f3wny koloryt, pojawi\u0142y si\u0119 na niej przebarwienia, a naczynka s\u0105 pop\u0119kane i rozszerzone<\/strong> to znak, \u017ce musisz jak najszybciej zadba\u0107 o jej odpowiedni\u0105 regeneracj\u0119. Co mo\u017cesz zrobi\u0107, aby przywr\u00f3ci\u0107 jej zdrowy i pi\u0119kny wygl\u0105d?<\/p>\n\n\n\n<h2 class=\"wp-block-heading\" id=\"skora-po-lecie-5-najczestszych-problemow\">Sk\u00f3ra po lecie: 5 najcz\u0119stszych problem\u00f3w<\/h2>\n\n\n\n<p><span style=\"font-weight: 400;\">Nawet je\u015bli przez ca\u0142e lato dba\u0142a\u015b o regularne nawil\u017canie sk\u00f3ry, stosowa\u0142a\u015b kremy z filtrami i peelingi, Twoja sk\u00f3ra mo\u017ce nie by\u0107 w dobrej kondycji. Najcz\u0119stsze problemy sk\u00f3ry po lecie, z kt\u00f3rymi by\u0107 mo\u017ce i Ty w\u0142a\u015bnie si\u0119 zmagasz, to:<\/span><\/p>\n\n\n\n<ol>\n<li><span style=\"font-weight: 400;\">Sucha i \u0142uszcz\u0105ca si\u0119 sk\u00f3ra.<\/span><\/li>\n\n\n\n<li><span style=\"font-weight: 400;\">Widoczna utrata j\u0119drno\u015bci i elastyczno\u015bci.<\/span><\/li>\n\n\n\n<li><span style=\"font-weight: 400;\">Przebarwienia i nier\u00f3wny koloryt.<\/span><\/li>\n\n\n\n<li><span style=\"font-weight: 400;\">Pop\u0119kane i rozszerzone naczynka.<\/span><\/li>\n\n\n\n<li><span style=\"font-weight: 400;\">Niepokoj\u0105ce znamiona.<\/span><\/li>\n<\/ol>\n\n\n\n<p><span style=\"font-weight: 400;\">Aby jak najszybciej Twoja sk\u00f3ra odzyska\u0142a zdrowy wygl\u0105d i by\u0142a w dobrej kondycji, powinna\u015b zacz\u0105\u0107 dzia\u0142a\u0107 szybko i skutecznie. Pomocny mo\u017ce si\u0119 okaza\u0107 plan piel\u0119gnacji i regeneracji sk\u00f3ry.<\/span><\/p>\n\n\n<div class=\"wp-block-image\">\n<figure class=\"aligncenter size-large\"><picture><source media=\"(max-width: 450px)\" data-srcset=\"https:\/\/triny.pl\/blog\/wp-content\/uploads\/2022\/09\/skora-po-lecie-375x256.jpeg\"><img data-src=\"https:\/\/triny.pl\/blog\/wp-content\/uploads\/2022\/09\/skora-po-lecie-684x468.jpeg\" class=\"wp-image-24554 lazyload\" alt=\"problemy sk\u00f3ry po lecie\"><\/picture><\/figure><\/div>\n\n\n<h2 class=\"wp-block-heading\" id=\"plan-pielegnacji-skory-po-wakacjach\">Plan piel\u0119gnacji sk\u00f3ry po wakacjach<\/h2>\n\n\n\n<p><span style=\"font-weight: 400;\">W zale\u017cno\u015bci od tego, z jakim problemami si\u0119 zmagasz, u\u0142\u00f3\u017c plan regeneracji sk\u00f3ry wed\u0142ug swoich potrzeb. Proponuj\u0119 jednak, aby\u015b uj\u0119\u0142a w nim peelingowanie, nawil\u017canie i od\u017cywianie sk\u00f3ry, wzmacnianie naczynek, rozja\u015bnianie przebarwie\u0144 i wizyt\u0119 u dermatologa.<\/span><\/p>\n\n\n\n<h3 class=\"wp-block-heading\" id=\"zacznij-od-peelingu\">Zacznij od peelingu<\/h3>\n\n\n\n<p>Pierwszym domowym zabiegiem, kt\u00f3ry u\u0142atwi Ci regeneracj\u0119 sk\u00f3ry po wakacjach jest peeling.<\/p>\n\n\n\n<p><meta charset=\"utf-8\"\/><span class=\"note\">Je\u015bli zale\u017cy Ci na \u0142adnym wygl\u0105dzie sk\u00f3ry, peeling jest tym zabiegiem, kt\u00f3rego nie mo\u017cesz pomin\u0105\u0107.<\/span><\/p>\n\n\n\n<p>Dlaczego? <strong>Podczas peelingu usuwasz ze sk\u00f3ry martwe kom\u00f3rki nask\u00f3rka.<\/strong> Je\u015bli nie robisz tego regularnie, sk\u00f3ra staje si\u0119 szara, sucha i matowa, mog\u0105 pojawia\u0107 si\u0119 na niej zask\u00f3rniki, pory si\u0119 zatykaj\u0105, rozwijaj\u0105 si\u0119 te\u017c \u0142uszcz\u0105ce stany zapalne. Podczas peelingu pobudzasz naturalny proces zrzucania kom\u00f3rek ze sk\u00f3ry i wspomagasz jej naturalne procesy regerenacyjne. Robisz pierwszy krok, aby Twoja sk\u00f3ra odzyska\u0142a g\u0142adko\u015b\u0107, mi\u0119kko\u015b\u0107, blask i mia\u0142a \u0142adny, wyr\u00f3wnany koloryt. Pozbywaj\u0105c si\u0119 nadmiaru kom\u00f3rek oraz zanieczyszcze\u0144 ze sk\u00f3ry (bo peeling pe\u0142ni r\u00f3wnie\u017c funkcje oczyszczaj\u0105ce) sprawisz te\u017c, \u017ce wszelkiego rodzaju <strong>olejki, balsamy i mas\u0142a do cia\u0142a b\u0119d\u0105 si\u0119 \u0142atwiej wch\u0142ania\u0107<\/strong> i przedostawa\u0107 do g\u0142\u0119bszych warstw sk\u00f3ry, dostarczaj\u0105c im niezb\u0119dne sk\u0142adniki od\u017cywcze i nawil\u017caj\u0105ce.&nbsp;<strong>Peeling jest wi\u0119c zabiegiem wprowadzaj\u0105cym do dalszych etap\u00f3w regeneracj sk\u00f3ry.<\/strong><\/p>\n\n\n\n<p><meta charset=\"utf-8\"\/><span class=\"note\">Zabieg z\u0142uszczania wykonuj w pocz\u0105tkowej fazie regeneracji sk\u00f3ry 1-2 razy w tygodniu.<\/span><\/p>\n\n\n\n<p>Do twarzy wybierz delikatny peeling enzymatyczny lub drobnoziarnisty peeling cukrowy. Do cia\u0142a natomiast wybierz peeling z du\u017c\u0105 ilo\u015bci\u0105 naturalnych olej\u00f3w i mase\u0142 w sk\u0142adzie, z drobinkami cukru, soli, zmielonych pestek, owoc\u00f3w albo zb\u00f3\u017c. Polecam&nbsp;<a href=\"https:\/\/triny.pl\/2685-gocranberry-cukrowy-peeling-do-ciala-z-maslem-shea-i-olejem-zurawinowym.html\">Cukrowy peeling do cia\u0142a z mas\u0142em shea i olejem \u017curawinowym<\/a>, w kt\u00f3rym znajduje si\u0119 spora dawka witaminy C i E.<\/p>\n\n\n\n<p>Zbawienny dla Twojej sk\u00f3ry mo\u017ce okaza\u0107 si\u0119 te\u017c masa\u017c wykonany przy pomocy&nbsp;<a href=\"https:\/\/triny.pl\/2555-tade-rekawica-kessa.html\">r\u0119kawicy Kessa<\/a>&nbsp;i&nbsp;<a href=\"https:\/\/triny.pl\/373-czarne-mydla\">czarnego myd\u0142a<\/a>. Z ich pomoc\u0105 usuniesz ze sk\u00f3ry martwy nask\u00f3rek i zb\u0119dne produkty przemiany materii, pobudzisz kom\u00f3rki do regeneracji, wyg\u0142adzisz i uj\u0119drnisz sk\u00f3r\u0119.<\/p>\n\n\n\n<p class=\"tip\">Zabieg z\u0142uszczania mo\u017cesz wspom\u00f3c te\u017c specjalnymi g\u0105bkami, myjkami, szczotkami, czy r\u0119kawicami do peelingu i mycia cia\u0142a.<\/p>\n\n\n\n<p><strong>To mo\u017ce Ci si\u0119 przyda\u0107:<\/strong><\/p>\n\n\n<section class=\"slider-collage-carousel\" data-id=\"11585, 11801, 2272, 2555, 5640\"><ul class=\"collage collage-slider\"><li class=\"item\"><a href=\"https:\/\/triny.pl\/11585-lale-kosmetyki-peeling-enzymatyczny-mango-papaya-ananas.html\" target=\"_blank\"><picture><source srcset=\"https:\/\/static.triny.pl\/img\/p\/1\/9\/2\/6\/1\/19261-thickbox_default.webp\"  type=\"image\/webp\"><source srcset=\"https:\/\/static.triny.pl\/img\/p\/1\/9\/2\/6\/1\/19261-thickbox_default.jpg\"  type=\"image\/jpeg\"><img src=\"https:\/\/triny.pl\/blog\/wp-content\/themes\/triny\/assets\/img\/placeholder-600x600.png\" data-src=\"https:\/\/static.triny.pl\/img\/p\/1\/9\/2\/6\/1\/19261-thickbox_default.jpg\" class=\"tns-lazy-img\" alt=\"Peeling enzymatyczny: mango, papaya, ananas\"><\/picture><div class=\"brand\">La-Le Kosmetyki<\/div><div class=\"title\">Peeling enzymatyczny: mango, papaya, ananas<\/div><\/a><a class=\"slider-collage-carousel__btn read-more-button\" href=\"https:\/\/triny.pl\/11585-lale-kosmetyki-peeling-enzymatyczny-mango-papaya-ananas.html\" target=\"_blank\">Zobacz<\/a><\/li><li class=\"item\"><a href=\"https:\/\/triny.pl\/2272-orientana-peeling-do-twarzy-o-kremowej-konsystencji-papaja-i-zenszen-indyjski-50-g.html\" target=\"_blank\"><picture><source srcset=\"https:\/\/static.triny.pl\/img\/p\/2\/1\/7\/0\/5\/21705-thickbox_default.webp\"  type=\"image\/webp\"><source srcset=\"https:\/\/static.triny.pl\/img\/p\/2\/1\/7\/0\/5\/21705-thickbox_default.jpg\"  type=\"image\/jpeg\"><img src=\"https:\/\/triny.pl\/blog\/wp-content\/themes\/triny\/assets\/img\/placeholder-600x600.png\" data-src=\"https:\/\/static.triny.pl\/img\/p\/2\/1\/7\/0\/5\/21705-thickbox_default.jpg\" class=\"tns-lazy-img\" alt=\"Kremowy peeling do twarzy &#8211; Papaja i \u017ce\u0144sze\u0144 indyjski\"><\/picture><div class=\"brand\">Orientana<\/div><div class=\"title\">Kremowy peeling do twarzy &#8211; Papaja i \u017ce\u0144sze\u0144 indyjski<\/div><\/a><a class=\"slider-collage-carousel__btn read-more-button\" href=\"https:\/\/triny.pl\/2272-orientana-peeling-do-twarzy-o-kremowej-konsystencji-papaja-i-zenszen-indyjski-50-g.html\" target=\"_blank\">Zobacz<\/a><\/li><\/ul><\/section>\n\n\n\n<h3 class=\"wp-block-heading\" id=\"nakarm-skore-witaminami-i-zadbaj-o-jej-nawilzenie\"><b><meta charset=\"utf-8\"\/>Nakarm sk\u00f3r\u0119 witaminami i zadbaj o jej nawil\u017cenie<\/b><\/h3>\n\n\n\n<p>Po oczyszczeniu sk\u00f3ry z martwego nask\u00f3rka, czas na <strong>dostarczenie jej niezb\u0119dnych substancji od\u017cywczych i nawil\u017caj\u0105cych,<\/strong> kt\u00f3re pomog\u0105 jej odzyska\u0107 mi\u0119kko\u015b\u0107, elastyczno\u015b\u0107 i blask oraz przyczyni\u0105 si\u0119 do jej szybkiej regeneracji. Tym, co Ci w tym pomo\u017ce s\u0105 kosmetyki: <strong>balsamy, mas\u0142a i kremy do cia\u0142a, oleje ro\u015blinne i stworzone na ich bazie olejki nawil\u017caj\u0105ce i od\u017cywcze, a tak\u017ce czyste mas\u0142a ro\u015blinne i dobrze zbilansowana dieta.<\/strong><\/p>\n\n\n\n<p>Zacznijmy jednak od kosmetyk\u00f3w.<\/p>\n\n\n\n<p class=\"tip\">Tym, czego Twoja sk\u00f3ra teraz najbardziej potrzebuje, jest przywr\u00f3cenie jej odpowiedniego poziomu nawil\u017cenia. W tym celu si\u0119gnij po balsamy, mas\u0142a i kremy do cia\u0142a, kt\u00f3re s\u0105 kompozycj\u0105 naturalnych sk\u0142adnik\u00f3w ro\u015blinnych i nie zawieraj\u0105 w sk\u0142adzie parafiny, olej\u00f3w mineralnych i silikon\u00f3w.<\/p>\n\n\n\n<p>Zwr\u00f3\u0107 jednak uwag\u0119 na to, aby znajdowa\u0142y si\u0119 w nich <strong>naturalne sk\u0142adniki nawil\u017caj\u0105ce i chroni\u0105ce sk\u00f3r\u0119 przed utrat\u0105 wilgoci.<\/strong> Najbardziej po\u017c\u0105dane s\u0105 teraz <strong>aloes, mocznik, \u017cel hialuronow<\/strong>y &#8211; czyli substancje nawil\u017caj\u0105ce oraz <strong>oleje ro\u015blinne:<\/strong> arganowy, ze s\u0142odkich migda\u0142\u00f3w, z kie\u0142k\u00f3w pszenicy, lniany itd., kt\u00f3re utworz\u0105 na sk\u00f3rze film ochronny i zapobiegn\u0105 utracie wody z nask\u00f3rka. Mo\u017cesz stosowa\u0107 je zamiennie z czystymi olejami ro\u015blinnymi, kt\u00f3re aplikowane na jeszcze wilgotn\u0105 po k\u0105pieli sk\u00f3r\u0119, przenikaj\u0105 do jej g\u0142\u0119bszych warstw i dostarczaj\u0105 cenne witaminy, kwasy t\u0142uszczowe i sk\u0142adniki niezb\u0119dne w odbudowie uszkodzonych kom\u00f3rek sk\u00f3ry. A je\u015bli zmagasz si\u0119 z bardzo such\u0105 sk\u00f3r\u0105, pomy\u015bl o jej nat\u0142uszczaniu, w czym pomocne b\u0119d\u0105 <strong>mas\u0142a ro\u015blinne,<\/strong> takie jak mas\u0142o shea, czy mas\u0142o kakaowe.<\/p>\n\n\n\n<p class=\"tip\">W ten sam spos\u00f3b post\u0119puj ze sk\u00f3r\u0105 na twarzy, wybieraj\u0105c kremy i sera, kt\u00f3re zawieraj\u0105 wspomniane substancje nawil\u017caj\u0105ce, a olejki stosuj w duecie z ro\u015blinnymi hydrolatami.<\/p>\n\n\n\n<p><strong>To mo\u017ce Ci si\u0119 przyda\u0107:<\/strong><\/p>\n\n\n<section class=\"slider-collage-carousel\" data-id=\"4189, 3104, 12579, 12505, 8535, 8272, 11729\"><ul class=\"collage collage-slider\"><li class=\"item\"><a href=\"https:\/\/triny.pl\/4189-holika-holika-aloe-99-soothing-gel-zel-aloesowy.html\" target=\"_blank\"><picture><source srcset=\"https:\/\/static.triny.pl\/img\/p\/5\/3\/5\/0\/5350-thickbox_default.webp\"  type=\"image\/webp\"><source srcset=\"https:\/\/static.triny.pl\/img\/p\/5\/3\/5\/0\/5350-thickbox_default.jpg\"  type=\"image\/jpeg\"><img src=\"https:\/\/triny.pl\/blog\/wp-content\/themes\/triny\/assets\/img\/placeholder-600x600.png\" data-src=\"https:\/\/static.triny.pl\/img\/p\/5\/3\/5\/0\/5350-thickbox_default.jpg\" class=\"tns-lazy-img\" alt=\"\u017bel aloesowy &#8211; Aloe 99% Soothing Gel\"><\/picture><div class=\"brand\">Holika Holika<\/div><div class=\"title\">\u017bel aloesowy &#8211; Aloe 99% Soothing Gel<\/div><\/a><a class=\"slider-collage-carousel__btn read-more-button\" href=\"https:\/\/triny.pl\/4189-holika-holika-aloe-99-soothing-gel-zel-aloesowy.html\" target=\"_blank\">Zobacz<\/a><\/li><li class=\"item\"><a href=\"https:\/\/triny.pl\/12579-altruist-dry-skin-repair-cream-regenerujacy-krem-do-skory-suchej-z-10-mocznikiem.html\" target=\"_blank\"><picture><source srcset=\"https:\/\/static.triny.pl\/img\/p\/2\/0\/7\/0\/7\/20707-thickbox_default.webp\"  type=\"image\/webp\"><source srcset=\"https:\/\/static.triny.pl\/img\/p\/2\/0\/7\/0\/7\/20707-thickbox_default.jpg\"  type=\"image\/jpeg\"><img src=\"https:\/\/triny.pl\/blog\/wp-content\/themes\/triny\/assets\/img\/placeholder-600x600.png\" data-src=\"https:\/\/static.triny.pl\/img\/p\/2\/0\/7\/0\/7\/20707-thickbox_default.jpg\" class=\"tns-lazy-img\" alt=\"Dry Skin Repair Cream &#8211; regeneruj\u0105cy krem do sk\u00f3ry suchej z 10% mocznikiem\"><\/picture><div class=\"brand\">Altruist<\/div><div class=\"title\">Dry Skin Repair Cream &#8211; regeneruj\u0105cy krem do sk\u00f3ry suchej z 10% mocznikiem<\/div><\/a><a class=\"slider-collage-carousel__btn read-more-button\" href=\"https:\/\/triny.pl\/12579-altruist-dry-skin-repair-cream-regenerujacy-krem-do-skory-suchej-z-10-mocznikiem.html\" target=\"_blank\">Zobacz<\/a><\/li><li class=\"item\"><a href=\"https:\/\/triny.pl\/8535-nowa-kosmetyka-serum-do-twarzy-rownowaga-w-plynie.html\" target=\"_blank\"><picture><source srcset=\"https:\/\/static.triny.pl\/img\/p\/1\/5\/8\/3\/4\/15834-thickbox_default.webp\"  type=\"image\/webp\"><source srcset=\"https:\/\/static.triny.pl\/img\/p\/1\/5\/8\/3\/4\/15834-thickbox_default.jpg\"  type=\"image\/jpeg\"><img src=\"https:\/\/triny.pl\/blog\/wp-content\/themes\/triny\/assets\/img\/placeholder-600x600.png\" data-src=\"https:\/\/static.triny.pl\/img\/p\/1\/5\/8\/3\/4\/15834-thickbox_default.jpg\" class=\"tns-lazy-img\" alt=\"Serum do twarzy &#8211; R\u00f3wnowaga w p\u0142ynie\"><\/picture><div class=\"brand\">Nowa Kosmetyka<\/div><div class=\"title\">Serum do twarzy &#8211; R\u00f3wnowaga w p\u0142ynie<\/div><\/a><a class=\"slider-collage-carousel__btn read-more-button\" href=\"https:\/\/triny.pl\/8535-nowa-kosmetyka-serum-do-twarzy-rownowaga-w-plynie.html\" target=\"_blank\">Zobacz<\/a><\/li><li class=\"item\"><a href=\"https:\/\/triny.pl\/8272-e-fiore-balsam-do-ciala-zmiekczajaco-nawilzajacy.html\" target=\"_blank\"><picture><source srcset=\"https:\/\/static.triny.pl\/img\/p\/1\/3\/5\/9\/4\/13594-thickbox_default.webp\"  type=\"image\/webp\"><source srcset=\"https:\/\/static.triny.pl\/img\/p\/1\/3\/5\/9\/4\/13594-thickbox_default.jpg\"  type=\"image\/jpeg\"><img src=\"https:\/\/triny.pl\/blog\/wp-content\/themes\/triny\/assets\/img\/placeholder-600x600.png\" data-src=\"https:\/\/static.triny.pl\/img\/p\/1\/3\/5\/9\/4\/13594-thickbox_default.jpg\" class=\"tns-lazy-img\" alt=\"Balsam do cia\u0142a zmi\u0119kczaj\u0105co-nawil\u017caj\u0105cy\"><\/picture><div class=\"brand\">E-FIORE<\/div><div class=\"title\">Balsam do cia\u0142a zmi\u0119kczaj\u0105co-nawil\u017caj\u0105cy<\/div><\/a><a class=\"slider-collage-carousel__btn read-more-button\" href=\"https:\/\/triny.pl\/8272-e-fiore-balsam-do-ciala-zmiekczajaco-nawilzajacy.html\" target=\"_blank\">Zobacz<\/a><\/li><li class=\"item\"><a href=\"https:\/\/triny.pl\/11729-biolaven-maseczka-calonocna-do-twarzy.html\" target=\"_blank\"><picture><source srcset=\"https:\/\/static.triny.pl\/img\/p\/2\/2\/2\/9\/1\/22291-thickbox_default.webp\"  type=\"image\/webp\"><source srcset=\"https:\/\/static.triny.pl\/img\/p\/2\/2\/2\/9\/1\/22291-thickbox_default.jpg\"  type=\"image\/jpeg\"><img src=\"https:\/\/triny.pl\/blog\/wp-content\/themes\/triny\/assets\/img\/placeholder-600x600.png\" data-src=\"https:\/\/static.triny.pl\/img\/p\/2\/2\/2\/9\/1\/22291-thickbox_default.jpg\" class=\"tns-lazy-img\" alt=\"Maseczka ca\u0142onocna do twarzy\"><\/picture><div class=\"brand\">Biolaven<\/div><div class=\"title\">Maseczka ca\u0142onocna do twarzy<\/div><\/a><a class=\"slider-collage-carousel__btn read-more-button\" href=\"https:\/\/triny.pl\/11729-biolaven-maseczka-calonocna-do-twarzy.html\" target=\"_blank\">Zobacz<\/a><\/li><\/ul><\/section>\n\n\n\n<p>Tym, o co powinna\u015b zadba\u0107 w kwestii diety, to <strong>wprowadzenie do jad\u0142ospisu jak najwi\u0119kszej ilo\u015bci warzyw i owoc\u00f3w bogatych w witaminy i sk\u0142adniki mineralne.<\/strong> Jedz te\u017c produkty bogate w zdrowe t\u0142uszcze ro\u015blinne, takie jak siemi\u0119 lniane, pestki dyni i s\u0142onecznika, nie zapomnij te\u017c o p\u0142atkach owsianych i kaszach. Bardzo wa\u017cne jest, \u017ceby odpowiednio nawadnia\u0107 organizm, co ma wp\u0142yw na nawil\u017cenie sk\u00f3ry. Dlatego codziennie staraj si\u0119 wypija\u0107 min. 2 litry wody.<\/p>\n\n\n\n<h3 class=\"wp-block-heading\" id=\"wzmacnianie-naczynek\"><b>Wzmacnianie naczynek<\/b><\/h3>\n\n\n\n<p><meta charset=\"utf-8\"\/><strong>Aby wzmocni\u0107 naczynka, pozby\u0107 si\u0119 paj\u0105czk\u00f3w i z\u0142agodzi\u0107 zaczerwienienie sk\u00f3ry<\/strong> si\u0119gnij po kosmetyki&nbsp;bogate w witaminy C, K i PP, rutyn\u0119, wyci\u0105gi z mi\u0142orz\u0105bu japo\u0144skiego, arniki g\u00f3rskiej, zielonej herbaty, oczaru wirginijskiego i kasztanowca oraz te, w sk\u0142adzie kt\u00f3rych znajdziesz olej z dzikiej r\u00f3\u017cy, olej z pachnotki, orzecha laskowego i olej rokitnikowy. Stosuj te\u017c \u0142agodz\u0105ce hydrolaty z nie\u015bmiertelnika i oczaru wirginijskiego oraz maseczk\u0119 z glinki czerwonej. <\/p>\n\n\n\n<p><b>Kosmetyki do cery naczynkowej, kt\u00f3re polecam Twojej uwadze:<\/b><\/p>\n\n\n<section class=\"slider-collage-carousel\" data-id=\"2676, 1924, 7993, 11742, 11788, 12657, 12711\"><ul class=\"collage collage-slider\"><li class=\"item\"><a href=\"https:\/\/triny.pl\/2676-nacomi-naturalna-glinka-czerwona-o-dzialaniu-oczyszczajacym-i-wyrownujacym-koloryt.html\" target=\"_blank\"><picture><source srcset=\"https:\/\/static.triny.pl\/img\/p\/6\/3\/8\/9\/6389-thickbox_default.webp\"  type=\"image\/webp\"><source srcset=\"https:\/\/static.triny.pl\/img\/p\/6\/3\/8\/9\/6389-thickbox_default.jpg\"  type=\"image\/jpeg\"><img src=\"https:\/\/triny.pl\/blog\/wp-content\/themes\/triny\/assets\/img\/placeholder-600x600.png\" data-src=\"https:\/\/static.triny.pl\/img\/p\/6\/3\/8\/9\/6389-thickbox_default.jpg\" class=\"tns-lazy-img\" alt=\"Naturalna glinka czerwona wyr\u00f3wnuj\u0105ca koloryt\"><\/picture><div class=\"brand\">Nacomi<\/div><div class=\"title\">Naturalna glinka czerwona wyr\u00f3wnuj\u0105ca koloryt<\/div><\/a><a class=\"slider-collage-carousel__btn read-more-button\" href=\"https:\/\/triny.pl\/2676-nacomi-naturalna-glinka-czerwona-o-dzialaniu-oczyszczajacym-i-wyrownujacym-koloryt.html\" target=\"_blank\">Zobacz<\/a><\/li><li class=\"item\"><a href=\"https:\/\/triny.pl\/11742-purite-oleum-zdrowe-naczynka.html\" target=\"_blank\"><picture><source srcset=\"https:\/\/static.triny.pl\/img\/p\/1\/9\/1\/9\/6\/19196-thickbox_default.webp\"  type=\"image\/webp\"><source srcset=\"https:\/\/static.triny.pl\/img\/p\/1\/9\/1\/9\/6\/19196-thickbox_default.jpg\"  type=\"image\/jpeg\"><img src=\"https:\/\/triny.pl\/blog\/wp-content\/themes\/triny\/assets\/img\/placeholder-600x600.png\" data-src=\"https:\/\/static.triny.pl\/img\/p\/1\/9\/1\/9\/6\/19196-thickbox_default.jpg\" class=\"tns-lazy-img\" alt=\"Oleum Zdrowe Naczynka\"><\/picture><div class=\"brand\">Purite<\/div><div class=\"title\">Oleum Zdrowe Naczynka<\/div><\/a><a class=\"slider-collage-carousel__btn read-more-button\" href=\"https:\/\/triny.pl\/11742-purite-oleum-zdrowe-naczynka.html\" target=\"_blank\">Zobacz<\/a><\/li><li class=\"item\"><a href=\"https:\/\/triny.pl\/12711-transparent-lab-super-c-serum-serum-z-witamina-c-5-i-kwasem-hialuronowym.html\" target=\"_blank\"><picture><source srcset=\"https:\/\/static.triny.pl\/img\/p\/2\/0\/9\/0\/0\/20900-thickbox_default.webp\"  type=\"image\/webp\"><source srcset=\"https:\/\/static.triny.pl\/img\/p\/2\/0\/9\/0\/0\/20900-thickbox_default.jpg\"  type=\"image\/jpeg\"><img src=\"https:\/\/triny.pl\/blog\/wp-content\/themes\/triny\/assets\/img\/placeholder-600x600.png\" data-src=\"https:\/\/static.triny.pl\/img\/p\/2\/0\/9\/0\/0\/20900-thickbox_default.jpg\" class=\"tns-lazy-img\" alt=\"Super C Serum &#8211; Serum z witamin\u0105 C 5% I kwasem hialuronowym\"><\/picture><div class=\"brand\">Transparent Lab<\/div><div class=\"title\">Super C Serum &#8211; Serum z witamin\u0105 C 5% I kwasem hialuronowym<\/div><\/a><a class=\"slider-collage-carousel__btn read-more-button\" href=\"https:\/\/triny.pl\/12711-transparent-lab-super-c-serum-serum-z-witamina-c-5-i-kwasem-hialuronowym.html\" target=\"_blank\">Zobacz<\/a><\/li><\/ul><\/section>\n\n\n\n<h3 class=\"wp-block-heading\" id=\"rozjasnianie-przebarwien\"><b>Rozja\u015bnianie przebarwie\u0144<\/b><\/h3>\n\n\n\n<p><span style=\"font-weight: 400;\">O ile przywr\u00f3cenie odpowiedniego poziomu nawil\u017cenia i dostarczenie sk\u00f3rze sk\u0142adnik\u00f3w od\u017cywczych, kt\u00f3re szybko przywr\u00f3c\u0105 jej zdrowy wygl\u0105d nie powinno trwa\u0107 d\u0142ugo, to ju\u017c rozja\u015bnianie i usuwanie przebarwie\u0144 mo\u017ce trwa\u0107 znacznie d\u0142u\u017cej. <\/span><\/p>\n\n\n\n<p class=\"tip\"><span style=\"font-weight: 400;\">Chc\u0105c domowymi sposobami rozja\u015bni\u0107 przebarwienia i wyr\u00f3wna\u0107 koloryt sk\u00f3ry, wykonuj regularny peeling i w\u0142\u0105cz do piel\u0119gnacji kosmetyki z du\u017c\u0105 zawarto\u015bci\u0105 witaminy C. <\/span><\/p>\n\n\n\n<p><b>Poza kosmetykami z witamin\u0105 C, polecam te\u017c<\/b> hydrolat z czystka oraz olej arganowy oraz z og\u00f3recznika. <span style=\"font-weight: 400;\">Pomocne mog\u0105 by\u0107 te\u017c olejki eteryczne, np. <a href=\"https:\/\/triny.pl\/2640-etja-naturalny-olejek-eteryczny-cytrynowy.html\">olejek cytrynowy<\/a>, kt\u00f3ry mo\u017cesz po\u0142\u0105czy\u0107 z ulubionym olejem ro\u015blinnym i stosowa\u0107 do masa\u017cu ca\u0142ego cia\u0142a. <\/span><\/p>\n\n\n\n<p><strong>Tym, co do rozja\u015bniania przebarwie\u0144 na pewno mo\u017ce Ci si\u0119 przyda\u0107 s\u0105<\/strong>:<\/p>\n\n\n<section class=\"slider-collage-carousel\" data-id=\"2798, 2272, 11876, 11845, 9312, 11788, 3218, 11528\"><ul class=\"collage collage-slider\"><li class=\"item\"><a href=\"https:\/\/triny.pl\/2798-orientana-bio-serum-do-twarzy-witamina-c-i-morwa.html\" target=\"_blank\"><picture><source srcset=\"https:\/\/static.triny.pl\/img\/p\/1\/9\/0\/9\/5\/19095-thickbox_default.webp\"  type=\"image\/webp\"><source srcset=\"https:\/\/static.triny.pl\/img\/p\/1\/9\/0\/9\/5\/19095-thickbox_default.jpg\"  type=\"image\/jpeg\"><img src=\"https:\/\/triny.pl\/blog\/wp-content\/themes\/triny\/assets\/img\/placeholder-600x600.png\" data-src=\"https:\/\/static.triny.pl\/img\/p\/1\/9\/0\/9\/5\/19095-thickbox_default.jpg\" class=\"tns-lazy-img\" alt=\"BIO serum do twarzy &#8211; Witamina C i morwa\"><\/picture><div class=\"brand\">Orientana<\/div><div class=\"title\">BIO serum do twarzy &#8211; Witamina C i morwa<\/div><\/a><a class=\"slider-collage-carousel__btn read-more-button\" href=\"https:\/\/triny.pl\/2798-orientana-bio-serum-do-twarzy-witamina-c-i-morwa.html\" target=\"_blank\">Zobacz<\/a><\/li><li class=\"item\"><a href=\"https:\/\/triny.pl\/2272-orientana-peeling-do-twarzy-o-kremowej-konsystencji-papaja-i-zenszen-indyjski-50-g.html\" target=\"_blank\"><picture><source srcset=\"https:\/\/static.triny.pl\/img\/p\/2\/1\/7\/0\/5\/21705-thickbox_default.webp\"  type=\"image\/webp\"><source srcset=\"https:\/\/static.triny.pl\/img\/p\/2\/1\/7\/0\/5\/21705-thickbox_default.jpg\"  type=\"image\/jpeg\"><img src=\"https:\/\/triny.pl\/blog\/wp-content\/themes\/triny\/assets\/img\/placeholder-600x600.png\" data-src=\"https:\/\/static.triny.pl\/img\/p\/2\/1\/7\/0\/5\/21705-thickbox_default.jpg\" class=\"tns-lazy-img\" alt=\"Kremowy peeling do twarzy &#8211; Papaja i \u017ce\u0144sze\u0144 indyjski\"><\/picture><div class=\"brand\">Orientana<\/div><div class=\"title\">Kremowy peeling do twarzy &#8211; Papaja i \u017ce\u0144sze\u0144 indyjski<\/div><\/a><a class=\"slider-collage-carousel__btn read-more-button\" href=\"https:\/\/triny.pl\/2272-orientana-peeling-do-twarzy-o-kremowej-konsystencji-papaja-i-zenszen-indyjski-50-g.html\" target=\"_blank\">Zobacz<\/a><\/li><li class=\"item\"><a href=\"https:\/\/triny.pl\/11876-fluff-serum-booster-dwufazowe-witamina-c-i-kurkuma.html\" target=\"_blank\"><picture><source srcset=\"https:\/\/static.triny.pl\/img\/p\/1\/9\/4\/2\/5\/19425-thickbox_default.webp\"  type=\"image\/webp\"><source srcset=\"https:\/\/static.triny.pl\/img\/p\/1\/9\/4\/2\/5\/19425-thickbox_default.jpg\"  type=\"image\/jpeg\"><img src=\"https:\/\/triny.pl\/blog\/wp-content\/themes\/triny\/assets\/img\/placeholder-600x600.png\" data-src=\"https:\/\/static.triny.pl\/img\/p\/1\/9\/4\/2\/5\/19425-thickbox_default.jpg\" class=\"tns-lazy-img\" alt=\"Serum booster dwufazowe &#8211; witamina C i kurkuma &#8211; energia i roz\u015bwietlenie\"><\/picture><div class=\"brand\">Fluff<\/div><div class=\"title\">Serum booster dwufazowe &#8211; witamina C i kurkuma &#8211; energia i roz\u015bwietlenie<\/div><\/a><a class=\"slider-collage-carousel__btn read-more-button\" href=\"https:\/\/triny.pl\/11876-fluff-serum-booster-dwufazowe-witamina-c-i-kurkuma.html\" target=\"_blank\">Zobacz<\/a><\/li><li class=\"item\"><a href=\"https:\/\/triny.pl\/9312-la-le-kosmetyki-serum-booster-do-twarzy-z-bakuchiolem.html\" target=\"_blank\"><picture><source srcset=\"https:\/\/static.triny.pl\/img\/p\/1\/7\/4\/0\/2\/17402-thickbox_default.webp\"  type=\"image\/webp\"><source srcset=\"https:\/\/static.triny.pl\/img\/p\/1\/7\/4\/0\/2\/17402-thickbox_default.jpg\"  type=\"image\/jpeg\"><img src=\"https:\/\/triny.pl\/blog\/wp-content\/themes\/triny\/assets\/img\/placeholder-600x600.png\" data-src=\"https:\/\/static.triny.pl\/img\/p\/1\/7\/4\/0\/2\/17402-thickbox_default.jpg\" class=\"tns-lazy-img\" alt=\"Serum-booster do twarzy z bakuchiolem\"><\/picture><div class=\"brand\">La-Le Kosmetyki<\/div><div class=\"title\">Serum-booster do twarzy z bakuchiolem<\/div><\/a><a class=\"slider-collage-carousel__btn read-more-button\" href=\"https:\/\/triny.pl\/9312-la-le-kosmetyki-serum-booster-do-twarzy-z-bakuchiolem.html\" target=\"_blank\">Zobacz<\/a><\/li><li class=\"item\"><a href=\"https:\/\/triny.pl\/11528-apis-re-vit-c-esencja-z-witamina-c.html\" target=\"_blank\"><picture><source srcset=\"https:\/\/static.triny.pl\/img\/p\/2\/1\/0\/6\/3\/21063-thickbox_default.webp\"  type=\"image\/webp\"><source srcset=\"https:\/\/static.triny.pl\/img\/p\/2\/1\/0\/6\/3\/21063-thickbox_default.jpg\"  type=\"image\/jpeg\"><img src=\"https:\/\/triny.pl\/blog\/wp-content\/themes\/triny\/assets\/img\/placeholder-600x600.png\" data-src=\"https:\/\/static.triny.pl\/img\/p\/2\/1\/0\/6\/3\/21063-thickbox_default.jpg\" class=\"tns-lazy-img\" alt=\"RE-VIT C &#8211; esencja z 10% witamin\u0105 C\"><\/picture><div class=\"brand\">APIS<\/div><div class=\"title\">RE-VIT C &#8211; esencja z 10% witamin\u0105 C<\/div><\/a><a class=\"slider-collage-carousel__btn read-more-button\" href=\"https:\/\/triny.pl\/11528-apis-re-vit-c-esencja-z-witamina-c.html\" target=\"_blank\">Zobacz<\/a><\/li><\/ul><\/section>\n\n\n\n<h3 class=\"wp-block-heading\" id=\"wizyta-u-dermatologa\"><b>Wizyta u dermatologa<\/b><\/h3>\n\n\n\n<p><span style=\"font-weight: 400;\">By\u0107 mo\u017ce nie b\u0119dzie konieczna, ale je\u015bli zauwa\u017cysz na sk\u00f3rze niepokoj\u0105ce znamiona, to jak najszybciej um\u00f3w si\u0119 na wizyt\u0119 z dermatologiem. Chocia\u017c wi\u0119kszo\u015b\u0107 znamion nie jest niebezpieczna, to w\u015br\u00f3d nich mo\u017ce znale\u017a\u0107 si\u0119 to jedno, kt\u00f3re mo\u017ce by\u0107 zmian\u0105 chorobow\u0105.<\/span><\/p>\n\n\n\n<h2 class=\"wp-block-heading\" id=\"podsumowanie\"><strong>Podsumowanie<\/strong><\/h2>\n\n\n\n<p>Je\u015bli zale\u017cy Ci na naprawd\u0119 szybkiej i skutecznej regeneracji sk\u00f3ry, pami\u0119taj o systematycznym z\u0142uszczaniu, nawil\u017caniu po\u0142\u0105czonym z od\u017cywianiem i odpowiedniej diecie. Je\u015bli tylko odpowiednio si\u0119 do nich przy\u0142o\u017cysz i nie zapomnisz o regularno\u015bci, efekty pojawi\u0105 si\u0119 bardzo szybko i Twoja sk\u00f3ra odzyska \u015bwie\u017cy, \u0142adny i promienny wygl\u0105d.<\/p>\n\n\n\n<p><b>Czy po powrocie z wakacji Twoja sk\u00f3ra potrzebuje regeneracji? Z jakimi problemami si\u0119 zmagasz? Koniecznie daj zna\u0107, jakie masz sposoby na to, by szybko przywr\u00f3ci\u0107 sk\u00f3rze zdrowy wygl\u0105d.<\/b><\/p>\n","protected":false},"excerpt":{"rendered":"<p>Ze zniszczon\u0105 sk\u00f3r\u0105 po wakacjach mo\u017cna sobie poradzi\u0107. Zobacz jak szybko zregenerowa\u0107 sk\u00f3r\u0119 po wakacjach. Wybra\u0142am te\u017c kilka skutecznych kosmetyk\u00f3w.<\/p>\n","protected":false},"author":6,"featured_media":19817,"comment_status":"open","ping_status":"open","sticky":false,"template":"","format":"standard","meta":{"footnotes":""},"categories":[36,35],"tags":[8039],"acf":[],"yoast_head":"<!-- This site is optimized with the Yoast SEO plugin v21.1 - https:\/\/yoast.com\/wordpress\/plugins\/seo\/ -->\n<title>Regeneracja sk\u00f3ry po lecie? O czym pami\u0119ta\u0107? Plan piel\u0119gnacji<\/title>\n<meta name=\"description\" content=\"Po powrocie z wakacji warto zadba\u0107 o skuteczn\u0105 regeneracj\u0119 sk\u00f3ry. Od czego zacz\u0105\u0107? Plan piel\u0119gnacji, kt\u00f3ry dzia\u0142a na 5 popularnych problem\u00f3w.\" \/>\n<meta name=\"robots\" content=\"index, follow, max-snippet:-1, max-image-preview:large, max-video-preview:-1\" \/>\n<link rel=\"canonical\" href=\"https:\/\/triny.pl\/blog\/regeneracja-skory-po-lecie-o-czym-pamietac-plan-pielegnacji\/\" \/>\n<meta property=\"og:locale\" content=\"pl_PL\" \/>\n<meta property=\"og:type\" content=\"article\" \/>\n<meta property=\"og:title\" content=\"Regeneracja sk\u00f3ry po lecie? O czym pami\u0119ta\u0107? Plan piel\u0119gnacji\" \/>\n<meta property=\"og:description\" content=\"Po powrocie z wakacji warto zadba\u0107 o skuteczn\u0105 regeneracj\u0119 sk\u00f3ry. Od czego zacz\u0105\u0107? Plan piel\u0119gnacji, kt\u00f3ry dzia\u0142a na 5 popularnych problem\u00f3w.\" \/>\n<meta property=\"og:url\" content=\"https:\/\/triny.pl\/blog\/regeneracja-skory-po-lecie-o-czym-pamietac-plan-pielegnacji\/\" \/>\n<meta property=\"og:site_name\" content=\"Blog Triny.pl\" \/>\n<meta property=\"article:publisher\" content=\"https:\/\/www.facebook.com\/trinysklep\" \/>\n<meta property=\"article:published_time\" content=\"2022-09-08T07:13:00+00:00\" \/>\n<meta property=\"article:modified_time\" content=\"2023-01-20T12:15:01+00:00\" \/>\n<meta property=\"og:image\" content=\"https:\/\/triny.pl\/blog\/wp-content\/uploads\/2015\/08\/regeneracja-skory-po-lecie.jpeg\" \/>\n\t<meta property=\"og:image:width\" content=\"1200\" \/>\n\t<meta property=\"og:image:height\" content=\"800\" \/>\n\t<meta property=\"og:image:type\" content=\"image\/jpeg\" \/>\n<meta name=\"author\" content=\"Olga Pietraszewska\" \/>\n<meta name=\"twitter:label1\" content=\"Napisane przez\" \/>\n\t<meta name=\"twitter:data1\" content=\"Olga Pietraszewska\" \/>\n\t<meta name=\"twitter:label2\" content=\"Szacowany czas czytania\" \/>\n\t<meta name=\"twitter:data2\" content=\"9 minut\" \/>\n<script type=\"application\/ld+json\" class=\"yoast-schema-graph\">{\"@context\":\"https:\/\/schema.org\",\"@graph\":[{\"@type\":\"Article\",\"@id\":\"https:\/\/triny.pl\/blog\/regeneracja-skory-po-lecie-o-czym-pamietac-plan-pielegnacji\/#article\",\"isPartOf\":{\"@id\":\"https:\/\/triny.pl\/blog\/regeneracja-skory-po-lecie-o-czym-pamietac-plan-pielegnacji\/\"},\"author\":{\"name\":\"Olga Pietraszewska\",\"@id\":\"https:\/\/triny.pl\/blog\/#\/schema\/person\/627fca485014bc94ba34ced7dc5dd756\"},\"headline\":\"Regeneracja sk\u00f3ry po lecie? O czym pami\u0119ta\u0107? Plan piel\u0119gnacji\",\"datePublished\":\"2022-09-08T07:13:00+00:00\",\"dateModified\":\"2023-01-20T12:15:01+00:00\",\"mainEntityOfPage\":{\"@id\":\"https:\/\/triny.pl\/blog\/regeneracja-skory-po-lecie-o-czym-pamietac-plan-pielegnacji\/\"},\"wordCount\":1560,\"commentCount\":5,\"publisher\":{\"@id\":\"https:\/\/triny.pl\/blog\/#organization\"},\"keywords\":[\"piel\u0119gnacja jesieni\u0105\"],\"articleSection\":[\"Piel\u0119gnacja cia\u0142a - naturalnie\",\"Piel\u0119gnacja twarzy naturalnie\"],\"inLanguage\":\"pl-PL\",\"potentialAction\":[{\"@type\":\"CommentAction\",\"name\":\"Comment\",\"target\":[\"https:\/\/triny.pl\/blog\/regeneracja-skory-po-lecie-o-czym-pamietac-plan-pielegnacji\/#respond\"]}]},{\"@type\":\"WebPage\",\"@id\":\"https:\/\/triny.pl\/blog\/regeneracja-skory-po-lecie-o-czym-pamietac-plan-pielegnacji\/\",\"url\":\"https:\/\/triny.pl\/blog\/regeneracja-skory-po-lecie-o-czym-pamietac-plan-pielegnacji\/\",\"name\":\"Regeneracja sk\u00f3ry po lecie? O czym pami\u0119ta\u0107? Plan piel\u0119gnacji\",\"isPartOf\":{\"@id\":\"https:\/\/triny.pl\/blog\/#website\"},\"datePublished\":\"2022-09-08T07:13:00+00:00\",\"dateModified\":\"2023-01-20T12:15:01+00:00\",\"description\":\"Po powrocie z wakacji warto zadba\u0107 o skuteczn\u0105 regeneracj\u0119 sk\u00f3ry. Od czego zacz\u0105\u0107? Plan piel\u0119gnacji, kt\u00f3ry dzia\u0142a na 5 popularnych problem\u00f3w.\",\"breadcrumb\":{\"@id\":\"https:\/\/triny.pl\/blog\/regeneracja-skory-po-lecie-o-czym-pamietac-plan-pielegnacji\/#breadcrumb\"},\"inLanguage\":\"pl-PL\",\"potentialAction\":[{\"@type\":\"ReadAction\",\"target\":[\"https:\/\/triny.pl\/blog\/regeneracja-skory-po-lecie-o-czym-pamietac-plan-pielegnacji\/\"]}]},{\"@type\":\"BreadcrumbList\",\"@id\":\"https:\/\/triny.pl\/blog\/regeneracja-skory-po-lecie-o-czym-pamietac-plan-pielegnacji\/#breadcrumb\",\"itemListElement\":[{\"@type\":\"ListItem\",\"position\":1,\"name\":\"Strona g\u0142\u00f3wna\",\"item\":\"https:\/\/triny.pl\/blog\/\"},{\"@type\":\"ListItem\",\"position\":2,\"name\":\"Regeneracja sk\u00f3ry po lecie? O czym pami\u0119ta\u0107? Plan piel\u0119gnacji\"}]},{\"@type\":\"WebSite\",\"@id\":\"https:\/\/triny.pl\/blog\/#website\",\"url\":\"https:\/\/triny.pl\/blog\/\",\"name\":\"Blog Triny.pl\",\"description\":\"Naturalna piel\u0119gnacja bez tajemnic! Pokazujemy jak dba\u0107 o cia\u0142o i w\u0142osy dla optymalnych, d\u0142ugotrwa\u0142ych efekt\u00f3w. Sprawd\u017a te ma\u0142o znane triki :)\",\"publisher\":{\"@id\":\"https:\/\/triny.pl\/blog\/#organization\"},\"potentialAction\":[{\"@type\":\"SearchAction\",\"target\":{\"@type\":\"EntryPoint\",\"urlTemplate\":\"https:\/\/triny.pl\/blog\/?s={search_term_string}\"},\"query-input\":\"required name=search_term_string\"}],\"inLanguage\":\"pl-PL\"},{\"@type\":\"Organization\",\"@id\":\"https:\/\/triny.pl\/blog\/#organization\",\"name\":\"Triny Sp. z o. o.\",\"url\":\"https:\/\/triny.pl\/blog\/\",\"logo\":{\"@type\":\"ImageObject\",\"inLanguage\":\"pl-PL\",\"@id\":\"https:\/\/triny.pl\/blog\/#\/schema\/logo\/image\/\",\"url\":\"https:\/\/triny.pl\/blog\/wp-content\/uploads\/2020\/08\/logo-triny.png\",\"contentUrl\":\"https:\/\/triny.pl\/blog\/wp-content\/uploads\/2020\/08\/logo-triny.png\",\"width\":190,\"height\":78,\"caption\":\"Triny Sp. z o. o.\"},\"image\":{\"@id\":\"https:\/\/triny.pl\/blog\/#\/schema\/logo\/image\/\"},\"sameAs\":[\"https:\/\/www.facebook.com\/trinysklep\",\"https:\/\/www.instagram.com\/trinysklep\/\",\"https:\/\/pl.pinterest.com\/trinypl\/_created\/\"]},{\"@type\":\"Person\",\"@id\":\"https:\/\/triny.pl\/blog\/#\/schema\/person\/627fca485014bc94ba34ced7dc5dd756\",\"name\":\"Olga Pietraszewska\",\"description\":\"Witaj! Nazywam si\u0119 Olga Pietraszewska. Jestem autork\u0105 bloga Makehappyday.com, pasjonatk\u0105 i propagatork\u0105 naturalnej piel\u0119gnacji oraz zdrowego stylu \u017cycia. Z wykszta\u0142cenia politolog, z zawodu dziennikarka i copywriterka. Je\u015bli akurat nie pisz\u0119, to najpewniej oddaj\u0119 si\u0119 roli \u017cony i mamy, czytam ksi\u0105\u017cki, piek\u0119 chleb, albo spaceruj\u0119, podziwiaj\u0105c malownicze okolice pi\u0119knej Norwegii.\",\"url\":\"https:\/\/triny.pl\/blog\/author\/olga-pietraszewska\/\"}]}<\/script>\n<!-- \/ Yoast SEO plugin. -->","yoast_head_json":{"title":"Regeneracja sk\u00f3ry po lecie? O czym pami\u0119ta\u0107? Plan piel\u0119gnacji","description":"Po powrocie z wakacji warto zadba\u0107 o skuteczn\u0105 regeneracj\u0119 sk\u00f3ry. Od czego zacz\u0105\u0107? Plan piel\u0119gnacji, kt\u00f3ry dzia\u0142a na 5 popularnych problem\u00f3w.","robots":{"index":"index","follow":"follow","max-snippet":"max-snippet:-1","max-image-preview":"max-image-preview:large","max-video-preview":"max-video-preview:-1"},"canonical":"https:\/\/triny.pl\/blog\/regeneracja-skory-po-lecie-o-czym-pamietac-plan-pielegnacji\/","og_locale":"pl_PL","og_type":"article","og_title":"Regeneracja sk\u00f3ry po lecie? O czym pami\u0119ta\u0107? Plan piel\u0119gnacji","og_description":"Po powrocie z wakacji warto zadba\u0107 o skuteczn\u0105 regeneracj\u0119 sk\u00f3ry. Od czego zacz\u0105\u0107? Plan piel\u0119gnacji, kt\u00f3ry dzia\u0142a na 5 popularnych problem\u00f3w.","og_url":"https:\/\/triny.pl\/blog\/regeneracja-skory-po-lecie-o-czym-pamietac-plan-pielegnacji\/","og_site_name":"Blog Triny.pl","article_publisher":"https:\/\/www.facebook.com\/trinysklep","article_published_time":"2022-09-08T07:13:00+00:00","article_modified_time":"2023-01-20T12:15:01+00:00","og_image":[{"width":1200,"height":800,"url":"https:\/\/triny.pl\/blog\/wp-content\/uploads\/2015\/08\/regeneracja-skory-po-lecie.jpeg","type":"image\/jpeg"}],"author":"Olga Pietraszewska","twitter_misc":{"Napisane przez":"Olga Pietraszewska","Szacowany czas czytania":"9 minut"},"schema":{"@context":"https:\/\/schema.org","@graph":[{"@type":"Article","@id":"https:\/\/triny.pl\/blog\/regeneracja-skory-po-lecie-o-czym-pamietac-plan-pielegnacji\/#article","isPartOf":{"@id":"https:\/\/triny.pl\/blog\/regeneracja-skory-po-lecie-o-czym-pamietac-plan-pielegnacji\/"},"author":{"name":"Olga Pietraszewska","@id":"https:\/\/triny.pl\/blog\/#\/schema\/person\/627fca485014bc94ba34ced7dc5dd756"},"headline":"Regeneracja sk\u00f3ry po lecie? O czym pami\u0119ta\u0107? Plan piel\u0119gnacji","datePublished":"2022-09-08T07:13:00+00:00","dateModified":"2023-01-20T12:15:01+00:00","mainEntityOfPage":{"@id":"https:\/\/triny.pl\/blog\/regeneracja-skory-po-lecie-o-czym-pamietac-plan-pielegnacji\/"},"wordCount":1560,"commentCount":5,"publisher":{"@id":"https:\/\/triny.pl\/blog\/#organization"},"keywords":["piel\u0119gnacja jesieni\u0105"],"articleSection":["Piel\u0119gnacja cia\u0142a - naturalnie","Piel\u0119gnacja twarzy naturalnie"],"inLanguage":"pl-PL","potentialAction":[{"@type":"CommentAction","name":"Comment","target":["https:\/\/triny.pl\/blog\/regeneracja-skory-po-lecie-o-czym-pamietac-plan-pielegnacji\/#respond"]}]},{"@type":"WebPage","@id":"https:\/\/triny.pl\/blog\/regeneracja-skory-po-lecie-o-czym-pamietac-plan-pielegnacji\/","url":"https:\/\/triny.pl\/blog\/regeneracja-skory-po-lecie-o-czym-pamietac-plan-pielegnacji\/","name":"Regeneracja sk\u00f3ry po lecie? O czym pami\u0119ta\u0107? Plan piel\u0119gnacji","isPartOf":{"@id":"https:\/\/triny.pl\/blog\/#website"},"datePublished":"2022-09-08T07:13:00+00:00","dateModified":"2023-01-20T12:15:01+00:00","description":"Po powrocie z wakacji warto zadba\u0107 o skuteczn\u0105 regeneracj\u0119 sk\u00f3ry. Od czego zacz\u0105\u0107? Plan piel\u0119gnacji, kt\u00f3ry dzia\u0142a na 5 popularnych problem\u00f3w.","breadcrumb":{"@id":"https:\/\/triny.pl\/blog\/regeneracja-skory-po-lecie-o-czym-pamietac-plan-pielegnacji\/#breadcrumb"},"inLanguage":"pl-PL","potentialAction":[{"@type":"ReadAction","target":["https:\/\/triny.pl\/blog\/regeneracja-skory-po-lecie-o-czym-pamietac-plan-pielegnacji\/"]}]},{"@type":"BreadcrumbList","@id":"https:\/\/triny.pl\/blog\/regeneracja-skory-po-lecie-o-czym-pamietac-plan-pielegnacji\/#breadcrumb","itemListElement":[{"@type":"ListItem","position":1,"name":"Strona g\u0142\u00f3wna","item":"https:\/\/triny.pl\/blog\/"},{"@type":"ListItem","position":2,"name":"Regeneracja sk\u00f3ry po lecie? O czym pami\u0119ta\u0107? Plan piel\u0119gnacji"}]},{"@type":"WebSite","@id":"https:\/\/triny.pl\/blog\/#website","url":"https:\/\/triny.pl\/blog\/","name":"Blog Triny.pl","description":"Naturalna piel\u0119gnacja bez tajemnic! Pokazujemy jak dba\u0107 o cia\u0142o i w\u0142osy dla optymalnych, d\u0142ugotrwa\u0142ych efekt\u00f3w. Sprawd\u017a te ma\u0142o znane triki :)","publisher":{"@id":"https:\/\/triny.pl\/blog\/#organization"},"potentialAction":[{"@type":"SearchAction","target":{"@type":"EntryPoint","urlTemplate":"https:\/\/triny.pl\/blog\/?s={search_term_string}"},"query-input":"required name=search_term_string"}],"inLanguage":"pl-PL"},{"@type":"Organization","@id":"https:\/\/triny.pl\/blog\/#organization","name":"Triny Sp. z o. o.","url":"https:\/\/triny.pl\/blog\/","logo":{"@type":"ImageObject","inLanguage":"pl-PL","@id":"https:\/\/triny.pl\/blog\/#\/schema\/logo\/image\/","url":"https:\/\/triny.pl\/blog\/wp-content\/uploads\/2020\/08\/logo-triny.png","contentUrl":"https:\/\/triny.pl\/blog\/wp-content\/uploads\/2020\/08\/logo-triny.png","width":190,"height":78,"caption":"Triny Sp. z o. o."},"image":{"@id":"https:\/\/triny.pl\/blog\/#\/schema\/logo\/image\/"},"sameAs":["https:\/\/www.facebook.com\/trinysklep","https:\/\/www.instagram.com\/trinysklep\/","https:\/\/pl.pinterest.com\/trinypl\/_created\/"]},{"@type":"Person","@id":"https:\/\/triny.pl\/blog\/#\/schema\/person\/627fca485014bc94ba34ced7dc5dd756","name":"Olga Pietraszewska","description":"Witaj! Nazywam si\u0119 Olga Pietraszewska. Jestem autork\u0105 bloga Makehappyday.com, pasjonatk\u0105 i propagatork\u0105 naturalnej piel\u0119gnacji oraz zdrowego stylu \u017cycia. Z wykszta\u0142cenia politolog, z zawodu dziennikarka i copywriterka. Je\u015bli akurat nie pisz\u0119, to najpewniej oddaj\u0119 si\u0119 roli \u017cony i mamy, czytam ksi\u0105\u017cki, piek\u0119 chleb, albo spaceruj\u0119, podziwiaj\u0105c malownicze okolice pi\u0119knej Norwegii.","url":"https:\/\/triny.pl\/blog\/author\/olga-pietraszewska\/"}]}},"voteUp":"10","voteDown":"0","authorInfo":{"photo":"https:\/\/triny.pl\/blog\/wp-content\/uploads\/2019\/03\/web-2-150x150.jpg","url":"https:\/\/triny.pl\/blog\/author\/olga-pietraszewska\/","name":"Olga Pietraszewska"},"media":{"full":"https:\/\/triny.pl\/blog\/wp-content\/uploads\/2015\/08\/regeneracja-skory-po-lecie.jpeg","desktop":"https:\/\/triny.pl\/blog\/wp-content\/uploads\/2015\/08\/regeneracja-skory-po-lecie-505x250.jpeg","mobile":"https:\/\/triny.pl\/blog\/wp-content\/uploads\/2015\/08\/regeneracja-skory-po-lecie-375x190.jpeg"},"_links":{"self":[{"href":"https:\/\/triny.pl\/blog\/wp-json\/wp\/v2\/posts\/913"}],"collection":[{"href":"https:\/\/triny.pl\/blog\/wp-json\/wp\/v2\/posts"}],"about":[{"href":"https:\/\/triny.pl\/blog\/wp-json\/wp\/v2\/types\/post"}],"author":[{"embeddable":true,"href":"https:\/\/triny.pl\/blog\/wp-json\/wp\/v2\/users\/6"}],"replies":[{"embeddable":true,"href":"https:\/\/triny.pl\/blog\/wp-json\/wp\/v2\/comments?post=913"}],"version-history":[{"count":18,"href":"https:\/\/triny.pl\/blog\/wp-json\/wp\/v2\/posts\/913\/revisions"}],"predecessor-version":[{"id":25764,"href":"https:\/\/triny.pl\/blog\/wp-json\/wp\/v2\/posts\/913\/revisions\/25764"}],"wp:featuredmedia":[{"embeddable":true,"href":"https:\/\/triny.pl\/blog\/wp-json\/wp\/v2\/media\/19817"}],"wp:attachment":[{"href":"https:\/\/triny.pl\/blog\/wp-json\/wp\/v2\/media?parent=913"}],"wp:term":[{"taxonomy":"category","embeddable":true,"href":"https:\/\/triny.pl\/blog\/wp-json\/wp\/v2\/categories?post=913"},{"taxonomy":"post_tag","embeddable":true,"href":"https:\/\/triny.pl\/blog\/wp-json\/wp\/v2\/tags?post=913"}],"curies":[{"name":"wp","href":"https:\/\/api.w.org\/{rel}","templated":true}]}}