{"id":968,"date":"2015-09-01T09:02:57","date_gmt":"2015-09-01T07:02:57","guid":{"rendered":"https:\/\/triny.pl\/blog\/?p=968"},"modified":"2022-12-20T09:33:47","modified_gmt":"2022-12-20T08:33:47","slug":"naturalna-pielegnacja-z-chabrem-w-roli-glownej","status":"publish","type":"post","link":"https:\/\/triny.pl\/blog\/naturalna-pielegnacja-z-chabrem-w-roli-glownej\/","title":{"rendered":"Kosmetyki naturalne z chabrem w roli g\u0142\u00f3wnej"},"content":{"rendered":"\n<p>Kt\u00f3\u017c z nas nie lubi widoku chabr\u00f3w w zbo\u017cu? Ich intensywnego koloru nie da si\u0119 przeoczy\u0107. Chabry-b\u0142awatki idealnie pasuj\u0105 do letnich bukiet\u00f3w, czy do ozdabiania wiank\u00f3w. Jeszcze jednak lepiej sprawdzaj\u0105 si\u0119 w zio\u0142olecznictwie i piel\u0119gnacji sk\u00f3ry. Stanow\u0105 nieocenione dobro rodem z natury.<\/p>\n\n\n\n<!--more-->\n\n\n\n<h2 class=\"wp-block-heading\">Ro\u015blina o magicznym znaczeniu<\/h2>\n\n\n\n<p>\u0141aci\u0144ska nazwa chabra&nbsp;to <em>Centaurea cyanus<\/em>, a pochodzi od imienia s\u0142ynnego mitologicznego centaura \u2013 p\u00f3\u0142 konia, p\u00f3\u0142 m\u0119\u017cczyzny. To on pono\u0107 naucza\u0142 niegdy\u015b ludzi wiedzy o zio\u0142ach i ich oddzia\u0142ywaniu na organizm. Chabry mo\u017cna spotka\u0107 po\u015br\u00f3d wielu innych leczniczych ro\u015blin na egipskich reliefach, co oznacza, \u017ce ju\u017c wtedy by\u0142y znane i doceniane. Nie mamy wiedzy na temat wykorzystywania kwiat\u00f3w do po\u0142owy XVI wieku, kiedy to dopiero zaobserwowano jej korzystne dzia\u0142anie na dolegliwo\u015bci oczu.<\/p>\n\n\n\n<p>Na terenach polskich chaber mia\u0142 dawniej znaczenie magiczne. By\u0142 swoistym talizmanem, kt\u00f3ry, zawieszony w stodole, chroni\u0142 zbo\u017ce przed szkodnikami. Najcz\u0119\u015bciej jednak uznawany jest za chwat, o zaskakuj\u0105cych nieraz zwyczajowych nazwach, jak g\u0142owacz, jasieniec, kwiatek wo\u0142oszek, macoszka, modrak, modrze\u0144czyk, samosiejka, wasilek czy wawer.<\/p>\n\n\n\n<h2 class=\"wp-block-heading\">Na pobudzenie i przemian\u0119 materii<\/h2>\n\n\n\n<p>B\u0142awatek ma dzia\u0142anie \u017c\u00f3\u0142ciop\u0119dne, a tak\u017ce przeciwzapalne, przeciwbakteryjne, pobudzaj\u0105ce i wzmacniaj\u0105ce. Najpopularniejsze i najistotniejsze zastosowanie znajduje w leczeniu chor\u00f3b oczu, zapaleniu spoj\u00f3wek, czy nadwra\u017cliwo\u015bci na promieniowanie s\u0142oneczne. Napar z kwiat\u00f3w polecany jest na choroby nerek, dr\u00f3g moczowych, nie\u017cycie przewodu pokarmowego czy zaburzeniach przemiany materii.<\/p>\n\n\n\n<h2 class=\"wp-block-heading\">Chabrowa piel\u0119gnacja sk\u00f3ry t\u0142ustej i naczyniowej<\/h2>\n\n\n\n<p>Ten pi\u0119kny kwiat stosowany zewn\u0119trznie przeobra\u017ca si\u0119 w kosmetyk dla sk\u00f3ry t\u0142ustej i problematycznej. Ekstrakt z chabra zawiera <strong>flawonoidy<\/strong> i <strong>antocyjany<\/strong> o w\u0142a\u015bciwo\u015bciach zmi\u0119kczaj\u0105cych, przeciwzapalnych i antyseptycznych. Ma dzia\u0142anie obkurczaj\u0105ce, wzmacnia naczynka w\u0142osowate, dzi\u0119ki czemu przeciwdzia\u0142a zaczerwienieniom. Cz\u0119sto wi\u0119c dodaje si\u0119 go do produkt\u00f3w przeznaczonych do piel\u0119gnacji cery naczyniowej.<\/p>\n\n\n\n<p class=\"note\">Chaber tonuje, od\u015bwie\u017ca i wyg\u0142adza, stymuluje poszarza\u0142\u0105, zm\u0119czon\u0105 sk\u00f3r\u0119.<\/p>\n\n\n\n<p>Zapobiega i hamuje \u0142upie\u017c. K\u0105piele b\u0142awatkowe dzia\u0142aj\u0105 przeciwgrzybiczo i \u0142agodz\u0105co.<\/p>\n\n\n\n<h2 class=\"wp-block-heading\">Kosmetyki z chabrem w roli g\u0142\u00f3wnej<\/h2>\n\n\n<section class=\"slider-collage-carousel\" data-id=\"1921\"><ul class=\"collage collage-slider\"><li class=\"item\"><a href=\"https:\/\/triny.pl\/1921-sylveco-lagodzacy-krem-pod-oczy-30-ml.html\" target=\"_blank\"><picture><source srcset=\"https:\/\/static.triny.pl\/img\/p\/1\/9\/2\/2\/1922-thickbox_default.webp\"  type=\"image\/webp\"><source srcset=\"https:\/\/static.triny.pl\/img\/p\/1\/9\/2\/2\/1922-thickbox_default.jpg\"  type=\"image\/jpeg\"><img src=\"https:\/\/triny.pl\/blog\/wp-content\/themes\/triny\/assets\/img\/placeholder-600x600.png\" data-src=\"https:\/\/static.triny.pl\/img\/p\/1\/9\/2\/2\/1922-thickbox_default.jpg\" class=\"tns-lazy-img\" alt=\"\u0141agodz\u0105cy krem pod oczy\"><\/picture><div class=\"brand\">Sylveco<\/div><div class=\"title\">\u0141agodz\u0105cy krem pod oczy<\/div><\/a><a class=\"slider-collage-carousel__btn read-more-button\" href=\"https:\/\/triny.pl\/1921-sylveco-lagodzacy-krem-pod-oczy-30-ml.html\" target=\"_blank\">Zobacz<\/a><\/li><\/ul><\/section>\n\n\n\n<p>Kosmetyki zawieraj\u0105ce w sk\u0142adzie ekstrakt z b\u0142awatka warto w\u0142\u0105czy\u0107 do codziennej piel\u0119gnacji. Szczeg\u00f3lnie polecam ca\u0142a seri\u0119 Natura Siberica o nazwie Loves Estonia, kt\u00f3rej ju\u017c same opakowania s\u0105 pe\u0142ne koloru chabr\u00f3w. Uj\u0119drniaj\u0105cy krem lifting pod oczy z tej serii, doskonale piel\u0119gnuje t\u0105 niezwykle wra\u017cliw\u0105 stref\u0119, zmniejsza opuchlizn\u0119 i eliminuje oznaki zm\u0119czenia. Poza ekstraktem z chabra znajdziemy tu te\u017c malin\u0119 moroszk\u0119 z naturalnymi kwasami owocowymi, kt\u00f3re chroni\u0105 przed dzia\u0142aniem czynnik\u00f3w zewn\u0119trznych. Chaber, jako silny przeciwutleczniacz, \u015bwietnie sprawdza si\u0119 tak\u017ce w kremach na dzie\u0144&nbsp;i noc. Mas\u0142o shea i olej makadamia w nich zawarte, zapewniaj\u0105 g\u0142\u0119bokie od\u017cywienie sk\u00f3ry.<\/p>\n\n\n\n<p>Z produkt\u00f3w do codziennej piel\u0119gnacji polecam te\u017c Dwufazowy p\u0142yn do demakija\u017cu oczu z witamin\u0105 E oraz <a href=\"https:\/\/triny.pl\/1921-sylveco-lagodzacy-krem-pod-oczy-30-ml.html\">\u0142agodz\u0105cy krem pod oczy Sylveco<\/a>. Zawarty w nim wyci\u0105g z chabra z\u0142agodzi opuchlizn\u0119 pod oczami i zadba o to, aby nasze spojrzenie by\u0142o \u015bwie\u017ce, promienne i \u015bwietliste.<\/p>\n\n\n\n<h2 class=\"wp-block-heading\">\u0141agodna piel\u0119gnacja najm\u0142odszych<\/h2>\n\n\n\n<p>Chabrow\u0105 piel\u0119gnacj\u0119 sk\u00f3ry polecam te\u017c Twojemu dziecku. Nawil\u017caj\u0105ce mleczko do cia\u0142a dla niemowl\u0105t z organicznym ekstraktem owsa i b\u0142awatka Little Siberica, w delikatny spos\u00f3b zadba o wra\u017cliw\u0105 sk\u00f3r\u0119 maluszka, zadzia\u0142a przeciwzapalnie i tonizuj\u0105co. A zawarty w nim olej z pestek moreli zapewni prawid\u0142owy poziom nawil\u017cenia sk\u00f3ry.<\/p>\n\n\n\n<p><strong>Stosujesz kosmetyki, w sk\u0142adzie kt\u00f3rych znajduje si\u0119 chaber? Kt\u00f3ry z polecanych kosmetyk\u00f3w wydaje Ci si\u0119 najbardziej interesuj\u0105cy?<\/strong><\/p>\n","protected":false},"excerpt":{"rendered":"<p>Kt\u00f3\u017c z nas nie lubi widoku chabr\u00f3w w zbo\u017cu? Ich intensywnego koloru nie da si\u0119 przeoczy\u0107. Chabry-b\u0142awatki idealnie pasuj\u0105 do letnich&#8230;<\/p>\n","protected":false},"author":7,"featured_media":20255,"comment_status":"open","ping_status":"open","sticky":false,"template":"","format":"standard","meta":{"footnotes":""},"categories":[65],"tags":[],"acf":[],"yoast_head":"<!-- This site is optimized with the Yoast SEO plugin v21.1 - https:\/\/yoast.com\/wordpress\/plugins\/seo\/ -->\n<title>Kosmetyki naturalne z chabrem w roli g\u0142\u00f3wnej<\/title>\n<meta name=\"description\" content=\"Chabry-b\u0142awatki idealnie pasuj\u0105 do letnich bukiet\u00f3w. Jeszcze lepiej sprawdzaj\u0105 si\u0119 w zio\u0142olecznictwie, a kosmetyki naturalne z chabrem to hit. Dlaczego?\" \/>\n<meta name=\"robots\" content=\"index, follow, max-snippet:-1, max-image-preview:large, max-video-preview:-1\" \/>\n<link rel=\"canonical\" href=\"https:\/\/triny.pl\/blog\/naturalna-pielegnacja-z-chabrem-w-roli-glownej\/\" \/>\n<meta property=\"og:locale\" content=\"pl_PL\" \/>\n<meta property=\"og:type\" content=\"article\" \/>\n<meta property=\"og:title\" content=\"Kosmetyki naturalne z chabrem w roli g\u0142\u00f3wnej\" \/>\n<meta property=\"og:description\" content=\"Chabry-b\u0142awatki idealnie pasuj\u0105 do letnich bukiet\u00f3w. Jeszcze lepiej sprawdzaj\u0105 si\u0119 w zio\u0142olecznictwie, a kosmetyki naturalne z chabrem to hit. Dlaczego?\" \/>\n<meta property=\"og:url\" content=\"https:\/\/triny.pl\/blog\/naturalna-pielegnacja-z-chabrem-w-roli-glownej\/\" \/>\n<meta property=\"og:site_name\" content=\"Blog Triny.pl\" \/>\n<meta property=\"article:publisher\" content=\"https:\/\/www.facebook.com\/trinysklep\" \/>\n<meta property=\"article:published_time\" content=\"2015-09-01T07:02:57+00:00\" \/>\n<meta property=\"article:modified_time\" content=\"2022-12-20T08:33:47+00:00\" \/>\n<meta property=\"og:image\" content=\"https:\/\/triny.pl\/blog\/wp-content\/uploads\/2015\/09\/kosmetyki-z-chabrem.jpeg\" \/>\n\t<meta property=\"og:image:width\" content=\"1200\" \/>\n\t<meta property=\"og:image:height\" content=\"800\" \/>\n\t<meta property=\"og:image:type\" content=\"image\/jpeg\" \/>\n<meta name=\"author\" content=\"Lili Naturalna\" \/>\n<meta name=\"twitter:label1\" content=\"Napisane przez\" \/>\n\t<meta name=\"twitter:data1\" content=\"Lili Naturalna\" \/>\n\t<meta name=\"twitter:label2\" content=\"Szacowany czas czytania\" \/>\n\t<meta name=\"twitter:data2\" content=\"3 minuty\" \/>\n<script type=\"application\/ld+json\" class=\"yoast-schema-graph\">{\"@context\":\"https:\/\/schema.org\",\"@graph\":[{\"@type\":\"Article\",\"@id\":\"https:\/\/triny.pl\/blog\/naturalna-pielegnacja-z-chabrem-w-roli-glownej\/#article\",\"isPartOf\":{\"@id\":\"https:\/\/triny.pl\/blog\/naturalna-pielegnacja-z-chabrem-w-roli-glownej\/\"},\"author\":{\"name\":\"Lili Naturalna\",\"@id\":\"https:\/\/triny.pl\/blog\/#\/schema\/person\/1f6edfab59014d6d3fd415a9baa968fa\"},\"headline\":\"Kosmetyki naturalne z chabrem w roli g\u0142\u00f3wnej\",\"datePublished\":\"2015-09-01T07:02:57+00:00\",\"dateModified\":\"2022-12-20T08:33:47+00:00\",\"mainEntityOfPage\":{\"@id\":\"https:\/\/triny.pl\/blog\/naturalna-pielegnacja-z-chabrem-w-roli-glownej\/\"},\"wordCount\":636,\"commentCount\":0,\"publisher\":{\"@id\":\"https:\/\/triny.pl\/blog\/#organization\"},\"articleSection\":[\"Ro\u015bliny i zio\u0142a w naturalnej piel\u0119gnacji\"],\"inLanguage\":\"pl-PL\",\"potentialAction\":[{\"@type\":\"CommentAction\",\"name\":\"Comment\",\"target\":[\"https:\/\/triny.pl\/blog\/naturalna-pielegnacja-z-chabrem-w-roli-glownej\/#respond\"]}]},{\"@type\":\"WebPage\",\"@id\":\"https:\/\/triny.pl\/blog\/naturalna-pielegnacja-z-chabrem-w-roli-glownej\/\",\"url\":\"https:\/\/triny.pl\/blog\/naturalna-pielegnacja-z-chabrem-w-roli-glownej\/\",\"name\":\"Kosmetyki naturalne z chabrem w roli g\u0142\u00f3wnej\",\"isPartOf\":{\"@id\":\"https:\/\/triny.pl\/blog\/#website\"},\"datePublished\":\"2015-09-01T07:02:57+00:00\",\"dateModified\":\"2022-12-20T08:33:47+00:00\",\"description\":\"Chabry-b\u0142awatki idealnie pasuj\u0105 do letnich bukiet\u00f3w. Jeszcze lepiej sprawdzaj\u0105 si\u0119 w zio\u0142olecznictwie, a kosmetyki naturalne z chabrem to hit. Dlaczego?\",\"breadcrumb\":{\"@id\":\"https:\/\/triny.pl\/blog\/naturalna-pielegnacja-z-chabrem-w-roli-glownej\/#breadcrumb\"},\"inLanguage\":\"pl-PL\",\"potentialAction\":[{\"@type\":\"ReadAction\",\"target\":[\"https:\/\/triny.pl\/blog\/naturalna-pielegnacja-z-chabrem-w-roli-glownej\/\"]}]},{\"@type\":\"BreadcrumbList\",\"@id\":\"https:\/\/triny.pl\/blog\/naturalna-pielegnacja-z-chabrem-w-roli-glownej\/#breadcrumb\",\"itemListElement\":[{\"@type\":\"ListItem\",\"position\":1,\"name\":\"Strona g\u0142\u00f3wna\",\"item\":\"https:\/\/triny.pl\/blog\/\"},{\"@type\":\"ListItem\",\"position\":2,\"name\":\"Kosmetyki naturalne z chabrem w roli g\u0142\u00f3wnej\"}]},{\"@type\":\"WebSite\",\"@id\":\"https:\/\/triny.pl\/blog\/#website\",\"url\":\"https:\/\/triny.pl\/blog\/\",\"name\":\"Blog Triny.pl\",\"description\":\"Naturalna piel\u0119gnacja bez tajemnic! Pokazujemy jak dba\u0107 o cia\u0142o i w\u0142osy dla optymalnych, d\u0142ugotrwa\u0142ych efekt\u00f3w. Sprawd\u017a te ma\u0142o znane triki :)\",\"publisher\":{\"@id\":\"https:\/\/triny.pl\/blog\/#organization\"},\"potentialAction\":[{\"@type\":\"SearchAction\",\"target\":{\"@type\":\"EntryPoint\",\"urlTemplate\":\"https:\/\/triny.pl\/blog\/?s={search_term_string}\"},\"query-input\":\"required name=search_term_string\"}],\"inLanguage\":\"pl-PL\"},{\"@type\":\"Organization\",\"@id\":\"https:\/\/triny.pl\/blog\/#organization\",\"name\":\"Triny Sp. z o. o.\",\"url\":\"https:\/\/triny.pl\/blog\/\",\"logo\":{\"@type\":\"ImageObject\",\"inLanguage\":\"pl-PL\",\"@id\":\"https:\/\/triny.pl\/blog\/#\/schema\/logo\/image\/\",\"url\":\"https:\/\/triny.pl\/blog\/wp-content\/uploads\/2020\/08\/logo-triny.png\",\"contentUrl\":\"https:\/\/triny.pl\/blog\/wp-content\/uploads\/2020\/08\/logo-triny.png\",\"width\":190,\"height\":78,\"caption\":\"Triny Sp. z o. o.\"},\"image\":{\"@id\":\"https:\/\/triny.pl\/blog\/#\/schema\/logo\/image\/\"},\"sameAs\":[\"https:\/\/www.facebook.com\/trinysklep\",\"https:\/\/www.instagram.com\/trinysklep\/\",\"https:\/\/pl.pinterest.com\/trinypl\/_created\/\"]},{\"@type\":\"Person\",\"@id\":\"https:\/\/triny.pl\/blog\/#\/schema\/person\/1f6edfab59014d6d3fd415a9baa968fa\",\"name\":\"Lili Naturalna\",\"description\":\"Lili Naturalna, czyli Adriana Sadkiewicz - z wykszta\u0142cenia geograf turyzmu i marketingowiec. Wyspecjalizowana si\u0119 w us\u0142ugach turystyki zdrowotnej i wellness &amp; SPA. Pracowa\u0142a w konsultingu SPA &amp; wellness oraz bezpo\u015brednio w hotelach SPA w Polsce i za granic\u0105, dzi\u0119ki czemu nie obca jest jej profesjonalna kosmetyka piel\u0119gnacyjna. Jest pasjonatk\u0105 kosmetyki naturalnej. Od kilku lat prowadzi autorskie warsztaty hobbystyczne (m.in. podczas festiwali PROGRESSteron, w Meli-Melo Akademii Rozwoju Kobiet, z Pracowni\u0105 Poskrzyd\u0142a, dla firm i instytucji, i in.) oraz redaguje artyku\u0142y do magazyn\u00f3w i portali kobiecych. Od ponad trzech lat jest szcz\u0119\u015bliw\u0105 mam\u0105 ma\u0142ej R\u00f3\u017cy. Lubi inspirowa\u0107! Pokazywa\u0107 zwyczajne rzeczy w niebanalny spos\u00f3b. Sprawia\u0107, \u017ce codzienno\u015b\u0107 nabiera nowego blasku.\",\"sameAs\":[\"http:\/\/lilinatura.pl\"],\"url\":\"https:\/\/triny.pl\/blog\/author\/lili-naturalna\/\"}]}<\/script>\n<!-- \/ Yoast SEO plugin. -->","yoast_head_json":{"title":"Kosmetyki naturalne z chabrem w roli g\u0142\u00f3wnej","description":"Chabry-b\u0142awatki idealnie pasuj\u0105 do letnich bukiet\u00f3w. Jeszcze lepiej sprawdzaj\u0105 si\u0119 w zio\u0142olecznictwie, a kosmetyki naturalne z chabrem to hit. Dlaczego?","robots":{"index":"index","follow":"follow","max-snippet":"max-snippet:-1","max-image-preview":"max-image-preview:large","max-video-preview":"max-video-preview:-1"},"canonical":"https:\/\/triny.pl\/blog\/naturalna-pielegnacja-z-chabrem-w-roli-glownej\/","og_locale":"pl_PL","og_type":"article","og_title":"Kosmetyki naturalne z chabrem w roli g\u0142\u00f3wnej","og_description":"Chabry-b\u0142awatki idealnie pasuj\u0105 do letnich bukiet\u00f3w. Jeszcze lepiej sprawdzaj\u0105 si\u0119 w zio\u0142olecznictwie, a kosmetyki naturalne z chabrem to hit. Dlaczego?","og_url":"https:\/\/triny.pl\/blog\/naturalna-pielegnacja-z-chabrem-w-roli-glownej\/","og_site_name":"Blog Triny.pl","article_publisher":"https:\/\/www.facebook.com\/trinysklep","article_published_time":"2015-09-01T07:02:57+00:00","article_modified_time":"2022-12-20T08:33:47+00:00","og_image":[{"width":1200,"height":800,"url":"https:\/\/triny.pl\/blog\/wp-content\/uploads\/2015\/09\/kosmetyki-z-chabrem.jpeg","type":"image\/jpeg"}],"author":"Lili Naturalna","twitter_misc":{"Napisane przez":"Lili Naturalna","Szacowany czas czytania":"3 minuty"},"schema":{"@context":"https:\/\/schema.org","@graph":[{"@type":"Article","@id":"https:\/\/triny.pl\/blog\/naturalna-pielegnacja-z-chabrem-w-roli-glownej\/#article","isPartOf":{"@id":"https:\/\/triny.pl\/blog\/naturalna-pielegnacja-z-chabrem-w-roli-glownej\/"},"author":{"name":"Lili Naturalna","@id":"https:\/\/triny.pl\/blog\/#\/schema\/person\/1f6edfab59014d6d3fd415a9baa968fa"},"headline":"Kosmetyki naturalne z chabrem w roli g\u0142\u00f3wnej","datePublished":"2015-09-01T07:02:57+00:00","dateModified":"2022-12-20T08:33:47+00:00","mainEntityOfPage":{"@id":"https:\/\/triny.pl\/blog\/naturalna-pielegnacja-z-chabrem-w-roli-glownej\/"},"wordCount":636,"commentCount":0,"publisher":{"@id":"https:\/\/triny.pl\/blog\/#organization"},"articleSection":["Ro\u015bliny i zio\u0142a w naturalnej piel\u0119gnacji"],"inLanguage":"pl-PL","potentialAction":[{"@type":"CommentAction","name":"Comment","target":["https:\/\/triny.pl\/blog\/naturalna-pielegnacja-z-chabrem-w-roli-glownej\/#respond"]}]},{"@type":"WebPage","@id":"https:\/\/triny.pl\/blog\/naturalna-pielegnacja-z-chabrem-w-roli-glownej\/","url":"https:\/\/triny.pl\/blog\/naturalna-pielegnacja-z-chabrem-w-roli-glownej\/","name":"Kosmetyki naturalne z chabrem w roli g\u0142\u00f3wnej","isPartOf":{"@id":"https:\/\/triny.pl\/blog\/#website"},"datePublished":"2015-09-01T07:02:57+00:00","dateModified":"2022-12-20T08:33:47+00:00","description":"Chabry-b\u0142awatki idealnie pasuj\u0105 do letnich bukiet\u00f3w. Jeszcze lepiej sprawdzaj\u0105 si\u0119 w zio\u0142olecznictwie, a kosmetyki naturalne z chabrem to hit. Dlaczego?","breadcrumb":{"@id":"https:\/\/triny.pl\/blog\/naturalna-pielegnacja-z-chabrem-w-roli-glownej\/#breadcrumb"},"inLanguage":"pl-PL","potentialAction":[{"@type":"ReadAction","target":["https:\/\/triny.pl\/blog\/naturalna-pielegnacja-z-chabrem-w-roli-glownej\/"]}]},{"@type":"BreadcrumbList","@id":"https:\/\/triny.pl\/blog\/naturalna-pielegnacja-z-chabrem-w-roli-glownej\/#breadcrumb","itemListElement":[{"@type":"ListItem","position":1,"name":"Strona g\u0142\u00f3wna","item":"https:\/\/triny.pl\/blog\/"},{"@type":"ListItem","position":2,"name":"Kosmetyki naturalne z chabrem w roli g\u0142\u00f3wnej"}]},{"@type":"WebSite","@id":"https:\/\/triny.pl\/blog\/#website","url":"https:\/\/triny.pl\/blog\/","name":"Blog Triny.pl","description":"Naturalna piel\u0119gnacja bez tajemnic! Pokazujemy jak dba\u0107 o cia\u0142o i w\u0142osy dla optymalnych, d\u0142ugotrwa\u0142ych efekt\u00f3w. Sprawd\u017a te ma\u0142o znane triki :)","publisher":{"@id":"https:\/\/triny.pl\/blog\/#organization"},"potentialAction":[{"@type":"SearchAction","target":{"@type":"EntryPoint","urlTemplate":"https:\/\/triny.pl\/blog\/?s={search_term_string}"},"query-input":"required name=search_term_string"}],"inLanguage":"pl-PL"},{"@type":"Organization","@id":"https:\/\/triny.pl\/blog\/#organization","name":"Triny Sp. z o. o.","url":"https:\/\/triny.pl\/blog\/","logo":{"@type":"ImageObject","inLanguage":"pl-PL","@id":"https:\/\/triny.pl\/blog\/#\/schema\/logo\/image\/","url":"https:\/\/triny.pl\/blog\/wp-content\/uploads\/2020\/08\/logo-triny.png","contentUrl":"https:\/\/triny.pl\/blog\/wp-content\/uploads\/2020\/08\/logo-triny.png","width":190,"height":78,"caption":"Triny Sp. z o. o."},"image":{"@id":"https:\/\/triny.pl\/blog\/#\/schema\/logo\/image\/"},"sameAs":["https:\/\/www.facebook.com\/trinysklep","https:\/\/www.instagram.com\/trinysklep\/","https:\/\/pl.pinterest.com\/trinypl\/_created\/"]},{"@type":"Person","@id":"https:\/\/triny.pl\/blog\/#\/schema\/person\/1f6edfab59014d6d3fd415a9baa968fa","name":"Lili Naturalna","description":"Lili Naturalna, czyli Adriana Sadkiewicz - z wykszta\u0142cenia geograf turyzmu i marketingowiec. Wyspecjalizowana si\u0119 w us\u0142ugach turystyki zdrowotnej i wellness &amp; SPA. Pracowa\u0142a w konsultingu SPA &amp; wellness oraz bezpo\u015brednio w hotelach SPA w Polsce i za granic\u0105, dzi\u0119ki czemu nie obca jest jej profesjonalna kosmetyka piel\u0119gnacyjna. Jest pasjonatk\u0105 kosmetyki naturalnej. Od kilku lat prowadzi autorskie warsztaty hobbystyczne (m.in. podczas festiwali PROGRESSteron, w Meli-Melo Akademii Rozwoju Kobiet, z Pracowni\u0105 Poskrzyd\u0142a, dla firm i instytucji, i in.) oraz redaguje artyku\u0142y do magazyn\u00f3w i portali kobiecych. Od ponad trzech lat jest szcz\u0119\u015bliw\u0105 mam\u0105 ma\u0142ej R\u00f3\u017cy. Lubi inspirowa\u0107! Pokazywa\u0107 zwyczajne rzeczy w niebanalny spos\u00f3b. Sprawia\u0107, \u017ce codzienno\u015b\u0107 nabiera nowego blasku.","sameAs":["http:\/\/lilinatura.pl"],"url":"https:\/\/triny.pl\/blog\/author\/lili-naturalna\/"}]}},"voteUp":"3","voteDown":"0","authorInfo":{"photo":"https:\/\/triny.pl\/blog\/wp-content\/themes\/triny\/assets\/img\/default-avatar.jpg","url":"https:\/\/triny.pl\/blog\/author\/lili-naturalna\/","name":"Lili Naturalna"},"media":{"full":"https:\/\/triny.pl\/blog\/wp-content\/uploads\/2015\/09\/kosmetyki-z-chabrem.jpeg","desktop":"https:\/\/triny.pl\/blog\/wp-content\/uploads\/2015\/09\/kosmetyki-z-chabrem-505x250.jpeg","mobile":"https:\/\/triny.pl\/blog\/wp-content\/uploads\/2015\/09\/kosmetyki-z-chabrem-375x190.jpeg"},"_links":{"self":[{"href":"https:\/\/triny.pl\/blog\/wp-json\/wp\/v2\/posts\/968"}],"collection":[{"href":"https:\/\/triny.pl\/blog\/wp-json\/wp\/v2\/posts"}],"about":[{"href":"https:\/\/triny.pl\/blog\/wp-json\/wp\/v2\/types\/post"}],"author":[{"embeddable":true,"href":"https:\/\/triny.pl\/blog\/wp-json\/wp\/v2\/users\/7"}],"replies":[{"embeddable":true,"href":"https:\/\/triny.pl\/blog\/wp-json\/wp\/v2\/comments?post=968"}],"version-history":[{"count":15,"href":"https:\/\/triny.pl\/blog\/wp-json\/wp\/v2\/posts\/968\/revisions"}],"predecessor-version":[{"id":25532,"href":"https:\/\/triny.pl\/blog\/wp-json\/wp\/v2\/posts\/968\/revisions\/25532"}],"wp:featuredmedia":[{"embeddable":true,"href":"https:\/\/triny.pl\/blog\/wp-json\/wp\/v2\/media\/20255"}],"wp:attachment":[{"href":"https:\/\/triny.pl\/blog\/wp-json\/wp\/v2\/media?parent=968"}],"wp:term":[{"taxonomy":"category","embeddable":true,"href":"https:\/\/triny.pl\/blog\/wp-json\/wp\/v2\/categories?post=968"},{"taxonomy":"post_tag","embeddable":true,"href":"https:\/\/triny.pl\/blog\/wp-json\/wp\/v2\/tags?post=968"}],"curies":[{"name":"wp","href":"https:\/\/api.w.org\/{rel}","templated":true}]}}